{"id":94536,"date":"2020-07-20T00:00:00","date_gmt":"2020-07-20T02:00:00","guid":{"rendered":"http:\/\/pre.boxrepsol.com\/sin-categorizar\/rutas-en-moto-costeras-dias-calurosos\/"},"modified":"2024-10-07T12:14:41","modified_gmt":"2024-10-07T14:14:41","slug":"rutas-en-moto-costeras-dias-calurosos","status":"publish","type":"post","link":"https:\/\/www.boxrepsol.com\/es\/vive-tu-moto\/rutas-en-moto-costeras-dias-calurosos\/","title":{"rendered":"Rutas en moto costeras para d\u00edas calurosos"},"content":{"rendered":"\n<h3 class=\"wp-block-heading\">Ruta en moto desde San Sebasti\u00e1n hasta San Juan de Gaztelugatxe<\/h3>\n\n\n\n<p><a href=\"https:\/\/goo.gl\/maps\/FmvRvkVvRHGnLZkCA\">Ruta en google maps<\/a><\/p>\n\n\n\n<p>En esta ruta de cerca de 116 Km y aproximadamente dos horas y media de duraci\u00f3n circularemos por carreteras nacionales y comarcales disfrutando de pilotar entre bosques, monta\u00f1as y el mar.<\/p>\n\n\n\n<p>Nuestro punto de partida ser\u00e1 la hermosa ciudad de <a href=\"https:\/\/www.sansebastianturismoa.eus\/es\/\">Donostia-San Sebasti\u00e1n<\/a>. Tras disfrutar de los tradicionales pintxos en la parte vieja de la capital guipuzcoana, arrancaremos direcci\u00f3n oeste para bordear el marco incomparable de la Bah\u00eda de la Concha y la playa de Ondarreta hasta llegar a la carretera que da acceso a la subida del monte Igeldo.<\/p>\n\n\n\n<figure class=\"wp-block-image size-large\"><img loading=\"lazy\" decoding=\"async\" width=\"1024\" height=\"576\" src=\"https:\/\/bxrepsol.s3.eu-west-1.amazonaws.com\/static\/2022\/08\/09103957\/bahia-de-san-sebastian-1024x576.jpg\" alt=\"Bah\u00eda de San Sebastian\" class=\"wp-image-40326\" srcset=\"https:\/\/bxrepsol.s3.eu-west-1.amazonaws.com\/static\/2022\/08\/09103957\/bahia-de-san-sebastian-1024x576.jpg 1024w, https:\/\/bxrepsol.s3.eu-west-1.amazonaws.com\/static\/2022\/08\/09103957\/bahia-de-san-sebastian-300x169.jpg 300w, https:\/\/bxrepsol.s3.eu-west-1.amazonaws.com\/static\/2022\/08\/09103957\/bahia-de-san-sebastian-768x432.jpg 768w, https:\/\/bxrepsol.s3.eu-west-1.amazonaws.com\/static\/2022\/08\/09103957\/bahia-de-san-sebastian.jpg 1280w\" sizes=\"auto, (max-width: 1024px) 100vw, 1024px\" \/><\/figure>\n\n\n\n<p><\/p>\n\n\n\n<p>Tomaremos la vieja carretera que atraviesa este peque\u00f1o puerto de monta\u00f1a, con una orograf\u00eda estrecha y revirada como gusta a los que disfrutan de este tipo de excursiones, para poder llegar hasta el pueblo del mismo nombre. Atravesado este, continuaremos la marcha por una estrecha carretera desde la cual podremos deleitarnos con una impresionante vista del Mar Cant\u00e1brico y observar, a lo lejos, el famoso Rat\u00f3n de Getaria, testigo mudo del desembarco y la gesta de <strong>Juan Sebasti\u00e1n Elcano<\/strong>, primer navegante de la historia en completar la primera vuelta al Mundo.<\/p>\n\n\n\n<p>Antes de llegar a <a href=\"https:\/\/turismo.euskadi.eus\/es\/localidades\/getaria\/aa30-12375\/es\/\">Getaria<\/a>, sin embargo, tendremos que atravesar las localidades de Orio y Zarautz por la carretera N-634 donde, si nos apetece, podremos hacer una peque\u00f1a parada t\u00e9cnica y darnos un ba\u00f1o o hacer surf, deporte muy enraizado en esta playa de la costa guipuzcoana. Tambi\u00e9n aprovechamos para hacer una peque\u00f1a parada en el <a href=\"https:\/\/www.repsol.es\/es\/productos-y-servicios\/estaciones-de-servicio\/servicios\/areas-descanso\/index.cshtml\" target=\"_blank\" rel=\"noopener\">\u00c1rea de descanso<\/a> de I\u00f1urritza, Las siguientes localidades que atravesaremos en nuestro trayecto, con una carretera que circula junto al mar donde existen varios espacios habilitados para disfrutar de las vistas, ser\u00e1n la mencionada Getaria y la cinematogr\u00e1fica Zumaia.<\/p>\n\n\n\n<p>La localidad de <a href=\"https:\/\/zumaia.eus\/es\/turismo\">Zumaia<\/a> ser\u00e1 parada obligada en esta ruta, bien sea para comer un buen pescado local o visitar la tan cinematogr\u00e1fica playa de Itzurun con su fant\u00e1stico Flysch, una impresionante formaci\u00f3n geol\u00f3gica que se introduce en el mar y que fue <strong>Roca Drag\u00f3n<\/strong> en la aclamad\u00edsima serie de televisi\u00f3n <strong>Juego de Tronos<\/strong>.<\/p>\n\n\n\n<figure class=\"wp-block-image size-large\"><img loading=\"lazy\" decoding=\"async\" width=\"1024\" height=\"576\" src=\"https:\/\/bxrepsol.s3.eu-west-1.amazonaws.com\/static\/2022\/08\/09103959\/flysch-zumaia-1024x576.jpg\" alt=\"Flysch en Zumaia\" class=\"wp-image-40330\" srcset=\"https:\/\/bxrepsol.s3.eu-west-1.amazonaws.com\/static\/2022\/08\/09103959\/flysch-zumaia-1024x576.jpg 1024w, https:\/\/bxrepsol.s3.eu-west-1.amazonaws.com\/static\/2022\/08\/09103959\/flysch-zumaia-300x169.jpg 300w, https:\/\/bxrepsol.s3.eu-west-1.amazonaws.com\/static\/2022\/08\/09103959\/flysch-zumaia-768x432.jpg 768w, https:\/\/bxrepsol.s3.eu-west-1.amazonaws.com\/static\/2022\/08\/09103959\/flysch-zumaia.jpg 1280w\" sizes=\"auto, (max-width: 1024px) 100vw, 1024px\" \/><\/figure>\n\n\n\n<p><\/p>\n\n\n\n<p>Tras disfrutar de la parada realizada en Zumaia, continuaremos por la misma N-634 que nos ha tra\u00eddo hasta aqu\u00ed para tomar direcci\u00f3n Deba. En parte de este trayecto, tendremos unos kil\u00f3metros en los que no podremos disfrutar de la compa\u00f1\u00eda del mar, pero s\u00ed tendremos la ocasi\u00f3n de adentrarnos en un trayecto de curvas salpicado de \u00e1rboles y prados verdes t\u00edpicos de esta zona geogr\u00e1fica.<\/p>\n\n\n\n<p>Llegados a Deba, rodearemos el casco urbano y continuaremos por la costa sin abandonar la compa\u00f1\u00eda del mar y las olas direcci\u00f3n Mutriku, \u00faltima localidad de la provincia de Gipuzkoa, para adentrarnos en el Territorio Hist\u00f3rico de Bizkaia por el pueblo costero de Ondarroa y llegar a Lekeitio. En este punto, volveremos a abandonar la costa y nos adentraremos en una sinuosa carretera interior para llegar a Gernika, donde ser\u00e1 necesario hacer una parada y recorrer las calles de esta villa tan relevante en la historia de Espa\u00f1a y que inspiraron a Picasso para pintar su afamada obra maestra \u201cEl Gernika\u201d.<\/p>\n\n\n\n<p>Visitados los lugares m\u00e1s emblem\u00e1ticos de esta localidad, tomamos rumbo norte hacia la costa, camino de Bermeo y de aqu\u00ed, enfilar a nuestra meta final en esta ruta, <a href=\"https:\/\/web.bizkaia.eus\/es\/gaztelugatxe\">San Juan de Gaztelugatxe<\/a>. Recordad que si quer\u00e9is subir los 241 escalones hasta la ermita que corona el islote, tendr\u00e9is que adquirir una entrada con anterioridad. Haber sido uno de los escenarios clave en la trama de la serie Juego de Tronos ha hecho que se haya popularizado y las autoridades se han visto en la obligaci\u00f3n de regular el paso y la entrada de visitantes y turistas. No obstante, \u00a1subir merece mucho la pena!<\/p>\n\n\n\n<p>Con nuestro objetivo cumplido, tendremos la posibilidad de volver sobre nuestros pasos o, si lo dese\u00e1is, acercaros a Bilbao para redondear la jornada de nuestra ruta en moto por la costa.<\/p>\n\n\n\n<figure class=\"wp-block-image size-large\"><img loading=\"lazy\" decoding=\"async\" width=\"1024\" height=\"576\" src=\"https:\/\/bxrepsol.s3.eu-west-1.amazonaws.com\/static\/2022\/08\/09103958\/san-juan-de-gaztelugatxe-1024x576.jpg\" alt=\"San Juan de Gaztelugatxe\" class=\"wp-image-40328\" srcset=\"https:\/\/bxrepsol.s3.eu-west-1.amazonaws.com\/static\/2022\/08\/09103958\/san-juan-de-gaztelugatxe-1024x576.jpg 1024w, https:\/\/bxrepsol.s3.eu-west-1.amazonaws.com\/static\/2022\/08\/09103958\/san-juan-de-gaztelugatxe-300x169.jpg 300w, https:\/\/bxrepsol.s3.eu-west-1.amazonaws.com\/static\/2022\/08\/09103958\/san-juan-de-gaztelugatxe-768x432.jpg 768w, https:\/\/bxrepsol.s3.eu-west-1.amazonaws.com\/static\/2022\/08\/09103958\/san-juan-de-gaztelugatxe.jpg 1280w\" sizes=\"auto, (max-width: 1024px) 100vw, 1024px\" \/><\/figure>\n\n\n\n<p><\/p>\n\n\n\n<h3 class=\"wp-block-heading\">Ruta en moto desde M\u00e1laga a Almer\u00eda por la costa<\/h3>\n\n\n\n<p><a href=\"https:\/\/goo.gl\/maps\/eGkN6FGfKsx4NKfT9\">Ruta en google maps<\/a><\/p>\n\n\n\n<p>Esta fant\u00e1stica ruta de 212 km y unas tres horas de duraci\u00f3n, nos permitir\u00e1 descubrir la costa sur de la pen\u00ednsula y disfrutar de unas magn\u00edficas curvas a orillas del Mar Mediterr\u00e1neo.<br>Nuestra ruta partir\u00e1 desde la playa de La Malagueta en <a href=\"http:\/\/www.malagaturismo.com\/\">M\u00e1laga<\/a> por la N-340 en direcci\u00f3n este e iremos bordeando las numeros\u00edsimas y bonitas playas de la ciudad, La Caleta, la de Pedregalejo, Las Acacias; hasta pasar el barrio de El Candado y dejar atr\u00e1s los l\u00edmites de M\u00e1laga capital.<\/p>\n\n\n\n<figure class=\"wp-block-image size-large\"><img loading=\"lazy\" decoding=\"async\" width=\"1024\" height=\"576\" src=\"https:\/\/bxrepsol.s3.eu-west-1.amazonaws.com\/static\/2022\/08\/09104001\/playa-de-la-malagueta-1024x576.jpg\" alt=\"Playa de la Malagueta en M\u00e1laga\" class=\"wp-image-40334\" srcset=\"https:\/\/bxrepsol.s3.eu-west-1.amazonaws.com\/static\/2022\/08\/09104001\/playa-de-la-malagueta-1024x576.jpg 1024w, https:\/\/bxrepsol.s3.eu-west-1.amazonaws.com\/static\/2022\/08\/09104001\/playa-de-la-malagueta-300x169.jpg 300w, https:\/\/bxrepsol.s3.eu-west-1.amazonaws.com\/static\/2022\/08\/09104001\/playa-de-la-malagueta-768x432.jpg 768w, https:\/\/bxrepsol.s3.eu-west-1.amazonaws.com\/static\/2022\/08\/09104001\/playa-de-la-malagueta.jpg 1280w\" sizes=\"auto, (max-width: 1024px) 100vw, 1024px\" \/><\/figure>\n\n\n\n<p><\/p>\n\n\n\n<p>Recorreremos unos kil\u00f3metros hasta tomar la MA-24 en direcci\u00f3n Motril y enlazaremos, de manera excepcional, con la autopista A-7 durante unos pocos kil\u00f3metros para evitar atravesar algunas urbanizaciones que nos atrapar\u00edan en sus calles e impedir\u00edan disfrutar de la compa\u00f1\u00eda del mar.<\/p>\n\n\n\n<p>Dejaremos la autopista por la salida de Benajarafe-Chilches y nos incorporaremos a la N-340 hasta llegar al punto de desv\u00edo direcci\u00f3n Almer\u00eda. A partir de aqu\u00ed, contaremos con la compa\u00f1\u00eda del rumor de las olas mientras bordeamos fant\u00e1sticas playas con el distintivo Q de calidad y donde comer \u00abpesca\u00edto frito\u201d es una aut\u00e9ntica delicia.<\/p>\n\n\n\n<p>A partir de este punto es donde comenzamos realmente a disfrutar del pilotaje de nuestra moto. Tocando casi la arena, mientras nos mecen las cristalinas aguas del Mar Mediterr\u00e1neo, podremos dar gas hasta pasar Benajarafe y continuar por la misma carretera para llegar a Valle Niza, donde podremos visitar el <a href=\"https:\/\/turismo.velezmalaga.es\/index.php?mod=visitar&amp;tag=monumentos&amp;pos=2&amp;id=30\">Complejo Arqueol\u00f3gico y Monumental de San Pitar<\/a>. Desde aqu\u00ed, circularemos por carreteras m\u00e1s interiores con el objetivo de llegar a la localidad de Torre del Mar. A partir de este punto, atravesaremos varias localidades y urbanizaciones peque\u00f1as con el objetivo de llegar a Torrox. En esta localidad toca visita obligada al <a href=\"https:\/\/www.malaga.es\/es\/turismo\/patrimonio\/lis_cd-9652\/faro-torrox-rincon-singular\">Faro de Torrox<\/a>, una espectacular construcci\u00f3n de 23 metros de altura y edificada sobre las ruinas de unas antiguas termas y un complejo alfarero pertenecientes a la villa romana Clavicum. Este faro es el \u00fanico de uso p\u00fablico, cedido al ayuntamiento de la localidad para uso cultural, y en el que se puede disfrutar de un museo marino.<\/p>\n\n\n\n<figure class=\"wp-block-image size-large\"><img loading=\"lazy\" decoding=\"async\" width=\"1024\" height=\"576\" src=\"https:\/\/bxrepsol.s3.eu-west-1.amazonaws.com\/static\/2022\/08\/09104000\/faro-de-torrox-1024x576.jpg\" alt=\"Faro de Torrox\" class=\"wp-image-40332\" srcset=\"https:\/\/bxrepsol.s3.eu-west-1.amazonaws.com\/static\/2022\/08\/09104000\/faro-de-torrox-1024x576.jpg 1024w, https:\/\/bxrepsol.s3.eu-west-1.amazonaws.com\/static\/2022\/08\/09104000\/faro-de-torrox-300x169.jpg 300w, https:\/\/bxrepsol.s3.eu-west-1.amazonaws.com\/static\/2022\/08\/09104000\/faro-de-torrox-768x432.jpg 768w, https:\/\/bxrepsol.s3.eu-west-1.amazonaws.com\/static\/2022\/08\/09104000\/faro-de-torrox.jpg 1280w\" sizes=\"auto, (max-width: 1024px) 100vw, 1024px\" \/><\/figure>\n\n\n\n<p><\/p>\n\n\n\n<p>Seguiremos rumbo Este y la carretera volver\u00e1 a discurrir pegada casi al agua, con tan solo algunas estrechas playas de piedras entre nuestras ruedas y el mar hasta llegar a Nerja donde tendremos la oportunidad de hacer un alto en el camino y disfrutar de la <a href=\"http:\/\/www.cuevadenerja.es\/\">cueva de Nerja<\/a>, una de las m\u00e1s espectaculares de toda Espa\u00f1a, descubierta el 12 de enero de 1959 y declarada <strong>Bien de Inter\u00e9s Cultural<\/strong> en 2006. Dejamos atr\u00e1s Nerja por la carretera nacional direcci\u00f3n Maro y, desde all\u00ed, disfrutaremos de unos kil\u00f3metros de curvas en los que disfrutaremos del mar, en ocasiones desde lo alto de algunas colinas, hasta pasar por los acantilados de Maro-Cerro gordo. Finalmente, desembocaremos en<a href=\"http:\/\/www.turismoalmunecar.es\/\"> Almu\u00f1ecar<\/a>, donde podremos relajarnos en el parque acu\u00e1tico o comer viendo el Castillo de San Miguel. Este imponente edificio, situado en el Cerro de San Miguel y que domina toda la localidad de Almu\u00f1ecar, fue fortaleza \u00e1rabe y residencia de descanso de la dinast\u00eda nazar\u00ed en el S.XIII.<\/p>\n\n\n\n<p>Tras reponer fuerzas, si as\u00ed lo decidimos, podremos tomar la A-7 y avanzar m\u00e1s r\u00e1pido, bordeando Motril por el norte y evitando un largo tramo de carretera alejada de la costa. Tras recorrer algunos kil\u00f3metros deberemos dejar la autopista A-7 en la salida 342, Carchuna Calahonda y volveremos a retomar la N-340 de para poner rumbo a Almer\u00eda capital. Ser\u00e1 un tramo con cierta altura sobre el nivel del mar, con curvas, acantilados, peque\u00f1as calas de piedras y con m\u00faltiples posibilidades para detenernos, disfrutar y sacar algunas fotograf\u00edas para nuestro \u00e1lbum de viaje.<\/p>\n\n\n\n<p>Una vez lleguemos a Guainos Bajos buscaremos de nuevo la autopista para evitar pasar por varias localidades interiores y seguiremos hasta pasar por El Ejido. Saldremos hacia el t\u00e9ermino de Aguadulce, salida 429, y en la rotonda tomaremos la tercera salida para continuar hasta esta localidad. Aqu\u00ed, nos incorporaremos nuevamente a la N-340 direcci\u00f3n Este, y recorreremos los \u00faltimos kil\u00f3metros de carretera hasta llegar a nuestro destino, <a href=\"https:\/\/www.andalucia.org\/es\/almeria\">Almer\u00eda<\/a>. Para poner la guinda a una buena jornada en moto, qu\u00e9 mejor que aparcar cerca de la playa de San Miguel, darse un chapuz\u00f3n en aguas del Mar Mediterr\u00e1neo y visitar numerosos lugares de inter\u00e9s de la ciudad de Almer\u00eda.<\/p>\n\n\n\n<figure class=\"wp-block-image size-large\"><img loading=\"lazy\" decoding=\"async\" width=\"1024\" height=\"576\" src=\"https:\/\/bxrepsol.s3.eu-west-1.amazonaws.com\/static\/2022\/08\/09104004\/castillo-almeria-1024x576.jpg\" alt=\"Castillo de Almer\u00eda\" class=\"wp-image-40336\" srcset=\"https:\/\/bxrepsol.s3.eu-west-1.amazonaws.com\/static\/2022\/08\/09104004\/castillo-almeria-1024x576.jpg 1024w, https:\/\/bxrepsol.s3.eu-west-1.amazonaws.com\/static\/2022\/08\/09104004\/castillo-almeria-300x169.jpg 300w, https:\/\/bxrepsol.s3.eu-west-1.amazonaws.com\/static\/2022\/08\/09104004\/castillo-almeria-768x432.jpg 768w, https:\/\/bxrepsol.s3.eu-west-1.amazonaws.com\/static\/2022\/08\/09104004\/castillo-almeria.jpg 1280w\" sizes=\"auto, (max-width: 1024px) 100vw, 1024px\" \/><\/figure>\n\n\n\n<p><\/p>\n\n\n\n<h3 class=\"wp-block-heading\">Ruta motera del Atl\u00e1ntico hasta el atardecer<\/h3>\n\n\n\n<p><a href=\"https:\/\/goo.gl\/maps\/YeubyA3dyJCgPjgK8\">Ruta en google maps<\/a><\/p>\n\n\n\n<p>La \u00faltima de nuestras rutas en moto costeras, de 150 kil\u00f3metros y dos horas y media de duraci\u00f3n en la que nos adentraremos por tierras gallegas, nos llevar\u00e1 a dos de los puntos m\u00e1s occidentales de la geograf\u00eda espa\u00f1ola. Nuestro itinerario arrancar\u00e1 desde el puerto de Corrubedo, en el municipio de Riveira (Provincia de A Coru\u00f1a), en donde, nos toparemos con las primeras zonas a visitar en esta ruta: el Faro y las dunas de Corrubedo, un espacio natural protegido de 1 kil\u00f3metro de longitud y 20 metros de altura.<\/p>\n\n\n\n<figure class=\"wp-block-image size-large\"><img loading=\"lazy\" decoding=\"async\" width=\"1024\" height=\"576\" src=\"https:\/\/bxrepsol.s3.eu-west-1.amazonaws.com\/static\/2022\/08\/09103956\/dunas-de-corrubedo-1024x576.jpg\" alt=\"Dunas de Corrubedo\" class=\"wp-image-40324\" srcset=\"https:\/\/bxrepsol.s3.eu-west-1.amazonaws.com\/static\/2022\/08\/09103956\/dunas-de-corrubedo-1024x576.jpg 1024w, https:\/\/bxrepsol.s3.eu-west-1.amazonaws.com\/static\/2022\/08\/09103956\/dunas-de-corrubedo-300x169.jpg 300w, https:\/\/bxrepsol.s3.eu-west-1.amazonaws.com\/static\/2022\/08\/09103956\/dunas-de-corrubedo-768x432.jpg 768w, https:\/\/bxrepsol.s3.eu-west-1.amazonaws.com\/static\/2022\/08\/09103956\/dunas-de-corrubedo.jpg 1280w\" sizes=\"auto, (max-width: 1024px) 100vw, 1024px\" \/><\/figure>\n\n\n\n<p><\/p>\n\n\n\n<p>Nos dirigiremos al este por la carretera AC-303 para, en pocos minutos, tomar un desv\u00edo hacia la DP-7103 direcci\u00f3n Espi\u00f1eirido. Esta estrecha carretera, que transcurre por tierras gallegas salpicadas de caser\u00edos con vistas al oc\u00e9ano, nos llevar\u00e1 hasta Santa Clara de Novas, localidad que superaremos direcci\u00f3n norte hasta tomar la AC-550 para desembocar en la peque\u00f1a poblaci\u00f3n costera de Porto Do So.<\/p>\n\n\n\n<p>Tras varios kil\u00f3metros rodeados de prados verdes, caser\u00edos y peque\u00f1os bosques podremos hacer un alto en el camino para disfrutar del yacimiento arqueol\u00f3gico del<a href=\"https:\/\/www.turismo.gal\/recurso\/-\/detalle\/11182\/castro-de-barona?langId=es_ES&amp;tp=11&amp;ctre=68\"> Castro de Baro\u00f1a<\/a>, un castro a orillas del Oc\u00e9ano Atl\u00e1ntico que data de la Edad de Hierro y es uno de los mejores conservados de toda Galicia. Tras esta peque\u00f1a parada, seguiremos direcci\u00f3n norte sin abandonar la AC-550 hasta llegar a una rotonda en la que tomaremos direcci\u00f3n Noya norte por la AC-549.<\/p>\n\n\n\n<p>Tras cruzar el puente y dejar atr\u00e1s la ciudad, tendremos que volver a incorporarnos a la AC-550 para adentrarnos por la fant\u00e1stica R\u00eda de Muros e Noia y buscar la conexi\u00f3n entre las localidades de Outes y Muros. En este trayecto de una decena de kil\u00f3metros cruzaremos el Rio Tambre adem\u00e1s de las localidades de Freixo, Maio o Serres.<\/p>\n\n\n\n<p>No dejaremos en ning\u00fan momento la AC-550 para ir superando peque\u00f1as localidades t\u00edpicas de estas tierras gallegas: Muros, Louro, Lari\u00f1o\u2026 con sus puertos pesqueros y playas ba\u00f1adas por el Mar Atl\u00e1ntico, y llegar hasta \u00c9zaro, donde toca hacer parada, y adem\u00e1s obligatoria. \u00c9zaro es una localidad situada en la conocida como la \u201cCosta da Morte\u201d y cuenta con un bell\u00edsimo enclave sin parang\u00f3n en toda Europa, es la \u00fanica en el continente que cuenta con un r\u00edo que desemboca en el mar en forma de cascada, la <a href=\"https:\/\/www.visitacostadamorte.com\/es\/post\/cascada-del-ezaro\">Cascada de \u00c9zaro<\/a>. Si la visit\u00e1ramos en verano y de noche, disfrutar\u00edamos de un espect\u00e1culo incre\u00edble gracias a su espectacular iluminaci\u00f3n.<\/p>\n\n\n\n<figure class=\"wp-block-image size-large\"><img loading=\"lazy\" decoding=\"async\" width=\"1024\" height=\"576\" src=\"https:\/\/bxrepsol.s3.eu-west-1.amazonaws.com\/static\/2022\/08\/09104005\/cascada-de-ezaro-1024x576.jpg\" alt=\"Cascada de \u00c9zaro\" class=\"wp-image-40338\" srcset=\"https:\/\/bxrepsol.s3.eu-west-1.amazonaws.com\/static\/2022\/08\/09104005\/cascada-de-ezaro-1024x576.jpg 1024w, https:\/\/bxrepsol.s3.eu-west-1.amazonaws.com\/static\/2022\/08\/09104005\/cascada-de-ezaro-300x169.jpg 300w, https:\/\/bxrepsol.s3.eu-west-1.amazonaws.com\/static\/2022\/08\/09104005\/cascada-de-ezaro-768x432.jpg 768w, https:\/\/bxrepsol.s3.eu-west-1.amazonaws.com\/static\/2022\/08\/09104005\/cascada-de-ezaro.jpg 1280w\" sizes=\"auto, (max-width: 1024px) 100vw, 1024px\" \/><\/figure>\n\n\n\n<p><\/p>\n\n\n\n<p>Desde \u00c9zaro podremos ver al otro lado del oc\u00e9ano nuestro siguiente destino en esta ruta por tierras gallegas, el Faro de Fisterra. Para llegar a \u00e9l, tomaremos rumbo norte y subiremos hasta Escabanas, donde encontraremos el desv\u00edo a Finisterre por la VG-14. Superada la poblaci\u00f3n que da nombre al faro, finalmente, llegaremos al lugar al que los romanos denominaron como \u201cfinis terrae\u201d, un paisaje agreste y playas impresionantes en el que se edific\u00f3 el <a href=\"https:\/\/www.turismo.gal\/que-visitar\/destacados\/cabo-fisterra?langId=es_ES\">Faro de Fisterra<\/a>.<\/p>\n\n\n\n<p>Tras disfrutar de las vistas que se pueden contemplar desde esta atalaya, volveremos sobre nuestros pasos hasta subir escavanas y aqu\u00ed desviarnos direcci\u00f3n Carballo-A Coru\u00f1a para, a pocos kilometros, enfilar hacia el Faro de Touri\u00f1\u00e1n (CP-2301).<\/p>\n\n\n\n<p>El Faro de Touri\u00f1\u00e1n, el punto m\u00e1s occidental de la Espa\u00f1a peninsular, ser\u00e1 el final de nuestra ruta. Un lugar en el que, adem\u00e1s de las maravillosas vistas que se puedes disfrutar, se da el \u00faltimo atardecer de la Europa Continental. Este fen\u00f3meno en el que el sol se pone por el Oc\u00e9ano Atl\u00e1ntico se da entre los d\u00edas 13 de agosto y 22 de septiembre y en algunos d\u00edas de los meses de marzo y abril. Si te quedas a disfrutar de esta puesta de sol, recuerda que la vuelta deber\u00e1s hacerla de noche. \u00a1Mucha precauci\u00f3n en la carretera!<\/p>\n\n\n\n<figure class=\"wp-block-image\"><img decoding=\"async\" src=\"https:\/\/bxrepsol.s3.eu-west-1.amazonaws.com\/static\/2022\/08\/05074047\/faro-de-tourinan.jpg\" alt=\"\"\/><\/figure>\n\n\n\n<p><\/p>\n\n\n\n<p>Esperamos que disfrutes de estas rutas en moto costeras y que descubras todos sus secretos, que no son pocos. Cuando lo hagas, \u00bfpor qu\u00e9 no compartes alguna foto en nuestras redes sociales? \u00a1Estaremos encantados de saber que has disfrutado de alguna de estas rutas que te proponemos!<\/p>\n\n\n\n<p><!-- Imagen relacionada --><br><img loading=\"lazy\" decoding=\"async\" src=\"https:\/\/bxrepsol.s3.eu-west-1.amazonaws.com\/static\/2022\/08\/05074048\/rutas-en-moto-1.jpg\" alt=\"rutas en moto\" width=\"404\" height=\"336\"><br><!-- Categor\u00eda --><br>Vive tu moto<br><!-- T\u00edtulo --><\/p>\n\n\n\n<h3 class=\"wp-block-heading\">Rutas en moto para disfrutar en verano tras el confinamiento<\/h3>\n\n\n\n<p><br><!-- Fecha --><br>hace 1 hora<\/p>\n","protected":false},"excerpt":{"rendered":"<p>Llega el verano y con \u00e9l el buen tiempo para disfrutar de nuestras rutas en moto costeras. Desde BoxRepsol.com hemos seleccionado tres de ellas, en las que sentir\u00e1s la brisa marina mientras disfrutas de las curvas, los pueblos y lugares de inter\u00e9s de nuestra maravillosa costa espa\u00f1ola.<\/p>\n","protected":false},"author":43146,"featured_media":40322,"comment_status":"open","ping_status":"open","sticky":false,"template":"","format":"standard","meta":{"footnotes":""},"categories":[122],"tags":[124,168],"class_list":["post-94536","post","type-post","status-publish","format-standard","hentry","category-vive-tu-moto","tag-moteros","tag-salidas-y-rutas-en-moto"],"yoast_head":"<!-- This site is optimized with the Yoast SEO plugin v27.3 - https:\/\/yoast.com\/product\/yoast-seo-wordpress\/ -->\n<title>Rutas en moto costeras para d\u00edas calurosos - Box Repsol<\/title>\n<meta name=\"description\" content=\"Llega el verano y el buen tiempo para disfrutar de nuestras rutas en moto costeras en las que sentir\u00e1s la brisa marina mientras disfrutas de las curvas.\" \/>\n<link rel=\"canonical\" href=\"https:\/\/www.boxrepsol.com\/es\/vive-tu-moto\/rutas-en-moto-costeras-dias-calurosos\/\" \/>\n<meta property=\"og:locale\" content=\"es_ES\" \/>\n<meta property=\"og:type\" content=\"article\" \/>\n<meta property=\"og:title\" content=\"Rutas en moto costeras para d\u00edas calurosos - Box Repsol\" \/>\n<meta property=\"og:description\" content=\"Llega el verano y el buen tiempo para disfrutar de nuestras rutas en moto costeras en las que sentir\u00e1s la brisa marina mientras disfrutas de las curvas.\" \/>\n<meta property=\"og:url\" content=\"https:\/\/www.boxrepsol.com\/es\/vive-tu-moto\/rutas-en-moto-costeras-dias-calurosos\/\" \/>\n<meta property=\"og:site_name\" content=\"Box Repsol\" \/>\n<meta property=\"article:publisher\" content=\"https:\/\/www.facebook.com\/BoxRepsol\" \/>\n<meta property=\"article:author\" content=\"https:\/\/www.facebook.com\/BoxRepsol\/\" \/>\n<meta property=\"article:published_time\" content=\"2020-07-20T02:00:00+00:00\" \/>\n<meta property=\"article:modified_time\" content=\"2024-10-07T14:14:41+00:00\" \/>\n<meta property=\"og:image\" content=\"https:\/\/bxrepsol.s3.eu-west-1.amazonaws.com\/static\/2022\/08\/09103954\/carretera-getaria.jpg\" \/>\n\t<meta property=\"og:image:width\" content=\"1280\" \/>\n\t<meta property=\"og:image:height\" content=\"720\" \/>\n\t<meta property=\"og:image:type\" content=\"image\/jpeg\" \/>\n<meta name=\"author\" content=\"Redacci\u00f3n Box Repsol\" \/>\n<meta name=\"twitter:card\" content=\"summary_large_image\" \/>\n<meta name=\"twitter:creator\" content=\"@https:\/\/twitter.com\/box_repsol\" \/>\n<meta name=\"twitter:site\" content=\"@box_repsol\" \/>\n<meta name=\"twitter:label1\" content=\"Written by\" \/>\n\t<meta name=\"twitter:data1\" content=\"Redacci\u00f3n Box Repsol\" \/>\n\t<meta name=\"twitter:label2\" content=\"Est. reading time\" \/>\n\t<meta name=\"twitter:data2\" content=\"11 minutos\" \/>\n<script type=\"application\/ld+json\" class=\"yoast-schema-graph\">{\"@context\":\"https:\\\/\\\/schema.org\",\"@graph\":[{\"@type\":\"Article\",\"@id\":\"https:\\\/\\\/www.boxrepsol.com\\\/es\\\/vive-tu-moto\\\/rutas-en-moto-costeras-dias-calurosos\\\/#article\",\"isPartOf\":{\"@id\":\"https:\\\/\\\/www.boxrepsol.com\\\/es\\\/vive-tu-moto\\\/rutas-en-moto-costeras-dias-calurosos\\\/\"},\"author\":{\"name\":\"Redacci\u00f3n Box Repsol\",\"@id\":\"https:\\\/\\\/www.boxrepsol.com\\\/es\\\/#\\\/schema\\\/person\\\/c5c2138f2cca251b0ad92b7086bb60b7\"},\"headline\":\"Rutas en moto costeras para d\u00edas calurosos\",\"datePublished\":\"2020-07-20T02:00:00+00:00\",\"dateModified\":\"2024-10-07T14:14:41+00:00\",\"mainEntityOfPage\":{\"@id\":\"https:\\\/\\\/www.boxrepsol.com\\\/es\\\/vive-tu-moto\\\/rutas-en-moto-costeras-dias-calurosos\\\/\"},\"wordCount\":2201,\"commentCount\":0,\"publisher\":{\"@id\":\"https:\\\/\\\/www.boxrepsol.com\\\/es\\\/#organization\"},\"image\":{\"@id\":\"https:\\\/\\\/www.boxrepsol.com\\\/es\\\/vive-tu-moto\\\/rutas-en-moto-costeras-dias-calurosos\\\/#primaryimage\"},\"thumbnailUrl\":\"https:\\\/\\\/bxrepsol.s3.eu-west-1.amazonaws.com\\\/static\\\/2022\\\/08\\\/09103954\\\/carretera-getaria.jpg\",\"keywords\":[\"moteros\",\"salidas y rutas en moto\"],\"articleSection\":[\"Vive tu moto\"],\"inLanguage\":\"es\",\"potentialAction\":[{\"@type\":\"CommentAction\",\"name\":\"Comment\",\"target\":[\"https:\\\/\\\/www.boxrepsol.com\\\/es\\\/vive-tu-moto\\\/rutas-en-moto-costeras-dias-calurosos\\\/#respond\"]}]},{\"@type\":\"WebPage\",\"@id\":\"https:\\\/\\\/www.boxrepsol.com\\\/es\\\/vive-tu-moto\\\/rutas-en-moto-costeras-dias-calurosos\\\/\",\"url\":\"https:\\\/\\\/www.boxrepsol.com\\\/es\\\/vive-tu-moto\\\/rutas-en-moto-costeras-dias-calurosos\\\/\",\"name\":\"Rutas en moto costeras para d\u00edas calurosos - Box Repsol\",\"isPartOf\":{\"@id\":\"https:\\\/\\\/www.boxrepsol.com\\\/es\\\/#website\"},\"primaryImageOfPage\":{\"@id\":\"https:\\\/\\\/www.boxrepsol.com\\\/es\\\/vive-tu-moto\\\/rutas-en-moto-costeras-dias-calurosos\\\/#primaryimage\"},\"image\":{\"@id\":\"https:\\\/\\\/www.boxrepsol.com\\\/es\\\/vive-tu-moto\\\/rutas-en-moto-costeras-dias-calurosos\\\/#primaryimage\"},\"thumbnailUrl\":\"https:\\\/\\\/bxrepsol.s3.eu-west-1.amazonaws.com\\\/static\\\/2022\\\/08\\\/09103954\\\/carretera-getaria.jpg\",\"datePublished\":\"2020-07-20T02:00:00+00:00\",\"dateModified\":\"2024-10-07T14:14:41+00:00\",\"description\":\"Llega el verano y el buen tiempo para disfrutar de nuestras rutas en moto costeras en las que sentir\u00e1s la brisa marina mientras disfrutas de las curvas.\",\"breadcrumb\":{\"@id\":\"https:\\\/\\\/www.boxrepsol.com\\\/es\\\/vive-tu-moto\\\/rutas-en-moto-costeras-dias-calurosos\\\/#breadcrumb\"},\"inLanguage\":\"es\",\"potentialAction\":[{\"@type\":\"ReadAction\",\"target\":[\"https:\\\/\\\/www.boxrepsol.com\\\/es\\\/vive-tu-moto\\\/rutas-en-moto-costeras-dias-calurosos\\\/\"]}]},{\"@type\":\"ImageObject\",\"inLanguage\":\"es\",\"@id\":\"https:\\\/\\\/www.boxrepsol.com\\\/es\\\/vive-tu-moto\\\/rutas-en-moto-costeras-dias-calurosos\\\/#primaryimage\",\"url\":\"https:\\\/\\\/bxrepsol.s3.eu-west-1.amazonaws.com\\\/static\\\/2022\\\/08\\\/09103954\\\/carretera-getaria.jpg\",\"contentUrl\":\"https:\\\/\\\/bxrepsol.s3.eu-west-1.amazonaws.com\\\/static\\\/2022\\\/08\\\/09103954\\\/carretera-getaria.jpg\",\"width\":1280,\"height\":720,\"caption\":\"Rutas en moto costeras\"},{\"@type\":\"BreadcrumbList\",\"@id\":\"https:\\\/\\\/www.boxrepsol.com\\\/es\\\/vive-tu-moto\\\/rutas-en-moto-costeras-dias-calurosos\\\/#breadcrumb\",\"itemListElement\":[{\"@type\":\"ListItem\",\"position\":1,\"name\":\"Home\",\"item\":\"https:\\\/\\\/www.boxrepsol.com\\\/es\\\/\"},{\"@type\":\"ListItem\",\"position\":2,\"name\":\"Rutas en moto costeras para d\u00edas calurosos\"}]},{\"@type\":\"WebSite\",\"@id\":\"https:\\\/\\\/www.boxrepsol.com\\\/es\\\/#website\",\"url\":\"https:\\\/\\\/www.boxrepsol.com\\\/es\\\/\",\"name\":\"Box Repsol\",\"description\":\"Box Repsol Site\",\"publisher\":{\"@id\":\"https:\\\/\\\/www.boxrepsol.com\\\/es\\\/#organization\"},\"potentialAction\":[{\"@type\":\"SearchAction\",\"target\":{\"@type\":\"EntryPoint\",\"urlTemplate\":\"https:\\\/\\\/www.boxrepsol.com\\\/es\\\/?s={search_term_string}\"},\"query-input\":{\"@type\":\"PropertyValueSpecification\",\"valueRequired\":true,\"valueName\":\"search_term_string\"}}],\"inLanguage\":\"es\"},{\"@type\":\"Organization\",\"@id\":\"https:\\\/\\\/www.boxrepsol.com\\\/es\\\/#organization\",\"name\":\"Box Repsol\",\"url\":\"https:\\\/\\\/www.boxrepsol.com\\\/es\\\/\",\"logo\":{\"@type\":\"ImageObject\",\"inLanguage\":\"es\",\"@id\":\"https:\\\/\\\/www.boxrepsol.com\\\/es\\\/#\\\/schema\\\/logo\\\/image\\\/\",\"url\":\"https:\\\/\\\/bxrepsol.s3.eu-west-1.amazonaws.com\\\/static\\\/2025\\\/07\\\/30083337\\\/favicon-96x96-1.png\",\"contentUrl\":\"https:\\\/\\\/bxrepsol.s3.eu-west-1.amazonaws.com\\\/static\\\/2025\\\/07\\\/30083337\\\/favicon-96x96-1.png\",\"width\":96,\"height\":96,\"caption\":\"Box Repsol\"},\"image\":{\"@id\":\"https:\\\/\\\/www.boxrepsol.com\\\/es\\\/#\\\/schema\\\/logo\\\/image\\\/\"},\"sameAs\":[\"https:\\\/\\\/www.facebook.com\\\/BoxRepsol\",\"https:\\\/\\\/x.com\\\/box_repsol\",\"http:\\\/\\\/instagram.com\\\/box_repsol\",\"https:\\\/\\\/www.youtube.com\\\/user\\\/RepsolCompeticion\",\"https:\\\/\\\/www.flickr.com\\\/photos\\\/box_repsol\\\/\"]},{\"@type\":\"Person\",\"@id\":\"https:\\\/\\\/www.boxrepsol.com\\\/es\\\/#\\\/schema\\\/person\\\/c5c2138f2cca251b0ad92b7086bb60b7\",\"name\":\"Redacci\u00f3n Box Repsol\",\"image\":{\"@type\":\"ImageObject\",\"inLanguage\":\"es\",\"@id\":\"https:\\\/\\\/secure.gravatar.com\\\/avatar\\\/adf7b77e38b4419baf32c7e9c21dde01f4e40df611f0978e3006fc4ba0aaab7e?s=96&d=mm&r=g\",\"url\":\"https:\\\/\\\/secure.gravatar.com\\\/avatar\\\/adf7b77e38b4419baf32c7e9c21dde01f4e40df611f0978e3006fc4ba0aaab7e?s=96&d=mm&r=g\",\"contentUrl\":\"https:\\\/\\\/secure.gravatar.com\\\/avatar\\\/adf7b77e38b4419baf32c7e9c21dde01f4e40df611f0978e3006fc4ba0aaab7e?s=96&d=mm&r=g\",\"caption\":\"Redacci\u00f3n Box Repsol\"},\"description\":\"Box Repsol lo forma un equipo de periodistas, community managers, dise\u00f1adores y fot\u00f3grafos con m\u00e1s de 20 a\u00f1os de experiencia en el mundo del motorsport. Hemos vivido el primer mundial de un espa\u00f1ol en la categor\u00eda reina de motociclismo con \u00c1lex Crivill\u00e9, estuvimos en las victorias de Pedrosa y los t\u00edtulos de M\u00e1rquez, acompa\u00f1amos en \u00c1frica a Nani Roma y Marc Coma en sus conquistas del Dakar y hemos vibrado con los t\u00edtulos de Toni Bou en Trial. Adem\u00e1s, en nuestro equipo contamos con expertos en el mundo de las dos y cuatro ruedas tanto de la calle y las carreteras, como de los circuitos. Periodistas que han trabajado en revistas y publicaciones para hacerte llegar desde rutas y consejos de mantenimiento, a curiosidades y trucos de pilotaje.\",\"sameAs\":[\"https:\\\/\\\/www.facebook.com\\\/BoxRepsol\\\/\",\"https:\\\/\\\/www.instagram.com\\\/box_repsol\\\/\",\"https:\\\/\\\/x.com\\\/https:\\\/\\\/twitter.com\\\/box_repsol\",\"https:\\\/\\\/www.youtube.com\\\/@Boxrepsol\"],\"url\":\"https:\\\/\\\/www.boxrepsol.com\\\/es\\\/author\\\/redaccion-box-repsol\\\/\"}]}<\/script>\n<!-- \/ Yoast SEO plugin. -->","yoast_head_json":{"title":"Rutas en moto costeras para d\u00edas calurosos - Box Repsol","description":"Llega el verano y el buen tiempo para disfrutar de nuestras rutas en moto costeras en las que sentir\u00e1s la brisa marina mientras disfrutas de las curvas.","canonical":"https:\/\/www.boxrepsol.com\/es\/vive-tu-moto\/rutas-en-moto-costeras-dias-calurosos\/","og_locale":"es_ES","og_type":"article","og_title":"Rutas en moto costeras para d\u00edas calurosos - Box Repsol","og_description":"Llega el verano y el buen tiempo para disfrutar de nuestras rutas en moto costeras en las que sentir\u00e1s la brisa marina mientras disfrutas de las curvas.","og_url":"https:\/\/www.boxrepsol.com\/es\/vive-tu-moto\/rutas-en-moto-costeras-dias-calurosos\/","og_site_name":"Box Repsol","article_publisher":"https:\/\/www.facebook.com\/BoxRepsol","article_author":"https:\/\/www.facebook.com\/BoxRepsol\/","article_published_time":"2020-07-20T02:00:00+00:00","article_modified_time":"2024-10-07T14:14:41+00:00","og_image":[{"width":1280,"height":720,"url":"https:\/\/bxrepsol.s3.eu-west-1.amazonaws.com\/static\/2022\/08\/09103954\/carretera-getaria.jpg","type":"image\/jpeg"}],"author":"Redacci\u00f3n Box Repsol","twitter_card":"summary_large_image","twitter_creator":"@https:\/\/twitter.com\/box_repsol","twitter_site":"@box_repsol","twitter_misc":{"Written by":"Redacci\u00f3n Box Repsol","Est. reading time":"11 minutos"},"schema":{"@context":"https:\/\/schema.org","@graph":[{"@type":"Article","@id":"https:\/\/www.boxrepsol.com\/es\/vive-tu-moto\/rutas-en-moto-costeras-dias-calurosos\/#article","isPartOf":{"@id":"https:\/\/www.boxrepsol.com\/es\/vive-tu-moto\/rutas-en-moto-costeras-dias-calurosos\/"},"author":{"name":"Redacci\u00f3n Box Repsol","@id":"https:\/\/www.boxrepsol.com\/es\/#\/schema\/person\/c5c2138f2cca251b0ad92b7086bb60b7"},"headline":"Rutas en moto costeras para d\u00edas calurosos","datePublished":"2020-07-20T02:00:00+00:00","dateModified":"2024-10-07T14:14:41+00:00","mainEntityOfPage":{"@id":"https:\/\/www.boxrepsol.com\/es\/vive-tu-moto\/rutas-en-moto-costeras-dias-calurosos\/"},"wordCount":2201,"commentCount":0,"publisher":{"@id":"https:\/\/www.boxrepsol.com\/es\/#organization"},"image":{"@id":"https:\/\/www.boxrepsol.com\/es\/vive-tu-moto\/rutas-en-moto-costeras-dias-calurosos\/#primaryimage"},"thumbnailUrl":"https:\/\/bxrepsol.s3.eu-west-1.amazonaws.com\/static\/2022\/08\/09103954\/carretera-getaria.jpg","keywords":["moteros","salidas y rutas en moto"],"articleSection":["Vive tu moto"],"inLanguage":"es","potentialAction":[{"@type":"CommentAction","name":"Comment","target":["https:\/\/www.boxrepsol.com\/es\/vive-tu-moto\/rutas-en-moto-costeras-dias-calurosos\/#respond"]}]},{"@type":"WebPage","@id":"https:\/\/www.boxrepsol.com\/es\/vive-tu-moto\/rutas-en-moto-costeras-dias-calurosos\/","url":"https:\/\/www.boxrepsol.com\/es\/vive-tu-moto\/rutas-en-moto-costeras-dias-calurosos\/","name":"Rutas en moto costeras para d\u00edas calurosos - Box Repsol","isPartOf":{"@id":"https:\/\/www.boxrepsol.com\/es\/#website"},"primaryImageOfPage":{"@id":"https:\/\/www.boxrepsol.com\/es\/vive-tu-moto\/rutas-en-moto-costeras-dias-calurosos\/#primaryimage"},"image":{"@id":"https:\/\/www.boxrepsol.com\/es\/vive-tu-moto\/rutas-en-moto-costeras-dias-calurosos\/#primaryimage"},"thumbnailUrl":"https:\/\/bxrepsol.s3.eu-west-1.amazonaws.com\/static\/2022\/08\/09103954\/carretera-getaria.jpg","datePublished":"2020-07-20T02:00:00+00:00","dateModified":"2024-10-07T14:14:41+00:00","description":"Llega el verano y el buen tiempo para disfrutar de nuestras rutas en moto costeras en las que sentir\u00e1s la brisa marina mientras disfrutas de las curvas.","breadcrumb":{"@id":"https:\/\/www.boxrepsol.com\/es\/vive-tu-moto\/rutas-en-moto-costeras-dias-calurosos\/#breadcrumb"},"inLanguage":"es","potentialAction":[{"@type":"ReadAction","target":["https:\/\/www.boxrepsol.com\/es\/vive-tu-moto\/rutas-en-moto-costeras-dias-calurosos\/"]}]},{"@type":"ImageObject","inLanguage":"es","@id":"https:\/\/www.boxrepsol.com\/es\/vive-tu-moto\/rutas-en-moto-costeras-dias-calurosos\/#primaryimage","url":"https:\/\/bxrepsol.s3.eu-west-1.amazonaws.com\/static\/2022\/08\/09103954\/carretera-getaria.jpg","contentUrl":"https:\/\/bxrepsol.s3.eu-west-1.amazonaws.com\/static\/2022\/08\/09103954\/carretera-getaria.jpg","width":1280,"height":720,"caption":"Rutas en moto costeras"},{"@type":"BreadcrumbList","@id":"https:\/\/www.boxrepsol.com\/es\/vive-tu-moto\/rutas-en-moto-costeras-dias-calurosos\/#breadcrumb","itemListElement":[{"@type":"ListItem","position":1,"name":"Home","item":"https:\/\/www.boxrepsol.com\/es\/"},{"@type":"ListItem","position":2,"name":"Rutas en moto costeras para d\u00edas calurosos"}]},{"@type":"WebSite","@id":"https:\/\/www.boxrepsol.com\/es\/#website","url":"https:\/\/www.boxrepsol.com\/es\/","name":"Box Repsol","description":"Box Repsol Site","publisher":{"@id":"https:\/\/www.boxrepsol.com\/es\/#organization"},"potentialAction":[{"@type":"SearchAction","target":{"@type":"EntryPoint","urlTemplate":"https:\/\/www.boxrepsol.com\/es\/?s={search_term_string}"},"query-input":{"@type":"PropertyValueSpecification","valueRequired":true,"valueName":"search_term_string"}}],"inLanguage":"es"},{"@type":"Organization","@id":"https:\/\/www.boxrepsol.com\/es\/#organization","name":"Box Repsol","url":"https:\/\/www.boxrepsol.com\/es\/","logo":{"@type":"ImageObject","inLanguage":"es","@id":"https:\/\/www.boxrepsol.com\/es\/#\/schema\/logo\/image\/","url":"https:\/\/bxrepsol.s3.eu-west-1.amazonaws.com\/static\/2025\/07\/30083337\/favicon-96x96-1.png","contentUrl":"https:\/\/bxrepsol.s3.eu-west-1.amazonaws.com\/static\/2025\/07\/30083337\/favicon-96x96-1.png","width":96,"height":96,"caption":"Box Repsol"},"image":{"@id":"https:\/\/www.boxrepsol.com\/es\/#\/schema\/logo\/image\/"},"sameAs":["https:\/\/www.facebook.com\/BoxRepsol","https:\/\/x.com\/box_repsol","http:\/\/instagram.com\/box_repsol","https:\/\/www.youtube.com\/user\/RepsolCompeticion","https:\/\/www.flickr.com\/photos\/box_repsol\/"]},{"@type":"Person","@id":"https:\/\/www.boxrepsol.com\/es\/#\/schema\/person\/c5c2138f2cca251b0ad92b7086bb60b7","name":"Redacci\u00f3n Box Repsol","image":{"@type":"ImageObject","inLanguage":"es","@id":"https:\/\/secure.gravatar.com\/avatar\/adf7b77e38b4419baf32c7e9c21dde01f4e40df611f0978e3006fc4ba0aaab7e?s=96&d=mm&r=g","url":"https:\/\/secure.gravatar.com\/avatar\/adf7b77e38b4419baf32c7e9c21dde01f4e40df611f0978e3006fc4ba0aaab7e?s=96&d=mm&r=g","contentUrl":"https:\/\/secure.gravatar.com\/avatar\/adf7b77e38b4419baf32c7e9c21dde01f4e40df611f0978e3006fc4ba0aaab7e?s=96&d=mm&r=g","caption":"Redacci\u00f3n Box Repsol"},"description":"Box Repsol lo forma un equipo de periodistas, community managers, dise\u00f1adores y fot\u00f3grafos con m\u00e1s de 20 a\u00f1os de experiencia en el mundo del motorsport. Hemos vivido el primer mundial de un espa\u00f1ol en la categor\u00eda reina de motociclismo con \u00c1lex Crivill\u00e9, estuvimos en las victorias de Pedrosa y los t\u00edtulos de M\u00e1rquez, acompa\u00f1amos en \u00c1frica a Nani Roma y Marc Coma en sus conquistas del Dakar y hemos vibrado con los t\u00edtulos de Toni Bou en Trial. Adem\u00e1s, en nuestro equipo contamos con expertos en el mundo de las dos y cuatro ruedas tanto de la calle y las carreteras, como de los circuitos. Periodistas que han trabajado en revistas y publicaciones para hacerte llegar desde rutas y consejos de mantenimiento, a curiosidades y trucos de pilotaje.","sameAs":["https:\/\/www.facebook.com\/BoxRepsol\/","https:\/\/www.instagram.com\/box_repsol\/","https:\/\/x.com\/https:\/\/twitter.com\/box_repsol","https:\/\/www.youtube.com\/@Boxrepsol"],"url":"https:\/\/www.boxrepsol.com\/es\/author\/redaccion-box-repsol\/"}]}},"_links":{"self":[{"href":"https:\/\/www.boxrepsol.com\/es\/wp-json\/wp\/v2\/posts\/94536","targetHints":{"allow":["GET"]}}],"collection":[{"href":"https:\/\/www.boxrepsol.com\/es\/wp-json\/wp\/v2\/posts"}],"about":[{"href":"https:\/\/www.boxrepsol.com\/es\/wp-json\/wp\/v2\/types\/post"}],"author":[{"embeddable":true,"href":"https:\/\/www.boxrepsol.com\/es\/wp-json\/wp\/v2\/users\/43146"}],"replies":[{"embeddable":true,"href":"https:\/\/www.boxrepsol.com\/es\/wp-json\/wp\/v2\/comments?post=94536"}],"version-history":[{"count":6,"href":"https:\/\/www.boxrepsol.com\/es\/wp-json\/wp\/v2\/posts\/94536\/revisions"}],"predecessor-version":[{"id":120750,"href":"https:\/\/www.boxrepsol.com\/es\/wp-json\/wp\/v2\/posts\/94536\/revisions\/120750"}],"wp:featuredmedia":[{"embeddable":true,"href":"https:\/\/www.boxrepsol.com\/es\/wp-json\/wp\/v2\/media\/40322"}],"wp:attachment":[{"href":"https:\/\/www.boxrepsol.com\/es\/wp-json\/wp\/v2\/media?parent=94536"}],"wp:term":[{"taxonomy":"category","embeddable":true,"href":"https:\/\/www.boxrepsol.com\/es\/wp-json\/wp\/v2\/categories?post=94536"},{"taxonomy":"post_tag","embeddable":true,"href":"https:\/\/www.boxrepsol.com\/es\/wp-json\/wp\/v2\/tags?post=94536"}],"curies":[{"name":"wp","href":"https:\/\/api.w.org\/{rel}","templated":true}]}}