{"id":94534,"date":"2020-07-19T00:00:00","date_gmt":"2020-07-19T02:00:00","guid":{"rendered":"http:\/\/pre.boxrepsol.com\/sin-categorizar\/gp-de-espana-caida-frena-remontada-marquez\/"},"modified":"2024-10-03T06:31:06","modified_gmt":"2024-10-03T08:31:06","slug":"gp-de-espana-caida-frena-remontada-marquez","status":"publish","type":"post","link":"https:\/\/www.boxrepsol.com\/es\/motogp\/gp-de-espana-caida-frena-remontada-marquez\/","title":{"rendered":"GP de Espa\u00f1a: Una ca\u00edda frena la impresionante remontada de Marc M\u00e1rquez"},"content":{"rendered":"<p><strong>Marc M\u00e1rquez<\/strong> ha empezado marcando un buen ritmo y r\u00e1pidamente se ha situado en primera posici\u00f3n, liderando la carrera. No se hab\u00eda cumplido ni una tercera parte de la prueba cuando el piloto del equipo Repsol Honda ha sufrido una salida de pista en la curva 4 que le ha retrasado hasta la decimosexta posici\u00f3n.<\/p>\n<p>A partir de ese momento y con un ritmo muy r\u00e1pido, Marc ha remontado trece posiciones. Cuando estaba rodando tercero y a falta de cuatro vueltas para el final, ha sufrido una ca\u00edda que le ha dejado fuera de carrera. El piloto de Cervera se ha fracturado el humero derecho y ser\u00e1 operado el pr\u00f3ximo martes 21 de julio en Barcelona.<\/p>\n<p>Su compa\u00f1ero de equipo, <strong>\u00c1lex M\u00e1rquez<\/strong>, ha finalizado su primera carrera de MotoGP sumando cuatro puntos. El piloto del equipo Repsol Honda part\u00eda desde la vigesimoprimera posici\u00f3n en parrilla y ha completado su primera carrera en la duod\u00e9cima posici\u00f3n, siendo adem\u00e1s el mejor rookie de MotoGP.<\/p>\n<p><!-- Imagen relacionada --><br \/><img loading=\"lazy\" decoding=\"async\" src=\"https:\/\/bxrepsol.s3.eu-west-1.amazonaws.com\/static\/2022\/08\/29092626\/carrera-gp-de-espana-2020-moto3.jpg\" alt=\"Sergio Garc\u00eda Dols y Ryusei Yamanaka en pista durante el GP de Espa\u00f1a de Moto3 2020\" width=\"404\" height=\"336\" \/><br \/><!-- Categor\u00eda --><br \/>Moto3<br \/><!-- T\u00edtulo --><\/p>\n<h3>GP de Espa\u00f1a: Remontada sin premio para Sergio Garc\u00eda Dols<\/h3>\n<p><br \/><!-- Fecha --><br \/>hace 1 hora<br \/><a href=\"https:\/\/bxrepsol.s3.eu-west-1.amazonaws.com\/static\/2022\/08\/09104040\/salida-gp-de-espana-2020.jpg\" data-index=\"0\"><br \/><img decoding=\"async\" title=\"salida-gp-de-espa\u00f1a-2020\" src=\"https:\/\/bxrepsol.s3.eu-west-1.amazonaws.com\/static\/2022\/08\/09104040\/salida-gp-de-espana-2020.jpg\" srcset=\"https:\/\/bxrepsol.s3.eu-west-1.amazonaws.com\/static\/2022\/08\/09104040\/salida-gp-de-espana-2020.jpg 1280w, https:\/\/bxrepsol.s3.eu-west-1.amazonaws.com\/static\/2022\/08\/09104040\/salida-gp-de-espana-2020.jpg 900w, https:\/\/bxrepsol.s3.eu-west-1.amazonaws.com\/static\/2022\/08\/09104040\/salida-gp-de-espana-2020.jpg 600w, https:\/\/bxrepsol.s3.eu-west-1.amazonaws.com\/static\/2022\/08\/09104040\/salida-gp-de-espana-2020.jpg 480w, https:\/\/bxrepsol.s3.eu-west-1.amazonaws.com\/static\/2022\/08\/09104040\/salida-gp-de-espana-2020.jpg 32w\" alt=\"Pilotos en pista a punto de comenzar el GP de Espa\u00f1a 2020\" data-title=\"\" \/><br \/><\/a><br \/><a href=\"https:\/\/bxrepsol.s3.eu-west-1.amazonaws.com\/static\/2022\/08\/29092631\/marc-marquez-gp-de-espana-2020-peloton.jpg\" data-index=\"1\"><br \/><img decoding=\"async\" title=\"marc-marquez-gp-de-espa\u00f1a-2020-peloton\" src=\"https:\/\/bxrepsol.s3.eu-west-1.amazonaws.com\/static\/2022\/08\/29092631\/marc-marquez-gp-de-espana-2020-peloton.jpg\" srcset=\"https:\/\/bxrepsol.s3.eu-west-1.amazonaws.com\/static\/2022\/08\/29092631\/marc-marquez-gp-de-espana-2020-peloton.jpg 1280w, https:\/\/bxrepsol.s3.eu-west-1.amazonaws.com\/static\/2022\/08\/29092631\/marc-marquez-gp-de-espana-2020-peloton.jpg 900w, https:\/\/bxrepsol.s3.eu-west-1.amazonaws.com\/static\/2022\/08\/29092631\/marc-marquez-gp-de-espana-2020-peloton.jpg 600w, https:\/\/bxrepsol.s3.eu-west-1.amazonaws.com\/static\/2022\/08\/29092631\/marc-marquez-gp-de-espana-2020-peloton.jpg 480w, https:\/\/bxrepsol.s3.eu-west-1.amazonaws.com\/static\/2022\/08\/29092631\/marc-marquez-gp-de-espana-2020-peloton.jpg 32w\" alt=\"Marc M\u00e1rquez en el GP de Espa\u00f1a 2020\" data-title=\"\" \/><br \/><\/a><br \/><a href=\"https:\/\/bxrepsol.s3.eu-west-1.amazonaws.com\/static\/2022\/08\/29092632\/alex-marquez-gp-de-espana-2020-meta.jpg\" data-index=\"2\"><br \/><img decoding=\"async\" title=\"alex-marquez-gp-de-espa\u00f1a-2020-meta\" src=\"https:\/\/bxrepsol.s3.eu-west-1.amazonaws.com\/static\/2022\/08\/29092632\/alex-marquez-gp-de-espana-2020-meta.jpg\" srcset=\"https:\/\/bxrepsol.s3.eu-west-1.amazonaws.com\/static\/2022\/08\/29092632\/alex-marquez-gp-de-espana-2020-meta.jpg 1280w, https:\/\/bxrepsol.s3.eu-west-1.amazonaws.com\/static\/2022\/08\/29092632\/alex-marquez-gp-de-espana-2020-meta.jpg 900w, https:\/\/bxrepsol.s3.eu-west-1.amazonaws.com\/static\/2022\/08\/29092632\/alex-marquez-gp-de-espana-2020-meta.jpg 600w, https:\/\/bxrepsol.s3.eu-west-1.amazonaws.com\/static\/2022\/08\/29092632\/alex-marquez-gp-de-espana-2020-meta.jpg 480w, https:\/\/bxrepsol.s3.eu-west-1.amazonaws.com\/static\/2022\/08\/29092632\/alex-marquez-gp-de-espana-2020-meta.jpg 32w\" alt=\"\u00c1lex M\u00e1rquez en el GP de Espa\u00f1a 2020\" data-title=\"\" \/><br \/><\/a><br \/><a href=\"https:\/\/bxrepsol.s3.eu-west-1.amazonaws.com\/static\/2022\/08\/29092634\/marc-marquez-gp-de-espana-2020-meta.jpg\" data-index=\"3\"><br \/><img decoding=\"async\" title=\"marc-marquez-gp-de-espa\u00f1a-2020-meta\" src=\"https:\/\/bxrepsol.s3.eu-west-1.amazonaws.com\/static\/2022\/08\/29092634\/marc-marquez-gp-de-espana-2020-meta.jpg\" srcset=\"https:\/\/bxrepsol.s3.eu-west-1.amazonaws.com\/static\/2022\/08\/29092634\/marc-marquez-gp-de-espana-2020-meta.jpg 1280w, https:\/\/bxrepsol.s3.eu-west-1.amazonaws.com\/static\/2022\/08\/29092634\/marc-marquez-gp-de-espana-2020-meta.jpg 900w, https:\/\/bxrepsol.s3.eu-west-1.amazonaws.com\/static\/2022\/08\/29092634\/marc-marquez-gp-de-espana-2020-meta.jpg 600w, https:\/\/bxrepsol.s3.eu-west-1.amazonaws.com\/static\/2022\/08\/29092634\/marc-marquez-gp-de-espana-2020-meta.jpg 480w, https:\/\/bxrepsol.s3.eu-west-1.amazonaws.com\/static\/2022\/08\/29092634\/marc-marquez-gp-de-espana-2020-meta.jpg 32w\" alt=\"Marc M\u00e1rquez en el GP de Espa\u00f1a 2020\" data-title=\"\" \/><br \/><\/a><br \/><a href=\"https:\/\/bxrepsol.s3.eu-west-1.amazonaws.com\/static\/2022\/08\/29092635\/alex-marquez-gp-de-espana-2020-frenando.jpg\" data-index=\"4\"><br \/><img decoding=\"async\" title=\"alex-marquez-gp-de-espa\u00f1a-2020-frenando\" src=\"https:\/\/bxrepsol.s3.eu-west-1.amazonaws.com\/static\/2022\/08\/29092635\/alex-marquez-gp-de-espana-2020-frenando.jpg\" srcset=\"https:\/\/bxrepsol.s3.eu-west-1.amazonaws.com\/static\/2022\/08\/29092635\/alex-marquez-gp-de-espana-2020-frenando.jpg 1280w, https:\/\/bxrepsol.s3.eu-west-1.amazonaws.com\/static\/2022\/08\/29092635\/alex-marquez-gp-de-espana-2020-frenando.jpg 900w, https:\/\/bxrepsol.s3.eu-west-1.amazonaws.com\/static\/2022\/08\/29092635\/alex-marquez-gp-de-espana-2020-frenando.jpg 600w, https:\/\/bxrepsol.s3.eu-west-1.amazonaws.com\/static\/2022\/08\/29092635\/alex-marquez-gp-de-espana-2020-frenando.jpg 480w, https:\/\/bxrepsol.s3.eu-west-1.amazonaws.com\/static\/2022\/08\/29092635\/alex-marquez-gp-de-espana-2020-frenando.jpg 32w\" alt=\"\u00c1lex M\u00e1rquez en el GP de Espa\u00f1a 2020\" data-title=\"\" \/><br \/><\/a><br \/><a href=\"https:\/\/bxrepsol.s3.eu-west-1.amazonaws.com\/static\/2022\/08\/09104058\/marc-marquez-gp-de-espana-20201.jpg\" data-index=\"5\"><br \/><img decoding=\"async\" title=\"marc-marquez-gp-de-espa\u00f1a-20201\" src=\"https:\/\/bxrepsol.s3.eu-west-1.amazonaws.com\/static\/2022\/08\/09104058\/marc-marquez-gp-de-espana-20201.jpg\" srcset=\"https:\/\/bxrepsol.s3.eu-west-1.amazonaws.com\/static\/2022\/08\/09104058\/marc-marquez-gp-de-espana-20201.jpg 1280w, https:\/\/bxrepsol.s3.eu-west-1.amazonaws.com\/static\/2022\/08\/09104058\/marc-marquez-gp-de-espana-20201.jpg 900w, https:\/\/bxrepsol.s3.eu-west-1.amazonaws.com\/static\/2022\/08\/09104058\/marc-marquez-gp-de-espana-20201.jpg 600w, https:\/\/bxrepsol.s3.eu-west-1.amazonaws.com\/static\/2022\/08\/09104058\/marc-marquez-gp-de-espana-20201.jpg 480w, https:\/\/bxrepsol.s3.eu-west-1.amazonaws.com\/static\/2022\/08\/09104058\/marc-marquez-gp-de-espana-20201.jpg 32w\" alt=\"Marc M\u00e1rquez en el GP de Espa\u00f1a 2020\" data-title=\"\" \/><br \/><\/a><br \/><a href=\"https:\/\/bxrepsol.s3.eu-west-1.amazonaws.com\/static\/2022\/08\/09104024\/alex-marquez-gp-de-espana-2020.jpg\" data-index=\"6\"><br \/><img decoding=\"async\" title=\"alex-marquez-gp-de-espa\u00f1a-2020\" src=\"https:\/\/bxrepsol.s3.eu-west-1.amazonaws.com\/static\/2022\/08\/09104024\/alex-marquez-gp-de-espana-2020.jpg\" srcset=\"https:\/\/bxrepsol.s3.eu-west-1.amazonaws.com\/static\/2022\/08\/09104024\/alex-marquez-gp-de-espana-2020.jpg 1280w, https:\/\/bxrepsol.s3.eu-west-1.amazonaws.com\/static\/2022\/08\/09104024\/alex-marquez-gp-de-espana-2020.jpg 900w, https:\/\/bxrepsol.s3.eu-west-1.amazonaws.com\/static\/2022\/08\/09104024\/alex-marquez-gp-de-espana-2020.jpg 600w, https:\/\/bxrepsol.s3.eu-west-1.amazonaws.com\/static\/2022\/08\/09104024\/alex-marquez-gp-de-espana-2020.jpg 480w, https:\/\/bxrepsol.s3.eu-west-1.amazonaws.com\/static\/2022\/08\/09104024\/alex-marquez-gp-de-espana-2020.jpg 32w\" alt=\"\u00c1lex M\u00e1rquez en el GP de Espa\u00f1a 2020\" data-title=\"\" \/><br \/><\/a><br \/><button data-glide-dir=\"&lt;\"><br \/><br \/><\/button><br \/><button data-glide-dir=\"&gt;\"><br \/><br \/><\/button><\/p>\n<p><a href=\"https:\/\/twitter.com\/hashtag\/AM73?src=hash&amp;lang=es\">#AM73<\/a><\/p>\n<p><em><strong> Ha sido una carrera dif\u00edcil para todos<\/strong> \u00abEn primer lugar, me gustar\u00eda desear una r\u00e1pida recuperaci\u00f3n a Marc, Cal y Rins. Nunca es bueno ver a otros pilotos lesionarse. Ha sido una primera carrera positiva, creo que ahora tenemos una buena base para trabajar. Hoy tambi\u00e9n ha sido una prueba muy buena f\u00edsicamente debido al calor. Ha sido una carrera dif\u00edcil para todos. He ido r\u00e1pido durante la primera mitad de la carrera, pero necesito concentrarme en las primeras cinco vueltas y las \u00faltimas cuatro. Pero ser un rookie tambi\u00e9n implica esto, aprender este tipo de cosas. Afortunadamente, tenemos la pr\u00f3xima semana para intentarlo de nuevo\u201d.<br \/><\/em><\/p>\n\n\n<p><\/p>\n","protected":false},"excerpt":{"rendered":"<p>Despu\u00e9s de una salida de pista liderando la carrera, ha remontado trece posiciones hasta que una fuerte ca\u00edda ha frustrado sus opciones de podio. \u00c1lex M\u00e1rquez ha terminado duod\u00e9cimo y suma as\u00ed sus primeros puntos en MotoGP.<\/p>\n","protected":false},"author":43146,"featured_media":64644,"comment_status":"open","ping_status":"open","sticky":false,"template":"","format":"standard","meta":{"footnotes":""},"categories":[4],"tags":[191,192,136,6,154],"class_list":["post-94534","post","type-post","status-publish","format-standard","hentry","category-motogp","tag-191","tag-alex-marquez","tag-campeonato-del-mundo-de-motociclismo","tag-marc-marquez","tag-motogp-espana"],"yoast_head":"<!-- This site is optimized with the Yoast SEO plugin v27.3 - https:\/\/yoast.com\/product\/yoast-seo-wordpress\/ -->\n<title>GP de Espa\u00f1a: Una ca\u00edda frena la impresionante remontada de Marc M\u00e1rquez - Box Repsol<\/title>\n<meta name=\"description\" content=\"Despu\u00e9s de una salida de pista liderando la carrera, ha remontado trece posiciones hasta que una fuerte ca\u00edda ha frustrado sus opciones de podio.\" \/>\n<link rel=\"canonical\" href=\"https:\/\/www.boxrepsol.com\/es\/motogp\/gp-de-espana-caida-frena-remontada-marquez\/\" \/>\n<meta property=\"og:locale\" content=\"es_ES\" \/>\n<meta property=\"og:type\" content=\"article\" \/>\n<meta property=\"og:title\" content=\"GP de Espa\u00f1a: Una ca\u00edda frena la impresionante remontada de Marc M\u00e1rquez - Box Repsol\" \/>\n<meta property=\"og:description\" content=\"Despu\u00e9s de una salida de pista liderando la carrera, ha remontado trece posiciones hasta que una fuerte ca\u00edda ha frustrado sus opciones de podio.\" \/>\n<meta property=\"og:url\" content=\"https:\/\/www.boxrepsol.com\/es\/motogp\/gp-de-espana-caida-frena-remontada-marquez\/\" \/>\n<meta property=\"og:site_name\" content=\"Box Repsol\" \/>\n<meta property=\"article:publisher\" content=\"https:\/\/www.facebook.com\/BoxRepsol\" \/>\n<meta property=\"article:author\" content=\"https:\/\/www.facebook.com\/BoxRepsol\/\" \/>\n<meta property=\"article:published_time\" content=\"2020-07-19T02:00:00+00:00\" \/>\n<meta property=\"article:modified_time\" content=\"2024-10-03T08:31:06+00:00\" \/>\n<meta property=\"og:image\" content=\"https:\/\/bxrepsol.s3.eu-west-1.amazonaws.com\/static\/2022\/08\/29092639\/marc-marquez-gp-de-espana-2020-600.jpg\" \/>\n\t<meta property=\"og:image:width\" content=\"1280\" \/>\n\t<meta property=\"og:image:height\" content=\"600\" \/>\n\t<meta property=\"og:image:type\" content=\"image\/jpeg\" \/>\n<meta name=\"author\" content=\"Redacci\u00f3n Box Repsol\" \/>\n<meta name=\"twitter:card\" content=\"summary_large_image\" \/>\n<meta name=\"twitter:creator\" content=\"@https:\/\/twitter.com\/box_repsol\" \/>\n<meta name=\"twitter:site\" content=\"@box_repsol\" \/>\n<meta name=\"twitter:label1\" content=\"Written by\" \/>\n\t<meta name=\"twitter:data1\" content=\"Redacci\u00f3n Box Repsol\" \/>\n\t<meta name=\"twitter:label2\" content=\"Est. reading time\" \/>\n\t<meta name=\"twitter:data2\" content=\"2 minutos\" \/>\n<script type=\"application\/ld+json\" class=\"yoast-schema-graph\">{\"@context\":\"https:\\\/\\\/schema.org\",\"@graph\":[{\"@type\":\"Article\",\"@id\":\"https:\\\/\\\/www.boxrepsol.com\\\/es\\\/motogp\\\/gp-de-espana-caida-frena-remontada-marquez\\\/#article\",\"isPartOf\":{\"@id\":\"https:\\\/\\\/www.boxrepsol.com\\\/es\\\/motogp\\\/gp-de-espana-caida-frena-remontada-marquez\\\/\"},\"author\":{\"name\":\"Redacci\u00f3n Box Repsol\",\"@id\":\"https:\\\/\\\/www.boxrepsol.com\\\/es\\\/#\\\/schema\\\/person\\\/c5c2138f2cca251b0ad92b7086bb60b7\"},\"headline\":\"GP de Espa\u00f1a: Una ca\u00edda frena la impresionante remontada de Marc M\u00e1rquez\",\"datePublished\":\"2020-07-19T02:00:00+00:00\",\"dateModified\":\"2024-10-03T08:31:06+00:00\",\"mainEntityOfPage\":{\"@id\":\"https:\\\/\\\/www.boxrepsol.com\\\/es\\\/motogp\\\/gp-de-espana-caida-frena-remontada-marquez\\\/\"},\"wordCount\":322,\"commentCount\":0,\"publisher\":{\"@id\":\"https:\\\/\\\/www.boxrepsol.com\\\/es\\\/#organization\"},\"image\":{\"@id\":\"https:\\\/\\\/www.boxrepsol.com\\\/es\\\/motogp\\\/gp-de-espana-caida-frena-remontada-marquez\\\/#primaryimage\"},\"thumbnailUrl\":\"https:\\\/\\\/bxrepsol.s3.eu-west-1.amazonaws.com\\\/static\\\/2022\\\/08\\\/29092639\\\/marc-marquez-gp-de-espana-2020-600.jpg\",\"keywords\":[\"2020\",\"\u00c1lex M\u00e1rquez\",\"Campeonato del Mundo de Motociclismo\",\"Marc M\u00e1rquez\",\"MotoGP Espa\u00f1a\"],\"articleSection\":[\"MotoGP\"],\"inLanguage\":\"es\",\"potentialAction\":[{\"@type\":\"CommentAction\",\"name\":\"Comment\",\"target\":[\"https:\\\/\\\/www.boxrepsol.com\\\/es\\\/motogp\\\/gp-de-espana-caida-frena-remontada-marquez\\\/#respond\"]}]},{\"@type\":\"WebPage\",\"@id\":\"https:\\\/\\\/www.boxrepsol.com\\\/es\\\/motogp\\\/gp-de-espana-caida-frena-remontada-marquez\\\/\",\"url\":\"https:\\\/\\\/www.boxrepsol.com\\\/es\\\/motogp\\\/gp-de-espana-caida-frena-remontada-marquez\\\/\",\"name\":\"GP de Espa\u00f1a: Una ca\u00edda frena la impresionante remontada de Marc M\u00e1rquez - Box Repsol\",\"isPartOf\":{\"@id\":\"https:\\\/\\\/www.boxrepsol.com\\\/es\\\/#website\"},\"primaryImageOfPage\":{\"@id\":\"https:\\\/\\\/www.boxrepsol.com\\\/es\\\/motogp\\\/gp-de-espana-caida-frena-remontada-marquez\\\/#primaryimage\"},\"image\":{\"@id\":\"https:\\\/\\\/www.boxrepsol.com\\\/es\\\/motogp\\\/gp-de-espana-caida-frena-remontada-marquez\\\/#primaryimage\"},\"thumbnailUrl\":\"https:\\\/\\\/bxrepsol.s3.eu-west-1.amazonaws.com\\\/static\\\/2022\\\/08\\\/29092639\\\/marc-marquez-gp-de-espana-2020-600.jpg\",\"datePublished\":\"2020-07-19T02:00:00+00:00\",\"dateModified\":\"2024-10-03T08:31:06+00:00\",\"description\":\"Despu\u00e9s de una salida de pista liderando la carrera, ha remontado trece posiciones hasta que una fuerte ca\u00edda ha frustrado sus opciones de podio.\",\"breadcrumb\":{\"@id\":\"https:\\\/\\\/www.boxrepsol.com\\\/es\\\/motogp\\\/gp-de-espana-caida-frena-remontada-marquez\\\/#breadcrumb\"},\"inLanguage\":\"es\",\"potentialAction\":[{\"@type\":\"ReadAction\",\"target\":[\"https:\\\/\\\/www.boxrepsol.com\\\/es\\\/motogp\\\/gp-de-espana-caida-frena-remontada-marquez\\\/\"]}]},{\"@type\":\"ImageObject\",\"inLanguage\":\"es\",\"@id\":\"https:\\\/\\\/www.boxrepsol.com\\\/es\\\/motogp\\\/gp-de-espana-caida-frena-remontada-marquez\\\/#primaryimage\",\"url\":\"https:\\\/\\\/bxrepsol.s3.eu-west-1.amazonaws.com\\\/static\\\/2022\\\/08\\\/29092639\\\/marc-marquez-gp-de-espana-2020-600.jpg\",\"contentUrl\":\"https:\\\/\\\/bxrepsol.s3.eu-west-1.amazonaws.com\\\/static\\\/2022\\\/08\\\/29092639\\\/marc-marquez-gp-de-espana-2020-600.jpg\",\"width\":1280,\"height\":600,\"caption\":\"Marc M\u00e1rquez en pista durante el GP de Espa\u00f1a 2020\"},{\"@type\":\"BreadcrumbList\",\"@id\":\"https:\\\/\\\/www.boxrepsol.com\\\/es\\\/motogp\\\/gp-de-espana-caida-frena-remontada-marquez\\\/#breadcrumb\",\"itemListElement\":[{\"@type\":\"ListItem\",\"position\":1,\"name\":\"Home\",\"item\":\"https:\\\/\\\/www.boxrepsol.com\\\/es\\\/\"},{\"@type\":\"ListItem\",\"position\":2,\"name\":\"GP de Espa\u00f1a: Una ca\u00edda frena la impresionante remontada de Marc M\u00e1rquez\"}]},{\"@type\":\"WebSite\",\"@id\":\"https:\\\/\\\/www.boxrepsol.com\\\/es\\\/#website\",\"url\":\"https:\\\/\\\/www.boxrepsol.com\\\/es\\\/\",\"name\":\"Box Repsol\",\"description\":\"Box Repsol Site\",\"publisher\":{\"@id\":\"https:\\\/\\\/www.boxrepsol.com\\\/es\\\/#organization\"},\"potentialAction\":[{\"@type\":\"SearchAction\",\"target\":{\"@type\":\"EntryPoint\",\"urlTemplate\":\"https:\\\/\\\/www.boxrepsol.com\\\/es\\\/?s={search_term_string}\"},\"query-input\":{\"@type\":\"PropertyValueSpecification\",\"valueRequired\":true,\"valueName\":\"search_term_string\"}}],\"inLanguage\":\"es\"},{\"@type\":\"Organization\",\"@id\":\"https:\\\/\\\/www.boxrepsol.com\\\/es\\\/#organization\",\"name\":\"Box Repsol\",\"url\":\"https:\\\/\\\/www.boxrepsol.com\\\/es\\\/\",\"logo\":{\"@type\":\"ImageObject\",\"inLanguage\":\"es\",\"@id\":\"https:\\\/\\\/www.boxrepsol.com\\\/es\\\/#\\\/schema\\\/logo\\\/image\\\/\",\"url\":\"https:\\\/\\\/bxrepsol.s3.eu-west-1.amazonaws.com\\\/static\\\/2025\\\/07\\\/30083337\\\/favicon-96x96-1.png\",\"contentUrl\":\"https:\\\/\\\/bxrepsol.s3.eu-west-1.amazonaws.com\\\/static\\\/2025\\\/07\\\/30083337\\\/favicon-96x96-1.png\",\"width\":96,\"height\":96,\"caption\":\"Box Repsol\"},\"image\":{\"@id\":\"https:\\\/\\\/www.boxrepsol.com\\\/es\\\/#\\\/schema\\\/logo\\\/image\\\/\"},\"sameAs\":[\"https:\\\/\\\/www.facebook.com\\\/BoxRepsol\",\"https:\\\/\\\/x.com\\\/box_repsol\",\"http:\\\/\\\/instagram.com\\\/box_repsol\",\"https:\\\/\\\/www.youtube.com\\\/user\\\/RepsolCompeticion\",\"https:\\\/\\\/www.flickr.com\\\/photos\\\/box_repsol\\\/\"]},{\"@type\":\"Person\",\"@id\":\"https:\\\/\\\/www.boxrepsol.com\\\/es\\\/#\\\/schema\\\/person\\\/c5c2138f2cca251b0ad92b7086bb60b7\",\"name\":\"Redacci\u00f3n Box Repsol\",\"image\":{\"@type\":\"ImageObject\",\"inLanguage\":\"es\",\"@id\":\"https:\\\/\\\/secure.gravatar.com\\\/avatar\\\/adf7b77e38b4419baf32c7e9c21dde01f4e40df611f0978e3006fc4ba0aaab7e?s=96&d=mm&r=g\",\"url\":\"https:\\\/\\\/secure.gravatar.com\\\/avatar\\\/adf7b77e38b4419baf32c7e9c21dde01f4e40df611f0978e3006fc4ba0aaab7e?s=96&d=mm&r=g\",\"contentUrl\":\"https:\\\/\\\/secure.gravatar.com\\\/avatar\\\/adf7b77e38b4419baf32c7e9c21dde01f4e40df611f0978e3006fc4ba0aaab7e?s=96&d=mm&r=g\",\"caption\":\"Redacci\u00f3n Box Repsol\"},\"description\":\"Box Repsol lo forma un equipo de periodistas, community managers, dise\u00f1adores y fot\u00f3grafos con m\u00e1s de 20 a\u00f1os de experiencia en el mundo del motorsport. Hemos vivido el primer mundial de un espa\u00f1ol en la categor\u00eda reina de motociclismo con \u00c1lex Crivill\u00e9, estuvimos en las victorias de Pedrosa y los t\u00edtulos de M\u00e1rquez, acompa\u00f1amos en \u00c1frica a Nani Roma y Marc Coma en sus conquistas del Dakar y hemos vibrado con los t\u00edtulos de Toni Bou en Trial. Adem\u00e1s, en nuestro equipo contamos con expertos en el mundo de las dos y cuatro ruedas tanto de la calle y las carreteras, como de los circuitos. Periodistas que han trabajado en revistas y publicaciones para hacerte llegar desde rutas y consejos de mantenimiento, a curiosidades y trucos de pilotaje.\",\"sameAs\":[\"https:\\\/\\\/www.facebook.com\\\/BoxRepsol\\\/\",\"https:\\\/\\\/www.instagram.com\\\/box_repsol\\\/\",\"https:\\\/\\\/x.com\\\/https:\\\/\\\/twitter.com\\\/box_repsol\",\"https:\\\/\\\/www.youtube.com\\\/@Boxrepsol\"],\"url\":\"https:\\\/\\\/www.boxrepsol.com\\\/es\\\/author\\\/redaccion-box-repsol\\\/\"}]}<\/script>\n<!-- \/ Yoast SEO plugin. -->","yoast_head_json":{"title":"GP de Espa\u00f1a: Una ca\u00edda frena la impresionante remontada de Marc M\u00e1rquez - Box Repsol","description":"Despu\u00e9s de una salida de pista liderando la carrera, ha remontado trece posiciones hasta que una fuerte ca\u00edda ha frustrado sus opciones de podio.","canonical":"https:\/\/www.boxrepsol.com\/es\/motogp\/gp-de-espana-caida-frena-remontada-marquez\/","og_locale":"es_ES","og_type":"article","og_title":"GP de Espa\u00f1a: Una ca\u00edda frena la impresionante remontada de Marc M\u00e1rquez - Box Repsol","og_description":"Despu\u00e9s de una salida de pista liderando la carrera, ha remontado trece posiciones hasta que una fuerte ca\u00edda ha frustrado sus opciones de podio.","og_url":"https:\/\/www.boxrepsol.com\/es\/motogp\/gp-de-espana-caida-frena-remontada-marquez\/","og_site_name":"Box Repsol","article_publisher":"https:\/\/www.facebook.com\/BoxRepsol","article_author":"https:\/\/www.facebook.com\/BoxRepsol\/","article_published_time":"2020-07-19T02:00:00+00:00","article_modified_time":"2024-10-03T08:31:06+00:00","og_image":[{"width":1280,"height":600,"url":"https:\/\/bxrepsol.s3.eu-west-1.amazonaws.com\/static\/2022\/08\/29092639\/marc-marquez-gp-de-espana-2020-600.jpg","type":"image\/jpeg"}],"author":"Redacci\u00f3n Box Repsol","twitter_card":"summary_large_image","twitter_creator":"@https:\/\/twitter.com\/box_repsol","twitter_site":"@box_repsol","twitter_misc":{"Written by":"Redacci\u00f3n Box Repsol","Est. reading time":"2 minutos"},"schema":{"@context":"https:\/\/schema.org","@graph":[{"@type":"Article","@id":"https:\/\/www.boxrepsol.com\/es\/motogp\/gp-de-espana-caida-frena-remontada-marquez\/#article","isPartOf":{"@id":"https:\/\/www.boxrepsol.com\/es\/motogp\/gp-de-espana-caida-frena-remontada-marquez\/"},"author":{"name":"Redacci\u00f3n Box Repsol","@id":"https:\/\/www.boxrepsol.com\/es\/#\/schema\/person\/c5c2138f2cca251b0ad92b7086bb60b7"},"headline":"GP de Espa\u00f1a: Una ca\u00edda frena la impresionante remontada de Marc M\u00e1rquez","datePublished":"2020-07-19T02:00:00+00:00","dateModified":"2024-10-03T08:31:06+00:00","mainEntityOfPage":{"@id":"https:\/\/www.boxrepsol.com\/es\/motogp\/gp-de-espana-caida-frena-remontada-marquez\/"},"wordCount":322,"commentCount":0,"publisher":{"@id":"https:\/\/www.boxrepsol.com\/es\/#organization"},"image":{"@id":"https:\/\/www.boxrepsol.com\/es\/motogp\/gp-de-espana-caida-frena-remontada-marquez\/#primaryimage"},"thumbnailUrl":"https:\/\/bxrepsol.s3.eu-west-1.amazonaws.com\/static\/2022\/08\/29092639\/marc-marquez-gp-de-espana-2020-600.jpg","keywords":["2020","\u00c1lex M\u00e1rquez","Campeonato del Mundo de Motociclismo","Marc M\u00e1rquez","MotoGP Espa\u00f1a"],"articleSection":["MotoGP"],"inLanguage":"es","potentialAction":[{"@type":"CommentAction","name":"Comment","target":["https:\/\/www.boxrepsol.com\/es\/motogp\/gp-de-espana-caida-frena-remontada-marquez\/#respond"]}]},{"@type":"WebPage","@id":"https:\/\/www.boxrepsol.com\/es\/motogp\/gp-de-espana-caida-frena-remontada-marquez\/","url":"https:\/\/www.boxrepsol.com\/es\/motogp\/gp-de-espana-caida-frena-remontada-marquez\/","name":"GP de Espa\u00f1a: Una ca\u00edda frena la impresionante remontada de Marc M\u00e1rquez - Box Repsol","isPartOf":{"@id":"https:\/\/www.boxrepsol.com\/es\/#website"},"primaryImageOfPage":{"@id":"https:\/\/www.boxrepsol.com\/es\/motogp\/gp-de-espana-caida-frena-remontada-marquez\/#primaryimage"},"image":{"@id":"https:\/\/www.boxrepsol.com\/es\/motogp\/gp-de-espana-caida-frena-remontada-marquez\/#primaryimage"},"thumbnailUrl":"https:\/\/bxrepsol.s3.eu-west-1.amazonaws.com\/static\/2022\/08\/29092639\/marc-marquez-gp-de-espana-2020-600.jpg","datePublished":"2020-07-19T02:00:00+00:00","dateModified":"2024-10-03T08:31:06+00:00","description":"Despu\u00e9s de una salida de pista liderando la carrera, ha remontado trece posiciones hasta que una fuerte ca\u00edda ha frustrado sus opciones de podio.","breadcrumb":{"@id":"https:\/\/www.boxrepsol.com\/es\/motogp\/gp-de-espana-caida-frena-remontada-marquez\/#breadcrumb"},"inLanguage":"es","potentialAction":[{"@type":"ReadAction","target":["https:\/\/www.boxrepsol.com\/es\/motogp\/gp-de-espana-caida-frena-remontada-marquez\/"]}]},{"@type":"ImageObject","inLanguage":"es","@id":"https:\/\/www.boxrepsol.com\/es\/motogp\/gp-de-espana-caida-frena-remontada-marquez\/#primaryimage","url":"https:\/\/bxrepsol.s3.eu-west-1.amazonaws.com\/static\/2022\/08\/29092639\/marc-marquez-gp-de-espana-2020-600.jpg","contentUrl":"https:\/\/bxrepsol.s3.eu-west-1.amazonaws.com\/static\/2022\/08\/29092639\/marc-marquez-gp-de-espana-2020-600.jpg","width":1280,"height":600,"caption":"Marc M\u00e1rquez en pista durante el GP de Espa\u00f1a 2020"},{"@type":"BreadcrumbList","@id":"https:\/\/www.boxrepsol.com\/es\/motogp\/gp-de-espana-caida-frena-remontada-marquez\/#breadcrumb","itemListElement":[{"@type":"ListItem","position":1,"name":"Home","item":"https:\/\/www.boxrepsol.com\/es\/"},{"@type":"ListItem","position":2,"name":"GP de Espa\u00f1a: Una ca\u00edda frena la impresionante remontada de Marc M\u00e1rquez"}]},{"@type":"WebSite","@id":"https:\/\/www.boxrepsol.com\/es\/#website","url":"https:\/\/www.boxrepsol.com\/es\/","name":"Box Repsol","description":"Box Repsol Site","publisher":{"@id":"https:\/\/www.boxrepsol.com\/es\/#organization"},"potentialAction":[{"@type":"SearchAction","target":{"@type":"EntryPoint","urlTemplate":"https:\/\/www.boxrepsol.com\/es\/?s={search_term_string}"},"query-input":{"@type":"PropertyValueSpecification","valueRequired":true,"valueName":"search_term_string"}}],"inLanguage":"es"},{"@type":"Organization","@id":"https:\/\/www.boxrepsol.com\/es\/#organization","name":"Box Repsol","url":"https:\/\/www.boxrepsol.com\/es\/","logo":{"@type":"ImageObject","inLanguage":"es","@id":"https:\/\/www.boxrepsol.com\/es\/#\/schema\/logo\/image\/","url":"https:\/\/bxrepsol.s3.eu-west-1.amazonaws.com\/static\/2025\/07\/30083337\/favicon-96x96-1.png","contentUrl":"https:\/\/bxrepsol.s3.eu-west-1.amazonaws.com\/static\/2025\/07\/30083337\/favicon-96x96-1.png","width":96,"height":96,"caption":"Box Repsol"},"image":{"@id":"https:\/\/www.boxrepsol.com\/es\/#\/schema\/logo\/image\/"},"sameAs":["https:\/\/www.facebook.com\/BoxRepsol","https:\/\/x.com\/box_repsol","http:\/\/instagram.com\/box_repsol","https:\/\/www.youtube.com\/user\/RepsolCompeticion","https:\/\/www.flickr.com\/photos\/box_repsol\/"]},{"@type":"Person","@id":"https:\/\/www.boxrepsol.com\/es\/#\/schema\/person\/c5c2138f2cca251b0ad92b7086bb60b7","name":"Redacci\u00f3n Box Repsol","image":{"@type":"ImageObject","inLanguage":"es","@id":"https:\/\/secure.gravatar.com\/avatar\/adf7b77e38b4419baf32c7e9c21dde01f4e40df611f0978e3006fc4ba0aaab7e?s=96&d=mm&r=g","url":"https:\/\/secure.gravatar.com\/avatar\/adf7b77e38b4419baf32c7e9c21dde01f4e40df611f0978e3006fc4ba0aaab7e?s=96&d=mm&r=g","contentUrl":"https:\/\/secure.gravatar.com\/avatar\/adf7b77e38b4419baf32c7e9c21dde01f4e40df611f0978e3006fc4ba0aaab7e?s=96&d=mm&r=g","caption":"Redacci\u00f3n Box Repsol"},"description":"Box Repsol lo forma un equipo de periodistas, community managers, dise\u00f1adores y fot\u00f3grafos con m\u00e1s de 20 a\u00f1os de experiencia en el mundo del motorsport. Hemos vivido el primer mundial de un espa\u00f1ol en la categor\u00eda reina de motociclismo con \u00c1lex Crivill\u00e9, estuvimos en las victorias de Pedrosa y los t\u00edtulos de M\u00e1rquez, acompa\u00f1amos en \u00c1frica a Nani Roma y Marc Coma en sus conquistas del Dakar y hemos vibrado con los t\u00edtulos de Toni Bou en Trial. Adem\u00e1s, en nuestro equipo contamos con expertos en el mundo de las dos y cuatro ruedas tanto de la calle y las carreteras, como de los circuitos. Periodistas que han trabajado en revistas y publicaciones para hacerte llegar desde rutas y consejos de mantenimiento, a curiosidades y trucos de pilotaje.","sameAs":["https:\/\/www.facebook.com\/BoxRepsol\/","https:\/\/www.instagram.com\/box_repsol\/","https:\/\/x.com\/https:\/\/twitter.com\/box_repsol","https:\/\/www.youtube.com\/@Boxrepsol"],"url":"https:\/\/www.boxrepsol.com\/es\/author\/redaccion-box-repsol\/"}]}},"_links":{"self":[{"href":"https:\/\/www.boxrepsol.com\/es\/wp-json\/wp\/v2\/posts\/94534","targetHints":{"allow":["GET"]}}],"collection":[{"href":"https:\/\/www.boxrepsol.com\/es\/wp-json\/wp\/v2\/posts"}],"about":[{"href":"https:\/\/www.boxrepsol.com\/es\/wp-json\/wp\/v2\/types\/post"}],"author":[{"embeddable":true,"href":"https:\/\/www.boxrepsol.com\/es\/wp-json\/wp\/v2\/users\/43146"}],"replies":[{"embeddable":true,"href":"https:\/\/www.boxrepsol.com\/es\/wp-json\/wp\/v2\/comments?post=94534"}],"version-history":[{"count":2,"href":"https:\/\/www.boxrepsol.com\/es\/wp-json\/wp\/v2\/posts\/94534\/revisions"}],"predecessor-version":[{"id":120293,"href":"https:\/\/www.boxrepsol.com\/es\/wp-json\/wp\/v2\/posts\/94534\/revisions\/120293"}],"wp:featuredmedia":[{"embeddable":true,"href":"https:\/\/www.boxrepsol.com\/es\/wp-json\/wp\/v2\/media\/64644"}],"wp:attachment":[{"href":"https:\/\/www.boxrepsol.com\/es\/wp-json\/wp\/v2\/media?parent=94534"}],"wp:term":[{"taxonomy":"category","embeddable":true,"href":"https:\/\/www.boxrepsol.com\/es\/wp-json\/wp\/v2\/categories?post=94534"},{"taxonomy":"post_tag","embeddable":true,"href":"https:\/\/www.boxrepsol.com\/es\/wp-json\/wp\/v2\/tags?post=94534"}],"curies":[{"name":"wp","href":"https:\/\/api.w.org\/{rel}","templated":true}]}}