{"id":94527,"date":"2020-07-17T00:00:00","date_gmt":"2020-07-17T02:00:00","guid":{"rendered":"http:\/\/pre.boxrepsol.com\/sin-categorizar\/marc-marquez-comienza-liderando-la-primera-jornada-entrenamientos\/"},"modified":"2024-04-19T08:40:41","modified_gmt":"2024-04-19T10:40:41","slug":"marc-marquez-comienza-liderando-la-primera-jornada-entrenamientos","status":"publish","type":"post","link":"https:\/\/www.boxrepsol.com\/es\/motogp\/marc-marquez-comienza-liderando-la-primera-jornada-entrenamientos\/","title":{"rendered":"GP de Espa\u00f1a: Marc M\u00e1rquez comienza liderando la primera jornada de entrenamientos"},"content":{"rendered":"<p><strong>Marc M\u00e1rquez<\/strong> ha marcado el mejor tiempo en la FP1 del <strong>Gran Premio de Espa\u00f1a<\/strong> y el cuarto mejor tiempo en la sesi\u00f3n de la tarde. El ocho veces Campe\u00f3n del Mundo ha acabado la jornada marcando un registro de 1 minuto, 38 segundos y 369 mil\u00e9simas en el segundo entreno del d\u00eda. Marc acaba los primeros entrenamientos libres de la temporada 2020 liderando la combinada de las dos sesiones.<\/p>\n<p>En su debut en unos entrenamientos libres de un Gran Premio de MotoGP,<strong> \u00c1lex M\u00e1rquez<\/strong> ha continuado con su adaptaci\u00f3n a la categor\u00eda reina y probando algunos aspectos de su RC213V. El piloto del equipo Repsol Honda ha acabado la segunda sesi\u00f3n del d\u00eda marcando un mejor tiempo de 1 minuto, 39 segundos y 604 mil\u00e9simas. \u00c1lex, ha finalizado la combinada de las dos sesiones en decimos\u00e9ptima posici\u00f3n.<\/p>\n<p><a href=\"https:\/\/www.boxrepsol.com\/es\/motogp\/horarios-gp-espana-motogp-2020\/\">Consulta aqu\u00ed los horarios completos del GP de Espa\u00f1a 2020<\/a><\/p>\n<p>                <!-- Imagen relacionada --><\/p>\n<p>                <!-- Categor\u00eda --><br \/>\n            MotoGP<br \/>\n        <!-- T\u00edtulo --><br \/>\n        <a href=\"https:\/\/www.boxrepsol.com\/es\/motogp\/el-equipo-repsol-honda-se-adapta-a-la-nueva-normalidad\/\"><\/p>\n<h3>El equipo Repsol Honda se adapta a la nueva normalidad<\/h3>\n<p>        <\/a><br \/>\n                    <!-- Fecha --><br \/>\n            hace 1 hora<br \/>\n                    <a\n                        href=\"https:\/\/bxrepsol.s3.eu-west-1.amazonaws.com\/static\/2022\/08\/05073809\/marc-marquez-jerez-2020-tumbada.jpg\"\n                        data-index=\"0\"\n                    ><br \/>\n                        <img decoding=\"async\"\n                            src=\"https:\/\/bxrepsol.s3.eu-west-1.amazonaws.com\/static\/2022\/08\/05073809\/marc-marquez-jerez-2020-tumbada.jpg\"\n                            srcset=\"https:\/\/bxrepsol.s3.eu-west-1.amazonaws.com\/static\/2022\/08\/05073809\/marc-marquez-jerez-2020-tumbada.jpg 1280w, https:\/\/bxrepsol.s3.eu-west-1.amazonaws.com\/static\/2022\/08\/05073809\/marc-marquez-jerez-2020-tumbada.jpg 900w, https:\/\/bxrepsol.s3.eu-west-1.amazonaws.com\/static\/2022\/08\/05073809\/marc-marquez-jerez-2020-tumbada.jpg 600w, https:\/\/bxrepsol.s3.eu-west-1.amazonaws.com\/static\/2022\/08\/05073809\/marc-marquez-jerez-2020-tumbada.jpg 480w, https:\/\/bxrepsol.s3.eu-west-1.amazonaws.com\/static\/2022\/08\/05073809\/marc-marquez-jerez-2020-tumbada.jpg 32w\"\n                            title=\"marc-marquez-jerez-2020-tumbada\"\n                            alt=\"Marc M\u00e1rquez en pista durante el GP de Espa\u00f1a 2020\"\n                            data-title=\"\"><br \/>\n                    <\/a><br \/>\n                    <a\n                        href=\"https:\/\/bxrepsol.s3.eu-west-1.amazonaws.com\/static\/2022\/08\/05063612\/alex-marquez-jerez-2020-tumbada.jpg\"\n                        data-index=\"1\"\n                    ><br \/>\n                        <img decoding=\"async\"\n                            src=\"https:\/\/bxrepsol.s3.eu-west-1.amazonaws.com\/static\/2022\/08\/05063612\/alex-marquez-jerez-2020-tumbada.jpg\"\n                            srcset=\"https:\/\/bxrepsol.s3.eu-west-1.amazonaws.com\/static\/2022\/08\/05063612\/alex-marquez-jerez-2020-tumbada.jpg 1280w, https:\/\/bxrepsol.s3.eu-west-1.amazonaws.com\/static\/2022\/08\/05063612\/alex-marquez-jerez-2020-tumbada.jpg 900w, https:\/\/bxrepsol.s3.eu-west-1.amazonaws.com\/static\/2022\/08\/05063612\/alex-marquez-jerez-2020-tumbada.jpg 600w, https:\/\/bxrepsol.s3.eu-west-1.amazonaws.com\/static\/2022\/08\/05063612\/alex-marquez-jerez-2020-tumbada.jpg 480w, https:\/\/bxrepsol.s3.eu-west-1.amazonaws.com\/static\/2022\/08\/05063612\/alex-marquez-jerez-2020-tumbada.jpg 32w\"\n                            title=\"alex-marquez-jerez-2020-tumbada\"\n                            alt=\"\u00c1lex M\u00e1rquez durante una FP del GP de Espa\u00f1a 2020\"\n                            data-title=\"\"><br \/>\n                    <\/a><br \/>\n                    <a\n                        href=\"https:\/\/bxrepsol.s3.eu-west-1.amazonaws.com\/static\/2022\/08\/05073810\/marc-marquez-jerez-2020-pitlane.jpg\"\n                        data-index=\"2\"\n                    ><br \/>\n                        <img decoding=\"async\"\n                            src=\"https:\/\/bxrepsol.s3.eu-west-1.amazonaws.com\/static\/2022\/08\/05073810\/marc-marquez-jerez-2020-pitlane.jpg\"\n                            srcset=\"https:\/\/bxrepsol.s3.eu-west-1.amazonaws.com\/static\/2022\/08\/05073810\/marc-marquez-jerez-2020-pitlane.jpg 1280w, https:\/\/bxrepsol.s3.eu-west-1.amazonaws.com\/static\/2022\/08\/05073810\/marc-marquez-jerez-2020-pitlane.jpg 900w, https:\/\/bxrepsol.s3.eu-west-1.amazonaws.com\/static\/2022\/08\/05073810\/marc-marquez-jerez-2020-pitlane.jpg 600w, https:\/\/bxrepsol.s3.eu-west-1.amazonaws.com\/static\/2022\/08\/05073810\/marc-marquez-jerez-2020-pitlane.jpg 480w, https:\/\/bxrepsol.s3.eu-west-1.amazonaws.com\/static\/2022\/08\/05073810\/marc-marquez-jerez-2020-pitlane.jpg 32w\"\n                            title=\"marc-marquez-jerez-2020-pitlane\"\n                            alt=\"Marc M\u00e1rquez en el pitlane durante una FP del GP de Espa\u00f1a 2020\"\n                            data-title=\"\"><br \/>\n                    <\/a><br \/>\n                    <a\n                        href=\"https:\/\/bxrepsol.s3.eu-west-1.amazonaws.com\/static\/2022\/08\/05073811\/alex-marquez-jerez-2020-casco.jpg\"\n                        data-index=\"3\"\n                    ><br \/>\n                        <img decoding=\"async\"\n                            src=\"https:\/\/bxrepsol.s3.eu-west-1.amazonaws.com\/static\/2022\/08\/05073811\/alex-marquez-jerez-2020-casco.jpg\"\n                            srcset=\"https:\/\/bxrepsol.s3.eu-west-1.amazonaws.com\/static\/2022\/08\/05073811\/alex-marquez-jerez-2020-casco.jpg 1280w, https:\/\/bxrepsol.s3.eu-west-1.amazonaws.com\/static\/2022\/08\/05073811\/alex-marquez-jerez-2020-casco.jpg 900w, https:\/\/bxrepsol.s3.eu-west-1.amazonaws.com\/static\/2022\/08\/05073811\/alex-marquez-jerez-2020-casco.jpg 600w, https:\/\/bxrepsol.s3.eu-west-1.amazonaws.com\/static\/2022\/08\/05073811\/alex-marquez-jerez-2020-casco.jpg 480w, https:\/\/bxrepsol.s3.eu-west-1.amazonaws.com\/static\/2022\/08\/05073811\/alex-marquez-jerez-2020-casco.jpg 32w\"\n                            title=\"alex-marquez-jerez-2020-casco\"\n                            alt=\"\u00c1lex M\u00e1rquez durante una FP del GP de Espa\u00f1a 2020\"\n                            data-title=\"\"><br \/>\n                    <\/a><br \/>\n                    <a\n                        href=\"https:\/\/bxrepsol.s3.eu-west-1.amazonaws.com\/static\/2022\/08\/05073812\/marc-marquez-jerez-2020.jpg\"\n                        data-index=\"4\"\n                    ><br \/>\n                        <img decoding=\"async\"\n                            src=\"https:\/\/bxrepsol.s3.eu-west-1.amazonaws.com\/static\/2022\/08\/05073812\/marc-marquez-jerez-2020.jpg\"\n                            srcset=\"https:\/\/bxrepsol.s3.eu-west-1.amazonaws.com\/static\/2022\/08\/05073812\/marc-marquez-jerez-2020.jpg 1280w, https:\/\/bxrepsol.s3.eu-west-1.amazonaws.com\/static\/2022\/08\/05073812\/marc-marquez-jerez-2020.jpg 900w, https:\/\/bxrepsol.s3.eu-west-1.amazonaws.com\/static\/2022\/08\/05073812\/marc-marquez-jerez-2020.jpg 600w, https:\/\/bxrepsol.s3.eu-west-1.amazonaws.com\/static\/2022\/08\/05073812\/marc-marquez-jerez-2020.jpg 480w, https:\/\/bxrepsol.s3.eu-west-1.amazonaws.com\/static\/2022\/08\/05073812\/marc-marquez-jerez-2020.jpg 32w\"\n                            title=\"marc-marquez-jerez-2020\"\n                            alt=\"Marc M\u00e1rquez en pista durante el GP de Espa\u00f1a 2020\"\n                            data-title=\"\"><br \/>\n                    <\/a><br \/>\n                    <a\n                        href=\"https:\/\/bxrepsol.s3.eu-west-1.amazonaws.com\/static\/2022\/08\/05073813\/alex-marquez-jerez-2020-caballito.jpg\"\n                        data-index=\"5\"\n                    ><br \/>\n                        <img decoding=\"async\"\n                            src=\"https:\/\/bxrepsol.s3.eu-west-1.amazonaws.com\/static\/2022\/08\/05073813\/alex-marquez-jerez-2020-caballito.jpg\"\n                            srcset=\"https:\/\/bxrepsol.s3.eu-west-1.amazonaws.com\/static\/2022\/08\/05073813\/alex-marquez-jerez-2020-caballito.jpg 1280w, https:\/\/bxrepsol.s3.eu-west-1.amazonaws.com\/static\/2022\/08\/05073813\/alex-marquez-jerez-2020-caballito.jpg 900w, https:\/\/bxrepsol.s3.eu-west-1.amazonaws.com\/static\/2022\/08\/05073813\/alex-marquez-jerez-2020-caballito.jpg 600w, https:\/\/bxrepsol.s3.eu-west-1.amazonaws.com\/static\/2022\/08\/05073813\/alex-marquez-jerez-2020-caballito.jpg 480w, https:\/\/bxrepsol.s3.eu-west-1.amazonaws.com\/static\/2022\/08\/05073813\/alex-marquez-jerez-2020-caballito.jpg 32w\"\n                            title=\"alex-marquez-jerez-2020-caballito\"\n                            alt=\"\u00c1lex M\u00e1rquez en pista durante el GP de Espa\u00f1a 2020\"\n                            data-title=\"\"><br \/>\n                    <\/a><br \/>\n        <button data-glide-dir=\"<\"><br \/>\n            <svg role=\"img\"  viewBox=\"0 0 256 512\">\n                <path fill=\"currentColor\" d=\"M238.475 475.535l7.071-7.07c4.686-4.686 4.686-12.284 0-16.971L50.053 256 245.546 60.506c4.686-4.686 4.686-12.284 0-16.971l-7.071-7.07c-4.686-4.686-12.284-4.686-16.97 0L10.454 247.515c-4.686 4.686-4.686 12.284 0 16.971l211.051 211.05c4.686 4.686 12.284 4.686 16.97-.001z\"><\/path>\n            <\/svg><br \/>\n        <\/button><br \/>\n        <button data-glide-dir=\">\u00ab><br \/>\n            <svg role=\"img\"  viewBox=\"0 0 256 512\">\n                <path fill=\"currentColor\" d=\"M17.525 36.465l-7.071 7.07c-4.686 4.686-4.686 12.284 0 16.971L205.947 256 10.454 451.494c-4.686 4.686-4.686 12.284 0 16.971l7.071 7.07c4.686 4.686 12.284 4.686 16.97 0l211.051-211.05c4.686-4.686 4.686-12.284 0-16.971L34.495 36.465c-4.686-4.687-12.284-4.687-16.97 0z\"><\/path>\n            <\/svg><br \/>\n        <\/button><\/p>\n<h2>GP de Espa\u00f1a 2020 &#8211; FP2 &#8211; Declaraciones de los pilotos<\/h2>\n<p><a href=\"https:\/\/twitter.com\/hashtag\/mm93?src=hash&#038;lang=es\">#MM93<\/a><\/p>\n<p><em><strong>Hoy vuelvo a estar contento. <\/strong> Es genial comenzar oficialmente la temporada 2020 y adem\u00e1s sinti\u00e9ndome bien desde esta ma\u00f1ana, empezando por trabajar con la base que encontramos el mi\u00e9rcoles. Por la tarde hemos experimentado un poco, probando algunas ideas nuevas y usando el tiempo de manera distinta. Me siento competitivo, nuestros rivales son r\u00e1pidos pero me siento bastante bien. Hemos tenido un peque\u00f1o accidente porque la temperatura de la pista es realmente alta, lo que hace que est\u00e9 un poco resbaladiza. Por suerte ha quedado en un peque\u00f1o susto y he podido seguir pilotando. Este es s\u00f3lo el segundo d\u00eda despu\u00e9s de un largo descanso, as\u00ed que vamos bien.<\/em><\/p>\n<hr\/>\n<p><a href=\"https:\/\/twitter.com\/hashtag\/AM73?src=hash&#038;lang=es\">#AM73<\/a><\/p>\n<p><em><strong>  El primer d\u00eda ha sido positivo.<\/strong> Especialmente por la ma\u00f1ana. Ha sido como si fuera el primer d\u00eda de clase, \u00a1est\u00e1s emocionado pero un poco nervioso a la vez! Ten\u00edamos una estrategia para tratar de apretar un poco en la \u00faltima salida, despu\u00e9s de haber probado algunas cosas en el test. He logrado marcar un 1&#8217;38.2, que no est\u00e1 mal. He bajado un segundo el tiempo del test del mi\u00e9rcoles pero todav\u00eda quedan cosas por mejorar. En la segunda sesi\u00f3n he cometido un peque\u00f1o error de rookie con el cambio de condiciones, pero f\u00edsicamente estoy bien. Ha sido un buen d\u00eda de aprendizaje.<br \/>\n<\/em><\/p>\n","protected":false},"excerpt":{"rendered":"<p>El vigente Campe\u00f3n del Mundo ha logrado el mejor tiempo matinal y el cuarto por la tarde, siendo el m\u00e1s r\u00e1pido de la combinada. \u00c1lex M\u00e1rquez se ha estrenado como piloto del equipo Repsol Honda con el decimos\u00e9ptimo mejor tiempo.<\/p>\n","protected":false},"author":43146,"featured_media":64603,"comment_status":"open","ping_status":"open","sticky":false,"template":"","format":"standard","meta":{"footnotes":""},"categories":[4],"tags":[191,6,154],"class_list":["post-94527","post","type-post","status-publish","format-standard","hentry","category-motogp","tag-191","tag-marc-marquez","tag-motogp-espana"],"yoast_head":"<!-- This site is optimized with the Yoast SEO plugin v27.3 - https:\/\/yoast.com\/product\/yoast-seo-wordpress\/ -->\n<title>GP de Espa\u00f1a: Marc M\u00e1rquez comienza liderando la primera jornada de entrenamientos - Box Repsol<\/title>\n<meta name=\"description\" content=\"El vigente Campe\u00f3n del Mundo ha logrado el mejor tiempo matinal. \u00c1lex M\u00e1rquez se ha estrenado en decimos\u00e9ptima posici\u00f3n en el primer d\u00eda del GP de Espa\u00f1a\" \/>\n<link rel=\"canonical\" href=\"https:\/\/www.boxrepsol.com\/es\/motogp\/marc-marquez-comienza-liderando-la-primera-jornada-entrenamientos\/\" \/>\n<meta property=\"og:locale\" content=\"es_ES\" \/>\n<meta property=\"og:type\" content=\"article\" \/>\n<meta property=\"og:title\" content=\"GP de Espa\u00f1a: Marc M\u00e1rquez comienza liderando la primera jornada de entrenamientos - Box Repsol\" \/>\n<meta property=\"og:description\" content=\"El vigente Campe\u00f3n del Mundo ha logrado el mejor tiempo matinal. \u00c1lex M\u00e1rquez se ha estrenado en decimos\u00e9ptima posici\u00f3n en el primer d\u00eda del GP de Espa\u00f1a\" \/>\n<meta property=\"og:url\" content=\"https:\/\/www.boxrepsol.com\/es\/motogp\/marc-marquez-comienza-liderando-la-primera-jornada-entrenamientos\/\" \/>\n<meta property=\"og:site_name\" content=\"Box Repsol\" \/>\n<meta property=\"article:publisher\" content=\"https:\/\/www.facebook.com\/BoxRepsol\" \/>\n<meta property=\"article:author\" content=\"https:\/\/www.facebook.com\/BoxRepsol\/\" \/>\n<meta property=\"article:published_time\" content=\"2020-07-17T02:00:00+00:00\" \/>\n<meta property=\"article:modified_time\" content=\"2024-04-19T10:40:41+00:00\" \/>\n<meta property=\"og:image\" content=\"https:\/\/bxrepsol.s3.eu-west-1.amazonaws.com\/static\/2022\/08\/29092559\/marc-y-alex-marquez-jerez-2020-tumbada.jpg\" \/>\n\t<meta property=\"og:image:width\" content=\"1280\" \/>\n\t<meta property=\"og:image:height\" content=\"720\" \/>\n\t<meta property=\"og:image:type\" content=\"image\/jpeg\" \/>\n<meta name=\"author\" content=\"Redacci\u00f3n Box Repsol\" \/>\n<meta name=\"twitter:card\" content=\"summary_large_image\" \/>\n<meta name=\"twitter:creator\" content=\"@https:\/\/twitter.com\/box_repsol\" \/>\n<meta name=\"twitter:site\" content=\"@box_repsol\" \/>\n<meta name=\"twitter:label1\" content=\"Written by\" \/>\n\t<meta name=\"twitter:data1\" content=\"Redacci\u00f3n Box Repsol\" \/>\n\t<meta name=\"twitter:label2\" content=\"Est. reading time\" \/>\n\t<meta name=\"twitter:data2\" content=\"2 minutos\" \/>\n<script type=\"application\/ld+json\" class=\"yoast-schema-graph\">{\"@context\":\"https:\\\/\\\/schema.org\",\"@graph\":[{\"@type\":\"Article\",\"@id\":\"https:\\\/\\\/www.boxrepsol.com\\\/es\\\/motogp\\\/marc-marquez-comienza-liderando-la-primera-jornada-entrenamientos\\\/#article\",\"isPartOf\":{\"@id\":\"https:\\\/\\\/www.boxrepsol.com\\\/es\\\/motogp\\\/marc-marquez-comienza-liderando-la-primera-jornada-entrenamientos\\\/\"},\"author\":{\"name\":\"Redacci\u00f3n Box Repsol\",\"@id\":\"https:\\\/\\\/www.boxrepsol.com\\\/es\\\/#\\\/schema\\\/person\\\/c5c2138f2cca251b0ad92b7086bb60b7\"},\"headline\":\"GP de Espa\u00f1a: Marc M\u00e1rquez comienza liderando la primera jornada de entrenamientos\",\"datePublished\":\"2020-07-17T02:00:00+00:00\",\"dateModified\":\"2024-04-19T10:40:41+00:00\",\"mainEntityOfPage\":{\"@id\":\"https:\\\/\\\/www.boxrepsol.com\\\/es\\\/motogp\\\/marc-marquez-comienza-liderando-la-primera-jornada-entrenamientos\\\/\"},\"wordCount\":428,\"commentCount\":0,\"publisher\":{\"@id\":\"https:\\\/\\\/www.boxrepsol.com\\\/es\\\/#organization\"},\"image\":{\"@id\":\"https:\\\/\\\/www.boxrepsol.com\\\/es\\\/motogp\\\/marc-marquez-comienza-liderando-la-primera-jornada-entrenamientos\\\/#primaryimage\"},\"thumbnailUrl\":\"https:\\\/\\\/bxrepsol.s3.eu-west-1.amazonaws.com\\\/static\\\/2022\\\/08\\\/29092559\\\/marc-y-alex-marquez-jerez-2020-tumbada.jpg\",\"keywords\":[\"2020\",\"Marc M\u00e1rquez\",\"MotoGP Espa\u00f1a\"],\"articleSection\":[\"MotoGP\"],\"inLanguage\":\"es\",\"potentialAction\":[{\"@type\":\"CommentAction\",\"name\":\"Comment\",\"target\":[\"https:\\\/\\\/www.boxrepsol.com\\\/es\\\/motogp\\\/marc-marquez-comienza-liderando-la-primera-jornada-entrenamientos\\\/#respond\"]}]},{\"@type\":\"WebPage\",\"@id\":\"https:\\\/\\\/www.boxrepsol.com\\\/es\\\/motogp\\\/marc-marquez-comienza-liderando-la-primera-jornada-entrenamientos\\\/\",\"url\":\"https:\\\/\\\/www.boxrepsol.com\\\/es\\\/motogp\\\/marc-marquez-comienza-liderando-la-primera-jornada-entrenamientos\\\/\",\"name\":\"GP de Espa\u00f1a: Marc M\u00e1rquez comienza liderando la primera jornada de entrenamientos - Box Repsol\",\"isPartOf\":{\"@id\":\"https:\\\/\\\/www.boxrepsol.com\\\/es\\\/#website\"},\"primaryImageOfPage\":{\"@id\":\"https:\\\/\\\/www.boxrepsol.com\\\/es\\\/motogp\\\/marc-marquez-comienza-liderando-la-primera-jornada-entrenamientos\\\/#primaryimage\"},\"image\":{\"@id\":\"https:\\\/\\\/www.boxrepsol.com\\\/es\\\/motogp\\\/marc-marquez-comienza-liderando-la-primera-jornada-entrenamientos\\\/#primaryimage\"},\"thumbnailUrl\":\"https:\\\/\\\/bxrepsol.s3.eu-west-1.amazonaws.com\\\/static\\\/2022\\\/08\\\/29092559\\\/marc-y-alex-marquez-jerez-2020-tumbada.jpg\",\"datePublished\":\"2020-07-17T02:00:00+00:00\",\"dateModified\":\"2024-04-19T10:40:41+00:00\",\"description\":\"El vigente Campe\u00f3n del Mundo ha logrado el mejor tiempo matinal. \u00c1lex M\u00e1rquez se ha estrenado en decimos\u00e9ptima posici\u00f3n en el primer d\u00eda del GP de Espa\u00f1a\",\"breadcrumb\":{\"@id\":\"https:\\\/\\\/www.boxrepsol.com\\\/es\\\/motogp\\\/marc-marquez-comienza-liderando-la-primera-jornada-entrenamientos\\\/#breadcrumb\"},\"inLanguage\":\"es\",\"potentialAction\":[{\"@type\":\"ReadAction\",\"target\":[\"https:\\\/\\\/www.boxrepsol.com\\\/es\\\/motogp\\\/marc-marquez-comienza-liderando-la-primera-jornada-entrenamientos\\\/\"]}]},{\"@type\":\"ImageObject\",\"inLanguage\":\"es\",\"@id\":\"https:\\\/\\\/www.boxrepsol.com\\\/es\\\/motogp\\\/marc-marquez-comienza-liderando-la-primera-jornada-entrenamientos\\\/#primaryimage\",\"url\":\"https:\\\/\\\/bxrepsol.s3.eu-west-1.amazonaws.com\\\/static\\\/2022\\\/08\\\/29092559\\\/marc-y-alex-marquez-jerez-2020-tumbada.jpg\",\"contentUrl\":\"https:\\\/\\\/bxrepsol.s3.eu-west-1.amazonaws.com\\\/static\\\/2022\\\/08\\\/29092559\\\/marc-y-alex-marquez-jerez-2020-tumbada.jpg\",\"width\":1280,\"height\":720,\"caption\":\"Marc M\u00e1rquez y \u00c1lex M\u00e1rquez durante una FP del GP de Espa\u00f1a 2020\"},{\"@type\":\"BreadcrumbList\",\"@id\":\"https:\\\/\\\/www.boxrepsol.com\\\/es\\\/motogp\\\/marc-marquez-comienza-liderando-la-primera-jornada-entrenamientos\\\/#breadcrumb\",\"itemListElement\":[{\"@type\":\"ListItem\",\"position\":1,\"name\":\"Home\",\"item\":\"https:\\\/\\\/www.boxrepsol.com\\\/es\\\/\"},{\"@type\":\"ListItem\",\"position\":2,\"name\":\"GP de Espa\u00f1a: Marc M\u00e1rquez comienza liderando la primera jornada de entrenamientos\"}]},{\"@type\":\"WebSite\",\"@id\":\"https:\\\/\\\/www.boxrepsol.com\\\/es\\\/#website\",\"url\":\"https:\\\/\\\/www.boxrepsol.com\\\/es\\\/\",\"name\":\"Box Repsol\",\"description\":\"Box Repsol Site\",\"publisher\":{\"@id\":\"https:\\\/\\\/www.boxrepsol.com\\\/es\\\/#organization\"},\"potentialAction\":[{\"@type\":\"SearchAction\",\"target\":{\"@type\":\"EntryPoint\",\"urlTemplate\":\"https:\\\/\\\/www.boxrepsol.com\\\/es\\\/?s={search_term_string}\"},\"query-input\":{\"@type\":\"PropertyValueSpecification\",\"valueRequired\":true,\"valueName\":\"search_term_string\"}}],\"inLanguage\":\"es\"},{\"@type\":\"Organization\",\"@id\":\"https:\\\/\\\/www.boxrepsol.com\\\/es\\\/#organization\",\"name\":\"Box Repsol\",\"url\":\"https:\\\/\\\/www.boxrepsol.com\\\/es\\\/\",\"logo\":{\"@type\":\"ImageObject\",\"inLanguage\":\"es\",\"@id\":\"https:\\\/\\\/www.boxrepsol.com\\\/es\\\/#\\\/schema\\\/logo\\\/image\\\/\",\"url\":\"https:\\\/\\\/bxrepsol.s3.eu-west-1.amazonaws.com\\\/static\\\/2025\\\/07\\\/30083337\\\/favicon-96x96-1.png\",\"contentUrl\":\"https:\\\/\\\/bxrepsol.s3.eu-west-1.amazonaws.com\\\/static\\\/2025\\\/07\\\/30083337\\\/favicon-96x96-1.png\",\"width\":96,\"height\":96,\"caption\":\"Box Repsol\"},\"image\":{\"@id\":\"https:\\\/\\\/www.boxrepsol.com\\\/es\\\/#\\\/schema\\\/logo\\\/image\\\/\"},\"sameAs\":[\"https:\\\/\\\/www.facebook.com\\\/BoxRepsol\",\"https:\\\/\\\/x.com\\\/box_repsol\",\"http:\\\/\\\/instagram.com\\\/box_repsol\",\"https:\\\/\\\/www.youtube.com\\\/user\\\/RepsolCompeticion\",\"https:\\\/\\\/www.flickr.com\\\/photos\\\/box_repsol\\\/\"]},{\"@type\":\"Person\",\"@id\":\"https:\\\/\\\/www.boxrepsol.com\\\/es\\\/#\\\/schema\\\/person\\\/c5c2138f2cca251b0ad92b7086bb60b7\",\"name\":\"Redacci\u00f3n Box Repsol\",\"image\":{\"@type\":\"ImageObject\",\"inLanguage\":\"es\",\"@id\":\"https:\\\/\\\/secure.gravatar.com\\\/avatar\\\/adf7b77e38b4419baf32c7e9c21dde01f4e40df611f0978e3006fc4ba0aaab7e?s=96&d=mm&r=g\",\"url\":\"https:\\\/\\\/secure.gravatar.com\\\/avatar\\\/adf7b77e38b4419baf32c7e9c21dde01f4e40df611f0978e3006fc4ba0aaab7e?s=96&d=mm&r=g\",\"contentUrl\":\"https:\\\/\\\/secure.gravatar.com\\\/avatar\\\/adf7b77e38b4419baf32c7e9c21dde01f4e40df611f0978e3006fc4ba0aaab7e?s=96&d=mm&r=g\",\"caption\":\"Redacci\u00f3n Box Repsol\"},\"description\":\"Box Repsol lo forma un equipo de periodistas, community managers, dise\u00f1adores y fot\u00f3grafos con m\u00e1s de 20 a\u00f1os de experiencia en el mundo del motorsport. Hemos vivido el primer mundial de un espa\u00f1ol en la categor\u00eda reina de motociclismo con \u00c1lex Crivill\u00e9, estuvimos en las victorias de Pedrosa y los t\u00edtulos de M\u00e1rquez, acompa\u00f1amos en \u00c1frica a Nani Roma y Marc Coma en sus conquistas del Dakar y hemos vibrado con los t\u00edtulos de Toni Bou en Trial. Adem\u00e1s, en nuestro equipo contamos con expertos en el mundo de las dos y cuatro ruedas tanto de la calle y las carreteras, como de los circuitos. Periodistas que han trabajado en revistas y publicaciones para hacerte llegar desde rutas y consejos de mantenimiento, a curiosidades y trucos de pilotaje.\",\"sameAs\":[\"https:\\\/\\\/www.facebook.com\\\/BoxRepsol\\\/\",\"https:\\\/\\\/www.instagram.com\\\/box_repsol\\\/\",\"https:\\\/\\\/x.com\\\/https:\\\/\\\/twitter.com\\\/box_repsol\",\"https:\\\/\\\/www.youtube.com\\\/@Boxrepsol\"],\"url\":\"https:\\\/\\\/www.boxrepsol.com\\\/es\\\/author\\\/redaccion-box-repsol\\\/\"}]}<\/script>\n<!-- \/ Yoast SEO plugin. -->","yoast_head_json":{"title":"GP de Espa\u00f1a: Marc M\u00e1rquez comienza liderando la primera jornada de entrenamientos - Box Repsol","description":"El vigente Campe\u00f3n del Mundo ha logrado el mejor tiempo matinal. \u00c1lex M\u00e1rquez se ha estrenado en decimos\u00e9ptima posici\u00f3n en el primer d\u00eda del GP de Espa\u00f1a","canonical":"https:\/\/www.boxrepsol.com\/es\/motogp\/marc-marquez-comienza-liderando-la-primera-jornada-entrenamientos\/","og_locale":"es_ES","og_type":"article","og_title":"GP de Espa\u00f1a: Marc M\u00e1rquez comienza liderando la primera jornada de entrenamientos - Box Repsol","og_description":"El vigente Campe\u00f3n del Mundo ha logrado el mejor tiempo matinal. \u00c1lex M\u00e1rquez se ha estrenado en decimos\u00e9ptima posici\u00f3n en el primer d\u00eda del GP de Espa\u00f1a","og_url":"https:\/\/www.boxrepsol.com\/es\/motogp\/marc-marquez-comienza-liderando-la-primera-jornada-entrenamientos\/","og_site_name":"Box Repsol","article_publisher":"https:\/\/www.facebook.com\/BoxRepsol","article_author":"https:\/\/www.facebook.com\/BoxRepsol\/","article_published_time":"2020-07-17T02:00:00+00:00","article_modified_time":"2024-04-19T10:40:41+00:00","og_image":[{"width":1280,"height":720,"url":"https:\/\/bxrepsol.s3.eu-west-1.amazonaws.com\/static\/2022\/08\/29092559\/marc-y-alex-marquez-jerez-2020-tumbada.jpg","type":"image\/jpeg"}],"author":"Redacci\u00f3n Box Repsol","twitter_card":"summary_large_image","twitter_creator":"@https:\/\/twitter.com\/box_repsol","twitter_site":"@box_repsol","twitter_misc":{"Written by":"Redacci\u00f3n Box Repsol","Est. reading time":"2 minutos"},"schema":{"@context":"https:\/\/schema.org","@graph":[{"@type":"Article","@id":"https:\/\/www.boxrepsol.com\/es\/motogp\/marc-marquez-comienza-liderando-la-primera-jornada-entrenamientos\/#article","isPartOf":{"@id":"https:\/\/www.boxrepsol.com\/es\/motogp\/marc-marquez-comienza-liderando-la-primera-jornada-entrenamientos\/"},"author":{"name":"Redacci\u00f3n Box Repsol","@id":"https:\/\/www.boxrepsol.com\/es\/#\/schema\/person\/c5c2138f2cca251b0ad92b7086bb60b7"},"headline":"GP de Espa\u00f1a: Marc M\u00e1rquez comienza liderando la primera jornada de entrenamientos","datePublished":"2020-07-17T02:00:00+00:00","dateModified":"2024-04-19T10:40:41+00:00","mainEntityOfPage":{"@id":"https:\/\/www.boxrepsol.com\/es\/motogp\/marc-marquez-comienza-liderando-la-primera-jornada-entrenamientos\/"},"wordCount":428,"commentCount":0,"publisher":{"@id":"https:\/\/www.boxrepsol.com\/es\/#organization"},"image":{"@id":"https:\/\/www.boxrepsol.com\/es\/motogp\/marc-marquez-comienza-liderando-la-primera-jornada-entrenamientos\/#primaryimage"},"thumbnailUrl":"https:\/\/bxrepsol.s3.eu-west-1.amazonaws.com\/static\/2022\/08\/29092559\/marc-y-alex-marquez-jerez-2020-tumbada.jpg","keywords":["2020","Marc M\u00e1rquez","MotoGP Espa\u00f1a"],"articleSection":["MotoGP"],"inLanguage":"es","potentialAction":[{"@type":"CommentAction","name":"Comment","target":["https:\/\/www.boxrepsol.com\/es\/motogp\/marc-marquez-comienza-liderando-la-primera-jornada-entrenamientos\/#respond"]}]},{"@type":"WebPage","@id":"https:\/\/www.boxrepsol.com\/es\/motogp\/marc-marquez-comienza-liderando-la-primera-jornada-entrenamientos\/","url":"https:\/\/www.boxrepsol.com\/es\/motogp\/marc-marquez-comienza-liderando-la-primera-jornada-entrenamientos\/","name":"GP de Espa\u00f1a: Marc M\u00e1rquez comienza liderando la primera jornada de entrenamientos - Box Repsol","isPartOf":{"@id":"https:\/\/www.boxrepsol.com\/es\/#website"},"primaryImageOfPage":{"@id":"https:\/\/www.boxrepsol.com\/es\/motogp\/marc-marquez-comienza-liderando-la-primera-jornada-entrenamientos\/#primaryimage"},"image":{"@id":"https:\/\/www.boxrepsol.com\/es\/motogp\/marc-marquez-comienza-liderando-la-primera-jornada-entrenamientos\/#primaryimage"},"thumbnailUrl":"https:\/\/bxrepsol.s3.eu-west-1.amazonaws.com\/static\/2022\/08\/29092559\/marc-y-alex-marquez-jerez-2020-tumbada.jpg","datePublished":"2020-07-17T02:00:00+00:00","dateModified":"2024-04-19T10:40:41+00:00","description":"El vigente Campe\u00f3n del Mundo ha logrado el mejor tiempo matinal. \u00c1lex M\u00e1rquez se ha estrenado en decimos\u00e9ptima posici\u00f3n en el primer d\u00eda del GP de Espa\u00f1a","breadcrumb":{"@id":"https:\/\/www.boxrepsol.com\/es\/motogp\/marc-marquez-comienza-liderando-la-primera-jornada-entrenamientos\/#breadcrumb"},"inLanguage":"es","potentialAction":[{"@type":"ReadAction","target":["https:\/\/www.boxrepsol.com\/es\/motogp\/marc-marquez-comienza-liderando-la-primera-jornada-entrenamientos\/"]}]},{"@type":"ImageObject","inLanguage":"es","@id":"https:\/\/www.boxrepsol.com\/es\/motogp\/marc-marquez-comienza-liderando-la-primera-jornada-entrenamientos\/#primaryimage","url":"https:\/\/bxrepsol.s3.eu-west-1.amazonaws.com\/static\/2022\/08\/29092559\/marc-y-alex-marquez-jerez-2020-tumbada.jpg","contentUrl":"https:\/\/bxrepsol.s3.eu-west-1.amazonaws.com\/static\/2022\/08\/29092559\/marc-y-alex-marquez-jerez-2020-tumbada.jpg","width":1280,"height":720,"caption":"Marc M\u00e1rquez y \u00c1lex M\u00e1rquez durante una FP del GP de Espa\u00f1a 2020"},{"@type":"BreadcrumbList","@id":"https:\/\/www.boxrepsol.com\/es\/motogp\/marc-marquez-comienza-liderando-la-primera-jornada-entrenamientos\/#breadcrumb","itemListElement":[{"@type":"ListItem","position":1,"name":"Home","item":"https:\/\/www.boxrepsol.com\/es\/"},{"@type":"ListItem","position":2,"name":"GP de Espa\u00f1a: Marc M\u00e1rquez comienza liderando la primera jornada de entrenamientos"}]},{"@type":"WebSite","@id":"https:\/\/www.boxrepsol.com\/es\/#website","url":"https:\/\/www.boxrepsol.com\/es\/","name":"Box Repsol","description":"Box Repsol Site","publisher":{"@id":"https:\/\/www.boxrepsol.com\/es\/#organization"},"potentialAction":[{"@type":"SearchAction","target":{"@type":"EntryPoint","urlTemplate":"https:\/\/www.boxrepsol.com\/es\/?s={search_term_string}"},"query-input":{"@type":"PropertyValueSpecification","valueRequired":true,"valueName":"search_term_string"}}],"inLanguage":"es"},{"@type":"Organization","@id":"https:\/\/www.boxrepsol.com\/es\/#organization","name":"Box Repsol","url":"https:\/\/www.boxrepsol.com\/es\/","logo":{"@type":"ImageObject","inLanguage":"es","@id":"https:\/\/www.boxrepsol.com\/es\/#\/schema\/logo\/image\/","url":"https:\/\/bxrepsol.s3.eu-west-1.amazonaws.com\/static\/2025\/07\/30083337\/favicon-96x96-1.png","contentUrl":"https:\/\/bxrepsol.s3.eu-west-1.amazonaws.com\/static\/2025\/07\/30083337\/favicon-96x96-1.png","width":96,"height":96,"caption":"Box Repsol"},"image":{"@id":"https:\/\/www.boxrepsol.com\/es\/#\/schema\/logo\/image\/"},"sameAs":["https:\/\/www.facebook.com\/BoxRepsol","https:\/\/x.com\/box_repsol","http:\/\/instagram.com\/box_repsol","https:\/\/www.youtube.com\/user\/RepsolCompeticion","https:\/\/www.flickr.com\/photos\/box_repsol\/"]},{"@type":"Person","@id":"https:\/\/www.boxrepsol.com\/es\/#\/schema\/person\/c5c2138f2cca251b0ad92b7086bb60b7","name":"Redacci\u00f3n Box Repsol","image":{"@type":"ImageObject","inLanguage":"es","@id":"https:\/\/secure.gravatar.com\/avatar\/adf7b77e38b4419baf32c7e9c21dde01f4e40df611f0978e3006fc4ba0aaab7e?s=96&d=mm&r=g","url":"https:\/\/secure.gravatar.com\/avatar\/adf7b77e38b4419baf32c7e9c21dde01f4e40df611f0978e3006fc4ba0aaab7e?s=96&d=mm&r=g","contentUrl":"https:\/\/secure.gravatar.com\/avatar\/adf7b77e38b4419baf32c7e9c21dde01f4e40df611f0978e3006fc4ba0aaab7e?s=96&d=mm&r=g","caption":"Redacci\u00f3n Box Repsol"},"description":"Box Repsol lo forma un equipo de periodistas, community managers, dise\u00f1adores y fot\u00f3grafos con m\u00e1s de 20 a\u00f1os de experiencia en el mundo del motorsport. Hemos vivido el primer mundial de un espa\u00f1ol en la categor\u00eda reina de motociclismo con \u00c1lex Crivill\u00e9, estuvimos en las victorias de Pedrosa y los t\u00edtulos de M\u00e1rquez, acompa\u00f1amos en \u00c1frica a Nani Roma y Marc Coma en sus conquistas del Dakar y hemos vibrado con los t\u00edtulos de Toni Bou en Trial. Adem\u00e1s, en nuestro equipo contamos con expertos en el mundo de las dos y cuatro ruedas tanto de la calle y las carreteras, como de los circuitos. Periodistas que han trabajado en revistas y publicaciones para hacerte llegar desde rutas y consejos de mantenimiento, a curiosidades y trucos de pilotaje.","sameAs":["https:\/\/www.facebook.com\/BoxRepsol\/","https:\/\/www.instagram.com\/box_repsol\/","https:\/\/x.com\/https:\/\/twitter.com\/box_repsol","https:\/\/www.youtube.com\/@Boxrepsol"],"url":"https:\/\/www.boxrepsol.com\/es\/author\/redaccion-box-repsol\/"}]}},"_links":{"self":[{"href":"https:\/\/www.boxrepsol.com\/es\/wp-json\/wp\/v2\/posts\/94527","targetHints":{"allow":["GET"]}}],"collection":[{"href":"https:\/\/www.boxrepsol.com\/es\/wp-json\/wp\/v2\/posts"}],"about":[{"href":"https:\/\/www.boxrepsol.com\/es\/wp-json\/wp\/v2\/types\/post"}],"author":[{"embeddable":true,"href":"https:\/\/www.boxrepsol.com\/es\/wp-json\/wp\/v2\/users\/43146"}],"replies":[{"embeddable":true,"href":"https:\/\/www.boxrepsol.com\/es\/wp-json\/wp\/v2\/comments?post=94527"}],"version-history":[{"count":2,"href":"https:\/\/www.boxrepsol.com\/es\/wp-json\/wp\/v2\/posts\/94527\/revisions"}],"predecessor-version":[{"id":108374,"href":"https:\/\/www.boxrepsol.com\/es\/wp-json\/wp\/v2\/posts\/94527\/revisions\/108374"}],"wp:featuredmedia":[{"embeddable":true,"href":"https:\/\/www.boxrepsol.com\/es\/wp-json\/wp\/v2\/media\/64603"}],"wp:attachment":[{"href":"https:\/\/www.boxrepsol.com\/es\/wp-json\/wp\/v2\/media?parent=94527"}],"wp:term":[{"taxonomy":"category","embeddable":true,"href":"https:\/\/www.boxrepsol.com\/es\/wp-json\/wp\/v2\/categories?post=94527"},{"taxonomy":"post_tag","embeddable":true,"href":"https:\/\/www.boxrepsol.com\/es\/wp-json\/wp\/v2\/tags?post=94527"}],"curies":[{"name":"wp","href":"https:\/\/api.w.org\/{rel}","templated":true}]}}