{"id":94521,"date":"2020-07-14T00:00:00","date_gmt":"2020-07-14T02:00:00","guid":{"rendered":"http:\/\/pre.boxrepsol.com\/sin-categorizar\/acosta-montella-alonso-vencedores-la-segunda-cita-del-fim-cev-repsol-portimao\/"},"modified":"2024-10-17T08:48:23","modified_gmt":"2024-10-17T10:48:23","slug":"acosta-montella-alonso-vencedores-la-segunda-cita-del-fim-cev-repsol-portimao","status":"publish","type":"post","link":"https:\/\/www.boxrepsol.com\/es\/sin-categorizar\/acosta-montella-alonso-vencedores-la-segunda-cita-del-fim-cev-repsol-portimao\/","title":{"rendered":"Acosta, Montella y Alonso, vencedores en la segunda cita del FIM CEV Repsol en Portimao"},"content":{"rendered":"<p>El murciano <strong>Pedro Acosta<\/strong> se ha llevado la victoria en la carrera del Moto3 Junior World Championship tras un mano a mano con Xavier Artigas que se ha decidido en la recta de meta. El podio lo ha cerrado David Salvador despu\u00e9s de firmar una gran remontada.<\/p>\n<p>Las dos carreras del Campeonato de Europa de Moto2 han terminado con el mismo resultado en el podio. El italiano <strong>Yari Montella<\/strong> ha cruzado primero la meta en ambas ocasiones, seguido de Niki Tuuli, segundo, y Alessandro Zaccone, tercero.<\/p>\n<p><a href=\"https:\/\/bxrepsol.s3.eu-west-1.amazonaws.com\/static\/2022\/08\/05073741\/2FIM_M3_4797.jpg\" data-index=\"0\"><br \/>\n<img decoding=\"async\" title=\"2FIM_M3_4797\" src=\"https:\/\/bxrepsol.s3.eu-west-1.amazonaws.com\/static\/2022\/08\/05073741\/2FIM_M3_4797.jpg\" srcset=\"https:\/\/bxrepsol.s3.eu-west-1.amazonaws.com\/static\/2022\/08\/05073741\/2FIM_M3_4797.jpg 1280w, https:\/\/bxrepsol.s3.eu-west-1.amazonaws.com\/static\/2022\/08\/05073741\/2FIM_M3_4797.jpg 900w, https:\/\/bxrepsol.s3.eu-west-1.amazonaws.com\/static\/2022\/08\/05073741\/2FIM_M3_4797.jpg 600w, https:\/\/bxrepsol.s3.eu-west-1.amazonaws.com\/static\/2022\/08\/05073741\/2FIM_M3_4797.jpg 480w, https:\/\/bxrepsol.s3.eu-west-1.amazonaws.com\/static\/2022\/08\/05073741\/2FIM_M3_4797.jpg 32w\" alt=\"Podio Fim CEV Repsol Portimao 2020\" data-title=\"\" \/><br \/>\n<\/a><br \/>\n<a href=\"https:\/\/bxrepsol.s3.eu-west-1.amazonaws.com\/static\/2022\/08\/05073742\/2FIM_M3_4734.jpg\" data-index=\"1\"><br \/>\n<img decoding=\"async\" title=\"2FIM_M3_4734\" src=\"https:\/\/bxrepsol.s3.eu-west-1.amazonaws.com\/static\/2022\/08\/05073742\/2FIM_M3_4734.jpg\" srcset=\"https:\/\/bxrepsol.s3.eu-west-1.amazonaws.com\/static\/2022\/08\/05073742\/2FIM_M3_4734.jpg 1280w, https:\/\/bxrepsol.s3.eu-west-1.amazonaws.com\/static\/2022\/08\/05073742\/2FIM_M3_4734.jpg 900w, https:\/\/bxrepsol.s3.eu-west-1.amazonaws.com\/static\/2022\/08\/05073742\/2FIM_M3_4734.jpg 600w, https:\/\/bxrepsol.s3.eu-west-1.amazonaws.com\/static\/2022\/08\/05073742\/2FIM_M3_4734.jpg 480w, https:\/\/bxrepsol.s3.eu-west-1.amazonaws.com\/static\/2022\/08\/05073742\/2FIM_M3_4734.jpg 32w\" alt=\"Pilotos del Fim CEV Repsol en Portimao 2020\" data-title=\"\" \/><br \/>\n<\/a><br \/>\n<a href=\"https:\/\/bxrepsol.s3.eu-west-1.amazonaws.com\/static\/2022\/08\/05073743\/2FIM_M2_5072.jpg\" data-index=\"2\"><br \/>\n<img decoding=\"async\" title=\"2FIM_M2_5072\" src=\"https:\/\/bxrepsol.s3.eu-west-1.amazonaws.com\/static\/2022\/08\/05073743\/2FIM_M2_5072.jpg\" srcset=\"https:\/\/bxrepsol.s3.eu-west-1.amazonaws.com\/static\/2022\/08\/05073743\/2FIM_M2_5072.jpg 1280w, https:\/\/bxrepsol.s3.eu-west-1.amazonaws.com\/static\/2022\/08\/05073743\/2FIM_M2_5072.jpg 900w, https:\/\/bxrepsol.s3.eu-west-1.amazonaws.com\/static\/2022\/08\/05073743\/2FIM_M2_5072.jpg 600w, https:\/\/bxrepsol.s3.eu-west-1.amazonaws.com\/static\/2022\/08\/05073743\/2FIM_M2_5072.jpg 480w, https:\/\/bxrepsol.s3.eu-west-1.amazonaws.com\/static\/2022\/08\/05073743\/2FIM_M2_5072.jpg 32w\" alt=\"Podio del Fim CEV Repsol portimao 2020\" data-title=\"\" \/><br \/>\n<\/a><br \/>\n<a href=\"https:\/\/bxrepsol.s3.eu-west-1.amazonaws.com\/static\/2022\/08\/05073744\/2FIM_ETC_3924.jpg\" data-index=\"3\"><br \/>\n<img decoding=\"async\" title=\"2FIM_ETC_3924\" src=\"https:\/\/bxrepsol.s3.eu-west-1.amazonaws.com\/static\/2022\/08\/05073744\/2FIM_ETC_3924.jpg\" srcset=\"https:\/\/bxrepsol.s3.eu-west-1.amazonaws.com\/static\/2022\/08\/05073744\/2FIM_ETC_3924.jpg 1280w, https:\/\/bxrepsol.s3.eu-west-1.amazonaws.com\/static\/2022\/08\/05073744\/2FIM_ETC_3924.jpg 900w, https:\/\/bxrepsol.s3.eu-west-1.amazonaws.com\/static\/2022\/08\/05073744\/2FIM_ETC_3924.jpg 600w, https:\/\/bxrepsol.s3.eu-west-1.amazonaws.com\/static\/2022\/08\/05073744\/2FIM_ETC_3924.jpg 480w, https:\/\/bxrepsol.s3.eu-west-1.amazonaws.com\/static\/2022\/08\/05073744\/2FIM_ETC_3924.jpg 32w\" alt=\"Pilotos del Fim CEV Repsol rodando en pelot\u00f3n en Portimao 2020\" data-title=\"\" \/><br \/>\n<\/a><br \/>\n<a href=\"https:\/\/bxrepsol.s3.eu-west-1.amazonaws.com\/static\/2022\/08\/05073745\/2FIM_M2_3789.jpg\" data-index=\"4\"><br \/>\n<img decoding=\"async\" title=\"2FIM_M2_3789\" src=\"https:\/\/bxrepsol.s3.eu-west-1.amazonaws.com\/static\/2022\/08\/05073745\/2FIM_M2_3789.jpg\" srcset=\"https:\/\/bxrepsol.s3.eu-west-1.amazonaws.com\/static\/2022\/08\/05073745\/2FIM_M2_3789.jpg 1280w, https:\/\/bxrepsol.s3.eu-west-1.amazonaws.com\/static\/2022\/08\/05073745\/2FIM_M2_3789.jpg 900w, https:\/\/bxrepsol.s3.eu-west-1.amazonaws.com\/static\/2022\/08\/05073745\/2FIM_M2_3789.jpg 600w, https:\/\/bxrepsol.s3.eu-west-1.amazonaws.com\/static\/2022\/08\/05073745\/2FIM_M2_3789.jpg 480w, https:\/\/bxrepsol.s3.eu-west-1.amazonaws.com\/static\/2022\/08\/05073745\/2FIM_M2_3789.jpg 32w\" alt=\"Yari Montella en el podio del Fim CEV Repsol 2020 en portimao\" data-title=\"\" \/><br \/>\n<\/a><br \/>\n<button data-glide-dir=\"&lt;\"><\/p>\n<p><\/button><br \/>\n<button data-glide-dir=\"&gt;\"><\/p>\n<p><\/button><\/p>\n<p>La \u00fanica carrera de la jornada para la European Talent Cup ha tenido dos salidas debido a una bandera roja en la primera vuelta. En el segundo arranque de la prueba,<strong> David Alonso<\/strong> ha podido escaparse desde el inicio y ha logrado el triunfo con dos segundos de ventaja sobre sus perseguidores. Tras \u00e9l, los espa\u00f1oles Alberto Fern\u00e1ndez y Marco Morelli han terminado segundo y tercero, respectivamente.<\/p>\n<p>Tras la segunda cita del campeonato, Acosta y Artigas empatan en la clasificaci\u00f3n general del Moto3 Junior World Championship, mientras que los triunfos de Montella en Moto2 y Alonso en la ETC, los reafirman como l\u00edderes de sus respectivas categor\u00edas.<\/p>\n<p>La pr\u00f3xima ronda del FIM CEV Repsol tendr\u00e1 lugar en el Circuito de Jerez-\u00c1ngel Nieto y contar\u00e1 con dos d\u00edas de carreras por primera vez esta temporada. Se celebrar\u00e1n los d\u00edas 29 y 30 de agosto con un total de tres pruebas para Moto3, dos para Moto2 y tres para la ETC.<\/p>\n","protected":false},"excerpt":{"rendered":"<p>Pedro Acosta suma su primera victoria en el campeonato de Moto3, mientras que Montella (Moto2) y Alonso (ETC), se distancian en la clasificaci\u00f3n general.<\/p>\n","protected":false},"author":43146,"featured_media":64577,"comment_status":"open","ping_status":"open","sticky":false,"template":"","format":"standard","meta":{"footnotes":""},"categories":[1],"tags":[191,130],"class_list":["post-94521","post","type-post","status-publish","format-standard","hentry","category-sin-categorizar","tag-191","tag-otros-eventos-y-competiciones"],"yoast_head":"<!-- This site is optimized with the Yoast SEO plugin v27.3 - https:\/\/yoast.com\/product\/yoast-seo-wordpress\/ -->\n<title>Acosta, Montella y Alonso, vencedores en la segunda cita del FIM CEV Repsol en Portimao - Box Repsol<\/title>\n<meta name=\"description\" content=\"Pedro Acosta suma su primera victoria en el campeonato de Moto3, mientras que Montella (Moto2) y Alonso (ETC), se distancian en la clasificaci\u00f3n general.\" \/>\n<link rel=\"canonical\" href=\"https:\/\/www.boxrepsol.com\/es\/sin-categorizar\/acosta-montella-alonso-vencedores-la-segunda-cita-del-fim-cev-repsol-portimao\/\" \/>\n<meta property=\"og:locale\" content=\"es_ES\" \/>\n<meta property=\"og:type\" content=\"article\" \/>\n<meta property=\"og:title\" content=\"Acosta, Montella y Alonso, vencedores en la segunda cita del FIM CEV Repsol en Portimao - Box Repsol\" \/>\n<meta property=\"og:description\" content=\"Pedro Acosta suma su primera victoria en el campeonato de Moto3, mientras que Montella (Moto2) y Alonso (ETC), se distancian en la clasificaci\u00f3n general.\" \/>\n<meta property=\"og:url\" content=\"https:\/\/www.boxrepsol.com\/es\/sin-categorizar\/acosta-montella-alonso-vencedores-la-segunda-cita-del-fim-cev-repsol-portimao\/\" \/>\n<meta property=\"og:site_name\" content=\"Box Repsol\" \/>\n<meta property=\"article:publisher\" content=\"https:\/\/www.facebook.com\/BoxRepsol\" \/>\n<meta property=\"article:author\" content=\"https:\/\/www.facebook.com\/BoxRepsol\/\" \/>\n<meta property=\"article:published_time\" content=\"2020-07-14T02:00:00+00:00\" \/>\n<meta property=\"article:modified_time\" content=\"2024-10-17T10:48:23+00:00\" \/>\n<meta property=\"og:image\" content=\"https:\/\/bxrepsol.s3.eu-west-1.amazonaws.com\/static\/2022\/08\/29092537\/2FIM_ETC_4326.jpg\" \/>\n\t<meta property=\"og:image:width\" content=\"1280\" \/>\n\t<meta property=\"og:image:height\" content=\"720\" \/>\n\t<meta property=\"og:image:type\" content=\"image\/jpeg\" \/>\n<meta name=\"author\" content=\"Redacci\u00f3n Box Repsol\" \/>\n<meta name=\"twitter:card\" content=\"summary_large_image\" \/>\n<meta name=\"twitter:creator\" content=\"@https:\/\/twitter.com\/box_repsol\" \/>\n<meta name=\"twitter:site\" content=\"@box_repsol\" \/>\n<meta name=\"twitter:label1\" content=\"Written by\" \/>\n\t<meta name=\"twitter:data1\" content=\"Redacci\u00f3n Box Repsol\" \/>\n\t<meta name=\"twitter:label2\" content=\"Est. reading time\" \/>\n\t<meta name=\"twitter:data2\" content=\"1 minuto\" \/>\n<script type=\"application\/ld+json\" class=\"yoast-schema-graph\">{\"@context\":\"https:\\\/\\\/schema.org\",\"@graph\":[{\"@type\":\"Article\",\"@id\":\"https:\\\/\\\/www.boxrepsol.com\\\/es\\\/sin-categorizar\\\/acosta-montella-alonso-vencedores-la-segunda-cita-del-fim-cev-repsol-portimao\\\/#article\",\"isPartOf\":{\"@id\":\"https:\\\/\\\/www.boxrepsol.com\\\/es\\\/sin-categorizar\\\/acosta-montella-alonso-vencedores-la-segunda-cita-del-fim-cev-repsol-portimao\\\/\"},\"author\":{\"name\":\"Redacci\u00f3n Box Repsol\",\"@id\":\"https:\\\/\\\/www.boxrepsol.com\\\/es\\\/#\\\/schema\\\/person\\\/c5c2138f2cca251b0ad92b7086bb60b7\"},\"headline\":\"Acosta, Montella y Alonso, vencedores en la segunda cita del FIM CEV Repsol en Portimao\",\"datePublished\":\"2020-07-14T02:00:00+00:00\",\"dateModified\":\"2024-10-17T10:48:23+00:00\",\"mainEntityOfPage\":{\"@id\":\"https:\\\/\\\/www.boxrepsol.com\\\/es\\\/sin-categorizar\\\/acosta-montella-alonso-vencedores-la-segunda-cita-del-fim-cev-repsol-portimao\\\/\"},\"wordCount\":269,\"commentCount\":0,\"publisher\":{\"@id\":\"https:\\\/\\\/www.boxrepsol.com\\\/es\\\/#organization\"},\"image\":{\"@id\":\"https:\\\/\\\/www.boxrepsol.com\\\/es\\\/sin-categorizar\\\/acosta-montella-alonso-vencedores-la-segunda-cita-del-fim-cev-repsol-portimao\\\/#primaryimage\"},\"thumbnailUrl\":\"https:\\\/\\\/bxrepsol.s3.eu-west-1.amazonaws.com\\\/static\\\/2022\\\/08\\\/29092537\\\/2FIM_ETC_4326.jpg\",\"keywords\":[\"2020\",\"otros eventos y competiciones\"],\"articleSection\":[\"Sin categorizar\"],\"inLanguage\":\"es\",\"potentialAction\":[{\"@type\":\"CommentAction\",\"name\":\"Comment\",\"target\":[\"https:\\\/\\\/www.boxrepsol.com\\\/es\\\/sin-categorizar\\\/acosta-montella-alonso-vencedores-la-segunda-cita-del-fim-cev-repsol-portimao\\\/#respond\"]}]},{\"@type\":\"WebPage\",\"@id\":\"https:\\\/\\\/www.boxrepsol.com\\\/es\\\/sin-categorizar\\\/acosta-montella-alonso-vencedores-la-segunda-cita-del-fim-cev-repsol-portimao\\\/\",\"url\":\"https:\\\/\\\/www.boxrepsol.com\\\/es\\\/sin-categorizar\\\/acosta-montella-alonso-vencedores-la-segunda-cita-del-fim-cev-repsol-portimao\\\/\",\"name\":\"Acosta, Montella y Alonso, vencedores en la segunda cita del FIM CEV Repsol en Portimao - Box Repsol\",\"isPartOf\":{\"@id\":\"https:\\\/\\\/www.boxrepsol.com\\\/es\\\/#website\"},\"primaryImageOfPage\":{\"@id\":\"https:\\\/\\\/www.boxrepsol.com\\\/es\\\/sin-categorizar\\\/acosta-montella-alonso-vencedores-la-segunda-cita-del-fim-cev-repsol-portimao\\\/#primaryimage\"},\"image\":{\"@id\":\"https:\\\/\\\/www.boxrepsol.com\\\/es\\\/sin-categorizar\\\/acosta-montella-alonso-vencedores-la-segunda-cita-del-fim-cev-repsol-portimao\\\/#primaryimage\"},\"thumbnailUrl\":\"https:\\\/\\\/bxrepsol.s3.eu-west-1.amazonaws.com\\\/static\\\/2022\\\/08\\\/29092537\\\/2FIM_ETC_4326.jpg\",\"datePublished\":\"2020-07-14T02:00:00+00:00\",\"dateModified\":\"2024-10-17T10:48:23+00:00\",\"description\":\"Pedro Acosta suma su primera victoria en el campeonato de Moto3, mientras que Montella (Moto2) y Alonso (ETC), se distancian en la clasificaci\u00f3n general.\",\"breadcrumb\":{\"@id\":\"https:\\\/\\\/www.boxrepsol.com\\\/es\\\/sin-categorizar\\\/acosta-montella-alonso-vencedores-la-segunda-cita-del-fim-cev-repsol-portimao\\\/#breadcrumb\"},\"inLanguage\":\"es\",\"potentialAction\":[{\"@type\":\"ReadAction\",\"target\":[\"https:\\\/\\\/www.boxrepsol.com\\\/es\\\/sin-categorizar\\\/acosta-montella-alonso-vencedores-la-segunda-cita-del-fim-cev-repsol-portimao\\\/\"]}]},{\"@type\":\"ImageObject\",\"inLanguage\":\"es\",\"@id\":\"https:\\\/\\\/www.boxrepsol.com\\\/es\\\/sin-categorizar\\\/acosta-montella-alonso-vencedores-la-segunda-cita-del-fim-cev-repsol-portimao\\\/#primaryimage\",\"url\":\"https:\\\/\\\/bxrepsol.s3.eu-west-1.amazonaws.com\\\/static\\\/2022\\\/08\\\/29092537\\\/2FIM_ETC_4326.jpg\",\"contentUrl\":\"https:\\\/\\\/bxrepsol.s3.eu-west-1.amazonaws.com\\\/static\\\/2022\\\/08\\\/29092537\\\/2FIM_ETC_4326.jpg\",\"width\":1280,\"height\":720,\"caption\":\"David Alonso vencedor en el Fim Cev Repsol de Portimao\"},{\"@type\":\"BreadcrumbList\",\"@id\":\"https:\\\/\\\/www.boxrepsol.com\\\/es\\\/sin-categorizar\\\/acosta-montella-alonso-vencedores-la-segunda-cita-del-fim-cev-repsol-portimao\\\/#breadcrumb\",\"itemListElement\":[{\"@type\":\"ListItem\",\"position\":1,\"name\":\"Home\",\"item\":\"https:\\\/\\\/www.boxrepsol.com\\\/es\\\/\"},{\"@type\":\"ListItem\",\"position\":2,\"name\":\"Acosta, Montella y Alonso, vencedores en la segunda cita del FIM CEV Repsol en Portimao\"}]},{\"@type\":\"WebSite\",\"@id\":\"https:\\\/\\\/www.boxrepsol.com\\\/es\\\/#website\",\"url\":\"https:\\\/\\\/www.boxrepsol.com\\\/es\\\/\",\"name\":\"Box Repsol\",\"description\":\"Box Repsol Site\",\"publisher\":{\"@id\":\"https:\\\/\\\/www.boxrepsol.com\\\/es\\\/#organization\"},\"potentialAction\":[{\"@type\":\"SearchAction\",\"target\":{\"@type\":\"EntryPoint\",\"urlTemplate\":\"https:\\\/\\\/www.boxrepsol.com\\\/es\\\/?s={search_term_string}\"},\"query-input\":{\"@type\":\"PropertyValueSpecification\",\"valueRequired\":true,\"valueName\":\"search_term_string\"}}],\"inLanguage\":\"es\"},{\"@type\":\"Organization\",\"@id\":\"https:\\\/\\\/www.boxrepsol.com\\\/es\\\/#organization\",\"name\":\"Box Repsol\",\"url\":\"https:\\\/\\\/www.boxrepsol.com\\\/es\\\/\",\"logo\":{\"@type\":\"ImageObject\",\"inLanguage\":\"es\",\"@id\":\"https:\\\/\\\/www.boxrepsol.com\\\/es\\\/#\\\/schema\\\/logo\\\/image\\\/\",\"url\":\"https:\\\/\\\/bxrepsol.s3.eu-west-1.amazonaws.com\\\/static\\\/2025\\\/07\\\/30083337\\\/favicon-96x96-1.png\",\"contentUrl\":\"https:\\\/\\\/bxrepsol.s3.eu-west-1.amazonaws.com\\\/static\\\/2025\\\/07\\\/30083337\\\/favicon-96x96-1.png\",\"width\":96,\"height\":96,\"caption\":\"Box Repsol\"},\"image\":{\"@id\":\"https:\\\/\\\/www.boxrepsol.com\\\/es\\\/#\\\/schema\\\/logo\\\/image\\\/\"},\"sameAs\":[\"https:\\\/\\\/www.facebook.com\\\/BoxRepsol\",\"https:\\\/\\\/x.com\\\/box_repsol\",\"http:\\\/\\\/instagram.com\\\/box_repsol\",\"https:\\\/\\\/www.youtube.com\\\/user\\\/RepsolCompeticion\",\"https:\\\/\\\/www.flickr.com\\\/photos\\\/box_repsol\\\/\"]},{\"@type\":\"Person\",\"@id\":\"https:\\\/\\\/www.boxrepsol.com\\\/es\\\/#\\\/schema\\\/person\\\/c5c2138f2cca251b0ad92b7086bb60b7\",\"name\":\"Redacci\u00f3n Box Repsol\",\"image\":{\"@type\":\"ImageObject\",\"inLanguage\":\"es\",\"@id\":\"https:\\\/\\\/secure.gravatar.com\\\/avatar\\\/adf7b77e38b4419baf32c7e9c21dde01f4e40df611f0978e3006fc4ba0aaab7e?s=96&d=mm&r=g\",\"url\":\"https:\\\/\\\/secure.gravatar.com\\\/avatar\\\/adf7b77e38b4419baf32c7e9c21dde01f4e40df611f0978e3006fc4ba0aaab7e?s=96&d=mm&r=g\",\"contentUrl\":\"https:\\\/\\\/secure.gravatar.com\\\/avatar\\\/adf7b77e38b4419baf32c7e9c21dde01f4e40df611f0978e3006fc4ba0aaab7e?s=96&d=mm&r=g\",\"caption\":\"Redacci\u00f3n Box Repsol\"},\"description\":\"Box Repsol lo forma un equipo de periodistas, community managers, dise\u00f1adores y fot\u00f3grafos con m\u00e1s de 20 a\u00f1os de experiencia en el mundo del motorsport. Hemos vivido el primer mundial de un espa\u00f1ol en la categor\u00eda reina de motociclismo con \u00c1lex Crivill\u00e9, estuvimos en las victorias de Pedrosa y los t\u00edtulos de M\u00e1rquez, acompa\u00f1amos en \u00c1frica a Nani Roma y Marc Coma en sus conquistas del Dakar y hemos vibrado con los t\u00edtulos de Toni Bou en Trial. Adem\u00e1s, en nuestro equipo contamos con expertos en el mundo de las dos y cuatro ruedas tanto de la calle y las carreteras, como de los circuitos. Periodistas que han trabajado en revistas y publicaciones para hacerte llegar desde rutas y consejos de mantenimiento, a curiosidades y trucos de pilotaje.\",\"sameAs\":[\"https:\\\/\\\/www.facebook.com\\\/BoxRepsol\\\/\",\"https:\\\/\\\/www.instagram.com\\\/box_repsol\\\/\",\"https:\\\/\\\/x.com\\\/https:\\\/\\\/twitter.com\\\/box_repsol\",\"https:\\\/\\\/www.youtube.com\\\/@Boxrepsol\"],\"url\":\"https:\\\/\\\/www.boxrepsol.com\\\/es\\\/author\\\/redaccion-box-repsol\\\/\"}]}<\/script>\n<!-- \/ Yoast SEO plugin. -->","yoast_head_json":{"title":"Acosta, Montella y Alonso, vencedores en la segunda cita del FIM CEV Repsol en Portimao - Box Repsol","description":"Pedro Acosta suma su primera victoria en el campeonato de Moto3, mientras que Montella (Moto2) y Alonso (ETC), se distancian en la clasificaci\u00f3n general.","canonical":"https:\/\/www.boxrepsol.com\/es\/sin-categorizar\/acosta-montella-alonso-vencedores-la-segunda-cita-del-fim-cev-repsol-portimao\/","og_locale":"es_ES","og_type":"article","og_title":"Acosta, Montella y Alonso, vencedores en la segunda cita del FIM CEV Repsol en Portimao - Box Repsol","og_description":"Pedro Acosta suma su primera victoria en el campeonato de Moto3, mientras que Montella (Moto2) y Alonso (ETC), se distancian en la clasificaci\u00f3n general.","og_url":"https:\/\/www.boxrepsol.com\/es\/sin-categorizar\/acosta-montella-alonso-vencedores-la-segunda-cita-del-fim-cev-repsol-portimao\/","og_site_name":"Box Repsol","article_publisher":"https:\/\/www.facebook.com\/BoxRepsol","article_author":"https:\/\/www.facebook.com\/BoxRepsol\/","article_published_time":"2020-07-14T02:00:00+00:00","article_modified_time":"2024-10-17T10:48:23+00:00","og_image":[{"width":1280,"height":720,"url":"https:\/\/bxrepsol.s3.eu-west-1.amazonaws.com\/static\/2022\/08\/29092537\/2FIM_ETC_4326.jpg","type":"image\/jpeg"}],"author":"Redacci\u00f3n Box Repsol","twitter_card":"summary_large_image","twitter_creator":"@https:\/\/twitter.com\/box_repsol","twitter_site":"@box_repsol","twitter_misc":{"Written by":"Redacci\u00f3n Box Repsol","Est. reading time":"1 minuto"},"schema":{"@context":"https:\/\/schema.org","@graph":[{"@type":"Article","@id":"https:\/\/www.boxrepsol.com\/es\/sin-categorizar\/acosta-montella-alonso-vencedores-la-segunda-cita-del-fim-cev-repsol-portimao\/#article","isPartOf":{"@id":"https:\/\/www.boxrepsol.com\/es\/sin-categorizar\/acosta-montella-alonso-vencedores-la-segunda-cita-del-fim-cev-repsol-portimao\/"},"author":{"name":"Redacci\u00f3n Box Repsol","@id":"https:\/\/www.boxrepsol.com\/es\/#\/schema\/person\/c5c2138f2cca251b0ad92b7086bb60b7"},"headline":"Acosta, Montella y Alonso, vencedores en la segunda cita del FIM CEV Repsol en Portimao","datePublished":"2020-07-14T02:00:00+00:00","dateModified":"2024-10-17T10:48:23+00:00","mainEntityOfPage":{"@id":"https:\/\/www.boxrepsol.com\/es\/sin-categorizar\/acosta-montella-alonso-vencedores-la-segunda-cita-del-fim-cev-repsol-portimao\/"},"wordCount":269,"commentCount":0,"publisher":{"@id":"https:\/\/www.boxrepsol.com\/es\/#organization"},"image":{"@id":"https:\/\/www.boxrepsol.com\/es\/sin-categorizar\/acosta-montella-alonso-vencedores-la-segunda-cita-del-fim-cev-repsol-portimao\/#primaryimage"},"thumbnailUrl":"https:\/\/bxrepsol.s3.eu-west-1.amazonaws.com\/static\/2022\/08\/29092537\/2FIM_ETC_4326.jpg","keywords":["2020","otros eventos y competiciones"],"articleSection":["Sin categorizar"],"inLanguage":"es","potentialAction":[{"@type":"CommentAction","name":"Comment","target":["https:\/\/www.boxrepsol.com\/es\/sin-categorizar\/acosta-montella-alonso-vencedores-la-segunda-cita-del-fim-cev-repsol-portimao\/#respond"]}]},{"@type":"WebPage","@id":"https:\/\/www.boxrepsol.com\/es\/sin-categorizar\/acosta-montella-alonso-vencedores-la-segunda-cita-del-fim-cev-repsol-portimao\/","url":"https:\/\/www.boxrepsol.com\/es\/sin-categorizar\/acosta-montella-alonso-vencedores-la-segunda-cita-del-fim-cev-repsol-portimao\/","name":"Acosta, Montella y Alonso, vencedores en la segunda cita del FIM CEV Repsol en Portimao - Box Repsol","isPartOf":{"@id":"https:\/\/www.boxrepsol.com\/es\/#website"},"primaryImageOfPage":{"@id":"https:\/\/www.boxrepsol.com\/es\/sin-categorizar\/acosta-montella-alonso-vencedores-la-segunda-cita-del-fim-cev-repsol-portimao\/#primaryimage"},"image":{"@id":"https:\/\/www.boxrepsol.com\/es\/sin-categorizar\/acosta-montella-alonso-vencedores-la-segunda-cita-del-fim-cev-repsol-portimao\/#primaryimage"},"thumbnailUrl":"https:\/\/bxrepsol.s3.eu-west-1.amazonaws.com\/static\/2022\/08\/29092537\/2FIM_ETC_4326.jpg","datePublished":"2020-07-14T02:00:00+00:00","dateModified":"2024-10-17T10:48:23+00:00","description":"Pedro Acosta suma su primera victoria en el campeonato de Moto3, mientras que Montella (Moto2) y Alonso (ETC), se distancian en la clasificaci\u00f3n general.","breadcrumb":{"@id":"https:\/\/www.boxrepsol.com\/es\/sin-categorizar\/acosta-montella-alonso-vencedores-la-segunda-cita-del-fim-cev-repsol-portimao\/#breadcrumb"},"inLanguage":"es","potentialAction":[{"@type":"ReadAction","target":["https:\/\/www.boxrepsol.com\/es\/sin-categorizar\/acosta-montella-alonso-vencedores-la-segunda-cita-del-fim-cev-repsol-portimao\/"]}]},{"@type":"ImageObject","inLanguage":"es","@id":"https:\/\/www.boxrepsol.com\/es\/sin-categorizar\/acosta-montella-alonso-vencedores-la-segunda-cita-del-fim-cev-repsol-portimao\/#primaryimage","url":"https:\/\/bxrepsol.s3.eu-west-1.amazonaws.com\/static\/2022\/08\/29092537\/2FIM_ETC_4326.jpg","contentUrl":"https:\/\/bxrepsol.s3.eu-west-1.amazonaws.com\/static\/2022\/08\/29092537\/2FIM_ETC_4326.jpg","width":1280,"height":720,"caption":"David Alonso vencedor en el Fim Cev Repsol de Portimao"},{"@type":"BreadcrumbList","@id":"https:\/\/www.boxrepsol.com\/es\/sin-categorizar\/acosta-montella-alonso-vencedores-la-segunda-cita-del-fim-cev-repsol-portimao\/#breadcrumb","itemListElement":[{"@type":"ListItem","position":1,"name":"Home","item":"https:\/\/www.boxrepsol.com\/es\/"},{"@type":"ListItem","position":2,"name":"Acosta, Montella y Alonso, vencedores en la segunda cita del FIM CEV Repsol en Portimao"}]},{"@type":"WebSite","@id":"https:\/\/www.boxrepsol.com\/es\/#website","url":"https:\/\/www.boxrepsol.com\/es\/","name":"Box Repsol","description":"Box Repsol Site","publisher":{"@id":"https:\/\/www.boxrepsol.com\/es\/#organization"},"potentialAction":[{"@type":"SearchAction","target":{"@type":"EntryPoint","urlTemplate":"https:\/\/www.boxrepsol.com\/es\/?s={search_term_string}"},"query-input":{"@type":"PropertyValueSpecification","valueRequired":true,"valueName":"search_term_string"}}],"inLanguage":"es"},{"@type":"Organization","@id":"https:\/\/www.boxrepsol.com\/es\/#organization","name":"Box Repsol","url":"https:\/\/www.boxrepsol.com\/es\/","logo":{"@type":"ImageObject","inLanguage":"es","@id":"https:\/\/www.boxrepsol.com\/es\/#\/schema\/logo\/image\/","url":"https:\/\/bxrepsol.s3.eu-west-1.amazonaws.com\/static\/2025\/07\/30083337\/favicon-96x96-1.png","contentUrl":"https:\/\/bxrepsol.s3.eu-west-1.amazonaws.com\/static\/2025\/07\/30083337\/favicon-96x96-1.png","width":96,"height":96,"caption":"Box Repsol"},"image":{"@id":"https:\/\/www.boxrepsol.com\/es\/#\/schema\/logo\/image\/"},"sameAs":["https:\/\/www.facebook.com\/BoxRepsol","https:\/\/x.com\/box_repsol","http:\/\/instagram.com\/box_repsol","https:\/\/www.youtube.com\/user\/RepsolCompeticion","https:\/\/www.flickr.com\/photos\/box_repsol\/"]},{"@type":"Person","@id":"https:\/\/www.boxrepsol.com\/es\/#\/schema\/person\/c5c2138f2cca251b0ad92b7086bb60b7","name":"Redacci\u00f3n Box Repsol","image":{"@type":"ImageObject","inLanguage":"es","@id":"https:\/\/secure.gravatar.com\/avatar\/adf7b77e38b4419baf32c7e9c21dde01f4e40df611f0978e3006fc4ba0aaab7e?s=96&d=mm&r=g","url":"https:\/\/secure.gravatar.com\/avatar\/adf7b77e38b4419baf32c7e9c21dde01f4e40df611f0978e3006fc4ba0aaab7e?s=96&d=mm&r=g","contentUrl":"https:\/\/secure.gravatar.com\/avatar\/adf7b77e38b4419baf32c7e9c21dde01f4e40df611f0978e3006fc4ba0aaab7e?s=96&d=mm&r=g","caption":"Redacci\u00f3n Box Repsol"},"description":"Box Repsol lo forma un equipo de periodistas, community managers, dise\u00f1adores y fot\u00f3grafos con m\u00e1s de 20 a\u00f1os de experiencia en el mundo del motorsport. Hemos vivido el primer mundial de un espa\u00f1ol en la categor\u00eda reina de motociclismo con \u00c1lex Crivill\u00e9, estuvimos en las victorias de Pedrosa y los t\u00edtulos de M\u00e1rquez, acompa\u00f1amos en \u00c1frica a Nani Roma y Marc Coma en sus conquistas del Dakar y hemos vibrado con los t\u00edtulos de Toni Bou en Trial. Adem\u00e1s, en nuestro equipo contamos con expertos en el mundo de las dos y cuatro ruedas tanto de la calle y las carreteras, como de los circuitos. Periodistas que han trabajado en revistas y publicaciones para hacerte llegar desde rutas y consejos de mantenimiento, a curiosidades y trucos de pilotaje.","sameAs":["https:\/\/www.facebook.com\/BoxRepsol\/","https:\/\/www.instagram.com\/box_repsol\/","https:\/\/x.com\/https:\/\/twitter.com\/box_repsol","https:\/\/www.youtube.com\/@Boxrepsol"],"url":"https:\/\/www.boxrepsol.com\/es\/author\/redaccion-box-repsol\/"}]}},"_links":{"self":[{"href":"https:\/\/www.boxrepsol.com\/es\/wp-json\/wp\/v2\/posts\/94521","targetHints":{"allow":["GET"]}}],"collection":[{"href":"https:\/\/www.boxrepsol.com\/es\/wp-json\/wp\/v2\/posts"}],"about":[{"href":"https:\/\/www.boxrepsol.com\/es\/wp-json\/wp\/v2\/types\/post"}],"author":[{"embeddable":true,"href":"https:\/\/www.boxrepsol.com\/es\/wp-json\/wp\/v2\/users\/43146"}],"replies":[{"embeddable":true,"href":"https:\/\/www.boxrepsol.com\/es\/wp-json\/wp\/v2\/comments?post=94521"}],"version-history":[{"count":2,"href":"https:\/\/www.boxrepsol.com\/es\/wp-json\/wp\/v2\/posts\/94521\/revisions"}],"predecessor-version":[{"id":121290,"href":"https:\/\/www.boxrepsol.com\/es\/wp-json\/wp\/v2\/posts\/94521\/revisions\/121290"}],"wp:featuredmedia":[{"embeddable":true,"href":"https:\/\/www.boxrepsol.com\/es\/wp-json\/wp\/v2\/media\/64577"}],"wp:attachment":[{"href":"https:\/\/www.boxrepsol.com\/es\/wp-json\/wp\/v2\/media?parent=94521"}],"wp:term":[{"taxonomy":"category","embeddable":true,"href":"https:\/\/www.boxrepsol.com\/es\/wp-json\/wp\/v2\/categories?post=94521"},{"taxonomy":"post_tag","embeddable":true,"href":"https:\/\/www.boxrepsol.com\/es\/wp-json\/wp\/v2\/tags?post=94521"}],"curies":[{"name":"wp","href":"https:\/\/api.w.org\/{rel}","templated":true}]}}