{"id":94517,"date":"2020-07-10T00:00:00","date_gmt":"2020-07-10T02:00:00","guid":{"rendered":"http:\/\/pre.boxrepsol.com\/sin-categorizar\/llega-la-segunda-prueba-del-fim-cev-repsol-portimao\/"},"modified":"2024-04-19T08:41:33","modified_gmt":"2024-04-19T10:41:33","slug":"llega-la-segunda-prueba-del-fim-cev-repsol-portimao","status":"publish","type":"post","link":"https:\/\/www.boxrepsol.com\/es\/sin-categorizar\/llega-la-segunda-prueba-del-fim-cev-repsol-portimao\/","title":{"rendered":"Llega la segunda prueba del FIM CEV Repsol en Portimao"},"content":{"rendered":"<p>A diferencia de la primera carrera, en esta ocasi\u00f3n se va a disputar una \u00fanica prueba tanto del FIM Moto3\u2122 Junior World Championship como del Campeonato de Europa Moto2. De la European Talent Cup, en cambio, se seguir\u00e1n disputando dos carreras.<\/p>\n<p>Xavier Artigas -FIM Moto3\u2122 Junior World Championship- , Yari Montella \u2013 Campeonato de Europa de Moto2- y David Alonso \u2013European Talent Cup- tratar\u00e1n de seguir defendiendo sus respectivos lideratos despu\u00e9s de lograr s\u00f3lidas victorias en la que fue la primera prueba de la temporada.<\/p>\n","protected":false},"excerpt":{"rendered":"<p>Tras el inicio del campeonato en el circuito de Estoril este pasado martes, la segunda cita del FIM CEV Repsol se celebra este domingo y lunes en el Aut\u00f3dromo Internacional do Algarve, en Portugal.<\/p>\n","protected":false},"author":43146,"featured_media":64547,"comment_status":"open","ping_status":"open","sticky":false,"template":"","format":"standard","meta":{"footnotes":""},"categories":[1],"tags":[191,130],"class_list":["post-94517","post","type-post","status-publish","format-standard","hentry","category-sin-categorizar","tag-191","tag-otros-eventos-y-competiciones"],"yoast_head":"<!-- This site is optimized with the Yoast SEO plugin v27.3 - https:\/\/yoast.com\/product\/yoast-seo-wordpress\/ -->\n<title>Llega la segunda prueba del FIM CEV Repsol en Portimao - Box Repsol<\/title>\n<meta name=\"description\" content=\"Tras el inicio del campeonato en el circuito de Estoril este pasado martes, la segunda cita del FIM CEV Repsol se celebra este domingo y lunes en el Aut\u00f3dromo Internacional do Algarve, en Portugal.\" \/>\n<link rel=\"canonical\" href=\"https:\/\/www.boxrepsol.com\/es\/sin-categorizar\/llega-la-segunda-prueba-del-fim-cev-repsol-portimao\/\" \/>\n<meta property=\"og:locale\" content=\"es_ES\" \/>\n<meta property=\"og:type\" content=\"article\" \/>\n<meta property=\"og:title\" content=\"Llega la segunda prueba del FIM CEV Repsol en Portimao - Box Repsol\" \/>\n<meta property=\"og:description\" content=\"Tras el inicio del campeonato en el circuito de Estoril este pasado martes, la segunda cita del FIM CEV Repsol se celebra este domingo y lunes en el Aut\u00f3dromo Internacional do Algarve, en Portugal.\" \/>\n<meta property=\"og:url\" content=\"https:\/\/www.boxrepsol.com\/es\/sin-categorizar\/llega-la-segunda-prueba-del-fim-cev-repsol-portimao\/\" \/>\n<meta property=\"og:site_name\" content=\"Box Repsol\" \/>\n<meta property=\"article:publisher\" content=\"https:\/\/www.facebook.com\/BoxRepsol\" \/>\n<meta property=\"article:author\" content=\"https:\/\/www.facebook.com\/BoxRepsol\/\" \/>\n<meta property=\"article:published_time\" content=\"2020-07-10T02:00:00+00:00\" \/>\n<meta property=\"article:modified_time\" content=\"2024-04-19T10:41:33+00:00\" \/>\n<meta property=\"og:image\" content=\"https:\/\/bxrepsol.s3.eu-west-1.amazonaws.com\/static\/2022\/08\/29092514\/fim-cev-repsol-estoril-peloton-moto2-2020-1.jpg\" \/>\n\t<meta property=\"og:image:width\" content=\"1280\" \/>\n\t<meta property=\"og:image:height\" content=\"720\" \/>\n\t<meta property=\"og:image:type\" content=\"image\/jpeg\" \/>\n<meta name=\"author\" content=\"Redacci\u00f3n Box Repsol\" \/>\n<meta name=\"twitter:card\" content=\"summary_large_image\" \/>\n<meta name=\"twitter:creator\" content=\"@https:\/\/twitter.com\/box_repsol\" \/>\n<meta name=\"twitter:site\" content=\"@box_repsol\" \/>\n<meta name=\"twitter:label1\" content=\"Written by\" \/>\n\t<meta name=\"twitter:data1\" content=\"Redacci\u00f3n Box Repsol\" \/>\n<script type=\"application\/ld+json\" class=\"yoast-schema-graph\">{\"@context\":\"https:\\\/\\\/schema.org\",\"@graph\":[{\"@type\":\"Article\",\"@id\":\"https:\\\/\\\/www.boxrepsol.com\\\/es\\\/sin-categorizar\\\/llega-la-segunda-prueba-del-fim-cev-repsol-portimao\\\/#article\",\"isPartOf\":{\"@id\":\"https:\\\/\\\/www.boxrepsol.com\\\/es\\\/sin-categorizar\\\/llega-la-segunda-prueba-del-fim-cev-repsol-portimao\\\/\"},\"author\":{\"name\":\"Redacci\u00f3n Box Repsol\",\"@id\":\"https:\\\/\\\/www.boxrepsol.com\\\/es\\\/#\\\/schema\\\/person\\\/c5c2138f2cca251b0ad92b7086bb60b7\"},\"headline\":\"Llega la segunda prueba del FIM CEV Repsol en Portimao\",\"datePublished\":\"2020-07-10T02:00:00+00:00\",\"dateModified\":\"2024-04-19T10:41:33+00:00\",\"mainEntityOfPage\":{\"@id\":\"https:\\\/\\\/www.boxrepsol.com\\\/es\\\/sin-categorizar\\\/llega-la-segunda-prueba-del-fim-cev-repsol-portimao\\\/\"},\"wordCount\":99,\"commentCount\":0,\"publisher\":{\"@id\":\"https:\\\/\\\/www.boxrepsol.com\\\/es\\\/#organization\"},\"image\":{\"@id\":\"https:\\\/\\\/www.boxrepsol.com\\\/es\\\/sin-categorizar\\\/llega-la-segunda-prueba-del-fim-cev-repsol-portimao\\\/#primaryimage\"},\"thumbnailUrl\":\"https:\\\/\\\/bxrepsol.s3.eu-west-1.amazonaws.com\\\/static\\\/2022\\\/08\\\/29092514\\\/fim-cev-repsol-estoril-peloton-moto2-2020-1.jpg\",\"keywords\":[\"2020\",\"otros eventos y competiciones\"],\"articleSection\":[\"Sin categorizar\"],\"inLanguage\":\"es\",\"potentialAction\":[{\"@type\":\"CommentAction\",\"name\":\"Comment\",\"target\":[\"https:\\\/\\\/www.boxrepsol.com\\\/es\\\/sin-categorizar\\\/llega-la-segunda-prueba-del-fim-cev-repsol-portimao\\\/#respond\"]}]},{\"@type\":\"WebPage\",\"@id\":\"https:\\\/\\\/www.boxrepsol.com\\\/es\\\/sin-categorizar\\\/llega-la-segunda-prueba-del-fim-cev-repsol-portimao\\\/\",\"url\":\"https:\\\/\\\/www.boxrepsol.com\\\/es\\\/sin-categorizar\\\/llega-la-segunda-prueba-del-fim-cev-repsol-portimao\\\/\",\"name\":\"Llega la segunda prueba del FIM CEV Repsol en Portimao - Box Repsol\",\"isPartOf\":{\"@id\":\"https:\\\/\\\/www.boxrepsol.com\\\/es\\\/#website\"},\"primaryImageOfPage\":{\"@id\":\"https:\\\/\\\/www.boxrepsol.com\\\/es\\\/sin-categorizar\\\/llega-la-segunda-prueba-del-fim-cev-repsol-portimao\\\/#primaryimage\"},\"image\":{\"@id\":\"https:\\\/\\\/www.boxrepsol.com\\\/es\\\/sin-categorizar\\\/llega-la-segunda-prueba-del-fim-cev-repsol-portimao\\\/#primaryimage\"},\"thumbnailUrl\":\"https:\\\/\\\/bxrepsol.s3.eu-west-1.amazonaws.com\\\/static\\\/2022\\\/08\\\/29092514\\\/fim-cev-repsol-estoril-peloton-moto2-2020-1.jpg\",\"datePublished\":\"2020-07-10T02:00:00+00:00\",\"dateModified\":\"2024-04-19T10:41:33+00:00\",\"description\":\"Tras el inicio del campeonato en el circuito de Estoril este pasado martes, la segunda cita del FIM CEV Repsol se celebra este domingo y lunes en el Aut\u00f3dromo Internacional do Algarve, en Portugal.\",\"breadcrumb\":{\"@id\":\"https:\\\/\\\/www.boxrepsol.com\\\/es\\\/sin-categorizar\\\/llega-la-segunda-prueba-del-fim-cev-repsol-portimao\\\/#breadcrumb\"},\"inLanguage\":\"es\",\"potentialAction\":[{\"@type\":\"ReadAction\",\"target\":[\"https:\\\/\\\/www.boxrepsol.com\\\/es\\\/sin-categorizar\\\/llega-la-segunda-prueba-del-fim-cev-repsol-portimao\\\/\"]}]},{\"@type\":\"ImageObject\",\"inLanguage\":\"es\",\"@id\":\"https:\\\/\\\/www.boxrepsol.com\\\/es\\\/sin-categorizar\\\/llega-la-segunda-prueba-del-fim-cev-repsol-portimao\\\/#primaryimage\",\"url\":\"https:\\\/\\\/bxrepsol.s3.eu-west-1.amazonaws.com\\\/static\\\/2022\\\/08\\\/29092514\\\/fim-cev-repsol-estoril-peloton-moto2-2020-1.jpg\",\"contentUrl\":\"https:\\\/\\\/bxrepsol.s3.eu-west-1.amazonaws.com\\\/static\\\/2022\\\/08\\\/29092514\\\/fim-cev-repsol-estoril-peloton-moto2-2020-1.jpg\",\"width\":1280,\"height\":720,\"caption\":\"Grupo de pilotos del fim cev repsol 2020 en pista\"},{\"@type\":\"BreadcrumbList\",\"@id\":\"https:\\\/\\\/www.boxrepsol.com\\\/es\\\/sin-categorizar\\\/llega-la-segunda-prueba-del-fim-cev-repsol-portimao\\\/#breadcrumb\",\"itemListElement\":[{\"@type\":\"ListItem\",\"position\":1,\"name\":\"Home\",\"item\":\"https:\\\/\\\/www.boxrepsol.com\\\/es\\\/\"},{\"@type\":\"ListItem\",\"position\":2,\"name\":\"Llega la segunda prueba del FIM CEV Repsol en Portimao\"}]},{\"@type\":\"WebSite\",\"@id\":\"https:\\\/\\\/www.boxrepsol.com\\\/es\\\/#website\",\"url\":\"https:\\\/\\\/www.boxrepsol.com\\\/es\\\/\",\"name\":\"Box Repsol\",\"description\":\"Box Repsol Site\",\"publisher\":{\"@id\":\"https:\\\/\\\/www.boxrepsol.com\\\/es\\\/#organization\"},\"potentialAction\":[{\"@type\":\"SearchAction\",\"target\":{\"@type\":\"EntryPoint\",\"urlTemplate\":\"https:\\\/\\\/www.boxrepsol.com\\\/es\\\/?s={search_term_string}\"},\"query-input\":{\"@type\":\"PropertyValueSpecification\",\"valueRequired\":true,\"valueName\":\"search_term_string\"}}],\"inLanguage\":\"es\"},{\"@type\":\"Organization\",\"@id\":\"https:\\\/\\\/www.boxrepsol.com\\\/es\\\/#organization\",\"name\":\"Box Repsol\",\"url\":\"https:\\\/\\\/www.boxrepsol.com\\\/es\\\/\",\"logo\":{\"@type\":\"ImageObject\",\"inLanguage\":\"es\",\"@id\":\"https:\\\/\\\/www.boxrepsol.com\\\/es\\\/#\\\/schema\\\/logo\\\/image\\\/\",\"url\":\"https:\\\/\\\/bxrepsol.s3.eu-west-1.amazonaws.com\\\/static\\\/2025\\\/07\\\/30083337\\\/favicon-96x96-1.png\",\"contentUrl\":\"https:\\\/\\\/bxrepsol.s3.eu-west-1.amazonaws.com\\\/static\\\/2025\\\/07\\\/30083337\\\/favicon-96x96-1.png\",\"width\":96,\"height\":96,\"caption\":\"Box Repsol\"},\"image\":{\"@id\":\"https:\\\/\\\/www.boxrepsol.com\\\/es\\\/#\\\/schema\\\/logo\\\/image\\\/\"},\"sameAs\":[\"https:\\\/\\\/www.facebook.com\\\/BoxRepsol\",\"https:\\\/\\\/x.com\\\/box_repsol\",\"http:\\\/\\\/instagram.com\\\/box_repsol\",\"https:\\\/\\\/www.youtube.com\\\/user\\\/RepsolCompeticion\",\"https:\\\/\\\/www.flickr.com\\\/photos\\\/box_repsol\\\/\"]},{\"@type\":\"Person\",\"@id\":\"https:\\\/\\\/www.boxrepsol.com\\\/es\\\/#\\\/schema\\\/person\\\/c5c2138f2cca251b0ad92b7086bb60b7\",\"name\":\"Redacci\u00f3n Box Repsol\",\"image\":{\"@type\":\"ImageObject\",\"inLanguage\":\"es\",\"@id\":\"https:\\\/\\\/secure.gravatar.com\\\/avatar\\\/adf7b77e38b4419baf32c7e9c21dde01f4e40df611f0978e3006fc4ba0aaab7e?s=96&d=mm&r=g\",\"url\":\"https:\\\/\\\/secure.gravatar.com\\\/avatar\\\/adf7b77e38b4419baf32c7e9c21dde01f4e40df611f0978e3006fc4ba0aaab7e?s=96&d=mm&r=g\",\"contentUrl\":\"https:\\\/\\\/secure.gravatar.com\\\/avatar\\\/adf7b77e38b4419baf32c7e9c21dde01f4e40df611f0978e3006fc4ba0aaab7e?s=96&d=mm&r=g\",\"caption\":\"Redacci\u00f3n Box Repsol\"},\"description\":\"Box Repsol lo forma un equipo de periodistas, community managers, dise\u00f1adores y fot\u00f3grafos con m\u00e1s de 20 a\u00f1os de experiencia en el mundo del motorsport. Hemos vivido el primer mundial de un espa\u00f1ol en la categor\u00eda reina de motociclismo con \u00c1lex Crivill\u00e9, estuvimos en las victorias de Pedrosa y los t\u00edtulos de M\u00e1rquez, acompa\u00f1amos en \u00c1frica a Nani Roma y Marc Coma en sus conquistas del Dakar y hemos vibrado con los t\u00edtulos de Toni Bou en Trial. Adem\u00e1s, en nuestro equipo contamos con expertos en el mundo de las dos y cuatro ruedas tanto de la calle y las carreteras, como de los circuitos. Periodistas que han trabajado en revistas y publicaciones para hacerte llegar desde rutas y consejos de mantenimiento, a curiosidades y trucos de pilotaje.\",\"sameAs\":[\"https:\\\/\\\/www.facebook.com\\\/BoxRepsol\\\/\",\"https:\\\/\\\/www.instagram.com\\\/box_repsol\\\/\",\"https:\\\/\\\/x.com\\\/https:\\\/\\\/twitter.com\\\/box_repsol\",\"https:\\\/\\\/www.youtube.com\\\/@Boxrepsol\"],\"url\":\"https:\\\/\\\/www.boxrepsol.com\\\/es\\\/author\\\/redaccion-box-repsol\\\/\"}]}<\/script>\n<!-- \/ Yoast SEO plugin. -->","yoast_head_json":{"title":"Llega la segunda prueba del FIM CEV Repsol en Portimao - Box Repsol","description":"Tras el inicio del campeonato en el circuito de Estoril este pasado martes, la segunda cita del FIM CEV Repsol se celebra este domingo y lunes en el Aut\u00f3dromo Internacional do Algarve, en Portugal.","canonical":"https:\/\/www.boxrepsol.com\/es\/sin-categorizar\/llega-la-segunda-prueba-del-fim-cev-repsol-portimao\/","og_locale":"es_ES","og_type":"article","og_title":"Llega la segunda prueba del FIM CEV Repsol en Portimao - Box Repsol","og_description":"Tras el inicio del campeonato en el circuito de Estoril este pasado martes, la segunda cita del FIM CEV Repsol se celebra este domingo y lunes en el Aut\u00f3dromo Internacional do Algarve, en Portugal.","og_url":"https:\/\/www.boxrepsol.com\/es\/sin-categorizar\/llega-la-segunda-prueba-del-fim-cev-repsol-portimao\/","og_site_name":"Box Repsol","article_publisher":"https:\/\/www.facebook.com\/BoxRepsol","article_author":"https:\/\/www.facebook.com\/BoxRepsol\/","article_published_time":"2020-07-10T02:00:00+00:00","article_modified_time":"2024-04-19T10:41:33+00:00","og_image":[{"width":1280,"height":720,"url":"https:\/\/bxrepsol.s3.eu-west-1.amazonaws.com\/static\/2022\/08\/29092514\/fim-cev-repsol-estoril-peloton-moto2-2020-1.jpg","type":"image\/jpeg"}],"author":"Redacci\u00f3n Box Repsol","twitter_card":"summary_large_image","twitter_creator":"@https:\/\/twitter.com\/box_repsol","twitter_site":"@box_repsol","twitter_misc":{"Written by":"Redacci\u00f3n Box Repsol"},"schema":{"@context":"https:\/\/schema.org","@graph":[{"@type":"Article","@id":"https:\/\/www.boxrepsol.com\/es\/sin-categorizar\/llega-la-segunda-prueba-del-fim-cev-repsol-portimao\/#article","isPartOf":{"@id":"https:\/\/www.boxrepsol.com\/es\/sin-categorizar\/llega-la-segunda-prueba-del-fim-cev-repsol-portimao\/"},"author":{"name":"Redacci\u00f3n Box Repsol","@id":"https:\/\/www.boxrepsol.com\/es\/#\/schema\/person\/c5c2138f2cca251b0ad92b7086bb60b7"},"headline":"Llega la segunda prueba del FIM CEV Repsol en Portimao","datePublished":"2020-07-10T02:00:00+00:00","dateModified":"2024-04-19T10:41:33+00:00","mainEntityOfPage":{"@id":"https:\/\/www.boxrepsol.com\/es\/sin-categorizar\/llega-la-segunda-prueba-del-fim-cev-repsol-portimao\/"},"wordCount":99,"commentCount":0,"publisher":{"@id":"https:\/\/www.boxrepsol.com\/es\/#organization"},"image":{"@id":"https:\/\/www.boxrepsol.com\/es\/sin-categorizar\/llega-la-segunda-prueba-del-fim-cev-repsol-portimao\/#primaryimage"},"thumbnailUrl":"https:\/\/bxrepsol.s3.eu-west-1.amazonaws.com\/static\/2022\/08\/29092514\/fim-cev-repsol-estoril-peloton-moto2-2020-1.jpg","keywords":["2020","otros eventos y competiciones"],"articleSection":["Sin categorizar"],"inLanguage":"es","potentialAction":[{"@type":"CommentAction","name":"Comment","target":["https:\/\/www.boxrepsol.com\/es\/sin-categorizar\/llega-la-segunda-prueba-del-fim-cev-repsol-portimao\/#respond"]}]},{"@type":"WebPage","@id":"https:\/\/www.boxrepsol.com\/es\/sin-categorizar\/llega-la-segunda-prueba-del-fim-cev-repsol-portimao\/","url":"https:\/\/www.boxrepsol.com\/es\/sin-categorizar\/llega-la-segunda-prueba-del-fim-cev-repsol-portimao\/","name":"Llega la segunda prueba del FIM CEV Repsol en Portimao - Box Repsol","isPartOf":{"@id":"https:\/\/www.boxrepsol.com\/es\/#website"},"primaryImageOfPage":{"@id":"https:\/\/www.boxrepsol.com\/es\/sin-categorizar\/llega-la-segunda-prueba-del-fim-cev-repsol-portimao\/#primaryimage"},"image":{"@id":"https:\/\/www.boxrepsol.com\/es\/sin-categorizar\/llega-la-segunda-prueba-del-fim-cev-repsol-portimao\/#primaryimage"},"thumbnailUrl":"https:\/\/bxrepsol.s3.eu-west-1.amazonaws.com\/static\/2022\/08\/29092514\/fim-cev-repsol-estoril-peloton-moto2-2020-1.jpg","datePublished":"2020-07-10T02:00:00+00:00","dateModified":"2024-04-19T10:41:33+00:00","description":"Tras el inicio del campeonato en el circuito de Estoril este pasado martes, la segunda cita del FIM CEV Repsol se celebra este domingo y lunes en el Aut\u00f3dromo Internacional do Algarve, en Portugal.","breadcrumb":{"@id":"https:\/\/www.boxrepsol.com\/es\/sin-categorizar\/llega-la-segunda-prueba-del-fim-cev-repsol-portimao\/#breadcrumb"},"inLanguage":"es","potentialAction":[{"@type":"ReadAction","target":["https:\/\/www.boxrepsol.com\/es\/sin-categorizar\/llega-la-segunda-prueba-del-fim-cev-repsol-portimao\/"]}]},{"@type":"ImageObject","inLanguage":"es","@id":"https:\/\/www.boxrepsol.com\/es\/sin-categorizar\/llega-la-segunda-prueba-del-fim-cev-repsol-portimao\/#primaryimage","url":"https:\/\/bxrepsol.s3.eu-west-1.amazonaws.com\/static\/2022\/08\/29092514\/fim-cev-repsol-estoril-peloton-moto2-2020-1.jpg","contentUrl":"https:\/\/bxrepsol.s3.eu-west-1.amazonaws.com\/static\/2022\/08\/29092514\/fim-cev-repsol-estoril-peloton-moto2-2020-1.jpg","width":1280,"height":720,"caption":"Grupo de pilotos del fim cev repsol 2020 en pista"},{"@type":"BreadcrumbList","@id":"https:\/\/www.boxrepsol.com\/es\/sin-categorizar\/llega-la-segunda-prueba-del-fim-cev-repsol-portimao\/#breadcrumb","itemListElement":[{"@type":"ListItem","position":1,"name":"Home","item":"https:\/\/www.boxrepsol.com\/es\/"},{"@type":"ListItem","position":2,"name":"Llega la segunda prueba del FIM CEV Repsol en Portimao"}]},{"@type":"WebSite","@id":"https:\/\/www.boxrepsol.com\/es\/#website","url":"https:\/\/www.boxrepsol.com\/es\/","name":"Box Repsol","description":"Box Repsol Site","publisher":{"@id":"https:\/\/www.boxrepsol.com\/es\/#organization"},"potentialAction":[{"@type":"SearchAction","target":{"@type":"EntryPoint","urlTemplate":"https:\/\/www.boxrepsol.com\/es\/?s={search_term_string}"},"query-input":{"@type":"PropertyValueSpecification","valueRequired":true,"valueName":"search_term_string"}}],"inLanguage":"es"},{"@type":"Organization","@id":"https:\/\/www.boxrepsol.com\/es\/#organization","name":"Box Repsol","url":"https:\/\/www.boxrepsol.com\/es\/","logo":{"@type":"ImageObject","inLanguage":"es","@id":"https:\/\/www.boxrepsol.com\/es\/#\/schema\/logo\/image\/","url":"https:\/\/bxrepsol.s3.eu-west-1.amazonaws.com\/static\/2025\/07\/30083337\/favicon-96x96-1.png","contentUrl":"https:\/\/bxrepsol.s3.eu-west-1.amazonaws.com\/static\/2025\/07\/30083337\/favicon-96x96-1.png","width":96,"height":96,"caption":"Box Repsol"},"image":{"@id":"https:\/\/www.boxrepsol.com\/es\/#\/schema\/logo\/image\/"},"sameAs":["https:\/\/www.facebook.com\/BoxRepsol","https:\/\/x.com\/box_repsol","http:\/\/instagram.com\/box_repsol","https:\/\/www.youtube.com\/user\/RepsolCompeticion","https:\/\/www.flickr.com\/photos\/box_repsol\/"]},{"@type":"Person","@id":"https:\/\/www.boxrepsol.com\/es\/#\/schema\/person\/c5c2138f2cca251b0ad92b7086bb60b7","name":"Redacci\u00f3n Box Repsol","image":{"@type":"ImageObject","inLanguage":"es","@id":"https:\/\/secure.gravatar.com\/avatar\/adf7b77e38b4419baf32c7e9c21dde01f4e40df611f0978e3006fc4ba0aaab7e?s=96&d=mm&r=g","url":"https:\/\/secure.gravatar.com\/avatar\/adf7b77e38b4419baf32c7e9c21dde01f4e40df611f0978e3006fc4ba0aaab7e?s=96&d=mm&r=g","contentUrl":"https:\/\/secure.gravatar.com\/avatar\/adf7b77e38b4419baf32c7e9c21dde01f4e40df611f0978e3006fc4ba0aaab7e?s=96&d=mm&r=g","caption":"Redacci\u00f3n Box Repsol"},"description":"Box Repsol lo forma un equipo de periodistas, community managers, dise\u00f1adores y fot\u00f3grafos con m\u00e1s de 20 a\u00f1os de experiencia en el mundo del motorsport. Hemos vivido el primer mundial de un espa\u00f1ol en la categor\u00eda reina de motociclismo con \u00c1lex Crivill\u00e9, estuvimos en las victorias de Pedrosa y los t\u00edtulos de M\u00e1rquez, acompa\u00f1amos en \u00c1frica a Nani Roma y Marc Coma en sus conquistas del Dakar y hemos vibrado con los t\u00edtulos de Toni Bou en Trial. Adem\u00e1s, en nuestro equipo contamos con expertos en el mundo de las dos y cuatro ruedas tanto de la calle y las carreteras, como de los circuitos. Periodistas que han trabajado en revistas y publicaciones para hacerte llegar desde rutas y consejos de mantenimiento, a curiosidades y trucos de pilotaje.","sameAs":["https:\/\/www.facebook.com\/BoxRepsol\/","https:\/\/www.instagram.com\/box_repsol\/","https:\/\/x.com\/https:\/\/twitter.com\/box_repsol","https:\/\/www.youtube.com\/@Boxrepsol"],"url":"https:\/\/www.boxrepsol.com\/es\/author\/redaccion-box-repsol\/"}]}},"_links":{"self":[{"href":"https:\/\/www.boxrepsol.com\/es\/wp-json\/wp\/v2\/posts\/94517","targetHints":{"allow":["GET"]}}],"collection":[{"href":"https:\/\/www.boxrepsol.com\/es\/wp-json\/wp\/v2\/posts"}],"about":[{"href":"https:\/\/www.boxrepsol.com\/es\/wp-json\/wp\/v2\/types\/post"}],"author":[{"embeddable":true,"href":"https:\/\/www.boxrepsol.com\/es\/wp-json\/wp\/v2\/users\/43146"}],"replies":[{"embeddable":true,"href":"https:\/\/www.boxrepsol.com\/es\/wp-json\/wp\/v2\/comments?post=94517"}],"version-history":[{"count":1,"href":"https:\/\/www.boxrepsol.com\/es\/wp-json\/wp\/v2\/posts\/94517\/revisions"}],"predecessor-version":[{"id":115143,"href":"https:\/\/www.boxrepsol.com\/es\/wp-json\/wp\/v2\/posts\/94517\/revisions\/115143"}],"wp:featuredmedia":[{"embeddable":true,"href":"https:\/\/www.boxrepsol.com\/es\/wp-json\/wp\/v2\/media\/64547"}],"wp:attachment":[{"href":"https:\/\/www.boxrepsol.com\/es\/wp-json\/wp\/v2\/media?parent=94517"}],"wp:term":[{"taxonomy":"category","embeddable":true,"href":"https:\/\/www.boxrepsol.com\/es\/wp-json\/wp\/v2\/categories?post=94517"},{"taxonomy":"post_tag","embeddable":true,"href":"https:\/\/www.boxrepsol.com\/es\/wp-json\/wp\/v2\/tags?post=94517"}],"curies":[{"name":"wp","href":"https:\/\/api.w.org\/{rel}","templated":true}]}}