{"id":94515,"date":"2020-07-08T00:00:00","date_gmt":"2020-07-08T02:00:00","guid":{"rendered":"http:\/\/pre.boxrepsol.com\/sin-categorizar\/artigas-montella-alonso-ganadores-fim-cev-repsol-2020\/"},"modified":"2024-10-17T08:49:00","modified_gmt":"2024-10-17T10:49:00","slug":"artigas-montella-alonso-ganadores-fim-cev-repsol-2020","status":"publish","type":"post","link":"https:\/\/www.boxrepsol.com\/es\/sin-categorizar\/artigas-montella-alonso-ganadores-fim-cev-repsol-2020\/","title":{"rendered":"Artigas, Montella y Alonso ganadores del primer FIM CEV Repsol de 2020"},"content":{"rendered":"<p><strong>Xavier Artigas<\/strong> ha empezado el a\u00f1o con una ajustada victoria en el <strong>FIM Moto3\u2122 Junior World Championship<\/strong> de Moto3, tras imponerse por tan s\u00f3lo tres d\u00e9cimas a Pedro Acosta y a Adri\u00e1n Fern\u00e1ndez en un final muy ajustado y disputado entre los tres integrantes del p\u00f3dium.<\/p>\n<p>En la primera carrera de la categor\u00eda de Moto2, el italiano <strong>Yari Montella<\/strong> se ha impuesto con una gran actuaci\u00f3n por delante de Niki Tuuli y Lukas Tulovic. El piloto del Speed Up ha demostrado ser uno de los pilotos a tener en cuenta este a\u00f1o, logrando la victoria despu\u00e9s de arrancar desde la s\u00e9ptima posici\u00f3n de la parrilla de salida.<\/p>\n<p>Por la tarde, el papel de Montella ha sido el mismo: dominio de principio a fin del italiano, seguido de Niki Tuuli y Alessando Zaccone. En esta segunda prueba, el grupo encabezado por estos tres pilotos se ha distanciado mucho de la lucha por el cuarto puesto, que ha brindado una bonita disputa entre Alejandro Medina, Xavier Cardel\u00fas y Taiga Hada.<\/p>\n<p><a href=\"https:\/\/bxrepsol.s3.eu-west-1.amazonaws.com\/static\/2022\/08\/05073659\/yari-montella-estoril-ganadores-fim-cev-repsol.jpg\" data-index=\"0\"><br \/>\n<img decoding=\"async\" title=\"yari-montella-estoril-ganadores-fim-cev-repsol\" src=\"https:\/\/bxrepsol.s3.eu-west-1.amazonaws.com\/static\/2022\/08\/05073659\/yari-montella-estoril-ganadores-fim-cev-repsol.jpg\" srcset=\"https:\/\/bxrepsol.s3.eu-west-1.amazonaws.com\/static\/2022\/08\/05073659\/yari-montella-estoril-ganadores-fim-cev-repsol.jpg 1280w, https:\/\/bxrepsol.s3.eu-west-1.amazonaws.com\/static\/2022\/08\/05073659\/yari-montella-estoril-ganadores-fim-cev-repsol.jpg 900w, https:\/\/bxrepsol.s3.eu-west-1.amazonaws.com\/static\/2022\/08\/05073659\/yari-montella-estoril-ganadores-fim-cev-repsol.jpg 600w, https:\/\/bxrepsol.s3.eu-west-1.amazonaws.com\/static\/2022\/08\/05073659\/yari-montella-estoril-ganadores-fim-cev-repsol.jpg 480w, https:\/\/bxrepsol.s3.eu-west-1.amazonaws.com\/static\/2022\/08\/05073659\/yari-montella-estoril-ganadores-fim-cev-repsol.jpg 32w\" alt=\"Yari Montella en el podio ganadores fim cev repsol 2020\" data-title=\"\" \/><br \/>\n<\/a><br \/>\n<a href=\"https:\/\/bxrepsol.s3.eu-west-1.amazonaws.com\/static\/2022\/08\/05073701\/fim-cev-repsol-estoril-piloto-2020.jpg\" data-index=\"1\"><br \/>\n<img decoding=\"async\" title=\"fim-cev-repsol-estoril-piloto-2020\" src=\"https:\/\/bxrepsol.s3.eu-west-1.amazonaws.com\/static\/2022\/08\/05073701\/fim-cev-repsol-estoril-piloto-2020.jpg\" srcset=\"https:\/\/bxrepsol.s3.eu-west-1.amazonaws.com\/static\/2022\/08\/05073701\/fim-cev-repsol-estoril-piloto-2020.jpg 1280w, https:\/\/bxrepsol.s3.eu-west-1.amazonaws.com\/static\/2022\/08\/05073701\/fim-cev-repsol-estoril-piloto-2020.jpg 900w, https:\/\/bxrepsol.s3.eu-west-1.amazonaws.com\/static\/2022\/08\/05073701\/fim-cev-repsol-estoril-piloto-2020.jpg 600w, https:\/\/bxrepsol.s3.eu-west-1.amazonaws.com\/static\/2022\/08\/05073701\/fim-cev-repsol-estoril-piloto-2020.jpg 480w, https:\/\/bxrepsol.s3.eu-west-1.amazonaws.com\/static\/2022\/08\/05073701\/fim-cev-repsol-estoril-piloto-2020.jpg 32w\" alt=\"Piloto del fim cev repsol 2020 en pista\" data-title=\"\" \/><br \/>\n<\/a><br \/>\n<a href=\"https:\/\/bxrepsol.s3.eu-west-1.amazonaws.com\/static\/2022\/08\/05073703\/xavier-artigas-estoril-ganadores-fim-cev-repsol.jpg\" data-index=\"2\"><br \/>\n<img decoding=\"async\" title=\"xavier-artigas-estoril-ganadores-fim-cev-repsol\" src=\"https:\/\/bxrepsol.s3.eu-west-1.amazonaws.com\/static\/2022\/08\/05073703\/xavier-artigas-estoril-ganadores-fim-cev-repsol.jpg\" srcset=\"https:\/\/bxrepsol.s3.eu-west-1.amazonaws.com\/static\/2022\/08\/05073703\/xavier-artigas-estoril-ganadores-fim-cev-repsol.jpg 1280w, https:\/\/bxrepsol.s3.eu-west-1.amazonaws.com\/static\/2022\/08\/05073703\/xavier-artigas-estoril-ganadores-fim-cev-repsol.jpg 900w, https:\/\/bxrepsol.s3.eu-west-1.amazonaws.com\/static\/2022\/08\/05073703\/xavier-artigas-estoril-ganadores-fim-cev-repsol.jpg 600w, https:\/\/bxrepsol.s3.eu-west-1.amazonaws.com\/static\/2022\/08\/05073703\/xavier-artigas-estoril-ganadores-fim-cev-repsol.jpg 480w, https:\/\/bxrepsol.s3.eu-west-1.amazonaws.com\/static\/2022\/08\/05073703\/xavier-artigas-estoril-ganadores-fim-cev-repsol.jpg 32w\" alt=\"Xavier Artigas en el podio ganadores fim cev repsol 2020\" data-title=\"\" \/><br \/>\n<\/a><br \/>\n<a href=\"https:\/\/bxrepsol.s3.eu-west-1.amazonaws.com\/static\/2022\/08\/05073704\/fim-cev-repsol-estoril-peloton-moto2-2020.jpg\" data-index=\"3\"><br \/>\n<img decoding=\"async\" title=\"fim-cev-repsol-estoril-peloton-moto2-2020\" src=\"https:\/\/bxrepsol.s3.eu-west-1.amazonaws.com\/static\/2022\/08\/05073704\/fim-cev-repsol-estoril-peloton-moto2-2020.jpg\" srcset=\"https:\/\/bxrepsol.s3.eu-west-1.amazonaws.com\/static\/2022\/08\/05073704\/fim-cev-repsol-estoril-peloton-moto2-2020.jpg 1280w, https:\/\/bxrepsol.s3.eu-west-1.amazonaws.com\/static\/2022\/08\/05073704\/fim-cev-repsol-estoril-peloton-moto2-2020.jpg 900w, https:\/\/bxrepsol.s3.eu-west-1.amazonaws.com\/static\/2022\/08\/05073704\/fim-cev-repsol-estoril-peloton-moto2-2020.jpg 600w, https:\/\/bxrepsol.s3.eu-west-1.amazonaws.com\/static\/2022\/08\/05073704\/fim-cev-repsol-estoril-peloton-moto2-2020.jpg 480w, https:\/\/bxrepsol.s3.eu-west-1.amazonaws.com\/static\/2022\/08\/05073704\/fim-cev-repsol-estoril-peloton-moto2-2020.jpg 32w\" alt=\"Grupo de pilotos del fim cev repsol 2020 en pista\" data-title=\"\" \/><br \/>\n<\/a><br \/>\n<a href=\"https:\/\/bxrepsol.s3.eu-west-1.amazonaws.com\/static\/2022\/08\/05073705\/david-alonso-estoril-ganadores-fim-cev-repsol.jpg\" data-index=\"4\"><br \/>\n<img decoding=\"async\" title=\"david-alonso-estoril-ganadores-fim-cev-repsol\" src=\"https:\/\/bxrepsol.s3.eu-west-1.amazonaws.com\/static\/2022\/08\/05073705\/david-alonso-estoril-ganadores-fim-cev-repsol.jpg\" srcset=\"https:\/\/bxrepsol.s3.eu-west-1.amazonaws.com\/static\/2022\/08\/05073705\/david-alonso-estoril-ganadores-fim-cev-repsol.jpg 1280w, https:\/\/bxrepsol.s3.eu-west-1.amazonaws.com\/static\/2022\/08\/05073705\/david-alonso-estoril-ganadores-fim-cev-repsol.jpg 900w, https:\/\/bxrepsol.s3.eu-west-1.amazonaws.com\/static\/2022\/08\/05073705\/david-alonso-estoril-ganadores-fim-cev-repsol.jpg 600w, https:\/\/bxrepsol.s3.eu-west-1.amazonaws.com\/static\/2022\/08\/05073705\/david-alonso-estoril-ganadores-fim-cev-repsol.jpg 480w, https:\/\/bxrepsol.s3.eu-west-1.amazonaws.com\/static\/2022\/08\/05073705\/david-alonso-estoril-ganadores-fim-cev-repsol.jpg 32w\" alt=\"David Alonso y otros pilotos en el podio del Fim Cev Repsol en Estoril 2020\" data-title=\"\" \/><br \/>\n<\/a><br \/>\n<a href=\"https:\/\/bxrepsol.s3.eu-west-1.amazonaws.com\/static\/2022\/08\/05073706\/fim-cev-repsol-estoril-2020.jpg\" data-index=\"5\"><br \/>\n<img decoding=\"async\" title=\"fim-cev-repsol-estoril-2020\" src=\"https:\/\/bxrepsol.s3.eu-west-1.amazonaws.com\/static\/2022\/08\/05073706\/fim-cev-repsol-estoril-2020.jpg\" srcset=\"https:\/\/bxrepsol.s3.eu-west-1.amazonaws.com\/static\/2022\/08\/05073706\/fim-cev-repsol-estoril-2020.jpg 1280w, https:\/\/bxrepsol.s3.eu-west-1.amazonaws.com\/static\/2022\/08\/05073706\/fim-cev-repsol-estoril-2020.jpg 900w, https:\/\/bxrepsol.s3.eu-west-1.amazonaws.com\/static\/2022\/08\/05073706\/fim-cev-repsol-estoril-2020.jpg 600w, https:\/\/bxrepsol.s3.eu-west-1.amazonaws.com\/static\/2022\/08\/05073706\/fim-cev-repsol-estoril-2020.jpg 480w, https:\/\/bxrepsol.s3.eu-west-1.amazonaws.com\/static\/2022\/08\/05073706\/fim-cev-repsol-estoril-2020.jpg 32w\" alt=\"Piloto del Fim Cev Repsol en pista\" data-title=\"\" \/><br \/>\n<\/a><br \/>\n<a href=\"https:\/\/bxrepsol.s3.eu-west-1.amazonaws.com\/static\/2022\/08\/05073707\/fim-cev-repsol-estoril-corralito-2020.jpg\" data-index=\"6\"><br \/>\n<img decoding=\"async\" title=\"fim-cev-repsol-estoril-corralito-2020\" src=\"https:\/\/bxrepsol.s3.eu-west-1.amazonaws.com\/static\/2022\/08\/05073707\/fim-cev-repsol-estoril-corralito-2020.jpg\" srcset=\"https:\/\/bxrepsol.s3.eu-west-1.amazonaws.com\/static\/2022\/08\/05073707\/fim-cev-repsol-estoril-corralito-2020.jpg 1280w, https:\/\/bxrepsol.s3.eu-west-1.amazonaws.com\/static\/2022\/08\/05073707\/fim-cev-repsol-estoril-corralito-2020.jpg 900w, https:\/\/bxrepsol.s3.eu-west-1.amazonaws.com\/static\/2022\/08\/05073707\/fim-cev-repsol-estoril-corralito-2020.jpg 600w, https:\/\/bxrepsol.s3.eu-west-1.amazonaws.com\/static\/2022\/08\/05073707\/fim-cev-repsol-estoril-corralito-2020.jpg 480w, https:\/\/bxrepsol.s3.eu-west-1.amazonaws.com\/static\/2022\/08\/05073707\/fim-cev-repsol-estoril-corralito-2020.jpg 32w\" alt=\"Pilotos del Fim Cev Repsol 2020 en el corralito de Estoril\" data-title=\"\" \/><br \/>\n<\/a><br \/>\n<a href=\"https:\/\/bxrepsol.s3.eu-west-1.amazonaws.com\/static\/2022\/08\/05073708\/fim-cev-repsol-estoril-moto3-2020.jpg\" data-index=\"7\"><br \/>\n<img decoding=\"async\" title=\"fim-cev-repsol-estoril-moto3-2020\" src=\"https:\/\/bxrepsol.s3.eu-west-1.amazonaws.com\/static\/2022\/08\/05073708\/fim-cev-repsol-estoril-moto3-2020.jpg\" srcset=\"https:\/\/bxrepsol.s3.eu-west-1.amazonaws.com\/static\/2022\/08\/05073708\/fim-cev-repsol-estoril-moto3-2020.jpg 1280w, https:\/\/bxrepsol.s3.eu-west-1.amazonaws.com\/static\/2022\/08\/05073708\/fim-cev-repsol-estoril-moto3-2020.jpg 900w, https:\/\/bxrepsol.s3.eu-west-1.amazonaws.com\/static\/2022\/08\/05073708\/fim-cev-repsol-estoril-moto3-2020.jpg 600w, https:\/\/bxrepsol.s3.eu-west-1.amazonaws.com\/static\/2022\/08\/05073708\/fim-cev-repsol-estoril-moto3-2020.jpg 480w, https:\/\/bxrepsol.s3.eu-west-1.amazonaws.com\/static\/2022\/08\/05073708\/fim-cev-repsol-estoril-moto3-2020.jpg 32w\" alt=\"Pilotos de Moto3 del Fim Cev Repsol rodando en pista\" data-title=\"\" \/><br \/>\n<\/a><br \/>\n<a href=\"https:\/\/bxrepsol.s3.eu-west-1.amazonaws.com\/static\/2022\/08\/05073709\/fim-cev-repsol-estoril-peloton-2020.jpg\" data-index=\"8\"><br \/>\n<img decoding=\"async\" title=\"fim-cev-repsol-estoril-peloton-2020\" src=\"https:\/\/bxrepsol.s3.eu-west-1.amazonaws.com\/static\/2022\/08\/05073709\/fim-cev-repsol-estoril-peloton-2020.jpg\" srcset=\"https:\/\/bxrepsol.s3.eu-west-1.amazonaws.com\/static\/2022\/08\/05073709\/fim-cev-repsol-estoril-peloton-2020.jpg 1280w, https:\/\/bxrepsol.s3.eu-west-1.amazonaws.com\/static\/2022\/08\/05073709\/fim-cev-repsol-estoril-peloton-2020.jpg 900w, https:\/\/bxrepsol.s3.eu-west-1.amazonaws.com\/static\/2022\/08\/05073709\/fim-cev-repsol-estoril-peloton-2020.jpg 600w, https:\/\/bxrepsol.s3.eu-west-1.amazonaws.com\/static\/2022\/08\/05073709\/fim-cev-repsol-estoril-peloton-2020.jpg 480w, https:\/\/bxrepsol.s3.eu-west-1.amazonaws.com\/static\/2022\/08\/05073709\/fim-cev-repsol-estoril-peloton-2020.jpg 32w\" alt=\"Grupo de pilotos del fim cev repsol 2020 en pista\" data-title=\"\" \/><br \/>\n<\/a><br \/>\n<a href=\"https:\/\/bxrepsol.s3.eu-west-1.amazonaws.com\/static\/2022\/08\/05073710\/fim-cev-repsol-estoril-ganador-2020.jpg\" data-index=\"9\"><br \/>\n<img decoding=\"async\" title=\"fim-cev-repsol-estoril-ganador-2020\" src=\"https:\/\/bxrepsol.s3.eu-west-1.amazonaws.com\/static\/2022\/08\/05073710\/fim-cev-repsol-estoril-ganador-2020.jpg\" srcset=\"https:\/\/bxrepsol.s3.eu-west-1.amazonaws.com\/static\/2022\/08\/05073710\/fim-cev-repsol-estoril-ganador-2020.jpg 1280w, https:\/\/bxrepsol.s3.eu-west-1.amazonaws.com\/static\/2022\/08\/05073710\/fim-cev-repsol-estoril-ganador-2020.jpg 900w, https:\/\/bxrepsol.s3.eu-west-1.amazonaws.com\/static\/2022\/08\/05073710\/fim-cev-repsol-estoril-ganador-2020.jpg 600w, https:\/\/bxrepsol.s3.eu-west-1.amazonaws.com\/static\/2022\/08\/05073710\/fim-cev-repsol-estoril-ganador-2020.jpg 480w, https:\/\/bxrepsol.s3.eu-west-1.amazonaws.com\/static\/2022\/08\/05073710\/fim-cev-repsol-estoril-ganador-2020.jpg 32w\" alt=\"Piloto del Fim Cev Repsol 2020 en el corralito de Estoril\" data-title=\"\" \/><br \/>\n<\/a><br \/>\n<button data-glide-dir=\"&lt;\"><\/button><\/p>\n<p><button data-glide-dir=\"&gt;\"><\/button><\/p>\n<p><strong>Victoria de David Alonso<\/strong> en la primera carrera de la <strong>European Talent Cup<\/strong>. El colombiano del Openbank Aspar Team ha marcado un buen ritmo desde el principio y no ha dejado que sus perseguidores tuviesen opci\u00f3n alguna. Este primer p\u00f3dium lo han cerrado Iv\u00e1n Ortol\u00e1 y Alberto Ferr\u00e1ndez.<\/p>\n<p>En la segunda carrera de la European Talent Cup, Alonso ha vuelto a demostrar su talento logrando su segunda victoria del d\u00eda. \u00c1ngel Piqueras y Zonta Van Den Goobergh han cerrado el p\u00f3dium de la European Talent Cup en Estoril. El holand\u00e9s Van Den Gornergh ha cruzado la l\u00ednea de meta en cuarta posici\u00f3n, pero una penalizaci\u00f3n por \u201ctrack limit\u201d a Alberto Ferr\u00e1ndez ha provocado que el piloto de los Pa\u00edses Bajos subiera al tercer caj\u00f3n.<\/p>\n<p>Una vez concluida la primera prueba del calendario 2020, el FIM CEV Repsol seguri\u00e1 en tierras lusas con la disputa el pr\u00f3ximo lunes 13 de julio de la segunda cita de la temporada en el Circuito de Algarve.<\/p>\n","protected":false},"excerpt":{"rendered":"<p>Xavier Artigas en Moto3, Yari Montella en Moto2 y David Alonso en la European Talent Cup monopolizan los triunfos en el circuito portugu\u00e9s de Estoril.<\/p>\n","protected":false},"author":43146,"featured_media":64533,"comment_status":"open","ping_status":"open","sticky":false,"template":"","format":"standard","meta":{"footnotes":""},"categories":[1],"tags":[191,130],"class_list":["post-94515","post","type-post","status-publish","format-standard","hentry","category-sin-categorizar","tag-191","tag-otros-eventos-y-competiciones"],"yoast_head":"<!-- This site is optimized with the Yoast SEO plugin v27.3 - https:\/\/yoast.com\/product\/yoast-seo-wordpress\/ -->\n<title>Artigas, Montella y Alonso ganadores del primer FIM CEV Repsol de 2020 - Box Repsol<\/title>\n<meta name=\"description\" content=\"Xavier Artigas en Moto3, Yari Montella en Moto2 y David Alonso en la European Talent Cup monopolizan los triunfos en el circuito portugu\u00e9s de Estoril.\" \/>\n<link rel=\"canonical\" href=\"https:\/\/www.boxrepsol.com\/es\/sin-categorizar\/artigas-montella-alonso-ganadores-fim-cev-repsol-2020\/\" \/>\n<meta property=\"og:locale\" content=\"es_ES\" \/>\n<meta property=\"og:type\" content=\"article\" \/>\n<meta property=\"og:title\" content=\"Artigas, Montella y Alonso ganadores del primer FIM CEV Repsol de 2020 - Box Repsol\" \/>\n<meta property=\"og:description\" content=\"Xavier Artigas en Moto3, Yari Montella en Moto2 y David Alonso en la European Talent Cup monopolizan los triunfos en el circuito portugu\u00e9s de Estoril.\" \/>\n<meta property=\"og:url\" content=\"https:\/\/www.boxrepsol.com\/es\/sin-categorizar\/artigas-montella-alonso-ganadores-fim-cev-repsol-2020\/\" \/>\n<meta property=\"og:site_name\" content=\"Box Repsol\" \/>\n<meta property=\"article:publisher\" content=\"https:\/\/www.facebook.com\/BoxRepsol\" \/>\n<meta property=\"article:author\" content=\"https:\/\/www.facebook.com\/BoxRepsol\/\" \/>\n<meta property=\"article:published_time\" content=\"2020-07-08T02:00:00+00:00\" \/>\n<meta property=\"article:modified_time\" content=\"2024-10-17T10:49:00+00:00\" \/>\n<meta property=\"og:image\" content=\"https:\/\/bxrepsol.s3.eu-west-1.amazonaws.com\/static\/2022\/08\/29092505\/fim-cev-repsol-estoril-podio-2020.jpg\" \/>\n\t<meta property=\"og:image:width\" content=\"1280\" \/>\n\t<meta property=\"og:image:height\" content=\"720\" \/>\n\t<meta property=\"og:image:type\" content=\"image\/jpeg\" \/>\n<meta name=\"author\" content=\"Redacci\u00f3n Box Repsol\" \/>\n<meta name=\"twitter:card\" content=\"summary_large_image\" \/>\n<meta name=\"twitter:creator\" content=\"@https:\/\/twitter.com\/box_repsol\" \/>\n<meta name=\"twitter:site\" content=\"@box_repsol\" \/>\n<meta name=\"twitter:label1\" content=\"Written by\" \/>\n\t<meta name=\"twitter:data1\" content=\"Redacci\u00f3n Box Repsol\" \/>\n\t<meta name=\"twitter:label2\" content=\"Est. reading time\" \/>\n\t<meta name=\"twitter:data2\" content=\"2 minutos\" \/>\n<script type=\"application\/ld+json\" class=\"yoast-schema-graph\">{\"@context\":\"https:\\\/\\\/schema.org\",\"@graph\":[{\"@type\":\"Article\",\"@id\":\"https:\\\/\\\/www.boxrepsol.com\\\/es\\\/sin-categorizar\\\/artigas-montella-alonso-ganadores-fim-cev-repsol-2020\\\/#article\",\"isPartOf\":{\"@id\":\"https:\\\/\\\/www.boxrepsol.com\\\/es\\\/sin-categorizar\\\/artigas-montella-alonso-ganadores-fim-cev-repsol-2020\\\/\"},\"author\":{\"name\":\"Redacci\u00f3n Box Repsol\",\"@id\":\"https:\\\/\\\/www.boxrepsol.com\\\/es\\\/#\\\/schema\\\/person\\\/c5c2138f2cca251b0ad92b7086bb60b7\"},\"headline\":\"Artigas, Montella y Alonso ganadores del primer FIM CEV Repsol de 2020\",\"datePublished\":\"2020-07-08T02:00:00+00:00\",\"dateModified\":\"2024-10-17T10:49:00+00:00\",\"mainEntityOfPage\":{\"@id\":\"https:\\\/\\\/www.boxrepsol.com\\\/es\\\/sin-categorizar\\\/artigas-montella-alonso-ganadores-fim-cev-repsol-2020\\\/\"},\"wordCount\":366,\"commentCount\":0,\"publisher\":{\"@id\":\"https:\\\/\\\/www.boxrepsol.com\\\/es\\\/#organization\"},\"image\":{\"@id\":\"https:\\\/\\\/www.boxrepsol.com\\\/es\\\/sin-categorizar\\\/artigas-montella-alonso-ganadores-fim-cev-repsol-2020\\\/#primaryimage\"},\"thumbnailUrl\":\"https:\\\/\\\/bxrepsol.s3.eu-west-1.amazonaws.com\\\/static\\\/2022\\\/08\\\/29092505\\\/fim-cev-repsol-estoril-podio-2020.jpg\",\"keywords\":[\"2020\",\"otros eventos y competiciones\"],\"articleSection\":[\"Sin categorizar\"],\"inLanguage\":\"es\",\"potentialAction\":[{\"@type\":\"CommentAction\",\"name\":\"Comment\",\"target\":[\"https:\\\/\\\/www.boxrepsol.com\\\/es\\\/sin-categorizar\\\/artigas-montella-alonso-ganadores-fim-cev-repsol-2020\\\/#respond\"]}]},{\"@type\":\"WebPage\",\"@id\":\"https:\\\/\\\/www.boxrepsol.com\\\/es\\\/sin-categorizar\\\/artigas-montella-alonso-ganadores-fim-cev-repsol-2020\\\/\",\"url\":\"https:\\\/\\\/www.boxrepsol.com\\\/es\\\/sin-categorizar\\\/artigas-montella-alonso-ganadores-fim-cev-repsol-2020\\\/\",\"name\":\"Artigas, Montella y Alonso ganadores del primer FIM CEV Repsol de 2020 - Box Repsol\",\"isPartOf\":{\"@id\":\"https:\\\/\\\/www.boxrepsol.com\\\/es\\\/#website\"},\"primaryImageOfPage\":{\"@id\":\"https:\\\/\\\/www.boxrepsol.com\\\/es\\\/sin-categorizar\\\/artigas-montella-alonso-ganadores-fim-cev-repsol-2020\\\/#primaryimage\"},\"image\":{\"@id\":\"https:\\\/\\\/www.boxrepsol.com\\\/es\\\/sin-categorizar\\\/artigas-montella-alonso-ganadores-fim-cev-repsol-2020\\\/#primaryimage\"},\"thumbnailUrl\":\"https:\\\/\\\/bxrepsol.s3.eu-west-1.amazonaws.com\\\/static\\\/2022\\\/08\\\/29092505\\\/fim-cev-repsol-estoril-podio-2020.jpg\",\"datePublished\":\"2020-07-08T02:00:00+00:00\",\"dateModified\":\"2024-10-17T10:49:00+00:00\",\"description\":\"Xavier Artigas en Moto3, Yari Montella en Moto2 y David Alonso en la European Talent Cup monopolizan los triunfos en el circuito portugu\u00e9s de Estoril.\",\"breadcrumb\":{\"@id\":\"https:\\\/\\\/www.boxrepsol.com\\\/es\\\/sin-categorizar\\\/artigas-montella-alonso-ganadores-fim-cev-repsol-2020\\\/#breadcrumb\"},\"inLanguage\":\"es\",\"potentialAction\":[{\"@type\":\"ReadAction\",\"target\":[\"https:\\\/\\\/www.boxrepsol.com\\\/es\\\/sin-categorizar\\\/artigas-montella-alonso-ganadores-fim-cev-repsol-2020\\\/\"]}]},{\"@type\":\"ImageObject\",\"inLanguage\":\"es\",\"@id\":\"https:\\\/\\\/www.boxrepsol.com\\\/es\\\/sin-categorizar\\\/artigas-montella-alonso-ganadores-fim-cev-repsol-2020\\\/#primaryimage\",\"url\":\"https:\\\/\\\/bxrepsol.s3.eu-west-1.amazonaws.com\\\/static\\\/2022\\\/08\\\/29092505\\\/fim-cev-repsol-estoril-podio-2020.jpg\",\"contentUrl\":\"https:\\\/\\\/bxrepsol.s3.eu-west-1.amazonaws.com\\\/static\\\/2022\\\/08\\\/29092505\\\/fim-cev-repsol-estoril-podio-2020.jpg\",\"width\":1280,\"height\":720,\"caption\":\"podio ganadores fim cev repsol 2020\"},{\"@type\":\"BreadcrumbList\",\"@id\":\"https:\\\/\\\/www.boxrepsol.com\\\/es\\\/sin-categorizar\\\/artigas-montella-alonso-ganadores-fim-cev-repsol-2020\\\/#breadcrumb\",\"itemListElement\":[{\"@type\":\"ListItem\",\"position\":1,\"name\":\"Home\",\"item\":\"https:\\\/\\\/www.boxrepsol.com\\\/es\\\/\"},{\"@type\":\"ListItem\",\"position\":2,\"name\":\"Artigas, Montella y Alonso ganadores del primer FIM CEV Repsol de 2020\"}]},{\"@type\":\"WebSite\",\"@id\":\"https:\\\/\\\/www.boxrepsol.com\\\/es\\\/#website\",\"url\":\"https:\\\/\\\/www.boxrepsol.com\\\/es\\\/\",\"name\":\"Box Repsol\",\"description\":\"Box Repsol Site\",\"publisher\":{\"@id\":\"https:\\\/\\\/www.boxrepsol.com\\\/es\\\/#organization\"},\"potentialAction\":[{\"@type\":\"SearchAction\",\"target\":{\"@type\":\"EntryPoint\",\"urlTemplate\":\"https:\\\/\\\/www.boxrepsol.com\\\/es\\\/?s={search_term_string}\"},\"query-input\":{\"@type\":\"PropertyValueSpecification\",\"valueRequired\":true,\"valueName\":\"search_term_string\"}}],\"inLanguage\":\"es\"},{\"@type\":\"Organization\",\"@id\":\"https:\\\/\\\/www.boxrepsol.com\\\/es\\\/#organization\",\"name\":\"Box Repsol\",\"url\":\"https:\\\/\\\/www.boxrepsol.com\\\/es\\\/\",\"logo\":{\"@type\":\"ImageObject\",\"inLanguage\":\"es\",\"@id\":\"https:\\\/\\\/www.boxrepsol.com\\\/es\\\/#\\\/schema\\\/logo\\\/image\\\/\",\"url\":\"https:\\\/\\\/bxrepsol.s3.eu-west-1.amazonaws.com\\\/static\\\/2025\\\/07\\\/30083337\\\/favicon-96x96-1.png\",\"contentUrl\":\"https:\\\/\\\/bxrepsol.s3.eu-west-1.amazonaws.com\\\/static\\\/2025\\\/07\\\/30083337\\\/favicon-96x96-1.png\",\"width\":96,\"height\":96,\"caption\":\"Box Repsol\"},\"image\":{\"@id\":\"https:\\\/\\\/www.boxrepsol.com\\\/es\\\/#\\\/schema\\\/logo\\\/image\\\/\"},\"sameAs\":[\"https:\\\/\\\/www.facebook.com\\\/BoxRepsol\",\"https:\\\/\\\/x.com\\\/box_repsol\",\"http:\\\/\\\/instagram.com\\\/box_repsol\",\"https:\\\/\\\/www.youtube.com\\\/user\\\/RepsolCompeticion\",\"https:\\\/\\\/www.flickr.com\\\/photos\\\/box_repsol\\\/\"]},{\"@type\":\"Person\",\"@id\":\"https:\\\/\\\/www.boxrepsol.com\\\/es\\\/#\\\/schema\\\/person\\\/c5c2138f2cca251b0ad92b7086bb60b7\",\"name\":\"Redacci\u00f3n Box Repsol\",\"image\":{\"@type\":\"ImageObject\",\"inLanguage\":\"es\",\"@id\":\"https:\\\/\\\/secure.gravatar.com\\\/avatar\\\/adf7b77e38b4419baf32c7e9c21dde01f4e40df611f0978e3006fc4ba0aaab7e?s=96&d=mm&r=g\",\"url\":\"https:\\\/\\\/secure.gravatar.com\\\/avatar\\\/adf7b77e38b4419baf32c7e9c21dde01f4e40df611f0978e3006fc4ba0aaab7e?s=96&d=mm&r=g\",\"contentUrl\":\"https:\\\/\\\/secure.gravatar.com\\\/avatar\\\/adf7b77e38b4419baf32c7e9c21dde01f4e40df611f0978e3006fc4ba0aaab7e?s=96&d=mm&r=g\",\"caption\":\"Redacci\u00f3n Box Repsol\"},\"description\":\"Box Repsol lo forma un equipo de periodistas, community managers, dise\u00f1adores y fot\u00f3grafos con m\u00e1s de 20 a\u00f1os de experiencia en el mundo del motorsport. Hemos vivido el primer mundial de un espa\u00f1ol en la categor\u00eda reina de motociclismo con \u00c1lex Crivill\u00e9, estuvimos en las victorias de Pedrosa y los t\u00edtulos de M\u00e1rquez, acompa\u00f1amos en \u00c1frica a Nani Roma y Marc Coma en sus conquistas del Dakar y hemos vibrado con los t\u00edtulos de Toni Bou en Trial. Adem\u00e1s, en nuestro equipo contamos con expertos en el mundo de las dos y cuatro ruedas tanto de la calle y las carreteras, como de los circuitos. Periodistas que han trabajado en revistas y publicaciones para hacerte llegar desde rutas y consejos de mantenimiento, a curiosidades y trucos de pilotaje.\",\"sameAs\":[\"https:\\\/\\\/www.facebook.com\\\/BoxRepsol\\\/\",\"https:\\\/\\\/www.instagram.com\\\/box_repsol\\\/\",\"https:\\\/\\\/x.com\\\/https:\\\/\\\/twitter.com\\\/box_repsol\",\"https:\\\/\\\/www.youtube.com\\\/@Boxrepsol\"],\"url\":\"https:\\\/\\\/www.boxrepsol.com\\\/es\\\/author\\\/redaccion-box-repsol\\\/\"}]}<\/script>\n<!-- \/ Yoast SEO plugin. -->","yoast_head_json":{"title":"Artigas, Montella y Alonso ganadores del primer FIM CEV Repsol de 2020 - Box Repsol","description":"Xavier Artigas en Moto3, Yari Montella en Moto2 y David Alonso en la European Talent Cup monopolizan los triunfos en el circuito portugu\u00e9s de Estoril.","canonical":"https:\/\/www.boxrepsol.com\/es\/sin-categorizar\/artigas-montella-alonso-ganadores-fim-cev-repsol-2020\/","og_locale":"es_ES","og_type":"article","og_title":"Artigas, Montella y Alonso ganadores del primer FIM CEV Repsol de 2020 - Box Repsol","og_description":"Xavier Artigas en Moto3, Yari Montella en Moto2 y David Alonso en la European Talent Cup monopolizan los triunfos en el circuito portugu\u00e9s de Estoril.","og_url":"https:\/\/www.boxrepsol.com\/es\/sin-categorizar\/artigas-montella-alonso-ganadores-fim-cev-repsol-2020\/","og_site_name":"Box Repsol","article_publisher":"https:\/\/www.facebook.com\/BoxRepsol","article_author":"https:\/\/www.facebook.com\/BoxRepsol\/","article_published_time":"2020-07-08T02:00:00+00:00","article_modified_time":"2024-10-17T10:49:00+00:00","og_image":[{"width":1280,"height":720,"url":"https:\/\/bxrepsol.s3.eu-west-1.amazonaws.com\/static\/2022\/08\/29092505\/fim-cev-repsol-estoril-podio-2020.jpg","type":"image\/jpeg"}],"author":"Redacci\u00f3n Box Repsol","twitter_card":"summary_large_image","twitter_creator":"@https:\/\/twitter.com\/box_repsol","twitter_site":"@box_repsol","twitter_misc":{"Written by":"Redacci\u00f3n Box Repsol","Est. reading time":"2 minutos"},"schema":{"@context":"https:\/\/schema.org","@graph":[{"@type":"Article","@id":"https:\/\/www.boxrepsol.com\/es\/sin-categorizar\/artigas-montella-alonso-ganadores-fim-cev-repsol-2020\/#article","isPartOf":{"@id":"https:\/\/www.boxrepsol.com\/es\/sin-categorizar\/artigas-montella-alonso-ganadores-fim-cev-repsol-2020\/"},"author":{"name":"Redacci\u00f3n Box Repsol","@id":"https:\/\/www.boxrepsol.com\/es\/#\/schema\/person\/c5c2138f2cca251b0ad92b7086bb60b7"},"headline":"Artigas, Montella y Alonso ganadores del primer FIM CEV Repsol de 2020","datePublished":"2020-07-08T02:00:00+00:00","dateModified":"2024-10-17T10:49:00+00:00","mainEntityOfPage":{"@id":"https:\/\/www.boxrepsol.com\/es\/sin-categorizar\/artigas-montella-alonso-ganadores-fim-cev-repsol-2020\/"},"wordCount":366,"commentCount":0,"publisher":{"@id":"https:\/\/www.boxrepsol.com\/es\/#organization"},"image":{"@id":"https:\/\/www.boxrepsol.com\/es\/sin-categorizar\/artigas-montella-alonso-ganadores-fim-cev-repsol-2020\/#primaryimage"},"thumbnailUrl":"https:\/\/bxrepsol.s3.eu-west-1.amazonaws.com\/static\/2022\/08\/29092505\/fim-cev-repsol-estoril-podio-2020.jpg","keywords":["2020","otros eventos y competiciones"],"articleSection":["Sin categorizar"],"inLanguage":"es","potentialAction":[{"@type":"CommentAction","name":"Comment","target":["https:\/\/www.boxrepsol.com\/es\/sin-categorizar\/artigas-montella-alonso-ganadores-fim-cev-repsol-2020\/#respond"]}]},{"@type":"WebPage","@id":"https:\/\/www.boxrepsol.com\/es\/sin-categorizar\/artigas-montella-alonso-ganadores-fim-cev-repsol-2020\/","url":"https:\/\/www.boxrepsol.com\/es\/sin-categorizar\/artigas-montella-alonso-ganadores-fim-cev-repsol-2020\/","name":"Artigas, Montella y Alonso ganadores del primer FIM CEV Repsol de 2020 - Box Repsol","isPartOf":{"@id":"https:\/\/www.boxrepsol.com\/es\/#website"},"primaryImageOfPage":{"@id":"https:\/\/www.boxrepsol.com\/es\/sin-categorizar\/artigas-montella-alonso-ganadores-fim-cev-repsol-2020\/#primaryimage"},"image":{"@id":"https:\/\/www.boxrepsol.com\/es\/sin-categorizar\/artigas-montella-alonso-ganadores-fim-cev-repsol-2020\/#primaryimage"},"thumbnailUrl":"https:\/\/bxrepsol.s3.eu-west-1.amazonaws.com\/static\/2022\/08\/29092505\/fim-cev-repsol-estoril-podio-2020.jpg","datePublished":"2020-07-08T02:00:00+00:00","dateModified":"2024-10-17T10:49:00+00:00","description":"Xavier Artigas en Moto3, Yari Montella en Moto2 y David Alonso en la European Talent Cup monopolizan los triunfos en el circuito portugu\u00e9s de Estoril.","breadcrumb":{"@id":"https:\/\/www.boxrepsol.com\/es\/sin-categorizar\/artigas-montella-alonso-ganadores-fim-cev-repsol-2020\/#breadcrumb"},"inLanguage":"es","potentialAction":[{"@type":"ReadAction","target":["https:\/\/www.boxrepsol.com\/es\/sin-categorizar\/artigas-montella-alonso-ganadores-fim-cev-repsol-2020\/"]}]},{"@type":"ImageObject","inLanguage":"es","@id":"https:\/\/www.boxrepsol.com\/es\/sin-categorizar\/artigas-montella-alonso-ganadores-fim-cev-repsol-2020\/#primaryimage","url":"https:\/\/bxrepsol.s3.eu-west-1.amazonaws.com\/static\/2022\/08\/29092505\/fim-cev-repsol-estoril-podio-2020.jpg","contentUrl":"https:\/\/bxrepsol.s3.eu-west-1.amazonaws.com\/static\/2022\/08\/29092505\/fim-cev-repsol-estoril-podio-2020.jpg","width":1280,"height":720,"caption":"podio ganadores fim cev repsol 2020"},{"@type":"BreadcrumbList","@id":"https:\/\/www.boxrepsol.com\/es\/sin-categorizar\/artigas-montella-alonso-ganadores-fim-cev-repsol-2020\/#breadcrumb","itemListElement":[{"@type":"ListItem","position":1,"name":"Home","item":"https:\/\/www.boxrepsol.com\/es\/"},{"@type":"ListItem","position":2,"name":"Artigas, Montella y Alonso ganadores del primer FIM CEV Repsol de 2020"}]},{"@type":"WebSite","@id":"https:\/\/www.boxrepsol.com\/es\/#website","url":"https:\/\/www.boxrepsol.com\/es\/","name":"Box Repsol","description":"Box Repsol Site","publisher":{"@id":"https:\/\/www.boxrepsol.com\/es\/#organization"},"potentialAction":[{"@type":"SearchAction","target":{"@type":"EntryPoint","urlTemplate":"https:\/\/www.boxrepsol.com\/es\/?s={search_term_string}"},"query-input":{"@type":"PropertyValueSpecification","valueRequired":true,"valueName":"search_term_string"}}],"inLanguage":"es"},{"@type":"Organization","@id":"https:\/\/www.boxrepsol.com\/es\/#organization","name":"Box Repsol","url":"https:\/\/www.boxrepsol.com\/es\/","logo":{"@type":"ImageObject","inLanguage":"es","@id":"https:\/\/www.boxrepsol.com\/es\/#\/schema\/logo\/image\/","url":"https:\/\/bxrepsol.s3.eu-west-1.amazonaws.com\/static\/2025\/07\/30083337\/favicon-96x96-1.png","contentUrl":"https:\/\/bxrepsol.s3.eu-west-1.amazonaws.com\/static\/2025\/07\/30083337\/favicon-96x96-1.png","width":96,"height":96,"caption":"Box Repsol"},"image":{"@id":"https:\/\/www.boxrepsol.com\/es\/#\/schema\/logo\/image\/"},"sameAs":["https:\/\/www.facebook.com\/BoxRepsol","https:\/\/x.com\/box_repsol","http:\/\/instagram.com\/box_repsol","https:\/\/www.youtube.com\/user\/RepsolCompeticion","https:\/\/www.flickr.com\/photos\/box_repsol\/"]},{"@type":"Person","@id":"https:\/\/www.boxrepsol.com\/es\/#\/schema\/person\/c5c2138f2cca251b0ad92b7086bb60b7","name":"Redacci\u00f3n Box Repsol","image":{"@type":"ImageObject","inLanguage":"es","@id":"https:\/\/secure.gravatar.com\/avatar\/adf7b77e38b4419baf32c7e9c21dde01f4e40df611f0978e3006fc4ba0aaab7e?s=96&d=mm&r=g","url":"https:\/\/secure.gravatar.com\/avatar\/adf7b77e38b4419baf32c7e9c21dde01f4e40df611f0978e3006fc4ba0aaab7e?s=96&d=mm&r=g","contentUrl":"https:\/\/secure.gravatar.com\/avatar\/adf7b77e38b4419baf32c7e9c21dde01f4e40df611f0978e3006fc4ba0aaab7e?s=96&d=mm&r=g","caption":"Redacci\u00f3n Box Repsol"},"description":"Box Repsol lo forma un equipo de periodistas, community managers, dise\u00f1adores y fot\u00f3grafos con m\u00e1s de 20 a\u00f1os de experiencia en el mundo del motorsport. Hemos vivido el primer mundial de un espa\u00f1ol en la categor\u00eda reina de motociclismo con \u00c1lex Crivill\u00e9, estuvimos en las victorias de Pedrosa y los t\u00edtulos de M\u00e1rquez, acompa\u00f1amos en \u00c1frica a Nani Roma y Marc Coma en sus conquistas del Dakar y hemos vibrado con los t\u00edtulos de Toni Bou en Trial. Adem\u00e1s, en nuestro equipo contamos con expertos en el mundo de las dos y cuatro ruedas tanto de la calle y las carreteras, como de los circuitos. Periodistas que han trabajado en revistas y publicaciones para hacerte llegar desde rutas y consejos de mantenimiento, a curiosidades y trucos de pilotaje.","sameAs":["https:\/\/www.facebook.com\/BoxRepsol\/","https:\/\/www.instagram.com\/box_repsol\/","https:\/\/x.com\/https:\/\/twitter.com\/box_repsol","https:\/\/www.youtube.com\/@Boxrepsol"],"url":"https:\/\/www.boxrepsol.com\/es\/author\/redaccion-box-repsol\/"}]}},"_links":{"self":[{"href":"https:\/\/www.boxrepsol.com\/es\/wp-json\/wp\/v2\/posts\/94515","targetHints":{"allow":["GET"]}}],"collection":[{"href":"https:\/\/www.boxrepsol.com\/es\/wp-json\/wp\/v2\/posts"}],"about":[{"href":"https:\/\/www.boxrepsol.com\/es\/wp-json\/wp\/v2\/types\/post"}],"author":[{"embeddable":true,"href":"https:\/\/www.boxrepsol.com\/es\/wp-json\/wp\/v2\/users\/43146"}],"replies":[{"embeddable":true,"href":"https:\/\/www.boxrepsol.com\/es\/wp-json\/wp\/v2\/comments?post=94515"}],"version-history":[{"count":2,"href":"https:\/\/www.boxrepsol.com\/es\/wp-json\/wp\/v2\/posts\/94515\/revisions"}],"predecessor-version":[{"id":121291,"href":"https:\/\/www.boxrepsol.com\/es\/wp-json\/wp\/v2\/posts\/94515\/revisions\/121291"}],"wp:featuredmedia":[{"embeddable":true,"href":"https:\/\/www.boxrepsol.com\/es\/wp-json\/wp\/v2\/media\/64533"}],"wp:attachment":[{"href":"https:\/\/www.boxrepsol.com\/es\/wp-json\/wp\/v2\/media?parent=94515"}],"wp:term":[{"taxonomy":"category","embeddable":true,"href":"https:\/\/www.boxrepsol.com\/es\/wp-json\/wp\/v2\/categories?post=94515"},{"taxonomy":"post_tag","embeddable":true,"href":"https:\/\/www.boxrepsol.com\/es\/wp-json\/wp\/v2\/tags?post=94515"}],"curies":[{"name":"wp","href":"https:\/\/api.w.org\/{rel}","templated":true}]}}