{"id":94512,"date":"2020-11-11T00:00:00","date_gmt":"2020-11-11T02:00:00","guid":{"rendered":"http:\/\/pre.boxrepsol.com\/sin-categorizar\/mundial-de-motogp-covid-19\/"},"modified":"2024-04-23T14:18:45","modified_gmt":"2024-04-23T16:18:45","slug":"mundial-de-motogp-covid-19","status":"publish","type":"post","link":"https:\/\/www.boxrepsol.com\/es\/motogp\/mundial-de-motogp-covid-19\/","title":{"rendered":"MotoGP COVID 19 \u00bfC\u00f3mo se protegen los GP?"},"content":{"rendered":"<h3>MotoGP COVID 19 &#8211; Pautas generales durante los GP<\/h3>\n<p>Con la pandemia provocada por la COVID 19 y su consiguiente crisis sanitaria mundial que a\u00fan no ha remitido en muchos puntos del planeta, <strong>MotoGP<\/strong> ha establecido un estricto protocolo de seguridad para tratar de minimizar al m\u00e1ximo el riesgo de contagio entre el personal del paddock.<\/p>\n<p>El principal punto a destacar es que los organizadores del Mundial realizan un test a todo el personal acreditado, pilotos, mec\u00e1nicos, trabajadores de Dorna. As\u00ed mismo y ya dentro del per\u00edmetro de seguridad, las zonas comunes se desinfectan a diario.<\/p>\n<p>Para reducir el riesgo de contagio y asegurarse el respeto del cumplimiento de las medidas de seguridad adoptadas, el equipo m\u00e9dico de MotoGP trabaja de forma exhaustiva y obliga a todas las personas acreditadas al uso de equipos de protecci\u00f3n individuales tales como las mascarillas, adem\u00e1s del correcto lavado de manos peri\u00f3dico. Se mantienen tambi\u00e9n en el interior del circuito las medidas de distanciamiento social ya establecidas en cualquier otro \u00e1mbito.<\/p>\n<p>Este distanciamiento, adem\u00e1s, provoca que los equipos queden segmentados por grupos, uno por piloto, y los miembros de estos no podr\u00e1n mezclarse con los del otro. Adicionalmente, todo el paddock cuenta con una app m\u00f3vil para el control de los chequeos y de las personas con las que haya estado en contacto. El n\u00famero de personas por equipo y de personal t\u00e9cnico est\u00e1 limitado.<\/p>\n<figure>\n        <picture style=\"padding-bottom: 56.25%; background-image: url(https:\/\/www.boxrepsol.com\/wp-content\/uploads\/2020\/07\/jerez-covid-2-32x18.jpg);\">\n<p>            <noscript><\/noscript>\n        <\/picture><figcaption>Mec\u00e1nico con mascarilla sosteniendo la moto de Alex M\u00e1rquez<\/figcaption><\/figure>\n<p>Adem\u00e1s del primer control antes de cada GP, se realizan controles m\u00e9dicos todos los d\u00edas a todo el personal para comprobar la ausencia de s\u00edntomas, y ante la aparici\u00f3n de alg\u00fan tipo de indicio o s\u00edntoma relacionado con la COVID 19, la persona es enviada a un puesto de confinamiento en el centro m\u00e9dico. Si es necesario, el paciente es trasladado a un centro m\u00e9dico local para la realizaci\u00f3n de pruebas adicionales. Si los resultados son negativos la persona vuelve al circuito y, en caso de ser positivo, se le confina.<\/p>\n<h3>Medidas para MotoGP COVID 19: parag\u00fcer@s, podio y corralito<\/h3>\n<p>Todo lo relacionado con la coordinaci\u00f3n y el <strong>protocolo de un Gran Premio<\/strong> se ve afectado por la especial situaci\u00f3n. Tanto el perfil del personal de protecci\u00f3n de la parrilla (parag\u00fceras\/os), as\u00ed como los del podio y corralito tienen alg\u00fan tipo de restricci\u00f3n y\/o modificaci\u00f3n.<\/p>\n<p>Desaparece la figura de los y las parag\u00fceras de la parrilla de salida y este trabajo es realizado por tan solo un miembro del equipo del piloto. Este el encargado de atender las necesidades del piloto.<\/p>\n<figure>\n        <picture style=\"padding-bottom: 56.25%; background-image: url(https:\/\/www.boxrepsol.com\/wp-content\/uploads\/2020\/07\/jerez-covid-1-32x18.jpg);\">\n<p>            <noscript><\/noscript>\n        <\/picture><figcaption>Marc M\u00e1rquez siendo entrevistado manteniendo una distancia de seguridad<\/figcaption><\/figure>\n<p>En cuanto al protocolo del podio, los pilotos salen a saludar con los trofeos ya en su poder, los cu\u00e1les les son entregados justo antes de la celebraci\u00f3n y en \u00e9l no habr\u00e1 presencia ni de azafatas ni de dignatarios. Adem\u00e1s, se establece una distancia de separaci\u00f3n de dos metros entre los tres pilotos. Asimismo, en el corralito todo el personal debe llevar mascarilla siempre que as\u00ed se indique y se crear\u00e1 una distancia de seguridad entre piloto y prensa.<\/p>\n<h3>Medidas para el MotoGP COVID 19 para comisarios de pista, accidentes y Cl\u00ednica Mobile<\/h3>\n<p>Los comisarios y personal de pista deben cumplir su labor como es habitual, pero en caso de un accidente, no pueden tocar al piloto y su \u00fanica labor es la de sacar la moto accidentada de la pista. Es el personal sanitario el encargado de atender a los pilotos en esta situaci\u00f3n. La <a href=\"https:\/\/www.boxrepsol.com\/es\/motogp\/historia-evolucion-motogp\/\">Cl\u00ednica Mobile<\/a> presenta unos horarios y atenciones m\u00e1s ajustados para evitar cualquier tipo de aglomeraci\u00f3n.<\/p>\n<p><a href=\"https:\/\/bxrepsol.s3.eu-west-1.amazonaws.com\/static\/2022\/08\/05073618\/clinica-mobile.jpg\" \n   title=\"La Clinica Mobile\" \n   data-gallery-thumbnail=\"https:\/\/bxrepsol.s3.eu-west-1.amazonaws.com\/static\/2022\/08\/05073618\/clinica-mobile.jpg\"\n   data-gallery-title=\"\"\n   data-gallery><\/p>\n<figure>\n        <picture style=\"padding-bottom: 56.25%; background-image: url(https:\/\/bxrepsol.s3.eu-west-1.amazonaws.com\/static\/2022\/08\/05073618\/clinica-mobile.jpg);\">\n            <img decoding=\"async\" src=\"https:\/\/bxrepsol.s3.eu-west-1.amazonaws.com\/static\/2022\/08\/05073618\/clinica-mobile.jpg\"><br \/>\n            <img itemprop=\"image\"\n                data-srcset=\"https:\/\/bxrepsol.s3.eu-west-1.amazonaws.com\/static\/2022\/08\/05073618\/clinica-mobile.jpg 480w, https:\/\/bxrepsol.s3.eu-west-1.amazonaws.com\/static\/2022\/08\/05073618\/clinica-mobile.jpg 600w, https:\/\/bxrepsol.s3.eu-west-1.amazonaws.com\/static\/2022\/08\/05073618\/clinica-mobile.jpg 900w, https:\/\/bxrepsol.s3.eu-west-1.amazonaws.com\/static\/2022\/08\/05073618\/clinica-mobile.jpg 1280w\"\n                data-src=\"https:\/\/bxrepsol.s3.eu-west-1.amazonaws.com\/static\/2022\/08\/05073618\/clinica-mobile.jpg\"\n                alt=\"La Clinica Mobile\"\n                title=\"clinica-mobile\"\/><br \/>\n            <noscript><img decoding=\"async\" src=\"https:\/\/bxrepsol.s3.eu-west-1.amazonaws.com\/static\/2022\/08\/05073618\/clinica-mobile.jpg\" alt=\"La Clinica Mobile\"><\/noscript>\n        <\/picture><figcaption>La Clinica Mobile<\/figcaption><\/figure>\n<p><\/a><\/p>\n<h3>Entrenamientos y actividades durante la pandemia del COVID 19 en MotoGP <\/h3>\n<p>Los pilotos pueden salir a hacer deporte por el circuito, correr o andar en bicicleta, pero deben hacerlo de forma individual y respetando la distancia con cualquier otra persona con la que se puedan encontrar en su sesi\u00f3n de entrenamiento.<\/p>\n<p>Si es necesario realizar reuniones durante el desarrollo de la prueba, estas deben hacerse preferiblemente mediante videoconferencia<br \/>\n.<br \/>\nAdem\u00e1s, nadie del personal autorizado dentro del paddock puede abandonar el recinto durante la celebraci\u00f3n del Gran Premio si no es para, al final del d\u00eda, poder desplazarse al hotel en el que se encuentren alojados.<\/p>\n<p>\n            \u00a1Destacamos!\n    <\/p>\n<h2>\n            Calendario MotoGP 2020        <\/h2>\n<p>Estate al d\u00eda de todas las fechas del Mundial de Motociclismo.<\/p>\n<p>        <img decoding=\"async\" src=\"https:\/\/bxrepsol.s3.eu-west-1.amazonaws.com\/static\/2022\/08\/29051236\/circuito-jerez-sin-publico.jpg\" alt=\"circuito-jerez-sin-publico\"><\/p>\n","protected":false},"excerpt":{"rendered":"<p>MotoGP convive en la actualidad junto al COVID 19. Esta situaci\u00f3n obliga a cumplir con condiciones especiales, con restricciones de p\u00fablico y con grandes medidas de seguridad para proteger la salud de todo el personal. Te explicamos c\u00f3mo es el procedimiento para que los circuitos sean un lugar m\u00e1s seguro.<\/p>\n","protected":false},"author":43146,"featured_media":64512,"comment_status":"open","ping_status":"open","sticky":false,"template":"","format":"standard","meta":{"footnotes":""},"categories":[4],"tags":[191,136],"class_list":["post-94512","post","type-post","status-publish","format-standard","hentry","category-motogp","tag-191","tag-campeonato-del-mundo-de-motociclismo"],"yoast_head":"<!-- This site is optimized with the Yoast SEO plugin v27.3 - https:\/\/yoast.com\/product\/yoast-seo-wordpress\/ -->\n<title>MotoGP COVID 19 \u00bfC\u00f3mo se protegen los GP? - Box Repsol<\/title>\n<meta name=\"description\" content=\"MotoGP convive junto al COVID 19. Esta situaci\u00f3n obliga a cumplir con condiciones especiales, con restricciones de p\u00fablico y medidas de seguridad.\" \/>\n<link rel=\"canonical\" href=\"https:\/\/www.boxrepsol.com\/es\/motogp\/mundial-de-motogp-covid-19\/\" \/>\n<meta property=\"og:locale\" content=\"es_ES\" \/>\n<meta property=\"og:type\" content=\"article\" \/>\n<meta property=\"og:title\" content=\"MotoGP COVID 19 \u00bfC\u00f3mo se protegen los GP? - Box Repsol\" \/>\n<meta property=\"og:description\" content=\"MotoGP convive junto al COVID 19. Esta situaci\u00f3n obliga a cumplir con condiciones especiales, con restricciones de p\u00fablico y medidas de seguridad.\" \/>\n<meta property=\"og:url\" content=\"https:\/\/www.boxrepsol.com\/es\/motogp\/mundial-de-motogp-covid-19\/\" \/>\n<meta property=\"og:site_name\" content=\"Box Repsol\" \/>\n<meta property=\"article:publisher\" content=\"https:\/\/www.facebook.com\/BoxRepsol\" \/>\n<meta property=\"article:author\" content=\"https:\/\/www.facebook.com\/BoxRepsol\/\" \/>\n<meta property=\"article:published_time\" content=\"2020-11-11T02:00:00+00:00\" \/>\n<meta property=\"article:modified_time\" content=\"2024-04-23T16:18:45+00:00\" \/>\n<meta property=\"og:image\" content=\"https:\/\/bxrepsol.s3.eu-west-1.amazonaws.com\/static\/2022\/08\/29092448\/jerez-covid-3.jpg\" \/>\n\t<meta property=\"og:image:width\" content=\"1280\" \/>\n\t<meta property=\"og:image:height\" content=\"720\" \/>\n\t<meta property=\"og:image:type\" content=\"image\/jpeg\" \/>\n<meta name=\"author\" content=\"Redacci\u00f3n Box Repsol\" \/>\n<meta name=\"twitter:card\" content=\"summary_large_image\" \/>\n<meta name=\"twitter:creator\" content=\"@https:\/\/twitter.com\/box_repsol\" \/>\n<meta name=\"twitter:site\" content=\"@box_repsol\" \/>\n<meta name=\"twitter:label1\" content=\"Written by\" \/>\n\t<meta name=\"twitter:data1\" content=\"Redacci\u00f3n Box Repsol\" \/>\n\t<meta name=\"twitter:label2\" content=\"Est. reading time\" \/>\n\t<meta name=\"twitter:data2\" content=\"4 minutos\" \/>\n<script type=\"application\/ld+json\" class=\"yoast-schema-graph\">{\"@context\":\"https:\\\/\\\/schema.org\",\"@graph\":[{\"@type\":\"Article\",\"@id\":\"https:\\\/\\\/www.boxrepsol.com\\\/es\\\/motogp\\\/mundial-de-motogp-covid-19\\\/#article\",\"isPartOf\":{\"@id\":\"https:\\\/\\\/www.boxrepsol.com\\\/es\\\/motogp\\\/mundial-de-motogp-covid-19\\\/\"},\"author\":{\"name\":\"Redacci\u00f3n Box Repsol\",\"@id\":\"https:\\\/\\\/www.boxrepsol.com\\\/es\\\/#\\\/schema\\\/person\\\/c5c2138f2cca251b0ad92b7086bb60b7\"},\"headline\":\"MotoGP COVID 19 \u00bfC\u00f3mo se protegen los GP?\",\"datePublished\":\"2020-11-11T02:00:00+00:00\",\"dateModified\":\"2024-04-23T16:18:45+00:00\",\"mainEntityOfPage\":{\"@id\":\"https:\\\/\\\/www.boxrepsol.com\\\/es\\\/motogp\\\/mundial-de-motogp-covid-19\\\/\"},\"wordCount\":768,\"commentCount\":0,\"publisher\":{\"@id\":\"https:\\\/\\\/www.boxrepsol.com\\\/es\\\/#organization\"},\"image\":{\"@id\":\"https:\\\/\\\/www.boxrepsol.com\\\/es\\\/motogp\\\/mundial-de-motogp-covid-19\\\/#primaryimage\"},\"thumbnailUrl\":\"https:\\\/\\\/bxrepsol.s3.eu-west-1.amazonaws.com\\\/static\\\/2022\\\/08\\\/29092448\\\/jerez-covid-3.jpg\",\"keywords\":[\"2020\",\"Campeonato del Mundo de Motociclismo\"],\"articleSection\":[\"MotoGP\"],\"inLanguage\":\"es\",\"potentialAction\":[{\"@type\":\"CommentAction\",\"name\":\"Comment\",\"target\":[\"https:\\\/\\\/www.boxrepsol.com\\\/es\\\/motogp\\\/mundial-de-motogp-covid-19\\\/#respond\"]}]},{\"@type\":\"WebPage\",\"@id\":\"https:\\\/\\\/www.boxrepsol.com\\\/es\\\/motogp\\\/mundial-de-motogp-covid-19\\\/\",\"url\":\"https:\\\/\\\/www.boxrepsol.com\\\/es\\\/motogp\\\/mundial-de-motogp-covid-19\\\/\",\"name\":\"MotoGP COVID 19 \u00bfC\u00f3mo se protegen los GP? - Box Repsol\",\"isPartOf\":{\"@id\":\"https:\\\/\\\/www.boxrepsol.com\\\/es\\\/#website\"},\"primaryImageOfPage\":{\"@id\":\"https:\\\/\\\/www.boxrepsol.com\\\/es\\\/motogp\\\/mundial-de-motogp-covid-19\\\/#primaryimage\"},\"image\":{\"@id\":\"https:\\\/\\\/www.boxrepsol.com\\\/es\\\/motogp\\\/mundial-de-motogp-covid-19\\\/#primaryimage\"},\"thumbnailUrl\":\"https:\\\/\\\/bxrepsol.s3.eu-west-1.amazonaws.com\\\/static\\\/2022\\\/08\\\/29092448\\\/jerez-covid-3.jpg\",\"datePublished\":\"2020-11-11T02:00:00+00:00\",\"dateModified\":\"2024-04-23T16:18:45+00:00\",\"description\":\"MotoGP convive junto al COVID 19. Esta situaci\u00f3n obliga a cumplir con condiciones especiales, con restricciones de p\u00fablico y medidas de seguridad.\",\"breadcrumb\":{\"@id\":\"https:\\\/\\\/www.boxrepsol.com\\\/es\\\/motogp\\\/mundial-de-motogp-covid-19\\\/#breadcrumb\"},\"inLanguage\":\"es\",\"potentialAction\":[{\"@type\":\"ReadAction\",\"target\":[\"https:\\\/\\\/www.boxrepsol.com\\\/es\\\/motogp\\\/mundial-de-motogp-covid-19\\\/\"]}]},{\"@type\":\"ImageObject\",\"inLanguage\":\"es\",\"@id\":\"https:\\\/\\\/www.boxrepsol.com\\\/es\\\/motogp\\\/mundial-de-motogp-covid-19\\\/#primaryimage\",\"url\":\"https:\\\/\\\/bxrepsol.s3.eu-west-1.amazonaws.com\\\/static\\\/2022\\\/08\\\/29092448\\\/jerez-covid-3.jpg\",\"contentUrl\":\"https:\\\/\\\/bxrepsol.s3.eu-west-1.amazonaws.com\\\/static\\\/2022\\\/08\\\/29092448\\\/jerez-covid-3.jpg\",\"width\":1280,\"height\":720,\"caption\":\"MotoGP COVID 19: Marc Marquez en el muro del pitlane con mascarilla\"},{\"@type\":\"BreadcrumbList\",\"@id\":\"https:\\\/\\\/www.boxrepsol.com\\\/es\\\/motogp\\\/mundial-de-motogp-covid-19\\\/#breadcrumb\",\"itemListElement\":[{\"@type\":\"ListItem\",\"position\":1,\"name\":\"Home\",\"item\":\"https:\\\/\\\/www.boxrepsol.com\\\/es\\\/\"},{\"@type\":\"ListItem\",\"position\":2,\"name\":\"MotoGP COVID 19 \u00bfC\u00f3mo se protegen los GP?\"}]},{\"@type\":\"WebSite\",\"@id\":\"https:\\\/\\\/www.boxrepsol.com\\\/es\\\/#website\",\"url\":\"https:\\\/\\\/www.boxrepsol.com\\\/es\\\/\",\"name\":\"Box Repsol\",\"description\":\"Box Repsol Site\",\"publisher\":{\"@id\":\"https:\\\/\\\/www.boxrepsol.com\\\/es\\\/#organization\"},\"potentialAction\":[{\"@type\":\"SearchAction\",\"target\":{\"@type\":\"EntryPoint\",\"urlTemplate\":\"https:\\\/\\\/www.boxrepsol.com\\\/es\\\/?s={search_term_string}\"},\"query-input\":{\"@type\":\"PropertyValueSpecification\",\"valueRequired\":true,\"valueName\":\"search_term_string\"}}],\"inLanguage\":\"es\"},{\"@type\":\"Organization\",\"@id\":\"https:\\\/\\\/www.boxrepsol.com\\\/es\\\/#organization\",\"name\":\"Box Repsol\",\"url\":\"https:\\\/\\\/www.boxrepsol.com\\\/es\\\/\",\"logo\":{\"@type\":\"ImageObject\",\"inLanguage\":\"es\",\"@id\":\"https:\\\/\\\/www.boxrepsol.com\\\/es\\\/#\\\/schema\\\/logo\\\/image\\\/\",\"url\":\"https:\\\/\\\/bxrepsol.s3.eu-west-1.amazonaws.com\\\/static\\\/2025\\\/07\\\/30083337\\\/favicon-96x96-1.png\",\"contentUrl\":\"https:\\\/\\\/bxrepsol.s3.eu-west-1.amazonaws.com\\\/static\\\/2025\\\/07\\\/30083337\\\/favicon-96x96-1.png\",\"width\":96,\"height\":96,\"caption\":\"Box Repsol\"},\"image\":{\"@id\":\"https:\\\/\\\/www.boxrepsol.com\\\/es\\\/#\\\/schema\\\/logo\\\/image\\\/\"},\"sameAs\":[\"https:\\\/\\\/www.facebook.com\\\/BoxRepsol\",\"https:\\\/\\\/x.com\\\/box_repsol\",\"http:\\\/\\\/instagram.com\\\/box_repsol\",\"https:\\\/\\\/www.youtube.com\\\/user\\\/RepsolCompeticion\",\"https:\\\/\\\/www.flickr.com\\\/photos\\\/box_repsol\\\/\"]},{\"@type\":\"Person\",\"@id\":\"https:\\\/\\\/www.boxrepsol.com\\\/es\\\/#\\\/schema\\\/person\\\/c5c2138f2cca251b0ad92b7086bb60b7\",\"name\":\"Redacci\u00f3n Box Repsol\",\"image\":{\"@type\":\"ImageObject\",\"inLanguage\":\"es\",\"@id\":\"https:\\\/\\\/secure.gravatar.com\\\/avatar\\\/adf7b77e38b4419baf32c7e9c21dde01f4e40df611f0978e3006fc4ba0aaab7e?s=96&d=mm&r=g\",\"url\":\"https:\\\/\\\/secure.gravatar.com\\\/avatar\\\/adf7b77e38b4419baf32c7e9c21dde01f4e40df611f0978e3006fc4ba0aaab7e?s=96&d=mm&r=g\",\"contentUrl\":\"https:\\\/\\\/secure.gravatar.com\\\/avatar\\\/adf7b77e38b4419baf32c7e9c21dde01f4e40df611f0978e3006fc4ba0aaab7e?s=96&d=mm&r=g\",\"caption\":\"Redacci\u00f3n Box Repsol\"},\"description\":\"Box Repsol lo forma un equipo de periodistas, community managers, dise\u00f1adores y fot\u00f3grafos con m\u00e1s de 20 a\u00f1os de experiencia en el mundo del motorsport. Hemos vivido el primer mundial de un espa\u00f1ol en la categor\u00eda reina de motociclismo con \u00c1lex Crivill\u00e9, estuvimos en las victorias de Pedrosa y los t\u00edtulos de M\u00e1rquez, acompa\u00f1amos en \u00c1frica a Nani Roma y Marc Coma en sus conquistas del Dakar y hemos vibrado con los t\u00edtulos de Toni Bou en Trial. Adem\u00e1s, en nuestro equipo contamos con expertos en el mundo de las dos y cuatro ruedas tanto de la calle y las carreteras, como de los circuitos. Periodistas que han trabajado en revistas y publicaciones para hacerte llegar desde rutas y consejos de mantenimiento, a curiosidades y trucos de pilotaje.\",\"sameAs\":[\"https:\\\/\\\/www.facebook.com\\\/BoxRepsol\\\/\",\"https:\\\/\\\/www.instagram.com\\\/box_repsol\\\/\",\"https:\\\/\\\/x.com\\\/https:\\\/\\\/twitter.com\\\/box_repsol\",\"https:\\\/\\\/www.youtube.com\\\/@Boxrepsol\"],\"url\":\"https:\\\/\\\/www.boxrepsol.com\\\/es\\\/author\\\/redaccion-box-repsol\\\/\"}]}<\/script>\n<!-- \/ Yoast SEO plugin. -->","yoast_head_json":{"title":"MotoGP COVID 19 \u00bfC\u00f3mo se protegen los GP? - Box Repsol","description":"MotoGP convive junto al COVID 19. Esta situaci\u00f3n obliga a cumplir con condiciones especiales, con restricciones de p\u00fablico y medidas de seguridad.","canonical":"https:\/\/www.boxrepsol.com\/es\/motogp\/mundial-de-motogp-covid-19\/","og_locale":"es_ES","og_type":"article","og_title":"MotoGP COVID 19 \u00bfC\u00f3mo se protegen los GP? - Box Repsol","og_description":"MotoGP convive junto al COVID 19. Esta situaci\u00f3n obliga a cumplir con condiciones especiales, con restricciones de p\u00fablico y medidas de seguridad.","og_url":"https:\/\/www.boxrepsol.com\/es\/motogp\/mundial-de-motogp-covid-19\/","og_site_name":"Box Repsol","article_publisher":"https:\/\/www.facebook.com\/BoxRepsol","article_author":"https:\/\/www.facebook.com\/BoxRepsol\/","article_published_time":"2020-11-11T02:00:00+00:00","article_modified_time":"2024-04-23T16:18:45+00:00","og_image":[{"width":1280,"height":720,"url":"https:\/\/bxrepsol.s3.eu-west-1.amazonaws.com\/static\/2022\/08\/29092448\/jerez-covid-3.jpg","type":"image\/jpeg"}],"author":"Redacci\u00f3n Box Repsol","twitter_card":"summary_large_image","twitter_creator":"@https:\/\/twitter.com\/box_repsol","twitter_site":"@box_repsol","twitter_misc":{"Written by":"Redacci\u00f3n Box Repsol","Est. reading time":"4 minutos"},"schema":{"@context":"https:\/\/schema.org","@graph":[{"@type":"Article","@id":"https:\/\/www.boxrepsol.com\/es\/motogp\/mundial-de-motogp-covid-19\/#article","isPartOf":{"@id":"https:\/\/www.boxrepsol.com\/es\/motogp\/mundial-de-motogp-covid-19\/"},"author":{"name":"Redacci\u00f3n Box Repsol","@id":"https:\/\/www.boxrepsol.com\/es\/#\/schema\/person\/c5c2138f2cca251b0ad92b7086bb60b7"},"headline":"MotoGP COVID 19 \u00bfC\u00f3mo se protegen los GP?","datePublished":"2020-11-11T02:00:00+00:00","dateModified":"2024-04-23T16:18:45+00:00","mainEntityOfPage":{"@id":"https:\/\/www.boxrepsol.com\/es\/motogp\/mundial-de-motogp-covid-19\/"},"wordCount":768,"commentCount":0,"publisher":{"@id":"https:\/\/www.boxrepsol.com\/es\/#organization"},"image":{"@id":"https:\/\/www.boxrepsol.com\/es\/motogp\/mundial-de-motogp-covid-19\/#primaryimage"},"thumbnailUrl":"https:\/\/bxrepsol.s3.eu-west-1.amazonaws.com\/static\/2022\/08\/29092448\/jerez-covid-3.jpg","keywords":["2020","Campeonato del Mundo de Motociclismo"],"articleSection":["MotoGP"],"inLanguage":"es","potentialAction":[{"@type":"CommentAction","name":"Comment","target":["https:\/\/www.boxrepsol.com\/es\/motogp\/mundial-de-motogp-covid-19\/#respond"]}]},{"@type":"WebPage","@id":"https:\/\/www.boxrepsol.com\/es\/motogp\/mundial-de-motogp-covid-19\/","url":"https:\/\/www.boxrepsol.com\/es\/motogp\/mundial-de-motogp-covid-19\/","name":"MotoGP COVID 19 \u00bfC\u00f3mo se protegen los GP? - Box Repsol","isPartOf":{"@id":"https:\/\/www.boxrepsol.com\/es\/#website"},"primaryImageOfPage":{"@id":"https:\/\/www.boxrepsol.com\/es\/motogp\/mundial-de-motogp-covid-19\/#primaryimage"},"image":{"@id":"https:\/\/www.boxrepsol.com\/es\/motogp\/mundial-de-motogp-covid-19\/#primaryimage"},"thumbnailUrl":"https:\/\/bxrepsol.s3.eu-west-1.amazonaws.com\/static\/2022\/08\/29092448\/jerez-covid-3.jpg","datePublished":"2020-11-11T02:00:00+00:00","dateModified":"2024-04-23T16:18:45+00:00","description":"MotoGP convive junto al COVID 19. Esta situaci\u00f3n obliga a cumplir con condiciones especiales, con restricciones de p\u00fablico y medidas de seguridad.","breadcrumb":{"@id":"https:\/\/www.boxrepsol.com\/es\/motogp\/mundial-de-motogp-covid-19\/#breadcrumb"},"inLanguage":"es","potentialAction":[{"@type":"ReadAction","target":["https:\/\/www.boxrepsol.com\/es\/motogp\/mundial-de-motogp-covid-19\/"]}]},{"@type":"ImageObject","inLanguage":"es","@id":"https:\/\/www.boxrepsol.com\/es\/motogp\/mundial-de-motogp-covid-19\/#primaryimage","url":"https:\/\/bxrepsol.s3.eu-west-1.amazonaws.com\/static\/2022\/08\/29092448\/jerez-covid-3.jpg","contentUrl":"https:\/\/bxrepsol.s3.eu-west-1.amazonaws.com\/static\/2022\/08\/29092448\/jerez-covid-3.jpg","width":1280,"height":720,"caption":"MotoGP COVID 19: Marc Marquez en el muro del pitlane con mascarilla"},{"@type":"BreadcrumbList","@id":"https:\/\/www.boxrepsol.com\/es\/motogp\/mundial-de-motogp-covid-19\/#breadcrumb","itemListElement":[{"@type":"ListItem","position":1,"name":"Home","item":"https:\/\/www.boxrepsol.com\/es\/"},{"@type":"ListItem","position":2,"name":"MotoGP COVID 19 \u00bfC\u00f3mo se protegen los GP?"}]},{"@type":"WebSite","@id":"https:\/\/www.boxrepsol.com\/es\/#website","url":"https:\/\/www.boxrepsol.com\/es\/","name":"Box Repsol","description":"Box Repsol Site","publisher":{"@id":"https:\/\/www.boxrepsol.com\/es\/#organization"},"potentialAction":[{"@type":"SearchAction","target":{"@type":"EntryPoint","urlTemplate":"https:\/\/www.boxrepsol.com\/es\/?s={search_term_string}"},"query-input":{"@type":"PropertyValueSpecification","valueRequired":true,"valueName":"search_term_string"}}],"inLanguage":"es"},{"@type":"Organization","@id":"https:\/\/www.boxrepsol.com\/es\/#organization","name":"Box Repsol","url":"https:\/\/www.boxrepsol.com\/es\/","logo":{"@type":"ImageObject","inLanguage":"es","@id":"https:\/\/www.boxrepsol.com\/es\/#\/schema\/logo\/image\/","url":"https:\/\/bxrepsol.s3.eu-west-1.amazonaws.com\/static\/2025\/07\/30083337\/favicon-96x96-1.png","contentUrl":"https:\/\/bxrepsol.s3.eu-west-1.amazonaws.com\/static\/2025\/07\/30083337\/favicon-96x96-1.png","width":96,"height":96,"caption":"Box Repsol"},"image":{"@id":"https:\/\/www.boxrepsol.com\/es\/#\/schema\/logo\/image\/"},"sameAs":["https:\/\/www.facebook.com\/BoxRepsol","https:\/\/x.com\/box_repsol","http:\/\/instagram.com\/box_repsol","https:\/\/www.youtube.com\/user\/RepsolCompeticion","https:\/\/www.flickr.com\/photos\/box_repsol\/"]},{"@type":"Person","@id":"https:\/\/www.boxrepsol.com\/es\/#\/schema\/person\/c5c2138f2cca251b0ad92b7086bb60b7","name":"Redacci\u00f3n Box Repsol","image":{"@type":"ImageObject","inLanguage":"es","@id":"https:\/\/secure.gravatar.com\/avatar\/adf7b77e38b4419baf32c7e9c21dde01f4e40df611f0978e3006fc4ba0aaab7e?s=96&d=mm&r=g","url":"https:\/\/secure.gravatar.com\/avatar\/adf7b77e38b4419baf32c7e9c21dde01f4e40df611f0978e3006fc4ba0aaab7e?s=96&d=mm&r=g","contentUrl":"https:\/\/secure.gravatar.com\/avatar\/adf7b77e38b4419baf32c7e9c21dde01f4e40df611f0978e3006fc4ba0aaab7e?s=96&d=mm&r=g","caption":"Redacci\u00f3n Box Repsol"},"description":"Box Repsol lo forma un equipo de periodistas, community managers, dise\u00f1adores y fot\u00f3grafos con m\u00e1s de 20 a\u00f1os de experiencia en el mundo del motorsport. Hemos vivido el primer mundial de un espa\u00f1ol en la categor\u00eda reina de motociclismo con \u00c1lex Crivill\u00e9, estuvimos en las victorias de Pedrosa y los t\u00edtulos de M\u00e1rquez, acompa\u00f1amos en \u00c1frica a Nani Roma y Marc Coma en sus conquistas del Dakar y hemos vibrado con los t\u00edtulos de Toni Bou en Trial. Adem\u00e1s, en nuestro equipo contamos con expertos en el mundo de las dos y cuatro ruedas tanto de la calle y las carreteras, como de los circuitos. Periodistas que han trabajado en revistas y publicaciones para hacerte llegar desde rutas y consejos de mantenimiento, a curiosidades y trucos de pilotaje.","sameAs":["https:\/\/www.facebook.com\/BoxRepsol\/","https:\/\/www.instagram.com\/box_repsol\/","https:\/\/x.com\/https:\/\/twitter.com\/box_repsol","https:\/\/www.youtube.com\/@Boxrepsol"],"url":"https:\/\/www.boxrepsol.com\/es\/author\/redaccion-box-repsol\/"}]}},"_links":{"self":[{"href":"https:\/\/www.boxrepsol.com\/es\/wp-json\/wp\/v2\/posts\/94512","targetHints":{"allow":["GET"]}}],"collection":[{"href":"https:\/\/www.boxrepsol.com\/es\/wp-json\/wp\/v2\/posts"}],"about":[{"href":"https:\/\/www.boxrepsol.com\/es\/wp-json\/wp\/v2\/types\/post"}],"author":[{"embeddable":true,"href":"https:\/\/www.boxrepsol.com\/es\/wp-json\/wp\/v2\/users\/43146"}],"replies":[{"embeddable":true,"href":"https:\/\/www.boxrepsol.com\/es\/wp-json\/wp\/v2\/comments?post=94512"}],"version-history":[{"count":8,"href":"https:\/\/www.boxrepsol.com\/es\/wp-json\/wp\/v2\/posts\/94512\/revisions"}],"predecessor-version":[{"id":115307,"href":"https:\/\/www.boxrepsol.com\/es\/wp-json\/wp\/v2\/posts\/94512\/revisions\/115307"}],"wp:featuredmedia":[{"embeddable":true,"href":"https:\/\/www.boxrepsol.com\/es\/wp-json\/wp\/v2\/media\/64512"}],"wp:attachment":[{"href":"https:\/\/www.boxrepsol.com\/es\/wp-json\/wp\/v2\/media?parent=94512"}],"wp:term":[{"taxonomy":"category","embeddable":true,"href":"https:\/\/www.boxrepsol.com\/es\/wp-json\/wp\/v2\/categories?post=94512"},{"taxonomy":"post_tag","embeddable":true,"href":"https:\/\/www.boxrepsol.com\/es\/wp-json\/wp\/v2\/tags?post=94512"}],"curies":[{"name":"wp","href":"https:\/\/api.w.org\/{rel}","templated":true}]}}