{"id":94502,"date":"2020-06-16T00:00:00","date_gmt":"2020-06-16T02:00:00","guid":{"rendered":"http:\/\/pre.boxrepsol.com\/sin-categorizar\/rutas-en-moto-verano\/"},"modified":"2025-06-18T11:28:33","modified_gmt":"2025-06-18T13:28:33","slug":"rutas-en-moto-verano","status":"publish","type":"post","link":"https:\/\/www.boxrepsol.com\/es\/vive-tu-moto\/rutas-en-moto-verano\/","title":{"rendered":"Rutas en moto para disfrutar en verano"},"content":{"rendered":"\n<p><\/p>\n\n\n\n<p><\/p>\n\n\n\n<p><\/p>\n\n\n\n<h2 class=\"wp-block-heading\">Ruta del faro de Cabo de Palos en Cartagena al faro del Cabo de Santa Pola:<\/h2>\n\n\n\n<p><a href=\"https:\/\/goo.gl\/maps\/mUY2bK9TQq6GDqm68\" target=\"_blank\" rel=\"noopener\">Ruta en google maps<\/a><\/p>\n\n\n<figure class=\"wp-block-post-featured-image\"><img loading=\"lazy\" decoding=\"async\" width=\"1280\" height=\"600\" src=\"https:\/\/bxrepsol.s3.eu-west-1.amazonaws.com\/static\/2024\/03\/20081838\/rutas-moto-verano-1-1.jpg\" class=\"attachment-post-thumbnail size-post-thumbnail wp-post-image\" alt=\"\" style=\"object-fit:cover;\" srcset=\"https:\/\/bxrepsol.s3.eu-west-1.amazonaws.com\/static\/2024\/03\/20081838\/rutas-moto-verano-1-1.jpg 1280w, https:\/\/bxrepsol.s3.eu-west-1.amazonaws.com\/static\/2024\/03\/20081838\/rutas-moto-verano-1-1-300x141.jpg 300w, https:\/\/bxrepsol.s3.eu-west-1.amazonaws.com\/static\/2024\/03\/20081838\/rutas-moto-verano-1-1-1024x480.jpg 1024w, https:\/\/bxrepsol.s3.eu-west-1.amazonaws.com\/static\/2024\/03\/20081838\/rutas-moto-verano-1-1-768x360.jpg 768w\" sizes=\"auto, (max-width: 1280px) 100vw, 1280px\" \/><\/figure>\n\n\n<p>Se trata de una bonita ruta de 111 km, con salida en el faro de Cabo de Palos y llegada al faro de Santa Pola, bordeando el Mar Menor y pasando por las salinas de Torrevieja.<\/p>\n\n\n\n<p>Cerca de Cartagena se encuentra el pueblo de <a href=\"https:\/\/meencantamurcia.es\/7-lugares-imprescindibles-cabo-palos\/\" target=\"_blank\" rel=\"noopener\">Cabo de Palos<\/a>, que da acceso a la Manga del Mar Menor. Desde esta bonita localidad de origen pesquero, y tras deleitarnos con las vistas panor\u00e1micas que nos ofrece el faro y un buen arroz con pescado si decidimos salir tras el medio d\u00eda, partiremos en un viaje incomparable a lo largo de la costa mediterr\u00e1nea.<\/p>\n\n\n\n<p>Tras unos pocos kil\u00f3metros y despu\u00e9s de dejar atr\u00e1s Los Belones, nuestra ruta en moto nos llevar\u00e1 a tomar el desv\u00edo a la derecha que conduce hasta Los Nietos para tomar la carretera RM-F54, que nos llevar\u00e1 por la costa del Mar Menor.<\/p>\n\n\n\n<figure class=\"wp-block-image\"><img decoding=\"async\" src=\"https:\/\/bxrepsol.s3.eu-west-1.amazonaws.com\/static\/2022\/08\/29092218\/mar-menor-2.jpg\" alt=\"\"\/><\/figure>\n\n\n\n<p><\/p>\n\n\n\n<p>Tras un bonito paseo y, agotando ya la carretera en la que nos encontramos, al llegar a Los Alc\u00e1zares tomaremos un tramo de la autopista AP-7, que nos permitir\u00e1 avanzar r\u00e1pidamente evitando los n\u00facleos de algunas poblaciones. Si queremos evitar el tramo con peaje, saldremos en la salida 768, Dehesa de Campoamor, y tomaremos la N-332 en direcci\u00f3n Torrevieja hasta encontrar el enlace con la CV-95 direcci\u00f3n San Miguel. Si nos decantamos por la opci\u00f3n de pago, recorreremos varios kil\u00f3metros de autopista hasta tomar la salida 758 Orihuela Torrevieja (sur), donde ambos caminos se unir\u00e1n.<\/p>\n\n\n\n<p>Tomaremos la CV-943 en direcci\u00f3n Los Montesinos e iremos rodeando la <a href=\"https:\/\/www.guiarepsol.com\/es\/viajar\/con-ninos\/visita-las-salinas-de-torrevieja-alicante\/\" target=\"_blank\" rel=\"noopener\">Laguna Salada de Torrevieja<\/a>. Aqu\u00ed podremos acercarnos por alguna de las m\u00faltiples pistas que permiten apreciar de cerca esta gran extensi\u00f3n salina.<\/p>\n\n\n\n<figure class=\"wp-block-image\"><img decoding=\"async\" src=\"https:\/\/bxrepsol.s3.eu-west-1.amazonaws.com\/static\/2022\/08\/29092219\/laguna-salada-Torrevieja-2.jpg\" alt=\"\"\/><\/figure>\n\n\n\n<p><\/p>\n\n\n\n<p>Pasado el pueblo seguiremos avanzando en direcci\u00f3n Guardamar del Segura, dejando a nuestra derecha la Laguna Salada de la Mata, y continuaremos en direcci\u00f3n norte por la N-332 direcci\u00f3n Santa Pola.<\/p>\n\n\n\n<p>Pasando <a href=\"https:\/\/www.santapola.es\/\" target=\"_blank\" rel=\"noopener\">Santa Pola<\/a> y, sin abandonar la N-332, llegaremos r\u00e1pidamente al desv\u00edo para acceder a su faro. \u00a1Cuidado! Es f\u00e1cil pasarse la salida, ya que se trata de un desv\u00edo por una carretera estrecha, y si nos sucede tendremos que dar una larga vuelta para volver.<br>Siguiendo el camino, tan solo 4 kil\u00f3metros nos separar\u00e1n de nuestro destino y las espectaculares vistas desde su mirador, un lugar perfecto donde acabar nuestra ruta en moto.<\/p>\n\n\n\n<figure class=\"wp-block-image\"><img decoding=\"async\" src=\"https:\/\/bxrepsol.s3.eu-west-1.amazonaws.com\/static\/2022\/08\/29092220\/Faro-de-Santa-Pola-2.jpg\" alt=\"\"\/><\/figure>\n\n\n\n<p><\/p>\n\n\n\n<p>Si tienes hambre puedes bajar a Santa Pola y disfrutar de su gastronom\u00eda, o acercarte hasta Elche, donde multitud de opciones gastron\u00f3micas te estar\u00e1n esperando.<\/p>\n\n\n\n<p><\/p>\n\n\n\n<h2 class=\"wp-block-heading\">Ruta desde el Pantano de Yesa hasta el mirador de Larra-Belagua:<\/h2>\n\n\n\n<p><a href=\"https:\/\/goo.gl\/maps\/Yz8LszQKxggAoqReA\" target=\"_blank\" rel=\"noopener\">Ruta en google maps<\/a><\/p>\n\n\n\n<p>La ruta en moto del <a href=\"https:\/\/www.turismo.navarra.es\/esp\/organice-viaje\/recurso\/Patrimonio\/3068\/Valle-de-Roncal.htm\" target=\"_blank\" rel=\"noopener\">Valle del Roncal<\/a> que os proponemos consta de algo m\u00e1s de 80 km, pero permite muchas otras opciones.<\/p>\n\n\n\n<p>Nuestro punto de inicio ser\u00e1 el <a href=\"https:\/\/www.turismo.navarra.es\/esp\/organice-viaje\/recurso\/Patrimonio\/3110\/Castillo-de-Javier.htm\" target=\"_blank\" rel=\"noopener\">Museo Castillo de Javier<\/a>, cerca del municipio navarro de Yesa. Esta fortificaci\u00f3n data del siglo XI, y una vez en ella podremos acceder al museo, donde encontraremos documentos, cuadros y objetos variados relacionados con el lugar y con San Francisco Javier.<\/p>\n\n\n\n<p>Tras la visita, tomaremos la NA-5410 en direcci\u00f3n norte hasta llegar a Yesa, donde recorreremos un corto tramo de la NA-2420 en direcci\u00f3n hacia la autopista A-21, y justo antes de la incorporaci\u00f3n a la misma nos desviaremos por la NA-2113, camino al Monasterio de Leyre por una bonita carretera.<\/p>\n\n\n\n<figure class=\"wp-block-image\"><img decoding=\"async\" src=\"https:\/\/bxrepsol.s3.eu-west-1.amazonaws.com\/static\/2022\/08\/29092221\/Monasterio-de-Leyre-2.jpg\" alt=\"\"\/><\/figure>\n\n\n\n<p><\/p>\n\n\n\n<p>El Monasterio remonta su historia hasta hace m\u00e1s de mil a\u00f1os, all\u00e1 por el siglo IX, y en el mismo podemos encontrar el Pante\u00f3n Real donde descansan los restos de los primeros Reyes Navarros. Adem\u00e1s, las vistas desde el exterior al embalse de Yesa tambi\u00e9n son dignas de admiraci\u00f3n.<\/p>\n\n\n\n<p>Terminada la visita, volveremos a bajar hasta el municipio de Yesa por el camino tomado en la subida, y una vez en el centro de la localidad seguiremos la NA-2420 en direcci\u00f3n este, que nos llevar\u00e1 bordeando el embalse y pasando ya a tierras aragonesas. La carretera pasa por las antiguas termas, cuyas ruinas pueden verse cuando el nivel del agua lo permite.<\/p>\n\n\n\n<p>Seguiremos la carretera hasta encontrar el desv\u00edo a la A-137 en direcci\u00f3n Francia, y desde aqu\u00ed comenzaremos el camino que nos llevar\u00e1 al Pirineo Aragon\u00e9s.<\/p>\n\n\n\n<p>Pasaremos Sig\u00fc\u00e9s y entraremos en una estrecha pero preciosa ruta de carretera de monta\u00f1a que bordea el rio Esca, y que nos llevar\u00e1 hasta Salvatierra de Esca.<br>Seguiremos en direcci\u00f3n norte por la misma carretera, siempre sin dejar de ver el r\u00edo y pilotando entre los montes para volver a entrar en territorio navarro.<\/p>\n\n\n\n<p>Llegaremos a Burgui y continuaremos nuestro lento ascenso sin dejar la NA-137 hasta llegar la cota de los 700 metros sobre el nivel del mar. Aqu\u00ed se encuentra el pueblo de Roncal, que toma el nombre del valle en el que se encuentra. En \u00e9l podremos encontrar el <a href=\"https:\/\/www.turismo.navarra.es\/esp\/organice-viaje\/recurso.aspx?o=3053\" target=\"_blank\" rel=\"noopener\">Centro de Interpretaci\u00f3n de la Naturaleza<\/a>, donde podremos conocer datos sobre la zona, como su geograf\u00eda, fauna e historia.<\/p>\n\n\n\n<figure class=\"wp-block-image\"><img decoding=\"async\" src=\"https:\/\/bxrepsol.s3.eu-west-1.amazonaws.com\/static\/2022\/08\/29092223\/Pueblo-de-Roncal-2.jpg\" alt=\"\"\/><\/figure>\n\n\n\n<p><\/p>\n\n\n\n<p>Dejaremos Roncal y continuaremos direcci\u00f3n norte entre \u00e1rboles y zonas rocosas, pasando Urzainqui y llegando hasta Isaba, a 800 metros de altura. Este ser\u00e1 el \u00faltimo pueblo de nuestra ruta en moto.<\/p>\n\n\n\n<p>Desde aqu\u00ed, tomaremos el tramo que contin\u00faa su subida por la NA-137, donde r\u00e1pidamente ganaremos altura.<\/p>\n\n\n\n<p>Los \u00e1rboles seguir\u00e1n acompa\u00f1\u00e1ndonos durante todo el camino, mientras iremos ganando terreno a los picos monta\u00f1osos, entrando en valles m\u00e1s amplios, hasta llegar a la gran apertura a los pies del mirador de Larra-Belagua, nuestro destino.<\/p>\n\n\n\n<figure class=\"wp-block-image\"><img decoding=\"async\" src=\"https:\/\/bxrepsol.s3.eu-west-1.amazonaws.com\/static\/2022\/08\/29092224\/carretera-de-el-Roncal-2.jpg\" alt=\"\"\/><\/figure>\n\n\n\n<p><\/p>\n\n\n\n<p>El \u00faltimo tramo nos llevar\u00e1 a subir r\u00e1pidamente desde ese valle a 950 metros hasta el mirador situado a m\u00e1s de 1.300 metros. La carretera, llena de horquillas en su tramo final, ser\u00e1 el \u00faltimo disfrute sobre las ruedas de nuestra moto antes de bajarnos de la moto y poder contemplar la majestuosidad de la naturaleza, con el Mazizo de Larra, de m\u00e1s de 2.000 metros de altura, y la ruta que nos ha tra\u00eddo hasta aqu\u00ed como protagonistas.<\/p>\n\n\n\n<p><\/p>\n\n\n\n<h2 class=\"wp-block-heading\">Desde el circuito de Jerez hasta el punto m\u00e1s meridional de la Europa continental:<\/h2>\n\n\n\n<p><a href=\"https:\/\/goo.gl\/maps\/P8Q8RzBDsxyCv7C78\" target=\"_blank\" rel=\"noopener\">Ruta en google maps<\/a><\/p>\n\n\n\n<p>En esta ruta de poco m\u00e1s de 140 km partiremos desde el<a href=\"http:\/\/www.circuitodejerez.com\/\" target=\"_blank\" rel=\"noopener\"> Circuito de Jerez<\/a> en direcci\u00f3n a Jerez de la Frontera, donde enfilaremos la AP-4 hasta la salida 84, Jerez (sur) Algeciras y de ah\u00ed tomaremos direcci\u00f3n a Medina-Sidonia por la A-381, donde saldremos por la salida 24 direcci\u00f3n Vejer.<\/p>\n\n\n\n<p>Si lo deseamos, podremos detenernos en <a href=\"http:\/\/www.medinasidonia.es\/\" target=\"_blank\" rel=\"noopener\">Medina-Sidonia<\/a>, una ciudad con un legado hist\u00f3rico de m\u00e1s de 3.000 a\u00f1os de antig\u00fcedad, donde podremos ver su patrimonio arquitect\u00f3nico y arqueol\u00f3gico, como la Iglesia de Santa Mar\u00eda o el cerro del castillo.<\/p>\n\n\n\n<figure class=\"wp-block-image\"><img decoding=\"async\" src=\"https:\/\/bxrepsol.s3.eu-west-1.amazonaws.com\/static\/2022\/08\/29092225\/Medina-Sidonia-2.jpg\" alt=\"\"\/><\/figure>\n\n\n\n<p><\/p>\n\n\n\n<p>Saldremos en direcci\u00f3n sur por la CA-5201 hacia Los Naveros por una apacible carretera que atraviesa las llanuras de la zona entre cultivos. Alcanzada esta poblaci\u00f3n seguiremos en direcci\u00f3n sur hasta Vejer de la Frontera, donde seguiremos la Avenida de Buenavista hacia el sur. Es posible que nos encontremos con un peque\u00f1o tramo de pista de gravilla, por el que se puede circular sin problemas, y a\u00f1adir\u00e1 adem\u00e1s un atractivo adicional a este desv\u00edo.<\/p>\n\n\n\n<p>Al llegar a los molinos de viento, giraremos a la derecha en direcci\u00f3n sur hacia Barbate. Al llegar a los pinares del<a href=\"https:\/\/www.andalucia.org\/es\/espacios-naturales-la-brena-y-marismas-de-barbate\" target=\"_blank\" rel=\"noopener\"> parque natural de la Bre\u00f1a y las Marismas del Barbate<\/a>, ser\u00e1 f\u00e1cil comprender por qu\u00e9 merec\u00eda la pena el camino tomado hasta aqu\u00ed. \u00a1A disfrutar del momento!<\/p>\n\n\n\n<figure class=\"wp-block-image\"><img decoding=\"async\" src=\"https:\/\/bxrepsol.s3.eu-west-1.amazonaws.com\/static\/2022\/08\/29092226\/parque-natural-de-barbate-2.jpg\" alt=\"\"\/><\/figure>\n\n\n\n<p><\/p>\n\n\n\n<p>La bonita carretera nos llevar\u00e1 a atravesar el inmenso bosque, que nos regalar\u00e1 una preciosa estampa, llegando a Barbate bordeando sus acantilados.<\/p>\n\n\n\n<p>Seguiremos bordeando la costa, disfrutando de la brisa marina, hasta llegar a una poblaci\u00f3n caracterizada por su belleza: Zahara de los Atunes. Desde aqu\u00ed tomaremos direcci\u00f3n noreste por la A-2227 hasta incorporarnos a la N-340 direcci\u00f3n M\u00e1laga.<\/p>\n\n\n\n<p>Recorreremos esta carretera pasando por un parque e\u00f3lico y armoniosos paisajes hasta llegar de nuevo a la costa, y finalmente a nuestro destino: <a href=\"https:\/\/turismodetarifa.com\/\" target=\"_blank\" rel=\"noopener\">Tarifa<\/a>.<br>Atravesaremos la ciudad y cruzaremos el paso que la une con la Isla de las Palomas. Eso s\u00ed, para entrar en ella solo es posible hacerlo con cita previa.<\/p>\n\n\n\n<figure class=\"wp-block-image\"><img decoding=\"async\" src=\"https:\/\/bxrepsol.s3.eu-west-1.amazonaws.com\/static\/2022\/08\/29092227\/Isla-de-las-palomas-Tarifa-2.jpg\" alt=\"\"\/><\/figure>\n\n\n\n<p><\/p>\n\n\n\n<p>En este lugar se encuentra el punto m\u00e1s meridional de la Europa continental y el primer faro que se construy\u00f3 en el Estrecho de Gibraltar. Adem\u00e1s, se da la particularidad de que la carretera de acceso est\u00e1 ba\u00f1ada a un lado por el mar Mediterr\u00e1neo y al otro por el oc\u00e9ano Atl\u00e1ntico.<\/p>\n\n\n\n<p>Antes de partir, <a href=\"https:\/\/www.boxrepsol.com\/es\/vive-tu-moto\/desescalada-en-moto-preparate-carretera\/\" target=\"_blank\" rel=\"noopener\">aseg\u00farate de que tu moto est\u00e1 en condiciones \u00f3ptimas<\/a>.<\/p>\n\n\n\n<p>Esperamos que disfrutes de estas rutas moteras y que descubras todos sus secretos, que no son pocos. Cuando lo hagas, \u00bfpor qu\u00e9 no compartes alguna foto en nuestras redes sociales? \u00a1Estaremos encantados de saber que has disfrutado de alguna de estas rutas que te proponemos!<\/p>\n\n\n\n<p><\/p>\n","protected":false},"excerpt":{"rendered":"<p>Llega el buen tiempo y es hora de volver a nuestras monturas. Te proponemos estas tres rutas en moto para disfrutar de los meses estivales.<\/p>\n","protected":false},"author":43146,"featured_media":113775,"comment_status":"open","ping_status":"open","sticky":false,"template":"","format":"standard","meta":{"footnotes":""},"categories":[122],"tags":[124,168],"class_list":["post-94502","post","type-post","status-publish","format-standard","hentry","category-vive-tu-moto","tag-moteros","tag-salidas-y-rutas-en-moto"],"yoast_head":"<!-- This site is optimized with the Yoast SEO plugin v27.3 - https:\/\/yoast.com\/product\/yoast-seo-wordpress\/ -->\n<title>Rutas en moto para disfrutar en verano - Box Repsol<\/title>\n<meta name=\"description\" content=\"Llega el verano y es hora de volver a nuestras monturas. Te proponemos estas tres rutas en moto para disfrutar de los meses estivales.\" \/>\n<link rel=\"canonical\" href=\"https:\/\/www.boxrepsol.com\/es\/vive-tu-moto\/rutas-en-moto-verano\/\" \/>\n<meta property=\"og:locale\" content=\"es_ES\" \/>\n<meta property=\"og:type\" content=\"article\" \/>\n<meta property=\"og:title\" content=\"Rutas en moto para disfrutar en verano - Box Repsol\" \/>\n<meta property=\"og:description\" content=\"Llega el verano y es hora de volver a nuestras monturas. Te proponemos estas tres rutas en moto para disfrutar de los meses estivales.\" \/>\n<meta property=\"og:url\" content=\"https:\/\/www.boxrepsol.com\/es\/vive-tu-moto\/rutas-en-moto-verano\/\" \/>\n<meta property=\"og:site_name\" content=\"Box Repsol\" \/>\n<meta property=\"article:publisher\" content=\"https:\/\/www.facebook.com\/BoxRepsol\" \/>\n<meta property=\"article:author\" content=\"https:\/\/www.facebook.com\/BoxRepsol\/\" \/>\n<meta property=\"article:published_time\" content=\"2020-06-16T02:00:00+00:00\" \/>\n<meta property=\"article:modified_time\" content=\"2025-06-18T13:28:33+00:00\" \/>\n<meta property=\"og:image\" content=\"https:\/\/bxrepsol.s3.eu-west-1.amazonaws.com\/static\/2024\/03\/20081838\/rutas-moto-verano-1-1.jpg\" \/>\n\t<meta property=\"og:image:width\" content=\"1280\" \/>\n\t<meta property=\"og:image:height\" content=\"600\" \/>\n\t<meta property=\"og:image:type\" content=\"image\/jpeg\" \/>\n<meta name=\"author\" content=\"Redacci\u00f3n Box Repsol\" \/>\n<meta name=\"twitter:card\" content=\"summary_large_image\" \/>\n<meta name=\"twitter:creator\" content=\"@https:\/\/twitter.com\/box_repsol\" \/>\n<meta name=\"twitter:site\" content=\"@box_repsol\" \/>\n<meta name=\"twitter:label1\" content=\"Written by\" \/>\n\t<meta name=\"twitter:data1\" content=\"Redacci\u00f3n Box Repsol\" \/>\n\t<meta name=\"twitter:label2\" content=\"Est. reading time\" \/>\n\t<meta name=\"twitter:data2\" content=\"8 minutos\" \/>\n<script type=\"application\/ld+json\" class=\"yoast-schema-graph\">{\"@context\":\"https:\\\/\\\/schema.org\",\"@graph\":[{\"@type\":\"Article\",\"@id\":\"https:\\\/\\\/www.boxrepsol.com\\\/es\\\/vive-tu-moto\\\/rutas-en-moto-verano\\\/#article\",\"isPartOf\":{\"@id\":\"https:\\\/\\\/www.boxrepsol.com\\\/es\\\/vive-tu-moto\\\/rutas-en-moto-verano\\\/\"},\"author\":{\"name\":\"Redacci\u00f3n Box Repsol\",\"@id\":\"https:\\\/\\\/www.boxrepsol.com\\\/es\\\/#\\\/schema\\\/person\\\/c5c2138f2cca251b0ad92b7086bb60b7\"},\"headline\":\"Rutas en moto para disfrutar en verano\",\"datePublished\":\"2020-06-16T02:00:00+00:00\",\"dateModified\":\"2025-06-18T13:28:33+00:00\",\"mainEntityOfPage\":{\"@id\":\"https:\\\/\\\/www.boxrepsol.com\\\/es\\\/vive-tu-moto\\\/rutas-en-moto-verano\\\/\"},\"wordCount\":1519,\"commentCount\":0,\"publisher\":{\"@id\":\"https:\\\/\\\/www.boxrepsol.com\\\/es\\\/#organization\"},\"image\":{\"@id\":\"https:\\\/\\\/www.boxrepsol.com\\\/es\\\/vive-tu-moto\\\/rutas-en-moto-verano\\\/#primaryimage\"},\"thumbnailUrl\":\"https:\\\/\\\/bxrepsol.s3.eu-west-1.amazonaws.com\\\/static\\\/2024\\\/03\\\/20081838\\\/rutas-moto-verano-1-1.jpg\",\"keywords\":[\"moteros\",\"salidas y rutas en moto\"],\"articleSection\":[\"Vive tu moto\"],\"inLanguage\":\"es\",\"potentialAction\":[{\"@type\":\"CommentAction\",\"name\":\"Comment\",\"target\":[\"https:\\\/\\\/www.boxrepsol.com\\\/es\\\/vive-tu-moto\\\/rutas-en-moto-verano\\\/#respond\"]}]},{\"@type\":\"WebPage\",\"@id\":\"https:\\\/\\\/www.boxrepsol.com\\\/es\\\/vive-tu-moto\\\/rutas-en-moto-verano\\\/\",\"url\":\"https:\\\/\\\/www.boxrepsol.com\\\/es\\\/vive-tu-moto\\\/rutas-en-moto-verano\\\/\",\"name\":\"Rutas en moto para disfrutar en verano - Box Repsol\",\"isPartOf\":{\"@id\":\"https:\\\/\\\/www.boxrepsol.com\\\/es\\\/#website\"},\"primaryImageOfPage\":{\"@id\":\"https:\\\/\\\/www.boxrepsol.com\\\/es\\\/vive-tu-moto\\\/rutas-en-moto-verano\\\/#primaryimage\"},\"image\":{\"@id\":\"https:\\\/\\\/www.boxrepsol.com\\\/es\\\/vive-tu-moto\\\/rutas-en-moto-verano\\\/#primaryimage\"},\"thumbnailUrl\":\"https:\\\/\\\/bxrepsol.s3.eu-west-1.amazonaws.com\\\/static\\\/2024\\\/03\\\/20081838\\\/rutas-moto-verano-1-1.jpg\",\"datePublished\":\"2020-06-16T02:00:00+00:00\",\"dateModified\":\"2025-06-18T13:28:33+00:00\",\"description\":\"Llega el verano y es hora de volver a nuestras monturas. Te proponemos estas tres rutas en moto para disfrutar de los meses estivales.\",\"breadcrumb\":{\"@id\":\"https:\\\/\\\/www.boxrepsol.com\\\/es\\\/vive-tu-moto\\\/rutas-en-moto-verano\\\/#breadcrumb\"},\"inLanguage\":\"es\",\"potentialAction\":[{\"@type\":\"ReadAction\",\"target\":[\"https:\\\/\\\/www.boxrepsol.com\\\/es\\\/vive-tu-moto\\\/rutas-en-moto-verano\\\/\"]}]},{\"@type\":\"ImageObject\",\"inLanguage\":\"es\",\"@id\":\"https:\\\/\\\/www.boxrepsol.com\\\/es\\\/vive-tu-moto\\\/rutas-en-moto-verano\\\/#primaryimage\",\"url\":\"https:\\\/\\\/bxrepsol.s3.eu-west-1.amazonaws.com\\\/static\\\/2024\\\/03\\\/20081838\\\/rutas-moto-verano-1-1.jpg\",\"contentUrl\":\"https:\\\/\\\/bxrepsol.s3.eu-west-1.amazonaws.com\\\/static\\\/2024\\\/03\\\/20081838\\\/rutas-moto-verano-1-1.jpg\",\"width\":1280,\"height\":600,\"caption\":\"Biker sitting on his motorcycle watching the sea.; Shutterstock ID 1710359659; purchase_order: Box Repsol; job: ; client: ; other:\"},{\"@type\":\"BreadcrumbList\",\"@id\":\"https:\\\/\\\/www.boxrepsol.com\\\/es\\\/vive-tu-moto\\\/rutas-en-moto-verano\\\/#breadcrumb\",\"itemListElement\":[{\"@type\":\"ListItem\",\"position\":1,\"name\":\"Home\",\"item\":\"https:\\\/\\\/www.boxrepsol.com\\\/es\\\/\"},{\"@type\":\"ListItem\",\"position\":2,\"name\":\"Rutas en moto para disfrutar en verano\"}]},{\"@type\":\"WebSite\",\"@id\":\"https:\\\/\\\/www.boxrepsol.com\\\/es\\\/#website\",\"url\":\"https:\\\/\\\/www.boxrepsol.com\\\/es\\\/\",\"name\":\"Box Repsol\",\"description\":\"Box Repsol Site\",\"publisher\":{\"@id\":\"https:\\\/\\\/www.boxrepsol.com\\\/es\\\/#organization\"},\"potentialAction\":[{\"@type\":\"SearchAction\",\"target\":{\"@type\":\"EntryPoint\",\"urlTemplate\":\"https:\\\/\\\/www.boxrepsol.com\\\/es\\\/?s={search_term_string}\"},\"query-input\":{\"@type\":\"PropertyValueSpecification\",\"valueRequired\":true,\"valueName\":\"search_term_string\"}}],\"inLanguage\":\"es\"},{\"@type\":\"Organization\",\"@id\":\"https:\\\/\\\/www.boxrepsol.com\\\/es\\\/#organization\",\"name\":\"Box Repsol\",\"url\":\"https:\\\/\\\/www.boxrepsol.com\\\/es\\\/\",\"logo\":{\"@type\":\"ImageObject\",\"inLanguage\":\"es\",\"@id\":\"https:\\\/\\\/www.boxrepsol.com\\\/es\\\/#\\\/schema\\\/logo\\\/image\\\/\",\"url\":\"https:\\\/\\\/bxrepsol.s3.eu-west-1.amazonaws.com\\\/static\\\/2025\\\/07\\\/30083337\\\/favicon-96x96-1.png\",\"contentUrl\":\"https:\\\/\\\/bxrepsol.s3.eu-west-1.amazonaws.com\\\/static\\\/2025\\\/07\\\/30083337\\\/favicon-96x96-1.png\",\"width\":96,\"height\":96,\"caption\":\"Box Repsol\"},\"image\":{\"@id\":\"https:\\\/\\\/www.boxrepsol.com\\\/es\\\/#\\\/schema\\\/logo\\\/image\\\/\"},\"sameAs\":[\"https:\\\/\\\/www.facebook.com\\\/BoxRepsol\",\"https:\\\/\\\/x.com\\\/box_repsol\",\"http:\\\/\\\/instagram.com\\\/box_repsol\",\"https:\\\/\\\/www.youtube.com\\\/user\\\/RepsolCompeticion\",\"https:\\\/\\\/www.flickr.com\\\/photos\\\/box_repsol\\\/\"]},{\"@type\":\"Person\",\"@id\":\"https:\\\/\\\/www.boxrepsol.com\\\/es\\\/#\\\/schema\\\/person\\\/c5c2138f2cca251b0ad92b7086bb60b7\",\"name\":\"Redacci\u00f3n Box Repsol\",\"image\":{\"@type\":\"ImageObject\",\"inLanguage\":\"es\",\"@id\":\"https:\\\/\\\/secure.gravatar.com\\\/avatar\\\/adf7b77e38b4419baf32c7e9c21dde01f4e40df611f0978e3006fc4ba0aaab7e?s=96&d=mm&r=g\",\"url\":\"https:\\\/\\\/secure.gravatar.com\\\/avatar\\\/adf7b77e38b4419baf32c7e9c21dde01f4e40df611f0978e3006fc4ba0aaab7e?s=96&d=mm&r=g\",\"contentUrl\":\"https:\\\/\\\/secure.gravatar.com\\\/avatar\\\/adf7b77e38b4419baf32c7e9c21dde01f4e40df611f0978e3006fc4ba0aaab7e?s=96&d=mm&r=g\",\"caption\":\"Redacci\u00f3n Box Repsol\"},\"description\":\"Box Repsol lo forma un equipo de periodistas, community managers, dise\u00f1adores y fot\u00f3grafos con m\u00e1s de 20 a\u00f1os de experiencia en el mundo del motorsport. Hemos vivido el primer mundial de un espa\u00f1ol en la categor\u00eda reina de motociclismo con \u00c1lex Crivill\u00e9, estuvimos en las victorias de Pedrosa y los t\u00edtulos de M\u00e1rquez, acompa\u00f1amos en \u00c1frica a Nani Roma y Marc Coma en sus conquistas del Dakar y hemos vibrado con los t\u00edtulos de Toni Bou en Trial. Adem\u00e1s, en nuestro equipo contamos con expertos en el mundo de las dos y cuatro ruedas tanto de la calle y las carreteras, como de los circuitos. Periodistas que han trabajado en revistas y publicaciones para hacerte llegar desde rutas y consejos de mantenimiento, a curiosidades y trucos de pilotaje.\",\"sameAs\":[\"https:\\\/\\\/www.facebook.com\\\/BoxRepsol\\\/\",\"https:\\\/\\\/www.instagram.com\\\/box_repsol\\\/\",\"https:\\\/\\\/x.com\\\/https:\\\/\\\/twitter.com\\\/box_repsol\",\"https:\\\/\\\/www.youtube.com\\\/@Boxrepsol\"],\"url\":\"https:\\\/\\\/www.boxrepsol.com\\\/es\\\/author\\\/redaccion-box-repsol\\\/\"}]}<\/script>\n<!-- \/ Yoast SEO plugin. -->","yoast_head_json":{"title":"Rutas en moto para disfrutar en verano - Box Repsol","description":"Llega el verano y es hora de volver a nuestras monturas. Te proponemos estas tres rutas en moto para disfrutar de los meses estivales.","canonical":"https:\/\/www.boxrepsol.com\/es\/vive-tu-moto\/rutas-en-moto-verano\/","og_locale":"es_ES","og_type":"article","og_title":"Rutas en moto para disfrutar en verano - Box Repsol","og_description":"Llega el verano y es hora de volver a nuestras monturas. Te proponemos estas tres rutas en moto para disfrutar de los meses estivales.","og_url":"https:\/\/www.boxrepsol.com\/es\/vive-tu-moto\/rutas-en-moto-verano\/","og_site_name":"Box Repsol","article_publisher":"https:\/\/www.facebook.com\/BoxRepsol","article_author":"https:\/\/www.facebook.com\/BoxRepsol\/","article_published_time":"2020-06-16T02:00:00+00:00","article_modified_time":"2025-06-18T13:28:33+00:00","og_image":[{"width":1280,"height":600,"url":"https:\/\/bxrepsol.s3.eu-west-1.amazonaws.com\/static\/2024\/03\/20081838\/rutas-moto-verano-1-1.jpg","type":"image\/jpeg"}],"author":"Redacci\u00f3n Box Repsol","twitter_card":"summary_large_image","twitter_creator":"@https:\/\/twitter.com\/box_repsol","twitter_site":"@box_repsol","twitter_misc":{"Written by":"Redacci\u00f3n Box Repsol","Est. reading time":"8 minutos"},"schema":{"@context":"https:\/\/schema.org","@graph":[{"@type":"Article","@id":"https:\/\/www.boxrepsol.com\/es\/vive-tu-moto\/rutas-en-moto-verano\/#article","isPartOf":{"@id":"https:\/\/www.boxrepsol.com\/es\/vive-tu-moto\/rutas-en-moto-verano\/"},"author":{"name":"Redacci\u00f3n Box Repsol","@id":"https:\/\/www.boxrepsol.com\/es\/#\/schema\/person\/c5c2138f2cca251b0ad92b7086bb60b7"},"headline":"Rutas en moto para disfrutar en verano","datePublished":"2020-06-16T02:00:00+00:00","dateModified":"2025-06-18T13:28:33+00:00","mainEntityOfPage":{"@id":"https:\/\/www.boxrepsol.com\/es\/vive-tu-moto\/rutas-en-moto-verano\/"},"wordCount":1519,"commentCount":0,"publisher":{"@id":"https:\/\/www.boxrepsol.com\/es\/#organization"},"image":{"@id":"https:\/\/www.boxrepsol.com\/es\/vive-tu-moto\/rutas-en-moto-verano\/#primaryimage"},"thumbnailUrl":"https:\/\/bxrepsol.s3.eu-west-1.amazonaws.com\/static\/2024\/03\/20081838\/rutas-moto-verano-1-1.jpg","keywords":["moteros","salidas y rutas en moto"],"articleSection":["Vive tu moto"],"inLanguage":"es","potentialAction":[{"@type":"CommentAction","name":"Comment","target":["https:\/\/www.boxrepsol.com\/es\/vive-tu-moto\/rutas-en-moto-verano\/#respond"]}]},{"@type":"WebPage","@id":"https:\/\/www.boxrepsol.com\/es\/vive-tu-moto\/rutas-en-moto-verano\/","url":"https:\/\/www.boxrepsol.com\/es\/vive-tu-moto\/rutas-en-moto-verano\/","name":"Rutas en moto para disfrutar en verano - Box Repsol","isPartOf":{"@id":"https:\/\/www.boxrepsol.com\/es\/#website"},"primaryImageOfPage":{"@id":"https:\/\/www.boxrepsol.com\/es\/vive-tu-moto\/rutas-en-moto-verano\/#primaryimage"},"image":{"@id":"https:\/\/www.boxrepsol.com\/es\/vive-tu-moto\/rutas-en-moto-verano\/#primaryimage"},"thumbnailUrl":"https:\/\/bxrepsol.s3.eu-west-1.amazonaws.com\/static\/2024\/03\/20081838\/rutas-moto-verano-1-1.jpg","datePublished":"2020-06-16T02:00:00+00:00","dateModified":"2025-06-18T13:28:33+00:00","description":"Llega el verano y es hora de volver a nuestras monturas. Te proponemos estas tres rutas en moto para disfrutar de los meses estivales.","breadcrumb":{"@id":"https:\/\/www.boxrepsol.com\/es\/vive-tu-moto\/rutas-en-moto-verano\/#breadcrumb"},"inLanguage":"es","potentialAction":[{"@type":"ReadAction","target":["https:\/\/www.boxrepsol.com\/es\/vive-tu-moto\/rutas-en-moto-verano\/"]}]},{"@type":"ImageObject","inLanguage":"es","@id":"https:\/\/www.boxrepsol.com\/es\/vive-tu-moto\/rutas-en-moto-verano\/#primaryimage","url":"https:\/\/bxrepsol.s3.eu-west-1.amazonaws.com\/static\/2024\/03\/20081838\/rutas-moto-verano-1-1.jpg","contentUrl":"https:\/\/bxrepsol.s3.eu-west-1.amazonaws.com\/static\/2024\/03\/20081838\/rutas-moto-verano-1-1.jpg","width":1280,"height":600,"caption":"Biker sitting on his motorcycle watching the sea.; Shutterstock ID 1710359659; purchase_order: Box Repsol; job: ; client: ; other:"},{"@type":"BreadcrumbList","@id":"https:\/\/www.boxrepsol.com\/es\/vive-tu-moto\/rutas-en-moto-verano\/#breadcrumb","itemListElement":[{"@type":"ListItem","position":1,"name":"Home","item":"https:\/\/www.boxrepsol.com\/es\/"},{"@type":"ListItem","position":2,"name":"Rutas en moto para disfrutar en verano"}]},{"@type":"WebSite","@id":"https:\/\/www.boxrepsol.com\/es\/#website","url":"https:\/\/www.boxrepsol.com\/es\/","name":"Box Repsol","description":"Box Repsol Site","publisher":{"@id":"https:\/\/www.boxrepsol.com\/es\/#organization"},"potentialAction":[{"@type":"SearchAction","target":{"@type":"EntryPoint","urlTemplate":"https:\/\/www.boxrepsol.com\/es\/?s={search_term_string}"},"query-input":{"@type":"PropertyValueSpecification","valueRequired":true,"valueName":"search_term_string"}}],"inLanguage":"es"},{"@type":"Organization","@id":"https:\/\/www.boxrepsol.com\/es\/#organization","name":"Box Repsol","url":"https:\/\/www.boxrepsol.com\/es\/","logo":{"@type":"ImageObject","inLanguage":"es","@id":"https:\/\/www.boxrepsol.com\/es\/#\/schema\/logo\/image\/","url":"https:\/\/bxrepsol.s3.eu-west-1.amazonaws.com\/static\/2025\/07\/30083337\/favicon-96x96-1.png","contentUrl":"https:\/\/bxrepsol.s3.eu-west-1.amazonaws.com\/static\/2025\/07\/30083337\/favicon-96x96-1.png","width":96,"height":96,"caption":"Box Repsol"},"image":{"@id":"https:\/\/www.boxrepsol.com\/es\/#\/schema\/logo\/image\/"},"sameAs":["https:\/\/www.facebook.com\/BoxRepsol","https:\/\/x.com\/box_repsol","http:\/\/instagram.com\/box_repsol","https:\/\/www.youtube.com\/user\/RepsolCompeticion","https:\/\/www.flickr.com\/photos\/box_repsol\/"]},{"@type":"Person","@id":"https:\/\/www.boxrepsol.com\/es\/#\/schema\/person\/c5c2138f2cca251b0ad92b7086bb60b7","name":"Redacci\u00f3n Box Repsol","image":{"@type":"ImageObject","inLanguage":"es","@id":"https:\/\/secure.gravatar.com\/avatar\/adf7b77e38b4419baf32c7e9c21dde01f4e40df611f0978e3006fc4ba0aaab7e?s=96&d=mm&r=g","url":"https:\/\/secure.gravatar.com\/avatar\/adf7b77e38b4419baf32c7e9c21dde01f4e40df611f0978e3006fc4ba0aaab7e?s=96&d=mm&r=g","contentUrl":"https:\/\/secure.gravatar.com\/avatar\/adf7b77e38b4419baf32c7e9c21dde01f4e40df611f0978e3006fc4ba0aaab7e?s=96&d=mm&r=g","caption":"Redacci\u00f3n Box Repsol"},"description":"Box Repsol lo forma un equipo de periodistas, community managers, dise\u00f1adores y fot\u00f3grafos con m\u00e1s de 20 a\u00f1os de experiencia en el mundo del motorsport. Hemos vivido el primer mundial de un espa\u00f1ol en la categor\u00eda reina de motociclismo con \u00c1lex Crivill\u00e9, estuvimos en las victorias de Pedrosa y los t\u00edtulos de M\u00e1rquez, acompa\u00f1amos en \u00c1frica a Nani Roma y Marc Coma en sus conquistas del Dakar y hemos vibrado con los t\u00edtulos de Toni Bou en Trial. Adem\u00e1s, en nuestro equipo contamos con expertos en el mundo de las dos y cuatro ruedas tanto de la calle y las carreteras, como de los circuitos. Periodistas que han trabajado en revistas y publicaciones para hacerte llegar desde rutas y consejos de mantenimiento, a curiosidades y trucos de pilotaje.","sameAs":["https:\/\/www.facebook.com\/BoxRepsol\/","https:\/\/www.instagram.com\/box_repsol\/","https:\/\/x.com\/https:\/\/twitter.com\/box_repsol","https:\/\/www.youtube.com\/@Boxrepsol"],"url":"https:\/\/www.boxrepsol.com\/es\/author\/redaccion-box-repsol\/"}]}},"_links":{"self":[{"href":"https:\/\/www.boxrepsol.com\/es\/wp-json\/wp\/v2\/posts\/94502","targetHints":{"allow":["GET"]}}],"collection":[{"href":"https:\/\/www.boxrepsol.com\/es\/wp-json\/wp\/v2\/posts"}],"about":[{"href":"https:\/\/www.boxrepsol.com\/es\/wp-json\/wp\/v2\/types\/post"}],"author":[{"embeddable":true,"href":"https:\/\/www.boxrepsol.com\/es\/wp-json\/wp\/v2\/users\/43146"}],"replies":[{"embeddable":true,"href":"https:\/\/www.boxrepsol.com\/es\/wp-json\/wp\/v2\/comments?post=94502"}],"version-history":[{"count":12,"href":"https:\/\/www.boxrepsol.com\/es\/wp-json\/wp\/v2\/posts\/94502\/revisions"}],"predecessor-version":[{"id":126126,"href":"https:\/\/www.boxrepsol.com\/es\/wp-json\/wp\/v2\/posts\/94502\/revisions\/126126"}],"wp:featuredmedia":[{"embeddable":true,"href":"https:\/\/www.boxrepsol.com\/es\/wp-json\/wp\/v2\/media\/113775"}],"wp:attachment":[{"href":"https:\/\/www.boxrepsol.com\/es\/wp-json\/wp\/v2\/media?parent=94502"}],"wp:term":[{"taxonomy":"category","embeddable":true,"href":"https:\/\/www.boxrepsol.com\/es\/wp-json\/wp\/v2\/categories?post=94502"},{"taxonomy":"post_tag","embeddable":true,"href":"https:\/\/www.boxrepsol.com\/es\/wp-json\/wp\/v2\/tags?post=94502"}],"curies":[{"name":"wp","href":"https:\/\/api.w.org\/{rel}","templated":true}]}}