{"id":94495,"date":"2020-06-01T00:00:00","date_gmt":"2020-06-01T02:00:00","guid":{"rendered":"http:\/\/pre.boxrepsol.com\/sin-categorizar\/videos-marc-marquez\/"},"modified":"2024-04-19T10:04:32","modified_gmt":"2024-04-19T12:04:32","slug":"videos-marc-marquez","status":"publish","type":"post","link":"https:\/\/www.boxrepsol.com\/es\/motogp\/videos-marc-marquez\/","title":{"rendered":"Nuevo post en el blog: Los v\u00eddeos m\u00e1s desternillantes de Marc M\u00e1rquez"},"content":{"rendered":"<p>Han sido muchos v\u00eddeos, c\u00e1maras ocultas y otras situaciones en las que me he encontrado tanto con personas famosas, como an\u00f3nimas. Tambi\u00e9n han sido muchos los lugares en los que he grabado: en la nieve, en un rascacielos, <a href=\"https:\/\/www.youtube.com\/watch?v=GFO2tR2sb48\">paseando en un autob\u00fas tur\u00edstico<\/a> o incluso <a href=\"https:\/\/www.youtube.com\/watch?v=J8vUsj5BuTw\">vuelos de altura con Juan Velarde<\/a>, y os puedo asegurar que de todos ellos guardo un gran recuerdo.<\/p>\n<p>He compartido rodaje, grabaciones y galas con muchos personajes p\u00fablicos y tengo que decir que, al principio, se me hac\u00eda muy extra\u00f1o estar a su lado. \u00bfQui\u00e9n no tendr\u00eda respeto a compartir escenario o grabar un v\u00eddeo con gente como Leo Messi, Rafa Nadal, Pau Gasol o <a href=\"https:\/\/www.youtube.com\/watch?v=7HBBMLVNjf0\">Joaqu\u00edn<\/a>? Son momentos y sensaciones que uno nunca olvida. <\/p>\n<p><a href=\"https:\/\/bxrepsol.s3.eu-west-1.amazonaws.com\/static\/2022\/08\/05073306\/marc-dani-bou-fujinami-pilotos-trial.jpg\" \n   title=\"Marc M\u00e1rquez Dani Pedrosa Toni Bou y Takahisa Fujinami con equipaci\u00f3n de trial\" \n   data-gallery-thumbnail=\"https:\/\/bxrepsol.s3.eu-west-1.amazonaws.com\/static\/2022\/08\/05073306\/marc-dani-bou-fujinami-pilotos-trial.jpg\"\n   data-gallery-title=\"\"\n   data-gallery><\/p>\n<figure>\n        <picture style=\"padding-bottom: 56.25%; background-image: url(https:\/\/bxrepsol.s3.eu-west-1.amazonaws.com\/static\/2022\/08\/05073306\/marc-dani-bou-fujinami-pilotos-trial.jpg);\">\n            <img decoding=\"async\" src=\"https:\/\/bxrepsol.s3.eu-west-1.amazonaws.com\/static\/2022\/08\/05073306\/marc-dani-bou-fujinami-pilotos-trial.jpg\"><br \/>\n            <img itemprop=\"image\"\n                data-srcset=\"https:\/\/bxrepsol.s3.eu-west-1.amazonaws.com\/static\/2022\/08\/05073306\/marc-dani-bou-fujinami-pilotos-trial.jpg 480w, https:\/\/bxrepsol.s3.eu-west-1.amazonaws.com\/static\/2022\/08\/05073306\/marc-dani-bou-fujinami-pilotos-trial.jpg 600w, https:\/\/bxrepsol.s3.eu-west-1.amazonaws.com\/static\/2022\/08\/05073306\/marc-dani-bou-fujinami-pilotos-trial.jpg 900w, https:\/\/bxrepsol.s3.eu-west-1.amazonaws.com\/static\/2022\/08\/05073306\/marc-dani-bou-fujinami-pilotos-trial.jpg 1280w\"\n                data-src=\"https:\/\/bxrepsol.s3.eu-west-1.amazonaws.com\/static\/2022\/08\/05073306\/marc-dani-bou-fujinami-pilotos-trial.jpg\"\n                alt=\"Marc M\u00e1rquez Dani Pedrosa Toni Bou y Takahisa Fujinami con equipaci\u00f3n de trial\"\n                title=\"marc-dani-bou-fujinami-pilotos-trial\"\/><br \/>\n            <noscript><img decoding=\"async\" src=\"https:\/\/bxrepsol.s3.eu-west-1.amazonaws.com\/static\/2022\/08\/05073306\/marc-dani-bou-fujinami-pilotos-trial.jpg\" alt=\"Marc M\u00e1rquez Dani Pedrosa Toni Bou y Takahisa Fujinami con equipaci\u00f3n de trial\"><\/noscript>\n        <\/picture><figcaption>Marc M\u00e1rquez Dani Pedrosa Toni Bou y Takahisa Fujinami con equipaci\u00f3n de trial<\/figcaption><\/figure>\n<p><\/a><\/p>\n<p>En los rodajes, si est\u00e1s a gusto con la gente que te rodea, te lo puedes pasar estupendamente y as\u00ed son, por ejemplo, las grabaciones que hacemos los pilotos del Equipo Repsol Honda: Toni Bou, Dani Pedrosa, Fujinami\u2026 <a href=\"https:\/\/www.youtube.com\/watch?v=EcrUX2a4j8I\">Recuerdo que con Dani tuvimos que conducir un tractor<\/a> en el que \u00edbamos como copilotos el uno del otro y no pod\u00edamos parar de re\u00edr. Fue muy divertido. Adem\u00e1s, ese mismo d\u00eda, grabamos tambi\u00e9n con Toni e hicimos una excursi\u00f3n con motos de trial. La verdad es que cuando nos juntamos todos es a ver qui\u00e9n la hace m\u00e1s gorda.<\/p>\n<p>En todo este tiempo tambi\u00e9n me he llevado sorpresas muy agradables con gente an\u00f3nima. Recuerdo con cari\u00f1o la <a href=\"https:\/\/www.youtube.com\/watch?v=6M7fxn3mFYw\">c\u00e1mara oculta que hicimos en la localidad de Villamart\u00edn<\/a>, en la que yo iba en coche de visita a este pueblo de la provincia de C\u00e1diz. Nos encontramos con una se\u00f1ora, Paca, con quien conect\u00e9 desde el principio. Charlamos, re\u00edmos, paseamos por el pueblo\u2026 Nos dio pr\u00e1cticamente para montar el v\u00eddeo. En el GP de Espa\u00f1a, en Jerez, tuve la oportunidad de reencontrarme con ella y fue incluso mejor que la primera vez. Me gust\u00f3 mucho ver la reacci\u00f3n que tuvo una persona que podr\u00eda ser mi abuela.    <\/p>\n<p><a href=\"https:\/\/bxrepsol.s3.eu-west-1.amazonaws.com\/static\/2022\/08\/05073307\/marc-con-la-paca.jpg\" \n   title=\"Marc M\u00e1rquez en un coche en Villamartin con la Paca\" \n   data-gallery-thumbnail=\"https:\/\/bxrepsol.s3.eu-west-1.amazonaws.com\/static\/2022\/08\/05073307\/marc-con-la-paca.jpg\"\n   data-gallery-title=\"\"\n   data-gallery><\/p>\n<figure>\n        <picture style=\"padding-bottom: 56.25%; background-image: url(https:\/\/bxrepsol.s3.eu-west-1.amazonaws.com\/static\/2022\/08\/05073307\/marc-con-la-paca.jpg);\">\n            <img decoding=\"async\" src=\"https:\/\/bxrepsol.s3.eu-west-1.amazonaws.com\/static\/2022\/08\/05073307\/marc-con-la-paca.jpg\"><br \/>\n            <img itemprop=\"image\"\n                data-srcset=\"https:\/\/bxrepsol.s3.eu-west-1.amazonaws.com\/static\/2022\/08\/05073307\/marc-con-la-paca.jpg 480w, https:\/\/bxrepsol.s3.eu-west-1.amazonaws.com\/static\/2022\/08\/05073307\/marc-con-la-paca.jpg 600w, https:\/\/bxrepsol.s3.eu-west-1.amazonaws.com\/static\/2022\/08\/05073307\/marc-con-la-paca.jpg 900w, https:\/\/bxrepsol.s3.eu-west-1.amazonaws.com\/static\/2022\/08\/05073307\/marc-con-la-paca.jpg 1280w\"\n                data-src=\"https:\/\/bxrepsol.s3.eu-west-1.amazonaws.com\/static\/2022\/08\/05073307\/marc-con-la-paca.jpg\"\n                alt=\"Marc M\u00e1rquez en un coche en Villamartin con la Paca\"\n                title=\"marc-con-la-paca\"\/><br \/>\n            <noscript><img decoding=\"async\" src=\"https:\/\/bxrepsol.s3.eu-west-1.amazonaws.com\/static\/2022\/08\/05073307\/marc-con-la-paca.jpg\" alt=\"Marc M\u00e1rquez en un coche en Villamartin con la Paca\"><\/noscript>\n        <\/picture><figcaption>Marc M\u00e1rquez en un coche en Villamartin con la Paca<\/figcaption><\/figure>\n<p><\/a><\/p>\n<p>En este tipo de grabaciones de c\u00e1mara oculta es verdad que uno se divierte m\u00e1s, la gente es m\u00e1s espont\u00e1nea, no est\u00e1s bajo ning\u00fan guion y te llevas muchas sorpresas. Recuerdo la \u00faltima que hicimos en el 50 aniversario de Repsol patrocinando el mundo del motor en el Corte Ingl\u00e9s de Madrid. Yo estaba en un <a href=\"https:\/\/www.youtube.com\/watch?v=h9EjvBjN4BQ\">escaparate como un maniqu\u00ed<\/a> y, de repente, me empezaba a mover. Ver las reacciones de la gente fue muy divertido.<\/p>\n<p><a href=\"https:\/\/bxrepsol.s3.eu-west-1.amazonaws.com\/static\/2022\/08\/05073308\/marc-madrid-corte-ingles-escaparate.jpg\" \n   title=\"Marc M\u00e1rquez en un escaparate del Corte Ingl\u00e9s con una fan\" \n   data-gallery-thumbnail=\"https:\/\/bxrepsol.s3.eu-west-1.amazonaws.com\/static\/2022\/08\/05073308\/marc-madrid-corte-ingles-escaparate.jpg\"\n   data-gallery-title=\"\"\n   data-gallery><\/p>\n<figure>\n        <picture style=\"padding-bottom: 56.328125%; background-image: url(https:\/\/bxrepsol.s3.eu-west-1.amazonaws.com\/static\/2022\/08\/05073308\/marc-madrid-corte-ingles-escaparate.jpg);\">\n            <img decoding=\"async\" src=\"https:\/\/bxrepsol.s3.eu-west-1.amazonaws.com\/static\/2022\/08\/05073308\/marc-madrid-corte-ingles-escaparate.jpg\"><br \/>\n            <img itemprop=\"image\"\n                data-srcset=\"https:\/\/bxrepsol.s3.eu-west-1.amazonaws.com\/static\/2022\/08\/05073308\/marc-madrid-corte-ingles-escaparate.jpg 480w, https:\/\/bxrepsol.s3.eu-west-1.amazonaws.com\/static\/2022\/08\/05073308\/marc-madrid-corte-ingles-escaparate.jpg 600w, https:\/\/bxrepsol.s3.eu-west-1.amazonaws.com\/static\/2022\/08\/05073308\/marc-madrid-corte-ingles-escaparate.jpg 900w, https:\/\/bxrepsol.s3.eu-west-1.amazonaws.com\/static\/2022\/08\/05073308\/marc-madrid-corte-ingles-escaparate.jpg 1280w\"\n                data-src=\"https:\/\/bxrepsol.s3.eu-west-1.amazonaws.com\/static\/2022\/08\/05073308\/marc-madrid-corte-ingles-escaparate.jpg\"\n                alt=\"Marc M\u00e1rquez en un escaparate del Corte Ingl\u00e9s con una fan\"\n                title=\"marc-madrid-corte-ingles-escaparate\"\/><br \/>\n            <noscript><img decoding=\"async\" src=\"https:\/\/bxrepsol.s3.eu-west-1.amazonaws.com\/static\/2022\/08\/05073308\/marc-madrid-corte-ingles-escaparate.jpg\" alt=\"Marc M\u00e1rquez en un escaparate del Corte Ingl\u00e9s con una fan\"><\/noscript>\n        <\/picture><figcaption>Marc M\u00e1rquez en un escaparate del Corte Ingl\u00e9s con una fan<\/figcaption><\/figure>\n<p><\/a><\/p>\n<p>Me gusta ver este tipo de v\u00eddeos, ver c\u00f3mo reacciona la gente en este tipo de situaciones en las que me r\u00edo mucho. En cambio en los que son m\u00e1s promocionales o v\u00eddeos o rodajes con guion los veo menos. Reconozco que me siento muy raro vi\u00e9ndome actuar. Supongo que esto nos pasa a todos. <\/p>\n<p>Lo de actuar no se me da tan bien. Lo de ser actor se lo dejo igual a Santi Hern\u00e1ndez o Carlos Li\u00f1\u00e1n, que cuando se han tenido que poner frente a las c\u00e1maras han dado muy bien el tipo. Tengo curiosidad por ver qu\u00e9 nuevas grabaciones tienen preparadas los amigos de Box Repsol, en las que seguro las risas no faltar\u00e1n como siempre.<\/p>\n<p>\u00a1Hasta la pr\u00f3xima!<\/p>\n","protected":false},"excerpt":{"rendered":"<p>\u00a1Hola a todos!<\/p>\n<p>Por fin estoy de vuelta en el blog de boxrepsol.com. Ya ten\u00eda ganas de volver a escribir y os voy a contar las experiencias y momentos m\u00e1s divertidos que he vivido a lo largo de estos a\u00f1os en las grabaciones que hemos hecho juntos.<\/p>\n","protected":false},"author":43146,"featured_media":64363,"comment_status":"open","ping_status":"open","sticky":false,"template":"","format":"standard","meta":{"footnotes":""},"categories":[4],"tags":[6],"class_list":["post-94495","post","type-post","status-publish","format-standard","hentry","category-motogp","tag-marc-marquez"],"yoast_head":"<!-- This site is optimized with the Yoast SEO plugin v27.3 - https:\/\/yoast.com\/product\/yoast-seo-wordpress\/ -->\n<title>Nuevo post en el blog: Los v\u00eddeos m\u00e1s desternillantes de Marc M\u00e1rquez - Box Repsol<\/title>\n<meta name=\"description\" content=\"Por fin estoy de vuelta en el blog de boxrepsol.com. Ya ten\u00eda ganas de volver y os voy a contar las experiencias y momentos m\u00e1s divertidos que he vivido.\" \/>\n<link rel=\"canonical\" href=\"https:\/\/www.boxrepsol.com\/es\/motogp\/videos-marc-marquez\/\" \/>\n<meta property=\"og:locale\" content=\"es_ES\" \/>\n<meta property=\"og:type\" content=\"article\" \/>\n<meta property=\"og:title\" content=\"Nuevo post en el blog: Los v\u00eddeos m\u00e1s desternillantes de Marc M\u00e1rquez - Box Repsol\" \/>\n<meta property=\"og:description\" content=\"El piloto de Cervera relata en un nuevo post en su blog, c\u00f3mo vivi\u00f3 sus v\u00eddeos m\u00e1s divertidos.\" \/>\n<meta property=\"og:url\" content=\"https:\/\/www.boxrepsol.com\/es\/motogp\/videos-marc-marquez\/\" \/>\n<meta property=\"og:site_name\" content=\"Box Repsol\" \/>\n<meta property=\"article:publisher\" content=\"https:\/\/www.facebook.com\/BoxRepsol\" \/>\n<meta property=\"article:author\" content=\"https:\/\/www.facebook.com\/BoxRepsol\/\" \/>\n<meta property=\"article:published_time\" content=\"2020-06-01T02:00:00+00:00\" \/>\n<meta property=\"article:modified_time\" content=\"2024-04-19T12:04:32+00:00\" \/>\n<meta property=\"og:image\" content=\"https:\/\/s3-eu-west-1.amazonaws.com\/boxrepsol-site\/uploads\/marc-madrid-corte-ingles-escaparate.jpg\" \/>\n<meta name=\"author\" content=\"Redacci\u00f3n Box Repsol\" \/>\n<meta name=\"twitter:card\" content=\"summary_large_image\" \/>\n<meta name=\"twitter:creator\" content=\"@https:\/\/twitter.com\/box_repsol\" \/>\n<meta name=\"twitter:site\" content=\"@box_repsol\" \/>\n<meta name=\"twitter:label1\" content=\"Written by\" \/>\n\t<meta name=\"twitter:data1\" content=\"Redacci\u00f3n Box Repsol\" \/>\n\t<meta name=\"twitter:label2\" content=\"Est. reading time\" \/>\n\t<meta name=\"twitter:data2\" content=\"3 minutos\" \/>\n<script type=\"application\/ld+json\" class=\"yoast-schema-graph\">{\"@context\":\"https:\\\/\\\/schema.org\",\"@graph\":[{\"@type\":\"Article\",\"@id\":\"https:\\\/\\\/www.boxrepsol.com\\\/es\\\/motogp\\\/videos-marc-marquez\\\/#article\",\"isPartOf\":{\"@id\":\"https:\\\/\\\/www.boxrepsol.com\\\/es\\\/motogp\\\/videos-marc-marquez\\\/\"},\"author\":{\"name\":\"Redacci\u00f3n Box Repsol\",\"@id\":\"https:\\\/\\\/www.boxrepsol.com\\\/es\\\/#\\\/schema\\\/person\\\/c5c2138f2cca251b0ad92b7086bb60b7\"},\"headline\":\"Nuevo post en el blog: Los v\u00eddeos m\u00e1s desternillantes de Marc M\u00e1rquez\",\"datePublished\":\"2020-06-01T02:00:00+00:00\",\"dateModified\":\"2024-04-19T12:04:32+00:00\",\"mainEntityOfPage\":{\"@id\":\"https:\\\/\\\/www.boxrepsol.com\\\/es\\\/motogp\\\/videos-marc-marquez\\\/\"},\"wordCount\":627,\"commentCount\":0,\"publisher\":{\"@id\":\"https:\\\/\\\/www.boxrepsol.com\\\/es\\\/#organization\"},\"image\":{\"@id\":\"https:\\\/\\\/www.boxrepsol.com\\\/es\\\/motogp\\\/videos-marc-marquez\\\/#primaryimage\"},\"thumbnailUrl\":\"https:\\\/\\\/bxrepsol.s3.eu-west-1.amazonaws.com\\\/static\\\/2022\\\/08\\\/29092149\\\/marc-y-dani-tractor.jpg\",\"keywords\":[\"Marc M\u00e1rquez\"],\"articleSection\":[\"MotoGP\"],\"inLanguage\":\"es\",\"potentialAction\":[{\"@type\":\"CommentAction\",\"name\":\"Comment\",\"target\":[\"https:\\\/\\\/www.boxrepsol.com\\\/es\\\/motogp\\\/videos-marc-marquez\\\/#respond\"]}]},{\"@type\":\"WebPage\",\"@id\":\"https:\\\/\\\/www.boxrepsol.com\\\/es\\\/motogp\\\/videos-marc-marquez\\\/\",\"url\":\"https:\\\/\\\/www.boxrepsol.com\\\/es\\\/motogp\\\/videos-marc-marquez\\\/\",\"name\":\"Nuevo post en el blog: Los v\u00eddeos m\u00e1s desternillantes de Marc M\u00e1rquez - Box Repsol\",\"isPartOf\":{\"@id\":\"https:\\\/\\\/www.boxrepsol.com\\\/es\\\/#website\"},\"primaryImageOfPage\":{\"@id\":\"https:\\\/\\\/www.boxrepsol.com\\\/es\\\/motogp\\\/videos-marc-marquez\\\/#primaryimage\"},\"image\":{\"@id\":\"https:\\\/\\\/www.boxrepsol.com\\\/es\\\/motogp\\\/videos-marc-marquez\\\/#primaryimage\"},\"thumbnailUrl\":\"https:\\\/\\\/bxrepsol.s3.eu-west-1.amazonaws.com\\\/static\\\/2022\\\/08\\\/29092149\\\/marc-y-dani-tractor.jpg\",\"datePublished\":\"2020-06-01T02:00:00+00:00\",\"dateModified\":\"2024-04-19T12:04:32+00:00\",\"description\":\"Por fin estoy de vuelta en el blog de boxrepsol.com. Ya ten\u00eda ganas de volver y os voy a contar las experiencias y momentos m\u00e1s divertidos que he vivido.\",\"breadcrumb\":{\"@id\":\"https:\\\/\\\/www.boxrepsol.com\\\/es\\\/motogp\\\/videos-marc-marquez\\\/#breadcrumb\"},\"inLanguage\":\"es\",\"potentialAction\":[{\"@type\":\"ReadAction\",\"target\":[\"https:\\\/\\\/www.boxrepsol.com\\\/es\\\/motogp\\\/videos-marc-marquez\\\/\"]}]},{\"@type\":\"ImageObject\",\"inLanguage\":\"es\",\"@id\":\"https:\\\/\\\/www.boxrepsol.com\\\/es\\\/motogp\\\/videos-marc-marquez\\\/#primaryimage\",\"url\":\"https:\\\/\\\/bxrepsol.s3.eu-west-1.amazonaws.com\\\/static\\\/2022\\\/08\\\/29092149\\\/marc-y-dani-tractor.jpg\",\"contentUrl\":\"https:\\\/\\\/bxrepsol.s3.eu-west-1.amazonaws.com\\\/static\\\/2022\\\/08\\\/29092149\\\/marc-y-dani-tractor.jpg\",\"width\":1280,\"height\":600,\"caption\":\"Marc M\u00e1rquez y Dani Pedrosa conduciendo un tractor\"},{\"@type\":\"BreadcrumbList\",\"@id\":\"https:\\\/\\\/www.boxrepsol.com\\\/es\\\/motogp\\\/videos-marc-marquez\\\/#breadcrumb\",\"itemListElement\":[{\"@type\":\"ListItem\",\"position\":1,\"name\":\"Home\",\"item\":\"https:\\\/\\\/www.boxrepsol.com\\\/es\\\/\"},{\"@type\":\"ListItem\",\"position\":2,\"name\":\"Nuevo post en el blog: Los v\u00eddeos m\u00e1s desternillantes de Marc M\u00e1rquez\"}]},{\"@type\":\"WebSite\",\"@id\":\"https:\\\/\\\/www.boxrepsol.com\\\/es\\\/#website\",\"url\":\"https:\\\/\\\/www.boxrepsol.com\\\/es\\\/\",\"name\":\"Box Repsol\",\"description\":\"Box Repsol Site\",\"publisher\":{\"@id\":\"https:\\\/\\\/www.boxrepsol.com\\\/es\\\/#organization\"},\"potentialAction\":[{\"@type\":\"SearchAction\",\"target\":{\"@type\":\"EntryPoint\",\"urlTemplate\":\"https:\\\/\\\/www.boxrepsol.com\\\/es\\\/?s={search_term_string}\"},\"query-input\":{\"@type\":\"PropertyValueSpecification\",\"valueRequired\":true,\"valueName\":\"search_term_string\"}}],\"inLanguage\":\"es\"},{\"@type\":\"Organization\",\"@id\":\"https:\\\/\\\/www.boxrepsol.com\\\/es\\\/#organization\",\"name\":\"Box Repsol\",\"url\":\"https:\\\/\\\/www.boxrepsol.com\\\/es\\\/\",\"logo\":{\"@type\":\"ImageObject\",\"inLanguage\":\"es\",\"@id\":\"https:\\\/\\\/www.boxrepsol.com\\\/es\\\/#\\\/schema\\\/logo\\\/image\\\/\",\"url\":\"https:\\\/\\\/bxrepsol.s3.eu-west-1.amazonaws.com\\\/static\\\/2025\\\/07\\\/30083337\\\/favicon-96x96-1.png\",\"contentUrl\":\"https:\\\/\\\/bxrepsol.s3.eu-west-1.amazonaws.com\\\/static\\\/2025\\\/07\\\/30083337\\\/favicon-96x96-1.png\",\"width\":96,\"height\":96,\"caption\":\"Box Repsol\"},\"image\":{\"@id\":\"https:\\\/\\\/www.boxrepsol.com\\\/es\\\/#\\\/schema\\\/logo\\\/image\\\/\"},\"sameAs\":[\"https:\\\/\\\/www.facebook.com\\\/BoxRepsol\",\"https:\\\/\\\/x.com\\\/box_repsol\",\"http:\\\/\\\/instagram.com\\\/box_repsol\",\"https:\\\/\\\/www.youtube.com\\\/user\\\/RepsolCompeticion\",\"https:\\\/\\\/www.flickr.com\\\/photos\\\/box_repsol\\\/\"]},{\"@type\":\"Person\",\"@id\":\"https:\\\/\\\/www.boxrepsol.com\\\/es\\\/#\\\/schema\\\/person\\\/c5c2138f2cca251b0ad92b7086bb60b7\",\"name\":\"Redacci\u00f3n Box Repsol\",\"image\":{\"@type\":\"ImageObject\",\"inLanguage\":\"es\",\"@id\":\"https:\\\/\\\/secure.gravatar.com\\\/avatar\\\/adf7b77e38b4419baf32c7e9c21dde01f4e40df611f0978e3006fc4ba0aaab7e?s=96&d=mm&r=g\",\"url\":\"https:\\\/\\\/secure.gravatar.com\\\/avatar\\\/adf7b77e38b4419baf32c7e9c21dde01f4e40df611f0978e3006fc4ba0aaab7e?s=96&d=mm&r=g\",\"contentUrl\":\"https:\\\/\\\/secure.gravatar.com\\\/avatar\\\/adf7b77e38b4419baf32c7e9c21dde01f4e40df611f0978e3006fc4ba0aaab7e?s=96&d=mm&r=g\",\"caption\":\"Redacci\u00f3n Box Repsol\"},\"description\":\"Box Repsol lo forma un equipo de periodistas, community managers, dise\u00f1adores y fot\u00f3grafos con m\u00e1s de 20 a\u00f1os de experiencia en el mundo del motorsport. Hemos vivido el primer mundial de un espa\u00f1ol en la categor\u00eda reina de motociclismo con \u00c1lex Crivill\u00e9, estuvimos en las victorias de Pedrosa y los t\u00edtulos de M\u00e1rquez, acompa\u00f1amos en \u00c1frica a Nani Roma y Marc Coma en sus conquistas del Dakar y hemos vibrado con los t\u00edtulos de Toni Bou en Trial. Adem\u00e1s, en nuestro equipo contamos con expertos en el mundo de las dos y cuatro ruedas tanto de la calle y las carreteras, como de los circuitos. Periodistas que han trabajado en revistas y publicaciones para hacerte llegar desde rutas y consejos de mantenimiento, a curiosidades y trucos de pilotaje.\",\"sameAs\":[\"https:\\\/\\\/www.facebook.com\\\/BoxRepsol\\\/\",\"https:\\\/\\\/www.instagram.com\\\/box_repsol\\\/\",\"https:\\\/\\\/x.com\\\/https:\\\/\\\/twitter.com\\\/box_repsol\",\"https:\\\/\\\/www.youtube.com\\\/@Boxrepsol\"],\"url\":\"https:\\\/\\\/www.boxrepsol.com\\\/es\\\/author\\\/redaccion-box-repsol\\\/\"}]}<\/script>\n<!-- \/ Yoast SEO plugin. -->","yoast_head_json":{"title":"Nuevo post en el blog: Los v\u00eddeos m\u00e1s desternillantes de Marc M\u00e1rquez - Box Repsol","description":"Por fin estoy de vuelta en el blog de boxrepsol.com. Ya ten\u00eda ganas de volver y os voy a contar las experiencias y momentos m\u00e1s divertidos que he vivido.","canonical":"https:\/\/www.boxrepsol.com\/es\/motogp\/videos-marc-marquez\/","og_locale":"es_ES","og_type":"article","og_title":"Nuevo post en el blog: Los v\u00eddeos m\u00e1s desternillantes de Marc M\u00e1rquez - Box Repsol","og_description":"El piloto de Cervera relata en un nuevo post en su blog, c\u00f3mo vivi\u00f3 sus v\u00eddeos m\u00e1s divertidos.","og_url":"https:\/\/www.boxrepsol.com\/es\/motogp\/videos-marc-marquez\/","og_site_name":"Box Repsol","article_publisher":"https:\/\/www.facebook.com\/BoxRepsol","article_author":"https:\/\/www.facebook.com\/BoxRepsol\/","article_published_time":"2020-06-01T02:00:00+00:00","article_modified_time":"2024-04-19T12:04:32+00:00","og_image":[{"url":"https:\/\/s3-eu-west-1.amazonaws.com\/boxrepsol-site\/uploads\/marc-madrid-corte-ingles-escaparate.jpg","type":"","width":"","height":""}],"author":"Redacci\u00f3n Box Repsol","twitter_card":"summary_large_image","twitter_creator":"@https:\/\/twitter.com\/box_repsol","twitter_site":"@box_repsol","twitter_misc":{"Written by":"Redacci\u00f3n Box Repsol","Est. reading time":"3 minutos"},"schema":{"@context":"https:\/\/schema.org","@graph":[{"@type":"Article","@id":"https:\/\/www.boxrepsol.com\/es\/motogp\/videos-marc-marquez\/#article","isPartOf":{"@id":"https:\/\/www.boxrepsol.com\/es\/motogp\/videos-marc-marquez\/"},"author":{"name":"Redacci\u00f3n Box Repsol","@id":"https:\/\/www.boxrepsol.com\/es\/#\/schema\/person\/c5c2138f2cca251b0ad92b7086bb60b7"},"headline":"Nuevo post en el blog: Los v\u00eddeos m\u00e1s desternillantes de Marc M\u00e1rquez","datePublished":"2020-06-01T02:00:00+00:00","dateModified":"2024-04-19T12:04:32+00:00","mainEntityOfPage":{"@id":"https:\/\/www.boxrepsol.com\/es\/motogp\/videos-marc-marquez\/"},"wordCount":627,"commentCount":0,"publisher":{"@id":"https:\/\/www.boxrepsol.com\/es\/#organization"},"image":{"@id":"https:\/\/www.boxrepsol.com\/es\/motogp\/videos-marc-marquez\/#primaryimage"},"thumbnailUrl":"https:\/\/bxrepsol.s3.eu-west-1.amazonaws.com\/static\/2022\/08\/29092149\/marc-y-dani-tractor.jpg","keywords":["Marc M\u00e1rquez"],"articleSection":["MotoGP"],"inLanguage":"es","potentialAction":[{"@type":"CommentAction","name":"Comment","target":["https:\/\/www.boxrepsol.com\/es\/motogp\/videos-marc-marquez\/#respond"]}]},{"@type":"WebPage","@id":"https:\/\/www.boxrepsol.com\/es\/motogp\/videos-marc-marquez\/","url":"https:\/\/www.boxrepsol.com\/es\/motogp\/videos-marc-marquez\/","name":"Nuevo post en el blog: Los v\u00eddeos m\u00e1s desternillantes de Marc M\u00e1rquez - Box Repsol","isPartOf":{"@id":"https:\/\/www.boxrepsol.com\/es\/#website"},"primaryImageOfPage":{"@id":"https:\/\/www.boxrepsol.com\/es\/motogp\/videos-marc-marquez\/#primaryimage"},"image":{"@id":"https:\/\/www.boxrepsol.com\/es\/motogp\/videos-marc-marquez\/#primaryimage"},"thumbnailUrl":"https:\/\/bxrepsol.s3.eu-west-1.amazonaws.com\/static\/2022\/08\/29092149\/marc-y-dani-tractor.jpg","datePublished":"2020-06-01T02:00:00+00:00","dateModified":"2024-04-19T12:04:32+00:00","description":"Por fin estoy de vuelta en el blog de boxrepsol.com. Ya ten\u00eda ganas de volver y os voy a contar las experiencias y momentos m\u00e1s divertidos que he vivido.","breadcrumb":{"@id":"https:\/\/www.boxrepsol.com\/es\/motogp\/videos-marc-marquez\/#breadcrumb"},"inLanguage":"es","potentialAction":[{"@type":"ReadAction","target":["https:\/\/www.boxrepsol.com\/es\/motogp\/videos-marc-marquez\/"]}]},{"@type":"ImageObject","inLanguage":"es","@id":"https:\/\/www.boxrepsol.com\/es\/motogp\/videos-marc-marquez\/#primaryimage","url":"https:\/\/bxrepsol.s3.eu-west-1.amazonaws.com\/static\/2022\/08\/29092149\/marc-y-dani-tractor.jpg","contentUrl":"https:\/\/bxrepsol.s3.eu-west-1.amazonaws.com\/static\/2022\/08\/29092149\/marc-y-dani-tractor.jpg","width":1280,"height":600,"caption":"Marc M\u00e1rquez y Dani Pedrosa conduciendo un tractor"},{"@type":"BreadcrumbList","@id":"https:\/\/www.boxrepsol.com\/es\/motogp\/videos-marc-marquez\/#breadcrumb","itemListElement":[{"@type":"ListItem","position":1,"name":"Home","item":"https:\/\/www.boxrepsol.com\/es\/"},{"@type":"ListItem","position":2,"name":"Nuevo post en el blog: Los v\u00eddeos m\u00e1s desternillantes de Marc M\u00e1rquez"}]},{"@type":"WebSite","@id":"https:\/\/www.boxrepsol.com\/es\/#website","url":"https:\/\/www.boxrepsol.com\/es\/","name":"Box Repsol","description":"Box Repsol Site","publisher":{"@id":"https:\/\/www.boxrepsol.com\/es\/#organization"},"potentialAction":[{"@type":"SearchAction","target":{"@type":"EntryPoint","urlTemplate":"https:\/\/www.boxrepsol.com\/es\/?s={search_term_string}"},"query-input":{"@type":"PropertyValueSpecification","valueRequired":true,"valueName":"search_term_string"}}],"inLanguage":"es"},{"@type":"Organization","@id":"https:\/\/www.boxrepsol.com\/es\/#organization","name":"Box Repsol","url":"https:\/\/www.boxrepsol.com\/es\/","logo":{"@type":"ImageObject","inLanguage":"es","@id":"https:\/\/www.boxrepsol.com\/es\/#\/schema\/logo\/image\/","url":"https:\/\/bxrepsol.s3.eu-west-1.amazonaws.com\/static\/2025\/07\/30083337\/favicon-96x96-1.png","contentUrl":"https:\/\/bxrepsol.s3.eu-west-1.amazonaws.com\/static\/2025\/07\/30083337\/favicon-96x96-1.png","width":96,"height":96,"caption":"Box Repsol"},"image":{"@id":"https:\/\/www.boxrepsol.com\/es\/#\/schema\/logo\/image\/"},"sameAs":["https:\/\/www.facebook.com\/BoxRepsol","https:\/\/x.com\/box_repsol","http:\/\/instagram.com\/box_repsol","https:\/\/www.youtube.com\/user\/RepsolCompeticion","https:\/\/www.flickr.com\/photos\/box_repsol\/"]},{"@type":"Person","@id":"https:\/\/www.boxrepsol.com\/es\/#\/schema\/person\/c5c2138f2cca251b0ad92b7086bb60b7","name":"Redacci\u00f3n Box Repsol","image":{"@type":"ImageObject","inLanguage":"es","@id":"https:\/\/secure.gravatar.com\/avatar\/adf7b77e38b4419baf32c7e9c21dde01f4e40df611f0978e3006fc4ba0aaab7e?s=96&d=mm&r=g","url":"https:\/\/secure.gravatar.com\/avatar\/adf7b77e38b4419baf32c7e9c21dde01f4e40df611f0978e3006fc4ba0aaab7e?s=96&d=mm&r=g","contentUrl":"https:\/\/secure.gravatar.com\/avatar\/adf7b77e38b4419baf32c7e9c21dde01f4e40df611f0978e3006fc4ba0aaab7e?s=96&d=mm&r=g","caption":"Redacci\u00f3n Box Repsol"},"description":"Box Repsol lo forma un equipo de periodistas, community managers, dise\u00f1adores y fot\u00f3grafos con m\u00e1s de 20 a\u00f1os de experiencia en el mundo del motorsport. Hemos vivido el primer mundial de un espa\u00f1ol en la categor\u00eda reina de motociclismo con \u00c1lex Crivill\u00e9, estuvimos en las victorias de Pedrosa y los t\u00edtulos de M\u00e1rquez, acompa\u00f1amos en \u00c1frica a Nani Roma y Marc Coma en sus conquistas del Dakar y hemos vibrado con los t\u00edtulos de Toni Bou en Trial. Adem\u00e1s, en nuestro equipo contamos con expertos en el mundo de las dos y cuatro ruedas tanto de la calle y las carreteras, como de los circuitos. Periodistas que han trabajado en revistas y publicaciones para hacerte llegar desde rutas y consejos de mantenimiento, a curiosidades y trucos de pilotaje.","sameAs":["https:\/\/www.facebook.com\/BoxRepsol\/","https:\/\/www.instagram.com\/box_repsol\/","https:\/\/x.com\/https:\/\/twitter.com\/box_repsol","https:\/\/www.youtube.com\/@Boxrepsol"],"url":"https:\/\/www.boxrepsol.com\/es\/author\/redaccion-box-repsol\/"}]}},"_links":{"self":[{"href":"https:\/\/www.boxrepsol.com\/es\/wp-json\/wp\/v2\/posts\/94495","targetHints":{"allow":["GET"]}}],"collection":[{"href":"https:\/\/www.boxrepsol.com\/es\/wp-json\/wp\/v2\/posts"}],"about":[{"href":"https:\/\/www.boxrepsol.com\/es\/wp-json\/wp\/v2\/types\/post"}],"author":[{"embeddable":true,"href":"https:\/\/www.boxrepsol.com\/es\/wp-json\/wp\/v2\/users\/43146"}],"replies":[{"embeddable":true,"href":"https:\/\/www.boxrepsol.com\/es\/wp-json\/wp\/v2\/comments?post=94495"}],"version-history":[{"count":1,"href":"https:\/\/www.boxrepsol.com\/es\/wp-json\/wp\/v2\/posts\/94495\/revisions"}],"predecessor-version":[{"id":94496,"href":"https:\/\/www.boxrepsol.com\/es\/wp-json\/wp\/v2\/posts\/94495\/revisions\/94496"}],"wp:featuredmedia":[{"embeddable":true,"href":"https:\/\/www.boxrepsol.com\/es\/wp-json\/wp\/v2\/media\/64363"}],"wp:attachment":[{"href":"https:\/\/www.boxrepsol.com\/es\/wp-json\/wp\/v2\/media?parent=94495"}],"wp:term":[{"taxonomy":"category","embeddable":true,"href":"https:\/\/www.boxrepsol.com\/es\/wp-json\/wp\/v2\/categories?post=94495"},{"taxonomy":"post_tag","embeddable":true,"href":"https:\/\/www.boxrepsol.com\/es\/wp-json\/wp\/v2\/tags?post=94495"}],"curies":[{"name":"wp","href":"https:\/\/api.w.org\/{rel}","templated":true}]}}