{"id":94469,"date":"2020-04-23T00:00:00","date_gmt":"2020-04-23T02:00:00","guid":{"rendered":"http:\/\/pre.boxrepsol.com\/sin-categorizar\/los-mejores-recuerdos-de-nuestros-fans-desde-casa\/"},"modified":"2024-04-22T08:03:40","modified_gmt":"2024-04-22T10:03:40","slug":"los-mejores-recuerdos-de-nuestros-fans-desde-casa","status":"publish","type":"post","link":"https:\/\/www.boxrepsol.com\/es\/motogp\/los-mejores-recuerdos-de-nuestros-fans-desde-casa\/","title":{"rendered":"Los mejores recuerdos de nuestros fans desde casa"},"content":{"rendered":"<p>Los hemos recogido en esta galer\u00eda con el fin de compartir su pasi\u00f3n con toda la comunidad Box Repsol.<\/p>\n<p><a href=\"https:\/\/bxrepsol.s3.eu-west-1.amazonaws.com\/static\/2022\/08\/05073037\/Lauren-McFadyen.jpg\" \n   title=\"Marc M\u00e1rquez abrazando a un ni\u00f1o\" \n   data-gallery-thumbnail=\"https:\/\/bxrepsol.s3.eu-west-1.amazonaws.com\/static\/2022\/08\/05073037\/Lauren-McFadyen.jpg\"\n   data-gallery-title=\"<b>Lauren McFadyen<\/b> <\/br>\u00bb<br \/>\n   data-gallery><\/p>\n<figure>\n        <picture style=\"padding-bottom: 66.666666666667%; background-image: url(https:\/\/bxrepsol.s3.eu-west-1.amazonaws.com\/static\/2022\/08\/05073037\/Lauren-McFadyen.jpg);\">\n            <img decoding=\"async\" src=\"https:\/\/bxrepsol.s3.eu-west-1.amazonaws.com\/static\/2022\/08\/05073037\/Lauren-McFadyen.jpg\"><br \/>\n            <img itemprop=\"image\"\n                data-srcset=\"https:\/\/bxrepsol.s3.eu-west-1.amazonaws.com\/static\/2022\/08\/05073037\/Lauren-McFadyen.jpg 480w, https:\/\/bxrepsol.s3.eu-west-1.amazonaws.com\/static\/2022\/08\/05073037\/Lauren-McFadyen.jpg 600w, https:\/\/bxrepsol.s3.eu-west-1.amazonaws.com\/static\/2022\/08\/05073037\/Lauren-McFadyen.jpg 900w\"\n                data-src=\"https:\/\/bxrepsol.s3.eu-west-1.amazonaws.com\/static\/2022\/08\/05073037\/Lauren-McFadyen.jpg\"\n                alt=\"Marc M\u00e1rquez abrazando a un ni\u00f1o\"\n                title=\"Lauren McFadyen\"\/><br \/>\n            <noscript><img decoding=\"async\" src=\"https:\/\/bxrepsol.s3.eu-west-1.amazonaws.com\/static\/2022\/08\/05073037\/Lauren-McFadyen.jpg\" alt=\"Marc M\u00e1rquez abrazando a un ni\u00f1o\"><\/noscript>\n        <\/picture><figcaption>Marc M\u00e1rquez abrazando a un ni\u00f1o<\/figcaption><\/figure>\n<p><\/a><\/p>\n<p style=\"font-size: 11px; text-align: left; width: 100%;\"><em><b>Lauren McFadyen<\/b> <\/br><\/em><\/p>\n<blockquote><p>\n\t<a href=\"http:\/\/twitter.com\/share?text=Marc+won+a+race+a+philip+island+and+picked+my+son+up+to+celebrate.+It+was+a+truly+beautiful+moment+xx&#038;url=https%3A%2F%2Fwww.boxrepsol.com%2Fes%2F%3Fp%3D49147\" target=\"_blank\" rel=\"noopener\"><\/p>\n<p>Marc won a race a philip island and picked my son up to celebrate. It was a truly beautiful moment xx<\/p>\n<p>\t<\/a>\n<\/p><\/blockquote>\n<p><a href=\"https:\/\/bxrepsol.s3.eu-west-1.amazonaws.com\/static\/2022\/08\/05073037\/Captura-de-pantalla-2020-04-22-a-las-17.10.38.png\" \n   title=\"Marc M\u00e1rquez con una fan y un cuadro firmado\" \n   data-gallery-thumbnail=\"https:\/\/bxrepsol.s3.eu-west-1.amazonaws.com\/static\/2022\/08\/05073037\/Captura-de-pantalla-2020-04-22-a-las-17.10.38.png\"\n   data-gallery-title=\"<b>eme_demotor<\/b> <\/br> \u00bb<br \/>\n   data-gallery><\/p>\n<figure>\n        <picture style=\"padding-bottom: 118.11023622047%; background-image: url(https:\/\/bxrepsol.s3.eu-west-1.amazonaws.com\/static\/2022\/08\/05073037\/Captura-de-pantalla-2020-04-22-a-las-17.10.38.png);\">\n            <img decoding=\"async\" src=\"https:\/\/bxrepsol.s3.eu-west-1.amazonaws.com\/static\/2022\/08\/05073037\/Captura-de-pantalla-2020-04-22-a-las-17.10.38.png\"><br \/>\n            <img itemprop=\"image\"\n                data-srcset=\"https:\/\/bxrepsol.s3.eu-west-1.amazonaws.com\/static\/2022\/08\/05073037\/Captura-de-pantalla-2020-04-22-a-las-17.10.38.png 480w\"\n                data-src=\"https:\/\/bxrepsol.s3.eu-west-1.amazonaws.com\/static\/2022\/08\/05073037\/Captura-de-pantalla-2020-04-22-a-las-17.10.38.png\"\n                alt=\"Marc M\u00e1rquez con una fan y un cuadro firmado\"\n                title=\"eme_demotor\"\/><br \/>\n            <noscript><img decoding=\"async\" src=\"https:\/\/bxrepsol.s3.eu-west-1.amazonaws.com\/static\/2022\/08\/05073037\/Captura-de-pantalla-2020-04-22-a-las-17.10.38.png\" alt=\"Marc M\u00e1rquez con una fan y un cuadro firmado\"><\/noscript>\n        <\/picture><figcaption>Marc M\u00e1rquez con una fan y un cuadro firmado<\/figcaption><\/figure>\n<p><\/a><\/p>\n<p style=\"font-size: 11px; text-align: left; width: 100%;\"><em><b>eme_demotor<\/b> <\/br> <\/em><\/p>\n<blockquote><p>\n\t<a href=\"http:\/\/twitter.com\/share?text=Mi+historia%3A%0A%40marcmarquez93+gan%C3%B3+el+%23Big6+en+el+%40circuitvalencia+el+domingo.+El+martes+de+la+siguiente+semana+era+el+primer+d%C3%ADa+de+test+y+era+mi+23+cumplea%C3%B1os.+%C3%89l+lo+sab%C3%ADa+.....&#038;url=https%3A%2F%2Fwww.boxrepsol.com%2Fes%2F%3Fp%3D49147\" target=\"_blank\" rel=\"noopener\"><\/p>\n<p>Mi historia:<br \/>\n@marcmarquez93 gan\u00f3 el #Big6 en el @circuitvalencia el domingo. El martes de la siguiente semana era el primer d\u00eda de test y era mi 23 cumplea\u00f1os. \u00c9l lo sab\u00eda &#8230;..<\/p>\n<p>\t<\/a>\n<\/p><\/blockquote>\n<p><a href=\"https:\/\/bxrepsol.s3.eu-west-1.amazonaws.com\/static\/2022\/08\/05073038\/Ami_BoxRepsolFansAtHome.png\" \n   title=\"Marc M\u00e1rquez firmando un aut\u00f3grafo\" \n   data-gallery-thumbnail=\"https:\/\/bxrepsol.s3.eu-west-1.amazonaws.com\/static\/2022\/08\/05073038\/Ami_BoxRepsolFansAtHome.png\"\n   data-gallery-title=\"<b>Ami<\/b> <\/br> \u00bb<br \/>\n   data-gallery><\/p>\n<figure>\n        <picture style=\"padding-bottom: 56.906077348066%; background-image: url(https:\/\/bxrepsol.s3.eu-west-1.amazonaws.com\/static\/2022\/08\/05073038\/Ami_BoxRepsolFansAtHome.png);\">\n            <img decoding=\"async\" src=\"https:\/\/bxrepsol.s3.eu-west-1.amazonaws.com\/static\/2022\/08\/05073038\/Ami_BoxRepsolFansAtHome.png\"><br \/>\n            <img itemprop=\"image\"\n                data-srcset=\"https:\/\/bxrepsol.s3.eu-west-1.amazonaws.com\/static\/2022\/08\/05073038\/Ami_BoxRepsolFansAtHome.png 480w\"\n                data-src=\"https:\/\/bxrepsol.s3.eu-west-1.amazonaws.com\/static\/2022\/08\/05073038\/Ami_BoxRepsolFansAtHome.png\"\n                alt=\"Marc M\u00e1rquez firmando un aut\u00f3grafo\"\n                title=\"Ami_BoxRepsolFansAtHome-\"\/><br \/>\n            <noscript><img decoding=\"async\" src=\"https:\/\/bxrepsol.s3.eu-west-1.amazonaws.com\/static\/2022\/08\/05073038\/Ami_BoxRepsolFansAtHome.png\" alt=\"Marc M\u00e1rquez firmando un aut\u00f3grafo\"><\/noscript>\n        <\/picture><figcaption>Marc M\u00e1rquez firmando un aut\u00f3grafo<\/figcaption><\/figure>\n<p><\/a><\/p>\n<p style=\"font-size: 11px; text-align: left; width: 100%;\"><em><b>Ami<\/b> <\/br> <\/em><\/p>\n<blockquote><p>\n\t<a href=\"http:\/\/twitter.com\/share?text=At+JapaneseGP+in+2018%0AI+asked+%40marcmarquez93%0A+his+autograph+on+this+doll+and+he+joyfully+drew+his+autograph...&#038;url=https%3A%2F%2Fwww.boxrepsol.com%2Fes%2F%3Fp%3D49147\" target=\"_blank\" rel=\"noopener\"><\/p>\n<p>At JapaneseGP in 2018<br \/>\nI asked @marcmarquez93<br \/>\n his autograph on this doll and he joyfully drew his autograph&#8230;<\/p>\n<p>\t<\/a>\n<\/p><\/blockquote>\n<p><a href=\"https:\/\/bxrepsol.s3.eu-west-1.amazonaws.com\/static\/2022\/08\/05073039\/monos_criville_checa.jpg\" \n   title=\"Monos de Criville y Checa\" \n   data-gallery-thumbnail=\"https:\/\/bxrepsol.s3.eu-west-1.amazonaws.com\/static\/2022\/08\/05073039\/monos_criville_checa.jpg\"\n   data-gallery-title=\"<b>Valentin Oca\u00f1a<\/b> <\/br> \u00bb<br \/>\n   data-gallery><\/p>\n<figure>\n        <picture style=\"padding-bottom: 75%; background-image: url(https:\/\/bxrepsol.s3.eu-west-1.amazonaws.com\/static\/2022\/08\/05073039\/monos_criville_checa.jpg);\">\n            <img decoding=\"async\" src=\"https:\/\/bxrepsol.s3.eu-west-1.amazonaws.com\/static\/2022\/08\/05073039\/monos_criville_checa.jpg\"><br \/>\n            <img itemprop=\"image\"\n                data-srcset=\"https:\/\/bxrepsol.s3.eu-west-1.amazonaws.com\/static\/2022\/08\/05073039\/monos_criville_checa.jpg 480w, https:\/\/bxrepsol.s3.eu-west-1.amazonaws.com\/static\/2022\/08\/05073039\/monos_criville_checa.jpg 600w, https:\/\/bxrepsol.s3.eu-west-1.amazonaws.com\/static\/2022\/08\/05073039\/monos_criville_checa.jpg 900w\"\n                data-src=\"https:\/\/bxrepsol.s3.eu-west-1.amazonaws.com\/static\/2022\/08\/05073039\/monos_criville_checa.jpg\"\n                alt=\"Monos de Criville y Checa\"\n                title=\"monos_criville_checa\"\/><br \/>\n            <noscript><img decoding=\"async\" src=\"https:\/\/bxrepsol.s3.eu-west-1.amazonaws.com\/static\/2022\/08\/05073039\/monos_criville_checa.jpg\" alt=\"Monos de Criville y Checa\"><\/noscript>\n        <\/picture><figcaption>Monos de Criville y Checa<\/figcaption><\/figure>\n<p><\/a><\/p>\n<p style=\"font-size: 11px; text-align: left; width: 100%;\"><em><b>Valentin Oca\u00f1a<\/b> <\/br> <\/em><\/p>\n<blockquote><p>\n\t<a href=\"http:\/\/twitter.com\/share?text=Conseguir+el+mono+de+alex+criville+usado+por+%C3%A9l.+No+tiene+precio%28felicidad+maxima%29.+&#038;url=https%3A%2F%2Fwww.boxrepsol.com%2Fes%2F%3Fp%3D49147\" target=\"_blank\" rel=\"noopener\"><\/p>\n<p>Conseguir el mono de alex criville usado por \u00e9l. No tiene precio(felicidad maxima). <\/p>\n<p>\t<\/a>\n<\/p><\/blockquote>\n<p><a href=\"https:\/\/bxrepsol.s3.eu-west-1.amazonaws.com\/static\/2022\/08\/05073039\/Catarina-DeJesus.jpg\" \n   title=\"Catarina DeJesus con \u00c1lex M\u00e1rquez\" \n   data-gallery-thumbnail=\"https:\/\/bxrepsol.s3.eu-west-1.amazonaws.com\/static\/2022\/08\/05073039\/Catarina-DeJesus.jpg\"\n   data-gallery-title=\"<b>Catarina DeJesus<\/b> <\/br> \u00bb<br \/>\n   data-gallery><\/p>\n<figure>\n        <picture style=\"padding-bottom: 56.207233626588%; background-image: url(https:\/\/bxrepsol.s3.eu-west-1.amazonaws.com\/static\/2022\/08\/05073039\/Catarina-DeJesus.jpg);\">\n            <img decoding=\"async\" src=\"https:\/\/bxrepsol.s3.eu-west-1.amazonaws.com\/static\/2022\/08\/05073039\/Catarina-DeJesus.jpg\"><br \/>\n            <img itemprop=\"image\"\n                data-srcset=\"https:\/\/bxrepsol.s3.eu-west-1.amazonaws.com\/static\/2022\/08\/05073039\/Catarina-DeJesus.jpg 480w, https:\/\/bxrepsol.s3.eu-west-1.amazonaws.com\/static\/2022\/08\/05073039\/Catarina-DeJesus.jpg 600w, https:\/\/bxrepsol.s3.eu-west-1.amazonaws.com\/static\/2022\/08\/05073039\/Catarina-DeJesus.jpg 900w\"\n                data-src=\"https:\/\/bxrepsol.s3.eu-west-1.amazonaws.com\/static\/2022\/08\/05073039\/Catarina-DeJesus.jpg\"\n                alt=\"Catarina DeJesus con \u00c1lex M\u00e1rquez\"\n                title=\"Catarina-DeJesus\"\/><br \/>\n            <noscript><img decoding=\"async\" src=\"https:\/\/bxrepsol.s3.eu-west-1.amazonaws.com\/static\/2022\/08\/05073039\/Catarina-DeJesus.jpg\" alt=\"Catarina DeJesus con \u00c1lex M\u00e1rquez\"><\/noscript>\n        <\/picture><figcaption>Catarina DeJesus con \u00c1lex M\u00e1rquez<\/figcaption><\/figure>\n<p><\/a><\/p>\n<p style=\"font-size: 11px; text-align: left; width: 100%;\"><em><b>Catarina DeJesus<\/b> <\/br> <\/em><\/p>\n<blockquote><p>\n\t<a href=\"http:\/\/twitter.com\/share?text=Abril+18%2C+2017%0AEl+vuelo+de+%40alexmarquez73%0A+hacia+Austin+conectaba+en+New+York%21%21+%0ALo+esper%C3%A1bamos...&#038;url=https%3A%2F%2Fwww.boxrepsol.com%2Fes%2F%3Fp%3D49147\" target=\"_blank\" rel=\"noopener\"><\/p>\n<p>Abril 18, 2017<br \/>\nEl vuelo de @alexmarquez73<br \/>\n hacia Austin conectaba en New York!!<br \/>\nLo esper\u00e1bamos&#8230;<\/p>\n<p>\t<\/a>\n<\/p><\/blockquote>\n","protected":false},"excerpt":{"rendered":"<p>Las mejores fotos e historias de nuestros seguidores en redes sociales se han ganado un lugar especial.<\/p>\n","protected":false},"author":43146,"featured_media":64210,"comment_status":"open","ping_status":"open","sticky":false,"template":"","format":"standard","meta":{"footnotes":""},"categories":[4],"tags":[176],"class_list":["post-94469","post","type-post","status-publish","format-standard","hentry","category-motogp","tag-mejores-momentos"],"yoast_head":"<!-- This site is optimized with the Yoast SEO plugin v27.3 - https:\/\/yoast.com\/product\/yoast-seo-wordpress\/ -->\n<title>Los mejores recuerdos de nuestros fans desde casa - Box Repsol<\/title>\n<link rel=\"canonical\" href=\"https:\/\/www.boxrepsol.com\/es\/motogp\/los-mejores-recuerdos-de-nuestros-fans-desde-casa\/\" \/>\n<meta property=\"og:locale\" content=\"es_ES\" \/>\n<meta property=\"og:type\" content=\"article\" \/>\n<meta property=\"og:title\" content=\"Los mejores recuerdos de nuestros fans desde casa - Box Repsol\" \/>\n<meta property=\"og:description\" content=\"Las mejores fotos e historias de nuestros seguidores en redes sociales se han ganado un lugar especial.\" \/>\n<meta property=\"og:url\" content=\"https:\/\/www.boxrepsol.com\/es\/motogp\/los-mejores-recuerdos-de-nuestros-fans-desde-casa\/\" \/>\n<meta property=\"og:site_name\" content=\"Box Repsol\" \/>\n<meta property=\"article:publisher\" content=\"https:\/\/www.facebook.com\/BoxRepsol\" \/>\n<meta property=\"article:author\" content=\"https:\/\/www.facebook.com\/BoxRepsol\/\" \/>\n<meta property=\"article:published_time\" content=\"2020-04-23T02:00:00+00:00\" \/>\n<meta property=\"article:modified_time\" content=\"2024-04-22T10:03:40+00:00\" \/>\n<meta property=\"og:image\" content=\"https:\/\/bxrepsol.s3.eu-west-1.amazonaws.com\/static\/2022\/08\/29091948\/BoxRepsolFansEnCasa_merch_es_hor_v3.jpg\" \/>\n\t<meta property=\"og:image:width\" content=\"1200\" \/>\n\t<meta property=\"og:image:height\" content=\"628\" \/>\n\t<meta property=\"og:image:type\" content=\"image\/jpeg\" \/>\n<meta name=\"author\" content=\"Redacci\u00f3n Box Repsol\" \/>\n<meta name=\"twitter:card\" content=\"summary_large_image\" \/>\n<meta name=\"twitter:creator\" content=\"@https:\/\/twitter.com\/box_repsol\" \/>\n<meta name=\"twitter:site\" content=\"@box_repsol\" \/>\n<meta name=\"twitter:label1\" content=\"Written by\" \/>\n\t<meta name=\"twitter:data1\" content=\"Redacci\u00f3n Box Repsol\" \/>\n\t<meta name=\"twitter:label2\" content=\"Est. reading time\" \/>\n\t<meta name=\"twitter:data2\" content=\"1 minuto\" \/>\n<script type=\"application\/ld+json\" class=\"yoast-schema-graph\">{\"@context\":\"https:\\\/\\\/schema.org\",\"@graph\":[{\"@type\":\"Article\",\"@id\":\"https:\\\/\\\/www.boxrepsol.com\\\/es\\\/motogp\\\/los-mejores-recuerdos-de-nuestros-fans-desde-casa\\\/#article\",\"isPartOf\":{\"@id\":\"https:\\\/\\\/www.boxrepsol.com\\\/es\\\/motogp\\\/los-mejores-recuerdos-de-nuestros-fans-desde-casa\\\/\"},\"author\":{\"name\":\"Redacci\u00f3n Box Repsol\",\"@id\":\"https:\\\/\\\/www.boxrepsol.com\\\/es\\\/#\\\/schema\\\/person\\\/c5c2138f2cca251b0ad92b7086bb60b7\"},\"headline\":\"Los mejores recuerdos de nuestros fans desde casa\",\"datePublished\":\"2020-04-23T02:00:00+00:00\",\"dateModified\":\"2024-04-22T10:03:40+00:00\",\"mainEntityOfPage\":{\"@id\":\"https:\\\/\\\/www.boxrepsol.com\\\/es\\\/motogp\\\/los-mejores-recuerdos-de-nuestros-fans-desde-casa\\\/\"},\"wordCount\":174,\"commentCount\":0,\"publisher\":{\"@id\":\"https:\\\/\\\/www.boxrepsol.com\\\/es\\\/#organization\"},\"image\":{\"@id\":\"https:\\\/\\\/www.boxrepsol.com\\\/es\\\/motogp\\\/los-mejores-recuerdos-de-nuestros-fans-desde-casa\\\/#primaryimage\"},\"thumbnailUrl\":\"https:\\\/\\\/bxrepsol.s3.eu-west-1.amazonaws.com\\\/static\\\/2022\\\/08\\\/29091948\\\/BoxRepsolFansEnCasa_merch_es_hor_v3.jpg\",\"keywords\":[\"mejores momentos\"],\"articleSection\":[\"MotoGP\"],\"inLanguage\":\"es\",\"potentialAction\":[{\"@type\":\"CommentAction\",\"name\":\"Comment\",\"target\":[\"https:\\\/\\\/www.boxrepsol.com\\\/es\\\/motogp\\\/los-mejores-recuerdos-de-nuestros-fans-desde-casa\\\/#respond\"]}]},{\"@type\":\"WebPage\",\"@id\":\"https:\\\/\\\/www.boxrepsol.com\\\/es\\\/motogp\\\/los-mejores-recuerdos-de-nuestros-fans-desde-casa\\\/\",\"url\":\"https:\\\/\\\/www.boxrepsol.com\\\/es\\\/motogp\\\/los-mejores-recuerdos-de-nuestros-fans-desde-casa\\\/\",\"name\":\"Los mejores recuerdos de nuestros fans desde casa - Box Repsol\",\"isPartOf\":{\"@id\":\"https:\\\/\\\/www.boxrepsol.com\\\/es\\\/#website\"},\"primaryImageOfPage\":{\"@id\":\"https:\\\/\\\/www.boxrepsol.com\\\/es\\\/motogp\\\/los-mejores-recuerdos-de-nuestros-fans-desde-casa\\\/#primaryimage\"},\"image\":{\"@id\":\"https:\\\/\\\/www.boxrepsol.com\\\/es\\\/motogp\\\/los-mejores-recuerdos-de-nuestros-fans-desde-casa\\\/#primaryimage\"},\"thumbnailUrl\":\"https:\\\/\\\/bxrepsol.s3.eu-west-1.amazonaws.com\\\/static\\\/2022\\\/08\\\/29091948\\\/BoxRepsolFansEnCasa_merch_es_hor_v3.jpg\",\"datePublished\":\"2020-04-23T02:00:00+00:00\",\"dateModified\":\"2024-04-22T10:03:40+00:00\",\"breadcrumb\":{\"@id\":\"https:\\\/\\\/www.boxrepsol.com\\\/es\\\/motogp\\\/los-mejores-recuerdos-de-nuestros-fans-desde-casa\\\/#breadcrumb\"},\"inLanguage\":\"es\",\"potentialAction\":[{\"@type\":\"ReadAction\",\"target\":[\"https:\\\/\\\/www.boxrepsol.com\\\/es\\\/motogp\\\/los-mejores-recuerdos-de-nuestros-fans-desde-casa\\\/\"]}]},{\"@type\":\"ImageObject\",\"inLanguage\":\"es\",\"@id\":\"https:\\\/\\\/www.boxrepsol.com\\\/es\\\/motogp\\\/los-mejores-recuerdos-de-nuestros-fans-desde-casa\\\/#primaryimage\",\"url\":\"https:\\\/\\\/bxrepsol.s3.eu-west-1.amazonaws.com\\\/static\\\/2022\\\/08\\\/29091948\\\/BoxRepsolFansEnCasa_merch_es_hor_v3.jpg\",\"contentUrl\":\"https:\\\/\\\/bxrepsol.s3.eu-west-1.amazonaws.com\\\/static\\\/2022\\\/08\\\/29091948\\\/BoxRepsolFansEnCasa_merch_es_hor_v3.jpg\",\"width\":1200,\"height\":628,\"caption\":\"Mejores recuerdos de los fans\"},{\"@type\":\"BreadcrumbList\",\"@id\":\"https:\\\/\\\/www.boxrepsol.com\\\/es\\\/motogp\\\/los-mejores-recuerdos-de-nuestros-fans-desde-casa\\\/#breadcrumb\",\"itemListElement\":[{\"@type\":\"ListItem\",\"position\":1,\"name\":\"Home\",\"item\":\"https:\\\/\\\/www.boxrepsol.com\\\/es\\\/\"},{\"@type\":\"ListItem\",\"position\":2,\"name\":\"Los mejores recuerdos de nuestros fans desde casa\"}]},{\"@type\":\"WebSite\",\"@id\":\"https:\\\/\\\/www.boxrepsol.com\\\/es\\\/#website\",\"url\":\"https:\\\/\\\/www.boxrepsol.com\\\/es\\\/\",\"name\":\"Box Repsol\",\"description\":\"Box Repsol Site\",\"publisher\":{\"@id\":\"https:\\\/\\\/www.boxrepsol.com\\\/es\\\/#organization\"},\"potentialAction\":[{\"@type\":\"SearchAction\",\"target\":{\"@type\":\"EntryPoint\",\"urlTemplate\":\"https:\\\/\\\/www.boxrepsol.com\\\/es\\\/?s={search_term_string}\"},\"query-input\":{\"@type\":\"PropertyValueSpecification\",\"valueRequired\":true,\"valueName\":\"search_term_string\"}}],\"inLanguage\":\"es\"},{\"@type\":\"Organization\",\"@id\":\"https:\\\/\\\/www.boxrepsol.com\\\/es\\\/#organization\",\"name\":\"Box Repsol\",\"url\":\"https:\\\/\\\/www.boxrepsol.com\\\/es\\\/\",\"logo\":{\"@type\":\"ImageObject\",\"inLanguage\":\"es\",\"@id\":\"https:\\\/\\\/www.boxrepsol.com\\\/es\\\/#\\\/schema\\\/logo\\\/image\\\/\",\"url\":\"https:\\\/\\\/bxrepsol.s3.eu-west-1.amazonaws.com\\\/static\\\/2025\\\/07\\\/30083337\\\/favicon-96x96-1.png\",\"contentUrl\":\"https:\\\/\\\/bxrepsol.s3.eu-west-1.amazonaws.com\\\/static\\\/2025\\\/07\\\/30083337\\\/favicon-96x96-1.png\",\"width\":96,\"height\":96,\"caption\":\"Box Repsol\"},\"image\":{\"@id\":\"https:\\\/\\\/www.boxrepsol.com\\\/es\\\/#\\\/schema\\\/logo\\\/image\\\/\"},\"sameAs\":[\"https:\\\/\\\/www.facebook.com\\\/BoxRepsol\",\"https:\\\/\\\/x.com\\\/box_repsol\",\"http:\\\/\\\/instagram.com\\\/box_repsol\",\"https:\\\/\\\/www.youtube.com\\\/user\\\/RepsolCompeticion\",\"https:\\\/\\\/www.flickr.com\\\/photos\\\/box_repsol\\\/\"]},{\"@type\":\"Person\",\"@id\":\"https:\\\/\\\/www.boxrepsol.com\\\/es\\\/#\\\/schema\\\/person\\\/c5c2138f2cca251b0ad92b7086bb60b7\",\"name\":\"Redacci\u00f3n Box Repsol\",\"image\":{\"@type\":\"ImageObject\",\"inLanguage\":\"es\",\"@id\":\"https:\\\/\\\/secure.gravatar.com\\\/avatar\\\/adf7b77e38b4419baf32c7e9c21dde01f4e40df611f0978e3006fc4ba0aaab7e?s=96&d=mm&r=g\",\"url\":\"https:\\\/\\\/secure.gravatar.com\\\/avatar\\\/adf7b77e38b4419baf32c7e9c21dde01f4e40df611f0978e3006fc4ba0aaab7e?s=96&d=mm&r=g\",\"contentUrl\":\"https:\\\/\\\/secure.gravatar.com\\\/avatar\\\/adf7b77e38b4419baf32c7e9c21dde01f4e40df611f0978e3006fc4ba0aaab7e?s=96&d=mm&r=g\",\"caption\":\"Redacci\u00f3n Box Repsol\"},\"description\":\"Box Repsol lo forma un equipo de periodistas, community managers, dise\u00f1adores y fot\u00f3grafos con m\u00e1s de 20 a\u00f1os de experiencia en el mundo del motorsport. Hemos vivido el primer mundial de un espa\u00f1ol en la categor\u00eda reina de motociclismo con \u00c1lex Crivill\u00e9, estuvimos en las victorias de Pedrosa y los t\u00edtulos de M\u00e1rquez, acompa\u00f1amos en \u00c1frica a Nani Roma y Marc Coma en sus conquistas del Dakar y hemos vibrado con los t\u00edtulos de Toni Bou en Trial. Adem\u00e1s, en nuestro equipo contamos con expertos en el mundo de las dos y cuatro ruedas tanto de la calle y las carreteras, como de los circuitos. Periodistas que han trabajado en revistas y publicaciones para hacerte llegar desde rutas y consejos de mantenimiento, a curiosidades y trucos de pilotaje.\",\"sameAs\":[\"https:\\\/\\\/www.facebook.com\\\/BoxRepsol\\\/\",\"https:\\\/\\\/www.instagram.com\\\/box_repsol\\\/\",\"https:\\\/\\\/x.com\\\/https:\\\/\\\/twitter.com\\\/box_repsol\",\"https:\\\/\\\/www.youtube.com\\\/@Boxrepsol\"],\"url\":\"https:\\\/\\\/www.boxrepsol.com\\\/es\\\/author\\\/redaccion-box-repsol\\\/\"}]}<\/script>\n<!-- \/ Yoast SEO plugin. -->","yoast_head_json":{"title":"Los mejores recuerdos de nuestros fans desde casa - Box Repsol","canonical":"https:\/\/www.boxrepsol.com\/es\/motogp\/los-mejores-recuerdos-de-nuestros-fans-desde-casa\/","og_locale":"es_ES","og_type":"article","og_title":"Los mejores recuerdos de nuestros fans desde casa - Box Repsol","og_description":"Las mejores fotos e historias de nuestros seguidores en redes sociales se han ganado un lugar especial.","og_url":"https:\/\/www.boxrepsol.com\/es\/motogp\/los-mejores-recuerdos-de-nuestros-fans-desde-casa\/","og_site_name":"Box Repsol","article_publisher":"https:\/\/www.facebook.com\/BoxRepsol","article_author":"https:\/\/www.facebook.com\/BoxRepsol\/","article_published_time":"2020-04-23T02:00:00+00:00","article_modified_time":"2024-04-22T10:03:40+00:00","og_image":[{"width":1200,"height":628,"url":"https:\/\/bxrepsol.s3.eu-west-1.amazonaws.com\/static\/2022\/08\/29091948\/BoxRepsolFansEnCasa_merch_es_hor_v3.jpg","type":"image\/jpeg"}],"author":"Redacci\u00f3n Box Repsol","twitter_card":"summary_large_image","twitter_creator":"@https:\/\/twitter.com\/box_repsol","twitter_site":"@box_repsol","twitter_misc":{"Written by":"Redacci\u00f3n Box Repsol","Est. reading time":"1 minuto"},"schema":{"@context":"https:\/\/schema.org","@graph":[{"@type":"Article","@id":"https:\/\/www.boxrepsol.com\/es\/motogp\/los-mejores-recuerdos-de-nuestros-fans-desde-casa\/#article","isPartOf":{"@id":"https:\/\/www.boxrepsol.com\/es\/motogp\/los-mejores-recuerdos-de-nuestros-fans-desde-casa\/"},"author":{"name":"Redacci\u00f3n Box Repsol","@id":"https:\/\/www.boxrepsol.com\/es\/#\/schema\/person\/c5c2138f2cca251b0ad92b7086bb60b7"},"headline":"Los mejores recuerdos de nuestros fans desde casa","datePublished":"2020-04-23T02:00:00+00:00","dateModified":"2024-04-22T10:03:40+00:00","mainEntityOfPage":{"@id":"https:\/\/www.boxrepsol.com\/es\/motogp\/los-mejores-recuerdos-de-nuestros-fans-desde-casa\/"},"wordCount":174,"commentCount":0,"publisher":{"@id":"https:\/\/www.boxrepsol.com\/es\/#organization"},"image":{"@id":"https:\/\/www.boxrepsol.com\/es\/motogp\/los-mejores-recuerdos-de-nuestros-fans-desde-casa\/#primaryimage"},"thumbnailUrl":"https:\/\/bxrepsol.s3.eu-west-1.amazonaws.com\/static\/2022\/08\/29091948\/BoxRepsolFansEnCasa_merch_es_hor_v3.jpg","keywords":["mejores momentos"],"articleSection":["MotoGP"],"inLanguage":"es","potentialAction":[{"@type":"CommentAction","name":"Comment","target":["https:\/\/www.boxrepsol.com\/es\/motogp\/los-mejores-recuerdos-de-nuestros-fans-desde-casa\/#respond"]}]},{"@type":"WebPage","@id":"https:\/\/www.boxrepsol.com\/es\/motogp\/los-mejores-recuerdos-de-nuestros-fans-desde-casa\/","url":"https:\/\/www.boxrepsol.com\/es\/motogp\/los-mejores-recuerdos-de-nuestros-fans-desde-casa\/","name":"Los mejores recuerdos de nuestros fans desde casa - Box Repsol","isPartOf":{"@id":"https:\/\/www.boxrepsol.com\/es\/#website"},"primaryImageOfPage":{"@id":"https:\/\/www.boxrepsol.com\/es\/motogp\/los-mejores-recuerdos-de-nuestros-fans-desde-casa\/#primaryimage"},"image":{"@id":"https:\/\/www.boxrepsol.com\/es\/motogp\/los-mejores-recuerdos-de-nuestros-fans-desde-casa\/#primaryimage"},"thumbnailUrl":"https:\/\/bxrepsol.s3.eu-west-1.amazonaws.com\/static\/2022\/08\/29091948\/BoxRepsolFansEnCasa_merch_es_hor_v3.jpg","datePublished":"2020-04-23T02:00:00+00:00","dateModified":"2024-04-22T10:03:40+00:00","breadcrumb":{"@id":"https:\/\/www.boxrepsol.com\/es\/motogp\/los-mejores-recuerdos-de-nuestros-fans-desde-casa\/#breadcrumb"},"inLanguage":"es","potentialAction":[{"@type":"ReadAction","target":["https:\/\/www.boxrepsol.com\/es\/motogp\/los-mejores-recuerdos-de-nuestros-fans-desde-casa\/"]}]},{"@type":"ImageObject","inLanguage":"es","@id":"https:\/\/www.boxrepsol.com\/es\/motogp\/los-mejores-recuerdos-de-nuestros-fans-desde-casa\/#primaryimage","url":"https:\/\/bxrepsol.s3.eu-west-1.amazonaws.com\/static\/2022\/08\/29091948\/BoxRepsolFansEnCasa_merch_es_hor_v3.jpg","contentUrl":"https:\/\/bxrepsol.s3.eu-west-1.amazonaws.com\/static\/2022\/08\/29091948\/BoxRepsolFansEnCasa_merch_es_hor_v3.jpg","width":1200,"height":628,"caption":"Mejores recuerdos de los fans"},{"@type":"BreadcrumbList","@id":"https:\/\/www.boxrepsol.com\/es\/motogp\/los-mejores-recuerdos-de-nuestros-fans-desde-casa\/#breadcrumb","itemListElement":[{"@type":"ListItem","position":1,"name":"Home","item":"https:\/\/www.boxrepsol.com\/es\/"},{"@type":"ListItem","position":2,"name":"Los mejores recuerdos de nuestros fans desde casa"}]},{"@type":"WebSite","@id":"https:\/\/www.boxrepsol.com\/es\/#website","url":"https:\/\/www.boxrepsol.com\/es\/","name":"Box Repsol","description":"Box Repsol Site","publisher":{"@id":"https:\/\/www.boxrepsol.com\/es\/#organization"},"potentialAction":[{"@type":"SearchAction","target":{"@type":"EntryPoint","urlTemplate":"https:\/\/www.boxrepsol.com\/es\/?s={search_term_string}"},"query-input":{"@type":"PropertyValueSpecification","valueRequired":true,"valueName":"search_term_string"}}],"inLanguage":"es"},{"@type":"Organization","@id":"https:\/\/www.boxrepsol.com\/es\/#organization","name":"Box Repsol","url":"https:\/\/www.boxrepsol.com\/es\/","logo":{"@type":"ImageObject","inLanguage":"es","@id":"https:\/\/www.boxrepsol.com\/es\/#\/schema\/logo\/image\/","url":"https:\/\/bxrepsol.s3.eu-west-1.amazonaws.com\/static\/2025\/07\/30083337\/favicon-96x96-1.png","contentUrl":"https:\/\/bxrepsol.s3.eu-west-1.amazonaws.com\/static\/2025\/07\/30083337\/favicon-96x96-1.png","width":96,"height":96,"caption":"Box Repsol"},"image":{"@id":"https:\/\/www.boxrepsol.com\/es\/#\/schema\/logo\/image\/"},"sameAs":["https:\/\/www.facebook.com\/BoxRepsol","https:\/\/x.com\/box_repsol","http:\/\/instagram.com\/box_repsol","https:\/\/www.youtube.com\/user\/RepsolCompeticion","https:\/\/www.flickr.com\/photos\/box_repsol\/"]},{"@type":"Person","@id":"https:\/\/www.boxrepsol.com\/es\/#\/schema\/person\/c5c2138f2cca251b0ad92b7086bb60b7","name":"Redacci\u00f3n Box Repsol","image":{"@type":"ImageObject","inLanguage":"es","@id":"https:\/\/secure.gravatar.com\/avatar\/adf7b77e38b4419baf32c7e9c21dde01f4e40df611f0978e3006fc4ba0aaab7e?s=96&d=mm&r=g","url":"https:\/\/secure.gravatar.com\/avatar\/adf7b77e38b4419baf32c7e9c21dde01f4e40df611f0978e3006fc4ba0aaab7e?s=96&d=mm&r=g","contentUrl":"https:\/\/secure.gravatar.com\/avatar\/adf7b77e38b4419baf32c7e9c21dde01f4e40df611f0978e3006fc4ba0aaab7e?s=96&d=mm&r=g","caption":"Redacci\u00f3n Box Repsol"},"description":"Box Repsol lo forma un equipo de periodistas, community managers, dise\u00f1adores y fot\u00f3grafos con m\u00e1s de 20 a\u00f1os de experiencia en el mundo del motorsport. Hemos vivido el primer mundial de un espa\u00f1ol en la categor\u00eda reina de motociclismo con \u00c1lex Crivill\u00e9, estuvimos en las victorias de Pedrosa y los t\u00edtulos de M\u00e1rquez, acompa\u00f1amos en \u00c1frica a Nani Roma y Marc Coma en sus conquistas del Dakar y hemos vibrado con los t\u00edtulos de Toni Bou en Trial. Adem\u00e1s, en nuestro equipo contamos con expertos en el mundo de las dos y cuatro ruedas tanto de la calle y las carreteras, como de los circuitos. Periodistas que han trabajado en revistas y publicaciones para hacerte llegar desde rutas y consejos de mantenimiento, a curiosidades y trucos de pilotaje.","sameAs":["https:\/\/www.facebook.com\/BoxRepsol\/","https:\/\/www.instagram.com\/box_repsol\/","https:\/\/x.com\/https:\/\/twitter.com\/box_repsol","https:\/\/www.youtube.com\/@Boxrepsol"],"url":"https:\/\/www.boxrepsol.com\/es\/author\/redaccion-box-repsol\/"}]}},"_links":{"self":[{"href":"https:\/\/www.boxrepsol.com\/es\/wp-json\/wp\/v2\/posts\/94469","targetHints":{"allow":["GET"]}}],"collection":[{"href":"https:\/\/www.boxrepsol.com\/es\/wp-json\/wp\/v2\/posts"}],"about":[{"href":"https:\/\/www.boxrepsol.com\/es\/wp-json\/wp\/v2\/types\/post"}],"author":[{"embeddable":true,"href":"https:\/\/www.boxrepsol.com\/es\/wp-json\/wp\/v2\/users\/43146"}],"replies":[{"embeddable":true,"href":"https:\/\/www.boxrepsol.com\/es\/wp-json\/wp\/v2\/comments?post=94469"}],"version-history":[{"count":1,"href":"https:\/\/www.boxrepsol.com\/es\/wp-json\/wp\/v2\/posts\/94469\/revisions"}],"predecessor-version":[{"id":94470,"href":"https:\/\/www.boxrepsol.com\/es\/wp-json\/wp\/v2\/posts\/94469\/revisions\/94470"}],"wp:featuredmedia":[{"embeddable":true,"href":"https:\/\/www.boxrepsol.com\/es\/wp-json\/wp\/v2\/media\/64210"}],"wp:attachment":[{"href":"https:\/\/www.boxrepsol.com\/es\/wp-json\/wp\/v2\/media?parent=94469"}],"wp:term":[{"taxonomy":"category","embeddable":true,"href":"https:\/\/www.boxrepsol.com\/es\/wp-json\/wp\/v2\/categories?post=94469"},{"taxonomy":"post_tag","embeddable":true,"href":"https:\/\/www.boxrepsol.com\/es\/wp-json\/wp\/v2\/tags?post=94469"}],"curies":[{"name":"wp","href":"https:\/\/api.w.org\/{rel}","templated":true}]}}