{"id":94413,"date":"2020-03-02T00:00:00","date_gmt":"2020-03-02T02:00:00","guid":{"rendered":"http:\/\/pre.boxrepsol.com\/sin-categorizar\/marc-marquez-y-alex-marquez-como-son-sus-cascos-de-motogp\/"},"modified":"2024-04-22T08:27:41","modified_gmt":"2024-04-22T10:27:41","slug":"marc-marquez-y-alex-marquez-como-son-sus-cascos-de-motogp","status":"publish","type":"post","link":"https:\/\/www.boxrepsol.com\/es\/vive-tu-moto\/marc-marquez-y-alex-marquez-como-son-sus-cascos-de-motogp\/","title":{"rendered":"Marc M\u00e1rquez y \u00c1lex M\u00e1rquez: \u00bfc\u00f3mo son sus cascos de MotoGP?"},"content":{"rendered":"\n<p>El <strong>casco de moto<\/strong> m\u00e1s r\u00e1pido del planeta no sirve de nada si no encaja en el piloto de forma correcta. Por eso, es indispensable, a la hora de seleccionar el elemento protector m\u00e1s importante para nuestros desplazamientos sobre dos ruedas, que tengamos en mente una serie de consideraciones.<\/p>\n\n\n\n<h2 class=\"wp-block-heading\">Seleccionando nuestro casco<\/h2>\n\n\n\n<p>M\u00e1s all\u00e1 de los dise\u00f1os, m\u00e1s o menos llamativos, hay muchas variables que nos pueden hacer decantarnos por un tipo de casco u otro, pero sin duda<strong> la m\u00e1s importante debe ser siempre la seguridad<\/strong>. Para tener todas las garant\u00edas, es imprescindible que el casco cuente con la homologaci\u00f3n adecuada.<\/p>\n\n\n\n<p>La primera variable es el tipo de casco, donde encontramos los integrales, los abatibles o modulares, los jet y los de motocross, si bien hay algunas marcas que ofrecen alguna otra variante. La recomendaci\u00f3n es que siempre elijas uno de los dos primeros. Aunque un casco tipo jet puede ser m\u00e1s c\u00f3modo en verano, la falta de protecci\u00f3n, sobre todo en la zona de la barbilla, no compensa ese incremento de comodidad que adem\u00e1s solo notaremos en los d\u00edas m\u00e1s calurosos.<\/p>\n\n\n\n<figure class=\"wp-block-image\"><img decoding=\"async\" src=\"https:\/\/bxrepsol.s3.eu-west-1.amazonaws.com\/static\/2022\/08\/05071912\/00JerezTestPr20MgpREPSOL_JR2538-scaled.jpg\" alt=\"\"\/><figcaption class=\"wp-element-caption\">\u00c1lex M\u00e1rquez a punto de salir a pista, poni\u00e9ndose los guantes<\/figcaption><\/figure>\n\n\n\n<p>Elijamos el que elijamos, es imprescindible que la talla sea la correcta. Para esto lo mejor es probarnos el casco en una tienda, ya que, como sucede con el calzado o la ropa, cada fabricante suele tener ligeras variaciones de tama\u00f1os o formas respecto a la talla real. Tambi\u00e9n es cierto que algunas p\u00e1ginas web ofrecen un servicio de cambio de talla o devoluci\u00f3n gratuitas, aunque siempre ser\u00e1 mejor probarse el modelo que queramos en una tienda antes de tomar cualquier decisi\u00f3n.<\/p>\n\n\n\n<p><strong>\u00bfC\u00f3mo sabemos que un casco nos va bien de talla? <\/strong>Pues es sencillo, con el casco puesto y bien abrochado este no debe moverse sobre la cabeza ni apretarnos en ning\u00fan punto de manera exagerada. Trataremos de mover el casco en todas las direcciones y este no deber\u00eda variar de posici\u00f3n. En caso de impacto, un casco que quede holgado puede llegar a salirse o moverse. Hay que tener en cuenta que con el uso el casco se adaptar\u00e1 algo a nuestras formas, por lo que si dudamos entre dos tallas es mejor seleccionar la m\u00e1s peque\u00f1a.<\/p>\n\n\n\n<h2 class=\"wp-block-heading\">Peso y material<\/h2>\n\n\n\n<p>Seg\u00fan el uso que le demos a nuestra montura, <strong>el peso del casco puede ser un factor muy a tener en cuenta<\/strong>. Si tan solo nos desplazamos unos pocos minutos, o no alcanzamos grandes velocidades, no importar\u00e1 tanto, pero si pensamos estar horas sobre la moto, o circular por autopista, es importante contar con un casco lo m\u00e1s ligero posible para evitar cargar el cuello.<\/p>\n\n\n\n<p>El material de la calota (la parte exterior del casco) suele influir bastante en el peso de este. Podemos encontrar cascos realizados en policarbonato, en resinas o en fibras. Todos los modelos homologados han pasado las mismas pruebas, pero<strong> lo ideal ser\u00eda seleccionar siempre un casco de fibras<\/strong>, ya sean de vidrio, carbono o multifibras. Esto dotar\u00e1 al casco de la mayor seguridad y ligereza.<\/p>\n\n\n\n<figure class=\"wp-block-image\"><img decoding=\"async\" src=\"https:\/\/bxrepsol.s3.eu-west-1.amazonaws.com\/static\/2022\/08\/05071925\/00_marc_marquez_primer_plano1.jpg\" alt=\"\"\/><figcaption class=\"wp-element-caption\">el casco y la moto de Marc M\u00e1rquez<\/figcaption><\/figure>\n\n\n\n<h2 class=\"wp-block-heading\">Ventilaci\u00f3n y pantalla<\/h2>\n\n\n\n<p>Es indispensable que el casco cuente con una ventilaci\u00f3n eficaz tanto en pantalla como en la parte superior. Los cascos de primeras marcas, como <strong>Shoei<\/strong>, se testean durante horas para lograr que la entrada de aire sea lo m\u00e1s eficiente posible, ventilando el interior del casco y pantalla.<\/p>\n\n\n\n<p>Cada marca posee sus propias pantallas y la mayor\u00eda de ellas cuentan ya con soporte para el \u201c<a href=\"https:\/\/www.boxrepsol.com\/es\/tecnologia\/pinlock-como-funciona-como-ponerlo-como-quitarlo\/\">pinlock<\/a>\u201d ya sea en su versi\u00f3n normal o m\u00e1xima visi\u00f3n, para evitar el empa\u00f1amiento con bajas temperaturas. Es interesante tambi\u00e9n que cuenten con superficie anti ara\u00f1azos.<\/p>\n\n\n\n<p>Encontramos tambi\u00e9n pantallas con diferentes grados de tintado o ahumado, pero estas solo son recomendables para su uso diurno. Por eso, si elegimos una pantalla de estas caracter\u00edsticas, suele ser interesante que nuestro casco posea un sistema de cambio de pantalla r\u00e1pido, algunas \u00a1con un solo dedo!<\/p>\n\n\n\n<p>Adem\u00e1s, tambi\u00e9n podemos encontrar modelos que poseen una pantalla solar interior que se puede desplegar f\u00e1cilmente.<\/p>\n\n\n\n<figure class=\"wp-block-image\"><img decoding=\"async\" src=\"https:\/\/bxrepsol.s3.eu-west-1.amazonaws.com\/static\/2022\/08\/29073231\/00_marc_marquez_casco_repsol_honda.jpg\" alt=\"\"\/><figcaption class=\"wp-element-caption\">Marc M\u00e1rquez poniendose el casco en el GP de Jap\u00f3n<\/figcaption><\/figure>\n\n\n\n<h2 class=\"wp-block-heading\">Cierre, interiores y accesorios<\/h2>\n\n\n\n<p>El <strong>cierre del casco<\/strong> es un elemento de seguridad muy importante. La recomendaci\u00f3n es siempre buscar un cierre de doble D, o, como m\u00ednimo, cierre microm\u00e9trico. Esto nos asegurar\u00e1 siempre un ajuste perfecto.<\/p>\n\n\n\n<p>Es recomendable que el interior del casco sea extra\u00edble y lavable, as\u00ed como que est\u00e9 confeccionado con tejidos hipo-alerg\u00e9nicos. No est\u00e1 de m\u00e1s si cuenta con naricera o barbillera extra\u00edbles.<\/p>\n\n\n\n<p>Hay modelos que permiten la instalaci\u00f3n de intercomunicadores o con una zona habilitada para introducir las patillas de unas gafas sin afectar a la comodidad.<\/p>\n\n\n\n<figure class=\"wp-block-image\"><img decoding=\"async\" src=\"https:\/\/bxrepsol.s3.eu-west-1.amazonaws.com\/static\/2022\/08\/05071926\/00_alex_marquez_motogp_tumbando.jpg\" alt=\"\"\/><figcaption class=\"wp-element-caption\">\u00c1lex m\u00e1rquez en pista sobre la RC213V<\/figcaption><\/figure>\n\n\n\n<h2 class=\"wp-block-heading\">Aerodin\u00e1mica<\/h2>\n\n\n\n<p>Tal vez en ciudad no la notes, pero si sales a la carretera o al circuito con tu casco, una cuidada aerodin\u00e1mica te otorgar\u00e1 algunas ventajas.<\/p>\n\n\n\n<p>La primera es reducir el ruido. Los cascos tienen una serie de puntos cr\u00edticos a la hora de generarlos. La calota, la pantalla y los puntos de ventilaci\u00f3n son los lugares que requieren de un complejo estudio para minimizar los ruidos.<\/p>\n\n\n\n<p>La segunda es la ventilaci\u00f3n. Las tomas de aire deben ser correctamente colocadas, al igual que los conductos interiores y los orificios de salida. De nada sirve tener un sistema de ventilaci\u00f3n si a este no le entra el aire correctamente.<\/p>\n\n\n\n<p>La tercera y no menos importante es el propio efecto del casco al moverse a gran velocidad. En <a href=\"https:\/\/www.boxrepsol.com\/es\/motogp\/\">MotoGP <\/a>vemos que los cascos suelen contar con a\u00f1adidos aerodin\u00e1micos que se adaptan perfectamente al contorno generado por la c\u00fapula de la moto y la joroba del mono del piloto para acabar la l\u00ednea en el col\u00edn de la moto.<br>Puede parecer mentira, pero <strong>un casco puede llegar a generar much\u00edsima resistencia al avance o movimientos no deseados<\/strong>, y deber\u00e1 ser nuestro cuello quien compense esas fuerzas. Nuestras cervicales agradecer\u00e1n un casco con buena aerodin\u00e1mica.<\/p>\n\n\n\n<figure class=\"wp-block-image\"><img decoding=\"async\" src=\"https:\/\/bxrepsol.s3.eu-west-1.amazonaws.com\/static\/2022\/08\/05071927\/00_alex_marquez_casco_box_repsol_honda.jpg\" alt=\"\"\/><figcaption class=\"wp-element-caption\">\u00c1lex M\u00e1rquez coloc\u00e1ndose el casco en el box Repsol Honda<\/figcaption><\/figure>\n\n\n\n<h2 class=\"wp-block-heading\">A tu gusto<\/h2>\n\n\n\n<p>Sin duda la variedad de cascos que encontramos en el mercado puede ser abrumadora. As\u00ed que lo mejor es que busques la marca y modelo que mejor te encaje y te decidas entonces entre las diferentes opciones de decoraci\u00f3n que encontrar\u00e1s.<\/p>\n\n\n\n<p>Ya sea un casco monocolor o una de las r\u00e9plicas de Marc M\u00e1rquez, tu cabeza ir\u00e1 siempre bien protegida.<\/p>\n","protected":false},"excerpt":{"rendered":"<p>Marc y \u00c1lex M\u00e1rquez utilizan sendos cascos de la marca japonesa Shoei. Se trata del modelo X-Fourteen, realizado en fibra y con una cuidada aerodin\u00e1mica probada en el t\u00fanel de viento de la marca y en las pistas de todo el mundo por numerosos pilotos.<\/p>\n","protected":false},"author":43146,"featured_media":63894,"comment_status":"open","ping_status":"open","sticky":false,"template":"","format":"standard","meta":{"footnotes":""},"categories":[122],"tags":[193,50],"class_list":["post-94413","post","type-post","status-publish","format-standard","hentry","category-vive-tu-moto","tag-cascos-de-moto","tag-equipo-repsol-honda"],"yoast_head":"<!-- This site is optimized with the Yoast SEO plugin v27.3 - https:\/\/yoast.com\/product\/yoast-seo-wordpress\/ -->\n<title>Marc M\u00e1rquez y \u00c1lex M\u00e1rquez: \u00bfc\u00f3mo son sus cascos de MotoGP? - Box Repsol<\/title>\n<meta name=\"description\" content=\"Marc y \u00c1lex M\u00e1rquez utilizan sendos cascos de la marca japonesa Shoei. Se trata del modelo X-Fourteen, realizado en fibra y con una cuidada aerodin\u00e1mica.\" \/>\n<link rel=\"canonical\" href=\"https:\/\/www.boxrepsol.com\/es\/vive-tu-moto\/marc-marquez-y-alex-marquez-como-son-sus-cascos-de-motogp\/\" \/>\n<meta property=\"og:locale\" content=\"es_ES\" \/>\n<meta property=\"og:type\" content=\"article\" \/>\n<meta property=\"og:title\" content=\"Marc M\u00e1rquez y \u00c1lex M\u00e1rquez: \u00bfc\u00f3mo son sus cascos de MotoGP? - Box Repsol\" \/>\n<meta property=\"og:description\" content=\"Marc y \u00c1lex M\u00e1rquez utilizan sendos cascos de la marca japonesa Shoei. Se trata del modelo X-Fourteen, realizado en fibra y con una cuidada aerodin\u00e1mica.\" \/>\n<meta property=\"og:url\" content=\"https:\/\/www.boxrepsol.com\/es\/vive-tu-moto\/marc-marquez-y-alex-marquez-como-son-sus-cascos-de-motogp\/\" \/>\n<meta property=\"og:site_name\" content=\"Box Repsol\" \/>\n<meta property=\"article:publisher\" content=\"https:\/\/www.facebook.com\/BoxRepsol\" \/>\n<meta property=\"article:author\" content=\"https:\/\/www.facebook.com\/BoxRepsol\/\" \/>\n<meta property=\"article:published_time\" content=\"2020-03-02T02:00:00+00:00\" \/>\n<meta property=\"article:modified_time\" content=\"2024-04-22T10:27:41+00:00\" \/>\n<meta property=\"og:image\" content=\"https:\/\/bxrepsol.s3.eu-west-1.amazonaws.com\/static\/2022\/08\/29091534\/Hermanos_casco_2020_1280x600.jpg\" \/>\n\t<meta property=\"og:image:width\" content=\"1280\" \/>\n\t<meta property=\"og:image:height\" content=\"600\" \/>\n\t<meta property=\"og:image:type\" content=\"image\/jpeg\" \/>\n<meta name=\"author\" content=\"Redacci\u00f3n Box Repsol\" \/>\n<meta name=\"twitter:card\" content=\"summary_large_image\" \/>\n<meta name=\"twitter:creator\" content=\"@https:\/\/twitter.com\/box_repsol\" \/>\n<meta name=\"twitter:site\" content=\"@box_repsol\" \/>\n<meta name=\"twitter:label1\" content=\"Written by\" \/>\n\t<meta name=\"twitter:data1\" content=\"Redacci\u00f3n Box Repsol\" \/>\n\t<meta name=\"twitter:label2\" content=\"Est. reading time\" \/>\n\t<meta name=\"twitter:data2\" content=\"6 minutos\" \/>\n<script type=\"application\/ld+json\" class=\"yoast-schema-graph\">{\"@context\":\"https:\\\/\\\/schema.org\",\"@graph\":[{\"@type\":\"Article\",\"@id\":\"https:\\\/\\\/www.boxrepsol.com\\\/es\\\/vive-tu-moto\\\/marc-marquez-y-alex-marquez-como-son-sus-cascos-de-motogp\\\/#article\",\"isPartOf\":{\"@id\":\"https:\\\/\\\/www.boxrepsol.com\\\/es\\\/vive-tu-moto\\\/marc-marquez-y-alex-marquez-como-son-sus-cascos-de-motogp\\\/\"},\"author\":{\"name\":\"Redacci\u00f3n Box Repsol\",\"@id\":\"https:\\\/\\\/www.boxrepsol.com\\\/es\\\/#\\\/schema\\\/person\\\/c5c2138f2cca251b0ad92b7086bb60b7\"},\"headline\":\"Marc M\u00e1rquez y \u00c1lex M\u00e1rquez: \u00bfc\u00f3mo son sus cascos de MotoGP?\",\"datePublished\":\"2020-03-02T02:00:00+00:00\",\"dateModified\":\"2024-04-22T10:27:41+00:00\",\"mainEntityOfPage\":{\"@id\":\"https:\\\/\\\/www.boxrepsol.com\\\/es\\\/vive-tu-moto\\\/marc-marquez-y-alex-marquez-como-son-sus-cascos-de-motogp\\\/\"},\"wordCount\":1150,\"commentCount\":0,\"publisher\":{\"@id\":\"https:\\\/\\\/www.boxrepsol.com\\\/es\\\/#organization\"},\"image\":{\"@id\":\"https:\\\/\\\/www.boxrepsol.com\\\/es\\\/vive-tu-moto\\\/marc-marquez-y-alex-marquez-como-son-sus-cascos-de-motogp\\\/#primaryimage\"},\"thumbnailUrl\":\"https:\\\/\\\/bxrepsol.s3.eu-west-1.amazonaws.com\\\/static\\\/2022\\\/08\\\/29091534\\\/Hermanos_casco_2020_1280x600.jpg\",\"keywords\":[\"cascos de moto\",\"Equipo Repsol Honda\"],\"articleSection\":[\"Vive tu moto\"],\"inLanguage\":\"es\",\"potentialAction\":[{\"@type\":\"CommentAction\",\"name\":\"Comment\",\"target\":[\"https:\\\/\\\/www.boxrepsol.com\\\/es\\\/vive-tu-moto\\\/marc-marquez-y-alex-marquez-como-son-sus-cascos-de-motogp\\\/#respond\"]}]},{\"@type\":\"WebPage\",\"@id\":\"https:\\\/\\\/www.boxrepsol.com\\\/es\\\/vive-tu-moto\\\/marc-marquez-y-alex-marquez-como-son-sus-cascos-de-motogp\\\/\",\"url\":\"https:\\\/\\\/www.boxrepsol.com\\\/es\\\/vive-tu-moto\\\/marc-marquez-y-alex-marquez-como-son-sus-cascos-de-motogp\\\/\",\"name\":\"Marc M\u00e1rquez y \u00c1lex M\u00e1rquez: \u00bfc\u00f3mo son sus cascos de MotoGP? - Box Repsol\",\"isPartOf\":{\"@id\":\"https:\\\/\\\/www.boxrepsol.com\\\/es\\\/#website\"},\"primaryImageOfPage\":{\"@id\":\"https:\\\/\\\/www.boxrepsol.com\\\/es\\\/vive-tu-moto\\\/marc-marquez-y-alex-marquez-como-son-sus-cascos-de-motogp\\\/#primaryimage\"},\"image\":{\"@id\":\"https:\\\/\\\/www.boxrepsol.com\\\/es\\\/vive-tu-moto\\\/marc-marquez-y-alex-marquez-como-son-sus-cascos-de-motogp\\\/#primaryimage\"},\"thumbnailUrl\":\"https:\\\/\\\/bxrepsol.s3.eu-west-1.amazonaws.com\\\/static\\\/2022\\\/08\\\/29091534\\\/Hermanos_casco_2020_1280x600.jpg\",\"datePublished\":\"2020-03-02T02:00:00+00:00\",\"dateModified\":\"2024-04-22T10:27:41+00:00\",\"description\":\"Marc y \u00c1lex M\u00e1rquez utilizan sendos cascos de la marca japonesa Shoei. Se trata del modelo X-Fourteen, realizado en fibra y con una cuidada aerodin\u00e1mica.\",\"breadcrumb\":{\"@id\":\"https:\\\/\\\/www.boxrepsol.com\\\/es\\\/vive-tu-moto\\\/marc-marquez-y-alex-marquez-como-son-sus-cascos-de-motogp\\\/#breadcrumb\"},\"inLanguage\":\"es\",\"potentialAction\":[{\"@type\":\"ReadAction\",\"target\":[\"https:\\\/\\\/www.boxrepsol.com\\\/es\\\/vive-tu-moto\\\/marc-marquez-y-alex-marquez-como-son-sus-cascos-de-motogp\\\/\"]}]},{\"@type\":\"ImageObject\",\"inLanguage\":\"es\",\"@id\":\"https:\\\/\\\/www.boxrepsol.com\\\/es\\\/vive-tu-moto\\\/marc-marquez-y-alex-marquez-como-son-sus-cascos-de-motogp\\\/#primaryimage\",\"url\":\"https:\\\/\\\/bxrepsol.s3.eu-west-1.amazonaws.com\\\/static\\\/2022\\\/08\\\/29091534\\\/Hermanos_casco_2020_1280x600.jpg\",\"contentUrl\":\"https:\\\/\\\/bxrepsol.s3.eu-west-1.amazonaws.com\\\/static\\\/2022\\\/08\\\/29091534\\\/Hermanos_casco_2020_1280x600.jpg\",\"width\":1280,\"height\":600,\"caption\":\"\u00c1lex M\u00e1rquez y Marc M\u00e1rquez\"},{\"@type\":\"BreadcrumbList\",\"@id\":\"https:\\\/\\\/www.boxrepsol.com\\\/es\\\/vive-tu-moto\\\/marc-marquez-y-alex-marquez-como-son-sus-cascos-de-motogp\\\/#breadcrumb\",\"itemListElement\":[{\"@type\":\"ListItem\",\"position\":1,\"name\":\"Home\",\"item\":\"https:\\\/\\\/www.boxrepsol.com\\\/es\\\/\"},{\"@type\":\"ListItem\",\"position\":2,\"name\":\"Marc M\u00e1rquez y \u00c1lex M\u00e1rquez: \u00bfc\u00f3mo son sus cascos de MotoGP?\"}]},{\"@type\":\"WebSite\",\"@id\":\"https:\\\/\\\/www.boxrepsol.com\\\/es\\\/#website\",\"url\":\"https:\\\/\\\/www.boxrepsol.com\\\/es\\\/\",\"name\":\"Box Repsol\",\"description\":\"Box Repsol Site\",\"publisher\":{\"@id\":\"https:\\\/\\\/www.boxrepsol.com\\\/es\\\/#organization\"},\"potentialAction\":[{\"@type\":\"SearchAction\",\"target\":{\"@type\":\"EntryPoint\",\"urlTemplate\":\"https:\\\/\\\/www.boxrepsol.com\\\/es\\\/?s={search_term_string}\"},\"query-input\":{\"@type\":\"PropertyValueSpecification\",\"valueRequired\":true,\"valueName\":\"search_term_string\"}}],\"inLanguage\":\"es\"},{\"@type\":\"Organization\",\"@id\":\"https:\\\/\\\/www.boxrepsol.com\\\/es\\\/#organization\",\"name\":\"Box Repsol\",\"url\":\"https:\\\/\\\/www.boxrepsol.com\\\/es\\\/\",\"logo\":{\"@type\":\"ImageObject\",\"inLanguage\":\"es\",\"@id\":\"https:\\\/\\\/www.boxrepsol.com\\\/es\\\/#\\\/schema\\\/logo\\\/image\\\/\",\"url\":\"https:\\\/\\\/bxrepsol.s3.eu-west-1.amazonaws.com\\\/static\\\/2025\\\/07\\\/30083337\\\/favicon-96x96-1.png\",\"contentUrl\":\"https:\\\/\\\/bxrepsol.s3.eu-west-1.amazonaws.com\\\/static\\\/2025\\\/07\\\/30083337\\\/favicon-96x96-1.png\",\"width\":96,\"height\":96,\"caption\":\"Box Repsol\"},\"image\":{\"@id\":\"https:\\\/\\\/www.boxrepsol.com\\\/es\\\/#\\\/schema\\\/logo\\\/image\\\/\"},\"sameAs\":[\"https:\\\/\\\/www.facebook.com\\\/BoxRepsol\",\"https:\\\/\\\/x.com\\\/box_repsol\",\"http:\\\/\\\/instagram.com\\\/box_repsol\",\"https:\\\/\\\/www.youtube.com\\\/user\\\/RepsolCompeticion\",\"https:\\\/\\\/www.flickr.com\\\/photos\\\/box_repsol\\\/\"]},{\"@type\":\"Person\",\"@id\":\"https:\\\/\\\/www.boxrepsol.com\\\/es\\\/#\\\/schema\\\/person\\\/c5c2138f2cca251b0ad92b7086bb60b7\",\"name\":\"Redacci\u00f3n Box Repsol\",\"image\":{\"@type\":\"ImageObject\",\"inLanguage\":\"es\",\"@id\":\"https:\\\/\\\/secure.gravatar.com\\\/avatar\\\/adf7b77e38b4419baf32c7e9c21dde01f4e40df611f0978e3006fc4ba0aaab7e?s=96&d=mm&r=g\",\"url\":\"https:\\\/\\\/secure.gravatar.com\\\/avatar\\\/adf7b77e38b4419baf32c7e9c21dde01f4e40df611f0978e3006fc4ba0aaab7e?s=96&d=mm&r=g\",\"contentUrl\":\"https:\\\/\\\/secure.gravatar.com\\\/avatar\\\/adf7b77e38b4419baf32c7e9c21dde01f4e40df611f0978e3006fc4ba0aaab7e?s=96&d=mm&r=g\",\"caption\":\"Redacci\u00f3n Box Repsol\"},\"description\":\"Box Repsol lo forma un equipo de periodistas, community managers, dise\u00f1adores y fot\u00f3grafos con m\u00e1s de 20 a\u00f1os de experiencia en el mundo del motorsport. Hemos vivido el primer mundial de un espa\u00f1ol en la categor\u00eda reina de motociclismo con \u00c1lex Crivill\u00e9, estuvimos en las victorias de Pedrosa y los t\u00edtulos de M\u00e1rquez, acompa\u00f1amos en \u00c1frica a Nani Roma y Marc Coma en sus conquistas del Dakar y hemos vibrado con los t\u00edtulos de Toni Bou en Trial. Adem\u00e1s, en nuestro equipo contamos con expertos en el mundo de las dos y cuatro ruedas tanto de la calle y las carreteras, como de los circuitos. Periodistas que han trabajado en revistas y publicaciones para hacerte llegar desde rutas y consejos de mantenimiento, a curiosidades y trucos de pilotaje.\",\"sameAs\":[\"https:\\\/\\\/www.facebook.com\\\/BoxRepsol\\\/\",\"https:\\\/\\\/www.instagram.com\\\/box_repsol\\\/\",\"https:\\\/\\\/x.com\\\/https:\\\/\\\/twitter.com\\\/box_repsol\",\"https:\\\/\\\/www.youtube.com\\\/@Boxrepsol\"],\"url\":\"https:\\\/\\\/www.boxrepsol.com\\\/es\\\/author\\\/redaccion-box-repsol\\\/\"}]}<\/script>\n<!-- \/ Yoast SEO plugin. -->","yoast_head_json":{"title":"Marc M\u00e1rquez y \u00c1lex M\u00e1rquez: \u00bfc\u00f3mo son sus cascos de MotoGP? - Box Repsol","description":"Marc y \u00c1lex M\u00e1rquez utilizan sendos cascos de la marca japonesa Shoei. Se trata del modelo X-Fourteen, realizado en fibra y con una cuidada aerodin\u00e1mica.","canonical":"https:\/\/www.boxrepsol.com\/es\/vive-tu-moto\/marc-marquez-y-alex-marquez-como-son-sus-cascos-de-motogp\/","og_locale":"es_ES","og_type":"article","og_title":"Marc M\u00e1rquez y \u00c1lex M\u00e1rquez: \u00bfc\u00f3mo son sus cascos de MotoGP? - Box Repsol","og_description":"Marc y \u00c1lex M\u00e1rquez utilizan sendos cascos de la marca japonesa Shoei. Se trata del modelo X-Fourteen, realizado en fibra y con una cuidada aerodin\u00e1mica.","og_url":"https:\/\/www.boxrepsol.com\/es\/vive-tu-moto\/marc-marquez-y-alex-marquez-como-son-sus-cascos-de-motogp\/","og_site_name":"Box Repsol","article_publisher":"https:\/\/www.facebook.com\/BoxRepsol","article_author":"https:\/\/www.facebook.com\/BoxRepsol\/","article_published_time":"2020-03-02T02:00:00+00:00","article_modified_time":"2024-04-22T10:27:41+00:00","og_image":[{"width":1280,"height":600,"url":"https:\/\/bxrepsol.s3.eu-west-1.amazonaws.com\/static\/2022\/08\/29091534\/Hermanos_casco_2020_1280x600.jpg","type":"image\/jpeg"}],"author":"Redacci\u00f3n Box Repsol","twitter_card":"summary_large_image","twitter_creator":"@https:\/\/twitter.com\/box_repsol","twitter_site":"@box_repsol","twitter_misc":{"Written by":"Redacci\u00f3n Box Repsol","Est. reading time":"6 minutos"},"schema":{"@context":"https:\/\/schema.org","@graph":[{"@type":"Article","@id":"https:\/\/www.boxrepsol.com\/es\/vive-tu-moto\/marc-marquez-y-alex-marquez-como-son-sus-cascos-de-motogp\/#article","isPartOf":{"@id":"https:\/\/www.boxrepsol.com\/es\/vive-tu-moto\/marc-marquez-y-alex-marquez-como-son-sus-cascos-de-motogp\/"},"author":{"name":"Redacci\u00f3n Box Repsol","@id":"https:\/\/www.boxrepsol.com\/es\/#\/schema\/person\/c5c2138f2cca251b0ad92b7086bb60b7"},"headline":"Marc M\u00e1rquez y \u00c1lex M\u00e1rquez: \u00bfc\u00f3mo son sus cascos de MotoGP?","datePublished":"2020-03-02T02:00:00+00:00","dateModified":"2024-04-22T10:27:41+00:00","mainEntityOfPage":{"@id":"https:\/\/www.boxrepsol.com\/es\/vive-tu-moto\/marc-marquez-y-alex-marquez-como-son-sus-cascos-de-motogp\/"},"wordCount":1150,"commentCount":0,"publisher":{"@id":"https:\/\/www.boxrepsol.com\/es\/#organization"},"image":{"@id":"https:\/\/www.boxrepsol.com\/es\/vive-tu-moto\/marc-marquez-y-alex-marquez-como-son-sus-cascos-de-motogp\/#primaryimage"},"thumbnailUrl":"https:\/\/bxrepsol.s3.eu-west-1.amazonaws.com\/static\/2022\/08\/29091534\/Hermanos_casco_2020_1280x600.jpg","keywords":["cascos de moto","Equipo Repsol Honda"],"articleSection":["Vive tu moto"],"inLanguage":"es","potentialAction":[{"@type":"CommentAction","name":"Comment","target":["https:\/\/www.boxrepsol.com\/es\/vive-tu-moto\/marc-marquez-y-alex-marquez-como-son-sus-cascos-de-motogp\/#respond"]}]},{"@type":"WebPage","@id":"https:\/\/www.boxrepsol.com\/es\/vive-tu-moto\/marc-marquez-y-alex-marquez-como-son-sus-cascos-de-motogp\/","url":"https:\/\/www.boxrepsol.com\/es\/vive-tu-moto\/marc-marquez-y-alex-marquez-como-son-sus-cascos-de-motogp\/","name":"Marc M\u00e1rquez y \u00c1lex M\u00e1rquez: \u00bfc\u00f3mo son sus cascos de MotoGP? - Box Repsol","isPartOf":{"@id":"https:\/\/www.boxrepsol.com\/es\/#website"},"primaryImageOfPage":{"@id":"https:\/\/www.boxrepsol.com\/es\/vive-tu-moto\/marc-marquez-y-alex-marquez-como-son-sus-cascos-de-motogp\/#primaryimage"},"image":{"@id":"https:\/\/www.boxrepsol.com\/es\/vive-tu-moto\/marc-marquez-y-alex-marquez-como-son-sus-cascos-de-motogp\/#primaryimage"},"thumbnailUrl":"https:\/\/bxrepsol.s3.eu-west-1.amazonaws.com\/static\/2022\/08\/29091534\/Hermanos_casco_2020_1280x600.jpg","datePublished":"2020-03-02T02:00:00+00:00","dateModified":"2024-04-22T10:27:41+00:00","description":"Marc y \u00c1lex M\u00e1rquez utilizan sendos cascos de la marca japonesa Shoei. Se trata del modelo X-Fourteen, realizado en fibra y con una cuidada aerodin\u00e1mica.","breadcrumb":{"@id":"https:\/\/www.boxrepsol.com\/es\/vive-tu-moto\/marc-marquez-y-alex-marquez-como-son-sus-cascos-de-motogp\/#breadcrumb"},"inLanguage":"es","potentialAction":[{"@type":"ReadAction","target":["https:\/\/www.boxrepsol.com\/es\/vive-tu-moto\/marc-marquez-y-alex-marquez-como-son-sus-cascos-de-motogp\/"]}]},{"@type":"ImageObject","inLanguage":"es","@id":"https:\/\/www.boxrepsol.com\/es\/vive-tu-moto\/marc-marquez-y-alex-marquez-como-son-sus-cascos-de-motogp\/#primaryimage","url":"https:\/\/bxrepsol.s3.eu-west-1.amazonaws.com\/static\/2022\/08\/29091534\/Hermanos_casco_2020_1280x600.jpg","contentUrl":"https:\/\/bxrepsol.s3.eu-west-1.amazonaws.com\/static\/2022\/08\/29091534\/Hermanos_casco_2020_1280x600.jpg","width":1280,"height":600,"caption":"\u00c1lex M\u00e1rquez y Marc M\u00e1rquez"},{"@type":"BreadcrumbList","@id":"https:\/\/www.boxrepsol.com\/es\/vive-tu-moto\/marc-marquez-y-alex-marquez-como-son-sus-cascos-de-motogp\/#breadcrumb","itemListElement":[{"@type":"ListItem","position":1,"name":"Home","item":"https:\/\/www.boxrepsol.com\/es\/"},{"@type":"ListItem","position":2,"name":"Marc M\u00e1rquez y \u00c1lex M\u00e1rquez: \u00bfc\u00f3mo son sus cascos de MotoGP?"}]},{"@type":"WebSite","@id":"https:\/\/www.boxrepsol.com\/es\/#website","url":"https:\/\/www.boxrepsol.com\/es\/","name":"Box Repsol","description":"Box Repsol Site","publisher":{"@id":"https:\/\/www.boxrepsol.com\/es\/#organization"},"potentialAction":[{"@type":"SearchAction","target":{"@type":"EntryPoint","urlTemplate":"https:\/\/www.boxrepsol.com\/es\/?s={search_term_string}"},"query-input":{"@type":"PropertyValueSpecification","valueRequired":true,"valueName":"search_term_string"}}],"inLanguage":"es"},{"@type":"Organization","@id":"https:\/\/www.boxrepsol.com\/es\/#organization","name":"Box Repsol","url":"https:\/\/www.boxrepsol.com\/es\/","logo":{"@type":"ImageObject","inLanguage":"es","@id":"https:\/\/www.boxrepsol.com\/es\/#\/schema\/logo\/image\/","url":"https:\/\/bxrepsol.s3.eu-west-1.amazonaws.com\/static\/2025\/07\/30083337\/favicon-96x96-1.png","contentUrl":"https:\/\/bxrepsol.s3.eu-west-1.amazonaws.com\/static\/2025\/07\/30083337\/favicon-96x96-1.png","width":96,"height":96,"caption":"Box Repsol"},"image":{"@id":"https:\/\/www.boxrepsol.com\/es\/#\/schema\/logo\/image\/"},"sameAs":["https:\/\/www.facebook.com\/BoxRepsol","https:\/\/x.com\/box_repsol","http:\/\/instagram.com\/box_repsol","https:\/\/www.youtube.com\/user\/RepsolCompeticion","https:\/\/www.flickr.com\/photos\/box_repsol\/"]},{"@type":"Person","@id":"https:\/\/www.boxrepsol.com\/es\/#\/schema\/person\/c5c2138f2cca251b0ad92b7086bb60b7","name":"Redacci\u00f3n Box Repsol","image":{"@type":"ImageObject","inLanguage":"es","@id":"https:\/\/secure.gravatar.com\/avatar\/adf7b77e38b4419baf32c7e9c21dde01f4e40df611f0978e3006fc4ba0aaab7e?s=96&d=mm&r=g","url":"https:\/\/secure.gravatar.com\/avatar\/adf7b77e38b4419baf32c7e9c21dde01f4e40df611f0978e3006fc4ba0aaab7e?s=96&d=mm&r=g","contentUrl":"https:\/\/secure.gravatar.com\/avatar\/adf7b77e38b4419baf32c7e9c21dde01f4e40df611f0978e3006fc4ba0aaab7e?s=96&d=mm&r=g","caption":"Redacci\u00f3n Box Repsol"},"description":"Box Repsol lo forma un equipo de periodistas, community managers, dise\u00f1adores y fot\u00f3grafos con m\u00e1s de 20 a\u00f1os de experiencia en el mundo del motorsport. Hemos vivido el primer mundial de un espa\u00f1ol en la categor\u00eda reina de motociclismo con \u00c1lex Crivill\u00e9, estuvimos en las victorias de Pedrosa y los t\u00edtulos de M\u00e1rquez, acompa\u00f1amos en \u00c1frica a Nani Roma y Marc Coma en sus conquistas del Dakar y hemos vibrado con los t\u00edtulos de Toni Bou en Trial. Adem\u00e1s, en nuestro equipo contamos con expertos en el mundo de las dos y cuatro ruedas tanto de la calle y las carreteras, como de los circuitos. Periodistas que han trabajado en revistas y publicaciones para hacerte llegar desde rutas y consejos de mantenimiento, a curiosidades y trucos de pilotaje.","sameAs":["https:\/\/www.facebook.com\/BoxRepsol\/","https:\/\/www.instagram.com\/box_repsol\/","https:\/\/x.com\/https:\/\/twitter.com\/box_repsol","https:\/\/www.youtube.com\/@Boxrepsol"],"url":"https:\/\/www.boxrepsol.com\/es\/author\/redaccion-box-repsol\/"}]}},"_links":{"self":[{"href":"https:\/\/www.boxrepsol.com\/es\/wp-json\/wp\/v2\/posts\/94413","targetHints":{"allow":["GET"]}}],"collection":[{"href":"https:\/\/www.boxrepsol.com\/es\/wp-json\/wp\/v2\/posts"}],"about":[{"href":"https:\/\/www.boxrepsol.com\/es\/wp-json\/wp\/v2\/types\/post"}],"author":[{"embeddable":true,"href":"https:\/\/www.boxrepsol.com\/es\/wp-json\/wp\/v2\/users\/43146"}],"replies":[{"embeddable":true,"href":"https:\/\/www.boxrepsol.com\/es\/wp-json\/wp\/v2\/comments?post=94413"}],"version-history":[{"count":3,"href":"https:\/\/www.boxrepsol.com\/es\/wp-json\/wp\/v2\/posts\/94413\/revisions"}],"predecessor-version":[{"id":99017,"href":"https:\/\/www.boxrepsol.com\/es\/wp-json\/wp\/v2\/posts\/94413\/revisions\/99017"}],"wp:featuredmedia":[{"embeddable":true,"href":"https:\/\/www.boxrepsol.com\/es\/wp-json\/wp\/v2\/media\/63894"}],"wp:attachment":[{"href":"https:\/\/www.boxrepsol.com\/es\/wp-json\/wp\/v2\/media?parent=94413"}],"wp:term":[{"taxonomy":"category","embeddable":true,"href":"https:\/\/www.boxrepsol.com\/es\/wp-json\/wp\/v2\/categories?post=94413"},{"taxonomy":"post_tag","embeddable":true,"href":"https:\/\/www.boxrepsol.com\/es\/wp-json\/wp\/v2\/tags?post=94413"}],"curies":[{"name":"wp","href":"https:\/\/api.w.org\/{rel}","templated":true}]}}