{"id":94410,"date":"2020-02-27T00:00:00","date_gmt":"2020-02-27T02:00:00","guid":{"rendered":"http:\/\/pre.boxrepsol.com\/sin-categorizar\/marc-alex-marquez-visitan-campus-repsol-del-inicio-del-mundial\/"},"modified":"2024-04-22T08:27:49","modified_gmt":"2024-04-22T10:27:49","slug":"marc-alex-marquez-visitan-campus-repsol-del-inicio-del-mundial","status":"publish","type":"post","link":"https:\/\/www.boxrepsol.com\/es\/motogp\/marc-alex-marquez-visitan-campus-repsol-del-inicio-del-mundial\/","title":{"rendered":"Marc y \u00c1lex M\u00e1rquez visitan Campus Repsol antes del inicio del Mundial"},"content":{"rendered":"<p><a href=\"https:\/\/www.flickr.com\/photos\/box_repsol\/albums\/72157713277240252\">LAS MEJORES FOTOS DEL EVENTO #GPM\u00e1rquezBros2020<\/a><\/p>\n<p><a href=\"https:\/\/www.facebook.com\/BoxRepsol\/videos\/543609949844253\/?vh=e&#038;d=n\">REVIVE EL DIRECTO EN  <em>FACEBOOK LIVE<\/em> DEL EVENTO<\/a><\/p>\n<p>Apenas dos d\u00edas despu\u00e9s de finalizar la pretemporada 2020, <strong>Marc y \u00c1lex M\u00e1rquez  han atendido juntos, por primera vez en Espa\u00f1a desde que forman equipo, a los medios de comunicaci\u00f3n <\/strong>y lo han hecho en Campus Repsol, sede central de la compa\u00f1\u00eda energ\u00e9tica.<\/p>\n<p>Tras la rueda de prensa, los nuevos compa\u00f1eros de equipo han tenido la ocasi\u00f3n de compartir <strong>juegos y risas <\/strong>con algunos de los periodistas que siguen habitualmente el Mundial de MotoGP, a los que se han unido tambi\u00e9n dos aficionados de Box Repsol. Dos equipos, cada uno de ellos  liderado por uno de los pilotos del equipo Repsol Honda, <strong>han afrontado varias pruebas <\/strong>en las que el resultado final no era lo m\u00e1s importante, sino las risas y la complicidad que han demostrado.<\/p>\n<p><strong>En una semana, Marc y \u00c1lex M\u00e1rquez estar\u00e1n ya en Catar <\/strong>con los preparativos del primer Gran Premio, que supondr\u00e1 el inicio de la temporada 2020, como viene siendo habitual en los \u00faltimos a\u00f1os, bajo los focos del circuito de Losail.<\/p>\n<p>                <!-- Imagen relacionada --><br \/>\n        <img loading=\"lazy\" decoding=\"async\" width=\"404\" height=\"336\" src=\"https:\/\/bxrepsol.s3.eu-west-1.amazonaws.com\/static\/2022\/08\/05071902\/00_marc_marquez_catar_2020-1.jpg\" alt=\"Marc M\u00e1rquez rodando con la Honda en Catar\" \/><br \/>\n                <!-- Categor\u00eda --><br \/>\n            MotoGP<br \/>\n        <!-- T\u00edtulo --><br \/>\n        <a href=\"https:\/\/www.boxrepsol.com\/es\/motogp\/la-pretemporada-2020-finaliza-catar\/\"><\/p>\n<h3>La pretemporada 2020 finaliza en Catar<\/h3>\n<p>        <\/a><br \/>\n                    <!-- Fecha --><br \/>\n            hace 1 hora        <\/p>\n<h2>Marc y \u00c1lex M\u00e1rquez visitan Campus Repsol &#8211; Declaraciones de los pilotos<\/h2>\n<p><a href=\"https:\/\/twitter.com\/search?q=%23MM93&#038;src=hashtag_click\">#MM93<\/a><\/p>\n<p><em><strong>Hoy ha sido el \u00faltimo acto oficial antes de ir a Catar<\/strong>. Siempre va bien estar con los periodistas y repasar toda la actualidad del Mundial que est\u00e1 a punto de empezar. Luego hemos tenido la parte m\u00e1s divertida, que ha sido un juego con algunos de los periodistas y aficionados. <\/p>\n<p><strong>Ha sido entretenido poder interactuar con ellos y tener esa relaci\u00f3n diferente entre periodista y deportista<\/strong>, m\u00e1s all\u00e1 del pregunta y respuesta del d\u00eda a d\u00eda; hace que sea todo mucho m\u00e1s cercano aprovechando este gran evento en el Campus Repsol.<\/em><\/p>\n<p><a href=\"https:\/\/twitter.com\/search?q=%23AM73&#038;src=hashtag_click\">#AM73<\/a><\/p>\n<p><em><strong>Es un placer volver a estar en Campus Repsol<\/strong>. Me acuerdo de cuando vine en 2014 despu\u00e9s de ser Campe\u00f3n del Mundo y siempre es especial. Poder compartir buenos momentos, divertidos, es importante. <strong>Tengo muchas ganas de empezar en Catar<\/strong>; estar en la parrilla de salida y ver realmente qu\u00e9 es un fin de semana siendo piloto de MotoGP. Estoy muy ilusionado. <\/p>\n<p>La experiencia de hoy con los periodistas ha sido bonita, porque nos conocemos de hace a\u00f1os y tenemos relaci\u00f3n profesional en los circuitos, pero siempre hay momentos libres en los que puedes hablar de forma m\u00e1s distendida. <strong>Ha sido divertido<\/strong>; una l\u00e1stima que mi equipo haya perdido el juego, pero habr\u00e1 revancha.<\/em><\/p>\n","protected":false},"excerpt":{"rendered":"<p>Los pilotos del equipo Repsol Honda han estado en Madrid para atender a los medios de comunicaci\u00f3n justo antes del inicio de una nueva temporada.<\/p>\n","protected":false},"author":43146,"featured_media":63887,"comment_status":"open","ping_status":"open","sticky":false,"template":"","format":"standard","meta":{"footnotes":""},"categories":[4],"tags":[136,50],"class_list":["post-94410","post","type-post","status-publish","format-standard","hentry","category-motogp","tag-campeonato-del-mundo-de-motociclismo","tag-equipo-repsol-honda"],"yoast_head":"<!-- This site is optimized with the Yoast SEO plugin v27.3 - https:\/\/yoast.com\/product\/yoast-seo-wordpress\/ -->\n<title>Marc y \u00c1lex M\u00e1rquez visitan Campus Repsol antes del inicio del Mundial - Box Repsol<\/title>\n<meta name=\"description\" content=\"Los pilotos del equipo Repsol Honda han estado en Madrid para atender a los medios de comunicaci\u00f3n justo antes del inicio de una nueva temporada.\" \/>\n<link rel=\"canonical\" href=\"https:\/\/www.boxrepsol.com\/es\/motogp\/marc-alex-marquez-visitan-campus-repsol-del-inicio-del-mundial\/\" \/>\n<meta property=\"og:locale\" content=\"es_ES\" \/>\n<meta property=\"og:type\" content=\"article\" \/>\n<meta property=\"og:title\" content=\"Marc y \u00c1lex M\u00e1rquez visitan Campus Repsol antes del inicio del Mundial - Box Repsol\" \/>\n<meta property=\"og:description\" content=\"Los pilotos del equipo Repsol Honda han estado en Madrid para atender a los medios de comunicaci\u00f3n justo antes del inicio de una nueva temporada.\" \/>\n<meta property=\"og:url\" content=\"https:\/\/www.boxrepsol.com\/es\/motogp\/marc-alex-marquez-visitan-campus-repsol-del-inicio-del-mundial\/\" \/>\n<meta property=\"og:site_name\" content=\"Box Repsol\" \/>\n<meta property=\"article:publisher\" content=\"https:\/\/www.facebook.com\/BoxRepsol\" \/>\n<meta property=\"article:author\" content=\"https:\/\/www.facebook.com\/BoxRepsol\/\" \/>\n<meta property=\"article:published_time\" content=\"2020-02-27T02:00:00+00:00\" \/>\n<meta property=\"article:modified_time\" content=\"2024-04-22T10:27:49+00:00\" \/>\n<meta property=\"og:image\" content=\"https:\/\/bxrepsol.s3.eu-west-1.amazonaws.com\/static\/2022\/08\/29091530\/00_marc_alex_campus_repsol.jpg\" \/>\n\t<meta property=\"og:image:width\" content=\"1280\" \/>\n\t<meta property=\"og:image:height\" content=\"600\" \/>\n\t<meta property=\"og:image:type\" content=\"image\/jpeg\" \/>\n<meta name=\"author\" content=\"Redacci\u00f3n Box Repsol\" \/>\n<meta name=\"twitter:card\" content=\"summary_large_image\" \/>\n<meta name=\"twitter:creator\" content=\"@https:\/\/twitter.com\/box_repsol\" \/>\n<meta name=\"twitter:site\" content=\"@box_repsol\" \/>\n<meta name=\"twitter:label1\" content=\"Written by\" \/>\n\t<meta name=\"twitter:data1\" content=\"Redacci\u00f3n Box Repsol\" \/>\n\t<meta name=\"twitter:label2\" content=\"Est. reading time\" \/>\n\t<meta name=\"twitter:data2\" content=\"2 minutos\" \/>\n<script type=\"application\/ld+json\" class=\"yoast-schema-graph\">{\"@context\":\"https:\\\/\\\/schema.org\",\"@graph\":[{\"@type\":\"Article\",\"@id\":\"https:\\\/\\\/www.boxrepsol.com\\\/es\\\/motogp\\\/marc-alex-marquez-visitan-campus-repsol-del-inicio-del-mundial\\\/#article\",\"isPartOf\":{\"@id\":\"https:\\\/\\\/www.boxrepsol.com\\\/es\\\/motogp\\\/marc-alex-marquez-visitan-campus-repsol-del-inicio-del-mundial\\\/\"},\"author\":{\"name\":\"Redacci\u00f3n Box Repsol\",\"@id\":\"https:\\\/\\\/www.boxrepsol.com\\\/es\\\/#\\\/schema\\\/person\\\/c5c2138f2cca251b0ad92b7086bb60b7\"},\"headline\":\"Marc y \u00c1lex M\u00e1rquez visitan Campus Repsol antes del inicio del Mundial\",\"datePublished\":\"2020-02-27T02:00:00+00:00\",\"dateModified\":\"2024-04-22T10:27:49+00:00\",\"mainEntityOfPage\":{\"@id\":\"https:\\\/\\\/www.boxrepsol.com\\\/es\\\/motogp\\\/marc-alex-marquez-visitan-campus-repsol-del-inicio-del-mundial\\\/\"},\"wordCount\":447,\"commentCount\":0,\"publisher\":{\"@id\":\"https:\\\/\\\/www.boxrepsol.com\\\/es\\\/#organization\"},\"image\":{\"@id\":\"https:\\\/\\\/www.boxrepsol.com\\\/es\\\/motogp\\\/marc-alex-marquez-visitan-campus-repsol-del-inicio-del-mundial\\\/#primaryimage\"},\"thumbnailUrl\":\"https:\\\/\\\/bxrepsol.s3.eu-west-1.amazonaws.com\\\/static\\\/2022\\\/08\\\/29091530\\\/00_marc_alex_campus_repsol.jpg\",\"keywords\":[\"Campeonato del Mundo de Motociclismo\",\"Equipo Repsol Honda\"],\"articleSection\":[\"MotoGP\"],\"inLanguage\":\"es\",\"potentialAction\":[{\"@type\":\"CommentAction\",\"name\":\"Comment\",\"target\":[\"https:\\\/\\\/www.boxrepsol.com\\\/es\\\/motogp\\\/marc-alex-marquez-visitan-campus-repsol-del-inicio-del-mundial\\\/#respond\"]}]},{\"@type\":\"WebPage\",\"@id\":\"https:\\\/\\\/www.boxrepsol.com\\\/es\\\/motogp\\\/marc-alex-marquez-visitan-campus-repsol-del-inicio-del-mundial\\\/\",\"url\":\"https:\\\/\\\/www.boxrepsol.com\\\/es\\\/motogp\\\/marc-alex-marquez-visitan-campus-repsol-del-inicio-del-mundial\\\/\",\"name\":\"Marc y \u00c1lex M\u00e1rquez visitan Campus Repsol antes del inicio del Mundial - Box Repsol\",\"isPartOf\":{\"@id\":\"https:\\\/\\\/www.boxrepsol.com\\\/es\\\/#website\"},\"primaryImageOfPage\":{\"@id\":\"https:\\\/\\\/www.boxrepsol.com\\\/es\\\/motogp\\\/marc-alex-marquez-visitan-campus-repsol-del-inicio-del-mundial\\\/#primaryimage\"},\"image\":{\"@id\":\"https:\\\/\\\/www.boxrepsol.com\\\/es\\\/motogp\\\/marc-alex-marquez-visitan-campus-repsol-del-inicio-del-mundial\\\/#primaryimage\"},\"thumbnailUrl\":\"https:\\\/\\\/bxrepsol.s3.eu-west-1.amazonaws.com\\\/static\\\/2022\\\/08\\\/29091530\\\/00_marc_alex_campus_repsol.jpg\",\"datePublished\":\"2020-02-27T02:00:00+00:00\",\"dateModified\":\"2024-04-22T10:27:49+00:00\",\"description\":\"Los pilotos del equipo Repsol Honda han estado en Madrid para atender a los medios de comunicaci\u00f3n justo antes del inicio de una nueva temporada.\",\"breadcrumb\":{\"@id\":\"https:\\\/\\\/www.boxrepsol.com\\\/es\\\/motogp\\\/marc-alex-marquez-visitan-campus-repsol-del-inicio-del-mundial\\\/#breadcrumb\"},\"inLanguage\":\"es\",\"potentialAction\":[{\"@type\":\"ReadAction\",\"target\":[\"https:\\\/\\\/www.boxrepsol.com\\\/es\\\/motogp\\\/marc-alex-marquez-visitan-campus-repsol-del-inicio-del-mundial\\\/\"]}]},{\"@type\":\"ImageObject\",\"inLanguage\":\"es\",\"@id\":\"https:\\\/\\\/www.boxrepsol.com\\\/es\\\/motogp\\\/marc-alex-marquez-visitan-campus-repsol-del-inicio-del-mundial\\\/#primaryimage\",\"url\":\"https:\\\/\\\/bxrepsol.s3.eu-west-1.amazonaws.com\\\/static\\\/2022\\\/08\\\/29091530\\\/00_marc_alex_campus_repsol.jpg\",\"contentUrl\":\"https:\\\/\\\/bxrepsol.s3.eu-west-1.amazonaws.com\\\/static\\\/2022\\\/08\\\/29091530\\\/00_marc_alex_campus_repsol.jpg\",\"width\":1280,\"height\":600,\"caption\":\"Marc M\u00e1rquez y \u00c1lex M\u00e1rquez en Campus Resol\"},{\"@type\":\"BreadcrumbList\",\"@id\":\"https:\\\/\\\/www.boxrepsol.com\\\/es\\\/motogp\\\/marc-alex-marquez-visitan-campus-repsol-del-inicio-del-mundial\\\/#breadcrumb\",\"itemListElement\":[{\"@type\":\"ListItem\",\"position\":1,\"name\":\"Home\",\"item\":\"https:\\\/\\\/www.boxrepsol.com\\\/es\\\/\"},{\"@type\":\"ListItem\",\"position\":2,\"name\":\"Marc y \u00c1lex M\u00e1rquez visitan Campus Repsol antes del inicio del Mundial\"}]},{\"@type\":\"WebSite\",\"@id\":\"https:\\\/\\\/www.boxrepsol.com\\\/es\\\/#website\",\"url\":\"https:\\\/\\\/www.boxrepsol.com\\\/es\\\/\",\"name\":\"Box Repsol\",\"description\":\"Box Repsol Site\",\"publisher\":{\"@id\":\"https:\\\/\\\/www.boxrepsol.com\\\/es\\\/#organization\"},\"potentialAction\":[{\"@type\":\"SearchAction\",\"target\":{\"@type\":\"EntryPoint\",\"urlTemplate\":\"https:\\\/\\\/www.boxrepsol.com\\\/es\\\/?s={search_term_string}\"},\"query-input\":{\"@type\":\"PropertyValueSpecification\",\"valueRequired\":true,\"valueName\":\"search_term_string\"}}],\"inLanguage\":\"es\"},{\"@type\":\"Organization\",\"@id\":\"https:\\\/\\\/www.boxrepsol.com\\\/es\\\/#organization\",\"name\":\"Box Repsol\",\"url\":\"https:\\\/\\\/www.boxrepsol.com\\\/es\\\/\",\"logo\":{\"@type\":\"ImageObject\",\"inLanguage\":\"es\",\"@id\":\"https:\\\/\\\/www.boxrepsol.com\\\/es\\\/#\\\/schema\\\/logo\\\/image\\\/\",\"url\":\"https:\\\/\\\/bxrepsol.s3.eu-west-1.amazonaws.com\\\/static\\\/2025\\\/07\\\/30083337\\\/favicon-96x96-1.png\",\"contentUrl\":\"https:\\\/\\\/bxrepsol.s3.eu-west-1.amazonaws.com\\\/static\\\/2025\\\/07\\\/30083337\\\/favicon-96x96-1.png\",\"width\":96,\"height\":96,\"caption\":\"Box Repsol\"},\"image\":{\"@id\":\"https:\\\/\\\/www.boxrepsol.com\\\/es\\\/#\\\/schema\\\/logo\\\/image\\\/\"},\"sameAs\":[\"https:\\\/\\\/www.facebook.com\\\/BoxRepsol\",\"https:\\\/\\\/x.com\\\/box_repsol\",\"http:\\\/\\\/instagram.com\\\/box_repsol\",\"https:\\\/\\\/www.youtube.com\\\/user\\\/RepsolCompeticion\",\"https:\\\/\\\/www.flickr.com\\\/photos\\\/box_repsol\\\/\"]},{\"@type\":\"Person\",\"@id\":\"https:\\\/\\\/www.boxrepsol.com\\\/es\\\/#\\\/schema\\\/person\\\/c5c2138f2cca251b0ad92b7086bb60b7\",\"name\":\"Redacci\u00f3n Box Repsol\",\"image\":{\"@type\":\"ImageObject\",\"inLanguage\":\"es\",\"@id\":\"https:\\\/\\\/secure.gravatar.com\\\/avatar\\\/adf7b77e38b4419baf32c7e9c21dde01f4e40df611f0978e3006fc4ba0aaab7e?s=96&d=mm&r=g\",\"url\":\"https:\\\/\\\/secure.gravatar.com\\\/avatar\\\/adf7b77e38b4419baf32c7e9c21dde01f4e40df611f0978e3006fc4ba0aaab7e?s=96&d=mm&r=g\",\"contentUrl\":\"https:\\\/\\\/secure.gravatar.com\\\/avatar\\\/adf7b77e38b4419baf32c7e9c21dde01f4e40df611f0978e3006fc4ba0aaab7e?s=96&d=mm&r=g\",\"caption\":\"Redacci\u00f3n Box Repsol\"},\"description\":\"Box Repsol lo forma un equipo de periodistas, community managers, dise\u00f1adores y fot\u00f3grafos con m\u00e1s de 20 a\u00f1os de experiencia en el mundo del motorsport. Hemos vivido el primer mundial de un espa\u00f1ol en la categor\u00eda reina de motociclismo con \u00c1lex Crivill\u00e9, estuvimos en las victorias de Pedrosa y los t\u00edtulos de M\u00e1rquez, acompa\u00f1amos en \u00c1frica a Nani Roma y Marc Coma en sus conquistas del Dakar y hemos vibrado con los t\u00edtulos de Toni Bou en Trial. Adem\u00e1s, en nuestro equipo contamos con expertos en el mundo de las dos y cuatro ruedas tanto de la calle y las carreteras, como de los circuitos. Periodistas que han trabajado en revistas y publicaciones para hacerte llegar desde rutas y consejos de mantenimiento, a curiosidades y trucos de pilotaje.\",\"sameAs\":[\"https:\\\/\\\/www.facebook.com\\\/BoxRepsol\\\/\",\"https:\\\/\\\/www.instagram.com\\\/box_repsol\\\/\",\"https:\\\/\\\/x.com\\\/https:\\\/\\\/twitter.com\\\/box_repsol\",\"https:\\\/\\\/www.youtube.com\\\/@Boxrepsol\"],\"url\":\"https:\\\/\\\/www.boxrepsol.com\\\/es\\\/author\\\/redaccion-box-repsol\\\/\"}]}<\/script>\n<!-- \/ Yoast SEO plugin. -->","yoast_head_json":{"title":"Marc y \u00c1lex M\u00e1rquez visitan Campus Repsol antes del inicio del Mundial - Box Repsol","description":"Los pilotos del equipo Repsol Honda han estado en Madrid para atender a los medios de comunicaci\u00f3n justo antes del inicio de una nueva temporada.","canonical":"https:\/\/www.boxrepsol.com\/es\/motogp\/marc-alex-marquez-visitan-campus-repsol-del-inicio-del-mundial\/","og_locale":"es_ES","og_type":"article","og_title":"Marc y \u00c1lex M\u00e1rquez visitan Campus Repsol antes del inicio del Mundial - Box Repsol","og_description":"Los pilotos del equipo Repsol Honda han estado en Madrid para atender a los medios de comunicaci\u00f3n justo antes del inicio de una nueva temporada.","og_url":"https:\/\/www.boxrepsol.com\/es\/motogp\/marc-alex-marquez-visitan-campus-repsol-del-inicio-del-mundial\/","og_site_name":"Box Repsol","article_publisher":"https:\/\/www.facebook.com\/BoxRepsol","article_author":"https:\/\/www.facebook.com\/BoxRepsol\/","article_published_time":"2020-02-27T02:00:00+00:00","article_modified_time":"2024-04-22T10:27:49+00:00","og_image":[{"width":1280,"height":600,"url":"https:\/\/bxrepsol.s3.eu-west-1.amazonaws.com\/static\/2022\/08\/29091530\/00_marc_alex_campus_repsol.jpg","type":"image\/jpeg"}],"author":"Redacci\u00f3n Box Repsol","twitter_card":"summary_large_image","twitter_creator":"@https:\/\/twitter.com\/box_repsol","twitter_site":"@box_repsol","twitter_misc":{"Written by":"Redacci\u00f3n Box Repsol","Est. reading time":"2 minutos"},"schema":{"@context":"https:\/\/schema.org","@graph":[{"@type":"Article","@id":"https:\/\/www.boxrepsol.com\/es\/motogp\/marc-alex-marquez-visitan-campus-repsol-del-inicio-del-mundial\/#article","isPartOf":{"@id":"https:\/\/www.boxrepsol.com\/es\/motogp\/marc-alex-marquez-visitan-campus-repsol-del-inicio-del-mundial\/"},"author":{"name":"Redacci\u00f3n Box Repsol","@id":"https:\/\/www.boxrepsol.com\/es\/#\/schema\/person\/c5c2138f2cca251b0ad92b7086bb60b7"},"headline":"Marc y \u00c1lex M\u00e1rquez visitan Campus Repsol antes del inicio del Mundial","datePublished":"2020-02-27T02:00:00+00:00","dateModified":"2024-04-22T10:27:49+00:00","mainEntityOfPage":{"@id":"https:\/\/www.boxrepsol.com\/es\/motogp\/marc-alex-marquez-visitan-campus-repsol-del-inicio-del-mundial\/"},"wordCount":447,"commentCount":0,"publisher":{"@id":"https:\/\/www.boxrepsol.com\/es\/#organization"},"image":{"@id":"https:\/\/www.boxrepsol.com\/es\/motogp\/marc-alex-marquez-visitan-campus-repsol-del-inicio-del-mundial\/#primaryimage"},"thumbnailUrl":"https:\/\/bxrepsol.s3.eu-west-1.amazonaws.com\/static\/2022\/08\/29091530\/00_marc_alex_campus_repsol.jpg","keywords":["Campeonato del Mundo de Motociclismo","Equipo Repsol Honda"],"articleSection":["MotoGP"],"inLanguage":"es","potentialAction":[{"@type":"CommentAction","name":"Comment","target":["https:\/\/www.boxrepsol.com\/es\/motogp\/marc-alex-marquez-visitan-campus-repsol-del-inicio-del-mundial\/#respond"]}]},{"@type":"WebPage","@id":"https:\/\/www.boxrepsol.com\/es\/motogp\/marc-alex-marquez-visitan-campus-repsol-del-inicio-del-mundial\/","url":"https:\/\/www.boxrepsol.com\/es\/motogp\/marc-alex-marquez-visitan-campus-repsol-del-inicio-del-mundial\/","name":"Marc y \u00c1lex M\u00e1rquez visitan Campus Repsol antes del inicio del Mundial - Box Repsol","isPartOf":{"@id":"https:\/\/www.boxrepsol.com\/es\/#website"},"primaryImageOfPage":{"@id":"https:\/\/www.boxrepsol.com\/es\/motogp\/marc-alex-marquez-visitan-campus-repsol-del-inicio-del-mundial\/#primaryimage"},"image":{"@id":"https:\/\/www.boxrepsol.com\/es\/motogp\/marc-alex-marquez-visitan-campus-repsol-del-inicio-del-mundial\/#primaryimage"},"thumbnailUrl":"https:\/\/bxrepsol.s3.eu-west-1.amazonaws.com\/static\/2022\/08\/29091530\/00_marc_alex_campus_repsol.jpg","datePublished":"2020-02-27T02:00:00+00:00","dateModified":"2024-04-22T10:27:49+00:00","description":"Los pilotos del equipo Repsol Honda han estado en Madrid para atender a los medios de comunicaci\u00f3n justo antes del inicio de una nueva temporada.","breadcrumb":{"@id":"https:\/\/www.boxrepsol.com\/es\/motogp\/marc-alex-marquez-visitan-campus-repsol-del-inicio-del-mundial\/#breadcrumb"},"inLanguage":"es","potentialAction":[{"@type":"ReadAction","target":["https:\/\/www.boxrepsol.com\/es\/motogp\/marc-alex-marquez-visitan-campus-repsol-del-inicio-del-mundial\/"]}]},{"@type":"ImageObject","inLanguage":"es","@id":"https:\/\/www.boxrepsol.com\/es\/motogp\/marc-alex-marquez-visitan-campus-repsol-del-inicio-del-mundial\/#primaryimage","url":"https:\/\/bxrepsol.s3.eu-west-1.amazonaws.com\/static\/2022\/08\/29091530\/00_marc_alex_campus_repsol.jpg","contentUrl":"https:\/\/bxrepsol.s3.eu-west-1.amazonaws.com\/static\/2022\/08\/29091530\/00_marc_alex_campus_repsol.jpg","width":1280,"height":600,"caption":"Marc M\u00e1rquez y \u00c1lex M\u00e1rquez en Campus Resol"},{"@type":"BreadcrumbList","@id":"https:\/\/www.boxrepsol.com\/es\/motogp\/marc-alex-marquez-visitan-campus-repsol-del-inicio-del-mundial\/#breadcrumb","itemListElement":[{"@type":"ListItem","position":1,"name":"Home","item":"https:\/\/www.boxrepsol.com\/es\/"},{"@type":"ListItem","position":2,"name":"Marc y \u00c1lex M\u00e1rquez visitan Campus Repsol antes del inicio del Mundial"}]},{"@type":"WebSite","@id":"https:\/\/www.boxrepsol.com\/es\/#website","url":"https:\/\/www.boxrepsol.com\/es\/","name":"Box Repsol","description":"Box Repsol Site","publisher":{"@id":"https:\/\/www.boxrepsol.com\/es\/#organization"},"potentialAction":[{"@type":"SearchAction","target":{"@type":"EntryPoint","urlTemplate":"https:\/\/www.boxrepsol.com\/es\/?s={search_term_string}"},"query-input":{"@type":"PropertyValueSpecification","valueRequired":true,"valueName":"search_term_string"}}],"inLanguage":"es"},{"@type":"Organization","@id":"https:\/\/www.boxrepsol.com\/es\/#organization","name":"Box Repsol","url":"https:\/\/www.boxrepsol.com\/es\/","logo":{"@type":"ImageObject","inLanguage":"es","@id":"https:\/\/www.boxrepsol.com\/es\/#\/schema\/logo\/image\/","url":"https:\/\/bxrepsol.s3.eu-west-1.amazonaws.com\/static\/2025\/07\/30083337\/favicon-96x96-1.png","contentUrl":"https:\/\/bxrepsol.s3.eu-west-1.amazonaws.com\/static\/2025\/07\/30083337\/favicon-96x96-1.png","width":96,"height":96,"caption":"Box Repsol"},"image":{"@id":"https:\/\/www.boxrepsol.com\/es\/#\/schema\/logo\/image\/"},"sameAs":["https:\/\/www.facebook.com\/BoxRepsol","https:\/\/x.com\/box_repsol","http:\/\/instagram.com\/box_repsol","https:\/\/www.youtube.com\/user\/RepsolCompeticion","https:\/\/www.flickr.com\/photos\/box_repsol\/"]},{"@type":"Person","@id":"https:\/\/www.boxrepsol.com\/es\/#\/schema\/person\/c5c2138f2cca251b0ad92b7086bb60b7","name":"Redacci\u00f3n Box Repsol","image":{"@type":"ImageObject","inLanguage":"es","@id":"https:\/\/secure.gravatar.com\/avatar\/adf7b77e38b4419baf32c7e9c21dde01f4e40df611f0978e3006fc4ba0aaab7e?s=96&d=mm&r=g","url":"https:\/\/secure.gravatar.com\/avatar\/adf7b77e38b4419baf32c7e9c21dde01f4e40df611f0978e3006fc4ba0aaab7e?s=96&d=mm&r=g","contentUrl":"https:\/\/secure.gravatar.com\/avatar\/adf7b77e38b4419baf32c7e9c21dde01f4e40df611f0978e3006fc4ba0aaab7e?s=96&d=mm&r=g","caption":"Redacci\u00f3n Box Repsol"},"description":"Box Repsol lo forma un equipo de periodistas, community managers, dise\u00f1adores y fot\u00f3grafos con m\u00e1s de 20 a\u00f1os de experiencia en el mundo del motorsport. Hemos vivido el primer mundial de un espa\u00f1ol en la categor\u00eda reina de motociclismo con \u00c1lex Crivill\u00e9, estuvimos en las victorias de Pedrosa y los t\u00edtulos de M\u00e1rquez, acompa\u00f1amos en \u00c1frica a Nani Roma y Marc Coma en sus conquistas del Dakar y hemos vibrado con los t\u00edtulos de Toni Bou en Trial. Adem\u00e1s, en nuestro equipo contamos con expertos en el mundo de las dos y cuatro ruedas tanto de la calle y las carreteras, como de los circuitos. Periodistas que han trabajado en revistas y publicaciones para hacerte llegar desde rutas y consejos de mantenimiento, a curiosidades y trucos de pilotaje.","sameAs":["https:\/\/www.facebook.com\/BoxRepsol\/","https:\/\/www.instagram.com\/box_repsol\/","https:\/\/x.com\/https:\/\/twitter.com\/box_repsol","https:\/\/www.youtube.com\/@Boxrepsol"],"url":"https:\/\/www.boxrepsol.com\/es\/author\/redaccion-box-repsol\/"}]}},"_links":{"self":[{"href":"https:\/\/www.boxrepsol.com\/es\/wp-json\/wp\/v2\/posts\/94410","targetHints":{"allow":["GET"]}}],"collection":[{"href":"https:\/\/www.boxrepsol.com\/es\/wp-json\/wp\/v2\/posts"}],"about":[{"href":"https:\/\/www.boxrepsol.com\/es\/wp-json\/wp\/v2\/types\/post"}],"author":[{"embeddable":true,"href":"https:\/\/www.boxrepsol.com\/es\/wp-json\/wp\/v2\/users\/43146"}],"replies":[{"embeddable":true,"href":"https:\/\/www.boxrepsol.com\/es\/wp-json\/wp\/v2\/comments?post=94410"}],"version-history":[{"count":1,"href":"https:\/\/www.boxrepsol.com\/es\/wp-json\/wp\/v2\/posts\/94410\/revisions"}],"predecessor-version":[{"id":94411,"href":"https:\/\/www.boxrepsol.com\/es\/wp-json\/wp\/v2\/posts\/94410\/revisions\/94411"}],"wp:featuredmedia":[{"embeddable":true,"href":"https:\/\/www.boxrepsol.com\/es\/wp-json\/wp\/v2\/media\/63887"}],"wp:attachment":[{"href":"https:\/\/www.boxrepsol.com\/es\/wp-json\/wp\/v2\/media?parent=94410"}],"wp:term":[{"taxonomy":"category","embeddable":true,"href":"https:\/\/www.boxrepsol.com\/es\/wp-json\/wp\/v2\/categories?post=94410"},{"taxonomy":"post_tag","embeddable":true,"href":"https:\/\/www.boxrepsol.com\/es\/wp-json\/wp\/v2\/tags?post=94410"}],"curies":[{"name":"wp","href":"https:\/\/api.w.org\/{rel}","templated":true}]}}