{"id":94406,"date":"2020-02-25T00:00:00","date_gmt":"2020-02-25T02:00:00","guid":{"rendered":"http:\/\/pre.boxrepsol.com\/sin-categorizar\/la-pretemporada-2020-finaliza-catar\/"},"modified":"2024-04-22T08:27:57","modified_gmt":"2024-04-22T10:27:57","slug":"la-pretemporada-2020-finaliza-catar","status":"publish","type":"post","link":"https:\/\/www.boxrepsol.com\/es\/motogp\/la-pretemporada-2020-finaliza-catar\/","title":{"rendered":"La pretemporada 2020 finaliza en Catar"},"content":{"rendered":"<p>El test de Catar ha permitido al equipo de f\u00e1brica de Honda explorar una variedad de distintas opciones para llegar en la mejor forma posible a la primera carrera del a\u00f1o.<\/p>\n<p><strong>La \u00faltima jornada de la pretemporada ha sido de mucho trabajo para Marc M\u00e1rquez<\/strong>, que ha continuado completando sin descanso su programa de test. Al encontrar r\u00e1pidamente su ritmo desde el primer d\u00eda, <strong>el ocho veces Campe\u00f3n del Mundo ha hecho un progreso constante durante el \u00faltimo d\u00eda de entrenamientos<\/strong>. Durante la parte final de la jornada, Marc  ha centrado su atenci\u00f3n en marcar un tiempo r\u00e1pido, terminando el test con un mejor registro de 1 minuto, 54 segundos  y 149 mil\u00e9simas, a solo 291 mil\u00e9simas del mejor crono.<\/p>\n<p><strong>Una vez m\u00e1s, ha sido el debutante \u00c1lex M\u00e1rquez el primer piloto del equipo Repsol Honda en salir a pista<\/strong>. Como lo hab\u00eda hecho en los dos d\u00edas anteriores, el Campe\u00f3n del Mundo de Moto2 ha podido mejorar su mejor tiempo respecto al s\u00e1bado. Sin centrarse en realizar una vuelta r\u00e1pida, \u00c1lex ha terminado el test con un total de 152 vueltas completas y marcando un mejor tiempo de 1 minuto, 55 segundos y 519 mil\u00e9simas.<\/p>\n<p>A falta de unos pocos d\u00edas para los preparativos finales, <strong>pilotos y equipo se preparan para el primer Gran Premio de la temporada<\/strong>. El paddock regresar\u00e1 a Catar para el primer Gran Premio del a\u00f1o del 6 al 8 de marzo.<\/p>\n<p>                <!-- Imagen relacionada --><br \/>\n        <img loading=\"lazy\" decoding=\"async\" width=\"404\" height=\"336\" src=\"https:\/\/bxrepsol.s3.eu-west-1.amazonaws.com\/static\/2022\/08\/29091521\/00_alex_marquez_motogp_test_catar_2020-e1582536050531-404x336-2.jpg\" alt=\"\u00c1lex M\u00e1rquez pilotando la RC213V\" \/><br \/>\n                <!-- Categor\u00eda --><br \/>\n            MotoGP<br \/>\n        <!-- T\u00edtulo --><br \/>\n        <a href=\"https:\/\/www.boxrepsol.com\/es\/motogp\/segunda-jornada-test-catar-equipo-repsol-honda\/\"><\/p>\n<h3>Segunda jornada de test en Catar para el equipo Repsol Honda<\/h3>\n<p>        <\/a><br \/>\n                    <!-- Fecha --><br \/>\n            hace 1 hora        <\/p>\n<h2>Test Catar 2020 &#8211; Declaraciones de los pilotos<\/h2>\n<p><a href=\"https:\/\/twitter.com\/search?q=%23MM93&#038;src=hashtag_click\">#MM93<\/a><\/p>\n<p><em>Despu\u00e9s de los dos primeros d\u00edas estaba un poco preocupado, porque est\u00e1bamos trabajando mucho para entender c\u00f3mo mejorar donde m\u00e1s lo necesit\u00e1bamos. Pero <strong>hoy hemos dado un gran paso adelante y ahora s\u00ed que hemos entendido lo que necesitamos<\/strong>, estoy muy satisfecho con lo que hemos hecho. <\/p>\n<p><strong>He podido ser constante y acabar contento con mi ritmo<\/strong>. Debo dar las gracias a Honda, a los ingenieros y a los mec\u00e1nicos, porque han trabajado mucho en este test y los resultados empiezan a notarse. Tenemos una direcci\u00f3n que seguir para cuando volvamos aqu\u00ed para el primer GP.<\/em><\/p>\n<p><a href=\"https:\/\/twitter.com\/search?q=%23AM73&#038;src=hashtag_click\">#AM73<\/a><\/p>\n<p><em><strong>Hoy nuevamente me he sentido mejor f\u00edsicamente<\/strong> y las primeras 30 vueltas han sido bastante buenas. Realmente no hemos tenido la oportunidad de hacer una vuelta r\u00e1pida adecuada, ya que est\u00e1bamos ocupados con otras cosas y todav\u00eda no estoy f\u00edsicamente en mi mejor momento.  <\/p>\n<p>Fuimos fuertes en Sepang y aqu\u00ed no hemos estado tan cerca como me hubiera gustado. <strong>Gracias a nuestro trabajo en este test, mi equipo cree que tiene algunas soluciones para el de GP la pr\u00f3xima semana<\/strong>; estoy satisfecho con esto. Ahora volver\u00e9 a casa para preparar, de la mejor manera posible, mi primera carrera de MotoGP.<\/em><\/p>\n","protected":false},"excerpt":{"rendered":"<p>Despu\u00e9s de tres d\u00edas de test bajo las luces del Circuito Internacional de Losail, los pilotos del equipo Repsol Honda cierran la pretemporada de MotoGP 2020.<\/p>\n","protected":false},"author":43146,"featured_media":63881,"comment_status":"open","ping_status":"open","sticky":false,"template":"","format":"standard","meta":{"footnotes":""},"categories":[4],"tags":[191,50,15],"class_list":["post-94406","post","type-post","status-publish","format-standard","hentry","category-motogp","tag-191","tag-equipo-repsol-honda","tag-pretemporada"],"yoast_head":"<!-- This site is optimized with the Yoast SEO plugin v27.3 - https:\/\/yoast.com\/product\/yoast-seo-wordpress\/ -->\n<title>Test Catar 2020 - La pretemporada 2020 finaliza en Catar<\/title>\n<meta name=\"description\" content=\"Despu\u00e9s de tres d\u00edas de test bajo las luces del Circuito Internacional de Losail, los pilotos del equipo Repsol Honda cierran la pretemporada de MotoGP 2020\" \/>\n<link rel=\"canonical\" href=\"https:\/\/www.boxrepsol.com\/es\/motogp\/la-pretemporada-2020-finaliza-catar\/\" \/>\n<meta property=\"og:locale\" content=\"es_ES\" \/>\n<meta property=\"og:type\" content=\"article\" \/>\n<meta property=\"og:title\" content=\"Test Catar 2020 - La pretemporada 2020 finaliza en Catar\" \/>\n<meta property=\"og:description\" content=\"Despu\u00e9s de tres d\u00edas de test bajo las luces del Circuito Internacional de Losail, los pilotos del equipo Repsol Honda cierran la pretemporada de MotoGP 2020\" \/>\n<meta property=\"og:url\" content=\"https:\/\/www.boxrepsol.com\/es\/motogp\/la-pretemporada-2020-finaliza-catar\/\" \/>\n<meta property=\"og:site_name\" content=\"Box Repsol\" \/>\n<meta property=\"article:publisher\" content=\"https:\/\/www.facebook.com\/BoxRepsol\" \/>\n<meta property=\"article:author\" content=\"https:\/\/www.facebook.com\/BoxRepsol\/\" \/>\n<meta property=\"article:published_time\" content=\"2020-02-25T02:00:00+00:00\" \/>\n<meta property=\"article:modified_time\" content=\"2024-04-22T10:27:57+00:00\" \/>\n<meta property=\"og:image\" content=\"https:\/\/bxrepsol.s3.eu-west-1.amazonaws.com\/static\/2022\/08\/29091522\/00_marc_marquez_catar_2020.jpg\" \/>\n\t<meta property=\"og:image:width\" content=\"1280\" \/>\n\t<meta property=\"og:image:height\" content=\"600\" \/>\n\t<meta property=\"og:image:type\" content=\"image\/jpeg\" \/>\n<meta name=\"author\" content=\"Redacci\u00f3n Box Repsol\" \/>\n<meta name=\"twitter:card\" content=\"summary_large_image\" \/>\n<meta name=\"twitter:creator\" content=\"@https:\/\/twitter.com\/box_repsol\" \/>\n<meta name=\"twitter:site\" content=\"@box_repsol\" \/>\n<meta name=\"twitter:label1\" content=\"Written by\" \/>\n\t<meta name=\"twitter:data1\" content=\"Redacci\u00f3n Box Repsol\" \/>\n\t<meta name=\"twitter:label2\" content=\"Est. reading time\" \/>\n\t<meta name=\"twitter:data2\" content=\"2 minutos\" \/>\n<script type=\"application\/ld+json\" class=\"yoast-schema-graph\">{\"@context\":\"https:\\\/\\\/schema.org\",\"@graph\":[{\"@type\":\"Article\",\"@id\":\"https:\\\/\\\/www.boxrepsol.com\\\/es\\\/motogp\\\/la-pretemporada-2020-finaliza-catar\\\/#article\",\"isPartOf\":{\"@id\":\"https:\\\/\\\/www.boxrepsol.com\\\/es\\\/motogp\\\/la-pretemporada-2020-finaliza-catar\\\/\"},\"author\":{\"name\":\"Redacci\u00f3n Box Repsol\",\"@id\":\"https:\\\/\\\/www.boxrepsol.com\\\/es\\\/#\\\/schema\\\/person\\\/c5c2138f2cca251b0ad92b7086bb60b7\"},\"headline\":\"La pretemporada 2020 finaliza en Catar\",\"datePublished\":\"2020-02-25T02:00:00+00:00\",\"dateModified\":\"2024-04-22T10:27:57+00:00\",\"mainEntityOfPage\":{\"@id\":\"https:\\\/\\\/www.boxrepsol.com\\\/es\\\/motogp\\\/la-pretemporada-2020-finaliza-catar\\\/\"},\"wordCount\":485,\"commentCount\":0,\"publisher\":{\"@id\":\"https:\\\/\\\/www.boxrepsol.com\\\/es\\\/#organization\"},\"image\":{\"@id\":\"https:\\\/\\\/www.boxrepsol.com\\\/es\\\/motogp\\\/la-pretemporada-2020-finaliza-catar\\\/#primaryimage\"},\"thumbnailUrl\":\"https:\\\/\\\/bxrepsol.s3.eu-west-1.amazonaws.com\\\/static\\\/2022\\\/08\\\/29091522\\\/00_marc_marquez_catar_2020.jpg\",\"keywords\":[\"2020\",\"Equipo Repsol Honda\",\"pretemporada\"],\"articleSection\":[\"MotoGP\"],\"inLanguage\":\"es\",\"potentialAction\":[{\"@type\":\"CommentAction\",\"name\":\"Comment\",\"target\":[\"https:\\\/\\\/www.boxrepsol.com\\\/es\\\/motogp\\\/la-pretemporada-2020-finaliza-catar\\\/#respond\"]}]},{\"@type\":\"WebPage\",\"@id\":\"https:\\\/\\\/www.boxrepsol.com\\\/es\\\/motogp\\\/la-pretemporada-2020-finaliza-catar\\\/\",\"url\":\"https:\\\/\\\/www.boxrepsol.com\\\/es\\\/motogp\\\/la-pretemporada-2020-finaliza-catar\\\/\",\"name\":\"Test Catar 2020 - La pretemporada 2020 finaliza en Catar\",\"isPartOf\":{\"@id\":\"https:\\\/\\\/www.boxrepsol.com\\\/es\\\/#website\"},\"primaryImageOfPage\":{\"@id\":\"https:\\\/\\\/www.boxrepsol.com\\\/es\\\/motogp\\\/la-pretemporada-2020-finaliza-catar\\\/#primaryimage\"},\"image\":{\"@id\":\"https:\\\/\\\/www.boxrepsol.com\\\/es\\\/motogp\\\/la-pretemporada-2020-finaliza-catar\\\/#primaryimage\"},\"thumbnailUrl\":\"https:\\\/\\\/bxrepsol.s3.eu-west-1.amazonaws.com\\\/static\\\/2022\\\/08\\\/29091522\\\/00_marc_marquez_catar_2020.jpg\",\"datePublished\":\"2020-02-25T02:00:00+00:00\",\"dateModified\":\"2024-04-22T10:27:57+00:00\",\"description\":\"Despu\u00e9s de tres d\u00edas de test bajo las luces del Circuito Internacional de Losail, los pilotos del equipo Repsol Honda cierran la pretemporada de MotoGP 2020\",\"breadcrumb\":{\"@id\":\"https:\\\/\\\/www.boxrepsol.com\\\/es\\\/motogp\\\/la-pretemporada-2020-finaliza-catar\\\/#breadcrumb\"},\"inLanguage\":\"es\",\"potentialAction\":[{\"@type\":\"ReadAction\",\"target\":[\"https:\\\/\\\/www.boxrepsol.com\\\/es\\\/motogp\\\/la-pretemporada-2020-finaliza-catar\\\/\"]}]},{\"@type\":\"ImageObject\",\"inLanguage\":\"es\",\"@id\":\"https:\\\/\\\/www.boxrepsol.com\\\/es\\\/motogp\\\/la-pretemporada-2020-finaliza-catar\\\/#primaryimage\",\"url\":\"https:\\\/\\\/bxrepsol.s3.eu-west-1.amazonaws.com\\\/static\\\/2022\\\/08\\\/29091522\\\/00_marc_marquez_catar_2020.jpg\",\"contentUrl\":\"https:\\\/\\\/bxrepsol.s3.eu-west-1.amazonaws.com\\\/static\\\/2022\\\/08\\\/29091522\\\/00_marc_marquez_catar_2020.jpg\",\"width\":1280,\"height\":600,\"caption\":\"Marc M\u00e1rquez rodando con la Honda en Catar\"},{\"@type\":\"BreadcrumbList\",\"@id\":\"https:\\\/\\\/www.boxrepsol.com\\\/es\\\/motogp\\\/la-pretemporada-2020-finaliza-catar\\\/#breadcrumb\",\"itemListElement\":[{\"@type\":\"ListItem\",\"position\":1,\"name\":\"Home\",\"item\":\"https:\\\/\\\/www.boxrepsol.com\\\/es\\\/\"},{\"@type\":\"ListItem\",\"position\":2,\"name\":\"La pretemporada 2020 finaliza en Catar\"}]},{\"@type\":\"WebSite\",\"@id\":\"https:\\\/\\\/www.boxrepsol.com\\\/es\\\/#website\",\"url\":\"https:\\\/\\\/www.boxrepsol.com\\\/es\\\/\",\"name\":\"Box Repsol\",\"description\":\"Box Repsol Site\",\"publisher\":{\"@id\":\"https:\\\/\\\/www.boxrepsol.com\\\/es\\\/#organization\"},\"potentialAction\":[{\"@type\":\"SearchAction\",\"target\":{\"@type\":\"EntryPoint\",\"urlTemplate\":\"https:\\\/\\\/www.boxrepsol.com\\\/es\\\/?s={search_term_string}\"},\"query-input\":{\"@type\":\"PropertyValueSpecification\",\"valueRequired\":true,\"valueName\":\"search_term_string\"}}],\"inLanguage\":\"es\"},{\"@type\":\"Organization\",\"@id\":\"https:\\\/\\\/www.boxrepsol.com\\\/es\\\/#organization\",\"name\":\"Box Repsol\",\"url\":\"https:\\\/\\\/www.boxrepsol.com\\\/es\\\/\",\"logo\":{\"@type\":\"ImageObject\",\"inLanguage\":\"es\",\"@id\":\"https:\\\/\\\/www.boxrepsol.com\\\/es\\\/#\\\/schema\\\/logo\\\/image\\\/\",\"url\":\"https:\\\/\\\/bxrepsol.s3.eu-west-1.amazonaws.com\\\/static\\\/2025\\\/07\\\/30083337\\\/favicon-96x96-1.png\",\"contentUrl\":\"https:\\\/\\\/bxrepsol.s3.eu-west-1.amazonaws.com\\\/static\\\/2025\\\/07\\\/30083337\\\/favicon-96x96-1.png\",\"width\":96,\"height\":96,\"caption\":\"Box Repsol\"},\"image\":{\"@id\":\"https:\\\/\\\/www.boxrepsol.com\\\/es\\\/#\\\/schema\\\/logo\\\/image\\\/\"},\"sameAs\":[\"https:\\\/\\\/www.facebook.com\\\/BoxRepsol\",\"https:\\\/\\\/x.com\\\/box_repsol\",\"http:\\\/\\\/instagram.com\\\/box_repsol\",\"https:\\\/\\\/www.youtube.com\\\/user\\\/RepsolCompeticion\",\"https:\\\/\\\/www.flickr.com\\\/photos\\\/box_repsol\\\/\"]},{\"@type\":\"Person\",\"@id\":\"https:\\\/\\\/www.boxrepsol.com\\\/es\\\/#\\\/schema\\\/person\\\/c5c2138f2cca251b0ad92b7086bb60b7\",\"name\":\"Redacci\u00f3n Box Repsol\",\"image\":{\"@type\":\"ImageObject\",\"inLanguage\":\"es\",\"@id\":\"https:\\\/\\\/secure.gravatar.com\\\/avatar\\\/adf7b77e38b4419baf32c7e9c21dde01f4e40df611f0978e3006fc4ba0aaab7e?s=96&d=mm&r=g\",\"url\":\"https:\\\/\\\/secure.gravatar.com\\\/avatar\\\/adf7b77e38b4419baf32c7e9c21dde01f4e40df611f0978e3006fc4ba0aaab7e?s=96&d=mm&r=g\",\"contentUrl\":\"https:\\\/\\\/secure.gravatar.com\\\/avatar\\\/adf7b77e38b4419baf32c7e9c21dde01f4e40df611f0978e3006fc4ba0aaab7e?s=96&d=mm&r=g\",\"caption\":\"Redacci\u00f3n Box Repsol\"},\"description\":\"Box Repsol lo forma un equipo de periodistas, community managers, dise\u00f1adores y fot\u00f3grafos con m\u00e1s de 20 a\u00f1os de experiencia en el mundo del motorsport. Hemos vivido el primer mundial de un espa\u00f1ol en la categor\u00eda reina de motociclismo con \u00c1lex Crivill\u00e9, estuvimos en las victorias de Pedrosa y los t\u00edtulos de M\u00e1rquez, acompa\u00f1amos en \u00c1frica a Nani Roma y Marc Coma en sus conquistas del Dakar y hemos vibrado con los t\u00edtulos de Toni Bou en Trial. Adem\u00e1s, en nuestro equipo contamos con expertos en el mundo de las dos y cuatro ruedas tanto de la calle y las carreteras, como de los circuitos. Periodistas que han trabajado en revistas y publicaciones para hacerte llegar desde rutas y consejos de mantenimiento, a curiosidades y trucos de pilotaje.\",\"sameAs\":[\"https:\\\/\\\/www.facebook.com\\\/BoxRepsol\\\/\",\"https:\\\/\\\/www.instagram.com\\\/box_repsol\\\/\",\"https:\\\/\\\/x.com\\\/https:\\\/\\\/twitter.com\\\/box_repsol\",\"https:\\\/\\\/www.youtube.com\\\/@Boxrepsol\"],\"url\":\"https:\\\/\\\/www.boxrepsol.com\\\/es\\\/author\\\/redaccion-box-repsol\\\/\"}]}<\/script>\n<!-- \/ Yoast SEO plugin. -->","yoast_head_json":{"title":"Test Catar 2020 - La pretemporada 2020 finaliza en Catar","description":"Despu\u00e9s de tres d\u00edas de test bajo las luces del Circuito Internacional de Losail, los pilotos del equipo Repsol Honda cierran la pretemporada de MotoGP 2020","canonical":"https:\/\/www.boxrepsol.com\/es\/motogp\/la-pretemporada-2020-finaliza-catar\/","og_locale":"es_ES","og_type":"article","og_title":"Test Catar 2020 - La pretemporada 2020 finaliza en Catar","og_description":"Despu\u00e9s de tres d\u00edas de test bajo las luces del Circuito Internacional de Losail, los pilotos del equipo Repsol Honda cierran la pretemporada de MotoGP 2020","og_url":"https:\/\/www.boxrepsol.com\/es\/motogp\/la-pretemporada-2020-finaliza-catar\/","og_site_name":"Box Repsol","article_publisher":"https:\/\/www.facebook.com\/BoxRepsol","article_author":"https:\/\/www.facebook.com\/BoxRepsol\/","article_published_time":"2020-02-25T02:00:00+00:00","article_modified_time":"2024-04-22T10:27:57+00:00","og_image":[{"width":1280,"height":600,"url":"https:\/\/bxrepsol.s3.eu-west-1.amazonaws.com\/static\/2022\/08\/29091522\/00_marc_marquez_catar_2020.jpg","type":"image\/jpeg"}],"author":"Redacci\u00f3n Box Repsol","twitter_card":"summary_large_image","twitter_creator":"@https:\/\/twitter.com\/box_repsol","twitter_site":"@box_repsol","twitter_misc":{"Written by":"Redacci\u00f3n Box Repsol","Est. reading time":"2 minutos"},"schema":{"@context":"https:\/\/schema.org","@graph":[{"@type":"Article","@id":"https:\/\/www.boxrepsol.com\/es\/motogp\/la-pretemporada-2020-finaliza-catar\/#article","isPartOf":{"@id":"https:\/\/www.boxrepsol.com\/es\/motogp\/la-pretemporada-2020-finaliza-catar\/"},"author":{"name":"Redacci\u00f3n Box Repsol","@id":"https:\/\/www.boxrepsol.com\/es\/#\/schema\/person\/c5c2138f2cca251b0ad92b7086bb60b7"},"headline":"La pretemporada 2020 finaliza en Catar","datePublished":"2020-02-25T02:00:00+00:00","dateModified":"2024-04-22T10:27:57+00:00","mainEntityOfPage":{"@id":"https:\/\/www.boxrepsol.com\/es\/motogp\/la-pretemporada-2020-finaliza-catar\/"},"wordCount":485,"commentCount":0,"publisher":{"@id":"https:\/\/www.boxrepsol.com\/es\/#organization"},"image":{"@id":"https:\/\/www.boxrepsol.com\/es\/motogp\/la-pretemporada-2020-finaliza-catar\/#primaryimage"},"thumbnailUrl":"https:\/\/bxrepsol.s3.eu-west-1.amazonaws.com\/static\/2022\/08\/29091522\/00_marc_marquez_catar_2020.jpg","keywords":["2020","Equipo Repsol Honda","pretemporada"],"articleSection":["MotoGP"],"inLanguage":"es","potentialAction":[{"@type":"CommentAction","name":"Comment","target":["https:\/\/www.boxrepsol.com\/es\/motogp\/la-pretemporada-2020-finaliza-catar\/#respond"]}]},{"@type":"WebPage","@id":"https:\/\/www.boxrepsol.com\/es\/motogp\/la-pretemporada-2020-finaliza-catar\/","url":"https:\/\/www.boxrepsol.com\/es\/motogp\/la-pretemporada-2020-finaliza-catar\/","name":"Test Catar 2020 - La pretemporada 2020 finaliza en Catar","isPartOf":{"@id":"https:\/\/www.boxrepsol.com\/es\/#website"},"primaryImageOfPage":{"@id":"https:\/\/www.boxrepsol.com\/es\/motogp\/la-pretemporada-2020-finaliza-catar\/#primaryimage"},"image":{"@id":"https:\/\/www.boxrepsol.com\/es\/motogp\/la-pretemporada-2020-finaliza-catar\/#primaryimage"},"thumbnailUrl":"https:\/\/bxrepsol.s3.eu-west-1.amazonaws.com\/static\/2022\/08\/29091522\/00_marc_marquez_catar_2020.jpg","datePublished":"2020-02-25T02:00:00+00:00","dateModified":"2024-04-22T10:27:57+00:00","description":"Despu\u00e9s de tres d\u00edas de test bajo las luces del Circuito Internacional de Losail, los pilotos del equipo Repsol Honda cierran la pretemporada de MotoGP 2020","breadcrumb":{"@id":"https:\/\/www.boxrepsol.com\/es\/motogp\/la-pretemporada-2020-finaliza-catar\/#breadcrumb"},"inLanguage":"es","potentialAction":[{"@type":"ReadAction","target":["https:\/\/www.boxrepsol.com\/es\/motogp\/la-pretemporada-2020-finaliza-catar\/"]}]},{"@type":"ImageObject","inLanguage":"es","@id":"https:\/\/www.boxrepsol.com\/es\/motogp\/la-pretemporada-2020-finaliza-catar\/#primaryimage","url":"https:\/\/bxrepsol.s3.eu-west-1.amazonaws.com\/static\/2022\/08\/29091522\/00_marc_marquez_catar_2020.jpg","contentUrl":"https:\/\/bxrepsol.s3.eu-west-1.amazonaws.com\/static\/2022\/08\/29091522\/00_marc_marquez_catar_2020.jpg","width":1280,"height":600,"caption":"Marc M\u00e1rquez rodando con la Honda en Catar"},{"@type":"BreadcrumbList","@id":"https:\/\/www.boxrepsol.com\/es\/motogp\/la-pretemporada-2020-finaliza-catar\/#breadcrumb","itemListElement":[{"@type":"ListItem","position":1,"name":"Home","item":"https:\/\/www.boxrepsol.com\/es\/"},{"@type":"ListItem","position":2,"name":"La pretemporada 2020 finaliza en Catar"}]},{"@type":"WebSite","@id":"https:\/\/www.boxrepsol.com\/es\/#website","url":"https:\/\/www.boxrepsol.com\/es\/","name":"Box Repsol","description":"Box Repsol Site","publisher":{"@id":"https:\/\/www.boxrepsol.com\/es\/#organization"},"potentialAction":[{"@type":"SearchAction","target":{"@type":"EntryPoint","urlTemplate":"https:\/\/www.boxrepsol.com\/es\/?s={search_term_string}"},"query-input":{"@type":"PropertyValueSpecification","valueRequired":true,"valueName":"search_term_string"}}],"inLanguage":"es"},{"@type":"Organization","@id":"https:\/\/www.boxrepsol.com\/es\/#organization","name":"Box Repsol","url":"https:\/\/www.boxrepsol.com\/es\/","logo":{"@type":"ImageObject","inLanguage":"es","@id":"https:\/\/www.boxrepsol.com\/es\/#\/schema\/logo\/image\/","url":"https:\/\/bxrepsol.s3.eu-west-1.amazonaws.com\/static\/2025\/07\/30083337\/favicon-96x96-1.png","contentUrl":"https:\/\/bxrepsol.s3.eu-west-1.amazonaws.com\/static\/2025\/07\/30083337\/favicon-96x96-1.png","width":96,"height":96,"caption":"Box Repsol"},"image":{"@id":"https:\/\/www.boxrepsol.com\/es\/#\/schema\/logo\/image\/"},"sameAs":["https:\/\/www.facebook.com\/BoxRepsol","https:\/\/x.com\/box_repsol","http:\/\/instagram.com\/box_repsol","https:\/\/www.youtube.com\/user\/RepsolCompeticion","https:\/\/www.flickr.com\/photos\/box_repsol\/"]},{"@type":"Person","@id":"https:\/\/www.boxrepsol.com\/es\/#\/schema\/person\/c5c2138f2cca251b0ad92b7086bb60b7","name":"Redacci\u00f3n Box Repsol","image":{"@type":"ImageObject","inLanguage":"es","@id":"https:\/\/secure.gravatar.com\/avatar\/adf7b77e38b4419baf32c7e9c21dde01f4e40df611f0978e3006fc4ba0aaab7e?s=96&d=mm&r=g","url":"https:\/\/secure.gravatar.com\/avatar\/adf7b77e38b4419baf32c7e9c21dde01f4e40df611f0978e3006fc4ba0aaab7e?s=96&d=mm&r=g","contentUrl":"https:\/\/secure.gravatar.com\/avatar\/adf7b77e38b4419baf32c7e9c21dde01f4e40df611f0978e3006fc4ba0aaab7e?s=96&d=mm&r=g","caption":"Redacci\u00f3n Box Repsol"},"description":"Box Repsol lo forma un equipo de periodistas, community managers, dise\u00f1adores y fot\u00f3grafos con m\u00e1s de 20 a\u00f1os de experiencia en el mundo del motorsport. Hemos vivido el primer mundial de un espa\u00f1ol en la categor\u00eda reina de motociclismo con \u00c1lex Crivill\u00e9, estuvimos en las victorias de Pedrosa y los t\u00edtulos de M\u00e1rquez, acompa\u00f1amos en \u00c1frica a Nani Roma y Marc Coma en sus conquistas del Dakar y hemos vibrado con los t\u00edtulos de Toni Bou en Trial. Adem\u00e1s, en nuestro equipo contamos con expertos en el mundo de las dos y cuatro ruedas tanto de la calle y las carreteras, como de los circuitos. Periodistas que han trabajado en revistas y publicaciones para hacerte llegar desde rutas y consejos de mantenimiento, a curiosidades y trucos de pilotaje.","sameAs":["https:\/\/www.facebook.com\/BoxRepsol\/","https:\/\/www.instagram.com\/box_repsol\/","https:\/\/x.com\/https:\/\/twitter.com\/box_repsol","https:\/\/www.youtube.com\/@Boxrepsol"],"url":"https:\/\/www.boxrepsol.com\/es\/author\/redaccion-box-repsol\/"}]}},"_links":{"self":[{"href":"https:\/\/www.boxrepsol.com\/es\/wp-json\/wp\/v2\/posts\/94406","targetHints":{"allow":["GET"]}}],"collection":[{"href":"https:\/\/www.boxrepsol.com\/es\/wp-json\/wp\/v2\/posts"}],"about":[{"href":"https:\/\/www.boxrepsol.com\/es\/wp-json\/wp\/v2\/types\/post"}],"author":[{"embeddable":true,"href":"https:\/\/www.boxrepsol.com\/es\/wp-json\/wp\/v2\/users\/43146"}],"replies":[{"embeddable":true,"href":"https:\/\/www.boxrepsol.com\/es\/wp-json\/wp\/v2\/comments?post=94406"}],"version-history":[{"count":1,"href":"https:\/\/www.boxrepsol.com\/es\/wp-json\/wp\/v2\/posts\/94406\/revisions"}],"predecessor-version":[{"id":94407,"href":"https:\/\/www.boxrepsol.com\/es\/wp-json\/wp\/v2\/posts\/94406\/revisions\/94407"}],"wp:featuredmedia":[{"embeddable":true,"href":"https:\/\/www.boxrepsol.com\/es\/wp-json\/wp\/v2\/media\/63881"}],"wp:attachment":[{"href":"https:\/\/www.boxrepsol.com\/es\/wp-json\/wp\/v2\/media?parent=94406"}],"wp:term":[{"taxonomy":"category","embeddable":true,"href":"https:\/\/www.boxrepsol.com\/es\/wp-json\/wp\/v2\/categories?post=94406"},{"taxonomy":"post_tag","embeddable":true,"href":"https:\/\/www.boxrepsol.com\/es\/wp-json\/wp\/v2\/tags?post=94406"}],"curies":[{"name":"wp","href":"https:\/\/api.w.org\/{rel}","templated":true}]}}