{"id":94398,"date":"2020-02-19T00:00:00","date_gmt":"2020-02-19T02:00:00","guid":{"rendered":"http:\/\/pre.boxrepsol.com\/sin-categorizar\/historia-de-los-mejores-circuitos-de-carreras-en-espana\/"},"modified":"2024-04-22T08:29:15","modified_gmt":"2024-04-22T10:29:15","slug":"historia-de-los-mejores-circuitos-de-carreras-en-espana","status":"publish","type":"post","link":"https:\/\/www.boxrepsol.com\/es\/de-leyenda\/historia-de-los-mejores-circuitos-de-carreras-en-espana\/","title":{"rendered":"Historia de los mejores circuitos de carreras en Espa\u00f1a"},"content":{"rendered":"\n<p>Los inicios de las competiciones de motociclismo, y algunos de los circuitos de carreras en Espa\u00f1a, se forjaron a comienzos del siglo XX sobre carreteras p\u00fablicas.<\/p>\n\n\n\n<p><strong><div id=\"ez-toc-container\" class=\"ez-toc-v2_0_82_2 counter-hierarchy ez-toc-counter ez-toc-grey ez-toc-container-direction\">\n<div class=\"ez-toc-title-container\">\n<p class=\"ez-toc-title\" style=\"cursor:inherit\">\u00cdndice<\/p>\n<span class=\"ez-toc-title-toggle\"><a href=\"#\" class=\"ez-toc-pull-right ez-toc-btn ez-toc-btn-xs ez-toc-btn-default ez-toc-toggle\" aria-label=\"Toggle Table of Content\"><span class=\"ez-toc-js-icon-con\"><span class=\"\"><span class=\"eztoc-hide\" style=\"display:none;\">Toggle<\/span><span class=\"ez-toc-icon-toggle-span\"><svg style=\"fill: #999;color:#999\" xmlns=\"http:\/\/www.w3.org\/2000\/svg\" class=\"list-377408\" width=\"20px\" height=\"20px\" viewBox=\"0 0 24 24\" fill=\"none\"><path d=\"M6 6H4v2h2V6zm14 0H8v2h12V6zM4 11h2v2H4v-2zm16 0H8v2h12v-2zM4 16h2v2H4v-2zm16 0H8v2h12v-2z\" fill=\"currentColor\"><\/path><\/svg><svg style=\"fill: #999;color:#999\" class=\"arrow-unsorted-368013\" xmlns=\"http:\/\/www.w3.org\/2000\/svg\" width=\"10px\" height=\"10px\" viewBox=\"0 0 24 24\" version=\"1.2\" baseProfile=\"tiny\"><path d=\"M18.2 9.3l-6.2-6.3-6.2 6.3c-.2.2-.3.4-.3.7s.1.5.3.7c.2.2.4.3.7.3h11c.3 0 .5-.1.7-.3.2-.2.3-.5.3-.7s-.1-.5-.3-.7zM5.8 14.7l6.2 6.3 6.2-6.3c.2-.2.3-.5.3-.7s-.1-.5-.3-.7c-.2-.2-.4-.3-.7-.3h-11c-.3 0-.5.1-.7.3-.2.2-.3.5-.3.7s.1.5.3.7z\"\/><\/svg><\/span><\/span><\/span><\/a><\/span><\/div>\n<nav><ul class='ez-toc-list ez-toc-list-level-1 ' ><li class='ez-toc-page-1 ez-toc-heading-level-2'><a class=\"ez-toc-link ez-toc-heading-1\" href=\"https:\/\/www.boxrepsol.com\/es\/de-leyenda\/historia-de-los-mejores-circuitos-de-carreras-en-espana\/#Montjuic\" >Montj\u00fcic<\/a><\/li><li class='ez-toc-page-1 ez-toc-heading-level-2'><a class=\"ez-toc-link ez-toc-heading-2\" href=\"https:\/\/www.boxrepsol.com\/es\/de-leyenda\/historia-de-los-mejores-circuitos-de-carreras-en-espana\/#Jarama\" >Jarama<\/a><\/li><\/ul><\/nav><\/div>\n<\/strong><\/p>\n\n\n\n<p>En el camino hasta llegar al Campeonato del Mundo de MotoGP, un incontable n\u00famero de competiciones se ha disputado en los escenarios m\u00e1s diversos.<\/p>\n\n\n\n<p><strong>La primera carrera de motocicletas en Espa\u00f1a se remonta al a\u00f1o 1899 en Barcelona<\/strong> -todav\u00eda en el siglo XIX- sobre en un trazado urbano de cuatro kil\u00f3metros.<\/p>\n\n\n\n<p><strong>La primera prueba para motos de la que se tiene constancia en Madrid se celebr\u00f3 en 1904<\/strong>. Tuvo su recorrido entre la Cuesta de las Perdices -la actual salida de la autov\u00eda A6- y el puerto de Galapagar que todav\u00eda frecuentan numerosos motoristas cada fin de semana.<\/p>\n\n\n\n<figure class=\"wp-block-image\"><img decoding=\"async\" src=\"https:\/\/bxrepsol.s3.eu-west-1.amazonaws.com\/static\/2022\/08\/29091437\/Benjamin-grau-1971-carrera-en-carretera-abierta-la-rabassada-2.jpg\" alt=\"\"\/><\/figure>\n\n\n\n<p><strong>El primer Campeonato de Espa\u00f1a de motociclismo se disput\u00f3 en 1915 con una carrera de 335 kil\u00f3metros con salida y llegada en Bilbao<\/strong>. Te sorprender\u00eda saber que algunas de las v\u00edas principales de tu ciudad han sido probablemente escenarios de competiciones de motociclismo en alg\u00fan momento de los \u00faltimos cien a\u00f1os.<\/p>\n\n\n\n<p>La evoluci\u00f3n del deporte en este tiempo ha llevado a un panorama actual bien distinto, con hasta <strong>cuatro circuitos permanentes espa\u00f1oles presentes en el calendario del Mundo de MotoGP<\/strong>.<\/p>\n\n\n\n<figure class=\"wp-block-image is-resized\"><img decoding=\"async\" src=\"https:\/\/bxrepsol.s3.eu-west-1.amazonaws.com\/static\/2022\/08\/29091437\/marc-marquez-motorland-aragon-2019-2.jpg\" alt=\"\" style=\"width:838px;height:512px\"\/><\/figure>\n\n\n\n<p>El Circuito de Jerez \u2013 \u00c1ngel Nieto, el Circuit de Barcelona \u2013 Catalunya, MotorLand Arag\u00f3n o el Circuit Ricardo Tormo son as\u00ed la actual punta de lanza de nuestros escenarios motociclistas.<\/p>\n\n\n\n<figure class=\"wp-block-image\"><img decoding=\"async\" src=\"https:\/\/bxrepsol.s3.eu-west-1.amazonaws.com\/static\/2022\/08\/29091438\/circuito-jerez-decada-de-los-90-2.jpg\" alt=\"\"\/><\/figure>\n\n\n\n<p><strong>Jerez apareci\u00f3 en el calendario a finales de los a\u00f1os 80<\/strong> como alternativa al entonces ya anticuado Jarama como sede del GP de Espa\u00f1a. <strong>El trazado catal\u00e1n de Montmel\u00f3 se incorpor\u00f3 a la escena en 1992<\/strong> tras 15 a\u00f1os de ausencia mundialista en Barcelona, primero como GP de Europa y a partir de 1995 como GP de Catalunya.<\/p>\n\n\n\n<figure class=\"wp-block-image\"><img decoding=\"async\" src=\"https:\/\/bxrepsol.s3.eu-west-1.amazonaws.com\/static\/2022\/08\/29091439\/interior-circuito-ricardo-tormo-2019-2.jpg\" alt=\"\"\/><\/figure>\n\n\n\n<p>Por su parte, <strong>la pista valenciana de Cheste se inaugur\u00f3 en 1999 y desde 2002 clausura la temporada de MotoGP<\/strong>. El \u00faltimo de nuestros trazados mundialistas actuales es el de MotorLand Arag\u00f3n. Surgido de la inspiraci\u00f3n por la tradici\u00f3n automovil\u00edstica de la poblaci\u00f3n cercana de Alca\u00f1iz, <strong>MotorLand es una instalaci\u00f3n de primer nivel que desde la temporada 2010 acoge el GP de Arag\u00f3n de MotoGP<\/strong>.<\/p>\n\n\n\n<p>Pero, <strong>\u00bfd\u00f3nde se corr\u00edan las carreras del Mundial antes de la revoluci\u00f3n de instalaciones y recursos de los \u00faltimos 30 a\u00f1os?<\/strong><\/p>\n\n\n\n<p>Adem\u00e1s de nuestros cuatro circuitos m\u00e1s conocidos internacionalmente en este momento, <strong>no podemos dejar caer en el olvido otros trazados espa\u00f1oles<\/strong> que acapararon en su momento la mayor atenci\u00f3n medi\u00e1tica.<\/p>\n\n\n\n<figure class=\"wp-block-image\"><img decoding=\"async\" src=\"https:\/\/bxrepsol.s3.eu-west-1.amazonaws.com\/static\/2022\/08\/29091440\/pares-nieto-gpespana125-montjuic-1972-2.jpg\" alt=\"\"\/><\/figure>\n\n\n\n<p><\/p>\n\n\n\n<h2 class=\"wp-block-heading\"><span class=\"ez-toc-section\" id=\"Montjuic\"><\/span>Montj\u00fcic<span class=\"ez-toc-section-end\"><\/span><\/h2>\n\n\n\n<p>El Campeonato del Mundo de motociclismo de velocidad \u2013el actual MotoGP- tuvo su primera carrera en Espa\u00f1a s\u00f3lo dos a\u00f1os despu\u00e9s de su nacimiento en 1949. As\u00ed, en 1951, <strong>la primera ronda hispana del Mundial se celebr\u00f3 en Montj\u00fcic<\/strong>. El retorcido trazado sobre v\u00edas p\u00fablicas en Barcelona ten\u00eda entonces una longitud de seis kil\u00f3metros.<\/p>\n\n\n\n<p><strong>La carrera de 1951 estaba planificada a 34 vueltas<\/strong> y el vencedor en la categor\u00eda de 500 result\u00f3 ser la estrella italiana de la \u00e9poca Humberto Masetti.<\/p>\n\n\n\n<p>Comparado con los r\u00e1pidos trazados de la \u00e9poca, como el vertiginoso Tourist Trophy de la Isla de Man, <strong>aquella primera edici\u00f3n del GP de Espa\u00f1a en Montj\u00fcic ha pasado a la historia como la carrera con la menor velocidad media<\/strong> (93\u20199 km\/h) de la categor\u00eda reina.<\/p>\n\n\n\n<figure class=\"wp-block-image\"><img decoding=\"async\" src=\"https:\/\/bxrepsol.s3.eu-west-1.amazonaws.com\/static\/2022\/08\/29091441\/angel-nieto-gpespana-montjuic-1972-2.jpg\" alt=\"\"\/><\/figure>\n\n\n\n<p><strong>Montj\u00fcic se mantuvo en el calendario del Mundial con una longitud reducida a 3\u20197 kil\u00f3metros hasta 1976<\/strong>. A partir de 1969 se altern\u00f3 con el circuito del Jarama en Madrid como sede del GP de Espa\u00f1a.<\/p>\n\n\n\n<p>Al tratarse de un circuito urbano, <strong>la seguridad result\u00f3 finalmente el motivo que precipit\u00f3 su exclusi\u00f3n del Campeonato del Mundo de motociclismo<\/strong>, as\u00ed como de la F\u00f3rmula 1 automovil\u00edstica.<\/p>\n\n\n\n<p>El <strong>trazado barcelon\u00e9s continu\u00f3 celebrando su cita anual con el motociclismo en las 24 Horas del Montj\u00fcic<\/strong>. La legendaria prueba de resistencia termin\u00f3 perdiendo su rango mundialista, pero se continu\u00f3 celebrando hasta que un grave accidente puso fin a la actividad en 1986.<\/p>\n\n\n\n<figure class=\"wp-block-image\"><img decoding=\"async\" src=\"https:\/\/bxrepsol.s3.eu-west-1.amazonaws.com\/static\/2022\/08\/29091442\/marc-marquez-en-circuit-catalunya-2.jpg\" alt=\"\"\/><\/figure>\n\n\n\n<p><strong>La prueba de las 24 Horas se retom\u00f3 en la d\u00e9cada de los 90<\/strong>, ya sobre el trazado permanente del Circuit de Barcelona \u2013 Catalunya.<\/p>\n\n\n\n<figure class=\"wp-block-image\"><img decoding=\"async\" src=\"https:\/\/bxrepsol.s3.eu-west-1.amazonaws.com\/static\/2022\/08\/29091443\/nieto-camp-espana-jarama-1972-2.jpg\" alt=\"\"\/><\/figure>\n\n\n\n<h2 class=\"wp-block-heading\"><span class=\"ez-toc-section\" id=\"Jarama\"><\/span>Jarama<span class=\"ez-toc-section-end\"><\/span><\/h2>\n\n\n\n<p><strong>El legendario trazado madrile\u00f1o apareci\u00f3 en el calendario del Mundial en 1969 como alternativa a Montj\u00fcic<\/strong>. Situado a la salida norte de la ciudad, su <strong>dise\u00f1o corri\u00f3 a cargo del holand\u00e9s John Hugenholtz<\/strong>, que solo unos a\u00f1os antes hab\u00eda dise\u00f1ado el circuito japon\u00e9s de Suzuka.<\/p>\n\n\n\n<p>El Jarama, con una longitud de 3\u20197 km, ten\u00eda en com\u00fan con el trazado japon\u00e9s que ambos se hab\u00edan levantado adapt\u00e1ndose al terreno existente. El resultado de ello fue <strong>un t\u00e9cnico trazado con todo tipo de virajes y fuertes pendientes de subida y bajada<\/strong>.<\/p>\n\n\n\n<figure class=\"wp-block-image\"><img decoding=\"async\" src=\"https:\/\/bxrepsol.s3.eu-west-1.amazonaws.com\/static\/2022\/08\/29091444\/aspar-nieto-champi-herreros-jarama-1986-2.jpg\" alt=\"\"\/><\/figure>\n\n\n\n<p>El Jarama se inaugur\u00f3 el 1 de julio de 1967 y su primer GP de F1 lleg\u00f3 el 12 de septiembre de ese mismo a\u00f1o. El <strong>primer gran premio de motociclismo lleg\u00f3 en 1969<\/strong> y desde mediados de los 70 hasta finales de los 80 se mantuvo como el trazado espa\u00f1ol de referencia en el Mundial.<\/p>\n\n\n\n<p>Sobrepasado en materia de instalaciones por el circuito de Jerez, inaugurado en 1985, <strong>a comienzos de los 90 parec\u00eda que el Mundial hab\u00eda abandonado definitivamente el Jarama<\/strong>. Entonces, el trazado madrile\u00f1o recibi\u00f3 una profunda remodelaci\u00f3n de instalaciones que tambi\u00e9n alcanz\u00f3 a la pista.<\/p>\n\n\n\n<p><strong>El trazado recibi\u00f3 un nuevo asfaltado y algunas modificaciones<\/strong>, alargando la recta de meta, reduciendo las curvas 1 y 2 a un \u00fanico viraje e introduciendo una ampliaci\u00f3n con una larga curva en la zona de \u00abLa H\u00edpica\u00bb.<\/p>\n\n\n\n<figure class=\"wp-block-image\"><img decoding=\"async\" src=\"https:\/\/bxrepsol.s3.eu-west-1.amazonaws.com\/static\/2022\/08\/29091445\/sito-pons-gpeuropa-jarama-1991-2.jpg\" alt=\"\"\/><\/figure>\n\n\n\n<p>Sorprendentemente, e<strong>n 1991 el Jarama tuvo una nueva oportunidad<\/strong> con la cancelaci\u00f3n del GP de Yugoslavia, a punto de entrar el pa\u00eds balc\u00e1nico en una dram\u00e1tica guerra civil.<\/p>\n\n\n\n<p><strong>La carrera se denomin\u00f3 GP de Europa y fue organizada en apenas tres semanas por el personal de la empresa que hoy conoces como Dorna<\/strong>, antes de hacerse con los derechos de televisi\u00f3n del Mundial en 1992.<\/p>\n\n\n\n<p>El gran premio se celebr\u00f3 el 16 de junio de 1991 y result\u00f3 un \u00e9xito. Loris Capirossi fue el ganador en 125, con Luca Cadalora en lo alto del podio en 250 y el inimitable Wayne Rainey venciendo con total autoridad en 500. Curiosamente, los tres ganar\u00edan el t\u00edtulo en sus respectivas categor\u00edas aquella temporada.<\/p>\n\n\n\n<figure class=\"wp-block-image\"><img decoding=\"async\" src=\"https:\/\/bxrepsol.s3.eu-west-1.amazonaws.com\/static\/2022\/08\/29091446\/criville-gpeuropa-jarama-1993-2.jpg\" alt=\"\"\/><\/figure>\n\n\n\n<p>Tras el milagro de haber disfrutado de un \u00faltimo GP en todo su esplendor, <strong>el Mundial regres\u00f3 al Jarama 1993 en sustituci\u00f3n del GP de Sud\u00e1frica<\/strong> que cerraba la temporada.<\/p>\n\n\n\n<p>El programa inclu\u00eda de nuevo las tres categor\u00edas del campeonato, adem\u00e1s de los siempre espectaculares sidecars \u2013 de la olvidada categor\u00eda biplaza del Mundial hablaremos en otra ocasi\u00f3n-.<\/p>\n\n\n\n<p>El ganador en 500 aquel d\u00eda result\u00f3 ser Alex Barros, pero l<strong>a mayor atracci\u00f3n de la jornada estuvo en la magistral conquista del t\u00edtulo mundial de 250 a cargo de Tetsuya Harada<\/strong>.<\/p>\n\n\n\n<p>Tras mantenerse agazapado entre los cinco primeros toda la carrera, el japon\u00e9s lanz\u00f3 un incontenible ataque en las \u00faltimas vueltas que hizo a su rival, Capirossi, perder la concentraci\u00f3n y sufrir incluso una salida de pista.<\/p>\n\n\n\n<figure class=\"wp-block-image\"><img decoding=\"async\" src=\"https:\/\/bxrepsol.s3.eu-west-1.amazonaws.com\/static\/2022\/08\/29091447\/checa-ganador-gpjarama-1998-2.jpg\" alt=\"\"\/><\/figure>\n\n\n\n<p><strong>El \u00faltimo adi\u00f3s del Jarama en el Mundial lleg\u00f3 con el GP de la Comunidad de Madrid en 1998<\/strong>. La pista madrile\u00f1a volvi\u00f3 vivir una gloriosa jornada e incluso se despidi\u00f3 del Mundial con la \u00e9pica victoria de un piloto espa\u00f1ol, Carlos Checa.<\/p>\n","protected":false},"excerpt":{"rendered":"<p>Una historia del motociclismo en Espa\u00f1a a trav\u00e9s de sus circuitos\u2026\u00a0m\u00e1s all\u00e1 de los grandes premios.<\/p>\n","protected":false},"author":43146,"featured_media":63825,"comment_status":"open","ping_status":"open","sticky":false,"template":"","format":"standard","meta":{"footnotes":""},"categories":[164],"tags":[126,165],"class_list":["post-94398","post","type-post","status-publish","format-standard","hentry","category-de-leyenda","tag-carrera-y-competicion","tag-historia-del-motociclismo"],"yoast_head":"<!-- This site is optimized with the Yoast SEO plugin v27.3 - https:\/\/yoast.com\/product\/yoast-seo-wordpress\/ -->\n<title>Historia de los mejores circuitos de carreras en Espa\u00f1a - Box Repsol<\/title>\n<meta name=\"description\" content=\"Una historia del motociclismo en Espa\u00f1a a trav\u00e9s de todos sus circuitos m\u00e1s emblem\u00e1ticos\u2026\u00a0m\u00e1s all\u00e1 de sus grandes premios.\" \/>\n<link rel=\"canonical\" href=\"https:\/\/www.boxrepsol.com\/es\/de-leyenda\/historia-de-los-mejores-circuitos-de-carreras-en-espana\/\" \/>\n<meta property=\"og:locale\" content=\"es_ES\" \/>\n<meta property=\"og:type\" content=\"article\" \/>\n<meta property=\"og:title\" content=\"Historia de los mejores circuitos de carreras en Espa\u00f1a - Box Repsol\" \/>\n<meta property=\"og:description\" content=\"Una historia del motociclismo en Espa\u00f1a a trav\u00e9s de todos sus circuitos m\u00e1s emblem\u00e1ticos\u2026\u00a0m\u00e1s all\u00e1 de sus grandes premios.\" \/>\n<meta property=\"og:url\" content=\"https:\/\/www.boxrepsol.com\/es\/de-leyenda\/historia-de-los-mejores-circuitos-de-carreras-en-espana\/\" \/>\n<meta property=\"og:site_name\" content=\"Box Repsol\" \/>\n<meta property=\"article:publisher\" content=\"https:\/\/www.facebook.com\/BoxRepsol\" \/>\n<meta property=\"article:author\" content=\"https:\/\/www.facebook.com\/BoxRepsol\/\" \/>\n<meta property=\"article:published_time\" content=\"2020-02-19T02:00:00+00:00\" \/>\n<meta property=\"article:modified_time\" content=\"2024-04-22T10:29:15+00:00\" \/>\n<meta property=\"og:image\" content=\"https:\/\/bxrepsol.s3.eu-west-1.amazonaws.com\/static\/2022\/08\/29091450\/nieto-y-marquez-rodando-juntos-1.jpg\" \/>\n\t<meta property=\"og:image:width\" content=\"1280\" \/>\n\t<meta property=\"og:image:height\" content=\"600\" \/>\n\t<meta property=\"og:image:type\" content=\"image\/jpeg\" \/>\n<meta name=\"author\" content=\"Redacci\u00f3n Box Repsol\" \/>\n<meta name=\"twitter:card\" content=\"summary_large_image\" \/>\n<meta name=\"twitter:creator\" content=\"@https:\/\/twitter.com\/box_repsol\" \/>\n<meta name=\"twitter:site\" content=\"@box_repsol\" \/>\n<meta name=\"twitter:label1\" content=\"Written by\" \/>\n\t<meta name=\"twitter:data1\" content=\"Redacci\u00f3n Box Repsol\" \/>\n\t<meta name=\"twitter:label2\" content=\"Est. reading time\" \/>\n\t<meta name=\"twitter:data2\" content=\"6 minutos\" \/>\n<script type=\"application\/ld+json\" class=\"yoast-schema-graph\">{\"@context\":\"https:\\\/\\\/schema.org\",\"@graph\":[{\"@type\":\"Article\",\"@id\":\"https:\\\/\\\/www.boxrepsol.com\\\/es\\\/de-leyenda\\\/historia-de-los-mejores-circuitos-de-carreras-en-espana\\\/#article\",\"isPartOf\":{\"@id\":\"https:\\\/\\\/www.boxrepsol.com\\\/es\\\/de-leyenda\\\/historia-de-los-mejores-circuitos-de-carreras-en-espana\\\/\"},\"author\":{\"name\":\"Redacci\u00f3n Box Repsol\",\"@id\":\"https:\\\/\\\/www.boxrepsol.com\\\/es\\\/#\\\/schema\\\/person\\\/c5c2138f2cca251b0ad92b7086bb60b7\"},\"headline\":\"Historia de los mejores circuitos de carreras en Espa\u00f1a\",\"datePublished\":\"2020-02-19T02:00:00+00:00\",\"dateModified\":\"2024-04-22T10:29:15+00:00\",\"mainEntityOfPage\":{\"@id\":\"https:\\\/\\\/www.boxrepsol.com\\\/es\\\/de-leyenda\\\/historia-de-los-mejores-circuitos-de-carreras-en-espana\\\/\"},\"wordCount\":1257,\"commentCount\":1,\"publisher\":{\"@id\":\"https:\\\/\\\/www.boxrepsol.com\\\/es\\\/#organization\"},\"image\":{\"@id\":\"https:\\\/\\\/www.boxrepsol.com\\\/es\\\/de-leyenda\\\/historia-de-los-mejores-circuitos-de-carreras-en-espana\\\/#primaryimage\"},\"thumbnailUrl\":\"https:\\\/\\\/bxrepsol.s3.eu-west-1.amazonaws.com\\\/static\\\/2022\\\/08\\\/29091450\\\/nieto-y-marquez-rodando-juntos-1.jpg\",\"keywords\":[\"carrera y competici\u00f3n\",\"historia del motociclismo\"],\"articleSection\":[\"De leyenda\"],\"inLanguage\":\"es\",\"potentialAction\":[{\"@type\":\"CommentAction\",\"name\":\"Comment\",\"target\":[\"https:\\\/\\\/www.boxrepsol.com\\\/es\\\/de-leyenda\\\/historia-de-los-mejores-circuitos-de-carreras-en-espana\\\/#respond\"]}]},{\"@type\":\"WebPage\",\"@id\":\"https:\\\/\\\/www.boxrepsol.com\\\/es\\\/de-leyenda\\\/historia-de-los-mejores-circuitos-de-carreras-en-espana\\\/\",\"url\":\"https:\\\/\\\/www.boxrepsol.com\\\/es\\\/de-leyenda\\\/historia-de-los-mejores-circuitos-de-carreras-en-espana\\\/\",\"name\":\"Historia de los mejores circuitos de carreras en Espa\u00f1a - Box Repsol\",\"isPartOf\":{\"@id\":\"https:\\\/\\\/www.boxrepsol.com\\\/es\\\/#website\"},\"primaryImageOfPage\":{\"@id\":\"https:\\\/\\\/www.boxrepsol.com\\\/es\\\/de-leyenda\\\/historia-de-los-mejores-circuitos-de-carreras-en-espana\\\/#primaryimage\"},\"image\":{\"@id\":\"https:\\\/\\\/www.boxrepsol.com\\\/es\\\/de-leyenda\\\/historia-de-los-mejores-circuitos-de-carreras-en-espana\\\/#primaryimage\"},\"thumbnailUrl\":\"https:\\\/\\\/bxrepsol.s3.eu-west-1.amazonaws.com\\\/static\\\/2022\\\/08\\\/29091450\\\/nieto-y-marquez-rodando-juntos-1.jpg\",\"datePublished\":\"2020-02-19T02:00:00+00:00\",\"dateModified\":\"2024-04-22T10:29:15+00:00\",\"description\":\"Una historia del motociclismo en Espa\u00f1a a trav\u00e9s de todos sus circuitos m\u00e1s emblem\u00e1ticos\u2026\u00a0m\u00e1s all\u00e1 de sus grandes premios.\",\"breadcrumb\":{\"@id\":\"https:\\\/\\\/www.boxrepsol.com\\\/es\\\/de-leyenda\\\/historia-de-los-mejores-circuitos-de-carreras-en-espana\\\/#breadcrumb\"},\"inLanguage\":\"es\",\"potentialAction\":[{\"@type\":\"ReadAction\",\"target\":[\"https:\\\/\\\/www.boxrepsol.com\\\/es\\\/de-leyenda\\\/historia-de-los-mejores-circuitos-de-carreras-en-espana\\\/\"]}]},{\"@type\":\"ImageObject\",\"inLanguage\":\"es\",\"@id\":\"https:\\\/\\\/www.boxrepsol.com\\\/es\\\/de-leyenda\\\/historia-de-los-mejores-circuitos-de-carreras-en-espana\\\/#primaryimage\",\"url\":\"https:\\\/\\\/bxrepsol.s3.eu-west-1.amazonaws.com\\\/static\\\/2022\\\/08\\\/29091450\\\/nieto-y-marquez-rodando-juntos-1.jpg\",\"contentUrl\":\"https:\\\/\\\/bxrepsol.s3.eu-west-1.amazonaws.com\\\/static\\\/2022\\\/08\\\/29091450\\\/nieto-y-marquez-rodando-juntos-1.jpg\",\"width\":1280,\"height\":600,\"caption\":\"nieto-y-marquez-rodando-juntos\"},{\"@type\":\"BreadcrumbList\",\"@id\":\"https:\\\/\\\/www.boxrepsol.com\\\/es\\\/de-leyenda\\\/historia-de-los-mejores-circuitos-de-carreras-en-espana\\\/#breadcrumb\",\"itemListElement\":[{\"@type\":\"ListItem\",\"position\":1,\"name\":\"Home\",\"item\":\"https:\\\/\\\/www.boxrepsol.com\\\/es\\\/\"},{\"@type\":\"ListItem\",\"position\":2,\"name\":\"Historia de los mejores circuitos de carreras en Espa\u00f1a\"}]},{\"@type\":\"WebSite\",\"@id\":\"https:\\\/\\\/www.boxrepsol.com\\\/es\\\/#website\",\"url\":\"https:\\\/\\\/www.boxrepsol.com\\\/es\\\/\",\"name\":\"Box Repsol\",\"description\":\"Box Repsol Site\",\"publisher\":{\"@id\":\"https:\\\/\\\/www.boxrepsol.com\\\/es\\\/#organization\"},\"potentialAction\":[{\"@type\":\"SearchAction\",\"target\":{\"@type\":\"EntryPoint\",\"urlTemplate\":\"https:\\\/\\\/www.boxrepsol.com\\\/es\\\/?s={search_term_string}\"},\"query-input\":{\"@type\":\"PropertyValueSpecification\",\"valueRequired\":true,\"valueName\":\"search_term_string\"}}],\"inLanguage\":\"es\"},{\"@type\":\"Organization\",\"@id\":\"https:\\\/\\\/www.boxrepsol.com\\\/es\\\/#organization\",\"name\":\"Box Repsol\",\"url\":\"https:\\\/\\\/www.boxrepsol.com\\\/es\\\/\",\"logo\":{\"@type\":\"ImageObject\",\"inLanguage\":\"es\",\"@id\":\"https:\\\/\\\/www.boxrepsol.com\\\/es\\\/#\\\/schema\\\/logo\\\/image\\\/\",\"url\":\"https:\\\/\\\/bxrepsol.s3.eu-west-1.amazonaws.com\\\/static\\\/2025\\\/07\\\/30083337\\\/favicon-96x96-1.png\",\"contentUrl\":\"https:\\\/\\\/bxrepsol.s3.eu-west-1.amazonaws.com\\\/static\\\/2025\\\/07\\\/30083337\\\/favicon-96x96-1.png\",\"width\":96,\"height\":96,\"caption\":\"Box Repsol\"},\"image\":{\"@id\":\"https:\\\/\\\/www.boxrepsol.com\\\/es\\\/#\\\/schema\\\/logo\\\/image\\\/\"},\"sameAs\":[\"https:\\\/\\\/www.facebook.com\\\/BoxRepsol\",\"https:\\\/\\\/x.com\\\/box_repsol\",\"http:\\\/\\\/instagram.com\\\/box_repsol\",\"https:\\\/\\\/www.youtube.com\\\/user\\\/RepsolCompeticion\",\"https:\\\/\\\/www.flickr.com\\\/photos\\\/box_repsol\\\/\"]},{\"@type\":\"Person\",\"@id\":\"https:\\\/\\\/www.boxrepsol.com\\\/es\\\/#\\\/schema\\\/person\\\/c5c2138f2cca251b0ad92b7086bb60b7\",\"name\":\"Redacci\u00f3n Box Repsol\",\"image\":{\"@type\":\"ImageObject\",\"inLanguage\":\"es\",\"@id\":\"https:\\\/\\\/secure.gravatar.com\\\/avatar\\\/adf7b77e38b4419baf32c7e9c21dde01f4e40df611f0978e3006fc4ba0aaab7e?s=96&d=mm&r=g\",\"url\":\"https:\\\/\\\/secure.gravatar.com\\\/avatar\\\/adf7b77e38b4419baf32c7e9c21dde01f4e40df611f0978e3006fc4ba0aaab7e?s=96&d=mm&r=g\",\"contentUrl\":\"https:\\\/\\\/secure.gravatar.com\\\/avatar\\\/adf7b77e38b4419baf32c7e9c21dde01f4e40df611f0978e3006fc4ba0aaab7e?s=96&d=mm&r=g\",\"caption\":\"Redacci\u00f3n Box Repsol\"},\"description\":\"Box Repsol lo forma un equipo de periodistas, community managers, dise\u00f1adores y fot\u00f3grafos con m\u00e1s de 20 a\u00f1os de experiencia en el mundo del motorsport. Hemos vivido el primer mundial de un espa\u00f1ol en la categor\u00eda reina de motociclismo con \u00c1lex Crivill\u00e9, estuvimos en las victorias de Pedrosa y los t\u00edtulos de M\u00e1rquez, acompa\u00f1amos en \u00c1frica a Nani Roma y Marc Coma en sus conquistas del Dakar y hemos vibrado con los t\u00edtulos de Toni Bou en Trial. Adem\u00e1s, en nuestro equipo contamos con expertos en el mundo de las dos y cuatro ruedas tanto de la calle y las carreteras, como de los circuitos. Periodistas que han trabajado en revistas y publicaciones para hacerte llegar desde rutas y consejos de mantenimiento, a curiosidades y trucos de pilotaje.\",\"sameAs\":[\"https:\\\/\\\/www.facebook.com\\\/BoxRepsol\\\/\",\"https:\\\/\\\/www.instagram.com\\\/box_repsol\\\/\",\"https:\\\/\\\/x.com\\\/https:\\\/\\\/twitter.com\\\/box_repsol\",\"https:\\\/\\\/www.youtube.com\\\/@Boxrepsol\"],\"url\":\"https:\\\/\\\/www.boxrepsol.com\\\/es\\\/author\\\/redaccion-box-repsol\\\/\"}]}<\/script>\n<!-- \/ Yoast SEO plugin. -->","yoast_head_json":{"title":"Historia de los mejores circuitos de carreras en Espa\u00f1a - Box Repsol","description":"Una historia del motociclismo en Espa\u00f1a a trav\u00e9s de todos sus circuitos m\u00e1s emblem\u00e1ticos\u2026\u00a0m\u00e1s all\u00e1 de sus grandes premios.","canonical":"https:\/\/www.boxrepsol.com\/es\/de-leyenda\/historia-de-los-mejores-circuitos-de-carreras-en-espana\/","og_locale":"es_ES","og_type":"article","og_title":"Historia de los mejores circuitos de carreras en Espa\u00f1a - Box Repsol","og_description":"Una historia del motociclismo en Espa\u00f1a a trav\u00e9s de todos sus circuitos m\u00e1s emblem\u00e1ticos\u2026\u00a0m\u00e1s all\u00e1 de sus grandes premios.","og_url":"https:\/\/www.boxrepsol.com\/es\/de-leyenda\/historia-de-los-mejores-circuitos-de-carreras-en-espana\/","og_site_name":"Box Repsol","article_publisher":"https:\/\/www.facebook.com\/BoxRepsol","article_author":"https:\/\/www.facebook.com\/BoxRepsol\/","article_published_time":"2020-02-19T02:00:00+00:00","article_modified_time":"2024-04-22T10:29:15+00:00","og_image":[{"width":1280,"height":600,"url":"https:\/\/bxrepsol.s3.eu-west-1.amazonaws.com\/static\/2022\/08\/29091450\/nieto-y-marquez-rodando-juntos-1.jpg","type":"image\/jpeg"}],"author":"Redacci\u00f3n Box Repsol","twitter_card":"summary_large_image","twitter_creator":"@https:\/\/twitter.com\/box_repsol","twitter_site":"@box_repsol","twitter_misc":{"Written by":"Redacci\u00f3n Box Repsol","Est. reading time":"6 minutos"},"schema":{"@context":"https:\/\/schema.org","@graph":[{"@type":"Article","@id":"https:\/\/www.boxrepsol.com\/es\/de-leyenda\/historia-de-los-mejores-circuitos-de-carreras-en-espana\/#article","isPartOf":{"@id":"https:\/\/www.boxrepsol.com\/es\/de-leyenda\/historia-de-los-mejores-circuitos-de-carreras-en-espana\/"},"author":{"name":"Redacci\u00f3n Box Repsol","@id":"https:\/\/www.boxrepsol.com\/es\/#\/schema\/person\/c5c2138f2cca251b0ad92b7086bb60b7"},"headline":"Historia de los mejores circuitos de carreras en Espa\u00f1a","datePublished":"2020-02-19T02:00:00+00:00","dateModified":"2024-04-22T10:29:15+00:00","mainEntityOfPage":{"@id":"https:\/\/www.boxrepsol.com\/es\/de-leyenda\/historia-de-los-mejores-circuitos-de-carreras-en-espana\/"},"wordCount":1257,"commentCount":1,"publisher":{"@id":"https:\/\/www.boxrepsol.com\/es\/#organization"},"image":{"@id":"https:\/\/www.boxrepsol.com\/es\/de-leyenda\/historia-de-los-mejores-circuitos-de-carreras-en-espana\/#primaryimage"},"thumbnailUrl":"https:\/\/bxrepsol.s3.eu-west-1.amazonaws.com\/static\/2022\/08\/29091450\/nieto-y-marquez-rodando-juntos-1.jpg","keywords":["carrera y competici\u00f3n","historia del motociclismo"],"articleSection":["De leyenda"],"inLanguage":"es","potentialAction":[{"@type":"CommentAction","name":"Comment","target":["https:\/\/www.boxrepsol.com\/es\/de-leyenda\/historia-de-los-mejores-circuitos-de-carreras-en-espana\/#respond"]}]},{"@type":"WebPage","@id":"https:\/\/www.boxrepsol.com\/es\/de-leyenda\/historia-de-los-mejores-circuitos-de-carreras-en-espana\/","url":"https:\/\/www.boxrepsol.com\/es\/de-leyenda\/historia-de-los-mejores-circuitos-de-carreras-en-espana\/","name":"Historia de los mejores circuitos de carreras en Espa\u00f1a - Box Repsol","isPartOf":{"@id":"https:\/\/www.boxrepsol.com\/es\/#website"},"primaryImageOfPage":{"@id":"https:\/\/www.boxrepsol.com\/es\/de-leyenda\/historia-de-los-mejores-circuitos-de-carreras-en-espana\/#primaryimage"},"image":{"@id":"https:\/\/www.boxrepsol.com\/es\/de-leyenda\/historia-de-los-mejores-circuitos-de-carreras-en-espana\/#primaryimage"},"thumbnailUrl":"https:\/\/bxrepsol.s3.eu-west-1.amazonaws.com\/static\/2022\/08\/29091450\/nieto-y-marquez-rodando-juntos-1.jpg","datePublished":"2020-02-19T02:00:00+00:00","dateModified":"2024-04-22T10:29:15+00:00","description":"Una historia del motociclismo en Espa\u00f1a a trav\u00e9s de todos sus circuitos m\u00e1s emblem\u00e1ticos\u2026\u00a0m\u00e1s all\u00e1 de sus grandes premios.","breadcrumb":{"@id":"https:\/\/www.boxrepsol.com\/es\/de-leyenda\/historia-de-los-mejores-circuitos-de-carreras-en-espana\/#breadcrumb"},"inLanguage":"es","potentialAction":[{"@type":"ReadAction","target":["https:\/\/www.boxrepsol.com\/es\/de-leyenda\/historia-de-los-mejores-circuitos-de-carreras-en-espana\/"]}]},{"@type":"ImageObject","inLanguage":"es","@id":"https:\/\/www.boxrepsol.com\/es\/de-leyenda\/historia-de-los-mejores-circuitos-de-carreras-en-espana\/#primaryimage","url":"https:\/\/bxrepsol.s3.eu-west-1.amazonaws.com\/static\/2022\/08\/29091450\/nieto-y-marquez-rodando-juntos-1.jpg","contentUrl":"https:\/\/bxrepsol.s3.eu-west-1.amazonaws.com\/static\/2022\/08\/29091450\/nieto-y-marquez-rodando-juntos-1.jpg","width":1280,"height":600,"caption":"nieto-y-marquez-rodando-juntos"},{"@type":"BreadcrumbList","@id":"https:\/\/www.boxrepsol.com\/es\/de-leyenda\/historia-de-los-mejores-circuitos-de-carreras-en-espana\/#breadcrumb","itemListElement":[{"@type":"ListItem","position":1,"name":"Home","item":"https:\/\/www.boxrepsol.com\/es\/"},{"@type":"ListItem","position":2,"name":"Historia de los mejores circuitos de carreras en Espa\u00f1a"}]},{"@type":"WebSite","@id":"https:\/\/www.boxrepsol.com\/es\/#website","url":"https:\/\/www.boxrepsol.com\/es\/","name":"Box Repsol","description":"Box Repsol Site","publisher":{"@id":"https:\/\/www.boxrepsol.com\/es\/#organization"},"potentialAction":[{"@type":"SearchAction","target":{"@type":"EntryPoint","urlTemplate":"https:\/\/www.boxrepsol.com\/es\/?s={search_term_string}"},"query-input":{"@type":"PropertyValueSpecification","valueRequired":true,"valueName":"search_term_string"}}],"inLanguage":"es"},{"@type":"Organization","@id":"https:\/\/www.boxrepsol.com\/es\/#organization","name":"Box Repsol","url":"https:\/\/www.boxrepsol.com\/es\/","logo":{"@type":"ImageObject","inLanguage":"es","@id":"https:\/\/www.boxrepsol.com\/es\/#\/schema\/logo\/image\/","url":"https:\/\/bxrepsol.s3.eu-west-1.amazonaws.com\/static\/2025\/07\/30083337\/favicon-96x96-1.png","contentUrl":"https:\/\/bxrepsol.s3.eu-west-1.amazonaws.com\/static\/2025\/07\/30083337\/favicon-96x96-1.png","width":96,"height":96,"caption":"Box Repsol"},"image":{"@id":"https:\/\/www.boxrepsol.com\/es\/#\/schema\/logo\/image\/"},"sameAs":["https:\/\/www.facebook.com\/BoxRepsol","https:\/\/x.com\/box_repsol","http:\/\/instagram.com\/box_repsol","https:\/\/www.youtube.com\/user\/RepsolCompeticion","https:\/\/www.flickr.com\/photos\/box_repsol\/"]},{"@type":"Person","@id":"https:\/\/www.boxrepsol.com\/es\/#\/schema\/person\/c5c2138f2cca251b0ad92b7086bb60b7","name":"Redacci\u00f3n Box Repsol","image":{"@type":"ImageObject","inLanguage":"es","@id":"https:\/\/secure.gravatar.com\/avatar\/adf7b77e38b4419baf32c7e9c21dde01f4e40df611f0978e3006fc4ba0aaab7e?s=96&d=mm&r=g","url":"https:\/\/secure.gravatar.com\/avatar\/adf7b77e38b4419baf32c7e9c21dde01f4e40df611f0978e3006fc4ba0aaab7e?s=96&d=mm&r=g","contentUrl":"https:\/\/secure.gravatar.com\/avatar\/adf7b77e38b4419baf32c7e9c21dde01f4e40df611f0978e3006fc4ba0aaab7e?s=96&d=mm&r=g","caption":"Redacci\u00f3n Box Repsol"},"description":"Box Repsol lo forma un equipo de periodistas, community managers, dise\u00f1adores y fot\u00f3grafos con m\u00e1s de 20 a\u00f1os de experiencia en el mundo del motorsport. Hemos vivido el primer mundial de un espa\u00f1ol en la categor\u00eda reina de motociclismo con \u00c1lex Crivill\u00e9, estuvimos en las victorias de Pedrosa y los t\u00edtulos de M\u00e1rquez, acompa\u00f1amos en \u00c1frica a Nani Roma y Marc Coma en sus conquistas del Dakar y hemos vibrado con los t\u00edtulos de Toni Bou en Trial. Adem\u00e1s, en nuestro equipo contamos con expertos en el mundo de las dos y cuatro ruedas tanto de la calle y las carreteras, como de los circuitos. Periodistas que han trabajado en revistas y publicaciones para hacerte llegar desde rutas y consejos de mantenimiento, a curiosidades y trucos de pilotaje.","sameAs":["https:\/\/www.facebook.com\/BoxRepsol\/","https:\/\/www.instagram.com\/box_repsol\/","https:\/\/x.com\/https:\/\/twitter.com\/box_repsol","https:\/\/www.youtube.com\/@Boxrepsol"],"url":"https:\/\/www.boxrepsol.com\/es\/author\/redaccion-box-repsol\/"}]}},"_links":{"self":[{"href":"https:\/\/www.boxrepsol.com\/es\/wp-json\/wp\/v2\/posts\/94398","targetHints":{"allow":["GET"]}}],"collection":[{"href":"https:\/\/www.boxrepsol.com\/es\/wp-json\/wp\/v2\/posts"}],"about":[{"href":"https:\/\/www.boxrepsol.com\/es\/wp-json\/wp\/v2\/types\/post"}],"author":[{"embeddable":true,"href":"https:\/\/www.boxrepsol.com\/es\/wp-json\/wp\/v2\/users\/43146"}],"replies":[{"embeddable":true,"href":"https:\/\/www.boxrepsol.com\/es\/wp-json\/wp\/v2\/comments?post=94398"}],"version-history":[{"count":5,"href":"https:\/\/www.boxrepsol.com\/es\/wp-json\/wp\/v2\/posts\/94398\/revisions"}],"predecessor-version":[{"id":114283,"href":"https:\/\/www.boxrepsol.com\/es\/wp-json\/wp\/v2\/posts\/94398\/revisions\/114283"}],"wp:featuredmedia":[{"embeddable":true,"href":"https:\/\/www.boxrepsol.com\/es\/wp-json\/wp\/v2\/media\/63825"}],"wp:attachment":[{"href":"https:\/\/www.boxrepsol.com\/es\/wp-json\/wp\/v2\/media?parent=94398"}],"wp:term":[{"taxonomy":"category","embeddable":true,"href":"https:\/\/www.boxrepsol.com\/es\/wp-json\/wp\/v2\/categories?post=94398"},{"taxonomy":"post_tag","embeddable":true,"href":"https:\/\/www.boxrepsol.com\/es\/wp-json\/wp\/v2\/tags?post=94398"}],"curies":[{"name":"wp","href":"https:\/\/api.w.org\/{rel}","templated":true}]}}