{"id":94392,"date":"2020-02-13T00:00:00","date_gmt":"2020-02-13T02:00:00","guid":{"rendered":"http:\/\/pre.boxrepsol.com\/sin-categorizar\/sergio-garcia-ryusei-yamanaka-2020\/"},"modified":"2024-04-22T08:30:02","modified_gmt":"2024-04-22T10:30:02","slug":"sergio-garcia-ryusei-yamanaka-2020","status":"publish","type":"post","link":"https:\/\/www.boxrepsol.com\/es\/moto3\/sergio-garcia-ryusei-yamanaka-2020\/","title":{"rendered":"Sergio Garc\u00eda Dols y Ryusei Yamanaka presentan sus credenciales para 2020"},"content":{"rendered":"<p>El proyecto deportivo de la Monlau Repsol Technical School contar\u00e1 en 2020 con dos promesas de futuro en el Mundial de Moto3: Sergio Garc\u00eda Dols y Ryusei Yamanaka.<\/p>\n<p>Sergio Garc\u00eda Dols iniciar\u00e1 su segundo Mundial completo confirmado como uno de los pilotos con m\u00e1s proyecci\u00f3n de la parrilla. Tras un a\u00f1o para aprender la mayor\u00eda de circuitos del calendario e ir acumulando experiencia carrera tras carrera, el piloto Repsol dej\u00f3 su sello en las dos \u00faltimas citas del campeonato pasado, en las que logr\u00f3 un podio y una victoria.<\/p>\n<p>Su compa\u00f1ero de equipo ser\u00e1 el novel Ryusei Yamanaka, que ya sabe lo que es competir en el Mundial gracias a los cuatro Grandes Premios en los que particip\u00f3 como piloto invitado en 2019. El japon\u00e9s fue quinto en el FIM CEV Repsol la pasada campa\u00f1a \u2013 firmando una victoria y un podio como mejores resultados.<\/p>\n<p>La alianza entre Repsol y Monlau, con una extensa relaci\u00f3n en formar pilotos, mec\u00e1nicos e ingenieros, volver\u00e1 a llevar a los m\u00e1s j\u00f3venes a los campeonatos de base. Otras diez promesas del motociclismo competir\u00e1n en el Mundial Junior de Moto3, en la European Talent Cup -del FIM CEV Repsol- y en el Campeonato de Espa\u00f1a de Velocidad RFME con el sue\u00f1o de llegar alg\u00fan d\u00eda al Mundial de MotoGP, emulando las trayectorias de Marc y \u00c1lex M\u00e1rquez, dos campeones formados con el apoyo de Repsol y Monlau y que hoy ocupan el box del equipo de f\u00e1brica de Honda.<\/p>\n<p><a href=\"https:\/\/bxrepsol.s3.eu-west-1.amazonaws.com\/static\/2022\/08\/05071756\/sergio-garcia-Ryusei-Yamanaka-pilotos-moto3-2020.jpg\" \n   title=\"Sergio Garc\u00eda y Ryusei Yamanaka pilotos del Mundial de Moto3 junto a una moto\" \n   data-gallery-thumbnail=\"https:\/\/bxrepsol.s3.eu-west-1.amazonaws.com\/static\/2022\/08\/05071756\/sergio-garcia-Ryusei-Yamanaka-pilotos-moto3-2020.jpg\"\n   data-gallery-title=\"\"\n   data-gallery><\/p>\n<figure>\n        <picture style=\"padding-bottom: 75.1953125%; background-image: url(https:\/\/bxrepsol.s3.eu-west-1.amazonaws.com\/static\/2022\/08\/05071756\/sergio-garcia-Ryusei-Yamanaka-pilotos-moto3-2020.jpg);\">\n            <img decoding=\"async\" src=\"https:\/\/bxrepsol.s3.eu-west-1.amazonaws.com\/static\/2022\/08\/05071756\/sergio-garcia-Ryusei-Yamanaka-pilotos-moto3-2020.jpg\"><br \/>\n            <img itemprop=\"image\"\n                data-srcset=\"https:\/\/bxrepsol.s3.eu-west-1.amazonaws.com\/static\/2022\/08\/05071756\/sergio-garcia-Ryusei-Yamanaka-pilotos-moto3-2020.jpg 480w, https:\/\/bxrepsol.s3.eu-west-1.amazonaws.com\/static\/2022\/08\/05071756\/sergio-garcia-Ryusei-Yamanaka-pilotos-moto3-2020.jpg 600w, https:\/\/bxrepsol.s3.eu-west-1.amazonaws.com\/static\/2022\/08\/05071756\/sergio-garcia-Ryusei-Yamanaka-pilotos-moto3-2020.jpg 900w\"\n                data-src=\"https:\/\/bxrepsol.s3.eu-west-1.amazonaws.com\/static\/2022\/08\/05071756\/sergio-garcia-Ryusei-Yamanaka-pilotos-moto3-2020.jpg\"\n                alt=\"Sergio Garc\u00eda y Ryusei Yamanaka pilotos del Mundial de Moto3 junto a una moto\"\n                title=\"sergio-garcia-Ryusei-Yamanaka-pilotos-moto3-2020\"\/><br \/>\n            <noscript><img decoding=\"async\" src=\"https:\/\/bxrepsol.s3.eu-west-1.amazonaws.com\/static\/2022\/08\/05071756\/sergio-garcia-Ryusei-Yamanaka-pilotos-moto3-2020.jpg\" alt=\"Sergio Garc\u00eda y Ryusei Yamanaka pilotos del Mundial de Moto3 junto a una moto\"><\/noscript>\n        <\/picture><figcaption>Sergio Garc\u00eda y Ryusei Yamanaka pilotos del Mundial de Moto3 junto a una moto<\/figcaption><\/figure>\n<p><\/a><\/p>\n","protected":false},"excerpt":{"rendered":"<p>Los representantes de la Repsol Monlau Technical School en el Mundial de Moto3 ser\u00e1n Sergio Garc\u00eda Dols, disputando su segundo a\u00f1o, y Ryusei Yamanaka, que particip\u00f3 en cuatro GGPP en 2019<\/p>\n","protected":false},"author":43146,"featured_media":63787,"comment_status":"open","ping_status":"open","sticky":false,"template":"","format":"standard","meta":{"footnotes":""},"categories":[31],"tags":[191,14],"class_list":["post-94392","post","type-post","status-publish","format-standard","hentry","category-moto3","tag-191","tag-moto3"],"yoast_head":"<!-- This site is optimized with the Yoast SEO plugin v27.3 - https:\/\/yoast.com\/product\/yoast-seo-wordpress\/ -->\n<title>Sergio Garc\u00eda Dols y Ryusei Yamanaka presentan sus credenciales para 2020 - Box Repsol<\/title>\n<meta name=\"description\" content=\"Los representantes de la Repsol Monlau Technical School en el Mundial de Moto3 ser\u00e1n Sergio Garc\u00eda Dols y Ryusei Yamanaka.\" \/>\n<link rel=\"canonical\" href=\"https:\/\/www.boxrepsol.com\/es\/moto3\/sergio-garcia-ryusei-yamanaka-2020\/\" \/>\n<meta property=\"og:locale\" content=\"es_ES\" \/>\n<meta property=\"og:type\" content=\"article\" \/>\n<meta property=\"og:title\" content=\"Sergio Garc\u00eda Dols y Ryusei Yamanaka presentan sus credenciales para 2020 - Box Repsol\" \/>\n<meta property=\"og:description\" content=\"Los representantes de la Repsol Monlau Technical School en el Mundial de Moto3 ser\u00e1n Sergio Garc\u00eda Dols y Ryusei Yamanaka.\" \/>\n<meta property=\"og:url\" content=\"https:\/\/www.boxrepsol.com\/es\/moto3\/sergio-garcia-ryusei-yamanaka-2020\/\" \/>\n<meta property=\"og:site_name\" content=\"Box Repsol\" \/>\n<meta property=\"article:publisher\" content=\"https:\/\/www.facebook.com\/BoxRepsol\" \/>\n<meta property=\"article:author\" content=\"https:\/\/www.facebook.com\/BoxRepsol\/\" \/>\n<meta property=\"article:published_time\" content=\"2020-02-13T02:00:00+00:00\" \/>\n<meta property=\"article:modified_time\" content=\"2024-04-22T10:30:02+00:00\" \/>\n<meta property=\"og:image\" content=\"https:\/\/bxrepsol.s3.eu-west-1.amazonaws.com\/static\/2022\/08\/29091430\/sergio-garcia-Ryusei-Yamanaka-pilotos-moto3.jpg\" \/>\n\t<meta property=\"og:image:width\" content=\"1280\" \/>\n\t<meta property=\"og:image:height\" content=\"600\" \/>\n\t<meta property=\"og:image:type\" content=\"image\/jpeg\" \/>\n<meta name=\"author\" content=\"Redacci\u00f3n Box Repsol\" \/>\n<meta name=\"twitter:card\" content=\"summary_large_image\" \/>\n<meta name=\"twitter:creator\" content=\"@https:\/\/twitter.com\/box_repsol\" \/>\n<meta name=\"twitter:site\" content=\"@box_repsol\" \/>\n<meta name=\"twitter:label1\" content=\"Written by\" \/>\n\t<meta name=\"twitter:data1\" content=\"Redacci\u00f3n Box Repsol\" \/>\n\t<meta name=\"twitter:label2\" content=\"Est. reading time\" \/>\n\t<meta name=\"twitter:data2\" content=\"1 minuto\" \/>\n<script type=\"application\/ld+json\" class=\"yoast-schema-graph\">{\"@context\":\"https:\\\/\\\/schema.org\",\"@graph\":[{\"@type\":\"Article\",\"@id\":\"https:\\\/\\\/www.boxrepsol.com\\\/es\\\/moto3\\\/sergio-garcia-ryusei-yamanaka-2020\\\/#article\",\"isPartOf\":{\"@id\":\"https:\\\/\\\/www.boxrepsol.com\\\/es\\\/moto3\\\/sergio-garcia-ryusei-yamanaka-2020\\\/\"},\"author\":{\"name\":\"Redacci\u00f3n Box Repsol\",\"@id\":\"https:\\\/\\\/www.boxrepsol.com\\\/es\\\/#\\\/schema\\\/person\\\/c5c2138f2cca251b0ad92b7086bb60b7\"},\"headline\":\"Sergio Garc\u00eda Dols y Ryusei Yamanaka presentan sus credenciales para 2020\",\"datePublished\":\"2020-02-13T02:00:00+00:00\",\"dateModified\":\"2024-04-22T10:30:02+00:00\",\"mainEntityOfPage\":{\"@id\":\"https:\\\/\\\/www.boxrepsol.com\\\/es\\\/moto3\\\/sergio-garcia-ryusei-yamanaka-2020\\\/\"},\"wordCount\":287,\"commentCount\":0,\"publisher\":{\"@id\":\"https:\\\/\\\/www.boxrepsol.com\\\/es\\\/#organization\"},\"image\":{\"@id\":\"https:\\\/\\\/www.boxrepsol.com\\\/es\\\/moto3\\\/sergio-garcia-ryusei-yamanaka-2020\\\/#primaryimage\"},\"thumbnailUrl\":\"https:\\\/\\\/bxrepsol.s3.eu-west-1.amazonaws.com\\\/static\\\/2022\\\/08\\\/29091430\\\/sergio-garcia-Ryusei-Yamanaka-pilotos-moto3.jpg\",\"keywords\":[\"2020\",\"Moto3\"],\"articleSection\":[\"Moto3\"],\"inLanguage\":\"es\",\"potentialAction\":[{\"@type\":\"CommentAction\",\"name\":\"Comment\",\"target\":[\"https:\\\/\\\/www.boxrepsol.com\\\/es\\\/moto3\\\/sergio-garcia-ryusei-yamanaka-2020\\\/#respond\"]}]},{\"@type\":\"WebPage\",\"@id\":\"https:\\\/\\\/www.boxrepsol.com\\\/es\\\/moto3\\\/sergio-garcia-ryusei-yamanaka-2020\\\/\",\"url\":\"https:\\\/\\\/www.boxrepsol.com\\\/es\\\/moto3\\\/sergio-garcia-ryusei-yamanaka-2020\\\/\",\"name\":\"Sergio Garc\u00eda Dols y Ryusei Yamanaka presentan sus credenciales para 2020 - Box Repsol\",\"isPartOf\":{\"@id\":\"https:\\\/\\\/www.boxrepsol.com\\\/es\\\/#website\"},\"primaryImageOfPage\":{\"@id\":\"https:\\\/\\\/www.boxrepsol.com\\\/es\\\/moto3\\\/sergio-garcia-ryusei-yamanaka-2020\\\/#primaryimage\"},\"image\":{\"@id\":\"https:\\\/\\\/www.boxrepsol.com\\\/es\\\/moto3\\\/sergio-garcia-ryusei-yamanaka-2020\\\/#primaryimage\"},\"thumbnailUrl\":\"https:\\\/\\\/bxrepsol.s3.eu-west-1.amazonaws.com\\\/static\\\/2022\\\/08\\\/29091430\\\/sergio-garcia-Ryusei-Yamanaka-pilotos-moto3.jpg\",\"datePublished\":\"2020-02-13T02:00:00+00:00\",\"dateModified\":\"2024-04-22T10:30:02+00:00\",\"description\":\"Los representantes de la Repsol Monlau Technical School en el Mundial de Moto3 ser\u00e1n Sergio Garc\u00eda Dols y Ryusei Yamanaka.\",\"breadcrumb\":{\"@id\":\"https:\\\/\\\/www.boxrepsol.com\\\/es\\\/moto3\\\/sergio-garcia-ryusei-yamanaka-2020\\\/#breadcrumb\"},\"inLanguage\":\"es\",\"potentialAction\":[{\"@type\":\"ReadAction\",\"target\":[\"https:\\\/\\\/www.boxrepsol.com\\\/es\\\/moto3\\\/sergio-garcia-ryusei-yamanaka-2020\\\/\"]}]},{\"@type\":\"ImageObject\",\"inLanguage\":\"es\",\"@id\":\"https:\\\/\\\/www.boxrepsol.com\\\/es\\\/moto3\\\/sergio-garcia-ryusei-yamanaka-2020\\\/#primaryimage\",\"url\":\"https:\\\/\\\/bxrepsol.s3.eu-west-1.amazonaws.com\\\/static\\\/2022\\\/08\\\/29091430\\\/sergio-garcia-Ryusei-Yamanaka-pilotos-moto3.jpg\",\"contentUrl\":\"https:\\\/\\\/bxrepsol.s3.eu-west-1.amazonaws.com\\\/static\\\/2022\\\/08\\\/29091430\\\/sergio-garcia-Ryusei-Yamanaka-pilotos-moto3.jpg\",\"width\":1280,\"height\":600,\"caption\":\"Sergio Garc\u00eda Dols y Ryusei Yamanaka pilotos del Mundial de Moto3 en sus motos\"},{\"@type\":\"BreadcrumbList\",\"@id\":\"https:\\\/\\\/www.boxrepsol.com\\\/es\\\/moto3\\\/sergio-garcia-ryusei-yamanaka-2020\\\/#breadcrumb\",\"itemListElement\":[{\"@type\":\"ListItem\",\"position\":1,\"name\":\"Home\",\"item\":\"https:\\\/\\\/www.boxrepsol.com\\\/es\\\/\"},{\"@type\":\"ListItem\",\"position\":2,\"name\":\"Sergio Garc\u00eda Dols y Ryusei Yamanaka presentan sus credenciales para 2020\"}]},{\"@type\":\"WebSite\",\"@id\":\"https:\\\/\\\/www.boxrepsol.com\\\/es\\\/#website\",\"url\":\"https:\\\/\\\/www.boxrepsol.com\\\/es\\\/\",\"name\":\"Box Repsol\",\"description\":\"Box Repsol Site\",\"publisher\":{\"@id\":\"https:\\\/\\\/www.boxrepsol.com\\\/es\\\/#organization\"},\"potentialAction\":[{\"@type\":\"SearchAction\",\"target\":{\"@type\":\"EntryPoint\",\"urlTemplate\":\"https:\\\/\\\/www.boxrepsol.com\\\/es\\\/?s={search_term_string}\"},\"query-input\":{\"@type\":\"PropertyValueSpecification\",\"valueRequired\":true,\"valueName\":\"search_term_string\"}}],\"inLanguage\":\"es\"},{\"@type\":\"Organization\",\"@id\":\"https:\\\/\\\/www.boxrepsol.com\\\/es\\\/#organization\",\"name\":\"Box Repsol\",\"url\":\"https:\\\/\\\/www.boxrepsol.com\\\/es\\\/\",\"logo\":{\"@type\":\"ImageObject\",\"inLanguage\":\"es\",\"@id\":\"https:\\\/\\\/www.boxrepsol.com\\\/es\\\/#\\\/schema\\\/logo\\\/image\\\/\",\"url\":\"https:\\\/\\\/bxrepsol.s3.eu-west-1.amazonaws.com\\\/static\\\/2025\\\/07\\\/30083337\\\/favicon-96x96-1.png\",\"contentUrl\":\"https:\\\/\\\/bxrepsol.s3.eu-west-1.amazonaws.com\\\/static\\\/2025\\\/07\\\/30083337\\\/favicon-96x96-1.png\",\"width\":96,\"height\":96,\"caption\":\"Box Repsol\"},\"image\":{\"@id\":\"https:\\\/\\\/www.boxrepsol.com\\\/es\\\/#\\\/schema\\\/logo\\\/image\\\/\"},\"sameAs\":[\"https:\\\/\\\/www.facebook.com\\\/BoxRepsol\",\"https:\\\/\\\/x.com\\\/box_repsol\",\"http:\\\/\\\/instagram.com\\\/box_repsol\",\"https:\\\/\\\/www.youtube.com\\\/user\\\/RepsolCompeticion\",\"https:\\\/\\\/www.flickr.com\\\/photos\\\/box_repsol\\\/\"]},{\"@type\":\"Person\",\"@id\":\"https:\\\/\\\/www.boxrepsol.com\\\/es\\\/#\\\/schema\\\/person\\\/c5c2138f2cca251b0ad92b7086bb60b7\",\"name\":\"Redacci\u00f3n Box Repsol\",\"image\":{\"@type\":\"ImageObject\",\"inLanguage\":\"es\",\"@id\":\"https:\\\/\\\/secure.gravatar.com\\\/avatar\\\/adf7b77e38b4419baf32c7e9c21dde01f4e40df611f0978e3006fc4ba0aaab7e?s=96&d=mm&r=g\",\"url\":\"https:\\\/\\\/secure.gravatar.com\\\/avatar\\\/adf7b77e38b4419baf32c7e9c21dde01f4e40df611f0978e3006fc4ba0aaab7e?s=96&d=mm&r=g\",\"contentUrl\":\"https:\\\/\\\/secure.gravatar.com\\\/avatar\\\/adf7b77e38b4419baf32c7e9c21dde01f4e40df611f0978e3006fc4ba0aaab7e?s=96&d=mm&r=g\",\"caption\":\"Redacci\u00f3n Box Repsol\"},\"description\":\"Box Repsol lo forma un equipo de periodistas, community managers, dise\u00f1adores y fot\u00f3grafos con m\u00e1s de 20 a\u00f1os de experiencia en el mundo del motorsport. Hemos vivido el primer mundial de un espa\u00f1ol en la categor\u00eda reina de motociclismo con \u00c1lex Crivill\u00e9, estuvimos en las victorias de Pedrosa y los t\u00edtulos de M\u00e1rquez, acompa\u00f1amos en \u00c1frica a Nani Roma y Marc Coma en sus conquistas del Dakar y hemos vibrado con los t\u00edtulos de Toni Bou en Trial. Adem\u00e1s, en nuestro equipo contamos con expertos en el mundo de las dos y cuatro ruedas tanto de la calle y las carreteras, como de los circuitos. Periodistas que han trabajado en revistas y publicaciones para hacerte llegar desde rutas y consejos de mantenimiento, a curiosidades y trucos de pilotaje.\",\"sameAs\":[\"https:\\\/\\\/www.facebook.com\\\/BoxRepsol\\\/\",\"https:\\\/\\\/www.instagram.com\\\/box_repsol\\\/\",\"https:\\\/\\\/x.com\\\/https:\\\/\\\/twitter.com\\\/box_repsol\",\"https:\\\/\\\/www.youtube.com\\\/@Boxrepsol\"],\"url\":\"https:\\\/\\\/www.boxrepsol.com\\\/es\\\/author\\\/redaccion-box-repsol\\\/\"}]}<\/script>\n<!-- \/ Yoast SEO plugin. -->","yoast_head_json":{"title":"Sergio Garc\u00eda Dols y Ryusei Yamanaka presentan sus credenciales para 2020 - Box Repsol","description":"Los representantes de la Repsol Monlau Technical School en el Mundial de Moto3 ser\u00e1n Sergio Garc\u00eda Dols y Ryusei Yamanaka.","canonical":"https:\/\/www.boxrepsol.com\/es\/moto3\/sergio-garcia-ryusei-yamanaka-2020\/","og_locale":"es_ES","og_type":"article","og_title":"Sergio Garc\u00eda Dols y Ryusei Yamanaka presentan sus credenciales para 2020 - Box Repsol","og_description":"Los representantes de la Repsol Monlau Technical School en el Mundial de Moto3 ser\u00e1n Sergio Garc\u00eda Dols y Ryusei Yamanaka.","og_url":"https:\/\/www.boxrepsol.com\/es\/moto3\/sergio-garcia-ryusei-yamanaka-2020\/","og_site_name":"Box Repsol","article_publisher":"https:\/\/www.facebook.com\/BoxRepsol","article_author":"https:\/\/www.facebook.com\/BoxRepsol\/","article_published_time":"2020-02-13T02:00:00+00:00","article_modified_time":"2024-04-22T10:30:02+00:00","og_image":[{"width":1280,"height":600,"url":"https:\/\/bxrepsol.s3.eu-west-1.amazonaws.com\/static\/2022\/08\/29091430\/sergio-garcia-Ryusei-Yamanaka-pilotos-moto3.jpg","type":"image\/jpeg"}],"author":"Redacci\u00f3n Box Repsol","twitter_card":"summary_large_image","twitter_creator":"@https:\/\/twitter.com\/box_repsol","twitter_site":"@box_repsol","twitter_misc":{"Written by":"Redacci\u00f3n Box Repsol","Est. reading time":"1 minuto"},"schema":{"@context":"https:\/\/schema.org","@graph":[{"@type":"Article","@id":"https:\/\/www.boxrepsol.com\/es\/moto3\/sergio-garcia-ryusei-yamanaka-2020\/#article","isPartOf":{"@id":"https:\/\/www.boxrepsol.com\/es\/moto3\/sergio-garcia-ryusei-yamanaka-2020\/"},"author":{"name":"Redacci\u00f3n Box Repsol","@id":"https:\/\/www.boxrepsol.com\/es\/#\/schema\/person\/c5c2138f2cca251b0ad92b7086bb60b7"},"headline":"Sergio Garc\u00eda Dols y Ryusei Yamanaka presentan sus credenciales para 2020","datePublished":"2020-02-13T02:00:00+00:00","dateModified":"2024-04-22T10:30:02+00:00","mainEntityOfPage":{"@id":"https:\/\/www.boxrepsol.com\/es\/moto3\/sergio-garcia-ryusei-yamanaka-2020\/"},"wordCount":287,"commentCount":0,"publisher":{"@id":"https:\/\/www.boxrepsol.com\/es\/#organization"},"image":{"@id":"https:\/\/www.boxrepsol.com\/es\/moto3\/sergio-garcia-ryusei-yamanaka-2020\/#primaryimage"},"thumbnailUrl":"https:\/\/bxrepsol.s3.eu-west-1.amazonaws.com\/static\/2022\/08\/29091430\/sergio-garcia-Ryusei-Yamanaka-pilotos-moto3.jpg","keywords":["2020","Moto3"],"articleSection":["Moto3"],"inLanguage":"es","potentialAction":[{"@type":"CommentAction","name":"Comment","target":["https:\/\/www.boxrepsol.com\/es\/moto3\/sergio-garcia-ryusei-yamanaka-2020\/#respond"]}]},{"@type":"WebPage","@id":"https:\/\/www.boxrepsol.com\/es\/moto3\/sergio-garcia-ryusei-yamanaka-2020\/","url":"https:\/\/www.boxrepsol.com\/es\/moto3\/sergio-garcia-ryusei-yamanaka-2020\/","name":"Sergio Garc\u00eda Dols y Ryusei Yamanaka presentan sus credenciales para 2020 - Box Repsol","isPartOf":{"@id":"https:\/\/www.boxrepsol.com\/es\/#website"},"primaryImageOfPage":{"@id":"https:\/\/www.boxrepsol.com\/es\/moto3\/sergio-garcia-ryusei-yamanaka-2020\/#primaryimage"},"image":{"@id":"https:\/\/www.boxrepsol.com\/es\/moto3\/sergio-garcia-ryusei-yamanaka-2020\/#primaryimage"},"thumbnailUrl":"https:\/\/bxrepsol.s3.eu-west-1.amazonaws.com\/static\/2022\/08\/29091430\/sergio-garcia-Ryusei-Yamanaka-pilotos-moto3.jpg","datePublished":"2020-02-13T02:00:00+00:00","dateModified":"2024-04-22T10:30:02+00:00","description":"Los representantes de la Repsol Monlau Technical School en el Mundial de Moto3 ser\u00e1n Sergio Garc\u00eda Dols y Ryusei Yamanaka.","breadcrumb":{"@id":"https:\/\/www.boxrepsol.com\/es\/moto3\/sergio-garcia-ryusei-yamanaka-2020\/#breadcrumb"},"inLanguage":"es","potentialAction":[{"@type":"ReadAction","target":["https:\/\/www.boxrepsol.com\/es\/moto3\/sergio-garcia-ryusei-yamanaka-2020\/"]}]},{"@type":"ImageObject","inLanguage":"es","@id":"https:\/\/www.boxrepsol.com\/es\/moto3\/sergio-garcia-ryusei-yamanaka-2020\/#primaryimage","url":"https:\/\/bxrepsol.s3.eu-west-1.amazonaws.com\/static\/2022\/08\/29091430\/sergio-garcia-Ryusei-Yamanaka-pilotos-moto3.jpg","contentUrl":"https:\/\/bxrepsol.s3.eu-west-1.amazonaws.com\/static\/2022\/08\/29091430\/sergio-garcia-Ryusei-Yamanaka-pilotos-moto3.jpg","width":1280,"height":600,"caption":"Sergio Garc\u00eda Dols y Ryusei Yamanaka pilotos del Mundial de Moto3 en sus motos"},{"@type":"BreadcrumbList","@id":"https:\/\/www.boxrepsol.com\/es\/moto3\/sergio-garcia-ryusei-yamanaka-2020\/#breadcrumb","itemListElement":[{"@type":"ListItem","position":1,"name":"Home","item":"https:\/\/www.boxrepsol.com\/es\/"},{"@type":"ListItem","position":2,"name":"Sergio Garc\u00eda Dols y Ryusei Yamanaka presentan sus credenciales para 2020"}]},{"@type":"WebSite","@id":"https:\/\/www.boxrepsol.com\/es\/#website","url":"https:\/\/www.boxrepsol.com\/es\/","name":"Box Repsol","description":"Box Repsol Site","publisher":{"@id":"https:\/\/www.boxrepsol.com\/es\/#organization"},"potentialAction":[{"@type":"SearchAction","target":{"@type":"EntryPoint","urlTemplate":"https:\/\/www.boxrepsol.com\/es\/?s={search_term_string}"},"query-input":{"@type":"PropertyValueSpecification","valueRequired":true,"valueName":"search_term_string"}}],"inLanguage":"es"},{"@type":"Organization","@id":"https:\/\/www.boxrepsol.com\/es\/#organization","name":"Box Repsol","url":"https:\/\/www.boxrepsol.com\/es\/","logo":{"@type":"ImageObject","inLanguage":"es","@id":"https:\/\/www.boxrepsol.com\/es\/#\/schema\/logo\/image\/","url":"https:\/\/bxrepsol.s3.eu-west-1.amazonaws.com\/static\/2025\/07\/30083337\/favicon-96x96-1.png","contentUrl":"https:\/\/bxrepsol.s3.eu-west-1.amazonaws.com\/static\/2025\/07\/30083337\/favicon-96x96-1.png","width":96,"height":96,"caption":"Box Repsol"},"image":{"@id":"https:\/\/www.boxrepsol.com\/es\/#\/schema\/logo\/image\/"},"sameAs":["https:\/\/www.facebook.com\/BoxRepsol","https:\/\/x.com\/box_repsol","http:\/\/instagram.com\/box_repsol","https:\/\/www.youtube.com\/user\/RepsolCompeticion","https:\/\/www.flickr.com\/photos\/box_repsol\/"]},{"@type":"Person","@id":"https:\/\/www.boxrepsol.com\/es\/#\/schema\/person\/c5c2138f2cca251b0ad92b7086bb60b7","name":"Redacci\u00f3n Box Repsol","image":{"@type":"ImageObject","inLanguage":"es","@id":"https:\/\/secure.gravatar.com\/avatar\/adf7b77e38b4419baf32c7e9c21dde01f4e40df611f0978e3006fc4ba0aaab7e?s=96&d=mm&r=g","url":"https:\/\/secure.gravatar.com\/avatar\/adf7b77e38b4419baf32c7e9c21dde01f4e40df611f0978e3006fc4ba0aaab7e?s=96&d=mm&r=g","contentUrl":"https:\/\/secure.gravatar.com\/avatar\/adf7b77e38b4419baf32c7e9c21dde01f4e40df611f0978e3006fc4ba0aaab7e?s=96&d=mm&r=g","caption":"Redacci\u00f3n Box Repsol"},"description":"Box Repsol lo forma un equipo de periodistas, community managers, dise\u00f1adores y fot\u00f3grafos con m\u00e1s de 20 a\u00f1os de experiencia en el mundo del motorsport. Hemos vivido el primer mundial de un espa\u00f1ol en la categor\u00eda reina de motociclismo con \u00c1lex Crivill\u00e9, estuvimos en las victorias de Pedrosa y los t\u00edtulos de M\u00e1rquez, acompa\u00f1amos en \u00c1frica a Nani Roma y Marc Coma en sus conquistas del Dakar y hemos vibrado con los t\u00edtulos de Toni Bou en Trial. Adem\u00e1s, en nuestro equipo contamos con expertos en el mundo de las dos y cuatro ruedas tanto de la calle y las carreteras, como de los circuitos. Periodistas que han trabajado en revistas y publicaciones para hacerte llegar desde rutas y consejos de mantenimiento, a curiosidades y trucos de pilotaje.","sameAs":["https:\/\/www.facebook.com\/BoxRepsol\/","https:\/\/www.instagram.com\/box_repsol\/","https:\/\/x.com\/https:\/\/twitter.com\/box_repsol","https:\/\/www.youtube.com\/@Boxrepsol"],"url":"https:\/\/www.boxrepsol.com\/es\/author\/redaccion-box-repsol\/"}]}},"_links":{"self":[{"href":"https:\/\/www.boxrepsol.com\/es\/wp-json\/wp\/v2\/posts\/94392","targetHints":{"allow":["GET"]}}],"collection":[{"href":"https:\/\/www.boxrepsol.com\/es\/wp-json\/wp\/v2\/posts"}],"about":[{"href":"https:\/\/www.boxrepsol.com\/es\/wp-json\/wp\/v2\/types\/post"}],"author":[{"embeddable":true,"href":"https:\/\/www.boxrepsol.com\/es\/wp-json\/wp\/v2\/users\/43146"}],"replies":[{"embeddable":true,"href":"https:\/\/www.boxrepsol.com\/es\/wp-json\/wp\/v2\/comments?post=94392"}],"version-history":[{"count":1,"href":"https:\/\/www.boxrepsol.com\/es\/wp-json\/wp\/v2\/posts\/94392\/revisions"}],"predecessor-version":[{"id":94393,"href":"https:\/\/www.boxrepsol.com\/es\/wp-json\/wp\/v2\/posts\/94392\/revisions\/94393"}],"wp:featuredmedia":[{"embeddable":true,"href":"https:\/\/www.boxrepsol.com\/es\/wp-json\/wp\/v2\/media\/63787"}],"wp:attachment":[{"href":"https:\/\/www.boxrepsol.com\/es\/wp-json\/wp\/v2\/media?parent=94392"}],"wp:term":[{"taxonomy":"category","embeddable":true,"href":"https:\/\/www.boxrepsol.com\/es\/wp-json\/wp\/v2\/categories?post=94392"},{"taxonomy":"post_tag","embeddable":true,"href":"https:\/\/www.boxrepsol.com\/es\/wp-json\/wp\/v2\/tags?post=94392"}],"curies":[{"name":"wp","href":"https:\/\/api.w.org\/{rel}","templated":true}]}}