{"id":94383,"date":"2020-02-10T00:00:00","date_gmt":"2020-02-10T02:00:00","guid":{"rendered":"http:\/\/pre.boxrepsol.com\/sin-categorizar\/trabajo-continua-marc-alex-marquez-sepang\/"},"modified":"2024-04-22T08:30:37","modified_gmt":"2024-04-22T10:30:37","slug":"trabajo-continua-marc-alex-marquez-sepang","status":"publish","type":"post","link":"https:\/\/www.boxrepsol.com\/es\/motogp\/trabajo-continua-marc-alex-marquez-sepang\/","title":{"rendered":"El trabajo contin\u00faa para Marc y \u00c1lex M\u00e1rquez en Sepang"},"content":{"rendered":"<p>Manteniendo lo planeado para estos test de Malasia, Marc M\u00e1rquez ha vuelto a limitar su tiempo en pista con el objetivo de que su hombro derecho llegue en las mejores condiciones posibles a la primera carrera en Catar. <strong>Marcando un mejor tiempo de 1 minuto, 59 segundos y 97 mil\u00e9simas en la vuelta 10 de 47 completadas<\/strong>, el piloto del Repsol Honda ha seguido trabajando en varios aspectos para la temporada 2020. En el tramo final de la sesi\u00f3n, el vigente Campe\u00f3n del Mundo de MotoGP ha sufrido una ca\u00edda en la curva 3 sin consecuencias.<\/p>\n<p>\u00c1lex M\u00e1rquez ha continuado con su progresi\u00f3n, estableciendo su mejor registro de 1 minuto, 59 segundos y 661 mil\u00e9simas durante su primera salida. <strong>El buen tiempo ha permitido al Campe\u00f3n del Mundo de Moto2 entender el rendimiento de la RC213V durante una manga de muchas vueltas <\/strong>y el comportamiento de los neum\u00e1ticos usados. Tras un par\u00f3n al mediod\u00eda, \u00c1lex ha vuelto al trabajo a falta de una hora para el final de la sesi\u00f3n y ha terminado la segunda jornada completando un total de 66 vueltas.<\/p>\n<p>                <!-- Imagen relacionada --><br \/>\n        <img loading=\"lazy\" decoding=\"async\" width=\"404\" height=\"336\" src=\"https:\/\/bxrepsol.s3.eu-west-1.amazonaws.com\/static\/2022\/08\/05071733\/Sepang_1280-1.jpg\" alt=\"Marc M\u00e1rquez Sepang 2020\" \/><br \/>\n                <!-- Categor\u00eda --><br \/>\n            MotoGP<br \/>\n        <!-- T\u00edtulo --><br \/>\n        <a href=\"https:\/\/www.boxrepsol.com\/es\/motogp\/sepang-2020\/\"><\/p>\n<h3>El equipo Repsol Honda vuelve al trabajo en el test de Sepang<\/h3>\n<p>        <\/a><br \/>\n                    <!-- Fecha --><br \/>\n            hace 1 hora        <\/p>\n<h2>Test Sepang 2020 d\u00eda 2 &#8211; Declaraciones de los pilotos<\/h2>\n<p><a href=\"https:\/\/twitter.com\/hashtag\/MM93?src=hashtag_click\">#MM93<\/a><\/p>\n<p><em><strong>He terminado el d\u00eda con buenas sensaciones, ya que por la ma\u00f1ana hemos marcado un buen ritmo y he dado lo mejor de m\u00ed.<\/strong> He sufrido una peque\u00f1a ca\u00edda en la curva 15, pero ha sido a causa de mi condici\u00f3n f\u00edsica. Es bueno saber d\u00f3nde est\u00e1 el l\u00edmite, y aunque hubiese sido mejor no irme al suelo, me encuentro bien. <\/p>\n<p><strong>Hoy he vuelto a completar 47 vueltas, pero esta vez el ritmo ha sido diferente<\/strong>. He probado algunas cosas, pero todav\u00eda queda trabajo por hacer. Hoy las mangas han sido algo m\u00e1s largas que en d\u00edas anteriores, pero nuestra velocidad ha seguido siendo buena.<\/p>\n<p><\/em><\/p>\n<hr\/>\n<p><a href=\"https:\/\/twitter.com\/hashtag\/AM73?src=hashtag_click\">#AM73<\/a><\/p>\n<p><em><strong>Las sensaciones generales han ido mejorando d\u00eda a d\u00eda<\/strong>, hemos sido m\u00e1s r\u00e1pidos y nos hemos encontrado m\u00e1s c\u00f3modos; esto es lo m\u00e1s importante. Solo quedan tres d\u00edas m\u00e1s de pretemporada para prepararnos para el Gran Premio de Catar, pero cada vez estamos m\u00e1s cerca. <\/p>\n<p><strong>Todav\u00eda tenemos que seguir aprendiendo, pero mis conocimientos aumentan en cada salida a pista y estoy satisfecho con todo lo que hemos logrado<\/strong>. Para el test de Catar, el objetivo es entender la puesta a punto de la moto que se adapte a m\u00ed y a las diferentes condiciones en pista. Hemos probado muchas cosas en este test, as\u00ed que me voy contento.<\/em><\/p>\n","protected":false},"excerpt":{"rendered":"<p>Las buenas condiciones en pista han permitido a ambos pilotos del equipo Repsol Honda seguir sus planes de entrenamientos y mejorar los tiempos del primer d\u00eda<\/p>\n","protected":false},"author":43146,"featured_media":63738,"comment_status":"open","ping_status":"open","sticky":false,"template":"","format":"standard","meta":{"footnotes":""},"categories":[4],"tags":[15],"class_list":["post-94383","post","type-post","status-publish","format-standard","hentry","category-motogp","tag-pretemporada"],"yoast_head":"<!-- This site is optimized with the Yoast SEO plugin v27.3 - https:\/\/yoast.com\/product\/yoast-seo-wordpress\/ -->\n<title>Test Sepang 2020 d\u00eda 2 - El trabajo contin\u00faa para Marc y \u00c1lex M\u00e1rquez<\/title>\n<meta name=\"description\" content=\"Las buenas condiciones en pista han permitido a ambos pilotos del equipo Repsol Honda seguir sus planes de entrenamientos y mejorar los tiempos.\" \/>\n<link rel=\"canonical\" href=\"https:\/\/www.boxrepsol.com\/es\/motogp\/trabajo-continua-marc-alex-marquez-sepang\/\" \/>\n<meta property=\"og:locale\" content=\"es_ES\" \/>\n<meta property=\"og:type\" content=\"article\" \/>\n<meta property=\"og:title\" content=\"Test Sepang 2020 d\u00eda 2 - El trabajo contin\u00faa para Marc y \u00c1lex M\u00e1rquez\" \/>\n<meta property=\"og:description\" content=\"Las buenas condiciones en pista han permitido a ambos pilotos del equipo Repsol Honda seguir sus planes de entrenamientos y mejorar los tiempos.\" \/>\n<meta property=\"og:url\" content=\"https:\/\/www.boxrepsol.com\/es\/motogp\/trabajo-continua-marc-alex-marquez-sepang\/\" \/>\n<meta property=\"og:site_name\" content=\"Box Repsol\" \/>\n<meta property=\"article:publisher\" content=\"https:\/\/www.facebook.com\/BoxRepsol\" \/>\n<meta property=\"article:author\" content=\"https:\/\/www.facebook.com\/BoxRepsol\/\" \/>\n<meta property=\"article:published_time\" content=\"2020-02-10T02:00:00+00:00\" \/>\n<meta property=\"article:modified_time\" content=\"2024-04-22T10:30:37+00:00\" \/>\n<meta property=\"og:image\" content=\"https:\/\/bxrepsol.s3.eu-west-1.amazonaws.com\/static\/2022\/08\/29091404\/00_mm93_test_sepang_2020_motogp_repsol_honda.jpg\" \/>\n\t<meta property=\"og:image:width\" content=\"1280\" \/>\n\t<meta property=\"og:image:height\" content=\"600\" \/>\n\t<meta property=\"og:image:type\" content=\"image\/jpeg\" \/>\n<meta name=\"author\" content=\"Redacci\u00f3n Box Repsol\" \/>\n<meta name=\"twitter:card\" content=\"summary_large_image\" \/>\n<meta name=\"twitter:creator\" content=\"@https:\/\/twitter.com\/box_repsol\" \/>\n<meta name=\"twitter:site\" content=\"@box_repsol\" \/>\n<meta name=\"twitter:label1\" content=\"Written by\" \/>\n\t<meta name=\"twitter:data1\" content=\"Redacci\u00f3n Box Repsol\" \/>\n\t<meta name=\"twitter:label2\" content=\"Est. reading time\" \/>\n\t<meta name=\"twitter:data2\" content=\"2 minutos\" \/>\n<script type=\"application\/ld+json\" class=\"yoast-schema-graph\">{\"@context\":\"https:\\\/\\\/schema.org\",\"@graph\":[{\"@type\":\"Article\",\"@id\":\"https:\\\/\\\/www.boxrepsol.com\\\/es\\\/motogp\\\/trabajo-continua-marc-alex-marquez-sepang\\\/#article\",\"isPartOf\":{\"@id\":\"https:\\\/\\\/www.boxrepsol.com\\\/es\\\/motogp\\\/trabajo-continua-marc-alex-marquez-sepang\\\/\"},\"author\":{\"name\":\"Redacci\u00f3n Box Repsol\",\"@id\":\"https:\\\/\\\/www.boxrepsol.com\\\/es\\\/#\\\/schema\\\/person\\\/c5c2138f2cca251b0ad92b7086bb60b7\"},\"headline\":\"El trabajo contin\u00faa para Marc y \u00c1lex M\u00e1rquez en Sepang\",\"datePublished\":\"2020-02-10T02:00:00+00:00\",\"dateModified\":\"2024-04-22T10:30:37+00:00\",\"mainEntityOfPage\":{\"@id\":\"https:\\\/\\\/www.boxrepsol.com\\\/es\\\/motogp\\\/trabajo-continua-marc-alex-marquez-sepang\\\/\"},\"wordCount\":456,\"commentCount\":0,\"publisher\":{\"@id\":\"https:\\\/\\\/www.boxrepsol.com\\\/es\\\/#organization\"},\"image\":{\"@id\":\"https:\\\/\\\/www.boxrepsol.com\\\/es\\\/motogp\\\/trabajo-continua-marc-alex-marquez-sepang\\\/#primaryimage\"},\"thumbnailUrl\":\"https:\\\/\\\/bxrepsol.s3.eu-west-1.amazonaws.com\\\/static\\\/2022\\\/08\\\/29091404\\\/00_mm93_test_sepang_2020_motogp_repsol_honda.jpg\",\"keywords\":[\"pretemporada\"],\"articleSection\":[\"MotoGP\"],\"inLanguage\":\"es\",\"potentialAction\":[{\"@type\":\"CommentAction\",\"name\":\"Comment\",\"target\":[\"https:\\\/\\\/www.boxrepsol.com\\\/es\\\/motogp\\\/trabajo-continua-marc-alex-marquez-sepang\\\/#respond\"]}]},{\"@type\":\"WebPage\",\"@id\":\"https:\\\/\\\/www.boxrepsol.com\\\/es\\\/motogp\\\/trabajo-continua-marc-alex-marquez-sepang\\\/\",\"url\":\"https:\\\/\\\/www.boxrepsol.com\\\/es\\\/motogp\\\/trabajo-continua-marc-alex-marquez-sepang\\\/\",\"name\":\"Test Sepang 2020 d\u00eda 2 - El trabajo contin\u00faa para Marc y \u00c1lex M\u00e1rquez\",\"isPartOf\":{\"@id\":\"https:\\\/\\\/www.boxrepsol.com\\\/es\\\/#website\"},\"primaryImageOfPage\":{\"@id\":\"https:\\\/\\\/www.boxrepsol.com\\\/es\\\/motogp\\\/trabajo-continua-marc-alex-marquez-sepang\\\/#primaryimage\"},\"image\":{\"@id\":\"https:\\\/\\\/www.boxrepsol.com\\\/es\\\/motogp\\\/trabajo-continua-marc-alex-marquez-sepang\\\/#primaryimage\"},\"thumbnailUrl\":\"https:\\\/\\\/bxrepsol.s3.eu-west-1.amazonaws.com\\\/static\\\/2022\\\/08\\\/29091404\\\/00_mm93_test_sepang_2020_motogp_repsol_honda.jpg\",\"datePublished\":\"2020-02-10T02:00:00+00:00\",\"dateModified\":\"2024-04-22T10:30:37+00:00\",\"description\":\"Las buenas condiciones en pista han permitido a ambos pilotos del equipo Repsol Honda seguir sus planes de entrenamientos y mejorar los tiempos.\",\"breadcrumb\":{\"@id\":\"https:\\\/\\\/www.boxrepsol.com\\\/es\\\/motogp\\\/trabajo-continua-marc-alex-marquez-sepang\\\/#breadcrumb\"},\"inLanguage\":\"es\",\"potentialAction\":[{\"@type\":\"ReadAction\",\"target\":[\"https:\\\/\\\/www.boxrepsol.com\\\/es\\\/motogp\\\/trabajo-continua-marc-alex-marquez-sepang\\\/\"]}]},{\"@type\":\"ImageObject\",\"inLanguage\":\"es\",\"@id\":\"https:\\\/\\\/www.boxrepsol.com\\\/es\\\/motogp\\\/trabajo-continua-marc-alex-marquez-sepang\\\/#primaryimage\",\"url\":\"https:\\\/\\\/bxrepsol.s3.eu-west-1.amazonaws.com\\\/static\\\/2022\\\/08\\\/29091404\\\/00_mm93_test_sepang_2020_motogp_repsol_honda.jpg\",\"contentUrl\":\"https:\\\/\\\/bxrepsol.s3.eu-west-1.amazonaws.com\\\/static\\\/2022\\\/08\\\/29091404\\\/00_mm93_test_sepang_2020_motogp_repsol_honda.jpg\",\"width\":1280,\"height\":600,\"caption\":\"Marc M\u00e1rquez cruzando la l\u00ednea de meta\"},{\"@type\":\"BreadcrumbList\",\"@id\":\"https:\\\/\\\/www.boxrepsol.com\\\/es\\\/motogp\\\/trabajo-continua-marc-alex-marquez-sepang\\\/#breadcrumb\",\"itemListElement\":[{\"@type\":\"ListItem\",\"position\":1,\"name\":\"Home\",\"item\":\"https:\\\/\\\/www.boxrepsol.com\\\/es\\\/\"},{\"@type\":\"ListItem\",\"position\":2,\"name\":\"El trabajo contin\u00faa para Marc y \u00c1lex M\u00e1rquez en Sepang\"}]},{\"@type\":\"WebSite\",\"@id\":\"https:\\\/\\\/www.boxrepsol.com\\\/es\\\/#website\",\"url\":\"https:\\\/\\\/www.boxrepsol.com\\\/es\\\/\",\"name\":\"Box Repsol\",\"description\":\"Box Repsol Site\",\"publisher\":{\"@id\":\"https:\\\/\\\/www.boxrepsol.com\\\/es\\\/#organization\"},\"potentialAction\":[{\"@type\":\"SearchAction\",\"target\":{\"@type\":\"EntryPoint\",\"urlTemplate\":\"https:\\\/\\\/www.boxrepsol.com\\\/es\\\/?s={search_term_string}\"},\"query-input\":{\"@type\":\"PropertyValueSpecification\",\"valueRequired\":true,\"valueName\":\"search_term_string\"}}],\"inLanguage\":\"es\"},{\"@type\":\"Organization\",\"@id\":\"https:\\\/\\\/www.boxrepsol.com\\\/es\\\/#organization\",\"name\":\"Box Repsol\",\"url\":\"https:\\\/\\\/www.boxrepsol.com\\\/es\\\/\",\"logo\":{\"@type\":\"ImageObject\",\"inLanguage\":\"es\",\"@id\":\"https:\\\/\\\/www.boxrepsol.com\\\/es\\\/#\\\/schema\\\/logo\\\/image\\\/\",\"url\":\"https:\\\/\\\/bxrepsol.s3.eu-west-1.amazonaws.com\\\/static\\\/2025\\\/07\\\/30083337\\\/favicon-96x96-1.png\",\"contentUrl\":\"https:\\\/\\\/bxrepsol.s3.eu-west-1.amazonaws.com\\\/static\\\/2025\\\/07\\\/30083337\\\/favicon-96x96-1.png\",\"width\":96,\"height\":96,\"caption\":\"Box Repsol\"},\"image\":{\"@id\":\"https:\\\/\\\/www.boxrepsol.com\\\/es\\\/#\\\/schema\\\/logo\\\/image\\\/\"},\"sameAs\":[\"https:\\\/\\\/www.facebook.com\\\/BoxRepsol\",\"https:\\\/\\\/x.com\\\/box_repsol\",\"http:\\\/\\\/instagram.com\\\/box_repsol\",\"https:\\\/\\\/www.youtube.com\\\/user\\\/RepsolCompeticion\",\"https:\\\/\\\/www.flickr.com\\\/photos\\\/box_repsol\\\/\"]},{\"@type\":\"Person\",\"@id\":\"https:\\\/\\\/www.boxrepsol.com\\\/es\\\/#\\\/schema\\\/person\\\/c5c2138f2cca251b0ad92b7086bb60b7\",\"name\":\"Redacci\u00f3n Box Repsol\",\"image\":{\"@type\":\"ImageObject\",\"inLanguage\":\"es\",\"@id\":\"https:\\\/\\\/secure.gravatar.com\\\/avatar\\\/adf7b77e38b4419baf32c7e9c21dde01f4e40df611f0978e3006fc4ba0aaab7e?s=96&d=mm&r=g\",\"url\":\"https:\\\/\\\/secure.gravatar.com\\\/avatar\\\/adf7b77e38b4419baf32c7e9c21dde01f4e40df611f0978e3006fc4ba0aaab7e?s=96&d=mm&r=g\",\"contentUrl\":\"https:\\\/\\\/secure.gravatar.com\\\/avatar\\\/adf7b77e38b4419baf32c7e9c21dde01f4e40df611f0978e3006fc4ba0aaab7e?s=96&d=mm&r=g\",\"caption\":\"Redacci\u00f3n Box Repsol\"},\"description\":\"Box Repsol lo forma un equipo de periodistas, community managers, dise\u00f1adores y fot\u00f3grafos con m\u00e1s de 20 a\u00f1os de experiencia en el mundo del motorsport. Hemos vivido el primer mundial de un espa\u00f1ol en la categor\u00eda reina de motociclismo con \u00c1lex Crivill\u00e9, estuvimos en las victorias de Pedrosa y los t\u00edtulos de M\u00e1rquez, acompa\u00f1amos en \u00c1frica a Nani Roma y Marc Coma en sus conquistas del Dakar y hemos vibrado con los t\u00edtulos de Toni Bou en Trial. Adem\u00e1s, en nuestro equipo contamos con expertos en el mundo de las dos y cuatro ruedas tanto de la calle y las carreteras, como de los circuitos. Periodistas que han trabajado en revistas y publicaciones para hacerte llegar desde rutas y consejos de mantenimiento, a curiosidades y trucos de pilotaje.\",\"sameAs\":[\"https:\\\/\\\/www.facebook.com\\\/BoxRepsol\\\/\",\"https:\\\/\\\/www.instagram.com\\\/box_repsol\\\/\",\"https:\\\/\\\/x.com\\\/https:\\\/\\\/twitter.com\\\/box_repsol\",\"https:\\\/\\\/www.youtube.com\\\/@Boxrepsol\"],\"url\":\"https:\\\/\\\/www.boxrepsol.com\\\/es\\\/author\\\/redaccion-box-repsol\\\/\"}]}<\/script>\n<!-- \/ Yoast SEO plugin. -->","yoast_head_json":{"title":"Test Sepang 2020 d\u00eda 2 - El trabajo contin\u00faa para Marc y \u00c1lex M\u00e1rquez","description":"Las buenas condiciones en pista han permitido a ambos pilotos del equipo Repsol Honda seguir sus planes de entrenamientos y mejorar los tiempos.","canonical":"https:\/\/www.boxrepsol.com\/es\/motogp\/trabajo-continua-marc-alex-marquez-sepang\/","og_locale":"es_ES","og_type":"article","og_title":"Test Sepang 2020 d\u00eda 2 - El trabajo contin\u00faa para Marc y \u00c1lex M\u00e1rquez","og_description":"Las buenas condiciones en pista han permitido a ambos pilotos del equipo Repsol Honda seguir sus planes de entrenamientos y mejorar los tiempos.","og_url":"https:\/\/www.boxrepsol.com\/es\/motogp\/trabajo-continua-marc-alex-marquez-sepang\/","og_site_name":"Box Repsol","article_publisher":"https:\/\/www.facebook.com\/BoxRepsol","article_author":"https:\/\/www.facebook.com\/BoxRepsol\/","article_published_time":"2020-02-10T02:00:00+00:00","article_modified_time":"2024-04-22T10:30:37+00:00","og_image":[{"width":1280,"height":600,"url":"https:\/\/bxrepsol.s3.eu-west-1.amazonaws.com\/static\/2022\/08\/29091404\/00_mm93_test_sepang_2020_motogp_repsol_honda.jpg","type":"image\/jpeg"}],"author":"Redacci\u00f3n Box Repsol","twitter_card":"summary_large_image","twitter_creator":"@https:\/\/twitter.com\/box_repsol","twitter_site":"@box_repsol","twitter_misc":{"Written by":"Redacci\u00f3n Box Repsol","Est. reading time":"2 minutos"},"schema":{"@context":"https:\/\/schema.org","@graph":[{"@type":"Article","@id":"https:\/\/www.boxrepsol.com\/es\/motogp\/trabajo-continua-marc-alex-marquez-sepang\/#article","isPartOf":{"@id":"https:\/\/www.boxrepsol.com\/es\/motogp\/trabajo-continua-marc-alex-marquez-sepang\/"},"author":{"name":"Redacci\u00f3n Box Repsol","@id":"https:\/\/www.boxrepsol.com\/es\/#\/schema\/person\/c5c2138f2cca251b0ad92b7086bb60b7"},"headline":"El trabajo contin\u00faa para Marc y \u00c1lex M\u00e1rquez en Sepang","datePublished":"2020-02-10T02:00:00+00:00","dateModified":"2024-04-22T10:30:37+00:00","mainEntityOfPage":{"@id":"https:\/\/www.boxrepsol.com\/es\/motogp\/trabajo-continua-marc-alex-marquez-sepang\/"},"wordCount":456,"commentCount":0,"publisher":{"@id":"https:\/\/www.boxrepsol.com\/es\/#organization"},"image":{"@id":"https:\/\/www.boxrepsol.com\/es\/motogp\/trabajo-continua-marc-alex-marquez-sepang\/#primaryimage"},"thumbnailUrl":"https:\/\/bxrepsol.s3.eu-west-1.amazonaws.com\/static\/2022\/08\/29091404\/00_mm93_test_sepang_2020_motogp_repsol_honda.jpg","keywords":["pretemporada"],"articleSection":["MotoGP"],"inLanguage":"es","potentialAction":[{"@type":"CommentAction","name":"Comment","target":["https:\/\/www.boxrepsol.com\/es\/motogp\/trabajo-continua-marc-alex-marquez-sepang\/#respond"]}]},{"@type":"WebPage","@id":"https:\/\/www.boxrepsol.com\/es\/motogp\/trabajo-continua-marc-alex-marquez-sepang\/","url":"https:\/\/www.boxrepsol.com\/es\/motogp\/trabajo-continua-marc-alex-marquez-sepang\/","name":"Test Sepang 2020 d\u00eda 2 - El trabajo contin\u00faa para Marc y \u00c1lex M\u00e1rquez","isPartOf":{"@id":"https:\/\/www.boxrepsol.com\/es\/#website"},"primaryImageOfPage":{"@id":"https:\/\/www.boxrepsol.com\/es\/motogp\/trabajo-continua-marc-alex-marquez-sepang\/#primaryimage"},"image":{"@id":"https:\/\/www.boxrepsol.com\/es\/motogp\/trabajo-continua-marc-alex-marquez-sepang\/#primaryimage"},"thumbnailUrl":"https:\/\/bxrepsol.s3.eu-west-1.amazonaws.com\/static\/2022\/08\/29091404\/00_mm93_test_sepang_2020_motogp_repsol_honda.jpg","datePublished":"2020-02-10T02:00:00+00:00","dateModified":"2024-04-22T10:30:37+00:00","description":"Las buenas condiciones en pista han permitido a ambos pilotos del equipo Repsol Honda seguir sus planes de entrenamientos y mejorar los tiempos.","breadcrumb":{"@id":"https:\/\/www.boxrepsol.com\/es\/motogp\/trabajo-continua-marc-alex-marquez-sepang\/#breadcrumb"},"inLanguage":"es","potentialAction":[{"@type":"ReadAction","target":["https:\/\/www.boxrepsol.com\/es\/motogp\/trabajo-continua-marc-alex-marquez-sepang\/"]}]},{"@type":"ImageObject","inLanguage":"es","@id":"https:\/\/www.boxrepsol.com\/es\/motogp\/trabajo-continua-marc-alex-marquez-sepang\/#primaryimage","url":"https:\/\/bxrepsol.s3.eu-west-1.amazonaws.com\/static\/2022\/08\/29091404\/00_mm93_test_sepang_2020_motogp_repsol_honda.jpg","contentUrl":"https:\/\/bxrepsol.s3.eu-west-1.amazonaws.com\/static\/2022\/08\/29091404\/00_mm93_test_sepang_2020_motogp_repsol_honda.jpg","width":1280,"height":600,"caption":"Marc M\u00e1rquez cruzando la l\u00ednea de meta"},{"@type":"BreadcrumbList","@id":"https:\/\/www.boxrepsol.com\/es\/motogp\/trabajo-continua-marc-alex-marquez-sepang\/#breadcrumb","itemListElement":[{"@type":"ListItem","position":1,"name":"Home","item":"https:\/\/www.boxrepsol.com\/es\/"},{"@type":"ListItem","position":2,"name":"El trabajo contin\u00faa para Marc y \u00c1lex M\u00e1rquez en Sepang"}]},{"@type":"WebSite","@id":"https:\/\/www.boxrepsol.com\/es\/#website","url":"https:\/\/www.boxrepsol.com\/es\/","name":"Box Repsol","description":"Box Repsol Site","publisher":{"@id":"https:\/\/www.boxrepsol.com\/es\/#organization"},"potentialAction":[{"@type":"SearchAction","target":{"@type":"EntryPoint","urlTemplate":"https:\/\/www.boxrepsol.com\/es\/?s={search_term_string}"},"query-input":{"@type":"PropertyValueSpecification","valueRequired":true,"valueName":"search_term_string"}}],"inLanguage":"es"},{"@type":"Organization","@id":"https:\/\/www.boxrepsol.com\/es\/#organization","name":"Box Repsol","url":"https:\/\/www.boxrepsol.com\/es\/","logo":{"@type":"ImageObject","inLanguage":"es","@id":"https:\/\/www.boxrepsol.com\/es\/#\/schema\/logo\/image\/","url":"https:\/\/bxrepsol.s3.eu-west-1.amazonaws.com\/static\/2025\/07\/30083337\/favicon-96x96-1.png","contentUrl":"https:\/\/bxrepsol.s3.eu-west-1.amazonaws.com\/static\/2025\/07\/30083337\/favicon-96x96-1.png","width":96,"height":96,"caption":"Box Repsol"},"image":{"@id":"https:\/\/www.boxrepsol.com\/es\/#\/schema\/logo\/image\/"},"sameAs":["https:\/\/www.facebook.com\/BoxRepsol","https:\/\/x.com\/box_repsol","http:\/\/instagram.com\/box_repsol","https:\/\/www.youtube.com\/user\/RepsolCompeticion","https:\/\/www.flickr.com\/photos\/box_repsol\/"]},{"@type":"Person","@id":"https:\/\/www.boxrepsol.com\/es\/#\/schema\/person\/c5c2138f2cca251b0ad92b7086bb60b7","name":"Redacci\u00f3n Box Repsol","image":{"@type":"ImageObject","inLanguage":"es","@id":"https:\/\/secure.gravatar.com\/avatar\/adf7b77e38b4419baf32c7e9c21dde01f4e40df611f0978e3006fc4ba0aaab7e?s=96&d=mm&r=g","url":"https:\/\/secure.gravatar.com\/avatar\/adf7b77e38b4419baf32c7e9c21dde01f4e40df611f0978e3006fc4ba0aaab7e?s=96&d=mm&r=g","contentUrl":"https:\/\/secure.gravatar.com\/avatar\/adf7b77e38b4419baf32c7e9c21dde01f4e40df611f0978e3006fc4ba0aaab7e?s=96&d=mm&r=g","caption":"Redacci\u00f3n Box Repsol"},"description":"Box Repsol lo forma un equipo de periodistas, community managers, dise\u00f1adores y fot\u00f3grafos con m\u00e1s de 20 a\u00f1os de experiencia en el mundo del motorsport. Hemos vivido el primer mundial de un espa\u00f1ol en la categor\u00eda reina de motociclismo con \u00c1lex Crivill\u00e9, estuvimos en las victorias de Pedrosa y los t\u00edtulos de M\u00e1rquez, acompa\u00f1amos en \u00c1frica a Nani Roma y Marc Coma en sus conquistas del Dakar y hemos vibrado con los t\u00edtulos de Toni Bou en Trial. Adem\u00e1s, en nuestro equipo contamos con expertos en el mundo de las dos y cuatro ruedas tanto de la calle y las carreteras, como de los circuitos. Periodistas que han trabajado en revistas y publicaciones para hacerte llegar desde rutas y consejos de mantenimiento, a curiosidades y trucos de pilotaje.","sameAs":["https:\/\/www.facebook.com\/BoxRepsol\/","https:\/\/www.instagram.com\/box_repsol\/","https:\/\/x.com\/https:\/\/twitter.com\/box_repsol","https:\/\/www.youtube.com\/@Boxrepsol"],"url":"https:\/\/www.boxrepsol.com\/es\/author\/redaccion-box-repsol\/"}]}},"_links":{"self":[{"href":"https:\/\/www.boxrepsol.com\/es\/wp-json\/wp\/v2\/posts\/94383","targetHints":{"allow":["GET"]}}],"collection":[{"href":"https:\/\/www.boxrepsol.com\/es\/wp-json\/wp\/v2\/posts"}],"about":[{"href":"https:\/\/www.boxrepsol.com\/es\/wp-json\/wp\/v2\/types\/post"}],"author":[{"embeddable":true,"href":"https:\/\/www.boxrepsol.com\/es\/wp-json\/wp\/v2\/users\/43146"}],"replies":[{"embeddable":true,"href":"https:\/\/www.boxrepsol.com\/es\/wp-json\/wp\/v2\/comments?post=94383"}],"version-history":[{"count":1,"href":"https:\/\/www.boxrepsol.com\/es\/wp-json\/wp\/v2\/posts\/94383\/revisions"}],"predecessor-version":[{"id":94384,"href":"https:\/\/www.boxrepsol.com\/es\/wp-json\/wp\/v2\/posts\/94383\/revisions\/94384"}],"wp:featuredmedia":[{"embeddable":true,"href":"https:\/\/www.boxrepsol.com\/es\/wp-json\/wp\/v2\/media\/63738"}],"wp:attachment":[{"href":"https:\/\/www.boxrepsol.com\/es\/wp-json\/wp\/v2\/media?parent=94383"}],"wp:term":[{"taxonomy":"category","embeddable":true,"href":"https:\/\/www.boxrepsol.com\/es\/wp-json\/wp\/v2\/categories?post=94383"},{"taxonomy":"post_tag","embeddable":true,"href":"https:\/\/www.boxrepsol.com\/es\/wp-json\/wp\/v2\/tags?post=94383"}],"curies":[{"name":"wp","href":"https:\/\/api.w.org\/{rel}","templated":true}]}}