{"id":94378,"date":"2020-02-05T00:00:00","date_gmt":"2020-02-05T02:00:00","guid":{"rendered":"http:\/\/pre.boxrepsol.com\/sin-categorizar\/todas-las-novedades-motogp-2020\/"},"modified":"2024-10-17T13:58:46","modified_gmt":"2024-10-17T15:58:46","slug":"todas-las-novedades-motogp-2020","status":"publish","type":"post","link":"https:\/\/www.boxrepsol.com\/es\/motogp\/todas-las-novedades-motogp-2020\/","title":{"rendered":"Todas las novedades en MotoGP 2020"},"content":{"rendered":"<p><strong>MotoGP 2020<\/strong> \u00a0est\u00e1 a la vuelta de la esquina y aparece llena de cambios en las tres categor\u00edas. Te adelantamos las novedades en MotoGP m\u00e1s destacadas.<\/p>\n<p>Por primera vez desde que existe el Campeonato del Mundo de Motociclismo de velocidad, en 1949, el <strong>calendario<\/strong> de la temporada de MotoGP contar\u00e1 con nada menos que 20 carreras.<\/p>\n<p>Tras la adhesi\u00f3n de Tailandia hace s\u00f3lo dos a\u00f1os, se une ahora la cita mundialista del <strong>Gran Premio de Finlandia<\/strong>. El pa\u00eds n\u00f3rdico acogi\u00f3 por primera vez el campeonato en 1962 en el circuito de Tampere. All\u00ed se celebr\u00f3 la prueba durante dos a\u00f1os y en 1964 se traslad\u00f3 al trazado de Imatra con su m\u00edtico paso a nivel. La ronda finesa continu\u00f3 celebr\u00e1ndose cada a\u00f1o en el mismo enclave hasta 1981.<\/p>\n<figure><picture style=\"padding-bottom: 61.111111111111%; background-image: url('https:\/\/bxrepsol.s3.eu-west-1.amazonaws.com\/static\/2022\/08\/29091343\/test-repsol-honda-bradl-en-circuito-de-finlandia-2.jpg');\"> <img decoding=\"async\" class=\"aligncenter\" src=\"https:\/\/bxrepsol.s3.eu-west-1.amazonaws.com\/static\/2022\/08\/29091343\/test-repsol-honda-bradl-en-circuito-de-finlandia-2.jpg\" \/><\/picture> <picture style=\"padding-bottom: 61.111111111111%; background-image: url('https:\/\/bxrepsol.s3.eu-west-1.amazonaws.com\/static\/2022\/08\/29091343\/test-repsol-honda-bradl-en-circuito-de-finlandia-2.jpg');\"><\/picture><\/figure>\n<p style=\"font-size: 11px; text-align: left; width: 100%;\"><em>Test del equipo Repsol Honda en Finlandia con Bradl.<\/em><\/p>\n<p>Cuatro d\u00e9cadas despu\u00e9s, el Gran Premio de Finlandia reaparece en el trazado permanente de <strong>KymiRing<\/strong>. La instalaci\u00f3n es de nueva construcci\u00f3n y tiene una longitud de 4\u20196 km. Cuenta con 18 curvas, una zona particularmente revirada y una recta de 1\u20192 km para exprimir el m\u00e1ximo potencial de las m\u00e1quinas de MotoGP.<\/p>\n<p>Tras una toma de contacto el pasado mes de agosto con los probadores de distintos fabricantes, el Gran Premio de Finlandia ser\u00e1 la 13\u00aa ronda del calendario 2020\u00a0 y est\u00e1 programada para el fin de semana del 10 al 12 de julio.<\/p>\n<p>Todav\u00eda hay m\u00e1s cambios en el calendario. Desde su incorporaci\u00f3n al campeonato en 2018, el <strong>Gran Premio de Tailandia<\/strong> iniciaba el periplo transoce\u00e1nico de fin de temporada. Sin embargo, a partir de la 2020 la ronda tailandesa se disputar\u00e1 el 22 de marzo, dos semanas despu\u00e9s del inicio del campeonato en Qatar.<\/p>\n<figure><picture style=\"padding-bottom: 61.111111111111%; background-image: url('https:\/\/bxrepsol.s3.eu-west-1.amazonaws.com\/static\/2022\/08\/29091344\/jeremy-alcoba-piloto-moto3-2.jpg');\"> <img decoding=\"async\" class=\"aligncenter\" src=\"https:\/\/bxrepsol.s3.eu-west-1.amazonaws.com\/static\/2022\/08\/29091344\/jeremy-alcoba-piloto-moto3-2.jpg\" \/><\/picture><figcaption><\/figcaption><\/figure>\n<h3>Moto3<\/h3>\n<p>En el Campeonato del Mundo de <strong>Moto3<\/strong> se han producido cambios de equipo entre pilotos bien conocidos en parrilla. Son los casos de Jaume Masi\u00e0, Dennis Foggia, Alonso L\u00f3pez, Romano Fenati, Filip Salac, Andrea Migno, Ra\u00fal Fern\u00e1ndez, Kaito Toba, entre otros. A ellos se unir\u00e1n tres debutantes de gran nivel procedentes del <strong>FIM CEV Repsol<\/strong>: Ryusei Yamanaka,Kunni,Dupasquier,Kolfer y los espa\u00f1oles Jeremy Alcoba y Carlos Tatay .<\/p>\n<h3>Moto2<\/h3>\n<p>En Moto2 tambi\u00e9n habr\u00e1 variaciones. Cambiar\u00e1n de equipo Marco Bezzecchi, Nicol\u00f2 Bulega, Sam Lowes, Xavi Vierge y Augusto Fern\u00e1ndez. El madrile\u00f1o cubrir\u00e1 la plaza en el equipo campe\u00f3n dejada por \u00c1lex M\u00e1rquez en su paso a MotoGP.<\/p>\n<p>Por su parte, el malasio Hafizh Syahrin vuelve a la categor\u00eda intermedia. Otro significativo regreso ser\u00e1 el de Edgar Pons tras su brillante campa\u00f1a en el FIM CEV Repsol.<\/p>\n<p>Tres ilustres debutantes llegar\u00e1n a la parrilla: Aron Canet, Marcos Ram\u00edrez y el campe\u00f3n en t\u00edtulo de Moto3, Lorenzo Dalla Porta. H\u00e9ctor Garz\u00f3 se incorpora con plaza permanente tras destacar la pasada temporada en MotoE.<\/p>\n<figure><picture style=\"padding-bottom: 61.111111111111%; background-image: url('https:\/\/bxrepsol.s3.eu-west-1.amazonaws.com\/static\/2022\/08\/29091345\/marc-marquez-defiende-titulo-de-campeon-de-motogp-en-2020-2.jpg');\"> <img decoding=\"async\" class=\"aligncenter\" src=\"https:\/\/bxrepsol.s3.eu-west-1.amazonaws.com\/static\/2022\/08\/29091345\/marc-marquez-defiende-titulo-de-campeon-de-motogp-en-2020-2.jpg\" \/><\/picture>\n<noscript><img decoding=\"async\" src=\"https:\/\/bxrepsol.s3.eu-west-1.amazonaws.com\/static\/2022\/08\/29091345\/marc-marquez-defiende-titulo-de-campeon-de-motogp-en-2020-2.jpg\" alt=\"marc-marquez-defiende-titulo-de-campeon-de-motogp-en-2020\"><\/noscript><figcaption><\/figcaption><\/figure>\n<h2>MotoGP<\/h2>\n<p>Por primera vez desde la temporada 2008, Jorge Lorenzo no estar\u00e1 en la parrilla de la categor\u00eda reina de MotoGP. Tras la salida de Casey Stoner en 2012 y la de Dani Pedrosa en 2018, se despide toda una generaci\u00f3n de pilotos de MotoGP. Otro piloto que tambi\u00e9n ha anunciado recientemente su retirada de la competici\u00f3n ha sido Karel Abraham. Su plaza ser\u00e1 ocupada finalmente por Johann Zarco.<\/p>\n<p><a href=\"https:\/\/www.marcmarquez93.com\/\" target=\"_blank\" rel=\"noopener\"><strong>Marc M\u00e1rquez<\/strong><\/a> continuar\u00e1 liderando la parrilla como campe\u00f3n de la clase reina de los \u00faltimos cuatro a\u00f1os. Sin embargo, ning\u00fan cambio en la formaci\u00f3n de la parrilla ha acaparado tantos titulares como la llegada de <a href=\"http:\/\/alexmarquez73.com\/\" target=\"_blank\" rel=\"noopener\"><strong>\u00c1lex M\u00e1rquez<\/strong><\/a> a MotoGP encuadrado en el <strong>Equipo Repsol Honda<\/strong>.<\/p>\n<figure><picture style=\"padding-bottom: 61.111111111111%; background-image: url('https:\/\/bxrepsol.s3.eu-west-1.amazonaws.com\/static\/2022\/08\/29091346\/alex-marquez-y-marc-marquez-juntos-en-motogp-2.jpg');\"> <img decoding=\"async\" class=\"aligncenter\" src=\"https:\/\/bxrepsol.s3.eu-west-1.amazonaws.com\/static\/2022\/08\/29091346\/alex-marquez-y-marc-marquez-juntos-en-motogp-2.jpg\" \/><\/picture><noscript><img decoding=\"async\" src=\"https:\/\/bxrepsol.s3.eu-west-1.amazonaws.com\/static\/2022\/08\/29091346\/alex-marquez-y-marc-marquez-juntos-en-motogp-2.jpg\" alt=\"alex-marquez-y-marc-marquez-juntos-en-motogp\"><\/noscript><figcaption><\/figcaption><\/figure>\n<p>Tras ganar con total autoridad el t\u00edtulo mundial de Moto2 el pasado a\u00f1o, la inesperada retirada de Lorenzo ha propiciado el cambio de categor\u00eda de \u00c1lex, que se estrenar\u00e1 como compa\u00f1ero de equipo de su hermano Marc.<\/p>\n<p>Lo que podr\u00eda parecer una id\u00edlica situaci\u00f3n supondr\u00e1 en realidad un superlativo desaf\u00edo para \u00c1lex, ya que tendr\u00e1 como primer rival a su propio hermano. Al mismo tiempo, Marc es precisamente el piloto que ha dominado con mano de hierro la \u00faltima d\u00e9cada del Campeonato del Mundo.<\/p>\n<p>La lista de principiantes de MotoGP se completa con el sudafricano Brad Binder y el espa\u00f1ol Iker Lecuona. Este \u00faltimo hizo su debut en la \u00faltima carrera del pasado a\u00f1o, se somet\u00eda recientemente a una intervenci\u00f3n por s\u00edndrome compartimental y ocupar\u00e1 la plaza dejada por Syahrin.<\/p>\n<figure><picture style=\"padding-bottom: 61.111111111111%; background-image: url('https:\/\/bxrepsol.s3.eu-west-1.amazonaws.com\/static\/2022\/08\/29091347\/marc-marquez-recupernado-de-su-lesion-2.jpg');\"> <img decoding=\"async\" class=\"aligncenter\" src=\"https:\/\/bxrepsol.s3.eu-west-1.amazonaws.com\/static\/2022\/08\/29091347\/marc-marquez-recupernado-de-su-lesion-2.jpg\" \/><\/picture>\n<noscript><img decoding=\"async\" src=\"https:\/\/bxrepsol.s3.eu-west-1.amazonaws.com\/static\/2022\/08\/29091347\/marc-marquez-recupernado-de-su-lesion-2.jpg\" alt=\"marc-marquez-recupernado-de-su-lesion\"><\/noscript><figcaption><\/figcaption><\/figure>\n<p>Por su parte, Marc M\u00e1rquez ha pasado por manos del equipo m\u00e9dico del Hospital Universitari Dexeus &#8211; Grupo Quir\u00f3nsalud para llevar a cabo una intervenci\u00f3n preventiva en su maltrecho hombro derecho.<\/p>\n<p>El vigente campe\u00f3n tendr\u00e1 la pr\u00f3xima temporada la posibilidad de sumar su noveno t\u00edtulo mundial. De lograrlo, igualar\u00eda el palmar\u00e9s del legendario Valentino Rossi. El genial piloto italiano, al mismo tiempo, cumplir\u00e1 este a\u00f1o 25 temporadas en activo.<\/p>\n<figure><picture style=\"padding-bottom: 61.111111111111%; background-image: url('https:\/\/bxrepsol.s3.eu-west-1.amazonaws.com\/static\/2022\/08\/29091347\/calendario-motoe-2020-2.jpg');\"> <img decoding=\"async\" class=\"aligncenter\" src=\"https:\/\/bxrepsol.s3.eu-west-1.amazonaws.com\/static\/2022\/08\/29091347\/calendario-motoe-2020-2.jpg\" \/><\/picture>\n<noscript><img decoding=\"async\" src=\"https:\/\/bxrepsol.s3.eu-west-1.amazonaws.com\/static\/2022\/08\/29091347\/calendario-motoe-2020-2.jpg\" alt=\"calendario-motoe-2020\"><\/noscript><figcaption><\/figcaption><\/figure>\n<h2>MotoE<\/h2>\n<p>La segunda edici\u00f3n de la copa mundial para motos el\u00e9ctricas contar\u00e1 con 18 pilotos de 12 pa\u00edses. Matteo Ferrari defender\u00e1 el t\u00edtulo. Bradely Smith y Eric Granado, segundo y tercero en 2019, repetir\u00e1n experiencia.<\/p>\n<p>MotoE contar\u00e1 con seis nuevos pilotos: Jordi Torres \u2013que sustituye a Sete Gibernau-, Dominique Aegerter, Lukas Tulovic, Tommaso Marcon, Alessandro Zaccone y Xavier Cardel\u00fas. En parrilla volver\u00e1 a estar Mar\u00eda Herrera.<\/p>\n<p>El calendario ha sido recientemente actualizado y se expande de seis a siete carreras en cinco circuitos diferentes.<\/p>\n","protected":false},"excerpt":{"rendered":"<p>Vuelven las motos al Mundial de Motociclismo. Vuelve la emoci\u00f3n y la adrenalina en los fines de semana. Conoce todas las novedades de MotoGP 2020. \u00a1Aun est\u00e1s a tiempo!<\/p>\n","protected":false},"author":43146,"featured_media":63715,"comment_status":"open","ping_status":"open","sticky":false,"template":"","format":"standard","meta":{"footnotes":""},"categories":[4],"tags":[],"class_list":["post-94378","post","type-post","status-publish","format-standard","hentry","category-motogp"],"yoast_head":"<!-- This site is optimized with the Yoast SEO plugin v27.3 - https:\/\/yoast.com\/product\/yoast-seo-wordpress\/ -->\n<title>Todas las novedades en MotoGP 2020 - Box Repsol<\/title>\n<link rel=\"canonical\" href=\"https:\/\/www.boxrepsol.com\/es\/motogp\/todas-las-novedades-motogp-2020\/\" \/>\n<meta property=\"og:locale\" content=\"es_ES\" \/>\n<meta property=\"og:type\" content=\"article\" \/>\n<meta property=\"og:title\" content=\"Todas las novedades en MotoGP 2020 - Box Repsol\" \/>\n<meta property=\"og:description\" content=\"Vuelven las motos al Mundial de Motociclismo. Vuelve la emoci\u00f3n y la adrenalina en los fines de semana. Conoce todas las novedades de MotoGP 2020. \u00a1Aun est\u00e1s a tiempo!\" \/>\n<meta property=\"og:url\" content=\"https:\/\/www.boxrepsol.com\/es\/motogp\/todas-las-novedades-motogp-2020\/\" \/>\n<meta property=\"og:site_name\" content=\"Box Repsol\" \/>\n<meta property=\"article:publisher\" content=\"https:\/\/www.facebook.com\/BoxRepsol\" \/>\n<meta property=\"article:author\" content=\"https:\/\/www.facebook.com\/BoxRepsol\/\" \/>\n<meta property=\"article:published_time\" content=\"2020-02-05T02:00:00+00:00\" \/>\n<meta property=\"article:modified_time\" content=\"2024-10-17T15:58:46+00:00\" \/>\n<meta property=\"og:image\" content=\"https:\/\/bxrepsol.s3.eu-west-1.amazonaws.com\/static\/2022\/08\/29091349\/novedades-motogp-2020-calendario-definitivo-1.jpg\" \/>\n\t<meta property=\"og:image:width\" content=\"1280\" \/>\n\t<meta property=\"og:image:height\" content=\"600\" \/>\n\t<meta property=\"og:image:type\" content=\"image\/jpeg\" \/>\n<meta name=\"author\" content=\"Redacci\u00f3n Box Repsol\" \/>\n<meta name=\"twitter:card\" content=\"summary_large_image\" \/>\n<meta name=\"twitter:creator\" content=\"@https:\/\/twitter.com\/box_repsol\" \/>\n<meta name=\"twitter:site\" content=\"@box_repsol\" \/>\n<meta name=\"twitter:label1\" content=\"Written by\" \/>\n\t<meta name=\"twitter:data1\" content=\"Redacci\u00f3n Box Repsol\" \/>\n\t<meta name=\"twitter:label2\" content=\"Est. reading time\" \/>\n\t<meta name=\"twitter:data2\" content=\"5 minutos\" \/>\n<script type=\"application\/ld+json\" class=\"yoast-schema-graph\">{\"@context\":\"https:\\\/\\\/schema.org\",\"@graph\":[{\"@type\":\"Article\",\"@id\":\"https:\\\/\\\/www.boxrepsol.com\\\/es\\\/motogp\\\/todas-las-novedades-motogp-2020\\\/#article\",\"isPartOf\":{\"@id\":\"https:\\\/\\\/www.boxrepsol.com\\\/es\\\/motogp\\\/todas-las-novedades-motogp-2020\\\/\"},\"author\":{\"name\":\"Redacci\u00f3n Box Repsol\",\"@id\":\"https:\\\/\\\/www.boxrepsol.com\\\/es\\\/#\\\/schema\\\/person\\\/c5c2138f2cca251b0ad92b7086bb60b7\"},\"headline\":\"Todas las novedades en MotoGP 2020\",\"datePublished\":\"2020-02-05T02:00:00+00:00\",\"dateModified\":\"2024-10-17T15:58:46+00:00\",\"mainEntityOfPage\":{\"@id\":\"https:\\\/\\\/www.boxrepsol.com\\\/es\\\/motogp\\\/todas-las-novedades-motogp-2020\\\/\"},\"wordCount\":914,\"commentCount\":0,\"publisher\":{\"@id\":\"https:\\\/\\\/www.boxrepsol.com\\\/es\\\/#organization\"},\"image\":{\"@id\":\"https:\\\/\\\/www.boxrepsol.com\\\/es\\\/motogp\\\/todas-las-novedades-motogp-2020\\\/#primaryimage\"},\"thumbnailUrl\":\"https:\\\/\\\/bxrepsol.s3.eu-west-1.amazonaws.com\\\/static\\\/2022\\\/08\\\/29091349\\\/novedades-motogp-2020-calendario-definitivo-1.jpg\",\"articleSection\":[\"MotoGP\"],\"inLanguage\":\"es\",\"potentialAction\":[{\"@type\":\"CommentAction\",\"name\":\"Comment\",\"target\":[\"https:\\\/\\\/www.boxrepsol.com\\\/es\\\/motogp\\\/todas-las-novedades-motogp-2020\\\/#respond\"]}]},{\"@type\":\"WebPage\",\"@id\":\"https:\\\/\\\/www.boxrepsol.com\\\/es\\\/motogp\\\/todas-las-novedades-motogp-2020\\\/\",\"url\":\"https:\\\/\\\/www.boxrepsol.com\\\/es\\\/motogp\\\/todas-las-novedades-motogp-2020\\\/\",\"name\":\"Todas las novedades en MotoGP 2020 - Box Repsol\",\"isPartOf\":{\"@id\":\"https:\\\/\\\/www.boxrepsol.com\\\/es\\\/#website\"},\"primaryImageOfPage\":{\"@id\":\"https:\\\/\\\/www.boxrepsol.com\\\/es\\\/motogp\\\/todas-las-novedades-motogp-2020\\\/#primaryimage\"},\"image\":{\"@id\":\"https:\\\/\\\/www.boxrepsol.com\\\/es\\\/motogp\\\/todas-las-novedades-motogp-2020\\\/#primaryimage\"},\"thumbnailUrl\":\"https:\\\/\\\/bxrepsol.s3.eu-west-1.amazonaws.com\\\/static\\\/2022\\\/08\\\/29091349\\\/novedades-motogp-2020-calendario-definitivo-1.jpg\",\"datePublished\":\"2020-02-05T02:00:00+00:00\",\"dateModified\":\"2024-10-17T15:58:46+00:00\",\"breadcrumb\":{\"@id\":\"https:\\\/\\\/www.boxrepsol.com\\\/es\\\/motogp\\\/todas-las-novedades-motogp-2020\\\/#breadcrumb\"},\"inLanguage\":\"es\",\"potentialAction\":[{\"@type\":\"ReadAction\",\"target\":[\"https:\\\/\\\/www.boxrepsol.com\\\/es\\\/motogp\\\/todas-las-novedades-motogp-2020\\\/\"]}]},{\"@type\":\"ImageObject\",\"inLanguage\":\"es\",\"@id\":\"https:\\\/\\\/www.boxrepsol.com\\\/es\\\/motogp\\\/todas-las-novedades-motogp-2020\\\/#primaryimage\",\"url\":\"https:\\\/\\\/bxrepsol.s3.eu-west-1.amazonaws.com\\\/static\\\/2022\\\/08\\\/29091349\\\/novedades-motogp-2020-calendario-definitivo-1.jpg\",\"contentUrl\":\"https:\\\/\\\/bxrepsol.s3.eu-west-1.amazonaws.com\\\/static\\\/2022\\\/08\\\/29091349\\\/novedades-motogp-2020-calendario-definitivo-1.jpg\",\"width\":1280,\"height\":600,\"caption\":\"novedades-motogp-2020-calendario-definitivo\"},{\"@type\":\"BreadcrumbList\",\"@id\":\"https:\\\/\\\/www.boxrepsol.com\\\/es\\\/motogp\\\/todas-las-novedades-motogp-2020\\\/#breadcrumb\",\"itemListElement\":[{\"@type\":\"ListItem\",\"position\":1,\"name\":\"Home\",\"item\":\"https:\\\/\\\/www.boxrepsol.com\\\/es\\\/\"},{\"@type\":\"ListItem\",\"position\":2,\"name\":\"Todas las novedades en MotoGP 2020\"}]},{\"@type\":\"WebSite\",\"@id\":\"https:\\\/\\\/www.boxrepsol.com\\\/es\\\/#website\",\"url\":\"https:\\\/\\\/www.boxrepsol.com\\\/es\\\/\",\"name\":\"Box Repsol\",\"description\":\"Box Repsol Site\",\"publisher\":{\"@id\":\"https:\\\/\\\/www.boxrepsol.com\\\/es\\\/#organization\"},\"potentialAction\":[{\"@type\":\"SearchAction\",\"target\":{\"@type\":\"EntryPoint\",\"urlTemplate\":\"https:\\\/\\\/www.boxrepsol.com\\\/es\\\/?s={search_term_string}\"},\"query-input\":{\"@type\":\"PropertyValueSpecification\",\"valueRequired\":true,\"valueName\":\"search_term_string\"}}],\"inLanguage\":\"es\"},{\"@type\":\"Organization\",\"@id\":\"https:\\\/\\\/www.boxrepsol.com\\\/es\\\/#organization\",\"name\":\"Box Repsol\",\"url\":\"https:\\\/\\\/www.boxrepsol.com\\\/es\\\/\",\"logo\":{\"@type\":\"ImageObject\",\"inLanguage\":\"es\",\"@id\":\"https:\\\/\\\/www.boxrepsol.com\\\/es\\\/#\\\/schema\\\/logo\\\/image\\\/\",\"url\":\"https:\\\/\\\/bxrepsol.s3.eu-west-1.amazonaws.com\\\/static\\\/2025\\\/07\\\/30083337\\\/favicon-96x96-1.png\",\"contentUrl\":\"https:\\\/\\\/bxrepsol.s3.eu-west-1.amazonaws.com\\\/static\\\/2025\\\/07\\\/30083337\\\/favicon-96x96-1.png\",\"width\":96,\"height\":96,\"caption\":\"Box Repsol\"},\"image\":{\"@id\":\"https:\\\/\\\/www.boxrepsol.com\\\/es\\\/#\\\/schema\\\/logo\\\/image\\\/\"},\"sameAs\":[\"https:\\\/\\\/www.facebook.com\\\/BoxRepsol\",\"https:\\\/\\\/x.com\\\/box_repsol\",\"http:\\\/\\\/instagram.com\\\/box_repsol\",\"https:\\\/\\\/www.youtube.com\\\/user\\\/RepsolCompeticion\",\"https:\\\/\\\/www.flickr.com\\\/photos\\\/box_repsol\\\/\"]},{\"@type\":\"Person\",\"@id\":\"https:\\\/\\\/www.boxrepsol.com\\\/es\\\/#\\\/schema\\\/person\\\/c5c2138f2cca251b0ad92b7086bb60b7\",\"name\":\"Redacci\u00f3n Box Repsol\",\"image\":{\"@type\":\"ImageObject\",\"inLanguage\":\"es\",\"@id\":\"https:\\\/\\\/secure.gravatar.com\\\/avatar\\\/adf7b77e38b4419baf32c7e9c21dde01f4e40df611f0978e3006fc4ba0aaab7e?s=96&d=mm&r=g\",\"url\":\"https:\\\/\\\/secure.gravatar.com\\\/avatar\\\/adf7b77e38b4419baf32c7e9c21dde01f4e40df611f0978e3006fc4ba0aaab7e?s=96&d=mm&r=g\",\"contentUrl\":\"https:\\\/\\\/secure.gravatar.com\\\/avatar\\\/adf7b77e38b4419baf32c7e9c21dde01f4e40df611f0978e3006fc4ba0aaab7e?s=96&d=mm&r=g\",\"caption\":\"Redacci\u00f3n Box Repsol\"},\"description\":\"Box Repsol lo forma un equipo de periodistas, community managers, dise\u00f1adores y fot\u00f3grafos con m\u00e1s de 20 a\u00f1os de experiencia en el mundo del motorsport. Hemos vivido el primer mundial de un espa\u00f1ol en la categor\u00eda reina de motociclismo con \u00c1lex Crivill\u00e9, estuvimos en las victorias de Pedrosa y los t\u00edtulos de M\u00e1rquez, acompa\u00f1amos en \u00c1frica a Nani Roma y Marc Coma en sus conquistas del Dakar y hemos vibrado con los t\u00edtulos de Toni Bou en Trial. Adem\u00e1s, en nuestro equipo contamos con expertos en el mundo de las dos y cuatro ruedas tanto de la calle y las carreteras, como de los circuitos. Periodistas que han trabajado en revistas y publicaciones para hacerte llegar desde rutas y consejos de mantenimiento, a curiosidades y trucos de pilotaje.\",\"sameAs\":[\"https:\\\/\\\/www.facebook.com\\\/BoxRepsol\\\/\",\"https:\\\/\\\/www.instagram.com\\\/box_repsol\\\/\",\"https:\\\/\\\/x.com\\\/https:\\\/\\\/twitter.com\\\/box_repsol\",\"https:\\\/\\\/www.youtube.com\\\/@Boxrepsol\"],\"url\":\"https:\\\/\\\/www.boxrepsol.com\\\/es\\\/author\\\/redaccion-box-repsol\\\/\"}]}<\/script>\n<!-- \/ Yoast SEO plugin. -->","yoast_head_json":{"title":"Todas las novedades en MotoGP 2020 - Box Repsol","canonical":"https:\/\/www.boxrepsol.com\/es\/motogp\/todas-las-novedades-motogp-2020\/","og_locale":"es_ES","og_type":"article","og_title":"Todas las novedades en MotoGP 2020 - Box Repsol","og_description":"Vuelven las motos al Mundial de Motociclismo. Vuelve la emoci\u00f3n y la adrenalina en los fines de semana. Conoce todas las novedades de MotoGP 2020. \u00a1Aun est\u00e1s a tiempo!","og_url":"https:\/\/www.boxrepsol.com\/es\/motogp\/todas-las-novedades-motogp-2020\/","og_site_name":"Box Repsol","article_publisher":"https:\/\/www.facebook.com\/BoxRepsol","article_author":"https:\/\/www.facebook.com\/BoxRepsol\/","article_published_time":"2020-02-05T02:00:00+00:00","article_modified_time":"2024-10-17T15:58:46+00:00","og_image":[{"width":1280,"height":600,"url":"https:\/\/bxrepsol.s3.eu-west-1.amazonaws.com\/static\/2022\/08\/29091349\/novedades-motogp-2020-calendario-definitivo-1.jpg","type":"image\/jpeg"}],"author":"Redacci\u00f3n Box Repsol","twitter_card":"summary_large_image","twitter_creator":"@https:\/\/twitter.com\/box_repsol","twitter_site":"@box_repsol","twitter_misc":{"Written by":"Redacci\u00f3n Box Repsol","Est. reading time":"5 minutos"},"schema":{"@context":"https:\/\/schema.org","@graph":[{"@type":"Article","@id":"https:\/\/www.boxrepsol.com\/es\/motogp\/todas-las-novedades-motogp-2020\/#article","isPartOf":{"@id":"https:\/\/www.boxrepsol.com\/es\/motogp\/todas-las-novedades-motogp-2020\/"},"author":{"name":"Redacci\u00f3n Box Repsol","@id":"https:\/\/www.boxrepsol.com\/es\/#\/schema\/person\/c5c2138f2cca251b0ad92b7086bb60b7"},"headline":"Todas las novedades en MotoGP 2020","datePublished":"2020-02-05T02:00:00+00:00","dateModified":"2024-10-17T15:58:46+00:00","mainEntityOfPage":{"@id":"https:\/\/www.boxrepsol.com\/es\/motogp\/todas-las-novedades-motogp-2020\/"},"wordCount":914,"commentCount":0,"publisher":{"@id":"https:\/\/www.boxrepsol.com\/es\/#organization"},"image":{"@id":"https:\/\/www.boxrepsol.com\/es\/motogp\/todas-las-novedades-motogp-2020\/#primaryimage"},"thumbnailUrl":"https:\/\/bxrepsol.s3.eu-west-1.amazonaws.com\/static\/2022\/08\/29091349\/novedades-motogp-2020-calendario-definitivo-1.jpg","articleSection":["MotoGP"],"inLanguage":"es","potentialAction":[{"@type":"CommentAction","name":"Comment","target":["https:\/\/www.boxrepsol.com\/es\/motogp\/todas-las-novedades-motogp-2020\/#respond"]}]},{"@type":"WebPage","@id":"https:\/\/www.boxrepsol.com\/es\/motogp\/todas-las-novedades-motogp-2020\/","url":"https:\/\/www.boxrepsol.com\/es\/motogp\/todas-las-novedades-motogp-2020\/","name":"Todas las novedades en MotoGP 2020 - Box Repsol","isPartOf":{"@id":"https:\/\/www.boxrepsol.com\/es\/#website"},"primaryImageOfPage":{"@id":"https:\/\/www.boxrepsol.com\/es\/motogp\/todas-las-novedades-motogp-2020\/#primaryimage"},"image":{"@id":"https:\/\/www.boxrepsol.com\/es\/motogp\/todas-las-novedades-motogp-2020\/#primaryimage"},"thumbnailUrl":"https:\/\/bxrepsol.s3.eu-west-1.amazonaws.com\/static\/2022\/08\/29091349\/novedades-motogp-2020-calendario-definitivo-1.jpg","datePublished":"2020-02-05T02:00:00+00:00","dateModified":"2024-10-17T15:58:46+00:00","breadcrumb":{"@id":"https:\/\/www.boxrepsol.com\/es\/motogp\/todas-las-novedades-motogp-2020\/#breadcrumb"},"inLanguage":"es","potentialAction":[{"@type":"ReadAction","target":["https:\/\/www.boxrepsol.com\/es\/motogp\/todas-las-novedades-motogp-2020\/"]}]},{"@type":"ImageObject","inLanguage":"es","@id":"https:\/\/www.boxrepsol.com\/es\/motogp\/todas-las-novedades-motogp-2020\/#primaryimage","url":"https:\/\/bxrepsol.s3.eu-west-1.amazonaws.com\/static\/2022\/08\/29091349\/novedades-motogp-2020-calendario-definitivo-1.jpg","contentUrl":"https:\/\/bxrepsol.s3.eu-west-1.amazonaws.com\/static\/2022\/08\/29091349\/novedades-motogp-2020-calendario-definitivo-1.jpg","width":1280,"height":600,"caption":"novedades-motogp-2020-calendario-definitivo"},{"@type":"BreadcrumbList","@id":"https:\/\/www.boxrepsol.com\/es\/motogp\/todas-las-novedades-motogp-2020\/#breadcrumb","itemListElement":[{"@type":"ListItem","position":1,"name":"Home","item":"https:\/\/www.boxrepsol.com\/es\/"},{"@type":"ListItem","position":2,"name":"Todas las novedades en MotoGP 2020"}]},{"@type":"WebSite","@id":"https:\/\/www.boxrepsol.com\/es\/#website","url":"https:\/\/www.boxrepsol.com\/es\/","name":"Box Repsol","description":"Box Repsol Site","publisher":{"@id":"https:\/\/www.boxrepsol.com\/es\/#organization"},"potentialAction":[{"@type":"SearchAction","target":{"@type":"EntryPoint","urlTemplate":"https:\/\/www.boxrepsol.com\/es\/?s={search_term_string}"},"query-input":{"@type":"PropertyValueSpecification","valueRequired":true,"valueName":"search_term_string"}}],"inLanguage":"es"},{"@type":"Organization","@id":"https:\/\/www.boxrepsol.com\/es\/#organization","name":"Box Repsol","url":"https:\/\/www.boxrepsol.com\/es\/","logo":{"@type":"ImageObject","inLanguage":"es","@id":"https:\/\/www.boxrepsol.com\/es\/#\/schema\/logo\/image\/","url":"https:\/\/bxrepsol.s3.eu-west-1.amazonaws.com\/static\/2025\/07\/30083337\/favicon-96x96-1.png","contentUrl":"https:\/\/bxrepsol.s3.eu-west-1.amazonaws.com\/static\/2025\/07\/30083337\/favicon-96x96-1.png","width":96,"height":96,"caption":"Box Repsol"},"image":{"@id":"https:\/\/www.boxrepsol.com\/es\/#\/schema\/logo\/image\/"},"sameAs":["https:\/\/www.facebook.com\/BoxRepsol","https:\/\/x.com\/box_repsol","http:\/\/instagram.com\/box_repsol","https:\/\/www.youtube.com\/user\/RepsolCompeticion","https:\/\/www.flickr.com\/photos\/box_repsol\/"]},{"@type":"Person","@id":"https:\/\/www.boxrepsol.com\/es\/#\/schema\/person\/c5c2138f2cca251b0ad92b7086bb60b7","name":"Redacci\u00f3n Box Repsol","image":{"@type":"ImageObject","inLanguage":"es","@id":"https:\/\/secure.gravatar.com\/avatar\/adf7b77e38b4419baf32c7e9c21dde01f4e40df611f0978e3006fc4ba0aaab7e?s=96&d=mm&r=g","url":"https:\/\/secure.gravatar.com\/avatar\/adf7b77e38b4419baf32c7e9c21dde01f4e40df611f0978e3006fc4ba0aaab7e?s=96&d=mm&r=g","contentUrl":"https:\/\/secure.gravatar.com\/avatar\/adf7b77e38b4419baf32c7e9c21dde01f4e40df611f0978e3006fc4ba0aaab7e?s=96&d=mm&r=g","caption":"Redacci\u00f3n Box Repsol"},"description":"Box Repsol lo forma un equipo de periodistas, community managers, dise\u00f1adores y fot\u00f3grafos con m\u00e1s de 20 a\u00f1os de experiencia en el mundo del motorsport. Hemos vivido el primer mundial de un espa\u00f1ol en la categor\u00eda reina de motociclismo con \u00c1lex Crivill\u00e9, estuvimos en las victorias de Pedrosa y los t\u00edtulos de M\u00e1rquez, acompa\u00f1amos en \u00c1frica a Nani Roma y Marc Coma en sus conquistas del Dakar y hemos vibrado con los t\u00edtulos de Toni Bou en Trial. Adem\u00e1s, en nuestro equipo contamos con expertos en el mundo de las dos y cuatro ruedas tanto de la calle y las carreteras, como de los circuitos. Periodistas que han trabajado en revistas y publicaciones para hacerte llegar desde rutas y consejos de mantenimiento, a curiosidades y trucos de pilotaje.","sameAs":["https:\/\/www.facebook.com\/BoxRepsol\/","https:\/\/www.instagram.com\/box_repsol\/","https:\/\/x.com\/https:\/\/twitter.com\/box_repsol","https:\/\/www.youtube.com\/@Boxrepsol"],"url":"https:\/\/www.boxrepsol.com\/es\/author\/redaccion-box-repsol\/"}]}},"_links":{"self":[{"href":"https:\/\/www.boxrepsol.com\/es\/wp-json\/wp\/v2\/posts\/94378","targetHints":{"allow":["GET"]}}],"collection":[{"href":"https:\/\/www.boxrepsol.com\/es\/wp-json\/wp\/v2\/posts"}],"about":[{"href":"https:\/\/www.boxrepsol.com\/es\/wp-json\/wp\/v2\/types\/post"}],"author":[{"embeddable":true,"href":"https:\/\/www.boxrepsol.com\/es\/wp-json\/wp\/v2\/users\/43146"}],"replies":[{"embeddable":true,"href":"https:\/\/www.boxrepsol.com\/es\/wp-json\/wp\/v2\/comments?post=94378"}],"version-history":[{"count":4,"href":"https:\/\/www.boxrepsol.com\/es\/wp-json\/wp\/v2\/posts\/94378\/revisions"}],"predecessor-version":[{"id":121311,"href":"https:\/\/www.boxrepsol.com\/es\/wp-json\/wp\/v2\/posts\/94378\/revisions\/121311"}],"wp:featuredmedia":[{"embeddable":true,"href":"https:\/\/www.boxrepsol.com\/es\/wp-json\/wp\/v2\/media\/63715"}],"wp:attachment":[{"href":"https:\/\/www.boxrepsol.com\/es\/wp-json\/wp\/v2\/media?parent=94378"}],"wp:term":[{"taxonomy":"category","embeddable":true,"href":"https:\/\/www.boxrepsol.com\/es\/wp-json\/wp\/v2\/categories?post=94378"},{"taxonomy":"post_tag","embeddable":true,"href":"https:\/\/www.boxrepsol.com\/es\/wp-json\/wp\/v2\/tags?post=94378"}],"curies":[{"name":"wp","href":"https:\/\/api.w.org\/{rel}","templated":true}]}}