{"id":94374,"date":"2020-02-04T00:00:00","date_gmt":"2020-02-04T02:00:00","guid":{"rendered":"http:\/\/pre.boxrepsol.com\/sin-categorizar\/equipo-repsol-honda-inaugura-temporada-2020-indonesia\/"},"modified":"2024-04-22T08:41:55","modified_gmt":"2024-04-22T10:41:55","slug":"equipo-repsol-honda-inaugura-temporada-2020-indonesia","status":"publish","type":"post","link":"https:\/\/www.boxrepsol.com\/es\/motogp\/equipo-repsol-honda-inaugura-temporada-2020-indonesia\/","title":{"rendered":"El equipo Repsol Honda inaugura su temporada 2020 en Indonesia"},"content":{"rendered":"<p><a href=\"https:\/\/www.flickr.com\/photos\/box_repsol\/albums\/72157712968357712\">HAZ CLICK AQU\u00cd PARA VER LAS MEJORES FOTOS DE LA PRESENTACI\u00d3N<\/a><\/p>\n<p>Ante la atenta mirada de los medios de Indonesia, Marc y \u00c1lex M\u00e1rquez han presentado sus motos 2020 con las que competir\u00e1n en el Mundial de MotoGP defendiendo los colores del equipo Repsol Honda.<\/p>\n<p>Con una cifra r\u00e9cord de 25 t\u00edtulos como fabricantes y tras lograr la Triple Corona por tercera vez consecutiva \u2013Mundial de pilotos, equipos y constructores\u2013, <strong>el equipo Repsol Honda afronta otro importante a\u00f1o en el que da la bienvenida al Campe\u00f3n del Mundo de Moto2 \u00c1lex M\u00e1rquez<\/strong>. Con 309 victorias en la categor\u00eda reina, Honda se ha establecido como la f\u00e1brica a batir en el Campeonato del Mundo de MotoGP, y el trabajo durante el invierno ha sido intenso para garantizar que, en 2020, el equipo Repsol Honda contin\u00fae en esta misma l\u00ednea.<\/p>\n<p>Los M\u00e1rquez preparar\u00e1n sus \u00faltimos detalles para el <strong>test de Sepang, Malasia \u2013del 7 al 9 de febrero\u2013<\/strong> en el que la RC213V debutar\u00e1 por primera vez este a\u00f1o ya vistiendo los colores del equipo Repsol Honda. La temporada 2020 de MotoGP comenzar\u00e1 bajo los focos de Catar el pr\u00f3ximo 8 de marzo.<\/p>\n","protected":false},"excerpt":{"rendered":"<p>Marc M\u00e1rquez y el debutante \u00c1lex M\u00e1rquez han presentado la Honda RC213V 2020 en Yakarta, Indonesia, antes del primer test del a\u00f1o<\/p>\n","protected":false},"author":43146,"featured_media":63686,"comment_status":"open","ping_status":"open","sticky":false,"template":"","format":"standard","meta":{"footnotes":""},"categories":[4],"tags":[191,192,50,6],"class_list":["post-94374","post","type-post","status-publish","format-standard","hentry","category-motogp","tag-191","tag-alex-marquez","tag-equipo-repsol-honda","tag-marc-marquez"],"yoast_head":"<!-- This site is optimized with the Yoast SEO plugin v27.3 - https:\/\/yoast.com\/product\/yoast-seo-wordpress\/ -->\n<title>El equipo Repsol Honda inaugura su temporada 2020 en Indonesia - Box Repsol<\/title>\n<meta name=\"description\" content=\"Marc M\u00e1rquez y el debutante \u00c1lex M\u00e1rquez han presentado la Honda RC213V 2020 en Yakarta, Indonesia, antes del primer test del a\u00f1o\" \/>\n<link rel=\"canonical\" href=\"https:\/\/www.boxrepsol.com\/es\/motogp\/equipo-repsol-honda-inaugura-temporada-2020-indonesia\/\" \/>\n<meta property=\"og:locale\" content=\"es_ES\" \/>\n<meta property=\"og:type\" content=\"article\" \/>\n<meta property=\"og:title\" content=\"El equipo Repsol Honda inaugura su temporada 2020 en Indonesia - Box Repsol\" \/>\n<meta property=\"og:description\" content=\"Marc M\u00e1rquez y el debutante \u00c1lex M\u00e1rquez han presentado la Honda RC213V 2020 en Yakarta, Indonesia, antes del primer test del a\u00f1o\" \/>\n<meta property=\"og:url\" content=\"https:\/\/www.boxrepsol.com\/es\/motogp\/equipo-repsol-honda-inaugura-temporada-2020-indonesia\/\" \/>\n<meta property=\"og:site_name\" content=\"Box Repsol\" \/>\n<meta property=\"article:publisher\" content=\"https:\/\/www.facebook.com\/BoxRepsol\" \/>\n<meta property=\"article:author\" content=\"https:\/\/www.facebook.com\/BoxRepsol\/\" \/>\n<meta property=\"article:published_time\" content=\"2020-02-04T02:00:00+00:00\" \/>\n<meta property=\"article:modified_time\" content=\"2024-04-22T10:41:55+00:00\" \/>\n<meta property=\"og:image\" content=\"https:\/\/bxrepsol.s3.eu-west-1.amazonaws.com\/static\/2022\/08\/29091333\/presentacio%CC%81n-equipo-repsol-honda-2020-1.jpg\" \/>\n\t<meta property=\"og:image:width\" content=\"1280\" \/>\n\t<meta property=\"og:image:height\" content=\"601\" \/>\n\t<meta property=\"og:image:type\" content=\"image\/jpeg\" \/>\n<meta name=\"author\" content=\"Redacci\u00f3n Box Repsol\" \/>\n<meta name=\"twitter:card\" content=\"summary_large_image\" \/>\n<meta name=\"twitter:creator\" content=\"@https:\/\/twitter.com\/box_repsol\" \/>\n<meta name=\"twitter:site\" content=\"@box_repsol\" \/>\n<meta name=\"twitter:label1\" content=\"Written by\" \/>\n\t<meta name=\"twitter:data1\" content=\"Redacci\u00f3n Box Repsol\" \/>\n\t<meta name=\"twitter:label2\" content=\"Est. reading time\" \/>\n\t<meta name=\"twitter:data2\" content=\"1 minuto\" \/>\n<script type=\"application\/ld+json\" class=\"yoast-schema-graph\">{\"@context\":\"https:\\\/\\\/schema.org\",\"@graph\":[{\"@type\":\"Article\",\"@id\":\"https:\\\/\\\/www.boxrepsol.com\\\/es\\\/motogp\\\/equipo-repsol-honda-inaugura-temporada-2020-indonesia\\\/#article\",\"isPartOf\":{\"@id\":\"https:\\\/\\\/www.boxrepsol.com\\\/es\\\/motogp\\\/equipo-repsol-honda-inaugura-temporada-2020-indonesia\\\/\"},\"author\":{\"name\":\"Redacci\u00f3n Box Repsol\",\"@id\":\"https:\\\/\\\/www.boxrepsol.com\\\/es\\\/#\\\/schema\\\/person\\\/c5c2138f2cca251b0ad92b7086bb60b7\"},\"headline\":\"El equipo Repsol Honda inaugura su temporada 2020 en Indonesia\",\"datePublished\":\"2020-02-04T02:00:00+00:00\",\"dateModified\":\"2024-04-22T10:41:55+00:00\",\"mainEntityOfPage\":{\"@id\":\"https:\\\/\\\/www.boxrepsol.com\\\/es\\\/motogp\\\/equipo-repsol-honda-inaugura-temporada-2020-indonesia\\\/\"},\"wordCount\":209,\"commentCount\":0,\"publisher\":{\"@id\":\"https:\\\/\\\/www.boxrepsol.com\\\/es\\\/#organization\"},\"image\":{\"@id\":\"https:\\\/\\\/www.boxrepsol.com\\\/es\\\/motogp\\\/equipo-repsol-honda-inaugura-temporada-2020-indonesia\\\/#primaryimage\"},\"thumbnailUrl\":\"https:\\\/\\\/bxrepsol.s3.eu-west-1.amazonaws.com\\\/static\\\/2022\\\/08\\\/29091333\\\/presentacio%CC%81n-equipo-repsol-honda-2020-1.jpg\",\"keywords\":[\"2020\",\"\u00c1lex M\u00e1rquez\",\"Equipo Repsol Honda\",\"Marc M\u00e1rquez\"],\"articleSection\":[\"MotoGP\"],\"inLanguage\":\"es\",\"potentialAction\":[{\"@type\":\"CommentAction\",\"name\":\"Comment\",\"target\":[\"https:\\\/\\\/www.boxrepsol.com\\\/es\\\/motogp\\\/equipo-repsol-honda-inaugura-temporada-2020-indonesia\\\/#respond\"]}]},{\"@type\":\"WebPage\",\"@id\":\"https:\\\/\\\/www.boxrepsol.com\\\/es\\\/motogp\\\/equipo-repsol-honda-inaugura-temporada-2020-indonesia\\\/\",\"url\":\"https:\\\/\\\/www.boxrepsol.com\\\/es\\\/motogp\\\/equipo-repsol-honda-inaugura-temporada-2020-indonesia\\\/\",\"name\":\"El equipo Repsol Honda inaugura su temporada 2020 en Indonesia - Box Repsol\",\"isPartOf\":{\"@id\":\"https:\\\/\\\/www.boxrepsol.com\\\/es\\\/#website\"},\"primaryImageOfPage\":{\"@id\":\"https:\\\/\\\/www.boxrepsol.com\\\/es\\\/motogp\\\/equipo-repsol-honda-inaugura-temporada-2020-indonesia\\\/#primaryimage\"},\"image\":{\"@id\":\"https:\\\/\\\/www.boxrepsol.com\\\/es\\\/motogp\\\/equipo-repsol-honda-inaugura-temporada-2020-indonesia\\\/#primaryimage\"},\"thumbnailUrl\":\"https:\\\/\\\/bxrepsol.s3.eu-west-1.amazonaws.com\\\/static\\\/2022\\\/08\\\/29091333\\\/presentacio%CC%81n-equipo-repsol-honda-2020-1.jpg\",\"datePublished\":\"2020-02-04T02:00:00+00:00\",\"dateModified\":\"2024-04-22T10:41:55+00:00\",\"description\":\"Marc M\u00e1rquez y el debutante \u00c1lex M\u00e1rquez han presentado la Honda RC213V 2020 en Yakarta, Indonesia, antes del primer test del a\u00f1o\",\"breadcrumb\":{\"@id\":\"https:\\\/\\\/www.boxrepsol.com\\\/es\\\/motogp\\\/equipo-repsol-honda-inaugura-temporada-2020-indonesia\\\/#breadcrumb\"},\"inLanguage\":\"es\",\"potentialAction\":[{\"@type\":\"ReadAction\",\"target\":[\"https:\\\/\\\/www.boxrepsol.com\\\/es\\\/motogp\\\/equipo-repsol-honda-inaugura-temporada-2020-indonesia\\\/\"]}]},{\"@type\":\"ImageObject\",\"inLanguage\":\"es\",\"@id\":\"https:\\\/\\\/www.boxrepsol.com\\\/es\\\/motogp\\\/equipo-repsol-honda-inaugura-temporada-2020-indonesia\\\/#primaryimage\",\"url\":\"https:\\\/\\\/bxrepsol.s3.eu-west-1.amazonaws.com\\\/static\\\/2022\\\/08\\\/29091333\\\/presentacio%CC%81n-equipo-repsol-honda-2020-1.jpg\",\"contentUrl\":\"https:\\\/\\\/bxrepsol.s3.eu-west-1.amazonaws.com\\\/static\\\/2022\\\/08\\\/29091333\\\/presentacio%CC%81n-equipo-repsol-honda-2020-1.jpg\",\"width\":1280,\"height\":601,\"caption\":\"Marc M\u00e1rquez y \u00c1lex M\u00e1rquez posando junto a las motos en la presentaci\u00f3n del Equipo Repsol Honda 2020\"},{\"@type\":\"BreadcrumbList\",\"@id\":\"https:\\\/\\\/www.boxrepsol.com\\\/es\\\/motogp\\\/equipo-repsol-honda-inaugura-temporada-2020-indonesia\\\/#breadcrumb\",\"itemListElement\":[{\"@type\":\"ListItem\",\"position\":1,\"name\":\"Home\",\"item\":\"https:\\\/\\\/www.boxrepsol.com\\\/es\\\/\"},{\"@type\":\"ListItem\",\"position\":2,\"name\":\"El equipo Repsol Honda inaugura su temporada 2020 en Indonesia\"}]},{\"@type\":\"WebSite\",\"@id\":\"https:\\\/\\\/www.boxrepsol.com\\\/es\\\/#website\",\"url\":\"https:\\\/\\\/www.boxrepsol.com\\\/es\\\/\",\"name\":\"Box Repsol\",\"description\":\"Box Repsol Site\",\"publisher\":{\"@id\":\"https:\\\/\\\/www.boxrepsol.com\\\/es\\\/#organization\"},\"potentialAction\":[{\"@type\":\"SearchAction\",\"target\":{\"@type\":\"EntryPoint\",\"urlTemplate\":\"https:\\\/\\\/www.boxrepsol.com\\\/es\\\/?s={search_term_string}\"},\"query-input\":{\"@type\":\"PropertyValueSpecification\",\"valueRequired\":true,\"valueName\":\"search_term_string\"}}],\"inLanguage\":\"es\"},{\"@type\":\"Organization\",\"@id\":\"https:\\\/\\\/www.boxrepsol.com\\\/es\\\/#organization\",\"name\":\"Box Repsol\",\"url\":\"https:\\\/\\\/www.boxrepsol.com\\\/es\\\/\",\"logo\":{\"@type\":\"ImageObject\",\"inLanguage\":\"es\",\"@id\":\"https:\\\/\\\/www.boxrepsol.com\\\/es\\\/#\\\/schema\\\/logo\\\/image\\\/\",\"url\":\"https:\\\/\\\/bxrepsol.s3.eu-west-1.amazonaws.com\\\/static\\\/2025\\\/07\\\/30083337\\\/favicon-96x96-1.png\",\"contentUrl\":\"https:\\\/\\\/bxrepsol.s3.eu-west-1.amazonaws.com\\\/static\\\/2025\\\/07\\\/30083337\\\/favicon-96x96-1.png\",\"width\":96,\"height\":96,\"caption\":\"Box Repsol\"},\"image\":{\"@id\":\"https:\\\/\\\/www.boxrepsol.com\\\/es\\\/#\\\/schema\\\/logo\\\/image\\\/\"},\"sameAs\":[\"https:\\\/\\\/www.facebook.com\\\/BoxRepsol\",\"https:\\\/\\\/x.com\\\/box_repsol\",\"http:\\\/\\\/instagram.com\\\/box_repsol\",\"https:\\\/\\\/www.youtube.com\\\/user\\\/RepsolCompeticion\",\"https:\\\/\\\/www.flickr.com\\\/photos\\\/box_repsol\\\/\"]},{\"@type\":\"Person\",\"@id\":\"https:\\\/\\\/www.boxrepsol.com\\\/es\\\/#\\\/schema\\\/person\\\/c5c2138f2cca251b0ad92b7086bb60b7\",\"name\":\"Redacci\u00f3n Box Repsol\",\"image\":{\"@type\":\"ImageObject\",\"inLanguage\":\"es\",\"@id\":\"https:\\\/\\\/secure.gravatar.com\\\/avatar\\\/adf7b77e38b4419baf32c7e9c21dde01f4e40df611f0978e3006fc4ba0aaab7e?s=96&d=mm&r=g\",\"url\":\"https:\\\/\\\/secure.gravatar.com\\\/avatar\\\/adf7b77e38b4419baf32c7e9c21dde01f4e40df611f0978e3006fc4ba0aaab7e?s=96&d=mm&r=g\",\"contentUrl\":\"https:\\\/\\\/secure.gravatar.com\\\/avatar\\\/adf7b77e38b4419baf32c7e9c21dde01f4e40df611f0978e3006fc4ba0aaab7e?s=96&d=mm&r=g\",\"caption\":\"Redacci\u00f3n Box Repsol\"},\"description\":\"Box Repsol lo forma un equipo de periodistas, community managers, dise\u00f1adores y fot\u00f3grafos con m\u00e1s de 20 a\u00f1os de experiencia en el mundo del motorsport. Hemos vivido el primer mundial de un espa\u00f1ol en la categor\u00eda reina de motociclismo con \u00c1lex Crivill\u00e9, estuvimos en las victorias de Pedrosa y los t\u00edtulos de M\u00e1rquez, acompa\u00f1amos en \u00c1frica a Nani Roma y Marc Coma en sus conquistas del Dakar y hemos vibrado con los t\u00edtulos de Toni Bou en Trial. Adem\u00e1s, en nuestro equipo contamos con expertos en el mundo de las dos y cuatro ruedas tanto de la calle y las carreteras, como de los circuitos. Periodistas que han trabajado en revistas y publicaciones para hacerte llegar desde rutas y consejos de mantenimiento, a curiosidades y trucos de pilotaje.\",\"sameAs\":[\"https:\\\/\\\/www.facebook.com\\\/BoxRepsol\\\/\",\"https:\\\/\\\/www.instagram.com\\\/box_repsol\\\/\",\"https:\\\/\\\/x.com\\\/https:\\\/\\\/twitter.com\\\/box_repsol\",\"https:\\\/\\\/www.youtube.com\\\/@Boxrepsol\"],\"url\":\"https:\\\/\\\/www.boxrepsol.com\\\/es\\\/author\\\/redaccion-box-repsol\\\/\"}]}<\/script>\n<!-- \/ Yoast SEO plugin. -->","yoast_head_json":{"title":"El equipo Repsol Honda inaugura su temporada 2020 en Indonesia - Box Repsol","description":"Marc M\u00e1rquez y el debutante \u00c1lex M\u00e1rquez han presentado la Honda RC213V 2020 en Yakarta, Indonesia, antes del primer test del a\u00f1o","canonical":"https:\/\/www.boxrepsol.com\/es\/motogp\/equipo-repsol-honda-inaugura-temporada-2020-indonesia\/","og_locale":"es_ES","og_type":"article","og_title":"El equipo Repsol Honda inaugura su temporada 2020 en Indonesia - Box Repsol","og_description":"Marc M\u00e1rquez y el debutante \u00c1lex M\u00e1rquez han presentado la Honda RC213V 2020 en Yakarta, Indonesia, antes del primer test del a\u00f1o","og_url":"https:\/\/www.boxrepsol.com\/es\/motogp\/equipo-repsol-honda-inaugura-temporada-2020-indonesia\/","og_site_name":"Box Repsol","article_publisher":"https:\/\/www.facebook.com\/BoxRepsol","article_author":"https:\/\/www.facebook.com\/BoxRepsol\/","article_published_time":"2020-02-04T02:00:00+00:00","article_modified_time":"2024-04-22T10:41:55+00:00","og_image":[{"width":1280,"height":601,"url":"https:\/\/bxrepsol.s3.eu-west-1.amazonaws.com\/static\/2022\/08\/29091333\/presentacio%CC%81n-equipo-repsol-honda-2020-1.jpg","type":"image\/jpeg"}],"author":"Redacci\u00f3n Box Repsol","twitter_card":"summary_large_image","twitter_creator":"@https:\/\/twitter.com\/box_repsol","twitter_site":"@box_repsol","twitter_misc":{"Written by":"Redacci\u00f3n Box Repsol","Est. reading time":"1 minuto"},"schema":{"@context":"https:\/\/schema.org","@graph":[{"@type":"Article","@id":"https:\/\/www.boxrepsol.com\/es\/motogp\/equipo-repsol-honda-inaugura-temporada-2020-indonesia\/#article","isPartOf":{"@id":"https:\/\/www.boxrepsol.com\/es\/motogp\/equipo-repsol-honda-inaugura-temporada-2020-indonesia\/"},"author":{"name":"Redacci\u00f3n Box Repsol","@id":"https:\/\/www.boxrepsol.com\/es\/#\/schema\/person\/c5c2138f2cca251b0ad92b7086bb60b7"},"headline":"El equipo Repsol Honda inaugura su temporada 2020 en Indonesia","datePublished":"2020-02-04T02:00:00+00:00","dateModified":"2024-04-22T10:41:55+00:00","mainEntityOfPage":{"@id":"https:\/\/www.boxrepsol.com\/es\/motogp\/equipo-repsol-honda-inaugura-temporada-2020-indonesia\/"},"wordCount":209,"commentCount":0,"publisher":{"@id":"https:\/\/www.boxrepsol.com\/es\/#organization"},"image":{"@id":"https:\/\/www.boxrepsol.com\/es\/motogp\/equipo-repsol-honda-inaugura-temporada-2020-indonesia\/#primaryimage"},"thumbnailUrl":"https:\/\/bxrepsol.s3.eu-west-1.amazonaws.com\/static\/2022\/08\/29091333\/presentacio%CC%81n-equipo-repsol-honda-2020-1.jpg","keywords":["2020","\u00c1lex M\u00e1rquez","Equipo Repsol Honda","Marc M\u00e1rquez"],"articleSection":["MotoGP"],"inLanguage":"es","potentialAction":[{"@type":"CommentAction","name":"Comment","target":["https:\/\/www.boxrepsol.com\/es\/motogp\/equipo-repsol-honda-inaugura-temporada-2020-indonesia\/#respond"]}]},{"@type":"WebPage","@id":"https:\/\/www.boxrepsol.com\/es\/motogp\/equipo-repsol-honda-inaugura-temporada-2020-indonesia\/","url":"https:\/\/www.boxrepsol.com\/es\/motogp\/equipo-repsol-honda-inaugura-temporada-2020-indonesia\/","name":"El equipo Repsol Honda inaugura su temporada 2020 en Indonesia - Box Repsol","isPartOf":{"@id":"https:\/\/www.boxrepsol.com\/es\/#website"},"primaryImageOfPage":{"@id":"https:\/\/www.boxrepsol.com\/es\/motogp\/equipo-repsol-honda-inaugura-temporada-2020-indonesia\/#primaryimage"},"image":{"@id":"https:\/\/www.boxrepsol.com\/es\/motogp\/equipo-repsol-honda-inaugura-temporada-2020-indonesia\/#primaryimage"},"thumbnailUrl":"https:\/\/bxrepsol.s3.eu-west-1.amazonaws.com\/static\/2022\/08\/29091333\/presentacio%CC%81n-equipo-repsol-honda-2020-1.jpg","datePublished":"2020-02-04T02:00:00+00:00","dateModified":"2024-04-22T10:41:55+00:00","description":"Marc M\u00e1rquez y el debutante \u00c1lex M\u00e1rquez han presentado la Honda RC213V 2020 en Yakarta, Indonesia, antes del primer test del a\u00f1o","breadcrumb":{"@id":"https:\/\/www.boxrepsol.com\/es\/motogp\/equipo-repsol-honda-inaugura-temporada-2020-indonesia\/#breadcrumb"},"inLanguage":"es","potentialAction":[{"@type":"ReadAction","target":["https:\/\/www.boxrepsol.com\/es\/motogp\/equipo-repsol-honda-inaugura-temporada-2020-indonesia\/"]}]},{"@type":"ImageObject","inLanguage":"es","@id":"https:\/\/www.boxrepsol.com\/es\/motogp\/equipo-repsol-honda-inaugura-temporada-2020-indonesia\/#primaryimage","url":"https:\/\/bxrepsol.s3.eu-west-1.amazonaws.com\/static\/2022\/08\/29091333\/presentacio%CC%81n-equipo-repsol-honda-2020-1.jpg","contentUrl":"https:\/\/bxrepsol.s3.eu-west-1.amazonaws.com\/static\/2022\/08\/29091333\/presentacio%CC%81n-equipo-repsol-honda-2020-1.jpg","width":1280,"height":601,"caption":"Marc M\u00e1rquez y \u00c1lex M\u00e1rquez posando junto a las motos en la presentaci\u00f3n del Equipo Repsol Honda 2020"},{"@type":"BreadcrumbList","@id":"https:\/\/www.boxrepsol.com\/es\/motogp\/equipo-repsol-honda-inaugura-temporada-2020-indonesia\/#breadcrumb","itemListElement":[{"@type":"ListItem","position":1,"name":"Home","item":"https:\/\/www.boxrepsol.com\/es\/"},{"@type":"ListItem","position":2,"name":"El equipo Repsol Honda inaugura su temporada 2020 en Indonesia"}]},{"@type":"WebSite","@id":"https:\/\/www.boxrepsol.com\/es\/#website","url":"https:\/\/www.boxrepsol.com\/es\/","name":"Box Repsol","description":"Box Repsol Site","publisher":{"@id":"https:\/\/www.boxrepsol.com\/es\/#organization"},"potentialAction":[{"@type":"SearchAction","target":{"@type":"EntryPoint","urlTemplate":"https:\/\/www.boxrepsol.com\/es\/?s={search_term_string}"},"query-input":{"@type":"PropertyValueSpecification","valueRequired":true,"valueName":"search_term_string"}}],"inLanguage":"es"},{"@type":"Organization","@id":"https:\/\/www.boxrepsol.com\/es\/#organization","name":"Box Repsol","url":"https:\/\/www.boxrepsol.com\/es\/","logo":{"@type":"ImageObject","inLanguage":"es","@id":"https:\/\/www.boxrepsol.com\/es\/#\/schema\/logo\/image\/","url":"https:\/\/bxrepsol.s3.eu-west-1.amazonaws.com\/static\/2025\/07\/30083337\/favicon-96x96-1.png","contentUrl":"https:\/\/bxrepsol.s3.eu-west-1.amazonaws.com\/static\/2025\/07\/30083337\/favicon-96x96-1.png","width":96,"height":96,"caption":"Box Repsol"},"image":{"@id":"https:\/\/www.boxrepsol.com\/es\/#\/schema\/logo\/image\/"},"sameAs":["https:\/\/www.facebook.com\/BoxRepsol","https:\/\/x.com\/box_repsol","http:\/\/instagram.com\/box_repsol","https:\/\/www.youtube.com\/user\/RepsolCompeticion","https:\/\/www.flickr.com\/photos\/box_repsol\/"]},{"@type":"Person","@id":"https:\/\/www.boxrepsol.com\/es\/#\/schema\/person\/c5c2138f2cca251b0ad92b7086bb60b7","name":"Redacci\u00f3n Box Repsol","image":{"@type":"ImageObject","inLanguage":"es","@id":"https:\/\/secure.gravatar.com\/avatar\/adf7b77e38b4419baf32c7e9c21dde01f4e40df611f0978e3006fc4ba0aaab7e?s=96&d=mm&r=g","url":"https:\/\/secure.gravatar.com\/avatar\/adf7b77e38b4419baf32c7e9c21dde01f4e40df611f0978e3006fc4ba0aaab7e?s=96&d=mm&r=g","contentUrl":"https:\/\/secure.gravatar.com\/avatar\/adf7b77e38b4419baf32c7e9c21dde01f4e40df611f0978e3006fc4ba0aaab7e?s=96&d=mm&r=g","caption":"Redacci\u00f3n Box Repsol"},"description":"Box Repsol lo forma un equipo de periodistas, community managers, dise\u00f1adores y fot\u00f3grafos con m\u00e1s de 20 a\u00f1os de experiencia en el mundo del motorsport. Hemos vivido el primer mundial de un espa\u00f1ol en la categor\u00eda reina de motociclismo con \u00c1lex Crivill\u00e9, estuvimos en las victorias de Pedrosa y los t\u00edtulos de M\u00e1rquez, acompa\u00f1amos en \u00c1frica a Nani Roma y Marc Coma en sus conquistas del Dakar y hemos vibrado con los t\u00edtulos de Toni Bou en Trial. Adem\u00e1s, en nuestro equipo contamos con expertos en el mundo de las dos y cuatro ruedas tanto de la calle y las carreteras, como de los circuitos. Periodistas que han trabajado en revistas y publicaciones para hacerte llegar desde rutas y consejos de mantenimiento, a curiosidades y trucos de pilotaje.","sameAs":["https:\/\/www.facebook.com\/BoxRepsol\/","https:\/\/www.instagram.com\/box_repsol\/","https:\/\/x.com\/https:\/\/twitter.com\/box_repsol","https:\/\/www.youtube.com\/@Boxrepsol"],"url":"https:\/\/www.boxrepsol.com\/es\/author\/redaccion-box-repsol\/"}]}},"_links":{"self":[{"href":"https:\/\/www.boxrepsol.com\/es\/wp-json\/wp\/v2\/posts\/94374","targetHints":{"allow":["GET"]}}],"collection":[{"href":"https:\/\/www.boxrepsol.com\/es\/wp-json\/wp\/v2\/posts"}],"about":[{"href":"https:\/\/www.boxrepsol.com\/es\/wp-json\/wp\/v2\/types\/post"}],"author":[{"embeddable":true,"href":"https:\/\/www.boxrepsol.com\/es\/wp-json\/wp\/v2\/users\/43146"}],"replies":[{"embeddable":true,"href":"https:\/\/www.boxrepsol.com\/es\/wp-json\/wp\/v2\/comments?post=94374"}],"version-history":[{"count":1,"href":"https:\/\/www.boxrepsol.com\/es\/wp-json\/wp\/v2\/posts\/94374\/revisions"}],"predecessor-version":[{"id":115199,"href":"https:\/\/www.boxrepsol.com\/es\/wp-json\/wp\/v2\/posts\/94374\/revisions\/115199"}],"wp:featuredmedia":[{"embeddable":true,"href":"https:\/\/www.boxrepsol.com\/es\/wp-json\/wp\/v2\/media\/63686"}],"wp:attachment":[{"href":"https:\/\/www.boxrepsol.com\/es\/wp-json\/wp\/v2\/media?parent=94374"}],"wp:term":[{"taxonomy":"category","embeddable":true,"href":"https:\/\/www.boxrepsol.com\/es\/wp-json\/wp\/v2\/categories?post=94374"},{"taxonomy":"post_tag","embeddable":true,"href":"https:\/\/www.boxrepsol.com\/es\/wp-json\/wp\/v2\/tags?post=94374"}],"curies":[{"name":"wp","href":"https:\/\/api.w.org\/{rel}","templated":true}]}}