{"id":94360,"date":"2020-01-16T00:00:00","date_gmt":"2020-01-16T02:00:00","guid":{"rendered":"http:\/\/pre.boxrepsol.com\/sin-categorizar\/marc-marquez-escapadas-bicicleta\/"},"modified":"2024-04-22T08:46:31","modified_gmt":"2024-04-22T10:46:31","slug":"marc-marquez-escapadas-bicicleta","status":"publish","type":"post","link":"https:\/\/www.boxrepsol.com\/es\/motogp\/marc-marquez-escapadas-bicicleta\/","title":{"rendered":"Marc M\u00e1rquez nos cuenta sus escapadas en bicicleta"},"content":{"rendered":"<p><strong>\u00a1Hola amigos!<\/strong><\/p>\n<p>Una vez m\u00e1s estoy encantado de haber terminado la temporada como campe\u00f3n, pero como sab\u00e9is hay mucho trabajo detr\u00e1s del t\u00edtulo. Por un lado, est\u00e1 por supuesto el trabajo de los fines de semana con el equipo y el trabajo de los t\u00e9cnicos de Honda, pero por otro tambi\u00e9n est\u00e1 el trabajo del d\u00eda a d\u00eda. Una de las cosas que nos ayudan a estar en forma a los pilotos, es el ciclismo, y desde Box Repsol me han querido preguntar por mis salidas en bici.<\/p>\n<p>Practico bastante con la bicicleta, tanto durante la temporada como en los descansos, a veces por carretera, otras en la pista, y tambi\u00e9n voy mucho por monta\u00f1a. <strong>Me encanta usar la bici, porque puedo salir con mi hermano \u00c1lex<\/strong>, e incluso a veces se une m\u00e1s gente y se convierte en algo social. Me gusta mucho ir acompa\u00f1ado, ir con gente siempre es lo mejor, adem\u00e1s al ir en grupo te esfuerzas m\u00e1s y te vuelves m\u00e1s competitivo. Hay ocasiones en las que conoces a otros ciclistas mientras est\u00e1s de ruta y te unes a ellos durante algunos tramos, es una experiencia agradable, y nos hemos llegado a encontrar con otros pilotos conocidos.<\/p>\n<p>A veces sienta bien salir de ruta solo y despejar la mente, pero honestamente, yo prefiero ir en grupo, es lo mejor para el entrenamiento. \u00a1Tampoco es que nos pongamos a hacer carreras! Especialmente entre \u00c1lex y yo no controlamos qui\u00e9n gana. <strong>Es verdad que a veces intensificamos el final de una ruta larga para ver qui\u00e9n tiene ventaja y m\u00e1s energ\u00eda<\/strong>. Pero estamos muy igualados, ya no hay mucha diferencia entre nosotros.<\/p>\n<p>Mi prioridad al escoger una ruta, es que sea exigente, ya que casi siempre que salgo es sobre todo para entrenar. Es una forma entretenida de hacerlo y, por supuesto, si hay una ruta con buenas vistas, suelo elegirla. Hay algunas buenas cerca de donde vivo, <a href=\"https:\/\/es.wikiloc.com\/rutas-mountain-bike\/ruta-marc-marquez-15728812\" rel=\"noopener\" target=\"_blank\">incluso tengo la m\u00eda propia<\/a>. Con el ciclismo entrenas el cuerpo, trabajas la resistencia y la fuerza card\u00edaca, la fuerza del coraz\u00f3n. En una carrera normal de MotoGP, tienes que estar en forma porque es muy exigente f\u00edsicamente. Luego est\u00e1n las <strong>carreras como la de Malasia, que ponen a prueba tus l\u00edmites<\/strong>. Cuanto m\u00e1s en formas est\u00e9s, menos notar\u00e1s cosas como el calor, y te puedes centrar m\u00e1s en conducir la moto.<\/p>\n<p><a href=\"https:\/\/bxrepsol.s3.eu-west-1.amazonaws.com\/static\/2022\/08\/05071612\/36137111_2002208059789634_3382798224665346048_o.jpg\" \n   title=\"Marc M\u00e1rquez en evento Oakley\" \n   data-gallery-thumbnail=\"https:\/\/bxrepsol.s3.eu-west-1.amazonaws.com\/static\/2022\/08\/05071612\/36137111_2002208059789634_3382798224665346048_o.jpg\"\n   data-gallery-title=\"\"\n   data-gallery><\/p>\n<figure>\n        <picture style=\"padding-bottom: 66.796875%; background-image: url(https:\/\/bxrepsol.s3.eu-west-1.amazonaws.com\/static\/2022\/08\/05071612\/36137111_2002208059789634_3382798224665346048_o.jpg);\">\n            <img decoding=\"async\" src=\"https:\/\/bxrepsol.s3.eu-west-1.amazonaws.com\/static\/2022\/08\/05071612\/36137111_2002208059789634_3382798224665346048_o.jpg\"><br \/>\n            <img itemprop=\"image\"\n                data-srcset=\"https:\/\/bxrepsol.s3.eu-west-1.amazonaws.com\/static\/2022\/08\/05071612\/36137111_2002208059789634_3382798224665346048_o.jpg 480w, https:\/\/bxrepsol.s3.eu-west-1.amazonaws.com\/static\/2022\/08\/05071612\/36137111_2002208059789634_3382798224665346048_o.jpg 600w, https:\/\/bxrepsol.s3.eu-west-1.amazonaws.com\/static\/2022\/08\/05071612\/36137111_2002208059789634_3382798224665346048_o.jpg 900w, https:\/\/bxrepsol.s3.eu-west-1.amazonaws.com\/static\/2022\/08\/05071612\/36137111_2002208059789634_3382798224665346048_o.jpg 1280w\"\n                data-src=\"https:\/\/bxrepsol.s3.eu-west-1.amazonaws.com\/static\/2022\/08\/05071612\/36137111_2002208059789634_3382798224665346048_o.jpg\"\n                alt=\"Marc M\u00e1rquez en evento Oakley\"\n                title=\"Marc M\u00e1rquez en evento Oakley\"\/><br \/>\n            <noscript><img decoding=\"async\" src=\"https:\/\/bxrepsol.s3.eu-west-1.amazonaws.com\/static\/2022\/08\/05071612\/36137111_2002208059789634_3382798224665346048_o.jpg\" alt=\"Marc M\u00e1rquez en evento Oakley\"><\/noscript>\n        <\/picture><figcaption>Marc M\u00e1rquez en evento Oakley<\/figcaption><\/figure>\n<p><\/a><\/p>\n<p>No me planteo competir en ciclismo, aunque s\u00ed que he asistido a algunos eventos. Este a\u00f1o he participado en un evento con Oakley, pero fue m\u00e1s por gusto. Podr\u00eda plantearme competir m\u00e1s seriamente en el futuro, pero no es algo en lo que est\u00e9 centrado. \u00a1Las motos son m\u00e1s divertidas!<\/p>\n<p>En cuanto al equipo\u2026 \u00a1el casco! <strong>El casco siempre lo primero<\/strong>, y no pueden faltar las gafas de sol. Pero obviamente lo que no puede faltar es una buena bicicleta, tengo un par de bicis diferentes de <a href=\"https:\/\/www.specialized.com\/es\/es\" rel=\"noopener\" target=\"_blank\">Specialized<\/a>, algunas para carretera y otras para Cross Country. Est\u00e1n personalizadas, por lo que son un poco distintas a las que suele utilizar la gente, pero no es algo totalmente diferente. Durante la temporada, utilizo m\u00e1s la bici de monta\u00f1a, ya que es probablemente con la que m\u00e1s disfruto, pero tambi\u00e9n utilizo un poco la bicicleta de carretera. <\/p>\n<p>Si os puedo dar un consejo, \u00a1llevad casco! Es lo m\u00e1s importante. Aparte de eso, id a por todas. A mucha gente le preocupa hasta d\u00f3nde llegan o cu\u00e1ntos vatios generan, pero <strong>mientras salgas y cada vez mejores un poco, lo est\u00e1s haciendo genial<\/strong>.<\/p>\n","protected":false},"excerpt":{"rendered":"<p>El ciclismo es un ejercicio obligatorio para los pilotos de MotoGP, les ayuda a estar en forma y adem\u00e1s es divertido. Marc M\u00e1rquez nos cuenta acerca de sus salidas en bicicleta.<\/p>\n","protected":false},"author":43146,"featured_media":63595,"comment_status":"open","ping_status":"open","sticky":false,"template":"","format":"standard","meta":{"footnotes":""},"categories":[4],"tags":[6],"class_list":["post-94360","post","type-post","status-publish","format-standard","hentry","category-motogp","tag-marc-marquez"],"yoast_head":"<!-- This site is optimized with the Yoast SEO plugin v27.3 - https:\/\/yoast.com\/product\/yoast-seo-wordpress\/ -->\n<title>Marc M\u00e1rquez nos cuenta sus escapadas en bicicleta - Box Repsol<\/title>\n<meta name=\"description\" content=\"El ciclismo es un ejercicio adecuado para los pilotos de MotoGP, ayuda a estar en forma y adem\u00e1s es divertido. Marc nos cuenta sus escapadas en bicicleta.\" \/>\n<link rel=\"canonical\" href=\"https:\/\/www.boxrepsol.com\/es\/motogp\/marc-marquez-escapadas-bicicleta\/\" \/>\n<meta property=\"og:locale\" content=\"es_ES\" \/>\n<meta property=\"og:type\" content=\"article\" \/>\n<meta property=\"og:title\" content=\"Marc M\u00e1rquez nos cuenta sus escapadas en bicicleta - Box Repsol\" \/>\n<meta property=\"og:description\" content=\"El ciclismo es un ejercicio adecuado para los pilotos de MotoGP, ayuda a estar en forma y adem\u00e1s es divertido. Marc nos cuenta sus escapadas en bicicleta.\" \/>\n<meta property=\"og:url\" content=\"https:\/\/www.boxrepsol.com\/es\/motogp\/marc-marquez-escapadas-bicicleta\/\" \/>\n<meta property=\"og:site_name\" content=\"Box Repsol\" \/>\n<meta property=\"article:publisher\" content=\"https:\/\/www.facebook.com\/BoxRepsol\" \/>\n<meta property=\"article:author\" content=\"https:\/\/www.facebook.com\/BoxRepsol\/\" \/>\n<meta property=\"article:published_time\" content=\"2020-01-16T02:00:00+00:00\" \/>\n<meta property=\"article:modified_time\" content=\"2024-04-22T10:46:31+00:00\" \/>\n<meta property=\"og:image\" content=\"https:\/\/bxrepsol.s3.eu-west-1.amazonaws.com\/static\/2022\/08\/29091238\/00_marc_marquez_bicicleta1.jpg\" \/>\n\t<meta property=\"og:image:width\" content=\"1280\" \/>\n\t<meta property=\"og:image:height\" content=\"600\" \/>\n\t<meta property=\"og:image:type\" content=\"image\/jpeg\" \/>\n<meta name=\"author\" content=\"Redacci\u00f3n Box Repsol\" \/>\n<meta name=\"twitter:card\" content=\"summary_large_image\" \/>\n<meta name=\"twitter:creator\" content=\"@https:\/\/twitter.com\/box_repsol\" \/>\n<meta name=\"twitter:site\" content=\"@box_repsol\" \/>\n<meta name=\"twitter:label1\" content=\"Written by\" \/>\n\t<meta name=\"twitter:data1\" content=\"Redacci\u00f3n Box Repsol\" \/>\n\t<meta name=\"twitter:label2\" content=\"Est. reading time\" \/>\n\t<meta name=\"twitter:data2\" content=\"3 minutos\" \/>\n<script type=\"application\/ld+json\" class=\"yoast-schema-graph\">{\"@context\":\"https:\\\/\\\/schema.org\",\"@graph\":[{\"@type\":\"Article\",\"@id\":\"https:\\\/\\\/www.boxrepsol.com\\\/es\\\/motogp\\\/marc-marquez-escapadas-bicicleta\\\/#article\",\"isPartOf\":{\"@id\":\"https:\\\/\\\/www.boxrepsol.com\\\/es\\\/motogp\\\/marc-marquez-escapadas-bicicleta\\\/\"},\"author\":{\"name\":\"Redacci\u00f3n Box Repsol\",\"@id\":\"https:\\\/\\\/www.boxrepsol.com\\\/es\\\/#\\\/schema\\\/person\\\/c5c2138f2cca251b0ad92b7086bb60b7\"},\"headline\":\"Marc M\u00e1rquez nos cuenta sus escapadas en bicicleta\",\"datePublished\":\"2020-01-16T02:00:00+00:00\",\"dateModified\":\"2024-04-22T10:46:31+00:00\",\"mainEntityOfPage\":{\"@id\":\"https:\\\/\\\/www.boxrepsol.com\\\/es\\\/motogp\\\/marc-marquez-escapadas-bicicleta\\\/\"},\"wordCount\":641,\"commentCount\":0,\"publisher\":{\"@id\":\"https:\\\/\\\/www.boxrepsol.com\\\/es\\\/#organization\"},\"image\":{\"@id\":\"https:\\\/\\\/www.boxrepsol.com\\\/es\\\/motogp\\\/marc-marquez-escapadas-bicicleta\\\/#primaryimage\"},\"thumbnailUrl\":\"https:\\\/\\\/bxrepsol.s3.eu-west-1.amazonaws.com\\\/static\\\/2022\\\/08\\\/29091238\\\/00_marc_marquez_bicicleta1.jpg\",\"keywords\":[\"Marc M\u00e1rquez\"],\"articleSection\":[\"MotoGP\"],\"inLanguage\":\"es\",\"potentialAction\":[{\"@type\":\"CommentAction\",\"name\":\"Comment\",\"target\":[\"https:\\\/\\\/www.boxrepsol.com\\\/es\\\/motogp\\\/marc-marquez-escapadas-bicicleta\\\/#respond\"]}]},{\"@type\":\"WebPage\",\"@id\":\"https:\\\/\\\/www.boxrepsol.com\\\/es\\\/motogp\\\/marc-marquez-escapadas-bicicleta\\\/\",\"url\":\"https:\\\/\\\/www.boxrepsol.com\\\/es\\\/motogp\\\/marc-marquez-escapadas-bicicleta\\\/\",\"name\":\"Marc M\u00e1rquez nos cuenta sus escapadas en bicicleta - Box Repsol\",\"isPartOf\":{\"@id\":\"https:\\\/\\\/www.boxrepsol.com\\\/es\\\/#website\"},\"primaryImageOfPage\":{\"@id\":\"https:\\\/\\\/www.boxrepsol.com\\\/es\\\/motogp\\\/marc-marquez-escapadas-bicicleta\\\/#primaryimage\"},\"image\":{\"@id\":\"https:\\\/\\\/www.boxrepsol.com\\\/es\\\/motogp\\\/marc-marquez-escapadas-bicicleta\\\/#primaryimage\"},\"thumbnailUrl\":\"https:\\\/\\\/bxrepsol.s3.eu-west-1.amazonaws.com\\\/static\\\/2022\\\/08\\\/29091238\\\/00_marc_marquez_bicicleta1.jpg\",\"datePublished\":\"2020-01-16T02:00:00+00:00\",\"dateModified\":\"2024-04-22T10:46:31+00:00\",\"description\":\"El ciclismo es un ejercicio adecuado para los pilotos de MotoGP, ayuda a estar en forma y adem\u00e1s es divertido. Marc nos cuenta sus escapadas en bicicleta.\",\"breadcrumb\":{\"@id\":\"https:\\\/\\\/www.boxrepsol.com\\\/es\\\/motogp\\\/marc-marquez-escapadas-bicicleta\\\/#breadcrumb\"},\"inLanguage\":\"es\",\"potentialAction\":[{\"@type\":\"ReadAction\",\"target\":[\"https:\\\/\\\/www.boxrepsol.com\\\/es\\\/motogp\\\/marc-marquez-escapadas-bicicleta\\\/\"]}]},{\"@type\":\"ImageObject\",\"inLanguage\":\"es\",\"@id\":\"https:\\\/\\\/www.boxrepsol.com\\\/es\\\/motogp\\\/marc-marquez-escapadas-bicicleta\\\/#primaryimage\",\"url\":\"https:\\\/\\\/bxrepsol.s3.eu-west-1.amazonaws.com\\\/static\\\/2022\\\/08\\\/29091238\\\/00_marc_marquez_bicicleta1.jpg\",\"contentUrl\":\"https:\\\/\\\/bxrepsol.s3.eu-west-1.amazonaws.com\\\/static\\\/2022\\\/08\\\/29091238\\\/00_marc_marquez_bicicleta1.jpg\",\"width\":1280,\"height\":600,\"caption\":\"Marc M\u00e1rquez sentado junto a una pared de ladrillos en una de sus escapadas en bicicleta\"},{\"@type\":\"BreadcrumbList\",\"@id\":\"https:\\\/\\\/www.boxrepsol.com\\\/es\\\/motogp\\\/marc-marquez-escapadas-bicicleta\\\/#breadcrumb\",\"itemListElement\":[{\"@type\":\"ListItem\",\"position\":1,\"name\":\"Home\",\"item\":\"https:\\\/\\\/www.boxrepsol.com\\\/es\\\/\"},{\"@type\":\"ListItem\",\"position\":2,\"name\":\"Marc M\u00e1rquez nos cuenta sus escapadas en bicicleta\"}]},{\"@type\":\"WebSite\",\"@id\":\"https:\\\/\\\/www.boxrepsol.com\\\/es\\\/#website\",\"url\":\"https:\\\/\\\/www.boxrepsol.com\\\/es\\\/\",\"name\":\"Box Repsol\",\"description\":\"Box Repsol Site\",\"publisher\":{\"@id\":\"https:\\\/\\\/www.boxrepsol.com\\\/es\\\/#organization\"},\"potentialAction\":[{\"@type\":\"SearchAction\",\"target\":{\"@type\":\"EntryPoint\",\"urlTemplate\":\"https:\\\/\\\/www.boxrepsol.com\\\/es\\\/?s={search_term_string}\"},\"query-input\":{\"@type\":\"PropertyValueSpecification\",\"valueRequired\":true,\"valueName\":\"search_term_string\"}}],\"inLanguage\":\"es\"},{\"@type\":\"Organization\",\"@id\":\"https:\\\/\\\/www.boxrepsol.com\\\/es\\\/#organization\",\"name\":\"Box Repsol\",\"url\":\"https:\\\/\\\/www.boxrepsol.com\\\/es\\\/\",\"logo\":{\"@type\":\"ImageObject\",\"inLanguage\":\"es\",\"@id\":\"https:\\\/\\\/www.boxrepsol.com\\\/es\\\/#\\\/schema\\\/logo\\\/image\\\/\",\"url\":\"https:\\\/\\\/bxrepsol.s3.eu-west-1.amazonaws.com\\\/static\\\/2025\\\/07\\\/30083337\\\/favicon-96x96-1.png\",\"contentUrl\":\"https:\\\/\\\/bxrepsol.s3.eu-west-1.amazonaws.com\\\/static\\\/2025\\\/07\\\/30083337\\\/favicon-96x96-1.png\",\"width\":96,\"height\":96,\"caption\":\"Box Repsol\"},\"image\":{\"@id\":\"https:\\\/\\\/www.boxrepsol.com\\\/es\\\/#\\\/schema\\\/logo\\\/image\\\/\"},\"sameAs\":[\"https:\\\/\\\/www.facebook.com\\\/BoxRepsol\",\"https:\\\/\\\/x.com\\\/box_repsol\",\"http:\\\/\\\/instagram.com\\\/box_repsol\",\"https:\\\/\\\/www.youtube.com\\\/user\\\/RepsolCompeticion\",\"https:\\\/\\\/www.flickr.com\\\/photos\\\/box_repsol\\\/\"]},{\"@type\":\"Person\",\"@id\":\"https:\\\/\\\/www.boxrepsol.com\\\/es\\\/#\\\/schema\\\/person\\\/c5c2138f2cca251b0ad92b7086bb60b7\",\"name\":\"Redacci\u00f3n Box Repsol\",\"image\":{\"@type\":\"ImageObject\",\"inLanguage\":\"es\",\"@id\":\"https:\\\/\\\/secure.gravatar.com\\\/avatar\\\/adf7b77e38b4419baf32c7e9c21dde01f4e40df611f0978e3006fc4ba0aaab7e?s=96&d=mm&r=g\",\"url\":\"https:\\\/\\\/secure.gravatar.com\\\/avatar\\\/adf7b77e38b4419baf32c7e9c21dde01f4e40df611f0978e3006fc4ba0aaab7e?s=96&d=mm&r=g\",\"contentUrl\":\"https:\\\/\\\/secure.gravatar.com\\\/avatar\\\/adf7b77e38b4419baf32c7e9c21dde01f4e40df611f0978e3006fc4ba0aaab7e?s=96&d=mm&r=g\",\"caption\":\"Redacci\u00f3n Box Repsol\"},\"description\":\"Box Repsol lo forma un equipo de periodistas, community managers, dise\u00f1adores y fot\u00f3grafos con m\u00e1s de 20 a\u00f1os de experiencia en el mundo del motorsport. Hemos vivido el primer mundial de un espa\u00f1ol en la categor\u00eda reina de motociclismo con \u00c1lex Crivill\u00e9, estuvimos en las victorias de Pedrosa y los t\u00edtulos de M\u00e1rquez, acompa\u00f1amos en \u00c1frica a Nani Roma y Marc Coma en sus conquistas del Dakar y hemos vibrado con los t\u00edtulos de Toni Bou en Trial. Adem\u00e1s, en nuestro equipo contamos con expertos en el mundo de las dos y cuatro ruedas tanto de la calle y las carreteras, como de los circuitos. Periodistas que han trabajado en revistas y publicaciones para hacerte llegar desde rutas y consejos de mantenimiento, a curiosidades y trucos de pilotaje.\",\"sameAs\":[\"https:\\\/\\\/www.facebook.com\\\/BoxRepsol\\\/\",\"https:\\\/\\\/www.instagram.com\\\/box_repsol\\\/\",\"https:\\\/\\\/x.com\\\/https:\\\/\\\/twitter.com\\\/box_repsol\",\"https:\\\/\\\/www.youtube.com\\\/@Boxrepsol\"],\"url\":\"https:\\\/\\\/www.boxrepsol.com\\\/es\\\/author\\\/redaccion-box-repsol\\\/\"}]}<\/script>\n<!-- \/ Yoast SEO plugin. -->","yoast_head_json":{"title":"Marc M\u00e1rquez nos cuenta sus escapadas en bicicleta - Box Repsol","description":"El ciclismo es un ejercicio adecuado para los pilotos de MotoGP, ayuda a estar en forma y adem\u00e1s es divertido. Marc nos cuenta sus escapadas en bicicleta.","canonical":"https:\/\/www.boxrepsol.com\/es\/motogp\/marc-marquez-escapadas-bicicleta\/","og_locale":"es_ES","og_type":"article","og_title":"Marc M\u00e1rquez nos cuenta sus escapadas en bicicleta - Box Repsol","og_description":"El ciclismo es un ejercicio adecuado para los pilotos de MotoGP, ayuda a estar en forma y adem\u00e1s es divertido. Marc nos cuenta sus escapadas en bicicleta.","og_url":"https:\/\/www.boxrepsol.com\/es\/motogp\/marc-marquez-escapadas-bicicleta\/","og_site_name":"Box Repsol","article_publisher":"https:\/\/www.facebook.com\/BoxRepsol","article_author":"https:\/\/www.facebook.com\/BoxRepsol\/","article_published_time":"2020-01-16T02:00:00+00:00","article_modified_time":"2024-04-22T10:46:31+00:00","og_image":[{"width":1280,"height":600,"url":"https:\/\/bxrepsol.s3.eu-west-1.amazonaws.com\/static\/2022\/08\/29091238\/00_marc_marquez_bicicleta1.jpg","type":"image\/jpeg"}],"author":"Redacci\u00f3n Box Repsol","twitter_card":"summary_large_image","twitter_creator":"@https:\/\/twitter.com\/box_repsol","twitter_site":"@box_repsol","twitter_misc":{"Written by":"Redacci\u00f3n Box Repsol","Est. reading time":"3 minutos"},"schema":{"@context":"https:\/\/schema.org","@graph":[{"@type":"Article","@id":"https:\/\/www.boxrepsol.com\/es\/motogp\/marc-marquez-escapadas-bicicleta\/#article","isPartOf":{"@id":"https:\/\/www.boxrepsol.com\/es\/motogp\/marc-marquez-escapadas-bicicleta\/"},"author":{"name":"Redacci\u00f3n Box Repsol","@id":"https:\/\/www.boxrepsol.com\/es\/#\/schema\/person\/c5c2138f2cca251b0ad92b7086bb60b7"},"headline":"Marc M\u00e1rquez nos cuenta sus escapadas en bicicleta","datePublished":"2020-01-16T02:00:00+00:00","dateModified":"2024-04-22T10:46:31+00:00","mainEntityOfPage":{"@id":"https:\/\/www.boxrepsol.com\/es\/motogp\/marc-marquez-escapadas-bicicleta\/"},"wordCount":641,"commentCount":0,"publisher":{"@id":"https:\/\/www.boxrepsol.com\/es\/#organization"},"image":{"@id":"https:\/\/www.boxrepsol.com\/es\/motogp\/marc-marquez-escapadas-bicicleta\/#primaryimage"},"thumbnailUrl":"https:\/\/bxrepsol.s3.eu-west-1.amazonaws.com\/static\/2022\/08\/29091238\/00_marc_marquez_bicicleta1.jpg","keywords":["Marc M\u00e1rquez"],"articleSection":["MotoGP"],"inLanguage":"es","potentialAction":[{"@type":"CommentAction","name":"Comment","target":["https:\/\/www.boxrepsol.com\/es\/motogp\/marc-marquez-escapadas-bicicleta\/#respond"]}]},{"@type":"WebPage","@id":"https:\/\/www.boxrepsol.com\/es\/motogp\/marc-marquez-escapadas-bicicleta\/","url":"https:\/\/www.boxrepsol.com\/es\/motogp\/marc-marquez-escapadas-bicicleta\/","name":"Marc M\u00e1rquez nos cuenta sus escapadas en bicicleta - Box Repsol","isPartOf":{"@id":"https:\/\/www.boxrepsol.com\/es\/#website"},"primaryImageOfPage":{"@id":"https:\/\/www.boxrepsol.com\/es\/motogp\/marc-marquez-escapadas-bicicleta\/#primaryimage"},"image":{"@id":"https:\/\/www.boxrepsol.com\/es\/motogp\/marc-marquez-escapadas-bicicleta\/#primaryimage"},"thumbnailUrl":"https:\/\/bxrepsol.s3.eu-west-1.amazonaws.com\/static\/2022\/08\/29091238\/00_marc_marquez_bicicleta1.jpg","datePublished":"2020-01-16T02:00:00+00:00","dateModified":"2024-04-22T10:46:31+00:00","description":"El ciclismo es un ejercicio adecuado para los pilotos de MotoGP, ayuda a estar en forma y adem\u00e1s es divertido. Marc nos cuenta sus escapadas en bicicleta.","breadcrumb":{"@id":"https:\/\/www.boxrepsol.com\/es\/motogp\/marc-marquez-escapadas-bicicleta\/#breadcrumb"},"inLanguage":"es","potentialAction":[{"@type":"ReadAction","target":["https:\/\/www.boxrepsol.com\/es\/motogp\/marc-marquez-escapadas-bicicleta\/"]}]},{"@type":"ImageObject","inLanguage":"es","@id":"https:\/\/www.boxrepsol.com\/es\/motogp\/marc-marquez-escapadas-bicicleta\/#primaryimage","url":"https:\/\/bxrepsol.s3.eu-west-1.amazonaws.com\/static\/2022\/08\/29091238\/00_marc_marquez_bicicleta1.jpg","contentUrl":"https:\/\/bxrepsol.s3.eu-west-1.amazonaws.com\/static\/2022\/08\/29091238\/00_marc_marquez_bicicleta1.jpg","width":1280,"height":600,"caption":"Marc M\u00e1rquez sentado junto a una pared de ladrillos en una de sus escapadas en bicicleta"},{"@type":"BreadcrumbList","@id":"https:\/\/www.boxrepsol.com\/es\/motogp\/marc-marquez-escapadas-bicicleta\/#breadcrumb","itemListElement":[{"@type":"ListItem","position":1,"name":"Home","item":"https:\/\/www.boxrepsol.com\/es\/"},{"@type":"ListItem","position":2,"name":"Marc M\u00e1rquez nos cuenta sus escapadas en bicicleta"}]},{"@type":"WebSite","@id":"https:\/\/www.boxrepsol.com\/es\/#website","url":"https:\/\/www.boxrepsol.com\/es\/","name":"Box Repsol","description":"Box Repsol Site","publisher":{"@id":"https:\/\/www.boxrepsol.com\/es\/#organization"},"potentialAction":[{"@type":"SearchAction","target":{"@type":"EntryPoint","urlTemplate":"https:\/\/www.boxrepsol.com\/es\/?s={search_term_string}"},"query-input":{"@type":"PropertyValueSpecification","valueRequired":true,"valueName":"search_term_string"}}],"inLanguage":"es"},{"@type":"Organization","@id":"https:\/\/www.boxrepsol.com\/es\/#organization","name":"Box Repsol","url":"https:\/\/www.boxrepsol.com\/es\/","logo":{"@type":"ImageObject","inLanguage":"es","@id":"https:\/\/www.boxrepsol.com\/es\/#\/schema\/logo\/image\/","url":"https:\/\/bxrepsol.s3.eu-west-1.amazonaws.com\/static\/2025\/07\/30083337\/favicon-96x96-1.png","contentUrl":"https:\/\/bxrepsol.s3.eu-west-1.amazonaws.com\/static\/2025\/07\/30083337\/favicon-96x96-1.png","width":96,"height":96,"caption":"Box Repsol"},"image":{"@id":"https:\/\/www.boxrepsol.com\/es\/#\/schema\/logo\/image\/"},"sameAs":["https:\/\/www.facebook.com\/BoxRepsol","https:\/\/x.com\/box_repsol","http:\/\/instagram.com\/box_repsol","https:\/\/www.youtube.com\/user\/RepsolCompeticion","https:\/\/www.flickr.com\/photos\/box_repsol\/"]},{"@type":"Person","@id":"https:\/\/www.boxrepsol.com\/es\/#\/schema\/person\/c5c2138f2cca251b0ad92b7086bb60b7","name":"Redacci\u00f3n Box Repsol","image":{"@type":"ImageObject","inLanguage":"es","@id":"https:\/\/secure.gravatar.com\/avatar\/adf7b77e38b4419baf32c7e9c21dde01f4e40df611f0978e3006fc4ba0aaab7e?s=96&d=mm&r=g","url":"https:\/\/secure.gravatar.com\/avatar\/adf7b77e38b4419baf32c7e9c21dde01f4e40df611f0978e3006fc4ba0aaab7e?s=96&d=mm&r=g","contentUrl":"https:\/\/secure.gravatar.com\/avatar\/adf7b77e38b4419baf32c7e9c21dde01f4e40df611f0978e3006fc4ba0aaab7e?s=96&d=mm&r=g","caption":"Redacci\u00f3n Box Repsol"},"description":"Box Repsol lo forma un equipo de periodistas, community managers, dise\u00f1adores y fot\u00f3grafos con m\u00e1s de 20 a\u00f1os de experiencia en el mundo del motorsport. Hemos vivido el primer mundial de un espa\u00f1ol en la categor\u00eda reina de motociclismo con \u00c1lex Crivill\u00e9, estuvimos en las victorias de Pedrosa y los t\u00edtulos de M\u00e1rquez, acompa\u00f1amos en \u00c1frica a Nani Roma y Marc Coma en sus conquistas del Dakar y hemos vibrado con los t\u00edtulos de Toni Bou en Trial. Adem\u00e1s, en nuestro equipo contamos con expertos en el mundo de las dos y cuatro ruedas tanto de la calle y las carreteras, como de los circuitos. Periodistas que han trabajado en revistas y publicaciones para hacerte llegar desde rutas y consejos de mantenimiento, a curiosidades y trucos de pilotaje.","sameAs":["https:\/\/www.facebook.com\/BoxRepsol\/","https:\/\/www.instagram.com\/box_repsol\/","https:\/\/x.com\/https:\/\/twitter.com\/box_repsol","https:\/\/www.youtube.com\/@Boxrepsol"],"url":"https:\/\/www.boxrepsol.com\/es\/author\/redaccion-box-repsol\/"}]}},"_links":{"self":[{"href":"https:\/\/www.boxrepsol.com\/es\/wp-json\/wp\/v2\/posts\/94360","targetHints":{"allow":["GET"]}}],"collection":[{"href":"https:\/\/www.boxrepsol.com\/es\/wp-json\/wp\/v2\/posts"}],"about":[{"href":"https:\/\/www.boxrepsol.com\/es\/wp-json\/wp\/v2\/types\/post"}],"author":[{"embeddable":true,"href":"https:\/\/www.boxrepsol.com\/es\/wp-json\/wp\/v2\/users\/43146"}],"replies":[{"embeddable":true,"href":"https:\/\/www.boxrepsol.com\/es\/wp-json\/wp\/v2\/comments?post=94360"}],"version-history":[{"count":1,"href":"https:\/\/www.boxrepsol.com\/es\/wp-json\/wp\/v2\/posts\/94360\/revisions"}],"predecessor-version":[{"id":94361,"href":"https:\/\/www.boxrepsol.com\/es\/wp-json\/wp\/v2\/posts\/94360\/revisions\/94361"}],"wp:featuredmedia":[{"embeddable":true,"href":"https:\/\/www.boxrepsol.com\/es\/wp-json\/wp\/v2\/media\/63595"}],"wp:attachment":[{"href":"https:\/\/www.boxrepsol.com\/es\/wp-json\/wp\/v2\/media?parent=94360"}],"wp:term":[{"taxonomy":"category","embeddable":true,"href":"https:\/\/www.boxrepsol.com\/es\/wp-json\/wp\/v2\/categories?post=94360"},{"taxonomy":"post_tag","embeddable":true,"href":"https:\/\/www.boxrepsol.com\/es\/wp-json\/wp\/v2\/tags?post=94360"}],"curies":[{"name":"wp","href":"https:\/\/api.w.org\/{rel}","templated":true}]}}