{"id":94356,"date":"2020-01-15T00:00:00","date_gmt":"2020-01-15T02:00:00","guid":{"rendered":"http:\/\/pre.boxrepsol.com\/sin-categorizar\/este-dakar-ha-vuelto-origenes\/"},"modified":"2024-10-09T13:59:17","modified_gmt":"2024-10-09T15:59:17","slug":"este-dakar-ha-vuelto-origenes","status":"publish","type":"post","link":"https:\/\/www.boxrepsol.com\/es\/rally\/este-dakar-ha-vuelto-origenes\/","title":{"rendered":"Isidre Esteve: \u00abEste Dakar ha vuelto a sus or\u00edgenes\u00bb"},"content":{"rendered":"<p><strong><em>Isidre Esteve<\/em><\/strong><br \/>\nTengo que confesar que afrontaba este Dakar con curiosidad al tratarse de un nuevo pa\u00eds, una nueva cultura y un recorrido totalmente diferente al de Sudam\u00e9rica. Pero despu\u00e9s de estos d\u00edas debo reconocer que <strong>me ha sorprendido gratamente en todos los sentidos<\/strong>.<\/p>\n<p>A nivel deportivo, porque est\u00e1 resultando excelente, tanto t\u00e9cnicamente como por sus extraordinarios paisajes. La mano de la nueva direcci\u00f3n, a cargo de David Castera, se est\u00e1 notando para bien, con unas especiales que me han recordado a Marruecos y Mauritania. <strong>Sin duda, esta edici\u00f3n ha vuelto a los or\u00edgenes del Dakar<\/strong>.<\/p>\n<p>El roadbook era otra de las inc\u00f3gnitas y tambi\u00e9n ha sido una sorpresa agradable. Entregarlo por la ma\u00f1ana permite igualar las fuerzas a nivel de navegaci\u00f3n. Entre los participantes exist\u00eda el temor de ver c\u00f3mo estar\u00edan se\u00f1alizados y, <strong>a la hora de la verdad, lo cierto es que la informaci\u00f3n es muy completa y sin errores<\/strong>. El trabajo de los ouvriers Thierry Magnaldi y Jean-Paul Cottret, con gran experiencia en el Dakar, ofrecen plenas garant\u00edas, en este sentido.<\/p>\n<p><!-- Imagen relacionada --><br \/>\n<img loading=\"lazy\" decoding=\"async\" src=\"https:\/\/bxrepsol.s3.eu-west-1.amazonaws.com\/static\/2022\/08\/05071519\/00_Isidre_Esteve_dakar_2020.jpg\" alt=\"Isidre Esteve conduciendo el prototipo adaptado BV6\" width=\"404\" height=\"336\" \/><br \/>\n<!-- Categor\u00eda --><\/p>\n<p>Con este nuevo sistema, <strong>el Dakar da un gran paso adelante para recuperar la importancia de la navegaci\u00f3n<\/strong>, que \u00faltimamente hab\u00eda perdido much\u00edsimo protagonismo a causa de las ayudas tecnol\u00f3gicas. Espero que este cambio de pol\u00edtica con el roadbook tenga continuidad en el futuro, ya que es un gran acierto.<\/p>\n<p>As\u00ed lo vemos reflejado en la general de coches, donde la igualdad es extraordinaria, con s\u00f3lo 24 segundos de diferencia entre el l\u00edder Carlos Sainz y el segundo clasificado, Nasser Al-Attiyah. <strong>Estoy seguro que de habr\u00e1 emoci\u00f3n hasta el final y preveo que la carrera seguir\u00e1 trepidante hasta el \u00faltimo d\u00eda<\/strong>. Pero\u2026 cuidado con la etapa de ma\u00f1ana. Se tratar\u00e1 de la primera parte de la marat\u00f3n, por el sur del pa\u00eds con dunas muy bonitas que pueden provocar sorpresas en la clasificaci\u00f3n.<\/p>\n<p><strong>A nivel personal, me siento muy satisfecho de haber disfrutado del nacimiento de una nueva era para el Dakar<\/strong>, marcada por muchos cambios dirigidos a mejorar el nivel deportivo. Todas las novedades han sido muy bien acogidas por los pilotos, como demuestra que en el campamento s\u00f3lo se escuchen comentarios positivos y ninguno negativo.<\/p>\n<p>El pa\u00eds tambi\u00e9n me ha sorprendido gratamente, por su <strong>incre\u00edble variedad de terreno y sus maravillosos paisajes<\/strong>. Tiene pistas rotas, pero tambi\u00e9n mucha zona de dunas que, por proximidad geogr\u00e1fica, se parecen a las del Rally de Dub\u00e1i.<\/p>\n<p>A nivel social, s\u00f3lo puedo decir que me he encontrado una normalidad m\u00e1s que aceptable y muy distinta a lo que nos pod\u00edamos imaginar. En Arabia Saud\u00ed me he sentido muy bien acogido y no he tenido ning\u00fan problema por no ser de all\u00ed. Creo que poder hablar de normalidad, ya es todo un \u00e9xito.<\/p>\n<p>Por todo ello, preveo un largo recorrido para el Dakar en Arabia Saud\u00ed, un lugar donde la carrera se puede asentar los pr\u00f3ximos a\u00f1os.<\/p>\n","protected":false},"excerpt":{"rendered":"<p>Me siento muy satisfecho de haber disfrutado del nacimiento de una nueva era en Arabia Saud\u00ed, un pa\u00eds que ofrece posibilidades incre\u00edbles a nivel deportivo.<\/p>\n","protected":false},"author":43146,"featured_media":63571,"comment_status":"open","ping_status":"open","sticky":false,"template":"","format":"standard","meta":{"footnotes":""},"categories":[27],"tags":[191,29,183],"class_list":["post-94356","post","type-post","status-publish","format-standard","hentry","category-rally","tag-191","tag-isidre-esteve","tag-repsol-rally-team"],"yoast_head":"<!-- This site is optimized with the Yoast SEO plugin v27.3 - https:\/\/yoast.com\/product\/yoast-seo-wordpress\/ -->\n<title>Isidre Esteve: &quot;Este Dakar ha vuelto a sus or\u00edgenes&quot; - Box Repsol<\/title>\n<meta name=\"description\" content=\"Me siento muy satisfecho de haber disfrutado del nacimiento de una nueva era en Arabia Saud\u00ed, un pa\u00eds que ofrece posibilidades incre\u00edbles a nivel deportivo.\" \/>\n<link rel=\"canonical\" href=\"https:\/\/www.boxrepsol.com\/es\/rally\/este-dakar-ha-vuelto-origenes\/\" \/>\n<meta property=\"og:locale\" content=\"es_ES\" \/>\n<meta property=\"og:type\" content=\"article\" \/>\n<meta property=\"og:title\" content=\"Isidre Esteve: &quot;Este Dakar ha vuelto a sus or\u00edgenes&quot; - Box Repsol\" \/>\n<meta property=\"og:description\" content=\"Me siento muy satisfecho de haber disfrutado del nacimiento de una nueva era en Arabia Saud\u00ed, un pa\u00eds que ofrece posibilidades incre\u00edbles a nivel deportivo.\" \/>\n<meta property=\"og:url\" content=\"https:\/\/www.boxrepsol.com\/es\/rally\/este-dakar-ha-vuelto-origenes\/\" \/>\n<meta property=\"og:site_name\" content=\"Box Repsol\" \/>\n<meta property=\"article:publisher\" content=\"https:\/\/www.facebook.com\/BoxRepsol\" \/>\n<meta property=\"article:author\" content=\"https:\/\/www.facebook.com\/BoxRepsol\/\" \/>\n<meta property=\"article:published_time\" content=\"2020-01-15T02:00:00+00:00\" \/>\n<meta property=\"article:modified_time\" content=\"2024-10-09T15:59:17+00:00\" \/>\n<meta property=\"og:image\" content=\"https:\/\/bxrepsol.s3.eu-west-1.amazonaws.com\/static\/2022\/08\/29091226\/00_isidre_Esteve_repsol_rally_team1.jpg\" \/>\n\t<meta property=\"og:image:width\" content=\"1280\" \/>\n\t<meta property=\"og:image:height\" content=\"600\" \/>\n\t<meta property=\"og:image:type\" content=\"image\/jpeg\" \/>\n<meta name=\"author\" content=\"Redacci\u00f3n Box Repsol\" \/>\n<meta name=\"twitter:card\" content=\"summary_large_image\" \/>\n<meta name=\"twitter:creator\" content=\"@https:\/\/twitter.com\/box_repsol\" \/>\n<meta name=\"twitter:site\" content=\"@box_repsol\" \/>\n<meta name=\"twitter:label1\" content=\"Written by\" \/>\n\t<meta name=\"twitter:data1\" content=\"Redacci\u00f3n Box Repsol\" \/>\n\t<meta name=\"twitter:label2\" content=\"Est. reading time\" \/>\n\t<meta name=\"twitter:data2\" content=\"3 minutos\" \/>\n<script type=\"application\/ld+json\" class=\"yoast-schema-graph\">{\"@context\":\"https:\\\/\\\/schema.org\",\"@graph\":[{\"@type\":\"Article\",\"@id\":\"https:\\\/\\\/www.boxrepsol.com\\\/es\\\/rally\\\/este-dakar-ha-vuelto-origenes\\\/#article\",\"isPartOf\":{\"@id\":\"https:\\\/\\\/www.boxrepsol.com\\\/es\\\/rally\\\/este-dakar-ha-vuelto-origenes\\\/\"},\"author\":{\"name\":\"Redacci\u00f3n Box Repsol\",\"@id\":\"https:\\\/\\\/www.boxrepsol.com\\\/es\\\/#\\\/schema\\\/person\\\/c5c2138f2cca251b0ad92b7086bb60b7\"},\"headline\":\"Isidre Esteve: \u00abEste Dakar ha vuelto a sus or\u00edgenes\u00bb\",\"datePublished\":\"2020-01-15T02:00:00+00:00\",\"dateModified\":\"2024-10-09T15:59:17+00:00\",\"mainEntityOfPage\":{\"@id\":\"https:\\\/\\\/www.boxrepsol.com\\\/es\\\/rally\\\/este-dakar-ha-vuelto-origenes\\\/\"},\"wordCount\":531,\"commentCount\":0,\"publisher\":{\"@id\":\"https:\\\/\\\/www.boxrepsol.com\\\/es\\\/#organization\"},\"image\":{\"@id\":\"https:\\\/\\\/www.boxrepsol.com\\\/es\\\/rally\\\/este-dakar-ha-vuelto-origenes\\\/#primaryimage\"},\"thumbnailUrl\":\"https:\\\/\\\/bxrepsol.s3.eu-west-1.amazonaws.com\\\/static\\\/2022\\\/08\\\/29091226\\\/00_isidre_Esteve_repsol_rally_team1.jpg\",\"keywords\":[\"2020\",\"Isidre Esteve\",\"Repsol Rally Team\"],\"articleSection\":[\"Rally\"],\"inLanguage\":\"es\",\"potentialAction\":[{\"@type\":\"CommentAction\",\"name\":\"Comment\",\"target\":[\"https:\\\/\\\/www.boxrepsol.com\\\/es\\\/rally\\\/este-dakar-ha-vuelto-origenes\\\/#respond\"]}]},{\"@type\":\"WebPage\",\"@id\":\"https:\\\/\\\/www.boxrepsol.com\\\/es\\\/rally\\\/este-dakar-ha-vuelto-origenes\\\/\",\"url\":\"https:\\\/\\\/www.boxrepsol.com\\\/es\\\/rally\\\/este-dakar-ha-vuelto-origenes\\\/\",\"name\":\"Isidre Esteve: \\\"Este Dakar ha vuelto a sus or\u00edgenes\\\" - Box Repsol\",\"isPartOf\":{\"@id\":\"https:\\\/\\\/www.boxrepsol.com\\\/es\\\/#website\"},\"primaryImageOfPage\":{\"@id\":\"https:\\\/\\\/www.boxrepsol.com\\\/es\\\/rally\\\/este-dakar-ha-vuelto-origenes\\\/#primaryimage\"},\"image\":{\"@id\":\"https:\\\/\\\/www.boxrepsol.com\\\/es\\\/rally\\\/este-dakar-ha-vuelto-origenes\\\/#primaryimage\"},\"thumbnailUrl\":\"https:\\\/\\\/bxrepsol.s3.eu-west-1.amazonaws.com\\\/static\\\/2022\\\/08\\\/29091226\\\/00_isidre_Esteve_repsol_rally_team1.jpg\",\"datePublished\":\"2020-01-15T02:00:00+00:00\",\"dateModified\":\"2024-10-09T15:59:17+00:00\",\"description\":\"Me siento muy satisfecho de haber disfrutado del nacimiento de una nueva era en Arabia Saud\u00ed, un pa\u00eds que ofrece posibilidades incre\u00edbles a nivel deportivo.\",\"breadcrumb\":{\"@id\":\"https:\\\/\\\/www.boxrepsol.com\\\/es\\\/rally\\\/este-dakar-ha-vuelto-origenes\\\/#breadcrumb\"},\"inLanguage\":\"es\",\"potentialAction\":[{\"@type\":\"ReadAction\",\"target\":[\"https:\\\/\\\/www.boxrepsol.com\\\/es\\\/rally\\\/este-dakar-ha-vuelto-origenes\\\/\"]}]},{\"@type\":\"ImageObject\",\"inLanguage\":\"es\",\"@id\":\"https:\\\/\\\/www.boxrepsol.com\\\/es\\\/rally\\\/este-dakar-ha-vuelto-origenes\\\/#primaryimage\",\"url\":\"https:\\\/\\\/bxrepsol.s3.eu-west-1.amazonaws.com\\\/static\\\/2022\\\/08\\\/29091226\\\/00_isidre_Esteve_repsol_rally_team1.jpg\",\"contentUrl\":\"https:\\\/\\\/bxrepsol.s3.eu-west-1.amazonaws.com\\\/static\\\/2022\\\/08\\\/29091226\\\/00_isidre_Esteve_repsol_rally_team1.jpg\",\"width\":1280,\"height\":600,\"caption\":\"Isidre esteve con su BV6\"},{\"@type\":\"BreadcrumbList\",\"@id\":\"https:\\\/\\\/www.boxrepsol.com\\\/es\\\/rally\\\/este-dakar-ha-vuelto-origenes\\\/#breadcrumb\",\"itemListElement\":[{\"@type\":\"ListItem\",\"position\":1,\"name\":\"Home\",\"item\":\"https:\\\/\\\/www.boxrepsol.com\\\/es\\\/\"},{\"@type\":\"ListItem\",\"position\":2,\"name\":\"Isidre Esteve: \u00abEste Dakar ha vuelto a sus or\u00edgenes\u00bb\"}]},{\"@type\":\"WebSite\",\"@id\":\"https:\\\/\\\/www.boxrepsol.com\\\/es\\\/#website\",\"url\":\"https:\\\/\\\/www.boxrepsol.com\\\/es\\\/\",\"name\":\"Box Repsol\",\"description\":\"Box Repsol Site\",\"publisher\":{\"@id\":\"https:\\\/\\\/www.boxrepsol.com\\\/es\\\/#organization\"},\"potentialAction\":[{\"@type\":\"SearchAction\",\"target\":{\"@type\":\"EntryPoint\",\"urlTemplate\":\"https:\\\/\\\/www.boxrepsol.com\\\/es\\\/?s={search_term_string}\"},\"query-input\":{\"@type\":\"PropertyValueSpecification\",\"valueRequired\":true,\"valueName\":\"search_term_string\"}}],\"inLanguage\":\"es\"},{\"@type\":\"Organization\",\"@id\":\"https:\\\/\\\/www.boxrepsol.com\\\/es\\\/#organization\",\"name\":\"Box Repsol\",\"url\":\"https:\\\/\\\/www.boxrepsol.com\\\/es\\\/\",\"logo\":{\"@type\":\"ImageObject\",\"inLanguage\":\"es\",\"@id\":\"https:\\\/\\\/www.boxrepsol.com\\\/es\\\/#\\\/schema\\\/logo\\\/image\\\/\",\"url\":\"https:\\\/\\\/bxrepsol.s3.eu-west-1.amazonaws.com\\\/static\\\/2025\\\/07\\\/30083337\\\/favicon-96x96-1.png\",\"contentUrl\":\"https:\\\/\\\/bxrepsol.s3.eu-west-1.amazonaws.com\\\/static\\\/2025\\\/07\\\/30083337\\\/favicon-96x96-1.png\",\"width\":96,\"height\":96,\"caption\":\"Box Repsol\"},\"image\":{\"@id\":\"https:\\\/\\\/www.boxrepsol.com\\\/es\\\/#\\\/schema\\\/logo\\\/image\\\/\"},\"sameAs\":[\"https:\\\/\\\/www.facebook.com\\\/BoxRepsol\",\"https:\\\/\\\/x.com\\\/box_repsol\",\"http:\\\/\\\/instagram.com\\\/box_repsol\",\"https:\\\/\\\/www.youtube.com\\\/user\\\/RepsolCompeticion\",\"https:\\\/\\\/www.flickr.com\\\/photos\\\/box_repsol\\\/\"]},{\"@type\":\"Person\",\"@id\":\"https:\\\/\\\/www.boxrepsol.com\\\/es\\\/#\\\/schema\\\/person\\\/c5c2138f2cca251b0ad92b7086bb60b7\",\"name\":\"Redacci\u00f3n Box Repsol\",\"image\":{\"@type\":\"ImageObject\",\"inLanguage\":\"es\",\"@id\":\"https:\\\/\\\/secure.gravatar.com\\\/avatar\\\/adf7b77e38b4419baf32c7e9c21dde01f4e40df611f0978e3006fc4ba0aaab7e?s=96&d=mm&r=g\",\"url\":\"https:\\\/\\\/secure.gravatar.com\\\/avatar\\\/adf7b77e38b4419baf32c7e9c21dde01f4e40df611f0978e3006fc4ba0aaab7e?s=96&d=mm&r=g\",\"contentUrl\":\"https:\\\/\\\/secure.gravatar.com\\\/avatar\\\/adf7b77e38b4419baf32c7e9c21dde01f4e40df611f0978e3006fc4ba0aaab7e?s=96&d=mm&r=g\",\"caption\":\"Redacci\u00f3n Box Repsol\"},\"description\":\"Box Repsol lo forma un equipo de periodistas, community managers, dise\u00f1adores y fot\u00f3grafos con m\u00e1s de 20 a\u00f1os de experiencia en el mundo del motorsport. Hemos vivido el primer mundial de un espa\u00f1ol en la categor\u00eda reina de motociclismo con \u00c1lex Crivill\u00e9, estuvimos en las victorias de Pedrosa y los t\u00edtulos de M\u00e1rquez, acompa\u00f1amos en \u00c1frica a Nani Roma y Marc Coma en sus conquistas del Dakar y hemos vibrado con los t\u00edtulos de Toni Bou en Trial. Adem\u00e1s, en nuestro equipo contamos con expertos en el mundo de las dos y cuatro ruedas tanto de la calle y las carreteras, como de los circuitos. Periodistas que han trabajado en revistas y publicaciones para hacerte llegar desde rutas y consejos de mantenimiento, a curiosidades y trucos de pilotaje.\",\"sameAs\":[\"https:\\\/\\\/www.facebook.com\\\/BoxRepsol\\\/\",\"https:\\\/\\\/www.instagram.com\\\/box_repsol\\\/\",\"https:\\\/\\\/x.com\\\/https:\\\/\\\/twitter.com\\\/box_repsol\",\"https:\\\/\\\/www.youtube.com\\\/@Boxrepsol\"],\"url\":\"https:\\\/\\\/www.boxrepsol.com\\\/es\\\/author\\\/redaccion-box-repsol\\\/\"}]}<\/script>\n<!-- \/ Yoast SEO plugin. -->","yoast_head_json":{"title":"Isidre Esteve: \"Este Dakar ha vuelto a sus or\u00edgenes\" - Box Repsol","description":"Me siento muy satisfecho de haber disfrutado del nacimiento de una nueva era en Arabia Saud\u00ed, un pa\u00eds que ofrece posibilidades incre\u00edbles a nivel deportivo.","canonical":"https:\/\/www.boxrepsol.com\/es\/rally\/este-dakar-ha-vuelto-origenes\/","og_locale":"es_ES","og_type":"article","og_title":"Isidre Esteve: \"Este Dakar ha vuelto a sus or\u00edgenes\" - Box Repsol","og_description":"Me siento muy satisfecho de haber disfrutado del nacimiento de una nueva era en Arabia Saud\u00ed, un pa\u00eds que ofrece posibilidades incre\u00edbles a nivel deportivo.","og_url":"https:\/\/www.boxrepsol.com\/es\/rally\/este-dakar-ha-vuelto-origenes\/","og_site_name":"Box Repsol","article_publisher":"https:\/\/www.facebook.com\/BoxRepsol","article_author":"https:\/\/www.facebook.com\/BoxRepsol\/","article_published_time":"2020-01-15T02:00:00+00:00","article_modified_time":"2024-10-09T15:59:17+00:00","og_image":[{"width":1280,"height":600,"url":"https:\/\/bxrepsol.s3.eu-west-1.amazonaws.com\/static\/2022\/08\/29091226\/00_isidre_Esteve_repsol_rally_team1.jpg","type":"image\/jpeg"}],"author":"Redacci\u00f3n Box Repsol","twitter_card":"summary_large_image","twitter_creator":"@https:\/\/twitter.com\/box_repsol","twitter_site":"@box_repsol","twitter_misc":{"Written by":"Redacci\u00f3n Box Repsol","Est. reading time":"3 minutos"},"schema":{"@context":"https:\/\/schema.org","@graph":[{"@type":"Article","@id":"https:\/\/www.boxrepsol.com\/es\/rally\/este-dakar-ha-vuelto-origenes\/#article","isPartOf":{"@id":"https:\/\/www.boxrepsol.com\/es\/rally\/este-dakar-ha-vuelto-origenes\/"},"author":{"name":"Redacci\u00f3n Box Repsol","@id":"https:\/\/www.boxrepsol.com\/es\/#\/schema\/person\/c5c2138f2cca251b0ad92b7086bb60b7"},"headline":"Isidre Esteve: \u00abEste Dakar ha vuelto a sus or\u00edgenes\u00bb","datePublished":"2020-01-15T02:00:00+00:00","dateModified":"2024-10-09T15:59:17+00:00","mainEntityOfPage":{"@id":"https:\/\/www.boxrepsol.com\/es\/rally\/este-dakar-ha-vuelto-origenes\/"},"wordCount":531,"commentCount":0,"publisher":{"@id":"https:\/\/www.boxrepsol.com\/es\/#organization"},"image":{"@id":"https:\/\/www.boxrepsol.com\/es\/rally\/este-dakar-ha-vuelto-origenes\/#primaryimage"},"thumbnailUrl":"https:\/\/bxrepsol.s3.eu-west-1.amazonaws.com\/static\/2022\/08\/29091226\/00_isidre_Esteve_repsol_rally_team1.jpg","keywords":["2020","Isidre Esteve","Repsol Rally Team"],"articleSection":["Rally"],"inLanguage":"es","potentialAction":[{"@type":"CommentAction","name":"Comment","target":["https:\/\/www.boxrepsol.com\/es\/rally\/este-dakar-ha-vuelto-origenes\/#respond"]}]},{"@type":"WebPage","@id":"https:\/\/www.boxrepsol.com\/es\/rally\/este-dakar-ha-vuelto-origenes\/","url":"https:\/\/www.boxrepsol.com\/es\/rally\/este-dakar-ha-vuelto-origenes\/","name":"Isidre Esteve: \"Este Dakar ha vuelto a sus or\u00edgenes\" - Box Repsol","isPartOf":{"@id":"https:\/\/www.boxrepsol.com\/es\/#website"},"primaryImageOfPage":{"@id":"https:\/\/www.boxrepsol.com\/es\/rally\/este-dakar-ha-vuelto-origenes\/#primaryimage"},"image":{"@id":"https:\/\/www.boxrepsol.com\/es\/rally\/este-dakar-ha-vuelto-origenes\/#primaryimage"},"thumbnailUrl":"https:\/\/bxrepsol.s3.eu-west-1.amazonaws.com\/static\/2022\/08\/29091226\/00_isidre_Esteve_repsol_rally_team1.jpg","datePublished":"2020-01-15T02:00:00+00:00","dateModified":"2024-10-09T15:59:17+00:00","description":"Me siento muy satisfecho de haber disfrutado del nacimiento de una nueva era en Arabia Saud\u00ed, un pa\u00eds que ofrece posibilidades incre\u00edbles a nivel deportivo.","breadcrumb":{"@id":"https:\/\/www.boxrepsol.com\/es\/rally\/este-dakar-ha-vuelto-origenes\/#breadcrumb"},"inLanguage":"es","potentialAction":[{"@type":"ReadAction","target":["https:\/\/www.boxrepsol.com\/es\/rally\/este-dakar-ha-vuelto-origenes\/"]}]},{"@type":"ImageObject","inLanguage":"es","@id":"https:\/\/www.boxrepsol.com\/es\/rally\/este-dakar-ha-vuelto-origenes\/#primaryimage","url":"https:\/\/bxrepsol.s3.eu-west-1.amazonaws.com\/static\/2022\/08\/29091226\/00_isidre_Esteve_repsol_rally_team1.jpg","contentUrl":"https:\/\/bxrepsol.s3.eu-west-1.amazonaws.com\/static\/2022\/08\/29091226\/00_isidre_Esteve_repsol_rally_team1.jpg","width":1280,"height":600,"caption":"Isidre esteve con su BV6"},{"@type":"BreadcrumbList","@id":"https:\/\/www.boxrepsol.com\/es\/rally\/este-dakar-ha-vuelto-origenes\/#breadcrumb","itemListElement":[{"@type":"ListItem","position":1,"name":"Home","item":"https:\/\/www.boxrepsol.com\/es\/"},{"@type":"ListItem","position":2,"name":"Isidre Esteve: \u00abEste Dakar ha vuelto a sus or\u00edgenes\u00bb"}]},{"@type":"WebSite","@id":"https:\/\/www.boxrepsol.com\/es\/#website","url":"https:\/\/www.boxrepsol.com\/es\/","name":"Box Repsol","description":"Box Repsol Site","publisher":{"@id":"https:\/\/www.boxrepsol.com\/es\/#organization"},"potentialAction":[{"@type":"SearchAction","target":{"@type":"EntryPoint","urlTemplate":"https:\/\/www.boxrepsol.com\/es\/?s={search_term_string}"},"query-input":{"@type":"PropertyValueSpecification","valueRequired":true,"valueName":"search_term_string"}}],"inLanguage":"es"},{"@type":"Organization","@id":"https:\/\/www.boxrepsol.com\/es\/#organization","name":"Box Repsol","url":"https:\/\/www.boxrepsol.com\/es\/","logo":{"@type":"ImageObject","inLanguage":"es","@id":"https:\/\/www.boxrepsol.com\/es\/#\/schema\/logo\/image\/","url":"https:\/\/bxrepsol.s3.eu-west-1.amazonaws.com\/static\/2025\/07\/30083337\/favicon-96x96-1.png","contentUrl":"https:\/\/bxrepsol.s3.eu-west-1.amazonaws.com\/static\/2025\/07\/30083337\/favicon-96x96-1.png","width":96,"height":96,"caption":"Box Repsol"},"image":{"@id":"https:\/\/www.boxrepsol.com\/es\/#\/schema\/logo\/image\/"},"sameAs":["https:\/\/www.facebook.com\/BoxRepsol","https:\/\/x.com\/box_repsol","http:\/\/instagram.com\/box_repsol","https:\/\/www.youtube.com\/user\/RepsolCompeticion","https:\/\/www.flickr.com\/photos\/box_repsol\/"]},{"@type":"Person","@id":"https:\/\/www.boxrepsol.com\/es\/#\/schema\/person\/c5c2138f2cca251b0ad92b7086bb60b7","name":"Redacci\u00f3n Box Repsol","image":{"@type":"ImageObject","inLanguage":"es","@id":"https:\/\/secure.gravatar.com\/avatar\/adf7b77e38b4419baf32c7e9c21dde01f4e40df611f0978e3006fc4ba0aaab7e?s=96&d=mm&r=g","url":"https:\/\/secure.gravatar.com\/avatar\/adf7b77e38b4419baf32c7e9c21dde01f4e40df611f0978e3006fc4ba0aaab7e?s=96&d=mm&r=g","contentUrl":"https:\/\/secure.gravatar.com\/avatar\/adf7b77e38b4419baf32c7e9c21dde01f4e40df611f0978e3006fc4ba0aaab7e?s=96&d=mm&r=g","caption":"Redacci\u00f3n Box Repsol"},"description":"Box Repsol lo forma un equipo de periodistas, community managers, dise\u00f1adores y fot\u00f3grafos con m\u00e1s de 20 a\u00f1os de experiencia en el mundo del motorsport. Hemos vivido el primer mundial de un espa\u00f1ol en la categor\u00eda reina de motociclismo con \u00c1lex Crivill\u00e9, estuvimos en las victorias de Pedrosa y los t\u00edtulos de M\u00e1rquez, acompa\u00f1amos en \u00c1frica a Nani Roma y Marc Coma en sus conquistas del Dakar y hemos vibrado con los t\u00edtulos de Toni Bou en Trial. Adem\u00e1s, en nuestro equipo contamos con expertos en el mundo de las dos y cuatro ruedas tanto de la calle y las carreteras, como de los circuitos. Periodistas que han trabajado en revistas y publicaciones para hacerte llegar desde rutas y consejos de mantenimiento, a curiosidades y trucos de pilotaje.","sameAs":["https:\/\/www.facebook.com\/BoxRepsol\/","https:\/\/www.instagram.com\/box_repsol\/","https:\/\/x.com\/https:\/\/twitter.com\/box_repsol","https:\/\/www.youtube.com\/@Boxrepsol"],"url":"https:\/\/www.boxrepsol.com\/es\/author\/redaccion-box-repsol\/"}]}},"_links":{"self":[{"href":"https:\/\/www.boxrepsol.com\/es\/wp-json\/wp\/v2\/posts\/94356","targetHints":{"allow":["GET"]}}],"collection":[{"href":"https:\/\/www.boxrepsol.com\/es\/wp-json\/wp\/v2\/posts"}],"about":[{"href":"https:\/\/www.boxrepsol.com\/es\/wp-json\/wp\/v2\/types\/post"}],"author":[{"embeddable":true,"href":"https:\/\/www.boxrepsol.com\/es\/wp-json\/wp\/v2\/users\/43146"}],"replies":[{"embeddable":true,"href":"https:\/\/www.boxrepsol.com\/es\/wp-json\/wp\/v2\/comments?post=94356"}],"version-history":[{"count":2,"href":"https:\/\/www.boxrepsol.com\/es\/wp-json\/wp\/v2\/posts\/94356\/revisions"}],"predecessor-version":[{"id":121082,"href":"https:\/\/www.boxrepsol.com\/es\/wp-json\/wp\/v2\/posts\/94356\/revisions\/121082"}],"wp:featuredmedia":[{"embeddable":true,"href":"https:\/\/www.boxrepsol.com\/es\/wp-json\/wp\/v2\/media\/63571"}],"wp:attachment":[{"href":"https:\/\/www.boxrepsol.com\/es\/wp-json\/wp\/v2\/media?parent=94356"}],"wp:term":[{"taxonomy":"category","embeddable":true,"href":"https:\/\/www.boxrepsol.com\/es\/wp-json\/wp\/v2\/categories?post=94356"},{"taxonomy":"post_tag","embeddable":true,"href":"https:\/\/www.boxrepsol.com\/es\/wp-json\/wp\/v2\/tags?post=94356"}],"curies":[{"name":"wp","href":"https:\/\/api.w.org\/{rel}","templated":true}]}}