{"id":94352,"date":"2020-01-13T00:00:00","date_gmt":"2020-01-13T02:00:00","guid":{"rendered":"http:\/\/pre.boxrepsol.com\/sin-categorizar\/isidre-esteve-uno-dias-apasionantes-del-dakar\/"},"modified":"2024-04-22T10:06:00","modified_gmt":"2024-04-22T12:06:00","slug":"isidre-esteve-uno-dias-apasionantes-del-dakar","status":"publish","type":"post","link":"https:\/\/www.boxrepsol.com\/es\/rally\/isidre-esteve-uno-dias-apasionantes-del-dakar\/","title":{"rendered":"Isidre Esteve, en uno de esos d\u00edas \u201capasionantes\u201d del Dakar"},"content":{"rendered":"<p>Isidre Esteve se ha convertido en un ejemplo para muchas personas. Su af\u00e1n de superaci\u00f3n no tiene l\u00edmites, como tampoco su positivismo ante la vida, que afronta con un sentido del humor muy peculiar. <strong>Quienes le conocen saben que nunca pierde la sonrisa.<\/strong> Su inseparable copiloto Txema Villalobos puede dar buena fe de ello. Juntos pasan muchas horas durante el Dakar en un espacio tan \u00edntimo y reducido como el habit\u00e1culo de su 4&#215;4 del Repsol Rally Team. Su complicidad es tal que no dudan en bromear incluso en las situaciones m\u00e1s comprometidas.<\/p>\n<p>As\u00ed lo han querido reflejar en un divertido v\u00eddeo que resume en im\u00e1genes<em> \u201cuno de esos d\u00edas\u2026 \u00a1apasionantes!\u201d<\/em>. Isidre aparece, sentado en su silla de ruedas en lo alto de una duna, mirando al horizonte y reflexionando en voz alta: <em>\u201cEl desierto es apasionante\u2026 nada podr\u00eda ser mejor que estar aqu\u00ed. \u00bfVerdad,Txema?\u201d<\/em>.<\/p>\n<p>Acto seguido, el piloto de Oliana a\u00f1ade: <em>\u201cQu\u00e9 bien lo pasamos cuando estamos dentro del coche, \u00bfno? Cuando giramos a toda velocidad, damos esos saltos enormes, cuando crees que vamos a chocar contra una duna y la acabamos superando sin saber como\u2026<br \/>\n\u00bfEs incre\u00edble, verdad, Txema?\u201d<\/em>.<\/p>\n<p><a href=\"https:\/\/bxrepsol.s3.eu-west-1.amazonaws.com\/static\/2022\/08\/05071554\/00_isidre_esteve_txema_villalobos_repsol_rally_Team_20201.jpg\" \n   title=\"Dia de descanso en el Dakar con el Repsol Rally team\" \n   data-gallery-thumbnail=\"https:\/\/bxrepsol.s3.eu-west-1.amazonaws.com\/static\/2022\/08\/05071554\/00_isidre_esteve_txema_villalobos_repsol_rally_Team_20201.jpg\"\n   data-gallery-title=\"\"\n   data-gallery><\/p>\n<figure>\n        <picture style=\"padding-bottom: 66.638441998307%; background-image: url(https:\/\/bxrepsol.s3.eu-west-1.amazonaws.com\/static\/2022\/08\/05071554\/00_isidre_esteve_txema_villalobos_repsol_rally_Team_20201.jpg);\">\n            <img decoding=\"async\" src=\"https:\/\/bxrepsol.s3.eu-west-1.amazonaws.com\/static\/2022\/08\/05071554\/00_isidre_esteve_txema_villalobos_repsol_rally_Team_20201.jpg\"><br \/>\n            <img itemprop=\"image\"\n                data-srcset=\"https:\/\/bxrepsol.s3.eu-west-1.amazonaws.com\/static\/2022\/08\/05071554\/00_isidre_esteve_txema_villalobos_repsol_rally_Team_20201.jpg 480w, https:\/\/bxrepsol.s3.eu-west-1.amazonaws.com\/static\/2022\/08\/05071554\/00_isidre_esteve_txema_villalobos_repsol_rally_Team_20201.jpg 600w, https:\/\/bxrepsol.s3.eu-west-1.amazonaws.com\/static\/2022\/08\/05071554\/00_isidre_esteve_txema_villalobos_repsol_rally_Team_20201.jpg 900w\"\n                data-src=\"https:\/\/bxrepsol.s3.eu-west-1.amazonaws.com\/static\/2022\/08\/05071554\/00_isidre_esteve_txema_villalobos_repsol_rally_Team_20201.jpg\"\n                alt=\"Dia de descanso en el Dakar con el Repsol Rally team\"\n                title=\"Isidre Esteve y Txema Villalobos reparan el coche durante el Dakar\"\/><br \/>\n            <noscript><img decoding=\"async\" src=\"https:\/\/bxrepsol.s3.eu-west-1.amazonaws.com\/static\/2022\/08\/05071554\/00_isidre_esteve_txema_villalobos_repsol_rally_Team_20201.jpg\" alt=\"Dia de descanso en el Dakar con el Repsol Rally team\"><\/noscript>\n        <\/picture><figcaption>Dia de descanso en el Dakar con el Repsol Rally team<\/figcaption><\/figure>\n<p><\/a><\/p>\n<p>Su semblante serio y m\u00edstico va cambiando para adoptar un gesto picar\u00f3n, m\u00e1s sonriente, para acabar con un <em>\u201cpero al final, siempre hay un d\u00eda que le toca pasarlas canutas a cualquiera\u2026 \u00bfverdad, Txema?\u201d<\/em>.<\/p>\n<p>En ese instante, su copiloto y fiel escudero Txema Villalobos, que hasta entonces se hab\u00eda limitado a asentir a sus preguntas con resignaci\u00f3n, responde con un elocuente: <em>\u201cS\u00ed, algunos m\u00e1s que otros\u201d<\/em>, mientras retira a paladas la arena de debajo de su coche dakariano, varado en plena duna bajo un sol de justicia.<\/p>\n<p>Con este divertido gag, Isidre Esteve bromea sobre su imposibilidad de salir del coche para ayudar a su compa\u00f1ero en una situaci\u00f3n tan habitual como desencallar el veh\u00edculo de la arena o cambiar una rueda pinchada. Son de los pocos momentos del rally-raid en los que el ilerdense est\u00e1 en inferioridad respecto a sus rivales, porque una vez al volante se siente como uno m\u00e1s, capaz de competir con cualquiera.<\/p>\n<p>                <!-- Imagen relacionada --><br \/>\n        <img loading=\"lazy\" decoding=\"async\" width=\"404\" height=\"336\" src=\"https:\/\/bxrepsol.s3.eu-west-1.amazonaws.com\/static\/2022\/08\/29091218\/00_isidre_esteve_repsolrally-team-e1578562905390-404x336-2.jpg\" alt=\"Isidre Esteve en el Dakar 2020\" \/><br \/>\n                <!-- Categor\u00eda --><br \/>\n            Rally<br \/>\n        <!-- T\u00edtulo --><br \/>\n        <a href=\"https:\/\/www.boxrepsol.com\/es\/rally\/todas-las-etapas-del-dakar-2020\/\"><\/p>\n<h3>Todas las etapas del Dakar 2020<\/h3>\n<p>        <\/a><br \/>\n                    <!-- Fecha --><br \/>\n            hace 1 hora        <\/p>\n<p>Precisamente, su gran desaf\u00edo es poder llegar alg\u00fan d\u00eda a formar parte de ese privilegiado grupo de pilotos aspirantes a ganar el Dakar, tal y como hizo cuando corr\u00eda en moto, antes del accidente que le caus\u00f3 su lesi\u00f3n medular. Sabe que s\u00f3lo lo conseguir\u00e1 a base de sacrificio y perseverancia. Y a eso no le gana nadie\u2026 como tampoco en vitalidad y sentido del humor.<\/p>\n<p>As\u00ed es Isidre Esteve, tal cual, y as\u00ed afronta la carrera m\u00e1s dura del mundo por quinta ocasi\u00f3n en coche. En Arabia Saud\u00ed, se ha propuesto mejorar su 21\u00aa posici\u00f3n conseguida en las dos ediciones anteriores. Para lograrlo conf\u00eda en remontar puestos entre las dunas, parad\u00f3jicamente donde m\u00e1s c\u00f3modo se siente. \u00bfVerdad, Txema?<\/p>\n","protected":false},"excerpt":{"rendered":"<p>El piloto del Repsol Rally Team bromea en un v\u00eddeo sobre su imposibilidad de ayudar cuando su coche se queda encallado en una duna.<\/p>\n","protected":false},"author":43146,"featured_media":63559,"comment_status":"open","ping_status":"open","sticky":false,"template":"","format":"standard","meta":{"footnotes":""},"categories":[27],"tags":[],"class_list":["post-94352","post","type-post","status-publish","format-standard","hentry","category-rally"],"yoast_head":"<!-- This site is optimized with the Yoast SEO plugin v27.3 - https:\/\/yoast.com\/product\/yoast-seo-wordpress\/ -->\n<title>Dakar 2020 descanso - Isidre Esteve, en uno de esos d\u00edas \u201capasionantes\u201d del Dakar<\/title>\n<meta name=\"description\" content=\"El piloto del Repsol Rally Team bromea en un v\u00eddeo sobre su imposibilidad de ayudar cuando su coche se queda encallado en una duna.\" \/>\n<link rel=\"canonical\" href=\"https:\/\/www.boxrepsol.com\/es\/rally\/isidre-esteve-uno-dias-apasionantes-del-dakar\/\" \/>\n<meta property=\"og:locale\" content=\"es_ES\" \/>\n<meta property=\"og:type\" content=\"article\" \/>\n<meta property=\"og:title\" content=\"Dakar 2020 descanso - Isidre Esteve, en uno de esos d\u00edas \u201capasionantes\u201d del Dakar\" \/>\n<meta property=\"og:description\" content=\"El piloto del Repsol Rally Team bromea en un v\u00eddeo sobre su imposibilidad de ayudar cuando su coche se queda encallado en una duna.\" \/>\n<meta property=\"og:url\" content=\"https:\/\/www.boxrepsol.com\/es\/rally\/isidre-esteve-uno-dias-apasionantes-del-dakar\/\" \/>\n<meta property=\"og:site_name\" content=\"Box Repsol\" \/>\n<meta property=\"article:publisher\" content=\"https:\/\/www.facebook.com\/BoxRepsol\" \/>\n<meta property=\"article:author\" content=\"https:\/\/www.facebook.com\/BoxRepsol\/\" \/>\n<meta property=\"article:published_time\" content=\"2020-01-13T02:00:00+00:00\" \/>\n<meta property=\"article:modified_time\" content=\"2024-04-22T12:06:00+00:00\" \/>\n<meta property=\"og:image\" content=\"https:\/\/bxrepsol.s3.eu-west-1.amazonaws.com\/static\/2022\/08\/29091219\/00_repsol_rally_Team_descanso.jpg\" \/>\n\t<meta property=\"og:image:width\" content=\"1280\" \/>\n\t<meta property=\"og:image:height\" content=\"600\" \/>\n\t<meta property=\"og:image:type\" content=\"image\/jpeg\" \/>\n<meta name=\"author\" content=\"Redacci\u00f3n Box Repsol\" \/>\n<meta name=\"twitter:card\" content=\"summary_large_image\" \/>\n<meta name=\"twitter:creator\" content=\"@https:\/\/twitter.com\/box_repsol\" \/>\n<meta name=\"twitter:site\" content=\"@box_repsol\" \/>\n<meta name=\"twitter:label1\" content=\"Written by\" \/>\n\t<meta name=\"twitter:data1\" content=\"Redacci\u00f3n Box Repsol\" \/>\n\t<meta name=\"twitter:label2\" content=\"Est. reading time\" \/>\n\t<meta name=\"twitter:data2\" content=\"3 minutos\" \/>\n<script type=\"application\/ld+json\" class=\"yoast-schema-graph\">{\"@context\":\"https:\\\/\\\/schema.org\",\"@graph\":[{\"@type\":\"Article\",\"@id\":\"https:\\\/\\\/www.boxrepsol.com\\\/es\\\/rally\\\/isidre-esteve-uno-dias-apasionantes-del-dakar\\\/#article\",\"isPartOf\":{\"@id\":\"https:\\\/\\\/www.boxrepsol.com\\\/es\\\/rally\\\/isidre-esteve-uno-dias-apasionantes-del-dakar\\\/\"},\"author\":{\"name\":\"Redacci\u00f3n Box Repsol\",\"@id\":\"https:\\\/\\\/www.boxrepsol.com\\\/es\\\/#\\\/schema\\\/person\\\/c5c2138f2cca251b0ad92b7086bb60b7\"},\"headline\":\"Isidre Esteve, en uno de esos d\u00edas \u201capasionantes\u201d del Dakar\",\"datePublished\":\"2020-01-13T02:00:00+00:00\",\"dateModified\":\"2024-04-22T12:06:00+00:00\",\"mainEntityOfPage\":{\"@id\":\"https:\\\/\\\/www.boxrepsol.com\\\/es\\\/rally\\\/isidre-esteve-uno-dias-apasionantes-del-dakar\\\/\"},\"wordCount\":532,\"commentCount\":0,\"publisher\":{\"@id\":\"https:\\\/\\\/www.boxrepsol.com\\\/es\\\/#organization\"},\"image\":{\"@id\":\"https:\\\/\\\/www.boxrepsol.com\\\/es\\\/rally\\\/isidre-esteve-uno-dias-apasionantes-del-dakar\\\/#primaryimage\"},\"thumbnailUrl\":\"https:\\\/\\\/bxrepsol.s3.eu-west-1.amazonaws.com\\\/static\\\/2022\\\/08\\\/29091219\\\/00_repsol_rally_Team_descanso.jpg\",\"articleSection\":[\"Rally\"],\"inLanguage\":\"es\",\"potentialAction\":[{\"@type\":\"CommentAction\",\"name\":\"Comment\",\"target\":[\"https:\\\/\\\/www.boxrepsol.com\\\/es\\\/rally\\\/isidre-esteve-uno-dias-apasionantes-del-dakar\\\/#respond\"]}]},{\"@type\":\"WebPage\",\"@id\":\"https:\\\/\\\/www.boxrepsol.com\\\/es\\\/rally\\\/isidre-esteve-uno-dias-apasionantes-del-dakar\\\/\",\"url\":\"https:\\\/\\\/www.boxrepsol.com\\\/es\\\/rally\\\/isidre-esteve-uno-dias-apasionantes-del-dakar\\\/\",\"name\":\"Dakar 2020 descanso - Isidre Esteve, en uno de esos d\u00edas \u201capasionantes\u201d del Dakar\",\"isPartOf\":{\"@id\":\"https:\\\/\\\/www.boxrepsol.com\\\/es\\\/#website\"},\"primaryImageOfPage\":{\"@id\":\"https:\\\/\\\/www.boxrepsol.com\\\/es\\\/rally\\\/isidre-esteve-uno-dias-apasionantes-del-dakar\\\/#primaryimage\"},\"image\":{\"@id\":\"https:\\\/\\\/www.boxrepsol.com\\\/es\\\/rally\\\/isidre-esteve-uno-dias-apasionantes-del-dakar\\\/#primaryimage\"},\"thumbnailUrl\":\"https:\\\/\\\/bxrepsol.s3.eu-west-1.amazonaws.com\\\/static\\\/2022\\\/08\\\/29091219\\\/00_repsol_rally_Team_descanso.jpg\",\"datePublished\":\"2020-01-13T02:00:00+00:00\",\"dateModified\":\"2024-04-22T12:06:00+00:00\",\"description\":\"El piloto del Repsol Rally Team bromea en un v\u00eddeo sobre su imposibilidad de ayudar cuando su coche se queda encallado en una duna.\",\"breadcrumb\":{\"@id\":\"https:\\\/\\\/www.boxrepsol.com\\\/es\\\/rally\\\/isidre-esteve-uno-dias-apasionantes-del-dakar\\\/#breadcrumb\"},\"inLanguage\":\"es\",\"potentialAction\":[{\"@type\":\"ReadAction\",\"target\":[\"https:\\\/\\\/www.boxrepsol.com\\\/es\\\/rally\\\/isidre-esteve-uno-dias-apasionantes-del-dakar\\\/\"]}]},{\"@type\":\"ImageObject\",\"inLanguage\":\"es\",\"@id\":\"https:\\\/\\\/www.boxrepsol.com\\\/es\\\/rally\\\/isidre-esteve-uno-dias-apasionantes-del-dakar\\\/#primaryimage\",\"url\":\"https:\\\/\\\/bxrepsol.s3.eu-west-1.amazonaws.com\\\/static\\\/2022\\\/08\\\/29091219\\\/00_repsol_rally_Team_descanso.jpg\",\"contentUrl\":\"https:\\\/\\\/bxrepsol.s3.eu-west-1.amazonaws.com\\\/static\\\/2022\\\/08\\\/29091219\\\/00_repsol_rally_Team_descanso.jpg\",\"width\":1280,\"height\":600,\"caption\":\"Dakar 2020 descanso\"},{\"@type\":\"BreadcrumbList\",\"@id\":\"https:\\\/\\\/www.boxrepsol.com\\\/es\\\/rally\\\/isidre-esteve-uno-dias-apasionantes-del-dakar\\\/#breadcrumb\",\"itemListElement\":[{\"@type\":\"ListItem\",\"position\":1,\"name\":\"Home\",\"item\":\"https:\\\/\\\/www.boxrepsol.com\\\/es\\\/\"},{\"@type\":\"ListItem\",\"position\":2,\"name\":\"Isidre Esteve, en uno de esos d\u00edas \u201capasionantes\u201d del Dakar\"}]},{\"@type\":\"WebSite\",\"@id\":\"https:\\\/\\\/www.boxrepsol.com\\\/es\\\/#website\",\"url\":\"https:\\\/\\\/www.boxrepsol.com\\\/es\\\/\",\"name\":\"Box Repsol\",\"description\":\"Box Repsol Site\",\"publisher\":{\"@id\":\"https:\\\/\\\/www.boxrepsol.com\\\/es\\\/#organization\"},\"potentialAction\":[{\"@type\":\"SearchAction\",\"target\":{\"@type\":\"EntryPoint\",\"urlTemplate\":\"https:\\\/\\\/www.boxrepsol.com\\\/es\\\/?s={search_term_string}\"},\"query-input\":{\"@type\":\"PropertyValueSpecification\",\"valueRequired\":true,\"valueName\":\"search_term_string\"}}],\"inLanguage\":\"es\"},{\"@type\":\"Organization\",\"@id\":\"https:\\\/\\\/www.boxrepsol.com\\\/es\\\/#organization\",\"name\":\"Box Repsol\",\"url\":\"https:\\\/\\\/www.boxrepsol.com\\\/es\\\/\",\"logo\":{\"@type\":\"ImageObject\",\"inLanguage\":\"es\",\"@id\":\"https:\\\/\\\/www.boxrepsol.com\\\/es\\\/#\\\/schema\\\/logo\\\/image\\\/\",\"url\":\"https:\\\/\\\/bxrepsol.s3.eu-west-1.amazonaws.com\\\/static\\\/2025\\\/07\\\/30083337\\\/favicon-96x96-1.png\",\"contentUrl\":\"https:\\\/\\\/bxrepsol.s3.eu-west-1.amazonaws.com\\\/static\\\/2025\\\/07\\\/30083337\\\/favicon-96x96-1.png\",\"width\":96,\"height\":96,\"caption\":\"Box Repsol\"},\"image\":{\"@id\":\"https:\\\/\\\/www.boxrepsol.com\\\/es\\\/#\\\/schema\\\/logo\\\/image\\\/\"},\"sameAs\":[\"https:\\\/\\\/www.facebook.com\\\/BoxRepsol\",\"https:\\\/\\\/x.com\\\/box_repsol\",\"http:\\\/\\\/instagram.com\\\/box_repsol\",\"https:\\\/\\\/www.youtube.com\\\/user\\\/RepsolCompeticion\",\"https:\\\/\\\/www.flickr.com\\\/photos\\\/box_repsol\\\/\"]},{\"@type\":\"Person\",\"@id\":\"https:\\\/\\\/www.boxrepsol.com\\\/es\\\/#\\\/schema\\\/person\\\/c5c2138f2cca251b0ad92b7086bb60b7\",\"name\":\"Redacci\u00f3n Box Repsol\",\"image\":{\"@type\":\"ImageObject\",\"inLanguage\":\"es\",\"@id\":\"https:\\\/\\\/secure.gravatar.com\\\/avatar\\\/adf7b77e38b4419baf32c7e9c21dde01f4e40df611f0978e3006fc4ba0aaab7e?s=96&d=mm&r=g\",\"url\":\"https:\\\/\\\/secure.gravatar.com\\\/avatar\\\/adf7b77e38b4419baf32c7e9c21dde01f4e40df611f0978e3006fc4ba0aaab7e?s=96&d=mm&r=g\",\"contentUrl\":\"https:\\\/\\\/secure.gravatar.com\\\/avatar\\\/adf7b77e38b4419baf32c7e9c21dde01f4e40df611f0978e3006fc4ba0aaab7e?s=96&d=mm&r=g\",\"caption\":\"Redacci\u00f3n Box Repsol\"},\"description\":\"Box Repsol lo forma un equipo de periodistas, community managers, dise\u00f1adores y fot\u00f3grafos con m\u00e1s de 20 a\u00f1os de experiencia en el mundo del motorsport. Hemos vivido el primer mundial de un espa\u00f1ol en la categor\u00eda reina de motociclismo con \u00c1lex Crivill\u00e9, estuvimos en las victorias de Pedrosa y los t\u00edtulos de M\u00e1rquez, acompa\u00f1amos en \u00c1frica a Nani Roma y Marc Coma en sus conquistas del Dakar y hemos vibrado con los t\u00edtulos de Toni Bou en Trial. Adem\u00e1s, en nuestro equipo contamos con expertos en el mundo de las dos y cuatro ruedas tanto de la calle y las carreteras, como de los circuitos. Periodistas que han trabajado en revistas y publicaciones para hacerte llegar desde rutas y consejos de mantenimiento, a curiosidades y trucos de pilotaje.\",\"sameAs\":[\"https:\\\/\\\/www.facebook.com\\\/BoxRepsol\\\/\",\"https:\\\/\\\/www.instagram.com\\\/box_repsol\\\/\",\"https:\\\/\\\/x.com\\\/https:\\\/\\\/twitter.com\\\/box_repsol\",\"https:\\\/\\\/www.youtube.com\\\/@Boxrepsol\"],\"url\":\"https:\\\/\\\/www.boxrepsol.com\\\/es\\\/author\\\/redaccion-box-repsol\\\/\"}]}<\/script>\n<!-- \/ Yoast SEO plugin. -->","yoast_head_json":{"title":"Dakar 2020 descanso - Isidre Esteve, en uno de esos d\u00edas \u201capasionantes\u201d del Dakar","description":"El piloto del Repsol Rally Team bromea en un v\u00eddeo sobre su imposibilidad de ayudar cuando su coche se queda encallado en una duna.","canonical":"https:\/\/www.boxrepsol.com\/es\/rally\/isidre-esteve-uno-dias-apasionantes-del-dakar\/","og_locale":"es_ES","og_type":"article","og_title":"Dakar 2020 descanso - Isidre Esteve, en uno de esos d\u00edas \u201capasionantes\u201d del Dakar","og_description":"El piloto del Repsol Rally Team bromea en un v\u00eddeo sobre su imposibilidad de ayudar cuando su coche se queda encallado en una duna.","og_url":"https:\/\/www.boxrepsol.com\/es\/rally\/isidre-esteve-uno-dias-apasionantes-del-dakar\/","og_site_name":"Box Repsol","article_publisher":"https:\/\/www.facebook.com\/BoxRepsol","article_author":"https:\/\/www.facebook.com\/BoxRepsol\/","article_published_time":"2020-01-13T02:00:00+00:00","article_modified_time":"2024-04-22T12:06:00+00:00","og_image":[{"width":1280,"height":600,"url":"https:\/\/bxrepsol.s3.eu-west-1.amazonaws.com\/static\/2022\/08\/29091219\/00_repsol_rally_Team_descanso.jpg","type":"image\/jpeg"}],"author":"Redacci\u00f3n Box Repsol","twitter_card":"summary_large_image","twitter_creator":"@https:\/\/twitter.com\/box_repsol","twitter_site":"@box_repsol","twitter_misc":{"Written by":"Redacci\u00f3n Box Repsol","Est. reading time":"3 minutos"},"schema":{"@context":"https:\/\/schema.org","@graph":[{"@type":"Article","@id":"https:\/\/www.boxrepsol.com\/es\/rally\/isidre-esteve-uno-dias-apasionantes-del-dakar\/#article","isPartOf":{"@id":"https:\/\/www.boxrepsol.com\/es\/rally\/isidre-esteve-uno-dias-apasionantes-del-dakar\/"},"author":{"name":"Redacci\u00f3n Box Repsol","@id":"https:\/\/www.boxrepsol.com\/es\/#\/schema\/person\/c5c2138f2cca251b0ad92b7086bb60b7"},"headline":"Isidre Esteve, en uno de esos d\u00edas \u201capasionantes\u201d del Dakar","datePublished":"2020-01-13T02:00:00+00:00","dateModified":"2024-04-22T12:06:00+00:00","mainEntityOfPage":{"@id":"https:\/\/www.boxrepsol.com\/es\/rally\/isidre-esteve-uno-dias-apasionantes-del-dakar\/"},"wordCount":532,"commentCount":0,"publisher":{"@id":"https:\/\/www.boxrepsol.com\/es\/#organization"},"image":{"@id":"https:\/\/www.boxrepsol.com\/es\/rally\/isidre-esteve-uno-dias-apasionantes-del-dakar\/#primaryimage"},"thumbnailUrl":"https:\/\/bxrepsol.s3.eu-west-1.amazonaws.com\/static\/2022\/08\/29091219\/00_repsol_rally_Team_descanso.jpg","articleSection":["Rally"],"inLanguage":"es","potentialAction":[{"@type":"CommentAction","name":"Comment","target":["https:\/\/www.boxrepsol.com\/es\/rally\/isidre-esteve-uno-dias-apasionantes-del-dakar\/#respond"]}]},{"@type":"WebPage","@id":"https:\/\/www.boxrepsol.com\/es\/rally\/isidre-esteve-uno-dias-apasionantes-del-dakar\/","url":"https:\/\/www.boxrepsol.com\/es\/rally\/isidre-esteve-uno-dias-apasionantes-del-dakar\/","name":"Dakar 2020 descanso - Isidre Esteve, en uno de esos d\u00edas \u201capasionantes\u201d del Dakar","isPartOf":{"@id":"https:\/\/www.boxrepsol.com\/es\/#website"},"primaryImageOfPage":{"@id":"https:\/\/www.boxrepsol.com\/es\/rally\/isidre-esteve-uno-dias-apasionantes-del-dakar\/#primaryimage"},"image":{"@id":"https:\/\/www.boxrepsol.com\/es\/rally\/isidre-esteve-uno-dias-apasionantes-del-dakar\/#primaryimage"},"thumbnailUrl":"https:\/\/bxrepsol.s3.eu-west-1.amazonaws.com\/static\/2022\/08\/29091219\/00_repsol_rally_Team_descanso.jpg","datePublished":"2020-01-13T02:00:00+00:00","dateModified":"2024-04-22T12:06:00+00:00","description":"El piloto del Repsol Rally Team bromea en un v\u00eddeo sobre su imposibilidad de ayudar cuando su coche se queda encallado en una duna.","breadcrumb":{"@id":"https:\/\/www.boxrepsol.com\/es\/rally\/isidre-esteve-uno-dias-apasionantes-del-dakar\/#breadcrumb"},"inLanguage":"es","potentialAction":[{"@type":"ReadAction","target":["https:\/\/www.boxrepsol.com\/es\/rally\/isidre-esteve-uno-dias-apasionantes-del-dakar\/"]}]},{"@type":"ImageObject","inLanguage":"es","@id":"https:\/\/www.boxrepsol.com\/es\/rally\/isidre-esteve-uno-dias-apasionantes-del-dakar\/#primaryimage","url":"https:\/\/bxrepsol.s3.eu-west-1.amazonaws.com\/static\/2022\/08\/29091219\/00_repsol_rally_Team_descanso.jpg","contentUrl":"https:\/\/bxrepsol.s3.eu-west-1.amazonaws.com\/static\/2022\/08\/29091219\/00_repsol_rally_Team_descanso.jpg","width":1280,"height":600,"caption":"Dakar 2020 descanso"},{"@type":"BreadcrumbList","@id":"https:\/\/www.boxrepsol.com\/es\/rally\/isidre-esteve-uno-dias-apasionantes-del-dakar\/#breadcrumb","itemListElement":[{"@type":"ListItem","position":1,"name":"Home","item":"https:\/\/www.boxrepsol.com\/es\/"},{"@type":"ListItem","position":2,"name":"Isidre Esteve, en uno de esos d\u00edas \u201capasionantes\u201d del Dakar"}]},{"@type":"WebSite","@id":"https:\/\/www.boxrepsol.com\/es\/#website","url":"https:\/\/www.boxrepsol.com\/es\/","name":"Box Repsol","description":"Box Repsol Site","publisher":{"@id":"https:\/\/www.boxrepsol.com\/es\/#organization"},"potentialAction":[{"@type":"SearchAction","target":{"@type":"EntryPoint","urlTemplate":"https:\/\/www.boxrepsol.com\/es\/?s={search_term_string}"},"query-input":{"@type":"PropertyValueSpecification","valueRequired":true,"valueName":"search_term_string"}}],"inLanguage":"es"},{"@type":"Organization","@id":"https:\/\/www.boxrepsol.com\/es\/#organization","name":"Box Repsol","url":"https:\/\/www.boxrepsol.com\/es\/","logo":{"@type":"ImageObject","inLanguage":"es","@id":"https:\/\/www.boxrepsol.com\/es\/#\/schema\/logo\/image\/","url":"https:\/\/bxrepsol.s3.eu-west-1.amazonaws.com\/static\/2025\/07\/30083337\/favicon-96x96-1.png","contentUrl":"https:\/\/bxrepsol.s3.eu-west-1.amazonaws.com\/static\/2025\/07\/30083337\/favicon-96x96-1.png","width":96,"height":96,"caption":"Box Repsol"},"image":{"@id":"https:\/\/www.boxrepsol.com\/es\/#\/schema\/logo\/image\/"},"sameAs":["https:\/\/www.facebook.com\/BoxRepsol","https:\/\/x.com\/box_repsol","http:\/\/instagram.com\/box_repsol","https:\/\/www.youtube.com\/user\/RepsolCompeticion","https:\/\/www.flickr.com\/photos\/box_repsol\/"]},{"@type":"Person","@id":"https:\/\/www.boxrepsol.com\/es\/#\/schema\/person\/c5c2138f2cca251b0ad92b7086bb60b7","name":"Redacci\u00f3n Box Repsol","image":{"@type":"ImageObject","inLanguage":"es","@id":"https:\/\/secure.gravatar.com\/avatar\/adf7b77e38b4419baf32c7e9c21dde01f4e40df611f0978e3006fc4ba0aaab7e?s=96&d=mm&r=g","url":"https:\/\/secure.gravatar.com\/avatar\/adf7b77e38b4419baf32c7e9c21dde01f4e40df611f0978e3006fc4ba0aaab7e?s=96&d=mm&r=g","contentUrl":"https:\/\/secure.gravatar.com\/avatar\/adf7b77e38b4419baf32c7e9c21dde01f4e40df611f0978e3006fc4ba0aaab7e?s=96&d=mm&r=g","caption":"Redacci\u00f3n Box Repsol"},"description":"Box Repsol lo forma un equipo de periodistas, community managers, dise\u00f1adores y fot\u00f3grafos con m\u00e1s de 20 a\u00f1os de experiencia en el mundo del motorsport. Hemos vivido el primer mundial de un espa\u00f1ol en la categor\u00eda reina de motociclismo con \u00c1lex Crivill\u00e9, estuvimos en las victorias de Pedrosa y los t\u00edtulos de M\u00e1rquez, acompa\u00f1amos en \u00c1frica a Nani Roma y Marc Coma en sus conquistas del Dakar y hemos vibrado con los t\u00edtulos de Toni Bou en Trial. Adem\u00e1s, en nuestro equipo contamos con expertos en el mundo de las dos y cuatro ruedas tanto de la calle y las carreteras, como de los circuitos. Periodistas que han trabajado en revistas y publicaciones para hacerte llegar desde rutas y consejos de mantenimiento, a curiosidades y trucos de pilotaje.","sameAs":["https:\/\/www.facebook.com\/BoxRepsol\/","https:\/\/www.instagram.com\/box_repsol\/","https:\/\/x.com\/https:\/\/twitter.com\/box_repsol","https:\/\/www.youtube.com\/@Boxrepsol"],"url":"https:\/\/www.boxrepsol.com\/es\/author\/redaccion-box-repsol\/"}]}},"_links":{"self":[{"href":"https:\/\/www.boxrepsol.com\/es\/wp-json\/wp\/v2\/posts\/94352","targetHints":{"allow":["GET"]}}],"collection":[{"href":"https:\/\/www.boxrepsol.com\/es\/wp-json\/wp\/v2\/posts"}],"about":[{"href":"https:\/\/www.boxrepsol.com\/es\/wp-json\/wp\/v2\/types\/post"}],"author":[{"embeddable":true,"href":"https:\/\/www.boxrepsol.com\/es\/wp-json\/wp\/v2\/users\/43146"}],"replies":[{"embeddable":true,"href":"https:\/\/www.boxrepsol.com\/es\/wp-json\/wp\/v2\/comments?post=94352"}],"version-history":[{"count":1,"href":"https:\/\/www.boxrepsol.com\/es\/wp-json\/wp\/v2\/posts\/94352\/revisions"}],"predecessor-version":[{"id":94353,"href":"https:\/\/www.boxrepsol.com\/es\/wp-json\/wp\/v2\/posts\/94352\/revisions\/94353"}],"wp:featuredmedia":[{"embeddable":true,"href":"https:\/\/www.boxrepsol.com\/es\/wp-json\/wp\/v2\/media\/63559"}],"wp:attachment":[{"href":"https:\/\/www.boxrepsol.com\/es\/wp-json\/wp\/v2\/media?parent=94352"}],"wp:term":[{"taxonomy":"category","embeddable":true,"href":"https:\/\/www.boxrepsol.com\/es\/wp-json\/wp\/v2\/categories?post=94352"},{"taxonomy":"post_tag","embeddable":true,"href":"https:\/\/www.boxrepsol.com\/es\/wp-json\/wp\/v2\/tags?post=94352"}],"curies":[{"name":"wp","href":"https:\/\/api.w.org\/{rel}","templated":true}]}}