{"id":94350,"date":"2020-01-13T00:00:00","date_gmt":"2020-01-13T02:00:00","guid":{"rendered":"http:\/\/pre.boxrepsol.com\/sin-categorizar\/isidre-esteve-recupera-las-buenas-sensaciones-las-dunas\/"},"modified":"2024-10-09T13:58:50","modified_gmt":"2024-10-09T15:58:50","slug":"isidre-esteve-recupera-las-buenas-sensaciones-las-dunas","status":"publish","type":"post","link":"https:\/\/www.boxrepsol.com\/es\/rally\/isidre-esteve-recupera-las-buenas-sensaciones-las-dunas\/","title":{"rendered":"Isidre Esteve recupera las buenas sensaciones sobre las dunas"},"content":{"rendered":"<p>Isidre Esteve ha superado sin contratiempos la primera etapa de dunas del Dakar 2020 y l<strong>lega al ecuador de la carrera en 33\u00ba lugar de la general<\/strong>, el mismo que ha ocupado en la especial de este viernes. Tras vivir su momento m\u00e1s cr\u00edtico de la presente edici\u00f3n, <strong>el Repsol Rally Team ha recuperado las buenas sensaciones<\/strong> justo antes de la jornada de descanso, en la que sus miembros recobrar\u00e1n fuerzas para seguir con su remontada en la clasificaci\u00f3n.<\/p>\n<p>La sexta etapa arrancaba en Ha\u2019il y finalizaba en la capital de Arabia Saud\u00ed, Riad. <strong>Los corredores deb\u00edan completar la friolera de 830 kil\u00f3metros, que inclu\u00edan una cronometrada de 477<\/strong>. Isidre Esteve y su copiloto Txema Villalobos part\u00edan con su BV6 en perfectas condiciones, gracias a la magn\u00edfica labor realizada por los mec\u00e1nicos del Repsol Rally Team en el campamento tras los problemas de ayer.<\/p>\n<p><em>\u201cEl equipo ha trabajado muy duro durante la noche para dejar el coche impecable. La fuga de aceite se debi\u00f3 al accidente y, por suerte, el motor no sufri\u00f3 ning\u00fan da\u00f1o\u201d<\/em>, explicaba satisfecho Isidre Esteve. Por primera vez en este Dakar, el BV6 ha calzado los neum\u00e1ticos BF Goodrich de arena, lo que se ha traducido en unas elevadas prestaciones.<\/p>\n<figure><picture style=\"padding-bottom: 66.613756613757%; background-image: url('https:\/\/bxrepsol.s3.eu-west-1.amazonaws.com\/static\/2022\/08\/05071549\/00_Dakar20_E6_Isidre_Esteve_2.jpg');\"> <img decoding=\"async\" src=\"https:\/\/bxrepsol.s3.eu-west-1.amazonaws.com\/static\/2022\/08\/05071549\/00_Dakar20_E6_Isidre_Esteve_2.jpg\" \/><\/picture>\n<picture style=\"padding-bottom: 66.613756613757%; background-image: url('https:\/\/bxrepsol.s3.eu-west-1.amazonaws.com\/static\/2022\/08\/05071549\/00_Dakar20_E6_Isidre_Esteve_2.jpg');\"><img title=\"Isidre Esteve rodando por la arena durante el Dakar 2020\" alt=\"El Repsol Rally team compite en el Dakar 2020\" data-srcset=\"https:\/\/bxrepsol.s3.eu-west-1.amazonaws.com\/static\/2022\/08\/05071549\/00_Dakar20_E6_Isidre_Esteve_2.jpg 480w, https:\/\/bxrepsol.s3.eu-west-1.amazonaws.com\/static\/2022\/08\/05071549\/00_Dakar20_E6_Isidre_Esteve_2.jpg 600w, https:\/\/bxrepsol.s3.eu-west-1.amazonaws.com\/static\/2022\/08\/05071549\/00_Dakar20_E6_Isidre_Esteve_2.jpg 900w, https:\/\/bxrepsol.s3.eu-west-1.amazonaws.com\/static\/2022\/08\/05071549\/00_Dakar20_E6_Isidre_Esteve_2.jpg 1280w\" data-src=\"https:\/\/bxrepsol.s3.eu-west-1.amazonaws.com\/static\/2022\/08\/05071549\/00_Dakar20_E6_Isidre_Esteve_2.jpg\" \/><\/picture>\n<noscript><img decoding=\"async\" src=\"https:\/\/bxrepsol.s3.eu-west-1.amazonaws.com\/static\/2022\/08\/05071549\/00_Dakar20_E6_Isidre_Esteve_2.jpg\" alt=\"El Repsol Rally team compite en el Dakar 2020\"><\/noscript><figcaption>El Repsol Rally team compite en el Dakar 2020<\/figcaption><\/figure>\n<p><em>\u201cLas sensaciones han sido muy buenas y hemos rodado a un ritmo muy alto durante todo el d\u00eda. Al principio, como sal\u00edamos detr\u00e1s de 100 participantes, entre coches, buggys y camiones, hemos sufrido un poco por el polvo. Pero cuando hemos llegado a la zona de arena hemos podido abrir gas, rodar m\u00e1s r\u00e1pidos y adelantar a mucha gente. Txema ha vuelto a estar genial en la navegaci\u00f3n y ha sabido interpretar perfecto el roadbook, que nos han entregado de nuevo un cuarto de hora antes de salir\u201d<\/em>.<\/p>\n<p><strong>El ilerdense elogiaba las caracter\u00edsticas de la especial <\/strong>y confesaba que <em>\u201cya ten\u00edamos ganas de que llegasen las dunas porque es donde somos m\u00e1s competitivos. Nos hemos divertido mucho en una etapa muy bonita que, por momentos, me ha recordado a las de Mauritania\u201d<\/em>.<\/p>\n<p>Su tiempo final ha sido de 5 horas, 36 minutos y 46 segundos. <strong>Esta marca ha situado al Repsol Rally Team en la 33\u00aa posici\u00f3n de la etapa<\/strong>, la misma que pasa a ocupar en la apretada general provisional, en la que figuran diez pilotos en una hora y media de margen. En su categor\u00eda de T1.2, reservada a los 4&#215;4 diesel modificados, ocupa el sexto puesto.<\/p>\n<p><!-- Imagen relacionada --><br \/>\n<img loading=\"lazy\" decoding=\"async\" src=\"https:\/\/bxrepsol.s3.eu-west-1.amazonaws.com\/static\/2022\/08\/05071519\/00_Isidre_Esteve_dakar_2020.jpg\" alt=\"Isidre Esteve conduciendo el prototipo adaptado BV6\" width=\"404\" height=\"336\" \/><\/p>\n<p><em>\u201cHoy hemos ido r\u00e1pido, hemos disfrutado y no hemos tenido ning\u00fan problema, as\u00ed que llegamos a la etapa de descanso muy contentos. Somos optimistas porque todav\u00eda queda una semana por delante muy atractiva y con mucha arena, que es donde nos encontramos mejor. Acabamos la primera mitad de este Dakar muy esperanzados, ya que, con m\u00e1s d\u00edas como el de hoy, seguro que recuperaremos posiciones en la general\u201d<\/em>, sentenciaba un optimista Isidre Esteve.<\/p>\n","protected":false},"excerpt":{"rendered":"<p>El piloto del Repsol Rally Team rinde a un gran nivel en la arena saud\u00ed y alcanza la etapa de descanso con m\u00e1xima confianza.<\/p>\n","protected":false},"author":43146,"featured_media":63551,"comment_status":"open","ping_status":"open","sticky":false,"template":"","format":"standard","meta":{"footnotes":""},"categories":[27],"tags":[191,29,183],"class_list":["post-94350","post","type-post","status-publish","format-standard","hentry","category-rally","tag-191","tag-isidre-esteve","tag-repsol-rally-team"],"yoast_head":"<!-- This site is optimized with the Yoast SEO plugin v27.3 - https:\/\/yoast.com\/product\/yoast-seo-wordpress\/ -->\n<title>Dakar 2020 Etapa 6 - Isidre Esteve recupera las buenas sensaciones sobre las dunas<\/title>\n<meta name=\"description\" content=\"Dakar 2020: El piloto del Repsol Rally Team rinde a un gran nivel en la arena saud\u00ed y alcanza la etapa de descanso con m\u00e1xima confianza.\" \/>\n<link rel=\"canonical\" href=\"https:\/\/www.boxrepsol.com\/es\/rally\/isidre-esteve-recupera-las-buenas-sensaciones-las-dunas\/\" \/>\n<meta property=\"og:locale\" content=\"es_ES\" \/>\n<meta property=\"og:type\" content=\"article\" \/>\n<meta property=\"og:title\" content=\"Dakar 2020 Etapa 6 - Isidre Esteve recupera las buenas sensaciones sobre las dunas\" \/>\n<meta property=\"og:description\" content=\"Dakar 2020: El piloto del Repsol Rally Team rinde a un gran nivel en la arena saud\u00ed y alcanza la etapa de descanso con m\u00e1xima confianza.\" \/>\n<meta property=\"og:url\" content=\"https:\/\/www.boxrepsol.com\/es\/rally\/isidre-esteve-recupera-las-buenas-sensaciones-las-dunas\/\" \/>\n<meta property=\"og:site_name\" content=\"Box Repsol\" \/>\n<meta property=\"article:publisher\" content=\"https:\/\/www.facebook.com\/BoxRepsol\" \/>\n<meta property=\"article:author\" content=\"https:\/\/www.facebook.com\/BoxRepsol\/\" \/>\n<meta property=\"article:published_time\" content=\"2020-01-13T02:00:00+00:00\" \/>\n<meta property=\"article:modified_time\" content=\"2024-10-09T15:58:50+00:00\" \/>\n<meta property=\"og:image\" content=\"https:\/\/bxrepsol.s3.eu-west-1.amazonaws.com\/static\/2022\/08\/29091214\/00_Dakar20_E6_Isidre_Esteve_4-1.jpg\" \/>\n\t<meta property=\"og:image:width\" content=\"1280\" \/>\n\t<meta property=\"og:image:height\" content=\"600\" \/>\n\t<meta property=\"og:image:type\" content=\"image\/jpeg\" \/>\n<meta name=\"author\" content=\"Redacci\u00f3n Box Repsol\" \/>\n<meta name=\"twitter:card\" content=\"summary_large_image\" \/>\n<meta name=\"twitter:creator\" content=\"@https:\/\/twitter.com\/box_repsol\" \/>\n<meta name=\"twitter:site\" content=\"@box_repsol\" \/>\n<meta name=\"twitter:label1\" content=\"Written by\" \/>\n\t<meta name=\"twitter:data1\" content=\"Redacci\u00f3n Box Repsol\" \/>\n\t<meta name=\"twitter:label2\" content=\"Est. reading time\" \/>\n\t<meta name=\"twitter:data2\" content=\"3 minutos\" \/>\n<script type=\"application\/ld+json\" class=\"yoast-schema-graph\">{\"@context\":\"https:\\\/\\\/schema.org\",\"@graph\":[{\"@type\":\"Article\",\"@id\":\"https:\\\/\\\/www.boxrepsol.com\\\/es\\\/rally\\\/isidre-esteve-recupera-las-buenas-sensaciones-las-dunas\\\/#article\",\"isPartOf\":{\"@id\":\"https:\\\/\\\/www.boxrepsol.com\\\/es\\\/rally\\\/isidre-esteve-recupera-las-buenas-sensaciones-las-dunas\\\/\"},\"author\":{\"name\":\"Redacci\u00f3n Box Repsol\",\"@id\":\"https:\\\/\\\/www.boxrepsol.com\\\/es\\\/#\\\/schema\\\/person\\\/c5c2138f2cca251b0ad92b7086bb60b7\"},\"headline\":\"Isidre Esteve recupera las buenas sensaciones sobre las dunas\",\"datePublished\":\"2020-01-13T02:00:00+00:00\",\"dateModified\":\"2024-10-09T15:58:50+00:00\",\"mainEntityOfPage\":{\"@id\":\"https:\\\/\\\/www.boxrepsol.com\\\/es\\\/rally\\\/isidre-esteve-recupera-las-buenas-sensaciones-las-dunas\\\/\"},\"wordCount\":515,\"commentCount\":0,\"publisher\":{\"@id\":\"https:\\\/\\\/www.boxrepsol.com\\\/es\\\/#organization\"},\"image\":{\"@id\":\"https:\\\/\\\/www.boxrepsol.com\\\/es\\\/rally\\\/isidre-esteve-recupera-las-buenas-sensaciones-las-dunas\\\/#primaryimage\"},\"thumbnailUrl\":\"https:\\\/\\\/bxrepsol.s3.eu-west-1.amazonaws.com\\\/static\\\/2022\\\/08\\\/29091214\\\/00_Dakar20_E6_Isidre_Esteve_4-1.jpg\",\"keywords\":[\"2020\",\"Isidre Esteve\",\"Repsol Rally Team\"],\"articleSection\":[\"Rally\"],\"inLanguage\":\"es\",\"potentialAction\":[{\"@type\":\"CommentAction\",\"name\":\"Comment\",\"target\":[\"https:\\\/\\\/www.boxrepsol.com\\\/es\\\/rally\\\/isidre-esteve-recupera-las-buenas-sensaciones-las-dunas\\\/#respond\"]}]},{\"@type\":\"WebPage\",\"@id\":\"https:\\\/\\\/www.boxrepsol.com\\\/es\\\/rally\\\/isidre-esteve-recupera-las-buenas-sensaciones-las-dunas\\\/\",\"url\":\"https:\\\/\\\/www.boxrepsol.com\\\/es\\\/rally\\\/isidre-esteve-recupera-las-buenas-sensaciones-las-dunas\\\/\",\"name\":\"Dakar 2020 Etapa 6 - Isidre Esteve recupera las buenas sensaciones sobre las dunas\",\"isPartOf\":{\"@id\":\"https:\\\/\\\/www.boxrepsol.com\\\/es\\\/#website\"},\"primaryImageOfPage\":{\"@id\":\"https:\\\/\\\/www.boxrepsol.com\\\/es\\\/rally\\\/isidre-esteve-recupera-las-buenas-sensaciones-las-dunas\\\/#primaryimage\"},\"image\":{\"@id\":\"https:\\\/\\\/www.boxrepsol.com\\\/es\\\/rally\\\/isidre-esteve-recupera-las-buenas-sensaciones-las-dunas\\\/#primaryimage\"},\"thumbnailUrl\":\"https:\\\/\\\/bxrepsol.s3.eu-west-1.amazonaws.com\\\/static\\\/2022\\\/08\\\/29091214\\\/00_Dakar20_E6_Isidre_Esteve_4-1.jpg\",\"datePublished\":\"2020-01-13T02:00:00+00:00\",\"dateModified\":\"2024-10-09T15:58:50+00:00\",\"description\":\"Dakar 2020: El piloto del Repsol Rally Team rinde a un gran nivel en la arena saud\u00ed y alcanza la etapa de descanso con m\u00e1xima confianza.\",\"breadcrumb\":{\"@id\":\"https:\\\/\\\/www.boxrepsol.com\\\/es\\\/rally\\\/isidre-esteve-recupera-las-buenas-sensaciones-las-dunas\\\/#breadcrumb\"},\"inLanguage\":\"es\",\"potentialAction\":[{\"@type\":\"ReadAction\",\"target\":[\"https:\\\/\\\/www.boxrepsol.com\\\/es\\\/rally\\\/isidre-esteve-recupera-las-buenas-sensaciones-las-dunas\\\/\"]}]},{\"@type\":\"ImageObject\",\"inLanguage\":\"es\",\"@id\":\"https:\\\/\\\/www.boxrepsol.com\\\/es\\\/rally\\\/isidre-esteve-recupera-las-buenas-sensaciones-las-dunas\\\/#primaryimage\",\"url\":\"https:\\\/\\\/bxrepsol.s3.eu-west-1.amazonaws.com\\\/static\\\/2022\\\/08\\\/29091214\\\/00_Dakar20_E6_Isidre_Esteve_4-1.jpg\",\"contentUrl\":\"https:\\\/\\\/bxrepsol.s3.eu-west-1.amazonaws.com\\\/static\\\/2022\\\/08\\\/29091214\\\/00_Dakar20_E6_Isidre_Esteve_4-1.jpg\",\"width\":1280,\"height\":600,\"caption\":\"Isidre Esteve rodando en las dunas saud\u00edes\"},{\"@type\":\"BreadcrumbList\",\"@id\":\"https:\\\/\\\/www.boxrepsol.com\\\/es\\\/rally\\\/isidre-esteve-recupera-las-buenas-sensaciones-las-dunas\\\/#breadcrumb\",\"itemListElement\":[{\"@type\":\"ListItem\",\"position\":1,\"name\":\"Home\",\"item\":\"https:\\\/\\\/www.boxrepsol.com\\\/es\\\/\"},{\"@type\":\"ListItem\",\"position\":2,\"name\":\"Isidre Esteve recupera las buenas sensaciones sobre las dunas\"}]},{\"@type\":\"WebSite\",\"@id\":\"https:\\\/\\\/www.boxrepsol.com\\\/es\\\/#website\",\"url\":\"https:\\\/\\\/www.boxrepsol.com\\\/es\\\/\",\"name\":\"Box Repsol\",\"description\":\"Box Repsol Site\",\"publisher\":{\"@id\":\"https:\\\/\\\/www.boxrepsol.com\\\/es\\\/#organization\"},\"potentialAction\":[{\"@type\":\"SearchAction\",\"target\":{\"@type\":\"EntryPoint\",\"urlTemplate\":\"https:\\\/\\\/www.boxrepsol.com\\\/es\\\/?s={search_term_string}\"},\"query-input\":{\"@type\":\"PropertyValueSpecification\",\"valueRequired\":true,\"valueName\":\"search_term_string\"}}],\"inLanguage\":\"es\"},{\"@type\":\"Organization\",\"@id\":\"https:\\\/\\\/www.boxrepsol.com\\\/es\\\/#organization\",\"name\":\"Box Repsol\",\"url\":\"https:\\\/\\\/www.boxrepsol.com\\\/es\\\/\",\"logo\":{\"@type\":\"ImageObject\",\"inLanguage\":\"es\",\"@id\":\"https:\\\/\\\/www.boxrepsol.com\\\/es\\\/#\\\/schema\\\/logo\\\/image\\\/\",\"url\":\"https:\\\/\\\/bxrepsol.s3.eu-west-1.amazonaws.com\\\/static\\\/2025\\\/07\\\/30083337\\\/favicon-96x96-1.png\",\"contentUrl\":\"https:\\\/\\\/bxrepsol.s3.eu-west-1.amazonaws.com\\\/static\\\/2025\\\/07\\\/30083337\\\/favicon-96x96-1.png\",\"width\":96,\"height\":96,\"caption\":\"Box Repsol\"},\"image\":{\"@id\":\"https:\\\/\\\/www.boxrepsol.com\\\/es\\\/#\\\/schema\\\/logo\\\/image\\\/\"},\"sameAs\":[\"https:\\\/\\\/www.facebook.com\\\/BoxRepsol\",\"https:\\\/\\\/x.com\\\/box_repsol\",\"http:\\\/\\\/instagram.com\\\/box_repsol\",\"https:\\\/\\\/www.youtube.com\\\/user\\\/RepsolCompeticion\",\"https:\\\/\\\/www.flickr.com\\\/photos\\\/box_repsol\\\/\"]},{\"@type\":\"Person\",\"@id\":\"https:\\\/\\\/www.boxrepsol.com\\\/es\\\/#\\\/schema\\\/person\\\/c5c2138f2cca251b0ad92b7086bb60b7\",\"name\":\"Redacci\u00f3n Box Repsol\",\"image\":{\"@type\":\"ImageObject\",\"inLanguage\":\"es\",\"@id\":\"https:\\\/\\\/secure.gravatar.com\\\/avatar\\\/adf7b77e38b4419baf32c7e9c21dde01f4e40df611f0978e3006fc4ba0aaab7e?s=96&d=mm&r=g\",\"url\":\"https:\\\/\\\/secure.gravatar.com\\\/avatar\\\/adf7b77e38b4419baf32c7e9c21dde01f4e40df611f0978e3006fc4ba0aaab7e?s=96&d=mm&r=g\",\"contentUrl\":\"https:\\\/\\\/secure.gravatar.com\\\/avatar\\\/adf7b77e38b4419baf32c7e9c21dde01f4e40df611f0978e3006fc4ba0aaab7e?s=96&d=mm&r=g\",\"caption\":\"Redacci\u00f3n Box Repsol\"},\"description\":\"Box Repsol lo forma un equipo de periodistas, community managers, dise\u00f1adores y fot\u00f3grafos con m\u00e1s de 20 a\u00f1os de experiencia en el mundo del motorsport. Hemos vivido el primer mundial de un espa\u00f1ol en la categor\u00eda reina de motociclismo con \u00c1lex Crivill\u00e9, estuvimos en las victorias de Pedrosa y los t\u00edtulos de M\u00e1rquez, acompa\u00f1amos en \u00c1frica a Nani Roma y Marc Coma en sus conquistas del Dakar y hemos vibrado con los t\u00edtulos de Toni Bou en Trial. Adem\u00e1s, en nuestro equipo contamos con expertos en el mundo de las dos y cuatro ruedas tanto de la calle y las carreteras, como de los circuitos. Periodistas que han trabajado en revistas y publicaciones para hacerte llegar desde rutas y consejos de mantenimiento, a curiosidades y trucos de pilotaje.\",\"sameAs\":[\"https:\\\/\\\/www.facebook.com\\\/BoxRepsol\\\/\",\"https:\\\/\\\/www.instagram.com\\\/box_repsol\\\/\",\"https:\\\/\\\/x.com\\\/https:\\\/\\\/twitter.com\\\/box_repsol\",\"https:\\\/\\\/www.youtube.com\\\/@Boxrepsol\"],\"url\":\"https:\\\/\\\/www.boxrepsol.com\\\/es\\\/author\\\/redaccion-box-repsol\\\/\"}]}<\/script>\n<!-- \/ Yoast SEO plugin. -->","yoast_head_json":{"title":"Dakar 2020 Etapa 6 - Isidre Esteve recupera las buenas sensaciones sobre las dunas","description":"Dakar 2020: El piloto del Repsol Rally Team rinde a un gran nivel en la arena saud\u00ed y alcanza la etapa de descanso con m\u00e1xima confianza.","canonical":"https:\/\/www.boxrepsol.com\/es\/rally\/isidre-esteve-recupera-las-buenas-sensaciones-las-dunas\/","og_locale":"es_ES","og_type":"article","og_title":"Dakar 2020 Etapa 6 - Isidre Esteve recupera las buenas sensaciones sobre las dunas","og_description":"Dakar 2020: El piloto del Repsol Rally Team rinde a un gran nivel en la arena saud\u00ed y alcanza la etapa de descanso con m\u00e1xima confianza.","og_url":"https:\/\/www.boxrepsol.com\/es\/rally\/isidre-esteve-recupera-las-buenas-sensaciones-las-dunas\/","og_site_name":"Box Repsol","article_publisher":"https:\/\/www.facebook.com\/BoxRepsol","article_author":"https:\/\/www.facebook.com\/BoxRepsol\/","article_published_time":"2020-01-13T02:00:00+00:00","article_modified_time":"2024-10-09T15:58:50+00:00","og_image":[{"width":1280,"height":600,"url":"https:\/\/bxrepsol.s3.eu-west-1.amazonaws.com\/static\/2022\/08\/29091214\/00_Dakar20_E6_Isidre_Esteve_4-1.jpg","type":"image\/jpeg"}],"author":"Redacci\u00f3n Box Repsol","twitter_card":"summary_large_image","twitter_creator":"@https:\/\/twitter.com\/box_repsol","twitter_site":"@box_repsol","twitter_misc":{"Written by":"Redacci\u00f3n Box Repsol","Est. reading time":"3 minutos"},"schema":{"@context":"https:\/\/schema.org","@graph":[{"@type":"Article","@id":"https:\/\/www.boxrepsol.com\/es\/rally\/isidre-esteve-recupera-las-buenas-sensaciones-las-dunas\/#article","isPartOf":{"@id":"https:\/\/www.boxrepsol.com\/es\/rally\/isidre-esteve-recupera-las-buenas-sensaciones-las-dunas\/"},"author":{"name":"Redacci\u00f3n Box Repsol","@id":"https:\/\/www.boxrepsol.com\/es\/#\/schema\/person\/c5c2138f2cca251b0ad92b7086bb60b7"},"headline":"Isidre Esteve recupera las buenas sensaciones sobre las dunas","datePublished":"2020-01-13T02:00:00+00:00","dateModified":"2024-10-09T15:58:50+00:00","mainEntityOfPage":{"@id":"https:\/\/www.boxrepsol.com\/es\/rally\/isidre-esteve-recupera-las-buenas-sensaciones-las-dunas\/"},"wordCount":515,"commentCount":0,"publisher":{"@id":"https:\/\/www.boxrepsol.com\/es\/#organization"},"image":{"@id":"https:\/\/www.boxrepsol.com\/es\/rally\/isidre-esteve-recupera-las-buenas-sensaciones-las-dunas\/#primaryimage"},"thumbnailUrl":"https:\/\/bxrepsol.s3.eu-west-1.amazonaws.com\/static\/2022\/08\/29091214\/00_Dakar20_E6_Isidre_Esteve_4-1.jpg","keywords":["2020","Isidre Esteve","Repsol Rally Team"],"articleSection":["Rally"],"inLanguage":"es","potentialAction":[{"@type":"CommentAction","name":"Comment","target":["https:\/\/www.boxrepsol.com\/es\/rally\/isidre-esteve-recupera-las-buenas-sensaciones-las-dunas\/#respond"]}]},{"@type":"WebPage","@id":"https:\/\/www.boxrepsol.com\/es\/rally\/isidre-esteve-recupera-las-buenas-sensaciones-las-dunas\/","url":"https:\/\/www.boxrepsol.com\/es\/rally\/isidre-esteve-recupera-las-buenas-sensaciones-las-dunas\/","name":"Dakar 2020 Etapa 6 - Isidre Esteve recupera las buenas sensaciones sobre las dunas","isPartOf":{"@id":"https:\/\/www.boxrepsol.com\/es\/#website"},"primaryImageOfPage":{"@id":"https:\/\/www.boxrepsol.com\/es\/rally\/isidre-esteve-recupera-las-buenas-sensaciones-las-dunas\/#primaryimage"},"image":{"@id":"https:\/\/www.boxrepsol.com\/es\/rally\/isidre-esteve-recupera-las-buenas-sensaciones-las-dunas\/#primaryimage"},"thumbnailUrl":"https:\/\/bxrepsol.s3.eu-west-1.amazonaws.com\/static\/2022\/08\/29091214\/00_Dakar20_E6_Isidre_Esteve_4-1.jpg","datePublished":"2020-01-13T02:00:00+00:00","dateModified":"2024-10-09T15:58:50+00:00","description":"Dakar 2020: El piloto del Repsol Rally Team rinde a un gran nivel en la arena saud\u00ed y alcanza la etapa de descanso con m\u00e1xima confianza.","breadcrumb":{"@id":"https:\/\/www.boxrepsol.com\/es\/rally\/isidre-esteve-recupera-las-buenas-sensaciones-las-dunas\/#breadcrumb"},"inLanguage":"es","potentialAction":[{"@type":"ReadAction","target":["https:\/\/www.boxrepsol.com\/es\/rally\/isidre-esteve-recupera-las-buenas-sensaciones-las-dunas\/"]}]},{"@type":"ImageObject","inLanguage":"es","@id":"https:\/\/www.boxrepsol.com\/es\/rally\/isidre-esteve-recupera-las-buenas-sensaciones-las-dunas\/#primaryimage","url":"https:\/\/bxrepsol.s3.eu-west-1.amazonaws.com\/static\/2022\/08\/29091214\/00_Dakar20_E6_Isidre_Esteve_4-1.jpg","contentUrl":"https:\/\/bxrepsol.s3.eu-west-1.amazonaws.com\/static\/2022\/08\/29091214\/00_Dakar20_E6_Isidre_Esteve_4-1.jpg","width":1280,"height":600,"caption":"Isidre Esteve rodando en las dunas saud\u00edes"},{"@type":"BreadcrumbList","@id":"https:\/\/www.boxrepsol.com\/es\/rally\/isidre-esteve-recupera-las-buenas-sensaciones-las-dunas\/#breadcrumb","itemListElement":[{"@type":"ListItem","position":1,"name":"Home","item":"https:\/\/www.boxrepsol.com\/es\/"},{"@type":"ListItem","position":2,"name":"Isidre Esteve recupera las buenas sensaciones sobre las dunas"}]},{"@type":"WebSite","@id":"https:\/\/www.boxrepsol.com\/es\/#website","url":"https:\/\/www.boxrepsol.com\/es\/","name":"Box Repsol","description":"Box Repsol Site","publisher":{"@id":"https:\/\/www.boxrepsol.com\/es\/#organization"},"potentialAction":[{"@type":"SearchAction","target":{"@type":"EntryPoint","urlTemplate":"https:\/\/www.boxrepsol.com\/es\/?s={search_term_string}"},"query-input":{"@type":"PropertyValueSpecification","valueRequired":true,"valueName":"search_term_string"}}],"inLanguage":"es"},{"@type":"Organization","@id":"https:\/\/www.boxrepsol.com\/es\/#organization","name":"Box Repsol","url":"https:\/\/www.boxrepsol.com\/es\/","logo":{"@type":"ImageObject","inLanguage":"es","@id":"https:\/\/www.boxrepsol.com\/es\/#\/schema\/logo\/image\/","url":"https:\/\/bxrepsol.s3.eu-west-1.amazonaws.com\/static\/2025\/07\/30083337\/favicon-96x96-1.png","contentUrl":"https:\/\/bxrepsol.s3.eu-west-1.amazonaws.com\/static\/2025\/07\/30083337\/favicon-96x96-1.png","width":96,"height":96,"caption":"Box Repsol"},"image":{"@id":"https:\/\/www.boxrepsol.com\/es\/#\/schema\/logo\/image\/"},"sameAs":["https:\/\/www.facebook.com\/BoxRepsol","https:\/\/x.com\/box_repsol","http:\/\/instagram.com\/box_repsol","https:\/\/www.youtube.com\/user\/RepsolCompeticion","https:\/\/www.flickr.com\/photos\/box_repsol\/"]},{"@type":"Person","@id":"https:\/\/www.boxrepsol.com\/es\/#\/schema\/person\/c5c2138f2cca251b0ad92b7086bb60b7","name":"Redacci\u00f3n Box Repsol","image":{"@type":"ImageObject","inLanguage":"es","@id":"https:\/\/secure.gravatar.com\/avatar\/adf7b77e38b4419baf32c7e9c21dde01f4e40df611f0978e3006fc4ba0aaab7e?s=96&d=mm&r=g","url":"https:\/\/secure.gravatar.com\/avatar\/adf7b77e38b4419baf32c7e9c21dde01f4e40df611f0978e3006fc4ba0aaab7e?s=96&d=mm&r=g","contentUrl":"https:\/\/secure.gravatar.com\/avatar\/adf7b77e38b4419baf32c7e9c21dde01f4e40df611f0978e3006fc4ba0aaab7e?s=96&d=mm&r=g","caption":"Redacci\u00f3n Box Repsol"},"description":"Box Repsol lo forma un equipo de periodistas, community managers, dise\u00f1adores y fot\u00f3grafos con m\u00e1s de 20 a\u00f1os de experiencia en el mundo del motorsport. Hemos vivido el primer mundial de un espa\u00f1ol en la categor\u00eda reina de motociclismo con \u00c1lex Crivill\u00e9, estuvimos en las victorias de Pedrosa y los t\u00edtulos de M\u00e1rquez, acompa\u00f1amos en \u00c1frica a Nani Roma y Marc Coma en sus conquistas del Dakar y hemos vibrado con los t\u00edtulos de Toni Bou en Trial. Adem\u00e1s, en nuestro equipo contamos con expertos en el mundo de las dos y cuatro ruedas tanto de la calle y las carreteras, como de los circuitos. Periodistas que han trabajado en revistas y publicaciones para hacerte llegar desde rutas y consejos de mantenimiento, a curiosidades y trucos de pilotaje.","sameAs":["https:\/\/www.facebook.com\/BoxRepsol\/","https:\/\/www.instagram.com\/box_repsol\/","https:\/\/x.com\/https:\/\/twitter.com\/box_repsol","https:\/\/www.youtube.com\/@Boxrepsol"],"url":"https:\/\/www.boxrepsol.com\/es\/author\/redaccion-box-repsol\/"}]}},"_links":{"self":[{"href":"https:\/\/www.boxrepsol.com\/es\/wp-json\/wp\/v2\/posts\/94350","targetHints":{"allow":["GET"]}}],"collection":[{"href":"https:\/\/www.boxrepsol.com\/es\/wp-json\/wp\/v2\/posts"}],"about":[{"href":"https:\/\/www.boxrepsol.com\/es\/wp-json\/wp\/v2\/types\/post"}],"author":[{"embeddable":true,"href":"https:\/\/www.boxrepsol.com\/es\/wp-json\/wp\/v2\/users\/43146"}],"replies":[{"embeddable":true,"href":"https:\/\/www.boxrepsol.com\/es\/wp-json\/wp\/v2\/comments?post=94350"}],"version-history":[{"count":2,"href":"https:\/\/www.boxrepsol.com\/es\/wp-json\/wp\/v2\/posts\/94350\/revisions"}],"predecessor-version":[{"id":121081,"href":"https:\/\/www.boxrepsol.com\/es\/wp-json\/wp\/v2\/posts\/94350\/revisions\/121081"}],"wp:featuredmedia":[{"embeddable":true,"href":"https:\/\/www.boxrepsol.com\/es\/wp-json\/wp\/v2\/media\/63551"}],"wp:attachment":[{"href":"https:\/\/www.boxrepsol.com\/es\/wp-json\/wp\/v2\/media?parent=94350"}],"wp:term":[{"taxonomy":"category","embeddable":true,"href":"https:\/\/www.boxrepsol.com\/es\/wp-json\/wp\/v2\/categories?post=94350"},{"taxonomy":"post_tag","embeddable":true,"href":"https:\/\/www.boxrepsol.com\/es\/wp-json\/wp\/v2\/tags?post=94350"}],"curies":[{"name":"wp","href":"https:\/\/api.w.org\/{rel}","templated":true}]}}