{"id":94346,"date":"2020-01-10T00:00:00","date_gmt":"2020-01-10T02:00:00","guid":{"rendered":"http:\/\/pre.boxrepsol.com\/sin-categorizar\/isidre-esteve-dia-aciago-dakar-2020\/"},"modified":"2024-04-22T10:02:56","modified_gmt":"2024-04-22T12:02:56","slug":"isidre-esteve-dia-aciago-dakar-2020","status":"publish","type":"post","link":"https:\/\/www.boxrepsol.com\/es\/rally\/isidre-esteve-dia-aciago-dakar-2020\/","title":{"rendered":"Isidre Esteve vive su d\u00eda m\u00e1s aciago en el Dakar 2020"},"content":{"rendered":"<p>En menos de 24 horas, Isidre Esteve ha vivido las dos caras del Dakar. Si ayer firmaba su mejor actuaci\u00f3n, hoy ha sufrido su d\u00eda m\u00e1s aciago. El prototipo del ilerdense ha salvado un vuelco in extremis pero ha quedado de costado y, tras reincorporarse a la carrera, ha tenido una aver\u00eda que casi le obliga a abandonar. <strong>Pese a perder m\u00e1s de dos horas, el piloto del Repsol Rally Team no pierde el optimismo<\/strong> y recuerda que <em>\u201ctodav\u00eda no hemos llegado a la mitad del Dakar, quedan muchos kil\u00f3metros por completar y seguro que van a pasar muchas m\u00e1s cosas\u201d<\/em>.<\/p>\n<p>Isidre Esteve y su copiloto Txema Villalobos se han llevado un gran sobresalto hacia la mitad de la especial, que ha transcurrido entre Al Ula y Ha\u2019il.<em> \u201c\u00cdbamos en sexta velocidad a m\u00e1s de 120 km\/h y hemos estado a punto de volcar, cuando en un bache se nos ha descontrolado el coche de la parte trasera. Al final lo hemos salvado, pero el BV6 se ha quedado de lado, recostado en una hierba de camello\u201d<\/em>, narraba el de Oliana.<\/p>\n<p><strong>Tras volver a poner en pie su 4&#215;4, con la ayuda del holand\u00e9s Maik Willems y su Toyota Hilux<\/strong>, y comprobar que, aparentemente, los desperfectos eran m\u00ednimos, el Repsol Rally Team lograba reincorporarse a la carrera 20 minutos m\u00e1s tarde. <em>\u201cPor suerte, todo ha quedado en un buen susto y no nos hemos lesionado\u201d<\/em>, apuntaba con alivio.<\/p>\n<p><a href=\"https:\/\/bxrepsol.s3.eu-west-1.amazonaws.com\/static\/2022\/08\/05071523\/00_isidre_esteve_repsol_rally_team-1.jpg\" \n   title=\"Isidre Esteve conduciendo con el cuelo azul de fondo\" \n   data-gallery-thumbnail=\"https:\/\/bxrepsol.s3.eu-west-1.amazonaws.com\/static\/2022\/08\/05071523\/00_isidre_esteve_repsol_rally_team-1.jpg\"\n   data-gallery-title=\"\"\n   data-gallery><\/p>\n<figure>\n        <picture style=\"padding-bottom: 66.553767993226%; background-image: url(https:\/\/bxrepsol.s3.eu-west-1.amazonaws.com\/static\/2022\/08\/05071523\/00_isidre_esteve_repsol_rally_team-1.jpg);\">\n            <img decoding=\"async\" src=\"https:\/\/bxrepsol.s3.eu-west-1.amazonaws.com\/static\/2022\/08\/05071523\/00_isidre_esteve_repsol_rally_team-1.jpg\"><br \/>\n            <img itemprop=\"image\"\n                data-srcset=\"https:\/\/bxrepsol.s3.eu-west-1.amazonaws.com\/static\/2022\/08\/05071523\/00_isidre_esteve_repsol_rally_team-1.jpg 480w, https:\/\/bxrepsol.s3.eu-west-1.amazonaws.com\/static\/2022\/08\/05071523\/00_isidre_esteve_repsol_rally_team-1.jpg 600w, https:\/\/bxrepsol.s3.eu-west-1.amazonaws.com\/static\/2022\/08\/05071523\/00_isidre_esteve_repsol_rally_team-1.jpg 900w\"\n                data-src=\"https:\/\/bxrepsol.s3.eu-west-1.amazonaws.com\/static\/2022\/08\/05071523\/00_isidre_esteve_repsol_rally_team-1.jpg\"\n                alt=\"Isidre Esteve conduciendo con el cuelo azul de fondo\"\n                title=\"Isidre Esteve rodando en el desierto saud\u00ed\"\/><br \/>\n            <noscript><img decoding=\"async\" src=\"https:\/\/bxrepsol.s3.eu-west-1.amazonaws.com\/static\/2022\/08\/05071523\/00_isidre_esteve_repsol_rally_team-1.jpg\" alt=\"Isidre Esteve conduciendo con el cuelo azul de fondo\"><\/noscript>\n        <\/picture><figcaption>Isidre Esteve conduciendo con el cuelo azul de fondo<\/figcaption><\/figure>\n<p><\/a><\/p>\n<p>Pero los problemas no terminaban ah\u00ed, ya que unos 50 kil\u00f3metros m\u00e1s adelante el prototipo sufr\u00eda una aver\u00eda que, esta vez s\u00ed, les pon\u00eda realmente en jaque. <em>\u201cSe nos ha roto el pat\u00edn de la correa del alternador y no ten\u00edamos la pieza de repuesto. Suerte que Cristina Guti\u00e9rrez y Pablo Huete nos han dado el recambio. Nos han hecho un favor incre\u00edble, porque sin su ayuda no hubi\u00e9ramos podido llegar al final. Les estoy muy agradecido, tanto a ellos como a los holandeses del equipo Bastion. Son dos ejemplos del aut\u00e9ntico esp\u00edritu dakariano\u201d<\/em>, resaltaba el piloto ilerdense.<\/p>\n<p>Despu\u00e9s de una hora de trabajo en plena pista, <strong>Txema Villalobos ha logrado reparar la aver\u00eda<\/strong>. De todas formas, y tras detectar una fuga de aceite, Isidre Esteve ha optado por ralentizar mucho la marcha en los 80 kil\u00f3metros finales para conservar la mec\u00e1nica y no poner en peligro el motor del BV6.<\/p>\n<p>Pese al c\u00famulo de dificultades, <strong>el Repsol Rally Team ha conseguido llegar a meta en 49\u00ba puesto, con un registro de 6 horas, 8 minutos y 42 segundos<\/strong>, a 2h 16&#8242; 41\u201d del ganador de la etapa, Carlos Sainz. El tiempo perdido, sumado a una penalizaci\u00f3n de 40 minutos recibida ayer por un waypoint que, desafortunadamente, no qued\u00f3 registrado en su GPS, les ha retrasado hasta la 36\u00aa plaza de la general, con 25 horas y media acumuladas.<\/p>\n<p>                <!-- Imagen relacionada --><br \/>\n        <img loading=\"lazy\" decoding=\"async\" width=\"404\" height=\"336\" src=\"https:\/\/bxrepsol.s3.eu-west-1.amazonaws.com\/static\/2022\/08\/05071517\/00_isidre_esteve_repsol_rally_Team_interior_coche-1.jpg\" alt=\"Isidre Esteve compitiendo en el Dakar 2020\" \/><br \/>\n                <!-- Categor\u00eda --><br \/>\n            Rally<br \/>\n        <!-- T\u00edtulo --><br \/>\n        <a href=\"https:\/\/www.boxrepsol.com\/es\/rally\/isidre-esteve-completa-mejor-etapa-se-situa-22o-la-general\/\"><\/p>\n<h3>Isidre Esteve completa su mejor etapa y se sit\u00faa 22\u00ba de la general<\/h3>\n<p>        <\/a><br \/>\n                    <!-- Fecha --><br \/>\n            hace 1 hora        <\/p>\n<p><em>\u201cEs una aut\u00e9ntica l\u00e1stima porque hoy tambi\u00e9n est\u00e1bamos rodando a muy buen ritmo y pod\u00edamos haber vuelto a marcar otro buen resultado. Pero esto es el Dakar y hay que seguir luchando para llegar a la etapa de descanso del s\u00e1bado. No hay nada decidido, porque la segunda semana ser\u00e1 muy distinta a esta primera y las diferencias ser\u00e1n mayores\u201d<\/em>, presagia el de Oliana.<\/p>\n<p>Isidre Esteve afrontar\u00e1 con su moral de hierro la sexta etapa, entre Ha\u2019il y Riad, la \u00faltima antes de la esperada jornada de descanso.<strong> Los corredores deber\u00e1n superar uno de los d\u00edas m\u00e1s largos del Dakar 2020<\/strong>, con un total de 830 kil\u00f3metros, 477 cronometrados, en su totalidad por arena y fuera pistas.<\/p>\n","protected":false},"excerpt":{"rendered":"<p>Un incidente con la hierba de camello y una aver\u00eda en el alternador retrasan al piloto del Repsol Rally Team m\u00e1s de dos horas y le sit\u00faan 36\u00ba de la general.<\/p>\n","protected":false},"author":43146,"featured_media":63533,"comment_status":"open","ping_status":"open","sticky":false,"template":"","format":"standard","meta":{"footnotes":""},"categories":[27],"tags":[191,29,183],"class_list":["post-94346","post","type-post","status-publish","format-standard","hentry","category-rally","tag-191","tag-isidre-esteve","tag-repsol-rally-team"],"yoast_head":"<!-- This site is optimized with the Yoast SEO plugin v27.3 - https:\/\/yoast.com\/product\/yoast-seo-wordpress\/ -->\n<title>Dakar 2020 Etapa 5 - Isidre Esteve vive su d\u00eda m\u00e1s aciago en el Dakar 2020<\/title>\n<meta name=\"description\" content=\"Un incidente con la hierba de camello y una aver\u00eda en el alternador retrasan al piloto del Repsol Rally Team m\u00e1s de dos horas y le sit\u00faan 36\u00ba de la general.\" \/>\n<link rel=\"canonical\" href=\"https:\/\/www.boxrepsol.com\/es\/rally\/isidre-esteve-dia-aciago-dakar-2020\/\" \/>\n<meta property=\"og:locale\" content=\"es_ES\" \/>\n<meta property=\"og:type\" content=\"article\" \/>\n<meta property=\"og:title\" content=\"Dakar 2020 Etapa 5 - Isidre Esteve vive su d\u00eda m\u00e1s aciago en el Dakar 2020\" \/>\n<meta property=\"og:description\" content=\"Un incidente con la hierba de camello y una aver\u00eda en el alternador retrasan al piloto del Repsol Rally Team m\u00e1s de dos horas y le sit\u00faan 36\u00ba de la general.\" \/>\n<meta property=\"og:url\" content=\"https:\/\/www.boxrepsol.com\/es\/rally\/isidre-esteve-dia-aciago-dakar-2020\/\" \/>\n<meta property=\"og:site_name\" content=\"Box Repsol\" \/>\n<meta property=\"article:publisher\" content=\"https:\/\/www.facebook.com\/BoxRepsol\" \/>\n<meta property=\"article:author\" content=\"https:\/\/www.facebook.com\/BoxRepsol\/\" \/>\n<meta property=\"article:published_time\" content=\"2020-01-10T02:00:00+00:00\" \/>\n<meta property=\"article:modified_time\" content=\"2024-04-22T12:02:56+00:00\" \/>\n<meta property=\"og:image\" content=\"https:\/\/bxrepsol.s3.eu-west-1.amazonaws.com\/static\/2022\/08\/29091152\/00_Isidre_Esteve_dakar_2020-1.jpg\" \/>\n\t<meta property=\"og:image:width\" content=\"1280\" \/>\n\t<meta property=\"og:image:height\" content=\"600\" \/>\n\t<meta property=\"og:image:type\" content=\"image\/jpeg\" \/>\n<meta name=\"author\" content=\"Redacci\u00f3n Box Repsol\" \/>\n<meta name=\"twitter:card\" content=\"summary_large_image\" \/>\n<meta name=\"twitter:creator\" content=\"@https:\/\/twitter.com\/box_repsol\" \/>\n<meta name=\"twitter:site\" content=\"@box_repsol\" \/>\n<meta name=\"twitter:label1\" content=\"Written by\" \/>\n\t<meta name=\"twitter:data1\" content=\"Redacci\u00f3n Box Repsol\" \/>\n\t<meta name=\"twitter:label2\" content=\"Est. reading time\" \/>\n\t<meta name=\"twitter:data2\" content=\"3 minutos\" \/>\n<script type=\"application\/ld+json\" class=\"yoast-schema-graph\">{\"@context\":\"https:\\\/\\\/schema.org\",\"@graph\":[{\"@type\":\"Article\",\"@id\":\"https:\\\/\\\/www.boxrepsol.com\\\/es\\\/rally\\\/isidre-esteve-dia-aciago-dakar-2020\\\/#article\",\"isPartOf\":{\"@id\":\"https:\\\/\\\/www.boxrepsol.com\\\/es\\\/rally\\\/isidre-esteve-dia-aciago-dakar-2020\\\/\"},\"author\":{\"name\":\"Redacci\u00f3n Box Repsol\",\"@id\":\"https:\\\/\\\/www.boxrepsol.com\\\/es\\\/#\\\/schema\\\/person\\\/c5c2138f2cca251b0ad92b7086bb60b7\"},\"headline\":\"Isidre Esteve vive su d\u00eda m\u00e1s aciago en el Dakar 2020\",\"datePublished\":\"2020-01-10T02:00:00+00:00\",\"dateModified\":\"2024-04-22T12:02:56+00:00\",\"mainEntityOfPage\":{\"@id\":\"https:\\\/\\\/www.boxrepsol.com\\\/es\\\/rally\\\/isidre-esteve-dia-aciago-dakar-2020\\\/\"},\"wordCount\":648,\"commentCount\":0,\"publisher\":{\"@id\":\"https:\\\/\\\/www.boxrepsol.com\\\/es\\\/#organization\"},\"image\":{\"@id\":\"https:\\\/\\\/www.boxrepsol.com\\\/es\\\/rally\\\/isidre-esteve-dia-aciago-dakar-2020\\\/#primaryimage\"},\"thumbnailUrl\":\"https:\\\/\\\/bxrepsol.s3.eu-west-1.amazonaws.com\\\/static\\\/2022\\\/08\\\/29091152\\\/00_Isidre_Esteve_dakar_2020-1.jpg\",\"keywords\":[\"2020\",\"Isidre Esteve\",\"Repsol Rally Team\"],\"articleSection\":[\"Rally\"],\"inLanguage\":\"es\",\"potentialAction\":[{\"@type\":\"CommentAction\",\"name\":\"Comment\",\"target\":[\"https:\\\/\\\/www.boxrepsol.com\\\/es\\\/rally\\\/isidre-esteve-dia-aciago-dakar-2020\\\/#respond\"]}]},{\"@type\":\"WebPage\",\"@id\":\"https:\\\/\\\/www.boxrepsol.com\\\/es\\\/rally\\\/isidre-esteve-dia-aciago-dakar-2020\\\/\",\"url\":\"https:\\\/\\\/www.boxrepsol.com\\\/es\\\/rally\\\/isidre-esteve-dia-aciago-dakar-2020\\\/\",\"name\":\"Dakar 2020 Etapa 5 - Isidre Esteve vive su d\u00eda m\u00e1s aciago en el Dakar 2020\",\"isPartOf\":{\"@id\":\"https:\\\/\\\/www.boxrepsol.com\\\/es\\\/#website\"},\"primaryImageOfPage\":{\"@id\":\"https:\\\/\\\/www.boxrepsol.com\\\/es\\\/rally\\\/isidre-esteve-dia-aciago-dakar-2020\\\/#primaryimage\"},\"image\":{\"@id\":\"https:\\\/\\\/www.boxrepsol.com\\\/es\\\/rally\\\/isidre-esteve-dia-aciago-dakar-2020\\\/#primaryimage\"},\"thumbnailUrl\":\"https:\\\/\\\/bxrepsol.s3.eu-west-1.amazonaws.com\\\/static\\\/2022\\\/08\\\/29091152\\\/00_Isidre_Esteve_dakar_2020-1.jpg\",\"datePublished\":\"2020-01-10T02:00:00+00:00\",\"dateModified\":\"2024-04-22T12:02:56+00:00\",\"description\":\"Un incidente con la hierba de camello y una aver\u00eda en el alternador retrasan al piloto del Repsol Rally Team m\u00e1s de dos horas y le sit\u00faan 36\u00ba de la general.\",\"breadcrumb\":{\"@id\":\"https:\\\/\\\/www.boxrepsol.com\\\/es\\\/rally\\\/isidre-esteve-dia-aciago-dakar-2020\\\/#breadcrumb\"},\"inLanguage\":\"es\",\"potentialAction\":[{\"@type\":\"ReadAction\",\"target\":[\"https:\\\/\\\/www.boxrepsol.com\\\/es\\\/rally\\\/isidre-esteve-dia-aciago-dakar-2020\\\/\"]}]},{\"@type\":\"ImageObject\",\"inLanguage\":\"es\",\"@id\":\"https:\\\/\\\/www.boxrepsol.com\\\/es\\\/rally\\\/isidre-esteve-dia-aciago-dakar-2020\\\/#primaryimage\",\"url\":\"https:\\\/\\\/bxrepsol.s3.eu-west-1.amazonaws.com\\\/static\\\/2022\\\/08\\\/29091152\\\/00_Isidre_Esteve_dakar_2020-1.jpg\",\"contentUrl\":\"https:\\\/\\\/bxrepsol.s3.eu-west-1.amazonaws.com\\\/static\\\/2022\\\/08\\\/29091152\\\/00_Isidre_Esteve_dakar_2020-1.jpg\",\"width\":1280,\"height\":600,\"caption\":\"Isidre Esteve conduciendo el prototipo adaptado BV6\"},{\"@type\":\"BreadcrumbList\",\"@id\":\"https:\\\/\\\/www.boxrepsol.com\\\/es\\\/rally\\\/isidre-esteve-dia-aciago-dakar-2020\\\/#breadcrumb\",\"itemListElement\":[{\"@type\":\"ListItem\",\"position\":1,\"name\":\"Home\",\"item\":\"https:\\\/\\\/www.boxrepsol.com\\\/es\\\/\"},{\"@type\":\"ListItem\",\"position\":2,\"name\":\"Isidre Esteve vive su d\u00eda m\u00e1s aciago en el Dakar 2020\"}]},{\"@type\":\"WebSite\",\"@id\":\"https:\\\/\\\/www.boxrepsol.com\\\/es\\\/#website\",\"url\":\"https:\\\/\\\/www.boxrepsol.com\\\/es\\\/\",\"name\":\"Box Repsol\",\"description\":\"Box Repsol Site\",\"publisher\":{\"@id\":\"https:\\\/\\\/www.boxrepsol.com\\\/es\\\/#organization\"},\"potentialAction\":[{\"@type\":\"SearchAction\",\"target\":{\"@type\":\"EntryPoint\",\"urlTemplate\":\"https:\\\/\\\/www.boxrepsol.com\\\/es\\\/?s={search_term_string}\"},\"query-input\":{\"@type\":\"PropertyValueSpecification\",\"valueRequired\":true,\"valueName\":\"search_term_string\"}}],\"inLanguage\":\"es\"},{\"@type\":\"Organization\",\"@id\":\"https:\\\/\\\/www.boxrepsol.com\\\/es\\\/#organization\",\"name\":\"Box Repsol\",\"url\":\"https:\\\/\\\/www.boxrepsol.com\\\/es\\\/\",\"logo\":{\"@type\":\"ImageObject\",\"inLanguage\":\"es\",\"@id\":\"https:\\\/\\\/www.boxrepsol.com\\\/es\\\/#\\\/schema\\\/logo\\\/image\\\/\",\"url\":\"https:\\\/\\\/bxrepsol.s3.eu-west-1.amazonaws.com\\\/static\\\/2025\\\/07\\\/30083337\\\/favicon-96x96-1.png\",\"contentUrl\":\"https:\\\/\\\/bxrepsol.s3.eu-west-1.amazonaws.com\\\/static\\\/2025\\\/07\\\/30083337\\\/favicon-96x96-1.png\",\"width\":96,\"height\":96,\"caption\":\"Box Repsol\"},\"image\":{\"@id\":\"https:\\\/\\\/www.boxrepsol.com\\\/es\\\/#\\\/schema\\\/logo\\\/image\\\/\"},\"sameAs\":[\"https:\\\/\\\/www.facebook.com\\\/BoxRepsol\",\"https:\\\/\\\/x.com\\\/box_repsol\",\"http:\\\/\\\/instagram.com\\\/box_repsol\",\"https:\\\/\\\/www.youtube.com\\\/user\\\/RepsolCompeticion\",\"https:\\\/\\\/www.flickr.com\\\/photos\\\/box_repsol\\\/\"]},{\"@type\":\"Person\",\"@id\":\"https:\\\/\\\/www.boxrepsol.com\\\/es\\\/#\\\/schema\\\/person\\\/c5c2138f2cca251b0ad92b7086bb60b7\",\"name\":\"Redacci\u00f3n Box Repsol\",\"image\":{\"@type\":\"ImageObject\",\"inLanguage\":\"es\",\"@id\":\"https:\\\/\\\/secure.gravatar.com\\\/avatar\\\/adf7b77e38b4419baf32c7e9c21dde01f4e40df611f0978e3006fc4ba0aaab7e?s=96&d=mm&r=g\",\"url\":\"https:\\\/\\\/secure.gravatar.com\\\/avatar\\\/adf7b77e38b4419baf32c7e9c21dde01f4e40df611f0978e3006fc4ba0aaab7e?s=96&d=mm&r=g\",\"contentUrl\":\"https:\\\/\\\/secure.gravatar.com\\\/avatar\\\/adf7b77e38b4419baf32c7e9c21dde01f4e40df611f0978e3006fc4ba0aaab7e?s=96&d=mm&r=g\",\"caption\":\"Redacci\u00f3n Box Repsol\"},\"description\":\"Box Repsol lo forma un equipo de periodistas, community managers, dise\u00f1adores y fot\u00f3grafos con m\u00e1s de 20 a\u00f1os de experiencia en el mundo del motorsport. Hemos vivido el primer mundial de un espa\u00f1ol en la categor\u00eda reina de motociclismo con \u00c1lex Crivill\u00e9, estuvimos en las victorias de Pedrosa y los t\u00edtulos de M\u00e1rquez, acompa\u00f1amos en \u00c1frica a Nani Roma y Marc Coma en sus conquistas del Dakar y hemos vibrado con los t\u00edtulos de Toni Bou en Trial. Adem\u00e1s, en nuestro equipo contamos con expertos en el mundo de las dos y cuatro ruedas tanto de la calle y las carreteras, como de los circuitos. Periodistas que han trabajado en revistas y publicaciones para hacerte llegar desde rutas y consejos de mantenimiento, a curiosidades y trucos de pilotaje.\",\"sameAs\":[\"https:\\\/\\\/www.facebook.com\\\/BoxRepsol\\\/\",\"https:\\\/\\\/www.instagram.com\\\/box_repsol\\\/\",\"https:\\\/\\\/x.com\\\/https:\\\/\\\/twitter.com\\\/box_repsol\",\"https:\\\/\\\/www.youtube.com\\\/@Boxrepsol\"],\"url\":\"https:\\\/\\\/www.boxrepsol.com\\\/es\\\/author\\\/redaccion-box-repsol\\\/\"}]}<\/script>\n<!-- \/ Yoast SEO plugin. -->","yoast_head_json":{"title":"Dakar 2020 Etapa 5 - Isidre Esteve vive su d\u00eda m\u00e1s aciago en el Dakar 2020","description":"Un incidente con la hierba de camello y una aver\u00eda en el alternador retrasan al piloto del Repsol Rally Team m\u00e1s de dos horas y le sit\u00faan 36\u00ba de la general.","canonical":"https:\/\/www.boxrepsol.com\/es\/rally\/isidre-esteve-dia-aciago-dakar-2020\/","og_locale":"es_ES","og_type":"article","og_title":"Dakar 2020 Etapa 5 - Isidre Esteve vive su d\u00eda m\u00e1s aciago en el Dakar 2020","og_description":"Un incidente con la hierba de camello y una aver\u00eda en el alternador retrasan al piloto del Repsol Rally Team m\u00e1s de dos horas y le sit\u00faan 36\u00ba de la general.","og_url":"https:\/\/www.boxrepsol.com\/es\/rally\/isidre-esteve-dia-aciago-dakar-2020\/","og_site_name":"Box Repsol","article_publisher":"https:\/\/www.facebook.com\/BoxRepsol","article_author":"https:\/\/www.facebook.com\/BoxRepsol\/","article_published_time":"2020-01-10T02:00:00+00:00","article_modified_time":"2024-04-22T12:02:56+00:00","og_image":[{"width":1280,"height":600,"url":"https:\/\/bxrepsol.s3.eu-west-1.amazonaws.com\/static\/2022\/08\/29091152\/00_Isidre_Esteve_dakar_2020-1.jpg","type":"image\/jpeg"}],"author":"Redacci\u00f3n Box Repsol","twitter_card":"summary_large_image","twitter_creator":"@https:\/\/twitter.com\/box_repsol","twitter_site":"@box_repsol","twitter_misc":{"Written by":"Redacci\u00f3n Box Repsol","Est. reading time":"3 minutos"},"schema":{"@context":"https:\/\/schema.org","@graph":[{"@type":"Article","@id":"https:\/\/www.boxrepsol.com\/es\/rally\/isidre-esteve-dia-aciago-dakar-2020\/#article","isPartOf":{"@id":"https:\/\/www.boxrepsol.com\/es\/rally\/isidre-esteve-dia-aciago-dakar-2020\/"},"author":{"name":"Redacci\u00f3n Box Repsol","@id":"https:\/\/www.boxrepsol.com\/es\/#\/schema\/person\/c5c2138f2cca251b0ad92b7086bb60b7"},"headline":"Isidre Esteve vive su d\u00eda m\u00e1s aciago en el Dakar 2020","datePublished":"2020-01-10T02:00:00+00:00","dateModified":"2024-04-22T12:02:56+00:00","mainEntityOfPage":{"@id":"https:\/\/www.boxrepsol.com\/es\/rally\/isidre-esteve-dia-aciago-dakar-2020\/"},"wordCount":648,"commentCount":0,"publisher":{"@id":"https:\/\/www.boxrepsol.com\/es\/#organization"},"image":{"@id":"https:\/\/www.boxrepsol.com\/es\/rally\/isidre-esteve-dia-aciago-dakar-2020\/#primaryimage"},"thumbnailUrl":"https:\/\/bxrepsol.s3.eu-west-1.amazonaws.com\/static\/2022\/08\/29091152\/00_Isidre_Esteve_dakar_2020-1.jpg","keywords":["2020","Isidre Esteve","Repsol Rally Team"],"articleSection":["Rally"],"inLanguage":"es","potentialAction":[{"@type":"CommentAction","name":"Comment","target":["https:\/\/www.boxrepsol.com\/es\/rally\/isidre-esteve-dia-aciago-dakar-2020\/#respond"]}]},{"@type":"WebPage","@id":"https:\/\/www.boxrepsol.com\/es\/rally\/isidre-esteve-dia-aciago-dakar-2020\/","url":"https:\/\/www.boxrepsol.com\/es\/rally\/isidre-esteve-dia-aciago-dakar-2020\/","name":"Dakar 2020 Etapa 5 - Isidre Esteve vive su d\u00eda m\u00e1s aciago en el Dakar 2020","isPartOf":{"@id":"https:\/\/www.boxrepsol.com\/es\/#website"},"primaryImageOfPage":{"@id":"https:\/\/www.boxrepsol.com\/es\/rally\/isidre-esteve-dia-aciago-dakar-2020\/#primaryimage"},"image":{"@id":"https:\/\/www.boxrepsol.com\/es\/rally\/isidre-esteve-dia-aciago-dakar-2020\/#primaryimage"},"thumbnailUrl":"https:\/\/bxrepsol.s3.eu-west-1.amazonaws.com\/static\/2022\/08\/29091152\/00_Isidre_Esteve_dakar_2020-1.jpg","datePublished":"2020-01-10T02:00:00+00:00","dateModified":"2024-04-22T12:02:56+00:00","description":"Un incidente con la hierba de camello y una aver\u00eda en el alternador retrasan al piloto del Repsol Rally Team m\u00e1s de dos horas y le sit\u00faan 36\u00ba de la general.","breadcrumb":{"@id":"https:\/\/www.boxrepsol.com\/es\/rally\/isidre-esteve-dia-aciago-dakar-2020\/#breadcrumb"},"inLanguage":"es","potentialAction":[{"@type":"ReadAction","target":["https:\/\/www.boxrepsol.com\/es\/rally\/isidre-esteve-dia-aciago-dakar-2020\/"]}]},{"@type":"ImageObject","inLanguage":"es","@id":"https:\/\/www.boxrepsol.com\/es\/rally\/isidre-esteve-dia-aciago-dakar-2020\/#primaryimage","url":"https:\/\/bxrepsol.s3.eu-west-1.amazonaws.com\/static\/2022\/08\/29091152\/00_Isidre_Esteve_dakar_2020-1.jpg","contentUrl":"https:\/\/bxrepsol.s3.eu-west-1.amazonaws.com\/static\/2022\/08\/29091152\/00_Isidre_Esteve_dakar_2020-1.jpg","width":1280,"height":600,"caption":"Isidre Esteve conduciendo el prototipo adaptado BV6"},{"@type":"BreadcrumbList","@id":"https:\/\/www.boxrepsol.com\/es\/rally\/isidre-esteve-dia-aciago-dakar-2020\/#breadcrumb","itemListElement":[{"@type":"ListItem","position":1,"name":"Home","item":"https:\/\/www.boxrepsol.com\/es\/"},{"@type":"ListItem","position":2,"name":"Isidre Esteve vive su d\u00eda m\u00e1s aciago en el Dakar 2020"}]},{"@type":"WebSite","@id":"https:\/\/www.boxrepsol.com\/es\/#website","url":"https:\/\/www.boxrepsol.com\/es\/","name":"Box Repsol","description":"Box Repsol Site","publisher":{"@id":"https:\/\/www.boxrepsol.com\/es\/#organization"},"potentialAction":[{"@type":"SearchAction","target":{"@type":"EntryPoint","urlTemplate":"https:\/\/www.boxrepsol.com\/es\/?s={search_term_string}"},"query-input":{"@type":"PropertyValueSpecification","valueRequired":true,"valueName":"search_term_string"}}],"inLanguage":"es"},{"@type":"Organization","@id":"https:\/\/www.boxrepsol.com\/es\/#organization","name":"Box Repsol","url":"https:\/\/www.boxrepsol.com\/es\/","logo":{"@type":"ImageObject","inLanguage":"es","@id":"https:\/\/www.boxrepsol.com\/es\/#\/schema\/logo\/image\/","url":"https:\/\/bxrepsol.s3.eu-west-1.amazonaws.com\/static\/2025\/07\/30083337\/favicon-96x96-1.png","contentUrl":"https:\/\/bxrepsol.s3.eu-west-1.amazonaws.com\/static\/2025\/07\/30083337\/favicon-96x96-1.png","width":96,"height":96,"caption":"Box Repsol"},"image":{"@id":"https:\/\/www.boxrepsol.com\/es\/#\/schema\/logo\/image\/"},"sameAs":["https:\/\/www.facebook.com\/BoxRepsol","https:\/\/x.com\/box_repsol","http:\/\/instagram.com\/box_repsol","https:\/\/www.youtube.com\/user\/RepsolCompeticion","https:\/\/www.flickr.com\/photos\/box_repsol\/"]},{"@type":"Person","@id":"https:\/\/www.boxrepsol.com\/es\/#\/schema\/person\/c5c2138f2cca251b0ad92b7086bb60b7","name":"Redacci\u00f3n Box Repsol","image":{"@type":"ImageObject","inLanguage":"es","@id":"https:\/\/secure.gravatar.com\/avatar\/adf7b77e38b4419baf32c7e9c21dde01f4e40df611f0978e3006fc4ba0aaab7e?s=96&d=mm&r=g","url":"https:\/\/secure.gravatar.com\/avatar\/adf7b77e38b4419baf32c7e9c21dde01f4e40df611f0978e3006fc4ba0aaab7e?s=96&d=mm&r=g","contentUrl":"https:\/\/secure.gravatar.com\/avatar\/adf7b77e38b4419baf32c7e9c21dde01f4e40df611f0978e3006fc4ba0aaab7e?s=96&d=mm&r=g","caption":"Redacci\u00f3n Box Repsol"},"description":"Box Repsol lo forma un equipo de periodistas, community managers, dise\u00f1adores y fot\u00f3grafos con m\u00e1s de 20 a\u00f1os de experiencia en el mundo del motorsport. Hemos vivido el primer mundial de un espa\u00f1ol en la categor\u00eda reina de motociclismo con \u00c1lex Crivill\u00e9, estuvimos en las victorias de Pedrosa y los t\u00edtulos de M\u00e1rquez, acompa\u00f1amos en \u00c1frica a Nani Roma y Marc Coma en sus conquistas del Dakar y hemos vibrado con los t\u00edtulos de Toni Bou en Trial. Adem\u00e1s, en nuestro equipo contamos con expertos en el mundo de las dos y cuatro ruedas tanto de la calle y las carreteras, como de los circuitos. Periodistas que han trabajado en revistas y publicaciones para hacerte llegar desde rutas y consejos de mantenimiento, a curiosidades y trucos de pilotaje.","sameAs":["https:\/\/www.facebook.com\/BoxRepsol\/","https:\/\/www.instagram.com\/box_repsol\/","https:\/\/x.com\/https:\/\/twitter.com\/box_repsol","https:\/\/www.youtube.com\/@Boxrepsol"],"url":"https:\/\/www.boxrepsol.com\/es\/author\/redaccion-box-repsol\/"}]}},"_links":{"self":[{"href":"https:\/\/www.boxrepsol.com\/es\/wp-json\/wp\/v2\/posts\/94346","targetHints":{"allow":["GET"]}}],"collection":[{"href":"https:\/\/www.boxrepsol.com\/es\/wp-json\/wp\/v2\/posts"}],"about":[{"href":"https:\/\/www.boxrepsol.com\/es\/wp-json\/wp\/v2\/types\/post"}],"author":[{"embeddable":true,"href":"https:\/\/www.boxrepsol.com\/es\/wp-json\/wp\/v2\/users\/43146"}],"replies":[{"embeddable":true,"href":"https:\/\/www.boxrepsol.com\/es\/wp-json\/wp\/v2\/comments?post=94346"}],"version-history":[{"count":1,"href":"https:\/\/www.boxrepsol.com\/es\/wp-json\/wp\/v2\/posts\/94346\/revisions"}],"predecessor-version":[{"id":94347,"href":"https:\/\/www.boxrepsol.com\/es\/wp-json\/wp\/v2\/posts\/94346\/revisions\/94347"}],"wp:featuredmedia":[{"embeddable":true,"href":"https:\/\/www.boxrepsol.com\/es\/wp-json\/wp\/v2\/media\/63533"}],"wp:attachment":[{"href":"https:\/\/www.boxrepsol.com\/es\/wp-json\/wp\/v2\/media?parent=94346"}],"wp:term":[{"taxonomy":"category","embeddable":true,"href":"https:\/\/www.boxrepsol.com\/es\/wp-json\/wp\/v2\/categories?post=94346"},{"taxonomy":"post_tag","embeddable":true,"href":"https:\/\/www.boxrepsol.com\/es\/wp-json\/wp\/v2\/tags?post=94346"}],"curies":[{"name":"wp","href":"https:\/\/api.w.org\/{rel}","templated":true}]}}