{"id":94344,"date":"2020-01-09T00:00:00","date_gmt":"2020-01-09T02:00:00","guid":{"rendered":"http:\/\/pre.boxrepsol.com\/sin-categorizar\/todas-las-etapas-del-dakar-2020\/"},"modified":"2024-10-03T06:44:45","modified_gmt":"2024-10-03T08:44:45","slug":"todas-las-etapas-del-dakar-2020","status":"publish","type":"post","link":"https:\/\/www.boxrepsol.com\/es\/rally\/todas-las-etapas-del-dakar-2020\/","title":{"rendered":"Todas las etapas del Dakar 2020"},"content":{"rendered":"<h2>Etapa 1<\/h2>\n<p><em>\u00abHa sido un d\u00eda dif\u00edcil por los pinchazos, pero lo m\u00e1s importante es que por fin hemos entrado en competici\u00f3n y el coche funciona sin problemas\u00bb.<\/em><\/p>\n<p><!-- Imagen relacionada --><br \/>\n<img loading=\"lazy\" decoding=\"async\" src=\"https:\/\/bxrepsol.s3.eu-west-1.amazonaws.com\/static\/2022\/08\/05071444\/00_isidre_esteve_repsol_rally_Team_sodicarbv6-1.jpg\" alt=\"Isidre esteve en la primera etapa del dakar 2020\" width=\"404\" height=\"336\" \/><br \/>\n<!-- Categor\u00eda --><br \/>\nRally<br \/>\n<!-- T\u00edtulo --><\/p>\n<h3>Dos pinchazos condicionan el debut de Isidre Esteve en el Dakar 2020<\/h3>\n<p><!-- Fecha --><br \/>\nhace 1 hora<\/p>\n<h2>Etapa 2<\/h2>\n<p><em>\u00abAl principio nos cost\u00f3 encontrar el ritmo por un pinchazo y, despu\u00e9s, porque fuimos casi 130 kil\u00f3metros detr\u00e1s de tres camiones\u00bb.<\/em><\/p>\n<p><!-- Imagen relacionada --><br \/>\n<img loading=\"lazy\" decoding=\"async\" src=\"https:\/\/bxrepsol.s3.eu-west-1.amazonaws.com\/static\/2022\/08\/05071449\/00_isidre_esteve_rodando_por_terreno_con_piedras-1.jpg\" alt=\"Isidre esteve en la etapa 2 del Dakar 2020\" width=\"404\" height=\"336\" \/><br \/>\n<!-- Categor\u00eda --><br \/>\nRally<br \/>\n<!-- T\u00edtulo --><\/p>\n<h3>Isidre Esteve escala posiciones entre una nube de polvo<\/h3>\n<p><!-- Fecha --><br \/>\nhace 1 hora<\/p>\n<h2>Etapa 3<\/h2>\n<p><em>\u00abS\u00f3lo hemos sufrido los l\u00f3gicos pinchazos y alg\u00fan despiste de navegaci\u00f3n sin importancia, por lo que nuestro balance de las tres primeras etapas es positivo\u00bb.<\/em><\/p>\n<p><!-- Imagen relacionada --><br \/>\n<img loading=\"lazy\" decoding=\"async\" src=\"https:\/\/bxrepsol.s3.eu-west-1.amazonaws.com\/static\/2022\/08\/05071514\/Dakar20_E3_Isidre_Esteve_1-1.jpg\" alt=\"Isidre esteve conduce su prototipo adaptado.\" width=\"404\" height=\"336\" \/><br \/>\n<!-- Categor\u00eda --><br \/>\nRally<br \/>\n<!-- T\u00edtulo --><\/p>\n<h3>Isidre Esteve mejora, a la espera de un terreno m\u00e1s favorable<\/h3>\n<p><!-- Fecha --><br \/>\nhace 1 hora<\/p>\n<h2>Etapa 4<\/h2>\n<p><em>\u00abHoy se ha notado mucho la diferencia, hemos dado un paso adelante para aumentar la velocidad y vivir nuestra mejor etapa\u00bb.<\/em><\/p>\n<p><!-- Imagen relacionada --><br \/>\n<img loading=\"lazy\" decoding=\"async\" src=\"https:\/\/bxrepsol.s3.eu-west-1.amazonaws.com\/static\/2022\/08\/05071517\/00_isidre_esteve_repsol_rally_Team_interior_coche-1.jpg\" alt=\"Isidre Esteve compitiendo en el Dakar 2020\" width=\"404\" height=\"336\" \/><br \/>\n<!-- Categor\u00eda --><br \/>\nRally<br \/>\n<!-- T\u00edtulo --><\/p>\n<h3>Isidre Esteve completa su mejor etapa y se sit\u00faa 22\u00ba de la general<\/h3>\n<p><!-- Fecha --><br \/>\nhace 1 hora<\/p>\n<h2>Etapa 5<\/h2>\n<p><em>\u00abEs una aut\u00e9ntica l\u00e1stima porque hoy tambi\u00e9n est\u00e1bamos rodando a muy buen ritmo y pod\u00edamos haber vuelto a marcar otro buen resultado. Pero esto es el Dakar\u00bb.<\/em><\/p>\n<p><!-- Imagen relacionada --><br \/>\n<img loading=\"lazy\" decoding=\"async\" src=\"https:\/\/bxrepsol.s3.eu-west-1.amazonaws.com\/static\/2022\/08\/05071519\/00_Isidre_Esteve_dakar_2020.jpg\" alt=\"Isidre Esteve conduciendo el prototipo adaptado BV6\" width=\"404\" height=\"336\" \/><br \/>\n<!-- Categor\u00eda --><br \/>\nRally<br \/>\n<!-- T\u00edtulo --><\/p>\n<h3>Isidre Esteve vive su d\u00eda m\u00e1s aciago en el Dakar 2020<\/h3>\n<p><!-- Fecha --><br \/>\nhace 1 hora<\/p>\n<h2>Etapa 6<\/h2>\n<p><em>\u00abLas sensaciones han sido muy buenas y hemos rodado a un ritmo muy alto durante todo el d\u00eda. \u00ab<\/em><\/p>\n<p><!-- Imagen relacionada --><br \/>\n<img loading=\"lazy\" decoding=\"async\" src=\"https:\/\/bxrepsol.s3.eu-west-1.amazonaws.com\/static\/2022\/08\/05071520\/00_Dakar20_E6_Isidre_Esteve_4.jpg\" alt=\"Isidre Esteve rodando en las dunas saud\u00edes\" width=\"404\" height=\"336\" \/><br \/>\n<!-- Categor\u00eda --><br \/>\nRally<br \/>\n<!-- T\u00edtulo --><\/p>\n<h3>Isidre Esteve recupera las buenas sensaciones sobre las dunas<\/h3>\n<p><!-- Fecha --><br \/>\nhace 1 hora<\/p>\n<h2>Etapa 7<\/h2>\n<p><em>\u00abHemos tenido muchos problemas: eslingas rotas, pinchazos, enganchadas de los camiones en la arena&#8230; Una aut\u00e9ntica odisea\u201d\u00bb<\/em><\/p>\n<p><!-- Imagen relacionada --><br \/>\n<img loading=\"lazy\" decoding=\"async\" src=\"https:\/\/bxrepsol.s3.eu-west-1.amazonaws.com\/static\/2022\/08\/29091148\/00_Dakar20_E7_Isidre_Esteve_1-1.jpg\" alt=\"Isidre Esteve conduce en la arena de Arabia Saudita\" width=\"404\" height=\"336\" \/><br \/>\n<!-- Categor\u00eda --><br \/>\nRally<br \/>\n<!-- T\u00edtulo --><\/p>\n<h3>Isidre Esteve no logra completar la etapa<\/h3>\n<p><!-- Fecha --><br \/>\nhace 1 hora<\/p>\n","protected":false},"excerpt":{"rendered":"<p>Sigue a Isidre Esteve y el Repsol Rally Team en el primer Dakar asi\u00e1tico de la historia.<\/p>\n","protected":false},"author":43146,"featured_media":63529,"comment_status":"open","ping_status":"open","sticky":false,"template":"","format":"standard","meta":{"footnotes":""},"categories":[27],"tags":[191,183],"class_list":["post-94344","post","type-post","status-publish","format-standard","hentry","category-rally","tag-191","tag-repsol-rally-team"],"yoast_head":"<!-- This site is optimized with the Yoast SEO plugin v27.3 - https:\/\/yoast.com\/product\/yoast-seo-wordpress\/ -->\n<title>Todas las etapas del Dakar 2020 - Box Repsol<\/title>\n<meta name=\"description\" content=\"Sigue a Isidre Esteve y el Repsol Rally Team en el primer Dakar asi\u00e1tico de la historia.\" \/>\n<link rel=\"canonical\" href=\"https:\/\/www.boxrepsol.com\/es\/rally\/todas-las-etapas-del-dakar-2020\/\" \/>\n<meta property=\"og:locale\" content=\"es_ES\" \/>\n<meta property=\"og:type\" content=\"article\" \/>\n<meta property=\"og:title\" content=\"Todas las etapas del Dakar 2020 - Box Repsol\" \/>\n<meta property=\"og:description\" content=\"Sigue a Isidre Esteve y el Repsol Rally Team en el primer Dakar asi\u00e1tico de la historia.\" \/>\n<meta property=\"og:url\" content=\"https:\/\/www.boxrepsol.com\/es\/rally\/todas-las-etapas-del-dakar-2020\/\" \/>\n<meta property=\"og:site_name\" content=\"Box Repsol\" \/>\n<meta property=\"article:publisher\" content=\"https:\/\/www.facebook.com\/BoxRepsol\" \/>\n<meta property=\"article:author\" content=\"https:\/\/www.facebook.com\/BoxRepsol\/\" \/>\n<meta property=\"article:published_time\" content=\"2020-01-09T02:00:00+00:00\" \/>\n<meta property=\"article:modified_time\" content=\"2024-10-03T08:44:45+00:00\" \/>\n<meta property=\"og:image\" content=\"https:\/\/bxrepsol.s3.eu-west-1.amazonaws.com\/static\/2022\/08\/29091150\/00_isidre_esteve_repsolrally-team-1.jpg\" \/>\n\t<meta property=\"og:image:width\" content=\"1280\" \/>\n\t<meta property=\"og:image:height\" content=\"600\" \/>\n\t<meta property=\"og:image:type\" content=\"image\/jpeg\" \/>\n<meta name=\"author\" content=\"Redacci\u00f3n Box Repsol\" \/>\n<meta name=\"twitter:card\" content=\"summary_large_image\" \/>\n<meta name=\"twitter:creator\" content=\"@https:\/\/twitter.com\/box_repsol\" \/>\n<meta name=\"twitter:site\" content=\"@box_repsol\" \/>\n<meta name=\"twitter:label1\" content=\"Written by\" \/>\n\t<meta name=\"twitter:data1\" content=\"Redacci\u00f3n Box Repsol\" \/>\n\t<meta name=\"twitter:label2\" content=\"Est. reading time\" \/>\n\t<meta name=\"twitter:data2\" content=\"1 minuto\" \/>\n<script type=\"application\/ld+json\" class=\"yoast-schema-graph\">{\"@context\":\"https:\\\/\\\/schema.org\",\"@graph\":[{\"@type\":\"Article\",\"@id\":\"https:\\\/\\\/www.boxrepsol.com\\\/es\\\/rally\\\/todas-las-etapas-del-dakar-2020\\\/#article\",\"isPartOf\":{\"@id\":\"https:\\\/\\\/www.boxrepsol.com\\\/es\\\/rally\\\/todas-las-etapas-del-dakar-2020\\\/\"},\"author\":{\"name\":\"Redacci\u00f3n Box Repsol\",\"@id\":\"https:\\\/\\\/www.boxrepsol.com\\\/es\\\/#\\\/schema\\\/person\\\/c5c2138f2cca251b0ad92b7086bb60b7\"},\"headline\":\"Todas las etapas del Dakar 2020\",\"datePublished\":\"2020-01-09T02:00:00+00:00\",\"dateModified\":\"2024-10-03T08:44:45+00:00\",\"mainEntityOfPage\":{\"@id\":\"https:\\\/\\\/www.boxrepsol.com\\\/es\\\/rally\\\/todas-las-etapas-del-dakar-2020\\\/\"},\"wordCount\":278,\"commentCount\":0,\"publisher\":{\"@id\":\"https:\\\/\\\/www.boxrepsol.com\\\/es\\\/#organization\"},\"image\":{\"@id\":\"https:\\\/\\\/www.boxrepsol.com\\\/es\\\/rally\\\/todas-las-etapas-del-dakar-2020\\\/#primaryimage\"},\"thumbnailUrl\":\"https:\\\/\\\/bxrepsol.s3.eu-west-1.amazonaws.com\\\/static\\\/2022\\\/08\\\/29091150\\\/00_isidre_esteve_repsolrally-team-1.jpg\",\"keywords\":[\"2020\",\"Repsol Rally Team\"],\"articleSection\":[\"Rally\"],\"inLanguage\":\"es\",\"potentialAction\":[{\"@type\":\"CommentAction\",\"name\":\"Comment\",\"target\":[\"https:\\\/\\\/www.boxrepsol.com\\\/es\\\/rally\\\/todas-las-etapas-del-dakar-2020\\\/#respond\"]}]},{\"@type\":\"WebPage\",\"@id\":\"https:\\\/\\\/www.boxrepsol.com\\\/es\\\/rally\\\/todas-las-etapas-del-dakar-2020\\\/\",\"url\":\"https:\\\/\\\/www.boxrepsol.com\\\/es\\\/rally\\\/todas-las-etapas-del-dakar-2020\\\/\",\"name\":\"Todas las etapas del Dakar 2020 - Box Repsol\",\"isPartOf\":{\"@id\":\"https:\\\/\\\/www.boxrepsol.com\\\/es\\\/#website\"},\"primaryImageOfPage\":{\"@id\":\"https:\\\/\\\/www.boxrepsol.com\\\/es\\\/rally\\\/todas-las-etapas-del-dakar-2020\\\/#primaryimage\"},\"image\":{\"@id\":\"https:\\\/\\\/www.boxrepsol.com\\\/es\\\/rally\\\/todas-las-etapas-del-dakar-2020\\\/#primaryimage\"},\"thumbnailUrl\":\"https:\\\/\\\/bxrepsol.s3.eu-west-1.amazonaws.com\\\/static\\\/2022\\\/08\\\/29091150\\\/00_isidre_esteve_repsolrally-team-1.jpg\",\"datePublished\":\"2020-01-09T02:00:00+00:00\",\"dateModified\":\"2024-10-03T08:44:45+00:00\",\"description\":\"Sigue a Isidre Esteve y el Repsol Rally Team en el primer Dakar asi\u00e1tico de la historia.\",\"breadcrumb\":{\"@id\":\"https:\\\/\\\/www.boxrepsol.com\\\/es\\\/rally\\\/todas-las-etapas-del-dakar-2020\\\/#breadcrumb\"},\"inLanguage\":\"es\",\"potentialAction\":[{\"@type\":\"ReadAction\",\"target\":[\"https:\\\/\\\/www.boxrepsol.com\\\/es\\\/rally\\\/todas-las-etapas-del-dakar-2020\\\/\"]}]},{\"@type\":\"ImageObject\",\"inLanguage\":\"es\",\"@id\":\"https:\\\/\\\/www.boxrepsol.com\\\/es\\\/rally\\\/todas-las-etapas-del-dakar-2020\\\/#primaryimage\",\"url\":\"https:\\\/\\\/bxrepsol.s3.eu-west-1.amazonaws.com\\\/static\\\/2022\\\/08\\\/29091150\\\/00_isidre_esteve_repsolrally-team-1.jpg\",\"contentUrl\":\"https:\\\/\\\/bxrepsol.s3.eu-west-1.amazonaws.com\\\/static\\\/2022\\\/08\\\/29091150\\\/00_isidre_esteve_repsolrally-team-1.jpg\",\"width\":1280,\"height\":600,\"caption\":\"Isidre Esteve en el Dakar 2020\"},{\"@type\":\"BreadcrumbList\",\"@id\":\"https:\\\/\\\/www.boxrepsol.com\\\/es\\\/rally\\\/todas-las-etapas-del-dakar-2020\\\/#breadcrumb\",\"itemListElement\":[{\"@type\":\"ListItem\",\"position\":1,\"name\":\"Home\",\"item\":\"https:\\\/\\\/www.boxrepsol.com\\\/es\\\/\"},{\"@type\":\"ListItem\",\"position\":2,\"name\":\"Todas las etapas del Dakar 2020\"}]},{\"@type\":\"WebSite\",\"@id\":\"https:\\\/\\\/www.boxrepsol.com\\\/es\\\/#website\",\"url\":\"https:\\\/\\\/www.boxrepsol.com\\\/es\\\/\",\"name\":\"Box Repsol\",\"description\":\"Box Repsol Site\",\"publisher\":{\"@id\":\"https:\\\/\\\/www.boxrepsol.com\\\/es\\\/#organization\"},\"potentialAction\":[{\"@type\":\"SearchAction\",\"target\":{\"@type\":\"EntryPoint\",\"urlTemplate\":\"https:\\\/\\\/www.boxrepsol.com\\\/es\\\/?s={search_term_string}\"},\"query-input\":{\"@type\":\"PropertyValueSpecification\",\"valueRequired\":true,\"valueName\":\"search_term_string\"}}],\"inLanguage\":\"es\"},{\"@type\":\"Organization\",\"@id\":\"https:\\\/\\\/www.boxrepsol.com\\\/es\\\/#organization\",\"name\":\"Box Repsol\",\"url\":\"https:\\\/\\\/www.boxrepsol.com\\\/es\\\/\",\"logo\":{\"@type\":\"ImageObject\",\"inLanguage\":\"es\",\"@id\":\"https:\\\/\\\/www.boxrepsol.com\\\/es\\\/#\\\/schema\\\/logo\\\/image\\\/\",\"url\":\"https:\\\/\\\/bxrepsol.s3.eu-west-1.amazonaws.com\\\/static\\\/2025\\\/07\\\/30083337\\\/favicon-96x96-1.png\",\"contentUrl\":\"https:\\\/\\\/bxrepsol.s3.eu-west-1.amazonaws.com\\\/static\\\/2025\\\/07\\\/30083337\\\/favicon-96x96-1.png\",\"width\":96,\"height\":96,\"caption\":\"Box Repsol\"},\"image\":{\"@id\":\"https:\\\/\\\/www.boxrepsol.com\\\/es\\\/#\\\/schema\\\/logo\\\/image\\\/\"},\"sameAs\":[\"https:\\\/\\\/www.facebook.com\\\/BoxRepsol\",\"https:\\\/\\\/x.com\\\/box_repsol\",\"http:\\\/\\\/instagram.com\\\/box_repsol\",\"https:\\\/\\\/www.youtube.com\\\/user\\\/RepsolCompeticion\",\"https:\\\/\\\/www.flickr.com\\\/photos\\\/box_repsol\\\/\"]},{\"@type\":\"Person\",\"@id\":\"https:\\\/\\\/www.boxrepsol.com\\\/es\\\/#\\\/schema\\\/person\\\/c5c2138f2cca251b0ad92b7086bb60b7\",\"name\":\"Redacci\u00f3n Box Repsol\",\"image\":{\"@type\":\"ImageObject\",\"inLanguage\":\"es\",\"@id\":\"https:\\\/\\\/secure.gravatar.com\\\/avatar\\\/adf7b77e38b4419baf32c7e9c21dde01f4e40df611f0978e3006fc4ba0aaab7e?s=96&d=mm&r=g\",\"url\":\"https:\\\/\\\/secure.gravatar.com\\\/avatar\\\/adf7b77e38b4419baf32c7e9c21dde01f4e40df611f0978e3006fc4ba0aaab7e?s=96&d=mm&r=g\",\"contentUrl\":\"https:\\\/\\\/secure.gravatar.com\\\/avatar\\\/adf7b77e38b4419baf32c7e9c21dde01f4e40df611f0978e3006fc4ba0aaab7e?s=96&d=mm&r=g\",\"caption\":\"Redacci\u00f3n Box Repsol\"},\"description\":\"Box Repsol lo forma un equipo de periodistas, community managers, dise\u00f1adores y fot\u00f3grafos con m\u00e1s de 20 a\u00f1os de experiencia en el mundo del motorsport. Hemos vivido el primer mundial de un espa\u00f1ol en la categor\u00eda reina de motociclismo con \u00c1lex Crivill\u00e9, estuvimos en las victorias de Pedrosa y los t\u00edtulos de M\u00e1rquez, acompa\u00f1amos en \u00c1frica a Nani Roma y Marc Coma en sus conquistas del Dakar y hemos vibrado con los t\u00edtulos de Toni Bou en Trial. Adem\u00e1s, en nuestro equipo contamos con expertos en el mundo de las dos y cuatro ruedas tanto de la calle y las carreteras, como de los circuitos. Periodistas que han trabajado en revistas y publicaciones para hacerte llegar desde rutas y consejos de mantenimiento, a curiosidades y trucos de pilotaje.\",\"sameAs\":[\"https:\\\/\\\/www.facebook.com\\\/BoxRepsol\\\/\",\"https:\\\/\\\/www.instagram.com\\\/box_repsol\\\/\",\"https:\\\/\\\/x.com\\\/https:\\\/\\\/twitter.com\\\/box_repsol\",\"https:\\\/\\\/www.youtube.com\\\/@Boxrepsol\"],\"url\":\"https:\\\/\\\/www.boxrepsol.com\\\/es\\\/author\\\/redaccion-box-repsol\\\/\"}]}<\/script>\n<!-- \/ Yoast SEO plugin. -->","yoast_head_json":{"title":"Todas las etapas del Dakar 2020 - Box Repsol","description":"Sigue a Isidre Esteve y el Repsol Rally Team en el primer Dakar asi\u00e1tico de la historia.","canonical":"https:\/\/www.boxrepsol.com\/es\/rally\/todas-las-etapas-del-dakar-2020\/","og_locale":"es_ES","og_type":"article","og_title":"Todas las etapas del Dakar 2020 - Box Repsol","og_description":"Sigue a Isidre Esteve y el Repsol Rally Team en el primer Dakar asi\u00e1tico de la historia.","og_url":"https:\/\/www.boxrepsol.com\/es\/rally\/todas-las-etapas-del-dakar-2020\/","og_site_name":"Box Repsol","article_publisher":"https:\/\/www.facebook.com\/BoxRepsol","article_author":"https:\/\/www.facebook.com\/BoxRepsol\/","article_published_time":"2020-01-09T02:00:00+00:00","article_modified_time":"2024-10-03T08:44:45+00:00","og_image":[{"width":1280,"height":600,"url":"https:\/\/bxrepsol.s3.eu-west-1.amazonaws.com\/static\/2022\/08\/29091150\/00_isidre_esteve_repsolrally-team-1.jpg","type":"image\/jpeg"}],"author":"Redacci\u00f3n Box Repsol","twitter_card":"summary_large_image","twitter_creator":"@https:\/\/twitter.com\/box_repsol","twitter_site":"@box_repsol","twitter_misc":{"Written by":"Redacci\u00f3n Box Repsol","Est. reading time":"1 minuto"},"schema":{"@context":"https:\/\/schema.org","@graph":[{"@type":"Article","@id":"https:\/\/www.boxrepsol.com\/es\/rally\/todas-las-etapas-del-dakar-2020\/#article","isPartOf":{"@id":"https:\/\/www.boxrepsol.com\/es\/rally\/todas-las-etapas-del-dakar-2020\/"},"author":{"name":"Redacci\u00f3n Box Repsol","@id":"https:\/\/www.boxrepsol.com\/es\/#\/schema\/person\/c5c2138f2cca251b0ad92b7086bb60b7"},"headline":"Todas las etapas del Dakar 2020","datePublished":"2020-01-09T02:00:00+00:00","dateModified":"2024-10-03T08:44:45+00:00","mainEntityOfPage":{"@id":"https:\/\/www.boxrepsol.com\/es\/rally\/todas-las-etapas-del-dakar-2020\/"},"wordCount":278,"commentCount":0,"publisher":{"@id":"https:\/\/www.boxrepsol.com\/es\/#organization"},"image":{"@id":"https:\/\/www.boxrepsol.com\/es\/rally\/todas-las-etapas-del-dakar-2020\/#primaryimage"},"thumbnailUrl":"https:\/\/bxrepsol.s3.eu-west-1.amazonaws.com\/static\/2022\/08\/29091150\/00_isidre_esteve_repsolrally-team-1.jpg","keywords":["2020","Repsol Rally Team"],"articleSection":["Rally"],"inLanguage":"es","potentialAction":[{"@type":"CommentAction","name":"Comment","target":["https:\/\/www.boxrepsol.com\/es\/rally\/todas-las-etapas-del-dakar-2020\/#respond"]}]},{"@type":"WebPage","@id":"https:\/\/www.boxrepsol.com\/es\/rally\/todas-las-etapas-del-dakar-2020\/","url":"https:\/\/www.boxrepsol.com\/es\/rally\/todas-las-etapas-del-dakar-2020\/","name":"Todas las etapas del Dakar 2020 - Box Repsol","isPartOf":{"@id":"https:\/\/www.boxrepsol.com\/es\/#website"},"primaryImageOfPage":{"@id":"https:\/\/www.boxrepsol.com\/es\/rally\/todas-las-etapas-del-dakar-2020\/#primaryimage"},"image":{"@id":"https:\/\/www.boxrepsol.com\/es\/rally\/todas-las-etapas-del-dakar-2020\/#primaryimage"},"thumbnailUrl":"https:\/\/bxrepsol.s3.eu-west-1.amazonaws.com\/static\/2022\/08\/29091150\/00_isidre_esteve_repsolrally-team-1.jpg","datePublished":"2020-01-09T02:00:00+00:00","dateModified":"2024-10-03T08:44:45+00:00","description":"Sigue a Isidre Esteve y el Repsol Rally Team en el primer Dakar asi\u00e1tico de la historia.","breadcrumb":{"@id":"https:\/\/www.boxrepsol.com\/es\/rally\/todas-las-etapas-del-dakar-2020\/#breadcrumb"},"inLanguage":"es","potentialAction":[{"@type":"ReadAction","target":["https:\/\/www.boxrepsol.com\/es\/rally\/todas-las-etapas-del-dakar-2020\/"]}]},{"@type":"ImageObject","inLanguage":"es","@id":"https:\/\/www.boxrepsol.com\/es\/rally\/todas-las-etapas-del-dakar-2020\/#primaryimage","url":"https:\/\/bxrepsol.s3.eu-west-1.amazonaws.com\/static\/2022\/08\/29091150\/00_isidre_esteve_repsolrally-team-1.jpg","contentUrl":"https:\/\/bxrepsol.s3.eu-west-1.amazonaws.com\/static\/2022\/08\/29091150\/00_isidre_esteve_repsolrally-team-1.jpg","width":1280,"height":600,"caption":"Isidre Esteve en el Dakar 2020"},{"@type":"BreadcrumbList","@id":"https:\/\/www.boxrepsol.com\/es\/rally\/todas-las-etapas-del-dakar-2020\/#breadcrumb","itemListElement":[{"@type":"ListItem","position":1,"name":"Home","item":"https:\/\/www.boxrepsol.com\/es\/"},{"@type":"ListItem","position":2,"name":"Todas las etapas del Dakar 2020"}]},{"@type":"WebSite","@id":"https:\/\/www.boxrepsol.com\/es\/#website","url":"https:\/\/www.boxrepsol.com\/es\/","name":"Box Repsol","description":"Box Repsol Site","publisher":{"@id":"https:\/\/www.boxrepsol.com\/es\/#organization"},"potentialAction":[{"@type":"SearchAction","target":{"@type":"EntryPoint","urlTemplate":"https:\/\/www.boxrepsol.com\/es\/?s={search_term_string}"},"query-input":{"@type":"PropertyValueSpecification","valueRequired":true,"valueName":"search_term_string"}}],"inLanguage":"es"},{"@type":"Organization","@id":"https:\/\/www.boxrepsol.com\/es\/#organization","name":"Box Repsol","url":"https:\/\/www.boxrepsol.com\/es\/","logo":{"@type":"ImageObject","inLanguage":"es","@id":"https:\/\/www.boxrepsol.com\/es\/#\/schema\/logo\/image\/","url":"https:\/\/bxrepsol.s3.eu-west-1.amazonaws.com\/static\/2025\/07\/30083337\/favicon-96x96-1.png","contentUrl":"https:\/\/bxrepsol.s3.eu-west-1.amazonaws.com\/static\/2025\/07\/30083337\/favicon-96x96-1.png","width":96,"height":96,"caption":"Box Repsol"},"image":{"@id":"https:\/\/www.boxrepsol.com\/es\/#\/schema\/logo\/image\/"},"sameAs":["https:\/\/www.facebook.com\/BoxRepsol","https:\/\/x.com\/box_repsol","http:\/\/instagram.com\/box_repsol","https:\/\/www.youtube.com\/user\/RepsolCompeticion","https:\/\/www.flickr.com\/photos\/box_repsol\/"]},{"@type":"Person","@id":"https:\/\/www.boxrepsol.com\/es\/#\/schema\/person\/c5c2138f2cca251b0ad92b7086bb60b7","name":"Redacci\u00f3n Box Repsol","image":{"@type":"ImageObject","inLanguage":"es","@id":"https:\/\/secure.gravatar.com\/avatar\/adf7b77e38b4419baf32c7e9c21dde01f4e40df611f0978e3006fc4ba0aaab7e?s=96&d=mm&r=g","url":"https:\/\/secure.gravatar.com\/avatar\/adf7b77e38b4419baf32c7e9c21dde01f4e40df611f0978e3006fc4ba0aaab7e?s=96&d=mm&r=g","contentUrl":"https:\/\/secure.gravatar.com\/avatar\/adf7b77e38b4419baf32c7e9c21dde01f4e40df611f0978e3006fc4ba0aaab7e?s=96&d=mm&r=g","caption":"Redacci\u00f3n Box Repsol"},"description":"Box Repsol lo forma un equipo de periodistas, community managers, dise\u00f1adores y fot\u00f3grafos con m\u00e1s de 20 a\u00f1os de experiencia en el mundo del motorsport. Hemos vivido el primer mundial de un espa\u00f1ol en la categor\u00eda reina de motociclismo con \u00c1lex Crivill\u00e9, estuvimos en las victorias de Pedrosa y los t\u00edtulos de M\u00e1rquez, acompa\u00f1amos en \u00c1frica a Nani Roma y Marc Coma en sus conquistas del Dakar y hemos vibrado con los t\u00edtulos de Toni Bou en Trial. Adem\u00e1s, en nuestro equipo contamos con expertos en el mundo de las dos y cuatro ruedas tanto de la calle y las carreteras, como de los circuitos. Periodistas que han trabajado en revistas y publicaciones para hacerte llegar desde rutas y consejos de mantenimiento, a curiosidades y trucos de pilotaje.","sameAs":["https:\/\/www.facebook.com\/BoxRepsol\/","https:\/\/www.instagram.com\/box_repsol\/","https:\/\/x.com\/https:\/\/twitter.com\/box_repsol","https:\/\/www.youtube.com\/@Boxrepsol"],"url":"https:\/\/www.boxrepsol.com\/es\/author\/redaccion-box-repsol\/"}]}},"_links":{"self":[{"href":"https:\/\/www.boxrepsol.com\/es\/wp-json\/wp\/v2\/posts\/94344","targetHints":{"allow":["GET"]}}],"collection":[{"href":"https:\/\/www.boxrepsol.com\/es\/wp-json\/wp\/v2\/posts"}],"about":[{"href":"https:\/\/www.boxrepsol.com\/es\/wp-json\/wp\/v2\/types\/post"}],"author":[{"embeddable":true,"href":"https:\/\/www.boxrepsol.com\/es\/wp-json\/wp\/v2\/users\/43146"}],"replies":[{"embeddable":true,"href":"https:\/\/www.boxrepsol.com\/es\/wp-json\/wp\/v2\/comments?post=94344"}],"version-history":[{"count":2,"href":"https:\/\/www.boxrepsol.com\/es\/wp-json\/wp\/v2\/posts\/94344\/revisions"}],"predecessor-version":[{"id":120305,"href":"https:\/\/www.boxrepsol.com\/es\/wp-json\/wp\/v2\/posts\/94344\/revisions\/120305"}],"wp:featuredmedia":[{"embeddable":true,"href":"https:\/\/www.boxrepsol.com\/es\/wp-json\/wp\/v2\/media\/63529"}],"wp:attachment":[{"href":"https:\/\/www.boxrepsol.com\/es\/wp-json\/wp\/v2\/media?parent=94344"}],"wp:term":[{"taxonomy":"category","embeddable":true,"href":"https:\/\/www.boxrepsol.com\/es\/wp-json\/wp\/v2\/categories?post=94344"},{"taxonomy":"post_tag","embeddable":true,"href":"https:\/\/www.boxrepsol.com\/es\/wp-json\/wp\/v2\/tags?post=94344"}],"curies":[{"name":"wp","href":"https:\/\/api.w.org\/{rel}","templated":true}]}}