{"id":94342,"date":"2020-01-09T00:00:00","date_gmt":"2020-01-09T02:00:00","guid":{"rendered":"http:\/\/pre.boxrepsol.com\/sin-categorizar\/isidre-esteve-completa-mejor-etapa-se-situa-22o-la-general\/"},"modified":"2023-02-24T10:40:04","modified_gmt":"2023-02-24T12:40:04","slug":"isidre-esteve-completa-mejor-etapa-se-situa-22o-la-general","status":"publish","type":"post","link":"https:\/\/www.boxrepsol.com\/es\/rally\/isidre-esteve-completa-mejor-etapa-se-situa-22o-la-general\/","title":{"rendered":"Isidre Esteve completa su mejor etapa y se sit\u00faa 22\u00ba de la general"},"content":{"rendered":"<p><strong>Cuanto m\u00e1s dif\u00edcil es el reto, mejor para el incombustible Isidre Esteve<\/strong>. Este mi\u00e9rcoles, el ilerdense ha protagonizado su actuaci\u00f3n parcial m\u00e1s brillante del Dakar 2020. Y lo ha hecho, precisamente, en la especial m\u00e1s larga y exigente de las disputadas hasta la fecha. <strong>Su destacado 24\u00ba lugar final catapulta al Repsol Rally Team hasta el 22\u00ba de la general<\/strong>.<\/p>\n<p>La cuarta etapa ha transcurrido entre Neom y Al Ula, con un total de 672 kil\u00f3metros, de los que 453 eran cronometrados. <strong>Isidre Esteve y su inseparable copiloto Txema Villalobos han vivido su primer d\u00eda \u2018limpio\u2019 del Dakar saud\u00ed <\/strong>y a un buen ritmo a bordo de su prototipo BV6 con los mandos adaptados en el volante por Guidosimplex.<\/p>\n<p><em>\u201cAyer detectamos un peque\u00f1o problema t\u00e9cnico en el coche y el equipo hizo un gran trabajo durante la noche para solucionarlo en el campamento. Hoy se ha notado mucho la diferencia, hemos dado un paso adelante para aumentar la velocidad y vivir nuestra mejor etapa\u201d<\/em>, desvelaba el de Oliana.<\/p>\n<p><a href=\"https:\/\/bxrepsol.s3.eu-west-1.amazonaws.com\/static\/2022\/08\/05071513\/00_isidre_Esteve_arena_rocas_dakar.jpg\" \n   title=\"Isidre esteve durante la cuarta etapa del Dakar 2020\" \n   data-gallery-thumbnail=\"https:\/\/bxrepsol.s3.eu-west-1.amazonaws.com\/static\/2022\/08\/05071513\/00_isidre_Esteve_arena_rocas_dakar.jpg\"\n   data-gallery-title=\"\"\n   data-gallery><\/p>\n<figure>\n        <picture style=\"padding-bottom: 66.666666666667%; background-image: url(https:\/\/bxrepsol.s3.eu-west-1.amazonaws.com\/static\/2022\/08\/05071513\/00_isidre_Esteve_arena_rocas_dakar.jpg);\">\n            <img decoding=\"async\" src=\"https:\/\/bxrepsol.s3.eu-west-1.amazonaws.com\/static\/2022\/08\/05071513\/00_isidre_Esteve_arena_rocas_dakar.jpg\"><br \/>\n            <img itemprop=\"image\"\n                data-srcset=\"https:\/\/bxrepsol.s3.eu-west-1.amazonaws.com\/static\/2022\/08\/05071513\/00_isidre_Esteve_arena_rocas_dakar.jpg 480w, https:\/\/bxrepsol.s3.eu-west-1.amazonaws.com\/static\/2022\/08\/05071513\/00_isidre_Esteve_arena_rocas_dakar.jpg 600w, https:\/\/bxrepsol.s3.eu-west-1.amazonaws.com\/static\/2022\/08\/05071513\/00_isidre_Esteve_arena_rocas_dakar.jpg 900w\"\n                data-src=\"https:\/\/bxrepsol.s3.eu-west-1.amazonaws.com\/static\/2022\/08\/05071513\/00_isidre_Esteve_arena_rocas_dakar.jpg\"\n                alt=\"Isidre esteve durante la cuarta etapa del Dakar 2020\"\n                title=\"Isidre Esteve recorre un tramo de arena y rocas\"\/><br \/>\n            <noscript><img decoding=\"async\" src=\"https:\/\/bxrepsol.s3.eu-west-1.amazonaws.com\/static\/2022\/08\/05071513\/00_isidre_Esteve_arena_rocas_dakar.jpg\" alt=\"Isidre esteve durante la cuarta etapa del Dakar 2020\"><\/noscript>\n        <\/picture><figcaption>Isidre esteve durante la cuarta etapa del Dakar 2020<\/figcaption><\/figure>\n<p><\/a><\/p>\n<p><strong>Ese progreso les ha permitido disfrutar de una jornada muy positiva, sin pinchazos, y a un ritmo superior.<\/strong> <em>\u201cEstamos muy contentos con nuestro rendimiento en la especial m\u00e1s dura de las que llevamos en Arabia Saud\u00ed, con polvo, piedras, mucho fesh-fesh y arena. Al principio rodamos varios coches casi en tren porque no hab\u00eda sitio para adelantar, pero en la parte final la pista se ha abierto y hemos podido pasar a varios rivales. Adem\u00e1s, Txema ha navegado muy bien en las zonas m\u00e1s complicadas, para redondear un d\u00eda muy positivo\u201d<\/em>, resum\u00eda Isidre Esteve con satisfacci\u00f3n.<\/p>\n<p>Su tiempo final de 5 horas, 4 minutos y 56 segundos le ha otorgado la 26\u00aa plaza de la etapa, a poco m\u00e1s de una hora del ganador, el franc\u00e9s St\u00e9phane Peterhansel. <strong>En la general, el Repsol Rally Team escala hasta el 22\u00ba lugar en coches y se mantiene sexto de la categor\u00eda T1.2<\/strong>, reservada a los todoterreno 4&#215;4 di\u00e9sel modificados. Isidre Esteve ya es el tercer mejor espa\u00f1ol clasificado, tras Carlos Sainz y Fernando Alonso.<\/p>\n<p>Ma\u00f1ana jueves, <strong>las dunas ser\u00e1n protagonistas por primera vez en este desconocido Dakar.<\/strong> La quinta etapa, desde Al Ula hasta Ha\u2019il, tendr\u00e1 564 kil\u00f3metros, entre los 353 de especial y los 211 de enlace. A priori, un terreno m\u00e1s favorable a las caracter\u00edsticas de pilotaje de Isidre Esteve, que intentar\u00e1 seguir progresando en esta dura primera semana de competici\u00f3n. <em>\u201cEstamos cumpliendo con nuestros objetivos iniciales: gestionar bien la carrera, conservar la mec\u00e1nica y no cometer errores. Vamos en la buena direcci\u00f3n\u201d<\/em>, concluye.<\/p>\n<p>                <!-- Imagen relacionada --><br \/>\n        <img loading=\"lazy\" decoding=\"async\" width=\"404\" height=\"336\" src=\"https:\/\/bxrepsol.s3.eu-west-1.amazonaws.com\/static\/2022\/08\/05071514\/Dakar20_E3_Isidre_Esteve_1-1.jpg\" alt=\"Isidre esteve conduce su prototipo adaptado.\" \/><br \/>\n                <!-- Categor\u00eda --><br \/>\n            Rally<br \/>\n        <!-- T\u00edtulo --><br \/>\n        <a href=\"https:\/\/www.boxrepsol.com\/es\/rally\/isidre-esteve-mejora-la-espera-terreno-mas-favorable\/\"><\/p>\n<h3>Isidre Esteve mejora, a la espera de un terreno m\u00e1s favorable<\/h3>\n<p>        <\/a><br \/>\n                    <!-- Fecha --><br \/>\n            hace 1 hora<\/p>\n","protected":false},"excerpt":{"rendered":"<p>El piloto del Repsol Rally Team supera con muy buena nota la jornada m\u00e1s dura del Dakar 2020 hasta el momento, y ya es el tercer mejor espa\u00f1ol en coches.<\/p>\n","protected":false},"author":1,"featured_media":63521,"comment_status":"open","ping_status":"open","sticky":false,"template":"","format":"standard","meta":{"footnotes":""},"categories":[27],"tags":[191,29,183],"class_list":["post-94342","post","type-post","status-publish","format-standard","hentry","category-rally","tag-191","tag-isidre-esteve","tag-repsol-rally-team"],"yoast_head":"<!-- This site is optimized with the Yoast SEO plugin v27.3 - https:\/\/yoast.com\/product\/yoast-seo-wordpress\/ -->\n<title>Dakar 2020 Etapa 4 - Isidre Esteve completa su mejor etapa y se sit\u00faa 22\u00ba de la general<\/title>\n<meta name=\"description\" content=\"El piloto del Repsol Rally Team supera con muy buena nota la jornada m\u00e1s dura del Dakar 2020 hasta el momento, y ya es el tercer mejor espa\u00f1ol en coches.\" \/>\n<link rel=\"canonical\" href=\"https:\/\/www.boxrepsol.com\/es\/rally\/isidre-esteve-completa-mejor-etapa-se-situa-22o-la-general\/\" \/>\n<meta property=\"og:locale\" content=\"es_ES\" \/>\n<meta property=\"og:type\" content=\"article\" \/>\n<meta property=\"og:title\" content=\"Dakar 2020 Etapa 4 - Isidre Esteve completa su mejor etapa y se sit\u00faa 22\u00ba de la general\" \/>\n<meta property=\"og:description\" content=\"El piloto del Repsol Rally Team supera con muy buena nota la jornada m\u00e1s dura del Dakar 2020 hasta el momento, y ya es el tercer mejor espa\u00f1ol en coches.\" \/>\n<meta property=\"og:url\" content=\"https:\/\/www.boxrepsol.com\/es\/rally\/isidre-esteve-completa-mejor-etapa-se-situa-22o-la-general\/\" \/>\n<meta property=\"og:site_name\" content=\"Box Repsol\" \/>\n<meta property=\"article:publisher\" content=\"https:\/\/www.facebook.com\/BoxRepsol\" \/>\n<meta property=\"article:published_time\" content=\"2020-01-09T02:00:00+00:00\" \/>\n<meta property=\"article:modified_time\" content=\"2023-02-24T12:40:04+00:00\" \/>\n<meta property=\"og:image\" content=\"https:\/\/bxrepsol.s3.eu-west-1.amazonaws.com\/static\/2022\/08\/29091145\/00_isidre_esteve_repsol_rally_Team_interior_coche.jpg\" \/>\n\t<meta property=\"og:image:width\" content=\"1280\" \/>\n\t<meta property=\"og:image:height\" content=\"600\" \/>\n\t<meta property=\"og:image:type\" content=\"image\/jpeg\" \/>\n<meta name=\"author\" content=\"bx_ayesa\" \/>\n<meta name=\"twitter:card\" content=\"summary_large_image\" \/>\n<meta name=\"twitter:creator\" content=\"@box_repsol\" \/>\n<meta name=\"twitter:site\" content=\"@box_repsol\" \/>\n<meta name=\"twitter:label1\" content=\"Written by\" \/>\n\t<meta name=\"twitter:data1\" content=\"bx_ayesa\" \/>\n\t<meta name=\"twitter:label2\" content=\"Est. reading time\" \/>\n\t<meta name=\"twitter:data2\" content=\"2 minutos\" \/>\n<script type=\"application\/ld+json\" class=\"yoast-schema-graph\">{\"@context\":\"https:\\\/\\\/schema.org\",\"@graph\":[{\"@type\":\"Article\",\"@id\":\"https:\\\/\\\/www.boxrepsol.com\\\/es\\\/rally\\\/isidre-esteve-completa-mejor-etapa-se-situa-22o-la-general\\\/#article\",\"isPartOf\":{\"@id\":\"https:\\\/\\\/www.boxrepsol.com\\\/es\\\/rally\\\/isidre-esteve-completa-mejor-etapa-se-situa-22o-la-general\\\/\"},\"author\":{\"name\":\"bx_ayesa\",\"@id\":\"https:\\\/\\\/www.boxrepsol.com\\\/es\\\/#\\\/schema\\\/person\\\/d9d0f442a4332c7d099d31ffda4747a0\"},\"headline\":\"Isidre Esteve completa su mejor etapa y se sit\u00faa 22\u00ba de la general\",\"datePublished\":\"2020-01-09T02:00:00+00:00\",\"dateModified\":\"2023-02-24T12:40:04+00:00\",\"mainEntityOfPage\":{\"@id\":\"https:\\\/\\\/www.boxrepsol.com\\\/es\\\/rally\\\/isidre-esteve-completa-mejor-etapa-se-situa-22o-la-general\\\/\"},\"wordCount\":477,\"commentCount\":0,\"publisher\":{\"@id\":\"https:\\\/\\\/www.boxrepsol.com\\\/es\\\/#organization\"},\"image\":{\"@id\":\"https:\\\/\\\/www.boxrepsol.com\\\/es\\\/rally\\\/isidre-esteve-completa-mejor-etapa-se-situa-22o-la-general\\\/#primaryimage\"},\"thumbnailUrl\":\"https:\\\/\\\/bxrepsol.s3.eu-west-1.amazonaws.com\\\/static\\\/2022\\\/08\\\/29091145\\\/00_isidre_esteve_repsol_rally_Team_interior_coche.jpg\",\"keywords\":[\"2020\",\"Isidre Esteve\",\"Repsol Rally Team\"],\"articleSection\":[\"Rally\"],\"inLanguage\":\"es\",\"potentialAction\":[{\"@type\":\"CommentAction\",\"name\":\"Comment\",\"target\":[\"https:\\\/\\\/www.boxrepsol.com\\\/es\\\/rally\\\/isidre-esteve-completa-mejor-etapa-se-situa-22o-la-general\\\/#respond\"]}]},{\"@type\":\"WebPage\",\"@id\":\"https:\\\/\\\/www.boxrepsol.com\\\/es\\\/rally\\\/isidre-esteve-completa-mejor-etapa-se-situa-22o-la-general\\\/\",\"url\":\"https:\\\/\\\/www.boxrepsol.com\\\/es\\\/rally\\\/isidre-esteve-completa-mejor-etapa-se-situa-22o-la-general\\\/\",\"name\":\"Dakar 2020 Etapa 4 - Isidre Esteve completa su mejor etapa y se sit\u00faa 22\u00ba de la general\",\"isPartOf\":{\"@id\":\"https:\\\/\\\/www.boxrepsol.com\\\/es\\\/#website\"},\"primaryImageOfPage\":{\"@id\":\"https:\\\/\\\/www.boxrepsol.com\\\/es\\\/rally\\\/isidre-esteve-completa-mejor-etapa-se-situa-22o-la-general\\\/#primaryimage\"},\"image\":{\"@id\":\"https:\\\/\\\/www.boxrepsol.com\\\/es\\\/rally\\\/isidre-esteve-completa-mejor-etapa-se-situa-22o-la-general\\\/#primaryimage\"},\"thumbnailUrl\":\"https:\\\/\\\/bxrepsol.s3.eu-west-1.amazonaws.com\\\/static\\\/2022\\\/08\\\/29091145\\\/00_isidre_esteve_repsol_rally_Team_interior_coche.jpg\",\"datePublished\":\"2020-01-09T02:00:00+00:00\",\"dateModified\":\"2023-02-24T12:40:04+00:00\",\"description\":\"El piloto del Repsol Rally Team supera con muy buena nota la jornada m\u00e1s dura del Dakar 2020 hasta el momento, y ya es el tercer mejor espa\u00f1ol en coches.\",\"breadcrumb\":{\"@id\":\"https:\\\/\\\/www.boxrepsol.com\\\/es\\\/rally\\\/isidre-esteve-completa-mejor-etapa-se-situa-22o-la-general\\\/#breadcrumb\"},\"inLanguage\":\"es\",\"potentialAction\":[{\"@type\":\"ReadAction\",\"target\":[\"https:\\\/\\\/www.boxrepsol.com\\\/es\\\/rally\\\/isidre-esteve-completa-mejor-etapa-se-situa-22o-la-general\\\/\"]}]},{\"@type\":\"ImageObject\",\"inLanguage\":\"es\",\"@id\":\"https:\\\/\\\/www.boxrepsol.com\\\/es\\\/rally\\\/isidre-esteve-completa-mejor-etapa-se-situa-22o-la-general\\\/#primaryimage\",\"url\":\"https:\\\/\\\/bxrepsol.s3.eu-west-1.amazonaws.com\\\/static\\\/2022\\\/08\\\/29091145\\\/00_isidre_esteve_repsol_rally_Team_interior_coche.jpg\",\"contentUrl\":\"https:\\\/\\\/bxrepsol.s3.eu-west-1.amazonaws.com\\\/static\\\/2022\\\/08\\\/29091145\\\/00_isidre_esteve_repsol_rally_Team_interior_coche.jpg\",\"width\":1280,\"height\":600,\"caption\":\"Isidre Esteve compitiendo en el Dakar 2020\"},{\"@type\":\"BreadcrumbList\",\"@id\":\"https:\\\/\\\/www.boxrepsol.com\\\/es\\\/rally\\\/isidre-esteve-completa-mejor-etapa-se-situa-22o-la-general\\\/#breadcrumb\",\"itemListElement\":[{\"@type\":\"ListItem\",\"position\":1,\"name\":\"Home\",\"item\":\"https:\\\/\\\/www.boxrepsol.com\\\/es\\\/\"},{\"@type\":\"ListItem\",\"position\":2,\"name\":\"Isidre Esteve completa su mejor etapa y se sit\u00faa 22\u00ba de la general\"}]},{\"@type\":\"WebSite\",\"@id\":\"https:\\\/\\\/www.boxrepsol.com\\\/es\\\/#website\",\"url\":\"https:\\\/\\\/www.boxrepsol.com\\\/es\\\/\",\"name\":\"Box Repsol\",\"description\":\"Box Repsol Site\",\"publisher\":{\"@id\":\"https:\\\/\\\/www.boxrepsol.com\\\/es\\\/#organization\"},\"potentialAction\":[{\"@type\":\"SearchAction\",\"target\":{\"@type\":\"EntryPoint\",\"urlTemplate\":\"https:\\\/\\\/www.boxrepsol.com\\\/es\\\/?s={search_term_string}\"},\"query-input\":{\"@type\":\"PropertyValueSpecification\",\"valueRequired\":true,\"valueName\":\"search_term_string\"}}],\"inLanguage\":\"es\"},{\"@type\":\"Organization\",\"@id\":\"https:\\\/\\\/www.boxrepsol.com\\\/es\\\/#organization\",\"name\":\"Box Repsol\",\"url\":\"https:\\\/\\\/www.boxrepsol.com\\\/es\\\/\",\"logo\":{\"@type\":\"ImageObject\",\"inLanguage\":\"es\",\"@id\":\"https:\\\/\\\/www.boxrepsol.com\\\/es\\\/#\\\/schema\\\/logo\\\/image\\\/\",\"url\":\"https:\\\/\\\/bxrepsol.s3.eu-west-1.amazonaws.com\\\/static\\\/2025\\\/07\\\/30083337\\\/favicon-96x96-1.png\",\"contentUrl\":\"https:\\\/\\\/bxrepsol.s3.eu-west-1.amazonaws.com\\\/static\\\/2025\\\/07\\\/30083337\\\/favicon-96x96-1.png\",\"width\":96,\"height\":96,\"caption\":\"Box Repsol\"},\"image\":{\"@id\":\"https:\\\/\\\/www.boxrepsol.com\\\/es\\\/#\\\/schema\\\/logo\\\/image\\\/\"},\"sameAs\":[\"https:\\\/\\\/www.facebook.com\\\/BoxRepsol\",\"https:\\\/\\\/x.com\\\/box_repsol\",\"http:\\\/\\\/instagram.com\\\/box_repsol\",\"https:\\\/\\\/www.youtube.com\\\/user\\\/RepsolCompeticion\",\"https:\\\/\\\/www.flickr.com\\\/photos\\\/box_repsol\\\/\"]},{\"@type\":\"Person\",\"@id\":\"https:\\\/\\\/www.boxrepsol.com\\\/es\\\/#\\\/schema\\\/person\\\/d9d0f442a4332c7d099d31ffda4747a0\",\"name\":\"bx_ayesa\",\"image\":{\"@type\":\"ImageObject\",\"inLanguage\":\"es\",\"@id\":\"https:\\\/\\\/secure.gravatar.com\\\/avatar\\\/059e1b9d3585083708845ba70e8dd968f143ff35f5e0e10cf2d1e7afe2c6a878?s=96&d=mm&r=g\",\"url\":\"https:\\\/\\\/secure.gravatar.com\\\/avatar\\\/059e1b9d3585083708845ba70e8dd968f143ff35f5e0e10cf2d1e7afe2c6a878?s=96&d=mm&r=g\",\"contentUrl\":\"https:\\\/\\\/secure.gravatar.com\\\/avatar\\\/059e1b9d3585083708845ba70e8dd968f143ff35f5e0e10cf2d1e7afe2c6a878?s=96&d=mm&r=g\",\"caption\":\"bx_ayesa\"},\"sameAs\":[\"http:\\\/\\\/54.155.157.200\"],\"url\":\"https:\\\/\\\/www.boxrepsol.com\\\/es\\\/author\\\/bx_ayesa\\\/\"}]}<\/script>\n<!-- \/ Yoast SEO plugin. -->","yoast_head_json":{"title":"Dakar 2020 Etapa 4 - Isidre Esteve completa su mejor etapa y se sit\u00faa 22\u00ba de la general","description":"El piloto del Repsol Rally Team supera con muy buena nota la jornada m\u00e1s dura del Dakar 2020 hasta el momento, y ya es el tercer mejor espa\u00f1ol en coches.","canonical":"https:\/\/www.boxrepsol.com\/es\/rally\/isidre-esteve-completa-mejor-etapa-se-situa-22o-la-general\/","og_locale":"es_ES","og_type":"article","og_title":"Dakar 2020 Etapa 4 - Isidre Esteve completa su mejor etapa y se sit\u00faa 22\u00ba de la general","og_description":"El piloto del Repsol Rally Team supera con muy buena nota la jornada m\u00e1s dura del Dakar 2020 hasta el momento, y ya es el tercer mejor espa\u00f1ol en coches.","og_url":"https:\/\/www.boxrepsol.com\/es\/rally\/isidre-esteve-completa-mejor-etapa-se-situa-22o-la-general\/","og_site_name":"Box Repsol","article_publisher":"https:\/\/www.facebook.com\/BoxRepsol","article_published_time":"2020-01-09T02:00:00+00:00","article_modified_time":"2023-02-24T12:40:04+00:00","og_image":[{"width":1280,"height":600,"url":"https:\/\/bxrepsol.s3.eu-west-1.amazonaws.com\/static\/2022\/08\/29091145\/00_isidre_esteve_repsol_rally_Team_interior_coche.jpg","type":"image\/jpeg"}],"author":"bx_ayesa","twitter_card":"summary_large_image","twitter_creator":"@box_repsol","twitter_site":"@box_repsol","twitter_misc":{"Written by":"bx_ayesa","Est. reading time":"2 minutos"},"schema":{"@context":"https:\/\/schema.org","@graph":[{"@type":"Article","@id":"https:\/\/www.boxrepsol.com\/es\/rally\/isidre-esteve-completa-mejor-etapa-se-situa-22o-la-general\/#article","isPartOf":{"@id":"https:\/\/www.boxrepsol.com\/es\/rally\/isidre-esteve-completa-mejor-etapa-se-situa-22o-la-general\/"},"author":{"name":"bx_ayesa","@id":"https:\/\/www.boxrepsol.com\/es\/#\/schema\/person\/d9d0f442a4332c7d099d31ffda4747a0"},"headline":"Isidre Esteve completa su mejor etapa y se sit\u00faa 22\u00ba de la general","datePublished":"2020-01-09T02:00:00+00:00","dateModified":"2023-02-24T12:40:04+00:00","mainEntityOfPage":{"@id":"https:\/\/www.boxrepsol.com\/es\/rally\/isidre-esteve-completa-mejor-etapa-se-situa-22o-la-general\/"},"wordCount":477,"commentCount":0,"publisher":{"@id":"https:\/\/www.boxrepsol.com\/es\/#organization"},"image":{"@id":"https:\/\/www.boxrepsol.com\/es\/rally\/isidre-esteve-completa-mejor-etapa-se-situa-22o-la-general\/#primaryimage"},"thumbnailUrl":"https:\/\/bxrepsol.s3.eu-west-1.amazonaws.com\/static\/2022\/08\/29091145\/00_isidre_esteve_repsol_rally_Team_interior_coche.jpg","keywords":["2020","Isidre Esteve","Repsol Rally Team"],"articleSection":["Rally"],"inLanguage":"es","potentialAction":[{"@type":"CommentAction","name":"Comment","target":["https:\/\/www.boxrepsol.com\/es\/rally\/isidre-esteve-completa-mejor-etapa-se-situa-22o-la-general\/#respond"]}]},{"@type":"WebPage","@id":"https:\/\/www.boxrepsol.com\/es\/rally\/isidre-esteve-completa-mejor-etapa-se-situa-22o-la-general\/","url":"https:\/\/www.boxrepsol.com\/es\/rally\/isidre-esteve-completa-mejor-etapa-se-situa-22o-la-general\/","name":"Dakar 2020 Etapa 4 - Isidre Esteve completa su mejor etapa y se sit\u00faa 22\u00ba de la general","isPartOf":{"@id":"https:\/\/www.boxrepsol.com\/es\/#website"},"primaryImageOfPage":{"@id":"https:\/\/www.boxrepsol.com\/es\/rally\/isidre-esteve-completa-mejor-etapa-se-situa-22o-la-general\/#primaryimage"},"image":{"@id":"https:\/\/www.boxrepsol.com\/es\/rally\/isidre-esteve-completa-mejor-etapa-se-situa-22o-la-general\/#primaryimage"},"thumbnailUrl":"https:\/\/bxrepsol.s3.eu-west-1.amazonaws.com\/static\/2022\/08\/29091145\/00_isidre_esteve_repsol_rally_Team_interior_coche.jpg","datePublished":"2020-01-09T02:00:00+00:00","dateModified":"2023-02-24T12:40:04+00:00","description":"El piloto del Repsol Rally Team supera con muy buena nota la jornada m\u00e1s dura del Dakar 2020 hasta el momento, y ya es el tercer mejor espa\u00f1ol en coches.","breadcrumb":{"@id":"https:\/\/www.boxrepsol.com\/es\/rally\/isidre-esteve-completa-mejor-etapa-se-situa-22o-la-general\/#breadcrumb"},"inLanguage":"es","potentialAction":[{"@type":"ReadAction","target":["https:\/\/www.boxrepsol.com\/es\/rally\/isidre-esteve-completa-mejor-etapa-se-situa-22o-la-general\/"]}]},{"@type":"ImageObject","inLanguage":"es","@id":"https:\/\/www.boxrepsol.com\/es\/rally\/isidre-esteve-completa-mejor-etapa-se-situa-22o-la-general\/#primaryimage","url":"https:\/\/bxrepsol.s3.eu-west-1.amazonaws.com\/static\/2022\/08\/29091145\/00_isidre_esteve_repsol_rally_Team_interior_coche.jpg","contentUrl":"https:\/\/bxrepsol.s3.eu-west-1.amazonaws.com\/static\/2022\/08\/29091145\/00_isidre_esteve_repsol_rally_Team_interior_coche.jpg","width":1280,"height":600,"caption":"Isidre Esteve compitiendo en el Dakar 2020"},{"@type":"BreadcrumbList","@id":"https:\/\/www.boxrepsol.com\/es\/rally\/isidre-esteve-completa-mejor-etapa-se-situa-22o-la-general\/#breadcrumb","itemListElement":[{"@type":"ListItem","position":1,"name":"Home","item":"https:\/\/www.boxrepsol.com\/es\/"},{"@type":"ListItem","position":2,"name":"Isidre Esteve completa su mejor etapa y se sit\u00faa 22\u00ba de la general"}]},{"@type":"WebSite","@id":"https:\/\/www.boxrepsol.com\/es\/#website","url":"https:\/\/www.boxrepsol.com\/es\/","name":"Box Repsol","description":"Box Repsol Site","publisher":{"@id":"https:\/\/www.boxrepsol.com\/es\/#organization"},"potentialAction":[{"@type":"SearchAction","target":{"@type":"EntryPoint","urlTemplate":"https:\/\/www.boxrepsol.com\/es\/?s={search_term_string}"},"query-input":{"@type":"PropertyValueSpecification","valueRequired":true,"valueName":"search_term_string"}}],"inLanguage":"es"},{"@type":"Organization","@id":"https:\/\/www.boxrepsol.com\/es\/#organization","name":"Box Repsol","url":"https:\/\/www.boxrepsol.com\/es\/","logo":{"@type":"ImageObject","inLanguage":"es","@id":"https:\/\/www.boxrepsol.com\/es\/#\/schema\/logo\/image\/","url":"https:\/\/bxrepsol.s3.eu-west-1.amazonaws.com\/static\/2025\/07\/30083337\/favicon-96x96-1.png","contentUrl":"https:\/\/bxrepsol.s3.eu-west-1.amazonaws.com\/static\/2025\/07\/30083337\/favicon-96x96-1.png","width":96,"height":96,"caption":"Box Repsol"},"image":{"@id":"https:\/\/www.boxrepsol.com\/es\/#\/schema\/logo\/image\/"},"sameAs":["https:\/\/www.facebook.com\/BoxRepsol","https:\/\/x.com\/box_repsol","http:\/\/instagram.com\/box_repsol","https:\/\/www.youtube.com\/user\/RepsolCompeticion","https:\/\/www.flickr.com\/photos\/box_repsol\/"]},{"@type":"Person","@id":"https:\/\/www.boxrepsol.com\/es\/#\/schema\/person\/d9d0f442a4332c7d099d31ffda4747a0","name":"bx_ayesa","image":{"@type":"ImageObject","inLanguage":"es","@id":"https:\/\/secure.gravatar.com\/avatar\/059e1b9d3585083708845ba70e8dd968f143ff35f5e0e10cf2d1e7afe2c6a878?s=96&d=mm&r=g","url":"https:\/\/secure.gravatar.com\/avatar\/059e1b9d3585083708845ba70e8dd968f143ff35f5e0e10cf2d1e7afe2c6a878?s=96&d=mm&r=g","contentUrl":"https:\/\/secure.gravatar.com\/avatar\/059e1b9d3585083708845ba70e8dd968f143ff35f5e0e10cf2d1e7afe2c6a878?s=96&d=mm&r=g","caption":"bx_ayesa"},"sameAs":["http:\/\/54.155.157.200"],"url":"https:\/\/www.boxrepsol.com\/es\/author\/bx_ayesa\/"}]}},"_links":{"self":[{"href":"https:\/\/www.boxrepsol.com\/es\/wp-json\/wp\/v2\/posts\/94342","targetHints":{"allow":["GET"]}}],"collection":[{"href":"https:\/\/www.boxrepsol.com\/es\/wp-json\/wp\/v2\/posts"}],"about":[{"href":"https:\/\/www.boxrepsol.com\/es\/wp-json\/wp\/v2\/types\/post"}],"author":[{"embeddable":true,"href":"https:\/\/www.boxrepsol.com\/es\/wp-json\/wp\/v2\/users\/1"}],"replies":[{"embeddable":true,"href":"https:\/\/www.boxrepsol.com\/es\/wp-json\/wp\/v2\/comments?post=94342"}],"version-history":[{"count":2,"href":"https:\/\/www.boxrepsol.com\/es\/wp-json\/wp\/v2\/posts\/94342\/revisions"}],"predecessor-version":[{"id":115206,"href":"https:\/\/www.boxrepsol.com\/es\/wp-json\/wp\/v2\/posts\/94342\/revisions\/115206"}],"wp:featuredmedia":[{"embeddable":true,"href":"https:\/\/www.boxrepsol.com\/es\/wp-json\/wp\/v2\/media\/63521"}],"wp:attachment":[{"href":"https:\/\/www.boxrepsol.com\/es\/wp-json\/wp\/v2\/media?parent=94342"}],"wp:term":[{"taxonomy":"category","embeddable":true,"href":"https:\/\/www.boxrepsol.com\/es\/wp-json\/wp\/v2\/categories?post=94342"},{"taxonomy":"post_tag","embeddable":true,"href":"https:\/\/www.boxrepsol.com\/es\/wp-json\/wp\/v2\/tags?post=94342"}],"curies":[{"name":"wp","href":"https:\/\/api.w.org\/{rel}","templated":true}]}}