{"id":94338,"date":"2020-01-07T00:00:00","date_gmt":"2020-01-07T02:00:00","guid":{"rendered":"http:\/\/pre.boxrepsol.com\/sin-categorizar\/isidre-esteve-mejora-la-espera-terreno-mas-favorable\/"},"modified":"2024-04-22T10:12:09","modified_gmt":"2024-04-22T12:12:09","slug":"isidre-esteve-mejora-la-espera-terreno-mas-favorable","status":"publish","type":"post","link":"https:\/\/www.boxrepsol.com\/es\/rally\/isidre-esteve-mejora-la-espera-terreno-mas-favorable\/","title":{"rendered":"Isidre Esteve mejora, a la espera de un terreno m\u00e1s favorable"},"content":{"rendered":"<p>Isidre Esteve est\u00e1 superando con buena nota este rapid\u00edsimo arranque de Dakar 2020 y <strong>mantiene el tipo frente a rivales con coches m\u00e1s r\u00e1pidos<\/strong>. Tras finalizar 34\u00ba este martes en otra etapa poco propicia para las caracter\u00edsticas de su prototipo BV6,<strong> el piloto del Repsol Rally Team ya figura en el top 30 de la general y sexto clasificado de la categor\u00eda T1.2<\/strong> (todoterreno 4&#215;4 di\u00e9sel modificados).<\/p>\n<p><em>\u201cTodo el mundo est\u00e1 corriendo mucho estos primeros d\u00edas y eso no nos favorece, aunque podemos estar contentos de seguir avanzando sin problemas mec\u00e1nicos. S\u00f3lo hemos sufrido los l\u00f3gicos pinchazos y alg\u00fan despiste de navegaci\u00f3n sin importancia, por lo que nuestro balance de las tres primeras etapas es positivo\u201d<\/em>, valoraba Isidre Esteve a su llegada al campamento de Neom.<\/p>\n<p>Con anterioridad, el de Oliana hab\u00eda tenido que completar, junto al copiloto Txema Villalobos, otra exigente especial de 414 kil\u00f3metros, con dos neutralizaciones de 30 minutos. <em>\u201cLa etapa ha sido incre\u00edblemente bonita, con tres partes muy distintas. La primera, muy r\u00e1pida en la que hemos vuelto a tragar mucho polvo hasta adelantar a varios buggys y camiones; la segunda, con arena y por ca\u00f1ones espectaculares, en la que rodamos a buen ritmo; y la tercera, m\u00e1s monta\u00f1osa, con r\u00edos secos por los que era dif\u00edcil navegar\u201d<\/em>, resum\u00eda.<\/p>\n<p><a href=\"https:\/\/bxrepsol.s3.eu-west-1.amazonaws.com\/static\/2022\/08\/05071448\/00_isidre_esteve_repsol_rally_team_dunas.jpg\" \n   title=\"Isidre Esteve conduce su coche de rally por las dunas\" \n   data-gallery-thumbnail=\"https:\/\/bxrepsol.s3.eu-west-1.amazonaws.com\/static\/2022\/08\/05071448\/00_isidre_esteve_repsol_rally_team_dunas.jpg\"\n   data-gallery-title=\"\"\n   data-gallery><\/p>\n<figure>\n        <picture style=\"padding-bottom: 66.638441998307%; background-image: url(https:\/\/bxrepsol.s3.eu-west-1.amazonaws.com\/static\/2022\/08\/05071448\/00_isidre_esteve_repsol_rally_team_dunas.jpg);\">\n            <img decoding=\"async\" src=\"https:\/\/bxrepsol.s3.eu-west-1.amazonaws.com\/static\/2022\/08\/05071448\/00_isidre_esteve_repsol_rally_team_dunas.jpg\"><br \/>\n            <img itemprop=\"image\"\n                data-srcset=\"https:\/\/bxrepsol.s3.eu-west-1.amazonaws.com\/static\/2022\/08\/05071448\/00_isidre_esteve_repsol_rally_team_dunas.jpg 480w, https:\/\/bxrepsol.s3.eu-west-1.amazonaws.com\/static\/2022\/08\/05071448\/00_isidre_esteve_repsol_rally_team_dunas.jpg 600w, https:\/\/bxrepsol.s3.eu-west-1.amazonaws.com\/static\/2022\/08\/05071448\/00_isidre_esteve_repsol_rally_team_dunas.jpg 900w\"\n                data-src=\"https:\/\/bxrepsol.s3.eu-west-1.amazonaws.com\/static\/2022\/08\/05071448\/00_isidre_esteve_repsol_rally_team_dunas.jpg\"\n                alt=\"Isidre Esteve conduce su coche de rally por las dunas\"\n                title=\"Isidre Esteve pasando por una zona de Dunas en la tercera etapa del Rally Dakar 2020\"\/><br \/>\n            <noscript><img decoding=\"async\" src=\"https:\/\/bxrepsol.s3.eu-west-1.amazonaws.com\/static\/2022\/08\/05071448\/00_isidre_esteve_repsol_rally_team_dunas.jpg\" alt=\"Isidre Esteve conduce su coche de rally por las dunas\"><\/noscript>\n        <\/picture><figcaption>Isidre Esteve conduce su coche de rally por las dunas<\/figcaption><\/figure>\n<p><\/a><\/p>\n<p>En esa tercera parte ha sido donde el Repsol Rally Team ha sufrido los dos contratiempos m\u00e1s rese\u00f1ables del d\u00eda.<em> \u201cA 50 kil\u00f3metros de meta hemos pinchado una rueda y, poco despu\u00e9s, nos hemos extraviado en una zona de r\u00edos secos con otros participantes que tampoco encontraban la salida. Ha sido un momento de cierto caos, aunque por suerte no hemos perdido demasiado tiempo\u201d<\/em>, explicaba Isidre Esteve.<\/p>\n<p>De hecho, el ilerdense ha salido bastante airoso de ese punto cr\u00edtico e incluso ha recuperado algunas posiciones, al llegar a la meta con un tiempo de 4 horas, 46 minutos y 11 segundos.  <strong>En el acumulado, ya suma 13 horas, 35 minutos y 51 segundos, tiempo que le sit\u00faa 30\u00ba de la general<\/strong>, cerrando un grupo de 10 pilotos distanciados por menos de una hora.<\/p>\n<p>Esas ajustadas diferencias permiten ser optimista a Isidre Esteve de cara a las pr\u00f3ximas etapas: <em>\u201cEstamos disfrutando mucho de un recorrido espectacular, aunque ya tenemos ganas de que lleguen las especiales m\u00e1s lentas, con dunas y navegaci\u00f3n, que nos beneficiar\u00e1n porque la velocidad no marcar\u00e1 tanto la diferencia. Ser\u00e1 importante llegar lo mejor situado a esa parte de carrera m\u00e1s favorable para nosotros\u201d<\/em>.<\/p>\n<p>El piloto del Repsol Rally Team deber\u00e1 esperar todav\u00eda un poco m\u00e1s, puesto que el mi\u00e9rcoles <strong>las dunas volver\u00e1n a brillar por su ausencia<\/strong>, durante la cuarta etapa entre Neom y Al Ula. Los participantes deber\u00e1n superar la friolera de 672 kil\u00f3metros, de los cuales 453 ser\u00e1n cronometrados.<\/p>\n<p>                <!-- Imagen relacionada --><br \/>\n        <img loading=\"lazy\" decoding=\"async\" width=\"404\" height=\"336\" src=\"https:\/\/bxrepsol.s3.eu-west-1.amazonaws.com\/static\/2022\/08\/05071449\/00_isidre_esteve_rodando_por_terreno_con_piedras-1.jpg\" alt=\"Isidre esteve en la etapa 2 del Dakar 2020\" \/><br \/>\n                <!-- Categor\u00eda --><br \/>\n            Rally<br \/>\n        <!-- T\u00edtulo --><br \/>\n        <a href=\"https:\/\/www.boxrepsol.com\/es\/rally\/isidre-esteve-escala-posiciones-una-nube-polvo\/\"><\/p>\n<h3>Isidre Esteve escala posiciones entre una nube de polvo<\/h3>\n<p>        <\/a><br \/>\n                    <!-- Fecha --><br \/>\n            hace 1 hora<\/p>\n","protected":false},"excerpt":{"rendered":"<p>El del Repsol Rally Team se clasifica en 34\u00aa posici\u00f3n y escala hasta la 30\u00aa de la general.<\/p>\n","protected":false},"author":43146,"featured_media":63473,"comment_status":"open","ping_status":"open","sticky":false,"template":"","format":"standard","meta":{"footnotes":""},"categories":[27],"tags":[191,29,183],"class_list":["post-94338","post","type-post","status-publish","format-standard","hentry","category-rally","tag-191","tag-isidre-esteve","tag-repsol-rally-team"],"yoast_head":"<!-- This site is optimized with the Yoast SEO plugin v27.3 - https:\/\/yoast.com\/product\/yoast-seo-wordpress\/ -->\n<title>Dakar 2020 Etapa 3 - Isidre Esteve mejora, a la espera de un terreno m\u00e1s favorable<\/title>\n<meta name=\"description\" content=\"El del Repsol Rally Team se clasifica en 34\u00aa posici\u00f3n y escala hasta la 30\u00aa de la general.\" \/>\n<link rel=\"canonical\" href=\"https:\/\/www.boxrepsol.com\/es\/rally\/isidre-esteve-mejora-la-espera-terreno-mas-favorable\/\" \/>\n<meta property=\"og:locale\" content=\"es_ES\" \/>\n<meta property=\"og:type\" content=\"article\" \/>\n<meta property=\"og:title\" content=\"Dakar 2020 Etapa 3 - Isidre Esteve mejora, a la espera de un terreno m\u00e1s favorable\" \/>\n<meta property=\"og:description\" content=\"El del Repsol Rally Team se clasifica en 34\u00aa posici\u00f3n y escala hasta la 30\u00aa de la general.\" \/>\n<meta property=\"og:url\" content=\"https:\/\/www.boxrepsol.com\/es\/rally\/isidre-esteve-mejora-la-espera-terreno-mas-favorable\/\" \/>\n<meta property=\"og:site_name\" content=\"Box Repsol\" \/>\n<meta property=\"article:publisher\" content=\"https:\/\/www.facebook.com\/BoxRepsol\" \/>\n<meta property=\"article:author\" content=\"https:\/\/www.facebook.com\/BoxRepsol\/\" \/>\n<meta property=\"article:published_time\" content=\"2020-01-07T02:00:00+00:00\" \/>\n<meta property=\"article:modified_time\" content=\"2024-04-22T12:12:09+00:00\" \/>\n<meta property=\"og:image\" content=\"https:\/\/bxrepsol.s3.eu-west-1.amazonaws.com\/static\/2022\/08\/29091118\/Dakar20_E3_Isidre_Esteve_1.jpg\" \/>\n\t<meta property=\"og:image:width\" content=\"1280\" \/>\n\t<meta property=\"og:image:height\" content=\"600\" \/>\n\t<meta property=\"og:image:type\" content=\"image\/jpeg\" \/>\n<meta name=\"author\" content=\"Redacci\u00f3n Box Repsol\" \/>\n<meta name=\"twitter:card\" content=\"summary_large_image\" \/>\n<meta name=\"twitter:creator\" content=\"@https:\/\/twitter.com\/box_repsol\" \/>\n<meta name=\"twitter:site\" content=\"@box_repsol\" \/>\n<meta name=\"twitter:label1\" content=\"Written by\" \/>\n\t<meta name=\"twitter:data1\" content=\"Redacci\u00f3n Box Repsol\" \/>\n\t<meta name=\"twitter:label2\" content=\"Est. reading time\" \/>\n\t<meta name=\"twitter:data2\" content=\"3 minutos\" \/>\n<script type=\"application\/ld+json\" class=\"yoast-schema-graph\">{\"@context\":\"https:\\\/\\\/schema.org\",\"@graph\":[{\"@type\":\"Article\",\"@id\":\"https:\\\/\\\/www.boxrepsol.com\\\/es\\\/rally\\\/isidre-esteve-mejora-la-espera-terreno-mas-favorable\\\/#article\",\"isPartOf\":{\"@id\":\"https:\\\/\\\/www.boxrepsol.com\\\/es\\\/rally\\\/isidre-esteve-mejora-la-espera-terreno-mas-favorable\\\/\"},\"author\":{\"name\":\"Redacci\u00f3n Box Repsol\",\"@id\":\"https:\\\/\\\/www.boxrepsol.com\\\/es\\\/#\\\/schema\\\/person\\\/c5c2138f2cca251b0ad92b7086bb60b7\"},\"headline\":\"Isidre Esteve mejora, a la espera de un terreno m\u00e1s favorable\",\"datePublished\":\"2020-01-07T02:00:00+00:00\",\"dateModified\":\"2024-04-22T12:12:09+00:00\",\"mainEntityOfPage\":{\"@id\":\"https:\\\/\\\/www.boxrepsol.com\\\/es\\\/rally\\\/isidre-esteve-mejora-la-espera-terreno-mas-favorable\\\/\"},\"wordCount\":517,\"commentCount\":0,\"publisher\":{\"@id\":\"https:\\\/\\\/www.boxrepsol.com\\\/es\\\/#organization\"},\"image\":{\"@id\":\"https:\\\/\\\/www.boxrepsol.com\\\/es\\\/rally\\\/isidre-esteve-mejora-la-espera-terreno-mas-favorable\\\/#primaryimage\"},\"thumbnailUrl\":\"https:\\\/\\\/bxrepsol.s3.eu-west-1.amazonaws.com\\\/static\\\/2022\\\/08\\\/29091118\\\/Dakar20_E3_Isidre_Esteve_1.jpg\",\"keywords\":[\"2020\",\"Isidre Esteve\",\"Repsol Rally Team\"],\"articleSection\":[\"Rally\"],\"inLanguage\":\"es\",\"potentialAction\":[{\"@type\":\"CommentAction\",\"name\":\"Comment\",\"target\":[\"https:\\\/\\\/www.boxrepsol.com\\\/es\\\/rally\\\/isidre-esteve-mejora-la-espera-terreno-mas-favorable\\\/#respond\"]}]},{\"@type\":\"WebPage\",\"@id\":\"https:\\\/\\\/www.boxrepsol.com\\\/es\\\/rally\\\/isidre-esteve-mejora-la-espera-terreno-mas-favorable\\\/\",\"url\":\"https:\\\/\\\/www.boxrepsol.com\\\/es\\\/rally\\\/isidre-esteve-mejora-la-espera-terreno-mas-favorable\\\/\",\"name\":\"Dakar 2020 Etapa 3 - Isidre Esteve mejora, a la espera de un terreno m\u00e1s favorable\",\"isPartOf\":{\"@id\":\"https:\\\/\\\/www.boxrepsol.com\\\/es\\\/#website\"},\"primaryImageOfPage\":{\"@id\":\"https:\\\/\\\/www.boxrepsol.com\\\/es\\\/rally\\\/isidre-esteve-mejora-la-espera-terreno-mas-favorable\\\/#primaryimage\"},\"image\":{\"@id\":\"https:\\\/\\\/www.boxrepsol.com\\\/es\\\/rally\\\/isidre-esteve-mejora-la-espera-terreno-mas-favorable\\\/#primaryimage\"},\"thumbnailUrl\":\"https:\\\/\\\/bxrepsol.s3.eu-west-1.amazonaws.com\\\/static\\\/2022\\\/08\\\/29091118\\\/Dakar20_E3_Isidre_Esteve_1.jpg\",\"datePublished\":\"2020-01-07T02:00:00+00:00\",\"dateModified\":\"2024-04-22T12:12:09+00:00\",\"description\":\"El del Repsol Rally Team se clasifica en 34\u00aa posici\u00f3n y escala hasta la 30\u00aa de la general.\",\"breadcrumb\":{\"@id\":\"https:\\\/\\\/www.boxrepsol.com\\\/es\\\/rally\\\/isidre-esteve-mejora-la-espera-terreno-mas-favorable\\\/#breadcrumb\"},\"inLanguage\":\"es\",\"potentialAction\":[{\"@type\":\"ReadAction\",\"target\":[\"https:\\\/\\\/www.boxrepsol.com\\\/es\\\/rally\\\/isidre-esteve-mejora-la-espera-terreno-mas-favorable\\\/\"]}]},{\"@type\":\"ImageObject\",\"inLanguage\":\"es\",\"@id\":\"https:\\\/\\\/www.boxrepsol.com\\\/es\\\/rally\\\/isidre-esteve-mejora-la-espera-terreno-mas-favorable\\\/#primaryimage\",\"url\":\"https:\\\/\\\/bxrepsol.s3.eu-west-1.amazonaws.com\\\/static\\\/2022\\\/08\\\/29091118\\\/Dakar20_E3_Isidre_Esteve_1.jpg\",\"contentUrl\":\"https:\\\/\\\/bxrepsol.s3.eu-west-1.amazonaws.com\\\/static\\\/2022\\\/08\\\/29091118\\\/Dakar20_E3_Isidre_Esteve_1.jpg\",\"width\":1280,\"height\":600,\"caption\":\"Isidre esteve conduce su prototipo adaptado.\"},{\"@type\":\"BreadcrumbList\",\"@id\":\"https:\\\/\\\/www.boxrepsol.com\\\/es\\\/rally\\\/isidre-esteve-mejora-la-espera-terreno-mas-favorable\\\/#breadcrumb\",\"itemListElement\":[{\"@type\":\"ListItem\",\"position\":1,\"name\":\"Home\",\"item\":\"https:\\\/\\\/www.boxrepsol.com\\\/es\\\/\"},{\"@type\":\"ListItem\",\"position\":2,\"name\":\"Isidre Esteve mejora, a la espera de un terreno m\u00e1s favorable\"}]},{\"@type\":\"WebSite\",\"@id\":\"https:\\\/\\\/www.boxrepsol.com\\\/es\\\/#website\",\"url\":\"https:\\\/\\\/www.boxrepsol.com\\\/es\\\/\",\"name\":\"Box Repsol\",\"description\":\"Box Repsol Site\",\"publisher\":{\"@id\":\"https:\\\/\\\/www.boxrepsol.com\\\/es\\\/#organization\"},\"potentialAction\":[{\"@type\":\"SearchAction\",\"target\":{\"@type\":\"EntryPoint\",\"urlTemplate\":\"https:\\\/\\\/www.boxrepsol.com\\\/es\\\/?s={search_term_string}\"},\"query-input\":{\"@type\":\"PropertyValueSpecification\",\"valueRequired\":true,\"valueName\":\"search_term_string\"}}],\"inLanguage\":\"es\"},{\"@type\":\"Organization\",\"@id\":\"https:\\\/\\\/www.boxrepsol.com\\\/es\\\/#organization\",\"name\":\"Box Repsol\",\"url\":\"https:\\\/\\\/www.boxrepsol.com\\\/es\\\/\",\"logo\":{\"@type\":\"ImageObject\",\"inLanguage\":\"es\",\"@id\":\"https:\\\/\\\/www.boxrepsol.com\\\/es\\\/#\\\/schema\\\/logo\\\/image\\\/\",\"url\":\"https:\\\/\\\/bxrepsol.s3.eu-west-1.amazonaws.com\\\/static\\\/2025\\\/07\\\/30083337\\\/favicon-96x96-1.png\",\"contentUrl\":\"https:\\\/\\\/bxrepsol.s3.eu-west-1.amazonaws.com\\\/static\\\/2025\\\/07\\\/30083337\\\/favicon-96x96-1.png\",\"width\":96,\"height\":96,\"caption\":\"Box Repsol\"},\"image\":{\"@id\":\"https:\\\/\\\/www.boxrepsol.com\\\/es\\\/#\\\/schema\\\/logo\\\/image\\\/\"},\"sameAs\":[\"https:\\\/\\\/www.facebook.com\\\/BoxRepsol\",\"https:\\\/\\\/x.com\\\/box_repsol\",\"http:\\\/\\\/instagram.com\\\/box_repsol\",\"https:\\\/\\\/www.youtube.com\\\/user\\\/RepsolCompeticion\",\"https:\\\/\\\/www.flickr.com\\\/photos\\\/box_repsol\\\/\"]},{\"@type\":\"Person\",\"@id\":\"https:\\\/\\\/www.boxrepsol.com\\\/es\\\/#\\\/schema\\\/person\\\/c5c2138f2cca251b0ad92b7086bb60b7\",\"name\":\"Redacci\u00f3n Box Repsol\",\"image\":{\"@type\":\"ImageObject\",\"inLanguage\":\"es\",\"@id\":\"https:\\\/\\\/secure.gravatar.com\\\/avatar\\\/adf7b77e38b4419baf32c7e9c21dde01f4e40df611f0978e3006fc4ba0aaab7e?s=96&d=mm&r=g\",\"url\":\"https:\\\/\\\/secure.gravatar.com\\\/avatar\\\/adf7b77e38b4419baf32c7e9c21dde01f4e40df611f0978e3006fc4ba0aaab7e?s=96&d=mm&r=g\",\"contentUrl\":\"https:\\\/\\\/secure.gravatar.com\\\/avatar\\\/adf7b77e38b4419baf32c7e9c21dde01f4e40df611f0978e3006fc4ba0aaab7e?s=96&d=mm&r=g\",\"caption\":\"Redacci\u00f3n Box Repsol\"},\"description\":\"Box Repsol lo forma un equipo de periodistas, community managers, dise\u00f1adores y fot\u00f3grafos con m\u00e1s de 20 a\u00f1os de experiencia en el mundo del motorsport. Hemos vivido el primer mundial de un espa\u00f1ol en la categor\u00eda reina de motociclismo con \u00c1lex Crivill\u00e9, estuvimos en las victorias de Pedrosa y los t\u00edtulos de M\u00e1rquez, acompa\u00f1amos en \u00c1frica a Nani Roma y Marc Coma en sus conquistas del Dakar y hemos vibrado con los t\u00edtulos de Toni Bou en Trial. Adem\u00e1s, en nuestro equipo contamos con expertos en el mundo de las dos y cuatro ruedas tanto de la calle y las carreteras, como de los circuitos. Periodistas que han trabajado en revistas y publicaciones para hacerte llegar desde rutas y consejos de mantenimiento, a curiosidades y trucos de pilotaje.\",\"sameAs\":[\"https:\\\/\\\/www.facebook.com\\\/BoxRepsol\\\/\",\"https:\\\/\\\/www.instagram.com\\\/box_repsol\\\/\",\"https:\\\/\\\/x.com\\\/https:\\\/\\\/twitter.com\\\/box_repsol\",\"https:\\\/\\\/www.youtube.com\\\/@Boxrepsol\"],\"url\":\"https:\\\/\\\/www.boxrepsol.com\\\/es\\\/author\\\/redaccion-box-repsol\\\/\"}]}<\/script>\n<!-- \/ Yoast SEO plugin. -->","yoast_head_json":{"title":"Dakar 2020 Etapa 3 - Isidre Esteve mejora, a la espera de un terreno m\u00e1s favorable","description":"El del Repsol Rally Team se clasifica en 34\u00aa posici\u00f3n y escala hasta la 30\u00aa de la general.","canonical":"https:\/\/www.boxrepsol.com\/es\/rally\/isidre-esteve-mejora-la-espera-terreno-mas-favorable\/","og_locale":"es_ES","og_type":"article","og_title":"Dakar 2020 Etapa 3 - Isidre Esteve mejora, a la espera de un terreno m\u00e1s favorable","og_description":"El del Repsol Rally Team se clasifica en 34\u00aa posici\u00f3n y escala hasta la 30\u00aa de la general.","og_url":"https:\/\/www.boxrepsol.com\/es\/rally\/isidre-esteve-mejora-la-espera-terreno-mas-favorable\/","og_site_name":"Box Repsol","article_publisher":"https:\/\/www.facebook.com\/BoxRepsol","article_author":"https:\/\/www.facebook.com\/BoxRepsol\/","article_published_time":"2020-01-07T02:00:00+00:00","article_modified_time":"2024-04-22T12:12:09+00:00","og_image":[{"width":1280,"height":600,"url":"https:\/\/bxrepsol.s3.eu-west-1.amazonaws.com\/static\/2022\/08\/29091118\/Dakar20_E3_Isidre_Esteve_1.jpg","type":"image\/jpeg"}],"author":"Redacci\u00f3n Box Repsol","twitter_card":"summary_large_image","twitter_creator":"@https:\/\/twitter.com\/box_repsol","twitter_site":"@box_repsol","twitter_misc":{"Written by":"Redacci\u00f3n Box Repsol","Est. reading time":"3 minutos"},"schema":{"@context":"https:\/\/schema.org","@graph":[{"@type":"Article","@id":"https:\/\/www.boxrepsol.com\/es\/rally\/isidre-esteve-mejora-la-espera-terreno-mas-favorable\/#article","isPartOf":{"@id":"https:\/\/www.boxrepsol.com\/es\/rally\/isidre-esteve-mejora-la-espera-terreno-mas-favorable\/"},"author":{"name":"Redacci\u00f3n Box Repsol","@id":"https:\/\/www.boxrepsol.com\/es\/#\/schema\/person\/c5c2138f2cca251b0ad92b7086bb60b7"},"headline":"Isidre Esteve mejora, a la espera de un terreno m\u00e1s favorable","datePublished":"2020-01-07T02:00:00+00:00","dateModified":"2024-04-22T12:12:09+00:00","mainEntityOfPage":{"@id":"https:\/\/www.boxrepsol.com\/es\/rally\/isidre-esteve-mejora-la-espera-terreno-mas-favorable\/"},"wordCount":517,"commentCount":0,"publisher":{"@id":"https:\/\/www.boxrepsol.com\/es\/#organization"},"image":{"@id":"https:\/\/www.boxrepsol.com\/es\/rally\/isidre-esteve-mejora-la-espera-terreno-mas-favorable\/#primaryimage"},"thumbnailUrl":"https:\/\/bxrepsol.s3.eu-west-1.amazonaws.com\/static\/2022\/08\/29091118\/Dakar20_E3_Isidre_Esteve_1.jpg","keywords":["2020","Isidre Esteve","Repsol Rally Team"],"articleSection":["Rally"],"inLanguage":"es","potentialAction":[{"@type":"CommentAction","name":"Comment","target":["https:\/\/www.boxrepsol.com\/es\/rally\/isidre-esteve-mejora-la-espera-terreno-mas-favorable\/#respond"]}]},{"@type":"WebPage","@id":"https:\/\/www.boxrepsol.com\/es\/rally\/isidre-esteve-mejora-la-espera-terreno-mas-favorable\/","url":"https:\/\/www.boxrepsol.com\/es\/rally\/isidre-esteve-mejora-la-espera-terreno-mas-favorable\/","name":"Dakar 2020 Etapa 3 - Isidre Esteve mejora, a la espera de un terreno m\u00e1s favorable","isPartOf":{"@id":"https:\/\/www.boxrepsol.com\/es\/#website"},"primaryImageOfPage":{"@id":"https:\/\/www.boxrepsol.com\/es\/rally\/isidre-esteve-mejora-la-espera-terreno-mas-favorable\/#primaryimage"},"image":{"@id":"https:\/\/www.boxrepsol.com\/es\/rally\/isidre-esteve-mejora-la-espera-terreno-mas-favorable\/#primaryimage"},"thumbnailUrl":"https:\/\/bxrepsol.s3.eu-west-1.amazonaws.com\/static\/2022\/08\/29091118\/Dakar20_E3_Isidre_Esteve_1.jpg","datePublished":"2020-01-07T02:00:00+00:00","dateModified":"2024-04-22T12:12:09+00:00","description":"El del Repsol Rally Team se clasifica en 34\u00aa posici\u00f3n y escala hasta la 30\u00aa de la general.","breadcrumb":{"@id":"https:\/\/www.boxrepsol.com\/es\/rally\/isidre-esteve-mejora-la-espera-terreno-mas-favorable\/#breadcrumb"},"inLanguage":"es","potentialAction":[{"@type":"ReadAction","target":["https:\/\/www.boxrepsol.com\/es\/rally\/isidre-esteve-mejora-la-espera-terreno-mas-favorable\/"]}]},{"@type":"ImageObject","inLanguage":"es","@id":"https:\/\/www.boxrepsol.com\/es\/rally\/isidre-esteve-mejora-la-espera-terreno-mas-favorable\/#primaryimage","url":"https:\/\/bxrepsol.s3.eu-west-1.amazonaws.com\/static\/2022\/08\/29091118\/Dakar20_E3_Isidre_Esteve_1.jpg","contentUrl":"https:\/\/bxrepsol.s3.eu-west-1.amazonaws.com\/static\/2022\/08\/29091118\/Dakar20_E3_Isidre_Esteve_1.jpg","width":1280,"height":600,"caption":"Isidre esteve conduce su prototipo adaptado."},{"@type":"BreadcrumbList","@id":"https:\/\/www.boxrepsol.com\/es\/rally\/isidre-esteve-mejora-la-espera-terreno-mas-favorable\/#breadcrumb","itemListElement":[{"@type":"ListItem","position":1,"name":"Home","item":"https:\/\/www.boxrepsol.com\/es\/"},{"@type":"ListItem","position":2,"name":"Isidre Esteve mejora, a la espera de un terreno m\u00e1s favorable"}]},{"@type":"WebSite","@id":"https:\/\/www.boxrepsol.com\/es\/#website","url":"https:\/\/www.boxrepsol.com\/es\/","name":"Box Repsol","description":"Box Repsol Site","publisher":{"@id":"https:\/\/www.boxrepsol.com\/es\/#organization"},"potentialAction":[{"@type":"SearchAction","target":{"@type":"EntryPoint","urlTemplate":"https:\/\/www.boxrepsol.com\/es\/?s={search_term_string}"},"query-input":{"@type":"PropertyValueSpecification","valueRequired":true,"valueName":"search_term_string"}}],"inLanguage":"es"},{"@type":"Organization","@id":"https:\/\/www.boxrepsol.com\/es\/#organization","name":"Box Repsol","url":"https:\/\/www.boxrepsol.com\/es\/","logo":{"@type":"ImageObject","inLanguage":"es","@id":"https:\/\/www.boxrepsol.com\/es\/#\/schema\/logo\/image\/","url":"https:\/\/bxrepsol.s3.eu-west-1.amazonaws.com\/static\/2025\/07\/30083337\/favicon-96x96-1.png","contentUrl":"https:\/\/bxrepsol.s3.eu-west-1.amazonaws.com\/static\/2025\/07\/30083337\/favicon-96x96-1.png","width":96,"height":96,"caption":"Box Repsol"},"image":{"@id":"https:\/\/www.boxrepsol.com\/es\/#\/schema\/logo\/image\/"},"sameAs":["https:\/\/www.facebook.com\/BoxRepsol","https:\/\/x.com\/box_repsol","http:\/\/instagram.com\/box_repsol","https:\/\/www.youtube.com\/user\/RepsolCompeticion","https:\/\/www.flickr.com\/photos\/box_repsol\/"]},{"@type":"Person","@id":"https:\/\/www.boxrepsol.com\/es\/#\/schema\/person\/c5c2138f2cca251b0ad92b7086bb60b7","name":"Redacci\u00f3n Box Repsol","image":{"@type":"ImageObject","inLanguage":"es","@id":"https:\/\/secure.gravatar.com\/avatar\/adf7b77e38b4419baf32c7e9c21dde01f4e40df611f0978e3006fc4ba0aaab7e?s=96&d=mm&r=g","url":"https:\/\/secure.gravatar.com\/avatar\/adf7b77e38b4419baf32c7e9c21dde01f4e40df611f0978e3006fc4ba0aaab7e?s=96&d=mm&r=g","contentUrl":"https:\/\/secure.gravatar.com\/avatar\/adf7b77e38b4419baf32c7e9c21dde01f4e40df611f0978e3006fc4ba0aaab7e?s=96&d=mm&r=g","caption":"Redacci\u00f3n Box Repsol"},"description":"Box Repsol lo forma un equipo de periodistas, community managers, dise\u00f1adores y fot\u00f3grafos con m\u00e1s de 20 a\u00f1os de experiencia en el mundo del motorsport. Hemos vivido el primer mundial de un espa\u00f1ol en la categor\u00eda reina de motociclismo con \u00c1lex Crivill\u00e9, estuvimos en las victorias de Pedrosa y los t\u00edtulos de M\u00e1rquez, acompa\u00f1amos en \u00c1frica a Nani Roma y Marc Coma en sus conquistas del Dakar y hemos vibrado con los t\u00edtulos de Toni Bou en Trial. Adem\u00e1s, en nuestro equipo contamos con expertos en el mundo de las dos y cuatro ruedas tanto de la calle y las carreteras, como de los circuitos. Periodistas que han trabajado en revistas y publicaciones para hacerte llegar desde rutas y consejos de mantenimiento, a curiosidades y trucos de pilotaje.","sameAs":["https:\/\/www.facebook.com\/BoxRepsol\/","https:\/\/www.instagram.com\/box_repsol\/","https:\/\/x.com\/https:\/\/twitter.com\/box_repsol","https:\/\/www.youtube.com\/@Boxrepsol"],"url":"https:\/\/www.boxrepsol.com\/es\/author\/redaccion-box-repsol\/"}]}},"_links":{"self":[{"href":"https:\/\/www.boxrepsol.com\/es\/wp-json\/wp\/v2\/posts\/94338","targetHints":{"allow":["GET"]}}],"collection":[{"href":"https:\/\/www.boxrepsol.com\/es\/wp-json\/wp\/v2\/posts"}],"about":[{"href":"https:\/\/www.boxrepsol.com\/es\/wp-json\/wp\/v2\/types\/post"}],"author":[{"embeddable":true,"href":"https:\/\/www.boxrepsol.com\/es\/wp-json\/wp\/v2\/users\/43146"}],"replies":[{"embeddable":true,"href":"https:\/\/www.boxrepsol.com\/es\/wp-json\/wp\/v2\/comments?post=94338"}],"version-history":[{"count":1,"href":"https:\/\/www.boxrepsol.com\/es\/wp-json\/wp\/v2\/posts\/94338\/revisions"}],"predecessor-version":[{"id":94339,"href":"https:\/\/www.boxrepsol.com\/es\/wp-json\/wp\/v2\/posts\/94338\/revisions\/94339"}],"wp:featuredmedia":[{"embeddable":true,"href":"https:\/\/www.boxrepsol.com\/es\/wp-json\/wp\/v2\/media\/63473"}],"wp:attachment":[{"href":"https:\/\/www.boxrepsol.com\/es\/wp-json\/wp\/v2\/media?parent=94338"}],"wp:term":[{"taxonomy":"category","embeddable":true,"href":"https:\/\/www.boxrepsol.com\/es\/wp-json\/wp\/v2\/categories?post=94338"},{"taxonomy":"post_tag","embeddable":true,"href":"https:\/\/www.boxrepsol.com\/es\/wp-json\/wp\/v2\/tags?post=94338"}],"curies":[{"name":"wp","href":"https:\/\/api.w.org\/{rel}","templated":true}]}}