{"id":94334,"date":"2020-01-07T00:00:00","date_gmt":"2020-01-07T02:00:00","guid":{"rendered":"http:\/\/pre.boxrepsol.com\/sin-categorizar\/two-punctures-constrain-isidre-esteves-debut-at-dakar-2020\/"},"modified":"2024-04-22T09:54:39","modified_gmt":"2024-04-22T11:54:39","slug":"two-punctures-constrain-isidre-esteves-debut-at-dakar-2020","status":"publish","type":"post","link":"https:\/\/www.boxrepsol.com\/es\/rally\/two-punctures-constrain-isidre-esteves-debut-at-dakar-2020\/","title":{"rendered":"Dos pinchazos condicionan el debut de Isidre Esteve en el Dakar 2020"},"content":{"rendered":"<p><strong>Isidre Esteve ha vivido un estreno agridulce<\/strong> en el nuevo Dakar de Arabia Saud\u00ed. El piloto del Repsol Rally Team no ha podido rodar al ritmo deseado, por culpa de dos pinchazos que le han obligado a ralentizar la marcha ante el peligro de quedarse sin rueda de recambio. Pese a este imprevisible contratiempo, el ilerdense ha completado la primera etapa en un meritorio 41\u00ba lugar, tan s\u00f3lo tres puestos por detr\u00e1s de como empez\u00f3 hace justo un a\u00f1o en Per\u00fa (39\u00ba).<\/p>\n<p><em>\u201cHa sido un d\u00eda dif\u00edcil por los pinchazos, pero lo m\u00e1s importante es que por fin hemos entrado en competici\u00f3n y el coche funciona sin problemas. A nivel de navegaci\u00f3n, pese a la dificultad de la etapa, tambi\u00e9n ha ido todo bien salvo en un par de puntos en los que hemos dudado, aunque hemos sabido corregir y apenas hemos perdido tiempo\u201d<\/em>, valoraba Isidre Esteve al terminar la primera especial.<\/p>\n<p>La organizaci\u00f3n hab\u00eda avisado que<strong> la jornada inicial del nuevo Dakar entre Jeddah y Al Wajh ser\u00eda larga, exigente y muy variada<\/strong>, tal como finalmente ha sucedido. Durante los 319 kil\u00f3metros cronometrados, los participantes han debido superar dunas, r\u00edos secos, pistas y zonas con grandes piedras que han puesto a prueba tanto el nivel de pilotaje como la capacidad de resistencia de los veh\u00edculos.<\/p>\n<p><a href=\"https:\/\/bxrepsol.s3.eu-west-1.amazonaws.com\/static\/2022\/08\/05071439\/00_isidre_esteve_ventanilla_coche_dakar1.jpg\" \n   title=\"Isidre esteve en el coche de rally\" \n   data-gallery-thumbnail=\"https:\/\/bxrepsol.s3.eu-west-1.amazonaws.com\/static\/2022\/08\/05071439\/00_isidre_esteve_ventanilla_coche_dakar1.jpg\"\n   data-gallery-title=\"\"\n   data-gallery><\/p>\n<figure>\n        <picture style=\"padding-bottom: 66.553767993226%; background-image: url(https:\/\/bxrepsol.s3.eu-west-1.amazonaws.com\/static\/2022\/08\/05071439\/00_isidre_esteve_ventanilla_coche_dakar1.jpg);\">\n            <img decoding=\"async\" src=\"https:\/\/bxrepsol.s3.eu-west-1.amazonaws.com\/static\/2022\/08\/05071439\/00_isidre_esteve_ventanilla_coche_dakar1.jpg\"><br \/>\n            <img itemprop=\"image\"\n                data-srcset=\"https:\/\/bxrepsol.s3.eu-west-1.amazonaws.com\/static\/2022\/08\/05071439\/00_isidre_esteve_ventanilla_coche_dakar1.jpg 480w, https:\/\/bxrepsol.s3.eu-west-1.amazonaws.com\/static\/2022\/08\/05071439\/00_isidre_esteve_ventanilla_coche_dakar1.jpg 600w, https:\/\/bxrepsol.s3.eu-west-1.amazonaws.com\/static\/2022\/08\/05071439\/00_isidre_esteve_ventanilla_coche_dakar1.jpg 900w\"\n                data-src=\"https:\/\/bxrepsol.s3.eu-west-1.amazonaws.com\/static\/2022\/08\/05071439\/00_isidre_esteve_ventanilla_coche_dakar1.jpg\"\n                alt=\"Isidre esteve en el coche de rally\"\n                title=\"Isidre Esteve a trav\u00e9s de la ventanilla de su coche\"\/><br \/>\n            <noscript><img decoding=\"async\" src=\"https:\/\/bxrepsol.s3.eu-west-1.amazonaws.com\/static\/2022\/08\/05071439\/00_isidre_esteve_ventanilla_coche_dakar1.jpg\" alt=\"Isidre esteve en el coche de rally\"><\/noscript>\n        <\/picture><figcaption>Isidre esteve en el coche de rally<\/figcaption><\/figure>\n<p><\/a><\/p>\n<p><strong>Isidre Esteve part\u00eda en 25\u00aa posici\u00f3n a primera hora de la ma\u00f1ana<\/strong> y, hacia los 25 km de la salida, deb\u00eda detenerse por culpa de un pinchazo, reparado en menos de 5 minutos por el copiloto Txema Villalobos en solitario, ya que, a causa de su lesi\u00f3n medular, el piloto ilerdense no puede bajar del coche a ayudarle. Hacia mitad de la especial, cuando trataban de recuperar su ritmo de carrera, el BV6 volv\u00eda a pinchar por segunda vez.<\/p>\n<p><em>\u201cHemos salido con las presiones de los neum\u00e1ticos demasiado bajas, lo que nos ha permitido pasar muy bien las dunas, pero nos ha penalizado en las zonas de piedras. Despu\u00e9s del segundo pinchazo quedaban muchos kil\u00f3metros y no pod\u00edamos arriesgarnos a quedarnos sin ninguna rueda de repuesto, por lo que decidimos continuar a un ritmo muy bajo. Esta situaci\u00f3n nos ha permitido aprender una lecci\u00f3n de mucho valor para el futuro\u201d<\/em>, reconoc\u00eda el de Oliana.<\/p>\n<p>A pesar del tiempo perdido en los cambios de rueda y la ralentizaci\u00f3n de la marcha, <strong>el Repsol Rally Team ha cruzado la l\u00ednea de meta en 41\u00ba puesto absoluto y 7\u00ba de su categor\u00eda T1.2 <\/strong>(todoterreno 4&#215;4 di\u00e9sel modificados), con un tiempo de 4 horas, 23 minutos y 41 segundos. En el Dakar 2019, en el que recordemos que acab\u00f3 21\u00ba de la general, Isidre Esteve complet\u00f3 la primera etapa de Per\u00fa en 39\u00aa posici\u00f3n.<\/p>\n<p>                <!-- Imagen relacionada --><br \/>\n        <img loading=\"lazy\" decoding=\"async\" width=\"404\" height=\"336\" src=\"https:\/\/bxrepsol.s3.eu-west-1.amazonaws.com\/static\/2022\/08\/29091110\/00_isidre_esteve_txema_villalobos_dakar_llegada_2020-e1578384505350-404x336-2.jpg\" alt=\"Isidre Esteve y Txema Villalobos en el primer Dakar asi\u00e1tico\" \/><br \/>\n                <!-- Categor\u00eda --><br \/>\n            Rally<br \/>\n        <!-- T\u00edtulo --><br \/>\n        <a href=\"https:\/\/www.boxrepsol.com\/es\/rally\/isidre-esteve-agradecido-recibimiento-arabia-saudi\/\"><\/p>\n<h3>Isidre Esteve, agradecido por el recibimiento en Arabia Saud\u00ed<\/h3>\n<p>        <\/a><br \/>\n                    <!-- Fecha --><br \/>\n            hace 1 hora        <\/p>\n<p><em>\u201cEl resultado parcial de hoy es anecd\u00f3tico y no debe preocuparnos en absoluto, porque esta carrera es muy larga y no ha hecho m\u00e1s que comenzar. Los primeros d\u00edas siempre son complicados y hay que saberlos gestionar bien, ya que tienes mucho que perder y nada que ganar. Hoy hemos visto a varios coches con problemas y lo importante es seguir adelante y encontrar tu verdadero lugar en carrera\u201d<\/em>.<\/p>\n<p><strong>Ma\u00f1ana lunes se celebrar\u00e1 la segunda etapa entre Al Wajh y Neom, con 367 km de especial y s\u00f3lo 26 de enlace<\/strong>. La gran novedad ser\u00e1 que, por primera vez en la historia del Dakar, se entregar\u00e1 el roadbook minutos antes de tomar la salida y con las indicaciones ya marcadas por la organizaci\u00f3n. <em>\u201cMe gusta mucho este cambio, porque persigue equilibrar las fuerzas entre los participantes y que todo el mundo tenga la misma informaci\u00f3n sobre el recorrido\u201d, comenta un Isidre Esteve que afrontar\u00e1 la jornada con un doble objetivo: \u201cRodar a nuestro ritmo y acabar el d\u00eda sin problemas\u201d<\/em>.<\/p>\n","protected":false},"excerpt":{"rendered":"<p>A pesar del tiempo perdido, el Repsol Rally Team ha terminado en 41\u00ba lugar absoluto y 7\u00ba de su categor\u00eda T1.2.<\/p>\n","protected":false},"author":43146,"featured_media":63461,"comment_status":"open","ping_status":"open","sticky":false,"template":"","format":"standard","meta":{"footnotes":""},"categories":[27],"tags":[191,29,183],"class_list":["post-94334","post","type-post","status-publish","format-standard","hentry","category-rally","tag-191","tag-isidre-esteve","tag-repsol-rally-team"],"yoast_head":"<!-- This site is optimized with the Yoast SEO plugin v27.3 - https:\/\/yoast.com\/product\/yoast-seo-wordpress\/ -->\n<title>Dakar 2020 Etapa 1 - Dos pinchazos condicionan el debut de Isidre Esteve<\/title>\n<meta name=\"description\" content=\"A pesar del tiempo perdido, el Repsol Rally Team ha terminado en 41\u00ba lugar absoluto y 7\u00ba de su categor\u00eda T1.2.\" \/>\n<link rel=\"canonical\" href=\"https:\/\/www.boxrepsol.com\/es\/rally\/two-punctures-constrain-isidre-esteves-debut-at-dakar-2020\/\" \/>\n<meta property=\"og:locale\" content=\"es_ES\" \/>\n<meta property=\"og:type\" content=\"article\" \/>\n<meta property=\"og:title\" content=\"Dakar 2020 Etapa 1 - Dos pinchazos condicionan el debut de Isidre Esteve\" \/>\n<meta property=\"og:description\" content=\"A pesar del tiempo perdido, el Repsol Rally Team ha terminado en 41\u00ba lugar absoluto y 7\u00ba de su categor\u00eda T1.2.\" \/>\n<meta property=\"og:url\" content=\"https:\/\/www.boxrepsol.com\/es\/rally\/two-punctures-constrain-isidre-esteves-debut-at-dakar-2020\/\" \/>\n<meta property=\"og:site_name\" content=\"Box Repsol\" \/>\n<meta property=\"article:publisher\" content=\"https:\/\/www.facebook.com\/BoxRepsol\" \/>\n<meta property=\"article:author\" content=\"https:\/\/www.facebook.com\/BoxRepsol\/\" \/>\n<meta property=\"article:published_time\" content=\"2020-01-07T02:00:00+00:00\" \/>\n<meta property=\"article:modified_time\" content=\"2024-04-22T11:54:39+00:00\" \/>\n<meta property=\"og:image\" content=\"https:\/\/bxrepsol.s3.eu-west-1.amazonaws.com\/static\/2022\/08\/29091111\/00_isidre_esteve_repsol_rally_Team_sodicarbv6.jpg\" \/>\n\t<meta property=\"og:image:width\" content=\"1280\" \/>\n\t<meta property=\"og:image:height\" content=\"600\" \/>\n\t<meta property=\"og:image:type\" content=\"image\/jpeg\" \/>\n<meta name=\"author\" content=\"Redacci\u00f3n Box Repsol\" \/>\n<meta name=\"twitter:card\" content=\"summary_large_image\" \/>\n<meta name=\"twitter:creator\" content=\"@https:\/\/twitter.com\/box_repsol\" \/>\n<meta name=\"twitter:site\" content=\"@box_repsol\" \/>\n<meta name=\"twitter:label1\" content=\"Written by\" \/>\n\t<meta name=\"twitter:data1\" content=\"Redacci\u00f3n Box Repsol\" \/>\n\t<meta name=\"twitter:label2\" content=\"Est. reading time\" \/>\n\t<meta name=\"twitter:data2\" content=\"3 minutos\" \/>\n<script type=\"application\/ld+json\" class=\"yoast-schema-graph\">{\"@context\":\"https:\\\/\\\/schema.org\",\"@graph\":[{\"@type\":\"Article\",\"@id\":\"https:\\\/\\\/www.boxrepsol.com\\\/es\\\/rally\\\/two-punctures-constrain-isidre-esteves-debut-at-dakar-2020\\\/#article\",\"isPartOf\":{\"@id\":\"https:\\\/\\\/www.boxrepsol.com\\\/es\\\/rally\\\/two-punctures-constrain-isidre-esteves-debut-at-dakar-2020\\\/\"},\"author\":{\"name\":\"Redacci\u00f3n Box Repsol\",\"@id\":\"https:\\\/\\\/www.boxrepsol.com\\\/es\\\/#\\\/schema\\\/person\\\/c5c2138f2cca251b0ad92b7086bb60b7\"},\"headline\":\"Dos pinchazos condicionan el debut de Isidre Esteve en el Dakar 2020\",\"datePublished\":\"2020-01-07T02:00:00+00:00\",\"dateModified\":\"2024-04-22T11:54:39+00:00\",\"mainEntityOfPage\":{\"@id\":\"https:\\\/\\\/www.boxrepsol.com\\\/es\\\/rally\\\/two-punctures-constrain-isidre-esteves-debut-at-dakar-2020\\\/\"},\"wordCount\":671,\"commentCount\":0,\"publisher\":{\"@id\":\"https:\\\/\\\/www.boxrepsol.com\\\/es\\\/#organization\"},\"image\":{\"@id\":\"https:\\\/\\\/www.boxrepsol.com\\\/es\\\/rally\\\/two-punctures-constrain-isidre-esteves-debut-at-dakar-2020\\\/#primaryimage\"},\"thumbnailUrl\":\"https:\\\/\\\/bxrepsol.s3.eu-west-1.amazonaws.com\\\/static\\\/2022\\\/08\\\/29091111\\\/00_isidre_esteve_repsol_rally_Team_sodicarbv6.jpg\",\"keywords\":[\"2020\",\"Isidre Esteve\",\"Repsol Rally Team\"],\"articleSection\":[\"Rally\"],\"inLanguage\":\"es\",\"potentialAction\":[{\"@type\":\"CommentAction\",\"name\":\"Comment\",\"target\":[\"https:\\\/\\\/www.boxrepsol.com\\\/es\\\/rally\\\/two-punctures-constrain-isidre-esteves-debut-at-dakar-2020\\\/#respond\"]}]},{\"@type\":\"WebPage\",\"@id\":\"https:\\\/\\\/www.boxrepsol.com\\\/es\\\/rally\\\/two-punctures-constrain-isidre-esteves-debut-at-dakar-2020\\\/\",\"url\":\"https:\\\/\\\/www.boxrepsol.com\\\/es\\\/rally\\\/two-punctures-constrain-isidre-esteves-debut-at-dakar-2020\\\/\",\"name\":\"Dakar 2020 Etapa 1 - Dos pinchazos condicionan el debut de Isidre Esteve\",\"isPartOf\":{\"@id\":\"https:\\\/\\\/www.boxrepsol.com\\\/es\\\/#website\"},\"primaryImageOfPage\":{\"@id\":\"https:\\\/\\\/www.boxrepsol.com\\\/es\\\/rally\\\/two-punctures-constrain-isidre-esteves-debut-at-dakar-2020\\\/#primaryimage\"},\"image\":{\"@id\":\"https:\\\/\\\/www.boxrepsol.com\\\/es\\\/rally\\\/two-punctures-constrain-isidre-esteves-debut-at-dakar-2020\\\/#primaryimage\"},\"thumbnailUrl\":\"https:\\\/\\\/bxrepsol.s3.eu-west-1.amazonaws.com\\\/static\\\/2022\\\/08\\\/29091111\\\/00_isidre_esteve_repsol_rally_Team_sodicarbv6.jpg\",\"datePublished\":\"2020-01-07T02:00:00+00:00\",\"dateModified\":\"2024-04-22T11:54:39+00:00\",\"description\":\"A pesar del tiempo perdido, el Repsol Rally Team ha terminado en 41\u00ba lugar absoluto y 7\u00ba de su categor\u00eda T1.2.\",\"breadcrumb\":{\"@id\":\"https:\\\/\\\/www.boxrepsol.com\\\/es\\\/rally\\\/two-punctures-constrain-isidre-esteves-debut-at-dakar-2020\\\/#breadcrumb\"},\"inLanguage\":\"es\",\"potentialAction\":[{\"@type\":\"ReadAction\",\"target\":[\"https:\\\/\\\/www.boxrepsol.com\\\/es\\\/rally\\\/two-punctures-constrain-isidre-esteves-debut-at-dakar-2020\\\/\"]}]},{\"@type\":\"ImageObject\",\"inLanguage\":\"es\",\"@id\":\"https:\\\/\\\/www.boxrepsol.com\\\/es\\\/rally\\\/two-punctures-constrain-isidre-esteves-debut-at-dakar-2020\\\/#primaryimage\",\"url\":\"https:\\\/\\\/bxrepsol.s3.eu-west-1.amazonaws.com\\\/static\\\/2022\\\/08\\\/29091111\\\/00_isidre_esteve_repsol_rally_Team_sodicarbv6.jpg\",\"contentUrl\":\"https:\\\/\\\/bxrepsol.s3.eu-west-1.amazonaws.com\\\/static\\\/2022\\\/08\\\/29091111\\\/00_isidre_esteve_repsol_rally_Team_sodicarbv6.jpg\",\"width\":1280,\"height\":600,\"caption\":\"Isidre esteve en la primera etapa del dakar 2020\"},{\"@type\":\"BreadcrumbList\",\"@id\":\"https:\\\/\\\/www.boxrepsol.com\\\/es\\\/rally\\\/two-punctures-constrain-isidre-esteves-debut-at-dakar-2020\\\/#breadcrumb\",\"itemListElement\":[{\"@type\":\"ListItem\",\"position\":1,\"name\":\"Home\",\"item\":\"https:\\\/\\\/www.boxrepsol.com\\\/es\\\/\"},{\"@type\":\"ListItem\",\"position\":2,\"name\":\"Dos pinchazos condicionan el debut de Isidre Esteve en el Dakar 2020\"}]},{\"@type\":\"WebSite\",\"@id\":\"https:\\\/\\\/www.boxrepsol.com\\\/es\\\/#website\",\"url\":\"https:\\\/\\\/www.boxrepsol.com\\\/es\\\/\",\"name\":\"Box Repsol\",\"description\":\"Box Repsol Site\",\"publisher\":{\"@id\":\"https:\\\/\\\/www.boxrepsol.com\\\/es\\\/#organization\"},\"potentialAction\":[{\"@type\":\"SearchAction\",\"target\":{\"@type\":\"EntryPoint\",\"urlTemplate\":\"https:\\\/\\\/www.boxrepsol.com\\\/es\\\/?s={search_term_string}\"},\"query-input\":{\"@type\":\"PropertyValueSpecification\",\"valueRequired\":true,\"valueName\":\"search_term_string\"}}],\"inLanguage\":\"es\"},{\"@type\":\"Organization\",\"@id\":\"https:\\\/\\\/www.boxrepsol.com\\\/es\\\/#organization\",\"name\":\"Box Repsol\",\"url\":\"https:\\\/\\\/www.boxrepsol.com\\\/es\\\/\",\"logo\":{\"@type\":\"ImageObject\",\"inLanguage\":\"es\",\"@id\":\"https:\\\/\\\/www.boxrepsol.com\\\/es\\\/#\\\/schema\\\/logo\\\/image\\\/\",\"url\":\"https:\\\/\\\/bxrepsol.s3.eu-west-1.amazonaws.com\\\/static\\\/2025\\\/07\\\/30083337\\\/favicon-96x96-1.png\",\"contentUrl\":\"https:\\\/\\\/bxrepsol.s3.eu-west-1.amazonaws.com\\\/static\\\/2025\\\/07\\\/30083337\\\/favicon-96x96-1.png\",\"width\":96,\"height\":96,\"caption\":\"Box Repsol\"},\"image\":{\"@id\":\"https:\\\/\\\/www.boxrepsol.com\\\/es\\\/#\\\/schema\\\/logo\\\/image\\\/\"},\"sameAs\":[\"https:\\\/\\\/www.facebook.com\\\/BoxRepsol\",\"https:\\\/\\\/x.com\\\/box_repsol\",\"http:\\\/\\\/instagram.com\\\/box_repsol\",\"https:\\\/\\\/www.youtube.com\\\/user\\\/RepsolCompeticion\",\"https:\\\/\\\/www.flickr.com\\\/photos\\\/box_repsol\\\/\"]},{\"@type\":\"Person\",\"@id\":\"https:\\\/\\\/www.boxrepsol.com\\\/es\\\/#\\\/schema\\\/person\\\/c5c2138f2cca251b0ad92b7086bb60b7\",\"name\":\"Redacci\u00f3n Box Repsol\",\"image\":{\"@type\":\"ImageObject\",\"inLanguage\":\"es\",\"@id\":\"https:\\\/\\\/secure.gravatar.com\\\/avatar\\\/adf7b77e38b4419baf32c7e9c21dde01f4e40df611f0978e3006fc4ba0aaab7e?s=96&d=mm&r=g\",\"url\":\"https:\\\/\\\/secure.gravatar.com\\\/avatar\\\/adf7b77e38b4419baf32c7e9c21dde01f4e40df611f0978e3006fc4ba0aaab7e?s=96&d=mm&r=g\",\"contentUrl\":\"https:\\\/\\\/secure.gravatar.com\\\/avatar\\\/adf7b77e38b4419baf32c7e9c21dde01f4e40df611f0978e3006fc4ba0aaab7e?s=96&d=mm&r=g\",\"caption\":\"Redacci\u00f3n Box Repsol\"},\"description\":\"Box Repsol lo forma un equipo de periodistas, community managers, dise\u00f1adores y fot\u00f3grafos con m\u00e1s de 20 a\u00f1os de experiencia en el mundo del motorsport. Hemos vivido el primer mundial de un espa\u00f1ol en la categor\u00eda reina de motociclismo con \u00c1lex Crivill\u00e9, estuvimos en las victorias de Pedrosa y los t\u00edtulos de M\u00e1rquez, acompa\u00f1amos en \u00c1frica a Nani Roma y Marc Coma en sus conquistas del Dakar y hemos vibrado con los t\u00edtulos de Toni Bou en Trial. Adem\u00e1s, en nuestro equipo contamos con expertos en el mundo de las dos y cuatro ruedas tanto de la calle y las carreteras, como de los circuitos. Periodistas que han trabajado en revistas y publicaciones para hacerte llegar desde rutas y consejos de mantenimiento, a curiosidades y trucos de pilotaje.\",\"sameAs\":[\"https:\\\/\\\/www.facebook.com\\\/BoxRepsol\\\/\",\"https:\\\/\\\/www.instagram.com\\\/box_repsol\\\/\",\"https:\\\/\\\/x.com\\\/https:\\\/\\\/twitter.com\\\/box_repsol\",\"https:\\\/\\\/www.youtube.com\\\/@Boxrepsol\"],\"url\":\"https:\\\/\\\/www.boxrepsol.com\\\/es\\\/author\\\/redaccion-box-repsol\\\/\"}]}<\/script>\n<!-- \/ Yoast SEO plugin. -->","yoast_head_json":{"title":"Dakar 2020 Etapa 1 - Dos pinchazos condicionan el debut de Isidre Esteve","description":"A pesar del tiempo perdido, el Repsol Rally Team ha terminado en 41\u00ba lugar absoluto y 7\u00ba de su categor\u00eda T1.2.","canonical":"https:\/\/www.boxrepsol.com\/es\/rally\/two-punctures-constrain-isidre-esteves-debut-at-dakar-2020\/","og_locale":"es_ES","og_type":"article","og_title":"Dakar 2020 Etapa 1 - Dos pinchazos condicionan el debut de Isidre Esteve","og_description":"A pesar del tiempo perdido, el Repsol Rally Team ha terminado en 41\u00ba lugar absoluto y 7\u00ba de su categor\u00eda T1.2.","og_url":"https:\/\/www.boxrepsol.com\/es\/rally\/two-punctures-constrain-isidre-esteves-debut-at-dakar-2020\/","og_site_name":"Box Repsol","article_publisher":"https:\/\/www.facebook.com\/BoxRepsol","article_author":"https:\/\/www.facebook.com\/BoxRepsol\/","article_published_time":"2020-01-07T02:00:00+00:00","article_modified_time":"2024-04-22T11:54:39+00:00","og_image":[{"width":1280,"height":600,"url":"https:\/\/bxrepsol.s3.eu-west-1.amazonaws.com\/static\/2022\/08\/29091111\/00_isidre_esteve_repsol_rally_Team_sodicarbv6.jpg","type":"image\/jpeg"}],"author":"Redacci\u00f3n Box Repsol","twitter_card":"summary_large_image","twitter_creator":"@https:\/\/twitter.com\/box_repsol","twitter_site":"@box_repsol","twitter_misc":{"Written by":"Redacci\u00f3n Box Repsol","Est. reading time":"3 minutos"},"schema":{"@context":"https:\/\/schema.org","@graph":[{"@type":"Article","@id":"https:\/\/www.boxrepsol.com\/es\/rally\/two-punctures-constrain-isidre-esteves-debut-at-dakar-2020\/#article","isPartOf":{"@id":"https:\/\/www.boxrepsol.com\/es\/rally\/two-punctures-constrain-isidre-esteves-debut-at-dakar-2020\/"},"author":{"name":"Redacci\u00f3n Box Repsol","@id":"https:\/\/www.boxrepsol.com\/es\/#\/schema\/person\/c5c2138f2cca251b0ad92b7086bb60b7"},"headline":"Dos pinchazos condicionan el debut de Isidre Esteve en el Dakar 2020","datePublished":"2020-01-07T02:00:00+00:00","dateModified":"2024-04-22T11:54:39+00:00","mainEntityOfPage":{"@id":"https:\/\/www.boxrepsol.com\/es\/rally\/two-punctures-constrain-isidre-esteves-debut-at-dakar-2020\/"},"wordCount":671,"commentCount":0,"publisher":{"@id":"https:\/\/www.boxrepsol.com\/es\/#organization"},"image":{"@id":"https:\/\/www.boxrepsol.com\/es\/rally\/two-punctures-constrain-isidre-esteves-debut-at-dakar-2020\/#primaryimage"},"thumbnailUrl":"https:\/\/bxrepsol.s3.eu-west-1.amazonaws.com\/static\/2022\/08\/29091111\/00_isidre_esteve_repsol_rally_Team_sodicarbv6.jpg","keywords":["2020","Isidre Esteve","Repsol Rally Team"],"articleSection":["Rally"],"inLanguage":"es","potentialAction":[{"@type":"CommentAction","name":"Comment","target":["https:\/\/www.boxrepsol.com\/es\/rally\/two-punctures-constrain-isidre-esteves-debut-at-dakar-2020\/#respond"]}]},{"@type":"WebPage","@id":"https:\/\/www.boxrepsol.com\/es\/rally\/two-punctures-constrain-isidre-esteves-debut-at-dakar-2020\/","url":"https:\/\/www.boxrepsol.com\/es\/rally\/two-punctures-constrain-isidre-esteves-debut-at-dakar-2020\/","name":"Dakar 2020 Etapa 1 - Dos pinchazos condicionan el debut de Isidre Esteve","isPartOf":{"@id":"https:\/\/www.boxrepsol.com\/es\/#website"},"primaryImageOfPage":{"@id":"https:\/\/www.boxrepsol.com\/es\/rally\/two-punctures-constrain-isidre-esteves-debut-at-dakar-2020\/#primaryimage"},"image":{"@id":"https:\/\/www.boxrepsol.com\/es\/rally\/two-punctures-constrain-isidre-esteves-debut-at-dakar-2020\/#primaryimage"},"thumbnailUrl":"https:\/\/bxrepsol.s3.eu-west-1.amazonaws.com\/static\/2022\/08\/29091111\/00_isidre_esteve_repsol_rally_Team_sodicarbv6.jpg","datePublished":"2020-01-07T02:00:00+00:00","dateModified":"2024-04-22T11:54:39+00:00","description":"A pesar del tiempo perdido, el Repsol Rally Team ha terminado en 41\u00ba lugar absoluto y 7\u00ba de su categor\u00eda T1.2.","breadcrumb":{"@id":"https:\/\/www.boxrepsol.com\/es\/rally\/two-punctures-constrain-isidre-esteves-debut-at-dakar-2020\/#breadcrumb"},"inLanguage":"es","potentialAction":[{"@type":"ReadAction","target":["https:\/\/www.boxrepsol.com\/es\/rally\/two-punctures-constrain-isidre-esteves-debut-at-dakar-2020\/"]}]},{"@type":"ImageObject","inLanguage":"es","@id":"https:\/\/www.boxrepsol.com\/es\/rally\/two-punctures-constrain-isidre-esteves-debut-at-dakar-2020\/#primaryimage","url":"https:\/\/bxrepsol.s3.eu-west-1.amazonaws.com\/static\/2022\/08\/29091111\/00_isidre_esteve_repsol_rally_Team_sodicarbv6.jpg","contentUrl":"https:\/\/bxrepsol.s3.eu-west-1.amazonaws.com\/static\/2022\/08\/29091111\/00_isidre_esteve_repsol_rally_Team_sodicarbv6.jpg","width":1280,"height":600,"caption":"Isidre esteve en la primera etapa del dakar 2020"},{"@type":"BreadcrumbList","@id":"https:\/\/www.boxrepsol.com\/es\/rally\/two-punctures-constrain-isidre-esteves-debut-at-dakar-2020\/#breadcrumb","itemListElement":[{"@type":"ListItem","position":1,"name":"Home","item":"https:\/\/www.boxrepsol.com\/es\/"},{"@type":"ListItem","position":2,"name":"Dos pinchazos condicionan el debut de Isidre Esteve en el Dakar 2020"}]},{"@type":"WebSite","@id":"https:\/\/www.boxrepsol.com\/es\/#website","url":"https:\/\/www.boxrepsol.com\/es\/","name":"Box Repsol","description":"Box Repsol Site","publisher":{"@id":"https:\/\/www.boxrepsol.com\/es\/#organization"},"potentialAction":[{"@type":"SearchAction","target":{"@type":"EntryPoint","urlTemplate":"https:\/\/www.boxrepsol.com\/es\/?s={search_term_string}"},"query-input":{"@type":"PropertyValueSpecification","valueRequired":true,"valueName":"search_term_string"}}],"inLanguage":"es"},{"@type":"Organization","@id":"https:\/\/www.boxrepsol.com\/es\/#organization","name":"Box Repsol","url":"https:\/\/www.boxrepsol.com\/es\/","logo":{"@type":"ImageObject","inLanguage":"es","@id":"https:\/\/www.boxrepsol.com\/es\/#\/schema\/logo\/image\/","url":"https:\/\/bxrepsol.s3.eu-west-1.amazonaws.com\/static\/2025\/07\/30083337\/favicon-96x96-1.png","contentUrl":"https:\/\/bxrepsol.s3.eu-west-1.amazonaws.com\/static\/2025\/07\/30083337\/favicon-96x96-1.png","width":96,"height":96,"caption":"Box Repsol"},"image":{"@id":"https:\/\/www.boxrepsol.com\/es\/#\/schema\/logo\/image\/"},"sameAs":["https:\/\/www.facebook.com\/BoxRepsol","https:\/\/x.com\/box_repsol","http:\/\/instagram.com\/box_repsol","https:\/\/www.youtube.com\/user\/RepsolCompeticion","https:\/\/www.flickr.com\/photos\/box_repsol\/"]},{"@type":"Person","@id":"https:\/\/www.boxrepsol.com\/es\/#\/schema\/person\/c5c2138f2cca251b0ad92b7086bb60b7","name":"Redacci\u00f3n Box Repsol","image":{"@type":"ImageObject","inLanguage":"es","@id":"https:\/\/secure.gravatar.com\/avatar\/adf7b77e38b4419baf32c7e9c21dde01f4e40df611f0978e3006fc4ba0aaab7e?s=96&d=mm&r=g","url":"https:\/\/secure.gravatar.com\/avatar\/adf7b77e38b4419baf32c7e9c21dde01f4e40df611f0978e3006fc4ba0aaab7e?s=96&d=mm&r=g","contentUrl":"https:\/\/secure.gravatar.com\/avatar\/adf7b77e38b4419baf32c7e9c21dde01f4e40df611f0978e3006fc4ba0aaab7e?s=96&d=mm&r=g","caption":"Redacci\u00f3n Box Repsol"},"description":"Box Repsol lo forma un equipo de periodistas, community managers, dise\u00f1adores y fot\u00f3grafos con m\u00e1s de 20 a\u00f1os de experiencia en el mundo del motorsport. Hemos vivido el primer mundial de un espa\u00f1ol en la categor\u00eda reina de motociclismo con \u00c1lex Crivill\u00e9, estuvimos en las victorias de Pedrosa y los t\u00edtulos de M\u00e1rquez, acompa\u00f1amos en \u00c1frica a Nani Roma y Marc Coma en sus conquistas del Dakar y hemos vibrado con los t\u00edtulos de Toni Bou en Trial. Adem\u00e1s, en nuestro equipo contamos con expertos en el mundo de las dos y cuatro ruedas tanto de la calle y las carreteras, como de los circuitos. Periodistas que han trabajado en revistas y publicaciones para hacerte llegar desde rutas y consejos de mantenimiento, a curiosidades y trucos de pilotaje.","sameAs":["https:\/\/www.facebook.com\/BoxRepsol\/","https:\/\/www.instagram.com\/box_repsol\/","https:\/\/x.com\/https:\/\/twitter.com\/box_repsol","https:\/\/www.youtube.com\/@Boxrepsol"],"url":"https:\/\/www.boxrepsol.com\/es\/author\/redaccion-box-repsol\/"}]}},"_links":{"self":[{"href":"https:\/\/www.boxrepsol.com\/es\/wp-json\/wp\/v2\/posts\/94334","targetHints":{"allow":["GET"]}}],"collection":[{"href":"https:\/\/www.boxrepsol.com\/es\/wp-json\/wp\/v2\/posts"}],"about":[{"href":"https:\/\/www.boxrepsol.com\/es\/wp-json\/wp\/v2\/types\/post"}],"author":[{"embeddable":true,"href":"https:\/\/www.boxrepsol.com\/es\/wp-json\/wp\/v2\/users\/43146"}],"replies":[{"embeddable":true,"href":"https:\/\/www.boxrepsol.com\/es\/wp-json\/wp\/v2\/comments?post=94334"}],"version-history":[{"count":1,"href":"https:\/\/www.boxrepsol.com\/es\/wp-json\/wp\/v2\/posts\/94334\/revisions"}],"predecessor-version":[{"id":94335,"href":"https:\/\/www.boxrepsol.com\/es\/wp-json\/wp\/v2\/posts\/94334\/revisions\/94335"}],"wp:featuredmedia":[{"embeddable":true,"href":"https:\/\/www.boxrepsol.com\/es\/wp-json\/wp\/v2\/media\/63461"}],"wp:attachment":[{"href":"https:\/\/www.boxrepsol.com\/es\/wp-json\/wp\/v2\/media?parent=94334"}],"wp:term":[{"taxonomy":"category","embeddable":true,"href":"https:\/\/www.boxrepsol.com\/es\/wp-json\/wp\/v2\/categories?post=94334"},{"taxonomy":"post_tag","embeddable":true,"href":"https:\/\/www.boxrepsol.com\/es\/wp-json\/wp\/v2\/tags?post=94334"}],"curies":[{"name":"wp","href":"https:\/\/api.w.org\/{rel}","templated":true}]}}