{"id":94332,"date":"2020-01-07T00:00:00","date_gmt":"2020-01-07T02:00:00","guid":{"rendered":"http:\/\/pre.boxrepsol.com\/sin-categorizar\/isidre-esteve-agradecido-recibimiento-arabia-saudi\/"},"modified":"2024-04-22T09:55:03","modified_gmt":"2024-04-22T11:55:03","slug":"isidre-esteve-agradecido-recibimiento-arabia-saudi","status":"publish","type":"post","link":"https:\/\/www.boxrepsol.com\/es\/rally\/isidre-esteve-agradecido-recibimiento-arabia-saudi\/","title":{"rendered":"Isidre Esteve, agradecido por el recibimiento en Arabia Saud\u00ed"},"content":{"rendered":"<p>Isidre Esteve est\u00e1 a punto de iniciar su quinto Rally Dakar en coches, el tercero consecutivo con el Repsol Rally Team y el primero en Asia. <strong>La presencia del ilerdense en Arabia Saud\u00ed ha levantado mucha expectaci\u00f3n<\/strong> y su prototipo BV6 con los mandos adaptados en el volante ha sido una de las principales atracciones de la ceremonia de salida que ha tenido lugar este s\u00e1bado en Jeddah.<\/p>\n<p>Poco antes de las cinco de la tarde (hora local), Isidre Esteve y su copiloto Txema Villalobos sub\u00edan con su todo terreno n\u00famero 325 al podio de salida del Dakar 2020, situado en North Corniche. <strong>El de Oliana se mostraba muy agradecido por el caluroso recibimiento<\/strong>.<em> \u201cEl ambiente es fant\u00e1stico, tanto en el Village como en la zona de podio. Esta es la mejor forma de comenzar un nuevo Dakar plagado de alicientes\u201d<\/em>, reconoc\u00eda.<\/p>\n<p>Isidre Esteve y el resto de integrantes del <strong>Repsol Rally Team lleg\u00f3 a Jeddah el pasado jueves desde Barcelona<\/strong>, tras realizar una breve escala en Estambul. Nada m\u00e1s aterrizar, el equipo se dirigi\u00f3 al espectacular estadio Rey Abdullah, donde el rally ha instalado su centro de operaciones. All\u00ed se reencontraron con su veh\u00edculo y organizaron un breve \u2018<em>shakedown<\/em>\u2019 para comprobar que estaba en perfecto estado tras el largo viaje mar\u00edtimo.<\/p>\n<p><a href=\"https:\/\/bxrepsol.s3.eu-west-1.amazonaws.com\/static\/2022\/08\/05071434\/00_poster_isidre_esteve_arabia_saudita.jpg\" \n   title=\"Display grande con Isidre Esteve y su coche de competici\u00f3n\" \n   data-gallery-thumbnail=\"https:\/\/bxrepsol.s3.eu-west-1.amazonaws.com\/static\/2022\/08\/05071434\/00_poster_isidre_esteve_arabia_saudita.jpg\"\n   data-gallery-title=\"\"\n   data-gallery><\/p>\n<figure>\n        <picture style=\"padding-bottom: 66.603951081844%; background-image: url(https:\/\/bxrepsol.s3.eu-west-1.amazonaws.com\/static\/2022\/08\/05071434\/00_poster_isidre_esteve_arabia_saudita.jpg);\">\n            <img decoding=\"async\" src=\"https:\/\/bxrepsol.s3.eu-west-1.amazonaws.com\/static\/2022\/08\/05071434\/00_poster_isidre_esteve_arabia_saudita.jpg\"><br \/>\n            <img itemprop=\"image\"\n                data-srcset=\"https:\/\/bxrepsol.s3.eu-west-1.amazonaws.com\/static\/2022\/08\/05071434\/00_poster_isidre_esteve_arabia_saudita.jpg 480w, https:\/\/bxrepsol.s3.eu-west-1.amazonaws.com\/static\/2022\/08\/05071434\/00_poster_isidre_esteve_arabia_saudita.jpg 600w, https:\/\/bxrepsol.s3.eu-west-1.amazonaws.com\/static\/2022\/08\/05071434\/00_poster_isidre_esteve_arabia_saudita.jpg 900w\"\n                data-src=\"https:\/\/bxrepsol.s3.eu-west-1.amazonaws.com\/static\/2022\/08\/05071434\/00_poster_isidre_esteve_arabia_saudita.jpg\"\n                alt=\"Display grande con Isidre Esteve y su coche de competici\u00f3n\"\n                title=\"Display grande con el rostro de Isidre y su coche\"\/><br \/>\n            <noscript><img decoding=\"async\" src=\"https:\/\/bxrepsol.s3.eu-west-1.amazonaws.com\/static\/2022\/08\/05071434\/00_poster_isidre_esteve_arabia_saudita.jpg\" alt=\"Display grande con Isidre Esteve y su coche de competici\u00f3n\"><\/noscript>\n        <\/picture><figcaption>Display grande con Isidre Esteve y su coche de competici\u00f3n<\/figcaption><\/figure>\n<p><\/a><\/p>\n<p>Despu\u00e9s del breve test, el BV6 de la categor\u00eda T1.2 (todoterreno 4&#215;4 di\u00e9sel modificados) pas\u00f3 las verificaciones sin problemas y, acto seguido, Isidre Esteve y Txema Villalobos asistieron a la tradicional reuni\u00f3n de bienvenida. <em>\u201cFue un briefing muy completo, con mucha informaci\u00f3n \u00fatil y en el que nos detallaron los principales cambios de esta edici\u00f3n. Se nota que todo el mundo aqu\u00ed tiene muchas ganas de que este Dakar sea especial\u201d<\/em>, comentaba el piloto.<\/p>\n<p><strong>El Dakar 2020 constar\u00e1 de 7.800 kil\u00f3metros, 5.000 de ellos cronometrados, repartidos en 12 etapas.<\/strong> Isidre Esteve, 21\u00ba clasificado en las dos ediciones anteriores, avisa que <em>\u201chabr\u00e1 muchas inc\u00f3gnitas, aunque est\u00e1 claro que la navegaci\u00f3n tendr\u00e1 m\u00e1s importancia que otras veces y eso nos puede beneficiar. Soy optimista porque mis sensaciones son muy buenas y llegamos con los deberes hechos para intentar luchar por el top 15, aunque no debemos olvidar que habr\u00e1 m\u00e1s competencia que nunca\u201d<\/em>.<\/p>\n<p>El domingo se disputar\u00e1 la primera etapa, con salida en Jeddah y llegada a Al Wajh, tras completar 433 km de enlace y otros 319 de especial. El del Repsol Rally Team avisa que <em>\u201cla organizaci\u00f3n ha insistido mucho en que no habr\u00e1 ning\u00fan d\u00eda de tr\u00e1mite. La primera jornada ser\u00e1 complicada y de mucha navegaci\u00f3n. Ser\u00e1 un inicio largo y con todo tipo de terreno, desde dunas a pistas r\u00e1pidas y zonas con muchas piedras. Habr\u00e1 que pilotar con precauci\u00f3n porque lo importante estos primeros d\u00edas es saber gestionar bien la carrera, encontrar tu ritmo y no cometer errores\u00bb<\/em>.<\/p>\n<p>                <!-- Imagen relacionada --><br \/>\n        <img loading=\"lazy\" decoding=\"async\" width=\"404\" height=\"336\" src=\"https:\/\/bxrepsol.s3.eu-west-1.amazonaws.com\/static\/2022\/08\/29091106\/00_isidre_esteve_txema_villalobos_repsol_rally_team_2020-e1578037113433-404x336-2.jpg\" alt=\"Isidre Esteve antes de salir hacia Jeddah\" \/><br \/>\n                <!-- Categor\u00eda --><br \/>\n            Rally<br \/>\n        <!-- T\u00edtulo --><br \/>\n        <a href=\"https:\/\/www.boxrepsol.com\/es\/rally\/isidre-esteve-parte-hacia-jeddah-ganas-vivir-primer-dakar-asiatico-la-historia\/\"><\/p>\n<h3>Isidre Esteve parte hacia Jeddah con ganas de vivir el primer Dakar as&#8230;<\/h3>\n<p>        <\/a><br \/>\n                    <!-- Fecha --><br \/>\n            hace 1 hora<\/p>\n","protected":false},"excerpt":{"rendered":"<p>El piloto del Repsol Rally Team ha desfilado junto al resto de participantes por el podio de salida de Jeddah.<\/p>\n","protected":false},"author":43146,"featured_media":63453,"comment_status":"open","ping_status":"open","sticky":false,"template":"","format":"standard","meta":{"footnotes":""},"categories":[27],"tags":[191,29,183],"class_list":["post-94332","post","type-post","status-publish","format-standard","hentry","category-rally","tag-191","tag-isidre-esteve","tag-repsol-rally-team"],"yoast_head":"<!-- This site is optimized with the Yoast SEO plugin v27.3 - https:\/\/yoast.com\/product\/yoast-seo-wordpress\/ -->\n<title>Isidre Esteve, agradecido por el recibimiento en Arabia Saud\u00ed - Box Repsol<\/title>\n<meta name=\"description\" content=\"El piloto del Repsol Rally Team ha desfilado junto al resto de participantes por el podio de salida de Jeddah, Arabia Saud\u00ed.\" \/>\n<link rel=\"canonical\" href=\"https:\/\/www.boxrepsol.com\/es\/rally\/isidre-esteve-agradecido-recibimiento-arabia-saudi\/\" \/>\n<meta property=\"og:locale\" content=\"es_ES\" \/>\n<meta property=\"og:type\" content=\"article\" \/>\n<meta property=\"og:title\" content=\"Isidre Esteve, agradecido por el recibimiento en Arabia Saud\u00ed - Box Repsol\" \/>\n<meta property=\"og:description\" content=\"El piloto del Repsol Rally Team ha desfilado junto al resto de participantes por el podio de salida de Jeddah, Arabia Saud\u00ed.\" \/>\n<meta property=\"og:url\" content=\"https:\/\/www.boxrepsol.com\/es\/rally\/isidre-esteve-agradecido-recibimiento-arabia-saudi\/\" \/>\n<meta property=\"og:site_name\" content=\"Box Repsol\" \/>\n<meta property=\"article:publisher\" content=\"https:\/\/www.facebook.com\/BoxRepsol\" \/>\n<meta property=\"article:author\" content=\"https:\/\/www.facebook.com\/BoxRepsol\/\" \/>\n<meta property=\"article:published_time\" content=\"2020-01-07T02:00:00+00:00\" \/>\n<meta property=\"article:modified_time\" content=\"2024-04-22T11:55:03+00:00\" \/>\n<meta property=\"og:image\" content=\"https:\/\/bxrepsol.s3.eu-west-1.amazonaws.com\/static\/2022\/08\/29091107\/00_isidre_esteve_txema_villalobos_dakar_llegada_2020.jpg\" \/>\n\t<meta property=\"og:image:width\" content=\"1280\" \/>\n\t<meta property=\"og:image:height\" content=\"600\" \/>\n\t<meta property=\"og:image:type\" content=\"image\/jpeg\" \/>\n<meta name=\"author\" content=\"Redacci\u00f3n Box Repsol\" \/>\n<meta name=\"twitter:card\" content=\"summary_large_image\" \/>\n<meta name=\"twitter:creator\" content=\"@https:\/\/twitter.com\/box_repsol\" \/>\n<meta name=\"twitter:site\" content=\"@box_repsol\" \/>\n<meta name=\"twitter:label1\" content=\"Written by\" \/>\n\t<meta name=\"twitter:data1\" content=\"Redacci\u00f3n Box Repsol\" \/>\n\t<meta name=\"twitter:label2\" content=\"Est. reading time\" \/>\n\t<meta name=\"twitter:data2\" content=\"3 minutos\" \/>\n<script type=\"application\/ld+json\" class=\"yoast-schema-graph\">{\"@context\":\"https:\\\/\\\/schema.org\",\"@graph\":[{\"@type\":\"Article\",\"@id\":\"https:\\\/\\\/www.boxrepsol.com\\\/es\\\/rally\\\/isidre-esteve-agradecido-recibimiento-arabia-saudi\\\/#article\",\"isPartOf\":{\"@id\":\"https:\\\/\\\/www.boxrepsol.com\\\/es\\\/rally\\\/isidre-esteve-agradecido-recibimiento-arabia-saudi\\\/\"},\"author\":{\"name\":\"Redacci\u00f3n Box Repsol\",\"@id\":\"https:\\\/\\\/www.boxrepsol.com\\\/es\\\/#\\\/schema\\\/person\\\/c5c2138f2cca251b0ad92b7086bb60b7\"},\"headline\":\"Isidre Esteve, agradecido por el recibimiento en Arabia Saud\u00ed\",\"datePublished\":\"2020-01-07T02:00:00+00:00\",\"dateModified\":\"2024-04-22T11:55:03+00:00\",\"mainEntityOfPage\":{\"@id\":\"https:\\\/\\\/www.boxrepsol.com\\\/es\\\/rally\\\/isidre-esteve-agradecido-recibimiento-arabia-saudi\\\/\"},\"wordCount\":517,\"commentCount\":0,\"publisher\":{\"@id\":\"https:\\\/\\\/www.boxrepsol.com\\\/es\\\/#organization\"},\"image\":{\"@id\":\"https:\\\/\\\/www.boxrepsol.com\\\/es\\\/rally\\\/isidre-esteve-agradecido-recibimiento-arabia-saudi\\\/#primaryimage\"},\"thumbnailUrl\":\"https:\\\/\\\/bxrepsol.s3.eu-west-1.amazonaws.com\\\/static\\\/2022\\\/08\\\/29091107\\\/00_isidre_esteve_txema_villalobos_dakar_llegada_2020.jpg\",\"keywords\":[\"2020\",\"Isidre Esteve\",\"Repsol Rally Team\"],\"articleSection\":[\"Rally\"],\"inLanguage\":\"es\",\"potentialAction\":[{\"@type\":\"CommentAction\",\"name\":\"Comment\",\"target\":[\"https:\\\/\\\/www.boxrepsol.com\\\/es\\\/rally\\\/isidre-esteve-agradecido-recibimiento-arabia-saudi\\\/#respond\"]}]},{\"@type\":\"WebPage\",\"@id\":\"https:\\\/\\\/www.boxrepsol.com\\\/es\\\/rally\\\/isidre-esteve-agradecido-recibimiento-arabia-saudi\\\/\",\"url\":\"https:\\\/\\\/www.boxrepsol.com\\\/es\\\/rally\\\/isidre-esteve-agradecido-recibimiento-arabia-saudi\\\/\",\"name\":\"Isidre Esteve, agradecido por el recibimiento en Arabia Saud\u00ed - Box Repsol\",\"isPartOf\":{\"@id\":\"https:\\\/\\\/www.boxrepsol.com\\\/es\\\/#website\"},\"primaryImageOfPage\":{\"@id\":\"https:\\\/\\\/www.boxrepsol.com\\\/es\\\/rally\\\/isidre-esteve-agradecido-recibimiento-arabia-saudi\\\/#primaryimage\"},\"image\":{\"@id\":\"https:\\\/\\\/www.boxrepsol.com\\\/es\\\/rally\\\/isidre-esteve-agradecido-recibimiento-arabia-saudi\\\/#primaryimage\"},\"thumbnailUrl\":\"https:\\\/\\\/bxrepsol.s3.eu-west-1.amazonaws.com\\\/static\\\/2022\\\/08\\\/29091107\\\/00_isidre_esteve_txema_villalobos_dakar_llegada_2020.jpg\",\"datePublished\":\"2020-01-07T02:00:00+00:00\",\"dateModified\":\"2024-04-22T11:55:03+00:00\",\"description\":\"El piloto del Repsol Rally Team ha desfilado junto al resto de participantes por el podio de salida de Jeddah, Arabia Saud\u00ed.\",\"breadcrumb\":{\"@id\":\"https:\\\/\\\/www.boxrepsol.com\\\/es\\\/rally\\\/isidre-esteve-agradecido-recibimiento-arabia-saudi\\\/#breadcrumb\"},\"inLanguage\":\"es\",\"potentialAction\":[{\"@type\":\"ReadAction\",\"target\":[\"https:\\\/\\\/www.boxrepsol.com\\\/es\\\/rally\\\/isidre-esteve-agradecido-recibimiento-arabia-saudi\\\/\"]}]},{\"@type\":\"ImageObject\",\"inLanguage\":\"es\",\"@id\":\"https:\\\/\\\/www.boxrepsol.com\\\/es\\\/rally\\\/isidre-esteve-agradecido-recibimiento-arabia-saudi\\\/#primaryimage\",\"url\":\"https:\\\/\\\/bxrepsol.s3.eu-west-1.amazonaws.com\\\/static\\\/2022\\\/08\\\/29091107\\\/00_isidre_esteve_txema_villalobos_dakar_llegada_2020.jpg\",\"contentUrl\":\"https:\\\/\\\/bxrepsol.s3.eu-west-1.amazonaws.com\\\/static\\\/2022\\\/08\\\/29091107\\\/00_isidre_esteve_txema_villalobos_dakar_llegada_2020.jpg\",\"width\":1280,\"height\":600,\"caption\":\"Isidre Esteve y Txema Villalobos en el primer Dakar asi\u00e1tico en Arabia Saud\u00ed\"},{\"@type\":\"BreadcrumbList\",\"@id\":\"https:\\\/\\\/www.boxrepsol.com\\\/es\\\/rally\\\/isidre-esteve-agradecido-recibimiento-arabia-saudi\\\/#breadcrumb\",\"itemListElement\":[{\"@type\":\"ListItem\",\"position\":1,\"name\":\"Home\",\"item\":\"https:\\\/\\\/www.boxrepsol.com\\\/es\\\/\"},{\"@type\":\"ListItem\",\"position\":2,\"name\":\"Isidre Esteve, agradecido por el recibimiento en Arabia Saud\u00ed\"}]},{\"@type\":\"WebSite\",\"@id\":\"https:\\\/\\\/www.boxrepsol.com\\\/es\\\/#website\",\"url\":\"https:\\\/\\\/www.boxrepsol.com\\\/es\\\/\",\"name\":\"Box Repsol\",\"description\":\"Box Repsol Site\",\"publisher\":{\"@id\":\"https:\\\/\\\/www.boxrepsol.com\\\/es\\\/#organization\"},\"potentialAction\":[{\"@type\":\"SearchAction\",\"target\":{\"@type\":\"EntryPoint\",\"urlTemplate\":\"https:\\\/\\\/www.boxrepsol.com\\\/es\\\/?s={search_term_string}\"},\"query-input\":{\"@type\":\"PropertyValueSpecification\",\"valueRequired\":true,\"valueName\":\"search_term_string\"}}],\"inLanguage\":\"es\"},{\"@type\":\"Organization\",\"@id\":\"https:\\\/\\\/www.boxrepsol.com\\\/es\\\/#organization\",\"name\":\"Box Repsol\",\"url\":\"https:\\\/\\\/www.boxrepsol.com\\\/es\\\/\",\"logo\":{\"@type\":\"ImageObject\",\"inLanguage\":\"es\",\"@id\":\"https:\\\/\\\/www.boxrepsol.com\\\/es\\\/#\\\/schema\\\/logo\\\/image\\\/\",\"url\":\"https:\\\/\\\/bxrepsol.s3.eu-west-1.amazonaws.com\\\/static\\\/2025\\\/07\\\/30083337\\\/favicon-96x96-1.png\",\"contentUrl\":\"https:\\\/\\\/bxrepsol.s3.eu-west-1.amazonaws.com\\\/static\\\/2025\\\/07\\\/30083337\\\/favicon-96x96-1.png\",\"width\":96,\"height\":96,\"caption\":\"Box Repsol\"},\"image\":{\"@id\":\"https:\\\/\\\/www.boxrepsol.com\\\/es\\\/#\\\/schema\\\/logo\\\/image\\\/\"},\"sameAs\":[\"https:\\\/\\\/www.facebook.com\\\/BoxRepsol\",\"https:\\\/\\\/x.com\\\/box_repsol\",\"http:\\\/\\\/instagram.com\\\/box_repsol\",\"https:\\\/\\\/www.youtube.com\\\/user\\\/RepsolCompeticion\",\"https:\\\/\\\/www.flickr.com\\\/photos\\\/box_repsol\\\/\"]},{\"@type\":\"Person\",\"@id\":\"https:\\\/\\\/www.boxrepsol.com\\\/es\\\/#\\\/schema\\\/person\\\/c5c2138f2cca251b0ad92b7086bb60b7\",\"name\":\"Redacci\u00f3n Box Repsol\",\"image\":{\"@type\":\"ImageObject\",\"inLanguage\":\"es\",\"@id\":\"https:\\\/\\\/secure.gravatar.com\\\/avatar\\\/adf7b77e38b4419baf32c7e9c21dde01f4e40df611f0978e3006fc4ba0aaab7e?s=96&d=mm&r=g\",\"url\":\"https:\\\/\\\/secure.gravatar.com\\\/avatar\\\/adf7b77e38b4419baf32c7e9c21dde01f4e40df611f0978e3006fc4ba0aaab7e?s=96&d=mm&r=g\",\"contentUrl\":\"https:\\\/\\\/secure.gravatar.com\\\/avatar\\\/adf7b77e38b4419baf32c7e9c21dde01f4e40df611f0978e3006fc4ba0aaab7e?s=96&d=mm&r=g\",\"caption\":\"Redacci\u00f3n Box Repsol\"},\"description\":\"Box Repsol lo forma un equipo de periodistas, community managers, dise\u00f1adores y fot\u00f3grafos con m\u00e1s de 20 a\u00f1os de experiencia en el mundo del motorsport. Hemos vivido el primer mundial de un espa\u00f1ol en la categor\u00eda reina de motociclismo con \u00c1lex Crivill\u00e9, estuvimos en las victorias de Pedrosa y los t\u00edtulos de M\u00e1rquez, acompa\u00f1amos en \u00c1frica a Nani Roma y Marc Coma en sus conquistas del Dakar y hemos vibrado con los t\u00edtulos de Toni Bou en Trial. Adem\u00e1s, en nuestro equipo contamos con expertos en el mundo de las dos y cuatro ruedas tanto de la calle y las carreteras, como de los circuitos. Periodistas que han trabajado en revistas y publicaciones para hacerte llegar desde rutas y consejos de mantenimiento, a curiosidades y trucos de pilotaje.\",\"sameAs\":[\"https:\\\/\\\/www.facebook.com\\\/BoxRepsol\\\/\",\"https:\\\/\\\/www.instagram.com\\\/box_repsol\\\/\",\"https:\\\/\\\/x.com\\\/https:\\\/\\\/twitter.com\\\/box_repsol\",\"https:\\\/\\\/www.youtube.com\\\/@Boxrepsol\"],\"url\":\"https:\\\/\\\/www.boxrepsol.com\\\/es\\\/author\\\/redaccion-box-repsol\\\/\"}]}<\/script>\n<!-- \/ Yoast SEO plugin. -->","yoast_head_json":{"title":"Isidre Esteve, agradecido por el recibimiento en Arabia Saud\u00ed - Box Repsol","description":"El piloto del Repsol Rally Team ha desfilado junto al resto de participantes por el podio de salida de Jeddah, Arabia Saud\u00ed.","canonical":"https:\/\/www.boxrepsol.com\/es\/rally\/isidre-esteve-agradecido-recibimiento-arabia-saudi\/","og_locale":"es_ES","og_type":"article","og_title":"Isidre Esteve, agradecido por el recibimiento en Arabia Saud\u00ed - Box Repsol","og_description":"El piloto del Repsol Rally Team ha desfilado junto al resto de participantes por el podio de salida de Jeddah, Arabia Saud\u00ed.","og_url":"https:\/\/www.boxrepsol.com\/es\/rally\/isidre-esteve-agradecido-recibimiento-arabia-saudi\/","og_site_name":"Box Repsol","article_publisher":"https:\/\/www.facebook.com\/BoxRepsol","article_author":"https:\/\/www.facebook.com\/BoxRepsol\/","article_published_time":"2020-01-07T02:00:00+00:00","article_modified_time":"2024-04-22T11:55:03+00:00","og_image":[{"width":1280,"height":600,"url":"https:\/\/bxrepsol.s3.eu-west-1.amazonaws.com\/static\/2022\/08\/29091107\/00_isidre_esteve_txema_villalobos_dakar_llegada_2020.jpg","type":"image\/jpeg"}],"author":"Redacci\u00f3n Box Repsol","twitter_card":"summary_large_image","twitter_creator":"@https:\/\/twitter.com\/box_repsol","twitter_site":"@box_repsol","twitter_misc":{"Written by":"Redacci\u00f3n Box Repsol","Est. reading time":"3 minutos"},"schema":{"@context":"https:\/\/schema.org","@graph":[{"@type":"Article","@id":"https:\/\/www.boxrepsol.com\/es\/rally\/isidre-esteve-agradecido-recibimiento-arabia-saudi\/#article","isPartOf":{"@id":"https:\/\/www.boxrepsol.com\/es\/rally\/isidre-esteve-agradecido-recibimiento-arabia-saudi\/"},"author":{"name":"Redacci\u00f3n Box Repsol","@id":"https:\/\/www.boxrepsol.com\/es\/#\/schema\/person\/c5c2138f2cca251b0ad92b7086bb60b7"},"headline":"Isidre Esteve, agradecido por el recibimiento en Arabia Saud\u00ed","datePublished":"2020-01-07T02:00:00+00:00","dateModified":"2024-04-22T11:55:03+00:00","mainEntityOfPage":{"@id":"https:\/\/www.boxrepsol.com\/es\/rally\/isidre-esteve-agradecido-recibimiento-arabia-saudi\/"},"wordCount":517,"commentCount":0,"publisher":{"@id":"https:\/\/www.boxrepsol.com\/es\/#organization"},"image":{"@id":"https:\/\/www.boxrepsol.com\/es\/rally\/isidre-esteve-agradecido-recibimiento-arabia-saudi\/#primaryimage"},"thumbnailUrl":"https:\/\/bxrepsol.s3.eu-west-1.amazonaws.com\/static\/2022\/08\/29091107\/00_isidre_esteve_txema_villalobos_dakar_llegada_2020.jpg","keywords":["2020","Isidre Esteve","Repsol Rally Team"],"articleSection":["Rally"],"inLanguage":"es","potentialAction":[{"@type":"CommentAction","name":"Comment","target":["https:\/\/www.boxrepsol.com\/es\/rally\/isidre-esteve-agradecido-recibimiento-arabia-saudi\/#respond"]}]},{"@type":"WebPage","@id":"https:\/\/www.boxrepsol.com\/es\/rally\/isidre-esteve-agradecido-recibimiento-arabia-saudi\/","url":"https:\/\/www.boxrepsol.com\/es\/rally\/isidre-esteve-agradecido-recibimiento-arabia-saudi\/","name":"Isidre Esteve, agradecido por el recibimiento en Arabia Saud\u00ed - Box Repsol","isPartOf":{"@id":"https:\/\/www.boxrepsol.com\/es\/#website"},"primaryImageOfPage":{"@id":"https:\/\/www.boxrepsol.com\/es\/rally\/isidre-esteve-agradecido-recibimiento-arabia-saudi\/#primaryimage"},"image":{"@id":"https:\/\/www.boxrepsol.com\/es\/rally\/isidre-esteve-agradecido-recibimiento-arabia-saudi\/#primaryimage"},"thumbnailUrl":"https:\/\/bxrepsol.s3.eu-west-1.amazonaws.com\/static\/2022\/08\/29091107\/00_isidre_esteve_txema_villalobos_dakar_llegada_2020.jpg","datePublished":"2020-01-07T02:00:00+00:00","dateModified":"2024-04-22T11:55:03+00:00","description":"El piloto del Repsol Rally Team ha desfilado junto al resto de participantes por el podio de salida de Jeddah, Arabia Saud\u00ed.","breadcrumb":{"@id":"https:\/\/www.boxrepsol.com\/es\/rally\/isidre-esteve-agradecido-recibimiento-arabia-saudi\/#breadcrumb"},"inLanguage":"es","potentialAction":[{"@type":"ReadAction","target":["https:\/\/www.boxrepsol.com\/es\/rally\/isidre-esteve-agradecido-recibimiento-arabia-saudi\/"]}]},{"@type":"ImageObject","inLanguage":"es","@id":"https:\/\/www.boxrepsol.com\/es\/rally\/isidre-esteve-agradecido-recibimiento-arabia-saudi\/#primaryimage","url":"https:\/\/bxrepsol.s3.eu-west-1.amazonaws.com\/static\/2022\/08\/29091107\/00_isidre_esteve_txema_villalobos_dakar_llegada_2020.jpg","contentUrl":"https:\/\/bxrepsol.s3.eu-west-1.amazonaws.com\/static\/2022\/08\/29091107\/00_isidre_esteve_txema_villalobos_dakar_llegada_2020.jpg","width":1280,"height":600,"caption":"Isidre Esteve y Txema Villalobos en el primer Dakar asi\u00e1tico en Arabia Saud\u00ed"},{"@type":"BreadcrumbList","@id":"https:\/\/www.boxrepsol.com\/es\/rally\/isidre-esteve-agradecido-recibimiento-arabia-saudi\/#breadcrumb","itemListElement":[{"@type":"ListItem","position":1,"name":"Home","item":"https:\/\/www.boxrepsol.com\/es\/"},{"@type":"ListItem","position":2,"name":"Isidre Esteve, agradecido por el recibimiento en Arabia Saud\u00ed"}]},{"@type":"WebSite","@id":"https:\/\/www.boxrepsol.com\/es\/#website","url":"https:\/\/www.boxrepsol.com\/es\/","name":"Box Repsol","description":"Box Repsol Site","publisher":{"@id":"https:\/\/www.boxrepsol.com\/es\/#organization"},"potentialAction":[{"@type":"SearchAction","target":{"@type":"EntryPoint","urlTemplate":"https:\/\/www.boxrepsol.com\/es\/?s={search_term_string}"},"query-input":{"@type":"PropertyValueSpecification","valueRequired":true,"valueName":"search_term_string"}}],"inLanguage":"es"},{"@type":"Organization","@id":"https:\/\/www.boxrepsol.com\/es\/#organization","name":"Box Repsol","url":"https:\/\/www.boxrepsol.com\/es\/","logo":{"@type":"ImageObject","inLanguage":"es","@id":"https:\/\/www.boxrepsol.com\/es\/#\/schema\/logo\/image\/","url":"https:\/\/bxrepsol.s3.eu-west-1.amazonaws.com\/static\/2025\/07\/30083337\/favicon-96x96-1.png","contentUrl":"https:\/\/bxrepsol.s3.eu-west-1.amazonaws.com\/static\/2025\/07\/30083337\/favicon-96x96-1.png","width":96,"height":96,"caption":"Box Repsol"},"image":{"@id":"https:\/\/www.boxrepsol.com\/es\/#\/schema\/logo\/image\/"},"sameAs":["https:\/\/www.facebook.com\/BoxRepsol","https:\/\/x.com\/box_repsol","http:\/\/instagram.com\/box_repsol","https:\/\/www.youtube.com\/user\/RepsolCompeticion","https:\/\/www.flickr.com\/photos\/box_repsol\/"]},{"@type":"Person","@id":"https:\/\/www.boxrepsol.com\/es\/#\/schema\/person\/c5c2138f2cca251b0ad92b7086bb60b7","name":"Redacci\u00f3n Box Repsol","image":{"@type":"ImageObject","inLanguage":"es","@id":"https:\/\/secure.gravatar.com\/avatar\/adf7b77e38b4419baf32c7e9c21dde01f4e40df611f0978e3006fc4ba0aaab7e?s=96&d=mm&r=g","url":"https:\/\/secure.gravatar.com\/avatar\/adf7b77e38b4419baf32c7e9c21dde01f4e40df611f0978e3006fc4ba0aaab7e?s=96&d=mm&r=g","contentUrl":"https:\/\/secure.gravatar.com\/avatar\/adf7b77e38b4419baf32c7e9c21dde01f4e40df611f0978e3006fc4ba0aaab7e?s=96&d=mm&r=g","caption":"Redacci\u00f3n Box Repsol"},"description":"Box Repsol lo forma un equipo de periodistas, community managers, dise\u00f1adores y fot\u00f3grafos con m\u00e1s de 20 a\u00f1os de experiencia en el mundo del motorsport. Hemos vivido el primer mundial de un espa\u00f1ol en la categor\u00eda reina de motociclismo con \u00c1lex Crivill\u00e9, estuvimos en las victorias de Pedrosa y los t\u00edtulos de M\u00e1rquez, acompa\u00f1amos en \u00c1frica a Nani Roma y Marc Coma en sus conquistas del Dakar y hemos vibrado con los t\u00edtulos de Toni Bou en Trial. Adem\u00e1s, en nuestro equipo contamos con expertos en el mundo de las dos y cuatro ruedas tanto de la calle y las carreteras, como de los circuitos. Periodistas que han trabajado en revistas y publicaciones para hacerte llegar desde rutas y consejos de mantenimiento, a curiosidades y trucos de pilotaje.","sameAs":["https:\/\/www.facebook.com\/BoxRepsol\/","https:\/\/www.instagram.com\/box_repsol\/","https:\/\/x.com\/https:\/\/twitter.com\/box_repsol","https:\/\/www.youtube.com\/@Boxrepsol"],"url":"https:\/\/www.boxrepsol.com\/es\/author\/redaccion-box-repsol\/"}]}},"_links":{"self":[{"href":"https:\/\/www.boxrepsol.com\/es\/wp-json\/wp\/v2\/posts\/94332","targetHints":{"allow":["GET"]}}],"collection":[{"href":"https:\/\/www.boxrepsol.com\/es\/wp-json\/wp\/v2\/posts"}],"about":[{"href":"https:\/\/www.boxrepsol.com\/es\/wp-json\/wp\/v2\/types\/post"}],"author":[{"embeddable":true,"href":"https:\/\/www.boxrepsol.com\/es\/wp-json\/wp\/v2\/users\/43146"}],"replies":[{"embeddable":true,"href":"https:\/\/www.boxrepsol.com\/es\/wp-json\/wp\/v2\/comments?post=94332"}],"version-history":[{"count":1,"href":"https:\/\/www.boxrepsol.com\/es\/wp-json\/wp\/v2\/posts\/94332\/revisions"}],"predecessor-version":[{"id":94333,"href":"https:\/\/www.boxrepsol.com\/es\/wp-json\/wp\/v2\/posts\/94332\/revisions\/94333"}],"wp:featuredmedia":[{"embeddable":true,"href":"https:\/\/www.boxrepsol.com\/es\/wp-json\/wp\/v2\/media\/63453"}],"wp:attachment":[{"href":"https:\/\/www.boxrepsol.com\/es\/wp-json\/wp\/v2\/media?parent=94332"}],"wp:term":[{"taxonomy":"category","embeddable":true,"href":"https:\/\/www.boxrepsol.com\/es\/wp-json\/wp\/v2\/categories?post=94332"},{"taxonomy":"post_tag","embeddable":true,"href":"https:\/\/www.boxrepsol.com\/es\/wp-json\/wp\/v2\/tags?post=94332"}],"curies":[{"name":"wp","href":"https:\/\/api.w.org\/{rel}","templated":true}]}}