{"id":94330,"date":"2020-01-03T00:00:00","date_gmt":"2020-01-03T02:00:00","guid":{"rendered":"http:\/\/pre.boxrepsol.com\/sin-categorizar\/isidre-esteve-parte-hacia-jeddah-ganas-vivir-primer-dakar-asiatico-la-historia\/"},"modified":"2024-04-22T10:12:41","modified_gmt":"2024-04-22T12:12:41","slug":"isidre-esteve-parte-hacia-jeddah-ganas-vivir-primer-dakar-asiatico-la-historia","status":"publish","type":"post","link":"https:\/\/www.boxrepsol.com\/es\/rally\/isidre-esteve-parte-hacia-jeddah-ganas-vivir-primer-dakar-asiatico-la-historia\/","title":{"rendered":"Isidre Esteve parte hacia Jeddah con ganas de vivir el primer Dakar asi\u00e1tico de la historia"},"content":{"rendered":"<p>Isidre Esteve ha iniciado este jueves su viaje hacia Arabia Saud\u00ed,<a href=\"https:\/\/www.boxrepsol.com\/es\/rally\/sigue-la-ruta-del-dakar-2020\/\"> escenario de la 42\u00aa edici\u00f3n del Rally Dakar<\/a> y <strong>la primera que se celebrar\u00e1 en el continente asi\u00e1tico<\/strong>. El piloto del Repsol Rally Team ha partido desde el aeropuerto de Barcelona rumbo a Jeddah, donde aterrizar\u00e1 ma\u00f1ana viernes a primera hora, tras realizar una breve escala en Estambul (Turqu\u00eda).<\/p>\n<p><em>\u201cYa tenemos muchas ganas de llegar a Jeddah para realizar el \u00faltimo test con el coche, pasar las verificaciones y empezar a vivir el ambiente del nuevo Dakar en Arabia Saud\u00ed. Llevamos todo el a\u00f1o esperando este momento y ahora s\u00ed que podemos decir que el inicio est\u00e1 realmente cerca\u201d<\/em>, reconoc\u00eda el ilerdense desde la Terminal 1 del aeropuerto barcelon\u00e9s.<\/p>\n<p><strong>El Dakar 2020 se presenta cargado de inc\u00f3gnitas que Isidre Esteve afronta con optimismo<\/strong>: <em>\u201cSer\u00e1 una carrera nueva que buscar\u00e1 recuperar el esp\u00edritu africano de sus inicios, con etapas muy largas y mucho desierto. En Sudam\u00e9rica vivimos una era muy bonita e hicimos grandes amigos, pero el Dakar necesitaba un cambio y estoy convencido de que nos espera una edici\u00f3n dif\u00edcil y apasionante\u201d<\/em>.<\/p>\n<p><a href=\"https:\/\/bxrepsol.s3.eu-west-1.amazonaws.com\/static\/2022\/08\/05071430\/00_isidre_esteve_prensa_repsol_rally_Team.jpg\" \n   title=\"Isidre Esteve delante de los micr\u00f3fonos\" \n   data-gallery-thumbnail=\"https:\/\/bxrepsol.s3.eu-west-1.amazonaws.com\/static\/2022\/08\/05071430\/00_isidre_esteve_prensa_repsol_rally_Team.jpg\"\n   data-gallery-title=\"\"\n   data-gallery><\/p>\n<figure>\n        <picture style=\"padding-bottom: 66.723116003387%; background-image: url(https:\/\/bxrepsol.s3.eu-west-1.amazonaws.com\/static\/2022\/08\/05071430\/00_isidre_esteve_prensa_repsol_rally_Team.jpg);\">\n            <img decoding=\"async\" src=\"https:\/\/bxrepsol.s3.eu-west-1.amazonaws.com\/static\/2022\/08\/05071430\/00_isidre_esteve_prensa_repsol_rally_Team.jpg\"><br \/>\n            <img itemprop=\"image\"\n                data-srcset=\"https:\/\/bxrepsol.s3.eu-west-1.amazonaws.com\/static\/2022\/08\/05071430\/00_isidre_esteve_prensa_repsol_rally_Team.jpg 480w, https:\/\/bxrepsol.s3.eu-west-1.amazonaws.com\/static\/2022\/08\/05071430\/00_isidre_esteve_prensa_repsol_rally_Team.jpg 600w, https:\/\/bxrepsol.s3.eu-west-1.amazonaws.com\/static\/2022\/08\/05071430\/00_isidre_esteve_prensa_repsol_rally_Team.jpg 900w\"\n                data-src=\"https:\/\/bxrepsol.s3.eu-west-1.amazonaws.com\/static\/2022\/08\/05071430\/00_isidre_esteve_prensa_repsol_rally_Team.jpg\"\n                alt=\"Isidre Esteve delante de los micr\u00f3fonos\"\n                title=\"Isidre Esteve responde a la prensa en el aeropuerto del Prat\"\/><br \/>\n            <noscript><img decoding=\"async\" src=\"https:\/\/bxrepsol.s3.eu-west-1.amazonaws.com\/static\/2022\/08\/05071430\/00_isidre_esteve_prensa_repsol_rally_Team.jpg\" alt=\"Isidre Esteve delante de los micr\u00f3fonos\"><\/noscript>\n        <\/picture><figcaption>Isidre Esteve delante de los micr\u00f3fonos<\/figcaption><\/figure>\n<p><\/a><\/p>\n<p>Para afrontarlo con las m\u00e1ximas garant\u00edas posibles, el Repsol Rally Team ha introducido novedades en su todo terreno con los mandos adaptados en el volante. <em>\u201cDespu\u00e9s de tres a\u00f1os con el mismo coche, hemos ido progresando para ganar competitividad y llegamos mejor que nunca. Nos gustar\u00eda mejorar el 21 lugar de las dos \u00faltimas ediciones y luchar por acabar entre los 15 primeros, aunque no ser\u00e1 f\u00e1cil porque el nivel cada vez es m\u00e1s alto y tenemos rivales muy potentes\u201d<\/em>.<\/p>\n<p>El de Oliana viaja acompa\u00f1ado de su copiloto Txema Villalobos; su pareja y preparadora f\u00edsica Lidia Guerrero y sus mec\u00e1nicos de confianza David Pigem y Carlos M\u00e9ndez. Los cinco integrantes del Repsol Rally Team llegar\u00e1n a Oriente Pr\u00f3ximo el viernes a las 5h20 hora local. Les aguardar\u00e1 un primer d\u00eda de mucho ajetreo, ya que deber\u00e1n realizar un breve \u2018shakedown\u2019 y pasar las verificaciones t\u00e9cnicas.<\/p>\n<p><strong>El objetivo es comprobar que su prototipo BV6 de la categor\u00eda T1.2<\/strong> (todoterreno 4&#215;4 di\u00e9sel modificados) <strong>est\u00e1 en perfecto estado <\/strong>para comenzar la prueba el pr\u00f3ximo domingo 5 de enero en Jeddah. El rally m\u00e1s duro del mundo finalizar\u00e1 el d\u00eda 17 en Qiddiya, tras recorrer 12 exigentes etapas y 7.800 kil\u00f3metros, de los que 5.000 ser\u00e1n cronometrados. Isidre Esteve prev\u00e9 <em>\u201cuna edici\u00f3n muy dura desde el primer d\u00eda y con muchas sorpresas, por lo que habr\u00e1 que ser prudente y no olvidar en ning\u00fan momento que nuestro primer objetivo es acabar\u201d<\/em>.<\/p>\n","protected":false},"excerpt":{"rendered":"<p>El piloto del Repsol Rally Team vuela a Arabia Saud\u00ed, donde ma\u00f1ana realizar\u00e1 un \u00faltimo test con su coche antes de pasar las verificaciones.<\/p>\n","protected":false},"author":43146,"featured_media":63445,"comment_status":"open","ping_status":"open","sticky":false,"template":"","format":"standard","meta":{"footnotes":""},"categories":[27],"tags":[191,29,183],"class_list":["post-94330","post","type-post","status-publish","format-standard","hentry","category-rally","tag-191","tag-isidre-esteve","tag-repsol-rally-team"],"yoast_head":"<!-- This site is optimized with the Yoast SEO plugin v27.3 - https:\/\/yoast.com\/product\/yoast-seo-wordpress\/ -->\n<title>Isidre Esteve parte hacia Jeddah con ganas de vivir el primer Dakar asi\u00e1tico de la historia - Box Repsol<\/title>\n<meta name=\"description\" content=\"El piloto del Repsol Rally Team vuela a Arabia Saud\u00ed, donde ma\u00f1ana realizar\u00e1 un \u00faltimo test con su coche antes de pasar las verificaciones.\" \/>\n<link rel=\"canonical\" href=\"https:\/\/www.boxrepsol.com\/es\/rally\/isidre-esteve-parte-hacia-jeddah-ganas-vivir-primer-dakar-asiatico-la-historia\/\" \/>\n<meta property=\"og:locale\" content=\"es_ES\" \/>\n<meta property=\"og:type\" content=\"article\" \/>\n<meta property=\"og:title\" content=\"Isidre Esteve parte hacia Jeddah con ganas de vivir el primer Dakar asi\u00e1tico de la historia - Box Repsol\" \/>\n<meta property=\"og:description\" content=\"El piloto del Repsol Rally Team vuela a Arabia Saud\u00ed, donde ma\u00f1ana realizar\u00e1 un \u00faltimo test con su coche antes de pasar las verificaciones.\" \/>\n<meta property=\"og:url\" content=\"https:\/\/www.boxrepsol.com\/es\/rally\/isidre-esteve-parte-hacia-jeddah-ganas-vivir-primer-dakar-asiatico-la-historia\/\" \/>\n<meta property=\"og:site_name\" content=\"Box Repsol\" \/>\n<meta property=\"article:publisher\" content=\"https:\/\/www.facebook.com\/BoxRepsol\" \/>\n<meta property=\"article:author\" content=\"https:\/\/www.facebook.com\/BoxRepsol\/\" \/>\n<meta property=\"article:published_time\" content=\"2020-01-03T02:00:00+00:00\" \/>\n<meta property=\"article:modified_time\" content=\"2024-04-22T12:12:41+00:00\" \/>\n<meta property=\"og:image\" content=\"https:\/\/bxrepsol.s3.eu-west-1.amazonaws.com\/static\/2022\/08\/29091102\/00_isidre_esteve_txema_villalobos_repsol_rally_team_2020.jpg\" \/>\n\t<meta property=\"og:image:width\" content=\"1280\" \/>\n\t<meta property=\"og:image:height\" content=\"600\" \/>\n\t<meta property=\"og:image:type\" content=\"image\/jpeg\" \/>\n<meta name=\"author\" content=\"Redacci\u00f3n Box Repsol\" \/>\n<meta name=\"twitter:card\" content=\"summary_large_image\" \/>\n<meta name=\"twitter:creator\" content=\"@https:\/\/twitter.com\/box_repsol\" \/>\n<meta name=\"twitter:site\" content=\"@box_repsol\" \/>\n<meta name=\"twitter:label1\" content=\"Written by\" \/>\n\t<meta name=\"twitter:data1\" content=\"Redacci\u00f3n Box Repsol\" \/>\n\t<meta name=\"twitter:label2\" content=\"Est. reading time\" \/>\n\t<meta name=\"twitter:data2\" content=\"2 minutos\" \/>\n<script type=\"application\/ld+json\" class=\"yoast-schema-graph\">{\"@context\":\"https:\\\/\\\/schema.org\",\"@graph\":[{\"@type\":\"Article\",\"@id\":\"https:\\\/\\\/www.boxrepsol.com\\\/es\\\/rally\\\/isidre-esteve-parte-hacia-jeddah-ganas-vivir-primer-dakar-asiatico-la-historia\\\/#article\",\"isPartOf\":{\"@id\":\"https:\\\/\\\/www.boxrepsol.com\\\/es\\\/rally\\\/isidre-esteve-parte-hacia-jeddah-ganas-vivir-primer-dakar-asiatico-la-historia\\\/\"},\"author\":{\"name\":\"Redacci\u00f3n Box Repsol\",\"@id\":\"https:\\\/\\\/www.boxrepsol.com\\\/es\\\/#\\\/schema\\\/person\\\/c5c2138f2cca251b0ad92b7086bb60b7\"},\"headline\":\"Isidre Esteve parte hacia Jeddah con ganas de vivir el primer Dakar asi\u00e1tico de la historia\",\"datePublished\":\"2020-01-03T02:00:00+00:00\",\"dateModified\":\"2024-04-22T12:12:41+00:00\",\"mainEntityOfPage\":{\"@id\":\"https:\\\/\\\/www.boxrepsol.com\\\/es\\\/rally\\\/isidre-esteve-parte-hacia-jeddah-ganas-vivir-primer-dakar-asiatico-la-historia\\\/\"},\"wordCount\":472,\"commentCount\":0,\"publisher\":{\"@id\":\"https:\\\/\\\/www.boxrepsol.com\\\/es\\\/#organization\"},\"image\":{\"@id\":\"https:\\\/\\\/www.boxrepsol.com\\\/es\\\/rally\\\/isidre-esteve-parte-hacia-jeddah-ganas-vivir-primer-dakar-asiatico-la-historia\\\/#primaryimage\"},\"thumbnailUrl\":\"https:\\\/\\\/bxrepsol.s3.eu-west-1.amazonaws.com\\\/static\\\/2022\\\/08\\\/29091102\\\/00_isidre_esteve_txema_villalobos_repsol_rally_team_2020.jpg\",\"keywords\":[\"2020\",\"Isidre Esteve\",\"Repsol Rally Team\"],\"articleSection\":[\"Rally\"],\"inLanguage\":\"es\",\"potentialAction\":[{\"@type\":\"CommentAction\",\"name\":\"Comment\",\"target\":[\"https:\\\/\\\/www.boxrepsol.com\\\/es\\\/rally\\\/isidre-esteve-parte-hacia-jeddah-ganas-vivir-primer-dakar-asiatico-la-historia\\\/#respond\"]}]},{\"@type\":\"WebPage\",\"@id\":\"https:\\\/\\\/www.boxrepsol.com\\\/es\\\/rally\\\/isidre-esteve-parte-hacia-jeddah-ganas-vivir-primer-dakar-asiatico-la-historia\\\/\",\"url\":\"https:\\\/\\\/www.boxrepsol.com\\\/es\\\/rally\\\/isidre-esteve-parte-hacia-jeddah-ganas-vivir-primer-dakar-asiatico-la-historia\\\/\",\"name\":\"Isidre Esteve parte hacia Jeddah con ganas de vivir el primer Dakar asi\u00e1tico de la historia - Box Repsol\",\"isPartOf\":{\"@id\":\"https:\\\/\\\/www.boxrepsol.com\\\/es\\\/#website\"},\"primaryImageOfPage\":{\"@id\":\"https:\\\/\\\/www.boxrepsol.com\\\/es\\\/rally\\\/isidre-esteve-parte-hacia-jeddah-ganas-vivir-primer-dakar-asiatico-la-historia\\\/#primaryimage\"},\"image\":{\"@id\":\"https:\\\/\\\/www.boxrepsol.com\\\/es\\\/rally\\\/isidre-esteve-parte-hacia-jeddah-ganas-vivir-primer-dakar-asiatico-la-historia\\\/#primaryimage\"},\"thumbnailUrl\":\"https:\\\/\\\/bxrepsol.s3.eu-west-1.amazonaws.com\\\/static\\\/2022\\\/08\\\/29091102\\\/00_isidre_esteve_txema_villalobos_repsol_rally_team_2020.jpg\",\"datePublished\":\"2020-01-03T02:00:00+00:00\",\"dateModified\":\"2024-04-22T12:12:41+00:00\",\"description\":\"El piloto del Repsol Rally Team vuela a Arabia Saud\u00ed, donde ma\u00f1ana realizar\u00e1 un \u00faltimo test con su coche antes de pasar las verificaciones.\",\"breadcrumb\":{\"@id\":\"https:\\\/\\\/www.boxrepsol.com\\\/es\\\/rally\\\/isidre-esteve-parte-hacia-jeddah-ganas-vivir-primer-dakar-asiatico-la-historia\\\/#breadcrumb\"},\"inLanguage\":\"es\",\"potentialAction\":[{\"@type\":\"ReadAction\",\"target\":[\"https:\\\/\\\/www.boxrepsol.com\\\/es\\\/rally\\\/isidre-esteve-parte-hacia-jeddah-ganas-vivir-primer-dakar-asiatico-la-historia\\\/\"]}]},{\"@type\":\"ImageObject\",\"inLanguage\":\"es\",\"@id\":\"https:\\\/\\\/www.boxrepsol.com\\\/es\\\/rally\\\/isidre-esteve-parte-hacia-jeddah-ganas-vivir-primer-dakar-asiatico-la-historia\\\/#primaryimage\",\"url\":\"https:\\\/\\\/bxrepsol.s3.eu-west-1.amazonaws.com\\\/static\\\/2022\\\/08\\\/29091102\\\/00_isidre_esteve_txema_villalobos_repsol_rally_team_2020.jpg\",\"contentUrl\":\"https:\\\/\\\/bxrepsol.s3.eu-west-1.amazonaws.com\\\/static\\\/2022\\\/08\\\/29091102\\\/00_isidre_esteve_txema_villalobos_repsol_rally_team_2020.jpg\",\"width\":1280,\"height\":600,\"caption\":\"Isidre Esteve antes de salir hacia Jeddah\"},{\"@type\":\"BreadcrumbList\",\"@id\":\"https:\\\/\\\/www.boxrepsol.com\\\/es\\\/rally\\\/isidre-esteve-parte-hacia-jeddah-ganas-vivir-primer-dakar-asiatico-la-historia\\\/#breadcrumb\",\"itemListElement\":[{\"@type\":\"ListItem\",\"position\":1,\"name\":\"Home\",\"item\":\"https:\\\/\\\/www.boxrepsol.com\\\/es\\\/\"},{\"@type\":\"ListItem\",\"position\":2,\"name\":\"Isidre Esteve parte hacia Jeddah con ganas de vivir el primer Dakar asi\u00e1tico de la historia\"}]},{\"@type\":\"WebSite\",\"@id\":\"https:\\\/\\\/www.boxrepsol.com\\\/es\\\/#website\",\"url\":\"https:\\\/\\\/www.boxrepsol.com\\\/es\\\/\",\"name\":\"Box Repsol\",\"description\":\"Box Repsol Site\",\"publisher\":{\"@id\":\"https:\\\/\\\/www.boxrepsol.com\\\/es\\\/#organization\"},\"potentialAction\":[{\"@type\":\"SearchAction\",\"target\":{\"@type\":\"EntryPoint\",\"urlTemplate\":\"https:\\\/\\\/www.boxrepsol.com\\\/es\\\/?s={search_term_string}\"},\"query-input\":{\"@type\":\"PropertyValueSpecification\",\"valueRequired\":true,\"valueName\":\"search_term_string\"}}],\"inLanguage\":\"es\"},{\"@type\":\"Organization\",\"@id\":\"https:\\\/\\\/www.boxrepsol.com\\\/es\\\/#organization\",\"name\":\"Box Repsol\",\"url\":\"https:\\\/\\\/www.boxrepsol.com\\\/es\\\/\",\"logo\":{\"@type\":\"ImageObject\",\"inLanguage\":\"es\",\"@id\":\"https:\\\/\\\/www.boxrepsol.com\\\/es\\\/#\\\/schema\\\/logo\\\/image\\\/\",\"url\":\"https:\\\/\\\/bxrepsol.s3.eu-west-1.amazonaws.com\\\/static\\\/2025\\\/07\\\/30083337\\\/favicon-96x96-1.png\",\"contentUrl\":\"https:\\\/\\\/bxrepsol.s3.eu-west-1.amazonaws.com\\\/static\\\/2025\\\/07\\\/30083337\\\/favicon-96x96-1.png\",\"width\":96,\"height\":96,\"caption\":\"Box Repsol\"},\"image\":{\"@id\":\"https:\\\/\\\/www.boxrepsol.com\\\/es\\\/#\\\/schema\\\/logo\\\/image\\\/\"},\"sameAs\":[\"https:\\\/\\\/www.facebook.com\\\/BoxRepsol\",\"https:\\\/\\\/x.com\\\/box_repsol\",\"http:\\\/\\\/instagram.com\\\/box_repsol\",\"https:\\\/\\\/www.youtube.com\\\/user\\\/RepsolCompeticion\",\"https:\\\/\\\/www.flickr.com\\\/photos\\\/box_repsol\\\/\"]},{\"@type\":\"Person\",\"@id\":\"https:\\\/\\\/www.boxrepsol.com\\\/es\\\/#\\\/schema\\\/person\\\/c5c2138f2cca251b0ad92b7086bb60b7\",\"name\":\"Redacci\u00f3n Box Repsol\",\"image\":{\"@type\":\"ImageObject\",\"inLanguage\":\"es\",\"@id\":\"https:\\\/\\\/secure.gravatar.com\\\/avatar\\\/adf7b77e38b4419baf32c7e9c21dde01f4e40df611f0978e3006fc4ba0aaab7e?s=96&d=mm&r=g\",\"url\":\"https:\\\/\\\/secure.gravatar.com\\\/avatar\\\/adf7b77e38b4419baf32c7e9c21dde01f4e40df611f0978e3006fc4ba0aaab7e?s=96&d=mm&r=g\",\"contentUrl\":\"https:\\\/\\\/secure.gravatar.com\\\/avatar\\\/adf7b77e38b4419baf32c7e9c21dde01f4e40df611f0978e3006fc4ba0aaab7e?s=96&d=mm&r=g\",\"caption\":\"Redacci\u00f3n Box Repsol\"},\"description\":\"Box Repsol lo forma un equipo de periodistas, community managers, dise\u00f1adores y fot\u00f3grafos con m\u00e1s de 20 a\u00f1os de experiencia en el mundo del motorsport. Hemos vivido el primer mundial de un espa\u00f1ol en la categor\u00eda reina de motociclismo con \u00c1lex Crivill\u00e9, estuvimos en las victorias de Pedrosa y los t\u00edtulos de M\u00e1rquez, acompa\u00f1amos en \u00c1frica a Nani Roma y Marc Coma en sus conquistas del Dakar y hemos vibrado con los t\u00edtulos de Toni Bou en Trial. Adem\u00e1s, en nuestro equipo contamos con expertos en el mundo de las dos y cuatro ruedas tanto de la calle y las carreteras, como de los circuitos. Periodistas que han trabajado en revistas y publicaciones para hacerte llegar desde rutas y consejos de mantenimiento, a curiosidades y trucos de pilotaje.\",\"sameAs\":[\"https:\\\/\\\/www.facebook.com\\\/BoxRepsol\\\/\",\"https:\\\/\\\/www.instagram.com\\\/box_repsol\\\/\",\"https:\\\/\\\/x.com\\\/https:\\\/\\\/twitter.com\\\/box_repsol\",\"https:\\\/\\\/www.youtube.com\\\/@Boxrepsol\"],\"url\":\"https:\\\/\\\/www.boxrepsol.com\\\/es\\\/author\\\/redaccion-box-repsol\\\/\"}]}<\/script>\n<!-- \/ Yoast SEO plugin. -->","yoast_head_json":{"title":"Isidre Esteve parte hacia Jeddah con ganas de vivir el primer Dakar asi\u00e1tico de la historia - Box Repsol","description":"El piloto del Repsol Rally Team vuela a Arabia Saud\u00ed, donde ma\u00f1ana realizar\u00e1 un \u00faltimo test con su coche antes de pasar las verificaciones.","canonical":"https:\/\/www.boxrepsol.com\/es\/rally\/isidre-esteve-parte-hacia-jeddah-ganas-vivir-primer-dakar-asiatico-la-historia\/","og_locale":"es_ES","og_type":"article","og_title":"Isidre Esteve parte hacia Jeddah con ganas de vivir el primer Dakar asi\u00e1tico de la historia - Box Repsol","og_description":"El piloto del Repsol Rally Team vuela a Arabia Saud\u00ed, donde ma\u00f1ana realizar\u00e1 un \u00faltimo test con su coche antes de pasar las verificaciones.","og_url":"https:\/\/www.boxrepsol.com\/es\/rally\/isidre-esteve-parte-hacia-jeddah-ganas-vivir-primer-dakar-asiatico-la-historia\/","og_site_name":"Box Repsol","article_publisher":"https:\/\/www.facebook.com\/BoxRepsol","article_author":"https:\/\/www.facebook.com\/BoxRepsol\/","article_published_time":"2020-01-03T02:00:00+00:00","article_modified_time":"2024-04-22T12:12:41+00:00","og_image":[{"width":1280,"height":600,"url":"https:\/\/bxrepsol.s3.eu-west-1.amazonaws.com\/static\/2022\/08\/29091102\/00_isidre_esteve_txema_villalobos_repsol_rally_team_2020.jpg","type":"image\/jpeg"}],"author":"Redacci\u00f3n Box Repsol","twitter_card":"summary_large_image","twitter_creator":"@https:\/\/twitter.com\/box_repsol","twitter_site":"@box_repsol","twitter_misc":{"Written by":"Redacci\u00f3n Box Repsol","Est. reading time":"2 minutos"},"schema":{"@context":"https:\/\/schema.org","@graph":[{"@type":"Article","@id":"https:\/\/www.boxrepsol.com\/es\/rally\/isidre-esteve-parte-hacia-jeddah-ganas-vivir-primer-dakar-asiatico-la-historia\/#article","isPartOf":{"@id":"https:\/\/www.boxrepsol.com\/es\/rally\/isidre-esteve-parte-hacia-jeddah-ganas-vivir-primer-dakar-asiatico-la-historia\/"},"author":{"name":"Redacci\u00f3n Box Repsol","@id":"https:\/\/www.boxrepsol.com\/es\/#\/schema\/person\/c5c2138f2cca251b0ad92b7086bb60b7"},"headline":"Isidre Esteve parte hacia Jeddah con ganas de vivir el primer Dakar asi\u00e1tico de la historia","datePublished":"2020-01-03T02:00:00+00:00","dateModified":"2024-04-22T12:12:41+00:00","mainEntityOfPage":{"@id":"https:\/\/www.boxrepsol.com\/es\/rally\/isidre-esteve-parte-hacia-jeddah-ganas-vivir-primer-dakar-asiatico-la-historia\/"},"wordCount":472,"commentCount":0,"publisher":{"@id":"https:\/\/www.boxrepsol.com\/es\/#organization"},"image":{"@id":"https:\/\/www.boxrepsol.com\/es\/rally\/isidre-esteve-parte-hacia-jeddah-ganas-vivir-primer-dakar-asiatico-la-historia\/#primaryimage"},"thumbnailUrl":"https:\/\/bxrepsol.s3.eu-west-1.amazonaws.com\/static\/2022\/08\/29091102\/00_isidre_esteve_txema_villalobos_repsol_rally_team_2020.jpg","keywords":["2020","Isidre Esteve","Repsol Rally Team"],"articleSection":["Rally"],"inLanguage":"es","potentialAction":[{"@type":"CommentAction","name":"Comment","target":["https:\/\/www.boxrepsol.com\/es\/rally\/isidre-esteve-parte-hacia-jeddah-ganas-vivir-primer-dakar-asiatico-la-historia\/#respond"]}]},{"@type":"WebPage","@id":"https:\/\/www.boxrepsol.com\/es\/rally\/isidre-esteve-parte-hacia-jeddah-ganas-vivir-primer-dakar-asiatico-la-historia\/","url":"https:\/\/www.boxrepsol.com\/es\/rally\/isidre-esteve-parte-hacia-jeddah-ganas-vivir-primer-dakar-asiatico-la-historia\/","name":"Isidre Esteve parte hacia Jeddah con ganas de vivir el primer Dakar asi\u00e1tico de la historia - Box Repsol","isPartOf":{"@id":"https:\/\/www.boxrepsol.com\/es\/#website"},"primaryImageOfPage":{"@id":"https:\/\/www.boxrepsol.com\/es\/rally\/isidre-esteve-parte-hacia-jeddah-ganas-vivir-primer-dakar-asiatico-la-historia\/#primaryimage"},"image":{"@id":"https:\/\/www.boxrepsol.com\/es\/rally\/isidre-esteve-parte-hacia-jeddah-ganas-vivir-primer-dakar-asiatico-la-historia\/#primaryimage"},"thumbnailUrl":"https:\/\/bxrepsol.s3.eu-west-1.amazonaws.com\/static\/2022\/08\/29091102\/00_isidre_esteve_txema_villalobos_repsol_rally_team_2020.jpg","datePublished":"2020-01-03T02:00:00+00:00","dateModified":"2024-04-22T12:12:41+00:00","description":"El piloto del Repsol Rally Team vuela a Arabia Saud\u00ed, donde ma\u00f1ana realizar\u00e1 un \u00faltimo test con su coche antes de pasar las verificaciones.","breadcrumb":{"@id":"https:\/\/www.boxrepsol.com\/es\/rally\/isidre-esteve-parte-hacia-jeddah-ganas-vivir-primer-dakar-asiatico-la-historia\/#breadcrumb"},"inLanguage":"es","potentialAction":[{"@type":"ReadAction","target":["https:\/\/www.boxrepsol.com\/es\/rally\/isidre-esteve-parte-hacia-jeddah-ganas-vivir-primer-dakar-asiatico-la-historia\/"]}]},{"@type":"ImageObject","inLanguage":"es","@id":"https:\/\/www.boxrepsol.com\/es\/rally\/isidre-esteve-parte-hacia-jeddah-ganas-vivir-primer-dakar-asiatico-la-historia\/#primaryimage","url":"https:\/\/bxrepsol.s3.eu-west-1.amazonaws.com\/static\/2022\/08\/29091102\/00_isidre_esteve_txema_villalobos_repsol_rally_team_2020.jpg","contentUrl":"https:\/\/bxrepsol.s3.eu-west-1.amazonaws.com\/static\/2022\/08\/29091102\/00_isidre_esteve_txema_villalobos_repsol_rally_team_2020.jpg","width":1280,"height":600,"caption":"Isidre Esteve antes de salir hacia Jeddah"},{"@type":"BreadcrumbList","@id":"https:\/\/www.boxrepsol.com\/es\/rally\/isidre-esteve-parte-hacia-jeddah-ganas-vivir-primer-dakar-asiatico-la-historia\/#breadcrumb","itemListElement":[{"@type":"ListItem","position":1,"name":"Home","item":"https:\/\/www.boxrepsol.com\/es\/"},{"@type":"ListItem","position":2,"name":"Isidre Esteve parte hacia Jeddah con ganas de vivir el primer Dakar asi\u00e1tico de la historia"}]},{"@type":"WebSite","@id":"https:\/\/www.boxrepsol.com\/es\/#website","url":"https:\/\/www.boxrepsol.com\/es\/","name":"Box Repsol","description":"Box Repsol Site","publisher":{"@id":"https:\/\/www.boxrepsol.com\/es\/#organization"},"potentialAction":[{"@type":"SearchAction","target":{"@type":"EntryPoint","urlTemplate":"https:\/\/www.boxrepsol.com\/es\/?s={search_term_string}"},"query-input":{"@type":"PropertyValueSpecification","valueRequired":true,"valueName":"search_term_string"}}],"inLanguage":"es"},{"@type":"Organization","@id":"https:\/\/www.boxrepsol.com\/es\/#organization","name":"Box Repsol","url":"https:\/\/www.boxrepsol.com\/es\/","logo":{"@type":"ImageObject","inLanguage":"es","@id":"https:\/\/www.boxrepsol.com\/es\/#\/schema\/logo\/image\/","url":"https:\/\/bxrepsol.s3.eu-west-1.amazonaws.com\/static\/2025\/07\/30083337\/favicon-96x96-1.png","contentUrl":"https:\/\/bxrepsol.s3.eu-west-1.amazonaws.com\/static\/2025\/07\/30083337\/favicon-96x96-1.png","width":96,"height":96,"caption":"Box Repsol"},"image":{"@id":"https:\/\/www.boxrepsol.com\/es\/#\/schema\/logo\/image\/"},"sameAs":["https:\/\/www.facebook.com\/BoxRepsol","https:\/\/x.com\/box_repsol","http:\/\/instagram.com\/box_repsol","https:\/\/www.youtube.com\/user\/RepsolCompeticion","https:\/\/www.flickr.com\/photos\/box_repsol\/"]},{"@type":"Person","@id":"https:\/\/www.boxrepsol.com\/es\/#\/schema\/person\/c5c2138f2cca251b0ad92b7086bb60b7","name":"Redacci\u00f3n Box Repsol","image":{"@type":"ImageObject","inLanguage":"es","@id":"https:\/\/secure.gravatar.com\/avatar\/adf7b77e38b4419baf32c7e9c21dde01f4e40df611f0978e3006fc4ba0aaab7e?s=96&d=mm&r=g","url":"https:\/\/secure.gravatar.com\/avatar\/adf7b77e38b4419baf32c7e9c21dde01f4e40df611f0978e3006fc4ba0aaab7e?s=96&d=mm&r=g","contentUrl":"https:\/\/secure.gravatar.com\/avatar\/adf7b77e38b4419baf32c7e9c21dde01f4e40df611f0978e3006fc4ba0aaab7e?s=96&d=mm&r=g","caption":"Redacci\u00f3n Box Repsol"},"description":"Box Repsol lo forma un equipo de periodistas, community managers, dise\u00f1adores y fot\u00f3grafos con m\u00e1s de 20 a\u00f1os de experiencia en el mundo del motorsport. Hemos vivido el primer mundial de un espa\u00f1ol en la categor\u00eda reina de motociclismo con \u00c1lex Crivill\u00e9, estuvimos en las victorias de Pedrosa y los t\u00edtulos de M\u00e1rquez, acompa\u00f1amos en \u00c1frica a Nani Roma y Marc Coma en sus conquistas del Dakar y hemos vibrado con los t\u00edtulos de Toni Bou en Trial. Adem\u00e1s, en nuestro equipo contamos con expertos en el mundo de las dos y cuatro ruedas tanto de la calle y las carreteras, como de los circuitos. Periodistas que han trabajado en revistas y publicaciones para hacerte llegar desde rutas y consejos de mantenimiento, a curiosidades y trucos de pilotaje.","sameAs":["https:\/\/www.facebook.com\/BoxRepsol\/","https:\/\/www.instagram.com\/box_repsol\/","https:\/\/x.com\/https:\/\/twitter.com\/box_repsol","https:\/\/www.youtube.com\/@Boxrepsol"],"url":"https:\/\/www.boxrepsol.com\/es\/author\/redaccion-box-repsol\/"}]}},"_links":{"self":[{"href":"https:\/\/www.boxrepsol.com\/es\/wp-json\/wp\/v2\/posts\/94330","targetHints":{"allow":["GET"]}}],"collection":[{"href":"https:\/\/www.boxrepsol.com\/es\/wp-json\/wp\/v2\/posts"}],"about":[{"href":"https:\/\/www.boxrepsol.com\/es\/wp-json\/wp\/v2\/types\/post"}],"author":[{"embeddable":true,"href":"https:\/\/www.boxrepsol.com\/es\/wp-json\/wp\/v2\/users\/43146"}],"replies":[{"embeddable":true,"href":"https:\/\/www.boxrepsol.com\/es\/wp-json\/wp\/v2\/comments?post=94330"}],"version-history":[{"count":1,"href":"https:\/\/www.boxrepsol.com\/es\/wp-json\/wp\/v2\/posts\/94330\/revisions"}],"predecessor-version":[{"id":94331,"href":"https:\/\/www.boxrepsol.com\/es\/wp-json\/wp\/v2\/posts\/94330\/revisions\/94331"}],"wp:featuredmedia":[{"embeddable":true,"href":"https:\/\/www.boxrepsol.com\/es\/wp-json\/wp\/v2\/media\/63445"}],"wp:attachment":[{"href":"https:\/\/www.boxrepsol.com\/es\/wp-json\/wp\/v2\/media?parent=94330"}],"wp:term":[{"taxonomy":"category","embeddable":true,"href":"https:\/\/www.boxrepsol.com\/es\/wp-json\/wp\/v2\/categories?post=94330"},{"taxonomy":"post_tag","embeddable":true,"href":"https:\/\/www.boxrepsol.com\/es\/wp-json\/wp\/v2\/tags?post=94330"}],"curies":[{"name":"wp","href":"https:\/\/api.w.org\/{rel}","templated":true}]}}