{"id":94317,"date":"2019-12-18T00:00:00","date_gmt":"2019-12-18T02:00:00","guid":{"rendered":"http:\/\/pre.boxrepsol.com\/sin-categorizar\/sigue-la-ruta-del-dakar-2020\/"},"modified":"2024-04-22T10:13:54","modified_gmt":"2024-04-22T12:13:54","slug":"sigue-la-ruta-del-dakar-2020","status":"publish","type":"post","link":"https:\/\/www.boxrepsol.com\/es\/rally\/sigue-la-ruta-del-dakar-2020\/","title":{"rendered":"Sigue la ruta del Dakar 2020"},"content":{"rendered":"<p>Viajamos a nuevas tierras, en este caso hasta <strong>Arabia Saud\u00ed, el trig\u00e9simo pa\u00eds que acoge al menos una parte de esta prueba<\/strong>. En esta ocasi\u00f3n, el recorrido transcurrir\u00e1 totalmente dentro de las fronteras de un \u00fanico territorio.<\/p>\n<p>Arabia Saud\u00ed se ubica en la pen\u00ednsula ar\u00e1biga y es el pa\u00eds m\u00e1s grande de Oriente Pr\u00f3ximo, as\u00ed como el 13\u00ba m\u00e1s grande del mundo, con 2.149.692m2. A pesar de su extensi\u00f3n, casi una cuarta parte del pa\u00eds est\u00e1 despoblado. <strong>La mayor parte de su superficie est\u00e1 cubierta por zonas des\u00e9rticas en las que son frecuentes las tormentas de arena<\/strong>. Posee cinco lugares inscritos en el patrimonio mundial de la UNESCO y es donde podemos encontrar La Meca, a donde millones de musulmanes peregrinan cada a\u00f1o.<\/p>\n<p>Durante el mes de enero, en el que tendr\u00e1 lugar el Dakar, las temperaturas superan los 30\u00baC de d\u00eda, bajando estas por debajo de 0\u00baC durante las noches, lo que supone una dura prueba para las mec\u00e1nicas.<\/p>\n<p>Para este a\u00f1o, <strong>los cambios en el reglamento incluyen el nuevo roadbook<\/strong>. Este contar\u00e1 ahora con un c\u00f3digo de colores y en algunas de las etapas se entregar\u00e1 a los participantes poco antes de tomar la salida.<\/p>\n<p><a href=\"https:\/\/bxrepsol.s3.eu-west-1.amazonaws.com\/static\/2022\/08\/05071332\/00_repsol_rally_team_bv6.jpg\" \n   title=\"Sodicars BV6\" \n   data-gallery-thumbnail=\"https:\/\/bxrepsol.s3.eu-west-1.amazonaws.com\/static\/2022\/08\/05071332\/00_repsol_rally_team_bv6.jpg\"\n   data-gallery-title=\"\"\n   data-gallery><\/p>\n<figure>\n        <picture style=\"padding-bottom: 66.666666666667%; background-image: url(https:\/\/bxrepsol.s3.eu-west-1.amazonaws.com\/static\/2022\/08\/05071332\/00_repsol_rally_team_bv6.jpg);\">\n            <img decoding=\"async\" src=\"https:\/\/bxrepsol.s3.eu-west-1.amazonaws.com\/static\/2022\/08\/05071332\/00_repsol_rally_team_bv6.jpg\"><br \/>\n            <img itemprop=\"image\"\n                data-srcset=\"https:\/\/bxrepsol.s3.eu-west-1.amazonaws.com\/static\/2022\/08\/05071332\/00_repsol_rally_team_bv6.jpg 480w, https:\/\/bxrepsol.s3.eu-west-1.amazonaws.com\/static\/2022\/08\/05071332\/00_repsol_rally_team_bv6.jpg 600w, https:\/\/bxrepsol.s3.eu-west-1.amazonaws.com\/static\/2022\/08\/05071332\/00_repsol_rally_team_bv6.jpg 900w\"\n                data-src=\"https:\/\/bxrepsol.s3.eu-west-1.amazonaws.com\/static\/2022\/08\/05071332\/00_repsol_rally_team_bv6.jpg\"\n                alt=\"Sodicars BV6\"\n                title=\"El coche de Repsol Rally Team recorriendo las dunas\"\/><br \/>\n            <noscript><img decoding=\"async\" src=\"https:\/\/bxrepsol.s3.eu-west-1.amazonaws.com\/static\/2022\/08\/05071332\/00_repsol_rally_team_bv6.jpg\" alt=\"Sodicars BV6\"><\/noscript>\n        <\/picture><figcaption>Sodicars BV6<\/figcaption><\/figure>\n<p><\/a><\/p>\n<p><strong>D\u00eda 1 \u2013 5\/01\/20.<\/strong> Los participantes partir\u00e1n rumbo norte desde Jeddah con destino Al Wajh. Esta primera etapa de m\u00e1s de 750 km contar\u00e1 con un tramo de casi 320 km cronometrados y discurrir\u00e1 casi paralela al Mar Rojo. Los veh\u00edculos probar\u00e1n las primeras dunas y terrenos plagados de rocas en los que la velocidad y las curvas tendr\u00e1n protagonismo.<\/p>\n<p><strong>D\u00eda 2 \u2013 6\/01\/20.<\/strong> Desde Al Wajh se continuar\u00e1 al norte, rumbo Neom. Esta etapa ser\u00e1 de las m\u00e1s cortas del rally con poco m\u00e1s de 400 Km de los que 367 ser\u00e1n de especial. La multitud de pistas rodadas ser\u00e1n todo un alivio para la conducci\u00f3n, pero la posibilidad de confundir el camino adecuado har\u00e1 que la navegaci\u00f3n y la interpretaci\u00f3n de los puntos de referencia sean vitales para no perder un tiempo valioso.<\/p>\n<p><strong>D\u00eda 3 \u2013 07\/01\/20.<\/strong> Se tratar\u00e1 de una especial en bucle con salida y llegada a Neom para un total de 489 km (404 cronometrados). La prueba se acercar\u00e1 a la frontera con Jordania, donde la monta\u00f1osa regi\u00f3n obligar\u00e1 a afinar con la navegaci\u00f3n para no perderse a la sombra del monte Jabal al-Lawz (monta\u00f1a de las almendras) de 2.500m de altura. Aqu\u00ed se llegar\u00e1 a subir hasta los 1.500m, el punto m\u00e1s alto que alcanzar\u00e1 el rally en esta edici\u00f3n.<\/p>\n<p><strong>D\u00eda 4 \u2013 08\/01\/20.<\/strong> Desde Neom, el Dakar cambiar\u00e1 el rumbo en direcci\u00f3n sureste, destino Al Ula. Dejaremos atr\u00e1s los valles y nos adentraremos en las arenas del desierto por pistas pedregosas. De nuevo, la orientaci\u00f3n ser\u00e1 crucial para no perderse entre las opciones de pistas ya existentes. Ser\u00e1n m\u00e1s de 650 km de los que 453km compondr\u00e1n la especial. <\/p>\n<p><a href=\"https:\/\/bxrepsol.s3.eu-west-1.amazonaws.com\/static\/2022\/08\/05071333\/01_repsol_rally_team_bv6.jpg\" \n   title=\"Sodicars BV6\" \n   data-gallery-thumbnail=\"https:\/\/bxrepsol.s3.eu-west-1.amazonaws.com\/static\/2022\/08\/05071333\/01_repsol_rally_team_bv6.jpg\"\n   data-gallery-title=\"\"\n   data-gallery><\/p>\n<figure>\n        <picture style=\"padding-bottom: 66.666666666667%; background-image: url(https:\/\/bxrepsol.s3.eu-west-1.amazonaws.com\/static\/2022\/08\/05071333\/01_repsol_rally_team_bv6.jpg);\">\n            <img decoding=\"async\" src=\"https:\/\/bxrepsol.s3.eu-west-1.amazonaws.com\/static\/2022\/08\/05071333\/01_repsol_rally_team_bv6.jpg\"><br \/>\n            <img itemprop=\"image\"\n                data-srcset=\"https:\/\/bxrepsol.s3.eu-west-1.amazonaws.com\/static\/2022\/08\/05071333\/01_repsol_rally_team_bv6.jpg 480w, https:\/\/bxrepsol.s3.eu-west-1.amazonaws.com\/static\/2022\/08\/05071333\/01_repsol_rally_team_bv6.jpg 600w, https:\/\/bxrepsol.s3.eu-west-1.amazonaws.com\/static\/2022\/08\/05071333\/01_repsol_rally_team_bv6.jpg 900w\"\n                data-src=\"https:\/\/bxrepsol.s3.eu-west-1.amazonaws.com\/static\/2022\/08\/05071333\/01_repsol_rally_team_bv6.jpg\"\n                alt=\"Sodicars BV6\"\n                title=\"El coche de Repsol Rally Team recorriendo las dunas\"\/><br \/>\n            <noscript><img decoding=\"async\" src=\"https:\/\/bxrepsol.s3.eu-west-1.amazonaws.com\/static\/2022\/08\/05071333\/01_repsol_rally_team_bv6.jpg\" alt=\"Sodicars BV6\"><\/noscript>\n        <\/picture><figcaption>Sodicars BV6<\/figcaption><\/figure>\n<p><\/a><\/p>\n<p><strong>D\u00eda 5 \u2013 09\/01\/20.<\/strong> De Al Ula a Ha\u2019il comenzar\u00e1 un tramo de 563 Km de los que 353 son cronometrados. El rally continuar\u00e1 rumbo este marcado por la arena salpicada de grandes formaciones rocosas. Estas enormes rocas supondr\u00e1n valiosos puntos de referencia para no perderse entre las dunas, aunque el mayor peligro ser\u00e1n las posibilidades de quedarse atascado en alguna de ellas debido a la vegetaci\u00f3n ocasional existente.<\/p>\n<p><strong>D\u00eda 6 \u2013 10\/01\/20.<\/strong> 830km con 478 de especial. Con la jornada de descanso a la vista, la etapa partir\u00e1 de Ha\u2019il a la capital del pa\u00eds Riyadh, a donde no ser\u00e1 f\u00e1cil llegar. Esta larga etapa gira al sur y se adentra en un entorno totalmente fuera de pista, donde lo \u00fanico que ver\u00e1n los participantes ser\u00e1 arena y m\u00e1s arena. Los experimentados en este terreno ser\u00e1n los aventajados que llegar\u00e1n en mejores condiciones al merecido descanso.<\/p>\n<p><strong>D\u00eda de descanso 11\/01\/20.<\/strong> La capital de Arabia Saudita, Riyadh, cuyo nombre significa \u201clos jardines\u201d era antiguamente una zona de granes huertos. Hoy en d\u00eda se extiende m\u00e1s de 1.500 Km2, alberga casi una cuarta parte de la poblaci\u00f3n del pa\u00eds y est\u00e1 repleta de rascacielos, jardines y elementos arquitect\u00f3nicos innovadores.<\/p>\n<p><strong>D\u00eda 7- 12\/01\/20.<\/strong> 741km con 546 de especial. Tras el reposo, los pilotos se volver\u00e1n a adentrar en el desierto rumbo suroeste con destino Wadi Al-Dawasir. Las dunas volver\u00e1n a ser las protagonistas. Esta ser\u00e1 la cronometrada m\u00e1s larga de la prueba y exigir\u00e1 la m\u00e1xima concentraci\u00f3n para lograr llegar al final sin gastar toda la energ\u00eda recuperada. Un enorme paisaje lleno de zonas de regad\u00edo circulares recibir\u00e1 a los participantes.<\/p>\n<p><strong>D\u00eda 8 \u2013 13\/01\/20.<\/strong> Partiendo de Wadi Al-Dawasir tendr\u00e1 lugar otra etapa bucle de 713km con 474 de especial. La ruta comenzar\u00e1 a internarse en las zonas monta\u00f1osas del sur para volver a su punto de partida tras recorrer ca\u00f1ones, pendientes y lugares de gran contraste. Esta etapa contar\u00e1 con un enorme tramo de 40km en l\u00ednea recta, donde los participantes podr\u00e1n dar rienda suelta a la potencia de sus m\u00e1quinas, sin olvidar eso si, que hay que preservar la mec\u00e1nica para lo que est\u00e1 por llegar.<\/p>\n<p><a href=\"https:\/\/bxrepsol.s3.eu-west-1.amazonaws.com\/static\/2022\/08\/05071334\/02_repsol_rally_team_bv6.jpg\" \n   title=\"Sodicars BV6\" \n   data-gallery-thumbnail=\"https:\/\/bxrepsol.s3.eu-west-1.amazonaws.com\/static\/2022\/08\/05071334\/02_repsol_rally_team_bv6.jpg\"\n   data-gallery-title=\"\"\n   data-gallery><\/p>\n<figure>\n        <picture style=\"padding-bottom: 66.666666666667%; background-image: url(https:\/\/bxrepsol.s3.eu-west-1.amazonaws.com\/static\/2022\/08\/05071334\/02_repsol_rally_team_bv6.jpg);\">\n            <img decoding=\"async\" src=\"https:\/\/bxrepsol.s3.eu-west-1.amazonaws.com\/static\/2022\/08\/05071334\/02_repsol_rally_team_bv6.jpg\"><br \/>\n            <img itemprop=\"image\"\n                data-srcset=\"https:\/\/bxrepsol.s3.eu-west-1.amazonaws.com\/static\/2022\/08\/05071334\/02_repsol_rally_team_bv6.jpg 480w, https:\/\/bxrepsol.s3.eu-west-1.amazonaws.com\/static\/2022\/08\/05071334\/02_repsol_rally_team_bv6.jpg 600w, https:\/\/bxrepsol.s3.eu-west-1.amazonaws.com\/static\/2022\/08\/05071334\/02_repsol_rally_team_bv6.jpg 900w\"\n                data-src=\"https:\/\/bxrepsol.s3.eu-west-1.amazonaws.com\/static\/2022\/08\/05071334\/02_repsol_rally_team_bv6.jpg\"\n                alt=\"Sodicars BV6\"\n                title=\"El coche de Repsol Rally Team recorriendo las dunas\"\/><br \/>\n            <noscript><img decoding=\"async\" src=\"https:\/\/bxrepsol.s3.eu-west-1.amazonaws.com\/static\/2022\/08\/05071334\/02_repsol_rally_team_bv6.jpg\" alt=\"Sodicars BV6\"><\/noscript>\n        <\/picture><figcaption>Sodicars BV6<\/figcaption><\/figure>\n<p><\/a><\/p>\n<p><strong>D\u00eda 9 \u2013 14\/01\/20.<\/strong> Wadi Al-Dawasir a Haradh, 713km con 474 de especial. Los pilotos se enfrentar\u00e1n a un largo tramo de suelo duro y roto, donde los fallos de pilotaje se pagar\u00e1n caros. Si bien la navegaci\u00f3n ser\u00e1 m\u00e1s sencilla, no hay momento en el Dakar donde puedas relajarte si quieres llegar en condiciones al final.<\/p>\n<p><strong>D\u00eda 10 \u2013 15\/01\/20.<\/strong> Haradh a Shubaytah, 608km de los que 534 ser\u00e1n cronometrados. Esta ser\u00e1 la etapa marat\u00f3n, donde los participantes deber\u00e1n gestionar bien sus recursos y cuidar la mec\u00e1nica. No ser\u00e1 f\u00e1cil, la etapa transcurrir\u00e1 fuera de pista por terrenos rotos y acabar\u00e1 cerca del anochecer con un largo tramo de 30 km de dunas. Al ser una etapa marat\u00f3n, tan solo los propios pilotos y copilotos podr\u00e1n realizar la asistencia de los veh\u00edculos.<\/p>\n<p><strong>D\u00eda 11 \u2013 16\/01\/20.<\/strong> Shubaytah a Haradh, 744km con 379 de especial. Con la meta ya cerca, el comienzo de esta etapa deleitar\u00e1 a los participantes con un terreno repleto de las dunas m\u00e1s bellas del pa\u00eds, durante m\u00e1s de 80km ya a plena luz. Esta regi\u00f3n posee algunas dunas que pueden superar los 200m de altitud, todo un reto a la hora de afrontar la subida y la bajada con seguridad.<\/p>\n<p><strong>D\u00eda 12 \u2013 17\/01\/20.<\/strong> Haradh a Qiddiya. 447km con 374 especiales. Qiddiya, la meta, una ciudad en construcci\u00f3n cercana a Riyadh. Los participantes estar\u00e1n deseosos de poder descansar al fin y dejar atr\u00e1s la presi\u00f3n de cuidar la mec\u00e1nica. Posiblemente con bastantes posiciones a\u00fan en juego, la navegaci\u00f3n entre pistas volver\u00e1 a suponer un reto para los copilotos, que deber\u00e1n mantenerse al tanto de todos los puntos de referencia posibles.<\/p>\n","protected":false},"excerpt":{"rendered":"<p>El Dakar 2020 inaugura una nueva etapa en la historia del Rally m\u00e1s duro del mundo.<\/p>\n","protected":false},"author":43146,"featured_media":63381,"comment_status":"open","ping_status":"open","sticky":false,"template":"","format":"standard","meta":{"footnotes":""},"categories":[27],"tags":[183],"class_list":["post-94317","post","type-post","status-publish","format-standard","hentry","category-rally","tag-repsol-rally-team"],"yoast_head":"<!-- This site is optimized with the Yoast SEO plugin v27.3 - https:\/\/yoast.com\/product\/yoast-seo-wordpress\/ -->\n<title>Sigue la ruta del Dakar 2020 - Box Repsol<\/title>\n<meta name=\"description\" content=\"El Dakar 2020 inaugura una nueva etapa en la historia del Rally m\u00e1s duro del mundo. Los participantes recorrer\u00e1n en esta edici\u00f3n las arenas de Arabia Saud\u00ed.\" \/>\n<link rel=\"canonical\" href=\"https:\/\/www.boxrepsol.com\/es\/rally\/sigue-la-ruta-del-dakar-2020\/\" \/>\n<meta property=\"og:locale\" content=\"es_ES\" \/>\n<meta property=\"og:type\" content=\"article\" \/>\n<meta property=\"og:title\" content=\"Sigue la ruta del Dakar 2020 - Box Repsol\" \/>\n<meta property=\"og:description\" content=\"El Dakar 2020 inaugura una nueva etapa en la historia del Rally m\u00e1s duro del mundo. Los participantes recorrer\u00e1n en esta edici\u00f3n las arenas de Arabia Saud\u00ed.\" \/>\n<meta property=\"og:url\" content=\"https:\/\/www.boxrepsol.com\/es\/rally\/sigue-la-ruta-del-dakar-2020\/\" \/>\n<meta property=\"og:site_name\" content=\"Box Repsol\" \/>\n<meta property=\"article:publisher\" content=\"https:\/\/www.facebook.com\/BoxRepsol\" \/>\n<meta property=\"article:author\" content=\"https:\/\/www.facebook.com\/BoxRepsol\/\" \/>\n<meta property=\"article:published_time\" content=\"2019-12-18T02:00:00+00:00\" \/>\n<meta property=\"article:modified_time\" content=\"2024-04-22T12:13:54+00:00\" \/>\n<meta property=\"og:image\" content=\"https:\/\/bxrepsol.s3.eu-west-1.amazonaws.com\/static\/2022\/08\/29091026\/00_isidre_exteve_txema_villalobos_repsol_rally_team.jpg\" \/>\n\t<meta property=\"og:image:width\" content=\"1280\" \/>\n\t<meta property=\"og:image:height\" content=\"600\" \/>\n\t<meta property=\"og:image:type\" content=\"image\/jpeg\" \/>\n<meta name=\"author\" content=\"Redacci\u00f3n Box Repsol\" \/>\n<meta name=\"twitter:card\" content=\"summary_large_image\" \/>\n<meta name=\"twitter:creator\" content=\"@https:\/\/twitter.com\/box_repsol\" \/>\n<meta name=\"twitter:site\" content=\"@box_repsol\" \/>\n<meta name=\"twitter:label1\" content=\"Written by\" \/>\n\t<meta name=\"twitter:data1\" content=\"Redacci\u00f3n Box Repsol\" \/>\n\t<meta name=\"twitter:label2\" content=\"Est. reading time\" \/>\n\t<meta name=\"twitter:data2\" content=\"6 minutos\" \/>\n<script type=\"application\/ld+json\" class=\"yoast-schema-graph\">{\"@context\":\"https:\\\/\\\/schema.org\",\"@graph\":[{\"@type\":\"Article\",\"@id\":\"https:\\\/\\\/www.boxrepsol.com\\\/es\\\/rally\\\/sigue-la-ruta-del-dakar-2020\\\/#article\",\"isPartOf\":{\"@id\":\"https:\\\/\\\/www.boxrepsol.com\\\/es\\\/rally\\\/sigue-la-ruta-del-dakar-2020\\\/\"},\"author\":{\"name\":\"Redacci\u00f3n Box Repsol\",\"@id\":\"https:\\\/\\\/www.boxrepsol.com\\\/es\\\/#\\\/schema\\\/person\\\/c5c2138f2cca251b0ad92b7086bb60b7\"},\"headline\":\"Sigue la ruta del Dakar 2020\",\"datePublished\":\"2019-12-18T02:00:00+00:00\",\"dateModified\":\"2024-04-22T12:13:54+00:00\",\"mainEntityOfPage\":{\"@id\":\"https:\\\/\\\/www.boxrepsol.com\\\/es\\\/rally\\\/sigue-la-ruta-del-dakar-2020\\\/\"},\"wordCount\":1168,\"commentCount\":0,\"publisher\":{\"@id\":\"https:\\\/\\\/www.boxrepsol.com\\\/es\\\/#organization\"},\"image\":{\"@id\":\"https:\\\/\\\/www.boxrepsol.com\\\/es\\\/rally\\\/sigue-la-ruta-del-dakar-2020\\\/#primaryimage\"},\"thumbnailUrl\":\"https:\\\/\\\/bxrepsol.s3.eu-west-1.amazonaws.com\\\/static\\\/2022\\\/08\\\/29091026\\\/00_isidre_exteve_txema_villalobos_repsol_rally_team.jpg\",\"keywords\":[\"Repsol Rally Team\"],\"articleSection\":[\"Rally\"],\"inLanguage\":\"es\",\"potentialAction\":[{\"@type\":\"CommentAction\",\"name\":\"Comment\",\"target\":[\"https:\\\/\\\/www.boxrepsol.com\\\/es\\\/rally\\\/sigue-la-ruta-del-dakar-2020\\\/#respond\"]}]},{\"@type\":\"WebPage\",\"@id\":\"https:\\\/\\\/www.boxrepsol.com\\\/es\\\/rally\\\/sigue-la-ruta-del-dakar-2020\\\/\",\"url\":\"https:\\\/\\\/www.boxrepsol.com\\\/es\\\/rally\\\/sigue-la-ruta-del-dakar-2020\\\/\",\"name\":\"Sigue la ruta del Dakar 2020 - Box Repsol\",\"isPartOf\":{\"@id\":\"https:\\\/\\\/www.boxrepsol.com\\\/es\\\/#website\"},\"primaryImageOfPage\":{\"@id\":\"https:\\\/\\\/www.boxrepsol.com\\\/es\\\/rally\\\/sigue-la-ruta-del-dakar-2020\\\/#primaryimage\"},\"image\":{\"@id\":\"https:\\\/\\\/www.boxrepsol.com\\\/es\\\/rally\\\/sigue-la-ruta-del-dakar-2020\\\/#primaryimage\"},\"thumbnailUrl\":\"https:\\\/\\\/bxrepsol.s3.eu-west-1.amazonaws.com\\\/static\\\/2022\\\/08\\\/29091026\\\/00_isidre_exteve_txema_villalobos_repsol_rally_team.jpg\",\"datePublished\":\"2019-12-18T02:00:00+00:00\",\"dateModified\":\"2024-04-22T12:13:54+00:00\",\"description\":\"El Dakar 2020 inaugura una nueva etapa en la historia del Rally m\u00e1s duro del mundo. Los participantes recorrer\u00e1n en esta edici\u00f3n las arenas de Arabia Saud\u00ed.\",\"breadcrumb\":{\"@id\":\"https:\\\/\\\/www.boxrepsol.com\\\/es\\\/rally\\\/sigue-la-ruta-del-dakar-2020\\\/#breadcrumb\"},\"inLanguage\":\"es\",\"potentialAction\":[{\"@type\":\"ReadAction\",\"target\":[\"https:\\\/\\\/www.boxrepsol.com\\\/es\\\/rally\\\/sigue-la-ruta-del-dakar-2020\\\/\"]}]},{\"@type\":\"ImageObject\",\"inLanguage\":\"es\",\"@id\":\"https:\\\/\\\/www.boxrepsol.com\\\/es\\\/rally\\\/sigue-la-ruta-del-dakar-2020\\\/#primaryimage\",\"url\":\"https:\\\/\\\/bxrepsol.s3.eu-west-1.amazonaws.com\\\/static\\\/2022\\\/08\\\/29091026\\\/00_isidre_exteve_txema_villalobos_repsol_rally_team.jpg\",\"contentUrl\":\"https:\\\/\\\/bxrepsol.s3.eu-west-1.amazonaws.com\\\/static\\\/2022\\\/08\\\/29091026\\\/00_isidre_exteve_txema_villalobos_repsol_rally_team.jpg\",\"width\":1280,\"height\":600,\"caption\":\"El Repsol Rally Team en Arabia Saud\u00ed preparados para el Dakar 2020\"},{\"@type\":\"BreadcrumbList\",\"@id\":\"https:\\\/\\\/www.boxrepsol.com\\\/es\\\/rally\\\/sigue-la-ruta-del-dakar-2020\\\/#breadcrumb\",\"itemListElement\":[{\"@type\":\"ListItem\",\"position\":1,\"name\":\"Home\",\"item\":\"https:\\\/\\\/www.boxrepsol.com\\\/es\\\/\"},{\"@type\":\"ListItem\",\"position\":2,\"name\":\"Sigue la ruta del Dakar 2020\"}]},{\"@type\":\"WebSite\",\"@id\":\"https:\\\/\\\/www.boxrepsol.com\\\/es\\\/#website\",\"url\":\"https:\\\/\\\/www.boxrepsol.com\\\/es\\\/\",\"name\":\"Box Repsol\",\"description\":\"Box Repsol Site\",\"publisher\":{\"@id\":\"https:\\\/\\\/www.boxrepsol.com\\\/es\\\/#organization\"},\"potentialAction\":[{\"@type\":\"SearchAction\",\"target\":{\"@type\":\"EntryPoint\",\"urlTemplate\":\"https:\\\/\\\/www.boxrepsol.com\\\/es\\\/?s={search_term_string}\"},\"query-input\":{\"@type\":\"PropertyValueSpecification\",\"valueRequired\":true,\"valueName\":\"search_term_string\"}}],\"inLanguage\":\"es\"},{\"@type\":\"Organization\",\"@id\":\"https:\\\/\\\/www.boxrepsol.com\\\/es\\\/#organization\",\"name\":\"Box Repsol\",\"url\":\"https:\\\/\\\/www.boxrepsol.com\\\/es\\\/\",\"logo\":{\"@type\":\"ImageObject\",\"inLanguage\":\"es\",\"@id\":\"https:\\\/\\\/www.boxrepsol.com\\\/es\\\/#\\\/schema\\\/logo\\\/image\\\/\",\"url\":\"https:\\\/\\\/bxrepsol.s3.eu-west-1.amazonaws.com\\\/static\\\/2025\\\/07\\\/30083337\\\/favicon-96x96-1.png\",\"contentUrl\":\"https:\\\/\\\/bxrepsol.s3.eu-west-1.amazonaws.com\\\/static\\\/2025\\\/07\\\/30083337\\\/favicon-96x96-1.png\",\"width\":96,\"height\":96,\"caption\":\"Box Repsol\"},\"image\":{\"@id\":\"https:\\\/\\\/www.boxrepsol.com\\\/es\\\/#\\\/schema\\\/logo\\\/image\\\/\"},\"sameAs\":[\"https:\\\/\\\/www.facebook.com\\\/BoxRepsol\",\"https:\\\/\\\/x.com\\\/box_repsol\",\"http:\\\/\\\/instagram.com\\\/box_repsol\",\"https:\\\/\\\/www.youtube.com\\\/user\\\/RepsolCompeticion\",\"https:\\\/\\\/www.flickr.com\\\/photos\\\/box_repsol\\\/\"]},{\"@type\":\"Person\",\"@id\":\"https:\\\/\\\/www.boxrepsol.com\\\/es\\\/#\\\/schema\\\/person\\\/c5c2138f2cca251b0ad92b7086bb60b7\",\"name\":\"Redacci\u00f3n Box Repsol\",\"image\":{\"@type\":\"ImageObject\",\"inLanguage\":\"es\",\"@id\":\"https:\\\/\\\/secure.gravatar.com\\\/avatar\\\/adf7b77e38b4419baf32c7e9c21dde01f4e40df611f0978e3006fc4ba0aaab7e?s=96&d=mm&r=g\",\"url\":\"https:\\\/\\\/secure.gravatar.com\\\/avatar\\\/adf7b77e38b4419baf32c7e9c21dde01f4e40df611f0978e3006fc4ba0aaab7e?s=96&d=mm&r=g\",\"contentUrl\":\"https:\\\/\\\/secure.gravatar.com\\\/avatar\\\/adf7b77e38b4419baf32c7e9c21dde01f4e40df611f0978e3006fc4ba0aaab7e?s=96&d=mm&r=g\",\"caption\":\"Redacci\u00f3n Box Repsol\"},\"description\":\"Box Repsol lo forma un equipo de periodistas, community managers, dise\u00f1adores y fot\u00f3grafos con m\u00e1s de 20 a\u00f1os de experiencia en el mundo del motorsport. Hemos vivido el primer mundial de un espa\u00f1ol en la categor\u00eda reina de motociclismo con \u00c1lex Crivill\u00e9, estuvimos en las victorias de Pedrosa y los t\u00edtulos de M\u00e1rquez, acompa\u00f1amos en \u00c1frica a Nani Roma y Marc Coma en sus conquistas del Dakar y hemos vibrado con los t\u00edtulos de Toni Bou en Trial. Adem\u00e1s, en nuestro equipo contamos con expertos en el mundo de las dos y cuatro ruedas tanto de la calle y las carreteras, como de los circuitos. Periodistas que han trabajado en revistas y publicaciones para hacerte llegar desde rutas y consejos de mantenimiento, a curiosidades y trucos de pilotaje.\",\"sameAs\":[\"https:\\\/\\\/www.facebook.com\\\/BoxRepsol\\\/\",\"https:\\\/\\\/www.instagram.com\\\/box_repsol\\\/\",\"https:\\\/\\\/x.com\\\/https:\\\/\\\/twitter.com\\\/box_repsol\",\"https:\\\/\\\/www.youtube.com\\\/@Boxrepsol\"],\"url\":\"https:\\\/\\\/www.boxrepsol.com\\\/es\\\/author\\\/redaccion-box-repsol\\\/\"}]}<\/script>\n<!-- \/ Yoast SEO plugin. -->","yoast_head_json":{"title":"Sigue la ruta del Dakar 2020 - Box Repsol","description":"El Dakar 2020 inaugura una nueva etapa en la historia del Rally m\u00e1s duro del mundo. Los participantes recorrer\u00e1n en esta edici\u00f3n las arenas de Arabia Saud\u00ed.","canonical":"https:\/\/www.boxrepsol.com\/es\/rally\/sigue-la-ruta-del-dakar-2020\/","og_locale":"es_ES","og_type":"article","og_title":"Sigue la ruta del Dakar 2020 - Box Repsol","og_description":"El Dakar 2020 inaugura una nueva etapa en la historia del Rally m\u00e1s duro del mundo. Los participantes recorrer\u00e1n en esta edici\u00f3n las arenas de Arabia Saud\u00ed.","og_url":"https:\/\/www.boxrepsol.com\/es\/rally\/sigue-la-ruta-del-dakar-2020\/","og_site_name":"Box Repsol","article_publisher":"https:\/\/www.facebook.com\/BoxRepsol","article_author":"https:\/\/www.facebook.com\/BoxRepsol\/","article_published_time":"2019-12-18T02:00:00+00:00","article_modified_time":"2024-04-22T12:13:54+00:00","og_image":[{"width":1280,"height":600,"url":"https:\/\/bxrepsol.s3.eu-west-1.amazonaws.com\/static\/2022\/08\/29091026\/00_isidre_exteve_txema_villalobos_repsol_rally_team.jpg","type":"image\/jpeg"}],"author":"Redacci\u00f3n Box Repsol","twitter_card":"summary_large_image","twitter_creator":"@https:\/\/twitter.com\/box_repsol","twitter_site":"@box_repsol","twitter_misc":{"Written by":"Redacci\u00f3n Box Repsol","Est. reading time":"6 minutos"},"schema":{"@context":"https:\/\/schema.org","@graph":[{"@type":"Article","@id":"https:\/\/www.boxrepsol.com\/es\/rally\/sigue-la-ruta-del-dakar-2020\/#article","isPartOf":{"@id":"https:\/\/www.boxrepsol.com\/es\/rally\/sigue-la-ruta-del-dakar-2020\/"},"author":{"name":"Redacci\u00f3n Box Repsol","@id":"https:\/\/www.boxrepsol.com\/es\/#\/schema\/person\/c5c2138f2cca251b0ad92b7086bb60b7"},"headline":"Sigue la ruta del Dakar 2020","datePublished":"2019-12-18T02:00:00+00:00","dateModified":"2024-04-22T12:13:54+00:00","mainEntityOfPage":{"@id":"https:\/\/www.boxrepsol.com\/es\/rally\/sigue-la-ruta-del-dakar-2020\/"},"wordCount":1168,"commentCount":0,"publisher":{"@id":"https:\/\/www.boxrepsol.com\/es\/#organization"},"image":{"@id":"https:\/\/www.boxrepsol.com\/es\/rally\/sigue-la-ruta-del-dakar-2020\/#primaryimage"},"thumbnailUrl":"https:\/\/bxrepsol.s3.eu-west-1.amazonaws.com\/static\/2022\/08\/29091026\/00_isidre_exteve_txema_villalobos_repsol_rally_team.jpg","keywords":["Repsol Rally Team"],"articleSection":["Rally"],"inLanguage":"es","potentialAction":[{"@type":"CommentAction","name":"Comment","target":["https:\/\/www.boxrepsol.com\/es\/rally\/sigue-la-ruta-del-dakar-2020\/#respond"]}]},{"@type":"WebPage","@id":"https:\/\/www.boxrepsol.com\/es\/rally\/sigue-la-ruta-del-dakar-2020\/","url":"https:\/\/www.boxrepsol.com\/es\/rally\/sigue-la-ruta-del-dakar-2020\/","name":"Sigue la ruta del Dakar 2020 - Box Repsol","isPartOf":{"@id":"https:\/\/www.boxrepsol.com\/es\/#website"},"primaryImageOfPage":{"@id":"https:\/\/www.boxrepsol.com\/es\/rally\/sigue-la-ruta-del-dakar-2020\/#primaryimage"},"image":{"@id":"https:\/\/www.boxrepsol.com\/es\/rally\/sigue-la-ruta-del-dakar-2020\/#primaryimage"},"thumbnailUrl":"https:\/\/bxrepsol.s3.eu-west-1.amazonaws.com\/static\/2022\/08\/29091026\/00_isidre_exteve_txema_villalobos_repsol_rally_team.jpg","datePublished":"2019-12-18T02:00:00+00:00","dateModified":"2024-04-22T12:13:54+00:00","description":"El Dakar 2020 inaugura una nueva etapa en la historia del Rally m\u00e1s duro del mundo. Los participantes recorrer\u00e1n en esta edici\u00f3n las arenas de Arabia Saud\u00ed.","breadcrumb":{"@id":"https:\/\/www.boxrepsol.com\/es\/rally\/sigue-la-ruta-del-dakar-2020\/#breadcrumb"},"inLanguage":"es","potentialAction":[{"@type":"ReadAction","target":["https:\/\/www.boxrepsol.com\/es\/rally\/sigue-la-ruta-del-dakar-2020\/"]}]},{"@type":"ImageObject","inLanguage":"es","@id":"https:\/\/www.boxrepsol.com\/es\/rally\/sigue-la-ruta-del-dakar-2020\/#primaryimage","url":"https:\/\/bxrepsol.s3.eu-west-1.amazonaws.com\/static\/2022\/08\/29091026\/00_isidre_exteve_txema_villalobos_repsol_rally_team.jpg","contentUrl":"https:\/\/bxrepsol.s3.eu-west-1.amazonaws.com\/static\/2022\/08\/29091026\/00_isidre_exteve_txema_villalobos_repsol_rally_team.jpg","width":1280,"height":600,"caption":"El Repsol Rally Team en Arabia Saud\u00ed preparados para el Dakar 2020"},{"@type":"BreadcrumbList","@id":"https:\/\/www.boxrepsol.com\/es\/rally\/sigue-la-ruta-del-dakar-2020\/#breadcrumb","itemListElement":[{"@type":"ListItem","position":1,"name":"Home","item":"https:\/\/www.boxrepsol.com\/es\/"},{"@type":"ListItem","position":2,"name":"Sigue la ruta del Dakar 2020"}]},{"@type":"WebSite","@id":"https:\/\/www.boxrepsol.com\/es\/#website","url":"https:\/\/www.boxrepsol.com\/es\/","name":"Box Repsol","description":"Box Repsol Site","publisher":{"@id":"https:\/\/www.boxrepsol.com\/es\/#organization"},"potentialAction":[{"@type":"SearchAction","target":{"@type":"EntryPoint","urlTemplate":"https:\/\/www.boxrepsol.com\/es\/?s={search_term_string}"},"query-input":{"@type":"PropertyValueSpecification","valueRequired":true,"valueName":"search_term_string"}}],"inLanguage":"es"},{"@type":"Organization","@id":"https:\/\/www.boxrepsol.com\/es\/#organization","name":"Box Repsol","url":"https:\/\/www.boxrepsol.com\/es\/","logo":{"@type":"ImageObject","inLanguage":"es","@id":"https:\/\/www.boxrepsol.com\/es\/#\/schema\/logo\/image\/","url":"https:\/\/bxrepsol.s3.eu-west-1.amazonaws.com\/static\/2025\/07\/30083337\/favicon-96x96-1.png","contentUrl":"https:\/\/bxrepsol.s3.eu-west-1.amazonaws.com\/static\/2025\/07\/30083337\/favicon-96x96-1.png","width":96,"height":96,"caption":"Box Repsol"},"image":{"@id":"https:\/\/www.boxrepsol.com\/es\/#\/schema\/logo\/image\/"},"sameAs":["https:\/\/www.facebook.com\/BoxRepsol","https:\/\/x.com\/box_repsol","http:\/\/instagram.com\/box_repsol","https:\/\/www.youtube.com\/user\/RepsolCompeticion","https:\/\/www.flickr.com\/photos\/box_repsol\/"]},{"@type":"Person","@id":"https:\/\/www.boxrepsol.com\/es\/#\/schema\/person\/c5c2138f2cca251b0ad92b7086bb60b7","name":"Redacci\u00f3n Box Repsol","image":{"@type":"ImageObject","inLanguage":"es","@id":"https:\/\/secure.gravatar.com\/avatar\/adf7b77e38b4419baf32c7e9c21dde01f4e40df611f0978e3006fc4ba0aaab7e?s=96&d=mm&r=g","url":"https:\/\/secure.gravatar.com\/avatar\/adf7b77e38b4419baf32c7e9c21dde01f4e40df611f0978e3006fc4ba0aaab7e?s=96&d=mm&r=g","contentUrl":"https:\/\/secure.gravatar.com\/avatar\/adf7b77e38b4419baf32c7e9c21dde01f4e40df611f0978e3006fc4ba0aaab7e?s=96&d=mm&r=g","caption":"Redacci\u00f3n Box Repsol"},"description":"Box Repsol lo forma un equipo de periodistas, community managers, dise\u00f1adores y fot\u00f3grafos con m\u00e1s de 20 a\u00f1os de experiencia en el mundo del motorsport. Hemos vivido el primer mundial de un espa\u00f1ol en la categor\u00eda reina de motociclismo con \u00c1lex Crivill\u00e9, estuvimos en las victorias de Pedrosa y los t\u00edtulos de M\u00e1rquez, acompa\u00f1amos en \u00c1frica a Nani Roma y Marc Coma en sus conquistas del Dakar y hemos vibrado con los t\u00edtulos de Toni Bou en Trial. Adem\u00e1s, en nuestro equipo contamos con expertos en el mundo de las dos y cuatro ruedas tanto de la calle y las carreteras, como de los circuitos. Periodistas que han trabajado en revistas y publicaciones para hacerte llegar desde rutas y consejos de mantenimiento, a curiosidades y trucos de pilotaje.","sameAs":["https:\/\/www.facebook.com\/BoxRepsol\/","https:\/\/www.instagram.com\/box_repsol\/","https:\/\/x.com\/https:\/\/twitter.com\/box_repsol","https:\/\/www.youtube.com\/@Boxrepsol"],"url":"https:\/\/www.boxrepsol.com\/es\/author\/redaccion-box-repsol\/"}]}},"_links":{"self":[{"href":"https:\/\/www.boxrepsol.com\/es\/wp-json\/wp\/v2\/posts\/94317","targetHints":{"allow":["GET"]}}],"collection":[{"href":"https:\/\/www.boxrepsol.com\/es\/wp-json\/wp\/v2\/posts"}],"about":[{"href":"https:\/\/www.boxrepsol.com\/es\/wp-json\/wp\/v2\/types\/post"}],"author":[{"embeddable":true,"href":"https:\/\/www.boxrepsol.com\/es\/wp-json\/wp\/v2\/users\/43146"}],"replies":[{"embeddable":true,"href":"https:\/\/www.boxrepsol.com\/es\/wp-json\/wp\/v2\/comments?post=94317"}],"version-history":[{"count":1,"href":"https:\/\/www.boxrepsol.com\/es\/wp-json\/wp\/v2\/posts\/94317\/revisions"}],"predecessor-version":[{"id":94318,"href":"https:\/\/www.boxrepsol.com\/es\/wp-json\/wp\/v2\/posts\/94317\/revisions\/94318"}],"wp:featuredmedia":[{"embeddable":true,"href":"https:\/\/www.boxrepsol.com\/es\/wp-json\/wp\/v2\/media\/63381"}],"wp:attachment":[{"href":"https:\/\/www.boxrepsol.com\/es\/wp-json\/wp\/v2\/media?parent=94317"}],"wp:term":[{"taxonomy":"category","embeddable":true,"href":"https:\/\/www.boxrepsol.com\/es\/wp-json\/wp\/v2\/categories?post=94317"},{"taxonomy":"post_tag","embeddable":true,"href":"https:\/\/www.boxrepsol.com\/es\/wp-json\/wp\/v2\/tags?post=94317"}],"curies":[{"name":"wp","href":"https:\/\/api.w.org\/{rel}","templated":true}]}}