{"id":94315,"date":"2019-12-17T00:00:00","date_gmt":"2019-12-17T02:00:00","guid":{"rendered":"http:\/\/pre.boxrepsol.com\/sin-categorizar\/madrid-acoge-una-exposicion-fotografica-los-50-anos-repsol-los-deportes-del-motor\/"},"modified":"2024-04-22T10:14:15","modified_gmt":"2024-04-22T12:14:15","slug":"madrid-acoge-una-exposicion-fotografica-los-50-anos-repsol-los-deportes-del-motor","status":"publish","type":"post","link":"https:\/\/www.boxrepsol.com\/es\/de-leyenda\/madrid-acoge-una-exposicion-fotografica-los-50-anos-repsol-los-deportes-del-motor\/","title":{"rendered":"Madrid acoge una exposici\u00f3n fotogr\u00e1fica de los 50 a\u00f1os de Repsol en los deportes del motor"},"content":{"rendered":"\n<p>Durante este a\u00f1o que ya concluye, <strong>Repsol ha conmemorado su 50 aniversario en el mundo del motor <\/strong>con varias iniciativas. Hoy martes ha puesto el broche final a la temporada con una acci\u00f3n que tiene como objetivo acercar su pasi\u00f3n al p\u00fablico general. <strong>La compa\u00f1\u00eda energ\u00e9tica, en colaboraci\u00f3n con la Agencia EFE, ha inaugurado una exposici\u00f3n fotogr\u00e1fica<\/strong> en honor a los momentos m\u00e1s emblem\u00e1ticos del deporte del motor en el \u00faltimo medio siglo.<\/p>\n\n\n\n<figure class=\"wp-block-image\"><img decoding=\"async\" src=\"https:\/\/bxrepsol.s3.eu-west-1.amazonaws.com\/static\/2022\/08\/05071325\/00_exposicion_madrid_50_motor.jpg\" alt=\"\"\/><\/figure>\n\n\n\n<p>La muestra <strong>arranca en la calle Serrano, esquina con Goya, con una imagen de \u00c1ngel Nieto que da la bienvenida a la exposici\u00f3n<\/strong>. La conocida felicitaci\u00f3n del Rey Em\u00e9rito, Juan Carlos I, al propio \u00c1ngel por su famoso t\u00edtulo mundial \u201912+1\u2032; la alianza entre Repsol y Honda en el Mundial de Motociclismo; el dominio de Mick Doohan, la aparici\u00f3n de Alberto Puig y \u00c1lex Crivill\u00e9 en la categor\u00eda reina en la d\u00e9cada de los noventa; la entrada de Repsol en la F\u00f3rmula 1 junto a Pedro Mart\u00ednez de la Rosa; y el Rally Dakar en \u00c1frica y Sudam\u00e9rica son algunos de los momentos que los viandantes pueden recordar mientras pasean por una de las calles m\u00e1s concurridas de Madrid en esta \u00e9poca del a\u00f1o.<\/p>\n\n\n\n<figure class=\"wp-block-image\"><img decoding=\"async\" src=\"https:\/\/bxrepsol.s3.eu-west-1.amazonaws.com\/static\/2022\/08\/05071326\/01_expo_madrid_repsol.jpg\" alt=\"\"\/><\/figure>\n\n\n\n<p>Otros instantes capturados en fotograf\u00edas son m\u00e1s recientes, como el vig\u00e9simo sexto t\u00edtulo mundial de trial de Toni Bou, el legado de Jorge Lorenzo y Dani Pedrosa, y <strong>la trayectoria del actual Campe\u00f3n del Mundo de MotoGP y piloto del equipo Repsol Honda, Marc M\u00e1rquez<\/strong>.<\/p>\n\n\n\n<p>La exposici\u00f3n <strong>\u201cRepsol, 50 a\u00f1os en el deporte del motor\u201d <\/strong>se podr\u00e1 visitar hasta el pr\u00f3ximo lunes 23 de diciembre. Una muestra que no habr\u00eda sido posible sin la ayuda del \u00c1rea de Econom\u00eda, Innovaci\u00f3n y Empleo del Ayuntamiento de Madrid, junto al Distrito de Salamanca.<\/p>\n\n\n\n<p><\/p>\n\n\n\n<div class=\"wp-block-create-block-prueba-estructura\"><div class=\"centrar\"><div class=\"imagen-bloque\"><img decoding=\"async\" src=\"https:\/\/bxrepsol.s3.eu-west-1.amazonaws.com\/static\/2022\/08\/29091021\/exposicion50_motor_repsol-1.jpg\" alt=\"\"\/><\/div><div class=\"contenido-bloque\"><div class=\"br__category\"><span>\u00a1Destacamos!<\/span><\/div><h3><a href=\"https:\/\/www.flickr.com\/photos\/box_repsol\/albums\/72157712244400752\" target=\"_blank\" rel=\"noopener noreferrer\">Im\u00e1genes Repsol y los 50 a\u00f1os de Motor<\/a><\/h3><\/div><\/div><\/div>\n","protected":false},"excerpt":{"rendered":"<p>La muestra, ubicada en la calle Serrano de Madrid, uno de los principales ejes de la capital espa\u00f1ola, est\u00e1 dedicada a algunos de los hitos del mundo del motor de estas cinco d\u00e9cadas.<\/p>\n","protected":false},"author":43146,"featured_media":63373,"comment_status":"open","ping_status":"open","sticky":false,"template":"","format":"standard","meta":{"footnotes":""},"categories":[164],"tags":[158],"class_list":["post-94315","post","type-post","status-publish","format-standard","hentry","category-de-leyenda","tag-repsol"],"yoast_head":"<!-- This site is optimized with the Yoast SEO plugin v27.3 - https:\/\/yoast.com\/product\/yoast-seo-wordpress\/ -->\n<title>Madrid acoge una exposici\u00f3n fotogr\u00e1fica de los 50 a\u00f1os de Repsol en los deportes del motor - Box Repsol<\/title>\n<meta name=\"description\" content=\"La muestra, ubicada en la calle Serrano de Madrid, uno de los principales ejes de la capital espa\u00f1ola, est\u00e1 dedicada a algunos de los hitos del motor.\" \/>\n<link rel=\"canonical\" href=\"https:\/\/www.boxrepsol.com\/es\/de-leyenda\/madrid-acoge-una-exposicion-fotografica-los-50-anos-repsol-los-deportes-del-motor\/\" \/>\n<meta property=\"og:locale\" content=\"es_ES\" \/>\n<meta property=\"og:type\" content=\"article\" \/>\n<meta property=\"og:title\" content=\"Madrid acoge una exposici\u00f3n fotogr\u00e1fica de los 50 a\u00f1os de Repsol en los deportes del motor - Box Repsol\" \/>\n<meta property=\"og:description\" content=\"La muestra, ubicada en la calle Serrano de Madrid, uno de los principales ejes de la capital espa\u00f1ola, est\u00e1 dedicada a algunos de los hitos del motor.\" \/>\n<meta property=\"og:url\" content=\"https:\/\/www.boxrepsol.com\/es\/de-leyenda\/madrid-acoge-una-exposicion-fotografica-los-50-anos-repsol-los-deportes-del-motor\/\" \/>\n<meta property=\"og:site_name\" content=\"Box Repsol\" \/>\n<meta property=\"article:publisher\" content=\"https:\/\/www.facebook.com\/BoxRepsol\" \/>\n<meta property=\"article:author\" content=\"https:\/\/www.facebook.com\/BoxRepsol\/\" \/>\n<meta property=\"article:published_time\" content=\"2019-12-17T02:00:00+00:00\" \/>\n<meta property=\"article:modified_time\" content=\"2024-04-22T12:14:15+00:00\" \/>\n<meta property=\"og:image\" content=\"https:\/\/bxrepsol.s3.eu-west-1.amazonaws.com\/static\/2022\/08\/29091021\/exposicion50_motor_repsol-1.jpg\" \/>\n\t<meta property=\"og:image:width\" content=\"1280\" \/>\n\t<meta property=\"og:image:height\" content=\"600\" \/>\n\t<meta property=\"og:image:type\" content=\"image\/jpeg\" \/>\n<meta name=\"author\" content=\"Redacci\u00f3n Box Repsol\" \/>\n<meta name=\"twitter:card\" content=\"summary_large_image\" \/>\n<meta name=\"twitter:creator\" content=\"@https:\/\/twitter.com\/box_repsol\" \/>\n<meta name=\"twitter:site\" content=\"@box_repsol\" \/>\n<meta name=\"twitter:label1\" content=\"Written by\" \/>\n\t<meta name=\"twitter:data1\" content=\"Redacci\u00f3n Box Repsol\" \/>\n\t<meta name=\"twitter:label2\" content=\"Est. reading time\" \/>\n\t<meta name=\"twitter:data2\" content=\"2 minutos\" \/>\n<script type=\"application\/ld+json\" class=\"yoast-schema-graph\">{\"@context\":\"https:\\\/\\\/schema.org\",\"@graph\":[{\"@type\":\"Article\",\"@id\":\"https:\\\/\\\/www.boxrepsol.com\\\/es\\\/de-leyenda\\\/madrid-acoge-una-exposicion-fotografica-los-50-anos-repsol-los-deportes-del-motor\\\/#article\",\"isPartOf\":{\"@id\":\"https:\\\/\\\/www.boxrepsol.com\\\/es\\\/de-leyenda\\\/madrid-acoge-una-exposicion-fotografica-los-50-anos-repsol-los-deportes-del-motor\\\/\"},\"author\":{\"name\":\"Redacci\u00f3n Box Repsol\",\"@id\":\"https:\\\/\\\/www.boxrepsol.com\\\/es\\\/#\\\/schema\\\/person\\\/c5c2138f2cca251b0ad92b7086bb60b7\"},\"headline\":\"Madrid acoge una exposici\u00f3n fotogr\u00e1fica de los 50 a\u00f1os de Repsol en los deportes del motor\",\"datePublished\":\"2019-12-17T02:00:00+00:00\",\"dateModified\":\"2024-04-22T12:14:15+00:00\",\"mainEntityOfPage\":{\"@id\":\"https:\\\/\\\/www.boxrepsol.com\\\/es\\\/de-leyenda\\\/madrid-acoge-una-exposicion-fotografica-los-50-anos-repsol-los-deportes-del-motor\\\/\"},\"wordCount\":346,\"commentCount\":0,\"publisher\":{\"@id\":\"https:\\\/\\\/www.boxrepsol.com\\\/es\\\/#organization\"},\"image\":{\"@id\":\"https:\\\/\\\/www.boxrepsol.com\\\/es\\\/de-leyenda\\\/madrid-acoge-una-exposicion-fotografica-los-50-anos-repsol-los-deportes-del-motor\\\/#primaryimage\"},\"thumbnailUrl\":\"https:\\\/\\\/bxrepsol.s3.eu-west-1.amazonaws.com\\\/static\\\/2022\\\/08\\\/29091021\\\/exposicion50_motor_repsol-1.jpg\",\"keywords\":[\"Repsol\"],\"articleSection\":[\"De leyenda\"],\"inLanguage\":\"es\",\"potentialAction\":[{\"@type\":\"CommentAction\",\"name\":\"Comment\",\"target\":[\"https:\\\/\\\/www.boxrepsol.com\\\/es\\\/de-leyenda\\\/madrid-acoge-una-exposicion-fotografica-los-50-anos-repsol-los-deportes-del-motor\\\/#respond\"]}]},{\"@type\":\"WebPage\",\"@id\":\"https:\\\/\\\/www.boxrepsol.com\\\/es\\\/de-leyenda\\\/madrid-acoge-una-exposicion-fotografica-los-50-anos-repsol-los-deportes-del-motor\\\/\",\"url\":\"https:\\\/\\\/www.boxrepsol.com\\\/es\\\/de-leyenda\\\/madrid-acoge-una-exposicion-fotografica-los-50-anos-repsol-los-deportes-del-motor\\\/\",\"name\":\"Madrid acoge una exposici\u00f3n fotogr\u00e1fica de los 50 a\u00f1os de Repsol en los deportes del motor - Box Repsol\",\"isPartOf\":{\"@id\":\"https:\\\/\\\/www.boxrepsol.com\\\/es\\\/#website\"},\"primaryImageOfPage\":{\"@id\":\"https:\\\/\\\/www.boxrepsol.com\\\/es\\\/de-leyenda\\\/madrid-acoge-una-exposicion-fotografica-los-50-anos-repsol-los-deportes-del-motor\\\/#primaryimage\"},\"image\":{\"@id\":\"https:\\\/\\\/www.boxrepsol.com\\\/es\\\/de-leyenda\\\/madrid-acoge-una-exposicion-fotografica-los-50-anos-repsol-los-deportes-del-motor\\\/#primaryimage\"},\"thumbnailUrl\":\"https:\\\/\\\/bxrepsol.s3.eu-west-1.amazonaws.com\\\/static\\\/2022\\\/08\\\/29091021\\\/exposicion50_motor_repsol-1.jpg\",\"datePublished\":\"2019-12-17T02:00:00+00:00\",\"dateModified\":\"2024-04-22T12:14:15+00:00\",\"description\":\"La muestra, ubicada en la calle Serrano de Madrid, uno de los principales ejes de la capital espa\u00f1ola, est\u00e1 dedicada a algunos de los hitos del motor.\",\"breadcrumb\":{\"@id\":\"https:\\\/\\\/www.boxrepsol.com\\\/es\\\/de-leyenda\\\/madrid-acoge-una-exposicion-fotografica-los-50-anos-repsol-los-deportes-del-motor\\\/#breadcrumb\"},\"inLanguage\":\"es\",\"potentialAction\":[{\"@type\":\"ReadAction\",\"target\":[\"https:\\\/\\\/www.boxrepsol.com\\\/es\\\/de-leyenda\\\/madrid-acoge-una-exposicion-fotografica-los-50-anos-repsol-los-deportes-del-motor\\\/\"]}]},{\"@type\":\"ImageObject\",\"inLanguage\":\"es\",\"@id\":\"https:\\\/\\\/www.boxrepsol.com\\\/es\\\/de-leyenda\\\/madrid-acoge-una-exposicion-fotografica-los-50-anos-repsol-los-deportes-del-motor\\\/#primaryimage\",\"url\":\"https:\\\/\\\/bxrepsol.s3.eu-west-1.amazonaws.com\\\/static\\\/2022\\\/08\\\/29091021\\\/exposicion50_motor_repsol-1.jpg\",\"contentUrl\":\"https:\\\/\\\/bxrepsol.s3.eu-west-1.amazonaws.com\\\/static\\\/2022\\\/08\\\/29091021\\\/exposicion50_motor_repsol-1.jpg\",\"width\":1280,\"height\":600,\"caption\":\"Exposici\u00f3n Repsol en las calles de Madrid\"},{\"@type\":\"BreadcrumbList\",\"@id\":\"https:\\\/\\\/www.boxrepsol.com\\\/es\\\/de-leyenda\\\/madrid-acoge-una-exposicion-fotografica-los-50-anos-repsol-los-deportes-del-motor\\\/#breadcrumb\",\"itemListElement\":[{\"@type\":\"ListItem\",\"position\":1,\"name\":\"Home\",\"item\":\"https:\\\/\\\/www.boxrepsol.com\\\/es\\\/\"},{\"@type\":\"ListItem\",\"position\":2,\"name\":\"Madrid acoge una exposici\u00f3n fotogr\u00e1fica de los 50 a\u00f1os de Repsol en los deportes del motor\"}]},{\"@type\":\"WebSite\",\"@id\":\"https:\\\/\\\/www.boxrepsol.com\\\/es\\\/#website\",\"url\":\"https:\\\/\\\/www.boxrepsol.com\\\/es\\\/\",\"name\":\"Box Repsol\",\"description\":\"Box Repsol Site\",\"publisher\":{\"@id\":\"https:\\\/\\\/www.boxrepsol.com\\\/es\\\/#organization\"},\"potentialAction\":[{\"@type\":\"SearchAction\",\"target\":{\"@type\":\"EntryPoint\",\"urlTemplate\":\"https:\\\/\\\/www.boxrepsol.com\\\/es\\\/?s={search_term_string}\"},\"query-input\":{\"@type\":\"PropertyValueSpecification\",\"valueRequired\":true,\"valueName\":\"search_term_string\"}}],\"inLanguage\":\"es\"},{\"@type\":\"Organization\",\"@id\":\"https:\\\/\\\/www.boxrepsol.com\\\/es\\\/#organization\",\"name\":\"Box Repsol\",\"url\":\"https:\\\/\\\/www.boxrepsol.com\\\/es\\\/\",\"logo\":{\"@type\":\"ImageObject\",\"inLanguage\":\"es\",\"@id\":\"https:\\\/\\\/www.boxrepsol.com\\\/es\\\/#\\\/schema\\\/logo\\\/image\\\/\",\"url\":\"https:\\\/\\\/bxrepsol.s3.eu-west-1.amazonaws.com\\\/static\\\/2025\\\/07\\\/30083337\\\/favicon-96x96-1.png\",\"contentUrl\":\"https:\\\/\\\/bxrepsol.s3.eu-west-1.amazonaws.com\\\/static\\\/2025\\\/07\\\/30083337\\\/favicon-96x96-1.png\",\"width\":96,\"height\":96,\"caption\":\"Box Repsol\"},\"image\":{\"@id\":\"https:\\\/\\\/www.boxrepsol.com\\\/es\\\/#\\\/schema\\\/logo\\\/image\\\/\"},\"sameAs\":[\"https:\\\/\\\/www.facebook.com\\\/BoxRepsol\",\"https:\\\/\\\/x.com\\\/box_repsol\",\"http:\\\/\\\/instagram.com\\\/box_repsol\",\"https:\\\/\\\/www.youtube.com\\\/user\\\/RepsolCompeticion\",\"https:\\\/\\\/www.flickr.com\\\/photos\\\/box_repsol\\\/\"]},{\"@type\":\"Person\",\"@id\":\"https:\\\/\\\/www.boxrepsol.com\\\/es\\\/#\\\/schema\\\/person\\\/c5c2138f2cca251b0ad92b7086bb60b7\",\"name\":\"Redacci\u00f3n Box Repsol\",\"image\":{\"@type\":\"ImageObject\",\"inLanguage\":\"es\",\"@id\":\"https:\\\/\\\/secure.gravatar.com\\\/avatar\\\/adf7b77e38b4419baf32c7e9c21dde01f4e40df611f0978e3006fc4ba0aaab7e?s=96&d=mm&r=g\",\"url\":\"https:\\\/\\\/secure.gravatar.com\\\/avatar\\\/adf7b77e38b4419baf32c7e9c21dde01f4e40df611f0978e3006fc4ba0aaab7e?s=96&d=mm&r=g\",\"contentUrl\":\"https:\\\/\\\/secure.gravatar.com\\\/avatar\\\/adf7b77e38b4419baf32c7e9c21dde01f4e40df611f0978e3006fc4ba0aaab7e?s=96&d=mm&r=g\",\"caption\":\"Redacci\u00f3n Box Repsol\"},\"description\":\"Box Repsol lo forma un equipo de periodistas, community managers, dise\u00f1adores y fot\u00f3grafos con m\u00e1s de 20 a\u00f1os de experiencia en el mundo del motorsport. Hemos vivido el primer mundial de un espa\u00f1ol en la categor\u00eda reina de motociclismo con \u00c1lex Crivill\u00e9, estuvimos en las victorias de Pedrosa y los t\u00edtulos de M\u00e1rquez, acompa\u00f1amos en \u00c1frica a Nani Roma y Marc Coma en sus conquistas del Dakar y hemos vibrado con los t\u00edtulos de Toni Bou en Trial. Adem\u00e1s, en nuestro equipo contamos con expertos en el mundo de las dos y cuatro ruedas tanto de la calle y las carreteras, como de los circuitos. Periodistas que han trabajado en revistas y publicaciones para hacerte llegar desde rutas y consejos de mantenimiento, a curiosidades y trucos de pilotaje.\",\"sameAs\":[\"https:\\\/\\\/www.facebook.com\\\/BoxRepsol\\\/\",\"https:\\\/\\\/www.instagram.com\\\/box_repsol\\\/\",\"https:\\\/\\\/x.com\\\/https:\\\/\\\/twitter.com\\\/box_repsol\",\"https:\\\/\\\/www.youtube.com\\\/@Boxrepsol\"],\"url\":\"https:\\\/\\\/www.boxrepsol.com\\\/es\\\/author\\\/redaccion-box-repsol\\\/\"}]}<\/script>\n<!-- \/ Yoast SEO plugin. -->","yoast_head_json":{"title":"Madrid acoge una exposici\u00f3n fotogr\u00e1fica de los 50 a\u00f1os de Repsol en los deportes del motor - Box Repsol","description":"La muestra, ubicada en la calle Serrano de Madrid, uno de los principales ejes de la capital espa\u00f1ola, est\u00e1 dedicada a algunos de los hitos del motor.","canonical":"https:\/\/www.boxrepsol.com\/es\/de-leyenda\/madrid-acoge-una-exposicion-fotografica-los-50-anos-repsol-los-deportes-del-motor\/","og_locale":"es_ES","og_type":"article","og_title":"Madrid acoge una exposici\u00f3n fotogr\u00e1fica de los 50 a\u00f1os de Repsol en los deportes del motor - Box Repsol","og_description":"La muestra, ubicada en la calle Serrano de Madrid, uno de los principales ejes de la capital espa\u00f1ola, est\u00e1 dedicada a algunos de los hitos del motor.","og_url":"https:\/\/www.boxrepsol.com\/es\/de-leyenda\/madrid-acoge-una-exposicion-fotografica-los-50-anos-repsol-los-deportes-del-motor\/","og_site_name":"Box Repsol","article_publisher":"https:\/\/www.facebook.com\/BoxRepsol","article_author":"https:\/\/www.facebook.com\/BoxRepsol\/","article_published_time":"2019-12-17T02:00:00+00:00","article_modified_time":"2024-04-22T12:14:15+00:00","og_image":[{"width":1280,"height":600,"url":"https:\/\/bxrepsol.s3.eu-west-1.amazonaws.com\/static\/2022\/08\/29091021\/exposicion50_motor_repsol-1.jpg","type":"image\/jpeg"}],"author":"Redacci\u00f3n Box Repsol","twitter_card":"summary_large_image","twitter_creator":"@https:\/\/twitter.com\/box_repsol","twitter_site":"@box_repsol","twitter_misc":{"Written by":"Redacci\u00f3n Box Repsol","Est. reading time":"2 minutos"},"schema":{"@context":"https:\/\/schema.org","@graph":[{"@type":"Article","@id":"https:\/\/www.boxrepsol.com\/es\/de-leyenda\/madrid-acoge-una-exposicion-fotografica-los-50-anos-repsol-los-deportes-del-motor\/#article","isPartOf":{"@id":"https:\/\/www.boxrepsol.com\/es\/de-leyenda\/madrid-acoge-una-exposicion-fotografica-los-50-anos-repsol-los-deportes-del-motor\/"},"author":{"name":"Redacci\u00f3n Box Repsol","@id":"https:\/\/www.boxrepsol.com\/es\/#\/schema\/person\/c5c2138f2cca251b0ad92b7086bb60b7"},"headline":"Madrid acoge una exposici\u00f3n fotogr\u00e1fica de los 50 a\u00f1os de Repsol en los deportes del motor","datePublished":"2019-12-17T02:00:00+00:00","dateModified":"2024-04-22T12:14:15+00:00","mainEntityOfPage":{"@id":"https:\/\/www.boxrepsol.com\/es\/de-leyenda\/madrid-acoge-una-exposicion-fotografica-los-50-anos-repsol-los-deportes-del-motor\/"},"wordCount":346,"commentCount":0,"publisher":{"@id":"https:\/\/www.boxrepsol.com\/es\/#organization"},"image":{"@id":"https:\/\/www.boxrepsol.com\/es\/de-leyenda\/madrid-acoge-una-exposicion-fotografica-los-50-anos-repsol-los-deportes-del-motor\/#primaryimage"},"thumbnailUrl":"https:\/\/bxrepsol.s3.eu-west-1.amazonaws.com\/static\/2022\/08\/29091021\/exposicion50_motor_repsol-1.jpg","keywords":["Repsol"],"articleSection":["De leyenda"],"inLanguage":"es","potentialAction":[{"@type":"CommentAction","name":"Comment","target":["https:\/\/www.boxrepsol.com\/es\/de-leyenda\/madrid-acoge-una-exposicion-fotografica-los-50-anos-repsol-los-deportes-del-motor\/#respond"]}]},{"@type":"WebPage","@id":"https:\/\/www.boxrepsol.com\/es\/de-leyenda\/madrid-acoge-una-exposicion-fotografica-los-50-anos-repsol-los-deportes-del-motor\/","url":"https:\/\/www.boxrepsol.com\/es\/de-leyenda\/madrid-acoge-una-exposicion-fotografica-los-50-anos-repsol-los-deportes-del-motor\/","name":"Madrid acoge una exposici\u00f3n fotogr\u00e1fica de los 50 a\u00f1os de Repsol en los deportes del motor - Box Repsol","isPartOf":{"@id":"https:\/\/www.boxrepsol.com\/es\/#website"},"primaryImageOfPage":{"@id":"https:\/\/www.boxrepsol.com\/es\/de-leyenda\/madrid-acoge-una-exposicion-fotografica-los-50-anos-repsol-los-deportes-del-motor\/#primaryimage"},"image":{"@id":"https:\/\/www.boxrepsol.com\/es\/de-leyenda\/madrid-acoge-una-exposicion-fotografica-los-50-anos-repsol-los-deportes-del-motor\/#primaryimage"},"thumbnailUrl":"https:\/\/bxrepsol.s3.eu-west-1.amazonaws.com\/static\/2022\/08\/29091021\/exposicion50_motor_repsol-1.jpg","datePublished":"2019-12-17T02:00:00+00:00","dateModified":"2024-04-22T12:14:15+00:00","description":"La muestra, ubicada en la calle Serrano de Madrid, uno de los principales ejes de la capital espa\u00f1ola, est\u00e1 dedicada a algunos de los hitos del motor.","breadcrumb":{"@id":"https:\/\/www.boxrepsol.com\/es\/de-leyenda\/madrid-acoge-una-exposicion-fotografica-los-50-anos-repsol-los-deportes-del-motor\/#breadcrumb"},"inLanguage":"es","potentialAction":[{"@type":"ReadAction","target":["https:\/\/www.boxrepsol.com\/es\/de-leyenda\/madrid-acoge-una-exposicion-fotografica-los-50-anos-repsol-los-deportes-del-motor\/"]}]},{"@type":"ImageObject","inLanguage":"es","@id":"https:\/\/www.boxrepsol.com\/es\/de-leyenda\/madrid-acoge-una-exposicion-fotografica-los-50-anos-repsol-los-deportes-del-motor\/#primaryimage","url":"https:\/\/bxrepsol.s3.eu-west-1.amazonaws.com\/static\/2022\/08\/29091021\/exposicion50_motor_repsol-1.jpg","contentUrl":"https:\/\/bxrepsol.s3.eu-west-1.amazonaws.com\/static\/2022\/08\/29091021\/exposicion50_motor_repsol-1.jpg","width":1280,"height":600,"caption":"Exposici\u00f3n Repsol en las calles de Madrid"},{"@type":"BreadcrumbList","@id":"https:\/\/www.boxrepsol.com\/es\/de-leyenda\/madrid-acoge-una-exposicion-fotografica-los-50-anos-repsol-los-deportes-del-motor\/#breadcrumb","itemListElement":[{"@type":"ListItem","position":1,"name":"Home","item":"https:\/\/www.boxrepsol.com\/es\/"},{"@type":"ListItem","position":2,"name":"Madrid acoge una exposici\u00f3n fotogr\u00e1fica de los 50 a\u00f1os de Repsol en los deportes del motor"}]},{"@type":"WebSite","@id":"https:\/\/www.boxrepsol.com\/es\/#website","url":"https:\/\/www.boxrepsol.com\/es\/","name":"Box Repsol","description":"Box Repsol Site","publisher":{"@id":"https:\/\/www.boxrepsol.com\/es\/#organization"},"potentialAction":[{"@type":"SearchAction","target":{"@type":"EntryPoint","urlTemplate":"https:\/\/www.boxrepsol.com\/es\/?s={search_term_string}"},"query-input":{"@type":"PropertyValueSpecification","valueRequired":true,"valueName":"search_term_string"}}],"inLanguage":"es"},{"@type":"Organization","@id":"https:\/\/www.boxrepsol.com\/es\/#organization","name":"Box Repsol","url":"https:\/\/www.boxrepsol.com\/es\/","logo":{"@type":"ImageObject","inLanguage":"es","@id":"https:\/\/www.boxrepsol.com\/es\/#\/schema\/logo\/image\/","url":"https:\/\/bxrepsol.s3.eu-west-1.amazonaws.com\/static\/2025\/07\/30083337\/favicon-96x96-1.png","contentUrl":"https:\/\/bxrepsol.s3.eu-west-1.amazonaws.com\/static\/2025\/07\/30083337\/favicon-96x96-1.png","width":96,"height":96,"caption":"Box Repsol"},"image":{"@id":"https:\/\/www.boxrepsol.com\/es\/#\/schema\/logo\/image\/"},"sameAs":["https:\/\/www.facebook.com\/BoxRepsol","https:\/\/x.com\/box_repsol","http:\/\/instagram.com\/box_repsol","https:\/\/www.youtube.com\/user\/RepsolCompeticion","https:\/\/www.flickr.com\/photos\/box_repsol\/"]},{"@type":"Person","@id":"https:\/\/www.boxrepsol.com\/es\/#\/schema\/person\/c5c2138f2cca251b0ad92b7086bb60b7","name":"Redacci\u00f3n Box Repsol","image":{"@type":"ImageObject","inLanguage":"es","@id":"https:\/\/secure.gravatar.com\/avatar\/adf7b77e38b4419baf32c7e9c21dde01f4e40df611f0978e3006fc4ba0aaab7e?s=96&d=mm&r=g","url":"https:\/\/secure.gravatar.com\/avatar\/adf7b77e38b4419baf32c7e9c21dde01f4e40df611f0978e3006fc4ba0aaab7e?s=96&d=mm&r=g","contentUrl":"https:\/\/secure.gravatar.com\/avatar\/adf7b77e38b4419baf32c7e9c21dde01f4e40df611f0978e3006fc4ba0aaab7e?s=96&d=mm&r=g","caption":"Redacci\u00f3n Box Repsol"},"description":"Box Repsol lo forma un equipo de periodistas, community managers, dise\u00f1adores y fot\u00f3grafos con m\u00e1s de 20 a\u00f1os de experiencia en el mundo del motorsport. Hemos vivido el primer mundial de un espa\u00f1ol en la categor\u00eda reina de motociclismo con \u00c1lex Crivill\u00e9, estuvimos en las victorias de Pedrosa y los t\u00edtulos de M\u00e1rquez, acompa\u00f1amos en \u00c1frica a Nani Roma y Marc Coma en sus conquistas del Dakar y hemos vibrado con los t\u00edtulos de Toni Bou en Trial. Adem\u00e1s, en nuestro equipo contamos con expertos en el mundo de las dos y cuatro ruedas tanto de la calle y las carreteras, como de los circuitos. Periodistas que han trabajado en revistas y publicaciones para hacerte llegar desde rutas y consejos de mantenimiento, a curiosidades y trucos de pilotaje.","sameAs":["https:\/\/www.facebook.com\/BoxRepsol\/","https:\/\/www.instagram.com\/box_repsol\/","https:\/\/x.com\/https:\/\/twitter.com\/box_repsol","https:\/\/www.youtube.com\/@Boxrepsol"],"url":"https:\/\/www.boxrepsol.com\/es\/author\/redaccion-box-repsol\/"}]}},"_links":{"self":[{"href":"https:\/\/www.boxrepsol.com\/es\/wp-json\/wp\/v2\/posts\/94315","targetHints":{"allow":["GET"]}}],"collection":[{"href":"https:\/\/www.boxrepsol.com\/es\/wp-json\/wp\/v2\/posts"}],"about":[{"href":"https:\/\/www.boxrepsol.com\/es\/wp-json\/wp\/v2\/types\/post"}],"author":[{"embeddable":true,"href":"https:\/\/www.boxrepsol.com\/es\/wp-json\/wp\/v2\/users\/43146"}],"replies":[{"embeddable":true,"href":"https:\/\/www.boxrepsol.com\/es\/wp-json\/wp\/v2\/comments?post=94315"}],"version-history":[{"count":6,"href":"https:\/\/www.boxrepsol.com\/es\/wp-json\/wp\/v2\/posts\/94315\/revisions"}],"predecessor-version":[{"id":102980,"href":"https:\/\/www.boxrepsol.com\/es\/wp-json\/wp\/v2\/posts\/94315\/revisions\/102980"}],"wp:featuredmedia":[{"embeddable":true,"href":"https:\/\/www.boxrepsol.com\/es\/wp-json\/wp\/v2\/media\/63373"}],"wp:attachment":[{"href":"https:\/\/www.boxrepsol.com\/es\/wp-json\/wp\/v2\/media?parent=94315"}],"wp:term":[{"taxonomy":"category","embeddable":true,"href":"https:\/\/www.boxrepsol.com\/es\/wp-json\/wp\/v2\/categories?post=94315"},{"taxonomy":"post_tag","embeddable":true,"href":"https:\/\/www.boxrepsol.com\/es\/wp-json\/wp\/v2\/tags?post=94315"}],"curies":[{"name":"wp","href":"https:\/\/api.w.org\/{rel}","templated":true}]}}