{"id":94309,"date":"2019-12-11T00:00:00","date_gmt":"2019-12-11T02:00:00","guid":{"rendered":"http:\/\/pre.boxrepsol.com\/sin-categorizar\/isidre-esteve-buscara-mejor-resultado-proximo-dakar\/"},"modified":"2024-04-22T10:15:43","modified_gmt":"2024-04-22T12:15:43","slug":"isidre-esteve-buscara-mejor-resultado-proximo-dakar","status":"publish","type":"post","link":"https:\/\/www.boxrepsol.com\/es\/rally\/isidre-esteve-buscara-mejor-resultado-proximo-dakar\/","title":{"rendered":"Isidre Esteve buscar\u00e1 su mejor resultado en el pr\u00f3ximo Dakar 2020"},"content":{"rendered":"<p>Por tercer a\u00f1o consecutivo,<strong> Isidre Esteve participar\u00e1 en el Rally Dakar con el Repsol Rally Team<\/strong>. El piloto ilerdense llega a la cita dispuesto a luchar por su mejor resultado desde que compite con el prototipo BV6. El ilerdense ha desvelado hoy, durante la presentaci\u00f3n celebrada en el Campus Repsol de Madrid, que su objetivo es acabar en el top 15.<\/p>\n<p>El Dakar 2020 se presenta plagado de novedades, al disputarse <strong>por primera vez en la historia en un pa\u00eds asi\u00e1tico: Arabia Saud\u00ed<\/strong>. La prueba se desarrollar\u00e1 del 5 al 17 de enero y constar\u00e1 de 12 exigentes etapas, que llevar\u00e1n a todos los participantes al l\u00edmite de sus posibilidades. El recorrido contar\u00e1 con m\u00e1s de 7.800 kil\u00f3metros, de los que unos 5.000 ser\u00e1n cronometrados.<\/p>\n<p>Isidre Esteve lleva todo el a\u00f1o preparando el nuevo desaf\u00edo junto a su copiloto Txema Villalobos y el resto del Repsol Rally Team. Durante meses, han continuado con la evoluci\u00f3n de su 4&#215;4 de la categor\u00eda T1.2 (todoterreno 4&#215;4 di\u00e9sel modificados) para hacerlo m\u00e1s competitivo y adaptarlo a las caracter\u00edsticas del terreno saud\u00ed, en su gran mayor\u00eda sobre arena. Con el prop\u00f3sito de facilitar el paso de las dunas, <strong>el coche ha ganado en altura e incorpora los neum\u00e1ticos BFGoodrich KDR 2 con los nuevos compuestos para arena y terreno pedregoso<\/strong>.<\/p>\n<p>\t<iframe loading=\"lazy\" width=\"560\" height=\"315\" src=\"https:\/\/www.youtube.com\/embed\/bjv3sNX8oQE\" frameborder=\"0\" allow=\"accelerometer; autoplay; encrypted-media; gyroscope; picture-in-picture\" allowfullscreen><\/iframe><\/p>\n<p>El ilerdense volver\u00e1 a utilizar el coj\u00edn inteligente Nubolo y los mandos adaptados en el volante por Guidosimplex. Dos dispositivos que le permiten competir en igualdad de condiciones respecto a sus rivales, pese a su lesi\u00f3n medular, y que le han ayudado a convertirse en todo un <strong>ejemplo de superaci\u00f3n<\/strong>.<\/p>\n<p>\u201c<em>Ser\u00e1 nuestro tercer a\u00f1o con el mismo coche y en este tiempo hemos ido introduciendo mejoras para lograr extraerle el m\u00e1ximo rendimiento posible. En el pasado Rally de Marruecos celebrado en octubre dimos un importante paso adelante y logramos un 12\u00ba lugar de mucho m\u00e9rito porque hab\u00eda un nivel muy alto de participaci\u00f3n<\/em>\u201d, ha recordado un optimista Isidre Esteve que vivir\u00e1 su quinto Dakar en coches y el 15\u00ba en total, si sumamos sus diez participaciones en moto antes del accidente que sufri\u00f3 en 2007.<\/p>\n<p>El piloto de Oliana, 21\u00ba clasificado de la general en las dos \u00faltimas ediciones, ha confesado que este a\u00f1o el cambio de escenario representa un est\u00edmulo a\u00f1adido, m\u00e1s all\u00e1 del deporte: \u201c<em>Tenemos much\u00edsimas ganas de conocer un nuevo pa\u00eds. El Dakar ser\u00e1 el primer gran acontecimiento deportivo internacional que se celebra en Arabia Saud\u00ed y eso es un claro s\u00edntoma de la predisposici\u00f3n que tienen de abrirse al mundo. Este evento les brinda una gran oportunidad de dar el primer paso y eso es muy una buena noticia<\/em>\u201d.<\/p>\n<p><a href=\"https:\/\/bxrepsol.s3.eu-west-1.amazonaws.com\/static\/2022\/08\/05070736\/0_isidre_esteve_sodicars_bv6_dakar.jpg\" \n   title=\"isidre esteve conduce el coche del Repsol Rally Team\" \n   data-gallery-thumbnail=\"https:\/\/bxrepsol.s3.eu-west-1.amazonaws.com\/static\/2022\/08\/05070736\/0_isidre_esteve_sodicars_bv6_dakar.jpg\"\n   data-gallery-title=\"\"\n   data-gallery><\/p>\n<figure>\n        <picture style=\"padding-bottom: 66.690190543402%; background-image: url(https:\/\/bxrepsol.s3.eu-west-1.amazonaws.com\/static\/2022\/08\/05070736\/0_isidre_esteve_sodicars_bv6_dakar.jpg);\">\n            <img decoding=\"async\" src=\"https:\/\/bxrepsol.s3.eu-west-1.amazonaws.com\/static\/2022\/08\/05070736\/0_isidre_esteve_sodicars_bv6_dakar.jpg\"><br \/>\n            <img itemprop=\"image\"\n                data-srcset=\"https:\/\/bxrepsol.s3.eu-west-1.amazonaws.com\/static\/2022\/08\/05070736\/0_isidre_esteve_sodicars_bv6_dakar.jpg 480w, https:\/\/bxrepsol.s3.eu-west-1.amazonaws.com\/static\/2022\/08\/05070736\/0_isidre_esteve_sodicars_bv6_dakar.jpg 600w, https:\/\/bxrepsol.s3.eu-west-1.amazonaws.com\/static\/2022\/08\/05070736\/0_isidre_esteve_sodicars_bv6_dakar.jpg 900w, https:\/\/bxrepsol.s3.eu-west-1.amazonaws.com\/static\/2022\/08\/05070736\/0_isidre_esteve_sodicars_bv6_dakar.jpg 1280w\"\n                data-src=\"https:\/\/bxrepsol.s3.eu-west-1.amazonaws.com\/static\/2022\/08\/05070736\/0_isidre_esteve_sodicars_bv6_dakar.jpg\"\n                alt=\"isidre esteve conduce el coche del Repsol Rally Team\"\n                title=\"Isidre esteve manejando su prototipo dakariano\"\/><br \/>\n            <noscript><img decoding=\"async\" src=\"https:\/\/bxrepsol.s3.eu-west-1.amazonaws.com\/static\/2022\/08\/05070736\/0_isidre_esteve_sodicars_bv6_dakar.jpg\" alt=\"isidre esteve conduce el coche del Repsol Rally Team\"><\/noscript>\n        <\/picture><figcaption>isidre esteve conduce el coche del Repsol Rally Team<\/figcaption><\/figure>\n<p><\/a><\/p>\n<p>A nivel competitivo, Isidre Esteve est\u00e1 convencido de que se ver\u00e1 un brillante espect\u00e1culo: \u201c<em>Ser\u00e1 una gran carrera, muy similar a las que se disputaban anteriormente en \u00c1frica. Habr\u00e1 etapas mucho m\u00e1s largas en comparaci\u00f3n con las de los \u00faltimos a\u00f1os, con m\u00e1s kil\u00f3metros, mucho desierto y zonas bastante r\u00e1pidas. En Sudam\u00e9rica corr\u00edamos en verano, lo que provocaba que la arena fuera blanda. Por contra, en Asia ser\u00e1 invierno y la arena ser\u00e1 mucho m\u00e1s dura, por lo que no nos encontraremos con una dificultad tan extrema. En general, me gusta mucho el recorrido y el planteamiento del nuevo Dakar que dirige David Castera<\/em>\u201d.<\/p>\n<p>Otra gran diferencia respecto a ediciones anteriores ser\u00e1 el innovador sistema de roadbook, que ya se estren\u00f3 en el pasado Rally de Marruecos, puntuable para la Copa del Mundo de Rallys Cross-Country. \u201c<em>Entregar el roadbook pocos minutos antes de comenzar algunas etapas con los peligros pintados es un acierto porque servir\u00e1 para igualar las fuerzas entre todos los participantes. Esas jornadas, todo el mundo dispondr\u00e1 de la misma informaci\u00f3n al mismo tiempo y eso representar\u00e1 un cambio muy importante<\/em>\u201d, ha valorado.<\/p>\n<p>En definitiva, el Dakar 2020 estar\u00e1 plagado de oportunidades que Isidre Esteve espera aprovechar con el apoyo de su equipo. \u201c<em>Es un lujo formar parte del Repsol Rally Team. Los patrocinadores nos permiten disfrutar de esta carrera y disponer de un material competitivo para seguir avanzando con este proyecto en busca de objetivos cada vez m\u00e1s ambiciosos. Este a\u00f1o, nuestro reto ser\u00e1 luchar por acabar entre los 15 primeros. Sabemos que no ser\u00e1 f\u00e1cil porque, aunque nosotros hemos mejorado, la competencia es cada vez mayor, pero nos vemos con fuerza para intentarlo<\/em>\u201d.<\/p>\n<p><a href=\"https:\/\/bxrepsol.s3.eu-west-1.amazonaws.com\/static\/2022\/08\/05070737\/00_isidre_esteve_saltando_con_coche.jpg\" \n   title=\"Coche de Rally saltando con colores Repsol, manejado por Isidre Esteve\" \n   data-gallery-thumbnail=\"https:\/\/bxrepsol.s3.eu-west-1.amazonaws.com\/static\/2022\/08\/05070737\/00_isidre_esteve_saltando_con_coche.jpg\"\n   data-gallery-title=\"\"\n   data-gallery><\/p>\n<figure>\n        <picture style=\"padding-bottom: 66.690190543402%; background-image: url(https:\/\/bxrepsol.s3.eu-west-1.amazonaws.com\/static\/2022\/08\/05070737\/00_isidre_esteve_saltando_con_coche.jpg);\">\n            <img decoding=\"async\" src=\"https:\/\/bxrepsol.s3.eu-west-1.amazonaws.com\/static\/2022\/08\/05070737\/00_isidre_esteve_saltando_con_coche.jpg\"><br \/>\n            <img itemprop=\"image\"\n                data-srcset=\"https:\/\/bxrepsol.s3.eu-west-1.amazonaws.com\/static\/2022\/08\/05070737\/00_isidre_esteve_saltando_con_coche.jpg 480w, https:\/\/bxrepsol.s3.eu-west-1.amazonaws.com\/static\/2022\/08\/05070737\/00_isidre_esteve_saltando_con_coche.jpg 600w, https:\/\/bxrepsol.s3.eu-west-1.amazonaws.com\/static\/2022\/08\/05070737\/00_isidre_esteve_saltando_con_coche.jpg 900w, https:\/\/bxrepsol.s3.eu-west-1.amazonaws.com\/static\/2022\/08\/05070737\/00_isidre_esteve_saltando_con_coche.jpg 1280w\"\n                data-src=\"https:\/\/bxrepsol.s3.eu-west-1.amazonaws.com\/static\/2022\/08\/05070737\/00_isidre_esteve_saltando_con_coche.jpg\"\n                alt=\"Coche de Rally saltando con colores Repsol, manejado por Isidre Esteve\"\n                title=\"Isidre Esteve saltando con el  coche del Repsol Rally Team\"\/><br \/>\n            <noscript><img decoding=\"async\" src=\"https:\/\/bxrepsol.s3.eu-west-1.amazonaws.com\/static\/2022\/08\/05070737\/00_isidre_esteve_saltando_con_coche.jpg\" alt=\"Coche de Rally saltando con colores Repsol, manejado por Isidre Esteve\"><\/noscript>\n        <\/picture><figcaption>Coche de Rally saltando con colores Repsol, manejado por Isidre Esteve<\/figcaption><\/figure>\n<p><\/a><\/p>\n<p>Durante la presentaci\u00f3n, <strong>Alfonso Fern\u00e1ndez de Gabriel, Director de Marketing y Publicidad de Negocios Comerciales de Repsol<\/strong>, ha reconocido que \u201c<em>para Repsol supone un verdadero reto participar en una de las competiciones m\u00e1s exigentes del mundo del motor, ya que sin duda el car\u00e1cter de estas pruebas exige la utilizaci\u00f3n de los mejores productos en t\u00e9rminos de calidad e innovaci\u00f3n\u00bb. Tras destacar la implicaci\u00f3n de Isidre Esteve en todo el proceso de mejora de sus productos durante los \u00faltimos Dakar, se ha mostrado convencido de que su participaci\u00f3n en la pr\u00f3xima edici\u00f3n \u00abser\u00e1 un verdadero \u00e9xit<\/em>o\u201d.<\/p>\n","protected":false},"excerpt":{"rendered":"<p>El piloto de Oliana afronta con optimismo su tercera participaci\u00f3n consecutiva con el prototipo BV6 del Repsol Rally Team.<\/p>\n","protected":false},"author":43146,"featured_media":63297,"comment_status":"open","ping_status":"open","sticky":false,"template":"","format":"standard","meta":{"footnotes":""},"categories":[27],"tags":[29,183],"class_list":["post-94309","post","type-post","status-publish","format-standard","hentry","category-rally","tag-isidre-esteve","tag-repsol-rally-team"],"yoast_head":"<!-- This site is optimized with the Yoast SEO plugin v27.3 - https:\/\/yoast.com\/product\/yoast-seo-wordpress\/ -->\n<title>Isidre Esteve buscar\u00e1 su mejor resultado en el pr\u00f3ximo Dakar 2020 - Box Repsol<\/title>\n<meta name=\"description\" content=\"El piloto de Oliana afronta con optimismo su tercera participaci\u00f3n consecutiva con el prototipo BV6 del Repsol Rally Team.\" \/>\n<link rel=\"canonical\" href=\"https:\/\/www.boxrepsol.com\/es\/rally\/isidre-esteve-buscara-mejor-resultado-proximo-dakar\/\" \/>\n<meta property=\"og:locale\" content=\"es_ES\" \/>\n<meta property=\"og:type\" content=\"article\" \/>\n<meta property=\"og:title\" content=\"Isidre Esteve buscar\u00e1 su mejor resultado en el pr\u00f3ximo Dakar 2020 - Box Repsol\" \/>\n<meta property=\"og:description\" content=\"El piloto de Oliana afronta con optimismo su tercera participaci\u00f3n consecutiva con el prototipo BV6 del Repsol Rally Team.\" \/>\n<meta property=\"og:url\" content=\"https:\/\/www.boxrepsol.com\/es\/rally\/isidre-esteve-buscara-mejor-resultado-proximo-dakar\/\" \/>\n<meta property=\"og:site_name\" content=\"Box Repsol\" \/>\n<meta property=\"article:publisher\" content=\"https:\/\/www.facebook.com\/BoxRepsol\" \/>\n<meta property=\"article:author\" content=\"https:\/\/www.facebook.com\/BoxRepsol\/\" \/>\n<meta property=\"article:published_time\" content=\"2019-12-11T02:00:00+00:00\" \/>\n<meta property=\"article:modified_time\" content=\"2024-04-22T12:15:43+00:00\" \/>\n<meta property=\"og:image\" content=\"https:\/\/bxrepsol.s3.eu-west-1.amazonaws.com\/static\/2022\/08\/29090933\/isidre_esteve_presentacion_repsol_rally_team.jpg\" \/>\n\t<meta property=\"og:image:width\" content=\"1280\" \/>\n\t<meta property=\"og:image:height\" content=\"600\" \/>\n\t<meta property=\"og:image:type\" content=\"image\/jpeg\" \/>\n<meta name=\"author\" content=\"Redacci\u00f3n Box Repsol\" \/>\n<meta name=\"twitter:card\" content=\"summary_large_image\" \/>\n<meta name=\"twitter:creator\" content=\"@https:\/\/twitter.com\/box_repsol\" \/>\n<meta name=\"twitter:site\" content=\"@box_repsol\" \/>\n<meta name=\"twitter:label1\" content=\"Written by\" \/>\n\t<meta name=\"twitter:data1\" content=\"Redacci\u00f3n Box Repsol\" \/>\n\t<meta name=\"twitter:label2\" content=\"Est. reading time\" \/>\n\t<meta name=\"twitter:data2\" content=\"4 minutos\" \/>\n<script type=\"application\/ld+json\" class=\"yoast-schema-graph\">{\"@context\":\"https:\\\/\\\/schema.org\",\"@graph\":[{\"@type\":\"Article\",\"@id\":\"https:\\\/\\\/www.boxrepsol.com\\\/es\\\/rally\\\/isidre-esteve-buscara-mejor-resultado-proximo-dakar\\\/#article\",\"isPartOf\":{\"@id\":\"https:\\\/\\\/www.boxrepsol.com\\\/es\\\/rally\\\/isidre-esteve-buscara-mejor-resultado-proximo-dakar\\\/\"},\"author\":{\"name\":\"Redacci\u00f3n Box Repsol\",\"@id\":\"https:\\\/\\\/www.boxrepsol.com\\\/es\\\/#\\\/schema\\\/person\\\/c5c2138f2cca251b0ad92b7086bb60b7\"},\"headline\":\"Isidre Esteve buscar\u00e1 su mejor resultado en el pr\u00f3ximo Dakar 2020\",\"datePublished\":\"2019-12-11T02:00:00+00:00\",\"dateModified\":\"2024-04-22T12:15:43+00:00\",\"mainEntityOfPage\":{\"@id\":\"https:\\\/\\\/www.boxrepsol.com\\\/es\\\/rally\\\/isidre-esteve-buscara-mejor-resultado-proximo-dakar\\\/\"},\"wordCount\":889,\"commentCount\":0,\"publisher\":{\"@id\":\"https:\\\/\\\/www.boxrepsol.com\\\/es\\\/#organization\"},\"image\":{\"@id\":\"https:\\\/\\\/www.boxrepsol.com\\\/es\\\/rally\\\/isidre-esteve-buscara-mejor-resultado-proximo-dakar\\\/#primaryimage\"},\"thumbnailUrl\":\"https:\\\/\\\/bxrepsol.s3.eu-west-1.amazonaws.com\\\/static\\\/2022\\\/08\\\/29090933\\\/isidre_esteve_presentacion_repsol_rally_team.jpg\",\"keywords\":[\"Isidre Esteve\",\"Repsol Rally Team\"],\"articleSection\":[\"Rally\"],\"inLanguage\":\"es\",\"potentialAction\":[{\"@type\":\"CommentAction\",\"name\":\"Comment\",\"target\":[\"https:\\\/\\\/www.boxrepsol.com\\\/es\\\/rally\\\/isidre-esteve-buscara-mejor-resultado-proximo-dakar\\\/#respond\"]}]},{\"@type\":\"WebPage\",\"@id\":\"https:\\\/\\\/www.boxrepsol.com\\\/es\\\/rally\\\/isidre-esteve-buscara-mejor-resultado-proximo-dakar\\\/\",\"url\":\"https:\\\/\\\/www.boxrepsol.com\\\/es\\\/rally\\\/isidre-esteve-buscara-mejor-resultado-proximo-dakar\\\/\",\"name\":\"Isidre Esteve buscar\u00e1 su mejor resultado en el pr\u00f3ximo Dakar 2020 - Box Repsol\",\"isPartOf\":{\"@id\":\"https:\\\/\\\/www.boxrepsol.com\\\/es\\\/#website\"},\"primaryImageOfPage\":{\"@id\":\"https:\\\/\\\/www.boxrepsol.com\\\/es\\\/rally\\\/isidre-esteve-buscara-mejor-resultado-proximo-dakar\\\/#primaryimage\"},\"image\":{\"@id\":\"https:\\\/\\\/www.boxrepsol.com\\\/es\\\/rally\\\/isidre-esteve-buscara-mejor-resultado-proximo-dakar\\\/#primaryimage\"},\"thumbnailUrl\":\"https:\\\/\\\/bxrepsol.s3.eu-west-1.amazonaws.com\\\/static\\\/2022\\\/08\\\/29090933\\\/isidre_esteve_presentacion_repsol_rally_team.jpg\",\"datePublished\":\"2019-12-11T02:00:00+00:00\",\"dateModified\":\"2024-04-22T12:15:43+00:00\",\"description\":\"El piloto de Oliana afronta con optimismo su tercera participaci\u00f3n consecutiva con el prototipo BV6 del Repsol Rally Team.\",\"breadcrumb\":{\"@id\":\"https:\\\/\\\/www.boxrepsol.com\\\/es\\\/rally\\\/isidre-esteve-buscara-mejor-resultado-proximo-dakar\\\/#breadcrumb\"},\"inLanguage\":\"es\",\"potentialAction\":[{\"@type\":\"ReadAction\",\"target\":[\"https:\\\/\\\/www.boxrepsol.com\\\/es\\\/rally\\\/isidre-esteve-buscara-mejor-resultado-proximo-dakar\\\/\"]}]},{\"@type\":\"ImageObject\",\"inLanguage\":\"es\",\"@id\":\"https:\\\/\\\/www.boxrepsol.com\\\/es\\\/rally\\\/isidre-esteve-buscara-mejor-resultado-proximo-dakar\\\/#primaryimage\",\"url\":\"https:\\\/\\\/bxrepsol.s3.eu-west-1.amazonaws.com\\\/static\\\/2022\\\/08\\\/29090933\\\/isidre_esteve_presentacion_repsol_rally_team.jpg\",\"contentUrl\":\"https:\\\/\\\/bxrepsol.s3.eu-west-1.amazonaws.com\\\/static\\\/2022\\\/08\\\/29090933\\\/isidre_esteve_presentacion_repsol_rally_team.jpg\",\"width\":1280,\"height\":600,\"caption\":\"Reda de prensa de Isidre esteve para su proyecto dakariano de 2020\"},{\"@type\":\"BreadcrumbList\",\"@id\":\"https:\\\/\\\/www.boxrepsol.com\\\/es\\\/rally\\\/isidre-esteve-buscara-mejor-resultado-proximo-dakar\\\/#breadcrumb\",\"itemListElement\":[{\"@type\":\"ListItem\",\"position\":1,\"name\":\"Home\",\"item\":\"https:\\\/\\\/www.boxrepsol.com\\\/es\\\/\"},{\"@type\":\"ListItem\",\"position\":2,\"name\":\"Isidre Esteve buscar\u00e1 su mejor resultado en el pr\u00f3ximo Dakar 2020\"}]},{\"@type\":\"WebSite\",\"@id\":\"https:\\\/\\\/www.boxrepsol.com\\\/es\\\/#website\",\"url\":\"https:\\\/\\\/www.boxrepsol.com\\\/es\\\/\",\"name\":\"Box Repsol\",\"description\":\"Box Repsol Site\",\"publisher\":{\"@id\":\"https:\\\/\\\/www.boxrepsol.com\\\/es\\\/#organization\"},\"potentialAction\":[{\"@type\":\"SearchAction\",\"target\":{\"@type\":\"EntryPoint\",\"urlTemplate\":\"https:\\\/\\\/www.boxrepsol.com\\\/es\\\/?s={search_term_string}\"},\"query-input\":{\"@type\":\"PropertyValueSpecification\",\"valueRequired\":true,\"valueName\":\"search_term_string\"}}],\"inLanguage\":\"es\"},{\"@type\":\"Organization\",\"@id\":\"https:\\\/\\\/www.boxrepsol.com\\\/es\\\/#organization\",\"name\":\"Box Repsol\",\"url\":\"https:\\\/\\\/www.boxrepsol.com\\\/es\\\/\",\"logo\":{\"@type\":\"ImageObject\",\"inLanguage\":\"es\",\"@id\":\"https:\\\/\\\/www.boxrepsol.com\\\/es\\\/#\\\/schema\\\/logo\\\/image\\\/\",\"url\":\"https:\\\/\\\/bxrepsol.s3.eu-west-1.amazonaws.com\\\/static\\\/2025\\\/07\\\/30083337\\\/favicon-96x96-1.png\",\"contentUrl\":\"https:\\\/\\\/bxrepsol.s3.eu-west-1.amazonaws.com\\\/static\\\/2025\\\/07\\\/30083337\\\/favicon-96x96-1.png\",\"width\":96,\"height\":96,\"caption\":\"Box Repsol\"},\"image\":{\"@id\":\"https:\\\/\\\/www.boxrepsol.com\\\/es\\\/#\\\/schema\\\/logo\\\/image\\\/\"},\"sameAs\":[\"https:\\\/\\\/www.facebook.com\\\/BoxRepsol\",\"https:\\\/\\\/x.com\\\/box_repsol\",\"http:\\\/\\\/instagram.com\\\/box_repsol\",\"https:\\\/\\\/www.youtube.com\\\/user\\\/RepsolCompeticion\",\"https:\\\/\\\/www.flickr.com\\\/photos\\\/box_repsol\\\/\"]},{\"@type\":\"Person\",\"@id\":\"https:\\\/\\\/www.boxrepsol.com\\\/es\\\/#\\\/schema\\\/person\\\/c5c2138f2cca251b0ad92b7086bb60b7\",\"name\":\"Redacci\u00f3n Box Repsol\",\"image\":{\"@type\":\"ImageObject\",\"inLanguage\":\"es\",\"@id\":\"https:\\\/\\\/secure.gravatar.com\\\/avatar\\\/adf7b77e38b4419baf32c7e9c21dde01f4e40df611f0978e3006fc4ba0aaab7e?s=96&d=mm&r=g\",\"url\":\"https:\\\/\\\/secure.gravatar.com\\\/avatar\\\/adf7b77e38b4419baf32c7e9c21dde01f4e40df611f0978e3006fc4ba0aaab7e?s=96&d=mm&r=g\",\"contentUrl\":\"https:\\\/\\\/secure.gravatar.com\\\/avatar\\\/adf7b77e38b4419baf32c7e9c21dde01f4e40df611f0978e3006fc4ba0aaab7e?s=96&d=mm&r=g\",\"caption\":\"Redacci\u00f3n Box Repsol\"},\"description\":\"Box Repsol lo forma un equipo de periodistas, community managers, dise\u00f1adores y fot\u00f3grafos con m\u00e1s de 20 a\u00f1os de experiencia en el mundo del motorsport. Hemos vivido el primer mundial de un espa\u00f1ol en la categor\u00eda reina de motociclismo con \u00c1lex Crivill\u00e9, estuvimos en las victorias de Pedrosa y los t\u00edtulos de M\u00e1rquez, acompa\u00f1amos en \u00c1frica a Nani Roma y Marc Coma en sus conquistas del Dakar y hemos vibrado con los t\u00edtulos de Toni Bou en Trial. Adem\u00e1s, en nuestro equipo contamos con expertos en el mundo de las dos y cuatro ruedas tanto de la calle y las carreteras, como de los circuitos. Periodistas que han trabajado en revistas y publicaciones para hacerte llegar desde rutas y consejos de mantenimiento, a curiosidades y trucos de pilotaje.\",\"sameAs\":[\"https:\\\/\\\/www.facebook.com\\\/BoxRepsol\\\/\",\"https:\\\/\\\/www.instagram.com\\\/box_repsol\\\/\",\"https:\\\/\\\/x.com\\\/https:\\\/\\\/twitter.com\\\/box_repsol\",\"https:\\\/\\\/www.youtube.com\\\/@Boxrepsol\"],\"url\":\"https:\\\/\\\/www.boxrepsol.com\\\/es\\\/author\\\/redaccion-box-repsol\\\/\"}]}<\/script>\n<!-- \/ Yoast SEO plugin. -->","yoast_head_json":{"title":"Isidre Esteve buscar\u00e1 su mejor resultado en el pr\u00f3ximo Dakar 2020 - Box Repsol","description":"El piloto de Oliana afronta con optimismo su tercera participaci\u00f3n consecutiva con el prototipo BV6 del Repsol Rally Team.","canonical":"https:\/\/www.boxrepsol.com\/es\/rally\/isidre-esteve-buscara-mejor-resultado-proximo-dakar\/","og_locale":"es_ES","og_type":"article","og_title":"Isidre Esteve buscar\u00e1 su mejor resultado en el pr\u00f3ximo Dakar 2020 - Box Repsol","og_description":"El piloto de Oliana afronta con optimismo su tercera participaci\u00f3n consecutiva con el prototipo BV6 del Repsol Rally Team.","og_url":"https:\/\/www.boxrepsol.com\/es\/rally\/isidre-esteve-buscara-mejor-resultado-proximo-dakar\/","og_site_name":"Box Repsol","article_publisher":"https:\/\/www.facebook.com\/BoxRepsol","article_author":"https:\/\/www.facebook.com\/BoxRepsol\/","article_published_time":"2019-12-11T02:00:00+00:00","article_modified_time":"2024-04-22T12:15:43+00:00","og_image":[{"width":1280,"height":600,"url":"https:\/\/bxrepsol.s3.eu-west-1.amazonaws.com\/static\/2022\/08\/29090933\/isidre_esteve_presentacion_repsol_rally_team.jpg","type":"image\/jpeg"}],"author":"Redacci\u00f3n Box Repsol","twitter_card":"summary_large_image","twitter_creator":"@https:\/\/twitter.com\/box_repsol","twitter_site":"@box_repsol","twitter_misc":{"Written by":"Redacci\u00f3n Box Repsol","Est. reading time":"4 minutos"},"schema":{"@context":"https:\/\/schema.org","@graph":[{"@type":"Article","@id":"https:\/\/www.boxrepsol.com\/es\/rally\/isidre-esteve-buscara-mejor-resultado-proximo-dakar\/#article","isPartOf":{"@id":"https:\/\/www.boxrepsol.com\/es\/rally\/isidre-esteve-buscara-mejor-resultado-proximo-dakar\/"},"author":{"name":"Redacci\u00f3n Box Repsol","@id":"https:\/\/www.boxrepsol.com\/es\/#\/schema\/person\/c5c2138f2cca251b0ad92b7086bb60b7"},"headline":"Isidre Esteve buscar\u00e1 su mejor resultado en el pr\u00f3ximo Dakar 2020","datePublished":"2019-12-11T02:00:00+00:00","dateModified":"2024-04-22T12:15:43+00:00","mainEntityOfPage":{"@id":"https:\/\/www.boxrepsol.com\/es\/rally\/isidre-esteve-buscara-mejor-resultado-proximo-dakar\/"},"wordCount":889,"commentCount":0,"publisher":{"@id":"https:\/\/www.boxrepsol.com\/es\/#organization"},"image":{"@id":"https:\/\/www.boxrepsol.com\/es\/rally\/isidre-esteve-buscara-mejor-resultado-proximo-dakar\/#primaryimage"},"thumbnailUrl":"https:\/\/bxrepsol.s3.eu-west-1.amazonaws.com\/static\/2022\/08\/29090933\/isidre_esteve_presentacion_repsol_rally_team.jpg","keywords":["Isidre Esteve","Repsol Rally Team"],"articleSection":["Rally"],"inLanguage":"es","potentialAction":[{"@type":"CommentAction","name":"Comment","target":["https:\/\/www.boxrepsol.com\/es\/rally\/isidre-esteve-buscara-mejor-resultado-proximo-dakar\/#respond"]}]},{"@type":"WebPage","@id":"https:\/\/www.boxrepsol.com\/es\/rally\/isidre-esteve-buscara-mejor-resultado-proximo-dakar\/","url":"https:\/\/www.boxrepsol.com\/es\/rally\/isidre-esteve-buscara-mejor-resultado-proximo-dakar\/","name":"Isidre Esteve buscar\u00e1 su mejor resultado en el pr\u00f3ximo Dakar 2020 - Box Repsol","isPartOf":{"@id":"https:\/\/www.boxrepsol.com\/es\/#website"},"primaryImageOfPage":{"@id":"https:\/\/www.boxrepsol.com\/es\/rally\/isidre-esteve-buscara-mejor-resultado-proximo-dakar\/#primaryimage"},"image":{"@id":"https:\/\/www.boxrepsol.com\/es\/rally\/isidre-esteve-buscara-mejor-resultado-proximo-dakar\/#primaryimage"},"thumbnailUrl":"https:\/\/bxrepsol.s3.eu-west-1.amazonaws.com\/static\/2022\/08\/29090933\/isidre_esteve_presentacion_repsol_rally_team.jpg","datePublished":"2019-12-11T02:00:00+00:00","dateModified":"2024-04-22T12:15:43+00:00","description":"El piloto de Oliana afronta con optimismo su tercera participaci\u00f3n consecutiva con el prototipo BV6 del Repsol Rally Team.","breadcrumb":{"@id":"https:\/\/www.boxrepsol.com\/es\/rally\/isidre-esteve-buscara-mejor-resultado-proximo-dakar\/#breadcrumb"},"inLanguage":"es","potentialAction":[{"@type":"ReadAction","target":["https:\/\/www.boxrepsol.com\/es\/rally\/isidre-esteve-buscara-mejor-resultado-proximo-dakar\/"]}]},{"@type":"ImageObject","inLanguage":"es","@id":"https:\/\/www.boxrepsol.com\/es\/rally\/isidre-esteve-buscara-mejor-resultado-proximo-dakar\/#primaryimage","url":"https:\/\/bxrepsol.s3.eu-west-1.amazonaws.com\/static\/2022\/08\/29090933\/isidre_esteve_presentacion_repsol_rally_team.jpg","contentUrl":"https:\/\/bxrepsol.s3.eu-west-1.amazonaws.com\/static\/2022\/08\/29090933\/isidre_esteve_presentacion_repsol_rally_team.jpg","width":1280,"height":600,"caption":"Reda de prensa de Isidre esteve para su proyecto dakariano de 2020"},{"@type":"BreadcrumbList","@id":"https:\/\/www.boxrepsol.com\/es\/rally\/isidre-esteve-buscara-mejor-resultado-proximo-dakar\/#breadcrumb","itemListElement":[{"@type":"ListItem","position":1,"name":"Home","item":"https:\/\/www.boxrepsol.com\/es\/"},{"@type":"ListItem","position":2,"name":"Isidre Esteve buscar\u00e1 su mejor resultado en el pr\u00f3ximo Dakar 2020"}]},{"@type":"WebSite","@id":"https:\/\/www.boxrepsol.com\/es\/#website","url":"https:\/\/www.boxrepsol.com\/es\/","name":"Box Repsol","description":"Box Repsol Site","publisher":{"@id":"https:\/\/www.boxrepsol.com\/es\/#organization"},"potentialAction":[{"@type":"SearchAction","target":{"@type":"EntryPoint","urlTemplate":"https:\/\/www.boxrepsol.com\/es\/?s={search_term_string}"},"query-input":{"@type":"PropertyValueSpecification","valueRequired":true,"valueName":"search_term_string"}}],"inLanguage":"es"},{"@type":"Organization","@id":"https:\/\/www.boxrepsol.com\/es\/#organization","name":"Box Repsol","url":"https:\/\/www.boxrepsol.com\/es\/","logo":{"@type":"ImageObject","inLanguage":"es","@id":"https:\/\/www.boxrepsol.com\/es\/#\/schema\/logo\/image\/","url":"https:\/\/bxrepsol.s3.eu-west-1.amazonaws.com\/static\/2025\/07\/30083337\/favicon-96x96-1.png","contentUrl":"https:\/\/bxrepsol.s3.eu-west-1.amazonaws.com\/static\/2025\/07\/30083337\/favicon-96x96-1.png","width":96,"height":96,"caption":"Box Repsol"},"image":{"@id":"https:\/\/www.boxrepsol.com\/es\/#\/schema\/logo\/image\/"},"sameAs":["https:\/\/www.facebook.com\/BoxRepsol","https:\/\/x.com\/box_repsol","http:\/\/instagram.com\/box_repsol","https:\/\/www.youtube.com\/user\/RepsolCompeticion","https:\/\/www.flickr.com\/photos\/box_repsol\/"]},{"@type":"Person","@id":"https:\/\/www.boxrepsol.com\/es\/#\/schema\/person\/c5c2138f2cca251b0ad92b7086bb60b7","name":"Redacci\u00f3n Box Repsol","image":{"@type":"ImageObject","inLanguage":"es","@id":"https:\/\/secure.gravatar.com\/avatar\/adf7b77e38b4419baf32c7e9c21dde01f4e40df611f0978e3006fc4ba0aaab7e?s=96&d=mm&r=g","url":"https:\/\/secure.gravatar.com\/avatar\/adf7b77e38b4419baf32c7e9c21dde01f4e40df611f0978e3006fc4ba0aaab7e?s=96&d=mm&r=g","contentUrl":"https:\/\/secure.gravatar.com\/avatar\/adf7b77e38b4419baf32c7e9c21dde01f4e40df611f0978e3006fc4ba0aaab7e?s=96&d=mm&r=g","caption":"Redacci\u00f3n Box Repsol"},"description":"Box Repsol lo forma un equipo de periodistas, community managers, dise\u00f1adores y fot\u00f3grafos con m\u00e1s de 20 a\u00f1os de experiencia en el mundo del motorsport. Hemos vivido el primer mundial de un espa\u00f1ol en la categor\u00eda reina de motociclismo con \u00c1lex Crivill\u00e9, estuvimos en las victorias de Pedrosa y los t\u00edtulos de M\u00e1rquez, acompa\u00f1amos en \u00c1frica a Nani Roma y Marc Coma en sus conquistas del Dakar y hemos vibrado con los t\u00edtulos de Toni Bou en Trial. Adem\u00e1s, en nuestro equipo contamos con expertos en el mundo de las dos y cuatro ruedas tanto de la calle y las carreteras, como de los circuitos. Periodistas que han trabajado en revistas y publicaciones para hacerte llegar desde rutas y consejos de mantenimiento, a curiosidades y trucos de pilotaje.","sameAs":["https:\/\/www.facebook.com\/BoxRepsol\/","https:\/\/www.instagram.com\/box_repsol\/","https:\/\/x.com\/https:\/\/twitter.com\/box_repsol","https:\/\/www.youtube.com\/@Boxrepsol"],"url":"https:\/\/www.boxrepsol.com\/es\/author\/redaccion-box-repsol\/"}]}},"_links":{"self":[{"href":"https:\/\/www.boxrepsol.com\/es\/wp-json\/wp\/v2\/posts\/94309","targetHints":{"allow":["GET"]}}],"collection":[{"href":"https:\/\/www.boxrepsol.com\/es\/wp-json\/wp\/v2\/posts"}],"about":[{"href":"https:\/\/www.boxrepsol.com\/es\/wp-json\/wp\/v2\/types\/post"}],"author":[{"embeddable":true,"href":"https:\/\/www.boxrepsol.com\/es\/wp-json\/wp\/v2\/users\/43146"}],"replies":[{"embeddable":true,"href":"https:\/\/www.boxrepsol.com\/es\/wp-json\/wp\/v2\/comments?post=94309"}],"version-history":[{"count":1,"href":"https:\/\/www.boxrepsol.com\/es\/wp-json\/wp\/v2\/posts\/94309\/revisions"}],"predecessor-version":[{"id":94310,"href":"https:\/\/www.boxrepsol.com\/es\/wp-json\/wp\/v2\/posts\/94309\/revisions\/94310"}],"wp:featuredmedia":[{"embeddable":true,"href":"https:\/\/www.boxrepsol.com\/es\/wp-json\/wp\/v2\/media\/63297"}],"wp:attachment":[{"href":"https:\/\/www.boxrepsol.com\/es\/wp-json\/wp\/v2\/media?parent=94309"}],"wp:term":[{"taxonomy":"category","embeddable":true,"href":"https:\/\/www.boxrepsol.com\/es\/wp-json\/wp\/v2\/categories?post=94309"},{"taxonomy":"post_tag","embeddable":true,"href":"https:\/\/www.boxrepsol.com\/es\/wp-json\/wp\/v2\/tags?post=94309"}],"curies":[{"name":"wp","href":"https:\/\/api.w.org\/{rel}","templated":true}]}}