{"id":94300,"date":"2019-11-27T00:00:00","date_gmt":"2019-11-27T02:00:00","guid":{"rendered":"http:\/\/pre.boxrepsol.com\/sin-categorizar\/lo-que-tienes-que-saber-si-vas-a-compartir-tu-aficion-motera-con-tu-hijo\/"},"modified":"2024-04-22T10:16:48","modified_gmt":"2024-04-22T12:16:48","slug":"lo-que-tienes-que-saber-si-vas-a-compartir-tu-aficion-motera-con-tu-hijo","status":"publish","type":"post","link":"https:\/\/www.boxrepsol.com\/es\/vive-tu-moto\/lo-que-tienes-que-saber-si-vas-a-compartir-tu-aficion-motera-con-tu-hijo\/","title":{"rendered":"Lo que tienes que saber si vas a compartir tu afici\u00f3n motera con tu hijo"},"content":{"rendered":"\n<p>Los padres moteros seguro que han buscado m\u00e1s de una vez <strong><a href=\"https:\/\/www.boxrepsol.com\/es\/vive-tu-moto\/motos-ninos-elegir-la-mejor\/\">\u2018motos para ni\u00f1os\u2019 en internet<\/a><\/strong>. Son muchos los que sue\u00f1an con introducir a sus hijos e hijas en el mundo de las dos ruedas. Por eso, lo primero que hacen es investigar cu\u00e1l es el mejor modelo para que empiecen a saborear las mieles del planeta motor. Pero hay un trabajo previo, incluso m\u00e1s importante que definir la m\u00e1quina que est\u00e1 destinada a cambiar sus vidas. En anteriores ediciones de Box Repsol ya os contamos <a href=\"https:\/\/www.boxrepsol.com\/es\/cultura-motera\/hijo-quiere-piloto-donde-empiezo\/\"><strong>c\u00f3mo guiar a los peque\u00f1ajos en la senda de la competici\u00f3n.<\/strong><\/a> Hoy ampliaremos el foco y os daremos algunos consejos de car\u00e1cter m\u00e1s global. D\u00f3nde entrenar, c\u00f3mo garantizar su seguridad, a qu\u00e9 edad pueden sacarse el carnet de moto o c\u00f3mo convertirles en moteros responsables.<\/p>\n\n\n\n<p>Empezaremos con lo m\u00e1s importante. Todos los aficionados a las motos saben, porque adem\u00e1s es un t\u00f3pico de la seguridad vial, que <strong>en la motocicleta, t\u00fa eres el carenado.<\/strong> Suena duro, pero es as\u00ed. Tambi\u00e9n suele decirse que hay dos tipos de motoristas: l<strong>os que se han ca\u00eddo y los que se van a caer.<\/strong> En tus manos est\u00e1 que este dicho no aplique para tu hijo. Para eso, hay que dejarle muy claro desde el principio qu\u00e9 tipo de actitudes no puede tomar. Es importante ense\u00f1arle tambi\u00e9n qu\u00e9 medidas de protecci\u00f3n debe aplicar siempre o qu\u00e9 maniobras evitar. En definitiva, hay que ense\u00f1arle que con el gas en la mano, el sentido com\u00fan debe pasar por delante de cualquier otro impulso.<\/p>\n\n\n\n<figure class=\"wp-block-image\"><img decoding=\"async\" src=\"https:\/\/bxrepsol.s3.eu-west-1.amazonaws.com\/static\/2022\/08\/29090852\/CASCO-INTEGRAL-MARC-MARQUEZ-125-2.jpg\" alt=\"\"\/><\/figure>\n\n\n\n<h2 class=\"wp-block-heading\">Casco integral siempre<\/h2>\n\n\n\n<p>La seguridad, la buena seguridad, ser\u00e1 imprescindible para que su evoluci\u00f3n sea positiva, para que coja confianza y no miedo. Para que vaya empap\u00e1ndose del mundo motero <strong>siempre desde el lado positivo.<\/strong> Para ello ser\u00e1 necesario que le quede claro que<strong> el casco integral es innegociable.<\/strong> Quiz\u00e1s te pida el modelo abierto por comodidad, porque tiene calor o le gusta sentir el viento en la cara. Ni hablar. Sin crearle ning\u00fan temor innecesario, debe quedarle clara la importancia de cubrir toda la cabeza, mand\u00edbula incluida.<\/p>\n\n\n\n<p>Aunque siguen sin ser obligatorios, tambi\u00e9n <strong>los guantes deber\u00edan formar parte de su \u2018dress code\u2019 habitual.<\/strong> En definitiva, se trata de que asuma que debe proteger todas las partes sensibles de su cuerpo. Eso incluye, por supuesto, un zapato duro que no salte por los aires en caso de accidente y un pantal\u00f3n resistente. Tambi\u00e9n har\u00e1 falta <strong>chaqueta con refuerzo en espalda, codos y hombros.<\/strong> Puede que tanta seguridad no le guste, que te diga que va muy inc\u00f3modo o que as\u00ed prefiere ir en bici o en patinete. No cedas.<\/p>\n\n\n\n<figure class=\"wp-block-image\"><img decoding=\"async\" src=\"https:\/\/bxrepsol.s3.eu-west-1.amazonaws.com\/static\/2022\/08\/29090853\/mono-marc-marquez-125-2.jpg\" alt=\"\"\/><\/figure>\n\n\n\n<h2 class=\"wp-block-heading\">H\u00e1bitos a interiorizar<\/h2>\n\n\n\n<p>En materia de seguridad es importante persistir. Ya sabemos c\u00f3mo son los hijos. \u201cVenga Pap\u00e1, hoy sin guantes, que hace muy buen d\u00eda\u201d. \u201cVa, mami, deja que vaya sin chaqueta, que voy aqu\u00ed a la esquina y vuelvo\u201d. Aqu\u00ed se trata de generar <strong>una serie de h\u00e1bitos que acaben siendo indiscutibles,<\/strong> que se conviertan en una obligaci\u00f3n que no se pone en duda.<\/p>\n\n\n\n<p>Del mismo modo que entramos en el coche y nos abrochamos el cintur\u00f3n, tambi\u00e9n tiene que interiorizar y hacer suyas todas y cada una de las prendas que le van a mantener de una pieza en caso de siniestro. Pero sin generar miedos ni obsesiones, siempre desde la normalidad. Cuando hablamos de minimizar da\u00f1os, <strong>no hay debate, ni medias tintas, ni excepciones.<\/strong> Y aqu\u00ed, como todo lo que tiene que ver con la paternidad, lo mejor es predicar con el ejemplo. Padre y madre: vosotros, tambi\u00e9n, siempre bien protegidos.<\/p>\n\n\n\n<h2 class=\"wp-block-heading\">Circuitos cerrados: \u00bfcu\u00e1ndo empezar?<\/h2>\n\n\n\n<p>\u00bfPero cu\u00e1ndo puedo empezar a introducir al chaval en las motos? Si quieres que pilote en circuitos cerrados, <strong>puedes sacar la acreditaci\u00f3n de iniciaci\u00f3n a partir de los 4 a\u00f1os.<\/strong> Y a partir de ah\u00ed, ir subiendo escalones, pasando por la de alev\u00edn, cadete, juvenil, j\u00fanior, s\u00e9nior y, finalmente, veterano.<\/p>\n\n\n\n<p>La licencia federativa es el documento necesario para toda persona f\u00edsica o jur\u00eddica que desee tomar parte en cualquier competici\u00f3n. Recordad que <strong>Marc M\u00e1rquez, a los 4 a\u00f1os, ya pidi\u00f3 una moto a los Reyes.<\/strong> Suerte que le escucharon&#8230; Y suerte que sus padres siempre tramitaron y llevaron al d\u00eda todo el papeleo que permiti\u00f3 que llegara a&nbsp; lo m\u00e1s alto del motociclismo mundial.<\/p>\n\n\n\n<p>Vuestro canijo no podr\u00e1 circular fuera del circuito hasta que cumpla los 15 a\u00f1os y consiga pasar el examen te\u00f3rico, de 20 preguntas, y pr\u00e1ctico (en un circuito cerrado) del permiso AM, que habilita para pilotar motos de hasta 50cc. Pero ojo, nada de llevar pasajero hasta los 18.&nbsp; <strong>Cuando cumpla los 16 puede subir un escal\u00f3n y aspirar al carnet A1, que le permitir\u00e1 llevar motos de hasta 125cc.<\/strong> A partir de los 18 a\u00f1os ya se abre todo un mundo nuevo, pero con la mayor\u00eda de edad ya volar\u00e1 solo como un jilguero. A lo m\u00e1ximo a lo que podr\u00e9is aspirar entonces es a que escuche vuestros consejos.<\/p>\n\n\n\n<figure class=\"wp-block-image\"><img decoding=\"async\" src=\"https:\/\/bxrepsol.s3.eu-west-1.amazonaws.com\/static\/2022\/08\/29090854\/CEV-CUNA-DE-CAMPEONES-2.jpg\" alt=\"\"\/><\/figure>\n\n\n\n<h2 class=\"wp-block-heading\">\u00abColes moteros\u00bb<\/h2>\n\n\n\n<p>Para todos esos a\u00f1os de primeros aprendizajes, <strong>os recomendamos que busqu\u00e9is escuelas de motociclismo acreditadas.<\/strong> Las hay por todo el territorio y est\u00e1n regentadas por personas como vosotros, locos de las dos ruedas que tratar\u00e1n a vuestros peque\u00f1os como si fueran sus hijos. Encontrar\u00e9is cursos para todos los niveles, desde la iniciaci\u00f3n m\u00e1s b\u00e1sica hasta la ense\u00f1anza m\u00e1s avanzada. Normalmente, <strong>la edad m\u00ednima para ingresar es de 4 a\u00f1os.<\/strong><\/p>\n\n\n\n<p>En estos coles moteros no solo les ense\u00f1ar\u00e1n a desenvolverse con las motos. Tambi\u00e9n aprender\u00e1n h\u00e1bitos saludables de alimentaci\u00f3n y educaci\u00f3n f\u00edsica y se les ense\u00f1ar\u00e1 a pilotar m\u00e1s con la cabeza que con las emociones. Adem\u00e1s, empezar\u00e1n a familiarizarse con el mundo de la mec\u00e1nica y realizar\u00e1n sus <strong>primeros pinitos en la competici\u00f3n<\/strong>. Aunque sea con sus compa\u00f1eros de pupitre.<\/p>\n\n\n\n<p>Sobre la moto ideal para vuestros hijos, al margen de lo l\u00f3gico, que es el tama\u00f1o, <strong>tened en cuenta sobre qu\u00e9 terreno quer\u00e9is que la utilice<\/strong>. No es una decisi\u00f3n para toda la vida, y puede ir variando.&nbsp;L\u00f3gicamente, sin embargo, no va a ser lo mismo un modelo de circuito que otro de monta\u00f1a. Sea cual sea, y en cualquier circunstancia, recordad que <strong>ir en moto siempre debe ser un placer y no una obligaci\u00f3n.<\/strong> Si a vuestro hijo le gustan las motos, adelante con la afici\u00f3n, y vosotros detr\u00e1s y empujando. Pero si esto no es lo suyo, no queda otra que apoyar sus querencias al margen del motociclismo.<\/p>\n\n\n\n<p>Porque lo m\u00e1s importante es el respeto hacia su manera de ser y de sentir la vida. Pero eso s\u00ed: que tampoco intenten ellos que a nosotros dejen de gustarnos las motos\u2026<\/p>\n","protected":false},"excerpt":{"rendered":"<p>\u00bfQu\u00e9 hacer si tu hijo te pide una moto? \u00bfC\u00f3mo inculcarle tu afici\u00f3n por las motos desde una visi\u00f3n positiva y cuidadosa? Aqu\u00ed unos consejos para empezar.<\/p>\n","protected":false},"author":43146,"featured_media":63232,"comment_status":"open","ping_status":"open","sticky":false,"template":"","format":"standard","meta":{"footnotes":""},"categories":[122],"tags":[172],"class_list":["post-94300","post","type-post","status-publish","format-standard","hentry","category-vive-tu-moto","tag-fans-del-motociclismo"],"yoast_head":"<!-- This site is optimized with the Yoast SEO plugin v27.3 - https:\/\/yoast.com\/product\/yoast-seo-wordpress\/ -->\n<title>Lo que tienes que saber si vas a compartir tu afici\u00f3n motera con tu hijo - Box Repsol<\/title>\n<meta name=\"description\" content=\"\u00bfQu\u00e9 hacer si tu hijo te pide una moto? \u00bfC\u00f3mo inculcarle tu afici\u00f3n por las motos desde una visi\u00f3n positiva y cuidadosa? Aqu\u00ed unos consejos para empezar.\" \/>\n<link rel=\"canonical\" href=\"https:\/\/www.boxrepsol.com\/es\/vive-tu-moto\/lo-que-tienes-que-saber-si-vas-a-compartir-tu-aficion-motera-con-tu-hijo\/\" \/>\n<meta property=\"og:locale\" content=\"es_ES\" \/>\n<meta property=\"og:type\" content=\"article\" \/>\n<meta property=\"og:title\" content=\"Lo que tienes que saber si vas a compartir tu afici\u00f3n motera con tu hijo - Box Repsol\" \/>\n<meta property=\"og:description\" content=\"\u00bfQu\u00e9 hacer si tu hijo te pide una moto? \u00bfC\u00f3mo inculcarle tu afici\u00f3n por las motos desde una visi\u00f3n positiva y cuidadosa? Aqu\u00ed unos consejos para empezar.\" \/>\n<meta property=\"og:url\" content=\"https:\/\/www.boxrepsol.com\/es\/vive-tu-moto\/lo-que-tienes-que-saber-si-vas-a-compartir-tu-aficion-motera-con-tu-hijo\/\" \/>\n<meta property=\"og:site_name\" content=\"Box Repsol\" \/>\n<meta property=\"article:publisher\" content=\"https:\/\/www.facebook.com\/BoxRepsol\" \/>\n<meta property=\"article:author\" content=\"https:\/\/www.facebook.com\/BoxRepsol\/\" \/>\n<meta property=\"article:published_time\" content=\"2019-11-27T02:00:00+00:00\" \/>\n<meta property=\"article:modified_time\" content=\"2024-04-22T12:16:48+00:00\" \/>\n<meta property=\"og:image\" content=\"https:\/\/bxrepsol.s3.eu-west-1.amazonaws.com\/static\/2022\/08\/29090856\/aficion_motera_tu_hijo_header-3.jpg\" \/>\n\t<meta property=\"og:image:width\" content=\"1280\" \/>\n\t<meta property=\"og:image:height\" content=\"600\" \/>\n\t<meta property=\"og:image:type\" content=\"image\/jpeg\" \/>\n<meta name=\"author\" content=\"Redacci\u00f3n Box Repsol\" \/>\n<meta name=\"twitter:card\" content=\"summary_large_image\" \/>\n<meta name=\"twitter:creator\" content=\"@https:\/\/twitter.com\/box_repsol\" \/>\n<meta name=\"twitter:site\" content=\"@box_repsol\" \/>\n<meta name=\"twitter:label1\" content=\"Written by\" \/>\n\t<meta name=\"twitter:data1\" content=\"Redacci\u00f3n Box Repsol\" \/>\n\t<meta name=\"twitter:label2\" content=\"Est. reading time\" \/>\n\t<meta name=\"twitter:data2\" content=\"6 minutos\" \/>\n<script type=\"application\/ld+json\" class=\"yoast-schema-graph\">{\"@context\":\"https:\\\/\\\/schema.org\",\"@graph\":[{\"@type\":\"Article\",\"@id\":\"https:\\\/\\\/www.boxrepsol.com\\\/es\\\/vive-tu-moto\\\/lo-que-tienes-que-saber-si-vas-a-compartir-tu-aficion-motera-con-tu-hijo\\\/#article\",\"isPartOf\":{\"@id\":\"https:\\\/\\\/www.boxrepsol.com\\\/es\\\/vive-tu-moto\\\/lo-que-tienes-que-saber-si-vas-a-compartir-tu-aficion-motera-con-tu-hijo\\\/\"},\"author\":{\"name\":\"Redacci\u00f3n Box Repsol\",\"@id\":\"https:\\\/\\\/www.boxrepsol.com\\\/es\\\/#\\\/schema\\\/person\\\/c5c2138f2cca251b0ad92b7086bb60b7\"},\"headline\":\"Lo que tienes que saber si vas a compartir tu afici\u00f3n motera con tu hijo\",\"datePublished\":\"2019-11-27T02:00:00+00:00\",\"dateModified\":\"2024-04-22T12:16:48+00:00\",\"mainEntityOfPage\":{\"@id\":\"https:\\\/\\\/www.boxrepsol.com\\\/es\\\/vive-tu-moto\\\/lo-que-tienes-que-saber-si-vas-a-compartir-tu-aficion-motera-con-tu-hijo\\\/\"},\"wordCount\":1206,\"commentCount\":0,\"publisher\":{\"@id\":\"https:\\\/\\\/www.boxrepsol.com\\\/es\\\/#organization\"},\"image\":{\"@id\":\"https:\\\/\\\/www.boxrepsol.com\\\/es\\\/vive-tu-moto\\\/lo-que-tienes-que-saber-si-vas-a-compartir-tu-aficion-motera-con-tu-hijo\\\/#primaryimage\"},\"thumbnailUrl\":\"https:\\\/\\\/bxrepsol.s3.eu-west-1.amazonaws.com\\\/static\\\/2022\\\/08\\\/29090856\\\/aficion_motera_tu_hijo_header-3.jpg\",\"keywords\":[\"fans del motociclismo\"],\"articleSection\":[\"Vive tu moto\"],\"inLanguage\":\"es\",\"potentialAction\":[{\"@type\":\"CommentAction\",\"name\":\"Comment\",\"target\":[\"https:\\\/\\\/www.boxrepsol.com\\\/es\\\/vive-tu-moto\\\/lo-que-tienes-que-saber-si-vas-a-compartir-tu-aficion-motera-con-tu-hijo\\\/#respond\"]}]},{\"@type\":\"WebPage\",\"@id\":\"https:\\\/\\\/www.boxrepsol.com\\\/es\\\/vive-tu-moto\\\/lo-que-tienes-que-saber-si-vas-a-compartir-tu-aficion-motera-con-tu-hijo\\\/\",\"url\":\"https:\\\/\\\/www.boxrepsol.com\\\/es\\\/vive-tu-moto\\\/lo-que-tienes-que-saber-si-vas-a-compartir-tu-aficion-motera-con-tu-hijo\\\/\",\"name\":\"Lo que tienes que saber si vas a compartir tu afici\u00f3n motera con tu hijo - Box Repsol\",\"isPartOf\":{\"@id\":\"https:\\\/\\\/www.boxrepsol.com\\\/es\\\/#website\"},\"primaryImageOfPage\":{\"@id\":\"https:\\\/\\\/www.boxrepsol.com\\\/es\\\/vive-tu-moto\\\/lo-que-tienes-que-saber-si-vas-a-compartir-tu-aficion-motera-con-tu-hijo\\\/#primaryimage\"},\"image\":{\"@id\":\"https:\\\/\\\/www.boxrepsol.com\\\/es\\\/vive-tu-moto\\\/lo-que-tienes-que-saber-si-vas-a-compartir-tu-aficion-motera-con-tu-hijo\\\/#primaryimage\"},\"thumbnailUrl\":\"https:\\\/\\\/bxrepsol.s3.eu-west-1.amazonaws.com\\\/static\\\/2022\\\/08\\\/29090856\\\/aficion_motera_tu_hijo_header-3.jpg\",\"datePublished\":\"2019-11-27T02:00:00+00:00\",\"dateModified\":\"2024-04-22T12:16:48+00:00\",\"description\":\"\u00bfQu\u00e9 hacer si tu hijo te pide una moto? \u00bfC\u00f3mo inculcarle tu afici\u00f3n por las motos desde una visi\u00f3n positiva y cuidadosa? Aqu\u00ed unos consejos para empezar.\",\"breadcrumb\":{\"@id\":\"https:\\\/\\\/www.boxrepsol.com\\\/es\\\/vive-tu-moto\\\/lo-que-tienes-que-saber-si-vas-a-compartir-tu-aficion-motera-con-tu-hijo\\\/#breadcrumb\"},\"inLanguage\":\"es\",\"potentialAction\":[{\"@type\":\"ReadAction\",\"target\":[\"https:\\\/\\\/www.boxrepsol.com\\\/es\\\/vive-tu-moto\\\/lo-que-tienes-que-saber-si-vas-a-compartir-tu-aficion-motera-con-tu-hijo\\\/\"]}]},{\"@type\":\"ImageObject\",\"inLanguage\":\"es\",\"@id\":\"https:\\\/\\\/www.boxrepsol.com\\\/es\\\/vive-tu-moto\\\/lo-que-tienes-que-saber-si-vas-a-compartir-tu-aficion-motera-con-tu-hijo\\\/#primaryimage\",\"url\":\"https:\\\/\\\/bxrepsol.s3.eu-west-1.amazonaws.com\\\/static\\\/2022\\\/08\\\/29090856\\\/aficion_motera_tu_hijo_header-3.jpg\",\"contentUrl\":\"https:\\\/\\\/bxrepsol.s3.eu-west-1.amazonaws.com\\\/static\\\/2022\\\/08\\\/29090856\\\/aficion_motera_tu_hijo_header-3.jpg\",\"width\":1280,\"height\":600,\"caption\":\"mi\u00f1a-8-a\u00f1os-en-un-simulador-de-motogp\"},{\"@type\":\"BreadcrumbList\",\"@id\":\"https:\\\/\\\/www.boxrepsol.com\\\/es\\\/vive-tu-moto\\\/lo-que-tienes-que-saber-si-vas-a-compartir-tu-aficion-motera-con-tu-hijo\\\/#breadcrumb\",\"itemListElement\":[{\"@type\":\"ListItem\",\"position\":1,\"name\":\"Home\",\"item\":\"https:\\\/\\\/www.boxrepsol.com\\\/es\\\/\"},{\"@type\":\"ListItem\",\"position\":2,\"name\":\"Lo que tienes que saber si vas a compartir tu afici\u00f3n motera con tu hijo\"}]},{\"@type\":\"WebSite\",\"@id\":\"https:\\\/\\\/www.boxrepsol.com\\\/es\\\/#website\",\"url\":\"https:\\\/\\\/www.boxrepsol.com\\\/es\\\/\",\"name\":\"Box Repsol\",\"description\":\"Box Repsol Site\",\"publisher\":{\"@id\":\"https:\\\/\\\/www.boxrepsol.com\\\/es\\\/#organization\"},\"potentialAction\":[{\"@type\":\"SearchAction\",\"target\":{\"@type\":\"EntryPoint\",\"urlTemplate\":\"https:\\\/\\\/www.boxrepsol.com\\\/es\\\/?s={search_term_string}\"},\"query-input\":{\"@type\":\"PropertyValueSpecification\",\"valueRequired\":true,\"valueName\":\"search_term_string\"}}],\"inLanguage\":\"es\"},{\"@type\":\"Organization\",\"@id\":\"https:\\\/\\\/www.boxrepsol.com\\\/es\\\/#organization\",\"name\":\"Box Repsol\",\"url\":\"https:\\\/\\\/www.boxrepsol.com\\\/es\\\/\",\"logo\":{\"@type\":\"ImageObject\",\"inLanguage\":\"es\",\"@id\":\"https:\\\/\\\/www.boxrepsol.com\\\/es\\\/#\\\/schema\\\/logo\\\/image\\\/\",\"url\":\"https:\\\/\\\/bxrepsol.s3.eu-west-1.amazonaws.com\\\/static\\\/2025\\\/07\\\/30083337\\\/favicon-96x96-1.png\",\"contentUrl\":\"https:\\\/\\\/bxrepsol.s3.eu-west-1.amazonaws.com\\\/static\\\/2025\\\/07\\\/30083337\\\/favicon-96x96-1.png\",\"width\":96,\"height\":96,\"caption\":\"Box Repsol\"},\"image\":{\"@id\":\"https:\\\/\\\/www.boxrepsol.com\\\/es\\\/#\\\/schema\\\/logo\\\/image\\\/\"},\"sameAs\":[\"https:\\\/\\\/www.facebook.com\\\/BoxRepsol\",\"https:\\\/\\\/x.com\\\/box_repsol\",\"http:\\\/\\\/instagram.com\\\/box_repsol\",\"https:\\\/\\\/www.youtube.com\\\/user\\\/RepsolCompeticion\",\"https:\\\/\\\/www.flickr.com\\\/photos\\\/box_repsol\\\/\"]},{\"@type\":\"Person\",\"@id\":\"https:\\\/\\\/www.boxrepsol.com\\\/es\\\/#\\\/schema\\\/person\\\/c5c2138f2cca251b0ad92b7086bb60b7\",\"name\":\"Redacci\u00f3n Box Repsol\",\"image\":{\"@type\":\"ImageObject\",\"inLanguage\":\"es\",\"@id\":\"https:\\\/\\\/secure.gravatar.com\\\/avatar\\\/adf7b77e38b4419baf32c7e9c21dde01f4e40df611f0978e3006fc4ba0aaab7e?s=96&d=mm&r=g\",\"url\":\"https:\\\/\\\/secure.gravatar.com\\\/avatar\\\/adf7b77e38b4419baf32c7e9c21dde01f4e40df611f0978e3006fc4ba0aaab7e?s=96&d=mm&r=g\",\"contentUrl\":\"https:\\\/\\\/secure.gravatar.com\\\/avatar\\\/adf7b77e38b4419baf32c7e9c21dde01f4e40df611f0978e3006fc4ba0aaab7e?s=96&d=mm&r=g\",\"caption\":\"Redacci\u00f3n Box Repsol\"},\"description\":\"Box Repsol lo forma un equipo de periodistas, community managers, dise\u00f1adores y fot\u00f3grafos con m\u00e1s de 20 a\u00f1os de experiencia en el mundo del motorsport. Hemos vivido el primer mundial de un espa\u00f1ol en la categor\u00eda reina de motociclismo con \u00c1lex Crivill\u00e9, estuvimos en las victorias de Pedrosa y los t\u00edtulos de M\u00e1rquez, acompa\u00f1amos en \u00c1frica a Nani Roma y Marc Coma en sus conquistas del Dakar y hemos vibrado con los t\u00edtulos de Toni Bou en Trial. Adem\u00e1s, en nuestro equipo contamos con expertos en el mundo de las dos y cuatro ruedas tanto de la calle y las carreteras, como de los circuitos. Periodistas que han trabajado en revistas y publicaciones para hacerte llegar desde rutas y consejos de mantenimiento, a curiosidades y trucos de pilotaje.\",\"sameAs\":[\"https:\\\/\\\/www.facebook.com\\\/BoxRepsol\\\/\",\"https:\\\/\\\/www.instagram.com\\\/box_repsol\\\/\",\"https:\\\/\\\/x.com\\\/https:\\\/\\\/twitter.com\\\/box_repsol\",\"https:\\\/\\\/www.youtube.com\\\/@Boxrepsol\"],\"url\":\"https:\\\/\\\/www.boxrepsol.com\\\/es\\\/author\\\/redaccion-box-repsol\\\/\"}]}<\/script>\n<!-- \/ Yoast SEO plugin. -->","yoast_head_json":{"title":"Lo que tienes que saber si vas a compartir tu afici\u00f3n motera con tu hijo - Box Repsol","description":"\u00bfQu\u00e9 hacer si tu hijo te pide una moto? \u00bfC\u00f3mo inculcarle tu afici\u00f3n por las motos desde una visi\u00f3n positiva y cuidadosa? Aqu\u00ed unos consejos para empezar.","canonical":"https:\/\/www.boxrepsol.com\/es\/vive-tu-moto\/lo-que-tienes-que-saber-si-vas-a-compartir-tu-aficion-motera-con-tu-hijo\/","og_locale":"es_ES","og_type":"article","og_title":"Lo que tienes que saber si vas a compartir tu afici\u00f3n motera con tu hijo - Box Repsol","og_description":"\u00bfQu\u00e9 hacer si tu hijo te pide una moto? \u00bfC\u00f3mo inculcarle tu afici\u00f3n por las motos desde una visi\u00f3n positiva y cuidadosa? Aqu\u00ed unos consejos para empezar.","og_url":"https:\/\/www.boxrepsol.com\/es\/vive-tu-moto\/lo-que-tienes-que-saber-si-vas-a-compartir-tu-aficion-motera-con-tu-hijo\/","og_site_name":"Box Repsol","article_publisher":"https:\/\/www.facebook.com\/BoxRepsol","article_author":"https:\/\/www.facebook.com\/BoxRepsol\/","article_published_time":"2019-11-27T02:00:00+00:00","article_modified_time":"2024-04-22T12:16:48+00:00","og_image":[{"width":1280,"height":600,"url":"https:\/\/bxrepsol.s3.eu-west-1.amazonaws.com\/static\/2022\/08\/29090856\/aficion_motera_tu_hijo_header-3.jpg","type":"image\/jpeg"}],"author":"Redacci\u00f3n Box Repsol","twitter_card":"summary_large_image","twitter_creator":"@https:\/\/twitter.com\/box_repsol","twitter_site":"@box_repsol","twitter_misc":{"Written by":"Redacci\u00f3n Box Repsol","Est. reading time":"6 minutos"},"schema":{"@context":"https:\/\/schema.org","@graph":[{"@type":"Article","@id":"https:\/\/www.boxrepsol.com\/es\/vive-tu-moto\/lo-que-tienes-que-saber-si-vas-a-compartir-tu-aficion-motera-con-tu-hijo\/#article","isPartOf":{"@id":"https:\/\/www.boxrepsol.com\/es\/vive-tu-moto\/lo-que-tienes-que-saber-si-vas-a-compartir-tu-aficion-motera-con-tu-hijo\/"},"author":{"name":"Redacci\u00f3n Box Repsol","@id":"https:\/\/www.boxrepsol.com\/es\/#\/schema\/person\/c5c2138f2cca251b0ad92b7086bb60b7"},"headline":"Lo que tienes que saber si vas a compartir tu afici\u00f3n motera con tu hijo","datePublished":"2019-11-27T02:00:00+00:00","dateModified":"2024-04-22T12:16:48+00:00","mainEntityOfPage":{"@id":"https:\/\/www.boxrepsol.com\/es\/vive-tu-moto\/lo-que-tienes-que-saber-si-vas-a-compartir-tu-aficion-motera-con-tu-hijo\/"},"wordCount":1206,"commentCount":0,"publisher":{"@id":"https:\/\/www.boxrepsol.com\/es\/#organization"},"image":{"@id":"https:\/\/www.boxrepsol.com\/es\/vive-tu-moto\/lo-que-tienes-que-saber-si-vas-a-compartir-tu-aficion-motera-con-tu-hijo\/#primaryimage"},"thumbnailUrl":"https:\/\/bxrepsol.s3.eu-west-1.amazonaws.com\/static\/2022\/08\/29090856\/aficion_motera_tu_hijo_header-3.jpg","keywords":["fans del motociclismo"],"articleSection":["Vive tu moto"],"inLanguage":"es","potentialAction":[{"@type":"CommentAction","name":"Comment","target":["https:\/\/www.boxrepsol.com\/es\/vive-tu-moto\/lo-que-tienes-que-saber-si-vas-a-compartir-tu-aficion-motera-con-tu-hijo\/#respond"]}]},{"@type":"WebPage","@id":"https:\/\/www.boxrepsol.com\/es\/vive-tu-moto\/lo-que-tienes-que-saber-si-vas-a-compartir-tu-aficion-motera-con-tu-hijo\/","url":"https:\/\/www.boxrepsol.com\/es\/vive-tu-moto\/lo-que-tienes-que-saber-si-vas-a-compartir-tu-aficion-motera-con-tu-hijo\/","name":"Lo que tienes que saber si vas a compartir tu afici\u00f3n motera con tu hijo - Box Repsol","isPartOf":{"@id":"https:\/\/www.boxrepsol.com\/es\/#website"},"primaryImageOfPage":{"@id":"https:\/\/www.boxrepsol.com\/es\/vive-tu-moto\/lo-que-tienes-que-saber-si-vas-a-compartir-tu-aficion-motera-con-tu-hijo\/#primaryimage"},"image":{"@id":"https:\/\/www.boxrepsol.com\/es\/vive-tu-moto\/lo-que-tienes-que-saber-si-vas-a-compartir-tu-aficion-motera-con-tu-hijo\/#primaryimage"},"thumbnailUrl":"https:\/\/bxrepsol.s3.eu-west-1.amazonaws.com\/static\/2022\/08\/29090856\/aficion_motera_tu_hijo_header-3.jpg","datePublished":"2019-11-27T02:00:00+00:00","dateModified":"2024-04-22T12:16:48+00:00","description":"\u00bfQu\u00e9 hacer si tu hijo te pide una moto? \u00bfC\u00f3mo inculcarle tu afici\u00f3n por las motos desde una visi\u00f3n positiva y cuidadosa? Aqu\u00ed unos consejos para empezar.","breadcrumb":{"@id":"https:\/\/www.boxrepsol.com\/es\/vive-tu-moto\/lo-que-tienes-que-saber-si-vas-a-compartir-tu-aficion-motera-con-tu-hijo\/#breadcrumb"},"inLanguage":"es","potentialAction":[{"@type":"ReadAction","target":["https:\/\/www.boxrepsol.com\/es\/vive-tu-moto\/lo-que-tienes-que-saber-si-vas-a-compartir-tu-aficion-motera-con-tu-hijo\/"]}]},{"@type":"ImageObject","inLanguage":"es","@id":"https:\/\/www.boxrepsol.com\/es\/vive-tu-moto\/lo-que-tienes-que-saber-si-vas-a-compartir-tu-aficion-motera-con-tu-hijo\/#primaryimage","url":"https:\/\/bxrepsol.s3.eu-west-1.amazonaws.com\/static\/2022\/08\/29090856\/aficion_motera_tu_hijo_header-3.jpg","contentUrl":"https:\/\/bxrepsol.s3.eu-west-1.amazonaws.com\/static\/2022\/08\/29090856\/aficion_motera_tu_hijo_header-3.jpg","width":1280,"height":600,"caption":"mi\u00f1a-8-a\u00f1os-en-un-simulador-de-motogp"},{"@type":"BreadcrumbList","@id":"https:\/\/www.boxrepsol.com\/es\/vive-tu-moto\/lo-que-tienes-que-saber-si-vas-a-compartir-tu-aficion-motera-con-tu-hijo\/#breadcrumb","itemListElement":[{"@type":"ListItem","position":1,"name":"Home","item":"https:\/\/www.boxrepsol.com\/es\/"},{"@type":"ListItem","position":2,"name":"Lo que tienes que saber si vas a compartir tu afici\u00f3n motera con tu hijo"}]},{"@type":"WebSite","@id":"https:\/\/www.boxrepsol.com\/es\/#website","url":"https:\/\/www.boxrepsol.com\/es\/","name":"Box Repsol","description":"Box Repsol Site","publisher":{"@id":"https:\/\/www.boxrepsol.com\/es\/#organization"},"potentialAction":[{"@type":"SearchAction","target":{"@type":"EntryPoint","urlTemplate":"https:\/\/www.boxrepsol.com\/es\/?s={search_term_string}"},"query-input":{"@type":"PropertyValueSpecification","valueRequired":true,"valueName":"search_term_string"}}],"inLanguage":"es"},{"@type":"Organization","@id":"https:\/\/www.boxrepsol.com\/es\/#organization","name":"Box Repsol","url":"https:\/\/www.boxrepsol.com\/es\/","logo":{"@type":"ImageObject","inLanguage":"es","@id":"https:\/\/www.boxrepsol.com\/es\/#\/schema\/logo\/image\/","url":"https:\/\/bxrepsol.s3.eu-west-1.amazonaws.com\/static\/2025\/07\/30083337\/favicon-96x96-1.png","contentUrl":"https:\/\/bxrepsol.s3.eu-west-1.amazonaws.com\/static\/2025\/07\/30083337\/favicon-96x96-1.png","width":96,"height":96,"caption":"Box Repsol"},"image":{"@id":"https:\/\/www.boxrepsol.com\/es\/#\/schema\/logo\/image\/"},"sameAs":["https:\/\/www.facebook.com\/BoxRepsol","https:\/\/x.com\/box_repsol","http:\/\/instagram.com\/box_repsol","https:\/\/www.youtube.com\/user\/RepsolCompeticion","https:\/\/www.flickr.com\/photos\/box_repsol\/"]},{"@type":"Person","@id":"https:\/\/www.boxrepsol.com\/es\/#\/schema\/person\/c5c2138f2cca251b0ad92b7086bb60b7","name":"Redacci\u00f3n Box Repsol","image":{"@type":"ImageObject","inLanguage":"es","@id":"https:\/\/secure.gravatar.com\/avatar\/adf7b77e38b4419baf32c7e9c21dde01f4e40df611f0978e3006fc4ba0aaab7e?s=96&d=mm&r=g","url":"https:\/\/secure.gravatar.com\/avatar\/adf7b77e38b4419baf32c7e9c21dde01f4e40df611f0978e3006fc4ba0aaab7e?s=96&d=mm&r=g","contentUrl":"https:\/\/secure.gravatar.com\/avatar\/adf7b77e38b4419baf32c7e9c21dde01f4e40df611f0978e3006fc4ba0aaab7e?s=96&d=mm&r=g","caption":"Redacci\u00f3n Box Repsol"},"description":"Box Repsol lo forma un equipo de periodistas, community managers, dise\u00f1adores y fot\u00f3grafos con m\u00e1s de 20 a\u00f1os de experiencia en el mundo del motorsport. Hemos vivido el primer mundial de un espa\u00f1ol en la categor\u00eda reina de motociclismo con \u00c1lex Crivill\u00e9, estuvimos en las victorias de Pedrosa y los t\u00edtulos de M\u00e1rquez, acompa\u00f1amos en \u00c1frica a Nani Roma y Marc Coma en sus conquistas del Dakar y hemos vibrado con los t\u00edtulos de Toni Bou en Trial. Adem\u00e1s, en nuestro equipo contamos con expertos en el mundo de las dos y cuatro ruedas tanto de la calle y las carreteras, como de los circuitos. Periodistas que han trabajado en revistas y publicaciones para hacerte llegar desde rutas y consejos de mantenimiento, a curiosidades y trucos de pilotaje.","sameAs":["https:\/\/www.facebook.com\/BoxRepsol\/","https:\/\/www.instagram.com\/box_repsol\/","https:\/\/x.com\/https:\/\/twitter.com\/box_repsol","https:\/\/www.youtube.com\/@Boxrepsol"],"url":"https:\/\/www.boxrepsol.com\/es\/author\/redaccion-box-repsol\/"}]}},"_links":{"self":[{"href":"https:\/\/www.boxrepsol.com\/es\/wp-json\/wp\/v2\/posts\/94300","targetHints":{"allow":["GET"]}}],"collection":[{"href":"https:\/\/www.boxrepsol.com\/es\/wp-json\/wp\/v2\/posts"}],"about":[{"href":"https:\/\/www.boxrepsol.com\/es\/wp-json\/wp\/v2\/types\/post"}],"author":[{"embeddable":true,"href":"https:\/\/www.boxrepsol.com\/es\/wp-json\/wp\/v2\/users\/43146"}],"replies":[{"embeddable":true,"href":"https:\/\/www.boxrepsol.com\/es\/wp-json\/wp\/v2\/comments?post=94300"}],"version-history":[{"count":3,"href":"https:\/\/www.boxrepsol.com\/es\/wp-json\/wp\/v2\/posts\/94300\/revisions"}],"predecessor-version":[{"id":99678,"href":"https:\/\/www.boxrepsol.com\/es\/wp-json\/wp\/v2\/posts\/94300\/revisions\/99678"}],"wp:featuredmedia":[{"embeddable":true,"href":"https:\/\/www.boxrepsol.com\/es\/wp-json\/wp\/v2\/media\/63232"}],"wp:attachment":[{"href":"https:\/\/www.boxrepsol.com\/es\/wp-json\/wp\/v2\/media?parent=94300"}],"wp:term":[{"taxonomy":"category","embeddable":true,"href":"https:\/\/www.boxrepsol.com\/es\/wp-json\/wp\/v2\/categories?post=94300"},{"taxonomy":"post_tag","embeddable":true,"href":"https:\/\/www.boxrepsol.com\/es\/wp-json\/wp\/v2\/tags?post=94300"}],"curies":[{"name":"wp","href":"https:\/\/api.w.org\/{rel}","templated":true}]}}