{"id":94298,"date":"2019-11-26T00:00:00","date_gmt":"2019-11-26T02:00:00","guid":{"rendered":"http:\/\/pre.boxrepsol.com\/sin-categorizar\/la-lluvia-da-concluidos-los-test-jerez-del-repsol-honda\/"},"modified":"2024-04-25T06:57:06","modified_gmt":"2024-04-25T08:57:06","slug":"la-lluvia-da-concluidos-los-test-jerez-del-repsol-honda","status":"publish","type":"post","link":"https:\/\/www.boxrepsol.com\/es\/motogp\/la-lluvia-da-concluidos-los-test-jerez-del-repsol-honda\/","title":{"rendered":"La lluvia da por concluidos los test de Jerez del Repsol Honda"},"content":{"rendered":"<p>Con la lluvia amenazando los entrenamientos,<strong> Marc M\u00e1rquez ha sido uno de los primeros en salir a pista en esta \u00faltima prueba en Jerez<\/strong>. El Campe\u00f3n del Mundo se ha colocado inmediatamente en primera posici\u00f3n con un tiempo de 1 minuto, 37 segundos y 820 mil\u00e9simas, terminando <strong>segundo en la clasificaci\u00f3n combinada<\/strong>. M\u00e1s tiempo en pista hubiera ayudado a probar m\u00e1s cosas, pero Marc y el equipo est\u00e1n satisfechos con lo logrado en los test post temporada.<\/p>\n<p>Del mismo modo, <strong>\u00c1lex M\u00e1rquez se ha quedado con ganas de completar m\u00e1s vueltas en seco para mejorar sus sensaciones con la RC213V<\/strong>. Un crono de 1 minuto, 39 segundos y 224 mil\u00e9simas, establecido por la ma\u00f1ana, ha colocado al piloto de 23 a\u00f1os como el debutante m\u00e1s r\u00e1pido de este test. El vigente Campe\u00f3n del Mundo de Moto2 comenzar\u00e1 ahora a prepararse para su debut en la categor\u00eda reina en la primera carrera en Catar.<\/p>\n<p><strong>Marc M\u00e1rquez viajar\u00e1 a Barcelona para operarse ma\u00f1ana mi\u00e9rcoles del hombro derecho<\/strong> en el Hospital Universitari Dexeus del Grupo Quironsalud. El piloto del equipo Repsol Honda ha decidido someterse a esta intervenci\u00f3n como medida preventiva tras pasar consulta m\u00e9dica. La operaci\u00f3n ser\u00e1 similar a la que se le practic\u00f3 en su hombro izquierdo a finales de 2018.<\/p>\n<p>El equipo Repsol Honda volver\u00e1 a la acci\u00f3n en los <strong>test de Sepang<\/strong>, que se celebrar\u00e1n del 7 al 9 del pr\u00f3ximo mes de febrero.<\/p>\n<p>                <!-- Imagen relacionada --><br \/>\n        <img loading=\"lazy\" decoding=\"async\" width=\"404\" height=\"336\" src=\"https:\/\/bxrepsol.s3.eu-west-1.amazonaws.com\/static\/2022\/08\/05070652\/00_marc_marquez_test_jerez_2019_repsol_honda_pit_lane-1.jpg\" alt=\"Marc M\u00e1rquez sacando la moto ayudado por sus mec\u00e1nicos\" \/><br \/>\n                <!-- Categor\u00eda --><br \/>\n            MotoGP<br \/>\n        <!-- T\u00edtulo --><br \/>\n        <a href=\"https:\/\/www.boxrepsol.com\/es\/motogp\/los-test-continuan-jerez-equipo-repsol-honda\/\"><\/p>\n<h3>Los test contin\u00faan en Jerez para el equipo Repsol Honda<\/h3>\n<p>        <\/a><br \/>\n                    <!-- Fecha --><br \/>\n            hace 1 hora        <\/p>\n<h2>Test Jerez 2019 &#8211; Declaraciones de Marc M\u00e1rquez y \u00c1lex M\u00e1rquez<\/h2>\n<p><a href=\"https:\/\/twitter.com\/hashtag\/mm93?src=hash&#038;lang=es\">#MM93<\/a><\/p>\n<p><em><strong>Estos dos d\u00edas han sido muy positivos para nosotros<\/strong>, trabajando con las piezas que tenemos para 2020 y tratando de encontrar la direcci\u00f3n correcta. El primer d\u00eda probamos muchas cosas distintas y hoy hemos empezado con lo mejor de lo que encontramos ayer. Desgraciadamente, solo hemos podido dar 20 vueltas antes de que empezase a llover. No estaba lo suficientemente mojado como para probar de forma adecuada en condiciones de lluvia, pero no estaba seco. <strong>Ahora es el momento de que la gente de HRC en Jap\u00f3n analice todo<\/strong>.<\/p>\n<p>Este invierno me hubiera gustado hacer vacaciones y disfrutar un poco de algo de tranquilidad despu\u00e9s de un fant\u00e1stico 2019, pero voy a tener que operarme el hombro derecho. Como todo el mundo sabe, el invierno pasado fue muy duro con la intervenci\u00f3n en el izquierdo, que estaba muy da\u00f1ado. <strong>Quiero evitar que esa situaci\u00f3n se reproduzca en el derecho en el futuro<\/strong>, as\u00ed que he hablado mucho con los doctores para ver qu\u00e9 opciones hab\u00eda. <\/p>\n<p>Antes de Motegi ya tuve algunos problemas y tras la ca\u00edda de Malasia tuve una subluxaci\u00f3n. Ayer en el test sufr\u00ed  otra subluxaci\u00f3n en la ca\u00edda, as\u00ed que junto a los m\u00e9dicos hemos decidido que lo mejor es operarme para evitar la situaci\u00f3n que tuve en el otro hombro. <strong>Requerir\u00e1 m\u00e1s o menos el mismo tiempo y trabajaremos de la misma forma para llegar a los test de Malasia tan fuertes como sea posible<\/strong>.<\/em><\/p>\n<hr\/>\n<p><a href=\"https:\/\/twitter.com\/hashtag\/am73?src=hash&#038;lang=es\">#AM73<\/a><\/p>\n<p><em><strong>La meteorolog\u00eda de hoy no era perfecta, pero por la ma\u00f1ana hemos podido dar otro paso adelante<\/strong> y mejorar nuestro tiempo con neum\u00e1ticos gastados, y eso son buenas noticias para nosotros. Como ayer, cuando hemos montado los nuevos ha sido cuando ha empezado a llover, as\u00ed que es algo que todav\u00eda tendremos pendiente. Hemos probado un poco la moto en lluvia y me he sentido bien. <strong>Estoy contento con este segundo d\u00eda de entrenamientos, incluso a pesar de que quede mucho trabajo por hacer<\/strong>. Sabemos lo que nos toca entrenar en casa para estar preparados en Sepang.<\/em><\/p>\n","protected":false},"excerpt":{"rendered":"<p>El \u00faltimo d\u00eda de entrenamientos de 2019 se ha disputado con la meteorolog\u00eda en contra, obligando a los equipos a aprovechar al m\u00e1ximo la ma\u00f1ana.<\/p>\n","protected":false},"author":43146,"featured_media":63222,"comment_status":"open","ping_status":"open","sticky":false,"template":"","format":"standard","meta":{"footnotes":""},"categories":[4],"tags":[15],"class_list":["post-94298","post","type-post","status-publish","format-standard","hentry","category-motogp","tag-pretemporada"],"yoast_head":"<!-- This site is optimized with the Yoast SEO plugin v27.3 - https:\/\/yoast.com\/product\/yoast-seo-wordpress\/ -->\n<title>Test Jerez 2019 - La lluvia da por concluidos los test de Jerez del Repsol Honda<\/title>\n<meta name=\"description\" content=\"El \u00faltimo d\u00eda de entrenamientos de 2019 se ha disputado con la meteorolog\u00eda en contra, obligando a los equipos a aprovechar al m\u00e1ximo la ma\u00f1ana.\" \/>\n<link rel=\"canonical\" href=\"https:\/\/www.boxrepsol.com\/es\/motogp\/la-lluvia-da-concluidos-los-test-jerez-del-repsol-honda\/\" \/>\n<meta property=\"og:locale\" content=\"es_ES\" \/>\n<meta property=\"og:type\" content=\"article\" \/>\n<meta property=\"og:title\" content=\"Test Jerez 2019 - La lluvia da por concluidos los test de Jerez del Repsol Honda\" \/>\n<meta property=\"og:description\" content=\"El \u00faltimo d\u00eda de entrenamientos de 2019 se ha disputado con la meteorolog\u00eda en contra, obligando a los equipos a aprovechar al m\u00e1ximo la ma\u00f1ana.\" \/>\n<meta property=\"og:url\" content=\"https:\/\/www.boxrepsol.com\/es\/motogp\/la-lluvia-da-concluidos-los-test-jerez-del-repsol-honda\/\" \/>\n<meta property=\"og:site_name\" content=\"Box Repsol\" \/>\n<meta property=\"article:publisher\" content=\"https:\/\/www.facebook.com\/BoxRepsol\" \/>\n<meta property=\"article:author\" content=\"https:\/\/www.facebook.com\/BoxRepsol\/\" \/>\n<meta property=\"article:published_time\" content=\"2019-11-26T02:00:00+00:00\" \/>\n<meta property=\"article:modified_time\" content=\"2024-04-25T08:57:06+00:00\" \/>\n<meta property=\"og:image\" content=\"https:\/\/bxrepsol.s3.eu-west-1.amazonaws.com\/static\/2022\/08\/29090851\/20191127_mas-test-jerz.jpg\" \/>\n\t<meta property=\"og:image:width\" content=\"1280\" \/>\n\t<meta property=\"og:image:height\" content=\"600\" \/>\n\t<meta property=\"og:image:type\" content=\"image\/jpeg\" \/>\n<meta name=\"author\" content=\"Redacci\u00f3n Box Repsol\" \/>\n<meta name=\"twitter:card\" content=\"summary_large_image\" \/>\n<meta name=\"twitter:creator\" content=\"@https:\/\/twitter.com\/box_repsol\" \/>\n<meta name=\"twitter:site\" content=\"@box_repsol\" \/>\n<meta name=\"twitter:label1\" content=\"Written by\" \/>\n\t<meta name=\"twitter:data1\" content=\"Redacci\u00f3n Box Repsol\" \/>\n\t<meta name=\"twitter:label2\" content=\"Est. reading time\" \/>\n\t<meta name=\"twitter:data2\" content=\"3 minutos\" \/>\n<script type=\"application\/ld+json\" class=\"yoast-schema-graph\">{\"@context\":\"https:\\\/\\\/schema.org\",\"@graph\":[{\"@type\":\"Article\",\"@id\":\"https:\\\/\\\/www.boxrepsol.com\\\/es\\\/motogp\\\/la-lluvia-da-concluidos-los-test-jerez-del-repsol-honda\\\/#article\",\"isPartOf\":{\"@id\":\"https:\\\/\\\/www.boxrepsol.com\\\/es\\\/motogp\\\/la-lluvia-da-concluidos-los-test-jerez-del-repsol-honda\\\/\"},\"author\":{\"name\":\"Redacci\u00f3n Box Repsol\",\"@id\":\"https:\\\/\\\/www.boxrepsol.com\\\/es\\\/#\\\/schema\\\/person\\\/c5c2138f2cca251b0ad92b7086bb60b7\"},\"headline\":\"La lluvia da por concluidos los test de Jerez del Repsol Honda\",\"datePublished\":\"2019-11-26T02:00:00+00:00\",\"dateModified\":\"2024-04-25T08:57:06+00:00\",\"mainEntityOfPage\":{\"@id\":\"https:\\\/\\\/www.boxrepsol.com\\\/es\\\/motogp\\\/la-lluvia-da-concluidos-los-test-jerez-del-repsol-honda\\\/\"},\"wordCount\":647,\"commentCount\":0,\"publisher\":{\"@id\":\"https:\\\/\\\/www.boxrepsol.com\\\/es\\\/#organization\"},\"image\":{\"@id\":\"https:\\\/\\\/www.boxrepsol.com\\\/es\\\/motogp\\\/la-lluvia-da-concluidos-los-test-jerez-del-repsol-honda\\\/#primaryimage\"},\"thumbnailUrl\":\"https:\\\/\\\/bxrepsol.s3.eu-west-1.amazonaws.com\\\/static\\\/2022\\\/08\\\/29090851\\\/20191127_mas-test-jerz.jpg\",\"keywords\":[\"pretemporada\"],\"articleSection\":[\"MotoGP\"],\"inLanguage\":\"es\",\"potentialAction\":[{\"@type\":\"CommentAction\",\"name\":\"Comment\",\"target\":[\"https:\\\/\\\/www.boxrepsol.com\\\/es\\\/motogp\\\/la-lluvia-da-concluidos-los-test-jerez-del-repsol-honda\\\/#respond\"]}]},{\"@type\":\"WebPage\",\"@id\":\"https:\\\/\\\/www.boxrepsol.com\\\/es\\\/motogp\\\/la-lluvia-da-concluidos-los-test-jerez-del-repsol-honda\\\/\",\"url\":\"https:\\\/\\\/www.boxrepsol.com\\\/es\\\/motogp\\\/la-lluvia-da-concluidos-los-test-jerez-del-repsol-honda\\\/\",\"name\":\"Test Jerez 2019 - La lluvia da por concluidos los test de Jerez del Repsol Honda\",\"isPartOf\":{\"@id\":\"https:\\\/\\\/www.boxrepsol.com\\\/es\\\/#website\"},\"primaryImageOfPage\":{\"@id\":\"https:\\\/\\\/www.boxrepsol.com\\\/es\\\/motogp\\\/la-lluvia-da-concluidos-los-test-jerez-del-repsol-honda\\\/#primaryimage\"},\"image\":{\"@id\":\"https:\\\/\\\/www.boxrepsol.com\\\/es\\\/motogp\\\/la-lluvia-da-concluidos-los-test-jerez-del-repsol-honda\\\/#primaryimage\"},\"thumbnailUrl\":\"https:\\\/\\\/bxrepsol.s3.eu-west-1.amazonaws.com\\\/static\\\/2022\\\/08\\\/29090851\\\/20191127_mas-test-jerz.jpg\",\"datePublished\":\"2019-11-26T02:00:00+00:00\",\"dateModified\":\"2024-04-25T08:57:06+00:00\",\"description\":\"El \u00faltimo d\u00eda de entrenamientos de 2019 se ha disputado con la meteorolog\u00eda en contra, obligando a los equipos a aprovechar al m\u00e1ximo la ma\u00f1ana.\",\"breadcrumb\":{\"@id\":\"https:\\\/\\\/www.boxrepsol.com\\\/es\\\/motogp\\\/la-lluvia-da-concluidos-los-test-jerez-del-repsol-honda\\\/#breadcrumb\"},\"inLanguage\":\"es\",\"potentialAction\":[{\"@type\":\"ReadAction\",\"target\":[\"https:\\\/\\\/www.boxrepsol.com\\\/es\\\/motogp\\\/la-lluvia-da-concluidos-los-test-jerez-del-repsol-honda\\\/\"]}]},{\"@type\":\"ImageObject\",\"inLanguage\":\"es\",\"@id\":\"https:\\\/\\\/www.boxrepsol.com\\\/es\\\/motogp\\\/la-lluvia-da-concluidos-los-test-jerez-del-repsol-honda\\\/#primaryimage\",\"url\":\"https:\\\/\\\/bxrepsol.s3.eu-west-1.amazonaws.com\\\/static\\\/2022\\\/08\\\/29090851\\\/20191127_mas-test-jerz.jpg\",\"contentUrl\":\"https:\\\/\\\/bxrepsol.s3.eu-west-1.amazonaws.com\\\/static\\\/2022\\\/08\\\/29090851\\\/20191127_mas-test-jerz.jpg\",\"width\":1280,\"height\":600,\"caption\":\"Marc M\u00e1rquez entrenando en Jerez\"},{\"@type\":\"BreadcrumbList\",\"@id\":\"https:\\\/\\\/www.boxrepsol.com\\\/es\\\/motogp\\\/la-lluvia-da-concluidos-los-test-jerez-del-repsol-honda\\\/#breadcrumb\",\"itemListElement\":[{\"@type\":\"ListItem\",\"position\":1,\"name\":\"Home\",\"item\":\"https:\\\/\\\/www.boxrepsol.com\\\/es\\\/\"},{\"@type\":\"ListItem\",\"position\":2,\"name\":\"La lluvia da por concluidos los test de Jerez del Repsol Honda\"}]},{\"@type\":\"WebSite\",\"@id\":\"https:\\\/\\\/www.boxrepsol.com\\\/es\\\/#website\",\"url\":\"https:\\\/\\\/www.boxrepsol.com\\\/es\\\/\",\"name\":\"Box Repsol\",\"description\":\"Box Repsol Site\",\"publisher\":{\"@id\":\"https:\\\/\\\/www.boxrepsol.com\\\/es\\\/#organization\"},\"potentialAction\":[{\"@type\":\"SearchAction\",\"target\":{\"@type\":\"EntryPoint\",\"urlTemplate\":\"https:\\\/\\\/www.boxrepsol.com\\\/es\\\/?s={search_term_string}\"},\"query-input\":{\"@type\":\"PropertyValueSpecification\",\"valueRequired\":true,\"valueName\":\"search_term_string\"}}],\"inLanguage\":\"es\"},{\"@type\":\"Organization\",\"@id\":\"https:\\\/\\\/www.boxrepsol.com\\\/es\\\/#organization\",\"name\":\"Box Repsol\",\"url\":\"https:\\\/\\\/www.boxrepsol.com\\\/es\\\/\",\"logo\":{\"@type\":\"ImageObject\",\"inLanguage\":\"es\",\"@id\":\"https:\\\/\\\/www.boxrepsol.com\\\/es\\\/#\\\/schema\\\/logo\\\/image\\\/\",\"url\":\"https:\\\/\\\/bxrepsol.s3.eu-west-1.amazonaws.com\\\/static\\\/2025\\\/07\\\/30083337\\\/favicon-96x96-1.png\",\"contentUrl\":\"https:\\\/\\\/bxrepsol.s3.eu-west-1.amazonaws.com\\\/static\\\/2025\\\/07\\\/30083337\\\/favicon-96x96-1.png\",\"width\":96,\"height\":96,\"caption\":\"Box Repsol\"},\"image\":{\"@id\":\"https:\\\/\\\/www.boxrepsol.com\\\/es\\\/#\\\/schema\\\/logo\\\/image\\\/\"},\"sameAs\":[\"https:\\\/\\\/www.facebook.com\\\/BoxRepsol\",\"https:\\\/\\\/x.com\\\/box_repsol\",\"http:\\\/\\\/instagram.com\\\/box_repsol\",\"https:\\\/\\\/www.youtube.com\\\/user\\\/RepsolCompeticion\",\"https:\\\/\\\/www.flickr.com\\\/photos\\\/box_repsol\\\/\"]},{\"@type\":\"Person\",\"@id\":\"https:\\\/\\\/www.boxrepsol.com\\\/es\\\/#\\\/schema\\\/person\\\/c5c2138f2cca251b0ad92b7086bb60b7\",\"name\":\"Redacci\u00f3n Box Repsol\",\"image\":{\"@type\":\"ImageObject\",\"inLanguage\":\"es\",\"@id\":\"https:\\\/\\\/secure.gravatar.com\\\/avatar\\\/adf7b77e38b4419baf32c7e9c21dde01f4e40df611f0978e3006fc4ba0aaab7e?s=96&d=mm&r=g\",\"url\":\"https:\\\/\\\/secure.gravatar.com\\\/avatar\\\/adf7b77e38b4419baf32c7e9c21dde01f4e40df611f0978e3006fc4ba0aaab7e?s=96&d=mm&r=g\",\"contentUrl\":\"https:\\\/\\\/secure.gravatar.com\\\/avatar\\\/adf7b77e38b4419baf32c7e9c21dde01f4e40df611f0978e3006fc4ba0aaab7e?s=96&d=mm&r=g\",\"caption\":\"Redacci\u00f3n Box Repsol\"},\"description\":\"Box Repsol lo forma un equipo de periodistas, community managers, dise\u00f1adores y fot\u00f3grafos con m\u00e1s de 20 a\u00f1os de experiencia en el mundo del motorsport. Hemos vivido el primer mundial de un espa\u00f1ol en la categor\u00eda reina de motociclismo con \u00c1lex Crivill\u00e9, estuvimos en las victorias de Pedrosa y los t\u00edtulos de M\u00e1rquez, acompa\u00f1amos en \u00c1frica a Nani Roma y Marc Coma en sus conquistas del Dakar y hemos vibrado con los t\u00edtulos de Toni Bou en Trial. Adem\u00e1s, en nuestro equipo contamos con expertos en el mundo de las dos y cuatro ruedas tanto de la calle y las carreteras, como de los circuitos. Periodistas que han trabajado en revistas y publicaciones para hacerte llegar desde rutas y consejos de mantenimiento, a curiosidades y trucos de pilotaje.\",\"sameAs\":[\"https:\\\/\\\/www.facebook.com\\\/BoxRepsol\\\/\",\"https:\\\/\\\/www.instagram.com\\\/box_repsol\\\/\",\"https:\\\/\\\/x.com\\\/https:\\\/\\\/twitter.com\\\/box_repsol\",\"https:\\\/\\\/www.youtube.com\\\/@Boxrepsol\"],\"url\":\"https:\\\/\\\/www.boxrepsol.com\\\/es\\\/author\\\/redaccion-box-repsol\\\/\"}]}<\/script>\n<!-- \/ Yoast SEO plugin. -->","yoast_head_json":{"title":"Test Jerez 2019 - La lluvia da por concluidos los test de Jerez del Repsol Honda","description":"El \u00faltimo d\u00eda de entrenamientos de 2019 se ha disputado con la meteorolog\u00eda en contra, obligando a los equipos a aprovechar al m\u00e1ximo la ma\u00f1ana.","canonical":"https:\/\/www.boxrepsol.com\/es\/motogp\/la-lluvia-da-concluidos-los-test-jerez-del-repsol-honda\/","og_locale":"es_ES","og_type":"article","og_title":"Test Jerez 2019 - La lluvia da por concluidos los test de Jerez del Repsol Honda","og_description":"El \u00faltimo d\u00eda de entrenamientos de 2019 se ha disputado con la meteorolog\u00eda en contra, obligando a los equipos a aprovechar al m\u00e1ximo la ma\u00f1ana.","og_url":"https:\/\/www.boxrepsol.com\/es\/motogp\/la-lluvia-da-concluidos-los-test-jerez-del-repsol-honda\/","og_site_name":"Box Repsol","article_publisher":"https:\/\/www.facebook.com\/BoxRepsol","article_author":"https:\/\/www.facebook.com\/BoxRepsol\/","article_published_time":"2019-11-26T02:00:00+00:00","article_modified_time":"2024-04-25T08:57:06+00:00","og_image":[{"width":1280,"height":600,"url":"https:\/\/bxrepsol.s3.eu-west-1.amazonaws.com\/static\/2022\/08\/29090851\/20191127_mas-test-jerz.jpg","type":"image\/jpeg"}],"author":"Redacci\u00f3n Box Repsol","twitter_card":"summary_large_image","twitter_creator":"@https:\/\/twitter.com\/box_repsol","twitter_site":"@box_repsol","twitter_misc":{"Written by":"Redacci\u00f3n Box Repsol","Est. reading time":"3 minutos"},"schema":{"@context":"https:\/\/schema.org","@graph":[{"@type":"Article","@id":"https:\/\/www.boxrepsol.com\/es\/motogp\/la-lluvia-da-concluidos-los-test-jerez-del-repsol-honda\/#article","isPartOf":{"@id":"https:\/\/www.boxrepsol.com\/es\/motogp\/la-lluvia-da-concluidos-los-test-jerez-del-repsol-honda\/"},"author":{"name":"Redacci\u00f3n Box Repsol","@id":"https:\/\/www.boxrepsol.com\/es\/#\/schema\/person\/c5c2138f2cca251b0ad92b7086bb60b7"},"headline":"La lluvia da por concluidos los test de Jerez del Repsol Honda","datePublished":"2019-11-26T02:00:00+00:00","dateModified":"2024-04-25T08:57:06+00:00","mainEntityOfPage":{"@id":"https:\/\/www.boxrepsol.com\/es\/motogp\/la-lluvia-da-concluidos-los-test-jerez-del-repsol-honda\/"},"wordCount":647,"commentCount":0,"publisher":{"@id":"https:\/\/www.boxrepsol.com\/es\/#organization"},"image":{"@id":"https:\/\/www.boxrepsol.com\/es\/motogp\/la-lluvia-da-concluidos-los-test-jerez-del-repsol-honda\/#primaryimage"},"thumbnailUrl":"https:\/\/bxrepsol.s3.eu-west-1.amazonaws.com\/static\/2022\/08\/29090851\/20191127_mas-test-jerz.jpg","keywords":["pretemporada"],"articleSection":["MotoGP"],"inLanguage":"es","potentialAction":[{"@type":"CommentAction","name":"Comment","target":["https:\/\/www.boxrepsol.com\/es\/motogp\/la-lluvia-da-concluidos-los-test-jerez-del-repsol-honda\/#respond"]}]},{"@type":"WebPage","@id":"https:\/\/www.boxrepsol.com\/es\/motogp\/la-lluvia-da-concluidos-los-test-jerez-del-repsol-honda\/","url":"https:\/\/www.boxrepsol.com\/es\/motogp\/la-lluvia-da-concluidos-los-test-jerez-del-repsol-honda\/","name":"Test Jerez 2019 - La lluvia da por concluidos los test de Jerez del Repsol Honda","isPartOf":{"@id":"https:\/\/www.boxrepsol.com\/es\/#website"},"primaryImageOfPage":{"@id":"https:\/\/www.boxrepsol.com\/es\/motogp\/la-lluvia-da-concluidos-los-test-jerez-del-repsol-honda\/#primaryimage"},"image":{"@id":"https:\/\/www.boxrepsol.com\/es\/motogp\/la-lluvia-da-concluidos-los-test-jerez-del-repsol-honda\/#primaryimage"},"thumbnailUrl":"https:\/\/bxrepsol.s3.eu-west-1.amazonaws.com\/static\/2022\/08\/29090851\/20191127_mas-test-jerz.jpg","datePublished":"2019-11-26T02:00:00+00:00","dateModified":"2024-04-25T08:57:06+00:00","description":"El \u00faltimo d\u00eda de entrenamientos de 2019 se ha disputado con la meteorolog\u00eda en contra, obligando a los equipos a aprovechar al m\u00e1ximo la ma\u00f1ana.","breadcrumb":{"@id":"https:\/\/www.boxrepsol.com\/es\/motogp\/la-lluvia-da-concluidos-los-test-jerez-del-repsol-honda\/#breadcrumb"},"inLanguage":"es","potentialAction":[{"@type":"ReadAction","target":["https:\/\/www.boxrepsol.com\/es\/motogp\/la-lluvia-da-concluidos-los-test-jerez-del-repsol-honda\/"]}]},{"@type":"ImageObject","inLanguage":"es","@id":"https:\/\/www.boxrepsol.com\/es\/motogp\/la-lluvia-da-concluidos-los-test-jerez-del-repsol-honda\/#primaryimage","url":"https:\/\/bxrepsol.s3.eu-west-1.amazonaws.com\/static\/2022\/08\/29090851\/20191127_mas-test-jerz.jpg","contentUrl":"https:\/\/bxrepsol.s3.eu-west-1.amazonaws.com\/static\/2022\/08\/29090851\/20191127_mas-test-jerz.jpg","width":1280,"height":600,"caption":"Marc M\u00e1rquez entrenando en Jerez"},{"@type":"BreadcrumbList","@id":"https:\/\/www.boxrepsol.com\/es\/motogp\/la-lluvia-da-concluidos-los-test-jerez-del-repsol-honda\/#breadcrumb","itemListElement":[{"@type":"ListItem","position":1,"name":"Home","item":"https:\/\/www.boxrepsol.com\/es\/"},{"@type":"ListItem","position":2,"name":"La lluvia da por concluidos los test de Jerez del Repsol Honda"}]},{"@type":"WebSite","@id":"https:\/\/www.boxrepsol.com\/es\/#website","url":"https:\/\/www.boxrepsol.com\/es\/","name":"Box Repsol","description":"Box Repsol Site","publisher":{"@id":"https:\/\/www.boxrepsol.com\/es\/#organization"},"potentialAction":[{"@type":"SearchAction","target":{"@type":"EntryPoint","urlTemplate":"https:\/\/www.boxrepsol.com\/es\/?s={search_term_string}"},"query-input":{"@type":"PropertyValueSpecification","valueRequired":true,"valueName":"search_term_string"}}],"inLanguage":"es"},{"@type":"Organization","@id":"https:\/\/www.boxrepsol.com\/es\/#organization","name":"Box Repsol","url":"https:\/\/www.boxrepsol.com\/es\/","logo":{"@type":"ImageObject","inLanguage":"es","@id":"https:\/\/www.boxrepsol.com\/es\/#\/schema\/logo\/image\/","url":"https:\/\/bxrepsol.s3.eu-west-1.amazonaws.com\/static\/2025\/07\/30083337\/favicon-96x96-1.png","contentUrl":"https:\/\/bxrepsol.s3.eu-west-1.amazonaws.com\/static\/2025\/07\/30083337\/favicon-96x96-1.png","width":96,"height":96,"caption":"Box Repsol"},"image":{"@id":"https:\/\/www.boxrepsol.com\/es\/#\/schema\/logo\/image\/"},"sameAs":["https:\/\/www.facebook.com\/BoxRepsol","https:\/\/x.com\/box_repsol","http:\/\/instagram.com\/box_repsol","https:\/\/www.youtube.com\/user\/RepsolCompeticion","https:\/\/www.flickr.com\/photos\/box_repsol\/"]},{"@type":"Person","@id":"https:\/\/www.boxrepsol.com\/es\/#\/schema\/person\/c5c2138f2cca251b0ad92b7086bb60b7","name":"Redacci\u00f3n Box Repsol","image":{"@type":"ImageObject","inLanguage":"es","@id":"https:\/\/secure.gravatar.com\/avatar\/adf7b77e38b4419baf32c7e9c21dde01f4e40df611f0978e3006fc4ba0aaab7e?s=96&d=mm&r=g","url":"https:\/\/secure.gravatar.com\/avatar\/adf7b77e38b4419baf32c7e9c21dde01f4e40df611f0978e3006fc4ba0aaab7e?s=96&d=mm&r=g","contentUrl":"https:\/\/secure.gravatar.com\/avatar\/adf7b77e38b4419baf32c7e9c21dde01f4e40df611f0978e3006fc4ba0aaab7e?s=96&d=mm&r=g","caption":"Redacci\u00f3n Box Repsol"},"description":"Box Repsol lo forma un equipo de periodistas, community managers, dise\u00f1adores y fot\u00f3grafos con m\u00e1s de 20 a\u00f1os de experiencia en el mundo del motorsport. Hemos vivido el primer mundial de un espa\u00f1ol en la categor\u00eda reina de motociclismo con \u00c1lex Crivill\u00e9, estuvimos en las victorias de Pedrosa y los t\u00edtulos de M\u00e1rquez, acompa\u00f1amos en \u00c1frica a Nani Roma y Marc Coma en sus conquistas del Dakar y hemos vibrado con los t\u00edtulos de Toni Bou en Trial. Adem\u00e1s, en nuestro equipo contamos con expertos en el mundo de las dos y cuatro ruedas tanto de la calle y las carreteras, como de los circuitos. Periodistas que han trabajado en revistas y publicaciones para hacerte llegar desde rutas y consejos de mantenimiento, a curiosidades y trucos de pilotaje.","sameAs":["https:\/\/www.facebook.com\/BoxRepsol\/","https:\/\/www.instagram.com\/box_repsol\/","https:\/\/x.com\/https:\/\/twitter.com\/box_repsol","https:\/\/www.youtube.com\/@Boxrepsol"],"url":"https:\/\/www.boxrepsol.com\/es\/author\/redaccion-box-repsol\/"}]}},"_links":{"self":[{"href":"https:\/\/www.boxrepsol.com\/es\/wp-json\/wp\/v2\/posts\/94298","targetHints":{"allow":["GET"]}}],"collection":[{"href":"https:\/\/www.boxrepsol.com\/es\/wp-json\/wp\/v2\/posts"}],"about":[{"href":"https:\/\/www.boxrepsol.com\/es\/wp-json\/wp\/v2\/types\/post"}],"author":[{"embeddable":true,"href":"https:\/\/www.boxrepsol.com\/es\/wp-json\/wp\/v2\/users\/43146"}],"replies":[{"embeddable":true,"href":"https:\/\/www.boxrepsol.com\/es\/wp-json\/wp\/v2\/comments?post=94298"}],"version-history":[{"count":1,"href":"https:\/\/www.boxrepsol.com\/es\/wp-json\/wp\/v2\/posts\/94298\/revisions"}],"predecessor-version":[{"id":94299,"href":"https:\/\/www.boxrepsol.com\/es\/wp-json\/wp\/v2\/posts\/94298\/revisions\/94299"}],"wp:featuredmedia":[{"embeddable":true,"href":"https:\/\/www.boxrepsol.com\/es\/wp-json\/wp\/v2\/media\/63222"}],"wp:attachment":[{"href":"https:\/\/www.boxrepsol.com\/es\/wp-json\/wp\/v2\/media?parent=94298"}],"wp:term":[{"taxonomy":"category","embeddable":true,"href":"https:\/\/www.boxrepsol.com\/es\/wp-json\/wp\/v2\/categories?post=94298"},{"taxonomy":"post_tag","embeddable":true,"href":"https:\/\/www.boxrepsol.com\/es\/wp-json\/wp\/v2\/tags?post=94298"}],"curies":[{"name":"wp","href":"https:\/\/api.w.org\/{rel}","templated":true}]}}