{"id":94296,"date":"2019-11-26T00:00:00","date_gmt":"2019-11-26T02:00:00","guid":{"rendered":"http:\/\/pre.boxrepsol.com\/sin-categorizar\/los-test-continuan-jerez-equipo-repsol-honda\/"},"modified":"2024-04-22T10:17:12","modified_gmt":"2024-04-22T12:17:12","slug":"los-test-continuan-jerez-equipo-repsol-honda","status":"publish","type":"post","link":"https:\/\/www.boxrepsol.com\/es\/motogp\/los-test-continuan-jerez-equipo-repsol-honda\/","title":{"rendered":"Los test contin\u00faan en Jerez para el equipo Repsol Honda"},"content":{"rendered":"<p>Poco despu\u00e9s de las once de la ma\u00f1ana, <strong>Marc M\u00e1rquez y \u00c1lex M\u00e1rquez han comenzado en Jerez el \u00faltimo test de 2019<\/strong>. El objetivo de estas dos jornadas es reunir los \u00faltimos datos de cara al par\u00f3n de invierno, para que la RC213V de 2020 llegue lista a las pruebas en Sepang a principios del mes de febrero de 2020.<\/p>\n<p>Marc M\u00e1rquez ha continuado trabajando en varios de los nuevos componentes de la  RC213V del equipo Repsol Honda, <strong>completando un total de 69 giros al Circuito de Jerez-\u00c1ngel Nieto<\/strong>. Igual que en Valencia, buscar la vuelta r\u00e1pida no ha estado entre las prioridades del ocho veces Campe\u00f3n del Mundo, que ha seguido preparando su defensa de la corona de la categor\u00eda reina. <strong>Con un mejor tiempo de 1 minuto, 38 segundos y 227 mil\u00e9simas, Marc ha terminado el primer d\u00eda en sexta posici\u00f3n<\/strong>. El vigente campe\u00f3n ha sufrido una ca\u00edda en la curva 13 pero ha podido volver a la pista.<\/p>\n<p><strong>Los entrenamientos en Jerez han permitido al debutante \u00c1lex M\u00e1rquez probar la RC213V en un circuito nuevo<\/strong>, mientras ha seguido descubriendo las claves de la MotoGP. Con este segundo test poco despu\u00e9s del de Valencia, \u00c1lex apenas ha tenido tiempo para realizar grandes cambios en su preparaci\u00f3n, pero <strong>ha vuelto a terminar satisfecho con lo aprendido sobre la moto<\/strong>. Tras 70 vueltas, ha cerrado el d\u00eda con un crono de 1 minuto, 39 segundos y 413 mil\u00e9simas, terminando como el mejor debutante de la jornada.<\/p>\n<p>Ambos pilotos del equipo Repsol Honda volver\u00e1n a rodar el martes 26 de noviembre en el que ser\u00e1 el \u00faltimo d\u00eda en pista del a\u00f1o 2019.<\/p>\n<p>                <!-- Imagen relacionada --><br \/>\n        <img loading=\"lazy\" decoding=\"async\" width=\"404\" height=\"336\" src=\"https:\/\/bxrepsol.s3.eu-west-1.amazonaws.com\/static\/2022\/08\/29090848\/01_marc_marquez_alex_marquez_test_valencia_2019-e1574323757339-404x336-2.jpg\" alt=\"Marc y \u00c1lex pilotan sus RC213V en la pretemporada\" \/><br \/>\n                <!-- Categor\u00eda --><br \/>\n            MotoGP<br \/>\n        <!-- T\u00edtulo --><br \/>\n        <a href=\"https:\/\/www.boxrepsol.com\/es\/motogp\/equipo-repsol-honda-satisfecho-productivo-test-valencia\/\"><\/p>\n<h3>El equipo Repsol Honda, satisfecho con un productivo test en Valencia<\/h3>\n<p>        <\/a><br \/>\n                    <!-- Fecha --><br \/>\n            hace 1 hora        <\/p>\n<h2>Test Jerez 2019 &#8211; Declaraciones de Marc M\u00e1rquez y \u00c1lex M\u00e1rquez<\/h2>\n<p><a href=\"https:\/\/twitter.com\/hashtag\/mm93?src=hash&#038;lang=es\">#MM93<\/a><\/p>\n<p><em><strong>Hoy hemos vuelto a probar diferentes aspectos para 2020, evaluando dos direcciones distintas<\/strong>. Parece que ma\u00f1ana la meteorolog\u00eda puede ser algo complicada, as\u00ed que hemos tenido que alterar un poco el plan para aprovechar el d\u00eda al m\u00e1ximo. <strong>Esta parte de la temporada es muy importante, as\u00ed que tenemos que mantenernos concentrados y seguir trabajando duro<\/strong>. <\/p>\n<p>La ca\u00edda ha sido mi error, me he ido largo y, como el borde de la pista estaba algo mojado, he perdido el tren delantero. Afortunadamente estoy bien, he pasado por el centro m\u00e9dico simplemente por precauci\u00f3n.<\/em><\/p>\n<hr\/>\n<p><a href=\"https:\/\/twitter.com\/hashtag\/am73?src=hash&#038;lang=es\">#AM73<\/a><\/p>\n<p><em><strong>Hoy hemos intentado mejorar y reducir la distancia con la cabeza mientras voy aprendiendo a trabajar con mi equipo del a\u00f1o que viene<\/strong>. A lo largo del d\u00eda hemos sido capaces de realizar varias mejoras y tambi\u00e9n he podido trabajar mucho con neum\u00e1ticos usados, para conocer en qu\u00e9 tengo que cambiar mi pilotaje y sacar el m\u00e1ximo rendimiento. <\/p>\n<p>No hemos montado compuestos nuevos, ya que al final de la sesi\u00f3n ha empezado a llover un poco, pero estoy satisfecho. <strong>Hoy ha ido mejor que en Valencia, ya que desde el primer momento me he sentido m\u00e1s c\u00f3modo<\/strong>.<\/em><\/p>\n","protected":false},"excerpt":{"rendered":"<p>Con 139 vueltas completadas, el Repsol Honda ha aprovechado al m\u00e1ximo el tiempo en pista en el arranque de los \u00faltimos entrenamientos de la temporada 2019.<\/p>\n","protected":false},"author":43146,"featured_media":63218,"comment_status":"open","ping_status":"open","sticky":false,"template":"","format":"standard","meta":{"footnotes":""},"categories":[4],"tags":[15],"class_list":["post-94296","post","type-post","status-publish","format-standard","hentry","category-motogp","tag-pretemporada"],"yoast_head":"<!-- This site is optimized with the Yoast SEO plugin v27.3 - https:\/\/yoast.com\/product\/yoast-seo-wordpress\/ -->\n<title>Test Jerez 2019 - Los test contin\u00faan en Jerez para el equipo Repsol Honda<\/title>\n<meta name=\"description\" content=\"Con 139 vueltas completadas, el Repsol Honda ha aprovechado al m\u00e1ximo el tiempo en pista en el arranque de los \u00faltimos entrenamientos de la temporada 2019.\" \/>\n<link rel=\"canonical\" href=\"https:\/\/www.boxrepsol.com\/es\/motogp\/los-test-continuan-jerez-equipo-repsol-honda\/\" \/>\n<meta property=\"og:locale\" content=\"es_ES\" \/>\n<meta property=\"og:type\" content=\"article\" \/>\n<meta property=\"og:title\" content=\"Test Jerez 2019 - Los test contin\u00faan en Jerez para el equipo Repsol Honda\" \/>\n<meta property=\"og:description\" content=\"Con 139 vueltas completadas, el Repsol Honda ha aprovechado al m\u00e1ximo el tiempo en pista en el arranque de los \u00faltimos entrenamientos de la temporada 2019.\" \/>\n<meta property=\"og:url\" content=\"https:\/\/www.boxrepsol.com\/es\/motogp\/los-test-continuan-jerez-equipo-repsol-honda\/\" \/>\n<meta property=\"og:site_name\" content=\"Box Repsol\" \/>\n<meta property=\"article:publisher\" content=\"https:\/\/www.facebook.com\/BoxRepsol\" \/>\n<meta property=\"article:author\" content=\"https:\/\/www.facebook.com\/BoxRepsol\/\" \/>\n<meta property=\"article:published_time\" content=\"2019-11-26T02:00:00+00:00\" \/>\n<meta property=\"article:modified_time\" content=\"2024-04-22T12:17:12+00:00\" \/>\n<meta property=\"og:image\" content=\"https:\/\/bxrepsol.s3.eu-west-1.amazonaws.com\/static\/2022\/08\/29090849\/00_marc_marquez_test_jerez_2019_repsol_honda_pit_lane.jpg\" \/>\n\t<meta property=\"og:image:width\" content=\"1280\" \/>\n\t<meta property=\"og:image:height\" content=\"600\" \/>\n\t<meta property=\"og:image:type\" content=\"image\/jpeg\" \/>\n<meta name=\"author\" content=\"Redacci\u00f3n Box Repsol\" \/>\n<meta name=\"twitter:card\" content=\"summary_large_image\" \/>\n<meta name=\"twitter:creator\" content=\"@https:\/\/twitter.com\/box_repsol\" \/>\n<meta name=\"twitter:site\" content=\"@box_repsol\" \/>\n<meta name=\"twitter:label1\" content=\"Written by\" \/>\n\t<meta name=\"twitter:data1\" content=\"Redacci\u00f3n Box Repsol\" \/>\n\t<meta name=\"twitter:label2\" content=\"Est. reading time\" \/>\n\t<meta name=\"twitter:data2\" content=\"3 minutos\" \/>\n<script type=\"application\/ld+json\" class=\"yoast-schema-graph\">{\"@context\":\"https:\\\/\\\/schema.org\",\"@graph\":[{\"@type\":\"Article\",\"@id\":\"https:\\\/\\\/www.boxrepsol.com\\\/es\\\/motogp\\\/los-test-continuan-jerez-equipo-repsol-honda\\\/#article\",\"isPartOf\":{\"@id\":\"https:\\\/\\\/www.boxrepsol.com\\\/es\\\/motogp\\\/los-test-continuan-jerez-equipo-repsol-honda\\\/\"},\"author\":{\"name\":\"Redacci\u00f3n Box Repsol\",\"@id\":\"https:\\\/\\\/www.boxrepsol.com\\\/es\\\/#\\\/schema\\\/person\\\/c5c2138f2cca251b0ad92b7086bb60b7\"},\"headline\":\"Los test contin\u00faan en Jerez para el equipo Repsol Honda\",\"datePublished\":\"2019-11-26T02:00:00+00:00\",\"dateModified\":\"2024-04-22T12:17:12+00:00\",\"mainEntityOfPage\":{\"@id\":\"https:\\\/\\\/www.boxrepsol.com\\\/es\\\/motogp\\\/los-test-continuan-jerez-equipo-repsol-honda\\\/\"},\"wordCount\":527,\"commentCount\":0,\"publisher\":{\"@id\":\"https:\\\/\\\/www.boxrepsol.com\\\/es\\\/#organization\"},\"image\":{\"@id\":\"https:\\\/\\\/www.boxrepsol.com\\\/es\\\/motogp\\\/los-test-continuan-jerez-equipo-repsol-honda\\\/#primaryimage\"},\"thumbnailUrl\":\"https:\\\/\\\/bxrepsol.s3.eu-west-1.amazonaws.com\\\/static\\\/2022\\\/08\\\/29090849\\\/00_marc_marquez_test_jerez_2019_repsol_honda_pit_lane.jpg\",\"keywords\":[\"pretemporada\"],\"articleSection\":[\"MotoGP\"],\"inLanguage\":\"es\",\"potentialAction\":[{\"@type\":\"CommentAction\",\"name\":\"Comment\",\"target\":[\"https:\\\/\\\/www.boxrepsol.com\\\/es\\\/motogp\\\/los-test-continuan-jerez-equipo-repsol-honda\\\/#respond\"]}]},{\"@type\":\"WebPage\",\"@id\":\"https:\\\/\\\/www.boxrepsol.com\\\/es\\\/motogp\\\/los-test-continuan-jerez-equipo-repsol-honda\\\/\",\"url\":\"https:\\\/\\\/www.boxrepsol.com\\\/es\\\/motogp\\\/los-test-continuan-jerez-equipo-repsol-honda\\\/\",\"name\":\"Test Jerez 2019 - Los test contin\u00faan en Jerez para el equipo Repsol Honda\",\"isPartOf\":{\"@id\":\"https:\\\/\\\/www.boxrepsol.com\\\/es\\\/#website\"},\"primaryImageOfPage\":{\"@id\":\"https:\\\/\\\/www.boxrepsol.com\\\/es\\\/motogp\\\/los-test-continuan-jerez-equipo-repsol-honda\\\/#primaryimage\"},\"image\":{\"@id\":\"https:\\\/\\\/www.boxrepsol.com\\\/es\\\/motogp\\\/los-test-continuan-jerez-equipo-repsol-honda\\\/#primaryimage\"},\"thumbnailUrl\":\"https:\\\/\\\/bxrepsol.s3.eu-west-1.amazonaws.com\\\/static\\\/2022\\\/08\\\/29090849\\\/00_marc_marquez_test_jerez_2019_repsol_honda_pit_lane.jpg\",\"datePublished\":\"2019-11-26T02:00:00+00:00\",\"dateModified\":\"2024-04-22T12:17:12+00:00\",\"description\":\"Con 139 vueltas completadas, el Repsol Honda ha aprovechado al m\u00e1ximo el tiempo en pista en el arranque de los \u00faltimos entrenamientos de la temporada 2019.\",\"breadcrumb\":{\"@id\":\"https:\\\/\\\/www.boxrepsol.com\\\/es\\\/motogp\\\/los-test-continuan-jerez-equipo-repsol-honda\\\/#breadcrumb\"},\"inLanguage\":\"es\",\"potentialAction\":[{\"@type\":\"ReadAction\",\"target\":[\"https:\\\/\\\/www.boxrepsol.com\\\/es\\\/motogp\\\/los-test-continuan-jerez-equipo-repsol-honda\\\/\"]}]},{\"@type\":\"ImageObject\",\"inLanguage\":\"es\",\"@id\":\"https:\\\/\\\/www.boxrepsol.com\\\/es\\\/motogp\\\/los-test-continuan-jerez-equipo-repsol-honda\\\/#primaryimage\",\"url\":\"https:\\\/\\\/bxrepsol.s3.eu-west-1.amazonaws.com\\\/static\\\/2022\\\/08\\\/29090849\\\/00_marc_marquez_test_jerez_2019_repsol_honda_pit_lane.jpg\",\"contentUrl\":\"https:\\\/\\\/bxrepsol.s3.eu-west-1.amazonaws.com\\\/static\\\/2022\\\/08\\\/29090849\\\/00_marc_marquez_test_jerez_2019_repsol_honda_pit_lane.jpg\",\"width\":1280,\"height\":600,\"caption\":\"Marc M\u00e1rquez sacando la moto ayudado por sus mec\u00e1nicos\"},{\"@type\":\"BreadcrumbList\",\"@id\":\"https:\\\/\\\/www.boxrepsol.com\\\/es\\\/motogp\\\/los-test-continuan-jerez-equipo-repsol-honda\\\/#breadcrumb\",\"itemListElement\":[{\"@type\":\"ListItem\",\"position\":1,\"name\":\"Home\",\"item\":\"https:\\\/\\\/www.boxrepsol.com\\\/es\\\/\"},{\"@type\":\"ListItem\",\"position\":2,\"name\":\"Los test contin\u00faan en Jerez para el equipo Repsol Honda\"}]},{\"@type\":\"WebSite\",\"@id\":\"https:\\\/\\\/www.boxrepsol.com\\\/es\\\/#website\",\"url\":\"https:\\\/\\\/www.boxrepsol.com\\\/es\\\/\",\"name\":\"Box Repsol\",\"description\":\"Box Repsol Site\",\"publisher\":{\"@id\":\"https:\\\/\\\/www.boxrepsol.com\\\/es\\\/#organization\"},\"potentialAction\":[{\"@type\":\"SearchAction\",\"target\":{\"@type\":\"EntryPoint\",\"urlTemplate\":\"https:\\\/\\\/www.boxrepsol.com\\\/es\\\/?s={search_term_string}\"},\"query-input\":{\"@type\":\"PropertyValueSpecification\",\"valueRequired\":true,\"valueName\":\"search_term_string\"}}],\"inLanguage\":\"es\"},{\"@type\":\"Organization\",\"@id\":\"https:\\\/\\\/www.boxrepsol.com\\\/es\\\/#organization\",\"name\":\"Box Repsol\",\"url\":\"https:\\\/\\\/www.boxrepsol.com\\\/es\\\/\",\"logo\":{\"@type\":\"ImageObject\",\"inLanguage\":\"es\",\"@id\":\"https:\\\/\\\/www.boxrepsol.com\\\/es\\\/#\\\/schema\\\/logo\\\/image\\\/\",\"url\":\"https:\\\/\\\/bxrepsol.s3.eu-west-1.amazonaws.com\\\/static\\\/2025\\\/07\\\/30083337\\\/favicon-96x96-1.png\",\"contentUrl\":\"https:\\\/\\\/bxrepsol.s3.eu-west-1.amazonaws.com\\\/static\\\/2025\\\/07\\\/30083337\\\/favicon-96x96-1.png\",\"width\":96,\"height\":96,\"caption\":\"Box Repsol\"},\"image\":{\"@id\":\"https:\\\/\\\/www.boxrepsol.com\\\/es\\\/#\\\/schema\\\/logo\\\/image\\\/\"},\"sameAs\":[\"https:\\\/\\\/www.facebook.com\\\/BoxRepsol\",\"https:\\\/\\\/x.com\\\/box_repsol\",\"http:\\\/\\\/instagram.com\\\/box_repsol\",\"https:\\\/\\\/www.youtube.com\\\/user\\\/RepsolCompeticion\",\"https:\\\/\\\/www.flickr.com\\\/photos\\\/box_repsol\\\/\"]},{\"@type\":\"Person\",\"@id\":\"https:\\\/\\\/www.boxrepsol.com\\\/es\\\/#\\\/schema\\\/person\\\/c5c2138f2cca251b0ad92b7086bb60b7\",\"name\":\"Redacci\u00f3n Box Repsol\",\"image\":{\"@type\":\"ImageObject\",\"inLanguage\":\"es\",\"@id\":\"https:\\\/\\\/secure.gravatar.com\\\/avatar\\\/adf7b77e38b4419baf32c7e9c21dde01f4e40df611f0978e3006fc4ba0aaab7e?s=96&d=mm&r=g\",\"url\":\"https:\\\/\\\/secure.gravatar.com\\\/avatar\\\/adf7b77e38b4419baf32c7e9c21dde01f4e40df611f0978e3006fc4ba0aaab7e?s=96&d=mm&r=g\",\"contentUrl\":\"https:\\\/\\\/secure.gravatar.com\\\/avatar\\\/adf7b77e38b4419baf32c7e9c21dde01f4e40df611f0978e3006fc4ba0aaab7e?s=96&d=mm&r=g\",\"caption\":\"Redacci\u00f3n Box Repsol\"},\"description\":\"Box Repsol lo forma un equipo de periodistas, community managers, dise\u00f1adores y fot\u00f3grafos con m\u00e1s de 20 a\u00f1os de experiencia en el mundo del motorsport. Hemos vivido el primer mundial de un espa\u00f1ol en la categor\u00eda reina de motociclismo con \u00c1lex Crivill\u00e9, estuvimos en las victorias de Pedrosa y los t\u00edtulos de M\u00e1rquez, acompa\u00f1amos en \u00c1frica a Nani Roma y Marc Coma en sus conquistas del Dakar y hemos vibrado con los t\u00edtulos de Toni Bou en Trial. Adem\u00e1s, en nuestro equipo contamos con expertos en el mundo de las dos y cuatro ruedas tanto de la calle y las carreteras, como de los circuitos. Periodistas que han trabajado en revistas y publicaciones para hacerte llegar desde rutas y consejos de mantenimiento, a curiosidades y trucos de pilotaje.\",\"sameAs\":[\"https:\\\/\\\/www.facebook.com\\\/BoxRepsol\\\/\",\"https:\\\/\\\/www.instagram.com\\\/box_repsol\\\/\",\"https:\\\/\\\/x.com\\\/https:\\\/\\\/twitter.com\\\/box_repsol\",\"https:\\\/\\\/www.youtube.com\\\/@Boxrepsol\"],\"url\":\"https:\\\/\\\/www.boxrepsol.com\\\/es\\\/author\\\/redaccion-box-repsol\\\/\"}]}<\/script>\n<!-- \/ Yoast SEO plugin. -->","yoast_head_json":{"title":"Test Jerez 2019 - Los test contin\u00faan en Jerez para el equipo Repsol Honda","description":"Con 139 vueltas completadas, el Repsol Honda ha aprovechado al m\u00e1ximo el tiempo en pista en el arranque de los \u00faltimos entrenamientos de la temporada 2019.","canonical":"https:\/\/www.boxrepsol.com\/es\/motogp\/los-test-continuan-jerez-equipo-repsol-honda\/","og_locale":"es_ES","og_type":"article","og_title":"Test Jerez 2019 - Los test contin\u00faan en Jerez para el equipo Repsol Honda","og_description":"Con 139 vueltas completadas, el Repsol Honda ha aprovechado al m\u00e1ximo el tiempo en pista en el arranque de los \u00faltimos entrenamientos de la temporada 2019.","og_url":"https:\/\/www.boxrepsol.com\/es\/motogp\/los-test-continuan-jerez-equipo-repsol-honda\/","og_site_name":"Box Repsol","article_publisher":"https:\/\/www.facebook.com\/BoxRepsol","article_author":"https:\/\/www.facebook.com\/BoxRepsol\/","article_published_time":"2019-11-26T02:00:00+00:00","article_modified_time":"2024-04-22T12:17:12+00:00","og_image":[{"width":1280,"height":600,"url":"https:\/\/bxrepsol.s3.eu-west-1.amazonaws.com\/static\/2022\/08\/29090849\/00_marc_marquez_test_jerez_2019_repsol_honda_pit_lane.jpg","type":"image\/jpeg"}],"author":"Redacci\u00f3n Box Repsol","twitter_card":"summary_large_image","twitter_creator":"@https:\/\/twitter.com\/box_repsol","twitter_site":"@box_repsol","twitter_misc":{"Written by":"Redacci\u00f3n Box Repsol","Est. reading time":"3 minutos"},"schema":{"@context":"https:\/\/schema.org","@graph":[{"@type":"Article","@id":"https:\/\/www.boxrepsol.com\/es\/motogp\/los-test-continuan-jerez-equipo-repsol-honda\/#article","isPartOf":{"@id":"https:\/\/www.boxrepsol.com\/es\/motogp\/los-test-continuan-jerez-equipo-repsol-honda\/"},"author":{"name":"Redacci\u00f3n Box Repsol","@id":"https:\/\/www.boxrepsol.com\/es\/#\/schema\/person\/c5c2138f2cca251b0ad92b7086bb60b7"},"headline":"Los test contin\u00faan en Jerez para el equipo Repsol Honda","datePublished":"2019-11-26T02:00:00+00:00","dateModified":"2024-04-22T12:17:12+00:00","mainEntityOfPage":{"@id":"https:\/\/www.boxrepsol.com\/es\/motogp\/los-test-continuan-jerez-equipo-repsol-honda\/"},"wordCount":527,"commentCount":0,"publisher":{"@id":"https:\/\/www.boxrepsol.com\/es\/#organization"},"image":{"@id":"https:\/\/www.boxrepsol.com\/es\/motogp\/los-test-continuan-jerez-equipo-repsol-honda\/#primaryimage"},"thumbnailUrl":"https:\/\/bxrepsol.s3.eu-west-1.amazonaws.com\/static\/2022\/08\/29090849\/00_marc_marquez_test_jerez_2019_repsol_honda_pit_lane.jpg","keywords":["pretemporada"],"articleSection":["MotoGP"],"inLanguage":"es","potentialAction":[{"@type":"CommentAction","name":"Comment","target":["https:\/\/www.boxrepsol.com\/es\/motogp\/los-test-continuan-jerez-equipo-repsol-honda\/#respond"]}]},{"@type":"WebPage","@id":"https:\/\/www.boxrepsol.com\/es\/motogp\/los-test-continuan-jerez-equipo-repsol-honda\/","url":"https:\/\/www.boxrepsol.com\/es\/motogp\/los-test-continuan-jerez-equipo-repsol-honda\/","name":"Test Jerez 2019 - Los test contin\u00faan en Jerez para el equipo Repsol Honda","isPartOf":{"@id":"https:\/\/www.boxrepsol.com\/es\/#website"},"primaryImageOfPage":{"@id":"https:\/\/www.boxrepsol.com\/es\/motogp\/los-test-continuan-jerez-equipo-repsol-honda\/#primaryimage"},"image":{"@id":"https:\/\/www.boxrepsol.com\/es\/motogp\/los-test-continuan-jerez-equipo-repsol-honda\/#primaryimage"},"thumbnailUrl":"https:\/\/bxrepsol.s3.eu-west-1.amazonaws.com\/static\/2022\/08\/29090849\/00_marc_marquez_test_jerez_2019_repsol_honda_pit_lane.jpg","datePublished":"2019-11-26T02:00:00+00:00","dateModified":"2024-04-22T12:17:12+00:00","description":"Con 139 vueltas completadas, el Repsol Honda ha aprovechado al m\u00e1ximo el tiempo en pista en el arranque de los \u00faltimos entrenamientos de la temporada 2019.","breadcrumb":{"@id":"https:\/\/www.boxrepsol.com\/es\/motogp\/los-test-continuan-jerez-equipo-repsol-honda\/#breadcrumb"},"inLanguage":"es","potentialAction":[{"@type":"ReadAction","target":["https:\/\/www.boxrepsol.com\/es\/motogp\/los-test-continuan-jerez-equipo-repsol-honda\/"]}]},{"@type":"ImageObject","inLanguage":"es","@id":"https:\/\/www.boxrepsol.com\/es\/motogp\/los-test-continuan-jerez-equipo-repsol-honda\/#primaryimage","url":"https:\/\/bxrepsol.s3.eu-west-1.amazonaws.com\/static\/2022\/08\/29090849\/00_marc_marquez_test_jerez_2019_repsol_honda_pit_lane.jpg","contentUrl":"https:\/\/bxrepsol.s3.eu-west-1.amazonaws.com\/static\/2022\/08\/29090849\/00_marc_marquez_test_jerez_2019_repsol_honda_pit_lane.jpg","width":1280,"height":600,"caption":"Marc M\u00e1rquez sacando la moto ayudado por sus mec\u00e1nicos"},{"@type":"BreadcrumbList","@id":"https:\/\/www.boxrepsol.com\/es\/motogp\/los-test-continuan-jerez-equipo-repsol-honda\/#breadcrumb","itemListElement":[{"@type":"ListItem","position":1,"name":"Home","item":"https:\/\/www.boxrepsol.com\/es\/"},{"@type":"ListItem","position":2,"name":"Los test contin\u00faan en Jerez para el equipo Repsol Honda"}]},{"@type":"WebSite","@id":"https:\/\/www.boxrepsol.com\/es\/#website","url":"https:\/\/www.boxrepsol.com\/es\/","name":"Box Repsol","description":"Box Repsol Site","publisher":{"@id":"https:\/\/www.boxrepsol.com\/es\/#organization"},"potentialAction":[{"@type":"SearchAction","target":{"@type":"EntryPoint","urlTemplate":"https:\/\/www.boxrepsol.com\/es\/?s={search_term_string}"},"query-input":{"@type":"PropertyValueSpecification","valueRequired":true,"valueName":"search_term_string"}}],"inLanguage":"es"},{"@type":"Organization","@id":"https:\/\/www.boxrepsol.com\/es\/#organization","name":"Box Repsol","url":"https:\/\/www.boxrepsol.com\/es\/","logo":{"@type":"ImageObject","inLanguage":"es","@id":"https:\/\/www.boxrepsol.com\/es\/#\/schema\/logo\/image\/","url":"https:\/\/bxrepsol.s3.eu-west-1.amazonaws.com\/static\/2025\/07\/30083337\/favicon-96x96-1.png","contentUrl":"https:\/\/bxrepsol.s3.eu-west-1.amazonaws.com\/static\/2025\/07\/30083337\/favicon-96x96-1.png","width":96,"height":96,"caption":"Box Repsol"},"image":{"@id":"https:\/\/www.boxrepsol.com\/es\/#\/schema\/logo\/image\/"},"sameAs":["https:\/\/www.facebook.com\/BoxRepsol","https:\/\/x.com\/box_repsol","http:\/\/instagram.com\/box_repsol","https:\/\/www.youtube.com\/user\/RepsolCompeticion","https:\/\/www.flickr.com\/photos\/box_repsol\/"]},{"@type":"Person","@id":"https:\/\/www.boxrepsol.com\/es\/#\/schema\/person\/c5c2138f2cca251b0ad92b7086bb60b7","name":"Redacci\u00f3n Box Repsol","image":{"@type":"ImageObject","inLanguage":"es","@id":"https:\/\/secure.gravatar.com\/avatar\/adf7b77e38b4419baf32c7e9c21dde01f4e40df611f0978e3006fc4ba0aaab7e?s=96&d=mm&r=g","url":"https:\/\/secure.gravatar.com\/avatar\/adf7b77e38b4419baf32c7e9c21dde01f4e40df611f0978e3006fc4ba0aaab7e?s=96&d=mm&r=g","contentUrl":"https:\/\/secure.gravatar.com\/avatar\/adf7b77e38b4419baf32c7e9c21dde01f4e40df611f0978e3006fc4ba0aaab7e?s=96&d=mm&r=g","caption":"Redacci\u00f3n Box Repsol"},"description":"Box Repsol lo forma un equipo de periodistas, community managers, dise\u00f1adores y fot\u00f3grafos con m\u00e1s de 20 a\u00f1os de experiencia en el mundo del motorsport. Hemos vivido el primer mundial de un espa\u00f1ol en la categor\u00eda reina de motociclismo con \u00c1lex Crivill\u00e9, estuvimos en las victorias de Pedrosa y los t\u00edtulos de M\u00e1rquez, acompa\u00f1amos en \u00c1frica a Nani Roma y Marc Coma en sus conquistas del Dakar y hemos vibrado con los t\u00edtulos de Toni Bou en Trial. Adem\u00e1s, en nuestro equipo contamos con expertos en el mundo de las dos y cuatro ruedas tanto de la calle y las carreteras, como de los circuitos. Periodistas que han trabajado en revistas y publicaciones para hacerte llegar desde rutas y consejos de mantenimiento, a curiosidades y trucos de pilotaje.","sameAs":["https:\/\/www.facebook.com\/BoxRepsol\/","https:\/\/www.instagram.com\/box_repsol\/","https:\/\/x.com\/https:\/\/twitter.com\/box_repsol","https:\/\/www.youtube.com\/@Boxrepsol"],"url":"https:\/\/www.boxrepsol.com\/es\/author\/redaccion-box-repsol\/"}]}},"_links":{"self":[{"href":"https:\/\/www.boxrepsol.com\/es\/wp-json\/wp\/v2\/posts\/94296","targetHints":{"allow":["GET"]}}],"collection":[{"href":"https:\/\/www.boxrepsol.com\/es\/wp-json\/wp\/v2\/posts"}],"about":[{"href":"https:\/\/www.boxrepsol.com\/es\/wp-json\/wp\/v2\/types\/post"}],"author":[{"embeddable":true,"href":"https:\/\/www.boxrepsol.com\/es\/wp-json\/wp\/v2\/users\/43146"}],"replies":[{"embeddable":true,"href":"https:\/\/www.boxrepsol.com\/es\/wp-json\/wp\/v2\/comments?post=94296"}],"version-history":[{"count":1,"href":"https:\/\/www.boxrepsol.com\/es\/wp-json\/wp\/v2\/posts\/94296\/revisions"}],"predecessor-version":[{"id":94297,"href":"https:\/\/www.boxrepsol.com\/es\/wp-json\/wp\/v2\/posts\/94296\/revisions\/94297"}],"wp:featuredmedia":[{"embeddable":true,"href":"https:\/\/www.boxrepsol.com\/es\/wp-json\/wp\/v2\/media\/63218"}],"wp:attachment":[{"href":"https:\/\/www.boxrepsol.com\/es\/wp-json\/wp\/v2\/media?parent=94296"}],"wp:term":[{"taxonomy":"category","embeddable":true,"href":"https:\/\/www.boxrepsol.com\/es\/wp-json\/wp\/v2\/categories?post=94296"},{"taxonomy":"post_tag","embeddable":true,"href":"https:\/\/www.boxrepsol.com\/es\/wp-json\/wp\/v2\/tags?post=94296"}],"curies":[{"name":"wp","href":"https:\/\/api.w.org\/{rel}","templated":true}]}}