{"id":94288,"date":"2019-11-21T00:00:00","date_gmt":"2019-11-21T02:00:00","guid":{"rendered":"http:\/\/pre.boxrepsol.com\/sin-categorizar\/marquez-anfitrion-la-exposicion-monos-competicion-corte-ingles\/"},"modified":"2024-10-03T06:52:17","modified_gmt":"2024-10-03T08:52:17","slug":"marquez-anfitrion-la-exposicion-monos-competicion-corte-ingles","status":"publish","type":"post","link":"https:\/\/www.boxrepsol.com\/es\/motogp\/marquez-anfitrion-la-exposicion-monos-competicion-corte-ingles\/","title":{"rendered":"M\u00e1rquez, anfitri\u00f3n de la exposici\u00f3n de monos de competici\u00f3n en El Corte Ingl\u00e9s"},"content":{"rendered":"<p>Repsol ha vuelto a llevar su 50 aniversario en competici\u00f3n a las calles, esta vez a las de Madrid, gracias a una <strong>exposici\u00f3n de equipaciones de distintas especialidades<\/strong>, que durante una semana se exhibir\u00e1n en los escaparates del Corte Ingl\u00e9s situado en la calle Preciados, en el centro de Madrid. Y<strong> nadie mejor que Marc M\u00e1rquez para dar el pistoletazo de salida a la muestra<\/strong>, que a trav\u00e9s de los monos que vistieron pilotos como \u00c1ngel Nieto o Carlos Sainz, repasa el 50 aniversario de la compa\u00f1\u00eda energ\u00e9tica apoyando los deportes de motor.<\/p>\n<p>Si hace unos meses fueron <a href=\"https:\/\/www.boxrepsol.com\/es\/de-leyenda\/hacen-los-vehiculos-repsol-paseo-gracia-barcelona\/\">las calles de Barcelona<\/a> las que se llenaron de coches y motos de las \u00faltimas cinco d\u00e9cadas de Repsol en competici\u00f3n, esta vez es el centro de Madrid el que alberga otra muestra de esta historia. <strong>Ser\u00e1n 10 los monos expuestos de diferentes modalidades del mundo del motor<\/strong>: del Mundial de Motociclismo (Marc M\u00e1rquez, Dani Pedrosa, \u00c1lex Crivill\u00e9 y \u00c1ngel Nieto), de la F\u00f3rmula 1 (Pedro Mart\u00ednez de la Rosa), del Mundial de Rallys (Carlos Sainz), del Campeonato del Mundo de Trial (Toni Bou y Laia Sanz), del Rally Dakar (Nani Roma) y de la aviaci\u00f3n deportiva (Juan Velarde).<\/p>\n<p>En los pr\u00f3ximos meses, la exposici\u00f3n viajar\u00e1 por los distintos centros de El Corte Ingl\u00e9s en Espa\u00f1a, para detenerse en ciudades como Valencia, M\u00e1laga o Barcelona, entre otras.<\/p>\n","protected":false},"excerpt":{"rendered":"<p>El ocho veces Campe\u00f3n del Mundo de MotoGP Marc M\u00e1rquez ha sido el anfitri\u00f3n de una colecci\u00f3n de monos de los 50 a\u00f1os de Repsol apoyando los deportes de motor<\/p>\n","protected":false},"author":43146,"featured_media":63183,"comment_status":"open","ping_status":"open","sticky":false,"template":"","format":"standard","meta":{"footnotes":""},"categories":[4],"tags":[6,158],"class_list":["post-94288","post","type-post","status-publish","format-standard","hentry","category-motogp","tag-marc-marquez","tag-repsol"],"yoast_head":"<!-- This site is optimized with the Yoast SEO plugin v27.3 - https:\/\/yoast.com\/product\/yoast-seo-wordpress\/ -->\n<title>M\u00e1rquez, anfitri\u00f3n de la exposici\u00f3n de monos de competici\u00f3n en El Corte Ingl\u00e9s - Box Repsol<\/title>\n<meta name=\"description\" content=\"El ocho veces Campe\u00f3n del Mundo de MotoGP Marc M\u00e1rquez ha sido el anfitri\u00f3n de una colecci\u00f3n de monos de los 50 a\u00f1os de Repsol apoyando el motor.\" \/>\n<link rel=\"canonical\" href=\"https:\/\/www.boxrepsol.com\/es\/motogp\/marquez-anfitrion-la-exposicion-monos-competicion-corte-ingles\/\" \/>\n<meta property=\"og:locale\" content=\"es_ES\" \/>\n<meta property=\"og:type\" content=\"article\" \/>\n<meta property=\"og:title\" content=\"M\u00e1rquez, anfitri\u00f3n de la exposici\u00f3n de monos de competici\u00f3n en El Corte Ingl\u00e9s - Box Repsol\" \/>\n<meta property=\"og:description\" content=\"El ocho veces Campe\u00f3n del Mundo de MotoGP Marc M\u00e1rquez ha sido el anfitri\u00f3n de una colecci\u00f3n de monos de los 50 a\u00f1os de Repsol apoyando el motor.\" \/>\n<meta property=\"og:url\" content=\"https:\/\/www.boxrepsol.com\/es\/motogp\/marquez-anfitrion-la-exposicion-monos-competicion-corte-ingles\/\" \/>\n<meta property=\"og:site_name\" content=\"Box Repsol\" \/>\n<meta property=\"article:publisher\" content=\"https:\/\/www.facebook.com\/BoxRepsol\" \/>\n<meta property=\"article:author\" content=\"https:\/\/www.facebook.com\/BoxRepsol\/\" \/>\n<meta property=\"article:published_time\" content=\"2019-11-21T02:00:00+00:00\" \/>\n<meta property=\"article:modified_time\" content=\"2024-10-03T08:52:17+00:00\" \/>\n<meta property=\"og:image\" content=\"https:\/\/bxrepsol.s3.eu-west-1.amazonaws.com\/static\/2022\/08\/29090821\/00_marc_marquez_exposicion_monos_cayao_corte_ingles.jpg\" \/>\n\t<meta property=\"og:image:width\" content=\"1280\" \/>\n\t<meta property=\"og:image:height\" content=\"600\" \/>\n\t<meta property=\"og:image:type\" content=\"image\/jpeg\" \/>\n<meta name=\"author\" content=\"Redacci\u00f3n Box Repsol\" \/>\n<meta name=\"twitter:card\" content=\"summary_large_image\" \/>\n<meta name=\"twitter:creator\" content=\"@https:\/\/twitter.com\/box_repsol\" \/>\n<meta name=\"twitter:site\" content=\"@box_repsol\" \/>\n<meta name=\"twitter:label1\" content=\"Written by\" \/>\n\t<meta name=\"twitter:data1\" content=\"Redacci\u00f3n Box Repsol\" \/>\n\t<meta name=\"twitter:label2\" content=\"Est. reading time\" \/>\n\t<meta name=\"twitter:data2\" content=\"1 minuto\" \/>\n<script type=\"application\/ld+json\" class=\"yoast-schema-graph\">{\"@context\":\"https:\\\/\\\/schema.org\",\"@graph\":[{\"@type\":\"Article\",\"@id\":\"https:\\\/\\\/www.boxrepsol.com\\\/es\\\/motogp\\\/marquez-anfitrion-la-exposicion-monos-competicion-corte-ingles\\\/#article\",\"isPartOf\":{\"@id\":\"https:\\\/\\\/www.boxrepsol.com\\\/es\\\/motogp\\\/marquez-anfitrion-la-exposicion-monos-competicion-corte-ingles\\\/\"},\"author\":{\"name\":\"Redacci\u00f3n Box Repsol\",\"@id\":\"https:\\\/\\\/www.boxrepsol.com\\\/es\\\/#\\\/schema\\\/person\\\/c5c2138f2cca251b0ad92b7086bb60b7\"},\"headline\":\"M\u00e1rquez, anfitri\u00f3n de la exposici\u00f3n de monos de competici\u00f3n en El Corte Ingl\u00e9s\",\"datePublished\":\"2019-11-21T02:00:00+00:00\",\"dateModified\":\"2024-10-03T08:52:17+00:00\",\"mainEntityOfPage\":{\"@id\":\"https:\\\/\\\/www.boxrepsol.com\\\/es\\\/motogp\\\/marquez-anfitrion-la-exposicion-monos-competicion-corte-ingles\\\/\"},\"wordCount\":259,\"commentCount\":0,\"publisher\":{\"@id\":\"https:\\\/\\\/www.boxrepsol.com\\\/es\\\/#organization\"},\"image\":{\"@id\":\"https:\\\/\\\/www.boxrepsol.com\\\/es\\\/motogp\\\/marquez-anfitrion-la-exposicion-monos-competicion-corte-ingles\\\/#primaryimage\"},\"thumbnailUrl\":\"https:\\\/\\\/bxrepsol.s3.eu-west-1.amazonaws.com\\\/static\\\/2022\\\/08\\\/29090821\\\/00_marc_marquez_exposicion_monos_cayao_corte_ingles.jpg\",\"keywords\":[\"Marc M\u00e1rquez\",\"Repsol\"],\"articleSection\":[\"MotoGP\"],\"inLanguage\":\"es\",\"potentialAction\":[{\"@type\":\"CommentAction\",\"name\":\"Comment\",\"target\":[\"https:\\\/\\\/www.boxrepsol.com\\\/es\\\/motogp\\\/marquez-anfitrion-la-exposicion-monos-competicion-corte-ingles\\\/#respond\"]}]},{\"@type\":\"WebPage\",\"@id\":\"https:\\\/\\\/www.boxrepsol.com\\\/es\\\/motogp\\\/marquez-anfitrion-la-exposicion-monos-competicion-corte-ingles\\\/\",\"url\":\"https:\\\/\\\/www.boxrepsol.com\\\/es\\\/motogp\\\/marquez-anfitrion-la-exposicion-monos-competicion-corte-ingles\\\/\",\"name\":\"M\u00e1rquez, anfitri\u00f3n de la exposici\u00f3n de monos de competici\u00f3n en El Corte Ingl\u00e9s - Box Repsol\",\"isPartOf\":{\"@id\":\"https:\\\/\\\/www.boxrepsol.com\\\/es\\\/#website\"},\"primaryImageOfPage\":{\"@id\":\"https:\\\/\\\/www.boxrepsol.com\\\/es\\\/motogp\\\/marquez-anfitrion-la-exposicion-monos-competicion-corte-ingles\\\/#primaryimage\"},\"image\":{\"@id\":\"https:\\\/\\\/www.boxrepsol.com\\\/es\\\/motogp\\\/marquez-anfitrion-la-exposicion-monos-competicion-corte-ingles\\\/#primaryimage\"},\"thumbnailUrl\":\"https:\\\/\\\/bxrepsol.s3.eu-west-1.amazonaws.com\\\/static\\\/2022\\\/08\\\/29090821\\\/00_marc_marquez_exposicion_monos_cayao_corte_ingles.jpg\",\"datePublished\":\"2019-11-21T02:00:00+00:00\",\"dateModified\":\"2024-10-03T08:52:17+00:00\",\"description\":\"El ocho veces Campe\u00f3n del Mundo de MotoGP Marc M\u00e1rquez ha sido el anfitri\u00f3n de una colecci\u00f3n de monos de los 50 a\u00f1os de Repsol apoyando el motor.\",\"breadcrumb\":{\"@id\":\"https:\\\/\\\/www.boxrepsol.com\\\/es\\\/motogp\\\/marquez-anfitrion-la-exposicion-monos-competicion-corte-ingles\\\/#breadcrumb\"},\"inLanguage\":\"es\",\"potentialAction\":[{\"@type\":\"ReadAction\",\"target\":[\"https:\\\/\\\/www.boxrepsol.com\\\/es\\\/motogp\\\/marquez-anfitrion-la-exposicion-monos-competicion-corte-ingles\\\/\"]}]},{\"@type\":\"ImageObject\",\"inLanguage\":\"es\",\"@id\":\"https:\\\/\\\/www.boxrepsol.com\\\/es\\\/motogp\\\/marquez-anfitrion-la-exposicion-monos-competicion-corte-ingles\\\/#primaryimage\",\"url\":\"https:\\\/\\\/bxrepsol.s3.eu-west-1.amazonaws.com\\\/static\\\/2022\\\/08\\\/29090821\\\/00_marc_marquez_exposicion_monos_cayao_corte_ingles.jpg\",\"contentUrl\":\"https:\\\/\\\/bxrepsol.s3.eu-west-1.amazonaws.com\\\/static\\\/2022\\\/08\\\/29090821\\\/00_marc_marquez_exposicion_monos_cayao_corte_ingles.jpg\",\"width\":1280,\"height\":600,\"caption\":\"Marc M\u00e1rquez haciendo el saludo en V en exposici\u00f3n de monos de competici\u00f3n.\"},{\"@type\":\"BreadcrumbList\",\"@id\":\"https:\\\/\\\/www.boxrepsol.com\\\/es\\\/motogp\\\/marquez-anfitrion-la-exposicion-monos-competicion-corte-ingles\\\/#breadcrumb\",\"itemListElement\":[{\"@type\":\"ListItem\",\"position\":1,\"name\":\"Home\",\"item\":\"https:\\\/\\\/www.boxrepsol.com\\\/es\\\/\"},{\"@type\":\"ListItem\",\"position\":2,\"name\":\"M\u00e1rquez, anfitri\u00f3n de la exposici\u00f3n de monos de competici\u00f3n en El Corte Ingl\u00e9s\"}]},{\"@type\":\"WebSite\",\"@id\":\"https:\\\/\\\/www.boxrepsol.com\\\/es\\\/#website\",\"url\":\"https:\\\/\\\/www.boxrepsol.com\\\/es\\\/\",\"name\":\"Box Repsol\",\"description\":\"Box Repsol Site\",\"publisher\":{\"@id\":\"https:\\\/\\\/www.boxrepsol.com\\\/es\\\/#organization\"},\"potentialAction\":[{\"@type\":\"SearchAction\",\"target\":{\"@type\":\"EntryPoint\",\"urlTemplate\":\"https:\\\/\\\/www.boxrepsol.com\\\/es\\\/?s={search_term_string}\"},\"query-input\":{\"@type\":\"PropertyValueSpecification\",\"valueRequired\":true,\"valueName\":\"search_term_string\"}}],\"inLanguage\":\"es\"},{\"@type\":\"Organization\",\"@id\":\"https:\\\/\\\/www.boxrepsol.com\\\/es\\\/#organization\",\"name\":\"Box Repsol\",\"url\":\"https:\\\/\\\/www.boxrepsol.com\\\/es\\\/\",\"logo\":{\"@type\":\"ImageObject\",\"inLanguage\":\"es\",\"@id\":\"https:\\\/\\\/www.boxrepsol.com\\\/es\\\/#\\\/schema\\\/logo\\\/image\\\/\",\"url\":\"https:\\\/\\\/bxrepsol.s3.eu-west-1.amazonaws.com\\\/static\\\/2025\\\/07\\\/30083337\\\/favicon-96x96-1.png\",\"contentUrl\":\"https:\\\/\\\/bxrepsol.s3.eu-west-1.amazonaws.com\\\/static\\\/2025\\\/07\\\/30083337\\\/favicon-96x96-1.png\",\"width\":96,\"height\":96,\"caption\":\"Box Repsol\"},\"image\":{\"@id\":\"https:\\\/\\\/www.boxrepsol.com\\\/es\\\/#\\\/schema\\\/logo\\\/image\\\/\"},\"sameAs\":[\"https:\\\/\\\/www.facebook.com\\\/BoxRepsol\",\"https:\\\/\\\/x.com\\\/box_repsol\",\"http:\\\/\\\/instagram.com\\\/box_repsol\",\"https:\\\/\\\/www.youtube.com\\\/user\\\/RepsolCompeticion\",\"https:\\\/\\\/www.flickr.com\\\/photos\\\/box_repsol\\\/\"]},{\"@type\":\"Person\",\"@id\":\"https:\\\/\\\/www.boxrepsol.com\\\/es\\\/#\\\/schema\\\/person\\\/c5c2138f2cca251b0ad92b7086bb60b7\",\"name\":\"Redacci\u00f3n Box Repsol\",\"image\":{\"@type\":\"ImageObject\",\"inLanguage\":\"es\",\"@id\":\"https:\\\/\\\/secure.gravatar.com\\\/avatar\\\/adf7b77e38b4419baf32c7e9c21dde01f4e40df611f0978e3006fc4ba0aaab7e?s=96&d=mm&r=g\",\"url\":\"https:\\\/\\\/secure.gravatar.com\\\/avatar\\\/adf7b77e38b4419baf32c7e9c21dde01f4e40df611f0978e3006fc4ba0aaab7e?s=96&d=mm&r=g\",\"contentUrl\":\"https:\\\/\\\/secure.gravatar.com\\\/avatar\\\/adf7b77e38b4419baf32c7e9c21dde01f4e40df611f0978e3006fc4ba0aaab7e?s=96&d=mm&r=g\",\"caption\":\"Redacci\u00f3n Box Repsol\"},\"description\":\"Box Repsol lo forma un equipo de periodistas, community managers, dise\u00f1adores y fot\u00f3grafos con m\u00e1s de 20 a\u00f1os de experiencia en el mundo del motorsport. Hemos vivido el primer mundial de un espa\u00f1ol en la categor\u00eda reina de motociclismo con \u00c1lex Crivill\u00e9, estuvimos en las victorias de Pedrosa y los t\u00edtulos de M\u00e1rquez, acompa\u00f1amos en \u00c1frica a Nani Roma y Marc Coma en sus conquistas del Dakar y hemos vibrado con los t\u00edtulos de Toni Bou en Trial. Adem\u00e1s, en nuestro equipo contamos con expertos en el mundo de las dos y cuatro ruedas tanto de la calle y las carreteras, como de los circuitos. Periodistas que han trabajado en revistas y publicaciones para hacerte llegar desde rutas y consejos de mantenimiento, a curiosidades y trucos de pilotaje.\",\"sameAs\":[\"https:\\\/\\\/www.facebook.com\\\/BoxRepsol\\\/\",\"https:\\\/\\\/www.instagram.com\\\/box_repsol\\\/\",\"https:\\\/\\\/x.com\\\/https:\\\/\\\/twitter.com\\\/box_repsol\",\"https:\\\/\\\/www.youtube.com\\\/@Boxrepsol\"],\"url\":\"https:\\\/\\\/www.boxrepsol.com\\\/es\\\/author\\\/redaccion-box-repsol\\\/\"}]}<\/script>\n<!-- \/ Yoast SEO plugin. -->","yoast_head_json":{"title":"M\u00e1rquez, anfitri\u00f3n de la exposici\u00f3n de monos de competici\u00f3n en El Corte Ingl\u00e9s - Box Repsol","description":"El ocho veces Campe\u00f3n del Mundo de MotoGP Marc M\u00e1rquez ha sido el anfitri\u00f3n de una colecci\u00f3n de monos de los 50 a\u00f1os de Repsol apoyando el motor.","canonical":"https:\/\/www.boxrepsol.com\/es\/motogp\/marquez-anfitrion-la-exposicion-monos-competicion-corte-ingles\/","og_locale":"es_ES","og_type":"article","og_title":"M\u00e1rquez, anfitri\u00f3n de la exposici\u00f3n de monos de competici\u00f3n en El Corte Ingl\u00e9s - Box Repsol","og_description":"El ocho veces Campe\u00f3n del Mundo de MotoGP Marc M\u00e1rquez ha sido el anfitri\u00f3n de una colecci\u00f3n de monos de los 50 a\u00f1os de Repsol apoyando el motor.","og_url":"https:\/\/www.boxrepsol.com\/es\/motogp\/marquez-anfitrion-la-exposicion-monos-competicion-corte-ingles\/","og_site_name":"Box Repsol","article_publisher":"https:\/\/www.facebook.com\/BoxRepsol","article_author":"https:\/\/www.facebook.com\/BoxRepsol\/","article_published_time":"2019-11-21T02:00:00+00:00","article_modified_time":"2024-10-03T08:52:17+00:00","og_image":[{"width":1280,"height":600,"url":"https:\/\/bxrepsol.s3.eu-west-1.amazonaws.com\/static\/2022\/08\/29090821\/00_marc_marquez_exposicion_monos_cayao_corte_ingles.jpg","type":"image\/jpeg"}],"author":"Redacci\u00f3n Box Repsol","twitter_card":"summary_large_image","twitter_creator":"@https:\/\/twitter.com\/box_repsol","twitter_site":"@box_repsol","twitter_misc":{"Written by":"Redacci\u00f3n Box Repsol","Est. reading time":"1 minuto"},"schema":{"@context":"https:\/\/schema.org","@graph":[{"@type":"Article","@id":"https:\/\/www.boxrepsol.com\/es\/motogp\/marquez-anfitrion-la-exposicion-monos-competicion-corte-ingles\/#article","isPartOf":{"@id":"https:\/\/www.boxrepsol.com\/es\/motogp\/marquez-anfitrion-la-exposicion-monos-competicion-corte-ingles\/"},"author":{"name":"Redacci\u00f3n Box Repsol","@id":"https:\/\/www.boxrepsol.com\/es\/#\/schema\/person\/c5c2138f2cca251b0ad92b7086bb60b7"},"headline":"M\u00e1rquez, anfitri\u00f3n de la exposici\u00f3n de monos de competici\u00f3n en El Corte Ingl\u00e9s","datePublished":"2019-11-21T02:00:00+00:00","dateModified":"2024-10-03T08:52:17+00:00","mainEntityOfPage":{"@id":"https:\/\/www.boxrepsol.com\/es\/motogp\/marquez-anfitrion-la-exposicion-monos-competicion-corte-ingles\/"},"wordCount":259,"commentCount":0,"publisher":{"@id":"https:\/\/www.boxrepsol.com\/es\/#organization"},"image":{"@id":"https:\/\/www.boxrepsol.com\/es\/motogp\/marquez-anfitrion-la-exposicion-monos-competicion-corte-ingles\/#primaryimage"},"thumbnailUrl":"https:\/\/bxrepsol.s3.eu-west-1.amazonaws.com\/static\/2022\/08\/29090821\/00_marc_marquez_exposicion_monos_cayao_corte_ingles.jpg","keywords":["Marc M\u00e1rquez","Repsol"],"articleSection":["MotoGP"],"inLanguage":"es","potentialAction":[{"@type":"CommentAction","name":"Comment","target":["https:\/\/www.boxrepsol.com\/es\/motogp\/marquez-anfitrion-la-exposicion-monos-competicion-corte-ingles\/#respond"]}]},{"@type":"WebPage","@id":"https:\/\/www.boxrepsol.com\/es\/motogp\/marquez-anfitrion-la-exposicion-monos-competicion-corte-ingles\/","url":"https:\/\/www.boxrepsol.com\/es\/motogp\/marquez-anfitrion-la-exposicion-monos-competicion-corte-ingles\/","name":"M\u00e1rquez, anfitri\u00f3n de la exposici\u00f3n de monos de competici\u00f3n en El Corte Ingl\u00e9s - Box Repsol","isPartOf":{"@id":"https:\/\/www.boxrepsol.com\/es\/#website"},"primaryImageOfPage":{"@id":"https:\/\/www.boxrepsol.com\/es\/motogp\/marquez-anfitrion-la-exposicion-monos-competicion-corte-ingles\/#primaryimage"},"image":{"@id":"https:\/\/www.boxrepsol.com\/es\/motogp\/marquez-anfitrion-la-exposicion-monos-competicion-corte-ingles\/#primaryimage"},"thumbnailUrl":"https:\/\/bxrepsol.s3.eu-west-1.amazonaws.com\/static\/2022\/08\/29090821\/00_marc_marquez_exposicion_monos_cayao_corte_ingles.jpg","datePublished":"2019-11-21T02:00:00+00:00","dateModified":"2024-10-03T08:52:17+00:00","description":"El ocho veces Campe\u00f3n del Mundo de MotoGP Marc M\u00e1rquez ha sido el anfitri\u00f3n de una colecci\u00f3n de monos de los 50 a\u00f1os de Repsol apoyando el motor.","breadcrumb":{"@id":"https:\/\/www.boxrepsol.com\/es\/motogp\/marquez-anfitrion-la-exposicion-monos-competicion-corte-ingles\/#breadcrumb"},"inLanguage":"es","potentialAction":[{"@type":"ReadAction","target":["https:\/\/www.boxrepsol.com\/es\/motogp\/marquez-anfitrion-la-exposicion-monos-competicion-corte-ingles\/"]}]},{"@type":"ImageObject","inLanguage":"es","@id":"https:\/\/www.boxrepsol.com\/es\/motogp\/marquez-anfitrion-la-exposicion-monos-competicion-corte-ingles\/#primaryimage","url":"https:\/\/bxrepsol.s3.eu-west-1.amazonaws.com\/static\/2022\/08\/29090821\/00_marc_marquez_exposicion_monos_cayao_corte_ingles.jpg","contentUrl":"https:\/\/bxrepsol.s3.eu-west-1.amazonaws.com\/static\/2022\/08\/29090821\/00_marc_marquez_exposicion_monos_cayao_corte_ingles.jpg","width":1280,"height":600,"caption":"Marc M\u00e1rquez haciendo el saludo en V en exposici\u00f3n de monos de competici\u00f3n."},{"@type":"BreadcrumbList","@id":"https:\/\/www.boxrepsol.com\/es\/motogp\/marquez-anfitrion-la-exposicion-monos-competicion-corte-ingles\/#breadcrumb","itemListElement":[{"@type":"ListItem","position":1,"name":"Home","item":"https:\/\/www.boxrepsol.com\/es\/"},{"@type":"ListItem","position":2,"name":"M\u00e1rquez, anfitri\u00f3n de la exposici\u00f3n de monos de competici\u00f3n en El Corte Ingl\u00e9s"}]},{"@type":"WebSite","@id":"https:\/\/www.boxrepsol.com\/es\/#website","url":"https:\/\/www.boxrepsol.com\/es\/","name":"Box Repsol","description":"Box Repsol Site","publisher":{"@id":"https:\/\/www.boxrepsol.com\/es\/#organization"},"potentialAction":[{"@type":"SearchAction","target":{"@type":"EntryPoint","urlTemplate":"https:\/\/www.boxrepsol.com\/es\/?s={search_term_string}"},"query-input":{"@type":"PropertyValueSpecification","valueRequired":true,"valueName":"search_term_string"}}],"inLanguage":"es"},{"@type":"Organization","@id":"https:\/\/www.boxrepsol.com\/es\/#organization","name":"Box Repsol","url":"https:\/\/www.boxrepsol.com\/es\/","logo":{"@type":"ImageObject","inLanguage":"es","@id":"https:\/\/www.boxrepsol.com\/es\/#\/schema\/logo\/image\/","url":"https:\/\/bxrepsol.s3.eu-west-1.amazonaws.com\/static\/2025\/07\/30083337\/favicon-96x96-1.png","contentUrl":"https:\/\/bxrepsol.s3.eu-west-1.amazonaws.com\/static\/2025\/07\/30083337\/favicon-96x96-1.png","width":96,"height":96,"caption":"Box Repsol"},"image":{"@id":"https:\/\/www.boxrepsol.com\/es\/#\/schema\/logo\/image\/"},"sameAs":["https:\/\/www.facebook.com\/BoxRepsol","https:\/\/x.com\/box_repsol","http:\/\/instagram.com\/box_repsol","https:\/\/www.youtube.com\/user\/RepsolCompeticion","https:\/\/www.flickr.com\/photos\/box_repsol\/"]},{"@type":"Person","@id":"https:\/\/www.boxrepsol.com\/es\/#\/schema\/person\/c5c2138f2cca251b0ad92b7086bb60b7","name":"Redacci\u00f3n Box Repsol","image":{"@type":"ImageObject","inLanguage":"es","@id":"https:\/\/secure.gravatar.com\/avatar\/adf7b77e38b4419baf32c7e9c21dde01f4e40df611f0978e3006fc4ba0aaab7e?s=96&d=mm&r=g","url":"https:\/\/secure.gravatar.com\/avatar\/adf7b77e38b4419baf32c7e9c21dde01f4e40df611f0978e3006fc4ba0aaab7e?s=96&d=mm&r=g","contentUrl":"https:\/\/secure.gravatar.com\/avatar\/adf7b77e38b4419baf32c7e9c21dde01f4e40df611f0978e3006fc4ba0aaab7e?s=96&d=mm&r=g","caption":"Redacci\u00f3n Box Repsol"},"description":"Box Repsol lo forma un equipo de periodistas, community managers, dise\u00f1adores y fot\u00f3grafos con m\u00e1s de 20 a\u00f1os de experiencia en el mundo del motorsport. Hemos vivido el primer mundial de un espa\u00f1ol en la categor\u00eda reina de motociclismo con \u00c1lex Crivill\u00e9, estuvimos en las victorias de Pedrosa y los t\u00edtulos de M\u00e1rquez, acompa\u00f1amos en \u00c1frica a Nani Roma y Marc Coma en sus conquistas del Dakar y hemos vibrado con los t\u00edtulos de Toni Bou en Trial. Adem\u00e1s, en nuestro equipo contamos con expertos en el mundo de las dos y cuatro ruedas tanto de la calle y las carreteras, como de los circuitos. Periodistas que han trabajado en revistas y publicaciones para hacerte llegar desde rutas y consejos de mantenimiento, a curiosidades y trucos de pilotaje.","sameAs":["https:\/\/www.facebook.com\/BoxRepsol\/","https:\/\/www.instagram.com\/box_repsol\/","https:\/\/x.com\/https:\/\/twitter.com\/box_repsol","https:\/\/www.youtube.com\/@Boxrepsol"],"url":"https:\/\/www.boxrepsol.com\/es\/author\/redaccion-box-repsol\/"}]}},"_links":{"self":[{"href":"https:\/\/www.boxrepsol.com\/es\/wp-json\/wp\/v2\/posts\/94288","targetHints":{"allow":["GET"]}}],"collection":[{"href":"https:\/\/www.boxrepsol.com\/es\/wp-json\/wp\/v2\/posts"}],"about":[{"href":"https:\/\/www.boxrepsol.com\/es\/wp-json\/wp\/v2\/types\/post"}],"author":[{"embeddable":true,"href":"https:\/\/www.boxrepsol.com\/es\/wp-json\/wp\/v2\/users\/43146"}],"replies":[{"embeddable":true,"href":"https:\/\/www.boxrepsol.com\/es\/wp-json\/wp\/v2\/comments?post=94288"}],"version-history":[{"count":2,"href":"https:\/\/www.boxrepsol.com\/es\/wp-json\/wp\/v2\/posts\/94288\/revisions"}],"predecessor-version":[{"id":120312,"href":"https:\/\/www.boxrepsol.com\/es\/wp-json\/wp\/v2\/posts\/94288\/revisions\/120312"}],"wp:featuredmedia":[{"embeddable":true,"href":"https:\/\/www.boxrepsol.com\/es\/wp-json\/wp\/v2\/media\/63183"}],"wp:attachment":[{"href":"https:\/\/www.boxrepsol.com\/es\/wp-json\/wp\/v2\/media?parent=94288"}],"wp:term":[{"taxonomy":"category","embeddable":true,"href":"https:\/\/www.boxrepsol.com\/es\/wp-json\/wp\/v2\/categories?post=94288"},{"taxonomy":"post_tag","embeddable":true,"href":"https:\/\/www.boxrepsol.com\/es\/wp-json\/wp\/v2\/tags?post=94288"}],"curies":[{"name":"wp","href":"https:\/\/api.w.org\/{rel}","templated":true}]}}