{"id":94286,"date":"2019-11-21T00:00:00","date_gmt":"2019-11-21T02:00:00","guid":{"rendered":"http:\/\/pre.boxrepsol.com\/sin-categorizar\/equipo-repsol-honda-satisfecho-productivo-test-valencia\/"},"modified":"2024-04-25T06:57:38","modified_gmt":"2024-04-25T08:57:38","slug":"equipo-repsol-honda-satisfecho-productivo-test-valencia","status":"publish","type":"post","link":"https:\/\/www.boxrepsol.com\/es\/motogp\/equipo-repsol-honda-satisfecho-productivo-test-valencia\/","title":{"rendered":"El equipo Repsol Honda, satisfecho con un productivo test en Valencia"},"content":{"rendered":"<p><a title=\"Galer\u00eda Test Valencia 2019\" href=\"https:\/\/www.flickr.com\/photos\/box_repsol\/albums\/72157711862917732\" target=\"_blank\" rel=\"noopener\"><\/p>\n<p>\n            \u00a1Destacamos!\n    <\/p>\n<h2>\n            Galeria Test Valencia 2019        <\/h2>\n<p>Las mejores im\u00e1genes del test de Valencia 2019, con los hermanos M\u00e1rquez y el Equipo Repsol Honda.<\/p>\n<p>        <img decoding=\"async\" src=\"https:\/\/bxrepsol.s3.eu-west-1.amazonaws.com\/static\/2022\/08\/05070609\/00_mm93_test_valencia2.jpg\" alt=\"00_mm93_test_valencia2\"><br \/>\n<\/a><\/p>\n<p><strong>El test de Valencia ha llegado a su fin tras dos productivas jornadas de trabajo <\/strong>disputadas despu\u00e9s de la \u00faltima carrera del a\u00f1o. Pese a que la temperatura ha sido fr\u00eda por las ma\u00f1anas, el tiempo se ha mantenido seco y soleado durante ambos d\u00edas, mejorando notablemente en el segundo.<\/p>\n<p><strong>Completando 131 vueltas entre ayer y hoy, el vigente Campe\u00f3n del Mundo Marc M\u00e1rquez se marcha de Valencia satisfecho<\/strong> con la informaci\u00f3n recopilada de cara a 2020. Tras probar diferentes \u00e1reas y ajustes en la moto, Marc ha terminado el test post temporada como el s\u00e9ptimo piloto m\u00e1s r\u00e1pido gracias a un registro de 1 minuto, 30 segundos y 556 mil\u00e9simas, establecido en el segundo d\u00eda.<\/p>\n<p>En este mi\u00e9rcoles de test en el Circuit Ricardo Tormo, <strong>el debutante en la categor\u00eda reina \u00c1lex M\u00e1rquez ha sumado otras 79 vueltas encima de la RC213V. Mejorando en m\u00e1s de medio segundo su crono del martes<\/strong>, \u00c1lex se dirige a Jerez con ganas de continuar progresando y entendiendo en profundidad la MotoGP.<\/p>\n<p>El equipo Repsol Honda disfrutar\u00e1 de un breve descanso antes de regresar a la acci\u00f3n con Marc M\u00e1rquez y \u00c1lex M\u00e1rquez en Jerez. <strong>Dos d\u00edas de test en el trazado andaluz \u2013 del 25 al 26 de noviembre <\/strong>\u2013 ofrecer\u00e1n a los pilotos e ingenieros una nueva oportunidad de reunir la informaci\u00f3n necesaria para ayudar en el desarrollo de la moto de 2020 durante el invierno.<\/p>\n<p>                <!-- Imagen relacionada --><br \/>\n        <img loading=\"lazy\" decoding=\"async\" width=\"404\" height=\"336\" src=\"https:\/\/bxrepsol.s3.eu-west-1.amazonaws.com\/static\/2022\/08\/29090817\/00_marc_marquez_motogp_alex_marquez_box_repsol_honda-e1574237289658-404x336-2.jpg\" alt=\"\" \/><br \/>\n                <!-- Categor\u00eda --><br \/>\n            MotoGP<br \/>\n        <!-- T\u00edtulo --><br \/>\n        <a href=\"https:\/\/www.boxrepsol.com\/es\/motogp\/la-temporada-2020-arranca-valencia\/\"><\/p>\n<h3>La temporada 2020 arranca en Valencia<\/h3>\n<p>        <\/a><br \/>\n                    <!-- Fecha --><br \/>\n            hace 1 hora        <\/p>\n<h2>Test Valencia 2019 &#8211; Declaraciones de los pilotos<\/h2>\n<p><a href=\"https:\/\/twitter.com\/hashtag\/mm93?src=hash&#038;lang=es\">#MM93<\/a><\/p>\n<p><em><strong>Ha sido un buen test y hemos empezado a entender la moto de 2020<\/strong>, o como m\u00ednimo la primera versi\u00f3n. Hemos probado varias cosas con el motor y el chasis y como siempre ha habido puntos positivos y negativos. Hoy he marcado mi mejor tiempo con la moto prototipo, esto ha sido positivo. <\/p>\n<p><strong>En tan solo cinco d\u00edas estaremos de vuelta al trabajo en Jerez<\/strong>; tengo ganas ya que esto nos ayudar\u00e1 todav\u00eda m\u00e1s a entenderlo todo. El objetivo es confirmar lo que hemos encontrado aqu\u00ed y planificar el desarrollo de este invierno.<\/em><\/p>\n<hr\/>\n<p><a href=\"https:\/\/twitter.com\/hashtag\/am73?src=hash&#038;lang=es\">#AM73<\/a><\/p>\n<p><em><strong>Estoy contento por c\u00f3mo ha ido el test, vuelta a vuelta estamos entendiendo la moto cada vez m\u00e1s<\/strong>. Hoy he completado muchos giros y f\u00edsicamente estoy un poco cansado ya que todav\u00eda piloto algo r\u00edgido, pero esto mejorar\u00e1 con m\u00e1s rodaje. Hemos entrenado mucho con neum\u00e1ticos usados para progresar en nuestro ritmo y aprender mejor el comportamiento de la MotoGP. <\/p>\n<p><strong>Obviamente, todav\u00eda tenemos que mejorar m\u00e1s y trabajar en varios aspectos<\/strong>, pero estoy satisfecho con lo que hemos hecho tanto hoy como durante todo el test. Ahora vamos a Jerez, tengo ganas de volver a rodar despu\u00e9s de disfrutar mucho estos dos d\u00edas.<\/em><\/p>\n","protected":false},"excerpt":{"rendered":"<p>Tras m\u00e1s de 250 vueltas, las pruebas en Valencia terminan para el Repsol Honda, que se dirige ahora a los test de Jerez, \u00faltima cita antes del par\u00f3n de invierno<\/p>\n","protected":false},"author":43146,"featured_media":63178,"comment_status":"open","ping_status":"open","sticky":false,"template":"","format":"standard","meta":{"footnotes":""},"categories":[4],"tags":[15],"class_list":["post-94286","post","type-post","status-publish","format-standard","hentry","category-motogp","tag-pretemporada"],"yoast_head":"<!-- This site is optimized with the Yoast SEO plugin v27.3 - https:\/\/yoast.com\/product\/yoast-seo-wordpress\/ -->\n<title>Test Valencia 2019 - El equipo Repsol Honda, satisfecho con un productivo test<\/title>\n<meta name=\"description\" content=\"Tras m\u00e1s de 250 vueltas, las pruebas en Valencia terminan para el Repsol Honda, que se dirige ahora a los test de Jerez, \u00faltima cita antes del par\u00f3n.\" \/>\n<link rel=\"canonical\" href=\"https:\/\/www.boxrepsol.com\/es\/motogp\/equipo-repsol-honda-satisfecho-productivo-test-valencia\/\" \/>\n<meta property=\"og:locale\" content=\"es_ES\" \/>\n<meta property=\"og:type\" content=\"article\" \/>\n<meta property=\"og:title\" content=\"Test Valencia 2019 - El equipo Repsol Honda, satisfecho con un productivo test\" \/>\n<meta property=\"og:description\" content=\"Tras m\u00e1s de 250 vueltas, las pruebas en Valencia terminan para el Repsol Honda, que se dirige ahora a los test de Jerez, \u00faltima cita antes del par\u00f3n.\" \/>\n<meta property=\"og:url\" content=\"https:\/\/www.boxrepsol.com\/es\/motogp\/equipo-repsol-honda-satisfecho-productivo-test-valencia\/\" \/>\n<meta property=\"og:site_name\" content=\"Box Repsol\" \/>\n<meta property=\"article:publisher\" content=\"https:\/\/www.facebook.com\/BoxRepsol\" \/>\n<meta property=\"article:author\" content=\"https:\/\/www.facebook.com\/BoxRepsol\/\" \/>\n<meta property=\"article:published_time\" content=\"2019-11-21T02:00:00+00:00\" \/>\n<meta property=\"article:modified_time\" content=\"2024-04-25T08:57:38+00:00\" \/>\n<meta property=\"og:image\" content=\"https:\/\/bxrepsol.s3.eu-west-1.amazonaws.com\/static\/2022\/08\/29090818\/01_marc_marquez_alex_marquez_test_valencia_2019.jpg\" \/>\n\t<meta property=\"og:image:width\" content=\"1280\" \/>\n\t<meta property=\"og:image:height\" content=\"600\" \/>\n\t<meta property=\"og:image:type\" content=\"image\/jpeg\" \/>\n<meta name=\"author\" content=\"Redacci\u00f3n Box Repsol\" \/>\n<meta name=\"twitter:card\" content=\"summary_large_image\" \/>\n<meta name=\"twitter:creator\" content=\"@https:\/\/twitter.com\/box_repsol\" \/>\n<meta name=\"twitter:site\" content=\"@box_repsol\" \/>\n<meta name=\"twitter:label1\" content=\"Written by\" \/>\n\t<meta name=\"twitter:data1\" content=\"Redacci\u00f3n Box Repsol\" \/>\n\t<meta name=\"twitter:label2\" content=\"Est. reading time\" \/>\n\t<meta name=\"twitter:data2\" content=\"2 minutos\" \/>\n<script type=\"application\/ld+json\" class=\"yoast-schema-graph\">{\"@context\":\"https:\\\/\\\/schema.org\",\"@graph\":[{\"@type\":\"Article\",\"@id\":\"https:\\\/\\\/www.boxrepsol.com\\\/es\\\/motogp\\\/equipo-repsol-honda-satisfecho-productivo-test-valencia\\\/#article\",\"isPartOf\":{\"@id\":\"https:\\\/\\\/www.boxrepsol.com\\\/es\\\/motogp\\\/equipo-repsol-honda-satisfecho-productivo-test-valencia\\\/\"},\"author\":{\"name\":\"Redacci\u00f3n Box Repsol\",\"@id\":\"https:\\\/\\\/www.boxrepsol.com\\\/es\\\/#\\\/schema\\\/person\\\/c5c2138f2cca251b0ad92b7086bb60b7\"},\"headline\":\"El equipo Repsol Honda, satisfecho con un productivo test en Valencia\",\"datePublished\":\"2019-11-21T02:00:00+00:00\",\"dateModified\":\"2024-04-25T08:57:38+00:00\",\"mainEntityOfPage\":{\"@id\":\"https:\\\/\\\/www.boxrepsol.com\\\/es\\\/motogp\\\/equipo-repsol-honda-satisfecho-productivo-test-valencia\\\/\"},\"wordCount\":509,\"commentCount\":0,\"publisher\":{\"@id\":\"https:\\\/\\\/www.boxrepsol.com\\\/es\\\/#organization\"},\"image\":{\"@id\":\"https:\\\/\\\/www.boxrepsol.com\\\/es\\\/motogp\\\/equipo-repsol-honda-satisfecho-productivo-test-valencia\\\/#primaryimage\"},\"thumbnailUrl\":\"https:\\\/\\\/bxrepsol.s3.eu-west-1.amazonaws.com\\\/static\\\/2022\\\/08\\\/29090818\\\/01_marc_marquez_alex_marquez_test_valencia_2019.jpg\",\"keywords\":[\"pretemporada\"],\"articleSection\":[\"MotoGP\"],\"inLanguage\":\"es\",\"potentialAction\":[{\"@type\":\"CommentAction\",\"name\":\"Comment\",\"target\":[\"https:\\\/\\\/www.boxrepsol.com\\\/es\\\/motogp\\\/equipo-repsol-honda-satisfecho-productivo-test-valencia\\\/#respond\"]}]},{\"@type\":\"WebPage\",\"@id\":\"https:\\\/\\\/www.boxrepsol.com\\\/es\\\/motogp\\\/equipo-repsol-honda-satisfecho-productivo-test-valencia\\\/\",\"url\":\"https:\\\/\\\/www.boxrepsol.com\\\/es\\\/motogp\\\/equipo-repsol-honda-satisfecho-productivo-test-valencia\\\/\",\"name\":\"Test Valencia 2019 - El equipo Repsol Honda, satisfecho con un productivo test\",\"isPartOf\":{\"@id\":\"https:\\\/\\\/www.boxrepsol.com\\\/es\\\/#website\"},\"primaryImageOfPage\":{\"@id\":\"https:\\\/\\\/www.boxrepsol.com\\\/es\\\/motogp\\\/equipo-repsol-honda-satisfecho-productivo-test-valencia\\\/#primaryimage\"},\"image\":{\"@id\":\"https:\\\/\\\/www.boxrepsol.com\\\/es\\\/motogp\\\/equipo-repsol-honda-satisfecho-productivo-test-valencia\\\/#primaryimage\"},\"thumbnailUrl\":\"https:\\\/\\\/bxrepsol.s3.eu-west-1.amazonaws.com\\\/static\\\/2022\\\/08\\\/29090818\\\/01_marc_marquez_alex_marquez_test_valencia_2019.jpg\",\"datePublished\":\"2019-11-21T02:00:00+00:00\",\"dateModified\":\"2024-04-25T08:57:38+00:00\",\"description\":\"Tras m\u00e1s de 250 vueltas, las pruebas en Valencia terminan para el Repsol Honda, que se dirige ahora a los test de Jerez, \u00faltima cita antes del par\u00f3n.\",\"breadcrumb\":{\"@id\":\"https:\\\/\\\/www.boxrepsol.com\\\/es\\\/motogp\\\/equipo-repsol-honda-satisfecho-productivo-test-valencia\\\/#breadcrumb\"},\"inLanguage\":\"es\",\"potentialAction\":[{\"@type\":\"ReadAction\",\"target\":[\"https:\\\/\\\/www.boxrepsol.com\\\/es\\\/motogp\\\/equipo-repsol-honda-satisfecho-productivo-test-valencia\\\/\"]}]},{\"@type\":\"ImageObject\",\"inLanguage\":\"es\",\"@id\":\"https:\\\/\\\/www.boxrepsol.com\\\/es\\\/motogp\\\/equipo-repsol-honda-satisfecho-productivo-test-valencia\\\/#primaryimage\",\"url\":\"https:\\\/\\\/bxrepsol.s3.eu-west-1.amazonaws.com\\\/static\\\/2022\\\/08\\\/29090818\\\/01_marc_marquez_alex_marquez_test_valencia_2019.jpg\",\"contentUrl\":\"https:\\\/\\\/bxrepsol.s3.eu-west-1.amazonaws.com\\\/static\\\/2022\\\/08\\\/29090818\\\/01_marc_marquez_alex_marquez_test_valencia_2019.jpg\",\"width\":1280,\"height\":600,\"caption\":\"Marc y \u00c1lex pilotan sus RC213V en la pretemporada\"},{\"@type\":\"BreadcrumbList\",\"@id\":\"https:\\\/\\\/www.boxrepsol.com\\\/es\\\/motogp\\\/equipo-repsol-honda-satisfecho-productivo-test-valencia\\\/#breadcrumb\",\"itemListElement\":[{\"@type\":\"ListItem\",\"position\":1,\"name\":\"Home\",\"item\":\"https:\\\/\\\/www.boxrepsol.com\\\/es\\\/\"},{\"@type\":\"ListItem\",\"position\":2,\"name\":\"El equipo Repsol Honda, satisfecho con un productivo test en Valencia\"}]},{\"@type\":\"WebSite\",\"@id\":\"https:\\\/\\\/www.boxrepsol.com\\\/es\\\/#website\",\"url\":\"https:\\\/\\\/www.boxrepsol.com\\\/es\\\/\",\"name\":\"Box Repsol\",\"description\":\"Box Repsol Site\",\"publisher\":{\"@id\":\"https:\\\/\\\/www.boxrepsol.com\\\/es\\\/#organization\"},\"potentialAction\":[{\"@type\":\"SearchAction\",\"target\":{\"@type\":\"EntryPoint\",\"urlTemplate\":\"https:\\\/\\\/www.boxrepsol.com\\\/es\\\/?s={search_term_string}\"},\"query-input\":{\"@type\":\"PropertyValueSpecification\",\"valueRequired\":true,\"valueName\":\"search_term_string\"}}],\"inLanguage\":\"es\"},{\"@type\":\"Organization\",\"@id\":\"https:\\\/\\\/www.boxrepsol.com\\\/es\\\/#organization\",\"name\":\"Box Repsol\",\"url\":\"https:\\\/\\\/www.boxrepsol.com\\\/es\\\/\",\"logo\":{\"@type\":\"ImageObject\",\"inLanguage\":\"es\",\"@id\":\"https:\\\/\\\/www.boxrepsol.com\\\/es\\\/#\\\/schema\\\/logo\\\/image\\\/\",\"url\":\"https:\\\/\\\/bxrepsol.s3.eu-west-1.amazonaws.com\\\/static\\\/2025\\\/07\\\/30083337\\\/favicon-96x96-1.png\",\"contentUrl\":\"https:\\\/\\\/bxrepsol.s3.eu-west-1.amazonaws.com\\\/static\\\/2025\\\/07\\\/30083337\\\/favicon-96x96-1.png\",\"width\":96,\"height\":96,\"caption\":\"Box Repsol\"},\"image\":{\"@id\":\"https:\\\/\\\/www.boxrepsol.com\\\/es\\\/#\\\/schema\\\/logo\\\/image\\\/\"},\"sameAs\":[\"https:\\\/\\\/www.facebook.com\\\/BoxRepsol\",\"https:\\\/\\\/x.com\\\/box_repsol\",\"http:\\\/\\\/instagram.com\\\/box_repsol\",\"https:\\\/\\\/www.youtube.com\\\/user\\\/RepsolCompeticion\",\"https:\\\/\\\/www.flickr.com\\\/photos\\\/box_repsol\\\/\"]},{\"@type\":\"Person\",\"@id\":\"https:\\\/\\\/www.boxrepsol.com\\\/es\\\/#\\\/schema\\\/person\\\/c5c2138f2cca251b0ad92b7086bb60b7\",\"name\":\"Redacci\u00f3n Box Repsol\",\"image\":{\"@type\":\"ImageObject\",\"inLanguage\":\"es\",\"@id\":\"https:\\\/\\\/secure.gravatar.com\\\/avatar\\\/adf7b77e38b4419baf32c7e9c21dde01f4e40df611f0978e3006fc4ba0aaab7e?s=96&d=mm&r=g\",\"url\":\"https:\\\/\\\/secure.gravatar.com\\\/avatar\\\/adf7b77e38b4419baf32c7e9c21dde01f4e40df611f0978e3006fc4ba0aaab7e?s=96&d=mm&r=g\",\"contentUrl\":\"https:\\\/\\\/secure.gravatar.com\\\/avatar\\\/adf7b77e38b4419baf32c7e9c21dde01f4e40df611f0978e3006fc4ba0aaab7e?s=96&d=mm&r=g\",\"caption\":\"Redacci\u00f3n Box Repsol\"},\"description\":\"Box Repsol lo forma un equipo de periodistas, community managers, dise\u00f1adores y fot\u00f3grafos con m\u00e1s de 20 a\u00f1os de experiencia en el mundo del motorsport. Hemos vivido el primer mundial de un espa\u00f1ol en la categor\u00eda reina de motociclismo con \u00c1lex Crivill\u00e9, estuvimos en las victorias de Pedrosa y los t\u00edtulos de M\u00e1rquez, acompa\u00f1amos en \u00c1frica a Nani Roma y Marc Coma en sus conquistas del Dakar y hemos vibrado con los t\u00edtulos de Toni Bou en Trial. Adem\u00e1s, en nuestro equipo contamos con expertos en el mundo de las dos y cuatro ruedas tanto de la calle y las carreteras, como de los circuitos. Periodistas que han trabajado en revistas y publicaciones para hacerte llegar desde rutas y consejos de mantenimiento, a curiosidades y trucos de pilotaje.\",\"sameAs\":[\"https:\\\/\\\/www.facebook.com\\\/BoxRepsol\\\/\",\"https:\\\/\\\/www.instagram.com\\\/box_repsol\\\/\",\"https:\\\/\\\/x.com\\\/https:\\\/\\\/twitter.com\\\/box_repsol\",\"https:\\\/\\\/www.youtube.com\\\/@Boxrepsol\"],\"url\":\"https:\\\/\\\/www.boxrepsol.com\\\/es\\\/author\\\/redaccion-box-repsol\\\/\"}]}<\/script>\n<!-- \/ Yoast SEO plugin. -->","yoast_head_json":{"title":"Test Valencia 2019 - El equipo Repsol Honda, satisfecho con un productivo test","description":"Tras m\u00e1s de 250 vueltas, las pruebas en Valencia terminan para el Repsol Honda, que se dirige ahora a los test de Jerez, \u00faltima cita antes del par\u00f3n.","canonical":"https:\/\/www.boxrepsol.com\/es\/motogp\/equipo-repsol-honda-satisfecho-productivo-test-valencia\/","og_locale":"es_ES","og_type":"article","og_title":"Test Valencia 2019 - El equipo Repsol Honda, satisfecho con un productivo test","og_description":"Tras m\u00e1s de 250 vueltas, las pruebas en Valencia terminan para el Repsol Honda, que se dirige ahora a los test de Jerez, \u00faltima cita antes del par\u00f3n.","og_url":"https:\/\/www.boxrepsol.com\/es\/motogp\/equipo-repsol-honda-satisfecho-productivo-test-valencia\/","og_site_name":"Box Repsol","article_publisher":"https:\/\/www.facebook.com\/BoxRepsol","article_author":"https:\/\/www.facebook.com\/BoxRepsol\/","article_published_time":"2019-11-21T02:00:00+00:00","article_modified_time":"2024-04-25T08:57:38+00:00","og_image":[{"width":1280,"height":600,"url":"https:\/\/bxrepsol.s3.eu-west-1.amazonaws.com\/static\/2022\/08\/29090818\/01_marc_marquez_alex_marquez_test_valencia_2019.jpg","type":"image\/jpeg"}],"author":"Redacci\u00f3n Box Repsol","twitter_card":"summary_large_image","twitter_creator":"@https:\/\/twitter.com\/box_repsol","twitter_site":"@box_repsol","twitter_misc":{"Written by":"Redacci\u00f3n Box Repsol","Est. reading time":"2 minutos"},"schema":{"@context":"https:\/\/schema.org","@graph":[{"@type":"Article","@id":"https:\/\/www.boxrepsol.com\/es\/motogp\/equipo-repsol-honda-satisfecho-productivo-test-valencia\/#article","isPartOf":{"@id":"https:\/\/www.boxrepsol.com\/es\/motogp\/equipo-repsol-honda-satisfecho-productivo-test-valencia\/"},"author":{"name":"Redacci\u00f3n Box Repsol","@id":"https:\/\/www.boxrepsol.com\/es\/#\/schema\/person\/c5c2138f2cca251b0ad92b7086bb60b7"},"headline":"El equipo Repsol Honda, satisfecho con un productivo test en Valencia","datePublished":"2019-11-21T02:00:00+00:00","dateModified":"2024-04-25T08:57:38+00:00","mainEntityOfPage":{"@id":"https:\/\/www.boxrepsol.com\/es\/motogp\/equipo-repsol-honda-satisfecho-productivo-test-valencia\/"},"wordCount":509,"commentCount":0,"publisher":{"@id":"https:\/\/www.boxrepsol.com\/es\/#organization"},"image":{"@id":"https:\/\/www.boxrepsol.com\/es\/motogp\/equipo-repsol-honda-satisfecho-productivo-test-valencia\/#primaryimage"},"thumbnailUrl":"https:\/\/bxrepsol.s3.eu-west-1.amazonaws.com\/static\/2022\/08\/29090818\/01_marc_marquez_alex_marquez_test_valencia_2019.jpg","keywords":["pretemporada"],"articleSection":["MotoGP"],"inLanguage":"es","potentialAction":[{"@type":"CommentAction","name":"Comment","target":["https:\/\/www.boxrepsol.com\/es\/motogp\/equipo-repsol-honda-satisfecho-productivo-test-valencia\/#respond"]}]},{"@type":"WebPage","@id":"https:\/\/www.boxrepsol.com\/es\/motogp\/equipo-repsol-honda-satisfecho-productivo-test-valencia\/","url":"https:\/\/www.boxrepsol.com\/es\/motogp\/equipo-repsol-honda-satisfecho-productivo-test-valencia\/","name":"Test Valencia 2019 - El equipo Repsol Honda, satisfecho con un productivo test","isPartOf":{"@id":"https:\/\/www.boxrepsol.com\/es\/#website"},"primaryImageOfPage":{"@id":"https:\/\/www.boxrepsol.com\/es\/motogp\/equipo-repsol-honda-satisfecho-productivo-test-valencia\/#primaryimage"},"image":{"@id":"https:\/\/www.boxrepsol.com\/es\/motogp\/equipo-repsol-honda-satisfecho-productivo-test-valencia\/#primaryimage"},"thumbnailUrl":"https:\/\/bxrepsol.s3.eu-west-1.amazonaws.com\/static\/2022\/08\/29090818\/01_marc_marquez_alex_marquez_test_valencia_2019.jpg","datePublished":"2019-11-21T02:00:00+00:00","dateModified":"2024-04-25T08:57:38+00:00","description":"Tras m\u00e1s de 250 vueltas, las pruebas en Valencia terminan para el Repsol Honda, que se dirige ahora a los test de Jerez, \u00faltima cita antes del par\u00f3n.","breadcrumb":{"@id":"https:\/\/www.boxrepsol.com\/es\/motogp\/equipo-repsol-honda-satisfecho-productivo-test-valencia\/#breadcrumb"},"inLanguage":"es","potentialAction":[{"@type":"ReadAction","target":["https:\/\/www.boxrepsol.com\/es\/motogp\/equipo-repsol-honda-satisfecho-productivo-test-valencia\/"]}]},{"@type":"ImageObject","inLanguage":"es","@id":"https:\/\/www.boxrepsol.com\/es\/motogp\/equipo-repsol-honda-satisfecho-productivo-test-valencia\/#primaryimage","url":"https:\/\/bxrepsol.s3.eu-west-1.amazonaws.com\/static\/2022\/08\/29090818\/01_marc_marquez_alex_marquez_test_valencia_2019.jpg","contentUrl":"https:\/\/bxrepsol.s3.eu-west-1.amazonaws.com\/static\/2022\/08\/29090818\/01_marc_marquez_alex_marquez_test_valencia_2019.jpg","width":1280,"height":600,"caption":"Marc y \u00c1lex pilotan sus RC213V en la pretemporada"},{"@type":"BreadcrumbList","@id":"https:\/\/www.boxrepsol.com\/es\/motogp\/equipo-repsol-honda-satisfecho-productivo-test-valencia\/#breadcrumb","itemListElement":[{"@type":"ListItem","position":1,"name":"Home","item":"https:\/\/www.boxrepsol.com\/es\/"},{"@type":"ListItem","position":2,"name":"El equipo Repsol Honda, satisfecho con un productivo test en Valencia"}]},{"@type":"WebSite","@id":"https:\/\/www.boxrepsol.com\/es\/#website","url":"https:\/\/www.boxrepsol.com\/es\/","name":"Box Repsol","description":"Box Repsol Site","publisher":{"@id":"https:\/\/www.boxrepsol.com\/es\/#organization"},"potentialAction":[{"@type":"SearchAction","target":{"@type":"EntryPoint","urlTemplate":"https:\/\/www.boxrepsol.com\/es\/?s={search_term_string}"},"query-input":{"@type":"PropertyValueSpecification","valueRequired":true,"valueName":"search_term_string"}}],"inLanguage":"es"},{"@type":"Organization","@id":"https:\/\/www.boxrepsol.com\/es\/#organization","name":"Box Repsol","url":"https:\/\/www.boxrepsol.com\/es\/","logo":{"@type":"ImageObject","inLanguage":"es","@id":"https:\/\/www.boxrepsol.com\/es\/#\/schema\/logo\/image\/","url":"https:\/\/bxrepsol.s3.eu-west-1.amazonaws.com\/static\/2025\/07\/30083337\/favicon-96x96-1.png","contentUrl":"https:\/\/bxrepsol.s3.eu-west-1.amazonaws.com\/static\/2025\/07\/30083337\/favicon-96x96-1.png","width":96,"height":96,"caption":"Box Repsol"},"image":{"@id":"https:\/\/www.boxrepsol.com\/es\/#\/schema\/logo\/image\/"},"sameAs":["https:\/\/www.facebook.com\/BoxRepsol","https:\/\/x.com\/box_repsol","http:\/\/instagram.com\/box_repsol","https:\/\/www.youtube.com\/user\/RepsolCompeticion","https:\/\/www.flickr.com\/photos\/box_repsol\/"]},{"@type":"Person","@id":"https:\/\/www.boxrepsol.com\/es\/#\/schema\/person\/c5c2138f2cca251b0ad92b7086bb60b7","name":"Redacci\u00f3n Box Repsol","image":{"@type":"ImageObject","inLanguage":"es","@id":"https:\/\/secure.gravatar.com\/avatar\/adf7b77e38b4419baf32c7e9c21dde01f4e40df611f0978e3006fc4ba0aaab7e?s=96&d=mm&r=g","url":"https:\/\/secure.gravatar.com\/avatar\/adf7b77e38b4419baf32c7e9c21dde01f4e40df611f0978e3006fc4ba0aaab7e?s=96&d=mm&r=g","contentUrl":"https:\/\/secure.gravatar.com\/avatar\/adf7b77e38b4419baf32c7e9c21dde01f4e40df611f0978e3006fc4ba0aaab7e?s=96&d=mm&r=g","caption":"Redacci\u00f3n Box Repsol"},"description":"Box Repsol lo forma un equipo de periodistas, community managers, dise\u00f1adores y fot\u00f3grafos con m\u00e1s de 20 a\u00f1os de experiencia en el mundo del motorsport. Hemos vivido el primer mundial de un espa\u00f1ol en la categor\u00eda reina de motociclismo con \u00c1lex Crivill\u00e9, estuvimos en las victorias de Pedrosa y los t\u00edtulos de M\u00e1rquez, acompa\u00f1amos en \u00c1frica a Nani Roma y Marc Coma en sus conquistas del Dakar y hemos vibrado con los t\u00edtulos de Toni Bou en Trial. Adem\u00e1s, en nuestro equipo contamos con expertos en el mundo de las dos y cuatro ruedas tanto de la calle y las carreteras, como de los circuitos. Periodistas que han trabajado en revistas y publicaciones para hacerte llegar desde rutas y consejos de mantenimiento, a curiosidades y trucos de pilotaje.","sameAs":["https:\/\/www.facebook.com\/BoxRepsol\/","https:\/\/www.instagram.com\/box_repsol\/","https:\/\/x.com\/https:\/\/twitter.com\/box_repsol","https:\/\/www.youtube.com\/@Boxrepsol"],"url":"https:\/\/www.boxrepsol.com\/es\/author\/redaccion-box-repsol\/"}]}},"_links":{"self":[{"href":"https:\/\/www.boxrepsol.com\/es\/wp-json\/wp\/v2\/posts\/94286","targetHints":{"allow":["GET"]}}],"collection":[{"href":"https:\/\/www.boxrepsol.com\/es\/wp-json\/wp\/v2\/posts"}],"about":[{"href":"https:\/\/www.boxrepsol.com\/es\/wp-json\/wp\/v2\/types\/post"}],"author":[{"embeddable":true,"href":"https:\/\/www.boxrepsol.com\/es\/wp-json\/wp\/v2\/users\/43146"}],"replies":[{"embeddable":true,"href":"https:\/\/www.boxrepsol.com\/es\/wp-json\/wp\/v2\/comments?post=94286"}],"version-history":[{"count":1,"href":"https:\/\/www.boxrepsol.com\/es\/wp-json\/wp\/v2\/posts\/94286\/revisions"}],"predecessor-version":[{"id":94287,"href":"https:\/\/www.boxrepsol.com\/es\/wp-json\/wp\/v2\/posts\/94286\/revisions\/94287"}],"wp:featuredmedia":[{"embeddable":true,"href":"https:\/\/www.boxrepsol.com\/es\/wp-json\/wp\/v2\/media\/63178"}],"wp:attachment":[{"href":"https:\/\/www.boxrepsol.com\/es\/wp-json\/wp\/v2\/media?parent=94286"}],"wp:term":[{"taxonomy":"category","embeddable":true,"href":"https:\/\/www.boxrepsol.com\/es\/wp-json\/wp\/v2\/categories?post=94286"},{"taxonomy":"post_tag","embeddable":true,"href":"https:\/\/www.boxrepsol.com\/es\/wp-json\/wp\/v2\/tags?post=94286"}],"curies":[{"name":"wp","href":"https:\/\/api.w.org\/{rel}","templated":true}]}}