{"id":94280,"date":"2019-11-18T00:00:00","date_gmt":"2019-11-18T02:00:00","guid":{"rendered":"http:\/\/pre.boxrepsol.com\/sin-categorizar\/toni-bou-victoria-reunion-defensa-titulo-x-trial\/"},"modified":"2024-04-25T06:58:28","modified_gmt":"2024-04-25T08:58:28","slug":"toni-bou-victoria-reunion-defensa-titulo-x-trial","status":"publish","type":"post","link":"https:\/\/www.boxrepsol.com\/es\/trial\/toni-bou-victoria-reunion-defensa-titulo-x-trial\/","title":{"rendered":"Toni Bou inicia con una victoria en Reuni\u00f3n la defensa del t\u00edtulo de X-Trial"},"content":{"rendered":"<p><strong>Toni Bou ha liderado tanto la primera ronda<\/strong>, celebrada con 8 pilotos, <strong>como la segunda<\/strong>, en la que compet\u00eda en un grupo contra otros dos rivales.<\/p>\n<p>En la final, el piloto del equipo Repsol Honda se ha enfrentado a Adam Raga, decantando el triunfo a su favor en la pen\u00faltima de las seis zonas de obst\u00e1culos.<\/p>\n<p>Dentro de una semana, la localidad francesa de Rennes acoger\u00e1 la segunda de las ocho citas que esta temporada componen el calendario del Mundial de X-Trial, que terminar\u00e1 en el mes de abril en Andorra.<\/p>\n<p><a href=\"https:\/\/bxrepsol.s3.eu-west-1.amazonaws.com\/static\/2022\/08\/05070557\/00_tonibou_salto_xtrial_isla_reunion.jpg\" \n   title=\"Toni Bou saltando sobre la Honda Montesa Cota 4\" \n   data-gallery-thumbnail=\"https:\/\/bxrepsol.s3.eu-west-1.amazonaws.com\/static\/2022\/08\/05070557\/00_tonibou_salto_xtrial_isla_reunion.jpg\"\n   data-gallery-title=\"\"\n   data-gallery><\/p>\n<figure>\n        <picture style=\"padding-bottom: 66.666666666667%; background-image: url(https:\/\/bxrepsol.s3.eu-west-1.amazonaws.com\/static\/2022\/08\/05070557\/00_tonibou_salto_xtrial_isla_reunion.jpg);\">\n            <img decoding=\"async\" src=\"https:\/\/bxrepsol.s3.eu-west-1.amazonaws.com\/static\/2022\/08\/05070557\/00_tonibou_salto_xtrial_isla_reunion.jpg\"><br \/>\n            <img itemprop=\"image\"\n                data-srcset=\"https:\/\/bxrepsol.s3.eu-west-1.amazonaws.com\/static\/2022\/08\/05070557\/00_tonibou_salto_xtrial_isla_reunion.jpg 480w, https:\/\/bxrepsol.s3.eu-west-1.amazonaws.com\/static\/2022\/08\/05070557\/00_tonibou_salto_xtrial_isla_reunion.jpg 600w, https:\/\/bxrepsol.s3.eu-west-1.amazonaws.com\/static\/2022\/08\/05070557\/00_tonibou_salto_xtrial_isla_reunion.jpg 900w, https:\/\/bxrepsol.s3.eu-west-1.amazonaws.com\/static\/2022\/08\/05070557\/00_tonibou_salto_xtrial_isla_reunion.jpg 1280w\"\n                data-src=\"https:\/\/bxrepsol.s3.eu-west-1.amazonaws.com\/static\/2022\/08\/05070557\/00_tonibou_salto_xtrial_isla_reunion.jpg\"\n                alt=\"Toni Bou saltando sobre la Honda Montesa Cota 4\"\n                title=\"Toni Bou realizando un salto en el evento indoor en Isla Renuion\"\/><br \/>\n            <noscript><img decoding=\"async\" src=\"https:\/\/bxrepsol.s3.eu-west-1.amazonaws.com\/static\/2022\/08\/05070557\/00_tonibou_salto_xtrial_isla_reunion.jpg\" alt=\"Toni Bou saltando sobre la Honda Montesa Cota 4\"><\/noscript>\n        <\/picture><figcaption>Toni Bou saltando sobre la Honda Montesa Cota 4<\/figcaption><\/figure>\n<p><\/a><\/p>\n<h3>Toni Bou<\/h3>\n<p><em><strong>Estoy muy contento de empezar ganando<\/strong>; para nosotros ha sido muy importante. Hoy me he encontrado c\u00f3modo con mi pilotaje y hemos realizado una muy buena primera ronda. Tambi\u00e9n me hace muy feliz por ser la primera vez que corr\u00eda aqu\u00ed, con unas zonas muy t\u00e9cnicas. <strong>Quiero felicitar al organizador por las zonas marcadas<\/strong>. <\/p>\n<p>Ahora toca pensar en la semana que viene, ya que en este campeonato es muy f\u00e1cil quedarte fuera de la semifinal o de alguna ronda, ya que est\u00e1 todo muy apretado. <strong>Es muy importante salir de la primera carrera con estos veinte puntos<\/strong>.<\/em><\/p>\n","protected":false},"excerpt":{"rendered":"<p>El piloto del Repsol Honda ha ganado esta noche la cita inaugural del Campeonato del Mundo bajo techo, celebrada por primera vez en la isla tropical francesa.<\/p>\n","protected":false},"author":43146,"featured_media":63160,"comment_status":"open","ping_status":"open","sticky":false,"template":"","format":"standard","meta":{"footnotes":""},"categories":[23],"tags":[130,21],"class_list":["post-94280","post","type-post","status-publish","format-standard","hentry","category-trial","tag-otros-eventos-y-competiciones","tag-toni-bou"],"yoast_head":"<!-- This site is optimized with the Yoast SEO plugin v27.3 - https:\/\/yoast.com\/product\/yoast-seo-wordpress\/ -->\n<title>X-Trial 2020 Isla Reuni\u00f3n - Toni Bou inicia con una victoria en Reuni\u00f3n la defensa del t\u00edtulo<\/title>\n<meta name=\"description\" content=\"El piloto del Repsol Honda ha ganado esta noche la cita inaugural del Campeonato del Mundo bajo techo, celebrada en la isla tropical francesa.\" \/>\n<link rel=\"canonical\" href=\"https:\/\/www.boxrepsol.com\/es\/trial\/toni-bou-victoria-reunion-defensa-titulo-x-trial\/\" \/>\n<meta property=\"og:locale\" content=\"es_ES\" \/>\n<meta property=\"og:type\" content=\"article\" \/>\n<meta property=\"og:title\" content=\"X-Trial 2020 Isla Reuni\u00f3n - Toni Bou inicia con una victoria en Reuni\u00f3n la defensa del t\u00edtulo\" \/>\n<meta property=\"og:description\" content=\"El piloto del Repsol Honda ha ganado esta noche la cita inaugural del Campeonato del Mundo bajo techo, celebrada en la isla tropical francesa.\" \/>\n<meta property=\"og:url\" content=\"https:\/\/www.boxrepsol.com\/es\/trial\/toni-bou-victoria-reunion-defensa-titulo-x-trial\/\" \/>\n<meta property=\"og:site_name\" content=\"Box Repsol\" \/>\n<meta property=\"article:publisher\" content=\"https:\/\/www.facebook.com\/BoxRepsol\" \/>\n<meta property=\"article:author\" content=\"https:\/\/www.facebook.com\/BoxRepsol\/\" \/>\n<meta property=\"article:published_time\" content=\"2019-11-18T02:00:00+00:00\" \/>\n<meta property=\"article:modified_time\" content=\"2024-04-25T08:58:28+00:00\" \/>\n<meta property=\"og:image\" content=\"https:\/\/bxrepsol.s3.eu-west-1.amazonaws.com\/static\/2022\/08\/29090808\/00_toni_bou_xtrial_repsol_honda_podio_isla_reunion_nov2019.jpg\" \/>\n\t<meta property=\"og:image:width\" content=\"1280\" \/>\n\t<meta property=\"og:image:height\" content=\"600\" \/>\n\t<meta property=\"og:image:type\" content=\"image\/jpeg\" \/>\n<meta name=\"author\" content=\"Redacci\u00f3n Box Repsol\" \/>\n<meta name=\"twitter:card\" content=\"summary_large_image\" \/>\n<meta name=\"twitter:creator\" content=\"@https:\/\/twitter.com\/box_repsol\" \/>\n<meta name=\"twitter:site\" content=\"@box_repsol\" \/>\n<meta name=\"twitter:label1\" content=\"Written by\" \/>\n\t<meta name=\"twitter:data1\" content=\"Redacci\u00f3n Box Repsol\" \/>\n\t<meta name=\"twitter:label2\" content=\"Est. reading time\" \/>\n\t<meta name=\"twitter:data2\" content=\"1 minuto\" \/>\n<script type=\"application\/ld+json\" class=\"yoast-schema-graph\">{\"@context\":\"https:\\\/\\\/schema.org\",\"@graph\":[{\"@type\":\"Article\",\"@id\":\"https:\\\/\\\/www.boxrepsol.com\\\/es\\\/trial\\\/toni-bou-victoria-reunion-defensa-titulo-x-trial\\\/#article\",\"isPartOf\":{\"@id\":\"https:\\\/\\\/www.boxrepsol.com\\\/es\\\/trial\\\/toni-bou-victoria-reunion-defensa-titulo-x-trial\\\/\"},\"author\":{\"name\":\"Redacci\u00f3n Box Repsol\",\"@id\":\"https:\\\/\\\/www.boxrepsol.com\\\/es\\\/#\\\/schema\\\/person\\\/c5c2138f2cca251b0ad92b7086bb60b7\"},\"headline\":\"Toni Bou inicia con una victoria en Reuni\u00f3n la defensa del t\u00edtulo de X-Trial\",\"datePublished\":\"2019-11-18T02:00:00+00:00\",\"dateModified\":\"2024-04-25T08:58:28+00:00\",\"mainEntityOfPage\":{\"@id\":\"https:\\\/\\\/www.boxrepsol.com\\\/es\\\/trial\\\/toni-bou-victoria-reunion-defensa-titulo-x-trial\\\/\"},\"wordCount\":221,\"commentCount\":0,\"publisher\":{\"@id\":\"https:\\\/\\\/www.boxrepsol.com\\\/es\\\/#organization\"},\"image\":{\"@id\":\"https:\\\/\\\/www.boxrepsol.com\\\/es\\\/trial\\\/toni-bou-victoria-reunion-defensa-titulo-x-trial\\\/#primaryimage\"},\"thumbnailUrl\":\"https:\\\/\\\/bxrepsol.s3.eu-west-1.amazonaws.com\\\/static\\\/2022\\\/08\\\/29090808\\\/00_toni_bou_xtrial_repsol_honda_podio_isla_reunion_nov2019.jpg\",\"keywords\":[\"otros eventos y competiciones\",\"Toni Bou\"],\"articleSection\":[\"Trial\"],\"inLanguage\":\"es\",\"potentialAction\":[{\"@type\":\"CommentAction\",\"name\":\"Comment\",\"target\":[\"https:\\\/\\\/www.boxrepsol.com\\\/es\\\/trial\\\/toni-bou-victoria-reunion-defensa-titulo-x-trial\\\/#respond\"]}]},{\"@type\":\"WebPage\",\"@id\":\"https:\\\/\\\/www.boxrepsol.com\\\/es\\\/trial\\\/toni-bou-victoria-reunion-defensa-titulo-x-trial\\\/\",\"url\":\"https:\\\/\\\/www.boxrepsol.com\\\/es\\\/trial\\\/toni-bou-victoria-reunion-defensa-titulo-x-trial\\\/\",\"name\":\"X-Trial 2020 Isla Reuni\u00f3n - Toni Bou inicia con una victoria en Reuni\u00f3n la defensa del t\u00edtulo\",\"isPartOf\":{\"@id\":\"https:\\\/\\\/www.boxrepsol.com\\\/es\\\/#website\"},\"primaryImageOfPage\":{\"@id\":\"https:\\\/\\\/www.boxrepsol.com\\\/es\\\/trial\\\/toni-bou-victoria-reunion-defensa-titulo-x-trial\\\/#primaryimage\"},\"image\":{\"@id\":\"https:\\\/\\\/www.boxrepsol.com\\\/es\\\/trial\\\/toni-bou-victoria-reunion-defensa-titulo-x-trial\\\/#primaryimage\"},\"thumbnailUrl\":\"https:\\\/\\\/bxrepsol.s3.eu-west-1.amazonaws.com\\\/static\\\/2022\\\/08\\\/29090808\\\/00_toni_bou_xtrial_repsol_honda_podio_isla_reunion_nov2019.jpg\",\"datePublished\":\"2019-11-18T02:00:00+00:00\",\"dateModified\":\"2024-04-25T08:58:28+00:00\",\"description\":\"El piloto del Repsol Honda ha ganado esta noche la cita inaugural del Campeonato del Mundo bajo techo, celebrada en la isla tropical francesa.\",\"breadcrumb\":{\"@id\":\"https:\\\/\\\/www.boxrepsol.com\\\/es\\\/trial\\\/toni-bou-victoria-reunion-defensa-titulo-x-trial\\\/#breadcrumb\"},\"inLanguage\":\"es\",\"potentialAction\":[{\"@type\":\"ReadAction\",\"target\":[\"https:\\\/\\\/www.boxrepsol.com\\\/es\\\/trial\\\/toni-bou-victoria-reunion-defensa-titulo-x-trial\\\/\"]}]},{\"@type\":\"ImageObject\",\"inLanguage\":\"es\",\"@id\":\"https:\\\/\\\/www.boxrepsol.com\\\/es\\\/trial\\\/toni-bou-victoria-reunion-defensa-titulo-x-trial\\\/#primaryimage\",\"url\":\"https:\\\/\\\/bxrepsol.s3.eu-west-1.amazonaws.com\\\/static\\\/2022\\\/08\\\/29090808\\\/00_toni_bou_xtrial_repsol_honda_podio_isla_reunion_nov2019.jpg\",\"contentUrl\":\"https:\\\/\\\/bxrepsol.s3.eu-west-1.amazonaws.com\\\/static\\\/2022\\\/08\\\/29090808\\\/00_toni_bou_xtrial_repsol_honda_podio_isla_reunion_nov2019.jpg\",\"width\":1280,\"height\":600,\"caption\":\"Toni Bou exhibe un trofeo en el podio X-trial 2020 Isla reuni\u00f3n\"},{\"@type\":\"BreadcrumbList\",\"@id\":\"https:\\\/\\\/www.boxrepsol.com\\\/es\\\/trial\\\/toni-bou-victoria-reunion-defensa-titulo-x-trial\\\/#breadcrumb\",\"itemListElement\":[{\"@type\":\"ListItem\",\"position\":1,\"name\":\"Home\",\"item\":\"https:\\\/\\\/www.boxrepsol.com\\\/es\\\/\"},{\"@type\":\"ListItem\",\"position\":2,\"name\":\"Toni Bou inicia con una victoria en Reuni\u00f3n la defensa del t\u00edtulo de X-Trial\"}]},{\"@type\":\"WebSite\",\"@id\":\"https:\\\/\\\/www.boxrepsol.com\\\/es\\\/#website\",\"url\":\"https:\\\/\\\/www.boxrepsol.com\\\/es\\\/\",\"name\":\"Box Repsol\",\"description\":\"Box Repsol Site\",\"publisher\":{\"@id\":\"https:\\\/\\\/www.boxrepsol.com\\\/es\\\/#organization\"},\"potentialAction\":[{\"@type\":\"SearchAction\",\"target\":{\"@type\":\"EntryPoint\",\"urlTemplate\":\"https:\\\/\\\/www.boxrepsol.com\\\/es\\\/?s={search_term_string}\"},\"query-input\":{\"@type\":\"PropertyValueSpecification\",\"valueRequired\":true,\"valueName\":\"search_term_string\"}}],\"inLanguage\":\"es\"},{\"@type\":\"Organization\",\"@id\":\"https:\\\/\\\/www.boxrepsol.com\\\/es\\\/#organization\",\"name\":\"Box Repsol\",\"url\":\"https:\\\/\\\/www.boxrepsol.com\\\/es\\\/\",\"logo\":{\"@type\":\"ImageObject\",\"inLanguage\":\"es\",\"@id\":\"https:\\\/\\\/www.boxrepsol.com\\\/es\\\/#\\\/schema\\\/logo\\\/image\\\/\",\"url\":\"https:\\\/\\\/bxrepsol.s3.eu-west-1.amazonaws.com\\\/static\\\/2025\\\/07\\\/30083337\\\/favicon-96x96-1.png\",\"contentUrl\":\"https:\\\/\\\/bxrepsol.s3.eu-west-1.amazonaws.com\\\/static\\\/2025\\\/07\\\/30083337\\\/favicon-96x96-1.png\",\"width\":96,\"height\":96,\"caption\":\"Box Repsol\"},\"image\":{\"@id\":\"https:\\\/\\\/www.boxrepsol.com\\\/es\\\/#\\\/schema\\\/logo\\\/image\\\/\"},\"sameAs\":[\"https:\\\/\\\/www.facebook.com\\\/BoxRepsol\",\"https:\\\/\\\/x.com\\\/box_repsol\",\"http:\\\/\\\/instagram.com\\\/box_repsol\",\"https:\\\/\\\/www.youtube.com\\\/user\\\/RepsolCompeticion\",\"https:\\\/\\\/www.flickr.com\\\/photos\\\/box_repsol\\\/\"]},{\"@type\":\"Person\",\"@id\":\"https:\\\/\\\/www.boxrepsol.com\\\/es\\\/#\\\/schema\\\/person\\\/c5c2138f2cca251b0ad92b7086bb60b7\",\"name\":\"Redacci\u00f3n Box Repsol\",\"image\":{\"@type\":\"ImageObject\",\"inLanguage\":\"es\",\"@id\":\"https:\\\/\\\/secure.gravatar.com\\\/avatar\\\/adf7b77e38b4419baf32c7e9c21dde01f4e40df611f0978e3006fc4ba0aaab7e?s=96&d=mm&r=g\",\"url\":\"https:\\\/\\\/secure.gravatar.com\\\/avatar\\\/adf7b77e38b4419baf32c7e9c21dde01f4e40df611f0978e3006fc4ba0aaab7e?s=96&d=mm&r=g\",\"contentUrl\":\"https:\\\/\\\/secure.gravatar.com\\\/avatar\\\/adf7b77e38b4419baf32c7e9c21dde01f4e40df611f0978e3006fc4ba0aaab7e?s=96&d=mm&r=g\",\"caption\":\"Redacci\u00f3n Box Repsol\"},\"description\":\"Box Repsol lo forma un equipo de periodistas, community managers, dise\u00f1adores y fot\u00f3grafos con m\u00e1s de 20 a\u00f1os de experiencia en el mundo del motorsport. Hemos vivido el primer mundial de un espa\u00f1ol en la categor\u00eda reina de motociclismo con \u00c1lex Crivill\u00e9, estuvimos en las victorias de Pedrosa y los t\u00edtulos de M\u00e1rquez, acompa\u00f1amos en \u00c1frica a Nani Roma y Marc Coma en sus conquistas del Dakar y hemos vibrado con los t\u00edtulos de Toni Bou en Trial. Adem\u00e1s, en nuestro equipo contamos con expertos en el mundo de las dos y cuatro ruedas tanto de la calle y las carreteras, como de los circuitos. Periodistas que han trabajado en revistas y publicaciones para hacerte llegar desde rutas y consejos de mantenimiento, a curiosidades y trucos de pilotaje.\",\"sameAs\":[\"https:\\\/\\\/www.facebook.com\\\/BoxRepsol\\\/\",\"https:\\\/\\\/www.instagram.com\\\/box_repsol\\\/\",\"https:\\\/\\\/x.com\\\/https:\\\/\\\/twitter.com\\\/box_repsol\",\"https:\\\/\\\/www.youtube.com\\\/@Boxrepsol\"],\"url\":\"https:\\\/\\\/www.boxrepsol.com\\\/es\\\/author\\\/redaccion-box-repsol\\\/\"}]}<\/script>\n<!-- \/ Yoast SEO plugin. -->","yoast_head_json":{"title":"X-Trial 2020 Isla Reuni\u00f3n - Toni Bou inicia con una victoria en Reuni\u00f3n la defensa del t\u00edtulo","description":"El piloto del Repsol Honda ha ganado esta noche la cita inaugural del Campeonato del Mundo bajo techo, celebrada en la isla tropical francesa.","canonical":"https:\/\/www.boxrepsol.com\/es\/trial\/toni-bou-victoria-reunion-defensa-titulo-x-trial\/","og_locale":"es_ES","og_type":"article","og_title":"X-Trial 2020 Isla Reuni\u00f3n - Toni Bou inicia con una victoria en Reuni\u00f3n la defensa del t\u00edtulo","og_description":"El piloto del Repsol Honda ha ganado esta noche la cita inaugural del Campeonato del Mundo bajo techo, celebrada en la isla tropical francesa.","og_url":"https:\/\/www.boxrepsol.com\/es\/trial\/toni-bou-victoria-reunion-defensa-titulo-x-trial\/","og_site_name":"Box Repsol","article_publisher":"https:\/\/www.facebook.com\/BoxRepsol","article_author":"https:\/\/www.facebook.com\/BoxRepsol\/","article_published_time":"2019-11-18T02:00:00+00:00","article_modified_time":"2024-04-25T08:58:28+00:00","og_image":[{"width":1280,"height":600,"url":"https:\/\/bxrepsol.s3.eu-west-1.amazonaws.com\/static\/2022\/08\/29090808\/00_toni_bou_xtrial_repsol_honda_podio_isla_reunion_nov2019.jpg","type":"image\/jpeg"}],"author":"Redacci\u00f3n Box Repsol","twitter_card":"summary_large_image","twitter_creator":"@https:\/\/twitter.com\/box_repsol","twitter_site":"@box_repsol","twitter_misc":{"Written by":"Redacci\u00f3n Box Repsol","Est. reading time":"1 minuto"},"schema":{"@context":"https:\/\/schema.org","@graph":[{"@type":"Article","@id":"https:\/\/www.boxrepsol.com\/es\/trial\/toni-bou-victoria-reunion-defensa-titulo-x-trial\/#article","isPartOf":{"@id":"https:\/\/www.boxrepsol.com\/es\/trial\/toni-bou-victoria-reunion-defensa-titulo-x-trial\/"},"author":{"name":"Redacci\u00f3n Box Repsol","@id":"https:\/\/www.boxrepsol.com\/es\/#\/schema\/person\/c5c2138f2cca251b0ad92b7086bb60b7"},"headline":"Toni Bou inicia con una victoria en Reuni\u00f3n la defensa del t\u00edtulo de X-Trial","datePublished":"2019-11-18T02:00:00+00:00","dateModified":"2024-04-25T08:58:28+00:00","mainEntityOfPage":{"@id":"https:\/\/www.boxrepsol.com\/es\/trial\/toni-bou-victoria-reunion-defensa-titulo-x-trial\/"},"wordCount":221,"commentCount":0,"publisher":{"@id":"https:\/\/www.boxrepsol.com\/es\/#organization"},"image":{"@id":"https:\/\/www.boxrepsol.com\/es\/trial\/toni-bou-victoria-reunion-defensa-titulo-x-trial\/#primaryimage"},"thumbnailUrl":"https:\/\/bxrepsol.s3.eu-west-1.amazonaws.com\/static\/2022\/08\/29090808\/00_toni_bou_xtrial_repsol_honda_podio_isla_reunion_nov2019.jpg","keywords":["otros eventos y competiciones","Toni Bou"],"articleSection":["Trial"],"inLanguage":"es","potentialAction":[{"@type":"CommentAction","name":"Comment","target":["https:\/\/www.boxrepsol.com\/es\/trial\/toni-bou-victoria-reunion-defensa-titulo-x-trial\/#respond"]}]},{"@type":"WebPage","@id":"https:\/\/www.boxrepsol.com\/es\/trial\/toni-bou-victoria-reunion-defensa-titulo-x-trial\/","url":"https:\/\/www.boxrepsol.com\/es\/trial\/toni-bou-victoria-reunion-defensa-titulo-x-trial\/","name":"X-Trial 2020 Isla Reuni\u00f3n - Toni Bou inicia con una victoria en Reuni\u00f3n la defensa del t\u00edtulo","isPartOf":{"@id":"https:\/\/www.boxrepsol.com\/es\/#website"},"primaryImageOfPage":{"@id":"https:\/\/www.boxrepsol.com\/es\/trial\/toni-bou-victoria-reunion-defensa-titulo-x-trial\/#primaryimage"},"image":{"@id":"https:\/\/www.boxrepsol.com\/es\/trial\/toni-bou-victoria-reunion-defensa-titulo-x-trial\/#primaryimage"},"thumbnailUrl":"https:\/\/bxrepsol.s3.eu-west-1.amazonaws.com\/static\/2022\/08\/29090808\/00_toni_bou_xtrial_repsol_honda_podio_isla_reunion_nov2019.jpg","datePublished":"2019-11-18T02:00:00+00:00","dateModified":"2024-04-25T08:58:28+00:00","description":"El piloto del Repsol Honda ha ganado esta noche la cita inaugural del Campeonato del Mundo bajo techo, celebrada en la isla tropical francesa.","breadcrumb":{"@id":"https:\/\/www.boxrepsol.com\/es\/trial\/toni-bou-victoria-reunion-defensa-titulo-x-trial\/#breadcrumb"},"inLanguage":"es","potentialAction":[{"@type":"ReadAction","target":["https:\/\/www.boxrepsol.com\/es\/trial\/toni-bou-victoria-reunion-defensa-titulo-x-trial\/"]}]},{"@type":"ImageObject","inLanguage":"es","@id":"https:\/\/www.boxrepsol.com\/es\/trial\/toni-bou-victoria-reunion-defensa-titulo-x-trial\/#primaryimage","url":"https:\/\/bxrepsol.s3.eu-west-1.amazonaws.com\/static\/2022\/08\/29090808\/00_toni_bou_xtrial_repsol_honda_podio_isla_reunion_nov2019.jpg","contentUrl":"https:\/\/bxrepsol.s3.eu-west-1.amazonaws.com\/static\/2022\/08\/29090808\/00_toni_bou_xtrial_repsol_honda_podio_isla_reunion_nov2019.jpg","width":1280,"height":600,"caption":"Toni Bou exhibe un trofeo en el podio X-trial 2020 Isla reuni\u00f3n"},{"@type":"BreadcrumbList","@id":"https:\/\/www.boxrepsol.com\/es\/trial\/toni-bou-victoria-reunion-defensa-titulo-x-trial\/#breadcrumb","itemListElement":[{"@type":"ListItem","position":1,"name":"Home","item":"https:\/\/www.boxrepsol.com\/es\/"},{"@type":"ListItem","position":2,"name":"Toni Bou inicia con una victoria en Reuni\u00f3n la defensa del t\u00edtulo de X-Trial"}]},{"@type":"WebSite","@id":"https:\/\/www.boxrepsol.com\/es\/#website","url":"https:\/\/www.boxrepsol.com\/es\/","name":"Box Repsol","description":"Box Repsol Site","publisher":{"@id":"https:\/\/www.boxrepsol.com\/es\/#organization"},"potentialAction":[{"@type":"SearchAction","target":{"@type":"EntryPoint","urlTemplate":"https:\/\/www.boxrepsol.com\/es\/?s={search_term_string}"},"query-input":{"@type":"PropertyValueSpecification","valueRequired":true,"valueName":"search_term_string"}}],"inLanguage":"es"},{"@type":"Organization","@id":"https:\/\/www.boxrepsol.com\/es\/#organization","name":"Box Repsol","url":"https:\/\/www.boxrepsol.com\/es\/","logo":{"@type":"ImageObject","inLanguage":"es","@id":"https:\/\/www.boxrepsol.com\/es\/#\/schema\/logo\/image\/","url":"https:\/\/bxrepsol.s3.eu-west-1.amazonaws.com\/static\/2025\/07\/30083337\/favicon-96x96-1.png","contentUrl":"https:\/\/bxrepsol.s3.eu-west-1.amazonaws.com\/static\/2025\/07\/30083337\/favicon-96x96-1.png","width":96,"height":96,"caption":"Box Repsol"},"image":{"@id":"https:\/\/www.boxrepsol.com\/es\/#\/schema\/logo\/image\/"},"sameAs":["https:\/\/www.facebook.com\/BoxRepsol","https:\/\/x.com\/box_repsol","http:\/\/instagram.com\/box_repsol","https:\/\/www.youtube.com\/user\/RepsolCompeticion","https:\/\/www.flickr.com\/photos\/box_repsol\/"]},{"@type":"Person","@id":"https:\/\/www.boxrepsol.com\/es\/#\/schema\/person\/c5c2138f2cca251b0ad92b7086bb60b7","name":"Redacci\u00f3n Box Repsol","image":{"@type":"ImageObject","inLanguage":"es","@id":"https:\/\/secure.gravatar.com\/avatar\/adf7b77e38b4419baf32c7e9c21dde01f4e40df611f0978e3006fc4ba0aaab7e?s=96&d=mm&r=g","url":"https:\/\/secure.gravatar.com\/avatar\/adf7b77e38b4419baf32c7e9c21dde01f4e40df611f0978e3006fc4ba0aaab7e?s=96&d=mm&r=g","contentUrl":"https:\/\/secure.gravatar.com\/avatar\/adf7b77e38b4419baf32c7e9c21dde01f4e40df611f0978e3006fc4ba0aaab7e?s=96&d=mm&r=g","caption":"Redacci\u00f3n Box Repsol"},"description":"Box Repsol lo forma un equipo de periodistas, community managers, dise\u00f1adores y fot\u00f3grafos con m\u00e1s de 20 a\u00f1os de experiencia en el mundo del motorsport. Hemos vivido el primer mundial de un espa\u00f1ol en la categor\u00eda reina de motociclismo con \u00c1lex Crivill\u00e9, estuvimos en las victorias de Pedrosa y los t\u00edtulos de M\u00e1rquez, acompa\u00f1amos en \u00c1frica a Nani Roma y Marc Coma en sus conquistas del Dakar y hemos vibrado con los t\u00edtulos de Toni Bou en Trial. Adem\u00e1s, en nuestro equipo contamos con expertos en el mundo de las dos y cuatro ruedas tanto de la calle y las carreteras, como de los circuitos. Periodistas que han trabajado en revistas y publicaciones para hacerte llegar desde rutas y consejos de mantenimiento, a curiosidades y trucos de pilotaje.","sameAs":["https:\/\/www.facebook.com\/BoxRepsol\/","https:\/\/www.instagram.com\/box_repsol\/","https:\/\/x.com\/https:\/\/twitter.com\/box_repsol","https:\/\/www.youtube.com\/@Boxrepsol"],"url":"https:\/\/www.boxrepsol.com\/es\/author\/redaccion-box-repsol\/"}]}},"_links":{"self":[{"href":"https:\/\/www.boxrepsol.com\/es\/wp-json\/wp\/v2\/posts\/94280","targetHints":{"allow":["GET"]}}],"collection":[{"href":"https:\/\/www.boxrepsol.com\/es\/wp-json\/wp\/v2\/posts"}],"about":[{"href":"https:\/\/www.boxrepsol.com\/es\/wp-json\/wp\/v2\/types\/post"}],"author":[{"embeddable":true,"href":"https:\/\/www.boxrepsol.com\/es\/wp-json\/wp\/v2\/users\/43146"}],"replies":[{"embeddable":true,"href":"https:\/\/www.boxrepsol.com\/es\/wp-json\/wp\/v2\/comments?post=94280"}],"version-history":[{"count":2,"href":"https:\/\/www.boxrepsol.com\/es\/wp-json\/wp\/v2\/posts\/94280\/revisions"}],"predecessor-version":[{"id":115312,"href":"https:\/\/www.boxrepsol.com\/es\/wp-json\/wp\/v2\/posts\/94280\/revisions\/115312"}],"wp:featuredmedia":[{"embeddable":true,"href":"https:\/\/www.boxrepsol.com\/es\/wp-json\/wp\/v2\/media\/63160"}],"wp:attachment":[{"href":"https:\/\/www.boxrepsol.com\/es\/wp-json\/wp\/v2\/media?parent=94280"}],"wp:term":[{"taxonomy":"category","embeddable":true,"href":"https:\/\/www.boxrepsol.com\/es\/wp-json\/wp\/v2\/categories?post=94280"},{"taxonomy":"post_tag","embeddable":true,"href":"https:\/\/www.boxrepsol.com\/es\/wp-json\/wp\/v2\/tags?post=94280"}],"curies":[{"name":"wp","href":"https:\/\/api.w.org\/{rel}","templated":true}]}}