{"id":94278,"date":"2019-11-17T00:00:00","date_gmt":"2019-11-17T02:00:00","guid":{"rendered":"http:\/\/pre.boxrepsol.com\/sin-categorizar\/victoria-marquez-triple-corona-repsol-honda-adios-lorenzo-valencia-2019\/"},"modified":"2024-04-25T06:59:03","modified_gmt":"2024-04-25T08:59:03","slug":"victoria-marquez-triple-corona-repsol-honda-adios-lorenzo-valencia-2019","status":"publish","type":"post","link":"https:\/\/www.boxrepsol.com\/es\/motogp\/victoria-marquez-triple-corona-repsol-honda-adios-lorenzo-valencia-2019\/","title":{"rendered":"Victoria de M\u00e1rquez y Triple Corona del Repsol Honda en el adi\u00f3s de Lorenzo"},"content":{"rendered":"<p><strong>Marc M\u00e1rquez<\/strong> ha cerrado la temporada 2019 con una nueva victoria, para completar un campeonato pr\u00e1cticamente perfecto, con doce triunfos y seis segundas posiciones.<\/p>\n<p>Es el <strong>decimoctavo podio del a\u00f1o<\/strong>, con el que ha batido el r\u00e9cord en una misma temporada (superando los 16 de Rossi en 2003 y 2008, Stoner en 2011, Lorenzo en 2010 y 2012 y el propio M\u00e1rquez en 2013) y el <strong>r\u00e9cord de puntos en una sola campa\u00f1a<\/strong>, 420 (superando los 383 de Lorenzo en 2010).<\/p>\n<p>En la prueba de hoy, el piloto del equipo Repsol Honda ha batido el r\u00e9cord del circuito en carrera en MotoGP en la cuarta vuelta.<\/p>\n<p><strong>Jorge Lorenzo <\/strong>se ha despedido del Campeonato del Mundo de MotoGP yendo de menos a m\u00e1s, remontando desde la decimoctava posici\u00f3n hasta cruzar la meta decimotercero.<\/p>\n<p>El resultado de M\u00e1rquez y Lorenzo ha permitido al Repsol Honda<a href=\"https:\/\/twitter.com\/box_repsol\/status\/1196125714015309824\"> revalidar por tercera temporada consecutiva el Mundial de equipos<\/a>; el d\u00e9cimo t\u00edtulo en las 18 temporadas que hace que se cre\u00f3 el galard\u00f3n (2002, 2003, 2006, 2011, 2012, 2013, 2014, 2017, 2018, y 2019).<\/p>\n<p><a href=\"https:\/\/t.co\/rM21fgD8Xp\">\u00c1lbum especial para un d\u00eda muy especial en el GP de Valencia <\/a><br \/>\nFotos que quedar\u00e1n<strong> en la retina de cualquier aficionado al motociclismo.<\/strong> <\/p>\n<p>                <!-- Imagen relacionada --><br \/>\n        <img loading=\"lazy\" decoding=\"async\" width=\"404\" height=\"336\" src=\"https:\/\/bxrepsol.s3.eu-west-1.amazonaws.com\/static\/2022\/08\/29090804\/Sergio-Garcia-en-Valencia-2019.jpg\" alt=\"\" \/><br \/>\n                <!-- Categor\u00eda --><br \/>\n            MotoGP<br \/>\n        <!-- T\u00edtulo --><br \/>\n        <a href=\"https:\/\/www.boxrepsol.com\/es\/motogp\/sergio-garcia-logra-tierra-primera-victoria-mundialista-moto3\/\"><\/p>\n<h3>Sergio Garc\u00eda logra en su tierra su primera victoria mundialista<\/h3>\n<p>        <\/a><br \/>\n                    <!-- Fecha --><br \/>\n            hace 1 hora        <\/p>\n<h2>GP de Valencia 2019 &#8211; Carrera MotoGP &#8211; Declaraciones de los pilotos<\/h2>\n<p><a href=\"https:\/\/twitter.com\/hashtag\/mm93?src=hash&#038;lang=es\">#MM93<\/a><\/p>\n<p><em><strong>La victoria ha sido el final perfecto para una temporada perfecta. <\/strong> Me he impuesto un poco de presi\u00f3n extra al utilizar el casco dorado, as\u00ed que deb\u00eda ser especialmente inteligente. Hemos hecho exactamente lo que quer\u00edamos y hemos logrado el Mundial de equipos, consiguiendo la triple corona en esta temporada espectacular. <\/p>\n<p><strong>El primer objetivo siempre es el t\u00edtulo de pilotos, pero estoy muy contento de haber logrado tambi\u00e9n el de equipos<\/strong>, no solo por todos ellos, sino tambi\u00e9n por Jorge [Lorenzo], que ha sido un gran Campe\u00f3n, un duro rival y un magn\u00edfico compa\u00f1ero de equipo. Ser\u00e1 dif\u00edcil mejorar este a\u00f1o, porque hemos pilotado de forma excelente.<\/em><\/p>\n<hr\/>\n<p><a href=\"https:\/\/twitter.com\/hashtag\/jl99?src=hash&#038;lang=es\">#JL99<\/a><\/p>\n<p><em><strong>Hoy ha sido un d\u00eda especial. <\/strong> En la parrilla he tenido unas sensaciones muy distintas a todas mis anteriores pruebas y en las primeras vueltas he sido significativamente m\u00e1s cauto que en otros Grandes Premios, porque las condiciones eran muy dif\u00edciles y quer\u00eda terminar mi \u00faltima carrera. Me he concentrado principalmente en m\u00ed mismo y estoy satisfecho de terminar sumando algunos puntos. Es fant\u00e1stico ayudar al equipo Repsol Honda a ganar el campeonato de equipos despu\u00e9s de una temporada incre\u00edble de Marc. <\/p>\n<p><strong>Quiero dar las gracias a todos en Honda, porque me han tratado con el m\u00e1ximo respeto y profesionalidad.<\/strong> Les deseo lo mejor en el futuro.<br \/>\n<\/em><\/p>\n","protected":false},"excerpt":{"rendered":"<p>Duod\u00e9cimo triunfo del Campe\u00f3n del Mundo de MotoGP en 2019 en el \u00faltimo Gran Premio de Jorge Lorenzo, que ha cruzado la meta en decimotercera posici\u00f3n.<\/p>\n","protected":false},"author":43146,"featured_media":63156,"comment_status":"open","ping_status":"open","sticky":false,"template":"","format":"standard","meta":{"footnotes":""},"categories":[4],"tags":[137],"class_list":["post-94278","post","type-post","status-publish","format-standard","hentry","category-motogp","tag-motogp-valencia"],"yoast_head":"<!-- This site is optimized with the Yoast SEO plugin v27.3 - https:\/\/yoast.com\/product\/yoast-seo-wordpress\/ -->\n<title>GP de Valencia 2019 - Carrera MotoGP - Victoria de M\u00e1rquez y Triple Corona del Repsol Honda en el adi\u00f3s de Lorenzo<\/title>\n<meta name=\"description\" content=\"Duod\u00e9cimo triunfo del Campe\u00f3n del Mundo de MotoGP en 2019 en el \u00faltimo Gran Premio de Jorge Lorenzo, que ha cruzado la meta en decimotercera posici\u00f3n.\" \/>\n<link rel=\"canonical\" href=\"https:\/\/www.boxrepsol.com\/es\/motogp\/victoria-marquez-triple-corona-repsol-honda-adios-lorenzo-valencia-2019\/\" \/>\n<meta property=\"og:locale\" content=\"es_ES\" \/>\n<meta property=\"og:type\" content=\"article\" \/>\n<meta property=\"og:title\" content=\"GP de Valencia 2019 - Carrera MotoGP - Victoria de M\u00e1rquez y Triple Corona del Repsol Honda en el adi\u00f3s de Lorenzo\" \/>\n<meta property=\"og:description\" content=\"Duod\u00e9cimo triunfo del Campe\u00f3n del Mundo de MotoGP en 2019 en el \u00faltimo Gran Premio de Jorge Lorenzo, que ha cruzado la meta en decimotercera posici\u00f3n.\" \/>\n<meta property=\"og:url\" content=\"https:\/\/www.boxrepsol.com\/es\/motogp\/victoria-marquez-triple-corona-repsol-honda-adios-lorenzo-valencia-2019\/\" \/>\n<meta property=\"og:site_name\" content=\"Box Repsol\" \/>\n<meta property=\"article:publisher\" content=\"https:\/\/www.facebook.com\/BoxRepsol\" \/>\n<meta property=\"article:author\" content=\"https:\/\/www.facebook.com\/BoxRepsol\/\" \/>\n<meta property=\"article:published_time\" content=\"2019-11-17T02:00:00+00:00\" \/>\n<meta property=\"article:modified_time\" content=\"2024-04-25T08:59:03+00:00\" \/>\n<meta property=\"og:image\" content=\"https:\/\/bxrepsol.s3.eu-west-1.amazonaws.com\/static\/2022\/08\/29090806\/Marquez-y-Lorenzo-en-Valencia-20191.jpg\" \/>\n\t<meta property=\"og:image:width\" content=\"1280\" \/>\n\t<meta property=\"og:image:height\" content=\"600\" \/>\n\t<meta property=\"og:image:type\" content=\"image\/jpeg\" \/>\n<meta name=\"author\" content=\"Redacci\u00f3n Box Repsol\" \/>\n<meta name=\"twitter:card\" content=\"summary_large_image\" \/>\n<meta name=\"twitter:creator\" content=\"@https:\/\/twitter.com\/box_repsol\" \/>\n<meta name=\"twitter:site\" content=\"@box_repsol\" \/>\n<meta name=\"twitter:label1\" content=\"Written by\" \/>\n\t<meta name=\"twitter:data1\" content=\"Redacci\u00f3n Box Repsol\" \/>\n\t<meta name=\"twitter:label2\" content=\"Est. reading time\" \/>\n\t<meta name=\"twitter:data2\" content=\"2 minutos\" \/>\n<script type=\"application\/ld+json\" class=\"yoast-schema-graph\">{\"@context\":\"https:\\\/\\\/schema.org\",\"@graph\":[{\"@type\":\"Article\",\"@id\":\"https:\\\/\\\/www.boxrepsol.com\\\/es\\\/motogp\\\/victoria-marquez-triple-corona-repsol-honda-adios-lorenzo-valencia-2019\\\/#article\",\"isPartOf\":{\"@id\":\"https:\\\/\\\/www.boxrepsol.com\\\/es\\\/motogp\\\/victoria-marquez-triple-corona-repsol-honda-adios-lorenzo-valencia-2019\\\/\"},\"author\":{\"name\":\"Redacci\u00f3n Box Repsol\",\"@id\":\"https:\\\/\\\/www.boxrepsol.com\\\/es\\\/#\\\/schema\\\/person\\\/c5c2138f2cca251b0ad92b7086bb60b7\"},\"headline\":\"Victoria de M\u00e1rquez y Triple Corona del Repsol Honda en el adi\u00f3s de Lorenzo\",\"datePublished\":\"2019-11-17T02:00:00+00:00\",\"dateModified\":\"2024-04-25T08:59:03+00:00\",\"mainEntityOfPage\":{\"@id\":\"https:\\\/\\\/www.boxrepsol.com\\\/es\\\/motogp\\\/victoria-marquez-triple-corona-repsol-honda-adios-lorenzo-valencia-2019\\\/\"},\"wordCount\":470,\"commentCount\":0,\"publisher\":{\"@id\":\"https:\\\/\\\/www.boxrepsol.com\\\/es\\\/#organization\"},\"image\":{\"@id\":\"https:\\\/\\\/www.boxrepsol.com\\\/es\\\/motogp\\\/victoria-marquez-triple-corona-repsol-honda-adios-lorenzo-valencia-2019\\\/#primaryimage\"},\"thumbnailUrl\":\"https:\\\/\\\/bxrepsol.s3.eu-west-1.amazonaws.com\\\/static\\\/2022\\\/08\\\/29090806\\\/Marquez-y-Lorenzo-en-Valencia-20191.jpg\",\"keywords\":[\"MotoGP Valencia\"],\"articleSection\":[\"MotoGP\"],\"inLanguage\":\"es\",\"potentialAction\":[{\"@type\":\"CommentAction\",\"name\":\"Comment\",\"target\":[\"https:\\\/\\\/www.boxrepsol.com\\\/es\\\/motogp\\\/victoria-marquez-triple-corona-repsol-honda-adios-lorenzo-valencia-2019\\\/#respond\"]}]},{\"@type\":\"WebPage\",\"@id\":\"https:\\\/\\\/www.boxrepsol.com\\\/es\\\/motogp\\\/victoria-marquez-triple-corona-repsol-honda-adios-lorenzo-valencia-2019\\\/\",\"url\":\"https:\\\/\\\/www.boxrepsol.com\\\/es\\\/motogp\\\/victoria-marquez-triple-corona-repsol-honda-adios-lorenzo-valencia-2019\\\/\",\"name\":\"GP de Valencia 2019 - Carrera MotoGP - Victoria de M\u00e1rquez y Triple Corona del Repsol Honda en el adi\u00f3s de Lorenzo\",\"isPartOf\":{\"@id\":\"https:\\\/\\\/www.boxrepsol.com\\\/es\\\/#website\"},\"primaryImageOfPage\":{\"@id\":\"https:\\\/\\\/www.boxrepsol.com\\\/es\\\/motogp\\\/victoria-marquez-triple-corona-repsol-honda-adios-lorenzo-valencia-2019\\\/#primaryimage\"},\"image\":{\"@id\":\"https:\\\/\\\/www.boxrepsol.com\\\/es\\\/motogp\\\/victoria-marquez-triple-corona-repsol-honda-adios-lorenzo-valencia-2019\\\/#primaryimage\"},\"thumbnailUrl\":\"https:\\\/\\\/bxrepsol.s3.eu-west-1.amazonaws.com\\\/static\\\/2022\\\/08\\\/29090806\\\/Marquez-y-Lorenzo-en-Valencia-20191.jpg\",\"datePublished\":\"2019-11-17T02:00:00+00:00\",\"dateModified\":\"2024-04-25T08:59:03+00:00\",\"description\":\"Duod\u00e9cimo triunfo del Campe\u00f3n del Mundo de MotoGP en 2019 en el \u00faltimo Gran Premio de Jorge Lorenzo, que ha cruzado la meta en decimotercera posici\u00f3n.\",\"breadcrumb\":{\"@id\":\"https:\\\/\\\/www.boxrepsol.com\\\/es\\\/motogp\\\/victoria-marquez-triple-corona-repsol-honda-adios-lorenzo-valencia-2019\\\/#breadcrumb\"},\"inLanguage\":\"es\",\"potentialAction\":[{\"@type\":\"ReadAction\",\"target\":[\"https:\\\/\\\/www.boxrepsol.com\\\/es\\\/motogp\\\/victoria-marquez-triple-corona-repsol-honda-adios-lorenzo-valencia-2019\\\/\"]}]},{\"@type\":\"ImageObject\",\"inLanguage\":\"es\",\"@id\":\"https:\\\/\\\/www.boxrepsol.com\\\/es\\\/motogp\\\/victoria-marquez-triple-corona-repsol-honda-adios-lorenzo-valencia-2019\\\/#primaryimage\",\"url\":\"https:\\\/\\\/bxrepsol.s3.eu-west-1.amazonaws.com\\\/static\\\/2022\\\/08\\\/29090806\\\/Marquez-y-Lorenzo-en-Valencia-20191.jpg\",\"contentUrl\":\"https:\\\/\\\/bxrepsol.s3.eu-west-1.amazonaws.com\\\/static\\\/2022\\\/08\\\/29090806\\\/Marquez-y-Lorenzo-en-Valencia-20191.jpg\",\"width\":1280,\"height\":600,\"caption\":\"19 Valencia GP 14. 15.16 y 17 de noviembre de 2019. Circuito Ricardo Tormo. Cheste. Valencia. Motogp, MGP, Mgp, MotoGP\"},{\"@type\":\"BreadcrumbList\",\"@id\":\"https:\\\/\\\/www.boxrepsol.com\\\/es\\\/motogp\\\/victoria-marquez-triple-corona-repsol-honda-adios-lorenzo-valencia-2019\\\/#breadcrumb\",\"itemListElement\":[{\"@type\":\"ListItem\",\"position\":1,\"name\":\"Home\",\"item\":\"https:\\\/\\\/www.boxrepsol.com\\\/es\\\/\"},{\"@type\":\"ListItem\",\"position\":2,\"name\":\"Victoria de M\u00e1rquez y Triple Corona del Repsol Honda en el adi\u00f3s de Lorenzo\"}]},{\"@type\":\"WebSite\",\"@id\":\"https:\\\/\\\/www.boxrepsol.com\\\/es\\\/#website\",\"url\":\"https:\\\/\\\/www.boxrepsol.com\\\/es\\\/\",\"name\":\"Box Repsol\",\"description\":\"Box Repsol Site\",\"publisher\":{\"@id\":\"https:\\\/\\\/www.boxrepsol.com\\\/es\\\/#organization\"},\"potentialAction\":[{\"@type\":\"SearchAction\",\"target\":{\"@type\":\"EntryPoint\",\"urlTemplate\":\"https:\\\/\\\/www.boxrepsol.com\\\/es\\\/?s={search_term_string}\"},\"query-input\":{\"@type\":\"PropertyValueSpecification\",\"valueRequired\":true,\"valueName\":\"search_term_string\"}}],\"inLanguage\":\"es\"},{\"@type\":\"Organization\",\"@id\":\"https:\\\/\\\/www.boxrepsol.com\\\/es\\\/#organization\",\"name\":\"Box Repsol\",\"url\":\"https:\\\/\\\/www.boxrepsol.com\\\/es\\\/\",\"logo\":{\"@type\":\"ImageObject\",\"inLanguage\":\"es\",\"@id\":\"https:\\\/\\\/www.boxrepsol.com\\\/es\\\/#\\\/schema\\\/logo\\\/image\\\/\",\"url\":\"https:\\\/\\\/bxrepsol.s3.eu-west-1.amazonaws.com\\\/static\\\/2025\\\/07\\\/30083337\\\/favicon-96x96-1.png\",\"contentUrl\":\"https:\\\/\\\/bxrepsol.s3.eu-west-1.amazonaws.com\\\/static\\\/2025\\\/07\\\/30083337\\\/favicon-96x96-1.png\",\"width\":96,\"height\":96,\"caption\":\"Box Repsol\"},\"image\":{\"@id\":\"https:\\\/\\\/www.boxrepsol.com\\\/es\\\/#\\\/schema\\\/logo\\\/image\\\/\"},\"sameAs\":[\"https:\\\/\\\/www.facebook.com\\\/BoxRepsol\",\"https:\\\/\\\/x.com\\\/box_repsol\",\"http:\\\/\\\/instagram.com\\\/box_repsol\",\"https:\\\/\\\/www.youtube.com\\\/user\\\/RepsolCompeticion\",\"https:\\\/\\\/www.flickr.com\\\/photos\\\/box_repsol\\\/\"]},{\"@type\":\"Person\",\"@id\":\"https:\\\/\\\/www.boxrepsol.com\\\/es\\\/#\\\/schema\\\/person\\\/c5c2138f2cca251b0ad92b7086bb60b7\",\"name\":\"Redacci\u00f3n Box Repsol\",\"image\":{\"@type\":\"ImageObject\",\"inLanguage\":\"es\",\"@id\":\"https:\\\/\\\/secure.gravatar.com\\\/avatar\\\/adf7b77e38b4419baf32c7e9c21dde01f4e40df611f0978e3006fc4ba0aaab7e?s=96&d=mm&r=g\",\"url\":\"https:\\\/\\\/secure.gravatar.com\\\/avatar\\\/adf7b77e38b4419baf32c7e9c21dde01f4e40df611f0978e3006fc4ba0aaab7e?s=96&d=mm&r=g\",\"contentUrl\":\"https:\\\/\\\/secure.gravatar.com\\\/avatar\\\/adf7b77e38b4419baf32c7e9c21dde01f4e40df611f0978e3006fc4ba0aaab7e?s=96&d=mm&r=g\",\"caption\":\"Redacci\u00f3n Box Repsol\"},\"description\":\"Box Repsol lo forma un equipo de periodistas, community managers, dise\u00f1adores y fot\u00f3grafos con m\u00e1s de 20 a\u00f1os de experiencia en el mundo del motorsport. Hemos vivido el primer mundial de un espa\u00f1ol en la categor\u00eda reina de motociclismo con \u00c1lex Crivill\u00e9, estuvimos en las victorias de Pedrosa y los t\u00edtulos de M\u00e1rquez, acompa\u00f1amos en \u00c1frica a Nani Roma y Marc Coma en sus conquistas del Dakar y hemos vibrado con los t\u00edtulos de Toni Bou en Trial. Adem\u00e1s, en nuestro equipo contamos con expertos en el mundo de las dos y cuatro ruedas tanto de la calle y las carreteras, como de los circuitos. Periodistas que han trabajado en revistas y publicaciones para hacerte llegar desde rutas y consejos de mantenimiento, a curiosidades y trucos de pilotaje.\",\"sameAs\":[\"https:\\\/\\\/www.facebook.com\\\/BoxRepsol\\\/\",\"https:\\\/\\\/www.instagram.com\\\/box_repsol\\\/\",\"https:\\\/\\\/x.com\\\/https:\\\/\\\/twitter.com\\\/box_repsol\",\"https:\\\/\\\/www.youtube.com\\\/@Boxrepsol\"],\"url\":\"https:\\\/\\\/www.boxrepsol.com\\\/es\\\/author\\\/redaccion-box-repsol\\\/\"}]}<\/script>\n<!-- \/ Yoast SEO plugin. -->","yoast_head_json":{"title":"GP de Valencia 2019 - Carrera MotoGP - Victoria de M\u00e1rquez y Triple Corona del Repsol Honda en el adi\u00f3s de Lorenzo","description":"Duod\u00e9cimo triunfo del Campe\u00f3n del Mundo de MotoGP en 2019 en el \u00faltimo Gran Premio de Jorge Lorenzo, que ha cruzado la meta en decimotercera posici\u00f3n.","canonical":"https:\/\/www.boxrepsol.com\/es\/motogp\/victoria-marquez-triple-corona-repsol-honda-adios-lorenzo-valencia-2019\/","og_locale":"es_ES","og_type":"article","og_title":"GP de Valencia 2019 - Carrera MotoGP - Victoria de M\u00e1rquez y Triple Corona del Repsol Honda en el adi\u00f3s de Lorenzo","og_description":"Duod\u00e9cimo triunfo del Campe\u00f3n del Mundo de MotoGP en 2019 en el \u00faltimo Gran Premio de Jorge Lorenzo, que ha cruzado la meta en decimotercera posici\u00f3n.","og_url":"https:\/\/www.boxrepsol.com\/es\/motogp\/victoria-marquez-triple-corona-repsol-honda-adios-lorenzo-valencia-2019\/","og_site_name":"Box Repsol","article_publisher":"https:\/\/www.facebook.com\/BoxRepsol","article_author":"https:\/\/www.facebook.com\/BoxRepsol\/","article_published_time":"2019-11-17T02:00:00+00:00","article_modified_time":"2024-04-25T08:59:03+00:00","og_image":[{"width":1280,"height":600,"url":"https:\/\/bxrepsol.s3.eu-west-1.amazonaws.com\/static\/2022\/08\/29090806\/Marquez-y-Lorenzo-en-Valencia-20191.jpg","type":"image\/jpeg"}],"author":"Redacci\u00f3n Box Repsol","twitter_card":"summary_large_image","twitter_creator":"@https:\/\/twitter.com\/box_repsol","twitter_site":"@box_repsol","twitter_misc":{"Written by":"Redacci\u00f3n Box Repsol","Est. reading time":"2 minutos"},"schema":{"@context":"https:\/\/schema.org","@graph":[{"@type":"Article","@id":"https:\/\/www.boxrepsol.com\/es\/motogp\/victoria-marquez-triple-corona-repsol-honda-adios-lorenzo-valencia-2019\/#article","isPartOf":{"@id":"https:\/\/www.boxrepsol.com\/es\/motogp\/victoria-marquez-triple-corona-repsol-honda-adios-lorenzo-valencia-2019\/"},"author":{"name":"Redacci\u00f3n Box Repsol","@id":"https:\/\/www.boxrepsol.com\/es\/#\/schema\/person\/c5c2138f2cca251b0ad92b7086bb60b7"},"headline":"Victoria de M\u00e1rquez y Triple Corona del Repsol Honda en el adi\u00f3s de Lorenzo","datePublished":"2019-11-17T02:00:00+00:00","dateModified":"2024-04-25T08:59:03+00:00","mainEntityOfPage":{"@id":"https:\/\/www.boxrepsol.com\/es\/motogp\/victoria-marquez-triple-corona-repsol-honda-adios-lorenzo-valencia-2019\/"},"wordCount":470,"commentCount":0,"publisher":{"@id":"https:\/\/www.boxrepsol.com\/es\/#organization"},"image":{"@id":"https:\/\/www.boxrepsol.com\/es\/motogp\/victoria-marquez-triple-corona-repsol-honda-adios-lorenzo-valencia-2019\/#primaryimage"},"thumbnailUrl":"https:\/\/bxrepsol.s3.eu-west-1.amazonaws.com\/static\/2022\/08\/29090806\/Marquez-y-Lorenzo-en-Valencia-20191.jpg","keywords":["MotoGP Valencia"],"articleSection":["MotoGP"],"inLanguage":"es","potentialAction":[{"@type":"CommentAction","name":"Comment","target":["https:\/\/www.boxrepsol.com\/es\/motogp\/victoria-marquez-triple-corona-repsol-honda-adios-lorenzo-valencia-2019\/#respond"]}]},{"@type":"WebPage","@id":"https:\/\/www.boxrepsol.com\/es\/motogp\/victoria-marquez-triple-corona-repsol-honda-adios-lorenzo-valencia-2019\/","url":"https:\/\/www.boxrepsol.com\/es\/motogp\/victoria-marquez-triple-corona-repsol-honda-adios-lorenzo-valencia-2019\/","name":"GP de Valencia 2019 - Carrera MotoGP - Victoria de M\u00e1rquez y Triple Corona del Repsol Honda en el adi\u00f3s de Lorenzo","isPartOf":{"@id":"https:\/\/www.boxrepsol.com\/es\/#website"},"primaryImageOfPage":{"@id":"https:\/\/www.boxrepsol.com\/es\/motogp\/victoria-marquez-triple-corona-repsol-honda-adios-lorenzo-valencia-2019\/#primaryimage"},"image":{"@id":"https:\/\/www.boxrepsol.com\/es\/motogp\/victoria-marquez-triple-corona-repsol-honda-adios-lorenzo-valencia-2019\/#primaryimage"},"thumbnailUrl":"https:\/\/bxrepsol.s3.eu-west-1.amazonaws.com\/static\/2022\/08\/29090806\/Marquez-y-Lorenzo-en-Valencia-20191.jpg","datePublished":"2019-11-17T02:00:00+00:00","dateModified":"2024-04-25T08:59:03+00:00","description":"Duod\u00e9cimo triunfo del Campe\u00f3n del Mundo de MotoGP en 2019 en el \u00faltimo Gran Premio de Jorge Lorenzo, que ha cruzado la meta en decimotercera posici\u00f3n.","breadcrumb":{"@id":"https:\/\/www.boxrepsol.com\/es\/motogp\/victoria-marquez-triple-corona-repsol-honda-adios-lorenzo-valencia-2019\/#breadcrumb"},"inLanguage":"es","potentialAction":[{"@type":"ReadAction","target":["https:\/\/www.boxrepsol.com\/es\/motogp\/victoria-marquez-triple-corona-repsol-honda-adios-lorenzo-valencia-2019\/"]}]},{"@type":"ImageObject","inLanguage":"es","@id":"https:\/\/www.boxrepsol.com\/es\/motogp\/victoria-marquez-triple-corona-repsol-honda-adios-lorenzo-valencia-2019\/#primaryimage","url":"https:\/\/bxrepsol.s3.eu-west-1.amazonaws.com\/static\/2022\/08\/29090806\/Marquez-y-Lorenzo-en-Valencia-20191.jpg","contentUrl":"https:\/\/bxrepsol.s3.eu-west-1.amazonaws.com\/static\/2022\/08\/29090806\/Marquez-y-Lorenzo-en-Valencia-20191.jpg","width":1280,"height":600,"caption":"19 Valencia GP 14. 15.16 y 17 de noviembre de 2019. Circuito Ricardo Tormo. Cheste. Valencia. Motogp, MGP, Mgp, MotoGP"},{"@type":"BreadcrumbList","@id":"https:\/\/www.boxrepsol.com\/es\/motogp\/victoria-marquez-triple-corona-repsol-honda-adios-lorenzo-valencia-2019\/#breadcrumb","itemListElement":[{"@type":"ListItem","position":1,"name":"Home","item":"https:\/\/www.boxrepsol.com\/es\/"},{"@type":"ListItem","position":2,"name":"Victoria de M\u00e1rquez y Triple Corona del Repsol Honda en el adi\u00f3s de Lorenzo"}]},{"@type":"WebSite","@id":"https:\/\/www.boxrepsol.com\/es\/#website","url":"https:\/\/www.boxrepsol.com\/es\/","name":"Box Repsol","description":"Box Repsol Site","publisher":{"@id":"https:\/\/www.boxrepsol.com\/es\/#organization"},"potentialAction":[{"@type":"SearchAction","target":{"@type":"EntryPoint","urlTemplate":"https:\/\/www.boxrepsol.com\/es\/?s={search_term_string}"},"query-input":{"@type":"PropertyValueSpecification","valueRequired":true,"valueName":"search_term_string"}}],"inLanguage":"es"},{"@type":"Organization","@id":"https:\/\/www.boxrepsol.com\/es\/#organization","name":"Box Repsol","url":"https:\/\/www.boxrepsol.com\/es\/","logo":{"@type":"ImageObject","inLanguage":"es","@id":"https:\/\/www.boxrepsol.com\/es\/#\/schema\/logo\/image\/","url":"https:\/\/bxrepsol.s3.eu-west-1.amazonaws.com\/static\/2025\/07\/30083337\/favicon-96x96-1.png","contentUrl":"https:\/\/bxrepsol.s3.eu-west-1.amazonaws.com\/static\/2025\/07\/30083337\/favicon-96x96-1.png","width":96,"height":96,"caption":"Box Repsol"},"image":{"@id":"https:\/\/www.boxrepsol.com\/es\/#\/schema\/logo\/image\/"},"sameAs":["https:\/\/www.facebook.com\/BoxRepsol","https:\/\/x.com\/box_repsol","http:\/\/instagram.com\/box_repsol","https:\/\/www.youtube.com\/user\/RepsolCompeticion","https:\/\/www.flickr.com\/photos\/box_repsol\/"]},{"@type":"Person","@id":"https:\/\/www.boxrepsol.com\/es\/#\/schema\/person\/c5c2138f2cca251b0ad92b7086bb60b7","name":"Redacci\u00f3n Box Repsol","image":{"@type":"ImageObject","inLanguage":"es","@id":"https:\/\/secure.gravatar.com\/avatar\/adf7b77e38b4419baf32c7e9c21dde01f4e40df611f0978e3006fc4ba0aaab7e?s=96&d=mm&r=g","url":"https:\/\/secure.gravatar.com\/avatar\/adf7b77e38b4419baf32c7e9c21dde01f4e40df611f0978e3006fc4ba0aaab7e?s=96&d=mm&r=g","contentUrl":"https:\/\/secure.gravatar.com\/avatar\/adf7b77e38b4419baf32c7e9c21dde01f4e40df611f0978e3006fc4ba0aaab7e?s=96&d=mm&r=g","caption":"Redacci\u00f3n Box Repsol"},"description":"Box Repsol lo forma un equipo de periodistas, community managers, dise\u00f1adores y fot\u00f3grafos con m\u00e1s de 20 a\u00f1os de experiencia en el mundo del motorsport. Hemos vivido el primer mundial de un espa\u00f1ol en la categor\u00eda reina de motociclismo con \u00c1lex Crivill\u00e9, estuvimos en las victorias de Pedrosa y los t\u00edtulos de M\u00e1rquez, acompa\u00f1amos en \u00c1frica a Nani Roma y Marc Coma en sus conquistas del Dakar y hemos vibrado con los t\u00edtulos de Toni Bou en Trial. Adem\u00e1s, en nuestro equipo contamos con expertos en el mundo de las dos y cuatro ruedas tanto de la calle y las carreteras, como de los circuitos. Periodistas que han trabajado en revistas y publicaciones para hacerte llegar desde rutas y consejos de mantenimiento, a curiosidades y trucos de pilotaje.","sameAs":["https:\/\/www.facebook.com\/BoxRepsol\/","https:\/\/www.instagram.com\/box_repsol\/","https:\/\/x.com\/https:\/\/twitter.com\/box_repsol","https:\/\/www.youtube.com\/@Boxrepsol"],"url":"https:\/\/www.boxrepsol.com\/es\/author\/redaccion-box-repsol\/"}]}},"_links":{"self":[{"href":"https:\/\/www.boxrepsol.com\/es\/wp-json\/wp\/v2\/posts\/94278","targetHints":{"allow":["GET"]}}],"collection":[{"href":"https:\/\/www.boxrepsol.com\/es\/wp-json\/wp\/v2\/posts"}],"about":[{"href":"https:\/\/www.boxrepsol.com\/es\/wp-json\/wp\/v2\/types\/post"}],"author":[{"embeddable":true,"href":"https:\/\/www.boxrepsol.com\/es\/wp-json\/wp\/v2\/users\/43146"}],"replies":[{"embeddable":true,"href":"https:\/\/www.boxrepsol.com\/es\/wp-json\/wp\/v2\/comments?post=94278"}],"version-history":[{"count":1,"href":"https:\/\/www.boxrepsol.com\/es\/wp-json\/wp\/v2\/posts\/94278\/revisions"}],"predecessor-version":[{"id":94279,"href":"https:\/\/www.boxrepsol.com\/es\/wp-json\/wp\/v2\/posts\/94278\/revisions\/94279"}],"wp:featuredmedia":[{"embeddable":true,"href":"https:\/\/www.boxrepsol.com\/es\/wp-json\/wp\/v2\/media\/63156"}],"wp:attachment":[{"href":"https:\/\/www.boxrepsol.com\/es\/wp-json\/wp\/v2\/media?parent=94278"}],"wp:term":[{"taxonomy":"category","embeddable":true,"href":"https:\/\/www.boxrepsol.com\/es\/wp-json\/wp\/v2\/categories?post=94278"},{"taxonomy":"post_tag","embeddable":true,"href":"https:\/\/www.boxrepsol.com\/es\/wp-json\/wp\/v2\/tags?post=94278"}],"curies":[{"name":"wp","href":"https:\/\/api.w.org\/{rel}","templated":true}]}}