{"id":94276,"date":"2019-11-17T00:00:00","date_gmt":"2019-11-17T02:00:00","guid":{"rendered":"http:\/\/pre.boxrepsol.com\/sin-categorizar\/sergio-garcia-logra-tierra-primera-victoria-mundialista-moto3\/"},"modified":"2024-04-25T06:58:56","modified_gmt":"2024-04-25T08:58:56","slug":"sergio-garcia-logra-tierra-primera-victoria-mundialista-moto3","status":"publish","type":"post","link":"https:\/\/www.boxrepsol.com\/es\/motogp\/sergio-garcia-logra-tierra-primera-victoria-mundialista-moto3\/","title":{"rendered":"Sergio Garc\u00eda logra en su tierra su primera victoria mundialista"},"content":{"rendered":"<p><strong>Sergio Garc\u00eda<\/strong>, segundo en el pasado Gran Premio de Malasia, despide la temporada con su primera victoria mundialista en su Gran Premio de casa, en la \u00faltima carrera de Moto3 en el GP de Valencia.<\/p>\n<p>Garc\u00eda se ha impuesto en un ajustado paso por meta,<a href=\"https:\/\/twitter.com\/box_repsol\/status\/1196024693893013505\"> logrando la victoria por una ventaja de apenas 5 mil\u00e9simas.<\/a><\/p>\n<p><strong>Alonso L\u00f3pez<\/strong> ha realizado una buena salida y se encontraba remontando situado en entre los diez primeros, cuando se ha visto <strong>involucrado en una ca\u00edda delante suyo y ha terminado por los suelos.<\/strong><\/p>\n<p>                <!-- Imagen relacionada --><br \/>\n        <img loading=\"lazy\" decoding=\"async\" width=\"404\" height=\"336\" src=\"https:\/\/bxrepsol.s3.eu-west-1.amazonaws.com\/static\/2022\/08\/29090758\/Marquez-en-Valencia-2019.jpg\" alt=\"\" \/><br \/>\n                <!-- Categor\u00eda --><br \/>\n            MotoGP<br \/>\n        <!-- T\u00edtulo --><br \/>\n        <a href=\"https:\/\/www.boxrepsol.com\/es\/motogp\/marquez-roza-la-ultima-pole-del-ano\/\"><\/p>\n<h3>M\u00e1rquez roza la \u00faltima \u2018pole\u2019 del a\u00f1o<\/h3>\n<p>        <\/a><br \/>\n                    <!-- Fecha --><br \/>\n            hace 1 hora        <\/p>\n<h2>GP de Valencia 2019 &#8211; Carrera Moto3 &#8211; Declaraciones de los pilotos<\/h2>\n<p><strong>Sergio Garc\u00eda<\/strong><\/p>\n<p><em><strong>Ganar, y encima lograrlo en casa, es una sensaci\u00f3n que no se puede describir. <\/strong> Quiero dar las gracias a todos los que me apoyan, a mi familia y mi equipo. Ha sido una carrera muy disputada. Nos ha condicionado un poco que se parase la prueba y haber tenido que volver a salir, porque el viento estaba subiendo cada vez m\u00e1s, pero la moto ha funcionado muy bien durante toda la carrera y lo he dado todo hasta el final. La \u00faltima vuelta ha sido incre\u00edble, dando el m\u00e1ximo en cada curva para defender la posici\u00f3n y poder adelantar a Migno al final. En la bajada final he visto que la victoria pod\u00eda ser m\u00eda y lo he conseguido.<\/em><\/p>\n<hr\/>\n<p><strong>Alonso L\u00f3pez<\/strong><\/p>\n<p><em><strong>Quiero agradecer al equipo todo el trabajo que han hecho durante estas temporadas.<\/strong>  Es una pena despedirme de esta manera despu\u00e9s de cinco a\u00f1os juntos, en los que me he formado y he crecido como persona y como piloto. He salido bastante bien en la primera carrera, pero la han parado con bandera roja por una ca\u00edda m\u00faltiple. En la segunda tambi\u00e9n he empezado bien y he adelantado a varios pilotos, hasta que un rival se ha ca\u00eddo delante y no he podido esquivar su moto. He regresado al box para repararla y al menos volver a dar unas vueltas, para quitarme as\u00ed el mal sabor de boca. El a\u00f1o que viene, m\u00e1s y mejor.<br \/>\n<\/em><\/p>\n","protected":false},"excerpt":{"rendered":"<p>El piloto Repsol logra el triunfo en un ajustado final de carrera. Su compa\u00f1ero Alonso L\u00f3pez no ha terminado tras verse implicado en una ca\u00edda m\u00faltiple<\/p>\n","protected":false},"author":43146,"featured_media":63152,"comment_status":"open","ping_status":"open","sticky":false,"template":"","format":"standard","meta":{"footnotes":""},"categories":[4],"tags":[137],"class_list":["post-94276","post","type-post","status-publish","format-standard","hentry","category-motogp","tag-motogp-valencia"],"yoast_head":"<!-- This site is optimized with the Yoast SEO plugin v27.3 - https:\/\/yoast.com\/product\/yoast-seo-wordpress\/ -->\n<title>GP de Valencia 2019 - Carrera Moto3 - Sergio Garc\u00eda logra en su tierra su primera victoria mundialista<\/title>\n<meta name=\"description\" content=\"El piloto Repsol logra el triunfo en un ajustado final de carrera en Moto3. Su compa\u00f1ero Alonso L\u00f3pez no ha terminado tras verse implicado en una ca\u00edda.\" \/>\n<link rel=\"canonical\" href=\"https:\/\/www.boxrepsol.com\/es\/motogp\/sergio-garcia-logra-tierra-primera-victoria-mundialista-moto3\/\" \/>\n<meta property=\"og:locale\" content=\"es_ES\" \/>\n<meta property=\"og:type\" content=\"article\" \/>\n<meta property=\"og:title\" content=\"GP de Valencia 2019 - Carrera Moto3 - Sergio Garc\u00eda logra en su tierra su primera victoria mundialista\" \/>\n<meta property=\"og:description\" content=\"El piloto Repsol logra el triunfo en un ajustado final de carrera en Moto3. Su compa\u00f1ero Alonso L\u00f3pez no ha terminado tras verse implicado en una ca\u00edda.\" \/>\n<meta property=\"og:url\" content=\"https:\/\/www.boxrepsol.com\/es\/motogp\/sergio-garcia-logra-tierra-primera-victoria-mundialista-moto3\/\" \/>\n<meta property=\"og:site_name\" content=\"Box Repsol\" \/>\n<meta property=\"article:publisher\" content=\"https:\/\/www.facebook.com\/BoxRepsol\" \/>\n<meta property=\"article:author\" content=\"https:\/\/www.facebook.com\/BoxRepsol\/\" \/>\n<meta property=\"article:published_time\" content=\"2019-11-17T02:00:00+00:00\" \/>\n<meta property=\"article:modified_time\" content=\"2024-04-25T08:58:56+00:00\" \/>\n<meta property=\"og:image\" content=\"https:\/\/bxrepsol.s3.eu-west-1.amazonaws.com\/static\/2022\/08\/29090804\/Sergio-Garcia-en-Valencia-2019.jpg\" \/>\n\t<meta property=\"og:image:width\" content=\"1280\" \/>\n\t<meta property=\"og:image:height\" content=\"600\" \/>\n\t<meta property=\"og:image:type\" content=\"image\/jpeg\" \/>\n<meta name=\"author\" content=\"Redacci\u00f3n Box Repsol\" \/>\n<meta name=\"twitter:card\" content=\"summary_large_image\" \/>\n<meta name=\"twitter:creator\" content=\"@https:\/\/twitter.com\/box_repsol\" \/>\n<meta name=\"twitter:site\" content=\"@box_repsol\" \/>\n<meta name=\"twitter:label1\" content=\"Written by\" \/>\n\t<meta name=\"twitter:data1\" content=\"Redacci\u00f3n Box Repsol\" \/>\n\t<meta name=\"twitter:label2\" content=\"Est. reading time\" \/>\n\t<meta name=\"twitter:data2\" content=\"2 minutos\" \/>\n<script type=\"application\/ld+json\" class=\"yoast-schema-graph\">{\"@context\":\"https:\\\/\\\/schema.org\",\"@graph\":[{\"@type\":\"Article\",\"@id\":\"https:\\\/\\\/www.boxrepsol.com\\\/es\\\/motogp\\\/sergio-garcia-logra-tierra-primera-victoria-mundialista-moto3\\\/#article\",\"isPartOf\":{\"@id\":\"https:\\\/\\\/www.boxrepsol.com\\\/es\\\/motogp\\\/sergio-garcia-logra-tierra-primera-victoria-mundialista-moto3\\\/\"},\"author\":{\"name\":\"Redacci\u00f3n Box Repsol\",\"@id\":\"https:\\\/\\\/www.boxrepsol.com\\\/es\\\/#\\\/schema\\\/person\\\/c5c2138f2cca251b0ad92b7086bb60b7\"},\"headline\":\"Sergio Garc\u00eda logra en su tierra su primera victoria mundialista\",\"datePublished\":\"2019-11-17T02:00:00+00:00\",\"dateModified\":\"2024-04-25T08:58:56+00:00\",\"mainEntityOfPage\":{\"@id\":\"https:\\\/\\\/www.boxrepsol.com\\\/es\\\/motogp\\\/sergio-garcia-logra-tierra-primera-victoria-mundialista-moto3\\\/\"},\"wordCount\":381,\"commentCount\":0,\"publisher\":{\"@id\":\"https:\\\/\\\/www.boxrepsol.com\\\/es\\\/#organization\"},\"image\":{\"@id\":\"https:\\\/\\\/www.boxrepsol.com\\\/es\\\/motogp\\\/sergio-garcia-logra-tierra-primera-victoria-mundialista-moto3\\\/#primaryimage\"},\"thumbnailUrl\":\"https:\\\/\\\/bxrepsol.s3.eu-west-1.amazonaws.com\\\/static\\\/2022\\\/08\\\/29090804\\\/Sergio-Garcia-en-Valencia-2019.jpg\",\"keywords\":[\"MotoGP Valencia\"],\"articleSection\":[\"MotoGP\"],\"inLanguage\":\"es\",\"potentialAction\":[{\"@type\":\"CommentAction\",\"name\":\"Comment\",\"target\":[\"https:\\\/\\\/www.boxrepsol.com\\\/es\\\/motogp\\\/sergio-garcia-logra-tierra-primera-victoria-mundialista-moto3\\\/#respond\"]}]},{\"@type\":\"WebPage\",\"@id\":\"https:\\\/\\\/www.boxrepsol.com\\\/es\\\/motogp\\\/sergio-garcia-logra-tierra-primera-victoria-mundialista-moto3\\\/\",\"url\":\"https:\\\/\\\/www.boxrepsol.com\\\/es\\\/motogp\\\/sergio-garcia-logra-tierra-primera-victoria-mundialista-moto3\\\/\",\"name\":\"GP de Valencia 2019 - Carrera Moto3 - Sergio Garc\u00eda logra en su tierra su primera victoria mundialista\",\"isPartOf\":{\"@id\":\"https:\\\/\\\/www.boxrepsol.com\\\/es\\\/#website\"},\"primaryImageOfPage\":{\"@id\":\"https:\\\/\\\/www.boxrepsol.com\\\/es\\\/motogp\\\/sergio-garcia-logra-tierra-primera-victoria-mundialista-moto3\\\/#primaryimage\"},\"image\":{\"@id\":\"https:\\\/\\\/www.boxrepsol.com\\\/es\\\/motogp\\\/sergio-garcia-logra-tierra-primera-victoria-mundialista-moto3\\\/#primaryimage\"},\"thumbnailUrl\":\"https:\\\/\\\/bxrepsol.s3.eu-west-1.amazonaws.com\\\/static\\\/2022\\\/08\\\/29090804\\\/Sergio-Garcia-en-Valencia-2019.jpg\",\"datePublished\":\"2019-11-17T02:00:00+00:00\",\"dateModified\":\"2024-04-25T08:58:56+00:00\",\"description\":\"El piloto Repsol logra el triunfo en un ajustado final de carrera en Moto3. Su compa\u00f1ero Alonso L\u00f3pez no ha terminado tras verse implicado en una ca\u00edda.\",\"breadcrumb\":{\"@id\":\"https:\\\/\\\/www.boxrepsol.com\\\/es\\\/motogp\\\/sergio-garcia-logra-tierra-primera-victoria-mundialista-moto3\\\/#breadcrumb\"},\"inLanguage\":\"es\",\"potentialAction\":[{\"@type\":\"ReadAction\",\"target\":[\"https:\\\/\\\/www.boxrepsol.com\\\/es\\\/motogp\\\/sergio-garcia-logra-tierra-primera-victoria-mundialista-moto3\\\/\"]}]},{\"@type\":\"ImageObject\",\"inLanguage\":\"es\",\"@id\":\"https:\\\/\\\/www.boxrepsol.com\\\/es\\\/motogp\\\/sergio-garcia-logra-tierra-primera-victoria-mundialista-moto3\\\/#primaryimage\",\"url\":\"https:\\\/\\\/bxrepsol.s3.eu-west-1.amazonaws.com\\\/static\\\/2022\\\/08\\\/29090804\\\/Sergio-Garcia-en-Valencia-2019.jpg\",\"contentUrl\":\"https:\\\/\\\/bxrepsol.s3.eu-west-1.amazonaws.com\\\/static\\\/2022\\\/08\\\/29090804\\\/Sergio-Garcia-en-Valencia-2019.jpg\",\"width\":1280,\"height\":600,\"caption\":\"19 Valencia GP 14. 15.16 y 17 de noviembre de 2019. Circuito Ricardo Tormo. Cheste. Valencia. Moto3, M3, M3, Moto3\"},{\"@type\":\"BreadcrumbList\",\"@id\":\"https:\\\/\\\/www.boxrepsol.com\\\/es\\\/motogp\\\/sergio-garcia-logra-tierra-primera-victoria-mundialista-moto3\\\/#breadcrumb\",\"itemListElement\":[{\"@type\":\"ListItem\",\"position\":1,\"name\":\"Home\",\"item\":\"https:\\\/\\\/www.boxrepsol.com\\\/es\\\/\"},{\"@type\":\"ListItem\",\"position\":2,\"name\":\"Sergio Garc\u00eda logra en su tierra su primera victoria mundialista\"}]},{\"@type\":\"WebSite\",\"@id\":\"https:\\\/\\\/www.boxrepsol.com\\\/es\\\/#website\",\"url\":\"https:\\\/\\\/www.boxrepsol.com\\\/es\\\/\",\"name\":\"Box Repsol\",\"description\":\"Box Repsol Site\",\"publisher\":{\"@id\":\"https:\\\/\\\/www.boxrepsol.com\\\/es\\\/#organization\"},\"potentialAction\":[{\"@type\":\"SearchAction\",\"target\":{\"@type\":\"EntryPoint\",\"urlTemplate\":\"https:\\\/\\\/www.boxrepsol.com\\\/es\\\/?s={search_term_string}\"},\"query-input\":{\"@type\":\"PropertyValueSpecification\",\"valueRequired\":true,\"valueName\":\"search_term_string\"}}],\"inLanguage\":\"es\"},{\"@type\":\"Organization\",\"@id\":\"https:\\\/\\\/www.boxrepsol.com\\\/es\\\/#organization\",\"name\":\"Box Repsol\",\"url\":\"https:\\\/\\\/www.boxrepsol.com\\\/es\\\/\",\"logo\":{\"@type\":\"ImageObject\",\"inLanguage\":\"es\",\"@id\":\"https:\\\/\\\/www.boxrepsol.com\\\/es\\\/#\\\/schema\\\/logo\\\/image\\\/\",\"url\":\"https:\\\/\\\/bxrepsol.s3.eu-west-1.amazonaws.com\\\/static\\\/2025\\\/07\\\/30083337\\\/favicon-96x96-1.png\",\"contentUrl\":\"https:\\\/\\\/bxrepsol.s3.eu-west-1.amazonaws.com\\\/static\\\/2025\\\/07\\\/30083337\\\/favicon-96x96-1.png\",\"width\":96,\"height\":96,\"caption\":\"Box Repsol\"},\"image\":{\"@id\":\"https:\\\/\\\/www.boxrepsol.com\\\/es\\\/#\\\/schema\\\/logo\\\/image\\\/\"},\"sameAs\":[\"https:\\\/\\\/www.facebook.com\\\/BoxRepsol\",\"https:\\\/\\\/x.com\\\/box_repsol\",\"http:\\\/\\\/instagram.com\\\/box_repsol\",\"https:\\\/\\\/www.youtube.com\\\/user\\\/RepsolCompeticion\",\"https:\\\/\\\/www.flickr.com\\\/photos\\\/box_repsol\\\/\"]},{\"@type\":\"Person\",\"@id\":\"https:\\\/\\\/www.boxrepsol.com\\\/es\\\/#\\\/schema\\\/person\\\/c5c2138f2cca251b0ad92b7086bb60b7\",\"name\":\"Redacci\u00f3n Box Repsol\",\"image\":{\"@type\":\"ImageObject\",\"inLanguage\":\"es\",\"@id\":\"https:\\\/\\\/secure.gravatar.com\\\/avatar\\\/adf7b77e38b4419baf32c7e9c21dde01f4e40df611f0978e3006fc4ba0aaab7e?s=96&d=mm&r=g\",\"url\":\"https:\\\/\\\/secure.gravatar.com\\\/avatar\\\/adf7b77e38b4419baf32c7e9c21dde01f4e40df611f0978e3006fc4ba0aaab7e?s=96&d=mm&r=g\",\"contentUrl\":\"https:\\\/\\\/secure.gravatar.com\\\/avatar\\\/adf7b77e38b4419baf32c7e9c21dde01f4e40df611f0978e3006fc4ba0aaab7e?s=96&d=mm&r=g\",\"caption\":\"Redacci\u00f3n Box Repsol\"},\"description\":\"Box Repsol lo forma un equipo de periodistas, community managers, dise\u00f1adores y fot\u00f3grafos con m\u00e1s de 20 a\u00f1os de experiencia en el mundo del motorsport. Hemos vivido el primer mundial de un espa\u00f1ol en la categor\u00eda reina de motociclismo con \u00c1lex Crivill\u00e9, estuvimos en las victorias de Pedrosa y los t\u00edtulos de M\u00e1rquez, acompa\u00f1amos en \u00c1frica a Nani Roma y Marc Coma en sus conquistas del Dakar y hemos vibrado con los t\u00edtulos de Toni Bou en Trial. Adem\u00e1s, en nuestro equipo contamos con expertos en el mundo de las dos y cuatro ruedas tanto de la calle y las carreteras, como de los circuitos. Periodistas que han trabajado en revistas y publicaciones para hacerte llegar desde rutas y consejos de mantenimiento, a curiosidades y trucos de pilotaje.\",\"sameAs\":[\"https:\\\/\\\/www.facebook.com\\\/BoxRepsol\\\/\",\"https:\\\/\\\/www.instagram.com\\\/box_repsol\\\/\",\"https:\\\/\\\/x.com\\\/https:\\\/\\\/twitter.com\\\/box_repsol\",\"https:\\\/\\\/www.youtube.com\\\/@Boxrepsol\"],\"url\":\"https:\\\/\\\/www.boxrepsol.com\\\/es\\\/author\\\/redaccion-box-repsol\\\/\"}]}<\/script>\n<!-- \/ Yoast SEO plugin. -->","yoast_head_json":{"title":"GP de Valencia 2019 - Carrera Moto3 - Sergio Garc\u00eda logra en su tierra su primera victoria mundialista","description":"El piloto Repsol logra el triunfo en un ajustado final de carrera en Moto3. Su compa\u00f1ero Alonso L\u00f3pez no ha terminado tras verse implicado en una ca\u00edda.","canonical":"https:\/\/www.boxrepsol.com\/es\/motogp\/sergio-garcia-logra-tierra-primera-victoria-mundialista-moto3\/","og_locale":"es_ES","og_type":"article","og_title":"GP de Valencia 2019 - Carrera Moto3 - Sergio Garc\u00eda logra en su tierra su primera victoria mundialista","og_description":"El piloto Repsol logra el triunfo en un ajustado final de carrera en Moto3. Su compa\u00f1ero Alonso L\u00f3pez no ha terminado tras verse implicado en una ca\u00edda.","og_url":"https:\/\/www.boxrepsol.com\/es\/motogp\/sergio-garcia-logra-tierra-primera-victoria-mundialista-moto3\/","og_site_name":"Box Repsol","article_publisher":"https:\/\/www.facebook.com\/BoxRepsol","article_author":"https:\/\/www.facebook.com\/BoxRepsol\/","article_published_time":"2019-11-17T02:00:00+00:00","article_modified_time":"2024-04-25T08:58:56+00:00","og_image":[{"width":1280,"height":600,"url":"https:\/\/bxrepsol.s3.eu-west-1.amazonaws.com\/static\/2022\/08\/29090804\/Sergio-Garcia-en-Valencia-2019.jpg","type":"image\/jpeg"}],"author":"Redacci\u00f3n Box Repsol","twitter_card":"summary_large_image","twitter_creator":"@https:\/\/twitter.com\/box_repsol","twitter_site":"@box_repsol","twitter_misc":{"Written by":"Redacci\u00f3n Box Repsol","Est. reading time":"2 minutos"},"schema":{"@context":"https:\/\/schema.org","@graph":[{"@type":"Article","@id":"https:\/\/www.boxrepsol.com\/es\/motogp\/sergio-garcia-logra-tierra-primera-victoria-mundialista-moto3\/#article","isPartOf":{"@id":"https:\/\/www.boxrepsol.com\/es\/motogp\/sergio-garcia-logra-tierra-primera-victoria-mundialista-moto3\/"},"author":{"name":"Redacci\u00f3n Box Repsol","@id":"https:\/\/www.boxrepsol.com\/es\/#\/schema\/person\/c5c2138f2cca251b0ad92b7086bb60b7"},"headline":"Sergio Garc\u00eda logra en su tierra su primera victoria mundialista","datePublished":"2019-11-17T02:00:00+00:00","dateModified":"2024-04-25T08:58:56+00:00","mainEntityOfPage":{"@id":"https:\/\/www.boxrepsol.com\/es\/motogp\/sergio-garcia-logra-tierra-primera-victoria-mundialista-moto3\/"},"wordCount":381,"commentCount":0,"publisher":{"@id":"https:\/\/www.boxrepsol.com\/es\/#organization"},"image":{"@id":"https:\/\/www.boxrepsol.com\/es\/motogp\/sergio-garcia-logra-tierra-primera-victoria-mundialista-moto3\/#primaryimage"},"thumbnailUrl":"https:\/\/bxrepsol.s3.eu-west-1.amazonaws.com\/static\/2022\/08\/29090804\/Sergio-Garcia-en-Valencia-2019.jpg","keywords":["MotoGP Valencia"],"articleSection":["MotoGP"],"inLanguage":"es","potentialAction":[{"@type":"CommentAction","name":"Comment","target":["https:\/\/www.boxrepsol.com\/es\/motogp\/sergio-garcia-logra-tierra-primera-victoria-mundialista-moto3\/#respond"]}]},{"@type":"WebPage","@id":"https:\/\/www.boxrepsol.com\/es\/motogp\/sergio-garcia-logra-tierra-primera-victoria-mundialista-moto3\/","url":"https:\/\/www.boxrepsol.com\/es\/motogp\/sergio-garcia-logra-tierra-primera-victoria-mundialista-moto3\/","name":"GP de Valencia 2019 - Carrera Moto3 - Sergio Garc\u00eda logra en su tierra su primera victoria mundialista","isPartOf":{"@id":"https:\/\/www.boxrepsol.com\/es\/#website"},"primaryImageOfPage":{"@id":"https:\/\/www.boxrepsol.com\/es\/motogp\/sergio-garcia-logra-tierra-primera-victoria-mundialista-moto3\/#primaryimage"},"image":{"@id":"https:\/\/www.boxrepsol.com\/es\/motogp\/sergio-garcia-logra-tierra-primera-victoria-mundialista-moto3\/#primaryimage"},"thumbnailUrl":"https:\/\/bxrepsol.s3.eu-west-1.amazonaws.com\/static\/2022\/08\/29090804\/Sergio-Garcia-en-Valencia-2019.jpg","datePublished":"2019-11-17T02:00:00+00:00","dateModified":"2024-04-25T08:58:56+00:00","description":"El piloto Repsol logra el triunfo en un ajustado final de carrera en Moto3. Su compa\u00f1ero Alonso L\u00f3pez no ha terminado tras verse implicado en una ca\u00edda.","breadcrumb":{"@id":"https:\/\/www.boxrepsol.com\/es\/motogp\/sergio-garcia-logra-tierra-primera-victoria-mundialista-moto3\/#breadcrumb"},"inLanguage":"es","potentialAction":[{"@type":"ReadAction","target":["https:\/\/www.boxrepsol.com\/es\/motogp\/sergio-garcia-logra-tierra-primera-victoria-mundialista-moto3\/"]}]},{"@type":"ImageObject","inLanguage":"es","@id":"https:\/\/www.boxrepsol.com\/es\/motogp\/sergio-garcia-logra-tierra-primera-victoria-mundialista-moto3\/#primaryimage","url":"https:\/\/bxrepsol.s3.eu-west-1.amazonaws.com\/static\/2022\/08\/29090804\/Sergio-Garcia-en-Valencia-2019.jpg","contentUrl":"https:\/\/bxrepsol.s3.eu-west-1.amazonaws.com\/static\/2022\/08\/29090804\/Sergio-Garcia-en-Valencia-2019.jpg","width":1280,"height":600,"caption":"19 Valencia GP 14. 15.16 y 17 de noviembre de 2019. Circuito Ricardo Tormo. Cheste. Valencia. Moto3, M3, M3, Moto3"},{"@type":"BreadcrumbList","@id":"https:\/\/www.boxrepsol.com\/es\/motogp\/sergio-garcia-logra-tierra-primera-victoria-mundialista-moto3\/#breadcrumb","itemListElement":[{"@type":"ListItem","position":1,"name":"Home","item":"https:\/\/www.boxrepsol.com\/es\/"},{"@type":"ListItem","position":2,"name":"Sergio Garc\u00eda logra en su tierra su primera victoria mundialista"}]},{"@type":"WebSite","@id":"https:\/\/www.boxrepsol.com\/es\/#website","url":"https:\/\/www.boxrepsol.com\/es\/","name":"Box Repsol","description":"Box Repsol Site","publisher":{"@id":"https:\/\/www.boxrepsol.com\/es\/#organization"},"potentialAction":[{"@type":"SearchAction","target":{"@type":"EntryPoint","urlTemplate":"https:\/\/www.boxrepsol.com\/es\/?s={search_term_string}"},"query-input":{"@type":"PropertyValueSpecification","valueRequired":true,"valueName":"search_term_string"}}],"inLanguage":"es"},{"@type":"Organization","@id":"https:\/\/www.boxrepsol.com\/es\/#organization","name":"Box Repsol","url":"https:\/\/www.boxrepsol.com\/es\/","logo":{"@type":"ImageObject","inLanguage":"es","@id":"https:\/\/www.boxrepsol.com\/es\/#\/schema\/logo\/image\/","url":"https:\/\/bxrepsol.s3.eu-west-1.amazonaws.com\/static\/2025\/07\/30083337\/favicon-96x96-1.png","contentUrl":"https:\/\/bxrepsol.s3.eu-west-1.amazonaws.com\/static\/2025\/07\/30083337\/favicon-96x96-1.png","width":96,"height":96,"caption":"Box Repsol"},"image":{"@id":"https:\/\/www.boxrepsol.com\/es\/#\/schema\/logo\/image\/"},"sameAs":["https:\/\/www.facebook.com\/BoxRepsol","https:\/\/x.com\/box_repsol","http:\/\/instagram.com\/box_repsol","https:\/\/www.youtube.com\/user\/RepsolCompeticion","https:\/\/www.flickr.com\/photos\/box_repsol\/"]},{"@type":"Person","@id":"https:\/\/www.boxrepsol.com\/es\/#\/schema\/person\/c5c2138f2cca251b0ad92b7086bb60b7","name":"Redacci\u00f3n Box Repsol","image":{"@type":"ImageObject","inLanguage":"es","@id":"https:\/\/secure.gravatar.com\/avatar\/adf7b77e38b4419baf32c7e9c21dde01f4e40df611f0978e3006fc4ba0aaab7e?s=96&d=mm&r=g","url":"https:\/\/secure.gravatar.com\/avatar\/adf7b77e38b4419baf32c7e9c21dde01f4e40df611f0978e3006fc4ba0aaab7e?s=96&d=mm&r=g","contentUrl":"https:\/\/secure.gravatar.com\/avatar\/adf7b77e38b4419baf32c7e9c21dde01f4e40df611f0978e3006fc4ba0aaab7e?s=96&d=mm&r=g","caption":"Redacci\u00f3n Box Repsol"},"description":"Box Repsol lo forma un equipo de periodistas, community managers, dise\u00f1adores y fot\u00f3grafos con m\u00e1s de 20 a\u00f1os de experiencia en el mundo del motorsport. Hemos vivido el primer mundial de un espa\u00f1ol en la categor\u00eda reina de motociclismo con \u00c1lex Crivill\u00e9, estuvimos en las victorias de Pedrosa y los t\u00edtulos de M\u00e1rquez, acompa\u00f1amos en \u00c1frica a Nani Roma y Marc Coma en sus conquistas del Dakar y hemos vibrado con los t\u00edtulos de Toni Bou en Trial. Adem\u00e1s, en nuestro equipo contamos con expertos en el mundo de las dos y cuatro ruedas tanto de la calle y las carreteras, como de los circuitos. Periodistas que han trabajado en revistas y publicaciones para hacerte llegar desde rutas y consejos de mantenimiento, a curiosidades y trucos de pilotaje.","sameAs":["https:\/\/www.facebook.com\/BoxRepsol\/","https:\/\/www.instagram.com\/box_repsol\/","https:\/\/x.com\/https:\/\/twitter.com\/box_repsol","https:\/\/www.youtube.com\/@Boxrepsol"],"url":"https:\/\/www.boxrepsol.com\/es\/author\/redaccion-box-repsol\/"}]}},"_links":{"self":[{"href":"https:\/\/www.boxrepsol.com\/es\/wp-json\/wp\/v2\/posts\/94276","targetHints":{"allow":["GET"]}}],"collection":[{"href":"https:\/\/www.boxrepsol.com\/es\/wp-json\/wp\/v2\/posts"}],"about":[{"href":"https:\/\/www.boxrepsol.com\/es\/wp-json\/wp\/v2\/types\/post"}],"author":[{"embeddable":true,"href":"https:\/\/www.boxrepsol.com\/es\/wp-json\/wp\/v2\/users\/43146"}],"replies":[{"embeddable":true,"href":"https:\/\/www.boxrepsol.com\/es\/wp-json\/wp\/v2\/comments?post=94276"}],"version-history":[{"count":1,"href":"https:\/\/www.boxrepsol.com\/es\/wp-json\/wp\/v2\/posts\/94276\/revisions"}],"predecessor-version":[{"id":94277,"href":"https:\/\/www.boxrepsol.com\/es\/wp-json\/wp\/v2\/posts\/94276\/revisions\/94277"}],"wp:featuredmedia":[{"embeddable":true,"href":"https:\/\/www.boxrepsol.com\/es\/wp-json\/wp\/v2\/media\/63152"}],"wp:attachment":[{"href":"https:\/\/www.boxrepsol.com\/es\/wp-json\/wp\/v2\/media?parent=94276"}],"wp:term":[{"taxonomy":"category","embeddable":true,"href":"https:\/\/www.boxrepsol.com\/es\/wp-json\/wp\/v2\/categories?post=94276"},{"taxonomy":"post_tag","embeddable":true,"href":"https:\/\/www.boxrepsol.com\/es\/wp-json\/wp\/v2\/tags?post=94276"}],"curies":[{"name":"wp","href":"https:\/\/api.w.org\/{rel}","templated":true}]}}