{"id":94272,"date":"2019-11-16T00:00:00","date_gmt":"2019-11-16T02:00:00","guid":{"rendered":"http:\/\/pre.boxrepsol.com\/sin-categorizar\/primeros-entrenamientos-marquez-lorenzo-la-ultima-cita-del-ano\/"},"modified":"2024-04-25T06:59:10","modified_gmt":"2024-04-25T08:59:10","slug":"primeros-entrenamientos-marquez-lorenzo-la-ultima-cita-del-ano","status":"publish","type":"post","link":"https:\/\/www.boxrepsol.com\/es\/motogp\/primeros-entrenamientos-marquez-lorenzo-la-ultima-cita-del-ano\/","title":{"rendered":"Primeros entrenamientos de M\u00e1rquez y Lorenzo en la \u00faltima cita del a\u00f1o"},"content":{"rendered":"<p><strong>Marc M\u00e1rquez<\/strong>, tercero en los primeros entrenamientos libres del Gran Premio de Valencia, ha liderado buena parte del FP2 y ha concluido tercero la primera jornada en el Circuit Ricardo Tormo.<\/p>\n<p>El del equipo Repsol Honda ha sido uno de los tres \u00fanicos pilotos en rodar por debajo del minuto y 31 segundos, un tiempo que ha marcado en su cuarta vuelta del FP2.<\/p>\n<p><strong>Lorenzo<\/strong> ha mejorado un segundo sus registros de la primera a la segunda sesi\u00f3n y, aunque ha llegado a rodar entre los diez primeros a pocos minutos del final, ha concluido decimosexto.<\/p>\n<p>                <!-- Imagen relacionada --><br \/>\n        <img loading=\"lazy\" decoding=\"async\" width=\"404\" height=\"336\" src=\"https:\/\/bxrepsol.s3.eu-west-1.amazonaws.com\/static\/2022\/08\/29090755\/01_Gracias_Jorge_full-e1573750598741-404x336-2.jpg\" alt=\"Jorge Lorenzo en rueda de prensa\" \/><br \/>\n                <!-- Categor\u00eda --><br \/>\n            MotoGP<br \/>\n        <!-- T\u00edtulo --><br \/>\n        <a href=\"https:\/\/www.boxrepsol.com\/es\/motogp\/jorge-lorenzo-no-se-retira-piloto-se-retira-campeon-del-mundo\/\"><\/p>\n<h3>Jorge Lorenzo: No se retira un piloto, se retira un Campe\u00f3n del Mundo<\/h3>\n<p>        <\/a><br \/>\n                    <!-- Fecha --><br \/>\n            hace 1 hora        <\/p>\n<h2>GP de Valencia 2019 &#8211; FP2 &#8211; Declaraciones de los pilotos<\/h2>\n<p><a href=\"https:\/\/twitter.com\/hashtag\/mm93?src=hash&#038;lang=es\">#MM93<\/a><\/p>\n<p><em><strong>Estoy contento por el d\u00eda de hoy, porque hemos podido trabajar mucho.<\/strong> Los tiempos han estado muy ajustados, algo que puede pasar en un circuito tan peque\u00f1o y estrecho como este. Nos hemos concentrado en la carrera, buscando nuestro ritmo y entendiendo los neum\u00e1ticos, como de costumbre al inicio de nuestros fines de semana. Ma\u00f1ana tendremos la ocasi\u00f3n de hacer una vuelta r\u00e1pida y centrarnos en el entrenamiento cronometrado. Tambi\u00e9n hemos probado un par de cosas m\u00e1s para estar un poco m\u00e1s preparados para el futuro. Ha sido un d\u00eda ocupado.<\/em><\/p>\n<hr\/>\n<p><a href=\"https:\/\/twitter.com\/hashtag\/jl99?src=hash&#038;lang=es\">#JL99<\/a><\/p>\n<p><em><strong>Despu\u00e9s del d\u00eda de ayer, hoy ten\u00eda que intentar concentrarme<\/strong> y poner la mente en un modo normal de un fin de semana de carreras. He podido hacerlo y ha ido bastante bien; hemos estado m\u00e1s cerca de los de arriba que en las anteriores carreras, incluso si la posici\u00f3n no es mucho mejor. Al final hemos estado solo a 1.1 segundos de Quartararo. Ma\u00f1ana el objetivo es terminar entre los quince primeros, pero quiz\u00e1s podemos llegar a la Q2 si conseguimos hacer algunas mejoras. Todav\u00eda queda trabajo que hacer en cuanto al ritmo general, pero creo que podemos seguir avanzando.<\/em><\/p>\n","protected":false},"excerpt":{"rendered":"<p>El Campe\u00f3n del Mundo de MotoGP 2019 ha logrado el tercer mejor tiempo de la jornada y su compa\u00f1ero en el equipo Repsol Honda, el decimosexto<\/p>\n","protected":false},"author":43146,"featured_media":63144,"comment_status":"open","ping_status":"open","sticky":false,"template":"","format":"standard","meta":{"footnotes":""},"categories":[4],"tags":[137],"class_list":["post-94272","post","type-post","status-publish","format-standard","hentry","category-motogp","tag-motogp-valencia"],"yoast_head":"<!-- This site is optimized with the Yoast SEO plugin v27.3 - https:\/\/yoast.com\/product\/yoast-seo-wordpress\/ -->\n<title>GP de Valencia 2019 - FP2 MotoGP - Primeros entrenamientos de M\u00e1rquez y Lorenzo en la \u00faltima cita del a\u00f1o<\/title>\n<meta name=\"description\" content=\"El Campe\u00f3n del Mundo de MotoGP 2019 ha logrado el tercer mejor tiempo de la jornada y su compa\u00f1ero en el equipo Repsol Honda, el decimosexto\" \/>\n<link rel=\"canonical\" href=\"https:\/\/www.boxrepsol.com\/es\/motogp\/primeros-entrenamientos-marquez-lorenzo-la-ultima-cita-del-ano\/\" \/>\n<meta property=\"og:locale\" content=\"es_ES\" \/>\n<meta property=\"og:type\" content=\"article\" \/>\n<meta property=\"og:title\" content=\"GP de Valencia 2019 - FP2 MotoGP - Primeros entrenamientos de M\u00e1rquez y Lorenzo en la \u00faltima cita del a\u00f1o\" \/>\n<meta property=\"og:description\" content=\"El Campe\u00f3n del Mundo de MotoGP 2019 ha logrado el tercer mejor tiempo de la jornada y su compa\u00f1ero en el equipo Repsol Honda, el decimosexto\" \/>\n<meta property=\"og:url\" content=\"https:\/\/www.boxrepsol.com\/es\/motogp\/primeros-entrenamientos-marquez-lorenzo-la-ultima-cita-del-ano\/\" \/>\n<meta property=\"og:site_name\" content=\"Box Repsol\" \/>\n<meta property=\"article:publisher\" content=\"https:\/\/www.facebook.com\/BoxRepsol\" \/>\n<meta property=\"article:author\" content=\"https:\/\/www.facebook.com\/BoxRepsol\/\" \/>\n<meta property=\"article:published_time\" content=\"2019-11-16T02:00:00+00:00\" \/>\n<meta property=\"article:modified_time\" content=\"2024-04-25T08:59:10+00:00\" \/>\n<meta property=\"og:image\" content=\"https:\/\/bxrepsol.s3.eu-west-1.amazonaws.com\/static\/2022\/08\/29090756\/Marquez-y-Lorenzo-en-Valencia-2019.jpg\" \/>\n\t<meta property=\"og:image:width\" content=\"1280\" \/>\n\t<meta property=\"og:image:height\" content=\"600\" \/>\n\t<meta property=\"og:image:type\" content=\"image\/jpeg\" \/>\n<meta name=\"author\" content=\"Redacci\u00f3n Box Repsol\" \/>\n<meta name=\"twitter:card\" content=\"summary_large_image\" \/>\n<meta name=\"twitter:creator\" content=\"@https:\/\/twitter.com\/box_repsol\" \/>\n<meta name=\"twitter:site\" content=\"@box_repsol\" \/>\n<meta name=\"twitter:label1\" content=\"Written by\" \/>\n\t<meta name=\"twitter:data1\" content=\"Redacci\u00f3n Box Repsol\" \/>\n\t<meta name=\"twitter:label2\" content=\"Est. reading time\" \/>\n\t<meta name=\"twitter:data2\" content=\"2 minutos\" \/>\n<script type=\"application\/ld+json\" class=\"yoast-schema-graph\">{\"@context\":\"https:\\\/\\\/schema.org\",\"@graph\":[{\"@type\":\"Article\",\"@id\":\"https:\\\/\\\/www.boxrepsol.com\\\/es\\\/motogp\\\/primeros-entrenamientos-marquez-lorenzo-la-ultima-cita-del-ano\\\/#article\",\"isPartOf\":{\"@id\":\"https:\\\/\\\/www.boxrepsol.com\\\/es\\\/motogp\\\/primeros-entrenamientos-marquez-lorenzo-la-ultima-cita-del-ano\\\/\"},\"author\":{\"name\":\"Redacci\u00f3n Box Repsol\",\"@id\":\"https:\\\/\\\/www.boxrepsol.com\\\/es\\\/#\\\/schema\\\/person\\\/c5c2138f2cca251b0ad92b7086bb60b7\"},\"headline\":\"Primeros entrenamientos de M\u00e1rquez y Lorenzo en la \u00faltima cita del a\u00f1o\",\"datePublished\":\"2019-11-16T02:00:00+00:00\",\"dateModified\":\"2024-04-25T08:59:10+00:00\",\"mainEntityOfPage\":{\"@id\":\"https:\\\/\\\/www.boxrepsol.com\\\/es\\\/motogp\\\/primeros-entrenamientos-marquez-lorenzo-la-ultima-cita-del-ano\\\/\"},\"wordCount\":349,\"commentCount\":0,\"publisher\":{\"@id\":\"https:\\\/\\\/www.boxrepsol.com\\\/es\\\/#organization\"},\"image\":{\"@id\":\"https:\\\/\\\/www.boxrepsol.com\\\/es\\\/motogp\\\/primeros-entrenamientos-marquez-lorenzo-la-ultima-cita-del-ano\\\/#primaryimage\"},\"thumbnailUrl\":\"https:\\\/\\\/bxrepsol.s3.eu-west-1.amazonaws.com\\\/static\\\/2022\\\/08\\\/29090756\\\/Marquez-y-Lorenzo-en-Valencia-2019.jpg\",\"keywords\":[\"MotoGP Valencia\"],\"articleSection\":[\"MotoGP\"],\"inLanguage\":\"es\",\"potentialAction\":[{\"@type\":\"CommentAction\",\"name\":\"Comment\",\"target\":[\"https:\\\/\\\/www.boxrepsol.com\\\/es\\\/motogp\\\/primeros-entrenamientos-marquez-lorenzo-la-ultima-cita-del-ano\\\/#respond\"]}]},{\"@type\":\"WebPage\",\"@id\":\"https:\\\/\\\/www.boxrepsol.com\\\/es\\\/motogp\\\/primeros-entrenamientos-marquez-lorenzo-la-ultima-cita-del-ano\\\/\",\"url\":\"https:\\\/\\\/www.boxrepsol.com\\\/es\\\/motogp\\\/primeros-entrenamientos-marquez-lorenzo-la-ultima-cita-del-ano\\\/\",\"name\":\"GP de Valencia 2019 - FP2 MotoGP - Primeros entrenamientos de M\u00e1rquez y Lorenzo en la \u00faltima cita del a\u00f1o\",\"isPartOf\":{\"@id\":\"https:\\\/\\\/www.boxrepsol.com\\\/es\\\/#website\"},\"primaryImageOfPage\":{\"@id\":\"https:\\\/\\\/www.boxrepsol.com\\\/es\\\/motogp\\\/primeros-entrenamientos-marquez-lorenzo-la-ultima-cita-del-ano\\\/#primaryimage\"},\"image\":{\"@id\":\"https:\\\/\\\/www.boxrepsol.com\\\/es\\\/motogp\\\/primeros-entrenamientos-marquez-lorenzo-la-ultima-cita-del-ano\\\/#primaryimage\"},\"thumbnailUrl\":\"https:\\\/\\\/bxrepsol.s3.eu-west-1.amazonaws.com\\\/static\\\/2022\\\/08\\\/29090756\\\/Marquez-y-Lorenzo-en-Valencia-2019.jpg\",\"datePublished\":\"2019-11-16T02:00:00+00:00\",\"dateModified\":\"2024-04-25T08:59:10+00:00\",\"description\":\"El Campe\u00f3n del Mundo de MotoGP 2019 ha logrado el tercer mejor tiempo de la jornada y su compa\u00f1ero en el equipo Repsol Honda, el decimosexto\",\"breadcrumb\":{\"@id\":\"https:\\\/\\\/www.boxrepsol.com\\\/es\\\/motogp\\\/primeros-entrenamientos-marquez-lorenzo-la-ultima-cita-del-ano\\\/#breadcrumb\"},\"inLanguage\":\"es\",\"potentialAction\":[{\"@type\":\"ReadAction\",\"target\":[\"https:\\\/\\\/www.boxrepsol.com\\\/es\\\/motogp\\\/primeros-entrenamientos-marquez-lorenzo-la-ultima-cita-del-ano\\\/\"]}]},{\"@type\":\"ImageObject\",\"inLanguage\":\"es\",\"@id\":\"https:\\\/\\\/www.boxrepsol.com\\\/es\\\/motogp\\\/primeros-entrenamientos-marquez-lorenzo-la-ultima-cita-del-ano\\\/#primaryimage\",\"url\":\"https:\\\/\\\/bxrepsol.s3.eu-west-1.amazonaws.com\\\/static\\\/2022\\\/08\\\/29090756\\\/Marquez-y-Lorenzo-en-Valencia-2019.jpg\",\"contentUrl\":\"https:\\\/\\\/bxrepsol.s3.eu-west-1.amazonaws.com\\\/static\\\/2022\\\/08\\\/29090756\\\/Marquez-y-Lorenzo-en-Valencia-2019.jpg\",\"width\":1280,\"height\":600,\"caption\":\"19 Valencia GP 14. 15.16 y 17 de noviembre de 2019. Circuito Ricardo Tormo. Cheste. Valencia. Motogp, MGP, Mgp, MotoGP\"},{\"@type\":\"BreadcrumbList\",\"@id\":\"https:\\\/\\\/www.boxrepsol.com\\\/es\\\/motogp\\\/primeros-entrenamientos-marquez-lorenzo-la-ultima-cita-del-ano\\\/#breadcrumb\",\"itemListElement\":[{\"@type\":\"ListItem\",\"position\":1,\"name\":\"Home\",\"item\":\"https:\\\/\\\/www.boxrepsol.com\\\/es\\\/\"},{\"@type\":\"ListItem\",\"position\":2,\"name\":\"Primeros entrenamientos de M\u00e1rquez y Lorenzo en la \u00faltima cita del a\u00f1o\"}]},{\"@type\":\"WebSite\",\"@id\":\"https:\\\/\\\/www.boxrepsol.com\\\/es\\\/#website\",\"url\":\"https:\\\/\\\/www.boxrepsol.com\\\/es\\\/\",\"name\":\"Box Repsol\",\"description\":\"Box Repsol Site\",\"publisher\":{\"@id\":\"https:\\\/\\\/www.boxrepsol.com\\\/es\\\/#organization\"},\"potentialAction\":[{\"@type\":\"SearchAction\",\"target\":{\"@type\":\"EntryPoint\",\"urlTemplate\":\"https:\\\/\\\/www.boxrepsol.com\\\/es\\\/?s={search_term_string}\"},\"query-input\":{\"@type\":\"PropertyValueSpecification\",\"valueRequired\":true,\"valueName\":\"search_term_string\"}}],\"inLanguage\":\"es\"},{\"@type\":\"Organization\",\"@id\":\"https:\\\/\\\/www.boxrepsol.com\\\/es\\\/#organization\",\"name\":\"Box Repsol\",\"url\":\"https:\\\/\\\/www.boxrepsol.com\\\/es\\\/\",\"logo\":{\"@type\":\"ImageObject\",\"inLanguage\":\"es\",\"@id\":\"https:\\\/\\\/www.boxrepsol.com\\\/es\\\/#\\\/schema\\\/logo\\\/image\\\/\",\"url\":\"https:\\\/\\\/bxrepsol.s3.eu-west-1.amazonaws.com\\\/static\\\/2025\\\/07\\\/30083337\\\/favicon-96x96-1.png\",\"contentUrl\":\"https:\\\/\\\/bxrepsol.s3.eu-west-1.amazonaws.com\\\/static\\\/2025\\\/07\\\/30083337\\\/favicon-96x96-1.png\",\"width\":96,\"height\":96,\"caption\":\"Box Repsol\"},\"image\":{\"@id\":\"https:\\\/\\\/www.boxrepsol.com\\\/es\\\/#\\\/schema\\\/logo\\\/image\\\/\"},\"sameAs\":[\"https:\\\/\\\/www.facebook.com\\\/BoxRepsol\",\"https:\\\/\\\/x.com\\\/box_repsol\",\"http:\\\/\\\/instagram.com\\\/box_repsol\",\"https:\\\/\\\/www.youtube.com\\\/user\\\/RepsolCompeticion\",\"https:\\\/\\\/www.flickr.com\\\/photos\\\/box_repsol\\\/\"]},{\"@type\":\"Person\",\"@id\":\"https:\\\/\\\/www.boxrepsol.com\\\/es\\\/#\\\/schema\\\/person\\\/c5c2138f2cca251b0ad92b7086bb60b7\",\"name\":\"Redacci\u00f3n Box Repsol\",\"image\":{\"@type\":\"ImageObject\",\"inLanguage\":\"es\",\"@id\":\"https:\\\/\\\/secure.gravatar.com\\\/avatar\\\/adf7b77e38b4419baf32c7e9c21dde01f4e40df611f0978e3006fc4ba0aaab7e?s=96&d=mm&r=g\",\"url\":\"https:\\\/\\\/secure.gravatar.com\\\/avatar\\\/adf7b77e38b4419baf32c7e9c21dde01f4e40df611f0978e3006fc4ba0aaab7e?s=96&d=mm&r=g\",\"contentUrl\":\"https:\\\/\\\/secure.gravatar.com\\\/avatar\\\/adf7b77e38b4419baf32c7e9c21dde01f4e40df611f0978e3006fc4ba0aaab7e?s=96&d=mm&r=g\",\"caption\":\"Redacci\u00f3n Box Repsol\"},\"description\":\"Box Repsol lo forma un equipo de periodistas, community managers, dise\u00f1adores y fot\u00f3grafos con m\u00e1s de 20 a\u00f1os de experiencia en el mundo del motorsport. Hemos vivido el primer mundial de un espa\u00f1ol en la categor\u00eda reina de motociclismo con \u00c1lex Crivill\u00e9, estuvimos en las victorias de Pedrosa y los t\u00edtulos de M\u00e1rquez, acompa\u00f1amos en \u00c1frica a Nani Roma y Marc Coma en sus conquistas del Dakar y hemos vibrado con los t\u00edtulos de Toni Bou en Trial. Adem\u00e1s, en nuestro equipo contamos con expertos en el mundo de las dos y cuatro ruedas tanto de la calle y las carreteras, como de los circuitos. Periodistas que han trabajado en revistas y publicaciones para hacerte llegar desde rutas y consejos de mantenimiento, a curiosidades y trucos de pilotaje.\",\"sameAs\":[\"https:\\\/\\\/www.facebook.com\\\/BoxRepsol\\\/\",\"https:\\\/\\\/www.instagram.com\\\/box_repsol\\\/\",\"https:\\\/\\\/x.com\\\/https:\\\/\\\/twitter.com\\\/box_repsol\",\"https:\\\/\\\/www.youtube.com\\\/@Boxrepsol\"],\"url\":\"https:\\\/\\\/www.boxrepsol.com\\\/es\\\/author\\\/redaccion-box-repsol\\\/\"}]}<\/script>\n<!-- \/ Yoast SEO plugin. -->","yoast_head_json":{"title":"GP de Valencia 2019 - FP2 MotoGP - Primeros entrenamientos de M\u00e1rquez y Lorenzo en la \u00faltima cita del a\u00f1o","description":"El Campe\u00f3n del Mundo de MotoGP 2019 ha logrado el tercer mejor tiempo de la jornada y su compa\u00f1ero en el equipo Repsol Honda, el decimosexto","canonical":"https:\/\/www.boxrepsol.com\/es\/motogp\/primeros-entrenamientos-marquez-lorenzo-la-ultima-cita-del-ano\/","og_locale":"es_ES","og_type":"article","og_title":"GP de Valencia 2019 - FP2 MotoGP - Primeros entrenamientos de M\u00e1rquez y Lorenzo en la \u00faltima cita del a\u00f1o","og_description":"El Campe\u00f3n del Mundo de MotoGP 2019 ha logrado el tercer mejor tiempo de la jornada y su compa\u00f1ero en el equipo Repsol Honda, el decimosexto","og_url":"https:\/\/www.boxrepsol.com\/es\/motogp\/primeros-entrenamientos-marquez-lorenzo-la-ultima-cita-del-ano\/","og_site_name":"Box Repsol","article_publisher":"https:\/\/www.facebook.com\/BoxRepsol","article_author":"https:\/\/www.facebook.com\/BoxRepsol\/","article_published_time":"2019-11-16T02:00:00+00:00","article_modified_time":"2024-04-25T08:59:10+00:00","og_image":[{"width":1280,"height":600,"url":"https:\/\/bxrepsol.s3.eu-west-1.amazonaws.com\/static\/2022\/08\/29090756\/Marquez-y-Lorenzo-en-Valencia-2019.jpg","type":"image\/jpeg"}],"author":"Redacci\u00f3n Box Repsol","twitter_card":"summary_large_image","twitter_creator":"@https:\/\/twitter.com\/box_repsol","twitter_site":"@box_repsol","twitter_misc":{"Written by":"Redacci\u00f3n Box Repsol","Est. reading time":"2 minutos"},"schema":{"@context":"https:\/\/schema.org","@graph":[{"@type":"Article","@id":"https:\/\/www.boxrepsol.com\/es\/motogp\/primeros-entrenamientos-marquez-lorenzo-la-ultima-cita-del-ano\/#article","isPartOf":{"@id":"https:\/\/www.boxrepsol.com\/es\/motogp\/primeros-entrenamientos-marquez-lorenzo-la-ultima-cita-del-ano\/"},"author":{"name":"Redacci\u00f3n Box Repsol","@id":"https:\/\/www.boxrepsol.com\/es\/#\/schema\/person\/c5c2138f2cca251b0ad92b7086bb60b7"},"headline":"Primeros entrenamientos de M\u00e1rquez y Lorenzo en la \u00faltima cita del a\u00f1o","datePublished":"2019-11-16T02:00:00+00:00","dateModified":"2024-04-25T08:59:10+00:00","mainEntityOfPage":{"@id":"https:\/\/www.boxrepsol.com\/es\/motogp\/primeros-entrenamientos-marquez-lorenzo-la-ultima-cita-del-ano\/"},"wordCount":349,"commentCount":0,"publisher":{"@id":"https:\/\/www.boxrepsol.com\/es\/#organization"},"image":{"@id":"https:\/\/www.boxrepsol.com\/es\/motogp\/primeros-entrenamientos-marquez-lorenzo-la-ultima-cita-del-ano\/#primaryimage"},"thumbnailUrl":"https:\/\/bxrepsol.s3.eu-west-1.amazonaws.com\/static\/2022\/08\/29090756\/Marquez-y-Lorenzo-en-Valencia-2019.jpg","keywords":["MotoGP Valencia"],"articleSection":["MotoGP"],"inLanguage":"es","potentialAction":[{"@type":"CommentAction","name":"Comment","target":["https:\/\/www.boxrepsol.com\/es\/motogp\/primeros-entrenamientos-marquez-lorenzo-la-ultima-cita-del-ano\/#respond"]}]},{"@type":"WebPage","@id":"https:\/\/www.boxrepsol.com\/es\/motogp\/primeros-entrenamientos-marquez-lorenzo-la-ultima-cita-del-ano\/","url":"https:\/\/www.boxrepsol.com\/es\/motogp\/primeros-entrenamientos-marquez-lorenzo-la-ultima-cita-del-ano\/","name":"GP de Valencia 2019 - FP2 MotoGP - Primeros entrenamientos de M\u00e1rquez y Lorenzo en la \u00faltima cita del a\u00f1o","isPartOf":{"@id":"https:\/\/www.boxrepsol.com\/es\/#website"},"primaryImageOfPage":{"@id":"https:\/\/www.boxrepsol.com\/es\/motogp\/primeros-entrenamientos-marquez-lorenzo-la-ultima-cita-del-ano\/#primaryimage"},"image":{"@id":"https:\/\/www.boxrepsol.com\/es\/motogp\/primeros-entrenamientos-marquez-lorenzo-la-ultima-cita-del-ano\/#primaryimage"},"thumbnailUrl":"https:\/\/bxrepsol.s3.eu-west-1.amazonaws.com\/static\/2022\/08\/29090756\/Marquez-y-Lorenzo-en-Valencia-2019.jpg","datePublished":"2019-11-16T02:00:00+00:00","dateModified":"2024-04-25T08:59:10+00:00","description":"El Campe\u00f3n del Mundo de MotoGP 2019 ha logrado el tercer mejor tiempo de la jornada y su compa\u00f1ero en el equipo Repsol Honda, el decimosexto","breadcrumb":{"@id":"https:\/\/www.boxrepsol.com\/es\/motogp\/primeros-entrenamientos-marquez-lorenzo-la-ultima-cita-del-ano\/#breadcrumb"},"inLanguage":"es","potentialAction":[{"@type":"ReadAction","target":["https:\/\/www.boxrepsol.com\/es\/motogp\/primeros-entrenamientos-marquez-lorenzo-la-ultima-cita-del-ano\/"]}]},{"@type":"ImageObject","inLanguage":"es","@id":"https:\/\/www.boxrepsol.com\/es\/motogp\/primeros-entrenamientos-marquez-lorenzo-la-ultima-cita-del-ano\/#primaryimage","url":"https:\/\/bxrepsol.s3.eu-west-1.amazonaws.com\/static\/2022\/08\/29090756\/Marquez-y-Lorenzo-en-Valencia-2019.jpg","contentUrl":"https:\/\/bxrepsol.s3.eu-west-1.amazonaws.com\/static\/2022\/08\/29090756\/Marquez-y-Lorenzo-en-Valencia-2019.jpg","width":1280,"height":600,"caption":"19 Valencia GP 14. 15.16 y 17 de noviembre de 2019. Circuito Ricardo Tormo. Cheste. Valencia. Motogp, MGP, Mgp, MotoGP"},{"@type":"BreadcrumbList","@id":"https:\/\/www.boxrepsol.com\/es\/motogp\/primeros-entrenamientos-marquez-lorenzo-la-ultima-cita-del-ano\/#breadcrumb","itemListElement":[{"@type":"ListItem","position":1,"name":"Home","item":"https:\/\/www.boxrepsol.com\/es\/"},{"@type":"ListItem","position":2,"name":"Primeros entrenamientos de M\u00e1rquez y Lorenzo en la \u00faltima cita del a\u00f1o"}]},{"@type":"WebSite","@id":"https:\/\/www.boxrepsol.com\/es\/#website","url":"https:\/\/www.boxrepsol.com\/es\/","name":"Box Repsol","description":"Box Repsol Site","publisher":{"@id":"https:\/\/www.boxrepsol.com\/es\/#organization"},"potentialAction":[{"@type":"SearchAction","target":{"@type":"EntryPoint","urlTemplate":"https:\/\/www.boxrepsol.com\/es\/?s={search_term_string}"},"query-input":{"@type":"PropertyValueSpecification","valueRequired":true,"valueName":"search_term_string"}}],"inLanguage":"es"},{"@type":"Organization","@id":"https:\/\/www.boxrepsol.com\/es\/#organization","name":"Box Repsol","url":"https:\/\/www.boxrepsol.com\/es\/","logo":{"@type":"ImageObject","inLanguage":"es","@id":"https:\/\/www.boxrepsol.com\/es\/#\/schema\/logo\/image\/","url":"https:\/\/bxrepsol.s3.eu-west-1.amazonaws.com\/static\/2025\/07\/30083337\/favicon-96x96-1.png","contentUrl":"https:\/\/bxrepsol.s3.eu-west-1.amazonaws.com\/static\/2025\/07\/30083337\/favicon-96x96-1.png","width":96,"height":96,"caption":"Box Repsol"},"image":{"@id":"https:\/\/www.boxrepsol.com\/es\/#\/schema\/logo\/image\/"},"sameAs":["https:\/\/www.facebook.com\/BoxRepsol","https:\/\/x.com\/box_repsol","http:\/\/instagram.com\/box_repsol","https:\/\/www.youtube.com\/user\/RepsolCompeticion","https:\/\/www.flickr.com\/photos\/box_repsol\/"]},{"@type":"Person","@id":"https:\/\/www.boxrepsol.com\/es\/#\/schema\/person\/c5c2138f2cca251b0ad92b7086bb60b7","name":"Redacci\u00f3n Box Repsol","image":{"@type":"ImageObject","inLanguage":"es","@id":"https:\/\/secure.gravatar.com\/avatar\/adf7b77e38b4419baf32c7e9c21dde01f4e40df611f0978e3006fc4ba0aaab7e?s=96&d=mm&r=g","url":"https:\/\/secure.gravatar.com\/avatar\/adf7b77e38b4419baf32c7e9c21dde01f4e40df611f0978e3006fc4ba0aaab7e?s=96&d=mm&r=g","contentUrl":"https:\/\/secure.gravatar.com\/avatar\/adf7b77e38b4419baf32c7e9c21dde01f4e40df611f0978e3006fc4ba0aaab7e?s=96&d=mm&r=g","caption":"Redacci\u00f3n Box Repsol"},"description":"Box Repsol lo forma un equipo de periodistas, community managers, dise\u00f1adores y fot\u00f3grafos con m\u00e1s de 20 a\u00f1os de experiencia en el mundo del motorsport. Hemos vivido el primer mundial de un espa\u00f1ol en la categor\u00eda reina de motociclismo con \u00c1lex Crivill\u00e9, estuvimos en las victorias de Pedrosa y los t\u00edtulos de M\u00e1rquez, acompa\u00f1amos en \u00c1frica a Nani Roma y Marc Coma en sus conquistas del Dakar y hemos vibrado con los t\u00edtulos de Toni Bou en Trial. Adem\u00e1s, en nuestro equipo contamos con expertos en el mundo de las dos y cuatro ruedas tanto de la calle y las carreteras, como de los circuitos. Periodistas que han trabajado en revistas y publicaciones para hacerte llegar desde rutas y consejos de mantenimiento, a curiosidades y trucos de pilotaje.","sameAs":["https:\/\/www.facebook.com\/BoxRepsol\/","https:\/\/www.instagram.com\/box_repsol\/","https:\/\/x.com\/https:\/\/twitter.com\/box_repsol","https:\/\/www.youtube.com\/@Boxrepsol"],"url":"https:\/\/www.boxrepsol.com\/es\/author\/redaccion-box-repsol\/"}]}},"_links":{"self":[{"href":"https:\/\/www.boxrepsol.com\/es\/wp-json\/wp\/v2\/posts\/94272","targetHints":{"allow":["GET"]}}],"collection":[{"href":"https:\/\/www.boxrepsol.com\/es\/wp-json\/wp\/v2\/posts"}],"about":[{"href":"https:\/\/www.boxrepsol.com\/es\/wp-json\/wp\/v2\/types\/post"}],"author":[{"embeddable":true,"href":"https:\/\/www.boxrepsol.com\/es\/wp-json\/wp\/v2\/users\/43146"}],"replies":[{"embeddable":true,"href":"https:\/\/www.boxrepsol.com\/es\/wp-json\/wp\/v2\/comments?post=94272"}],"version-history":[{"count":1,"href":"https:\/\/www.boxrepsol.com\/es\/wp-json\/wp\/v2\/posts\/94272\/revisions"}],"predecessor-version":[{"id":94273,"href":"https:\/\/www.boxrepsol.com\/es\/wp-json\/wp\/v2\/posts\/94272\/revisions\/94273"}],"wp:featuredmedia":[{"embeddable":true,"href":"https:\/\/www.boxrepsol.com\/es\/wp-json\/wp\/v2\/media\/63144"}],"wp:attachment":[{"href":"https:\/\/www.boxrepsol.com\/es\/wp-json\/wp\/v2\/media?parent=94272"}],"wp:term":[{"taxonomy":"category","embeddable":true,"href":"https:\/\/www.boxrepsol.com\/es\/wp-json\/wp\/v2\/categories?post=94272"},{"taxonomy":"post_tag","embeddable":true,"href":"https:\/\/www.boxrepsol.com\/es\/wp-json\/wp\/v2\/tags?post=94272"}],"curies":[{"name":"wp","href":"https:\/\/api.w.org\/{rel}","templated":true}]}}