{"id":94270,"date":"2019-11-14T00:00:00","date_gmt":"2019-11-14T02:00:00","guid":{"rendered":"http:\/\/pre.boxrepsol.com\/sin-categorizar\/jorge-lorenzo-no-se-retira-piloto-se-retira-campeon-del-mundo\/"},"modified":"2024-04-25T06:59:16","modified_gmt":"2024-04-25T08:59:16","slug":"jorge-lorenzo-no-se-retira-piloto-se-retira-campeon-del-mundo","status":"publish","type":"post","link":"https:\/\/www.boxrepsol.com\/es\/motogp\/jorge-lorenzo-no-se-retira-piloto-se-retira-campeon-del-mundo\/","title":{"rendered":"Jorge Lorenzo: No se retira un piloto, se retira un Campe\u00f3n del Mundo"},"content":{"rendered":"<p>El 5 veces Campe\u00f3n del Mundo ha anunciado su retirada, que se har\u00e1 efectiva una vez termine el \u00faltimo Gran Premio de la temporada 2019. El piloto mallorqu\u00edn deja a sus espaldas una dilatada carrera profesional con 68 victorias, 152 podios, 69 poles, 37 vueltas r\u00e1pidas y 3.943 puntos en 296 carreras disputadas. Estos n\u00fameros le convierten en uno de los pilotos m\u00e1s laureados de la Categor\u00eda Reina, permiti\u00e9ndole tener un lugar junto a las leyendas de MotoGP como Dani Pedrosa, Casey Stoner o Mick Doohan. <\/p>\n<p>Este fin de semana veremos a Jorge vestir los colores Repsol Honda por \u00faltima vez y luchar por conseguir el Mundial por Equipos, el cual est\u00e1 a una apretad\u00edsima diferencia de 2 puntos.<\/p>\n<p>Acompa\u00f1a a Box Repsol en nuestra <a href=\"https:\/\/www.boxrepsol.com\/es\/app-box-repsol\/\">app<\/a> y <a href=\"https:\/\/twitter.com\/box_repsol?lang=es\">redes sociales<\/a> durante el GP de Valencia, en el que tendremos el placer y el privilegio de ver al 99 correr por \u00faltima vez en MotoGP.<\/p>\n<p>                <!-- Imagen relacionada --><br \/>\n        <img loading=\"lazy\" decoding=\"async\" width=\"404\" height=\"336\" src=\"https:\/\/bxrepsol.s3.eu-west-1.amazonaws.com\/static\/2022\/08\/05051401\/00_motogp_marc_marquez_repsol_honda_rc213v1.jpg\" alt=\"Marc M\u00e1rquez conduciendo en pista\" \/><br \/>\n                <!-- Categor\u00eda --><br \/>\n            MotoGP<br \/>\n        <!-- T\u00edtulo --><br \/>\n        <a href=\"https:\/\/www.boxrepsol.com\/es\/motogp\/marc-marquez-jorge-lorenzo-busca-la-triple-corona-valencia\/\"><\/p>\n<h3>Marc M\u00e1rquez y Jorge Lorenzo, en busca de la Triple Corona en Valencia<\/h3>\n<p>        <\/a><br \/>\n                    <!-- Fecha --><br \/>\n            hace 1 hora<\/p>\n","protected":false},"excerpt":{"rendered":"<p>Jorge Lorenzo deja definitivamente la competici\u00f3n, tras el GP de Valencia se despedir\u00e1 arropado por su afici\u00f3n y con el apoyo del equipo Repsol Honda.<\/p>\n","protected":false},"author":43146,"featured_media":63138,"comment_status":"open","ping_status":"open","sticky":false,"template":"","format":"standard","meta":{"footnotes":""},"categories":[4],"tags":[187,137],"class_list":["post-94270","post","type-post","status-publish","format-standard","hentry","category-motogp","tag-jorge-lorenzo","tag-motogp-valencia"],"yoast_head":"<!-- This site is optimized with the Yoast SEO plugin v27.3 - https:\/\/yoast.com\/product\/yoast-seo-wordpress\/ -->\n<title>No se retira un piloto, se retira un Campe\u00f3n del Mundo - Se retira Jorge Lorenzo<\/title>\n<meta name=\"description\" content=\"Jorge Lorenzo deja definitivamente la competici\u00f3n, tras el GP de Valencia se despedir\u00e1 arropado por su afici\u00f3n y con el apoyo del equipo Repsol Honda.\" \/>\n<link rel=\"canonical\" href=\"https:\/\/www.boxrepsol.com\/es\/motogp\/jorge-lorenzo-no-se-retira-piloto-se-retira-campeon-del-mundo\/\" \/>\n<meta property=\"og:locale\" content=\"es_ES\" \/>\n<meta property=\"og:type\" content=\"article\" \/>\n<meta property=\"og:title\" content=\"No se retira un piloto, se retira un Campe\u00f3n del Mundo - Se retira Jorge Lorenzo\" \/>\n<meta property=\"og:description\" content=\"Jorge Lorenzo deja definitivamente la competici\u00f3n, tras el GP de Valencia se despedir\u00e1 arropado por su afici\u00f3n y con el apoyo del equipo Repsol Honda.\" \/>\n<meta property=\"og:url\" content=\"https:\/\/www.boxrepsol.com\/es\/motogp\/jorge-lorenzo-no-se-retira-piloto-se-retira-campeon-del-mundo\/\" \/>\n<meta property=\"og:site_name\" content=\"Box Repsol\" \/>\n<meta property=\"article:publisher\" content=\"https:\/\/www.facebook.com\/BoxRepsol\" \/>\n<meta property=\"article:author\" content=\"https:\/\/www.facebook.com\/BoxRepsol\/\" \/>\n<meta property=\"article:published_time\" content=\"2019-11-14T02:00:00+00:00\" \/>\n<meta property=\"article:modified_time\" content=\"2024-04-25T08:59:16+00:00\" \/>\n<meta property=\"og:image\" content=\"https:\/\/bxrepsol.s3.eu-west-1.amazonaws.com\/static\/2022\/08\/29090754\/01_Gracias_Jorge_full.jpg\" \/>\n\t<meta property=\"og:image:width\" content=\"1280\" \/>\n\t<meta property=\"og:image:height\" content=\"600\" \/>\n\t<meta property=\"og:image:type\" content=\"image\/jpeg\" \/>\n<meta name=\"author\" content=\"Redacci\u00f3n Box Repsol\" \/>\n<meta name=\"twitter:card\" content=\"summary_large_image\" \/>\n<meta name=\"twitter:creator\" content=\"@https:\/\/twitter.com\/box_repsol\" \/>\n<meta name=\"twitter:site\" content=\"@box_repsol\" \/>\n<meta name=\"twitter:label1\" content=\"Written by\" \/>\n\t<meta name=\"twitter:data1\" content=\"Redacci\u00f3n Box Repsol\" \/>\n\t<meta name=\"twitter:label2\" content=\"Est. reading time\" \/>\n\t<meta name=\"twitter:data2\" content=\"1 minuto\" \/>\n<script type=\"application\/ld+json\" class=\"yoast-schema-graph\">{\"@context\":\"https:\\\/\\\/schema.org\",\"@graph\":[{\"@type\":\"Article\",\"@id\":\"https:\\\/\\\/www.boxrepsol.com\\\/es\\\/motogp\\\/jorge-lorenzo-no-se-retira-piloto-se-retira-campeon-del-mundo\\\/#article\",\"isPartOf\":{\"@id\":\"https:\\\/\\\/www.boxrepsol.com\\\/es\\\/motogp\\\/jorge-lorenzo-no-se-retira-piloto-se-retira-campeon-del-mundo\\\/\"},\"author\":{\"name\":\"Redacci\u00f3n Box Repsol\",\"@id\":\"https:\\\/\\\/www.boxrepsol.com\\\/es\\\/#\\\/schema\\\/person\\\/c5c2138f2cca251b0ad92b7086bb60b7\"},\"headline\":\"Jorge Lorenzo: No se retira un piloto, se retira un Campe\u00f3n del Mundo\",\"datePublished\":\"2019-11-14T02:00:00+00:00\",\"dateModified\":\"2024-04-25T08:59:16+00:00\",\"mainEntityOfPage\":{\"@id\":\"https:\\\/\\\/www.boxrepsol.com\\\/es\\\/motogp\\\/jorge-lorenzo-no-se-retira-piloto-se-retira-campeon-del-mundo\\\/\"},\"wordCount\":183,\"commentCount\":0,\"publisher\":{\"@id\":\"https:\\\/\\\/www.boxrepsol.com\\\/es\\\/#organization\"},\"image\":{\"@id\":\"https:\\\/\\\/www.boxrepsol.com\\\/es\\\/motogp\\\/jorge-lorenzo-no-se-retira-piloto-se-retira-campeon-del-mundo\\\/#primaryimage\"},\"thumbnailUrl\":\"https:\\\/\\\/bxrepsol.s3.eu-west-1.amazonaws.com\\\/static\\\/2022\\\/08\\\/29090754\\\/01_Gracias_Jorge_full.jpg\",\"keywords\":[\"Jorge Lorenzo\",\"MotoGP Valencia\"],\"articleSection\":[\"MotoGP\"],\"inLanguage\":\"es\",\"potentialAction\":[{\"@type\":\"CommentAction\",\"name\":\"Comment\",\"target\":[\"https:\\\/\\\/www.boxrepsol.com\\\/es\\\/motogp\\\/jorge-lorenzo-no-se-retira-piloto-se-retira-campeon-del-mundo\\\/#respond\"]}]},{\"@type\":\"WebPage\",\"@id\":\"https:\\\/\\\/www.boxrepsol.com\\\/es\\\/motogp\\\/jorge-lorenzo-no-se-retira-piloto-se-retira-campeon-del-mundo\\\/\",\"url\":\"https:\\\/\\\/www.boxrepsol.com\\\/es\\\/motogp\\\/jorge-lorenzo-no-se-retira-piloto-se-retira-campeon-del-mundo\\\/\",\"name\":\"No se retira un piloto, se retira un Campe\u00f3n del Mundo - Se retira Jorge Lorenzo\",\"isPartOf\":{\"@id\":\"https:\\\/\\\/www.boxrepsol.com\\\/es\\\/#website\"},\"primaryImageOfPage\":{\"@id\":\"https:\\\/\\\/www.boxrepsol.com\\\/es\\\/motogp\\\/jorge-lorenzo-no-se-retira-piloto-se-retira-campeon-del-mundo\\\/#primaryimage\"},\"image\":{\"@id\":\"https:\\\/\\\/www.boxrepsol.com\\\/es\\\/motogp\\\/jorge-lorenzo-no-se-retira-piloto-se-retira-campeon-del-mundo\\\/#primaryimage\"},\"thumbnailUrl\":\"https:\\\/\\\/bxrepsol.s3.eu-west-1.amazonaws.com\\\/static\\\/2022\\\/08\\\/29090754\\\/01_Gracias_Jorge_full.jpg\",\"datePublished\":\"2019-11-14T02:00:00+00:00\",\"dateModified\":\"2024-04-25T08:59:16+00:00\",\"description\":\"Jorge Lorenzo deja definitivamente la competici\u00f3n, tras el GP de Valencia se despedir\u00e1 arropado por su afici\u00f3n y con el apoyo del equipo Repsol Honda.\",\"breadcrumb\":{\"@id\":\"https:\\\/\\\/www.boxrepsol.com\\\/es\\\/motogp\\\/jorge-lorenzo-no-se-retira-piloto-se-retira-campeon-del-mundo\\\/#breadcrumb\"},\"inLanguage\":\"es\",\"potentialAction\":[{\"@type\":\"ReadAction\",\"target\":[\"https:\\\/\\\/www.boxrepsol.com\\\/es\\\/motogp\\\/jorge-lorenzo-no-se-retira-piloto-se-retira-campeon-del-mundo\\\/\"]}]},{\"@type\":\"ImageObject\",\"inLanguage\":\"es\",\"@id\":\"https:\\\/\\\/www.boxrepsol.com\\\/es\\\/motogp\\\/jorge-lorenzo-no-se-retira-piloto-se-retira-campeon-del-mundo\\\/#primaryimage\",\"url\":\"https:\\\/\\\/bxrepsol.s3.eu-west-1.amazonaws.com\\\/static\\\/2022\\\/08\\\/29090754\\\/01_Gracias_Jorge_full.jpg\",\"contentUrl\":\"https:\\\/\\\/bxrepsol.s3.eu-west-1.amazonaws.com\\\/static\\\/2022\\\/08\\\/29090754\\\/01_Gracias_Jorge_full.jpg\",\"width\":1280,\"height\":600,\"caption\":\"Jorge Lorenzo en rueda de prensa\"},{\"@type\":\"BreadcrumbList\",\"@id\":\"https:\\\/\\\/www.boxrepsol.com\\\/es\\\/motogp\\\/jorge-lorenzo-no-se-retira-piloto-se-retira-campeon-del-mundo\\\/#breadcrumb\",\"itemListElement\":[{\"@type\":\"ListItem\",\"position\":1,\"name\":\"Home\",\"item\":\"https:\\\/\\\/www.boxrepsol.com\\\/es\\\/\"},{\"@type\":\"ListItem\",\"position\":2,\"name\":\"Jorge Lorenzo: No se retira un piloto, se retira un Campe\u00f3n del Mundo\"}]},{\"@type\":\"WebSite\",\"@id\":\"https:\\\/\\\/www.boxrepsol.com\\\/es\\\/#website\",\"url\":\"https:\\\/\\\/www.boxrepsol.com\\\/es\\\/\",\"name\":\"Box Repsol\",\"description\":\"Box Repsol Site\",\"publisher\":{\"@id\":\"https:\\\/\\\/www.boxrepsol.com\\\/es\\\/#organization\"},\"potentialAction\":[{\"@type\":\"SearchAction\",\"target\":{\"@type\":\"EntryPoint\",\"urlTemplate\":\"https:\\\/\\\/www.boxrepsol.com\\\/es\\\/?s={search_term_string}\"},\"query-input\":{\"@type\":\"PropertyValueSpecification\",\"valueRequired\":true,\"valueName\":\"search_term_string\"}}],\"inLanguage\":\"es\"},{\"@type\":\"Organization\",\"@id\":\"https:\\\/\\\/www.boxrepsol.com\\\/es\\\/#organization\",\"name\":\"Box Repsol\",\"url\":\"https:\\\/\\\/www.boxrepsol.com\\\/es\\\/\",\"logo\":{\"@type\":\"ImageObject\",\"inLanguage\":\"es\",\"@id\":\"https:\\\/\\\/www.boxrepsol.com\\\/es\\\/#\\\/schema\\\/logo\\\/image\\\/\",\"url\":\"https:\\\/\\\/bxrepsol.s3.eu-west-1.amazonaws.com\\\/static\\\/2025\\\/07\\\/30083337\\\/favicon-96x96-1.png\",\"contentUrl\":\"https:\\\/\\\/bxrepsol.s3.eu-west-1.amazonaws.com\\\/static\\\/2025\\\/07\\\/30083337\\\/favicon-96x96-1.png\",\"width\":96,\"height\":96,\"caption\":\"Box Repsol\"},\"image\":{\"@id\":\"https:\\\/\\\/www.boxrepsol.com\\\/es\\\/#\\\/schema\\\/logo\\\/image\\\/\"},\"sameAs\":[\"https:\\\/\\\/www.facebook.com\\\/BoxRepsol\",\"https:\\\/\\\/x.com\\\/box_repsol\",\"http:\\\/\\\/instagram.com\\\/box_repsol\",\"https:\\\/\\\/www.youtube.com\\\/user\\\/RepsolCompeticion\",\"https:\\\/\\\/www.flickr.com\\\/photos\\\/box_repsol\\\/\"]},{\"@type\":\"Person\",\"@id\":\"https:\\\/\\\/www.boxrepsol.com\\\/es\\\/#\\\/schema\\\/person\\\/c5c2138f2cca251b0ad92b7086bb60b7\",\"name\":\"Redacci\u00f3n Box Repsol\",\"image\":{\"@type\":\"ImageObject\",\"inLanguage\":\"es\",\"@id\":\"https:\\\/\\\/secure.gravatar.com\\\/avatar\\\/adf7b77e38b4419baf32c7e9c21dde01f4e40df611f0978e3006fc4ba0aaab7e?s=96&d=mm&r=g\",\"url\":\"https:\\\/\\\/secure.gravatar.com\\\/avatar\\\/adf7b77e38b4419baf32c7e9c21dde01f4e40df611f0978e3006fc4ba0aaab7e?s=96&d=mm&r=g\",\"contentUrl\":\"https:\\\/\\\/secure.gravatar.com\\\/avatar\\\/adf7b77e38b4419baf32c7e9c21dde01f4e40df611f0978e3006fc4ba0aaab7e?s=96&d=mm&r=g\",\"caption\":\"Redacci\u00f3n Box Repsol\"},\"description\":\"Box Repsol lo forma un equipo de periodistas, community managers, dise\u00f1adores y fot\u00f3grafos con m\u00e1s de 20 a\u00f1os de experiencia en el mundo del motorsport. Hemos vivido el primer mundial de un espa\u00f1ol en la categor\u00eda reina de motociclismo con \u00c1lex Crivill\u00e9, estuvimos en las victorias de Pedrosa y los t\u00edtulos de M\u00e1rquez, acompa\u00f1amos en \u00c1frica a Nani Roma y Marc Coma en sus conquistas del Dakar y hemos vibrado con los t\u00edtulos de Toni Bou en Trial. Adem\u00e1s, en nuestro equipo contamos con expertos en el mundo de las dos y cuatro ruedas tanto de la calle y las carreteras, como de los circuitos. Periodistas que han trabajado en revistas y publicaciones para hacerte llegar desde rutas y consejos de mantenimiento, a curiosidades y trucos de pilotaje.\",\"sameAs\":[\"https:\\\/\\\/www.facebook.com\\\/BoxRepsol\\\/\",\"https:\\\/\\\/www.instagram.com\\\/box_repsol\\\/\",\"https:\\\/\\\/x.com\\\/https:\\\/\\\/twitter.com\\\/box_repsol\",\"https:\\\/\\\/www.youtube.com\\\/@Boxrepsol\"],\"url\":\"https:\\\/\\\/www.boxrepsol.com\\\/es\\\/author\\\/redaccion-box-repsol\\\/\"}]}<\/script>\n<!-- \/ Yoast SEO plugin. -->","yoast_head_json":{"title":"No se retira un piloto, se retira un Campe\u00f3n del Mundo - Se retira Jorge Lorenzo","description":"Jorge Lorenzo deja definitivamente la competici\u00f3n, tras el GP de Valencia se despedir\u00e1 arropado por su afici\u00f3n y con el apoyo del equipo Repsol Honda.","canonical":"https:\/\/www.boxrepsol.com\/es\/motogp\/jorge-lorenzo-no-se-retira-piloto-se-retira-campeon-del-mundo\/","og_locale":"es_ES","og_type":"article","og_title":"No se retira un piloto, se retira un Campe\u00f3n del Mundo - Se retira Jorge Lorenzo","og_description":"Jorge Lorenzo deja definitivamente la competici\u00f3n, tras el GP de Valencia se despedir\u00e1 arropado por su afici\u00f3n y con el apoyo del equipo Repsol Honda.","og_url":"https:\/\/www.boxrepsol.com\/es\/motogp\/jorge-lorenzo-no-se-retira-piloto-se-retira-campeon-del-mundo\/","og_site_name":"Box Repsol","article_publisher":"https:\/\/www.facebook.com\/BoxRepsol","article_author":"https:\/\/www.facebook.com\/BoxRepsol\/","article_published_time":"2019-11-14T02:00:00+00:00","article_modified_time":"2024-04-25T08:59:16+00:00","og_image":[{"width":1280,"height":600,"url":"https:\/\/bxrepsol.s3.eu-west-1.amazonaws.com\/static\/2022\/08\/29090754\/01_Gracias_Jorge_full.jpg","type":"image\/jpeg"}],"author":"Redacci\u00f3n Box Repsol","twitter_card":"summary_large_image","twitter_creator":"@https:\/\/twitter.com\/box_repsol","twitter_site":"@box_repsol","twitter_misc":{"Written by":"Redacci\u00f3n Box Repsol","Est. reading time":"1 minuto"},"schema":{"@context":"https:\/\/schema.org","@graph":[{"@type":"Article","@id":"https:\/\/www.boxrepsol.com\/es\/motogp\/jorge-lorenzo-no-se-retira-piloto-se-retira-campeon-del-mundo\/#article","isPartOf":{"@id":"https:\/\/www.boxrepsol.com\/es\/motogp\/jorge-lorenzo-no-se-retira-piloto-se-retira-campeon-del-mundo\/"},"author":{"name":"Redacci\u00f3n Box Repsol","@id":"https:\/\/www.boxrepsol.com\/es\/#\/schema\/person\/c5c2138f2cca251b0ad92b7086bb60b7"},"headline":"Jorge Lorenzo: No se retira un piloto, se retira un Campe\u00f3n del Mundo","datePublished":"2019-11-14T02:00:00+00:00","dateModified":"2024-04-25T08:59:16+00:00","mainEntityOfPage":{"@id":"https:\/\/www.boxrepsol.com\/es\/motogp\/jorge-lorenzo-no-se-retira-piloto-se-retira-campeon-del-mundo\/"},"wordCount":183,"commentCount":0,"publisher":{"@id":"https:\/\/www.boxrepsol.com\/es\/#organization"},"image":{"@id":"https:\/\/www.boxrepsol.com\/es\/motogp\/jorge-lorenzo-no-se-retira-piloto-se-retira-campeon-del-mundo\/#primaryimage"},"thumbnailUrl":"https:\/\/bxrepsol.s3.eu-west-1.amazonaws.com\/static\/2022\/08\/29090754\/01_Gracias_Jorge_full.jpg","keywords":["Jorge Lorenzo","MotoGP Valencia"],"articleSection":["MotoGP"],"inLanguage":"es","potentialAction":[{"@type":"CommentAction","name":"Comment","target":["https:\/\/www.boxrepsol.com\/es\/motogp\/jorge-lorenzo-no-se-retira-piloto-se-retira-campeon-del-mundo\/#respond"]}]},{"@type":"WebPage","@id":"https:\/\/www.boxrepsol.com\/es\/motogp\/jorge-lorenzo-no-se-retira-piloto-se-retira-campeon-del-mundo\/","url":"https:\/\/www.boxrepsol.com\/es\/motogp\/jorge-lorenzo-no-se-retira-piloto-se-retira-campeon-del-mundo\/","name":"No se retira un piloto, se retira un Campe\u00f3n del Mundo - Se retira Jorge Lorenzo","isPartOf":{"@id":"https:\/\/www.boxrepsol.com\/es\/#website"},"primaryImageOfPage":{"@id":"https:\/\/www.boxrepsol.com\/es\/motogp\/jorge-lorenzo-no-se-retira-piloto-se-retira-campeon-del-mundo\/#primaryimage"},"image":{"@id":"https:\/\/www.boxrepsol.com\/es\/motogp\/jorge-lorenzo-no-se-retira-piloto-se-retira-campeon-del-mundo\/#primaryimage"},"thumbnailUrl":"https:\/\/bxrepsol.s3.eu-west-1.amazonaws.com\/static\/2022\/08\/29090754\/01_Gracias_Jorge_full.jpg","datePublished":"2019-11-14T02:00:00+00:00","dateModified":"2024-04-25T08:59:16+00:00","description":"Jorge Lorenzo deja definitivamente la competici\u00f3n, tras el GP de Valencia se despedir\u00e1 arropado por su afici\u00f3n y con el apoyo del equipo Repsol Honda.","breadcrumb":{"@id":"https:\/\/www.boxrepsol.com\/es\/motogp\/jorge-lorenzo-no-se-retira-piloto-se-retira-campeon-del-mundo\/#breadcrumb"},"inLanguage":"es","potentialAction":[{"@type":"ReadAction","target":["https:\/\/www.boxrepsol.com\/es\/motogp\/jorge-lorenzo-no-se-retira-piloto-se-retira-campeon-del-mundo\/"]}]},{"@type":"ImageObject","inLanguage":"es","@id":"https:\/\/www.boxrepsol.com\/es\/motogp\/jorge-lorenzo-no-se-retira-piloto-se-retira-campeon-del-mundo\/#primaryimage","url":"https:\/\/bxrepsol.s3.eu-west-1.amazonaws.com\/static\/2022\/08\/29090754\/01_Gracias_Jorge_full.jpg","contentUrl":"https:\/\/bxrepsol.s3.eu-west-1.amazonaws.com\/static\/2022\/08\/29090754\/01_Gracias_Jorge_full.jpg","width":1280,"height":600,"caption":"Jorge Lorenzo en rueda de prensa"},{"@type":"BreadcrumbList","@id":"https:\/\/www.boxrepsol.com\/es\/motogp\/jorge-lorenzo-no-se-retira-piloto-se-retira-campeon-del-mundo\/#breadcrumb","itemListElement":[{"@type":"ListItem","position":1,"name":"Home","item":"https:\/\/www.boxrepsol.com\/es\/"},{"@type":"ListItem","position":2,"name":"Jorge Lorenzo: No se retira un piloto, se retira un Campe\u00f3n del Mundo"}]},{"@type":"WebSite","@id":"https:\/\/www.boxrepsol.com\/es\/#website","url":"https:\/\/www.boxrepsol.com\/es\/","name":"Box Repsol","description":"Box Repsol Site","publisher":{"@id":"https:\/\/www.boxrepsol.com\/es\/#organization"},"potentialAction":[{"@type":"SearchAction","target":{"@type":"EntryPoint","urlTemplate":"https:\/\/www.boxrepsol.com\/es\/?s={search_term_string}"},"query-input":{"@type":"PropertyValueSpecification","valueRequired":true,"valueName":"search_term_string"}}],"inLanguage":"es"},{"@type":"Organization","@id":"https:\/\/www.boxrepsol.com\/es\/#organization","name":"Box Repsol","url":"https:\/\/www.boxrepsol.com\/es\/","logo":{"@type":"ImageObject","inLanguage":"es","@id":"https:\/\/www.boxrepsol.com\/es\/#\/schema\/logo\/image\/","url":"https:\/\/bxrepsol.s3.eu-west-1.amazonaws.com\/static\/2025\/07\/30083337\/favicon-96x96-1.png","contentUrl":"https:\/\/bxrepsol.s3.eu-west-1.amazonaws.com\/static\/2025\/07\/30083337\/favicon-96x96-1.png","width":96,"height":96,"caption":"Box Repsol"},"image":{"@id":"https:\/\/www.boxrepsol.com\/es\/#\/schema\/logo\/image\/"},"sameAs":["https:\/\/www.facebook.com\/BoxRepsol","https:\/\/x.com\/box_repsol","http:\/\/instagram.com\/box_repsol","https:\/\/www.youtube.com\/user\/RepsolCompeticion","https:\/\/www.flickr.com\/photos\/box_repsol\/"]},{"@type":"Person","@id":"https:\/\/www.boxrepsol.com\/es\/#\/schema\/person\/c5c2138f2cca251b0ad92b7086bb60b7","name":"Redacci\u00f3n Box Repsol","image":{"@type":"ImageObject","inLanguage":"es","@id":"https:\/\/secure.gravatar.com\/avatar\/adf7b77e38b4419baf32c7e9c21dde01f4e40df611f0978e3006fc4ba0aaab7e?s=96&d=mm&r=g","url":"https:\/\/secure.gravatar.com\/avatar\/adf7b77e38b4419baf32c7e9c21dde01f4e40df611f0978e3006fc4ba0aaab7e?s=96&d=mm&r=g","contentUrl":"https:\/\/secure.gravatar.com\/avatar\/adf7b77e38b4419baf32c7e9c21dde01f4e40df611f0978e3006fc4ba0aaab7e?s=96&d=mm&r=g","caption":"Redacci\u00f3n Box Repsol"},"description":"Box Repsol lo forma un equipo de periodistas, community managers, dise\u00f1adores y fot\u00f3grafos con m\u00e1s de 20 a\u00f1os de experiencia en el mundo del motorsport. Hemos vivido el primer mundial de un espa\u00f1ol en la categor\u00eda reina de motociclismo con \u00c1lex Crivill\u00e9, estuvimos en las victorias de Pedrosa y los t\u00edtulos de M\u00e1rquez, acompa\u00f1amos en \u00c1frica a Nani Roma y Marc Coma en sus conquistas del Dakar y hemos vibrado con los t\u00edtulos de Toni Bou en Trial. Adem\u00e1s, en nuestro equipo contamos con expertos en el mundo de las dos y cuatro ruedas tanto de la calle y las carreteras, como de los circuitos. Periodistas que han trabajado en revistas y publicaciones para hacerte llegar desde rutas y consejos de mantenimiento, a curiosidades y trucos de pilotaje.","sameAs":["https:\/\/www.facebook.com\/BoxRepsol\/","https:\/\/www.instagram.com\/box_repsol\/","https:\/\/x.com\/https:\/\/twitter.com\/box_repsol","https:\/\/www.youtube.com\/@Boxrepsol"],"url":"https:\/\/www.boxrepsol.com\/es\/author\/redaccion-box-repsol\/"}]}},"_links":{"self":[{"href":"https:\/\/www.boxrepsol.com\/es\/wp-json\/wp\/v2\/posts\/94270","targetHints":{"allow":["GET"]}}],"collection":[{"href":"https:\/\/www.boxrepsol.com\/es\/wp-json\/wp\/v2\/posts"}],"about":[{"href":"https:\/\/www.boxrepsol.com\/es\/wp-json\/wp\/v2\/types\/post"}],"author":[{"embeddable":true,"href":"https:\/\/www.boxrepsol.com\/es\/wp-json\/wp\/v2\/users\/43146"}],"replies":[{"embeddable":true,"href":"https:\/\/www.boxrepsol.com\/es\/wp-json\/wp\/v2\/comments?post=94270"}],"version-history":[{"count":1,"href":"https:\/\/www.boxrepsol.com\/es\/wp-json\/wp\/v2\/posts\/94270\/revisions"}],"predecessor-version":[{"id":94271,"href":"https:\/\/www.boxrepsol.com\/es\/wp-json\/wp\/v2\/posts\/94270\/revisions\/94271"}],"wp:featuredmedia":[{"embeddable":true,"href":"https:\/\/www.boxrepsol.com\/es\/wp-json\/wp\/v2\/media\/63138"}],"wp:attachment":[{"href":"https:\/\/www.boxrepsol.com\/es\/wp-json\/wp\/v2\/media?parent=94270"}],"wp:term":[{"taxonomy":"category","embeddable":true,"href":"https:\/\/www.boxrepsol.com\/es\/wp-json\/wp\/v2\/categories?post=94270"},{"taxonomy":"post_tag","embeddable":true,"href":"https:\/\/www.boxrepsol.com\/es\/wp-json\/wp\/v2\/tags?post=94270"}],"curies":[{"name":"wp","href":"https:\/\/api.w.org\/{rel}","templated":true}]}}