{"id":94262,"date":"2019-11-11T00:00:00","date_gmt":"2019-11-11T02:00:00","guid":{"rendered":"http:\/\/pre.boxrepsol.com\/sin-categorizar\/jeremy-alcoba-campeon-del-mundo-junior-moto3-del-fim-cev-repsol\/"},"modified":"2024-04-25T07:02:41","modified_gmt":"2024-04-25T09:02:41","slug":"jeremy-alcoba-campeon-del-mundo-junior-moto3-del-fim-cev-repsol","status":"publish","type":"post","link":"https:\/\/www.boxrepsol.com\/es\/sin-categorizar\/jeremy-alcoba-campeon-del-mundo-junior-moto3-del-fim-cev-repsol\/","title":{"rendered":"Jeremy Alcoba, Campe\u00f3n del Mundo Junior de Moto3 del FIM CEV Repsol"},"content":{"rendered":"<p><strong>Jeremy Alcoba se ha proclamado Campe\u00f3n del Mundo Junior de Moto3 <\/strong>de la mejor manera: logrando la victoria en la primera carrera del d\u00eda. Jos\u00e9 Juli\u00e1n Garc\u00eda y Aleix Viu han completado un podio totalmente espa\u00f1ol.<\/p>\n<p>En la segunda manga, <strong>Carlos Tatay ha sido el vencedor destacado en una prueba marcada por una ca\u00edda m\u00faltiple a nueve vueltas para el final<\/strong>. Tras el piloto espa\u00f1ol, han cruzado meta el belga Barry Baltus y el madrile\u00f1o Adri\u00e1n Fern\u00e1ndez, que ha conseguido su primer podio en la categor\u00eda.<\/p>\n<p>En la carrera de Moto2, <strong>Edgar Pons \u2013proclamado Campe\u00f3n en la cita de Albacete\u2013 ha sumado la s\u00e9ptima victoria de la temporada <\/strong>con un adelantamiento en la \u00faltima vuelta a Hector Garz\u00f3. El italiano Yari Montella ha cerrado el podio.<\/p>\n<p><strong>Iv\u00e1n Ortol\u00e1 se ha asegurado el Subcampeonato de la European Talent Cup<\/strong> (ETC) tras lograr su tercer triunfo del a\u00f1o en la \u00fanica manga de la categor\u00eda. Ferm\u00edn Aldeguer ha terminado segundo y Adri\u00e1n Cruces tercero.<\/p>\n<p><strong>Esta jornada en el Circuit Ricardo Tormo pone el punto y final a la temporada 2019 del FIM CEV Repsol<\/strong>, que ha contado con un total de 8 citas, 34 carreras y 14 ganadores diferentes, y se ha disputado en 3 pa\u00edses distintos (Espa\u00f1a, Portugal y Francia).<\/p>\n<p><a href=\"https:\/\/bxrepsol.s3.eu-west-1.amazonaws.com\/static\/2022\/08\/05070535\/00_pilotos_fim_Cev_repsol_valencia_2019.jpg\" \n   title=\"Pilotos en el FIM CEV Repsol Valencia 2019\" \n   data-gallery-thumbnail=\"https:\/\/bxrepsol.s3.eu-west-1.amazonaws.com\/static\/2022\/08\/05070535\/00_pilotos_fim_Cev_repsol_valencia_2019.jpg\"\n   data-gallery-title=\"\"\n   data-gallery><\/p>\n<figure>\n        <picture style=\"padding-bottom: 66.72%; background-image: url(https:\/\/bxrepsol.s3.eu-west-1.amazonaws.com\/static\/2022\/08\/05070535\/00_pilotos_fim_Cev_repsol_valencia_2019.jpg);\">\n            <img decoding=\"async\" src=\"https:\/\/bxrepsol.s3.eu-west-1.amazonaws.com\/static\/2022\/08\/05070535\/00_pilotos_fim_Cev_repsol_valencia_2019.jpg\"><br \/>\n            <img itemprop=\"image\"\n                data-srcset=\"https:\/\/bxrepsol.s3.eu-west-1.amazonaws.com\/static\/2022\/08\/05070535\/00_pilotos_fim_Cev_repsol_valencia_2019.jpg 480w, https:\/\/bxrepsol.s3.eu-west-1.amazonaws.com\/static\/2022\/08\/05070535\/00_pilotos_fim_Cev_repsol_valencia_2019.jpg 600w, https:\/\/bxrepsol.s3.eu-west-1.amazonaws.com\/static\/2022\/08\/05070535\/00_pilotos_fim_Cev_repsol_valencia_2019.jpg 900w\"\n                data-src=\"https:\/\/bxrepsol.s3.eu-west-1.amazonaws.com\/static\/2022\/08\/05070535\/00_pilotos_fim_Cev_repsol_valencia_2019.jpg\"\n                alt=\"Pilotos en el FIM CEV Repsol Valencia 2019\"\n                title=\"Pilotos en el FIM CEV Repsol Valencia 2019\"\/><br \/>\n            <noscript><img decoding=\"async\" src=\"https:\/\/bxrepsol.s3.eu-west-1.amazonaws.com\/static\/2022\/08\/05070535\/00_pilotos_fim_Cev_repsol_valencia_2019.jpg\" alt=\"Pilotos en el FIM CEV Repsol Valencia 2019\"><\/noscript>\n        <\/picture><figcaption>Pilotos en el FIM CEV Repsol Valencia 2019<\/figcaption><\/figure>\n<p><\/a><\/p>\n<h3>JEREMY ALCOBA \u2013 GANADOR DE LA PRIMERA CARRERA DE MOTO3 Y CAMPE\u00d3N DEL MUNDO JUNIOR DE MOTO3<\/h3>\n<p><em><strong>Ha sido incre\u00edble; no esperaba ganar hoy<\/strong>. He empezado la carrera controlando a Tatay, pero he visto que el grupo era muy grande y con pilotos que no me esperaba que estuviesen. He decidido estar delante e ir con cuidado, porque muchos de los pilotos que normalmente no optan a la victoria iban a darlo todo. <\/p>\n<p><strong>Me lo he tomado con calma pero en las \u00faltimas vueltas me he visto muy fuerte <\/strong>y he empujado al m\u00e1ximo. Al final, un piloto lo que quiere es ganar, as\u00ed que me he olvidado del campeonato y he ido a por la victoria. Ha sido un a\u00f1o espectacular, y quiero dedicarle el t\u00edtulo a mi equipo, mi familia y mis patrocinadores. Hay que celebrarlo a lo grande.<\/em><\/p>\n<hr\/>\n<h3>CARLOS TATAY \u2013 GANADOR DE LA SEGUNDA CARRERA DE MOTO3<\/h3>\n<p><em><strong>Ha sido una temporada incre\u00edble.<\/strong> El de Valencia no es de los circuitos que se me dan mejor y ganar con mucha ventaja con respecto al segundo como lo he hecho hoy es algo que nunca me hab\u00eda imaginado. He tirado desde el principio y lo he conseguido, ha sido brutal. Quiero agradecer al equipo por su apoyo, a mi familia que ha venido a verme y a todos los que hacen esto posible.<\/em><\/p>\n<hr\/>\n<h3>EDGAR PONS \u2013 GANADOR DE LA CARRERA DE MOTO2<\/h3>\n<p><em><strong>Estoy muy feliz de acabar la temporada con una victoria.<\/strong> Ha sido un fin de semana un poco duro, desde el primer d\u00eda ten\u00eda mucho dolor en la espalda y en las cervicales que me molestaba mucho, sobre todo en las curvas de derechas. Esto nos hac\u00eda perder mucho, pero hemos estado trabajando duro en la moto para suplir las \u00e1reas d\u00f3nde yo no pod\u00eda llegar. <\/p>\n<p><strong>Estoy muy contento por c\u00f3mo ha ido la carrera, aunque ha sido dif\u00edcil<\/strong>. La moto de Hector [Garz\u00f3] corr\u00eda mucho en las rectas y ni el rebufo me ayudaba. Sab\u00eda que ten\u00eda que apretar en el segundo sector, ya que en la curva cuatro mi frenada era bastante mejor; lo he dado todo en ese punto y nos ha salido bien. Quiero dar las gracias al equipo por todo el trabajo.<\/em><\/p>\n<hr\/>\n<h3>IV\u00c1N ORTOL\u00c1 \u2013 GANADOR DE LA CARRERA DE LA EUROPEAN TALENT CUP <\/h3>\n<p><em><strong>Estoy muy contento con la carrera. <\/strong>Al principio ha sido dif\u00edcil, porque ha habido muchos adelantamientos, pero finalmente hemos podido conseguir la victoria que nos merec\u00edamos despu\u00e9s de mucho tiempo. Estoy muy contento y quiero agradecer a mi familia, a mis patrocinadores y sobre todo a mi equipo.<\/em><\/p>\n","protected":false},"excerpt":{"rendered":"<p>Un triunfo en la primera carrera de su categor\u00eda brinda al piloto catal\u00e1n el t\u00edtulo en el Circuit Ricardo Tormo. Tatay, Pons y Ortol\u00e1 completan un pleno de victorias espa\u00f1olas en la \u00faltima ronda del a\u00f1o.<\/p>\n","protected":false},"author":43146,"featured_media":63118,"comment_status":"open","ping_status":"open","sticky":false,"template":"","format":"standard","meta":{"footnotes":""},"categories":[1],"tags":[130],"class_list":["post-94262","post","type-post","status-publish","format-standard","hentry","category-sin-categorizar","tag-otros-eventos-y-competiciones"],"yoast_head":"<!-- This site is optimized with the Yoast SEO plugin v27.3 - https:\/\/yoast.com\/product\/yoast-seo-wordpress\/ -->\n<title>FIM CEV Repsol Valencia 2019 - Jeremy Alcoba, Campe\u00f3n del Mundo Junior de Moto3<\/title>\n<meta name=\"description\" content=\"Un triunfo en la primera carrera de su categor\u00eda brinda al piloto catal\u00e1n el t\u00edtulo. Tatay, Pons y Ortol\u00e1 completan un pleno de victorias espa\u00f1olas.\" \/>\n<link rel=\"canonical\" href=\"https:\/\/www.boxrepsol.com\/es\/sin-categorizar\/jeremy-alcoba-campeon-del-mundo-junior-moto3-del-fim-cev-repsol\/\" \/>\n<meta property=\"og:locale\" content=\"es_ES\" \/>\n<meta property=\"og:type\" content=\"article\" \/>\n<meta property=\"og:title\" content=\"FIM CEV Repsol Valencia 2019 - Jeremy Alcoba, Campe\u00f3n del Mundo Junior de Moto3\" \/>\n<meta property=\"og:description\" content=\"Un triunfo en la primera carrera de su categor\u00eda brinda al piloto catal\u00e1n el t\u00edtulo. Tatay, Pons y Ortol\u00e1 completan un pleno de victorias espa\u00f1olas.\" \/>\n<meta property=\"og:url\" content=\"https:\/\/www.boxrepsol.com\/es\/sin-categorizar\/jeremy-alcoba-campeon-del-mundo-junior-moto3-del-fim-cev-repsol\/\" \/>\n<meta property=\"og:site_name\" content=\"Box Repsol\" \/>\n<meta property=\"article:publisher\" content=\"https:\/\/www.facebook.com\/BoxRepsol\" \/>\n<meta property=\"article:author\" content=\"https:\/\/www.facebook.com\/BoxRepsol\/\" \/>\n<meta property=\"article:published_time\" content=\"2019-11-11T02:00:00+00:00\" \/>\n<meta property=\"article:modified_time\" content=\"2024-04-25T09:02:41+00:00\" \/>\n<meta property=\"og:image\" content=\"https:\/\/bxrepsol.s3.eu-west-1.amazonaws.com\/static\/2022\/08\/29090743\/00_ganadores_fim_Cev_repsol_2019.jpg\" \/>\n\t<meta property=\"og:image:width\" content=\"1280\" \/>\n\t<meta property=\"og:image:height\" content=\"600\" \/>\n\t<meta property=\"og:image:type\" content=\"image\/jpeg\" \/>\n<meta name=\"author\" content=\"Redacci\u00f3n Box Repsol\" \/>\n<meta name=\"twitter:card\" content=\"summary_large_image\" \/>\n<meta name=\"twitter:creator\" content=\"@https:\/\/twitter.com\/box_repsol\" \/>\n<meta name=\"twitter:site\" content=\"@box_repsol\" \/>\n<meta name=\"twitter:label1\" content=\"Written by\" \/>\n\t<meta name=\"twitter:data1\" content=\"Redacci\u00f3n Box Repsol\" \/>\n\t<meta name=\"twitter:label2\" content=\"Est. reading time\" \/>\n\t<meta name=\"twitter:data2\" content=\"3 minutos\" \/>\n<script type=\"application\/ld+json\" class=\"yoast-schema-graph\">{\"@context\":\"https:\\\/\\\/schema.org\",\"@graph\":[{\"@type\":\"Article\",\"@id\":\"https:\\\/\\\/www.boxrepsol.com\\\/es\\\/sin-categorizar\\\/jeremy-alcoba-campeon-del-mundo-junior-moto3-del-fim-cev-repsol\\\/#article\",\"isPartOf\":{\"@id\":\"https:\\\/\\\/www.boxrepsol.com\\\/es\\\/sin-categorizar\\\/jeremy-alcoba-campeon-del-mundo-junior-moto3-del-fim-cev-repsol\\\/\"},\"author\":{\"name\":\"Redacci\u00f3n Box Repsol\",\"@id\":\"https:\\\/\\\/www.boxrepsol.com\\\/es\\\/#\\\/schema\\\/person\\\/c5c2138f2cca251b0ad92b7086bb60b7\"},\"headline\":\"Jeremy Alcoba, Campe\u00f3n del Mundo Junior de Moto3 del FIM CEV Repsol\",\"datePublished\":\"2019-11-11T02:00:00+00:00\",\"dateModified\":\"2024-04-25T09:02:41+00:00\",\"mainEntityOfPage\":{\"@id\":\"https:\\\/\\\/www.boxrepsol.com\\\/es\\\/sin-categorizar\\\/jeremy-alcoba-campeon-del-mundo-junior-moto3-del-fim-cev-repsol\\\/\"},\"wordCount\":693,\"commentCount\":0,\"publisher\":{\"@id\":\"https:\\\/\\\/www.boxrepsol.com\\\/es\\\/#organization\"},\"image\":{\"@id\":\"https:\\\/\\\/www.boxrepsol.com\\\/es\\\/sin-categorizar\\\/jeremy-alcoba-campeon-del-mundo-junior-moto3-del-fim-cev-repsol\\\/#primaryimage\"},\"thumbnailUrl\":\"https:\\\/\\\/bxrepsol.s3.eu-west-1.amazonaws.com\\\/static\\\/2022\\\/08\\\/29090743\\\/00_ganadores_fim_Cev_repsol_2019.jpg\",\"keywords\":[\"otros eventos y competiciones\"],\"articleSection\":[\"Sin categorizar\"],\"inLanguage\":\"es\",\"potentialAction\":[{\"@type\":\"CommentAction\",\"name\":\"Comment\",\"target\":[\"https:\\\/\\\/www.boxrepsol.com\\\/es\\\/sin-categorizar\\\/jeremy-alcoba-campeon-del-mundo-junior-moto3-del-fim-cev-repsol\\\/#respond\"]}]},{\"@type\":\"WebPage\",\"@id\":\"https:\\\/\\\/www.boxrepsol.com\\\/es\\\/sin-categorizar\\\/jeremy-alcoba-campeon-del-mundo-junior-moto3-del-fim-cev-repsol\\\/\",\"url\":\"https:\\\/\\\/www.boxrepsol.com\\\/es\\\/sin-categorizar\\\/jeremy-alcoba-campeon-del-mundo-junior-moto3-del-fim-cev-repsol\\\/\",\"name\":\"FIM CEV Repsol Valencia 2019 - Jeremy Alcoba, Campe\u00f3n del Mundo Junior de Moto3\",\"isPartOf\":{\"@id\":\"https:\\\/\\\/www.boxrepsol.com\\\/es\\\/#website\"},\"primaryImageOfPage\":{\"@id\":\"https:\\\/\\\/www.boxrepsol.com\\\/es\\\/sin-categorizar\\\/jeremy-alcoba-campeon-del-mundo-junior-moto3-del-fim-cev-repsol\\\/#primaryimage\"},\"image\":{\"@id\":\"https:\\\/\\\/www.boxrepsol.com\\\/es\\\/sin-categorizar\\\/jeremy-alcoba-campeon-del-mundo-junior-moto3-del-fim-cev-repsol\\\/#primaryimage\"},\"thumbnailUrl\":\"https:\\\/\\\/bxrepsol.s3.eu-west-1.amazonaws.com\\\/static\\\/2022\\\/08\\\/29090743\\\/00_ganadores_fim_Cev_repsol_2019.jpg\",\"datePublished\":\"2019-11-11T02:00:00+00:00\",\"dateModified\":\"2024-04-25T09:02:41+00:00\",\"description\":\"Un triunfo en la primera carrera de su categor\u00eda brinda al piloto catal\u00e1n el t\u00edtulo. Tatay, Pons y Ortol\u00e1 completan un pleno de victorias espa\u00f1olas.\",\"breadcrumb\":{\"@id\":\"https:\\\/\\\/www.boxrepsol.com\\\/es\\\/sin-categorizar\\\/jeremy-alcoba-campeon-del-mundo-junior-moto3-del-fim-cev-repsol\\\/#breadcrumb\"},\"inLanguage\":\"es\",\"potentialAction\":[{\"@type\":\"ReadAction\",\"target\":[\"https:\\\/\\\/www.boxrepsol.com\\\/es\\\/sin-categorizar\\\/jeremy-alcoba-campeon-del-mundo-junior-moto3-del-fim-cev-repsol\\\/\"]}]},{\"@type\":\"ImageObject\",\"inLanguage\":\"es\",\"@id\":\"https:\\\/\\\/www.boxrepsol.com\\\/es\\\/sin-categorizar\\\/jeremy-alcoba-campeon-del-mundo-junior-moto3-del-fim-cev-repsol\\\/#primaryimage\",\"url\":\"https:\\\/\\\/bxrepsol.s3.eu-west-1.amazonaws.com\\\/static\\\/2022\\\/08\\\/29090743\\\/00_ganadores_fim_Cev_repsol_2019.jpg\",\"contentUrl\":\"https:\\\/\\\/bxrepsol.s3.eu-west-1.amazonaws.com\\\/static\\\/2022\\\/08\\\/29090743\\\/00_ganadores_fim_Cev_repsol_2019.jpg\",\"width\":1280,\"height\":600,\"caption\":\"Campeones del FIM CEV Repsol\"},{\"@type\":\"BreadcrumbList\",\"@id\":\"https:\\\/\\\/www.boxrepsol.com\\\/es\\\/sin-categorizar\\\/jeremy-alcoba-campeon-del-mundo-junior-moto3-del-fim-cev-repsol\\\/#breadcrumb\",\"itemListElement\":[{\"@type\":\"ListItem\",\"position\":1,\"name\":\"Home\",\"item\":\"https:\\\/\\\/www.boxrepsol.com\\\/es\\\/\"},{\"@type\":\"ListItem\",\"position\":2,\"name\":\"Jeremy Alcoba, Campe\u00f3n del Mundo Junior de Moto3 del FIM CEV Repsol\"}]},{\"@type\":\"WebSite\",\"@id\":\"https:\\\/\\\/www.boxrepsol.com\\\/es\\\/#website\",\"url\":\"https:\\\/\\\/www.boxrepsol.com\\\/es\\\/\",\"name\":\"Box Repsol\",\"description\":\"Box Repsol Site\",\"publisher\":{\"@id\":\"https:\\\/\\\/www.boxrepsol.com\\\/es\\\/#organization\"},\"potentialAction\":[{\"@type\":\"SearchAction\",\"target\":{\"@type\":\"EntryPoint\",\"urlTemplate\":\"https:\\\/\\\/www.boxrepsol.com\\\/es\\\/?s={search_term_string}\"},\"query-input\":{\"@type\":\"PropertyValueSpecification\",\"valueRequired\":true,\"valueName\":\"search_term_string\"}}],\"inLanguage\":\"es\"},{\"@type\":\"Organization\",\"@id\":\"https:\\\/\\\/www.boxrepsol.com\\\/es\\\/#organization\",\"name\":\"Box Repsol\",\"url\":\"https:\\\/\\\/www.boxrepsol.com\\\/es\\\/\",\"logo\":{\"@type\":\"ImageObject\",\"inLanguage\":\"es\",\"@id\":\"https:\\\/\\\/www.boxrepsol.com\\\/es\\\/#\\\/schema\\\/logo\\\/image\\\/\",\"url\":\"https:\\\/\\\/bxrepsol.s3.eu-west-1.amazonaws.com\\\/static\\\/2025\\\/07\\\/30083337\\\/favicon-96x96-1.png\",\"contentUrl\":\"https:\\\/\\\/bxrepsol.s3.eu-west-1.amazonaws.com\\\/static\\\/2025\\\/07\\\/30083337\\\/favicon-96x96-1.png\",\"width\":96,\"height\":96,\"caption\":\"Box Repsol\"},\"image\":{\"@id\":\"https:\\\/\\\/www.boxrepsol.com\\\/es\\\/#\\\/schema\\\/logo\\\/image\\\/\"},\"sameAs\":[\"https:\\\/\\\/www.facebook.com\\\/BoxRepsol\",\"https:\\\/\\\/x.com\\\/box_repsol\",\"http:\\\/\\\/instagram.com\\\/box_repsol\",\"https:\\\/\\\/www.youtube.com\\\/user\\\/RepsolCompeticion\",\"https:\\\/\\\/www.flickr.com\\\/photos\\\/box_repsol\\\/\"]},{\"@type\":\"Person\",\"@id\":\"https:\\\/\\\/www.boxrepsol.com\\\/es\\\/#\\\/schema\\\/person\\\/c5c2138f2cca251b0ad92b7086bb60b7\",\"name\":\"Redacci\u00f3n Box Repsol\",\"image\":{\"@type\":\"ImageObject\",\"inLanguage\":\"es\",\"@id\":\"https:\\\/\\\/secure.gravatar.com\\\/avatar\\\/adf7b77e38b4419baf32c7e9c21dde01f4e40df611f0978e3006fc4ba0aaab7e?s=96&d=mm&r=g\",\"url\":\"https:\\\/\\\/secure.gravatar.com\\\/avatar\\\/adf7b77e38b4419baf32c7e9c21dde01f4e40df611f0978e3006fc4ba0aaab7e?s=96&d=mm&r=g\",\"contentUrl\":\"https:\\\/\\\/secure.gravatar.com\\\/avatar\\\/adf7b77e38b4419baf32c7e9c21dde01f4e40df611f0978e3006fc4ba0aaab7e?s=96&d=mm&r=g\",\"caption\":\"Redacci\u00f3n Box Repsol\"},\"description\":\"Box Repsol lo forma un equipo de periodistas, community managers, dise\u00f1adores y fot\u00f3grafos con m\u00e1s de 20 a\u00f1os de experiencia en el mundo del motorsport. Hemos vivido el primer mundial de un espa\u00f1ol en la categor\u00eda reina de motociclismo con \u00c1lex Crivill\u00e9, estuvimos en las victorias de Pedrosa y los t\u00edtulos de M\u00e1rquez, acompa\u00f1amos en \u00c1frica a Nani Roma y Marc Coma en sus conquistas del Dakar y hemos vibrado con los t\u00edtulos de Toni Bou en Trial. Adem\u00e1s, en nuestro equipo contamos con expertos en el mundo de las dos y cuatro ruedas tanto de la calle y las carreteras, como de los circuitos. Periodistas que han trabajado en revistas y publicaciones para hacerte llegar desde rutas y consejos de mantenimiento, a curiosidades y trucos de pilotaje.\",\"sameAs\":[\"https:\\\/\\\/www.facebook.com\\\/BoxRepsol\\\/\",\"https:\\\/\\\/www.instagram.com\\\/box_repsol\\\/\",\"https:\\\/\\\/x.com\\\/https:\\\/\\\/twitter.com\\\/box_repsol\",\"https:\\\/\\\/www.youtube.com\\\/@Boxrepsol\"],\"url\":\"https:\\\/\\\/www.boxrepsol.com\\\/es\\\/author\\\/redaccion-box-repsol\\\/\"}]}<\/script>\n<!-- \/ Yoast SEO plugin. -->","yoast_head_json":{"title":"FIM CEV Repsol Valencia 2019 - Jeremy Alcoba, Campe\u00f3n del Mundo Junior de Moto3","description":"Un triunfo en la primera carrera de su categor\u00eda brinda al piloto catal\u00e1n el t\u00edtulo. Tatay, Pons y Ortol\u00e1 completan un pleno de victorias espa\u00f1olas.","canonical":"https:\/\/www.boxrepsol.com\/es\/sin-categorizar\/jeremy-alcoba-campeon-del-mundo-junior-moto3-del-fim-cev-repsol\/","og_locale":"es_ES","og_type":"article","og_title":"FIM CEV Repsol Valencia 2019 - Jeremy Alcoba, Campe\u00f3n del Mundo Junior de Moto3","og_description":"Un triunfo en la primera carrera de su categor\u00eda brinda al piloto catal\u00e1n el t\u00edtulo. Tatay, Pons y Ortol\u00e1 completan un pleno de victorias espa\u00f1olas.","og_url":"https:\/\/www.boxrepsol.com\/es\/sin-categorizar\/jeremy-alcoba-campeon-del-mundo-junior-moto3-del-fim-cev-repsol\/","og_site_name":"Box Repsol","article_publisher":"https:\/\/www.facebook.com\/BoxRepsol","article_author":"https:\/\/www.facebook.com\/BoxRepsol\/","article_published_time":"2019-11-11T02:00:00+00:00","article_modified_time":"2024-04-25T09:02:41+00:00","og_image":[{"width":1280,"height":600,"url":"https:\/\/bxrepsol.s3.eu-west-1.amazonaws.com\/static\/2022\/08\/29090743\/00_ganadores_fim_Cev_repsol_2019.jpg","type":"image\/jpeg"}],"author":"Redacci\u00f3n Box Repsol","twitter_card":"summary_large_image","twitter_creator":"@https:\/\/twitter.com\/box_repsol","twitter_site":"@box_repsol","twitter_misc":{"Written by":"Redacci\u00f3n Box Repsol","Est. reading time":"3 minutos"},"schema":{"@context":"https:\/\/schema.org","@graph":[{"@type":"Article","@id":"https:\/\/www.boxrepsol.com\/es\/sin-categorizar\/jeremy-alcoba-campeon-del-mundo-junior-moto3-del-fim-cev-repsol\/#article","isPartOf":{"@id":"https:\/\/www.boxrepsol.com\/es\/sin-categorizar\/jeremy-alcoba-campeon-del-mundo-junior-moto3-del-fim-cev-repsol\/"},"author":{"name":"Redacci\u00f3n Box Repsol","@id":"https:\/\/www.boxrepsol.com\/es\/#\/schema\/person\/c5c2138f2cca251b0ad92b7086bb60b7"},"headline":"Jeremy Alcoba, Campe\u00f3n del Mundo Junior de Moto3 del FIM CEV Repsol","datePublished":"2019-11-11T02:00:00+00:00","dateModified":"2024-04-25T09:02:41+00:00","mainEntityOfPage":{"@id":"https:\/\/www.boxrepsol.com\/es\/sin-categorizar\/jeremy-alcoba-campeon-del-mundo-junior-moto3-del-fim-cev-repsol\/"},"wordCount":693,"commentCount":0,"publisher":{"@id":"https:\/\/www.boxrepsol.com\/es\/#organization"},"image":{"@id":"https:\/\/www.boxrepsol.com\/es\/sin-categorizar\/jeremy-alcoba-campeon-del-mundo-junior-moto3-del-fim-cev-repsol\/#primaryimage"},"thumbnailUrl":"https:\/\/bxrepsol.s3.eu-west-1.amazonaws.com\/static\/2022\/08\/29090743\/00_ganadores_fim_Cev_repsol_2019.jpg","keywords":["otros eventos y competiciones"],"articleSection":["Sin categorizar"],"inLanguage":"es","potentialAction":[{"@type":"CommentAction","name":"Comment","target":["https:\/\/www.boxrepsol.com\/es\/sin-categorizar\/jeremy-alcoba-campeon-del-mundo-junior-moto3-del-fim-cev-repsol\/#respond"]}]},{"@type":"WebPage","@id":"https:\/\/www.boxrepsol.com\/es\/sin-categorizar\/jeremy-alcoba-campeon-del-mundo-junior-moto3-del-fim-cev-repsol\/","url":"https:\/\/www.boxrepsol.com\/es\/sin-categorizar\/jeremy-alcoba-campeon-del-mundo-junior-moto3-del-fim-cev-repsol\/","name":"FIM CEV Repsol Valencia 2019 - Jeremy Alcoba, Campe\u00f3n del Mundo Junior de Moto3","isPartOf":{"@id":"https:\/\/www.boxrepsol.com\/es\/#website"},"primaryImageOfPage":{"@id":"https:\/\/www.boxrepsol.com\/es\/sin-categorizar\/jeremy-alcoba-campeon-del-mundo-junior-moto3-del-fim-cev-repsol\/#primaryimage"},"image":{"@id":"https:\/\/www.boxrepsol.com\/es\/sin-categorizar\/jeremy-alcoba-campeon-del-mundo-junior-moto3-del-fim-cev-repsol\/#primaryimage"},"thumbnailUrl":"https:\/\/bxrepsol.s3.eu-west-1.amazonaws.com\/static\/2022\/08\/29090743\/00_ganadores_fim_Cev_repsol_2019.jpg","datePublished":"2019-11-11T02:00:00+00:00","dateModified":"2024-04-25T09:02:41+00:00","description":"Un triunfo en la primera carrera de su categor\u00eda brinda al piloto catal\u00e1n el t\u00edtulo. Tatay, Pons y Ortol\u00e1 completan un pleno de victorias espa\u00f1olas.","breadcrumb":{"@id":"https:\/\/www.boxrepsol.com\/es\/sin-categorizar\/jeremy-alcoba-campeon-del-mundo-junior-moto3-del-fim-cev-repsol\/#breadcrumb"},"inLanguage":"es","potentialAction":[{"@type":"ReadAction","target":["https:\/\/www.boxrepsol.com\/es\/sin-categorizar\/jeremy-alcoba-campeon-del-mundo-junior-moto3-del-fim-cev-repsol\/"]}]},{"@type":"ImageObject","inLanguage":"es","@id":"https:\/\/www.boxrepsol.com\/es\/sin-categorizar\/jeremy-alcoba-campeon-del-mundo-junior-moto3-del-fim-cev-repsol\/#primaryimage","url":"https:\/\/bxrepsol.s3.eu-west-1.amazonaws.com\/static\/2022\/08\/29090743\/00_ganadores_fim_Cev_repsol_2019.jpg","contentUrl":"https:\/\/bxrepsol.s3.eu-west-1.amazonaws.com\/static\/2022\/08\/29090743\/00_ganadores_fim_Cev_repsol_2019.jpg","width":1280,"height":600,"caption":"Campeones del FIM CEV Repsol"},{"@type":"BreadcrumbList","@id":"https:\/\/www.boxrepsol.com\/es\/sin-categorizar\/jeremy-alcoba-campeon-del-mundo-junior-moto3-del-fim-cev-repsol\/#breadcrumb","itemListElement":[{"@type":"ListItem","position":1,"name":"Home","item":"https:\/\/www.boxrepsol.com\/es\/"},{"@type":"ListItem","position":2,"name":"Jeremy Alcoba, Campe\u00f3n del Mundo Junior de Moto3 del FIM CEV Repsol"}]},{"@type":"WebSite","@id":"https:\/\/www.boxrepsol.com\/es\/#website","url":"https:\/\/www.boxrepsol.com\/es\/","name":"Box Repsol","description":"Box Repsol Site","publisher":{"@id":"https:\/\/www.boxrepsol.com\/es\/#organization"},"potentialAction":[{"@type":"SearchAction","target":{"@type":"EntryPoint","urlTemplate":"https:\/\/www.boxrepsol.com\/es\/?s={search_term_string}"},"query-input":{"@type":"PropertyValueSpecification","valueRequired":true,"valueName":"search_term_string"}}],"inLanguage":"es"},{"@type":"Organization","@id":"https:\/\/www.boxrepsol.com\/es\/#organization","name":"Box Repsol","url":"https:\/\/www.boxrepsol.com\/es\/","logo":{"@type":"ImageObject","inLanguage":"es","@id":"https:\/\/www.boxrepsol.com\/es\/#\/schema\/logo\/image\/","url":"https:\/\/bxrepsol.s3.eu-west-1.amazonaws.com\/static\/2025\/07\/30083337\/favicon-96x96-1.png","contentUrl":"https:\/\/bxrepsol.s3.eu-west-1.amazonaws.com\/static\/2025\/07\/30083337\/favicon-96x96-1.png","width":96,"height":96,"caption":"Box Repsol"},"image":{"@id":"https:\/\/www.boxrepsol.com\/es\/#\/schema\/logo\/image\/"},"sameAs":["https:\/\/www.facebook.com\/BoxRepsol","https:\/\/x.com\/box_repsol","http:\/\/instagram.com\/box_repsol","https:\/\/www.youtube.com\/user\/RepsolCompeticion","https:\/\/www.flickr.com\/photos\/box_repsol\/"]},{"@type":"Person","@id":"https:\/\/www.boxrepsol.com\/es\/#\/schema\/person\/c5c2138f2cca251b0ad92b7086bb60b7","name":"Redacci\u00f3n Box Repsol","image":{"@type":"ImageObject","inLanguage":"es","@id":"https:\/\/secure.gravatar.com\/avatar\/adf7b77e38b4419baf32c7e9c21dde01f4e40df611f0978e3006fc4ba0aaab7e?s=96&d=mm&r=g","url":"https:\/\/secure.gravatar.com\/avatar\/adf7b77e38b4419baf32c7e9c21dde01f4e40df611f0978e3006fc4ba0aaab7e?s=96&d=mm&r=g","contentUrl":"https:\/\/secure.gravatar.com\/avatar\/adf7b77e38b4419baf32c7e9c21dde01f4e40df611f0978e3006fc4ba0aaab7e?s=96&d=mm&r=g","caption":"Redacci\u00f3n Box Repsol"},"description":"Box Repsol lo forma un equipo de periodistas, community managers, dise\u00f1adores y fot\u00f3grafos con m\u00e1s de 20 a\u00f1os de experiencia en el mundo del motorsport. Hemos vivido el primer mundial de un espa\u00f1ol en la categor\u00eda reina de motociclismo con \u00c1lex Crivill\u00e9, estuvimos en las victorias de Pedrosa y los t\u00edtulos de M\u00e1rquez, acompa\u00f1amos en \u00c1frica a Nani Roma y Marc Coma en sus conquistas del Dakar y hemos vibrado con los t\u00edtulos de Toni Bou en Trial. Adem\u00e1s, en nuestro equipo contamos con expertos en el mundo de las dos y cuatro ruedas tanto de la calle y las carreteras, como de los circuitos. Periodistas que han trabajado en revistas y publicaciones para hacerte llegar desde rutas y consejos de mantenimiento, a curiosidades y trucos de pilotaje.","sameAs":["https:\/\/www.facebook.com\/BoxRepsol\/","https:\/\/www.instagram.com\/box_repsol\/","https:\/\/x.com\/https:\/\/twitter.com\/box_repsol","https:\/\/www.youtube.com\/@Boxrepsol"],"url":"https:\/\/www.boxrepsol.com\/es\/author\/redaccion-box-repsol\/"}]}},"_links":{"self":[{"href":"https:\/\/www.boxrepsol.com\/es\/wp-json\/wp\/v2\/posts\/94262","targetHints":{"allow":["GET"]}}],"collection":[{"href":"https:\/\/www.boxrepsol.com\/es\/wp-json\/wp\/v2\/posts"}],"about":[{"href":"https:\/\/www.boxrepsol.com\/es\/wp-json\/wp\/v2\/types\/post"}],"author":[{"embeddable":true,"href":"https:\/\/www.boxrepsol.com\/es\/wp-json\/wp\/v2\/users\/43146"}],"replies":[{"embeddable":true,"href":"https:\/\/www.boxrepsol.com\/es\/wp-json\/wp\/v2\/comments?post=94262"}],"version-history":[{"count":1,"href":"https:\/\/www.boxrepsol.com\/es\/wp-json\/wp\/v2\/posts\/94262\/revisions"}],"predecessor-version":[{"id":94263,"href":"https:\/\/www.boxrepsol.com\/es\/wp-json\/wp\/v2\/posts\/94262\/revisions\/94263"}],"wp:featuredmedia":[{"embeddable":true,"href":"https:\/\/www.boxrepsol.com\/es\/wp-json\/wp\/v2\/media\/63118"}],"wp:attachment":[{"href":"https:\/\/www.boxrepsol.com\/es\/wp-json\/wp\/v2\/media?parent=94262"}],"wp:term":[{"taxonomy":"category","embeddable":true,"href":"https:\/\/www.boxrepsol.com\/es\/wp-json\/wp\/v2\/categories?post=94262"},{"taxonomy":"post_tag","embeddable":true,"href":"https:\/\/www.boxrepsol.com\/es\/wp-json\/wp\/v2\/tags?post=94262"}],"curies":[{"name":"wp","href":"https:\/\/api.w.org\/{rel}","templated":true}]}}