{"id":94260,"date":"2019-11-11T00:00:00","date_gmt":"2019-11-11T02:00:00","guid":{"rendered":"http:\/\/pre.boxrepsol.com\/sin-categorizar\/marc-marquez-hermano-alex-convierten-cervera-una-gran-fiesta\/"},"modified":"2024-04-25T06:59:58","modified_gmt":"2024-04-25T08:59:58","slug":"marc-marquez-hermano-alex-convierten-cervera-una-gran-fiesta","status":"publish","type":"post","link":"https:\/\/www.boxrepsol.com\/es\/motogp\/marc-marquez-hermano-alex-convierten-cervera-una-gran-fiesta\/","title":{"rendered":"Marc M\u00e1rquez y su hermano \u00c1lex convierten Cervera en una gran fiesta"},"content":{"rendered":"<p>Marc M\u00e1rquez ha compartido en su Cervera natal <strong>la alegr\u00eda de su octavo t\u00edtulo de Campe\u00f3n del Mundo de motociclismo<\/strong> con los miles de aficionados que han vuelto a inundar las calles de la localidad ilerdense. El piloto del equipo Repsol Honda ha sido protagonista, <strong>junto a su hermano \u00c1lex \u2013nuevo Campe\u00f3n del Mundo de Moto2\u2013<\/strong>, de una multitudinaria celebraci\u00f3n que se ha convertido ya en una aut\u00e9ntica tradici\u00f3n gracias a los \u00e9xitos logrados en los circuitos de todo el mundo.<\/p>\n<p>Tras una rueda de prensa en la Universidad de Cervera, el Campe\u00f3n del Mundo de MotoGP ha comenzado el tradicional pasacalles subido al cami\u00f3n que su club de fans tiene preparado para estas ocasiones. <strong>M\u00e1rquez ha estado acompa\u00f1ado por sus familiares y los miembros del equipo que le han llevado a ser el ocho veces Campe\u00f3n del Mundo m\u00e1s joven de la historia del motociclismo<\/strong> en el 25\u00ba aniversario de la escuadra m\u00e1s laureada de MotoGP, el Repsol Honda.<\/p>\n<p>La fiesta ha finalizado, como cada a\u00f1o, con la llegada a un escenario desde el que el piloto se ha dirigido a los aficionados. Haciendo gala de su desparpajo y simpat\u00eda, M\u00e1rquez ha vuelto a hacer las delicias de los <strong>miles de seguidores que se han congregado en las calles de Cervera<\/strong> para celebrar un nuevo \u00e9xito de su ciudadano m\u00e1s ilustre.<\/p>\n<p><a title=\"\u00a1Marc M\u00e1rquez mete la #8ball!\" href=\"https:\/\/www.boxrepsol.com\/es\/motogp\/marc-marquez-mete-la-8ball\/\" target=\"_self\" rel=\"noopener\"><\/p>\n<p>\n            \u00a1Destacamos!\n    <\/p>\n<h2>\n            \u00a1Marc M\u00e1rquez mete la #8ball!        <\/h2>\n<p>El de Cervera lo ha vuelto a hacer, ha conseguido su 8\u00ba Mundial, el 6\u00ba en la Categor\u00eda Reina, superando los 5 del legendario Mick Doohan.<\/p>\n<p>        <img decoding=\"async\" src=\"https:\/\/bxrepsol.s3.eu-west-1.amazonaws.com\/static\/2022\/08\/05070219\/00_marc_marquez_vuelta_de_victoria.jpg\" alt=\"Marc M\u00e1rquez dando la vuelta de victoria en Tailandia 2019\"><br \/>\n<\/a><\/p>\n<p><em><strong>Siempre es bonito celebrar el t\u00edtulo en Cervera<\/strong>, pero este a\u00f1o me ha hecho especial ilusi\u00f3n poder hacerlo junto a mi hermano, celebrando ambos campeonatos. Son ya ocho Mundiales, algo que tiene mucho peso, y se tiene que disfrutar a lo grande. 2019 ha sido mi mejor a\u00f1o en MotoGP y en mi carrera deportiva; una temporada perfecta que ser\u00e1 muy dif\u00edcil de repetir. <\/p>\n<p>A pesar de esto, <strong>el a\u00f1o que viene lo empezaremos de la misma manera y con el mismo objetivo, volver a ser campeones<\/strong>. Ganar te da m\u00e1s gasolina y yo no me conformo, sino todo lo contrario, quiero m\u00e1s y m\u00e1s. Doy el cien por cien en todo lo que hago y eso es lo que me ha llevado a estar otro a\u00f1o m\u00e1s aqu\u00ed celebrando el t\u00edtulo con mi familia, mis amigos, y lo m\u00e1s importante, toda la afici\u00f3n.<\/em><\/p>\n","protected":false},"excerpt":{"rendered":"<p>Los aficionados han vuelto a llenar las calles de la localidad natal del piloto del equipo Repsol Honda para celebrar su octavo t\u00edtulo y el de su hermano.<\/p>\n","protected":false},"author":43146,"featured_media":63114,"comment_status":"open","ping_status":"open","sticky":false,"template":"","format":"standard","meta":{"footnotes":""},"categories":[4],"tags":[6],"class_list":["post-94260","post","type-post","status-publish","format-standard","hentry","category-motogp","tag-marc-marquez"],"yoast_head":"<!-- This site is optimized with the Yoast SEO plugin v27.3 - https:\/\/yoast.com\/product\/yoast-seo-wordpress\/ -->\n<title>Celebraci\u00f3n Cervera 2019 - Marc M\u00e1rquez y su hermano \u00c1lex convierten Cervera en una gran fiesta<\/title>\n<meta name=\"description\" content=\"Los aficionados han vuelto a llenar las calles de la localidad natal del piloto del equipo Repsol Honda para celebrar su octavo t\u00edtulo y el de su hermano.\" \/>\n<link rel=\"canonical\" href=\"https:\/\/www.boxrepsol.com\/es\/motogp\/marc-marquez-hermano-alex-convierten-cervera-una-gran-fiesta\/\" \/>\n<meta property=\"og:locale\" content=\"es_ES\" \/>\n<meta property=\"og:type\" content=\"article\" \/>\n<meta property=\"og:title\" content=\"Celebraci\u00f3n Cervera 2019 - Marc M\u00e1rquez y su hermano \u00c1lex convierten Cervera en una gran fiesta\" \/>\n<meta property=\"og:description\" content=\"Los aficionados han vuelto a llenar las calles de la localidad natal del piloto del equipo Repsol Honda para celebrar su octavo t\u00edtulo y el de su hermano.\" \/>\n<meta property=\"og:url\" content=\"https:\/\/www.boxrepsol.com\/es\/motogp\/marc-marquez-hermano-alex-convierten-cervera-una-gran-fiesta\/\" \/>\n<meta property=\"og:site_name\" content=\"Box Repsol\" \/>\n<meta property=\"article:publisher\" content=\"https:\/\/www.facebook.com\/BoxRepsol\" \/>\n<meta property=\"article:author\" content=\"https:\/\/www.facebook.com\/BoxRepsol\/\" \/>\n<meta property=\"article:published_time\" content=\"2019-11-11T02:00:00+00:00\" \/>\n<meta property=\"article:modified_time\" content=\"2024-04-25T08:59:58+00:00\" \/>\n<meta property=\"og:image\" content=\"https:\/\/bxrepsol.s3.eu-west-1.amazonaws.com\/static\/2022\/08\/29090741\/00_Marc_marquez_alex_marquez_cervera_2019.jpg\" \/>\n\t<meta property=\"og:image:width\" content=\"1280\" \/>\n\t<meta property=\"og:image:height\" content=\"600\" \/>\n\t<meta property=\"og:image:type\" content=\"image\/jpeg\" \/>\n<meta name=\"author\" content=\"Redacci\u00f3n Box Repsol\" \/>\n<meta name=\"twitter:card\" content=\"summary_large_image\" \/>\n<meta name=\"twitter:creator\" content=\"@https:\/\/twitter.com\/box_repsol\" \/>\n<meta name=\"twitter:site\" content=\"@box_repsol\" \/>\n<meta name=\"twitter:label1\" content=\"Written by\" \/>\n\t<meta name=\"twitter:data1\" content=\"Redacci\u00f3n Box Repsol\" \/>\n\t<meta name=\"twitter:label2\" content=\"Est. reading time\" \/>\n\t<meta name=\"twitter:data2\" content=\"2 minutos\" \/>\n<script type=\"application\/ld+json\" class=\"yoast-schema-graph\">{\"@context\":\"https:\\\/\\\/schema.org\",\"@graph\":[{\"@type\":\"Article\",\"@id\":\"https:\\\/\\\/www.boxrepsol.com\\\/es\\\/motogp\\\/marc-marquez-hermano-alex-convierten-cervera-una-gran-fiesta\\\/#article\",\"isPartOf\":{\"@id\":\"https:\\\/\\\/www.boxrepsol.com\\\/es\\\/motogp\\\/marc-marquez-hermano-alex-convierten-cervera-una-gran-fiesta\\\/\"},\"author\":{\"name\":\"Redacci\u00f3n Box Repsol\",\"@id\":\"https:\\\/\\\/www.boxrepsol.com\\\/es\\\/#\\\/schema\\\/person\\\/c5c2138f2cca251b0ad92b7086bb60b7\"},\"headline\":\"Marc M\u00e1rquez y su hermano \u00c1lex convierten Cervera en una gran fiesta\",\"datePublished\":\"2019-11-11T02:00:00+00:00\",\"dateModified\":\"2024-04-25T08:59:58+00:00\",\"mainEntityOfPage\":{\"@id\":\"https:\\\/\\\/www.boxrepsol.com\\\/es\\\/motogp\\\/marc-marquez-hermano-alex-convierten-cervera-una-gran-fiesta\\\/\"},\"wordCount\":441,\"commentCount\":0,\"publisher\":{\"@id\":\"https:\\\/\\\/www.boxrepsol.com\\\/es\\\/#organization\"},\"image\":{\"@id\":\"https:\\\/\\\/www.boxrepsol.com\\\/es\\\/motogp\\\/marc-marquez-hermano-alex-convierten-cervera-una-gran-fiesta\\\/#primaryimage\"},\"thumbnailUrl\":\"https:\\\/\\\/bxrepsol.s3.eu-west-1.amazonaws.com\\\/static\\\/2022\\\/08\\\/29090741\\\/00_Marc_marquez_alex_marquez_cervera_2019.jpg\",\"keywords\":[\"Marc M\u00e1rquez\"],\"articleSection\":[\"MotoGP\"],\"inLanguage\":\"es\",\"potentialAction\":[{\"@type\":\"CommentAction\",\"name\":\"Comment\",\"target\":[\"https:\\\/\\\/www.boxrepsol.com\\\/es\\\/motogp\\\/marc-marquez-hermano-alex-convierten-cervera-una-gran-fiesta\\\/#respond\"]}]},{\"@type\":\"WebPage\",\"@id\":\"https:\\\/\\\/www.boxrepsol.com\\\/es\\\/motogp\\\/marc-marquez-hermano-alex-convierten-cervera-una-gran-fiesta\\\/\",\"url\":\"https:\\\/\\\/www.boxrepsol.com\\\/es\\\/motogp\\\/marc-marquez-hermano-alex-convierten-cervera-una-gran-fiesta\\\/\",\"name\":\"Celebraci\u00f3n Cervera 2019 - Marc M\u00e1rquez y su hermano \u00c1lex convierten Cervera en una gran fiesta\",\"isPartOf\":{\"@id\":\"https:\\\/\\\/www.boxrepsol.com\\\/es\\\/#website\"},\"primaryImageOfPage\":{\"@id\":\"https:\\\/\\\/www.boxrepsol.com\\\/es\\\/motogp\\\/marc-marquez-hermano-alex-convierten-cervera-una-gran-fiesta\\\/#primaryimage\"},\"image\":{\"@id\":\"https:\\\/\\\/www.boxrepsol.com\\\/es\\\/motogp\\\/marc-marquez-hermano-alex-convierten-cervera-una-gran-fiesta\\\/#primaryimage\"},\"thumbnailUrl\":\"https:\\\/\\\/bxrepsol.s3.eu-west-1.amazonaws.com\\\/static\\\/2022\\\/08\\\/29090741\\\/00_Marc_marquez_alex_marquez_cervera_2019.jpg\",\"datePublished\":\"2019-11-11T02:00:00+00:00\",\"dateModified\":\"2024-04-25T08:59:58+00:00\",\"description\":\"Los aficionados han vuelto a llenar las calles de la localidad natal del piloto del equipo Repsol Honda para celebrar su octavo t\u00edtulo y el de su hermano.\",\"breadcrumb\":{\"@id\":\"https:\\\/\\\/www.boxrepsol.com\\\/es\\\/motogp\\\/marc-marquez-hermano-alex-convierten-cervera-una-gran-fiesta\\\/#breadcrumb\"},\"inLanguage\":\"es\",\"potentialAction\":[{\"@type\":\"ReadAction\",\"target\":[\"https:\\\/\\\/www.boxrepsol.com\\\/es\\\/motogp\\\/marc-marquez-hermano-alex-convierten-cervera-una-gran-fiesta\\\/\"]}]},{\"@type\":\"ImageObject\",\"inLanguage\":\"es\",\"@id\":\"https:\\\/\\\/www.boxrepsol.com\\\/es\\\/motogp\\\/marc-marquez-hermano-alex-convierten-cervera-una-gran-fiesta\\\/#primaryimage\",\"url\":\"https:\\\/\\\/bxrepsol.s3.eu-west-1.amazonaws.com\\\/static\\\/2022\\\/08\\\/29090741\\\/00_Marc_marquez_alex_marquez_cervera_2019.jpg\",\"contentUrl\":\"https:\\\/\\\/bxrepsol.s3.eu-west-1.amazonaws.com\\\/static\\\/2022\\\/08\\\/29090741\\\/00_Marc_marquez_alex_marquez_cervera_2019.jpg\",\"width\":1280,\"height\":600,\"caption\":\"Alex y Marc M\u00e1rquez celebran en Cervera con los fans\"},{\"@type\":\"BreadcrumbList\",\"@id\":\"https:\\\/\\\/www.boxrepsol.com\\\/es\\\/motogp\\\/marc-marquez-hermano-alex-convierten-cervera-una-gran-fiesta\\\/#breadcrumb\",\"itemListElement\":[{\"@type\":\"ListItem\",\"position\":1,\"name\":\"Home\",\"item\":\"https:\\\/\\\/www.boxrepsol.com\\\/es\\\/\"},{\"@type\":\"ListItem\",\"position\":2,\"name\":\"Marc M\u00e1rquez y su hermano \u00c1lex convierten Cervera en una gran fiesta\"}]},{\"@type\":\"WebSite\",\"@id\":\"https:\\\/\\\/www.boxrepsol.com\\\/es\\\/#website\",\"url\":\"https:\\\/\\\/www.boxrepsol.com\\\/es\\\/\",\"name\":\"Box Repsol\",\"description\":\"Box Repsol Site\",\"publisher\":{\"@id\":\"https:\\\/\\\/www.boxrepsol.com\\\/es\\\/#organization\"},\"potentialAction\":[{\"@type\":\"SearchAction\",\"target\":{\"@type\":\"EntryPoint\",\"urlTemplate\":\"https:\\\/\\\/www.boxrepsol.com\\\/es\\\/?s={search_term_string}\"},\"query-input\":{\"@type\":\"PropertyValueSpecification\",\"valueRequired\":true,\"valueName\":\"search_term_string\"}}],\"inLanguage\":\"es\"},{\"@type\":\"Organization\",\"@id\":\"https:\\\/\\\/www.boxrepsol.com\\\/es\\\/#organization\",\"name\":\"Box Repsol\",\"url\":\"https:\\\/\\\/www.boxrepsol.com\\\/es\\\/\",\"logo\":{\"@type\":\"ImageObject\",\"inLanguage\":\"es\",\"@id\":\"https:\\\/\\\/www.boxrepsol.com\\\/es\\\/#\\\/schema\\\/logo\\\/image\\\/\",\"url\":\"https:\\\/\\\/bxrepsol.s3.eu-west-1.amazonaws.com\\\/static\\\/2025\\\/07\\\/30083337\\\/favicon-96x96-1.png\",\"contentUrl\":\"https:\\\/\\\/bxrepsol.s3.eu-west-1.amazonaws.com\\\/static\\\/2025\\\/07\\\/30083337\\\/favicon-96x96-1.png\",\"width\":96,\"height\":96,\"caption\":\"Box Repsol\"},\"image\":{\"@id\":\"https:\\\/\\\/www.boxrepsol.com\\\/es\\\/#\\\/schema\\\/logo\\\/image\\\/\"},\"sameAs\":[\"https:\\\/\\\/www.facebook.com\\\/BoxRepsol\",\"https:\\\/\\\/x.com\\\/box_repsol\",\"http:\\\/\\\/instagram.com\\\/box_repsol\",\"https:\\\/\\\/www.youtube.com\\\/user\\\/RepsolCompeticion\",\"https:\\\/\\\/www.flickr.com\\\/photos\\\/box_repsol\\\/\"]},{\"@type\":\"Person\",\"@id\":\"https:\\\/\\\/www.boxrepsol.com\\\/es\\\/#\\\/schema\\\/person\\\/c5c2138f2cca251b0ad92b7086bb60b7\",\"name\":\"Redacci\u00f3n Box Repsol\",\"image\":{\"@type\":\"ImageObject\",\"inLanguage\":\"es\",\"@id\":\"https:\\\/\\\/secure.gravatar.com\\\/avatar\\\/adf7b77e38b4419baf32c7e9c21dde01f4e40df611f0978e3006fc4ba0aaab7e?s=96&d=mm&r=g\",\"url\":\"https:\\\/\\\/secure.gravatar.com\\\/avatar\\\/adf7b77e38b4419baf32c7e9c21dde01f4e40df611f0978e3006fc4ba0aaab7e?s=96&d=mm&r=g\",\"contentUrl\":\"https:\\\/\\\/secure.gravatar.com\\\/avatar\\\/adf7b77e38b4419baf32c7e9c21dde01f4e40df611f0978e3006fc4ba0aaab7e?s=96&d=mm&r=g\",\"caption\":\"Redacci\u00f3n Box Repsol\"},\"description\":\"Box Repsol lo forma un equipo de periodistas, community managers, dise\u00f1adores y fot\u00f3grafos con m\u00e1s de 20 a\u00f1os de experiencia en el mundo del motorsport. Hemos vivido el primer mundial de un espa\u00f1ol en la categor\u00eda reina de motociclismo con \u00c1lex Crivill\u00e9, estuvimos en las victorias de Pedrosa y los t\u00edtulos de M\u00e1rquez, acompa\u00f1amos en \u00c1frica a Nani Roma y Marc Coma en sus conquistas del Dakar y hemos vibrado con los t\u00edtulos de Toni Bou en Trial. Adem\u00e1s, en nuestro equipo contamos con expertos en el mundo de las dos y cuatro ruedas tanto de la calle y las carreteras, como de los circuitos. Periodistas que han trabajado en revistas y publicaciones para hacerte llegar desde rutas y consejos de mantenimiento, a curiosidades y trucos de pilotaje.\",\"sameAs\":[\"https:\\\/\\\/www.facebook.com\\\/BoxRepsol\\\/\",\"https:\\\/\\\/www.instagram.com\\\/box_repsol\\\/\",\"https:\\\/\\\/x.com\\\/https:\\\/\\\/twitter.com\\\/box_repsol\",\"https:\\\/\\\/www.youtube.com\\\/@Boxrepsol\"],\"url\":\"https:\\\/\\\/www.boxrepsol.com\\\/es\\\/author\\\/redaccion-box-repsol\\\/\"}]}<\/script>\n<!-- \/ Yoast SEO plugin. -->","yoast_head_json":{"title":"Celebraci\u00f3n Cervera 2019 - Marc M\u00e1rquez y su hermano \u00c1lex convierten Cervera en una gran fiesta","description":"Los aficionados han vuelto a llenar las calles de la localidad natal del piloto del equipo Repsol Honda para celebrar su octavo t\u00edtulo y el de su hermano.","canonical":"https:\/\/www.boxrepsol.com\/es\/motogp\/marc-marquez-hermano-alex-convierten-cervera-una-gran-fiesta\/","og_locale":"es_ES","og_type":"article","og_title":"Celebraci\u00f3n Cervera 2019 - Marc M\u00e1rquez y su hermano \u00c1lex convierten Cervera en una gran fiesta","og_description":"Los aficionados han vuelto a llenar las calles de la localidad natal del piloto del equipo Repsol Honda para celebrar su octavo t\u00edtulo y el de su hermano.","og_url":"https:\/\/www.boxrepsol.com\/es\/motogp\/marc-marquez-hermano-alex-convierten-cervera-una-gran-fiesta\/","og_site_name":"Box Repsol","article_publisher":"https:\/\/www.facebook.com\/BoxRepsol","article_author":"https:\/\/www.facebook.com\/BoxRepsol\/","article_published_time":"2019-11-11T02:00:00+00:00","article_modified_time":"2024-04-25T08:59:58+00:00","og_image":[{"width":1280,"height":600,"url":"https:\/\/bxrepsol.s3.eu-west-1.amazonaws.com\/static\/2022\/08\/29090741\/00_Marc_marquez_alex_marquez_cervera_2019.jpg","type":"image\/jpeg"}],"author":"Redacci\u00f3n Box Repsol","twitter_card":"summary_large_image","twitter_creator":"@https:\/\/twitter.com\/box_repsol","twitter_site":"@box_repsol","twitter_misc":{"Written by":"Redacci\u00f3n Box Repsol","Est. reading time":"2 minutos"},"schema":{"@context":"https:\/\/schema.org","@graph":[{"@type":"Article","@id":"https:\/\/www.boxrepsol.com\/es\/motogp\/marc-marquez-hermano-alex-convierten-cervera-una-gran-fiesta\/#article","isPartOf":{"@id":"https:\/\/www.boxrepsol.com\/es\/motogp\/marc-marquez-hermano-alex-convierten-cervera-una-gran-fiesta\/"},"author":{"name":"Redacci\u00f3n Box Repsol","@id":"https:\/\/www.boxrepsol.com\/es\/#\/schema\/person\/c5c2138f2cca251b0ad92b7086bb60b7"},"headline":"Marc M\u00e1rquez y su hermano \u00c1lex convierten Cervera en una gran fiesta","datePublished":"2019-11-11T02:00:00+00:00","dateModified":"2024-04-25T08:59:58+00:00","mainEntityOfPage":{"@id":"https:\/\/www.boxrepsol.com\/es\/motogp\/marc-marquez-hermano-alex-convierten-cervera-una-gran-fiesta\/"},"wordCount":441,"commentCount":0,"publisher":{"@id":"https:\/\/www.boxrepsol.com\/es\/#organization"},"image":{"@id":"https:\/\/www.boxrepsol.com\/es\/motogp\/marc-marquez-hermano-alex-convierten-cervera-una-gran-fiesta\/#primaryimage"},"thumbnailUrl":"https:\/\/bxrepsol.s3.eu-west-1.amazonaws.com\/static\/2022\/08\/29090741\/00_Marc_marquez_alex_marquez_cervera_2019.jpg","keywords":["Marc M\u00e1rquez"],"articleSection":["MotoGP"],"inLanguage":"es","potentialAction":[{"@type":"CommentAction","name":"Comment","target":["https:\/\/www.boxrepsol.com\/es\/motogp\/marc-marquez-hermano-alex-convierten-cervera-una-gran-fiesta\/#respond"]}]},{"@type":"WebPage","@id":"https:\/\/www.boxrepsol.com\/es\/motogp\/marc-marquez-hermano-alex-convierten-cervera-una-gran-fiesta\/","url":"https:\/\/www.boxrepsol.com\/es\/motogp\/marc-marquez-hermano-alex-convierten-cervera-una-gran-fiesta\/","name":"Celebraci\u00f3n Cervera 2019 - Marc M\u00e1rquez y su hermano \u00c1lex convierten Cervera en una gran fiesta","isPartOf":{"@id":"https:\/\/www.boxrepsol.com\/es\/#website"},"primaryImageOfPage":{"@id":"https:\/\/www.boxrepsol.com\/es\/motogp\/marc-marquez-hermano-alex-convierten-cervera-una-gran-fiesta\/#primaryimage"},"image":{"@id":"https:\/\/www.boxrepsol.com\/es\/motogp\/marc-marquez-hermano-alex-convierten-cervera-una-gran-fiesta\/#primaryimage"},"thumbnailUrl":"https:\/\/bxrepsol.s3.eu-west-1.amazonaws.com\/static\/2022\/08\/29090741\/00_Marc_marquez_alex_marquez_cervera_2019.jpg","datePublished":"2019-11-11T02:00:00+00:00","dateModified":"2024-04-25T08:59:58+00:00","description":"Los aficionados han vuelto a llenar las calles de la localidad natal del piloto del equipo Repsol Honda para celebrar su octavo t\u00edtulo y el de su hermano.","breadcrumb":{"@id":"https:\/\/www.boxrepsol.com\/es\/motogp\/marc-marquez-hermano-alex-convierten-cervera-una-gran-fiesta\/#breadcrumb"},"inLanguage":"es","potentialAction":[{"@type":"ReadAction","target":["https:\/\/www.boxrepsol.com\/es\/motogp\/marc-marquez-hermano-alex-convierten-cervera-una-gran-fiesta\/"]}]},{"@type":"ImageObject","inLanguage":"es","@id":"https:\/\/www.boxrepsol.com\/es\/motogp\/marc-marquez-hermano-alex-convierten-cervera-una-gran-fiesta\/#primaryimage","url":"https:\/\/bxrepsol.s3.eu-west-1.amazonaws.com\/static\/2022\/08\/29090741\/00_Marc_marquez_alex_marquez_cervera_2019.jpg","contentUrl":"https:\/\/bxrepsol.s3.eu-west-1.amazonaws.com\/static\/2022\/08\/29090741\/00_Marc_marquez_alex_marquez_cervera_2019.jpg","width":1280,"height":600,"caption":"Alex y Marc M\u00e1rquez celebran en Cervera con los fans"},{"@type":"BreadcrumbList","@id":"https:\/\/www.boxrepsol.com\/es\/motogp\/marc-marquez-hermano-alex-convierten-cervera-una-gran-fiesta\/#breadcrumb","itemListElement":[{"@type":"ListItem","position":1,"name":"Home","item":"https:\/\/www.boxrepsol.com\/es\/"},{"@type":"ListItem","position":2,"name":"Marc M\u00e1rquez y su hermano \u00c1lex convierten Cervera en una gran fiesta"}]},{"@type":"WebSite","@id":"https:\/\/www.boxrepsol.com\/es\/#website","url":"https:\/\/www.boxrepsol.com\/es\/","name":"Box Repsol","description":"Box Repsol Site","publisher":{"@id":"https:\/\/www.boxrepsol.com\/es\/#organization"},"potentialAction":[{"@type":"SearchAction","target":{"@type":"EntryPoint","urlTemplate":"https:\/\/www.boxrepsol.com\/es\/?s={search_term_string}"},"query-input":{"@type":"PropertyValueSpecification","valueRequired":true,"valueName":"search_term_string"}}],"inLanguage":"es"},{"@type":"Organization","@id":"https:\/\/www.boxrepsol.com\/es\/#organization","name":"Box Repsol","url":"https:\/\/www.boxrepsol.com\/es\/","logo":{"@type":"ImageObject","inLanguage":"es","@id":"https:\/\/www.boxrepsol.com\/es\/#\/schema\/logo\/image\/","url":"https:\/\/bxrepsol.s3.eu-west-1.amazonaws.com\/static\/2025\/07\/30083337\/favicon-96x96-1.png","contentUrl":"https:\/\/bxrepsol.s3.eu-west-1.amazonaws.com\/static\/2025\/07\/30083337\/favicon-96x96-1.png","width":96,"height":96,"caption":"Box Repsol"},"image":{"@id":"https:\/\/www.boxrepsol.com\/es\/#\/schema\/logo\/image\/"},"sameAs":["https:\/\/www.facebook.com\/BoxRepsol","https:\/\/x.com\/box_repsol","http:\/\/instagram.com\/box_repsol","https:\/\/www.youtube.com\/user\/RepsolCompeticion","https:\/\/www.flickr.com\/photos\/box_repsol\/"]},{"@type":"Person","@id":"https:\/\/www.boxrepsol.com\/es\/#\/schema\/person\/c5c2138f2cca251b0ad92b7086bb60b7","name":"Redacci\u00f3n Box Repsol","image":{"@type":"ImageObject","inLanguage":"es","@id":"https:\/\/secure.gravatar.com\/avatar\/adf7b77e38b4419baf32c7e9c21dde01f4e40df611f0978e3006fc4ba0aaab7e?s=96&d=mm&r=g","url":"https:\/\/secure.gravatar.com\/avatar\/adf7b77e38b4419baf32c7e9c21dde01f4e40df611f0978e3006fc4ba0aaab7e?s=96&d=mm&r=g","contentUrl":"https:\/\/secure.gravatar.com\/avatar\/adf7b77e38b4419baf32c7e9c21dde01f4e40df611f0978e3006fc4ba0aaab7e?s=96&d=mm&r=g","caption":"Redacci\u00f3n Box Repsol"},"description":"Box Repsol lo forma un equipo de periodistas, community managers, dise\u00f1adores y fot\u00f3grafos con m\u00e1s de 20 a\u00f1os de experiencia en el mundo del motorsport. Hemos vivido el primer mundial de un espa\u00f1ol en la categor\u00eda reina de motociclismo con \u00c1lex Crivill\u00e9, estuvimos en las victorias de Pedrosa y los t\u00edtulos de M\u00e1rquez, acompa\u00f1amos en \u00c1frica a Nani Roma y Marc Coma en sus conquistas del Dakar y hemos vibrado con los t\u00edtulos de Toni Bou en Trial. Adem\u00e1s, en nuestro equipo contamos con expertos en el mundo de las dos y cuatro ruedas tanto de la calle y las carreteras, como de los circuitos. Periodistas que han trabajado en revistas y publicaciones para hacerte llegar desde rutas y consejos de mantenimiento, a curiosidades y trucos de pilotaje.","sameAs":["https:\/\/www.facebook.com\/BoxRepsol\/","https:\/\/www.instagram.com\/box_repsol\/","https:\/\/x.com\/https:\/\/twitter.com\/box_repsol","https:\/\/www.youtube.com\/@Boxrepsol"],"url":"https:\/\/www.boxrepsol.com\/es\/author\/redaccion-box-repsol\/"}]}},"_links":{"self":[{"href":"https:\/\/www.boxrepsol.com\/es\/wp-json\/wp\/v2\/posts\/94260","targetHints":{"allow":["GET"]}}],"collection":[{"href":"https:\/\/www.boxrepsol.com\/es\/wp-json\/wp\/v2\/posts"}],"about":[{"href":"https:\/\/www.boxrepsol.com\/es\/wp-json\/wp\/v2\/types\/post"}],"author":[{"embeddable":true,"href":"https:\/\/www.boxrepsol.com\/es\/wp-json\/wp\/v2\/users\/43146"}],"replies":[{"embeddable":true,"href":"https:\/\/www.boxrepsol.com\/es\/wp-json\/wp\/v2\/comments?post=94260"}],"version-history":[{"count":1,"href":"https:\/\/www.boxrepsol.com\/es\/wp-json\/wp\/v2\/posts\/94260\/revisions"}],"predecessor-version":[{"id":94261,"href":"https:\/\/www.boxrepsol.com\/es\/wp-json\/wp\/v2\/posts\/94260\/revisions\/94261"}],"wp:featuredmedia":[{"embeddable":true,"href":"https:\/\/www.boxrepsol.com\/es\/wp-json\/wp\/v2\/media\/63114"}],"wp:attachment":[{"href":"https:\/\/www.boxrepsol.com\/es\/wp-json\/wp\/v2\/media?parent=94260"}],"wp:term":[{"taxonomy":"category","embeddable":true,"href":"https:\/\/www.boxrepsol.com\/es\/wp-json\/wp\/v2\/categories?post=94260"},{"taxonomy":"post_tag","embeddable":true,"href":"https:\/\/www.boxrepsol.com\/es\/wp-json\/wp\/v2\/tags?post=94260"}],"curies":[{"name":"wp","href":"https:\/\/api.w.org\/{rel}","templated":true}]}}