{"id":94255,"date":"2019-11-07T00:00:00","date_gmt":"2019-11-07T02:00:00","guid":{"rendered":"http:\/\/pre.boxrepsol.com\/sin-categorizar\/vive-box-repsol-la-celebracion-alex-marc-marquez-cervera\/"},"modified":"2024-04-25T07:03:06","modified_gmt":"2024-04-25T09:03:06","slug":"vive-box-repsol-la-celebracion-alex-marc-marquez-cervera","status":"publish","type":"post","link":"https:\/\/www.boxrepsol.com\/es\/motogp\/vive-box-repsol-la-celebracion-alex-marc-marquez-cervera\/","title":{"rendered":"Vive con Box Repsol la celebraci\u00f3n de \u00c1lex y Marc M\u00e1rquez en Cervera"},"content":{"rendered":"<p>Marc M\u00e1rquez celebrar\u00e1 su 8\u00ba t\u00edtulo mundial arropado por sus fans en su Cervera natal. Ser\u00e1 un evento desenfadado, en muy buen ambiente y con la mejor de las compa\u00f1\u00edas, y <strong>Box Repsol estar\u00e1 presente<\/strong> como es habitual. Ser\u00e1 una doble celebraci\u00f3n ya que tambi\u00e9n se festejar\u00e1 el 2\u00ba t\u00edtulo mundial de su hermano \u00c1lex. <\/p>\n<p>Podr\u00e1s acompa\u00f1arnos en Twitter y Facebook a lo largo de la jornada, uni\u00e9ndonos a la fiesta en las calles de Cervera, con los hermanos M\u00e1rquez y sus equipos. <strong>Con\u00e9ctate a Facebook a las 17:00 para seguir tambi\u00e9n la retransmisi\u00f3n en vivo del evento<\/strong>, para que no te pierdas detalle.<\/p>\n<p><a href=\"https:\/\/bxrepsol.s3.eu-west-1.amazonaws.com\/static\/2022\/08\/29090727\/01_MM93_AM73-Eightball_Winners-shot-Aplicacions-xxss-2-1.jpg\" \n   title=\"Cartel evento celebraci\u00f3n 8ball Cervera\" \n   data-gallery-thumbnail=\"https:\/\/bxrepsol.s3.eu-west-1.amazonaws.com\/static\/2022\/08\/29090727\/01_MM93_AM73-Eightball_Winners-shot-Aplicacions-xxss-2-1.jpg\"\n   data-gallery-title=\"\"\n   data-gallery><\/p>\n<figure>\n        <picture style=\"padding-bottom: 100%; background-image: url(https:\/\/bxrepsol.s3.eu-west-1.amazonaws.com\/static\/2022\/08\/29090727\/01_MM93_AM73-Eightball_Winners-shot-Aplicacions-xxss-2-1.jpg);\">\n            <img decoding=\"async\" src=\"https:\/\/bxrepsol.s3.eu-west-1.amazonaws.com\/static\/2022\/08\/29090727\/01_MM93_AM73-Eightball_Winners-shot-Aplicacions-xxss-2-1.jpg\"><br \/>\n            <img itemprop=\"image\"\n                data-srcset=\"https:\/\/bxrepsol.s3.eu-west-1.amazonaws.com\/static\/2022\/08\/29090727\/01_MM93_AM73-Eightball_Winners-shot-Aplicacions-xxss-2-1.jpg 480w, https:\/\/bxrepsol.s3.eu-west-1.amazonaws.com\/static\/2022\/08\/29090727\/01_MM93_AM73-Eightball_Winners-shot-Aplicacions-xxss-2-1.jpg 600w, https:\/\/bxrepsol.s3.eu-west-1.amazonaws.com\/static\/2022\/08\/29090727\/01_MM93_AM73-Eightball_Winners-shot-Aplicacions-xxss-2-1.jpg 900w\"\n                data-src=\"https:\/\/bxrepsol.s3.eu-west-1.amazonaws.com\/static\/2022\/08\/29090727\/01_MM93_AM73-Eightball_Winners-shot-Aplicacions-xxss-2-1.jpg\"\n                alt=\"Cartel evento celebraci\u00f3n 8ball Cervera\"\n                title=\"Cartel evento celebraci\u00f3n 8ball Cervera\"\/><br \/>\n            <noscript><img decoding=\"async\" src=\"https:\/\/bxrepsol.s3.eu-west-1.amazonaws.com\/static\/2022\/08\/29090727\/01_MM93_AM73-Eightball_Winners-shot-Aplicacions-xxss-2-1.jpg\" alt=\"Cartel evento celebraci\u00f3n 8ball Cervera\"><\/noscript>\n        <\/picture><figcaption>Cartel evento celebraci\u00f3n 8ball Cervera<\/figcaption><\/figure>\n<p><\/a><\/p>\n<p>El acceso es p\u00fablico, \u00a1con lo que si eres un fan ac\u00e9rrimo de Marc y \u00c1lex, y est\u00e1s en Cervera el s\u00e1bado 9 de noviembre, podr\u00e1s ser parte del evento! Si prefieres seguirlo desde tu casa, \u00a1conecta con nosotros y vive toda la emoci\u00f3n un a\u00f1o m\u00e1s!<\/p>\n<p><a title=\"\u00a1Marc M\u00e1rquez mete la #8ball!\" href=\"https:\/\/www.boxrepsol.com\/es\/motogp\/marc-marquez-mete-la-8ball\/\" target=\"_self\" rel=\"noopener\"><\/p>\n<p>\n            \u00a1Destacamos!\n    <\/p>\n<h2>\n            \u00a1Marc M\u00e1rquez mete la #8ball!        <\/h2>\n<p>El de Cervera lo ha vuelto a hacer, ha conseguido su 8\u00ba Mundial, el 6\u00ba en la Categor\u00eda Reina, superando los 5 del legendario Mick Doohan.<\/p>\n<p>        <img decoding=\"async\" src=\"https:\/\/bxrepsol.s3.eu-west-1.amazonaws.com\/static\/2022\/08\/05070219\/00_marc_marquez_vuelta_de_victoria.jpg\" alt=\"Marc M\u00e1rquez dando la vuelta de victoria en Tailandia 2019\"><br \/>\n<\/a><\/p>\n","protected":false},"excerpt":{"rendered":"<p>Este s\u00e1bado 9 de noviembre se vivir\u00e1 un d\u00eda muy especial en Cervera, pueblo natal del 8 veces Campe\u00f3n del Mundo Marc M\u00e1rquez. \u00c9l y su hermano celebrar\u00e1n junto a los fans sus t\u00edtulos mundiales de 2019.<\/p>\n","protected":false},"author":43146,"featured_media":63089,"comment_status":"open","ping_status":"open","sticky":false,"template":"","format":"standard","meta":{"footnotes":""},"categories":[4],"tags":[6],"class_list":["post-94255","post","type-post","status-publish","format-standard","hentry","category-motogp","tag-marc-marquez"],"yoast_head":"<!-- This site is optimized with the Yoast SEO plugin v27.3 - https:\/\/yoast.com\/product\/yoast-seo-wordpress\/ -->\n<title>Celebraci\u00f3n en Cervera 2019 - Vive con Box Repsol la celebraci\u00f3n de \u00c1lex y Marc M\u00e1rquez<\/title>\n<meta name=\"description\" content=\"Este s\u00e1bado 9 de noviembre se vivir\u00e1 un d\u00eda muy especial en Cervera, pueblo natal del 8 veces Campe\u00f3n del Mundo Marc M\u00e1rquez.\" \/>\n<link rel=\"canonical\" href=\"https:\/\/www.boxrepsol.com\/es\/motogp\/vive-box-repsol-la-celebracion-alex-marc-marquez-cervera\/\" \/>\n<meta property=\"og:locale\" content=\"es_ES\" \/>\n<meta property=\"og:type\" content=\"article\" \/>\n<meta property=\"og:title\" content=\"Celebraci\u00f3n en Cervera 2019 - Vive con Box Repsol la celebraci\u00f3n de \u00c1lex y Marc M\u00e1rquez\" \/>\n<meta property=\"og:description\" content=\"Este s\u00e1bado 9 de noviembre se vivir\u00e1 un d\u00eda muy especial en Cervera, pueblo natal del 8 veces Campe\u00f3n del Mundo Marc M\u00e1rquez.\" \/>\n<meta property=\"og:url\" content=\"https:\/\/www.boxrepsol.com\/es\/motogp\/vive-box-repsol-la-celebracion-alex-marc-marquez-cervera\/\" \/>\n<meta property=\"og:site_name\" content=\"Box Repsol\" \/>\n<meta property=\"article:publisher\" content=\"https:\/\/www.facebook.com\/BoxRepsol\" \/>\n<meta property=\"article:author\" content=\"https:\/\/www.facebook.com\/BoxRepsol\/\" \/>\n<meta property=\"article:published_time\" content=\"2019-11-07T02:00:00+00:00\" \/>\n<meta property=\"article:modified_time\" content=\"2024-04-25T09:03:06+00:00\" \/>\n<meta property=\"og:image\" content=\"https:\/\/bxrepsol.s3.eu-west-1.amazonaws.com\/static\/2022\/08\/29090729\/1280x600Fiesta.jpg\" \/>\n\t<meta property=\"og:image:width\" content=\"1280\" \/>\n\t<meta property=\"og:image:height\" content=\"600\" \/>\n\t<meta property=\"og:image:type\" content=\"image\/jpeg\" \/>\n<meta name=\"author\" content=\"Redacci\u00f3n Box Repsol\" \/>\n<meta name=\"twitter:card\" content=\"summary_large_image\" \/>\n<meta name=\"twitter:creator\" content=\"@https:\/\/twitter.com\/box_repsol\" \/>\n<meta name=\"twitter:site\" content=\"@box_repsol\" \/>\n<meta name=\"twitter:label1\" content=\"Written by\" \/>\n\t<meta name=\"twitter:data1\" content=\"Redacci\u00f3n Box Repsol\" \/>\n\t<meta name=\"twitter:label2\" content=\"Est. reading time\" \/>\n\t<meta name=\"twitter:data2\" content=\"1 minuto\" \/>\n<script type=\"application\/ld+json\" class=\"yoast-schema-graph\">{\"@context\":\"https:\\\/\\\/schema.org\",\"@graph\":[{\"@type\":\"Article\",\"@id\":\"https:\\\/\\\/www.boxrepsol.com\\\/es\\\/motogp\\\/vive-box-repsol-la-celebracion-alex-marc-marquez-cervera\\\/#article\",\"isPartOf\":{\"@id\":\"https:\\\/\\\/www.boxrepsol.com\\\/es\\\/motogp\\\/vive-box-repsol-la-celebracion-alex-marc-marquez-cervera\\\/\"},\"author\":{\"name\":\"Redacci\u00f3n Box Repsol\",\"@id\":\"https:\\\/\\\/www.boxrepsol.com\\\/es\\\/#\\\/schema\\\/person\\\/c5c2138f2cca251b0ad92b7086bb60b7\"},\"headline\":\"Vive con Box Repsol la celebraci\u00f3n de \u00c1lex y Marc M\u00e1rquez en Cervera\",\"datePublished\":\"2019-11-07T02:00:00+00:00\",\"dateModified\":\"2024-04-25T09:03:06+00:00\",\"mainEntityOfPage\":{\"@id\":\"https:\\\/\\\/www.boxrepsol.com\\\/es\\\/motogp\\\/vive-box-repsol-la-celebracion-alex-marc-marquez-cervera\\\/\"},\"wordCount\":220,\"commentCount\":0,\"publisher\":{\"@id\":\"https:\\\/\\\/www.boxrepsol.com\\\/es\\\/#organization\"},\"image\":{\"@id\":\"https:\\\/\\\/www.boxrepsol.com\\\/es\\\/motogp\\\/vive-box-repsol-la-celebracion-alex-marc-marquez-cervera\\\/#primaryimage\"},\"thumbnailUrl\":\"https:\\\/\\\/bxrepsol.s3.eu-west-1.amazonaws.com\\\/static\\\/2022\\\/08\\\/29090729\\\/1280x600Fiesta.jpg\",\"keywords\":[\"Marc M\u00e1rquez\"],\"articleSection\":[\"MotoGP\"],\"inLanguage\":\"es\",\"potentialAction\":[{\"@type\":\"CommentAction\",\"name\":\"Comment\",\"target\":[\"https:\\\/\\\/www.boxrepsol.com\\\/es\\\/motogp\\\/vive-box-repsol-la-celebracion-alex-marc-marquez-cervera\\\/#respond\"]}]},{\"@type\":\"WebPage\",\"@id\":\"https:\\\/\\\/www.boxrepsol.com\\\/es\\\/motogp\\\/vive-box-repsol-la-celebracion-alex-marc-marquez-cervera\\\/\",\"url\":\"https:\\\/\\\/www.boxrepsol.com\\\/es\\\/motogp\\\/vive-box-repsol-la-celebracion-alex-marc-marquez-cervera\\\/\",\"name\":\"Celebraci\u00f3n en Cervera 2019 - Vive con Box Repsol la celebraci\u00f3n de \u00c1lex y Marc M\u00e1rquez\",\"isPartOf\":{\"@id\":\"https:\\\/\\\/www.boxrepsol.com\\\/es\\\/#website\"},\"primaryImageOfPage\":{\"@id\":\"https:\\\/\\\/www.boxrepsol.com\\\/es\\\/motogp\\\/vive-box-repsol-la-celebracion-alex-marc-marquez-cervera\\\/#primaryimage\"},\"image\":{\"@id\":\"https:\\\/\\\/www.boxrepsol.com\\\/es\\\/motogp\\\/vive-box-repsol-la-celebracion-alex-marc-marquez-cervera\\\/#primaryimage\"},\"thumbnailUrl\":\"https:\\\/\\\/bxrepsol.s3.eu-west-1.amazonaws.com\\\/static\\\/2022\\\/08\\\/29090729\\\/1280x600Fiesta.jpg\",\"datePublished\":\"2019-11-07T02:00:00+00:00\",\"dateModified\":\"2024-04-25T09:03:06+00:00\",\"description\":\"Este s\u00e1bado 9 de noviembre se vivir\u00e1 un d\u00eda muy especial en Cervera, pueblo natal del 8 veces Campe\u00f3n del Mundo Marc M\u00e1rquez.\",\"breadcrumb\":{\"@id\":\"https:\\\/\\\/www.boxrepsol.com\\\/es\\\/motogp\\\/vive-box-repsol-la-celebracion-alex-marc-marquez-cervera\\\/#breadcrumb\"},\"inLanguage\":\"es\",\"potentialAction\":[{\"@type\":\"ReadAction\",\"target\":[\"https:\\\/\\\/www.boxrepsol.com\\\/es\\\/motogp\\\/vive-box-repsol-la-celebracion-alex-marc-marquez-cervera\\\/\"]}]},{\"@type\":\"ImageObject\",\"inLanguage\":\"es\",\"@id\":\"https:\\\/\\\/www.boxrepsol.com\\\/es\\\/motogp\\\/vive-box-repsol-la-celebracion-alex-marc-marquez-cervera\\\/#primaryimage\",\"url\":\"https:\\\/\\\/bxrepsol.s3.eu-west-1.amazonaws.com\\\/static\\\/2022\\\/08\\\/29090729\\\/1280x600Fiesta.jpg\",\"contentUrl\":\"https:\\\/\\\/bxrepsol.s3.eu-west-1.amazonaws.com\\\/static\\\/2022\\\/08\\\/29090729\\\/1280x600Fiesta.jpg\",\"width\":1280,\"height\":600,\"caption\":\"Marc M\u00e1rquez celebrando el t\u00edtulo mundial con lo fans\"},{\"@type\":\"BreadcrumbList\",\"@id\":\"https:\\\/\\\/www.boxrepsol.com\\\/es\\\/motogp\\\/vive-box-repsol-la-celebracion-alex-marc-marquez-cervera\\\/#breadcrumb\",\"itemListElement\":[{\"@type\":\"ListItem\",\"position\":1,\"name\":\"Home\",\"item\":\"https:\\\/\\\/www.boxrepsol.com\\\/es\\\/\"},{\"@type\":\"ListItem\",\"position\":2,\"name\":\"Vive con Box Repsol la celebraci\u00f3n de \u00c1lex y Marc M\u00e1rquez en Cervera\"}]},{\"@type\":\"WebSite\",\"@id\":\"https:\\\/\\\/www.boxrepsol.com\\\/es\\\/#website\",\"url\":\"https:\\\/\\\/www.boxrepsol.com\\\/es\\\/\",\"name\":\"Box Repsol\",\"description\":\"Box Repsol Site\",\"publisher\":{\"@id\":\"https:\\\/\\\/www.boxrepsol.com\\\/es\\\/#organization\"},\"potentialAction\":[{\"@type\":\"SearchAction\",\"target\":{\"@type\":\"EntryPoint\",\"urlTemplate\":\"https:\\\/\\\/www.boxrepsol.com\\\/es\\\/?s={search_term_string}\"},\"query-input\":{\"@type\":\"PropertyValueSpecification\",\"valueRequired\":true,\"valueName\":\"search_term_string\"}}],\"inLanguage\":\"es\"},{\"@type\":\"Organization\",\"@id\":\"https:\\\/\\\/www.boxrepsol.com\\\/es\\\/#organization\",\"name\":\"Box Repsol\",\"url\":\"https:\\\/\\\/www.boxrepsol.com\\\/es\\\/\",\"logo\":{\"@type\":\"ImageObject\",\"inLanguage\":\"es\",\"@id\":\"https:\\\/\\\/www.boxrepsol.com\\\/es\\\/#\\\/schema\\\/logo\\\/image\\\/\",\"url\":\"https:\\\/\\\/bxrepsol.s3.eu-west-1.amazonaws.com\\\/static\\\/2025\\\/07\\\/30083337\\\/favicon-96x96-1.png\",\"contentUrl\":\"https:\\\/\\\/bxrepsol.s3.eu-west-1.amazonaws.com\\\/static\\\/2025\\\/07\\\/30083337\\\/favicon-96x96-1.png\",\"width\":96,\"height\":96,\"caption\":\"Box Repsol\"},\"image\":{\"@id\":\"https:\\\/\\\/www.boxrepsol.com\\\/es\\\/#\\\/schema\\\/logo\\\/image\\\/\"},\"sameAs\":[\"https:\\\/\\\/www.facebook.com\\\/BoxRepsol\",\"https:\\\/\\\/x.com\\\/box_repsol\",\"http:\\\/\\\/instagram.com\\\/box_repsol\",\"https:\\\/\\\/www.youtube.com\\\/user\\\/RepsolCompeticion\",\"https:\\\/\\\/www.flickr.com\\\/photos\\\/box_repsol\\\/\"]},{\"@type\":\"Person\",\"@id\":\"https:\\\/\\\/www.boxrepsol.com\\\/es\\\/#\\\/schema\\\/person\\\/c5c2138f2cca251b0ad92b7086bb60b7\",\"name\":\"Redacci\u00f3n Box Repsol\",\"image\":{\"@type\":\"ImageObject\",\"inLanguage\":\"es\",\"@id\":\"https:\\\/\\\/secure.gravatar.com\\\/avatar\\\/adf7b77e38b4419baf32c7e9c21dde01f4e40df611f0978e3006fc4ba0aaab7e?s=96&d=mm&r=g\",\"url\":\"https:\\\/\\\/secure.gravatar.com\\\/avatar\\\/adf7b77e38b4419baf32c7e9c21dde01f4e40df611f0978e3006fc4ba0aaab7e?s=96&d=mm&r=g\",\"contentUrl\":\"https:\\\/\\\/secure.gravatar.com\\\/avatar\\\/adf7b77e38b4419baf32c7e9c21dde01f4e40df611f0978e3006fc4ba0aaab7e?s=96&d=mm&r=g\",\"caption\":\"Redacci\u00f3n Box Repsol\"},\"description\":\"Box Repsol lo forma un equipo de periodistas, community managers, dise\u00f1adores y fot\u00f3grafos con m\u00e1s de 20 a\u00f1os de experiencia en el mundo del motorsport. Hemos vivido el primer mundial de un espa\u00f1ol en la categor\u00eda reina de motociclismo con \u00c1lex Crivill\u00e9, estuvimos en las victorias de Pedrosa y los t\u00edtulos de M\u00e1rquez, acompa\u00f1amos en \u00c1frica a Nani Roma y Marc Coma en sus conquistas del Dakar y hemos vibrado con los t\u00edtulos de Toni Bou en Trial. Adem\u00e1s, en nuestro equipo contamos con expertos en el mundo de las dos y cuatro ruedas tanto de la calle y las carreteras, como de los circuitos. Periodistas que han trabajado en revistas y publicaciones para hacerte llegar desde rutas y consejos de mantenimiento, a curiosidades y trucos de pilotaje.\",\"sameAs\":[\"https:\\\/\\\/www.facebook.com\\\/BoxRepsol\\\/\",\"https:\\\/\\\/www.instagram.com\\\/box_repsol\\\/\",\"https:\\\/\\\/x.com\\\/https:\\\/\\\/twitter.com\\\/box_repsol\",\"https:\\\/\\\/www.youtube.com\\\/@Boxrepsol\"],\"url\":\"https:\\\/\\\/www.boxrepsol.com\\\/es\\\/author\\\/redaccion-box-repsol\\\/\"}]}<\/script>\n<!-- \/ Yoast SEO plugin. -->","yoast_head_json":{"title":"Celebraci\u00f3n en Cervera 2019 - Vive con Box Repsol la celebraci\u00f3n de \u00c1lex y Marc M\u00e1rquez","description":"Este s\u00e1bado 9 de noviembre se vivir\u00e1 un d\u00eda muy especial en Cervera, pueblo natal del 8 veces Campe\u00f3n del Mundo Marc M\u00e1rquez.","canonical":"https:\/\/www.boxrepsol.com\/es\/motogp\/vive-box-repsol-la-celebracion-alex-marc-marquez-cervera\/","og_locale":"es_ES","og_type":"article","og_title":"Celebraci\u00f3n en Cervera 2019 - Vive con Box Repsol la celebraci\u00f3n de \u00c1lex y Marc M\u00e1rquez","og_description":"Este s\u00e1bado 9 de noviembre se vivir\u00e1 un d\u00eda muy especial en Cervera, pueblo natal del 8 veces Campe\u00f3n del Mundo Marc M\u00e1rquez.","og_url":"https:\/\/www.boxrepsol.com\/es\/motogp\/vive-box-repsol-la-celebracion-alex-marc-marquez-cervera\/","og_site_name":"Box Repsol","article_publisher":"https:\/\/www.facebook.com\/BoxRepsol","article_author":"https:\/\/www.facebook.com\/BoxRepsol\/","article_published_time":"2019-11-07T02:00:00+00:00","article_modified_time":"2024-04-25T09:03:06+00:00","og_image":[{"width":1280,"height":600,"url":"https:\/\/bxrepsol.s3.eu-west-1.amazonaws.com\/static\/2022\/08\/29090729\/1280x600Fiesta.jpg","type":"image\/jpeg"}],"author":"Redacci\u00f3n Box Repsol","twitter_card":"summary_large_image","twitter_creator":"@https:\/\/twitter.com\/box_repsol","twitter_site":"@box_repsol","twitter_misc":{"Written by":"Redacci\u00f3n Box Repsol","Est. reading time":"1 minuto"},"schema":{"@context":"https:\/\/schema.org","@graph":[{"@type":"Article","@id":"https:\/\/www.boxrepsol.com\/es\/motogp\/vive-box-repsol-la-celebracion-alex-marc-marquez-cervera\/#article","isPartOf":{"@id":"https:\/\/www.boxrepsol.com\/es\/motogp\/vive-box-repsol-la-celebracion-alex-marc-marquez-cervera\/"},"author":{"name":"Redacci\u00f3n Box Repsol","@id":"https:\/\/www.boxrepsol.com\/es\/#\/schema\/person\/c5c2138f2cca251b0ad92b7086bb60b7"},"headline":"Vive con Box Repsol la celebraci\u00f3n de \u00c1lex y Marc M\u00e1rquez en Cervera","datePublished":"2019-11-07T02:00:00+00:00","dateModified":"2024-04-25T09:03:06+00:00","mainEntityOfPage":{"@id":"https:\/\/www.boxrepsol.com\/es\/motogp\/vive-box-repsol-la-celebracion-alex-marc-marquez-cervera\/"},"wordCount":220,"commentCount":0,"publisher":{"@id":"https:\/\/www.boxrepsol.com\/es\/#organization"},"image":{"@id":"https:\/\/www.boxrepsol.com\/es\/motogp\/vive-box-repsol-la-celebracion-alex-marc-marquez-cervera\/#primaryimage"},"thumbnailUrl":"https:\/\/bxrepsol.s3.eu-west-1.amazonaws.com\/static\/2022\/08\/29090729\/1280x600Fiesta.jpg","keywords":["Marc M\u00e1rquez"],"articleSection":["MotoGP"],"inLanguage":"es","potentialAction":[{"@type":"CommentAction","name":"Comment","target":["https:\/\/www.boxrepsol.com\/es\/motogp\/vive-box-repsol-la-celebracion-alex-marc-marquez-cervera\/#respond"]}]},{"@type":"WebPage","@id":"https:\/\/www.boxrepsol.com\/es\/motogp\/vive-box-repsol-la-celebracion-alex-marc-marquez-cervera\/","url":"https:\/\/www.boxrepsol.com\/es\/motogp\/vive-box-repsol-la-celebracion-alex-marc-marquez-cervera\/","name":"Celebraci\u00f3n en Cervera 2019 - Vive con Box Repsol la celebraci\u00f3n de \u00c1lex y Marc M\u00e1rquez","isPartOf":{"@id":"https:\/\/www.boxrepsol.com\/es\/#website"},"primaryImageOfPage":{"@id":"https:\/\/www.boxrepsol.com\/es\/motogp\/vive-box-repsol-la-celebracion-alex-marc-marquez-cervera\/#primaryimage"},"image":{"@id":"https:\/\/www.boxrepsol.com\/es\/motogp\/vive-box-repsol-la-celebracion-alex-marc-marquez-cervera\/#primaryimage"},"thumbnailUrl":"https:\/\/bxrepsol.s3.eu-west-1.amazonaws.com\/static\/2022\/08\/29090729\/1280x600Fiesta.jpg","datePublished":"2019-11-07T02:00:00+00:00","dateModified":"2024-04-25T09:03:06+00:00","description":"Este s\u00e1bado 9 de noviembre se vivir\u00e1 un d\u00eda muy especial en Cervera, pueblo natal del 8 veces Campe\u00f3n del Mundo Marc M\u00e1rquez.","breadcrumb":{"@id":"https:\/\/www.boxrepsol.com\/es\/motogp\/vive-box-repsol-la-celebracion-alex-marc-marquez-cervera\/#breadcrumb"},"inLanguage":"es","potentialAction":[{"@type":"ReadAction","target":["https:\/\/www.boxrepsol.com\/es\/motogp\/vive-box-repsol-la-celebracion-alex-marc-marquez-cervera\/"]}]},{"@type":"ImageObject","inLanguage":"es","@id":"https:\/\/www.boxrepsol.com\/es\/motogp\/vive-box-repsol-la-celebracion-alex-marc-marquez-cervera\/#primaryimage","url":"https:\/\/bxrepsol.s3.eu-west-1.amazonaws.com\/static\/2022\/08\/29090729\/1280x600Fiesta.jpg","contentUrl":"https:\/\/bxrepsol.s3.eu-west-1.amazonaws.com\/static\/2022\/08\/29090729\/1280x600Fiesta.jpg","width":1280,"height":600,"caption":"Marc M\u00e1rquez celebrando el t\u00edtulo mundial con lo fans"},{"@type":"BreadcrumbList","@id":"https:\/\/www.boxrepsol.com\/es\/motogp\/vive-box-repsol-la-celebracion-alex-marc-marquez-cervera\/#breadcrumb","itemListElement":[{"@type":"ListItem","position":1,"name":"Home","item":"https:\/\/www.boxrepsol.com\/es\/"},{"@type":"ListItem","position":2,"name":"Vive con Box Repsol la celebraci\u00f3n de \u00c1lex y Marc M\u00e1rquez en Cervera"}]},{"@type":"WebSite","@id":"https:\/\/www.boxrepsol.com\/es\/#website","url":"https:\/\/www.boxrepsol.com\/es\/","name":"Box Repsol","description":"Box Repsol Site","publisher":{"@id":"https:\/\/www.boxrepsol.com\/es\/#organization"},"potentialAction":[{"@type":"SearchAction","target":{"@type":"EntryPoint","urlTemplate":"https:\/\/www.boxrepsol.com\/es\/?s={search_term_string}"},"query-input":{"@type":"PropertyValueSpecification","valueRequired":true,"valueName":"search_term_string"}}],"inLanguage":"es"},{"@type":"Organization","@id":"https:\/\/www.boxrepsol.com\/es\/#organization","name":"Box Repsol","url":"https:\/\/www.boxrepsol.com\/es\/","logo":{"@type":"ImageObject","inLanguage":"es","@id":"https:\/\/www.boxrepsol.com\/es\/#\/schema\/logo\/image\/","url":"https:\/\/bxrepsol.s3.eu-west-1.amazonaws.com\/static\/2025\/07\/30083337\/favicon-96x96-1.png","contentUrl":"https:\/\/bxrepsol.s3.eu-west-1.amazonaws.com\/static\/2025\/07\/30083337\/favicon-96x96-1.png","width":96,"height":96,"caption":"Box Repsol"},"image":{"@id":"https:\/\/www.boxrepsol.com\/es\/#\/schema\/logo\/image\/"},"sameAs":["https:\/\/www.facebook.com\/BoxRepsol","https:\/\/x.com\/box_repsol","http:\/\/instagram.com\/box_repsol","https:\/\/www.youtube.com\/user\/RepsolCompeticion","https:\/\/www.flickr.com\/photos\/box_repsol\/"]},{"@type":"Person","@id":"https:\/\/www.boxrepsol.com\/es\/#\/schema\/person\/c5c2138f2cca251b0ad92b7086bb60b7","name":"Redacci\u00f3n Box Repsol","image":{"@type":"ImageObject","inLanguage":"es","@id":"https:\/\/secure.gravatar.com\/avatar\/adf7b77e38b4419baf32c7e9c21dde01f4e40df611f0978e3006fc4ba0aaab7e?s=96&d=mm&r=g","url":"https:\/\/secure.gravatar.com\/avatar\/adf7b77e38b4419baf32c7e9c21dde01f4e40df611f0978e3006fc4ba0aaab7e?s=96&d=mm&r=g","contentUrl":"https:\/\/secure.gravatar.com\/avatar\/adf7b77e38b4419baf32c7e9c21dde01f4e40df611f0978e3006fc4ba0aaab7e?s=96&d=mm&r=g","caption":"Redacci\u00f3n Box Repsol"},"description":"Box Repsol lo forma un equipo de periodistas, community managers, dise\u00f1adores y fot\u00f3grafos con m\u00e1s de 20 a\u00f1os de experiencia en el mundo del motorsport. Hemos vivido el primer mundial de un espa\u00f1ol en la categor\u00eda reina de motociclismo con \u00c1lex Crivill\u00e9, estuvimos en las victorias de Pedrosa y los t\u00edtulos de M\u00e1rquez, acompa\u00f1amos en \u00c1frica a Nani Roma y Marc Coma en sus conquistas del Dakar y hemos vibrado con los t\u00edtulos de Toni Bou en Trial. Adem\u00e1s, en nuestro equipo contamos con expertos en el mundo de las dos y cuatro ruedas tanto de la calle y las carreteras, como de los circuitos. Periodistas que han trabajado en revistas y publicaciones para hacerte llegar desde rutas y consejos de mantenimiento, a curiosidades y trucos de pilotaje.","sameAs":["https:\/\/www.facebook.com\/BoxRepsol\/","https:\/\/www.instagram.com\/box_repsol\/","https:\/\/x.com\/https:\/\/twitter.com\/box_repsol","https:\/\/www.youtube.com\/@Boxrepsol"],"url":"https:\/\/www.boxrepsol.com\/es\/author\/redaccion-box-repsol\/"}]}},"_links":{"self":[{"href":"https:\/\/www.boxrepsol.com\/es\/wp-json\/wp\/v2\/posts\/94255","targetHints":{"allow":["GET"]}}],"collection":[{"href":"https:\/\/www.boxrepsol.com\/es\/wp-json\/wp\/v2\/posts"}],"about":[{"href":"https:\/\/www.boxrepsol.com\/es\/wp-json\/wp\/v2\/types\/post"}],"author":[{"embeddable":true,"href":"https:\/\/www.boxrepsol.com\/es\/wp-json\/wp\/v2\/users\/43146"}],"replies":[{"embeddable":true,"href":"https:\/\/www.boxrepsol.com\/es\/wp-json\/wp\/v2\/comments?post=94255"}],"version-history":[{"count":1,"href":"https:\/\/www.boxrepsol.com\/es\/wp-json\/wp\/v2\/posts\/94255\/revisions"}],"predecessor-version":[{"id":94256,"href":"https:\/\/www.boxrepsol.com\/es\/wp-json\/wp\/v2\/posts\/94255\/revisions\/94256"}],"wp:featuredmedia":[{"embeddable":true,"href":"https:\/\/www.boxrepsol.com\/es\/wp-json\/wp\/v2\/media\/63089"}],"wp:attachment":[{"href":"https:\/\/www.boxrepsol.com\/es\/wp-json\/wp\/v2\/media?parent=94255"}],"wp:term":[{"taxonomy":"category","embeddable":true,"href":"https:\/\/www.boxrepsol.com\/es\/wp-json\/wp\/v2\/categories?post=94255"},{"taxonomy":"post_tag","embeddable":true,"href":"https:\/\/www.boxrepsol.com\/es\/wp-json\/wp\/v2\/tags?post=94255"}],"curies":[{"name":"wp","href":"https:\/\/api.w.org\/{rel}","templated":true}]}}