{"id":94252,"date":"2021-06-03T00:00:00","date_gmt":"2021-06-03T02:00:00","guid":{"rendered":"http:\/\/pre.boxrepsol.com\/sin-categorizar\/alerones-en-motogp-se-usan-mundial\/"},"modified":"2024-04-12T13:56:19","modified_gmt":"2024-04-12T15:56:19","slug":"alerones-en-motogp-se-usan-mundial","status":"publish","type":"post","link":"https:\/\/www.boxrepsol.com\/es\/motogp\/alerones-en-motogp-se-usan-mundial\/","title":{"rendered":"Alerones en MotoGP: \u00bfQu\u00e9 son y para qu\u00e9 se usan en el Mundial?"},"content":{"rendered":"<p><strong>Volvamos a 1949, a los or\u00edgenes del Mundial de Motociclismo<\/strong>. En esta \u00e9poca las motocicletas utilizadas eran modelos gen\u00e9ricos, disponibles en el mercado en lugar de los prototipos de carrera actuales. No dispon\u00edan de ning\u00fan tipo de carenado aerodin\u00e1mico y todas las variaciones eran cosa del equipo, ya que la implicaci\u00f3n de las factor\u00edas era todav\u00eda muy limitada. Hab\u00eda poco que modificar en todo caso, ya que las \u00fanicas piezas de carrocer\u00eda que se ve\u00edan en aquellas motos eran unos simples guardabarros y como mucho una peque\u00f1a placa en el faro, en la que se anunciaba el dorsal del piloto.<\/p>\n<figure><picture> <img decoding=\"async\" src=\"https:\/\/bxrepsol.s3.eu-west-1.amazonaws.com\/static\/2022\/08\/05070505\/moto_clasica_carenado.jpg\" \/><\/picture><\/figure>\n<p>No se tard\u00f3 mucho en comenzar a ver motos carenadas que proteg\u00edan al piloto y mejoraban la aerodin\u00e1mica. <strong>Algunos fabricantes, como NSU y Moto Guzzi, comenzaron a crear carenados completos<\/strong> que cubr\u00edan la rueda delantera de la montura otorgando una l\u00ednea m\u00e1s agresiva a sus modelos. La mejora en el rendimiento fue tal, que propici\u00f3 una escalada en el desarrollo de carenados por parte de la competencia.<\/p>\n<p>La ausencia de un reglamento sobre la aerodin\u00e1mica provoc\u00f3 que comenzasen a aparecer motos cada vez m\u00e1s peligrosas. R\u00e1pidas pero muy susceptibles al viento lateral, por lo que<strong> la FIM decidi\u00f3 prohibir este tipo de dise\u00f1os<\/strong>, obligando a que la rueda delantera no pudiera ser cubierta con el carenado y creando un dise\u00f1o de motocicleta que se mantiene hoy en d\u00eda, desde finales de la d\u00e9cada de los 50.<\/p>\n<figure><picture> <img decoding=\"async\" src=\"https:\/\/bxrepsol.s3.eu-west-1.amazonaws.com\/static\/2022\/08\/05070507\/mcn-nr500.jpg\" \/><\/picture><\/figure>\n<p>Tras decidirse c\u00f3mo ser\u00edan los carenados de las motos y sus caracter\u00edsticas generales, <strong>los fabricantes fueron afinando m\u00e1s los dise\u00f1os, buscando mejorar poco a poco la eficiencia aerodin\u00e1mica<\/strong>. Pero, as\u00ed como en los veh\u00edculos de cuatro ruedas es mucho m\u00e1s sencillo aplicar elementos eficientes para mejorar el agarre o la refrigeraci\u00f3n, en las motocicletas este tipo de piezas pueden tener consecuencias negativas. Al inclinarse la moto, el efecto aerodin\u00e1mico puede provocar fuerzas no deseadas y hacer perder el control al piloto.<\/p>\n<p>A finales de los 70 y en los 80 ya pod\u00edamos ver algunos dise\u00f1os de c\u00fapulas con formas m\u00e1s estudiadas, guardabarros modificados y carenados con tomas de aire o perforados en diferentes puntos, todo para permitir ganar algunos km\/h m\u00e1s de velocidad punta. En esa \u00e9poca se buscaba con m\u00e1s ah\u00ednco mejorar la velocidad, que el apoyo en el tren delantero.<\/p>\n<p>En las d\u00e9cadas de los 90 y los 2000 se probaron diferentes dise\u00f1os, pero <strong>gracias a una electr\u00f3nica cada vez m\u00e1s avanzada, la aerodin\u00e1mica no cumpl\u00eda la funci\u00f3n de suplir las carencias con las que cuentan las motos hoy en d\u00eda<\/strong>.<\/p>\n<figure><picture> <img decoding=\"async\" src=\"https:\/\/bxrepsol.s3.eu-west-1.amazonaws.com\/static\/2022\/08\/05063920\/00_criville_nsr500.jpg\" \/><\/picture><\/figure>\n<p>Con la escalada de potencia de los motores de competici\u00f3n modernos, <strong>las motos empezaron a tener tendencia a hacer caballitos cuando las acelerabas a fondo<\/strong>, \u00a1incluso a m\u00e1s de 200 km\/h! Adem\u00e1s la electr\u00f3nica actual (m\u00e1s limitada desde la introducci\u00f3n de la ECU \u00fanica) solo permite un \u201c<a href=\"https:\/\/www.boxrepsol.com\/es\/motogp\/los-secretos-la-electronica-motogp\/\">antiwheelie<\/a>\u201d muy b\u00e1sico. La mejora de los frenos y el aumento de la velocidad en los circuitos, hicieron necesario para las f\u00e1bricas aumentar el agarre del tren delantero durante la frenada.<\/p>\n<p>La soluci\u00f3n a simple vista parec\u00eda sencilla y en 2015 comenzamos a ver peque\u00f1os alerones de<a href=\"https:\/\/www.boxrepsol.com\/es\/motogp\/materiales-ligeros-motogp\/\"> fibra de carbono<\/a> colocados en el carenado y c\u00fapula de las motos. El freno aerodin\u00e1mico generado por estos elementos se compensaba con la potencia extra de los actuales motores de 1000cc, pero, <strong>el equilibrio entre eficiencia en l\u00ednea recta y los problemas que generaban en las curvas era muy delicado<\/strong>. Har\u00edan falta m\u00e1s meses de pruebas y estudio para afinar este tipo de a\u00f1adidos.<\/p>\n<p><strong>La FIM no tard\u00f3 en ver un problema adicional con todo este despliegue de aletas y aletines: la seguridad de los pilotos<\/strong>. Con la moto inclinada hab\u00eda ocasiones en las que el piloto pod\u00eda llegar a hacer rozar estos ap\u00e9ndices con los pianos, o lo que es peor, pilotos rivales. En el caso de impactar a otro competidor estos elementos amenazaban con convertirse en una probable fuente de lesiones.<\/p>\n<figure><picture> <img decoding=\"async\" src=\"https:\/\/bxrepsol.s3.eu-west-1.amazonaws.com\/static\/2022\/08\/05070507\/rc213v-_-rc142-2.jpg\" \/><\/picture><\/figure>\n<p>En 2017 la normativa elimin\u00f3 los alerones o aletas y era necesario que este tipo de elementos formaran un conjunto \u201ccerrado\u201d como parte del carenado. <strong>Comenzamos a ver todo un despliegue de ideas, formas y tama\u00f1os<\/strong>. No ser\u00eda esa la \u00faltima palabra de la FIA al respecto, quien en 2019 volvi\u00f3 a revisar las limitaciones a este tipo de elementos. En este caso <strong>se restring\u00eda el tama\u00f1o y forma del carenado y del guardabarros<\/strong>, haciendo necesario que para homologar estas partes la moto tuviera que entrar sin problemas en un \u201ccalibrador\u201d con las medidas m\u00e1ximas y la forma estipulada.<\/p>\n<p>Adem\u00e1s, otra de las novedades era que los equipos tan solo pod\u00edan (y es el reglamento actual vigente) disponer de dos carenados y guardabarros diferentes, y los elementos aerodin\u00e1micos no pueden ser desmontables.<\/p>\n<p>Algo a tener en cuenta es que <strong>estos dispositivos deben generar \u201cdownforce\u201d o agarre aerodin\u00e1mico <\/strong>mientras la moto est\u00e1 recta, pero no deben hacerlo cuando est\u00e1 inclinada. Como en todas las preparaciones de veh\u00edculos de competici\u00f3n, el equilibrio entre algo que funciona y algo que no funciona es muy delicado, y con veh\u00edculos que est\u00e1n constantemente cambiando su \u00e1ngulo respecto a la vertical no es tarea f\u00e1cil.<\/p>\n<figure><picture> <img decoding=\"async\" src=\"https:\/\/bxrepsol.s3.eu-west-1.amazonaws.com\/static\/2022\/08\/05070508\/rc213v-_-rc142-3.jpg\" \/><\/picture><\/figure>\n<p>Finalmente, el mayor logro ha sido crear una serie de elementos muy eficientes a la hora de generar apoyo en el tren delantero, pero que apenas afectan a la moto cuando se encuentra inclinada.<\/p>\n<p>Actualmente el reglamento proh\u00edbe los elementos aerodin\u00e1micos activos, pero, \u00bfqui\u00e9n sabe? Tal vez en un futuro no muy lejano todo esto cambie y veamos motos que cambien el \u00e1ngulo o la forma de sus carenados para permitir un desempe\u00f1o aun mayor.<\/p>\n","protected":false},"excerpt":{"rendered":"<p>Los hemos visto aparecer y extenderse por los carenados de toda la parrilla en los \u00faltimos a\u00f1os. Pero\u2026 \u00bfCu\u00e1l es su funci\u00f3n? \u00bfCu\u00e1les son sus or\u00edgenes? Hablamos de los ap\u00e9ndices aerodin\u00e1micos.<\/p>\n","protected":false},"author":43146,"featured_media":63070,"comment_status":"open","ping_status":"open","sticky":false,"template":"","format":"standard","meta":{"footnotes":""},"categories":[4],"tags":[136],"class_list":["post-94252","post","type-post","status-publish","format-standard","hentry","category-motogp","tag-campeonato-del-mundo-de-motociclismo"],"yoast_head":"<!-- This site is optimized with the Yoast SEO plugin v27.3 - https:\/\/yoast.com\/product\/yoast-seo-wordpress\/ -->\n<title>Alerones en MotoGP: \u00bfQu\u00e9 son y para qu\u00e9 se usan en el Mundial? - Box Repsol<\/title>\n<meta name=\"description\" content=\"Los hemos visto aparecer y extenderse por los carenados de toda la parrilla en los \u00faltimos a\u00f1os. Pero\u2026 \u00bfCu\u00e1l es su funci\u00f3n?\" \/>\n<link rel=\"canonical\" href=\"https:\/\/www.boxrepsol.com\/es\/motogp\/alerones-en-motogp-se-usan-mundial\/\" \/>\n<meta property=\"og:locale\" content=\"es_ES\" \/>\n<meta property=\"og:type\" content=\"article\" \/>\n<meta property=\"og:title\" content=\"Alerones en MotoGP: \u00bfQu\u00e9 son y para qu\u00e9 se usan en el Mundial? - Box Repsol\" \/>\n<meta property=\"og:description\" content=\"Los hemos visto aparecer y extenderse por los carenados de toda la parrilla en los \u00faltimos a\u00f1os. Pero\u2026 \u00bfCu\u00e1l es su funci\u00f3n?\" \/>\n<meta property=\"og:url\" content=\"https:\/\/www.boxrepsol.com\/es\/motogp\/alerones-en-motogp-se-usan-mundial\/\" \/>\n<meta property=\"og:site_name\" content=\"Box Repsol\" \/>\n<meta property=\"article:publisher\" content=\"https:\/\/www.facebook.com\/BoxRepsol\" \/>\n<meta property=\"article:author\" content=\"https:\/\/www.facebook.com\/BoxRepsol\/\" \/>\n<meta property=\"article:published_time\" content=\"2021-06-03T02:00:00+00:00\" \/>\n<meta property=\"article:modified_time\" content=\"2024-04-12T15:56:19+00:00\" \/>\n<meta property=\"og:image\" content=\"https:\/\/bxrepsol.s3.eu-west-1.amazonaws.com\/static\/2022\/08\/29090717\/honda_clasica_rc213v.jpg\" \/>\n\t<meta property=\"og:image:width\" content=\"1280\" \/>\n\t<meta property=\"og:image:height\" content=\"600\" \/>\n\t<meta property=\"og:image:type\" content=\"image\/jpeg\" \/>\n<meta name=\"author\" content=\"Redacci\u00f3n Box Repsol\" \/>\n<meta name=\"twitter:card\" content=\"summary_large_image\" \/>\n<meta name=\"twitter:creator\" content=\"@https:\/\/twitter.com\/box_repsol\" \/>\n<meta name=\"twitter:site\" content=\"@box_repsol\" \/>\n<meta name=\"twitter:label1\" content=\"Written by\" \/>\n\t<meta name=\"twitter:data1\" content=\"Redacci\u00f3n Box Repsol\" \/>\n\t<meta name=\"twitter:label2\" content=\"Est. reading time\" \/>\n\t<meta name=\"twitter:data2\" content=\"5 minutos\" \/>\n<script type=\"application\/ld+json\" class=\"yoast-schema-graph\">{\"@context\":\"https:\\\/\\\/schema.org\",\"@graph\":[{\"@type\":\"Article\",\"@id\":\"https:\\\/\\\/www.boxrepsol.com\\\/es\\\/motogp\\\/alerones-en-motogp-se-usan-mundial\\\/#article\",\"isPartOf\":{\"@id\":\"https:\\\/\\\/www.boxrepsol.com\\\/es\\\/motogp\\\/alerones-en-motogp-se-usan-mundial\\\/\"},\"author\":{\"name\":\"Redacci\u00f3n Box Repsol\",\"@id\":\"https:\\\/\\\/www.boxrepsol.com\\\/es\\\/#\\\/schema\\\/person\\\/c5c2138f2cca251b0ad92b7086bb60b7\"},\"headline\":\"Alerones en MotoGP: \u00bfQu\u00e9 son y para qu\u00e9 se usan en el Mundial?\",\"datePublished\":\"2021-06-03T02:00:00+00:00\",\"dateModified\":\"2024-04-12T15:56:19+00:00\",\"mainEntityOfPage\":{\"@id\":\"https:\\\/\\\/www.boxrepsol.com\\\/es\\\/motogp\\\/alerones-en-motogp-se-usan-mundial\\\/\"},\"wordCount\":1012,\"commentCount\":0,\"publisher\":{\"@id\":\"https:\\\/\\\/www.boxrepsol.com\\\/es\\\/#organization\"},\"image\":{\"@id\":\"https:\\\/\\\/www.boxrepsol.com\\\/es\\\/motogp\\\/alerones-en-motogp-se-usan-mundial\\\/#primaryimage\"},\"thumbnailUrl\":\"https:\\\/\\\/bxrepsol.s3.eu-west-1.amazonaws.com\\\/static\\\/2022\\\/08\\\/29090717\\\/honda_clasica_rc213v.jpg\",\"keywords\":[\"Campeonato del Mundo de Motociclismo\"],\"articleSection\":[\"MotoGP\"],\"inLanguage\":\"es\",\"potentialAction\":[{\"@type\":\"CommentAction\",\"name\":\"Comment\",\"target\":[\"https:\\\/\\\/www.boxrepsol.com\\\/es\\\/motogp\\\/alerones-en-motogp-se-usan-mundial\\\/#respond\"]}]},{\"@type\":\"WebPage\",\"@id\":\"https:\\\/\\\/www.boxrepsol.com\\\/es\\\/motogp\\\/alerones-en-motogp-se-usan-mundial\\\/\",\"url\":\"https:\\\/\\\/www.boxrepsol.com\\\/es\\\/motogp\\\/alerones-en-motogp-se-usan-mundial\\\/\",\"name\":\"Alerones en MotoGP: \u00bfQu\u00e9 son y para qu\u00e9 se usan en el Mundial? - Box Repsol\",\"isPartOf\":{\"@id\":\"https:\\\/\\\/www.boxrepsol.com\\\/es\\\/#website\"},\"primaryImageOfPage\":{\"@id\":\"https:\\\/\\\/www.boxrepsol.com\\\/es\\\/motogp\\\/alerones-en-motogp-se-usan-mundial\\\/#primaryimage\"},\"image\":{\"@id\":\"https:\\\/\\\/www.boxrepsol.com\\\/es\\\/motogp\\\/alerones-en-motogp-se-usan-mundial\\\/#primaryimage\"},\"thumbnailUrl\":\"https:\\\/\\\/bxrepsol.s3.eu-west-1.amazonaws.com\\\/static\\\/2022\\\/08\\\/29090717\\\/honda_clasica_rc213v.jpg\",\"datePublished\":\"2021-06-03T02:00:00+00:00\",\"dateModified\":\"2024-04-12T15:56:19+00:00\",\"description\":\"Los hemos visto aparecer y extenderse por los carenados de toda la parrilla en los \u00faltimos a\u00f1os. Pero\u2026 \u00bfCu\u00e1l es su funci\u00f3n?\",\"breadcrumb\":{\"@id\":\"https:\\\/\\\/www.boxrepsol.com\\\/es\\\/motogp\\\/alerones-en-motogp-se-usan-mundial\\\/#breadcrumb\"},\"inLanguage\":\"es\",\"potentialAction\":[{\"@type\":\"ReadAction\",\"target\":[\"https:\\\/\\\/www.boxrepsol.com\\\/es\\\/motogp\\\/alerones-en-motogp-se-usan-mundial\\\/\"]}]},{\"@type\":\"ImageObject\",\"inLanguage\":\"es\",\"@id\":\"https:\\\/\\\/www.boxrepsol.com\\\/es\\\/motogp\\\/alerones-en-motogp-se-usan-mundial\\\/#primaryimage\",\"url\":\"https:\\\/\\\/bxrepsol.s3.eu-west-1.amazonaws.com\\\/static\\\/2022\\\/08\\\/29090717\\\/honda_clasica_rc213v.jpg\",\"contentUrl\":\"https:\\\/\\\/bxrepsol.s3.eu-west-1.amazonaws.com\\\/static\\\/2022\\\/08\\\/29090717\\\/honda_clasica_rc213v.jpg\",\"width\":1280,\"height\":600,\"caption\":\"RC213V y una Honda cl\u00e1sica una junto a la otra\"},{\"@type\":\"BreadcrumbList\",\"@id\":\"https:\\\/\\\/www.boxrepsol.com\\\/es\\\/motogp\\\/alerones-en-motogp-se-usan-mundial\\\/#breadcrumb\",\"itemListElement\":[{\"@type\":\"ListItem\",\"position\":1,\"name\":\"Home\",\"item\":\"https:\\\/\\\/www.boxrepsol.com\\\/es\\\/\"},{\"@type\":\"ListItem\",\"position\":2,\"name\":\"Alerones en MotoGP: \u00bfQu\u00e9 son y para qu\u00e9 se usan en el Mundial?\"}]},{\"@type\":\"WebSite\",\"@id\":\"https:\\\/\\\/www.boxrepsol.com\\\/es\\\/#website\",\"url\":\"https:\\\/\\\/www.boxrepsol.com\\\/es\\\/\",\"name\":\"Box Repsol\",\"description\":\"Box Repsol Site\",\"publisher\":{\"@id\":\"https:\\\/\\\/www.boxrepsol.com\\\/es\\\/#organization\"},\"potentialAction\":[{\"@type\":\"SearchAction\",\"target\":{\"@type\":\"EntryPoint\",\"urlTemplate\":\"https:\\\/\\\/www.boxrepsol.com\\\/es\\\/?s={search_term_string}\"},\"query-input\":{\"@type\":\"PropertyValueSpecification\",\"valueRequired\":true,\"valueName\":\"search_term_string\"}}],\"inLanguage\":\"es\"},{\"@type\":\"Organization\",\"@id\":\"https:\\\/\\\/www.boxrepsol.com\\\/es\\\/#organization\",\"name\":\"Box Repsol\",\"url\":\"https:\\\/\\\/www.boxrepsol.com\\\/es\\\/\",\"logo\":{\"@type\":\"ImageObject\",\"inLanguage\":\"es\",\"@id\":\"https:\\\/\\\/www.boxrepsol.com\\\/es\\\/#\\\/schema\\\/logo\\\/image\\\/\",\"url\":\"https:\\\/\\\/bxrepsol.s3.eu-west-1.amazonaws.com\\\/static\\\/2025\\\/07\\\/30083337\\\/favicon-96x96-1.png\",\"contentUrl\":\"https:\\\/\\\/bxrepsol.s3.eu-west-1.amazonaws.com\\\/static\\\/2025\\\/07\\\/30083337\\\/favicon-96x96-1.png\",\"width\":96,\"height\":96,\"caption\":\"Box Repsol\"},\"image\":{\"@id\":\"https:\\\/\\\/www.boxrepsol.com\\\/es\\\/#\\\/schema\\\/logo\\\/image\\\/\"},\"sameAs\":[\"https:\\\/\\\/www.facebook.com\\\/BoxRepsol\",\"https:\\\/\\\/x.com\\\/box_repsol\",\"http:\\\/\\\/instagram.com\\\/box_repsol\",\"https:\\\/\\\/www.youtube.com\\\/user\\\/RepsolCompeticion\",\"https:\\\/\\\/www.flickr.com\\\/photos\\\/box_repsol\\\/\"]},{\"@type\":\"Person\",\"@id\":\"https:\\\/\\\/www.boxrepsol.com\\\/es\\\/#\\\/schema\\\/person\\\/c5c2138f2cca251b0ad92b7086bb60b7\",\"name\":\"Redacci\u00f3n Box Repsol\",\"image\":{\"@type\":\"ImageObject\",\"inLanguage\":\"es\",\"@id\":\"https:\\\/\\\/secure.gravatar.com\\\/avatar\\\/adf7b77e38b4419baf32c7e9c21dde01f4e40df611f0978e3006fc4ba0aaab7e?s=96&d=mm&r=g\",\"url\":\"https:\\\/\\\/secure.gravatar.com\\\/avatar\\\/adf7b77e38b4419baf32c7e9c21dde01f4e40df611f0978e3006fc4ba0aaab7e?s=96&d=mm&r=g\",\"contentUrl\":\"https:\\\/\\\/secure.gravatar.com\\\/avatar\\\/adf7b77e38b4419baf32c7e9c21dde01f4e40df611f0978e3006fc4ba0aaab7e?s=96&d=mm&r=g\",\"caption\":\"Redacci\u00f3n Box Repsol\"},\"description\":\"Box Repsol lo forma un equipo de periodistas, community managers, dise\u00f1adores y fot\u00f3grafos con m\u00e1s de 20 a\u00f1os de experiencia en el mundo del motorsport. Hemos vivido el primer mundial de un espa\u00f1ol en la categor\u00eda reina de motociclismo con \u00c1lex Crivill\u00e9, estuvimos en las victorias de Pedrosa y los t\u00edtulos de M\u00e1rquez, acompa\u00f1amos en \u00c1frica a Nani Roma y Marc Coma en sus conquistas del Dakar y hemos vibrado con los t\u00edtulos de Toni Bou en Trial. Adem\u00e1s, en nuestro equipo contamos con expertos en el mundo de las dos y cuatro ruedas tanto de la calle y las carreteras, como de los circuitos. Periodistas que han trabajado en revistas y publicaciones para hacerte llegar desde rutas y consejos de mantenimiento, a curiosidades y trucos de pilotaje.\",\"sameAs\":[\"https:\\\/\\\/www.facebook.com\\\/BoxRepsol\\\/\",\"https:\\\/\\\/www.instagram.com\\\/box_repsol\\\/\",\"https:\\\/\\\/x.com\\\/https:\\\/\\\/twitter.com\\\/box_repsol\",\"https:\\\/\\\/www.youtube.com\\\/@Boxrepsol\"],\"url\":\"https:\\\/\\\/www.boxrepsol.com\\\/es\\\/author\\\/redaccion-box-repsol\\\/\"}]}<\/script>\n<!-- \/ Yoast SEO plugin. -->","yoast_head_json":{"title":"Alerones en MotoGP: \u00bfQu\u00e9 son y para qu\u00e9 se usan en el Mundial? - Box Repsol","description":"Los hemos visto aparecer y extenderse por los carenados de toda la parrilla en los \u00faltimos a\u00f1os. Pero\u2026 \u00bfCu\u00e1l es su funci\u00f3n?","canonical":"https:\/\/www.boxrepsol.com\/es\/motogp\/alerones-en-motogp-se-usan-mundial\/","og_locale":"es_ES","og_type":"article","og_title":"Alerones en MotoGP: \u00bfQu\u00e9 son y para qu\u00e9 se usan en el Mundial? - Box Repsol","og_description":"Los hemos visto aparecer y extenderse por los carenados de toda la parrilla en los \u00faltimos a\u00f1os. Pero\u2026 \u00bfCu\u00e1l es su funci\u00f3n?","og_url":"https:\/\/www.boxrepsol.com\/es\/motogp\/alerones-en-motogp-se-usan-mundial\/","og_site_name":"Box Repsol","article_publisher":"https:\/\/www.facebook.com\/BoxRepsol","article_author":"https:\/\/www.facebook.com\/BoxRepsol\/","article_published_time":"2021-06-03T02:00:00+00:00","article_modified_time":"2024-04-12T15:56:19+00:00","og_image":[{"width":1280,"height":600,"url":"https:\/\/bxrepsol.s3.eu-west-1.amazonaws.com\/static\/2022\/08\/29090717\/honda_clasica_rc213v.jpg","type":"image\/jpeg"}],"author":"Redacci\u00f3n Box Repsol","twitter_card":"summary_large_image","twitter_creator":"@https:\/\/twitter.com\/box_repsol","twitter_site":"@box_repsol","twitter_misc":{"Written by":"Redacci\u00f3n Box Repsol","Est. reading time":"5 minutos"},"schema":{"@context":"https:\/\/schema.org","@graph":[{"@type":"Article","@id":"https:\/\/www.boxrepsol.com\/es\/motogp\/alerones-en-motogp-se-usan-mundial\/#article","isPartOf":{"@id":"https:\/\/www.boxrepsol.com\/es\/motogp\/alerones-en-motogp-se-usan-mundial\/"},"author":{"name":"Redacci\u00f3n Box Repsol","@id":"https:\/\/www.boxrepsol.com\/es\/#\/schema\/person\/c5c2138f2cca251b0ad92b7086bb60b7"},"headline":"Alerones en MotoGP: \u00bfQu\u00e9 son y para qu\u00e9 se usan en el Mundial?","datePublished":"2021-06-03T02:00:00+00:00","dateModified":"2024-04-12T15:56:19+00:00","mainEntityOfPage":{"@id":"https:\/\/www.boxrepsol.com\/es\/motogp\/alerones-en-motogp-se-usan-mundial\/"},"wordCount":1012,"commentCount":0,"publisher":{"@id":"https:\/\/www.boxrepsol.com\/es\/#organization"},"image":{"@id":"https:\/\/www.boxrepsol.com\/es\/motogp\/alerones-en-motogp-se-usan-mundial\/#primaryimage"},"thumbnailUrl":"https:\/\/bxrepsol.s3.eu-west-1.amazonaws.com\/static\/2022\/08\/29090717\/honda_clasica_rc213v.jpg","keywords":["Campeonato del Mundo de Motociclismo"],"articleSection":["MotoGP"],"inLanguage":"es","potentialAction":[{"@type":"CommentAction","name":"Comment","target":["https:\/\/www.boxrepsol.com\/es\/motogp\/alerones-en-motogp-se-usan-mundial\/#respond"]}]},{"@type":"WebPage","@id":"https:\/\/www.boxrepsol.com\/es\/motogp\/alerones-en-motogp-se-usan-mundial\/","url":"https:\/\/www.boxrepsol.com\/es\/motogp\/alerones-en-motogp-se-usan-mundial\/","name":"Alerones en MotoGP: \u00bfQu\u00e9 son y para qu\u00e9 se usan en el Mundial? - Box Repsol","isPartOf":{"@id":"https:\/\/www.boxrepsol.com\/es\/#website"},"primaryImageOfPage":{"@id":"https:\/\/www.boxrepsol.com\/es\/motogp\/alerones-en-motogp-se-usan-mundial\/#primaryimage"},"image":{"@id":"https:\/\/www.boxrepsol.com\/es\/motogp\/alerones-en-motogp-se-usan-mundial\/#primaryimage"},"thumbnailUrl":"https:\/\/bxrepsol.s3.eu-west-1.amazonaws.com\/static\/2022\/08\/29090717\/honda_clasica_rc213v.jpg","datePublished":"2021-06-03T02:00:00+00:00","dateModified":"2024-04-12T15:56:19+00:00","description":"Los hemos visto aparecer y extenderse por los carenados de toda la parrilla en los \u00faltimos a\u00f1os. Pero\u2026 \u00bfCu\u00e1l es su funci\u00f3n?","breadcrumb":{"@id":"https:\/\/www.boxrepsol.com\/es\/motogp\/alerones-en-motogp-se-usan-mundial\/#breadcrumb"},"inLanguage":"es","potentialAction":[{"@type":"ReadAction","target":["https:\/\/www.boxrepsol.com\/es\/motogp\/alerones-en-motogp-se-usan-mundial\/"]}]},{"@type":"ImageObject","inLanguage":"es","@id":"https:\/\/www.boxrepsol.com\/es\/motogp\/alerones-en-motogp-se-usan-mundial\/#primaryimage","url":"https:\/\/bxrepsol.s3.eu-west-1.amazonaws.com\/static\/2022\/08\/29090717\/honda_clasica_rc213v.jpg","contentUrl":"https:\/\/bxrepsol.s3.eu-west-1.amazonaws.com\/static\/2022\/08\/29090717\/honda_clasica_rc213v.jpg","width":1280,"height":600,"caption":"RC213V y una Honda cl\u00e1sica una junto a la otra"},{"@type":"BreadcrumbList","@id":"https:\/\/www.boxrepsol.com\/es\/motogp\/alerones-en-motogp-se-usan-mundial\/#breadcrumb","itemListElement":[{"@type":"ListItem","position":1,"name":"Home","item":"https:\/\/www.boxrepsol.com\/es\/"},{"@type":"ListItem","position":2,"name":"Alerones en MotoGP: \u00bfQu\u00e9 son y para qu\u00e9 se usan en el Mundial?"}]},{"@type":"WebSite","@id":"https:\/\/www.boxrepsol.com\/es\/#website","url":"https:\/\/www.boxrepsol.com\/es\/","name":"Box Repsol","description":"Box Repsol Site","publisher":{"@id":"https:\/\/www.boxrepsol.com\/es\/#organization"},"potentialAction":[{"@type":"SearchAction","target":{"@type":"EntryPoint","urlTemplate":"https:\/\/www.boxrepsol.com\/es\/?s={search_term_string}"},"query-input":{"@type":"PropertyValueSpecification","valueRequired":true,"valueName":"search_term_string"}}],"inLanguage":"es"},{"@type":"Organization","@id":"https:\/\/www.boxrepsol.com\/es\/#organization","name":"Box Repsol","url":"https:\/\/www.boxrepsol.com\/es\/","logo":{"@type":"ImageObject","inLanguage":"es","@id":"https:\/\/www.boxrepsol.com\/es\/#\/schema\/logo\/image\/","url":"https:\/\/bxrepsol.s3.eu-west-1.amazonaws.com\/static\/2025\/07\/30083337\/favicon-96x96-1.png","contentUrl":"https:\/\/bxrepsol.s3.eu-west-1.amazonaws.com\/static\/2025\/07\/30083337\/favicon-96x96-1.png","width":96,"height":96,"caption":"Box Repsol"},"image":{"@id":"https:\/\/www.boxrepsol.com\/es\/#\/schema\/logo\/image\/"},"sameAs":["https:\/\/www.facebook.com\/BoxRepsol","https:\/\/x.com\/box_repsol","http:\/\/instagram.com\/box_repsol","https:\/\/www.youtube.com\/user\/RepsolCompeticion","https:\/\/www.flickr.com\/photos\/box_repsol\/"]},{"@type":"Person","@id":"https:\/\/www.boxrepsol.com\/es\/#\/schema\/person\/c5c2138f2cca251b0ad92b7086bb60b7","name":"Redacci\u00f3n Box Repsol","image":{"@type":"ImageObject","inLanguage":"es","@id":"https:\/\/secure.gravatar.com\/avatar\/adf7b77e38b4419baf32c7e9c21dde01f4e40df611f0978e3006fc4ba0aaab7e?s=96&d=mm&r=g","url":"https:\/\/secure.gravatar.com\/avatar\/adf7b77e38b4419baf32c7e9c21dde01f4e40df611f0978e3006fc4ba0aaab7e?s=96&d=mm&r=g","contentUrl":"https:\/\/secure.gravatar.com\/avatar\/adf7b77e38b4419baf32c7e9c21dde01f4e40df611f0978e3006fc4ba0aaab7e?s=96&d=mm&r=g","caption":"Redacci\u00f3n Box Repsol"},"description":"Box Repsol lo forma un equipo de periodistas, community managers, dise\u00f1adores y fot\u00f3grafos con m\u00e1s de 20 a\u00f1os de experiencia en el mundo del motorsport. Hemos vivido el primer mundial de un espa\u00f1ol en la categor\u00eda reina de motociclismo con \u00c1lex Crivill\u00e9, estuvimos en las victorias de Pedrosa y los t\u00edtulos de M\u00e1rquez, acompa\u00f1amos en \u00c1frica a Nani Roma y Marc Coma en sus conquistas del Dakar y hemos vibrado con los t\u00edtulos de Toni Bou en Trial. Adem\u00e1s, en nuestro equipo contamos con expertos en el mundo de las dos y cuatro ruedas tanto de la calle y las carreteras, como de los circuitos. Periodistas que han trabajado en revistas y publicaciones para hacerte llegar desde rutas y consejos de mantenimiento, a curiosidades y trucos de pilotaje.","sameAs":["https:\/\/www.facebook.com\/BoxRepsol\/","https:\/\/www.instagram.com\/box_repsol\/","https:\/\/x.com\/https:\/\/twitter.com\/box_repsol","https:\/\/www.youtube.com\/@Boxrepsol"],"url":"https:\/\/www.boxrepsol.com\/es\/author\/redaccion-box-repsol\/"}]}},"_links":{"self":[{"href":"https:\/\/www.boxrepsol.com\/es\/wp-json\/wp\/v2\/posts\/94252","targetHints":{"allow":["GET"]}}],"collection":[{"href":"https:\/\/www.boxrepsol.com\/es\/wp-json\/wp\/v2\/posts"}],"about":[{"href":"https:\/\/www.boxrepsol.com\/es\/wp-json\/wp\/v2\/types\/post"}],"author":[{"embeddable":true,"href":"https:\/\/www.boxrepsol.com\/es\/wp-json\/wp\/v2\/users\/43146"}],"replies":[{"embeddable":true,"href":"https:\/\/www.boxrepsol.com\/es\/wp-json\/wp\/v2\/comments?post=94252"}],"version-history":[{"count":9,"href":"https:\/\/www.boxrepsol.com\/es\/wp-json\/wp\/v2\/posts\/94252\/revisions"}],"predecessor-version":[{"id":113769,"href":"https:\/\/www.boxrepsol.com\/es\/wp-json\/wp\/v2\/posts\/94252\/revisions\/113769"}],"wp:featuredmedia":[{"embeddable":true,"href":"https:\/\/www.boxrepsol.com\/es\/wp-json\/wp\/v2\/media\/63070"}],"wp:attachment":[{"href":"https:\/\/www.boxrepsol.com\/es\/wp-json\/wp\/v2\/media?parent=94252"}],"wp:term":[{"taxonomy":"category","embeddable":true,"href":"https:\/\/www.boxrepsol.com\/es\/wp-json\/wp\/v2\/categories?post=94252"},{"taxonomy":"post_tag","embeddable":true,"href":"https:\/\/www.boxrepsol.com\/es\/wp-json\/wp\/v2\/tags?post=94252"}],"curies":[{"name":"wp","href":"https:\/\/api.w.org\/{rel}","templated":true}]}}