{"id":94249,"date":"2019-11-03T00:00:00","date_gmt":"2019-11-03T02:00:00","guid":{"rendered":"http:\/\/pre.boxrepsol.com\/sin-categorizar\/sergio-garcia-consigue-primer-podio-mundial-moto3\/"},"modified":"2024-04-25T07:04:03","modified_gmt":"2024-04-25T09:04:03","slug":"sergio-garcia-consigue-primer-podio-mundial-moto3","status":"publish","type":"post","link":"https:\/\/www.boxrepsol.com\/es\/moto3\/sergio-garcia-consigue-primer-podio-mundial-moto3\/","title":{"rendered":"Sergio Garc\u00eda consigue su primer podio en el Mundial de Moto3"},"content":{"rendered":"<p><strong>Gran remontada de Sergio Garc\u00eda<\/strong>, que ha llegado a rodar en decimoctava posici\u00f3n en la cuarta vuelta. Ha ido recuperando terreno paulatinamente hasta alcanzar a media prueba a los cuatro pilotos que hab\u00edan tomado algo de ventaja al frente del pelot\u00f3n.<\/p>\n<p>El piloto Repsol <strong>se ha situado cuarto a cuatro giros del final <\/strong>y, en una gran \u00faltima vuelta,<strong> ha ganado dos posiciones para cruzar la meta en segunda plaza<\/strong>.<\/p>\n<p><strong>Alonso L\u00f3pez ha realizado una buena salida<\/strong> desde la d\u00e9cima posici\u00f3n de la parrilla. Cuando se hab\u00eda consolidado en quinta posici\u00f3n, la ca\u00edda del piloto que iba primero en la curva 4 del quinto giro ha provocado que otro rival chocase con su moto y, a su vez, Alonso no ha podido evitar el impacto con la moto del segundo de ellos.<\/p>\n<p>                <!-- Imagen relacionada --><br \/>\n        <img loading=\"lazy\" decoding=\"async\" width=\"404\" height=\"336\" src=\"https:\/\/bxrepsol.s3.eu-west-1.amazonaws.com\/static\/2022\/08\/05070459\/00_marc_marquez_alex_marquez_motogp_malasia_2019-1.jpg\" alt=\"Marc M\u00e1rquez celebra el podio en el GP Malasia 2019 con su hermano\" \/><br \/>\n                <!-- Categor\u00eda --><br \/>\n            MotoGP<br \/>\n        <!-- T\u00edtulo --><br \/>\n        <a href=\"https:\/\/www.boxrepsol.com\/es\/motogp\/vibrante-remontada-marc-marquez-la-segunda-posicion\/\"><\/p>\n<h3>Vibrante remontada de Marc M\u00e1rquez hasta la segunda posici\u00f3n<\/h3>\n<p>        <\/a><br \/>\n                    <!-- Fecha --><br \/>\n            hace 1 hora        <\/p>\n<h2>GP Malasia 2019 Moto3 &#8211; Declaraciones de los pilotos<\/h2>\n<h3>Alonso L\u00f3pez<\/h3>\n<p><em><strong>He hecho una muy buena salida<\/strong>; me he situado por fuera de la trazada y he conseguido mantener mi posici\u00f3n de la parrilla. Poco a poco he empezado a escalar y me encontraba c\u00f3modo. He llegado a consolidarme entre los cinco primeros, pero entonces un piloto se ha ca\u00eddo y no he podido esquivar su moto. <\/p>\n<p><strong>Aun as\u00ed, estoy contento con el fin de semana que hemos hecho<\/strong>, ya que ten\u00edamos buen ritmo y hemos sido competitivos. Me quedo con que cada vez estamos m\u00e1s fuertes.<\/em><\/p>\n<hr\/>\n<h3>Sergio Garc\u00eda<\/h3>\n<p><em><strong>Estoy muy contento. No me esperaba acabar la gira transoce\u00e1nica as\u00ed<\/strong>, ya que este es un circuito complicado, aunque se me ha dado bien desde el inicio. Ha sido una carrera muy dura, con mucho calor y adelantamientos. Sab\u00eda que pod\u00eda estar en el grupo de delante, as\u00ed que he ido adelantando pilotos poco a poco. En la vuelta final, he comenzado a creer que el podio era posible, pero en la \u00faltima curva he entrado muy colado y he llegado a pensar que pod\u00eda irme al suelo. <\/p>\n<p><strong>Me he mantenido encima de la moto y he cruzado la meta<\/strong>. Ha sido un camino largo y complicado hasta llegar aqu\u00ed, porque este a\u00f1o hemos sufrido bastante en algunos momentos. Nos merec\u00edamos este momento y por fin ha llegado. Le dedico el podio a mi familia, a mi abuelo y a Afridza, que nos dej\u00f3 ayer y es algo muy duro para todos los pilotos.<\/em><\/p>\n","protected":false},"excerpt":{"rendered":"<p>Segunda posici\u00f3n del piloto Repsol. Mala fortuna para Alonso L\u00f3pez, que se ha ca\u00eddo al no poder evitar el impacto con la moto de otro rival que se ha ido al suelo.<\/p>\n","protected":false},"author":43146,"featured_media":63063,"comment_status":"open","ping_status":"open","sticky":false,"template":"","format":"standard","meta":{"footnotes":""},"categories":[31],"tags":[14,138],"class_list":["post-94249","post","type-post","status-publish","format-standard","hentry","category-moto3","tag-moto3","tag-motogp-malasia"],"yoast_head":"<!-- This site is optimized with the Yoast SEO plugin v27.3 - https:\/\/yoast.com\/product\/yoast-seo-wordpress\/ -->\n<title>GP Malasia 2019 Moto3 - Sergio Garc\u00eda consigue su primer podio en el Mundial de Moto3<\/title>\n<meta name=\"description\" content=\"Segunda posici\u00f3n del piloto Repsol. Mala fortuna para Alonso L\u00f3pez, que se ha ca\u00eddo al no poder evitar el impacto con la moto de otro rival.\" \/>\n<link rel=\"canonical\" href=\"https:\/\/www.boxrepsol.com\/es\/moto3\/sergio-garcia-consigue-primer-podio-mundial-moto3\/\" \/>\n<meta property=\"og:locale\" content=\"es_ES\" \/>\n<meta property=\"og:type\" content=\"article\" \/>\n<meta property=\"og:title\" content=\"GP Malasia 2019 Moto3 - Sergio Garc\u00eda consigue su primer podio en el Mundial de Moto3\" \/>\n<meta property=\"og:description\" content=\"Segunda posici\u00f3n del piloto Repsol. Mala fortuna para Alonso L\u00f3pez, que se ha ca\u00eddo al no poder evitar el impacto con la moto de otro rival.\" \/>\n<meta property=\"og:url\" content=\"https:\/\/www.boxrepsol.com\/es\/moto3\/sergio-garcia-consigue-primer-podio-mundial-moto3\/\" \/>\n<meta property=\"og:site_name\" content=\"Box Repsol\" \/>\n<meta property=\"article:publisher\" content=\"https:\/\/www.facebook.com\/BoxRepsol\" \/>\n<meta property=\"article:author\" content=\"https:\/\/www.facebook.com\/BoxRepsol\/\" \/>\n<meta property=\"article:published_time\" content=\"2019-11-03T02:00:00+00:00\" \/>\n<meta property=\"article:modified_time\" content=\"2024-04-25T09:04:03+00:00\" \/>\n<meta property=\"og:image\" content=\"https:\/\/bxrepsol.s3.eu-west-1.amazonaws.com\/static\/2022\/08\/29090713\/03_moto3_sergio_garcia_repsol.jpg\" \/>\n\t<meta property=\"og:image:width\" content=\"1024\" \/>\n\t<meta property=\"og:image:height\" content=\"600\" \/>\n\t<meta property=\"og:image:type\" content=\"image\/jpeg\" \/>\n<meta name=\"author\" content=\"Redacci\u00f3n Box Repsol\" \/>\n<meta name=\"twitter:card\" content=\"summary_large_image\" \/>\n<meta name=\"twitter:creator\" content=\"@https:\/\/twitter.com\/box_repsol\" \/>\n<meta name=\"twitter:site\" content=\"@box_repsol\" \/>\n<meta name=\"twitter:label1\" content=\"Written by\" \/>\n\t<meta name=\"twitter:data1\" content=\"Redacci\u00f3n Box Repsol\" \/>\n\t<meta name=\"twitter:label2\" content=\"Est. reading time\" \/>\n\t<meta name=\"twitter:data2\" content=\"2 minutos\" \/>\n<script type=\"application\/ld+json\" class=\"yoast-schema-graph\">{\"@context\":\"https:\\\/\\\/schema.org\",\"@graph\":[{\"@type\":\"Article\",\"@id\":\"https:\\\/\\\/www.boxrepsol.com\\\/es\\\/moto3\\\/sergio-garcia-consigue-primer-podio-mundial-moto3\\\/#article\",\"isPartOf\":{\"@id\":\"https:\\\/\\\/www.boxrepsol.com\\\/es\\\/moto3\\\/sergio-garcia-consigue-primer-podio-mundial-moto3\\\/\"},\"author\":{\"name\":\"Redacci\u00f3n Box Repsol\",\"@id\":\"https:\\\/\\\/www.boxrepsol.com\\\/es\\\/#\\\/schema\\\/person\\\/c5c2138f2cca251b0ad92b7086bb60b7\"},\"headline\":\"Sergio Garc\u00eda consigue su primer podio en el Mundial de Moto3\",\"datePublished\":\"2019-11-03T02:00:00+00:00\",\"dateModified\":\"2024-04-25T09:04:03+00:00\",\"mainEntityOfPage\":{\"@id\":\"https:\\\/\\\/www.boxrepsol.com\\\/es\\\/moto3\\\/sergio-garcia-consigue-primer-podio-mundial-moto3\\\/\"},\"wordCount\":432,\"commentCount\":0,\"publisher\":{\"@id\":\"https:\\\/\\\/www.boxrepsol.com\\\/es\\\/#organization\"},\"image\":{\"@id\":\"https:\\\/\\\/www.boxrepsol.com\\\/es\\\/moto3\\\/sergio-garcia-consigue-primer-podio-mundial-moto3\\\/#primaryimage\"},\"thumbnailUrl\":\"https:\\\/\\\/bxrepsol.s3.eu-west-1.amazonaws.com\\\/static\\\/2022\\\/08\\\/29090713\\\/03_moto3_sergio_garcia_repsol.jpg\",\"keywords\":[\"Moto3\",\"MotoGP Malasia\"],\"articleSection\":[\"Moto3\"],\"inLanguage\":\"es\",\"potentialAction\":[{\"@type\":\"CommentAction\",\"name\":\"Comment\",\"target\":[\"https:\\\/\\\/www.boxrepsol.com\\\/es\\\/moto3\\\/sergio-garcia-consigue-primer-podio-mundial-moto3\\\/#respond\"]}]},{\"@type\":\"WebPage\",\"@id\":\"https:\\\/\\\/www.boxrepsol.com\\\/es\\\/moto3\\\/sergio-garcia-consigue-primer-podio-mundial-moto3\\\/\",\"url\":\"https:\\\/\\\/www.boxrepsol.com\\\/es\\\/moto3\\\/sergio-garcia-consigue-primer-podio-mundial-moto3\\\/\",\"name\":\"GP Malasia 2019 Moto3 - Sergio Garc\u00eda consigue su primer podio en el Mundial de Moto3\",\"isPartOf\":{\"@id\":\"https:\\\/\\\/www.boxrepsol.com\\\/es\\\/#website\"},\"primaryImageOfPage\":{\"@id\":\"https:\\\/\\\/www.boxrepsol.com\\\/es\\\/moto3\\\/sergio-garcia-consigue-primer-podio-mundial-moto3\\\/#primaryimage\"},\"image\":{\"@id\":\"https:\\\/\\\/www.boxrepsol.com\\\/es\\\/moto3\\\/sergio-garcia-consigue-primer-podio-mundial-moto3\\\/#primaryimage\"},\"thumbnailUrl\":\"https:\\\/\\\/bxrepsol.s3.eu-west-1.amazonaws.com\\\/static\\\/2022\\\/08\\\/29090713\\\/03_moto3_sergio_garcia_repsol.jpg\",\"datePublished\":\"2019-11-03T02:00:00+00:00\",\"dateModified\":\"2024-04-25T09:04:03+00:00\",\"description\":\"Segunda posici\u00f3n del piloto Repsol. Mala fortuna para Alonso L\u00f3pez, que se ha ca\u00eddo al no poder evitar el impacto con la moto de otro rival.\",\"breadcrumb\":{\"@id\":\"https:\\\/\\\/www.boxrepsol.com\\\/es\\\/moto3\\\/sergio-garcia-consigue-primer-podio-mundial-moto3\\\/#breadcrumb\"},\"inLanguage\":\"es\",\"potentialAction\":[{\"@type\":\"ReadAction\",\"target\":[\"https:\\\/\\\/www.boxrepsol.com\\\/es\\\/moto3\\\/sergio-garcia-consigue-primer-podio-mundial-moto3\\\/\"]}]},{\"@type\":\"ImageObject\",\"inLanguage\":\"es\",\"@id\":\"https:\\\/\\\/www.boxrepsol.com\\\/es\\\/moto3\\\/sergio-garcia-consigue-primer-podio-mundial-moto3\\\/#primaryimage\",\"url\":\"https:\\\/\\\/bxrepsol.s3.eu-west-1.amazonaws.com\\\/static\\\/2022\\\/08\\\/29090713\\\/03_moto3_sergio_garcia_repsol.jpg\",\"contentUrl\":\"https:\\\/\\\/bxrepsol.s3.eu-west-1.amazonaws.com\\\/static\\\/2022\\\/08\\\/29090713\\\/03_moto3_sergio_garcia_repsol.jpg\",\"width\":1024,\"height\":600,\"caption\":\"Sergio garc\u00eda consigue su primer podio en Moto3\"},{\"@type\":\"BreadcrumbList\",\"@id\":\"https:\\\/\\\/www.boxrepsol.com\\\/es\\\/moto3\\\/sergio-garcia-consigue-primer-podio-mundial-moto3\\\/#breadcrumb\",\"itemListElement\":[{\"@type\":\"ListItem\",\"position\":1,\"name\":\"Home\",\"item\":\"https:\\\/\\\/www.boxrepsol.com\\\/es\\\/\"},{\"@type\":\"ListItem\",\"position\":2,\"name\":\"Sergio Garc\u00eda consigue su primer podio en el Mundial de Moto3\"}]},{\"@type\":\"WebSite\",\"@id\":\"https:\\\/\\\/www.boxrepsol.com\\\/es\\\/#website\",\"url\":\"https:\\\/\\\/www.boxrepsol.com\\\/es\\\/\",\"name\":\"Box Repsol\",\"description\":\"Box Repsol Site\",\"publisher\":{\"@id\":\"https:\\\/\\\/www.boxrepsol.com\\\/es\\\/#organization\"},\"potentialAction\":[{\"@type\":\"SearchAction\",\"target\":{\"@type\":\"EntryPoint\",\"urlTemplate\":\"https:\\\/\\\/www.boxrepsol.com\\\/es\\\/?s={search_term_string}\"},\"query-input\":{\"@type\":\"PropertyValueSpecification\",\"valueRequired\":true,\"valueName\":\"search_term_string\"}}],\"inLanguage\":\"es\"},{\"@type\":\"Organization\",\"@id\":\"https:\\\/\\\/www.boxrepsol.com\\\/es\\\/#organization\",\"name\":\"Box Repsol\",\"url\":\"https:\\\/\\\/www.boxrepsol.com\\\/es\\\/\",\"logo\":{\"@type\":\"ImageObject\",\"inLanguage\":\"es\",\"@id\":\"https:\\\/\\\/www.boxrepsol.com\\\/es\\\/#\\\/schema\\\/logo\\\/image\\\/\",\"url\":\"https:\\\/\\\/bxrepsol.s3.eu-west-1.amazonaws.com\\\/static\\\/2025\\\/07\\\/30083337\\\/favicon-96x96-1.png\",\"contentUrl\":\"https:\\\/\\\/bxrepsol.s3.eu-west-1.amazonaws.com\\\/static\\\/2025\\\/07\\\/30083337\\\/favicon-96x96-1.png\",\"width\":96,\"height\":96,\"caption\":\"Box Repsol\"},\"image\":{\"@id\":\"https:\\\/\\\/www.boxrepsol.com\\\/es\\\/#\\\/schema\\\/logo\\\/image\\\/\"},\"sameAs\":[\"https:\\\/\\\/www.facebook.com\\\/BoxRepsol\",\"https:\\\/\\\/x.com\\\/box_repsol\",\"http:\\\/\\\/instagram.com\\\/box_repsol\",\"https:\\\/\\\/www.youtube.com\\\/user\\\/RepsolCompeticion\",\"https:\\\/\\\/www.flickr.com\\\/photos\\\/box_repsol\\\/\"]},{\"@type\":\"Person\",\"@id\":\"https:\\\/\\\/www.boxrepsol.com\\\/es\\\/#\\\/schema\\\/person\\\/c5c2138f2cca251b0ad92b7086bb60b7\",\"name\":\"Redacci\u00f3n Box Repsol\",\"image\":{\"@type\":\"ImageObject\",\"inLanguage\":\"es\",\"@id\":\"https:\\\/\\\/secure.gravatar.com\\\/avatar\\\/adf7b77e38b4419baf32c7e9c21dde01f4e40df611f0978e3006fc4ba0aaab7e?s=96&d=mm&r=g\",\"url\":\"https:\\\/\\\/secure.gravatar.com\\\/avatar\\\/adf7b77e38b4419baf32c7e9c21dde01f4e40df611f0978e3006fc4ba0aaab7e?s=96&d=mm&r=g\",\"contentUrl\":\"https:\\\/\\\/secure.gravatar.com\\\/avatar\\\/adf7b77e38b4419baf32c7e9c21dde01f4e40df611f0978e3006fc4ba0aaab7e?s=96&d=mm&r=g\",\"caption\":\"Redacci\u00f3n Box Repsol\"},\"description\":\"Box Repsol lo forma un equipo de periodistas, community managers, dise\u00f1adores y fot\u00f3grafos con m\u00e1s de 20 a\u00f1os de experiencia en el mundo del motorsport. Hemos vivido el primer mundial de un espa\u00f1ol en la categor\u00eda reina de motociclismo con \u00c1lex Crivill\u00e9, estuvimos en las victorias de Pedrosa y los t\u00edtulos de M\u00e1rquez, acompa\u00f1amos en \u00c1frica a Nani Roma y Marc Coma en sus conquistas del Dakar y hemos vibrado con los t\u00edtulos de Toni Bou en Trial. Adem\u00e1s, en nuestro equipo contamos con expertos en el mundo de las dos y cuatro ruedas tanto de la calle y las carreteras, como de los circuitos. Periodistas que han trabajado en revistas y publicaciones para hacerte llegar desde rutas y consejos de mantenimiento, a curiosidades y trucos de pilotaje.\",\"sameAs\":[\"https:\\\/\\\/www.facebook.com\\\/BoxRepsol\\\/\",\"https:\\\/\\\/www.instagram.com\\\/box_repsol\\\/\",\"https:\\\/\\\/x.com\\\/https:\\\/\\\/twitter.com\\\/box_repsol\",\"https:\\\/\\\/www.youtube.com\\\/@Boxrepsol\"],\"url\":\"https:\\\/\\\/www.boxrepsol.com\\\/es\\\/author\\\/redaccion-box-repsol\\\/\"}]}<\/script>\n<!-- \/ Yoast SEO plugin. -->","yoast_head_json":{"title":"GP Malasia 2019 Moto3 - Sergio Garc\u00eda consigue su primer podio en el Mundial de Moto3","description":"Segunda posici\u00f3n del piloto Repsol. Mala fortuna para Alonso L\u00f3pez, que se ha ca\u00eddo al no poder evitar el impacto con la moto de otro rival.","canonical":"https:\/\/www.boxrepsol.com\/es\/moto3\/sergio-garcia-consigue-primer-podio-mundial-moto3\/","og_locale":"es_ES","og_type":"article","og_title":"GP Malasia 2019 Moto3 - Sergio Garc\u00eda consigue su primer podio en el Mundial de Moto3","og_description":"Segunda posici\u00f3n del piloto Repsol. Mala fortuna para Alonso L\u00f3pez, que se ha ca\u00eddo al no poder evitar el impacto con la moto de otro rival.","og_url":"https:\/\/www.boxrepsol.com\/es\/moto3\/sergio-garcia-consigue-primer-podio-mundial-moto3\/","og_site_name":"Box Repsol","article_publisher":"https:\/\/www.facebook.com\/BoxRepsol","article_author":"https:\/\/www.facebook.com\/BoxRepsol\/","article_published_time":"2019-11-03T02:00:00+00:00","article_modified_time":"2024-04-25T09:04:03+00:00","og_image":[{"width":1024,"height":600,"url":"https:\/\/bxrepsol.s3.eu-west-1.amazonaws.com\/static\/2022\/08\/29090713\/03_moto3_sergio_garcia_repsol.jpg","type":"image\/jpeg"}],"author":"Redacci\u00f3n Box Repsol","twitter_card":"summary_large_image","twitter_creator":"@https:\/\/twitter.com\/box_repsol","twitter_site":"@box_repsol","twitter_misc":{"Written by":"Redacci\u00f3n Box Repsol","Est. reading time":"2 minutos"},"schema":{"@context":"https:\/\/schema.org","@graph":[{"@type":"Article","@id":"https:\/\/www.boxrepsol.com\/es\/moto3\/sergio-garcia-consigue-primer-podio-mundial-moto3\/#article","isPartOf":{"@id":"https:\/\/www.boxrepsol.com\/es\/moto3\/sergio-garcia-consigue-primer-podio-mundial-moto3\/"},"author":{"name":"Redacci\u00f3n Box Repsol","@id":"https:\/\/www.boxrepsol.com\/es\/#\/schema\/person\/c5c2138f2cca251b0ad92b7086bb60b7"},"headline":"Sergio Garc\u00eda consigue su primer podio en el Mundial de Moto3","datePublished":"2019-11-03T02:00:00+00:00","dateModified":"2024-04-25T09:04:03+00:00","mainEntityOfPage":{"@id":"https:\/\/www.boxrepsol.com\/es\/moto3\/sergio-garcia-consigue-primer-podio-mundial-moto3\/"},"wordCount":432,"commentCount":0,"publisher":{"@id":"https:\/\/www.boxrepsol.com\/es\/#organization"},"image":{"@id":"https:\/\/www.boxrepsol.com\/es\/moto3\/sergio-garcia-consigue-primer-podio-mundial-moto3\/#primaryimage"},"thumbnailUrl":"https:\/\/bxrepsol.s3.eu-west-1.amazonaws.com\/static\/2022\/08\/29090713\/03_moto3_sergio_garcia_repsol.jpg","keywords":["Moto3","MotoGP Malasia"],"articleSection":["Moto3"],"inLanguage":"es","potentialAction":[{"@type":"CommentAction","name":"Comment","target":["https:\/\/www.boxrepsol.com\/es\/moto3\/sergio-garcia-consigue-primer-podio-mundial-moto3\/#respond"]}]},{"@type":"WebPage","@id":"https:\/\/www.boxrepsol.com\/es\/moto3\/sergio-garcia-consigue-primer-podio-mundial-moto3\/","url":"https:\/\/www.boxrepsol.com\/es\/moto3\/sergio-garcia-consigue-primer-podio-mundial-moto3\/","name":"GP Malasia 2019 Moto3 - Sergio Garc\u00eda consigue su primer podio en el Mundial de Moto3","isPartOf":{"@id":"https:\/\/www.boxrepsol.com\/es\/#website"},"primaryImageOfPage":{"@id":"https:\/\/www.boxrepsol.com\/es\/moto3\/sergio-garcia-consigue-primer-podio-mundial-moto3\/#primaryimage"},"image":{"@id":"https:\/\/www.boxrepsol.com\/es\/moto3\/sergio-garcia-consigue-primer-podio-mundial-moto3\/#primaryimage"},"thumbnailUrl":"https:\/\/bxrepsol.s3.eu-west-1.amazonaws.com\/static\/2022\/08\/29090713\/03_moto3_sergio_garcia_repsol.jpg","datePublished":"2019-11-03T02:00:00+00:00","dateModified":"2024-04-25T09:04:03+00:00","description":"Segunda posici\u00f3n del piloto Repsol. Mala fortuna para Alonso L\u00f3pez, que se ha ca\u00eddo al no poder evitar el impacto con la moto de otro rival.","breadcrumb":{"@id":"https:\/\/www.boxrepsol.com\/es\/moto3\/sergio-garcia-consigue-primer-podio-mundial-moto3\/#breadcrumb"},"inLanguage":"es","potentialAction":[{"@type":"ReadAction","target":["https:\/\/www.boxrepsol.com\/es\/moto3\/sergio-garcia-consigue-primer-podio-mundial-moto3\/"]}]},{"@type":"ImageObject","inLanguage":"es","@id":"https:\/\/www.boxrepsol.com\/es\/moto3\/sergio-garcia-consigue-primer-podio-mundial-moto3\/#primaryimage","url":"https:\/\/bxrepsol.s3.eu-west-1.amazonaws.com\/static\/2022\/08\/29090713\/03_moto3_sergio_garcia_repsol.jpg","contentUrl":"https:\/\/bxrepsol.s3.eu-west-1.amazonaws.com\/static\/2022\/08\/29090713\/03_moto3_sergio_garcia_repsol.jpg","width":1024,"height":600,"caption":"Sergio garc\u00eda consigue su primer podio en Moto3"},{"@type":"BreadcrumbList","@id":"https:\/\/www.boxrepsol.com\/es\/moto3\/sergio-garcia-consigue-primer-podio-mundial-moto3\/#breadcrumb","itemListElement":[{"@type":"ListItem","position":1,"name":"Home","item":"https:\/\/www.boxrepsol.com\/es\/"},{"@type":"ListItem","position":2,"name":"Sergio Garc\u00eda consigue su primer podio en el Mundial de Moto3"}]},{"@type":"WebSite","@id":"https:\/\/www.boxrepsol.com\/es\/#website","url":"https:\/\/www.boxrepsol.com\/es\/","name":"Box Repsol","description":"Box Repsol Site","publisher":{"@id":"https:\/\/www.boxrepsol.com\/es\/#organization"},"potentialAction":[{"@type":"SearchAction","target":{"@type":"EntryPoint","urlTemplate":"https:\/\/www.boxrepsol.com\/es\/?s={search_term_string}"},"query-input":{"@type":"PropertyValueSpecification","valueRequired":true,"valueName":"search_term_string"}}],"inLanguage":"es"},{"@type":"Organization","@id":"https:\/\/www.boxrepsol.com\/es\/#organization","name":"Box Repsol","url":"https:\/\/www.boxrepsol.com\/es\/","logo":{"@type":"ImageObject","inLanguage":"es","@id":"https:\/\/www.boxrepsol.com\/es\/#\/schema\/logo\/image\/","url":"https:\/\/bxrepsol.s3.eu-west-1.amazonaws.com\/static\/2025\/07\/30083337\/favicon-96x96-1.png","contentUrl":"https:\/\/bxrepsol.s3.eu-west-1.amazonaws.com\/static\/2025\/07\/30083337\/favicon-96x96-1.png","width":96,"height":96,"caption":"Box Repsol"},"image":{"@id":"https:\/\/www.boxrepsol.com\/es\/#\/schema\/logo\/image\/"},"sameAs":["https:\/\/www.facebook.com\/BoxRepsol","https:\/\/x.com\/box_repsol","http:\/\/instagram.com\/box_repsol","https:\/\/www.youtube.com\/user\/RepsolCompeticion","https:\/\/www.flickr.com\/photos\/box_repsol\/"]},{"@type":"Person","@id":"https:\/\/www.boxrepsol.com\/es\/#\/schema\/person\/c5c2138f2cca251b0ad92b7086bb60b7","name":"Redacci\u00f3n Box Repsol","image":{"@type":"ImageObject","inLanguage":"es","@id":"https:\/\/secure.gravatar.com\/avatar\/adf7b77e38b4419baf32c7e9c21dde01f4e40df611f0978e3006fc4ba0aaab7e?s=96&d=mm&r=g","url":"https:\/\/secure.gravatar.com\/avatar\/adf7b77e38b4419baf32c7e9c21dde01f4e40df611f0978e3006fc4ba0aaab7e?s=96&d=mm&r=g","contentUrl":"https:\/\/secure.gravatar.com\/avatar\/adf7b77e38b4419baf32c7e9c21dde01f4e40df611f0978e3006fc4ba0aaab7e?s=96&d=mm&r=g","caption":"Redacci\u00f3n Box Repsol"},"description":"Box Repsol lo forma un equipo de periodistas, community managers, dise\u00f1adores y fot\u00f3grafos con m\u00e1s de 20 a\u00f1os de experiencia en el mundo del motorsport. Hemos vivido el primer mundial de un espa\u00f1ol en la categor\u00eda reina de motociclismo con \u00c1lex Crivill\u00e9, estuvimos en las victorias de Pedrosa y los t\u00edtulos de M\u00e1rquez, acompa\u00f1amos en \u00c1frica a Nani Roma y Marc Coma en sus conquistas del Dakar y hemos vibrado con los t\u00edtulos de Toni Bou en Trial. Adem\u00e1s, en nuestro equipo contamos con expertos en el mundo de las dos y cuatro ruedas tanto de la calle y las carreteras, como de los circuitos. Periodistas que han trabajado en revistas y publicaciones para hacerte llegar desde rutas y consejos de mantenimiento, a curiosidades y trucos de pilotaje.","sameAs":["https:\/\/www.facebook.com\/BoxRepsol\/","https:\/\/www.instagram.com\/box_repsol\/","https:\/\/x.com\/https:\/\/twitter.com\/box_repsol","https:\/\/www.youtube.com\/@Boxrepsol"],"url":"https:\/\/www.boxrepsol.com\/es\/author\/redaccion-box-repsol\/"}]}},"_links":{"self":[{"href":"https:\/\/www.boxrepsol.com\/es\/wp-json\/wp\/v2\/posts\/94249","targetHints":{"allow":["GET"]}}],"collection":[{"href":"https:\/\/www.boxrepsol.com\/es\/wp-json\/wp\/v2\/posts"}],"about":[{"href":"https:\/\/www.boxrepsol.com\/es\/wp-json\/wp\/v2\/types\/post"}],"author":[{"embeddable":true,"href":"https:\/\/www.boxrepsol.com\/es\/wp-json\/wp\/v2\/users\/43146"}],"replies":[{"embeddable":true,"href":"https:\/\/www.boxrepsol.com\/es\/wp-json\/wp\/v2\/comments?post=94249"}],"version-history":[{"count":1,"href":"https:\/\/www.boxrepsol.com\/es\/wp-json\/wp\/v2\/posts\/94249\/revisions"}],"predecessor-version":[{"id":94250,"href":"https:\/\/www.boxrepsol.com\/es\/wp-json\/wp\/v2\/posts\/94249\/revisions\/94250"}],"wp:featuredmedia":[{"embeddable":true,"href":"https:\/\/www.boxrepsol.com\/es\/wp-json\/wp\/v2\/media\/63063"}],"wp:attachment":[{"href":"https:\/\/www.boxrepsol.com\/es\/wp-json\/wp\/v2\/media?parent=94249"}],"wp:term":[{"taxonomy":"category","embeddable":true,"href":"https:\/\/www.boxrepsol.com\/es\/wp-json\/wp\/v2\/categories?post=94249"},{"taxonomy":"post_tag","embeddable":true,"href":"https:\/\/www.boxrepsol.com\/es\/wp-json\/wp\/v2\/tags?post=94249"}],"curies":[{"name":"wp","href":"https:\/\/api.w.org\/{rel}","templated":true}]}}