{"id":94247,"date":"2019-11-03T00:00:00","date_gmt":"2019-11-03T02:00:00","guid":{"rendered":"http:\/\/pre.boxrepsol.com\/sin-categorizar\/vibrante-remontada-marc-marquez-la-segunda-posicion\/"},"modified":"2024-04-25T07:03:40","modified_gmt":"2024-04-25T09:03:40","slug":"vibrante-remontada-marc-marquez-la-segunda-posicion","status":"publish","type":"post","link":"https:\/\/www.boxrepsol.com\/es\/motogp\/vibrante-remontada-marc-marquez-la-segunda-posicion\/","title":{"rendered":"Vibrante remontada de Marc M\u00e1rquez hasta la segunda posici\u00f3n"},"content":{"rendered":"<p>Partiendo und\u00e9cimo en la parrilla de salida, Marc M\u00e1rquez se ha situado quinto despu\u00e9s de las primeras curvas y<strong> ha completado el primer giro en segunda posici\u00f3n<\/strong> .<\/p>\n<p>El Campe\u00f3n del Mundo de MotoGP 2019 ha intercambiado posiciones con Miller durante un par giros, pero a partir del tercer paso por meta se ha escapado en solitario hacia una nueva segunda posici\u00f3n.<\/p>\n<p>Con el resultado de hoy,<strong> Marc M\u00e1rquez suma diecisiete podios en dieciocho carreras<\/strong>: once victorias y seis segundas posiciones, que le permiten<strong> alcanzar los 395 puntos y batir el r\u00e9cord de puntos<\/strong> en una sola temporada.<\/p>\n<p>Jorge Lorenzo part\u00eda desde la decimoctava posici\u00f3n y ha completado la prueba en decimocuarta plaza.<\/p>\n<p>Los 20 puntos sumados por Marc M\u00e1rquez y los 2 conseguidos por Jorge Lorenzo permiten al equipo Repsol Honda llegar a la \u00faltima cita del campeonato<strong> a 2 puntos del liderato de la clasificaci\u00f3n general de escuder\u00edas<\/strong>.<\/p>\n<p>                <!-- Imagen relacionada --><br \/>\n        <img loading=\"lazy\" decoding=\"async\" width=\"404\" height=\"336\" src=\"https:\/\/bxrepsol.s3.eu-west-1.amazonaws.com\/static\/2022\/08\/29090711\/00_jorge_lorenzo_motogp_repsol_honda_2019-e1572695423940-404x336-2.jpg\" alt=\"Jorge Lorenzo en pista durante el GP de Malasia 2019\" \/><br \/>\n                <!-- Categor\u00eda --><br \/>\n            MotoGP<br \/>\n        <!-- T\u00edtulo --><br \/>\n        <a href=\"https:\/\/www.boxrepsol.com\/es\/motogp\/marc-marquez-undecimo-escapa-sin-lesiones-una-fuerte-caida\/\"><\/p>\n<h3>Marc M\u00e1rquez, und\u00e9cimo, escapa sin lesiones de una fuerte ca\u00edda<\/h3>\n<p>        <\/a><br \/>\n                    <!-- Fecha --><br \/>\n            hace 1 hora        <\/p>\n<h2>GP de Malasia 2019 &#8211; Declaraciones de los pilotos<\/h2>\n<p><a href=\"https:\/\/twitter.com\/hashtag\/mm93?src=hash&#038;lang=es\">#MM93<\/a><\/p>\n<p><em><strong>Ha sido una carrera incre\u00edble y una primera vuelta fant\u00e1stica<\/strong>. Quiz\u00e1s la mejor de mi trayectoria, junto a Mugello 2015 \u2013estuve mirando el v\u00eddeo ayer por la noche para ver qu\u00e9 hice\u2013. Ha sido un primer giro muy bonito, pero el neum\u00e1tico se ha degradado mucho en esas tres vueltas y he perdido mucho tiempo con Miller. <\/p>\n<p>Vi\u00f1ales hoy ha sido m\u00e1s r\u00e1pido que nosotros y el objetivo era el podio. He intentado hacer lo mismo que en Phillip Island y situarme tras \u00e9l, pero la diferencia ya era demasiado grande, de m\u00e1s de un segundo, y he cometido un error que me ha retrasado m\u00e1s. Estoy contento con mi carrera, pero<strong> no os pod\u00e9is ni imaginar lo feliz que estoy por el t\u00edtulo de mi hermano; se lo merece much\u00edsimo<\/strong>. <\/p>\n<p>Es un d\u00eda fant\u00e1stico, pero<strong> tambi\u00e9n tenemos que recordar a Munandar, un piloto joven y con talento que desgraciadamente perdimos ayer. Mando un gran abrazo a su familia y amigos<\/strong>.<\/em><\/p>\n<hr\/>\n<p><a href=\"https:\/\/twitter.com\/hashtag\/jl99?src=hash&#038;lang=es\">#JL99<\/a><\/p>\n<p><em>El principio de la carrera ha sido muy dif\u00edcil porque, con los otros pilotos alrededor, las turbulencias me han afectado mucho. Pero <strong>tambi\u00e9n hay aspectos positivos, porque he podido marcar un ritmo constante <\/strong>y mantenerme durante toda la prueba como m\u00e1ximo a siete d\u00e9cimas de mi mejor tiempo. <\/p>\n<p>Obviamente, todav\u00eda no somos suficientemente r\u00e1pidos, pero <strong>cada vez estamos m\u00e1s cerca del objetivo<\/strong> de terminar a 30 segundos del ganador despu\u00e9s de mi ca\u00edda en Assen. Los dos puntos conseguidos hoy han sido importantes para ayudar en la lucha por el t\u00edtulo de equipos en Valencia, que ahora es el principal objetivo.<\/em><\/p>\n","protected":false},"excerpt":{"rendered":"<p>Un fenomenal inicio de carrera ha permitido al piloto del Repsol Honda recuperar nueve plazas en la primera vuelta, terminar segundo y batir el r\u00e9cord de puntos en una sola temporada.<\/p>\n","protected":false},"author":43146,"featured_media":63059,"comment_status":"open","ping_status":"open","sticky":false,"template":"","format":"standard","meta":{"footnotes":""},"categories":[4],"tags":[190,138],"class_list":["post-94247","post","type-post","status-publish","format-standard","hentry","category-motogp","tag-190","tag-motogp-malasia"],"yoast_head":"<!-- This site is optimized with the Yoast SEO plugin v27.3 - https:\/\/yoast.com\/product\/yoast-seo-wordpress\/ -->\n<title>GP Malasia 2019 - Vibrante remontada de Marc M\u00e1rquez hasta la segunda posici\u00f3n<\/title>\n<meta name=\"description\" content=\"Un fenomenal inicio de carrera ha permitido al piloto del Repsol Honda recuperar nueve plazas en la primera vuelta, terminar segundo.\" \/>\n<link rel=\"canonical\" href=\"https:\/\/www.boxrepsol.com\/es\/motogp\/vibrante-remontada-marc-marquez-la-segunda-posicion\/\" \/>\n<meta property=\"og:locale\" content=\"es_ES\" \/>\n<meta property=\"og:type\" content=\"article\" \/>\n<meta property=\"og:title\" content=\"GP Malasia 2019 - Vibrante remontada de Marc M\u00e1rquez hasta la segunda posici\u00f3n\" \/>\n<meta property=\"og:description\" content=\"Un fenomenal inicio de carrera ha permitido al piloto del Repsol Honda recuperar nueve plazas en la primera vuelta, terminar segundo.\" \/>\n<meta property=\"og:url\" content=\"https:\/\/www.boxrepsol.com\/es\/motogp\/vibrante-remontada-marc-marquez-la-segunda-posicion\/\" \/>\n<meta property=\"og:site_name\" content=\"Box Repsol\" \/>\n<meta property=\"article:publisher\" content=\"https:\/\/www.facebook.com\/BoxRepsol\" \/>\n<meta property=\"article:author\" content=\"https:\/\/www.facebook.com\/BoxRepsol\/\" \/>\n<meta property=\"article:published_time\" content=\"2019-11-03T02:00:00+00:00\" \/>\n<meta property=\"article:modified_time\" content=\"2024-04-25T09:03:40+00:00\" \/>\n<meta property=\"og:image\" content=\"https:\/\/bxrepsol.s3.eu-west-1.amazonaws.com\/static\/2022\/08\/29090711\/00_marc_marquez_alex_marquez_motogp_malasia_2019.jpg\" \/>\n\t<meta property=\"og:image:width\" content=\"1280\" \/>\n\t<meta property=\"og:image:height\" content=\"600\" \/>\n\t<meta property=\"og:image:type\" content=\"image\/jpeg\" \/>\n<meta name=\"author\" content=\"Redacci\u00f3n Box Repsol\" \/>\n<meta name=\"twitter:card\" content=\"summary_large_image\" \/>\n<meta name=\"twitter:creator\" content=\"@https:\/\/twitter.com\/box_repsol\" \/>\n<meta name=\"twitter:site\" content=\"@box_repsol\" \/>\n<meta name=\"twitter:label1\" content=\"Written by\" \/>\n\t<meta name=\"twitter:data1\" content=\"Redacci\u00f3n Box Repsol\" \/>\n\t<meta name=\"twitter:label2\" content=\"Est. reading time\" \/>\n\t<meta name=\"twitter:data2\" content=\"2 minutos\" \/>\n<script type=\"application\/ld+json\" class=\"yoast-schema-graph\">{\"@context\":\"https:\\\/\\\/schema.org\",\"@graph\":[{\"@type\":\"Article\",\"@id\":\"https:\\\/\\\/www.boxrepsol.com\\\/es\\\/motogp\\\/vibrante-remontada-marc-marquez-la-segunda-posicion\\\/#article\",\"isPartOf\":{\"@id\":\"https:\\\/\\\/www.boxrepsol.com\\\/es\\\/motogp\\\/vibrante-remontada-marc-marquez-la-segunda-posicion\\\/\"},\"author\":{\"name\":\"Redacci\u00f3n Box Repsol\",\"@id\":\"https:\\\/\\\/www.boxrepsol.com\\\/es\\\/#\\\/schema\\\/person\\\/c5c2138f2cca251b0ad92b7086bb60b7\"},\"headline\":\"Vibrante remontada de Marc M\u00e1rquez hasta la segunda posici\u00f3n\",\"datePublished\":\"2019-11-03T02:00:00+00:00\",\"dateModified\":\"2024-04-25T09:03:40+00:00\",\"mainEntityOfPage\":{\"@id\":\"https:\\\/\\\/www.boxrepsol.com\\\/es\\\/motogp\\\/vibrante-remontada-marc-marquez-la-segunda-posicion\\\/\"},\"wordCount\":480,\"commentCount\":0,\"publisher\":{\"@id\":\"https:\\\/\\\/www.boxrepsol.com\\\/es\\\/#organization\"},\"image\":{\"@id\":\"https:\\\/\\\/www.boxrepsol.com\\\/es\\\/motogp\\\/vibrante-remontada-marc-marquez-la-segunda-posicion\\\/#primaryimage\"},\"thumbnailUrl\":\"https:\\\/\\\/bxrepsol.s3.eu-west-1.amazonaws.com\\\/static\\\/2022\\\/08\\\/29090711\\\/00_marc_marquez_alex_marquez_motogp_malasia_2019.jpg\",\"keywords\":[\"2019\",\"MotoGP Malasia\"],\"articleSection\":[\"MotoGP\"],\"inLanguage\":\"es\",\"potentialAction\":[{\"@type\":\"CommentAction\",\"name\":\"Comment\",\"target\":[\"https:\\\/\\\/www.boxrepsol.com\\\/es\\\/motogp\\\/vibrante-remontada-marc-marquez-la-segunda-posicion\\\/#respond\"]}]},{\"@type\":\"WebPage\",\"@id\":\"https:\\\/\\\/www.boxrepsol.com\\\/es\\\/motogp\\\/vibrante-remontada-marc-marquez-la-segunda-posicion\\\/\",\"url\":\"https:\\\/\\\/www.boxrepsol.com\\\/es\\\/motogp\\\/vibrante-remontada-marc-marquez-la-segunda-posicion\\\/\",\"name\":\"GP Malasia 2019 - Vibrante remontada de Marc M\u00e1rquez hasta la segunda posici\u00f3n\",\"isPartOf\":{\"@id\":\"https:\\\/\\\/www.boxrepsol.com\\\/es\\\/#website\"},\"primaryImageOfPage\":{\"@id\":\"https:\\\/\\\/www.boxrepsol.com\\\/es\\\/motogp\\\/vibrante-remontada-marc-marquez-la-segunda-posicion\\\/#primaryimage\"},\"image\":{\"@id\":\"https:\\\/\\\/www.boxrepsol.com\\\/es\\\/motogp\\\/vibrante-remontada-marc-marquez-la-segunda-posicion\\\/#primaryimage\"},\"thumbnailUrl\":\"https:\\\/\\\/bxrepsol.s3.eu-west-1.amazonaws.com\\\/static\\\/2022\\\/08\\\/29090711\\\/00_marc_marquez_alex_marquez_motogp_malasia_2019.jpg\",\"datePublished\":\"2019-11-03T02:00:00+00:00\",\"dateModified\":\"2024-04-25T09:03:40+00:00\",\"description\":\"Un fenomenal inicio de carrera ha permitido al piloto del Repsol Honda recuperar nueve plazas en la primera vuelta, terminar segundo.\",\"breadcrumb\":{\"@id\":\"https:\\\/\\\/www.boxrepsol.com\\\/es\\\/motogp\\\/vibrante-remontada-marc-marquez-la-segunda-posicion\\\/#breadcrumb\"},\"inLanguage\":\"es\",\"potentialAction\":[{\"@type\":\"ReadAction\",\"target\":[\"https:\\\/\\\/www.boxrepsol.com\\\/es\\\/motogp\\\/vibrante-remontada-marc-marquez-la-segunda-posicion\\\/\"]}]},{\"@type\":\"ImageObject\",\"inLanguage\":\"es\",\"@id\":\"https:\\\/\\\/www.boxrepsol.com\\\/es\\\/motogp\\\/vibrante-remontada-marc-marquez-la-segunda-posicion\\\/#primaryimage\",\"url\":\"https:\\\/\\\/bxrepsol.s3.eu-west-1.amazonaws.com\\\/static\\\/2022\\\/08\\\/29090711\\\/00_marc_marquez_alex_marquez_motogp_malasia_2019.jpg\",\"contentUrl\":\"https:\\\/\\\/bxrepsol.s3.eu-west-1.amazonaws.com\\\/static\\\/2022\\\/08\\\/29090711\\\/00_marc_marquez_alex_marquez_motogp_malasia_2019.jpg\",\"width\":1280,\"height\":600,\"caption\":\"Marc M\u00e1rquez celebra el podio en el GP Malasia 2019 con su hermano\"},{\"@type\":\"BreadcrumbList\",\"@id\":\"https:\\\/\\\/www.boxrepsol.com\\\/es\\\/motogp\\\/vibrante-remontada-marc-marquez-la-segunda-posicion\\\/#breadcrumb\",\"itemListElement\":[{\"@type\":\"ListItem\",\"position\":1,\"name\":\"Home\",\"item\":\"https:\\\/\\\/www.boxrepsol.com\\\/es\\\/\"},{\"@type\":\"ListItem\",\"position\":2,\"name\":\"Vibrante remontada de Marc M\u00e1rquez hasta la segunda posici\u00f3n\"}]},{\"@type\":\"WebSite\",\"@id\":\"https:\\\/\\\/www.boxrepsol.com\\\/es\\\/#website\",\"url\":\"https:\\\/\\\/www.boxrepsol.com\\\/es\\\/\",\"name\":\"Box Repsol\",\"description\":\"Box Repsol Site\",\"publisher\":{\"@id\":\"https:\\\/\\\/www.boxrepsol.com\\\/es\\\/#organization\"},\"potentialAction\":[{\"@type\":\"SearchAction\",\"target\":{\"@type\":\"EntryPoint\",\"urlTemplate\":\"https:\\\/\\\/www.boxrepsol.com\\\/es\\\/?s={search_term_string}\"},\"query-input\":{\"@type\":\"PropertyValueSpecification\",\"valueRequired\":true,\"valueName\":\"search_term_string\"}}],\"inLanguage\":\"es\"},{\"@type\":\"Organization\",\"@id\":\"https:\\\/\\\/www.boxrepsol.com\\\/es\\\/#organization\",\"name\":\"Box Repsol\",\"url\":\"https:\\\/\\\/www.boxrepsol.com\\\/es\\\/\",\"logo\":{\"@type\":\"ImageObject\",\"inLanguage\":\"es\",\"@id\":\"https:\\\/\\\/www.boxrepsol.com\\\/es\\\/#\\\/schema\\\/logo\\\/image\\\/\",\"url\":\"https:\\\/\\\/bxrepsol.s3.eu-west-1.amazonaws.com\\\/static\\\/2025\\\/07\\\/30083337\\\/favicon-96x96-1.png\",\"contentUrl\":\"https:\\\/\\\/bxrepsol.s3.eu-west-1.amazonaws.com\\\/static\\\/2025\\\/07\\\/30083337\\\/favicon-96x96-1.png\",\"width\":96,\"height\":96,\"caption\":\"Box Repsol\"},\"image\":{\"@id\":\"https:\\\/\\\/www.boxrepsol.com\\\/es\\\/#\\\/schema\\\/logo\\\/image\\\/\"},\"sameAs\":[\"https:\\\/\\\/www.facebook.com\\\/BoxRepsol\",\"https:\\\/\\\/x.com\\\/box_repsol\",\"http:\\\/\\\/instagram.com\\\/box_repsol\",\"https:\\\/\\\/www.youtube.com\\\/user\\\/RepsolCompeticion\",\"https:\\\/\\\/www.flickr.com\\\/photos\\\/box_repsol\\\/\"]},{\"@type\":\"Person\",\"@id\":\"https:\\\/\\\/www.boxrepsol.com\\\/es\\\/#\\\/schema\\\/person\\\/c5c2138f2cca251b0ad92b7086bb60b7\",\"name\":\"Redacci\u00f3n Box Repsol\",\"image\":{\"@type\":\"ImageObject\",\"inLanguage\":\"es\",\"@id\":\"https:\\\/\\\/secure.gravatar.com\\\/avatar\\\/adf7b77e38b4419baf32c7e9c21dde01f4e40df611f0978e3006fc4ba0aaab7e?s=96&d=mm&r=g\",\"url\":\"https:\\\/\\\/secure.gravatar.com\\\/avatar\\\/adf7b77e38b4419baf32c7e9c21dde01f4e40df611f0978e3006fc4ba0aaab7e?s=96&d=mm&r=g\",\"contentUrl\":\"https:\\\/\\\/secure.gravatar.com\\\/avatar\\\/adf7b77e38b4419baf32c7e9c21dde01f4e40df611f0978e3006fc4ba0aaab7e?s=96&d=mm&r=g\",\"caption\":\"Redacci\u00f3n Box Repsol\"},\"description\":\"Box Repsol lo forma un equipo de periodistas, community managers, dise\u00f1adores y fot\u00f3grafos con m\u00e1s de 20 a\u00f1os de experiencia en el mundo del motorsport. Hemos vivido el primer mundial de un espa\u00f1ol en la categor\u00eda reina de motociclismo con \u00c1lex Crivill\u00e9, estuvimos en las victorias de Pedrosa y los t\u00edtulos de M\u00e1rquez, acompa\u00f1amos en \u00c1frica a Nani Roma y Marc Coma en sus conquistas del Dakar y hemos vibrado con los t\u00edtulos de Toni Bou en Trial. Adem\u00e1s, en nuestro equipo contamos con expertos en el mundo de las dos y cuatro ruedas tanto de la calle y las carreteras, como de los circuitos. Periodistas que han trabajado en revistas y publicaciones para hacerte llegar desde rutas y consejos de mantenimiento, a curiosidades y trucos de pilotaje.\",\"sameAs\":[\"https:\\\/\\\/www.facebook.com\\\/BoxRepsol\\\/\",\"https:\\\/\\\/www.instagram.com\\\/box_repsol\\\/\",\"https:\\\/\\\/x.com\\\/https:\\\/\\\/twitter.com\\\/box_repsol\",\"https:\\\/\\\/www.youtube.com\\\/@Boxrepsol\"],\"url\":\"https:\\\/\\\/www.boxrepsol.com\\\/es\\\/author\\\/redaccion-box-repsol\\\/\"}]}<\/script>\n<!-- \/ Yoast SEO plugin. -->","yoast_head_json":{"title":"GP Malasia 2019 - Vibrante remontada de Marc M\u00e1rquez hasta la segunda posici\u00f3n","description":"Un fenomenal inicio de carrera ha permitido al piloto del Repsol Honda recuperar nueve plazas en la primera vuelta, terminar segundo.","canonical":"https:\/\/www.boxrepsol.com\/es\/motogp\/vibrante-remontada-marc-marquez-la-segunda-posicion\/","og_locale":"es_ES","og_type":"article","og_title":"GP Malasia 2019 - Vibrante remontada de Marc M\u00e1rquez hasta la segunda posici\u00f3n","og_description":"Un fenomenal inicio de carrera ha permitido al piloto del Repsol Honda recuperar nueve plazas en la primera vuelta, terminar segundo.","og_url":"https:\/\/www.boxrepsol.com\/es\/motogp\/vibrante-remontada-marc-marquez-la-segunda-posicion\/","og_site_name":"Box Repsol","article_publisher":"https:\/\/www.facebook.com\/BoxRepsol","article_author":"https:\/\/www.facebook.com\/BoxRepsol\/","article_published_time":"2019-11-03T02:00:00+00:00","article_modified_time":"2024-04-25T09:03:40+00:00","og_image":[{"width":1280,"height":600,"url":"https:\/\/bxrepsol.s3.eu-west-1.amazonaws.com\/static\/2022\/08\/29090711\/00_marc_marquez_alex_marquez_motogp_malasia_2019.jpg","type":"image\/jpeg"}],"author":"Redacci\u00f3n Box Repsol","twitter_card":"summary_large_image","twitter_creator":"@https:\/\/twitter.com\/box_repsol","twitter_site":"@box_repsol","twitter_misc":{"Written by":"Redacci\u00f3n Box Repsol","Est. reading time":"2 minutos"},"schema":{"@context":"https:\/\/schema.org","@graph":[{"@type":"Article","@id":"https:\/\/www.boxrepsol.com\/es\/motogp\/vibrante-remontada-marc-marquez-la-segunda-posicion\/#article","isPartOf":{"@id":"https:\/\/www.boxrepsol.com\/es\/motogp\/vibrante-remontada-marc-marquez-la-segunda-posicion\/"},"author":{"name":"Redacci\u00f3n Box Repsol","@id":"https:\/\/www.boxrepsol.com\/es\/#\/schema\/person\/c5c2138f2cca251b0ad92b7086bb60b7"},"headline":"Vibrante remontada de Marc M\u00e1rquez hasta la segunda posici\u00f3n","datePublished":"2019-11-03T02:00:00+00:00","dateModified":"2024-04-25T09:03:40+00:00","mainEntityOfPage":{"@id":"https:\/\/www.boxrepsol.com\/es\/motogp\/vibrante-remontada-marc-marquez-la-segunda-posicion\/"},"wordCount":480,"commentCount":0,"publisher":{"@id":"https:\/\/www.boxrepsol.com\/es\/#organization"},"image":{"@id":"https:\/\/www.boxrepsol.com\/es\/motogp\/vibrante-remontada-marc-marquez-la-segunda-posicion\/#primaryimage"},"thumbnailUrl":"https:\/\/bxrepsol.s3.eu-west-1.amazonaws.com\/static\/2022\/08\/29090711\/00_marc_marquez_alex_marquez_motogp_malasia_2019.jpg","keywords":["2019","MotoGP Malasia"],"articleSection":["MotoGP"],"inLanguage":"es","potentialAction":[{"@type":"CommentAction","name":"Comment","target":["https:\/\/www.boxrepsol.com\/es\/motogp\/vibrante-remontada-marc-marquez-la-segunda-posicion\/#respond"]}]},{"@type":"WebPage","@id":"https:\/\/www.boxrepsol.com\/es\/motogp\/vibrante-remontada-marc-marquez-la-segunda-posicion\/","url":"https:\/\/www.boxrepsol.com\/es\/motogp\/vibrante-remontada-marc-marquez-la-segunda-posicion\/","name":"GP Malasia 2019 - Vibrante remontada de Marc M\u00e1rquez hasta la segunda posici\u00f3n","isPartOf":{"@id":"https:\/\/www.boxrepsol.com\/es\/#website"},"primaryImageOfPage":{"@id":"https:\/\/www.boxrepsol.com\/es\/motogp\/vibrante-remontada-marc-marquez-la-segunda-posicion\/#primaryimage"},"image":{"@id":"https:\/\/www.boxrepsol.com\/es\/motogp\/vibrante-remontada-marc-marquez-la-segunda-posicion\/#primaryimage"},"thumbnailUrl":"https:\/\/bxrepsol.s3.eu-west-1.amazonaws.com\/static\/2022\/08\/29090711\/00_marc_marquez_alex_marquez_motogp_malasia_2019.jpg","datePublished":"2019-11-03T02:00:00+00:00","dateModified":"2024-04-25T09:03:40+00:00","description":"Un fenomenal inicio de carrera ha permitido al piloto del Repsol Honda recuperar nueve plazas en la primera vuelta, terminar segundo.","breadcrumb":{"@id":"https:\/\/www.boxrepsol.com\/es\/motogp\/vibrante-remontada-marc-marquez-la-segunda-posicion\/#breadcrumb"},"inLanguage":"es","potentialAction":[{"@type":"ReadAction","target":["https:\/\/www.boxrepsol.com\/es\/motogp\/vibrante-remontada-marc-marquez-la-segunda-posicion\/"]}]},{"@type":"ImageObject","inLanguage":"es","@id":"https:\/\/www.boxrepsol.com\/es\/motogp\/vibrante-remontada-marc-marquez-la-segunda-posicion\/#primaryimage","url":"https:\/\/bxrepsol.s3.eu-west-1.amazonaws.com\/static\/2022\/08\/29090711\/00_marc_marquez_alex_marquez_motogp_malasia_2019.jpg","contentUrl":"https:\/\/bxrepsol.s3.eu-west-1.amazonaws.com\/static\/2022\/08\/29090711\/00_marc_marquez_alex_marquez_motogp_malasia_2019.jpg","width":1280,"height":600,"caption":"Marc M\u00e1rquez celebra el podio en el GP Malasia 2019 con su hermano"},{"@type":"BreadcrumbList","@id":"https:\/\/www.boxrepsol.com\/es\/motogp\/vibrante-remontada-marc-marquez-la-segunda-posicion\/#breadcrumb","itemListElement":[{"@type":"ListItem","position":1,"name":"Home","item":"https:\/\/www.boxrepsol.com\/es\/"},{"@type":"ListItem","position":2,"name":"Vibrante remontada de Marc M\u00e1rquez hasta la segunda posici\u00f3n"}]},{"@type":"WebSite","@id":"https:\/\/www.boxrepsol.com\/es\/#website","url":"https:\/\/www.boxrepsol.com\/es\/","name":"Box Repsol","description":"Box Repsol Site","publisher":{"@id":"https:\/\/www.boxrepsol.com\/es\/#organization"},"potentialAction":[{"@type":"SearchAction","target":{"@type":"EntryPoint","urlTemplate":"https:\/\/www.boxrepsol.com\/es\/?s={search_term_string}"},"query-input":{"@type":"PropertyValueSpecification","valueRequired":true,"valueName":"search_term_string"}}],"inLanguage":"es"},{"@type":"Organization","@id":"https:\/\/www.boxrepsol.com\/es\/#organization","name":"Box Repsol","url":"https:\/\/www.boxrepsol.com\/es\/","logo":{"@type":"ImageObject","inLanguage":"es","@id":"https:\/\/www.boxrepsol.com\/es\/#\/schema\/logo\/image\/","url":"https:\/\/bxrepsol.s3.eu-west-1.amazonaws.com\/static\/2025\/07\/30083337\/favicon-96x96-1.png","contentUrl":"https:\/\/bxrepsol.s3.eu-west-1.amazonaws.com\/static\/2025\/07\/30083337\/favicon-96x96-1.png","width":96,"height":96,"caption":"Box Repsol"},"image":{"@id":"https:\/\/www.boxrepsol.com\/es\/#\/schema\/logo\/image\/"},"sameAs":["https:\/\/www.facebook.com\/BoxRepsol","https:\/\/x.com\/box_repsol","http:\/\/instagram.com\/box_repsol","https:\/\/www.youtube.com\/user\/RepsolCompeticion","https:\/\/www.flickr.com\/photos\/box_repsol\/"]},{"@type":"Person","@id":"https:\/\/www.boxrepsol.com\/es\/#\/schema\/person\/c5c2138f2cca251b0ad92b7086bb60b7","name":"Redacci\u00f3n Box Repsol","image":{"@type":"ImageObject","inLanguage":"es","@id":"https:\/\/secure.gravatar.com\/avatar\/adf7b77e38b4419baf32c7e9c21dde01f4e40df611f0978e3006fc4ba0aaab7e?s=96&d=mm&r=g","url":"https:\/\/secure.gravatar.com\/avatar\/adf7b77e38b4419baf32c7e9c21dde01f4e40df611f0978e3006fc4ba0aaab7e?s=96&d=mm&r=g","contentUrl":"https:\/\/secure.gravatar.com\/avatar\/adf7b77e38b4419baf32c7e9c21dde01f4e40df611f0978e3006fc4ba0aaab7e?s=96&d=mm&r=g","caption":"Redacci\u00f3n Box Repsol"},"description":"Box Repsol lo forma un equipo de periodistas, community managers, dise\u00f1adores y fot\u00f3grafos con m\u00e1s de 20 a\u00f1os de experiencia en el mundo del motorsport. Hemos vivido el primer mundial de un espa\u00f1ol en la categor\u00eda reina de motociclismo con \u00c1lex Crivill\u00e9, estuvimos en las victorias de Pedrosa y los t\u00edtulos de M\u00e1rquez, acompa\u00f1amos en \u00c1frica a Nani Roma y Marc Coma en sus conquistas del Dakar y hemos vibrado con los t\u00edtulos de Toni Bou en Trial. Adem\u00e1s, en nuestro equipo contamos con expertos en el mundo de las dos y cuatro ruedas tanto de la calle y las carreteras, como de los circuitos. Periodistas que han trabajado en revistas y publicaciones para hacerte llegar desde rutas y consejos de mantenimiento, a curiosidades y trucos de pilotaje.","sameAs":["https:\/\/www.facebook.com\/BoxRepsol\/","https:\/\/www.instagram.com\/box_repsol\/","https:\/\/x.com\/https:\/\/twitter.com\/box_repsol","https:\/\/www.youtube.com\/@Boxrepsol"],"url":"https:\/\/www.boxrepsol.com\/es\/author\/redaccion-box-repsol\/"}]}},"_links":{"self":[{"href":"https:\/\/www.boxrepsol.com\/es\/wp-json\/wp\/v2\/posts\/94247","targetHints":{"allow":["GET"]}}],"collection":[{"href":"https:\/\/www.boxrepsol.com\/es\/wp-json\/wp\/v2\/posts"}],"about":[{"href":"https:\/\/www.boxrepsol.com\/es\/wp-json\/wp\/v2\/types\/post"}],"author":[{"embeddable":true,"href":"https:\/\/www.boxrepsol.com\/es\/wp-json\/wp\/v2\/users\/43146"}],"replies":[{"embeddable":true,"href":"https:\/\/www.boxrepsol.com\/es\/wp-json\/wp\/v2\/comments?post=94247"}],"version-history":[{"count":1,"href":"https:\/\/www.boxrepsol.com\/es\/wp-json\/wp\/v2\/posts\/94247\/revisions"}],"predecessor-version":[{"id":94248,"href":"https:\/\/www.boxrepsol.com\/es\/wp-json\/wp\/v2\/posts\/94247\/revisions\/94248"}],"wp:featuredmedia":[{"embeddable":true,"href":"https:\/\/www.boxrepsol.com\/es\/wp-json\/wp\/v2\/media\/63059"}],"wp:attachment":[{"href":"https:\/\/www.boxrepsol.com\/es\/wp-json\/wp\/v2\/media?parent=94247"}],"wp:term":[{"taxonomy":"category","embeddable":true,"href":"https:\/\/www.boxrepsol.com\/es\/wp-json\/wp\/v2\/categories?post=94247"},{"taxonomy":"post_tag","embeddable":true,"href":"https:\/\/www.boxrepsol.com\/es\/wp-json\/wp\/v2\/tags?post=94247"}],"curies":[{"name":"wp","href":"https:\/\/api.w.org\/{rel}","templated":true}]}}