{"id":94241,"date":"2020-12-09T00:00:00","date_gmt":"2020-12-09T02:00:00","guid":{"rendered":"http:\/\/pre.boxrepsol.com\/sin-categorizar\/carta-abierta-mi-primera-moto\/"},"modified":"2024-04-19T06:46:14","modified_gmt":"2024-04-19T08:46:14","slug":"carta-abierta-mi-primera-moto","status":"publish","type":"post","link":"https:\/\/www.boxrepsol.com\/es\/cultura-motera\/carta-abierta-mi-primera-moto\/","title":{"rendered":"Carta abierta a mi primera moto"},"content":{"rendered":"\n<p>Recuerdo que era un lunes del mes de julio. Ven\u00edamos de un fin de semana de Mundial de Motos en el que \u00c0lex Crivill\u00e9 hab\u00eda ganado el GP de Gran Breta\u00f1a en la categor\u00eda de 500cc. El piloto del Equipo Repsol Honda entr\u00f3 en meta con los japoneses Tadayuki Okada y Tetsuya Harada pegados a su col\u00edn,<strong> todos en el mismo segundo<\/strong>. Yo ten\u00eda 17 a\u00f1os y mi hermano mayor, \u00c1ngel, se acababa de comprar una moto. No me hab\u00eda dicho nada porque quer\u00eda darme una sorpresa: sab\u00eda que el mundo de las dos ruedas me vuelve loco. Estaba de vacaciones del colegio y me levant\u00e9 tarde.<\/p>\n\n\n\n<p>Mientras desayunaba con la radio puesta, me peg\u00f3 un grito desde la calle. \u201cJorge, \u00a1baja!\u201d. Me daba mucha pereza, pero es mi hermano mayor y ya se sabe, tocaba obedecer. Sal\u00ed fuera con mi pijama y el sol de mediod\u00eda me dej\u00f3 medio ciego. Cuando recuper\u00e9 la vista, colocando la mano en la frente, ah\u00ed estabas t\u00fa: una Honda CB750 cl\u00e1sica, modificada al estilo \u2018cafe racer\u2019. Mi coraz\u00f3n se detuvo, pero era solo un \u2018reset\u2019, porque <strong>al instante empez\u00f3 a latir a toda velocidad.<\/strong> Sin duda, me hab\u00eda enamorado. Y aquello no era todo. \u00c1ngel se acerc\u00f3, me puso la mano en el hombro y me dijo: \u201cCuando cumplas 20 a\u00f1os ser\u00e1 tuya\u201d. Hay cosas que nunca se olvidan.<\/p>\n\n\n\n<figure class=\"wp-block-image\"><img decoding=\"async\" src=\"https:\/\/bxrepsol.s3.eu-west-1.amazonaws.com\/static\/2022\/08\/29090657\/FREDDIE-SPENCER-EN-EVENTO-CON-FANS-2.jpg\" alt=\"\"\/><figcaption class=\"wp-element-caption\">FREDDIE-SPENCER-EN-EVENTO-CON-FANS<\/figcaption><\/figure>\n\n\n\n<p class=\"has-text-align-left\"><em>Freddie Spencer en un evento con sus fans.<\/em><\/p>\n\n\n\n<p><strong>El sue\u00f1o de la CB750<\/strong><\/p>\n\n\n\n<p>En casa ten\u00edamos una peque\u00f1a Montesa que me sirvi\u00f3 para familiarizarme con las marchas. Siempre hab\u00eda tenido claro que mi sue\u00f1o era pilotar una CB750 como la que ten\u00eda mi t\u00edo. Era el hermano de mi padre, un mec\u00e1nico de esos de manos negras, de mono azul lleno de tachones, de <strong>p\u00f3sters de Freddie Spencer y Randy Mamola<\/strong> en las paredes del taller. Abrac\u00e9 a mi hermano y no pude evitar romper a llorar. No solo por la moto, sobre todo por su gesto, porque nadie como \u00e9l sab\u00eda cu\u00e1nto deseaba tenerte entre mis manos.<\/p>\n\n\n\n<p>Me dijo que necesitaba madurar un poco m\u00e1s, que le daba miedo poner en mi poder aquella aut\u00e9ntica bestia del mundo del motor. \u201cJorge, s\u00e1cate el carnet, no tengas prisa, la moto te estar\u00e1 esperando\u201d. Aquellos dos a\u00f1os y medio se hicieron largos. Pero ten\u00eda que cumplir. Mi hermano la sacaba una vez por semana, siempre en domingo. Algunos d\u00edas me llevaba detr\u00e1s y su posici\u00f3n acoplada me dejaba completamente a merced del viento. <strong>Me recuerdo estirando los brazos y cerrando los ojos,<\/strong> y a \u00c1ngel grit\u00e1ndome que estaba loco, que si segu\u00eda as\u00ed me caer\u00eda.<\/p>\n\n\n\n<p>Te lavaba a conciencia, te manten\u00eda siempre impecable, acompa\u00f1aba a \u00c1ngel a pasar todas las revisiones al taller del t\u00edo Toni. Ah\u00ed habl\u00e1bamos de la \u00faltima carrera o de lo bonito que ser\u00eda ir juntos a ver un Gran Premio. Tambi\u00e9n habl\u00e1bamos de la posibilidad de cambiar las cubiertas por unas blancas, o de colocarte unas estriberas m\u00e1s finas. <strong>Han pasado 20 a\u00f1os y no puedo evitar emocionarme cuando recuerdo aquellos tiempos en casa, viendo el Mundial en familia. <\/strong>Mientras, t\u00fa reposabas en el garaje, cubierta con una s\u00e1bana blanca que ya no us\u00e1bamos porque ten\u00eda un peque\u00f1o agujero en una esquina.<\/p>\n\n\n\n<figure class=\"wp-block-image\"><img decoding=\"async\" src=\"https:\/\/bxrepsol.s3.eu-west-1.amazonaws.com\/static\/2022\/08\/29090658\/CB750-RESTAURADA-2.jpg\" alt=\"\"\/><figcaption class=\"wp-element-caption\">CB750-RESTAURADA-color-lava-y-negro<\/figcaption><\/figure>\n\n\n\n<p>Lleg\u00f3 el d\u00eda. 10 de febrero del 2001, era s\u00e1bado. Cumpl\u00ed 20 a\u00f1os y mi hermano ya no viv\u00eda en casa. Vino con su novia, Isabel, para comer con mis padres y conmigo. Tambi\u00e9n se apunt\u00f3 el t\u00edo Toni, que incluso con las manos limpias pod\u00edas distinguir entre sus u\u00f1as retales de grasa de la \u00faltima moto que hab\u00eda pasado por su taller. T\u00fa segu\u00edas abajo, ajena a lo que estaba a punto de suceder. Sopl\u00e9 las velas y nos fuimos al garaje. \u00c1ngel sac\u00f3 las llaves de su bolsillo izquierdo y me las lanz\u00f3. <strong>\u201cEs tuya, por fin\u201d. <\/strong><\/p>\n\n\n\n<p>Yo saqu\u00e9 otras llaves y se las lanc\u00e9 a \u00e9l. \u201cTambi\u00e9n es tuya\u201d. Se qued\u00f3 descolocado, no entend\u00eda nada. Me acerqu\u00e9 y le puse la mano sobre el hombro. \u201cEres el mejor hermano que uno puede tener, y creo que tambi\u00e9n te mereces algo muy especial\u201d. Apret\u00e9 el bot\u00f3n de la puerta del garaje y el sol fue avanzando lentamente por el suelo mientras se iba abriendo. Se distingu\u00eda la silueta perfectamente. \u00bfOtra moto? Se le humedecieron los ojos porque conoc\u00eda esa m\u00e1quina mejor que la palma de su mano. <strong>Era la CB750 con la que todo hab\u00eda empezado,<\/strong> la Honda del t\u00edo Toni, que ten\u00eda una mano sobre el asiento mientras con la otra acariciaba el dep\u00f3sito.<\/p>\n\n\n\n<figure class=\"wp-block-image\"><img decoding=\"async\" src=\"https:\/\/bxrepsol.s3.eu-west-1.amazonaws.com\/static\/2022\/08\/29090659\/CB-750-RODANDO-2.jpg\" alt=\"\"\/><figcaption class=\"wp-element-caption\">CB-750-RODANDO<\/figcaption><\/figure>\n\n\n\n<p>\u201cHace dos a\u00f1os tuviste uno de los gestos m\u00e1s maravillosos que jam\u00e1s he visto. Has demostrado que eres un digno heredero de mi moto. Es tuya\u201d. \u00c1ngel sali\u00f3 corriendo y casi tira al suelo a nuestro t\u00edo. Nos dimos un abrazo de esos muy largos, de los que te permiten camuflar tus l\u00e1grimas. <strong>Esa tarde salimos juntos por primera vez con las dos motos<\/strong>. Hab\u00eda llegado el d\u00eda en el que finalmente pasabas a ser m\u00eda, pero lo m\u00e1s emocionante era ver la cara de \u00c1ngel mientras pilotaba. Estaba feliz.<\/p>\n\n\n\n<p>Dos d\u00e9cadas despu\u00e9s, ambos tenemos hijos, peinamos canas y tenemos las preocupaciones propias de los cuarentones. Pero <strong>el \u00faltimo domingo de mes, sin importar el clima, sacamos nuestra Honda CB750 y nos encontramos delante del garaje de nuestros padres.<\/strong> Rodamos durante toda la ma\u00f1ana, comemos, nos ponemos al d\u00eda y recordamos aquel d\u00eda de 1999 en el que todo empez\u00f3. Luego volvemos a casa y nuestros hijos siempre salen con lo mismo: \u201c\u00bfCu\u00e1ndo me regalar\u00e1s tu moto, papi?\u201d.<strong> Cuando cumplas 20 a\u00f1os.<\/strong><\/p>\n","protected":false},"excerpt":{"rendered":"<p>\u00bfTe acuerdas de esa sensaci\u00f3n de desear una moto durante mucho tiempo y que finalmente llegue el d\u00eda en que sales a pilotar sobre dos ruedas?<\/p>\n","protected":false},"author":43146,"featured_media":63039,"comment_status":"open","ping_status":"open","sticky":false,"template":"","format":"standard","meta":{"footnotes":""},"categories":[160],"tags":[170],"class_list":["post-94241","post","type-post","status-publish","format-standard","hentry","category-cultura-motera","tag-curiosidades-moteras"],"yoast_head":"<!-- This site is optimized with the Yoast SEO plugin v27.3 - https:\/\/yoast.com\/product\/yoast-seo-wordpress\/ -->\n<title>Carta abierta a mi primera moto - Box Repsol<\/title>\n<meta name=\"description\" content=\"\u00bfTe acuerdas de esa sensaci\u00f3n de desear una moto durante mucho tiempo y que finalmente llegue el d\u00eda en que sales a pilotar sobre dos ruedas?\" \/>\n<link rel=\"canonical\" href=\"https:\/\/www.boxrepsol.com\/es\/cultura-motera\/carta-abierta-mi-primera-moto\/\" \/>\n<meta property=\"og:locale\" content=\"es_ES\" \/>\n<meta property=\"og:type\" content=\"article\" \/>\n<meta property=\"og:title\" content=\"Carta abierta a mi primera moto - Box Repsol\" \/>\n<meta property=\"og:description\" content=\"\u00bfTe acuerdas de esa sensaci\u00f3n de desear una moto durante mucho tiempo y que finalmente llegue el d\u00eda en que sales a pilotar sobre dos ruedas?\" \/>\n<meta property=\"og:url\" content=\"https:\/\/www.boxrepsol.com\/es\/cultura-motera\/carta-abierta-mi-primera-moto\/\" \/>\n<meta property=\"og:site_name\" content=\"Box Repsol\" \/>\n<meta property=\"article:publisher\" content=\"https:\/\/www.facebook.com\/BoxRepsol\" \/>\n<meta property=\"article:author\" content=\"https:\/\/www.facebook.com\/BoxRepsol\/\" \/>\n<meta property=\"article:published_time\" content=\"2020-12-09T02:00:00+00:00\" \/>\n<meta property=\"article:modified_time\" content=\"2024-04-19T08:46:14+00:00\" \/>\n<meta property=\"og:image\" content=\"https:\/\/bxrepsol.s3.eu-west-1.amazonaws.com\/static\/2022\/08\/29090701\/header_carta-primera-moto-1.jpg\" \/>\n\t<meta property=\"og:image:width\" content=\"1280\" \/>\n\t<meta property=\"og:image:height\" content=\"600\" \/>\n\t<meta property=\"og:image:type\" content=\"image\/jpeg\" \/>\n<meta name=\"author\" content=\"Redacci\u00f3n Box Repsol\" \/>\n<meta name=\"twitter:card\" content=\"summary_large_image\" \/>\n<meta name=\"twitter:creator\" content=\"@https:\/\/twitter.com\/box_repsol\" \/>\n<meta name=\"twitter:site\" content=\"@box_repsol\" \/>\n<meta name=\"twitter:label1\" content=\"Written by\" \/>\n\t<meta name=\"twitter:data1\" content=\"Redacci\u00f3n Box Repsol\" \/>\n\t<meta name=\"twitter:label2\" content=\"Est. reading time\" \/>\n\t<meta name=\"twitter:data2\" content=\"5 minutos\" \/>\n<script type=\"application\/ld+json\" class=\"yoast-schema-graph\">{\"@context\":\"https:\\\/\\\/schema.org\",\"@graph\":[{\"@type\":\"Article\",\"@id\":\"https:\\\/\\\/www.boxrepsol.com\\\/es\\\/cultura-motera\\\/carta-abierta-mi-primera-moto\\\/#article\",\"isPartOf\":{\"@id\":\"https:\\\/\\\/www.boxrepsol.com\\\/es\\\/cultura-motera\\\/carta-abierta-mi-primera-moto\\\/\"},\"author\":{\"name\":\"Redacci\u00f3n Box Repsol\",\"@id\":\"https:\\\/\\\/www.boxrepsol.com\\\/es\\\/#\\\/schema\\\/person\\\/c5c2138f2cca251b0ad92b7086bb60b7\"},\"headline\":\"Carta abierta a mi primera moto\",\"datePublished\":\"2020-12-09T02:00:00+00:00\",\"dateModified\":\"2024-04-19T08:46:14+00:00\",\"mainEntityOfPage\":{\"@id\":\"https:\\\/\\\/www.boxrepsol.com\\\/es\\\/cultura-motera\\\/carta-abierta-mi-primera-moto\\\/\"},\"wordCount\":1012,\"commentCount\":0,\"publisher\":{\"@id\":\"https:\\\/\\\/www.boxrepsol.com\\\/es\\\/#organization\"},\"image\":{\"@id\":\"https:\\\/\\\/www.boxrepsol.com\\\/es\\\/cultura-motera\\\/carta-abierta-mi-primera-moto\\\/#primaryimage\"},\"thumbnailUrl\":\"https:\\\/\\\/bxrepsol.s3.eu-west-1.amazonaws.com\\\/static\\\/2022\\\/08\\\/29090701\\\/header_carta-primera-moto-1.jpg\",\"keywords\":[\"curiosidades moteras\"],\"articleSection\":[\"Cultura Motera\"],\"inLanguage\":\"es\",\"potentialAction\":[{\"@type\":\"CommentAction\",\"name\":\"Comment\",\"target\":[\"https:\\\/\\\/www.boxrepsol.com\\\/es\\\/cultura-motera\\\/carta-abierta-mi-primera-moto\\\/#respond\"]}]},{\"@type\":\"WebPage\",\"@id\":\"https:\\\/\\\/www.boxrepsol.com\\\/es\\\/cultura-motera\\\/carta-abierta-mi-primera-moto\\\/\",\"url\":\"https:\\\/\\\/www.boxrepsol.com\\\/es\\\/cultura-motera\\\/carta-abierta-mi-primera-moto\\\/\",\"name\":\"Carta abierta a mi primera moto - Box Repsol\",\"isPartOf\":{\"@id\":\"https:\\\/\\\/www.boxrepsol.com\\\/es\\\/#website\"},\"primaryImageOfPage\":{\"@id\":\"https:\\\/\\\/www.boxrepsol.com\\\/es\\\/cultura-motera\\\/carta-abierta-mi-primera-moto\\\/#primaryimage\"},\"image\":{\"@id\":\"https:\\\/\\\/www.boxrepsol.com\\\/es\\\/cultura-motera\\\/carta-abierta-mi-primera-moto\\\/#primaryimage\"},\"thumbnailUrl\":\"https:\\\/\\\/bxrepsol.s3.eu-west-1.amazonaws.com\\\/static\\\/2022\\\/08\\\/29090701\\\/header_carta-primera-moto-1.jpg\",\"datePublished\":\"2020-12-09T02:00:00+00:00\",\"dateModified\":\"2024-04-19T08:46:14+00:00\",\"description\":\"\u00bfTe acuerdas de esa sensaci\u00f3n de desear una moto durante mucho tiempo y que finalmente llegue el d\u00eda en que sales a pilotar sobre dos ruedas?\",\"breadcrumb\":{\"@id\":\"https:\\\/\\\/www.boxrepsol.com\\\/es\\\/cultura-motera\\\/carta-abierta-mi-primera-moto\\\/#breadcrumb\"},\"inLanguage\":\"es\",\"potentialAction\":[{\"@type\":\"ReadAction\",\"target\":[\"https:\\\/\\\/www.boxrepsol.com\\\/es\\\/cultura-motera\\\/carta-abierta-mi-primera-moto\\\/\"]}]},{\"@type\":\"ImageObject\",\"inLanguage\":\"es\",\"@id\":\"https:\\\/\\\/www.boxrepsol.com\\\/es\\\/cultura-motera\\\/carta-abierta-mi-primera-moto\\\/#primaryimage\",\"url\":\"https:\\\/\\\/bxrepsol.s3.eu-west-1.amazonaws.com\\\/static\\\/2022\\\/08\\\/29090701\\\/header_carta-primera-moto-1.jpg\",\"contentUrl\":\"https:\\\/\\\/bxrepsol.s3.eu-west-1.amazonaws.com\\\/static\\\/2022\\\/08\\\/29090701\\\/header_carta-primera-moto-1.jpg\",\"width\":1280,\"height\":600,\"caption\":\"honda-cafe-racer\"},{\"@type\":\"BreadcrumbList\",\"@id\":\"https:\\\/\\\/www.boxrepsol.com\\\/es\\\/cultura-motera\\\/carta-abierta-mi-primera-moto\\\/#breadcrumb\",\"itemListElement\":[{\"@type\":\"ListItem\",\"position\":1,\"name\":\"Home\",\"item\":\"https:\\\/\\\/www.boxrepsol.com\\\/es\\\/\"},{\"@type\":\"ListItem\",\"position\":2,\"name\":\"Carta abierta a mi primera moto\"}]},{\"@type\":\"WebSite\",\"@id\":\"https:\\\/\\\/www.boxrepsol.com\\\/es\\\/#website\",\"url\":\"https:\\\/\\\/www.boxrepsol.com\\\/es\\\/\",\"name\":\"Box Repsol\",\"description\":\"Box Repsol Site\",\"publisher\":{\"@id\":\"https:\\\/\\\/www.boxrepsol.com\\\/es\\\/#organization\"},\"potentialAction\":[{\"@type\":\"SearchAction\",\"target\":{\"@type\":\"EntryPoint\",\"urlTemplate\":\"https:\\\/\\\/www.boxrepsol.com\\\/es\\\/?s={search_term_string}\"},\"query-input\":{\"@type\":\"PropertyValueSpecification\",\"valueRequired\":true,\"valueName\":\"search_term_string\"}}],\"inLanguage\":\"es\"},{\"@type\":\"Organization\",\"@id\":\"https:\\\/\\\/www.boxrepsol.com\\\/es\\\/#organization\",\"name\":\"Box Repsol\",\"url\":\"https:\\\/\\\/www.boxrepsol.com\\\/es\\\/\",\"logo\":{\"@type\":\"ImageObject\",\"inLanguage\":\"es\",\"@id\":\"https:\\\/\\\/www.boxrepsol.com\\\/es\\\/#\\\/schema\\\/logo\\\/image\\\/\",\"url\":\"https:\\\/\\\/bxrepsol.s3.eu-west-1.amazonaws.com\\\/static\\\/2025\\\/07\\\/30083337\\\/favicon-96x96-1.png\",\"contentUrl\":\"https:\\\/\\\/bxrepsol.s3.eu-west-1.amazonaws.com\\\/static\\\/2025\\\/07\\\/30083337\\\/favicon-96x96-1.png\",\"width\":96,\"height\":96,\"caption\":\"Box Repsol\"},\"image\":{\"@id\":\"https:\\\/\\\/www.boxrepsol.com\\\/es\\\/#\\\/schema\\\/logo\\\/image\\\/\"},\"sameAs\":[\"https:\\\/\\\/www.facebook.com\\\/BoxRepsol\",\"https:\\\/\\\/x.com\\\/box_repsol\",\"http:\\\/\\\/instagram.com\\\/box_repsol\",\"https:\\\/\\\/www.youtube.com\\\/user\\\/RepsolCompeticion\",\"https:\\\/\\\/www.flickr.com\\\/photos\\\/box_repsol\\\/\"]},{\"@type\":\"Person\",\"@id\":\"https:\\\/\\\/www.boxrepsol.com\\\/es\\\/#\\\/schema\\\/person\\\/c5c2138f2cca251b0ad92b7086bb60b7\",\"name\":\"Redacci\u00f3n Box Repsol\",\"image\":{\"@type\":\"ImageObject\",\"inLanguage\":\"es\",\"@id\":\"https:\\\/\\\/secure.gravatar.com\\\/avatar\\\/adf7b77e38b4419baf32c7e9c21dde01f4e40df611f0978e3006fc4ba0aaab7e?s=96&d=mm&r=g\",\"url\":\"https:\\\/\\\/secure.gravatar.com\\\/avatar\\\/adf7b77e38b4419baf32c7e9c21dde01f4e40df611f0978e3006fc4ba0aaab7e?s=96&d=mm&r=g\",\"contentUrl\":\"https:\\\/\\\/secure.gravatar.com\\\/avatar\\\/adf7b77e38b4419baf32c7e9c21dde01f4e40df611f0978e3006fc4ba0aaab7e?s=96&d=mm&r=g\",\"caption\":\"Redacci\u00f3n Box Repsol\"},\"description\":\"Box Repsol lo forma un equipo de periodistas, community managers, dise\u00f1adores y fot\u00f3grafos con m\u00e1s de 20 a\u00f1os de experiencia en el mundo del motorsport. Hemos vivido el primer mundial de un espa\u00f1ol en la categor\u00eda reina de motociclismo con \u00c1lex Crivill\u00e9, estuvimos en las victorias de Pedrosa y los t\u00edtulos de M\u00e1rquez, acompa\u00f1amos en \u00c1frica a Nani Roma y Marc Coma en sus conquistas del Dakar y hemos vibrado con los t\u00edtulos de Toni Bou en Trial. Adem\u00e1s, en nuestro equipo contamos con expertos en el mundo de las dos y cuatro ruedas tanto de la calle y las carreteras, como de los circuitos. Periodistas que han trabajado en revistas y publicaciones para hacerte llegar desde rutas y consejos de mantenimiento, a curiosidades y trucos de pilotaje.\",\"sameAs\":[\"https:\\\/\\\/www.facebook.com\\\/BoxRepsol\\\/\",\"https:\\\/\\\/www.instagram.com\\\/box_repsol\\\/\",\"https:\\\/\\\/x.com\\\/https:\\\/\\\/twitter.com\\\/box_repsol\",\"https:\\\/\\\/www.youtube.com\\\/@Boxrepsol\"],\"url\":\"https:\\\/\\\/www.boxrepsol.com\\\/es\\\/author\\\/redaccion-box-repsol\\\/\"}]}<\/script>\n<!-- \/ Yoast SEO plugin. -->","yoast_head_json":{"title":"Carta abierta a mi primera moto - Box Repsol","description":"\u00bfTe acuerdas de esa sensaci\u00f3n de desear una moto durante mucho tiempo y que finalmente llegue el d\u00eda en que sales a pilotar sobre dos ruedas?","canonical":"https:\/\/www.boxrepsol.com\/es\/cultura-motera\/carta-abierta-mi-primera-moto\/","og_locale":"es_ES","og_type":"article","og_title":"Carta abierta a mi primera moto - Box Repsol","og_description":"\u00bfTe acuerdas de esa sensaci\u00f3n de desear una moto durante mucho tiempo y que finalmente llegue el d\u00eda en que sales a pilotar sobre dos ruedas?","og_url":"https:\/\/www.boxrepsol.com\/es\/cultura-motera\/carta-abierta-mi-primera-moto\/","og_site_name":"Box Repsol","article_publisher":"https:\/\/www.facebook.com\/BoxRepsol","article_author":"https:\/\/www.facebook.com\/BoxRepsol\/","article_published_time":"2020-12-09T02:00:00+00:00","article_modified_time":"2024-04-19T08:46:14+00:00","og_image":[{"width":1280,"height":600,"url":"https:\/\/bxrepsol.s3.eu-west-1.amazonaws.com\/static\/2022\/08\/29090701\/header_carta-primera-moto-1.jpg","type":"image\/jpeg"}],"author":"Redacci\u00f3n Box Repsol","twitter_card":"summary_large_image","twitter_creator":"@https:\/\/twitter.com\/box_repsol","twitter_site":"@box_repsol","twitter_misc":{"Written by":"Redacci\u00f3n Box Repsol","Est. reading time":"5 minutos"},"schema":{"@context":"https:\/\/schema.org","@graph":[{"@type":"Article","@id":"https:\/\/www.boxrepsol.com\/es\/cultura-motera\/carta-abierta-mi-primera-moto\/#article","isPartOf":{"@id":"https:\/\/www.boxrepsol.com\/es\/cultura-motera\/carta-abierta-mi-primera-moto\/"},"author":{"name":"Redacci\u00f3n Box Repsol","@id":"https:\/\/www.boxrepsol.com\/es\/#\/schema\/person\/c5c2138f2cca251b0ad92b7086bb60b7"},"headline":"Carta abierta a mi primera moto","datePublished":"2020-12-09T02:00:00+00:00","dateModified":"2024-04-19T08:46:14+00:00","mainEntityOfPage":{"@id":"https:\/\/www.boxrepsol.com\/es\/cultura-motera\/carta-abierta-mi-primera-moto\/"},"wordCount":1012,"commentCount":0,"publisher":{"@id":"https:\/\/www.boxrepsol.com\/es\/#organization"},"image":{"@id":"https:\/\/www.boxrepsol.com\/es\/cultura-motera\/carta-abierta-mi-primera-moto\/#primaryimage"},"thumbnailUrl":"https:\/\/bxrepsol.s3.eu-west-1.amazonaws.com\/static\/2022\/08\/29090701\/header_carta-primera-moto-1.jpg","keywords":["curiosidades moteras"],"articleSection":["Cultura Motera"],"inLanguage":"es","potentialAction":[{"@type":"CommentAction","name":"Comment","target":["https:\/\/www.boxrepsol.com\/es\/cultura-motera\/carta-abierta-mi-primera-moto\/#respond"]}]},{"@type":"WebPage","@id":"https:\/\/www.boxrepsol.com\/es\/cultura-motera\/carta-abierta-mi-primera-moto\/","url":"https:\/\/www.boxrepsol.com\/es\/cultura-motera\/carta-abierta-mi-primera-moto\/","name":"Carta abierta a mi primera moto - Box Repsol","isPartOf":{"@id":"https:\/\/www.boxrepsol.com\/es\/#website"},"primaryImageOfPage":{"@id":"https:\/\/www.boxrepsol.com\/es\/cultura-motera\/carta-abierta-mi-primera-moto\/#primaryimage"},"image":{"@id":"https:\/\/www.boxrepsol.com\/es\/cultura-motera\/carta-abierta-mi-primera-moto\/#primaryimage"},"thumbnailUrl":"https:\/\/bxrepsol.s3.eu-west-1.amazonaws.com\/static\/2022\/08\/29090701\/header_carta-primera-moto-1.jpg","datePublished":"2020-12-09T02:00:00+00:00","dateModified":"2024-04-19T08:46:14+00:00","description":"\u00bfTe acuerdas de esa sensaci\u00f3n de desear una moto durante mucho tiempo y que finalmente llegue el d\u00eda en que sales a pilotar sobre dos ruedas?","breadcrumb":{"@id":"https:\/\/www.boxrepsol.com\/es\/cultura-motera\/carta-abierta-mi-primera-moto\/#breadcrumb"},"inLanguage":"es","potentialAction":[{"@type":"ReadAction","target":["https:\/\/www.boxrepsol.com\/es\/cultura-motera\/carta-abierta-mi-primera-moto\/"]}]},{"@type":"ImageObject","inLanguage":"es","@id":"https:\/\/www.boxrepsol.com\/es\/cultura-motera\/carta-abierta-mi-primera-moto\/#primaryimage","url":"https:\/\/bxrepsol.s3.eu-west-1.amazonaws.com\/static\/2022\/08\/29090701\/header_carta-primera-moto-1.jpg","contentUrl":"https:\/\/bxrepsol.s3.eu-west-1.amazonaws.com\/static\/2022\/08\/29090701\/header_carta-primera-moto-1.jpg","width":1280,"height":600,"caption":"honda-cafe-racer"},{"@type":"BreadcrumbList","@id":"https:\/\/www.boxrepsol.com\/es\/cultura-motera\/carta-abierta-mi-primera-moto\/#breadcrumb","itemListElement":[{"@type":"ListItem","position":1,"name":"Home","item":"https:\/\/www.boxrepsol.com\/es\/"},{"@type":"ListItem","position":2,"name":"Carta abierta a mi primera moto"}]},{"@type":"WebSite","@id":"https:\/\/www.boxrepsol.com\/es\/#website","url":"https:\/\/www.boxrepsol.com\/es\/","name":"Box Repsol","description":"Box Repsol Site","publisher":{"@id":"https:\/\/www.boxrepsol.com\/es\/#organization"},"potentialAction":[{"@type":"SearchAction","target":{"@type":"EntryPoint","urlTemplate":"https:\/\/www.boxrepsol.com\/es\/?s={search_term_string}"},"query-input":{"@type":"PropertyValueSpecification","valueRequired":true,"valueName":"search_term_string"}}],"inLanguage":"es"},{"@type":"Organization","@id":"https:\/\/www.boxrepsol.com\/es\/#organization","name":"Box Repsol","url":"https:\/\/www.boxrepsol.com\/es\/","logo":{"@type":"ImageObject","inLanguage":"es","@id":"https:\/\/www.boxrepsol.com\/es\/#\/schema\/logo\/image\/","url":"https:\/\/bxrepsol.s3.eu-west-1.amazonaws.com\/static\/2025\/07\/30083337\/favicon-96x96-1.png","contentUrl":"https:\/\/bxrepsol.s3.eu-west-1.amazonaws.com\/static\/2025\/07\/30083337\/favicon-96x96-1.png","width":96,"height":96,"caption":"Box Repsol"},"image":{"@id":"https:\/\/www.boxrepsol.com\/es\/#\/schema\/logo\/image\/"},"sameAs":["https:\/\/www.facebook.com\/BoxRepsol","https:\/\/x.com\/box_repsol","http:\/\/instagram.com\/box_repsol","https:\/\/www.youtube.com\/user\/RepsolCompeticion","https:\/\/www.flickr.com\/photos\/box_repsol\/"]},{"@type":"Person","@id":"https:\/\/www.boxrepsol.com\/es\/#\/schema\/person\/c5c2138f2cca251b0ad92b7086bb60b7","name":"Redacci\u00f3n Box Repsol","image":{"@type":"ImageObject","inLanguage":"es","@id":"https:\/\/secure.gravatar.com\/avatar\/adf7b77e38b4419baf32c7e9c21dde01f4e40df611f0978e3006fc4ba0aaab7e?s=96&d=mm&r=g","url":"https:\/\/secure.gravatar.com\/avatar\/adf7b77e38b4419baf32c7e9c21dde01f4e40df611f0978e3006fc4ba0aaab7e?s=96&d=mm&r=g","contentUrl":"https:\/\/secure.gravatar.com\/avatar\/adf7b77e38b4419baf32c7e9c21dde01f4e40df611f0978e3006fc4ba0aaab7e?s=96&d=mm&r=g","caption":"Redacci\u00f3n Box Repsol"},"description":"Box Repsol lo forma un equipo de periodistas, community managers, dise\u00f1adores y fot\u00f3grafos con m\u00e1s de 20 a\u00f1os de experiencia en el mundo del motorsport. Hemos vivido el primer mundial de un espa\u00f1ol en la categor\u00eda reina de motociclismo con \u00c1lex Crivill\u00e9, estuvimos en las victorias de Pedrosa y los t\u00edtulos de M\u00e1rquez, acompa\u00f1amos en \u00c1frica a Nani Roma y Marc Coma en sus conquistas del Dakar y hemos vibrado con los t\u00edtulos de Toni Bou en Trial. Adem\u00e1s, en nuestro equipo contamos con expertos en el mundo de las dos y cuatro ruedas tanto de la calle y las carreteras, como de los circuitos. Periodistas que han trabajado en revistas y publicaciones para hacerte llegar desde rutas y consejos de mantenimiento, a curiosidades y trucos de pilotaje.","sameAs":["https:\/\/www.facebook.com\/BoxRepsol\/","https:\/\/www.instagram.com\/box_repsol\/","https:\/\/x.com\/https:\/\/twitter.com\/box_repsol","https:\/\/www.youtube.com\/@Boxrepsol"],"url":"https:\/\/www.boxrepsol.com\/es\/author\/redaccion-box-repsol\/"}]}},"_links":{"self":[{"href":"https:\/\/www.boxrepsol.com\/es\/wp-json\/wp\/v2\/posts\/94241","targetHints":{"allow":["GET"]}}],"collection":[{"href":"https:\/\/www.boxrepsol.com\/es\/wp-json\/wp\/v2\/posts"}],"about":[{"href":"https:\/\/www.boxrepsol.com\/es\/wp-json\/wp\/v2\/types\/post"}],"author":[{"embeddable":true,"href":"https:\/\/www.boxrepsol.com\/es\/wp-json\/wp\/v2\/users\/43146"}],"replies":[{"embeddable":true,"href":"https:\/\/www.boxrepsol.com\/es\/wp-json\/wp\/v2\/comments?post=94241"}],"version-history":[{"count":2,"href":"https:\/\/www.boxrepsol.com\/es\/wp-json\/wp\/v2\/posts\/94241\/revisions"}],"predecessor-version":[{"id":98983,"href":"https:\/\/www.boxrepsol.com\/es\/wp-json\/wp\/v2\/posts\/94241\/revisions\/98983"}],"wp:featuredmedia":[{"embeddable":true,"href":"https:\/\/www.boxrepsol.com\/es\/wp-json\/wp\/v2\/media\/63039"}],"wp:attachment":[{"href":"https:\/\/www.boxrepsol.com\/es\/wp-json\/wp\/v2\/media?parent=94241"}],"wp:term":[{"taxonomy":"category","embeddable":true,"href":"https:\/\/www.boxrepsol.com\/es\/wp-json\/wp\/v2\/categories?post=94241"},{"taxonomy":"post_tag","embeddable":true,"href":"https:\/\/www.boxrepsol.com\/es\/wp-json\/wp\/v2\/tags?post=94241"}],"curies":[{"name":"wp","href":"https:\/\/api.w.org\/{rel}","templated":true}]}}