{"id":94237,"date":"2019-10-29T00:00:00","date_gmt":"2019-10-29T02:00:00","guid":{"rendered":"http:\/\/pre.boxrepsol.com\/sin-categorizar\/alberto-puig-piloto-estuvo-superconcentrado-no-se-rindio\/"},"modified":"2024-04-25T07:05:07","modified_gmt":"2024-04-25T09:05:07","slug":"alberto-puig-piloto-estuvo-superconcentrado-no-se-rindio","status":"publish","type":"post","link":"https:\/\/www.boxrepsol.com\/es\/motogp\/alberto-puig-piloto-estuvo-superconcentrado-no-se-rindio\/","title":{"rendered":"Alberto Puig: \u201cNuestro piloto estuvo superconcentrado y no se rindi\u00f3\u201d"},"content":{"rendered":"<p>El Gran Premio de Australia volvi\u00f3 a ofrecer una emocionante carrera que no se decidi\u00f3 hasta la \u00faltima vuelta a favor del Campe\u00f3n del Mundo de MotoGP 2019, Marc M\u00e1rquez. Alberto Puig, Team Principal del equipo Repsol Honda, ha analizado el planteamiento de su piloto en un fin de semana en el que sus rivales mostraron un gran nivel, pero en el que finalmente logr\u00f3 hacerse con el und\u00e9cimo triunfo de la temporada.<\/p>\n<p><strong>[Pregunta] \u00bfCu\u00e1l fue la estrategia en la carrera de Australia?<\/p>\n<p><em>[Respuesta] <\/strong>La estrategia era no perder mucho tiempo en las primeras vueltas, porque sab\u00edamos que Vi\u00f1ales y la Yamaha eran muy r\u00e1pidos si los dej\u00e1bamos solos. Marc [M\u00e1rquez] no hizo una salida perfecta, pero inmediatamente tir\u00f3 fuerte para recuperar el terreno perdido. Cuando Vi\u00f1ales intent\u00f3 escaparse, Marc tuvo que seguirle y es exactamente lo que hizo. <\/em><\/p>\n<p><em>La elecci\u00f3n de neum\u00e1ticos estaba m\u00e1s enfocada al principio de la carrera, cuando sab\u00edamos que nos pod\u00eda ayudar, pero en las \u00faltimas vueltas empez\u00f3 a bajar su rendimiento. M\u00e1rquez pudo rodar detr\u00e1s de la Yamaha, entender las oportunidades para adelantar y sus distintos puntos fuertes. Al final, pudo encontrar el momento perfecto para adelantar y esper\u00f3 hasta la \u00faltima vuelta.<\/em><\/p>\n<p><em>Honda ha tenido muchos grandes pilotos en la historia de la competici\u00f3n. Ahora Marc est\u00e1 entre los m\u00e1s grandes y todav\u00eda le queda mucha carrera por delante; solo tiene 26 a\u00f1os y queda mucho por venir. Esta compa\u00f1\u00eda siempre recordar\u00e1 todo lo que ha hecho en estos a\u00f1os y en los que vengan. No ha sido una victoria f\u00e1cil. Yamaha ha tenido un ritmo fant\u00e1stico todo el fin de semana, pero nuestro piloto estuvo superconcentrado y no se rindi\u00f3.<\/em><\/p>\n<p><strong>[P] \u00bfCu\u00e1les fueron los puntos positivos y negativos del fin de semana?<\/p>\n<p><em>[R] <\/strong>El punto positivo es claramente la victoria y el negativo, la situaci\u00f3n y el resultado de Jorge Lorenzo.<\/em><\/p>\n<p><strong>[P] \u00bfC\u00f3mo viste la carrera?<\/p>\n<p><em>[R] <\/strong>Fue m\u00e1s o menos como esper\u00e1bamos, aunque desde detr\u00e1s. Marc es Marc, y cuando te pasas 27 vueltas viendo en tu pizarra \u2018M\u00e1rquez +0\u2019, es muy complicado de gestionar para el piloto que se encuentra liderando.<\/em><\/p>\n<p><strong>[P] La meteorolog\u00eda ha sido muy variable todo el fin de semana en Australia.<\/p>\n<p><em>[R] <\/strong>Este fin de semana ha sido un poco de locos, por las condiciones meteorol\u00f3gicas, con lluvia y viento fuerte cada d\u00eda, especialmente el s\u00e1bado. Es lo mismo para todos los equipos y tenemos que aceptarlo y trabajar con lo que tenemos. Reaccionamos al momento y no pudimos hacer nada m\u00e1s que estar preparados. <\/em><\/p>\n<p><em>Ahora vamos a Malasia, donde nuestro objetivo, como siempre, ser\u00e1 intentar conseguir el mejor resultado posible en carrera, que es ganar. Sabemos que nuestros rivales son r\u00e1pidos, pero Marc lo intentar\u00e1 otra vez.<\/em><\/p>\n<p><strong>[P] El campeonato por equipos todav\u00eda est\u00e1 abierto y con un solo punto de diferencia.<\/p>\n<p><em>[R] <\/strong>Este a\u00f1o, el t\u00edtulo est\u00e1 dif\u00edcil. Estar\u00eda bien ganar los tres campeonatos, la triple corona, para todo el equipo Repsol Honda. Marc se est\u00e1 esforzando mucho para conseguirlo y ser\u00eda incre\u00edble si ganamos este Mundial en una temporada con estas circunstancias.<\/em><\/p>\n<p>\n            \u00a1Destacamos!\n    <\/p>\n<h2>\n            \u00a1Consigue premios con Pelouse Map!        <\/h2>\n<p>\u00a1Celebra los <strong>50 a\u00f1os de Repsol<\/strong> en el mundo del motor! y podr\u00e1s conseguir una moto del Equipo Repsol<\/p>\n<p>        <img decoding=\"async\" src=\"https:\/\/bxrepsol.s3.eu-west-1.amazonaws.com\/static\/2022\/08\/05065829\/pelouse-map-dest-noticia-1.jpg\" alt=\"\u00a1\u00danete a Pelouse Map!\"><\/p>\n","protected":false},"excerpt":{"rendered":"<p>La victoria de Marc M\u00e1rquez en el Gran Premio de Australia fue para Alberto Puig fruto de la estrategia y el tes\u00f3n del piloto del equipo Repsol Honda.<\/p>\n","protected":false},"author":43146,"featured_media":63025,"comment_status":"open","ping_status":"open","sticky":false,"template":"","format":"standard","meta":{"footnotes":""},"categories":[4],"tags":[190,139],"class_list":["post-94237","post","type-post","status-publish","format-standard","hentry","category-motogp","tag-190","tag-motogp-australia"],"yoast_head":"<!-- This site is optimized with the Yoast SEO plugin v27.3 - https:\/\/yoast.com\/product\/yoast-seo-wordpress\/ -->\n<title>Alberto Puig GP Australia 2019 - \u201cNuestro piloto estuvo superconcentrado y no se rindi\u00f3\u201d<\/title>\n<meta name=\"description\" content=\"La victoria de Marc M\u00e1rquez en el Gran Premio de Australia fue para Alberto Puig fruto de la estrategia y el tes\u00f3n del piloto del equipo Repsol Honda.\" \/>\n<link rel=\"canonical\" href=\"https:\/\/www.boxrepsol.com\/es\/motogp\/alberto-puig-piloto-estuvo-superconcentrado-no-se-rindio\/\" \/>\n<meta property=\"og:locale\" content=\"es_ES\" \/>\n<meta property=\"og:type\" content=\"article\" \/>\n<meta property=\"og:title\" content=\"Alberto Puig GP Australia 2019 - \u201cNuestro piloto estuvo superconcentrado y no se rindi\u00f3\u201d\" \/>\n<meta property=\"og:description\" content=\"La victoria de Marc M\u00e1rquez en el Gran Premio de Australia fue para Alberto Puig fruto de la estrategia y el tes\u00f3n del piloto del equipo Repsol Honda.\" \/>\n<meta property=\"og:url\" content=\"https:\/\/www.boxrepsol.com\/es\/motogp\/alberto-puig-piloto-estuvo-superconcentrado-no-se-rindio\/\" \/>\n<meta property=\"og:site_name\" content=\"Box Repsol\" \/>\n<meta property=\"article:publisher\" content=\"https:\/\/www.facebook.com\/BoxRepsol\" \/>\n<meta property=\"article:author\" content=\"https:\/\/www.facebook.com\/BoxRepsol\/\" \/>\n<meta property=\"article:published_time\" content=\"2019-10-29T02:00:00+00:00\" \/>\n<meta property=\"article:modified_time\" content=\"2024-04-25T09:05:07+00:00\" \/>\n<meta property=\"og:image\" content=\"https:\/\/bxrepsol.s3.eu-west-1.amazonaws.com\/static\/2022\/08\/29090651\/00_alberto_puig_santi_hernandez_repsol_honda_motogp1.jpg\" \/>\n\t<meta property=\"og:image:width\" content=\"1280\" \/>\n\t<meta property=\"og:image:height\" content=\"600\" \/>\n\t<meta property=\"og:image:type\" content=\"image\/jpeg\" \/>\n<meta name=\"author\" content=\"Redacci\u00f3n Box Repsol\" \/>\n<meta name=\"twitter:card\" content=\"summary_large_image\" \/>\n<meta name=\"twitter:creator\" content=\"@https:\/\/twitter.com\/box_repsol\" \/>\n<meta name=\"twitter:site\" content=\"@box_repsol\" \/>\n<meta name=\"twitter:label1\" content=\"Written by\" \/>\n\t<meta name=\"twitter:data1\" content=\"Redacci\u00f3n Box Repsol\" \/>\n\t<meta name=\"twitter:label2\" content=\"Est. reading time\" \/>\n\t<meta name=\"twitter:data2\" content=\"3 minutos\" \/>\n<script type=\"application\/ld+json\" class=\"yoast-schema-graph\">{\"@context\":\"https:\\\/\\\/schema.org\",\"@graph\":[{\"@type\":\"Article\",\"@id\":\"https:\\\/\\\/www.boxrepsol.com\\\/es\\\/motogp\\\/alberto-puig-piloto-estuvo-superconcentrado-no-se-rindio\\\/#article\",\"isPartOf\":{\"@id\":\"https:\\\/\\\/www.boxrepsol.com\\\/es\\\/motogp\\\/alberto-puig-piloto-estuvo-superconcentrado-no-se-rindio\\\/\"},\"author\":{\"name\":\"Redacci\u00f3n Box Repsol\",\"@id\":\"https:\\\/\\\/www.boxrepsol.com\\\/es\\\/#\\\/schema\\\/person\\\/c5c2138f2cca251b0ad92b7086bb60b7\"},\"headline\":\"Alberto Puig: \u201cNuestro piloto estuvo superconcentrado y no se rindi\u00f3\u201d\",\"datePublished\":\"2019-10-29T02:00:00+00:00\",\"dateModified\":\"2024-04-25T09:05:07+00:00\",\"mainEntityOfPage\":{\"@id\":\"https:\\\/\\\/www.boxrepsol.com\\\/es\\\/motogp\\\/alberto-puig-piloto-estuvo-superconcentrado-no-se-rindio\\\/\"},\"wordCount\":586,\"commentCount\":0,\"publisher\":{\"@id\":\"https:\\\/\\\/www.boxrepsol.com\\\/es\\\/#organization\"},\"image\":{\"@id\":\"https:\\\/\\\/www.boxrepsol.com\\\/es\\\/motogp\\\/alberto-puig-piloto-estuvo-superconcentrado-no-se-rindio\\\/#primaryimage\"},\"thumbnailUrl\":\"https:\\\/\\\/bxrepsol.s3.eu-west-1.amazonaws.com\\\/static\\\/2022\\\/08\\\/29090651\\\/00_alberto_puig_santi_hernandez_repsol_honda_motogp1.jpg\",\"keywords\":[\"2019\",\"MotoGP Australia\"],\"articleSection\":[\"MotoGP\"],\"inLanguage\":\"es\",\"potentialAction\":[{\"@type\":\"CommentAction\",\"name\":\"Comment\",\"target\":[\"https:\\\/\\\/www.boxrepsol.com\\\/es\\\/motogp\\\/alberto-puig-piloto-estuvo-superconcentrado-no-se-rindio\\\/#respond\"]}]},{\"@type\":\"WebPage\",\"@id\":\"https:\\\/\\\/www.boxrepsol.com\\\/es\\\/motogp\\\/alberto-puig-piloto-estuvo-superconcentrado-no-se-rindio\\\/\",\"url\":\"https:\\\/\\\/www.boxrepsol.com\\\/es\\\/motogp\\\/alberto-puig-piloto-estuvo-superconcentrado-no-se-rindio\\\/\",\"name\":\"Alberto Puig GP Australia 2019 - \u201cNuestro piloto estuvo superconcentrado y no se rindi\u00f3\u201d\",\"isPartOf\":{\"@id\":\"https:\\\/\\\/www.boxrepsol.com\\\/es\\\/#website\"},\"primaryImageOfPage\":{\"@id\":\"https:\\\/\\\/www.boxrepsol.com\\\/es\\\/motogp\\\/alberto-puig-piloto-estuvo-superconcentrado-no-se-rindio\\\/#primaryimage\"},\"image\":{\"@id\":\"https:\\\/\\\/www.boxrepsol.com\\\/es\\\/motogp\\\/alberto-puig-piloto-estuvo-superconcentrado-no-se-rindio\\\/#primaryimage\"},\"thumbnailUrl\":\"https:\\\/\\\/bxrepsol.s3.eu-west-1.amazonaws.com\\\/static\\\/2022\\\/08\\\/29090651\\\/00_alberto_puig_santi_hernandez_repsol_honda_motogp1.jpg\",\"datePublished\":\"2019-10-29T02:00:00+00:00\",\"dateModified\":\"2024-04-25T09:05:07+00:00\",\"description\":\"La victoria de Marc M\u00e1rquez en el Gran Premio de Australia fue para Alberto Puig fruto de la estrategia y el tes\u00f3n del piloto del equipo Repsol Honda.\",\"breadcrumb\":{\"@id\":\"https:\\\/\\\/www.boxrepsol.com\\\/es\\\/motogp\\\/alberto-puig-piloto-estuvo-superconcentrado-no-se-rindio\\\/#breadcrumb\"},\"inLanguage\":\"es\",\"potentialAction\":[{\"@type\":\"ReadAction\",\"target\":[\"https:\\\/\\\/www.boxrepsol.com\\\/es\\\/motogp\\\/alberto-puig-piloto-estuvo-superconcentrado-no-se-rindio\\\/\"]}]},{\"@type\":\"ImageObject\",\"inLanguage\":\"es\",\"@id\":\"https:\\\/\\\/www.boxrepsol.com\\\/es\\\/motogp\\\/alberto-puig-piloto-estuvo-superconcentrado-no-se-rindio\\\/#primaryimage\",\"url\":\"https:\\\/\\\/bxrepsol.s3.eu-west-1.amazonaws.com\\\/static\\\/2022\\\/08\\\/29090651\\\/00_alberto_puig_santi_hernandez_repsol_honda_motogp1.jpg\",\"contentUrl\":\"https:\\\/\\\/bxrepsol.s3.eu-west-1.amazonaws.com\\\/static\\\/2022\\\/08\\\/29090651\\\/00_alberto_puig_santi_hernandez_repsol_honda_motogp1.jpg\",\"width\":1280,\"height\":600,\"caption\":\"Alberto Puig y Santi Hern\u00e1ndez hablando en el Box de Repsol Honda\"},{\"@type\":\"BreadcrumbList\",\"@id\":\"https:\\\/\\\/www.boxrepsol.com\\\/es\\\/motogp\\\/alberto-puig-piloto-estuvo-superconcentrado-no-se-rindio\\\/#breadcrumb\",\"itemListElement\":[{\"@type\":\"ListItem\",\"position\":1,\"name\":\"Home\",\"item\":\"https:\\\/\\\/www.boxrepsol.com\\\/es\\\/\"},{\"@type\":\"ListItem\",\"position\":2,\"name\":\"Alberto Puig: \u201cNuestro piloto estuvo superconcentrado y no se rindi\u00f3\u201d\"}]},{\"@type\":\"WebSite\",\"@id\":\"https:\\\/\\\/www.boxrepsol.com\\\/es\\\/#website\",\"url\":\"https:\\\/\\\/www.boxrepsol.com\\\/es\\\/\",\"name\":\"Box Repsol\",\"description\":\"Box Repsol Site\",\"publisher\":{\"@id\":\"https:\\\/\\\/www.boxrepsol.com\\\/es\\\/#organization\"},\"potentialAction\":[{\"@type\":\"SearchAction\",\"target\":{\"@type\":\"EntryPoint\",\"urlTemplate\":\"https:\\\/\\\/www.boxrepsol.com\\\/es\\\/?s={search_term_string}\"},\"query-input\":{\"@type\":\"PropertyValueSpecification\",\"valueRequired\":true,\"valueName\":\"search_term_string\"}}],\"inLanguage\":\"es\"},{\"@type\":\"Organization\",\"@id\":\"https:\\\/\\\/www.boxrepsol.com\\\/es\\\/#organization\",\"name\":\"Box Repsol\",\"url\":\"https:\\\/\\\/www.boxrepsol.com\\\/es\\\/\",\"logo\":{\"@type\":\"ImageObject\",\"inLanguage\":\"es\",\"@id\":\"https:\\\/\\\/www.boxrepsol.com\\\/es\\\/#\\\/schema\\\/logo\\\/image\\\/\",\"url\":\"https:\\\/\\\/bxrepsol.s3.eu-west-1.amazonaws.com\\\/static\\\/2025\\\/07\\\/30083337\\\/favicon-96x96-1.png\",\"contentUrl\":\"https:\\\/\\\/bxrepsol.s3.eu-west-1.amazonaws.com\\\/static\\\/2025\\\/07\\\/30083337\\\/favicon-96x96-1.png\",\"width\":96,\"height\":96,\"caption\":\"Box Repsol\"},\"image\":{\"@id\":\"https:\\\/\\\/www.boxrepsol.com\\\/es\\\/#\\\/schema\\\/logo\\\/image\\\/\"},\"sameAs\":[\"https:\\\/\\\/www.facebook.com\\\/BoxRepsol\",\"https:\\\/\\\/x.com\\\/box_repsol\",\"http:\\\/\\\/instagram.com\\\/box_repsol\",\"https:\\\/\\\/www.youtube.com\\\/user\\\/RepsolCompeticion\",\"https:\\\/\\\/www.flickr.com\\\/photos\\\/box_repsol\\\/\"]},{\"@type\":\"Person\",\"@id\":\"https:\\\/\\\/www.boxrepsol.com\\\/es\\\/#\\\/schema\\\/person\\\/c5c2138f2cca251b0ad92b7086bb60b7\",\"name\":\"Redacci\u00f3n Box Repsol\",\"image\":{\"@type\":\"ImageObject\",\"inLanguage\":\"es\",\"@id\":\"https:\\\/\\\/secure.gravatar.com\\\/avatar\\\/adf7b77e38b4419baf32c7e9c21dde01f4e40df611f0978e3006fc4ba0aaab7e?s=96&d=mm&r=g\",\"url\":\"https:\\\/\\\/secure.gravatar.com\\\/avatar\\\/adf7b77e38b4419baf32c7e9c21dde01f4e40df611f0978e3006fc4ba0aaab7e?s=96&d=mm&r=g\",\"contentUrl\":\"https:\\\/\\\/secure.gravatar.com\\\/avatar\\\/adf7b77e38b4419baf32c7e9c21dde01f4e40df611f0978e3006fc4ba0aaab7e?s=96&d=mm&r=g\",\"caption\":\"Redacci\u00f3n Box Repsol\"},\"description\":\"Box Repsol lo forma un equipo de periodistas, community managers, dise\u00f1adores y fot\u00f3grafos con m\u00e1s de 20 a\u00f1os de experiencia en el mundo del motorsport. Hemos vivido el primer mundial de un espa\u00f1ol en la categor\u00eda reina de motociclismo con \u00c1lex Crivill\u00e9, estuvimos en las victorias de Pedrosa y los t\u00edtulos de M\u00e1rquez, acompa\u00f1amos en \u00c1frica a Nani Roma y Marc Coma en sus conquistas del Dakar y hemos vibrado con los t\u00edtulos de Toni Bou en Trial. Adem\u00e1s, en nuestro equipo contamos con expertos en el mundo de las dos y cuatro ruedas tanto de la calle y las carreteras, como de los circuitos. Periodistas que han trabajado en revistas y publicaciones para hacerte llegar desde rutas y consejos de mantenimiento, a curiosidades y trucos de pilotaje.\",\"sameAs\":[\"https:\\\/\\\/www.facebook.com\\\/BoxRepsol\\\/\",\"https:\\\/\\\/www.instagram.com\\\/box_repsol\\\/\",\"https:\\\/\\\/x.com\\\/https:\\\/\\\/twitter.com\\\/box_repsol\",\"https:\\\/\\\/www.youtube.com\\\/@Boxrepsol\"],\"url\":\"https:\\\/\\\/www.boxrepsol.com\\\/es\\\/author\\\/redaccion-box-repsol\\\/\"}]}<\/script>\n<!-- \/ Yoast SEO plugin. -->","yoast_head_json":{"title":"Alberto Puig GP Australia 2019 - \u201cNuestro piloto estuvo superconcentrado y no se rindi\u00f3\u201d","description":"La victoria de Marc M\u00e1rquez en el Gran Premio de Australia fue para Alberto Puig fruto de la estrategia y el tes\u00f3n del piloto del equipo Repsol Honda.","canonical":"https:\/\/www.boxrepsol.com\/es\/motogp\/alberto-puig-piloto-estuvo-superconcentrado-no-se-rindio\/","og_locale":"es_ES","og_type":"article","og_title":"Alberto Puig GP Australia 2019 - \u201cNuestro piloto estuvo superconcentrado y no se rindi\u00f3\u201d","og_description":"La victoria de Marc M\u00e1rquez en el Gran Premio de Australia fue para Alberto Puig fruto de la estrategia y el tes\u00f3n del piloto del equipo Repsol Honda.","og_url":"https:\/\/www.boxrepsol.com\/es\/motogp\/alberto-puig-piloto-estuvo-superconcentrado-no-se-rindio\/","og_site_name":"Box Repsol","article_publisher":"https:\/\/www.facebook.com\/BoxRepsol","article_author":"https:\/\/www.facebook.com\/BoxRepsol\/","article_published_time":"2019-10-29T02:00:00+00:00","article_modified_time":"2024-04-25T09:05:07+00:00","og_image":[{"width":1280,"height":600,"url":"https:\/\/bxrepsol.s3.eu-west-1.amazonaws.com\/static\/2022\/08\/29090651\/00_alberto_puig_santi_hernandez_repsol_honda_motogp1.jpg","type":"image\/jpeg"}],"author":"Redacci\u00f3n Box Repsol","twitter_card":"summary_large_image","twitter_creator":"@https:\/\/twitter.com\/box_repsol","twitter_site":"@box_repsol","twitter_misc":{"Written by":"Redacci\u00f3n Box Repsol","Est. reading time":"3 minutos"},"schema":{"@context":"https:\/\/schema.org","@graph":[{"@type":"Article","@id":"https:\/\/www.boxrepsol.com\/es\/motogp\/alberto-puig-piloto-estuvo-superconcentrado-no-se-rindio\/#article","isPartOf":{"@id":"https:\/\/www.boxrepsol.com\/es\/motogp\/alberto-puig-piloto-estuvo-superconcentrado-no-se-rindio\/"},"author":{"name":"Redacci\u00f3n Box Repsol","@id":"https:\/\/www.boxrepsol.com\/es\/#\/schema\/person\/c5c2138f2cca251b0ad92b7086bb60b7"},"headline":"Alberto Puig: \u201cNuestro piloto estuvo superconcentrado y no se rindi\u00f3\u201d","datePublished":"2019-10-29T02:00:00+00:00","dateModified":"2024-04-25T09:05:07+00:00","mainEntityOfPage":{"@id":"https:\/\/www.boxrepsol.com\/es\/motogp\/alberto-puig-piloto-estuvo-superconcentrado-no-se-rindio\/"},"wordCount":586,"commentCount":0,"publisher":{"@id":"https:\/\/www.boxrepsol.com\/es\/#organization"},"image":{"@id":"https:\/\/www.boxrepsol.com\/es\/motogp\/alberto-puig-piloto-estuvo-superconcentrado-no-se-rindio\/#primaryimage"},"thumbnailUrl":"https:\/\/bxrepsol.s3.eu-west-1.amazonaws.com\/static\/2022\/08\/29090651\/00_alberto_puig_santi_hernandez_repsol_honda_motogp1.jpg","keywords":["2019","MotoGP Australia"],"articleSection":["MotoGP"],"inLanguage":"es","potentialAction":[{"@type":"CommentAction","name":"Comment","target":["https:\/\/www.boxrepsol.com\/es\/motogp\/alberto-puig-piloto-estuvo-superconcentrado-no-se-rindio\/#respond"]}]},{"@type":"WebPage","@id":"https:\/\/www.boxrepsol.com\/es\/motogp\/alberto-puig-piloto-estuvo-superconcentrado-no-se-rindio\/","url":"https:\/\/www.boxrepsol.com\/es\/motogp\/alberto-puig-piloto-estuvo-superconcentrado-no-se-rindio\/","name":"Alberto Puig GP Australia 2019 - \u201cNuestro piloto estuvo superconcentrado y no se rindi\u00f3\u201d","isPartOf":{"@id":"https:\/\/www.boxrepsol.com\/es\/#website"},"primaryImageOfPage":{"@id":"https:\/\/www.boxrepsol.com\/es\/motogp\/alberto-puig-piloto-estuvo-superconcentrado-no-se-rindio\/#primaryimage"},"image":{"@id":"https:\/\/www.boxrepsol.com\/es\/motogp\/alberto-puig-piloto-estuvo-superconcentrado-no-se-rindio\/#primaryimage"},"thumbnailUrl":"https:\/\/bxrepsol.s3.eu-west-1.amazonaws.com\/static\/2022\/08\/29090651\/00_alberto_puig_santi_hernandez_repsol_honda_motogp1.jpg","datePublished":"2019-10-29T02:00:00+00:00","dateModified":"2024-04-25T09:05:07+00:00","description":"La victoria de Marc M\u00e1rquez en el Gran Premio de Australia fue para Alberto Puig fruto de la estrategia y el tes\u00f3n del piloto del equipo Repsol Honda.","breadcrumb":{"@id":"https:\/\/www.boxrepsol.com\/es\/motogp\/alberto-puig-piloto-estuvo-superconcentrado-no-se-rindio\/#breadcrumb"},"inLanguage":"es","potentialAction":[{"@type":"ReadAction","target":["https:\/\/www.boxrepsol.com\/es\/motogp\/alberto-puig-piloto-estuvo-superconcentrado-no-se-rindio\/"]}]},{"@type":"ImageObject","inLanguage":"es","@id":"https:\/\/www.boxrepsol.com\/es\/motogp\/alberto-puig-piloto-estuvo-superconcentrado-no-se-rindio\/#primaryimage","url":"https:\/\/bxrepsol.s3.eu-west-1.amazonaws.com\/static\/2022\/08\/29090651\/00_alberto_puig_santi_hernandez_repsol_honda_motogp1.jpg","contentUrl":"https:\/\/bxrepsol.s3.eu-west-1.amazonaws.com\/static\/2022\/08\/29090651\/00_alberto_puig_santi_hernandez_repsol_honda_motogp1.jpg","width":1280,"height":600,"caption":"Alberto Puig y Santi Hern\u00e1ndez hablando en el Box de Repsol Honda"},{"@type":"BreadcrumbList","@id":"https:\/\/www.boxrepsol.com\/es\/motogp\/alberto-puig-piloto-estuvo-superconcentrado-no-se-rindio\/#breadcrumb","itemListElement":[{"@type":"ListItem","position":1,"name":"Home","item":"https:\/\/www.boxrepsol.com\/es\/"},{"@type":"ListItem","position":2,"name":"Alberto Puig: \u201cNuestro piloto estuvo superconcentrado y no se rindi\u00f3\u201d"}]},{"@type":"WebSite","@id":"https:\/\/www.boxrepsol.com\/es\/#website","url":"https:\/\/www.boxrepsol.com\/es\/","name":"Box Repsol","description":"Box Repsol Site","publisher":{"@id":"https:\/\/www.boxrepsol.com\/es\/#organization"},"potentialAction":[{"@type":"SearchAction","target":{"@type":"EntryPoint","urlTemplate":"https:\/\/www.boxrepsol.com\/es\/?s={search_term_string}"},"query-input":{"@type":"PropertyValueSpecification","valueRequired":true,"valueName":"search_term_string"}}],"inLanguage":"es"},{"@type":"Organization","@id":"https:\/\/www.boxrepsol.com\/es\/#organization","name":"Box Repsol","url":"https:\/\/www.boxrepsol.com\/es\/","logo":{"@type":"ImageObject","inLanguage":"es","@id":"https:\/\/www.boxrepsol.com\/es\/#\/schema\/logo\/image\/","url":"https:\/\/bxrepsol.s3.eu-west-1.amazonaws.com\/static\/2025\/07\/30083337\/favicon-96x96-1.png","contentUrl":"https:\/\/bxrepsol.s3.eu-west-1.amazonaws.com\/static\/2025\/07\/30083337\/favicon-96x96-1.png","width":96,"height":96,"caption":"Box Repsol"},"image":{"@id":"https:\/\/www.boxrepsol.com\/es\/#\/schema\/logo\/image\/"},"sameAs":["https:\/\/www.facebook.com\/BoxRepsol","https:\/\/x.com\/box_repsol","http:\/\/instagram.com\/box_repsol","https:\/\/www.youtube.com\/user\/RepsolCompeticion","https:\/\/www.flickr.com\/photos\/box_repsol\/"]},{"@type":"Person","@id":"https:\/\/www.boxrepsol.com\/es\/#\/schema\/person\/c5c2138f2cca251b0ad92b7086bb60b7","name":"Redacci\u00f3n Box Repsol","image":{"@type":"ImageObject","inLanguage":"es","@id":"https:\/\/secure.gravatar.com\/avatar\/adf7b77e38b4419baf32c7e9c21dde01f4e40df611f0978e3006fc4ba0aaab7e?s=96&d=mm&r=g","url":"https:\/\/secure.gravatar.com\/avatar\/adf7b77e38b4419baf32c7e9c21dde01f4e40df611f0978e3006fc4ba0aaab7e?s=96&d=mm&r=g","contentUrl":"https:\/\/secure.gravatar.com\/avatar\/adf7b77e38b4419baf32c7e9c21dde01f4e40df611f0978e3006fc4ba0aaab7e?s=96&d=mm&r=g","caption":"Redacci\u00f3n Box Repsol"},"description":"Box Repsol lo forma un equipo de periodistas, community managers, dise\u00f1adores y fot\u00f3grafos con m\u00e1s de 20 a\u00f1os de experiencia en el mundo del motorsport. Hemos vivido el primer mundial de un espa\u00f1ol en la categor\u00eda reina de motociclismo con \u00c1lex Crivill\u00e9, estuvimos en las victorias de Pedrosa y los t\u00edtulos de M\u00e1rquez, acompa\u00f1amos en \u00c1frica a Nani Roma y Marc Coma en sus conquistas del Dakar y hemos vibrado con los t\u00edtulos de Toni Bou en Trial. Adem\u00e1s, en nuestro equipo contamos con expertos en el mundo de las dos y cuatro ruedas tanto de la calle y las carreteras, como de los circuitos. Periodistas que han trabajado en revistas y publicaciones para hacerte llegar desde rutas y consejos de mantenimiento, a curiosidades y trucos de pilotaje.","sameAs":["https:\/\/www.facebook.com\/BoxRepsol\/","https:\/\/www.instagram.com\/box_repsol\/","https:\/\/x.com\/https:\/\/twitter.com\/box_repsol","https:\/\/www.youtube.com\/@Boxrepsol"],"url":"https:\/\/www.boxrepsol.com\/es\/author\/redaccion-box-repsol\/"}]}},"_links":{"self":[{"href":"https:\/\/www.boxrepsol.com\/es\/wp-json\/wp\/v2\/posts\/94237","targetHints":{"allow":["GET"]}}],"collection":[{"href":"https:\/\/www.boxrepsol.com\/es\/wp-json\/wp\/v2\/posts"}],"about":[{"href":"https:\/\/www.boxrepsol.com\/es\/wp-json\/wp\/v2\/types\/post"}],"author":[{"embeddable":true,"href":"https:\/\/www.boxrepsol.com\/es\/wp-json\/wp\/v2\/users\/43146"}],"replies":[{"embeddable":true,"href":"https:\/\/www.boxrepsol.com\/es\/wp-json\/wp\/v2\/comments?post=94237"}],"version-history":[{"count":2,"href":"https:\/\/www.boxrepsol.com\/es\/wp-json\/wp\/v2\/posts\/94237\/revisions"}],"predecessor-version":[{"id":105726,"href":"https:\/\/www.boxrepsol.com\/es\/wp-json\/wp\/v2\/posts\/94237\/revisions\/105726"}],"wp:featuredmedia":[{"embeddable":true,"href":"https:\/\/www.boxrepsol.com\/es\/wp-json\/wp\/v2\/media\/63025"}],"wp:attachment":[{"href":"https:\/\/www.boxrepsol.com\/es\/wp-json\/wp\/v2\/media?parent=94237"}],"wp:term":[{"taxonomy":"category","embeddable":true,"href":"https:\/\/www.boxrepsol.com\/es\/wp-json\/wp\/v2\/categories?post=94237"},{"taxonomy":"post_tag","embeddable":true,"href":"https:\/\/www.boxrepsol.com\/es\/wp-json\/wp\/v2\/tags?post=94237"}],"curies":[{"name":"wp","href":"https:\/\/api.w.org\/{rel}","templated":true}]}}